{"id":236490,"date":"2021-10-11T11:48:19","date_gmt":"2021-10-11T09:48:19","guid":{"rendered":"https:\/\/www.radiopiu.net\/wordpress\/?p=236490"},"modified":"2021-10-12T06:19:47","modified_gmt":"2021-10-12T04:19:47","slug":"comprensorio-belluno-alpina-volontari-al-lavoro-per-riaprire-i-sentieri","status":"publish","type":"post","link":"https:\/\/www.radiopiu.net\/wordpress\/comprensorio-belluno-alpina-volontari-al-lavoro-per-riaprire-i-sentieri\/","title":{"rendered":"COMPRENSORIO BELLUNO ALPINA, VOLONTARI AL LAVORO PER RIAPRIRE I SENTIERI"},"content":{"rendered":"<p><strong>BELLUNO <\/strong>A tre anni dal passaggio di Vaia, \u00e8 stato riaperto il sentiero che collega Tassei a Casera Valpiana: l&#8217;annuncio \u00e8 di Belluno Alpina che ringrazia i volontari \u2013 presente e operativo anche il vicepresidente Rodolfo De Min &#8211; che hanno permesso la riapertura e che torna ad insistere per la creazione di un consorzio forestale. \u201c<em>Abitanti e volontari di Tassei e Piandelmonte si impegnano tantissimo per la pulizia dei sentieri e dei boschi, e di questo li ringraziamo, ma i chilometri da pulire tra sentieri e strade boschive sono tantissimi. Ci si rende quindi conto che i volontari non possono fare di pi\u00f9 di quel che gi\u00e0 fanno: quando si va per sentieri, la sensazione di abbandono della foresta \u00e8 grande, si vede quella grande risorsa che \u00e8 il bosco marcire, si passa su strade realizzate negli anni &#8217;90 ormai deformate e interrotte. \u00c8 indispensabile intercettare fondi e iniziare una nuova era dedicata alla \u201crisorsa bosco\u201d con la relativa filiera di lavorazione e produzione, come ad esempio un centro di produzione di lagno lamellare. Per questo \u00e8 urgente unire le forze tra i comuni del nostro comprensorio e creare quel consorzio forestale pubblico-privato che si occupi della gestione forestale con un sede e una squadra operativa in loco che sia attiva tutti i giorni sopra quota 600 metri<\/em>\u201d, spiegano dall&#8217;associazione. \u201c<em>Abbiamo letto in questi giorni della volont\u00e0 e interesse di Veneto Agricoltura, braccio operativo della Regione in questo settore, di aprire con supporti concreti alla nascita di questa realt\u00e0, e speriamo che sia un messaggio che i nostri quattro comuni colgano con decisione<\/em>\u201d. Belluno Alpina sottolinea poi il crescente interesse verso le tematiche ambientali, che portano paesi e borghi in quota a lavorare per migliorare la qualit\u00e0 della vita anche attraverso manutenzioni e progetti di coesione sociale.<\/p>\n\n\t\t\t<style type='text\/css'>\n\t\t\t\t#gallery-1 {\n\t\t\t\t\tmargin: auto;\n\t\t\t\t}\n\t\t\t\t#gallery-1 .gallery-item {\n\t\t\t\t\tfloat: left;\n\t\t\t\t\tmargin-top: 10px;\n\t\t\t\t\ttext-align: center;\n\t\t\t\t\twidth: 50%;\n\t\t\t\t}\n\t\t\t\t#gallery-1 img {\n\t\t\t\t\tborder: 2px solid #cfcfcf;\n\t\t\t\t}\n\t\t\t\t#gallery-1 .gallery-caption {\n\t\t\t\t\tmargin-left: 0;\n\t\t\t\t}\n\t\t\t\t\/* see gallery_shortcode() in wp-includes\/media.php *\/\n\t\t\t<\/style>\n\t\t<div id='gallery-1' class='dt-gallery-container gallery galleryid-236490 gallery-columns-2 gallery-size-medium'><dl class='gallery-item'>\n\t\t\t\t<dt class='gallery-icon portrait'>\n\t\t\t\t\t<a class=\"rollover rollover-zoom dt-pswp-item\" title=\"sentiero tassei casera valpiana (1)\" data-dt-img-description=\"\" data-large_image_width=\"1200\" data-large_image_height=\"1600\"href='https:\/\/www.radiopiu.net\/wordpress\/wp-content\/uploads\/2021\/10\/sentiero-tassei-casera-valpiana-1.jpeg'><img loading=\"lazy\" decoding=\"async\" width=\"225\" height=\"300\" src=\"https:\/\/www.radiopiu.net\/wordpress\/wp-content\/uploads\/2021\/10\/sentiero-tassei-casera-valpiana-1-225x300.jpeg\" class=\"attachment-medium size-medium\" alt=\"\" srcset=\"https:\/\/www.radiopiu.net\/wordpress\/wp-content\/uploads\/2021\/10\/sentiero-tassei-casera-valpiana-1-225x300.jpeg 225w, https:\/\/www.radiopiu.net\/wordpress\/wp-content\/uploads\/2021\/10\/sentiero-tassei-casera-valpiana-1-768x1024.jpeg 768w, https:\/\/www.radiopiu.net\/wordpress\/wp-content\/uploads\/2021\/10\/sentiero-tassei-casera-valpiana-1-1152x1536.jpeg 1152w, https:\/\/www.radiopiu.net\/wordpress\/wp-content\/uploads\/2021\/10\/sentiero-tassei-casera-valpiana-1.jpeg 1200w\" sizes=\"auto, (max-width: 225px) 100vw, 225px\" \/><\/a>\n\t\t\t\t<\/dt><\/dl><dl class='gallery-item'>\n\t\t\t\t<dt class='gallery-icon landscape'>\n\t\t\t\t\t<a class=\"rollover rollover-zoom dt-pswp-item\" title=\"sentiero tassei casera valpiana (2)\" data-dt-img-description=\"\" data-large_image_width=\"1600\" data-large_image_height=\"1200\"href='https:\/\/www.radiopiu.net\/wordpress\/wp-content\/uploads\/2021\/10\/sentiero-tassei-casera-valpiana-2.jpeg'><img loading=\"lazy\" decoding=\"async\" width=\"300\" height=\"225\" src=\"https:\/\/www.radiopiu.net\/wordpress\/wp-content\/uploads\/2021\/10\/sentiero-tassei-casera-valpiana-2-300x225.jpeg\" class=\"attachment-medium size-medium\" alt=\"\" srcset=\"https:\/\/www.radiopiu.net\/wordpress\/wp-content\/uploads\/2021\/10\/sentiero-tassei-casera-valpiana-2-300x225.jpeg 300w, https:\/\/www.radiopiu.net\/wordpress\/wp-content\/uploads\/2021\/10\/sentiero-tassei-casera-valpiana-2-1024x768.jpeg 1024w, https:\/\/www.radiopiu.net\/wordpress\/wp-content\/uploads\/2021\/10\/sentiero-tassei-casera-valpiana-2-768x576.jpeg 768w, https:\/\/www.radiopiu.net\/wordpress\/wp-content\/uploads\/2021\/10\/sentiero-tassei-casera-valpiana-2-1536x1152.jpeg 1536w, https:\/\/www.radiopiu.net\/wordpress\/wp-content\/uploads\/2021\/10\/sentiero-tassei-casera-valpiana-2.jpeg 1600w\" sizes=\"auto, (max-width: 300px) 100vw, 300px\" \/><\/a>\n\t\t\t\t<\/dt><\/dl><br style=\"clear: both\" \/>\n\t\t\t<\/div>\n\n<p>&nbsp;<\/p>\n<p>&nbsp;<\/p>\n<p>****<\/p>\n","protected":false},"excerpt":{"rendered":"<p>BELLUNO A tre anni dal passaggio di Vaia, \u00e8 stato riaperto il sentiero che collega Tassei a Casera Valpiana: l&#8217;annuncio \u00e8 di Belluno Alpina che ringrazia i volontari \u2013 presente e operativo anche il vicepresidente Rodolfo De Min &#8211; che hanno permesso la riapertura e che torna ad insistere per la creazione di un consorzio&hellip;<\/p>\n","protected":false},"author":4,"featured_media":236506,"comment_status":"closed","ping_status":"open","sticky":false,"template":"","format":"standard","meta":{"_monsterinsights_skip_tracking":false,"_monsterinsights_sitenote_active":false,"_monsterinsights_sitenote_note":"","_monsterinsights_sitenote_category":0,"footnotes":""},"categories":[51,49],"tags":[],"class_list":["post-236490","post","type-post","status-publish","format-standard","has-post-thumbnail","hentry","category-evidenza-top","category-news-18","category-51","category-49","description-off"],"img_url":"https:\/\/www.radiopiu.net\/wordpress\/wp-content\/uploads\/2021\/10\/sentiero-tassei-casera-valpiana-2.jpeg","_links":{"self":[{"href":"https:\/\/www.radiopiu.net\/wordpress\/wp-json\/wp\/v2\/posts\/236490","targetHints":{"allow":["GET"]}}],"collection":[{"href":"https:\/\/www.radiopiu.net\/wordpress\/wp-json\/wp\/v2\/posts"}],"about":[{"href":"https:\/\/www.radiopiu.net\/wordpress\/wp-json\/wp\/v2\/types\/post"}],"author":[{"embeddable":true,"href":"https:\/\/www.radiopiu.net\/wordpress\/wp-json\/wp\/v2\/users\/4"}],"replies":[{"embeddable":true,"href":"https:\/\/www.radiopiu.net\/wordpress\/wp-json\/wp\/v2\/comments?post=236490"}],"version-history":[{"count":0,"href":"https:\/\/www.radiopiu.net\/wordpress\/wp-json\/wp\/v2\/posts\/236490\/revisions"}],"wp:featuredmedia":[{"embeddable":true,"href":"https:\/\/www.radiopiu.net\/wordpress\/wp-json\/wp\/v2\/media\/236506"}],"wp:attachment":[{"href":"https:\/\/www.radiopiu.net\/wordpress\/wp-json\/wp\/v2\/media?parent=236490"}],"wp:term":[{"taxonomy":"category","embeddable":true,"href":"https:\/\/www.radiopiu.net\/wordpress\/wp-json\/wp\/v2\/categories?post=236490"},{"taxonomy":"post_tag","embeddable":true,"href":"https:\/\/www.radiopiu.net\/wordpress\/wp-json\/wp\/v2\/tags?post=236490"}],"curies":[{"name":"wp","href":"https:\/\/api.w.org\/{rel}","templated":true}]}}