{"id":236543,"date":"2021-10-11T16:17:04","date_gmt":"2021-10-11T14:17:04","guid":{"rendered":"https:\/\/www.radiopiu.net\/wordpress\/?p=236543"},"modified":"2021-10-12T06:19:10","modified_gmt":"2021-10-12T04:19:10","slug":"silvia-cestaro-nell","status":"publish","type":"post","link":"https:\/\/www.radiopiu.net\/wordpress\/silvia-cestaro-nell\/","title":{"rendered":"SILVIA CESTARO NELLA COMMISSIONE CITTA&#8217; VENETA\u00a0\u00a0DELLA CULTURA"},"content":{"rendered":"<blockquote>\n<h3><\/h3>\n<\/blockquote>\n<p><strong><a href=\"https:\/\/www.radiopiu.net\/wordpress\/lintervista-di-fine-anno-al-presidente-dellunione-montana-agordina-michele-costa\/silvia-cestaro-radio-piu\/\" rel=\"attachment wp-att-182453\"><img loading=\"lazy\" decoding=\"async\" class=\"wp-image-182453 alignleft\" src=\"https:\/\/www.radiopiu.net\/wordpress\/wp-content\/uploads\/2020\/12\/SILVIA-CESTARO-RADIO-PIU-300x300.jpg\" alt=\"\" width=\"148\" height=\"148\" srcset=\"https:\/\/www.radiopiu.net\/wordpress\/wp-content\/uploads\/2020\/12\/SILVIA-CESTARO-RADIO-PIU-300x300.jpg 300w, https:\/\/www.radiopiu.net\/wordpress\/wp-content\/uploads\/2020\/12\/SILVIA-CESTARO-RADIO-PIU-1024x1024.jpg 1024w, https:\/\/www.radiopiu.net\/wordpress\/wp-content\/uploads\/2020\/12\/SILVIA-CESTARO-RADIO-PIU-150x150.jpg 150w, https:\/\/www.radiopiu.net\/wordpress\/wp-content\/uploads\/2020\/12\/SILVIA-CESTARO-RADIO-PIU-768x768.jpg 768w, https:\/\/www.radiopiu.net\/wordpress\/wp-content\/uploads\/2020\/12\/SILVIA-CESTARO-RADIO-PIU-1536x1536.jpg 1536w, https:\/\/www.radiopiu.net\/wordpress\/wp-content\/uploads\/2020\/12\/SILVIA-CESTARO-RADIO-PIU.jpg 2048w\" sizes=\"auto, (max-width: 148px) 100vw, 148px\" \/><\/a>VENEZIA<\/strong> Il consigliere regionale Silvia Cestaro \u00e8 stata scelta per la commissione Citt\u00e0 Veneta della Cultura, tema che gi\u00e0 stava a cuore all&#8217;ex sindaco di Selva di Cadore e che aveva seguito quando si tratt\u00f2 di candidare il Cadore come citt\u00e0 italiana della cultura. Le candidature si apriranno dopo la pubblicazione del bando da parte della Regione e verranno poi vagliate dalla commissione composta da membri della Regione, dell&#8217;Anci e dell&#8217;Unpli.\u00a0 I membri sono stati scelti in modo da rappresentare tutte le province del Veneto<\/p>\n<p><strong>SILVIA CESTARO\u00a0\u00a0<\/strong><\/p>\n<audio class=\"wp-audio-shortcode\" id=\"audio-236543-1\" preload=\"none\" style=\"width: 100%;\" controls=\"controls\"><source type=\"audio\/mpeg\" src=\"https:\/\/www.radiopiu.net\/wordpress\/wp-content\/uploads\/2021\/10\/CESTARO.mp3?_=1\" \/><a href=\"https:\/\/www.radiopiu.net\/wordpress\/wp-content\/uploads\/2021\/10\/CESTARO.mp3\">https:\/\/www.radiopiu.net\/wordpress\/wp-content\/uploads\/2021\/10\/CESTARO.mp3<\/a><\/audio>\n<p>&nbsp;<\/p>\n","protected":false},"excerpt":{"rendered":"<p>VENEZIA Il consigliere regionale Silvia Cestaro \u00e8 stata scelta per la commissione Citt\u00e0 Veneta della Cultura, tema che gi\u00e0 stava a cuore all&#8217;ex sindaco di Selva di Cadore e che aveva seguito quando si tratt\u00f2 di candidare il Cadore come citt\u00e0 italiana della cultura. Le candidature si apriranno dopo la pubblicazione del bando da parte&hellip;<\/p>\n","protected":false},"author":4,"featured_media":214182,"comment_status":"closed","ping_status":"open","sticky":false,"template":"","format":"standard","meta":{"_monsterinsights_skip_tracking":false,"_monsterinsights_sitenote_active":false,"_monsterinsights_sitenote_note":"","_monsterinsights_sitenote_category":0,"footnotes":""},"categories":[51,49],"tags":[],"class_list":["post-236543","post","type-post","status-publish","format-standard","has-post-thumbnail","hentry","category-evidenza-top","category-news-18","category-51","category-49","description-off"],"img_url":"https:\/\/www.radiopiu.net\/wordpress\/wp-content\/uploads\/2021\/06\/Cestaro.jpeg","_links":{"self":[{"href":"https:\/\/www.radiopiu.net\/wordpress\/wp-json\/wp\/v2\/posts\/236543","targetHints":{"allow":["GET"]}}],"collection":[{"href":"https:\/\/www.radiopiu.net\/wordpress\/wp-json\/wp\/v2\/posts"}],"about":[{"href":"https:\/\/www.radiopiu.net\/wordpress\/wp-json\/wp\/v2\/types\/post"}],"author":[{"embeddable":true,"href":"https:\/\/www.radiopiu.net\/wordpress\/wp-json\/wp\/v2\/users\/4"}],"replies":[{"embeddable":true,"href":"https:\/\/www.radiopiu.net\/wordpress\/wp-json\/wp\/v2\/comments?post=236543"}],"version-history":[{"count":0,"href":"https:\/\/www.radiopiu.net\/wordpress\/wp-json\/wp\/v2\/posts\/236543\/revisions"}],"wp:featuredmedia":[{"embeddable":true,"href":"https:\/\/www.radiopiu.net\/wordpress\/wp-json\/wp\/v2\/media\/214182"}],"wp:attachment":[{"href":"https:\/\/www.radiopiu.net\/wordpress\/wp-json\/wp\/v2\/media?parent=236543"}],"wp:term":[{"taxonomy":"category","embeddable":true,"href":"https:\/\/www.radiopiu.net\/wordpress\/wp-json\/wp\/v2\/categories?post=236543"},{"taxonomy":"post_tag","embeddable":true,"href":"https:\/\/www.radiopiu.net\/wordpress\/wp-json\/wp\/v2\/tags?post=236543"}],"curies":[{"name":"wp","href":"https:\/\/api.w.org\/{rel}","templated":true}]}}