{"id":236585,"date":"2021-10-13T05:20:04","date_gmt":"2021-10-13T03:20:04","guid":{"rendered":"https:\/\/www.radiopiu.net\/wordpress\/?p=236585"},"modified":"2021-10-13T11:06:44","modified_gmt":"2021-10-13T09:06:44","slug":"giornale-radiopiu-13-ottobre-2021-direttore-mirko-mezzacasa","status":"publish","type":"post","link":"https:\/\/www.radiopiu.net\/wordpress\/giornale-radiopiu-13-ottobre-2021-direttore-mirko-mezzacasa\/","title":{"rendered":"GIORNALE RADIOPIU 13 OTTOBRE 2021 DIRETTORE MIRKO MEZZACASA"},"content":{"rendered":"<h3 class=\"kvgmc6g5 cxmmr5t8 oygrvhab hcukyx3x c1et5uql\"><span style=\"color: #0000ff;\">\u00a0<\/span><\/h3>\n<h3 class=\"kvgmc6g5 cxmmr5t8 oygrvhab hcukyx3x c1et5uql\"><span style=\"color: #0000ff;\">INFORMAZIONE il canale su TELEGRAM informazione di prima mano e in tempo reale. iscriviti ed aiutaci a farlo conoscere\u00a0 \u00a0<\/span><\/h3>\n<p>&nbsp;<\/p>\n<hr \/>\n<blockquote>\n<h3><span style=\"color: #ff0000;\">LA BELLA NOTIZIA<\/span><\/h3>\n<p><em>La Cooperativa Agordino Latteria di Vallata sabato 23 ottobre alle 10.30 inaugura il nuovo magazzino di stagionatura in via Rosson a Rivamonte Agordino.\u00a0<\/em><\/p><\/blockquote>\n<p>&nbsp;<\/p>\n<p>&nbsp;<\/p>\n<blockquote>\n<h3><strong><span style=\"color: #ff0000;\">E QUELLA MENO BELLA\u00a0<\/span><\/strong><\/h3>\n<\/blockquote>\n<div class=\"page-title-head hgroup\">\n<blockquote>\n<h3 class=\"entry-title\">VENETO, TRA I MIGLIORI VEICOLI PROMOZIONALI PER IL TRENTINO<\/h3>\n<\/blockquote>\n<\/div>\n<p><strong>REDAZIONE<\/strong>\u00a0 La foto scattata poche ore fa all&#8217;aeroporto Catullo di Verona, la porta di accesso alle Dolomiti, un buon\u00a0 accordo di partnership tra Catullo, Societ\u00e0 di gestione dell\u2019aeroporto di Verona, e Provincia autonoma di Trento, finalizzato alla promozione del territorio trentino presso lo scalo scaligero fino a tutto il 2026, l&#8217;anno delle Olimpiadi Milano-Cortina.<\/p>\n<p><a href=\"https:\/\/www.radiopiu.net\/wordpress\/veneto-tra-i-migliori-veicoli-promozionali-per-il-trentino\/a1dc4806-25f1-4c3c-967a-ce8d149a0f8d\/\" rel=\"attachment wp-att-236738\"><img loading=\"lazy\" decoding=\"async\" class=\"alignnone wp-image-236738 size-full\" src=\"https:\/\/www.radiopiu.net\/wordpress\/wp-content\/uploads\/2021\/10\/a1dc4806-25f1-4c3c-967a-ce8d149a0f8d.jpg\" alt=\"\" width=\"720\" height=\"405\" srcset=\"https:\/\/www.radiopiu.net\/wordpress\/wp-content\/uploads\/2021\/10\/a1dc4806-25f1-4c3c-967a-ce8d149a0f8d.jpg 720w, https:\/\/www.radiopiu.net\/wordpress\/wp-content\/uploads\/2021\/10\/a1dc4806-25f1-4c3c-967a-ce8d149a0f8d-300x169.jpg 300w\" sizes=\"auto, (max-width: 720px) 100vw, 720px\" \/><\/a><\/p>\n<p>&nbsp;<\/p>\n<p>&nbsp;<\/p>\n<hr \/>\n<p>&nbsp;<\/p>\n<p>&nbsp;<\/p>\n<h2 style=\"text-align: center;\">203 AGORDINA, OGGI APERTA DA DOMANI NUOVE FASCE ORARIE<\/h2>\n<blockquote>\n<blockquote>\n<blockquote><p><strong><span style=\"color: #ff0000;\">OGGI STRADA APERTA, NON SONO PREVISTI CANTIERI\u00a0<\/span><\/strong><\/p><\/blockquote>\n<blockquote><p><strong><a href=\"https:\/\/www.radiopiu.net\/wordpress\/giornale-radiopiu-13-ottobre-2021-direttore-mirko-mezzacasa\/244408279_4415597191842340_2298226284208979322_n\/\" rel=\"attachment wp-att-236785\"><img loading=\"lazy\" decoding=\"async\" class=\"size-medium wp-image-236785 alignleft\" src=\"https:\/\/www.radiopiu.net\/wordpress\/wp-content\/uploads\/2021\/10\/244408279_4415597191842340_2298226284208979322_n-300x168.jpg\" alt=\"\" width=\"300\" height=\"168\" srcset=\"https:\/\/www.radiopiu.net\/wordpress\/wp-content\/uploads\/2021\/10\/244408279_4415597191842340_2298226284208979322_n-300x168.jpg 300w, https:\/\/www.radiopiu.net\/wordpress\/wp-content\/uploads\/2021\/10\/244408279_4415597191842340_2298226284208979322_n-1024x574.jpg 1024w, https:\/\/www.radiopiu.net\/wordpress\/wp-content\/uploads\/2021\/10\/244408279_4415597191842340_2298226284208979322_n-768x431.jpg 768w, https:\/\/www.radiopiu.net\/wordpress\/wp-content\/uploads\/2021\/10\/244408279_4415597191842340_2298226284208979322_n.jpg 1284w\" sizes=\"auto, (max-width: 300px) 100vw, 300px\" \/><\/a>AGORDO\u00a0 Da domani<\/strong>\u00a0a venerdi 22 ottobre, esclusi sabato 16 e domenica 17,\u00a0 interruzioni temporanee al transito: <strong>dalle 8.45 alle 9.35\u00a0 dalle 9.50 alle 11.15 dalle 11.30 alle 12.30 dalle 14.50 alle 15.10 dalle 15.30 alle 16.05<\/strong><\/p><\/blockquote>\n<p>&nbsp;<\/p>\n<p><span style=\"color: #ff0000;\">CHIUSURE DELLA PROVINCIALE 3 TRA RIVAMONTE E GOSALDO (NON E&#8217; INTERESSATA LA PROVINCIALE DELLA VALLE DEL MIS)<\/span><\/p>\n<h3>Da oggi &#8211; sabato e domenica esclusi &#8211; chiusura a fasce orarie della provinciale 3 di Valle Imperina in Comune di Gosaldo per la messa in sicurezza della strada al chilometro 9.900. Negli altri orari senso unico alternato CHIUSURE: 8 &#8211; 12.45 &#8211; 13.45-16.00 &#8211; 16.30-1800<\/h3>\n<p>&nbsp;<\/p>\n<p><span style=\"color: #ff0000;\">DAL 18 CHIUSURA DELLA REGIONALE DI PASSO DURAN A LA VALLE AGORDINA\u00a0<\/span><\/p>\n<p><strong>SP 347 DURAN E CEREDA dal 18 ottobre al 12 novembre chiusura totale in localit\u00e0 Caleda \u2013 comune di La Valle Agordina \u2013 dalle 8 alle 12 e dalle 13.30 alle 17.30 esclusi sabato e domenica\u00a0<\/strong><\/p><\/blockquote>\n<\/blockquote>\n<p>&nbsp;<\/p>\n<hr \/>\n<p>&nbsp;<\/p>\n<blockquote>\n<blockquote>\n<h2>RACCOLTI 29.000 EURO PER LA NUOVA AUTO DI RICCARDO TEGNER<\/h2>\n<p><em>La macchina nel frattempo\u00a0 stata ordinata,\u00a0 servono i tempi tecnici per attrezzarla a dovere con pedane e spazi adeguati al movimento della carrozzina\u00a0<\/em><\/p><\/blockquote>\n<p><strong><a href=\"https:\/\/www.radiopiu.net\/wordpress\/raccolti-29-000-euro-per-la-nuova-auto-riccardo-tegner\/1626451699105964-locandina-riccardo-4\/\" rel=\"attachment wp-att-235380\"><img loading=\"lazy\" decoding=\"async\" class=\"size-medium wp-image-235380 alignleft\" src=\"https:\/\/www.radiopiu.net\/wordpress\/wp-content\/uploads\/2021\/10\/1626451699105964-locandina-riccardo-300x169.jpg\" alt=\"\" width=\"300\" height=\"169\" srcset=\"https:\/\/www.radiopiu.net\/wordpress\/wp-content\/uploads\/2021\/10\/1626451699105964-locandina-riccardo-300x169.jpg 300w, https:\/\/www.radiopiu.net\/wordpress\/wp-content\/uploads\/2021\/10\/1626451699105964-locandina-riccardo-768x432.jpg 768w, https:\/\/www.radiopiu.net\/wordpress\/wp-content\/uploads\/2021\/10\/1626451699105964-locandina-riccardo.jpg 800w\" sizes=\"auto, (max-width: 300px) 100vw, 300px\" \/><\/a>REDAZIONE<\/strong> Si \u00e8 conclusa da alcuni giorni la raccolta fondi per acquistare una nuova auto a Riccardo Tegner.\u00a0 L&#8217;iniziativa \u00e8 stata appoggiata anche da Radio Pi\u00f9 e nelle ultime ore \u00e8 arrivato il bonifico da Eppela a cui si aggiungono i soldi arrivati direttamente sul conto corrente della famiglia. In totale sono stati raccolti 29.000 euro, di cui quasi 22.000 solo online.<\/p>\n<p>L&#8217;auto che Agostino intende acquistare per Riccardo prevede una spesa di 35mila euro, per questo rimane aperta la possibilit\u00e0 di poter contribuire, non pi\u00f9 su piattaforma eppela, piuttosto sul conto corrente privato della famiglia Tegner.<\/p>\n<blockquote>\n<h3><span style=\"color: #ff0000;\"><em><strong>CHI VOLESSE FARE UNA DONAZIONE DIRETTAMENTE ALLA FAMIGLIA DI RICCARDO LO PUO\u2019 FARE SU QUESTO IBAN INTESTATO ALLA MAMMA ANA MARIA STOIAN:\u00a0<\/strong><\/em><\/span><\/h3>\n<h3><span style=\"color: #ff0000;\"><em><strong>IT40N0760111900000003558144<\/strong><\/em><\/span><\/h3>\n<\/blockquote>\n<p><strong>IL RINGRAZIAMENTO DI AGOSTINO TEGNER, PAPA&#8217; DI RICCARDO<\/strong><\/p><\/blockquote>\n<audio class=\"wp-audio-shortcode\" id=\"audio-236585-1\" preload=\"none\" style=\"width: 100%;\" controls=\"controls\"><source type=\"audio\/mpeg\" src=\"https:\/\/www.radiopiu.net\/wordpress\/wp-content\/uploads\/2021\/10\/TEGNER-.mp3?_=1\" \/><a href=\"https:\/\/www.radiopiu.net\/wordpress\/wp-content\/uploads\/2021\/10\/TEGNER-.mp3\">https:\/\/www.radiopiu.net\/wordpress\/wp-content\/uploads\/2021\/10\/TEGNER-.mp3<\/a><\/audio>\n<p>&nbsp;<\/p>\n<hr \/>\n<p>&nbsp;<\/p>\n<blockquote>\n<h3>CERCATRICE DI FUNGHI SI INFORTUNA A UNA GAMBA<\/h3>\n<\/blockquote>\n<p>&nbsp;<\/p>\n<p><img loading=\"lazy\" decoding=\"async\" class=\"alignleft\" src=\"https:\/\/www.radiopiu.net\/wordpress\/wp-content\/uploads\/2021\/09\/salt_20210927_183518_810.jpg\" width=\"233\" height=\"175\" \/><strong>DOMEGGE DI CADORE<\/strong> Alle 10.40 circa il Soccorso alpino del Centro Cadore \u00e8 stato allertato per intervenire in supporto all&#8217;ambulanza in aiuto di una cercatrice di funghi scivolata in localit\u00e0 Somacros. La donna di Lozzo di Cadore (BL), un&#8217;ottantina di anni, aveva infatti riportato una probabile frattura alla gamba, mentre si trovava lungo una scarpata nel bosco, non distante dalla strada. Il personale sanitario aveva provveduto a stabilizzarla e a prestarle le prime cure, la squadra sopraggiunta ha invece attrezzato con le corda la discesa di una quarantina di metri della barella per calarla in sicurezza sulla strada. Una volta a bordo dell&#8217;ambulanza, l&#8217;anziana \u00e8 stata trasportata a Vallesella dove attendeva l&#8217;elicottero del Suem di Pieve di Cadore decollato in direzione dell&#8217;ospedale di Belluno.<\/p>\n<p>&nbsp;<\/p>\n<hr \/>\n<p>&nbsp;<\/p>\n<blockquote>\n<h3>INCENDIO NEL SOTTOTETTO DELLA CASA DI RIPOSO DI QUERO VAS<\/h3>\n<\/blockquote>\n<p><strong>QUERO VAS<\/strong>\u00a0Alle ore 12:00, i vigili del fuoco sono intervenuti in via Nazionale a Quero Vas per l\u2019incendio di un sottotetto di un edificio adibito a Lavanderia a servizio di una casa di riposo: nessuna persona \u00e8 rimasta ferita. I pompieri arrivati da Feltre, Belluno, Montebelluna e Treviso con due autopompe, un\u2019autoscala, il carro aria e 13 operatori, hanno iniziato le operazioni di spegnimento del tetto, riuscendo a evitare il coinvolgimento dell\u2019intero stabile. Le cause dell\u2019incendio sono al vaglio dei tecnici dei vigili del fuoco. Le operazioni di completo spegnimento e messa in sicurezza della struttura sono terminate alle 16:30.<\/p>\n\n\t\t\t<style type='text\/css'>\n\t\t\t\t#gallery-1 {\n\t\t\t\t\tmargin: auto;\n\t\t\t\t}\n\t\t\t\t#gallery-1 .gallery-item {\n\t\t\t\t\tfloat: left;\n\t\t\t\t\tmargin-top: 10px;\n\t\t\t\t\ttext-align: center;\n\t\t\t\t\twidth: 33%;\n\t\t\t\t}\n\t\t\t\t#gallery-1 img {\n\t\t\t\t\tborder: 2px solid #cfcfcf;\n\t\t\t\t}\n\t\t\t\t#gallery-1 .gallery-caption {\n\t\t\t\t\tmargin-left: 0;\n\t\t\t\t}\n\t\t\t\t\/* see gallery_shortcode() in wp-includes\/media.php *\/\n\t\t\t<\/style>\n\t\t<div id='gallery-1' class='dt-gallery-container gallery galleryid-236585 gallery-columns-3 gallery-size-thumbnail'><dl class='gallery-item'>\n\t\t\t\t<dt class='gallery-icon landscape'>\n\t\t\t\t\t<a class=\"rollover\" href='https:\/\/www.radiopiu.net\/wordpress\/incendio-nel-sottotetto-della-casa-di-riposo-di-quero-vas\/a3fc72fa-0aa0-47ad-b052-ac08a45595a7\/'><img loading=\"lazy\" decoding=\"async\" width=\"150\" height=\"150\" src=\"https:\/\/www.radiopiu.net\/wordpress\/wp-content\/uploads\/2021\/10\/A3FC72FA-0AA0-47AD-B052-AC08A45595A7-150x150.jpeg\" class=\"attachment-thumbnail size-thumbnail\" alt=\"\" \/><\/a>\n\t\t\t\t<\/dt><\/dl><dl class='gallery-item'>\n\t\t\t\t<dt class='gallery-icon landscape'>\n\t\t\t\t\t<a class=\"rollover\" href='https:\/\/www.radiopiu.net\/wordpress\/incendio-nel-sottotetto-della-casa-di-riposo-di-quero-vas\/3e6f7b4e-abfe-42a6-b3d1-b0c3d1f8e6a2\/'><img loading=\"lazy\" decoding=\"async\" width=\"150\" height=\"150\" src=\"https:\/\/www.radiopiu.net\/wordpress\/wp-content\/uploads\/2021\/10\/3E6F7B4E-ABFE-42A6-B3D1-B0C3D1F8E6A2-150x150.jpeg\" class=\"attachment-thumbnail size-thumbnail\" alt=\"\" \/><\/a>\n\t\t\t\t<\/dt><\/dl><dl class='gallery-item'>\n\t\t\t\t<dt class='gallery-icon landscape'>\n\t\t\t\t\t<a class=\"rollover\" href='https:\/\/www.radiopiu.net\/wordpress\/incendio-nel-sottotetto-della-casa-di-riposo-di-quero-vas\/98646460-9740-470b-990c-3a5d8685bf50\/'><img loading=\"lazy\" decoding=\"async\" width=\"150\" height=\"150\" src=\"https:\/\/www.radiopiu.net\/wordpress\/wp-content\/uploads\/2021\/10\/98646460-9740-470B-990C-3A5D8685BF50-150x150.jpeg\" class=\"attachment-thumbnail size-thumbnail\" alt=\"\" \/><\/a>\n\t\t\t\t<\/dt><\/dl><br style=\"clear: both\" \/>\n\t\t\t<\/div>\n\n<p>&nbsp;<\/p>\n<p>&nbsp;<\/p>\n<p>&nbsp;<\/p>\n<hr \/>\n<blockquote>\n<h3><\/h3>\n<h3>LA UIL CHIEDE TAMPONI A CARICO DEI DATORI DI LAVORO<\/h3>\n<\/blockquote>\n<p><a href=\"https:\/\/www.radiopiu.net\/wordpress\/la-uil-chiede-tamponi-a-carico-dei-datori-di-lavoro\/unrecognizable-woman-showing-on-her-smartphone-a-certificate-of-covid-immunity\/\" rel=\"attachment wp-att-236659\"><img loading=\"lazy\" decoding=\"async\" class=\"alignleft wp-image-236659 size-medium\" src=\"https:\/\/www.radiopiu.net\/wordpress\/wp-content\/uploads\/2021\/10\/AB6089C8-0299-468C-AA64-C5284FAC9B9E-880x440-1-300x150.jpg\" alt=\"\" width=\"300\" height=\"150\" srcset=\"https:\/\/www.radiopiu.net\/wordpress\/wp-content\/uploads\/2021\/10\/AB6089C8-0299-468C-AA64-C5284FAC9B9E-880x440-1-300x150.jpg 300w, https:\/\/www.radiopiu.net\/wordpress\/wp-content\/uploads\/2021\/10\/AB6089C8-0299-468C-AA64-C5284FAC9B9E-880x440-1-768x384.jpg 768w, https:\/\/www.radiopiu.net\/wordpress\/wp-content\/uploads\/2021\/10\/AB6089C8-0299-468C-AA64-C5284FAC9B9E-880x440-1.jpg 880w\" sizes=\"auto, (max-width: 300px) 100vw, 300px\" \/><\/a><strong>VENEZIA <\/strong>\u00abGreen Pass, chiediamo che siano i datori di lavoro a farsi carico della spesa per i tamponi\u00bb.Roberto Toigo, segretario generale di UIL Veneto, torna sull\u2019obbligo previsto dal prossimo\u00a015 ottobre.\u00abCome UIL Veneto siamo a favore del vaccino e per il rispetto della legge, ovvero del green pass. Ma siamo al dunque: tra pochi giorni, chi non \u00e8 provvisto della documentazione verde, non potr\u00e0 recarsi al lavoro. Come sostenevo qualche giorno fa prima dei fatti di Roma \u2013 con l\u2019assalto alla sede della Cgil \u2013 la situazione sta sfuggendo di mano. Lavoratori contro lavoratori, aziende che si attrezzano con i vigilantes per controllare le persone, difficolt\u00e0 per prenotarsi gi\u00e0 ora i tamponi. Cos\u00ec non va. Si rischia di buttare all\u2019aria tutto: la serenit\u00e0 nel Paese e la ripresa veneta\u00bb.Toigo sottolinea che \u00abva condannato ogni atto di violenza sempre e comunque. Ma il nostro compito \u00e8 quello di tutelare tutti i lavoratori: non condividiamo, ma dobbiamo rispettare la scelta di alcuni di non vaccinarsi. Per questo diciamo s\u00ec al green pass, ma diciamo no al fatto che sia il lavoratore o la lavoratrice a pagarsi il tampone\u00bb.Il segretario generale di UIL Veneto insiste: \u00abSo che chi si \u00e8 vaccinato ha mille ragioni per non condividere, ma siamo al dunque e una soluzione va trovata. Chiediamo con forza che siano i datori di lavoro a farsi carico di questa spesa: le aziende stanno fatturando molto, hanno avuto forti aiuti e i lavoratori nei momenti difficili erano l\u00ec, disponibili con mascherine di fortuna e tanta buona volont\u00e0 nel cercare di non contagiarsi\u00bb.\u00a0Un\u2019ultima stoccata \u00e8 destinata al Governo: \u00abL\u2019ho gi\u00e0 detto in molte occasioni: doveva assumersi la responsabilit\u00e0 di rendere obbligatorio il vaccinino, invece ha preferito scaricare sulle persone il peso della scelta. Ma adesso non abbiamo pi\u00f9 tempo: quindi tamponi a carico delle aziende, prolungamento della validit\u00e0 a 72 ore e via libera al tampone fai da te. Se no dal\u00a015 ottobre\u00a0rischiamo di andare in cortocircuito\u00bb.<\/p>\n<p>&nbsp;<\/p>\n<p>&nbsp;<\/p>\n<hr \/>\n<p>&nbsp;<\/p>\n<blockquote>\n<h3>GREEN PASS PER I LAVORATORI. IL MODELLO ORGANIZZATIVO DEL COMUNE DI BELLUNO<\/h3>\n<\/blockquote>\n<p><strong><a href=\"https:\/\/www.radiopiu.net\/wordpress\/piazza-martiri-belluno-2\/\"><img loading=\"lazy\" decoding=\"async\" class=\" wp-image-235813 alignleft\" src=\"https:\/\/www.radiopiu.net\/wordpress\/wp-content\/uploads\/2021\/10\/PIAZZA-MARTIRI-BELLUNO-300x200.jpg\" alt=\"\" width=\"270\" height=\"180\" srcset=\"https:\/\/www.radiopiu.net\/wordpress\/wp-content\/uploads\/2021\/10\/PIAZZA-MARTIRI-BELLUNO-300x200.jpg 300w, https:\/\/www.radiopiu.net\/wordpress\/wp-content\/uploads\/2021\/10\/PIAZZA-MARTIRI-BELLUNO-1024x682.jpg 1024w, https:\/\/www.radiopiu.net\/wordpress\/wp-content\/uploads\/2021\/10\/PIAZZA-MARTIRI-BELLUNO-768x511.jpg 768w, https:\/\/www.radiopiu.net\/wordpress\/wp-content\/uploads\/2021\/10\/PIAZZA-MARTIRI-BELLUNO.jpg 1364w\" sizes=\"auto, (max-width: 270px) 100vw, 270px\" \/><\/a>BELLUNO <\/strong>Scatta da venerd\u00ec 15 ottobre anche per i dipendenti della pubblica amministrazione l&#8217;obbligo di possedere e di esibire, su richiesta, la certificazione verde COVID-19; il possesso del Green Pass \u00e8 quindi presupposto obbligatorio per accedere al luogo di lavoro. Nella giornata di luned\u00ec c&#8217;\u00e8 stato l&#8217;incontro definitivo tra le posizioni organizzative, dirigenti, assessorato e Segretario Generale per discutere delle modalit\u00e0 di divulgazione del modello organizzativo negli uffici e per confrontarsi su eventuali dubbi; il modello nasce da due confronti avvenuti in presenza tra le parti, per condividere norme e applicazioni. Il Comune di Belluno ha quindi inviato una comunicazione al personale e alle organizzazioni sindacali per chiarire obblighi, soggetti interessati e modalit\u00e0 di controllo.<\/p>\n<p>&nbsp;<\/p>\n<p>&nbsp;<\/p>\n<hr \/>\n<p>&nbsp;<\/p>\n<blockquote>\n<h3>Aggiornamento campagna vaccinale<\/h3>\n<\/blockquote>\n<p><strong><a href=\"https:\/\/www.radiopiu.net\/wordpress\/due-giornate-500-ultra-settantenni-vaccinati-con-la-prima-dose\/vaccini_a_ponte_1\/\" rel=\"attachment wp-att-201830\"><img loading=\"lazy\" decoding=\"async\" class=\"wp-image-201830 alignleft\" src=\"https:\/\/www.radiopiu.net\/wordpress\/wp-content\/uploads\/2021\/04\/Vaccini_a_Ponte_1-300x225.jpg\" alt=\"\" width=\"195\" height=\"146\" srcset=\"https:\/\/www.radiopiu.net\/wordpress\/wp-content\/uploads\/2021\/04\/Vaccini_a_Ponte_1-300x225.jpg 300w, https:\/\/www.radiopiu.net\/wordpress\/wp-content\/uploads\/2021\/04\/Vaccini_a_Ponte_1-768x576.jpg 768w, https:\/\/www.radiopiu.net\/wordpress\/wp-content\/uploads\/2021\/04\/Vaccini_a_Ponte_1.jpg 1024w\" sizes=\"auto, (max-width: 195px) 100vw, 195px\" \/><\/a>BELLUNO<\/strong>\u00a0 Oltre l\u201982,2% dei residenti in provincia di Belluno con pi\u00f9 di 12 anni ha ricevuto almeno una dose di vaccino anti covid,\u00a0 le dosi somministrate in Ulss Dolomiti sono oltre283.784 mila. L\u201982,2% ( pari a 149.857 persone ) della popolazione vaccinabile in Ulss Dolomiti, ha eseguito almeno una dose di vaccino anti covid. Il 78,3%della popolazione ha ricevuto il ciclo completo di vaccinazione.<\/p>\n<p>Risultano vaccinati con almeno una dose: il 65,5 % dei 12- 19 enni , il 77,1% dei 20-29enni,\u00a0 il 73,2 % dei 30-39enni,\u00a0 il 75% dei 40-49enni,\u00a0 l\u201982,7% dei 50-59enni,\u00a0 l\u201986,6% dei 60-69enni,\u00a0 il 92,2% dei 70-79enni,\u00a0 circa il 100% degli over 80. Risultano da vaccinare ancora circa 32.500 Bellunesi.<\/p>\n<p>&nbsp;<\/p>\n<hr \/>\n<p>&nbsp;<\/p>\n<p>&nbsp;<\/p>\n<blockquote class=\"wp-embedded-content\" data-secret=\"aCNzFJ5VyB\"><p><a href=\"https:\/\/www.radiopiu.net\/wordpress\/aggiornamentoott111\/\">CORONAVIRUS: AGGIORNAMENTO NAZIONALE 12 OTTOBRE  2021<\/a><\/p><\/blockquote>\n<p><iframe loading=\"lazy\" class=\"wp-embedded-content\" sandbox=\"allow-scripts\" security=\"restricted\" style=\"position: absolute; clip: rect(1px, 1px, 1px, 1px);\" title=\"&#8220;CORONAVIRUS: AGGIORNAMENTO NAZIONALE 12 OTTOBRE  2021&#8221; &#8212; Radio Pi\u00f9\" src=\"https:\/\/www.radiopiu.net\/wordpress\/aggiornamentoott111\/embed\/#?secret=aCNzFJ5VyB\" data-secret=\"aCNzFJ5VyB\" width=\"600\" height=\"338\" frameborder=\"0\" marginwidth=\"0\" marginheight=\"0\" scrolling=\"no\"><\/iframe><\/p>\n<p>&nbsp;<\/p>\n<blockquote class=\"wp-embedded-content\" data-secret=\"tYPbjDWZKG\"><p><a href=\"https:\/\/www.radiopiu.net\/wordpress\/in-24-ore-342-nuovi-positivi-in-veneto-aumentano-i-ricoveri-quattro-decessi\/\">IN 24 ORE 342 NUOVI POSITIVI IN VENETO. AUMENTANO I RICOVERI, QUATTRO DECESSI<\/a><\/p><\/blockquote>\n<p><iframe loading=\"lazy\" class=\"wp-embedded-content\" sandbox=\"allow-scripts\" security=\"restricted\" style=\"position: absolute; clip: rect(1px, 1px, 1px, 1px);\" title=\"&#8220;IN 24 ORE 342 NUOVI POSITIVI IN VENETO. AUMENTANO I RICOVERI, QUATTRO DECESSI&#8221; &#8212; Radio Pi\u00f9\" src=\"https:\/\/www.radiopiu.net\/wordpress\/in-24-ore-342-nuovi-positivi-in-veneto-aumentano-i-ricoveri-quattro-decessi\/embed\/#?secret=tYPbjDWZKG\" data-secret=\"tYPbjDWZKG\" width=\"600\" height=\"338\" frameborder=\"0\" marginwidth=\"0\" marginheight=\"0\" scrolling=\"no\"><\/iframe><\/p>\n<p>&nbsp;<\/p>\n<h2>I GRAFICI DI TIZIANO DE COL<\/h2>\n\n\t\t\t<style type='text\/css'>\n\t\t\t\t#gallery-2 {\n\t\t\t\t\tmargin: auto;\n\t\t\t\t}\n\t\t\t\t#gallery-2 .gallery-item {\n\t\t\t\t\tfloat: left;\n\t\t\t\t\tmargin-top: 10px;\n\t\t\t\t\ttext-align: center;\n\t\t\t\t\twidth: 20%;\n\t\t\t\t}\n\t\t\t\t#gallery-2 img {\n\t\t\t\t\tborder: 2px solid #cfcfcf;\n\t\t\t\t}\n\t\t\t\t#gallery-2 .gallery-caption {\n\t\t\t\t\tmargin-left: 0;\n\t\t\t\t}\n\t\t\t\t\/* see gallery_shortcode() in wp-includes\/media.php *\/\n\t\t\t<\/style>\n\t\t<div id='gallery-2' class='dt-gallery-container gallery galleryid-236585 gallery-columns-5 gallery-size-thumbnail'><dl class='gallery-item'>\n\t\t\t\t<dt class='gallery-icon landscape'>\n\t\t\t\t\t<a class=\"rollover rollover-zoom dt-pswp-item\" title=\"1f517801-db08-43b3-b611-1549ccca6afa\" data-dt-img-description=\"\" data-large_image_width=\"593\" data-large_image_height=\"356\"href='https:\/\/www.radiopiu.net\/wordpress\/wp-content\/uploads\/2021\/10\/1f517801-db08-43b3-b611-1549ccca6afa.jpg'><img loading=\"lazy\" decoding=\"async\" width=\"150\" height=\"150\" src=\"https:\/\/www.radiopiu.net\/wordpress\/wp-content\/uploads\/2021\/10\/1f517801-db08-43b3-b611-1549ccca6afa-150x150.jpg\" class=\"attachment-thumbnail size-thumbnail\" alt=\"\" \/><\/a>\n\t\t\t\t<\/dt><\/dl><dl class='gallery-item'>\n\t\t\t\t<dt class='gallery-icon landscape'>\n\t\t\t\t\t<a class=\"rollover rollover-zoom dt-pswp-item\" title=\"586a13dc-2d03-4f2f-987e-d32af0c68941\" data-dt-img-description=\"\" data-large_image_width=\"604\" data-large_image_height=\"358\"href='https:\/\/www.radiopiu.net\/wordpress\/wp-content\/uploads\/2021\/10\/586a13dc-2d03-4f2f-987e-d32af0c68941.jpg'><img loading=\"lazy\" decoding=\"async\" width=\"150\" height=\"150\" src=\"https:\/\/www.radiopiu.net\/wordpress\/wp-content\/uploads\/2021\/10\/586a13dc-2d03-4f2f-987e-d32af0c68941-150x150.jpg\" class=\"attachment-thumbnail size-thumbnail\" alt=\"\" \/><\/a>\n\t\t\t\t<\/dt><\/dl><dl class='gallery-item'>\n\t\t\t\t<dt class='gallery-icon landscape'>\n\t\t\t\t\t<a class=\"rollover rollover-zoom dt-pswp-item\" title=\"8cd03478-8c85-46cf-985b-9e16579a833e\" data-dt-img-description=\"\" data-large_image_width=\"604\" data-large_image_height=\"366\"href='https:\/\/www.radiopiu.net\/wordpress\/wp-content\/uploads\/2021\/10\/8cd03478-8c85-46cf-985b-9e16579a833e.jpg'><img loading=\"lazy\" decoding=\"async\" width=\"150\" height=\"150\" src=\"https:\/\/www.radiopiu.net\/wordpress\/wp-content\/uploads\/2021\/10\/8cd03478-8c85-46cf-985b-9e16579a833e-150x150.jpg\" class=\"attachment-thumbnail size-thumbnail\" alt=\"\" \/><\/a>\n\t\t\t\t<\/dt><\/dl><dl class='gallery-item'>\n\t\t\t\t<dt class='gallery-icon landscape'>\n\t\t\t\t\t<a class=\"rollover rollover-zoom dt-pswp-item\" title=\"5abdd0ad-f7be-4b22-a106-7f19165d8e79\" data-dt-img-description=\"\" data-large_image_width=\"608\" data-large_image_height=\"353\"href='https:\/\/www.radiopiu.net\/wordpress\/wp-content\/uploads\/2021\/10\/5abdd0ad-f7be-4b22-a106-7f19165d8e79.jpg'><img loading=\"lazy\" decoding=\"async\" width=\"150\" height=\"150\" src=\"https:\/\/www.radiopiu.net\/wordpress\/wp-content\/uploads\/2021\/10\/5abdd0ad-f7be-4b22-a106-7f19165d8e79-150x150.jpg\" class=\"attachment-thumbnail size-thumbnail\" alt=\"\" \/><\/a>\n\t\t\t\t<\/dt><\/dl><dl class='gallery-item'>\n\t\t\t\t<dt class='gallery-icon landscape'>\n\t\t\t\t\t<a class=\"rollover rollover-zoom dt-pswp-item\" title=\"9b96b36a-af86-4229-a084-514f6411a8dc\" data-dt-img-description=\"\" data-large_image_width=\"612\" data-large_image_height=\"352\"href='https:\/\/www.radiopiu.net\/wordpress\/wp-content\/uploads\/2021\/10\/9b96b36a-af86-4229-a084-514f6411a8dc.jpg'><img loading=\"lazy\" decoding=\"async\" width=\"150\" height=\"150\" src=\"https:\/\/www.radiopiu.net\/wordpress\/wp-content\/uploads\/2021\/10\/9b96b36a-af86-4229-a084-514f6411a8dc-150x150.jpg\" class=\"attachment-thumbnail size-thumbnail\" alt=\"\" \/><\/a>\n\t\t\t\t<\/dt><\/dl><br style=\"clear: both\" \/>\n\t\t\t<\/div>\n\n<p>&nbsp;<\/p>\n<hr \/>\n<p>&nbsp;<\/p>\n<blockquote>\n<h3>Continua l\u2019impegno gratuito di medici e infermieri in quiescenza per la campagna vaccinale.<\/h3>\n<\/blockquote>\n<p><a href=\"https:\/\/www.radiopiu.net\/wordpress\/giornale-radiopiu-19-giugno-2021-direttore-mirko-mezzacasa\/medico\/\" rel=\"attachment wp-att-216887\"><img loading=\"lazy\" decoding=\"async\" class=\"wp-image-216887 alignleft\" src=\"https:\/\/www.radiopiu.net\/wordpress\/wp-content\/uploads\/2021\/06\/MEDICO-300x225.jpg\" alt=\"\" width=\"183\" height=\"137\" srcset=\"https:\/\/www.radiopiu.net\/wordpress\/wp-content\/uploads\/2021\/06\/MEDICO-300x225.jpg 300w, https:\/\/www.radiopiu.net\/wordpress\/wp-content\/uploads\/2021\/06\/MEDICO-1024x768.jpg 1024w, https:\/\/www.radiopiu.net\/wordpress\/wp-content\/uploads\/2021\/06\/MEDICO-768x576.jpg 768w, https:\/\/www.radiopiu.net\/wordpress\/wp-content\/uploads\/2021\/06\/MEDICO-1536x1152.jpg 1536w, https:\/\/www.radiopiu.net\/wordpress\/wp-content\/uploads\/2021\/06\/MEDICO.jpg 1920w\" sizes=\"auto, (max-width: 183px) 100vw, 183px\" \/><\/a>\u00a0Alcuni medici e infermieri in pensione si erano resi disponibili, a titolo gratuito, a supportare la campagna vaccinale di massa che vede impegnata la\u00a0 Ulss da inizio anno, dando un importante contributo alle attivit\u00e0 vaccinali sia nei drive in che a domicilio.\u00a0Oltre a un primo gruppo di medici a cui \u00e8 stato prorogato l\u2019incarico volontario a titolo gratuito nei scorsi mesi, hanno dato la loro disponibilit\u00e0 a proseguire l\u2019attivit\u00e0 fino a dicembre anche i dottori Elvio Galliani medico specialista in pediatria, Michela Mazzorana, medico di medicina, Rosanna Mel medico di igiene, epidemiologia e sanit\u00e0 pubblica e gli infermieri Dianora Bortot, Doriana Checchinato, Renata Piccin, Aurora Aurora Roccon e Saverio Tonet. Questi professionisti sono gi\u00e0 attivi nei drive in vaccinali da aprile e proseguiranno la loro attivit\u00e0 fino a dicembre.<\/p>\n<p>Ecco l\u2019elenco completo dei volontari attualmente in servizio (medici e infermieri): BARILLA&#8217; GIUSEPPE,\u00a0 BORDIN ALESSANDRO,\u00a0 BORTOT DIANORA,\u00a0 BRIDDA ANTONIO, BRUNELLO DAMIANA, CHECCHINATO DORIANA,\u00a0 CHITANO MARIA PIA,\u00a0 COCITO SILVIA, DAL FIOR SANDRO, DE SILVESTRO LINDA,\u00a0 DE TOMAS LIORO ISORA, FAVERO ROBERTO,\u00a0 FELTRIN ANNAROSA, GALLIANI ELVIO,\u00a0 GRAZIOLI DOMENICO, IMPELLIZZERI MATTEO, MAZZORANA MICHELA, MEL ROSANNA,\u00a0 MELCHIORI SILVIA, PAVAN EDOARDO,\u00a0 PELLEGRINI PAOLO, PICCIN RENATA, PIROLO GIULIO,\u00a0 RISICA GABRIELE, ROCCON AURORA,\u00a0 SAPONARO ANTONIO, SOPPELSA MAURO STRAGA&#8217; MARCO,\u00a0 TONET SAVERIO, ZOVI MARIA CARLA<\/p>\n<p>&nbsp;<\/p>\n<hr \/>\n<p>&nbsp;<\/p>\n<blockquote>\n<h3>Incarico allo psichiatra Livio Dalla Verde a supporto del Dipartimento di Salute Mentale<\/h3>\n<\/blockquote>\n<p><strong>BELLUNO<\/strong> \u00a0\u00c8 stato affidato un incarico libero professionale al dottor Livio Dalla Verde, gi\u00e0 direttore della Psichiatria di Vicenza, ora in quiescenza, che ha accettato di prestare servizio al Dipartimento di Salute Mentale dell\u2019Ulss Dolomiti. Un altro incarico libero professionale \u00e8 stato affidato al giovane medico Andrea Zancanaro. Inoltre, settimana sono stati assunti a tempo indeterminato: 3 medici ortopedici specializzandi (Sciuto Paolo, Zancanaro Fabio, Cavallo Dario Giovanni 2 logopediste (Lapinskaya Anastasiya, Lorenzetti Francesca) e 5 ostetriche a tempo determinato (Arciero Veronica, Guidobono Greta, Messere Giada, Rosa Jessica, Barozzi Arianna) Infine, sono stati indetti avvisi per la ricerca di professionisti da assumere a tempo determinato. In particolare: Medici per i Pronto Soccorsi e l\u2019emergenza territoriali un assistente sociale (cat. D) da assegnare alla UOC disabilit\u00e0 e non auto sufficienza Maggiori informazioni sono disponibili sul sito www.aulss1.veneto.it<\/p>\n<blockquote><p><em>\u00abSono particolarmente lieta che il dottor Dalla Verde abbia scelto di venire in Ulss Dolomiti: potr\u00e0 dare un importante contributo al Dipartimento di Salute Mentale con la sua professionalit\u00e0 ed esperienza\u00bb, commenta il direttore generale Maria Grazia Carraro, \u00abauguro buon lavoro a tutti i nuovi assunti e confermo l\u2019impegno incessante nel reperire nuovi professionisti\u00bb<\/em><\/p><\/blockquote>\n<p>&nbsp;<\/p>\n<hr \/>\n<p>&nbsp;<\/p>\n<p>&nbsp;<\/p>\n<blockquote>\n<h2>FONDI DI CONFINE PER IL MUSEO MINERALOGICO E&#8217; L&#8217;INVITO DEGLI &#8220;AMICI DEI MINERARI&#8221;<\/h2>\n<\/blockquote>\n<p><strong><a href=\"https:\/\/www.radiopiu.net\/wordpress\/236761-2\/th-215\/\" rel=\"attachment wp-att-236767\"><img loading=\"lazy\" decoding=\"async\" class=\"size-full wp-image-236767 alignleft\" src=\"https:\/\/www.radiopiu.net\/wordpress\/wp-content\/uploads\/2021\/10\/th-12.jpg\" alt=\"\" width=\"240\" height=\"180\" \/><\/a><\/strong><\/p>\n<p>&nbsp;<\/p>\n<p>&nbsp;<\/p>\n<p><strong>AGORDO<\/strong><\/p>\n<p><strong>DI GIANNI SANTOMASO<\/strong><\/p>\n<audio class=\"wp-audio-shortcode\" id=\"audio-236585-2\" preload=\"none\" style=\"width: 100%;\" controls=\"controls\"><source type=\"audio\/mpeg\" src=\"https:\/\/www.radiopiu.net\/wordpress\/wp-content\/uploads\/2021\/10\/gianni-dino.mp3?_=2\" \/><a href=\"https:\/\/www.radiopiu.net\/wordpress\/wp-content\/uploads\/2021\/10\/gianni-dino.mp3\">https:\/\/www.radiopiu.net\/wordpress\/wp-content\/uploads\/2021\/10\/gianni-dino.mp3<\/a><\/audio>\n<p>&nbsp;<\/p>\n<p>&nbsp;<\/p>\n<hr \/>\n<blockquote>\n<h2><\/h2>\n<h2>FONDO WELFARE CONTRO LO SPOPOLAMENTO: MENO FIGLI E FUGA DI CERVELLI<\/h2>\n<\/blockquote>\n<p>&nbsp;<\/p>\n<p><strong><img loading=\"lazy\" decoding=\"async\" class=\"alignleft\" src=\"https:\/\/www.radiopiu.net\/wordpress\/wp-content\/uploads\/2021\/10\/eff65791-ce0e-468c-bacd-3d6545b72491.jpg\" width=\"224\" height=\"103\" \/>BELLUNO<\/strong><\/p>\n<p>di Moreno Gioli<\/p>\n<audio class=\"wp-audio-shortcode\" id=\"audio-236585-3\" preload=\"none\" style=\"width: 100%;\" controls=\"controls\"><source type=\"audio\/mpeg\" src=\"https:\/\/www.radiopiu.net\/wordpress\/wp-content\/uploads\/2021\/10\/MPRENO.mp3?_=3\" \/><a href=\"https:\/\/www.radiopiu.net\/wordpress\/wp-content\/uploads\/2021\/10\/MPRENO.mp3\">https:\/\/www.radiopiu.net\/wordpress\/wp-content\/uploads\/2021\/10\/MPRENO.mp3<\/a><\/audio>\n<p>&nbsp;<\/p>\n<p><strong>PUNTO STAMPA, OSCAR DE BONA PRESIDENTE ASSOCIAZIONE BELLUNESI NEL MONDO<\/strong><\/p>\n<audio class=\"wp-audio-shortcode\" id=\"audio-236585-4\" preload=\"none\" style=\"width: 100%;\" controls=\"controls\"><source type=\"audio\/mpeg\" src=\"https:\/\/www.radiopiu.net\/wordpress\/wp-content\/uploads\/2021\/10\/OSCAR.mp3?_=4\" \/><a href=\"https:\/\/www.radiopiu.net\/wordpress\/wp-content\/uploads\/2021\/10\/OSCAR.mp3\">https:\/\/www.radiopiu.net\/wordpress\/wp-content\/uploads\/2021\/10\/OSCAR.mp3<\/a><\/audio>\n<p>&nbsp;<\/p>\n<p>&nbsp;<\/p>\n<hr \/>\n<p>&nbsp;<\/p>\n<p>&nbsp;<\/p>\n<blockquote>\n<h2>IL SINDACO TORNA A GIURARE SOTTO ALL&#8217;AGNER<\/h2>\n<\/blockquote>\n<p><a href=\"https:\/\/www.radiopiu.net\/wordpress\/giornale-radiopiu-28-settembre-2021-direttore-mirko-mezzacasa\/giuseppe-schena-2\/\" rel=\"attachment wp-att-234061\"><img loading=\"lazy\" decoding=\"async\" class=\"wp-image-234061 alignleft\" src=\"https:\/\/www.radiopiu.net\/wordpress\/wp-content\/uploads\/2021\/09\/Giuseppe-Schena-225x300.jpeg\" alt=\"\" width=\"107\" height=\"143\" srcset=\"https:\/\/www.radiopiu.net\/wordpress\/wp-content\/uploads\/2021\/09\/Giuseppe-Schena-225x300.jpeg 225w, https:\/\/www.radiopiu.net\/wordpress\/wp-content\/uploads\/2021\/09\/Giuseppe-Schena-769x1024.jpeg 769w, https:\/\/www.radiopiu.net\/wordpress\/wp-content\/uploads\/2021\/09\/Giuseppe-Schena-768x1023.jpeg 768w, https:\/\/www.radiopiu.net\/wordpress\/wp-content\/uploads\/2021\/09\/Giuseppe-Schena.jpeg 931w\" sizes=\"auto, (max-width: 107px) 100vw, 107px\" \/><\/a><\/p>\n<p><strong>VOLTAGO\u00a0<\/strong><\/p>\n<p>&nbsp;<\/p>\n<p><strong>DI GIANNI SANTOMASO<\/strong><\/p>\n<audio class=\"wp-audio-shortcode\" id=\"audio-236585-5\" preload=\"none\" style=\"width: 100%;\" controls=\"controls\"><source type=\"audio\/mpeg\" src=\"https:\/\/www.radiopiu.net\/wordpress\/wp-content\/uploads\/2021\/10\/giuseppe-schena.mp3?_=5\" \/><a href=\"https:\/\/www.radiopiu.net\/wordpress\/wp-content\/uploads\/2021\/10\/giuseppe-schena.mp3\">https:\/\/www.radiopiu.net\/wordpress\/wp-content\/uploads\/2021\/10\/giuseppe-schena.mp3<\/a><\/audio>\n<p>&nbsp;<\/p>\n<p>&nbsp;<\/p>\n<hr \/>\n<blockquote>\n<h3><\/h3>\n<h3>IL CONSIGLIO COMUNALE DI ROCCA PIETORE IN DIRETTA<\/h3>\n<\/blockquote>\n<p>&nbsp;<\/p>\n<p><strong>ROCCA PIETORE<\/strong> In diretta da Rocca Pietore il consiglio comunale.<\/p>\n<p>https:\/\/www.facebook.com\/mirko.mezzacasa\/videos\/4647063462004202\/<\/p>\n<p>&nbsp;<\/p>\n<hr \/>\n<p>&nbsp;<\/p>\n<blockquote>\n<h3>IL BOSTRICO DIVORA IL PATRIMONIO DELLE NOSTRE VALLI &#8211; VIDEO<\/h3>\n<\/blockquote>\n<p><strong>ROCCA PIETORE\u00a0<\/strong><\/p>\n<p>&nbsp;<\/p>\n<p><a href=\"https:\/\/www.facebook.com\/mirko.mezzacasa\/videos\/1067527250656184\">https:\/\/www.facebook.com\/mirko.mezzacasa\/videos\/1067527250656184<\/a><\/p>\n<p>&nbsp;<\/p>\n<p>&nbsp;<\/p>\n<p>&nbsp;<\/p>\n<hr \/>\n<p>&nbsp;<\/p>\n<blockquote>\n<h3>IL NUOVO PONTE CHE UNISCE LE DUE SPONDE DEL PETTORINA- VIDEO<\/h3>\n<\/blockquote>\n<p><strong>ROCCA PIETORE\u00a0<\/strong><\/p>\n<p>&nbsp;<\/p>\n<p><a href=\"https:\/\/www.facebook.com\/mirko.mezzacasa\/videos\/907865096795519\">https:\/\/www.facebook.com\/mirko.mezzacasa\/videos\/907865096795519<\/a><\/p>\n<p>&nbsp;<\/p>\n<p>&nbsp;<\/p>\n<hr \/>\n<blockquote>\n<h3><\/h3>\n<h3>A SEREN DEL GRAPPA SI &#8220;FESTEGGIANO&#8221; I NUOVI NATI. SONO 18 NEL 2020<\/h3>\n<\/blockquote>\n<p><strong>SEREN DE GRAPPA<\/strong> Anche quest&#8217;anno il comune di Seren Del Grappa festeggia i nuovi nati. Negli ultimi due anni non si \u00e8 potuto fare una festa vera e propria a causa della pandemia, ma solo dei biglietti di felicitazioni alle famiglie che hanno avuto una nuova nascita in casa. I nuovi nati del comune di Seren Del Grappa sono 12 nel 2019 e 18 nel 2020.<\/p>\n<p><strong>IL SINDACO DI SEREN DEL GRAPPA DARIO SCOPEL<\/strong><\/p>\n<div style=\"width: 848px;\" class=\"wp-video\"><video class=\"wp-video-shortcode\" id=\"video-236585-1\" width=\"848\" height=\"480\" preload=\"metadata\" controls=\"controls\"><source type=\"video\/mp4\" src=\"https:\/\/www.radiopiu.net\/wordpress\/wp-content\/uploads\/2021\/10\/WhatsApp-Video-2021-10-12-at-09.11.43.mp4?_=1\" \/><a href=\"https:\/\/www.radiopiu.net\/wordpress\/wp-content\/uploads\/2021\/10\/WhatsApp-Video-2021-10-12-at-09.11.43.mp4\">https:\/\/www.radiopiu.net\/wordpress\/wp-content\/uploads\/2021\/10\/WhatsApp-Video-2021-10-12-at-09.11.43.mp4<\/a><\/video><\/div>\n<p>&nbsp;<\/p>\n<hr \/>\n<p>&nbsp;<\/p>\n<p>&nbsp;<\/p>\n<blockquote>\n<h3>LA TUTELA DELL&#8217;AMBIENTE NELLA COSTITUZIONE<\/h3>\n<\/blockquote>\n<p><strong> <a href=\"https:\/\/www.radiopiu.net\/wordpress\/giornale-radiopiu-13-ottobre-2021-direttore-mirko-mezzacasa\/205385777_1973519972808191_8169266752908450417_n-2\/\" rel=\"attachment wp-att-236775\"><img loading=\"lazy\" decoding=\"async\" class=\"wp-image-236775 alignleft\" src=\"https:\/\/www.radiopiu.net\/wordpress\/wp-content\/uploads\/2021\/10\/205385777_1973519972808191_8169266752908450417_n-300x300.jpg\" alt=\"\" width=\"150\" height=\"150\" srcset=\"https:\/\/www.radiopiu.net\/wordpress\/wp-content\/uploads\/2021\/10\/205385777_1973519972808191_8169266752908450417_n-300x300.jpg 300w, https:\/\/www.radiopiu.net\/wordpress\/wp-content\/uploads\/2021\/10\/205385777_1973519972808191_8169266752908450417_n-1024x1024.jpg 1024w, https:\/\/www.radiopiu.net\/wordpress\/wp-content\/uploads\/2021\/10\/205385777_1973519972808191_8169266752908450417_n-150x150.jpg 150w, https:\/\/www.radiopiu.net\/wordpress\/wp-content\/uploads\/2021\/10\/205385777_1973519972808191_8169266752908450417_n-768x768.jpg 768w, https:\/\/www.radiopiu.net\/wordpress\/wp-content\/uploads\/2021\/10\/205385777_1973519972808191_8169266752908450417_n.jpg 1279w\" sizes=\"auto, (max-width: 150px) 100vw, 150px\" \/><\/a>ROMA<\/strong>\u00a0 Ieri alla Camera:\u00a0 412 voti favorevoli al disegno di legge per l\u2019introduzione in Costituzione della tutela dell\u2019ambiente, della biodiversit\u00e0, degli ecosistemi e degli animali, per il Ministro Federico D&#8217;Inc\u00e0 \u00e8 stato fatto un altro importante passo in avanti nella direzione delle riforme puntuali, costruite attraverso un ampio dibattito e una larga condivisione parlamentare. <em>&#8220;Si tratta di una riforma\u00a0 &#8211; dice D&#8217;Inc\u00e0 &#8211; che guarda alle future generazioni e che, sul piano Costituzionale, garantir\u00e0 che le risorse per lo sviluppo economico messe in campo dal Governo, vengano indirizzate alla transizione ecologica del Paese. In tempi brevi, dopo un nuovo passaggio al Senato, il disegno di legge torner\u00e0 alla Camera entro l\u2019inizio del 2022 per essere approvato definitivamente. Un grande risultato sia sul piano del metodo utilizzato che su quello del merito: i cittadini da anni chiedono maggiore attenzione verso l\u2019ambiente. Lo fanno soprattutto le nuove generazioni e l\u2019introduzione della tutela dell\u2019ambiente in Costituzione rappresenta una forte risposta, anche dal punto di vista simbolico, verso queste richieste&#8221;.<\/em><\/p>\n<p>&nbsp;<\/p>\n<p>&nbsp;<\/p>\n<p>&nbsp;<\/p>\n<hr \/>\n<p>&nbsp;<\/p>\n<p><span style=\"color: #ff0000;\">OGGI SUL CORRIERE DELLE ALPI\u00a0<\/span><\/p>\n<blockquote>\n<h3>Luciani beato, via libera dai cardinali Ora il decreto e l&#8217;annuncio di Bergoglio<\/h3>\n<\/blockquote>\n<p><strong><a href=\"https:\/\/www.radiopiu.net\/wordpress\/giornale-radiopiu-25-agosto-2021-direttore-mirko-mezzacasa\/papa-luciani-5\/\" rel=\"attachment wp-att-229319\"><img loading=\"lazy\" decoding=\"async\" class=\"wp-image-229319 alignleft\" src=\"https:\/\/www.radiopiu.net\/wordpress\/wp-content\/uploads\/2021\/08\/papa-luciani-e1634094614164-300x200.jpg\" alt=\"\" width=\"161\" height=\"107\" srcset=\"https:\/\/www.radiopiu.net\/wordpress\/wp-content\/uploads\/2021\/08\/papa-luciani-e1634094614164-300x200.jpg 300w, https:\/\/www.radiopiu.net\/wordpress\/wp-content\/uploads\/2021\/08\/papa-luciani-e1634094614164-1024x683.jpg 1024w, https:\/\/www.radiopiu.net\/wordpress\/wp-content\/uploads\/2021\/08\/papa-luciani-e1634094614164-768x512.jpg 768w, https:\/\/www.radiopiu.net\/wordpress\/wp-content\/uploads\/2021\/08\/papa-luciani-e1634094614164.jpg 1396w\" sizes=\"auto, (max-width: 161px) 100vw, 161px\" \/><\/a>CANALE D&#8217;AGORDO<\/strong>\u00a0 \u00c8 atteso da un giorno all&#8217;altro &#8211; ma potrebbe essere anche nelle prossimo ore &#8211; l&#8217;annuncio della beatificazione di Albino Luciani da parte di papa Francesco. La commissione vaticana di cardinali e vescovi ha infatti riconosciuto il miracolo avvenuto nel 2011 a Buenos Aires, per intercessione del &#8220;papa del sorriso&#8221;. Bergoglio, che della capitale argentina \u00e8 stato l&#8217;arcivescovo, ha ora il compito di firmare il decreto che, di fatto, conclude il processo iniziato nel 2003 a Belluno. La celebrazione dovrebbe avvenire la prossima primavera, a San Pietro, in Vaticano, anche se a Canale d&#8217;Agordo c&#8217;\u00e8 ancora chi nutre la speranza di poterla ospitare in paese&#8230;<\/p>\n<p>&nbsp;<\/p>\n<p>&nbsp;<\/p>\n<hr \/>\n<blockquote>\n<h3><\/h3>\n<h3>DALLA PROLOCO DI CANALE D&#8217;AGORDO<\/h3>\n<p><span style=\"color: #ff0000;\">di Claudia Tancon<\/span><\/p><\/blockquote>\n<div class=\"kvgmc6g5 cxmmr5t8 oygrvhab hcukyx3x c1et5uql ii04i59q\">\n<div dir=\"auto\"><strong>CANALE D&#8217;AGORDO<\/strong> Alcuni scatti dell&#8217; incontro di oggi tra i quad QUAD IN QUOTA del 5^ raduno delle Dolomiti e le auto d&#8217;epoca del Club Serenissima Storico Auto &#8211; Moto di Conegliano nella bellissima piazza Papa Luciani di Canale d&#8217;Agordo. Tra le vetture che hanno sostato in centro anche una FIAT 1100 nera appartenuta ad Albino Luciani, ora di propriet\u00e0 del signor\u00a0 Antonio De Nardo Antonio. Dalle foto non Vi sembra che il papa la stia ammirando, dalla facciata della chiesa? Queste immagini sembrano proprio delle cartoline ricordo che vogliamo condividere con Voi e con il Museo Albino Luciani.<\/div>\n<div dir=\"auto\"><\/div>\n<div dir=\"auto\">\n\n\t\t\t<style type='text\/css'>\n\t\t\t\t#gallery-3 {\n\t\t\t\t\tmargin: auto;\n\t\t\t\t}\n\t\t\t\t#gallery-3 .gallery-item {\n\t\t\t\t\tfloat: left;\n\t\t\t\t\tmargin-top: 10px;\n\t\t\t\t\ttext-align: center;\n\t\t\t\t\twidth: 25%;\n\t\t\t\t}\n\t\t\t\t#gallery-3 img {\n\t\t\t\t\tborder: 2px solid #cfcfcf;\n\t\t\t\t}\n\t\t\t\t#gallery-3 .gallery-caption {\n\t\t\t\t\tmargin-left: 0;\n\t\t\t\t}\n\t\t\t\t\/* see gallery_shortcode() in wp-includes\/media.php *\/\n\t\t\t<\/style>\n\t\t<div id='gallery-3' class='dt-gallery-container gallery galleryid-236585 gallery-columns-4 gallery-size-thumbnail'><dl class='gallery-item'>\n\t\t\t\t<dt class='gallery-icon landscape'>\n\t\t\t\t\t<a class=\"rollover rollover-zoom dt-pswp-item\" title=\"245092992_2295371840599061_3925768166323748925_n\" data-dt-img-description=\"\" data-large_image_width=\"960\" data-large_image_height=\"720\"href='https:\/\/www.radiopiu.net\/wordpress\/wp-content\/uploads\/2021\/10\/245092992_2295371840599061_3925768166323748925_n.jpg'><img loading=\"lazy\" decoding=\"async\" width=\"150\" height=\"150\" src=\"https:\/\/www.radiopiu.net\/wordpress\/wp-content\/uploads\/2021\/10\/245092992_2295371840599061_3925768166323748925_n-150x150.jpg\" class=\"attachment-thumbnail size-thumbnail\" alt=\"\" \/><\/a>\n\t\t\t\t<\/dt><\/dl><dl class='gallery-item'>\n\t\t\t\t<dt class='gallery-icon landscape'>\n\t\t\t\t\t<a class=\"rollover rollover-zoom dt-pswp-item\" title=\"245173944_2295371737265738_1517263691145516453_n\" data-dt-img-description=\"\" data-large_image_width=\"960\" data-large_image_height=\"720\"href='https:\/\/www.radiopiu.net\/wordpress\/wp-content\/uploads\/2021\/10\/245173944_2295371737265738_1517263691145516453_n.jpg'><img loading=\"lazy\" decoding=\"async\" width=\"150\" height=\"150\" src=\"https:\/\/www.radiopiu.net\/wordpress\/wp-content\/uploads\/2021\/10\/245173944_2295371737265738_1517263691145516453_n-150x150.jpg\" class=\"attachment-thumbnail size-thumbnail\" alt=\"\" \/><\/a>\n\t\t\t\t<\/dt><\/dl><dl class='gallery-item'>\n\t\t\t\t<dt class='gallery-icon landscape'>\n\t\t\t\t\t<a class=\"rollover rollover-zoom dt-pswp-item\" title=\"244696342_2295372430599002_4162217016108395983_n\" data-dt-img-description=\"\" data-large_image_width=\"960\" data-large_image_height=\"720\"href='https:\/\/www.radiopiu.net\/wordpress\/wp-content\/uploads\/2021\/10\/244696342_2295372430599002_4162217016108395983_n.jpg'><img loading=\"lazy\" decoding=\"async\" width=\"150\" height=\"150\" src=\"https:\/\/www.radiopiu.net\/wordpress\/wp-content\/uploads\/2021\/10\/244696342_2295372430599002_4162217016108395983_n-150x150.jpg\" class=\"attachment-thumbnail size-thumbnail\" alt=\"\" \/><\/a>\n\t\t\t\t<\/dt><\/dl><dl class='gallery-item'>\n\t\t\t\t<dt class='gallery-icon landscape'>\n\t\t\t\t\t<a class=\"rollover rollover-zoom dt-pswp-item\" title=\"244760739_2295372343932344_2399075954391862391_n\" data-dt-img-description=\"\" data-large_image_width=\"960\" data-large_image_height=\"720\"href='https:\/\/www.radiopiu.net\/wordpress\/wp-content\/uploads\/2021\/10\/244760739_2295372343932344_2399075954391862391_n.jpg'><img loading=\"lazy\" decoding=\"async\" width=\"150\" height=\"150\" src=\"https:\/\/www.radiopiu.net\/wordpress\/wp-content\/uploads\/2021\/10\/244760739_2295372343932344_2399075954391862391_n-150x150.jpg\" class=\"attachment-thumbnail size-thumbnail\" alt=\"\" \/><\/a>\n\t\t\t\t<\/dt><\/dl><br style=\"clear: both\" \/><dl class='gallery-item'>\n\t\t\t\t<dt class='gallery-icon landscape'>\n\t\t\t\t\t<a class=\"rollover rollover-zoom dt-pswp-item\" title=\"245277752_2295372040599041_1234933424671606101_n\" data-dt-img-description=\"\" data-large_image_width=\"960\" data-large_image_height=\"720\"href='https:\/\/www.radiopiu.net\/wordpress\/wp-content\/uploads\/2021\/10\/245277752_2295372040599041_1234933424671606101_n.jpg'><img loading=\"lazy\" decoding=\"async\" width=\"150\" height=\"150\" src=\"https:\/\/www.radiopiu.net\/wordpress\/wp-content\/uploads\/2021\/10\/245277752_2295372040599041_1234933424671606101_n-150x150.jpg\" class=\"attachment-thumbnail size-thumbnail\" alt=\"\" \/><\/a>\n\t\t\t\t<\/dt><\/dl><dl class='gallery-item'>\n\t\t\t\t<dt class='gallery-icon landscape'>\n\t\t\t\t\t<a class=\"rollover rollover-zoom dt-pswp-item\" title=\"244749835_2295372093932369_1677629051248002874_n\" data-dt-img-description=\"\" data-large_image_width=\"960\" data-large_image_height=\"720\"href='https:\/\/www.radiopiu.net\/wordpress\/wp-content\/uploads\/2021\/10\/244749835_2295372093932369_1677629051248002874_n.jpg'><img loading=\"lazy\" decoding=\"async\" width=\"150\" height=\"150\" src=\"https:\/\/www.radiopiu.net\/wordpress\/wp-content\/uploads\/2021\/10\/244749835_2295372093932369_1677629051248002874_n-150x150.jpg\" class=\"attachment-thumbnail size-thumbnail\" alt=\"\" \/><\/a>\n\t\t\t\t<\/dt><\/dl><dl class='gallery-item'>\n\t\t\t\t<dt class='gallery-icon landscape'>\n\t\t\t\t\t<a class=\"rollover rollover-zoom dt-pswp-item\" title=\"244713913_2295372137265698_6802456920454910143_n\" data-dt-img-description=\"\" data-large_image_width=\"960\" data-large_image_height=\"720\"href='https:\/\/www.radiopiu.net\/wordpress\/wp-content\/uploads\/2021\/10\/244713913_2295372137265698_6802456920454910143_n.jpg'><img loading=\"lazy\" decoding=\"async\" width=\"150\" height=\"150\" src=\"https:\/\/www.radiopiu.net\/wordpress\/wp-content\/uploads\/2021\/10\/244713913_2295372137265698_6802456920454910143_n-150x150.jpg\" class=\"attachment-thumbnail size-thumbnail\" alt=\"\" \/><\/a>\n\t\t\t\t<\/dt><\/dl><dl class='gallery-item'>\n\t\t\t\t<dt class='gallery-icon portrait'>\n\t\t\t\t\t<a class=\"rollover rollover-zoom dt-pswp-item\" title=\"245084133_2295372287265683_5905664549609277978_n\" data-dt-img-description=\"\" data-large_image_width=\"720\" data-large_image_height=\"960\"href='https:\/\/www.radiopiu.net\/wordpress\/wp-content\/uploads\/2021\/10\/245084133_2295372287265683_5905664549609277978_n.jpg'><img loading=\"lazy\" decoding=\"async\" width=\"150\" height=\"150\" src=\"https:\/\/www.radiopiu.net\/wordpress\/wp-content\/uploads\/2021\/10\/245084133_2295372287265683_5905664549609277978_n-150x150.jpg\" class=\"attachment-thumbnail size-thumbnail\" alt=\"\" \/><\/a>\n\t\t\t\t<\/dt><\/dl><br style=\"clear: both\" \/>\n\t\t\t<\/div>\n\n<\/div>\n<\/div>\n<p>&nbsp;<\/p>\n<p>&nbsp;<\/p>\n<hr \/>\n<p>&nbsp;<\/p>\n<blockquote>\n<h3>AIPD RIPARTE CON I PROGETTI. DOMENICA SCORSA LA GIORNATA CON GLI &#8220;AMICI DELLA TOPOLINO&#8221;<\/h3>\n<\/blockquote>\n<p><strong>FELTRE <\/strong>La Giornata Nazionale delle persone con Sindrome di Down, \u00e8 stata celebrata domenica 10 ottobre, come simbolo per ripartenza delle proprie attivit\u00e0, definitivamente in presenza, per la sezione AIPD sezione della provincia di Belluno APS. In questi giorni infatti sono tornati gli stand per sensibilizzare la popolazione all\u2019inclusione e per far conoscere i progetti dell\u2019Associazione. Tantissime le piazze della Provincia in cui sono stati allestiti, grazie alla disponibilit\u00e0 di soci e amici volontari, gazebo informativi: Agordo, Alleghe, Belluno, Falcade, Feltre, Lamon, Limana, Mel, Ponte Nelle Alpi. Si stanno programmando analoghi stands entro ottobre a Fonzaso, Pieve di Cadore, Santa Giustina; a Pedavena domenica scorsa. In particolare domenica si \u00e8 svolto il tradizionale giro per le strade della Valbelluna con il Club \u201cAmici della Topolino della Provincia di Belluno\u201d, con una colorata carovana formata da ben 12 auto d\u2019epoca, partendo da Belluno, con tappe a Ponte nelle Alpi e Limana ( qui onorati dal saluto dell\u2019Amministrazione comunale) con traguardo finale a Mel. Qui, dopo aver consumato insieme il pranzo, si sono svolti dei giochi in compagnia, si \u00e8 fatta visita al Museo Archeologico e alla chiesetta dell\u2019Addolorata accompagnati da guide esperte, senza trascurare una capatina tra le bancarelle della manifestazione \u201cSapori del Borgo\u201d organizzata dalla Pro Loco. La giornata trascorsa in quel di Mel \u00e8 stata proprio l\u2019occasione per \u201ctestare\u201d il senso di responsabilit\u00e0 dei ragazzi &#8211; molti infatti quelli non accompagnati dai genitori &#8211; nell\u2019uso corretto della mascherina, nel rispetto delle distanze e anche nel presentare il \u201cgreen pass\u201d.<\/p>\n\n\t\t\t<style type='text\/css'>\n\t\t\t\t#gallery-4 {\n\t\t\t\t\tmargin: auto;\n\t\t\t\t}\n\t\t\t\t#gallery-4 .gallery-item {\n\t\t\t\t\tfloat: left;\n\t\t\t\t\tmargin-top: 10px;\n\t\t\t\t\ttext-align: center;\n\t\t\t\t\twidth: 50%;\n\t\t\t\t}\n\t\t\t\t#gallery-4 img {\n\t\t\t\t\tborder: 2px solid #cfcfcf;\n\t\t\t\t}\n\t\t\t\t#gallery-4 .gallery-caption {\n\t\t\t\t\tmargin-left: 0;\n\t\t\t\t}\n\t\t\t\t\/* see gallery_shortcode() in wp-includes\/media.php *\/\n\t\t\t<\/style>\n\t\t<div id='gallery-4' class='dt-gallery-container gallery galleryid-236585 gallery-columns-2 gallery-size-medium'><dl class='gallery-item'>\n\t\t\t\t<dt class='gallery-icon landscape'>\n\t\t\t\t\t<a class=\"rollover rollover-zoom dt-pswp-item\" title=\"topolino belluno\" data-dt-img-description=\"\" data-large_image_width=\"666\" data-large_image_height=\"500\"href='https:\/\/www.radiopiu.net\/wordpress\/wp-content\/uploads\/2021\/10\/topolino-belluno.jpg'><img loading=\"lazy\" decoding=\"async\" width=\"300\" height=\"225\" src=\"https:\/\/www.radiopiu.net\/wordpress\/wp-content\/uploads\/2021\/10\/topolino-belluno-300x225.jpg\" class=\"attachment-medium size-medium\" alt=\"\" srcset=\"https:\/\/www.radiopiu.net\/wordpress\/wp-content\/uploads\/2021\/10\/topolino-belluno-300x225.jpg 300w, https:\/\/www.radiopiu.net\/wordpress\/wp-content\/uploads\/2021\/10\/topolino-belluno.jpg 666w\" sizes=\"auto, (max-width: 300px) 100vw, 300px\" \/><\/a>\n\t\t\t\t<\/dt><\/dl><dl class='gallery-item'>\n\t\t\t\t<dt class='gallery-icon landscape'>\n\t\t\t\t\t<a class=\"rollover rollover-zoom dt-pswp-item\" title=\"topolino limana\" data-dt-img-description=\"\" data-large_image_width=\"666\" data-large_image_height=\"500\"href='https:\/\/www.radiopiu.net\/wordpress\/wp-content\/uploads\/2021\/10\/topolino-limana.jpg'><img loading=\"lazy\" decoding=\"async\" width=\"300\" height=\"225\" src=\"https:\/\/www.radiopiu.net\/wordpress\/wp-content\/uploads\/2021\/10\/topolino-limana-300x225.jpg\" class=\"attachment-medium size-medium\" alt=\"\" srcset=\"https:\/\/www.radiopiu.net\/wordpress\/wp-content\/uploads\/2021\/10\/topolino-limana-300x225.jpg 300w, https:\/\/www.radiopiu.net\/wordpress\/wp-content\/uploads\/2021\/10\/topolino-limana.jpg 666w\" sizes=\"auto, (max-width: 300px) 100vw, 300px\" \/><\/a>\n\t\t\t\t<\/dt><\/dl><br style=\"clear: both\" \/>\n\t\t\t<\/div>\n\n<p>&nbsp;<\/p>\n<hr \/>\n<p>&nbsp;<\/p>\n<blockquote>\n<h3>DAL 1976 LA MESSA PER I CADUTI DELLA MONTAGNA, DOMENICA 31 OTTOBRE AD AGORDO<\/h3>\n<\/blockquote>\n<p><strong>AGORDO<\/strong>\u00a0 Anche quest&#8217;anno per iniziativa del Coro Agordo i Caduti in montagna saranno ricordati con una celebrazione religiosa accompagnata dai canti del Coro Agordo (che organizza il ricordo) nell&#8217;Arcidiaconale della citt\u00e0. Anche quest&#8217;anno la celebrazione sar\u00e0 trasmessa in tutto il mondo sulle frequenze FM e sullo streaming di Radio Pi\u00f9, in video sui canali facebook e telegram (RADIO PIU INFORMAZIONE). I posti a sedere in chiesa saranno distanziati come da norme anti covid, ridotti nel numero disponibile. E&#8217; dunque importante la comunicazione anticipata di quanti vorranno partecipare (347 8883140, mail coroagordo@libero.it). A causa della pandemia il consueto ritrovato al termine della messa nella sede del Coro non si terr\u00e0.<\/p>\n<p style=\"text-align: center;\"><strong>Di seguito l&#8217;invito e l&#8217;elenco dei Caduti in montagna\u00a0<\/strong><\/p>\n<p><a href=\"https:\/\/www.radiopiu.net\/wordpress\/dal-1976-la-messa-per-i-caduti-della-montagna-domenica-31-ottobre-ad-agordo\/c23883fb-43b3-4ece-8e75-d2dd755113a7\/\" rel=\"attachment wp-att-236491\"><img loading=\"lazy\" decoding=\"async\" class=\"wp-image-236491 size-full aligncenter\" src=\"https:\/\/www.radiopiu.net\/wordpress\/wp-content\/uploads\/2021\/10\/c23883fb-43b3-4ece-8e75-d2dd755113a7.jpg\" alt=\"\" width=\"692\" height=\"1024\" srcset=\"https:\/\/www.radiopiu.net\/wordpress\/wp-content\/uploads\/2021\/10\/c23883fb-43b3-4ece-8e75-d2dd755113a7.jpg 692w, https:\/\/www.radiopiu.net\/wordpress\/wp-content\/uploads\/2021\/10\/c23883fb-43b3-4ece-8e75-d2dd755113a7-203x300.jpg 203w\" sizes=\"auto, (max-width: 692px) 100vw, 692px\" \/><\/a><\/p>\n<p>&nbsp;<\/p>\n<hr \/>\n<p>&nbsp;<\/p>\n<blockquote>\n<h3>LA FARMACIA COMUNALE DI AGORDO CERCA UN FARMACISTA<\/h3>\n<\/blockquote>\n<p><strong><a href=\"https:\/\/www.radiopiu.net\/wordpress\/ulss-1-la-distribuzione-diretta-farmaci-cambia-orari\/farmaci-2\/\" rel=\"attachment wp-att-165029\"><img loading=\"lazy\" decoding=\"async\" class=\" wp-image-165029 alignleft\" src=\"https:\/\/www.radiopiu.net\/wordpress\/wp-content\/uploads\/2020\/10\/FARMACI-300x200.jpg\" alt=\"\" width=\"227\" height=\"151\" srcset=\"https:\/\/www.radiopiu.net\/wordpress\/wp-content\/uploads\/2020\/10\/FARMACI-300x200.jpg 300w, https:\/\/www.radiopiu.net\/wordpress\/wp-content\/uploads\/2020\/10\/FARMACI-1024x683.jpg 1024w, https:\/\/www.radiopiu.net\/wordpress\/wp-content\/uploads\/2020\/10\/FARMACI-768x512.jpg 768w, https:\/\/www.radiopiu.net\/wordpress\/wp-content\/uploads\/2020\/10\/FARMACI-1536x1024.jpg 1536w, https:\/\/www.radiopiu.net\/wordpress\/wp-content\/uploads\/2020\/10\/FARMACI.jpg 1920w\" sizes=\"auto, (max-width: 227px) 100vw, 227px\" \/><\/a>AGORDO<\/strong> \u00c8 stata indetta una selezione pubblica per la copertura di un posto a tempo determinato e pieno (40 ore settimanali) nel profilo di farmacista collaboratore. La domanda deve essere presentata entro le ore 12:00 del giorno 30 ottobre 2021 a pena di esclusione, esclusivamente mediante una delle seguenti modalita\u0300: Presentazione direttamente all\u2019Ufficio Protocollo dell\u2019AZIENDA SPECIALE \u201cAGORDO SERVIZI\u201d via insurrezione n. 18\/C \u2013 32021 AGORDO (BL); raccomandata andata\/ritorno indirizzata ad Azienda Speciale Agordo Servizi in via Insurrezione 18\/C 32021 Agordo (BL); Per via telematica mediante Posta Elettronica Certificata (PEC) all\u2019indirizzo: 04315@pec.federfarma.it\u00a0 Qualsiasi sia la modalita\u0300 utilizzata per presentare la domanda, la stessa dovra\u0300 perentoriamente pervenire entro le ore 12:00 del giorno 30 ottobre 2021. L\u2019avviso di selezione e\u0300 pubblicato sul sito: <a href=\"https:\/\/agordofarmaciacomunale.it\/\">https:\/\/agordofarmaciacomunale.it\/<\/a><\/p>\n<p>&nbsp;<\/p>\n<p>&nbsp;<\/p>\n<hr \/>\n<p>&nbsp;<\/p>\n<blockquote>\n<h3>VENERDI&#8217; IL CONSIGLIO COMUNALE A CENCENIGHE<\/h3>\n<\/blockquote>\n<p><strong>CENCENIGHE<\/strong> Il sindaco di Cencenighe Mauro Soppelsa ha convocato i consiglieri comunali venerd\u00ec alle 20:30 presso la sede del municipio. Tra i 4 punti da discutere, la nona variazione al bilancio, l&#8217;approvazione della convenzione per il servizio di tesoreria con affidamento al comune di Colle Santa Lucia e l&#8217;approvazione del regolamento per la detenzione e uso dell&#8217;armamento degli apparati della polizia locale.<\/p>\n<p>&nbsp;<\/p>\n<p>&nbsp;<\/p>\n<hr \/>\n<p>&nbsp;<\/p>\n<blockquote>\n<h3>A COLLE SANTA LUCIA IL CONSIGLIO COMUNALE SABATO MATTINA<\/h3>\n<\/blockquote>\n<p><strong>COLLE SANTA LUCIA<\/strong> Il sindaco di Colle Santa Lucia Paolo Frena ha convocato il consiglio comunale per sabato mattina alle 8. Saranno 5 i punti da discutere comprese le comunicazioni del primo cittadino. Tra questi l&#8217;ottava variazione al bilancio, l&#8217;approvazione della convenzione di tesoreria con altri otto comuni dell&#8217;Agordino e le variazioni ed integrazioni al programma triennale 2021\/2023.<\/p>\n<p>&nbsp;<\/p>\n<p>&nbsp;<\/p>\n<hr \/>\n<p>&nbsp;<\/p>\n<blockquote>\n<h3>ERASMUS DAY, L\u2019AREA EUROPA APRE GLI SPAZI DELLA SEDE<\/h3>\n<\/blockquote>\n<p><strong>BELLUNO <\/strong>In occasione della quinta edizione dell&#8217;evento europeo \u201cErasmusdays\u201d, l&#8217;Area Europa del Comitato d\u2019Intesa organizza un evento informativo in presenza, sui temi degli scambi all\u2019estero, nel pomeriggio di venerd\u00ec 15 ottobre, dalle 15 alle 17. L&#8217;evento si svolger\u00e0 presso la sede dell&#8217;associazione, in via del Piave 5 a Belluno, in una modalit\u00e0 non didattica, ma bens\u00ec interattiva e informale. Il limite dei partecipanti \u00e8 di 25 persone dunque si preferisce l\u2019iscrizione via mail a europa@csvbelluno.it o inviando un messaggio al numero 329 6462513. Vi \u00e8 inoltre l&#8217;obbligo, per poter accedere, di possesso di Green Pass.<\/p>\n<p>&nbsp;<\/p>\n<p>&nbsp;<\/p>\n<hr \/>\n<p>&nbsp;<\/p>\n<blockquote>\n<h3>GLI APPUNTAMENTI DI OTTOBRE ROSA DELL&#8217;ULSS 1 DOLOMITI<\/h3>\n<\/blockquote>\n<p class=\"gmail-o9v6fnle gmail-cxmmr5t8 gmail-oygrvhab gmail-hcukyx3x gmail-c1et5uql gmail-ii04i59q\"><strong><a href=\"https:\/\/www.radiopiu.net\/wordpress\/giornale-radiopiu-09-ottobre-2021-direttore-mirko-mezzacasa\/ottobre-rosa\/\" rel=\"attachment wp-att-236082\"><img loading=\"lazy\" decoding=\"async\" class=\" wp-image-236082 alignleft\" src=\"https:\/\/www.radiopiu.net\/wordpress\/wp-content\/uploads\/2021\/10\/ottobre-rosa-212x300.png\" alt=\"\" width=\"134\" height=\"190\" srcset=\"https:\/\/www.radiopiu.net\/wordpress\/wp-content\/uploads\/2021\/10\/ottobre-rosa-212x300.png 212w, https:\/\/www.radiopiu.net\/wordpress\/wp-content\/uploads\/2021\/10\/ottobre-rosa-724x1024.png 724w, https:\/\/www.radiopiu.net\/wordpress\/wp-content\/uploads\/2021\/10\/ottobre-rosa-768x1086.png 768w, https:\/\/www.radiopiu.net\/wordpress\/wp-content\/uploads\/2021\/10\/ottobre-rosa-1086x1536.png 1086w, https:\/\/www.radiopiu.net\/wordpress\/wp-content\/uploads\/2021\/10\/ottobre-rosa.png 1414w\" sizes=\"auto, (max-width: 134px) 100vw, 134px\" \/><\/a>BELLUNO <\/strong>In occasione del mese dedicato alla sensibilizzazione sui tumori al seno, l&#8217;Ulss Dolomiti propone una serie di incontri di Gmeet aperti alla cittadinanza con l&#8217;obiettivo di favorire il dialogo con e tra le donne. Si parler\u00e0 di prevenzione, cura chirurgica, terapie oncologiche e radioterapiche e di come ricominciare a prendersi cura di s\u00e9 partendo da una lezione di trucco. Ecco il calendario: Un appuntamento speciale: la mammografia (senza segreti), Oggi ore 18.00 &#8211; 19.00. Incontro con: Nicoletta De Marzo (medico della prevenzione) e Elena Fabbro (radiologa). Ho un tumore al seno. E adesso cosa succede? Mercoled\u00ec 20 ottobre ore 18.00 &#8211; 19.00, Incontro con: Laura Renon e Mauro Dal Soler (chirurghi). Il percorso prima e dopo l&#8217;operazione, Luned\u00ec 25 ottobre ore 18.00 &#8211; 19.00, Incontro con: Fable Zustovich (oncologo) e Filippo De Renzi (radioterapista). Ricomincio da me. Incontro con make up artist, Mercoled\u00ec 27 ottobre ore 18.00 &#8211; 19.00, Incontro con: Serena Zatta (make up artist)<\/p>\n<p>&nbsp;<\/p>\n<p>&nbsp;<\/p>\n<hr \/>\n<p>&nbsp;<\/p>\n<blockquote>\n<h3>I COLORI DELL&#8217;AUTUNNO, IL CONCORSO FOTOGRAFICO<\/h3>\n<\/blockquote>\n<p><strong><a href=\"https:\/\/www.radiopiu.net\/wordpress\/giornale-radiopiu-05-ottobre-2021-direttore-mirko-mezzacasa\/11872114_851463808295033_304473982179215535_o\/\" rel=\"attachment wp-att-235245\"><img loading=\"lazy\" decoding=\"async\" class=\"wp-image-235245 alignleft\" src=\"https:\/\/www.radiopiu.net\/wordpress\/wp-content\/uploads\/2021\/10\/11872114_851463808295033_304473982179215535_o-300x225.jpg\" alt=\"\" width=\"156\" height=\"117\" srcset=\"https:\/\/www.radiopiu.net\/wordpress\/wp-content\/uploads\/2021\/10\/11872114_851463808295033_304473982179215535_o-300x225.jpg 300w, https:\/\/www.radiopiu.net\/wordpress\/wp-content\/uploads\/2021\/10\/11872114_851463808295033_304473982179215535_o-1024x768.jpg 1024w, https:\/\/www.radiopiu.net\/wordpress\/wp-content\/uploads\/2021\/10\/11872114_851463808295033_304473982179215535_o-768x576.jpg 768w, https:\/\/www.radiopiu.net\/wordpress\/wp-content\/uploads\/2021\/10\/11872114_851463808295033_304473982179215535_o-1536x1152.jpg 1536w, https:\/\/www.radiopiu.net\/wordpress\/wp-content\/uploads\/2021\/10\/11872114_851463808295033_304473982179215535_o.jpg 2048w\" sizes=\"auto, (max-width: 156px) 100vw, 156px\" \/><\/a>CENCENIGHE<\/strong> La proloco ha indetto un concorso fotografico sui colori della stagione appena iniziata. Le fotografie dovranno pervenire entro il 31 ottobre all&#8217;indirizzo: concorsocoloriautunno@gmail.com. Sabato 13 novembre alle 15 la premiazione con l&#8217;esposizione delle foto al Nof Filo&#8217;. Il regolamento sul sito www.prolococencenighe.it<\/p>\n<p><span style=\"color: #ff0000;\">LO SPECIALE ALLA RADIO\u00a0<\/span><br \/>\n<strong>OSPITI: Milena Soppelsa, Francesca Trentin, Elisa Cancel e Orietta Scardanzan\u00a0<\/strong><\/p>\n<p><strong>di Claudio Fontanive<\/strong><\/p>\n<audio class=\"wp-audio-shortcode\" id=\"audio-236585-6\" preload=\"none\" style=\"width: 100%;\" controls=\"controls\"><source type=\"audio\/mpeg\" src=\"https:\/\/www.radiopiu.net\/wordpress\/wp-content\/uploads\/2021\/10\/concorso-fotografico-04-ottobre.mp3?_=6\" \/><a href=\"https:\/\/www.radiopiu.net\/wordpress\/wp-content\/uploads\/2021\/10\/concorso-fotografico-04-ottobre.mp3\">https:\/\/www.radiopiu.net\/wordpress\/wp-content\/uploads\/2021\/10\/concorso-fotografico-04-ottobre.mp3<\/a><\/audio>\n<p>&nbsp;<\/p>\n<p>&nbsp;<\/p>\n<hr \/>\n<p>&nbsp;<\/p>\n<blockquote>\n<h3>E CON LA PROLOCO&#8230; LA PALESTRA DIGITALE<\/h3>\n<\/blockquote>\n<p><a href=\"https:\/\/www.radiopiu.net\/wordpress\/giornale-radiopiu-05-ottobre-2021-direttore-mirko-mezzacasa\/locandina-computer\/\" rel=\"attachment wp-att-235276\"><img loading=\"lazy\" decoding=\"async\" class=\"wp-image-235276 alignleft\" src=\"https:\/\/www.radiopiu.net\/wordpress\/wp-content\/uploads\/2021\/10\/locandina-computer-212x300.jpg\" alt=\"\" width=\"114\" height=\"161\" srcset=\"https:\/\/www.radiopiu.net\/wordpress\/wp-content\/uploads\/2021\/10\/locandina-computer-212x300.jpg 212w, https:\/\/www.radiopiu.net\/wordpress\/wp-content\/uploads\/2021\/10\/locandina-computer-724x1024.jpg 724w, https:\/\/www.radiopiu.net\/wordpress\/wp-content\/uploads\/2021\/10\/locandina-computer-768x1086.jpg 768w, https:\/\/www.radiopiu.net\/wordpress\/wp-content\/uploads\/2021\/10\/locandina-computer-1086x1536.jpg 1086w, https:\/\/www.radiopiu.net\/wordpress\/wp-content\/uploads\/2021\/10\/locandina-computer.jpg 1414w\" sizes=\"auto, (max-width: 114px) 100vw, 114px\" \/><\/a><\/p>\n<p><strong>\u00a0<\/strong><\/p>\n<p><strong>CENCENIGHE<\/strong> Presso l&#8217;ufficio turistico-Biblioteca sono a disposizione alcuni computer per accedere gratuitamente ai servizi della Pubblica Amministrazione. I Pc sono stati acquistati grazie al finanziamento Por Obiettivo Investimenti in favore della crescita dell&#8217;occupazione, fondo europeo di sviluppo regionale 2014-2020. Informazioni all&#8217;ufficio turistico, 0437 591549<\/p>\n<p>&nbsp;<\/p>\n<p>&nbsp;<\/p>\n<p>&nbsp;<\/p>\n<hr \/>\n<p>&nbsp;<\/p>\n<blockquote>\n<h3 style=\"text-align: left;\" align=\"CENTER\"><span style=\"color: #1f3864;\"><span style=\"font-family: Candara, serif;\"><span style=\"font-size: x-large;\"><b><a href=\"https:\/\/www.radiopiu.net\/wordpress\/giornale-radiopiu-07-ottobre-2021-direttore-mirko-mezzacasa\/its-2019-5718-2\/\" rel=\"attachment wp-att-235698\"><img loading=\"lazy\" decoding=\"async\" class=\" wp-image-235698 alignleft\" src=\"https:\/\/www.radiopiu.net\/wordpress\/wp-content\/uploads\/2021\/10\/ITS-2019-5718-2-300x200.jpg\" alt=\"\" width=\"242\" height=\"161\" srcset=\"https:\/\/www.radiopiu.net\/wordpress\/wp-content\/uploads\/2021\/10\/ITS-2019-5718-2-300x200.jpg 300w, https:\/\/www.radiopiu.net\/wordpress\/wp-content\/uploads\/2021\/10\/ITS-2019-5718-2-1024x683.jpg 1024w, https:\/\/www.radiopiu.net\/wordpress\/wp-content\/uploads\/2021\/10\/ITS-2019-5718-2-768x512.jpg 768w, https:\/\/www.radiopiu.net\/wordpress\/wp-content\/uploads\/2021\/10\/ITS-2019-5718-2.jpg 1500w\" sizes=\"auto, (max-width: 242px) 100vw, 242px\" \/><\/a>IL 26 OTTOBRE L\u2019ULTIMA SELEZIONE PER PARTECIPARE <\/b><\/span><\/span><\/span><span style=\"color: #1f3864;\"><span style=\"font-family: Candara, serif;\"><span style=\"font-size: x-large;\"><span lang=\"en-GB\"><b>AL CORSO ITS PER EYEWEAR PRODUCT MANAGER<\/b><\/span><\/span><\/span><\/span><\/h3>\n<\/blockquote>\n<p><strong>LONGARONE<\/strong>\u00a0 \u00a0I<span style=\"font-family: Candara, serif;\"><span style=\"font-size: large;\">l corso ITS Academy per Eyewear Product manager <\/span><\/span><span style=\"font-family: Candara, serif;\"><span style=\"font-size: large;\">\u00a0il <\/span><\/span><span style=\"font-family: Candara, serif;\"><span style=\"font-size: large;\">26 ottobre<\/span><\/span><span style=\"font-family: Candara, serif;\"><span style=\"font-size: large;\"> selezioner\u00e0 gli ultimi candidati per l\u20198\u00b0 edizione, i<\/span><\/span><span style=\"font-size: large; font-family: Candara, serif;\">l corso gestito dall\u2019Area Formazione di Certottica, la Fondazione di riferimento \u00e8 la Fashion Academy ITS Cosmo, con sede a Padova, che ha in capo tutto il mondo della moda e dei suoi accessori.\u00a0 Gli ITS giovano del contributo del MIUR e della Regione del Veneto nel solco del Fondo Sociale Europeo. <\/span><span style=\"font-family: Candara, serif;\"><span style=\"font-size: large;\">Per accedere alla prossima selezione \u00e8 possibile procedere all\u2019iscrizione direttamente dall\u2019home page della Fondazione <\/span><\/span><a href=\"http:\/\/www.itscosmo.it\"><span style=\"color: #00000a;\"><span style=\"font-family: Candara, serif;\"><span style=\"font-size: large;\">www.itscosmo.it<\/span><\/span><\/span><\/a><span style=\"font-family: Candara, serif;\"><span style=\"font-size: large;\">.\u00a0<\/span><\/span><\/p>\n<p>&nbsp;<\/p>\n<p>&nbsp;<\/p>\n<hr \/>\n<p>&nbsp;<\/p>\n<blockquote>\n<h3>CSV BELLUNO E TREVISO APRE UN BANDO PER BORSE DI STUDIO<\/h3>\n<\/blockquote>\n<p><strong>BELLUNO<\/strong> Anche il CSV (centro servizi per il volontariato) Belluno Treviso per valorizzare il ricordo (nel centenario della sua nascita 10.10.1921) del grande scrittore poeta, Andrea Zanzotto, ha promosso un concorso letterario, con riconoscimento di borse di studio, per studenti universitari residenti nelle province di Belluno e Treviso. Gli interessati, per la partecipazione al concorso, dovranno chiedere il bando alle Segreterie delle sedi territoriali CSV Belluno e\/o Treviso. Il bando su Andrea Zanzotto si affianca agli altri due concorsi CSV BL TV, sulle straordinarie personalit\u00e0 culturali venete: Mario Rigoni Stern e Dino Buzzati<\/p>\n<p>&nbsp;<\/p>\n<p>&nbsp;<\/p>\n<hr \/>\n<p>&nbsp;<\/p>\n<blockquote>\n<h3>\u00a0PIANO STRAORDINARIO SPORT E SALUTE PER LA SCUOLA PRIMARIA E SECONDARIA DI PRIMO GRADO<\/h3>\n<\/blockquote>\n<p><strong>BELLUNO<\/strong> Sono aperte \u00a0le adesioni per le scuole primarie che vogliono partecipare a Scuola Attiva Kids, la proposta motoria, sportiva ed educativa dedicata alla scuola primaria. Avvio del progetto ad inizio novembre, con l\u2019arrivo dei Tutor sportivi scolastici nelle scuole che aderiranno. Progetto promosso da Sport e Salute &#8211; d\u2019intesa con la Sottosegretaria allo Sport &#8211; e il Ministero dell\u2019Istruzione, per promuovere l\u2019attivit\u00e0 fisica e sportiva, oltre alla cultura del benessere e del movimento, nella scuola primaria. Fino al 18 ottobre, le scuole possono aderire all\u2019iniziativa, tramite apposita piattaforma informatica presente nella pagina dedicata del sito di Sport e Salute. Concluse, invece, le candidature dei Tutor Sportivi Scolastici (laureati in Scienze motorie o diplomati ISEF). La piattaforma per adesioni e candidature \u00e8 raggiungibile dal sito www.sportesalute.eu<\/p>\n<p>&nbsp;<\/p>\n<hr \/>\n<p>&nbsp;<\/p>\n<blockquote>\n<h3>MONGOLFIERA DI GIORGIA, TEMPO DI BANDI<\/h3>\n<\/blockquote>\n<p><strong>BELLUNO<\/strong> Chiuso il bando straordinario che quest&#8217;estate ha messo a disposizione due pacchetti da 10 sedute di fisioterapia. Entro i termini previsti \u00e8 stata ricevuta una sola richiesta che \u00e8 stata accettata dal Consiglio nella seduta del 24 settembre e, quindi, RDP (22 anni di Belluno) si \u00e8 aggiudicato uno dei due pacchetti, il secondo pacchetto non aggiudicato \u00e8 stato\u00a0 sostituito da un&#8217;offerta di 250 euro. A breve \u00a0il bando ordinario: il settimo. Come di consueto questo bando sar\u00e0 attivo dal 10 ottobre (quinto anniversario di Giorgia) fino alla mezzanotte del 9 dicembre. La novit\u00e0 \u00e8 che la cifra messa a disposizione questa volta \u00e8 di 6.000 euro.<\/p>\n<a href=\"https:\/\/www.radiopiu.net\/wordpress\/wp-content\/uploads\/2021\/10\/bando-ottobre-2021-1.pdf\" class=\"pdfemb-viewer\" style=\"\" data-width=\"max\" data-height=\"max\" data-toolbar=\"top\" data-toolbar-fixed=\"on\">bando ottobre 2021-1<\/a>\n<p>&nbsp;<\/p>\n<hr \/>\n<p>&nbsp;<\/p>\n<blockquote>\n<h3>MARIANNA CORONA PRESENTA IL SIO LIBRO CON DOLOMITI HUB<\/h3>\n<\/blockquote>\n<p><strong>FONZASO<\/strong> Dolomiti Hub ospita nelle sue piattaforme online Marianna Corona, insegnante di yoga e figlia dello scrittore Mauro. domani alle ore 20.30, in diretta web sulla pagina Facebook e sul canale YouTube l\u2019autrice sar\u00e0 in collegamento per presentare il suo libro \u201cFiorire tra le rocce. La via dell\u2019equilibrio quando la vita si fa ripida\u201d, moderata da Elisa Da Rin.<\/p>\n<p>&nbsp;<\/p>\n<p>&nbsp;<\/p>\n<hr \/>\n<p>&nbsp;<\/p>\n<blockquote>\n<h3>RITORNA IL MERCATINO DI SAN MARTINO<\/h3>\n<\/blockquote>\n<p><strong>BELLUNO<\/strong> Ritorna a Salce dopo un anno di arresto forzato dovuto alla pandemia Covid il \u201cMercatino di San Martino\u201d, che rappresenta non solo un&#8217;opportunit\u00e0 di solidariet\u00e0, ma anche una delle pi\u00f9 belle feste paesane del periodo autunnale. In oltre 30 anni di storia il mercatino continua ancor oggi ad unire occasioni di intrattenimento e fratellanza. L\u2019appuntamento, nel rispetto delle normative anti contagio, in questo 2021 \u00e8 per domenica 7 novembre presso il campo sportivo di Salce \u2013 \u201ccasetta degli Alpini\u201d con inizio alle ore 9.00. Saranno a disposizione dei visitatori non solo prodotti ortofrutticoli locali, ma anche prodotti dolciari come i tipici crostoli, le torte, i biscotti e gli oggetti frutto dell\u2019artigianato locale. Una delle chicche pi\u00f9 apprezzate dai visitatori sono i prodotti \u201ctake-away\u201d come i pasticci pronti da infornare, le trippe, i canederli e molto altro ancora. Per facilitare la vendita ed evitare assembramenti alcuni prodotti sono pre ordinabili al telefono o online: tutte le informazioni utili nel sito www.parrocchiadisalce.it.<\/p>\n<p>&nbsp;<\/p>\n<hr \/>\n<p>&nbsp;<\/p>\n<p>&nbsp;<\/p>\n<blockquote>\n<h3>DOMENICA CON IL CAI DI AGORDO PER IL TROI DEI CIMBRI<\/h3>\n<\/blockquote>\n<p><strong>AGORDO\u00a0<\/strong> I Cimbri, popolo di origine tedesca, gi\u00e0 dall&#8217;anno mille scesero per lavorare come boscaioli stagionali nella foresta del Cansiglio, il Cai di Agordo nell&#8217;ambito delle escursioni di alpinismo giovanile lo percorrer\u00e0\u00a0 lungo un sentiero che proprio da loro prende il nome. Il &#8220;Troi dei Cimbri&#8221; \u00e8 un facile percorso sull&#8217;altopiano del Cansiglio che attraversa la famosa foresta con i suoi faggi e abeti bianchi, in questo periodo particolarmente affascinante e variopinta. L&#8217;appuntamento \u00a0per i giovani aquilotti e famiglie \u00e8 per domenica 17 ottobre con una escursione medio-facile che ci far\u00e0 conoscere meglio questo angolo della provincia bellunese.<\/p>\n<p>&nbsp;<\/p>\n<p>&nbsp;<\/p>\n<hr \/>\n<p>&nbsp;<\/p>\n<blockquote>\n<h3>IL LIBRO DI DANILO COPPE &#8220;CRIMINI ESPLOSIVI&#8221; SARA&#8217; PRESENTATO IN SALA DON TAMIS IL 15 OTTOBRE<\/h3>\n<\/blockquote>\n<p><strong><a href=\"https:\/\/www.radiopiu.net\/wordpress\/il-libro-di-danilo-coppe-crimini-esplosivi-sara-presentato-in-sala-don-tamis-il-15-ottobre\/crimini-esplosivi-green-pass\/\" rel=\"attachment wp-att-235916\"><img loading=\"lazy\" decoding=\"async\" class=\"size-medium wp-image-235916 alignleft\" src=\"https:\/\/www.radiopiu.net\/wordpress\/wp-content\/uploads\/2021\/10\/crimini-esplosivi-green-pass-212x300.jpg\" alt=\"\" width=\"212\" height=\"300\" srcset=\"https:\/\/www.radiopiu.net\/wordpress\/wp-content\/uploads\/2021\/10\/crimini-esplosivi-green-pass-212x300.jpg 212w, https:\/\/www.radiopiu.net\/wordpress\/wp-content\/uploads\/2021\/10\/crimini-esplosivi-green-pass-724x1024.jpg 724w, https:\/\/www.radiopiu.net\/wordpress\/wp-content\/uploads\/2021\/10\/crimini-esplosivi-green-pass-768x1086.jpg 768w, https:\/\/www.radiopiu.net\/wordpress\/wp-content\/uploads\/2021\/10\/crimini-esplosivi-green-pass-1086x1536.jpg 1086w, https:\/\/www.radiopiu.net\/wordpress\/wp-content\/uploads\/2021\/10\/crimini-esplosivi-green-pass-1448x2048.jpg 1448w, https:\/\/www.radiopiu.net\/wordpress\/wp-content\/uploads\/2021\/10\/crimini-esplosivi-green-pass.jpg 1754w\" sizes=\"auto, (max-width: 212px) 100vw, 212px\" \/><\/a> <\/strong><\/p>\n<p><strong>\u00a0 <\/strong><\/p>\n<p><strong>\u00a0<\/strong><\/p>\n<p><strong>AGORDO <\/strong>Si parla di Crimini Esplosivi con l\u2019omonimo libro, nella presentazione organizzata dall\u2019APIM Associazione Periti Minerari. Venerd\u00ec 15 ottobre alle ore 18.00 presso la Sala Don Tamis di Agordo, l\u2019autore Danilo Coppe, noto esplosivista, riveler\u00e0 molti segreti che hanno caratterizzato, fra l\u2019altro, gli Anni di Piombo e tutte le altre vicende storiche che hanno visto protagonisti negativi gli esplosivi. Danilo Coppe \u00e8 uno che gli esplosivi li ha sempre usati a fin di bene, come quando ha abbattuto le campate 10 e 11 del Ponte Morandi. Ma la sua attivit\u00e0 di consulente per tanti Tribunali italiani gli hanno consentito di studiare anche i fenomeni criminali e terroristici, avendo a disposizione una moltitudine di documenti inediti. L\u2019incontro \u00e8 aperto a tutti. Ingresso con green pass.<\/p>\n<p>&nbsp;<\/p>\n<p>&nbsp;<\/p>\n<hr \/>\n<p>&nbsp;<\/p>\n<p style=\"text-align: center;\"><strong>RINASCE LA CORALITA&#8217;\u00a0<\/strong><\/p>\n<p><a href=\"https:\/\/www.radiopiu.net\/wordpress\/giornale-radiopiu-13-ottobre-2021-direttore-mirko-mezzacasa\/245080829_1011662246286010_2438703064500773513_n\/\" rel=\"attachment wp-att-236727\"><img loading=\"lazy\" decoding=\"async\" class=\" wp-image-236727 aligncenter\" src=\"https:\/\/www.radiopiu.net\/wordpress\/wp-content\/uploads\/2021\/10\/245080829_1011662246286010_2438703064500773513_n-210x300.jpg\" alt=\"\" width=\"273\" height=\"390\" srcset=\"https:\/\/www.radiopiu.net\/wordpress\/wp-content\/uploads\/2021\/10\/245080829_1011662246286010_2438703064500773513_n-210x300.jpg 210w, https:\/\/www.radiopiu.net\/wordpress\/wp-content\/uploads\/2021\/10\/245080829_1011662246286010_2438703064500773513_n.jpg 504w\" sizes=\"auto, (max-width: 273px) 100vw, 273px\" \/><\/a><\/p>\n<p>&nbsp;<\/p>\n<hr \/>\n<p>&nbsp;<\/p>\n<p><span style=\"color: #ff0000;\">ARCHIVIO\u00a0<\/span><\/p>\n<blockquote><p>LE DONNE DI RADIO PIU&#8217;<\/p><\/blockquote>\n<p>&nbsp;<\/p>\n<p>https:\/\/www.facebook.com\/AdAgordoProloco\/videos\/490949032107524<\/p>\n<p>&nbsp;<\/p>\n<p>&nbsp;<\/p>\n<hr \/>\n<p>&nbsp;<\/p>\n<h1><span style=\"color: #ff0000;\"><a href=\"https:\/\/www.radiopiu.net\/wordpress\/giornale-radiopiu-13-ottobre-2021-direttore-mirko-mezzacasa\/img_20211011_164800\/\" rel=\"attachment wp-att-236696\"><img loading=\"lazy\" decoding=\"async\" class=\"wp-image-236696 alignleft\" src=\"https:\/\/www.radiopiu.net\/wordpress\/wp-content\/uploads\/2021\/10\/IMG_20211011_164800-300x224.jpg\" alt=\"\" width=\"171\" height=\"128\" srcset=\"https:\/\/www.radiopiu.net\/wordpress\/wp-content\/uploads\/2021\/10\/IMG_20211011_164800-300x224.jpg 300w, https:\/\/www.radiopiu.net\/wordpress\/wp-content\/uploads\/2021\/10\/IMG_20211011_164800-1024x766.jpg 1024w, https:\/\/www.radiopiu.net\/wordpress\/wp-content\/uploads\/2021\/10\/IMG_20211011_164800-768x574.jpg 768w, https:\/\/www.radiopiu.net\/wordpress\/wp-content\/uploads\/2021\/10\/IMG_20211011_164800-1536x1149.jpg 1536w, https:\/\/www.radiopiu.net\/wordpress\/wp-content\/uploads\/2021\/10\/IMG_20211011_164800-2048x1532.jpg 2048w\" sizes=\"auto, (max-width: 171px) 100vw, 171px\" \/><\/a>IERI ALLA RADIO<\/span><\/h1>\n<p><strong>120-80 in collaborazione con il Poliambulatorio Agordino<\/strong><\/p>\n<p>ospite il dottor Roberto Bertone<\/p>\n<p>di Claudio Fontanive<\/p>\n<audio class=\"wp-audio-shortcode\" id=\"audio-236585-7\" preload=\"none\" style=\"width: 100%;\" controls=\"controls\"><source type=\"audio\/mpeg\" src=\"https:\/\/www.radiopiu.net\/wordpress\/wp-content\/uploads\/2021\/10\/roberto-bertone-11-ottobre.mp3?_=7\" \/><a href=\"https:\/\/www.radiopiu.net\/wordpress\/wp-content\/uploads\/2021\/10\/roberto-bertone-11-ottobre.mp3\">https:\/\/www.radiopiu.net\/wordpress\/wp-content\/uploads\/2021\/10\/roberto-bertone-11-ottobre.mp3<\/a><\/audio>\n<p>&nbsp;<\/p>\n<p>&nbsp;<\/p>\n<hr \/>\n<p>&nbsp;<\/p>\n<div>\n<div class=\"b654a4as d2edcug0\">\n<div class=\"rq0escxv hkbzh7o3 jwdofwj8 n8tt0mok r8blr3vg hyh9befq\">\n<p><a class=\"dt-pswp-item\" href=\"https:\/\/www.radiopiu.net\/wordpress\/wp-content\/uploads\/2020\/10\/pp.jpg\" data-dt-img-description=\"\" data-large_image_width=\"640\" data-large_image_height=\"640\"><img loading=\"lazy\" decoding=\"async\" class=\"wp-image-163678 alignleft\" src=\"https:\/\/www.radiopiu.net\/wordpress\/wp-content\/uploads\/2020\/10\/pp-300x300.jpg\" alt=\"\" width=\"106\" height=\"106\" srcset=\"https:\/\/www.radiopiu.net\/wordpress\/wp-content\/uploads\/2020\/10\/pp-300x300.jpg 300w, https:\/\/www.radiopiu.net\/wordpress\/wp-content\/uploads\/2020\/10\/pp-150x150.jpg 150w, https:\/\/www.radiopiu.net\/wordpress\/wp-content\/uploads\/2020\/10\/pp-125x125.jpg 125w, https:\/\/www.radiopiu.net\/wordpress\/wp-content\/uploads\/2020\/10\/pp-200x200.jpg 200w, https:\/\/www.radiopiu.net\/wordpress\/wp-content\/uploads\/2020\/10\/pp-80x80.jpg 80w, https:\/\/www.radiopiu.net\/wordpress\/wp-content\/uploads\/2020\/10\/pp-480x480.jpg 480w, https:\/\/www.radiopiu.net\/wordpress\/wp-content\/uploads\/2020\/10\/pp.jpg 640w\" sizes=\"auto, (max-width: 106px) 100vw, 106px\" \/><\/a><\/p>\n<\/div>\n<\/div>\n<\/div>\n<div>\n<div class=\"page-title-head hgroup\">\n<div class=\"page-title-head hgroup\">\n<div class=\"b654a4as d2edcug0\">\n<div class=\"j83agx80 btwxx1t3 lhclo0ds hop8lmos nkwizq5d scwd0bx6 roh60bw9\">\n<div class=\"rq0escxv hkbzh7o3 jwdofwj8 n8tt0mok r8blr3vg hyh9befq\">\n<div class=\"do00u71z l9j0dhe7 k4urcfbm\">\n<h2><span style=\"color: #000080;\">DON CESARE, IL PENSIERO DEL GIORNO. ALLA RADIO ALLE 7 DEL MATTINO E ALLE 19.30 DELLA SERA.\u00a0\u00a0<\/span><\/h2>\n<p>&nbsp;<\/p>\n<audio class=\"wp-audio-shortcode\" id=\"audio-236585-8\" preload=\"none\" style=\"width: 100%;\" controls=\"controls\"><source type=\"audio\/mpeg\" src=\"https:\/\/www.radiopiu.net\/wordpress\/wp-content\/uploads\/2021\/10\/CESARE-4.mp3?_=8\" \/><a href=\"https:\/\/www.radiopiu.net\/wordpress\/wp-content\/uploads\/2021\/10\/CESARE-4.mp3\">https:\/\/www.radiopiu.net\/wordpress\/wp-content\/uploads\/2021\/10\/CESARE-4.mp3<\/a><\/audio>\n<p>&nbsp;<\/p>\n<p>&nbsp;<\/p>\n<hr \/>\n<p>&nbsp;<\/p>\n<div>\n<div>\n<h3 class=\"kvgmc6g5 cxmmr5t8 oygrvhab hcukyx3x c1et5uql\"><span style=\"color: #0000ff;\">INFORMAZIONE il canale su TELEGRAM informazione di prima mano e in tempo reale. iscriviti ed aiutaci a farlo conoscere\u00a0\u00a0<\/span><\/h3>\n<\/div>\n<div>\n<div class=\"page-title-head hgroup\">\n<div class=\"page-title-head hgroup\">\n<div class=\"page-title-head hgroup\">\n<div class=\"page-title-head hgroup\">\n<div class=\"b654a4as d2edcug0\">\n<div class=\"page-title-head hgroup\">\n<div class=\"page-title-head hgroup\">\n<div class=\"page-title-head hgroup\">\n<div class=\"page-title-head hgroup\">\n<div class=\"b654a4as d2edcug0\">\n<div>\n<p>&nbsp;<\/p>\n<\/div>\n<div>\n<div class=\"page-title-head hgroup\">\n<div class=\"page-title-head hgroup\">\n<div class=\"page-title-head hgroup\">\n<div class=\"page-title-head hgroup\">\n<div class=\"page-title-head hgroup\">\n<div class=\"b654a4as d2edcug0\">\n<div>\n<hr \/>\n<\/div>\n<\/div>\n<div>\n<p><strong>\u00a0<\/strong><\/p>\n<div>\n<p><strong>DUE MINUTI UN LIBRO, TUTTI I GIORNI ALLA RADIO ALLE 9.40 E ALLE 17.50<\/strong><\/p>\n<p><strong>LA RACCOLTA COMPLETA\u00a0\u00a0<\/strong><\/p>\n<\/div>\n<div>\n<blockquote class=\"wp-embedded-content\" data-secret=\"EEi21JuEbd\"><p><a href=\"https:\/\/www.radiopiu.net\/wordpress\/due-minuti-un-libro\/\">Due minuti un libro<\/a><\/p><\/blockquote>\n<p><iframe loading=\"lazy\" class=\"wp-embedded-content\" sandbox=\"allow-scripts\" security=\"restricted\" style=\"position: absolute; clip: rect(1px, 1px, 1px, 1px);\" title=\"&#8220;Due minuti un libro&#8221; &#8212; Radio Pi\u00f9\" src=\"https:\/\/www.radiopiu.net\/wordpress\/due-minuti-un-libro\/embed\/#?secret=EEi21JuEbd\" data-secret=\"EEi21JuEbd\" width=\"600\" height=\"338\" frameborder=\"0\" marginwidth=\"0\" marginheight=\"0\" scrolling=\"no\"><\/iframe><\/p>\n<p>&nbsp;<\/p>\n<\/div>\n<\/div>\n<div>\n<p>&nbsp;<\/p>\n<\/div>\n<div class=\"mkdf-post-text\">\n<div class=\"mkdf-post-text-inner\">\n<div class=\"mkdf-post-text-main\">\n<div class=\"mkdf-post-text\">\n<div class=\"mkdf-post-text-inner\">\n<div class=\"mkdf-post-text-main\">\n<div class=\"mkdf-post-text\">\n<div class=\"mkdf-post-text-inner\">\n<div class=\"mkdf-post-text-main\">\n<div class=\"page-title-head hgroup\">\n<div class=\"page-title-head hgroup\">\n<div class=\"mkdf-post-text\">\n<div class=\"mkdf-post-text-inner\">\n<div class=\"mkdf-post-text-main\">\n<div class=\"mkdf-post-text\">\n<div class=\"mkdf-post-text-inner\">\n<div class=\"mkdf-post-text-main\">\n<div class=\"page-title-head hgroup\">\n<div class=\"page-title-head hgroup\">\n<div class=\"page-title-head hgroup\">\n<div class=\"page-title-head hgroup\">\n<div class=\"b654a4as d2edcug0\">\n<div class=\"page-title-head hgroup\">\n<div class=\"page-title-head hgroup\">\n<div class=\"page-title-head hgroup\">\n<div class=\"page-title-head hgroup\">\n<div class=\"b654a4as d2edcug0\">\n<div class=\"page-title-head hgroup\">\n<div class=\"page-title-head hgroup\">\n<div class=\"page-title-head hgroup\">\n<div class=\"page-title-head hgroup\">\n<div class=\"b654a4as d2edcug0\">\n<div><\/div>\n<div>\n<hr \/>\n<\/div>\n<div><\/div>\n<div>\n<h2><span style=\"color: #3366ff;\">GIROVAGANDO ALLA RADIO<\/span><\/h2>\n<blockquote class=\"wp-embedded-content\" data-secret=\"Qz94WBMRSP\"><p><a href=\"https:\/\/www.radiopiu.net\/wordpress\/girovagando-in-e-bike-tra-le-dolomiti\/\">GIROVAGANDO IN E BIKE TRA LE DOLOMITI<\/a><\/p><\/blockquote>\n<p><iframe loading=\"lazy\" class=\"wp-embedded-content\" sandbox=\"allow-scripts\" security=\"restricted\" style=\"position: absolute; clip: rect(1px, 1px, 1px, 1px);\" title=\"&#8220;GIROVAGANDO IN E BIKE TRA LE DOLOMITI&#8221; &#8212; Radio Pi\u00f9\" src=\"https:\/\/www.radiopiu.net\/wordpress\/girovagando-in-e-bike-tra-le-dolomiti\/embed\/#?secret=Qz94WBMRSP\" data-secret=\"Qz94WBMRSP\" width=\"600\" height=\"338\" frameborder=\"0\" marginwidth=\"0\" marginheight=\"0\" scrolling=\"no\"><\/iframe><\/p>\n<p>&nbsp;<\/p>\n<hr \/>\n<p>&nbsp;<\/p>\n<p>&nbsp;<\/p>\n<\/div>\n<h2><span style=\"color: #800080;\">I RACCONTI DI PAOLO SOPPELSA<\/span><\/h2>\n<div>\n<blockquote class=\"wp-embedded-content\" data-secret=\"vaJu0EbdE1\"><p><a href=\"https:\/\/www.radiopiu.net\/wordpress\/i-racconti-di-paolo-soppelsa\/\">I racconti di Paolo Soppelsa<\/a><\/p><\/blockquote>\n<p><iframe loading=\"lazy\" class=\"wp-embedded-content\" sandbox=\"allow-scripts\" security=\"restricted\" style=\"position: absolute; clip: rect(1px, 1px, 1px, 1px);\" title=\"&#8220;I racconti di Paolo Soppelsa&#8221; &#8212; Radio Pi\u00f9\" src=\"https:\/\/www.radiopiu.net\/wordpress\/i-racconti-di-paolo-soppelsa\/embed\/#?secret=vaJu0EbdE1\" data-secret=\"vaJu0EbdE1\" width=\"600\" height=\"338\" frameborder=\"0\" marginwidth=\"0\" marginheight=\"0\" scrolling=\"no\"><\/iframe><\/p>\n<p>&nbsp;<\/p>\n<hr \/>\n<p>&nbsp;<\/p>\n<p>&nbsp;<\/p>\n<h2><span style=\"color: #808000;\">L&#8217;ALMANACCO LADINO<\/span><\/h2>\n<p><strong>LA RACCOLTA<\/strong><\/p>\n<blockquote class=\"wp-embedded-content\" data-secret=\"XvNKY1aEOy\"><p><a href=\"https:\/\/www.radiopiu.net\/wordpress\/almanacco-ladino\/\">Almanacco Ladino<\/a><\/p><\/blockquote>\n<p><iframe loading=\"lazy\" class=\"wp-embedded-content\" sandbox=\"allow-scripts\" security=\"restricted\" style=\"position: absolute; clip: rect(1px, 1px, 1px, 1px);\" title=\"&#8220;Almanacco Ladino&#8221; &#8212; Radio Pi\u00f9\" src=\"https:\/\/www.radiopiu.net\/wordpress\/almanacco-ladino\/embed\/#?secret=XvNKY1aEOy\" data-secret=\"XvNKY1aEOy\" width=\"600\" height=\"338\" frameborder=\"0\" marginwidth=\"0\" marginheight=\"0\" scrolling=\"no\"><\/iframe><\/p>\n<p>&nbsp;<\/p>\n<hr \/>\n<p>&nbsp;<\/p>\n<\/div>\n<h4><span style=\"color: #ff0000;\">MUSICA ALLA RADIO<\/span><\/h4>\n<div><a href=\"https:\/\/www.radiopiu.net\/wordpress\/giornale-radiopiu-20-settembre-2021-direttore-mirko-mezzacasa\/pp-79\/\" rel=\"attachment wp-att-232921\"><img loading=\"lazy\" decoding=\"async\" class=\"wp-image-232921 alignleft\" src=\"https:\/\/www.radiopiu.net\/wordpress\/wp-content\/uploads\/2021\/09\/pp-1-300x300.jpg\" alt=\"\" width=\"135\" height=\"135\" srcset=\"https:\/\/www.radiopiu.net\/wordpress\/wp-content\/uploads\/2021\/09\/pp-1-300x300.jpg 300w, https:\/\/www.radiopiu.net\/wordpress\/wp-content\/uploads\/2021\/09\/pp-1-150x150.jpg 150w, https:\/\/www.radiopiu.net\/wordpress\/wp-content\/uploads\/2021\/09\/pp-1.jpg 640w\" sizes=\"auto, (max-width: 135px) 100vw, 135px\" \/><\/a><\/div>\n<div><\/div>\n<div><\/div>\n<div>\n<p><strong>MUSICA ALLA RADIO, IL PROGRAMMA DI LORIS SCUSSEL &#8220;COLLAGE OPERAZIONE NOSTALGIA&#8221; DAL LUNEDI AL VENERDI ALLE 16.00\u00a0 E ALLE 23\u00a0<\/strong><\/p>\n<p>&nbsp;<\/p>\n<p>&nbsp;<\/p>\n<p><strong>PUNTATA 452\u00a0 12 OTTOBRE<\/strong><\/p>\n<\/div>\n<audio class=\"wp-audio-shortcode\" id=\"audio-236585-9\" preload=\"none\" style=\"width: 100%;\" controls=\"controls\"><source type=\"audio\/mpeg\" src=\"https:\/\/www.radiopiu.net\/wordpress\/wp-content\/uploads\/2021\/10\/Collage-452.mp3?_=9\" \/><a href=\"https:\/\/www.radiopiu.net\/wordpress\/wp-content\/uploads\/2021\/10\/Collage-452.mp3\">https:\/\/www.radiopiu.net\/wordpress\/wp-content\/uploads\/2021\/10\/Collage-452.mp3<\/a><\/audio>\n<p>&nbsp;<\/p>\n<div>\n<hr \/>\n<p>&nbsp;<\/p>\n<p><a href=\"https:\/\/www.radiopiu.net\/wordpress\/giornale-radiopiu-26-settembre-2018-direttore-mirko-mezzacasa\/viabilita-2\/\" rel=\"attachment wp-att-61954\"><img loading=\"lazy\" decoding=\"async\" class=\"wp-image-61954 size-full aligncenter\" src=\"https:\/\/www.radiopiu.net\/wordpress\/wp-content\/uploads\/2018\/09\/viabilita.jpeg\" alt=\"\" width=\"800\" height=\"100\" srcset=\"https:\/\/www.radiopiu.net\/wordpress\/wp-content\/uploads\/2018\/09\/viabilita.jpeg 800w, https:\/\/www.radiopiu.net\/wordpress\/wp-content\/uploads\/2018\/09\/viabilita-300x38.jpeg 300w, https:\/\/www.radiopiu.net\/wordpress\/wp-content\/uploads\/2018\/09\/viabilita-768x96.jpeg 768w\" sizes=\"auto, (max-width: 800px) 100vw, 800px\" \/><\/a><\/p>\n<p>&nbsp;<\/p>\n<p><strong><a href=\"https:\/\/www.radiopiu.net\/wordpress\/veneto-strade-interdizione-al-traffico\/veneto-strade-2\/\" rel=\"attachment wp-att-135574\"><img loading=\"lazy\" decoding=\"async\" class=\"wp-image-135574 alignleft\" src=\"https:\/\/www.radiopiu.net\/wordpress\/wp-content\/uploads\/2020\/05\/VENETO-STRADE-300x300.png\" alt=\"\" width=\"100\" height=\"100\" srcset=\"https:\/\/www.radiopiu.net\/wordpress\/wp-content\/uploads\/2020\/05\/VENETO-STRADE-300x300.png 300w, https:\/\/www.radiopiu.net\/wordpress\/wp-content\/uploads\/2020\/05\/VENETO-STRADE-150x150.png 150w, https:\/\/www.radiopiu.net\/wordpress\/wp-content\/uploads\/2020\/05\/VENETO-STRADE.png 400w\" sizes=\"auto, (max-width: 100px) 100vw, 100px\" \/><\/a><\/strong><strong>SP39 MONTE AVENA COMUNE SOVRAMONTE<\/strong>\u00a0 Fino al 15 ottobre -esclusi festivi e prefestivi &#8211; interdizione totale al traffico<\/p>\n<p><strong>PROVINCIALE 563 DI SALESEI<\/strong> fino al 18 ottobre interruzioni della durata massima di 20 minuti<\/p>\n<p><strong>REGIONALE 48 DELLE DOLOMITI PASSO FALZAREGO<\/strong>\u00a0 fino\u00a0 al 26 novembre interruzioni della durata massima di 15 minuti in localit\u00e0 Pian di Falzarego <strong>PROVINCIALE VAL FIORENTINA SP20<\/strong>: dall&#8217;11 al 15 ottobre senso unico alternato per tratti di 300 metri <strong>REGIONALE 48 DOLOMITI<\/strong> dall&#8217;11 ottobre al 3 dicembre senso unico localit\u00e0 Andraz. <strong>PROVINCIALE 638<\/strong> Passo Giau fino\u00a0 al 19 ottobre senso unico alternato tratti di 300 metri<\/p>\n<p>&nbsp;<\/p>\n<hr \/>\n<p>&nbsp;<\/p>\n<\/div>\n<\/div>\n<\/div>\n<\/div>\n<\/div>\n<\/div>\n<\/div>\n<\/div>\n<\/div>\n<\/div>\n<\/div>\n<\/div>\n<\/div>\n<\/div>\n<\/div>\n<\/div>\n<\/div>\n<\/div>\n<\/div>\n<\/div>\n<\/div>\n<\/div>\n<\/div>\n<\/div>\n<\/div>\n<\/div>\n<\/div>\n<\/div>\n<\/div>\n<\/div>\n<\/div>\n<\/div>\n<\/div>\n<\/div>\n<\/div>\n<\/div>\n<\/div>\n<\/div>\n<\/div>\n<\/div>\n<\/div>\n<\/div>\n<\/div>\n<\/div>\n<\/div>\n<\/div>\n<\/div>\n<\/div>\n<\/div>\n<\/div>\n<\/div>\n<div>\n<div class=\"page-title-head hgroup\">\n<div class=\"page-title-head hgroup\">\n<div class=\"page-title-head hgroup\">\n<div class=\"page-title-head hgroup\">\n<div class=\"b654a4as d2edcug0\">\n<div class=\"page-title-head hgroup\">\n<div class=\"page-title-head hgroup\">\n<div class=\"page-title-head hgroup\">\n<div class=\"page-title-head hgroup\">\n<div class=\"b654a4as d2edcug0\">\n<div class=\"page-title-head hgroup\">\n<div class=\"page-title-head hgroup\">\n<div class=\"page-title-head hgroup\">\n<div class=\"page-title-head hgroup\">\n<div class=\"page-title-head hgroup\">\n<div class=\"mkdf-post-text\">\n<div class=\"mkdf-post-text-inner\">\n<div class=\"mkdf-post-text-main\">\n<div class=\"mkdf-post-text\">\n<div class=\"mkdf-post-text-inner\">\n<div class=\"mkdf-post-text-main\">\n<div class=\"mkdf-post-text\">\n<div class=\"mkdf-post-text-inner\">\n<div class=\"mkdf-post-text-main\">\n<div class=\"page-title-head hgroup\">\n<div class=\"page-title-head hgroup\">\n<div class=\"mkdf-post-text\">\n<div class=\"mkdf-post-text-inner\">\n<div class=\"mkdf-post-text-main\">\n<div class=\"mkdf-post-text\">\n<div class=\"mkdf-post-text-inner\">\n<div class=\"mkdf-post-text-main\">\n<div>\n<div class=\"page-title-head hgroup\">\n<div class=\"page-title-head hgroup\">\n<div>\n<div class=\"page-title-head hgroup\">\n<div class=\"page-title-head hgroup\">\n<div class=\"b654a4as d2edcug0\">\n<div>\n<div class=\"page-title-head hgroup\" style=\"text-align: left;\">\n<div class=\"page-title-head hgroup\">\n<div dir=\"auto\">\n<p><a class=\"dt-pswp-item pspw-wrap-ready\" href=\"https:\/\/i0.wp.com\/www.radiopiu.net\/wordpress\/wp-content\/uploads\/2018\/09\/WhatsApp-Image-2018-09-20-at-16.04.06.jpeg?ssl=1\" data-dt-img-description=\"\" data-large_image_width=\"800\" data-large_image_height=\"100\"><img loading=\"lazy\" decoding=\"async\" class=\"aligncenter wp-image-61378 size-full jetpack-lazy-image jetpack-lazy-image--handled\" src=\"https:\/\/i0.wp.com\/www.radiopiu.net\/wordpress\/wp-content\/uploads\/2018\/09\/WhatsApp-Image-2018-09-20-at-16.04.06.jpeg?resize=800%2C100&amp;ssl=1\" sizes=\"auto, (max-width: 800px) 100vw, 800px\" srcset=\"https:\/\/i0.wp.com\/www.radiopiu.net\/wordpress\/wp-content\/uploads\/2018\/09\/WhatsApp-Image-2018-09-20-at-16.04.06.jpeg?w=800&amp;ssl=1 800w, https:\/\/i0.wp.com\/www.radiopiu.net\/wordpress\/wp-content\/uploads\/2018\/09\/WhatsApp-Image-2018-09-20-at-16.04.06.jpeg?resize=300%2C38&amp;ssl=1 300w, https:\/\/i0.wp.com\/www.radiopiu.net\/wordpress\/wp-content\/uploads\/2018\/09\/WhatsApp-Image-2018-09-20-at-16.04.06.jpeg?resize=768%2C96&amp;ssl=1 768w\" alt=\"\" width=\"800\" height=\"100\" data-lazy-loaded=\"1\" \/><\/a><\/p>\n<\/div>\n<\/div>\n<\/div>\n<\/div>\n<\/div>\n<\/div>\n<\/div>\n<\/div>\n<\/div>\n<\/div>\n<\/div>\n<\/div>\n<\/div>\n<\/div>\n<\/div>\n<\/div>\n<\/div>\n<\/div>\n<\/div>\n<\/div>\n<\/div>\n<\/div>\n<\/div>\n<\/div>\n<\/div>\n<\/div>\n<\/div>\n<\/div>\n<\/div>\n<\/div>\n<\/div>\n<\/div>\n<\/div>\n<\/div>\n<\/div>\n<\/div>\n<\/div>\n<\/div>\n<\/div>\n<\/div>\n<\/div>\n<\/div>\n<\/div>\n<\/div>\n<p>&nbsp;<\/p>\n<div id=\"dolomitimeteo_div_testi\">\n<p style=\"text-align: center;\"><strong>Mercoled\u00ec 13<\/strong><\/p>\n<p>Al primo mattino cielo quasi sereno sulle Prealpi e sulle Dolomiti meridionali, qualche residuo annuvolamento sulle Dolomiti centro-settentrionali, in diradamento. In seguito parziale riduzione del soleggiamento per annuvolamenti irregolari sulle Dolomiti, nuvolosit\u00e0 che sar\u00e0 pi\u00f9 presente sulle Prealpi per maggiore sviluppo degli addensamenti. Contesto termico freddo a tutte le quote, eccetto nelle valli interessate da residuo Foehn; in quota atmosfera spesso ventosa.<br \/>\n<strong>Precipitazioni.<\/strong>\u00a0Generalmente assenti (0%), eccetto eventuale residua neve burrascosa sulle cime delle Dolomiti settentrionali entro l&#8217;alba (10%).<br \/>\n<strong>Temperature.<\/strong>\u00a0In generale calo, pi\u00f9 sensibile in quota, per\u00f2 non escluso qualche temporaneo aumento nelle valli interessate da episodi di Foehn. Sono previste punte di 13\/14\u00b0C nei fondovalle prealpini e di 8\/10\u00b0C a 1000\/1200 m. Su Prealpi a 1500 m min 1\u00b0C max 5\u00b0C, a 2000 m min -2\u00b0C max 1\u00b0C. Su Dolomiti a 2000 m min -4\u00b0C max -1\u00b0C, a 3000 m min -11\u00b0C max -8\u00b0C.<br \/>\n<strong>Venti.<\/strong>\u00a0Nelle valli deboli di direzione variabile, con qualche rinforzo per Foehn; in quota moderati\/tesi da nord nord-ovest, con qualche raffica un po&#8217; pi\u00f9 intensa sulle cime dolomitiche pi\u00f9 alte e su alcune dorsali prealpine, a 10-25 km\/ha 2000 m e 35-45 km\/h a 3000 m.<\/p>\n<p style=\"text-align: center;\"><strong>Gioved\u00ec 14<\/strong><\/p>\n<p>Bel tempo autunnale, ben soleggiata salvo temporanei altocumuli nel cielo del mattino, specie sulle Dolomiti. Aria tersa ed ottima visibilit\u00e0. Atmosfera mattutina fredda per il periodo e ancora fresca in giornata, addirittura un po&#8217; fredda in alta montagna sia per il gelo persistente oltre i 2400 m che per la ventilazione a tratti sostenuta.<br \/>\n<strong>Precipitazioni.<\/strong>\u00a0Assenti (0%).<br \/>\n<strong>Temperature.<\/strong>\u00a0In generale calo, eccetto lieve ripresa delle massime in alta quota. Sono previste gelate notturne assai diffuse fino sugli 800 m e locali brinate nei fondovalle prealpini, mentre i valori massimi saranno di 12\/13\u00b0C nei fondovalle e di 7\/9\u00b0C a 1000\/1200 m. Su Prealpi a 1500 m min 0\u00b0C max 6\u00b0C, a 2000 m min -4\u00b0C max 2\u00b0C. Su Dolomiti a 2000 m min -5\u00b0C max 1\u00b0C, a 3000 m min -10\u00b0C max -3\u00b0C.<br \/>\n<strong>Venti.<\/strong>\u00a0Nelle valli deboli a regime di brezza, localmente e a tratti moderati nei settori solitamente pi\u00f9 ventilati; in quota moderati\/tesi da nord nord-est, a 10-25 km\/ha 2000 m e 35-45 km\/h a 3000 m.<\/p>\n<p style=\"text-align: center;\"><strong>Venerd\u00ec 15<\/strong><\/p>\n<p>Tempo stabile e in prevalenza soleggiato, nonostante il temporaneo transito di sottili nubi alte. Aumento delle temperature per avvezione di aria oceanica assai pi\u00f9 mite, il rialzo sar\u00e0 pi\u00f9 netto in quota rispetto alle valli, dove le minime potrebbero risultare stazionarie. Venti deboli\/moderati da nord nord-ovest in quota; perlopi\u00f9 deboli per brezze nelle valli, localmente e a tratti moderati nei settori solitamente pi\u00f9 ventilati.<\/p>\n<p style=\"text-align: center;\"><strong>Sabato 16<\/strong><\/p>\n<p>Magnifica giornata autunnale, ben soleggiata con cielo terso, aria limpida ed ottima visibilit\u00e0. Atmosfera mattutina ancora fresca con inversione termica nei fondovalle; in giornata contesto termico leggermente pi\u00f9 mite nelle valli, mentre le massime subiranno una leggera flessione in alta quota. Venti deboli\/moderati da nord-ovest in quota, perlopi\u00f9 deboli per brezze nelle valli, localmente e a tratti moderati nei settori solitamente pi\u00f9 ventilati. Previsore: R.L.Th.<\/p>\n<\/div>\n<p>&nbsp;<\/p>\n<hr \/>\n<p>&nbsp;<\/p>\n<div class=\"mkdf-post-text\">\n<div class=\"mkdf-post-text-inner\">\n<p><a href=\"https:\/\/www.radiopiu.net\/wordpress\/giornale-radiopiu-15-settembre-2018-direttore-mirko-mezzacasa\/sport-7\/\" rel=\"attachment wp-att-60761\"><img loading=\"lazy\" decoding=\"async\" class=\"wp-image-60761 size-full aligncenter\" src=\"https:\/\/www.radiopiu.net\/wordpress\/wp-content\/uploads\/2018\/09\/sport.jpg\" alt=\"\" width=\"800\" height=\"100\" srcset=\"https:\/\/www.radiopiu.net\/wordpress\/wp-content\/uploads\/2018\/09\/sport.jpg 800w, https:\/\/www.radiopiu.net\/wordpress\/wp-content\/uploads\/2018\/09\/sport-300x38.jpg 300w, https:\/\/www.radiopiu.net\/wordpress\/wp-content\/uploads\/2018\/09\/sport-768x96.jpg 768w\" sizes=\"auto, (max-width: 800px) 100vw, 800px\" \/><\/a><\/p>\n<\/div>\n<\/div>\n<p>&nbsp;<\/p>\n<blockquote>\n<h3>PRIMA VITTORIA PER IL LE VILLE NEL CAMPIONATO OPEN CSI<\/h3>\n<\/blockquote>\n<p><strong><a href=\"https:\/\/www.radiopiu.net\/wordpress\/lunione-sportiva-le-ville-annuncia-lannullamento-della-sagra-di-san-vincenzo\/le-ville-5\/\" rel=\"attachment wp-att-123924\"><img loading=\"lazy\" decoding=\"async\" class=\" wp-image-123924 alignleft\" src=\"https:\/\/www.radiopiu.net\/wordpress\/wp-content\/uploads\/2020\/03\/le-ville.jpeg\" alt=\"\" width=\"136\" height=\"136\" srcset=\"https:\/\/www.radiopiu.net\/wordpress\/wp-content\/uploads\/2020\/03\/le-ville.jpeg 225w, https:\/\/www.radiopiu.net\/wordpress\/wp-content\/uploads\/2020\/03\/le-ville-150x150.jpeg 150w\" sizes=\"auto, (max-width: 136px) 100vw, 136px\" \/><\/a>AGORDO<\/strong> Si sono giocate le prime tre partite del Campionato Open CSI provinciale e il Le Ville ha vinto la prima partita della stagione. Dopo un pareggio e una sconfitta, sono arrivati i primi 3 punti sul campo di Voltago dove la compagine di Romano Costantini ha battuto 4 a 2 l&#8217;Arsi\u00e8. Un campionato che entra nel vivo a partire dalla prossima settimana quando il Le Ville sar\u00e0 chiamato ad una trasferta importante per giocare contro il Nemeggio.<\/p>\n<p><strong>JARI MONFERONE, GIOCATORE DEL LE VILLE<\/strong><\/p>\n<audio class=\"wp-audio-shortcode\" id=\"audio-236585-10\" preload=\"none\" style=\"width: 100%;\" controls=\"controls\"><source type=\"audio\/mpeg\" src=\"https:\/\/www.radiopiu.net\/wordpress\/wp-content\/uploads\/2021\/10\/JARI-LE-VILLE.mp3?_=10\" \/><a href=\"https:\/\/www.radiopiu.net\/wordpress\/wp-content\/uploads\/2021\/10\/JARI-LE-VILLE.mp3\">https:\/\/www.radiopiu.net\/wordpress\/wp-content\/uploads\/2021\/10\/JARI-LE-VILLE.mp3<\/a><\/audio>\n<p>&nbsp;<\/p>\n<hr \/>\n<p>&nbsp;<\/p>\n<blockquote>\n<h3>ASTRID MIOLA E IVO SAVI QUARTI A LIGNANO<\/h3>\n<\/blockquote>\n<p><strong><a href=\"https:\/\/www.radiopiu.net\/wordpress\/giornale-radiopiu-13-ottobre-2021-direttore-mirko-mezzacasa\/245165338_3128168937416136_733346938353538053_n\/\" rel=\"attachment wp-att-236657\"><img loading=\"lazy\" decoding=\"async\" class=\" wp-image-236657 alignleft\" src=\"https:\/\/www.radiopiu.net\/wordpress\/wp-content\/uploads\/2021\/10\/245165338_3128168937416136_733346938353538053_n-300x300.jpg\" alt=\"\" width=\"155\" height=\"155\" srcset=\"https:\/\/www.radiopiu.net\/wordpress\/wp-content\/uploads\/2021\/10\/245165338_3128168937416136_733346938353538053_n-300x300.jpg 300w, https:\/\/www.radiopiu.net\/wordpress\/wp-content\/uploads\/2021\/10\/245165338_3128168937416136_733346938353538053_n-1024x1024.jpg 1024w, https:\/\/www.radiopiu.net\/wordpress\/wp-content\/uploads\/2021\/10\/245165338_3128168937416136_733346938353538053_n-150x150.jpg 150w, https:\/\/www.radiopiu.net\/wordpress\/wp-content\/uploads\/2021\/10\/245165338_3128168937416136_733346938353538053_n-768x768.jpg 768w, https:\/\/www.radiopiu.net\/wordpress\/wp-content\/uploads\/2021\/10\/245165338_3128168937416136_733346938353538053_n.jpg 1200w\" sizes=\"auto, (max-width: 155px) 100vw, 155px\" \/><\/a> <\/strong><\/p>\n<p><strong>\u00a0<\/strong><\/p>\n<p><strong>LIGNANO SABBIADORO (UD) <\/strong>Ancora buoni risultati per Astrid Miola che nel fine settimana ha partecipato ad una gara in coppia con Ivo Savi a Lignano Sabbiadoro. Si \u00e8 chiusa con il quarto posto in classifica nelle coppie miste. &#8220;Peccato per la mia crisi a met\u00e0 gara che ci ha fatto perdere la seconda e la terza posizione per\u00f2 sicuro ho imparato che nelle marathon non si pu\u00f2 tenere lo stesso ritmo delle cross country. Comunque non posso lamentarmi, soddisfatta visto il livello&#8221; dice Astrid dalla sua pagina Facebook<\/p>\n<p>&nbsp;<\/p>\n<p>&nbsp;<\/p>\n<hr \/>\n<p>&nbsp;<\/p>\n<\/div>\n<\/div>\n<\/div>\n<\/div>\n<\/div>\n<\/div>\n<\/div>\n","protected":false},"excerpt":{"rendered":"<p>\u00a0 INFORMAZIONE il canale su TELEGRAM informazione di prima mano e in tempo reale. iscriviti ed aiutaci a farlo conoscere\u00a0 \u00a0 &nbsp; LA BELLA NOTIZIA La Cooperativa Agordino Latteria di Vallata sabato 23 ottobre alle 10.30 inaugura il nuovo magazzino di stagionatura in via Rosson a Rivamonte Agordino.\u00a0 &nbsp; &nbsp; E QUELLA MENO BELLA\u00a0 VENETO,&hellip;<\/p>\n","protected":false},"author":4,"featured_media":236704,"comment_status":"closed","ping_status":"open","sticky":false,"template":"","format":"standard","meta":{"_monsterinsights_skip_tracking":false,"_monsterinsights_sitenote_active":false,"_monsterinsights_sitenote_note":"","_monsterinsights_sitenote_category":0,"footnotes":""},"categories":[1,104,86,49],"tags":[],"class_list":["post-236585","post","type-post","status-publish","format-standard","has-post-thumbnail","hentry","category-senza-categoria","category-evidenza_3","category-gr","category-news-18","category-1","category-104","category-86","category-49","description-off"],"img_url":"https:\/\/www.radiopiu.net\/wordpress\/wp-content\/uploads\/2021\/10\/A3FC72FA-0AA0-47AD-B052-AC08A45595A7.jpeg","_links":{"self":[{"href":"https:\/\/www.radiopiu.net\/wordpress\/wp-json\/wp\/v2\/posts\/236585","targetHints":{"allow":["GET"]}}],"collection":[{"href":"https:\/\/www.radiopiu.net\/wordpress\/wp-json\/wp\/v2\/posts"}],"about":[{"href":"https:\/\/www.radiopiu.net\/wordpress\/wp-json\/wp\/v2\/types\/post"}],"author":[{"embeddable":true,"href":"https:\/\/www.radiopiu.net\/wordpress\/wp-json\/wp\/v2\/users\/4"}],"replies":[{"embeddable":true,"href":"https:\/\/www.radiopiu.net\/wordpress\/wp-json\/wp\/v2\/comments?post=236585"}],"version-history":[{"count":0,"href":"https:\/\/www.radiopiu.net\/wordpress\/wp-json\/wp\/v2\/posts\/236585\/revisions"}],"wp:featuredmedia":[{"embeddable":true,"href":"https:\/\/www.radiopiu.net\/wordpress\/wp-json\/wp\/v2\/media\/236704"}],"wp:attachment":[{"href":"https:\/\/www.radiopiu.net\/wordpress\/wp-json\/wp\/v2\/media?parent=236585"}],"wp:term":[{"taxonomy":"category","embeddable":true,"href":"https:\/\/www.radiopiu.net\/wordpress\/wp-json\/wp\/v2\/categories?post=236585"},{"taxonomy":"post_tag","embeddable":true,"href":"https:\/\/www.radiopiu.net\/wordpress\/wp-json\/wp\/v2\/tags?post=236585"}],"curies":[{"name":"wp","href":"https:\/\/api.w.org\/{rel}","templated":true}]}}