{"id":236604,"date":"2021-10-12T06:15:11","date_gmt":"2021-10-12T04:15:11","guid":{"rendered":"https:\/\/www.radiopiu.net\/wordpress\/?p=236604"},"modified":"2021-10-12T07:43:22","modified_gmt":"2021-10-12T05:43:22","slug":"giuseppelise","status":"publish","type":"post","link":"https:\/\/www.radiopiu.net\/wordpress\/giuseppelise\/","title":{"rendered":"E&#8217; MORTO IL DOTTOR LISE, GIA&#8217; SINDACO DI AGORDO"},"content":{"rendered":"<p><strong>di<\/strong><\/p>\n<p><strong>GIANNI SANTOMASO\u00a0<\/strong><\/p>\n<audio class=\"wp-audio-shortcode\" id=\"audio-236604-1\" preload=\"none\" style=\"width: 100%;\" controls=\"controls\"><source type=\"audio\/mpeg\" src=\"https:\/\/www.radiopiu.net\/wordpress\/wp-content\/uploads\/2021\/10\/GIANNI-LISE.mp3?_=1\" \/><a href=\"https:\/\/www.radiopiu.net\/wordpress\/wp-content\/uploads\/2021\/10\/GIANNI-LISE.mp3\">https:\/\/www.radiopiu.net\/wordpress\/wp-content\/uploads\/2021\/10\/GIANNI-LISE.mp3<\/a><\/audio>\n<p>&nbsp;<\/p>\n\n\t\t\t<style type='text\/css'>\n\t\t\t\t#gallery-1 {\n\t\t\t\t\tmargin: auto;\n\t\t\t\t}\n\t\t\t\t#gallery-1 .gallery-item {\n\t\t\t\t\tfloat: left;\n\t\t\t\t\tmargin-top: 10px;\n\t\t\t\t\ttext-align: center;\n\t\t\t\t\twidth: 50%;\n\t\t\t\t}\n\t\t\t\t#gallery-1 img {\n\t\t\t\t\tborder: 2px solid #cfcfcf;\n\t\t\t\t}\n\t\t\t\t#gallery-1 .gallery-caption {\n\t\t\t\t\tmargin-left: 0;\n\t\t\t\t}\n\t\t\t\t\/* see gallery_shortcode() in wp-includes\/media.php *\/\n\t\t\t<\/style>\n\t\t<div id='gallery-1' class='dt-gallery-container gallery galleryid-236604 gallery-columns-2 gallery-size-medium'><dl class='gallery-item'>\n\t\t\t\t<dt class='gallery-icon portrait'>\n\t\t\t\t\t<a class=\"rollover rollover-zoom dt-pswp-item\" title=\"6ceb7ee8-1f50-4ba4-8d56-ef20cd76f0b0\" data-dt-img-description=\"\" data-large_image_width=\"1080\" data-large_image_height=\"1368\"href='https:\/\/www.radiopiu.net\/wordpress\/wp-content\/uploads\/2021\/10\/6ceb7ee8-1f50-4ba4-8d56-ef20cd76f0b0.jpg'><img loading=\"lazy\" decoding=\"async\" width=\"237\" height=\"300\" src=\"https:\/\/www.radiopiu.net\/wordpress\/wp-content\/uploads\/2021\/10\/6ceb7ee8-1f50-4ba4-8d56-ef20cd76f0b0-237x300.jpg\" class=\"attachment-medium size-medium\" alt=\"\" srcset=\"https:\/\/www.radiopiu.net\/wordpress\/wp-content\/uploads\/2021\/10\/6ceb7ee8-1f50-4ba4-8d56-ef20cd76f0b0-237x300.jpg 237w, https:\/\/www.radiopiu.net\/wordpress\/wp-content\/uploads\/2021\/10\/6ceb7ee8-1f50-4ba4-8d56-ef20cd76f0b0-808x1024.jpg 808w, https:\/\/www.radiopiu.net\/wordpress\/wp-content\/uploads\/2021\/10\/6ceb7ee8-1f50-4ba4-8d56-ef20cd76f0b0-768x973.jpg 768w, https:\/\/www.radiopiu.net\/wordpress\/wp-content\/uploads\/2021\/10\/6ceb7ee8-1f50-4ba4-8d56-ef20cd76f0b0.jpg 1080w\" sizes=\"auto, (max-width: 237px) 100vw, 237px\" \/><\/a>\n\t\t\t\t<\/dt><\/dl><dl class='gallery-item'>\n\t\t\t\t<dt class='gallery-icon portrait'>\n\t\t\t\t\t<a class=\"rollover rollover-zoom dt-pswp-item\" title=\"6db065d0-e9be-4852-bf58-34363f581b5a\" data-dt-img-description=\"\" data-large_image_width=\"1180\" data-large_image_height=\"1236\"href='https:\/\/www.radiopiu.net\/wordpress\/wp-content\/uploads\/2021\/10\/6db065d0-e9be-4852-bf58-34363f581b5a.jpg'><img loading=\"lazy\" decoding=\"async\" width=\"286\" height=\"300\" src=\"https:\/\/www.radiopiu.net\/wordpress\/wp-content\/uploads\/2021\/10\/6db065d0-e9be-4852-bf58-34363f581b5a-286x300.jpg\" class=\"attachment-medium size-medium\" alt=\"\" srcset=\"https:\/\/www.radiopiu.net\/wordpress\/wp-content\/uploads\/2021\/10\/6db065d0-e9be-4852-bf58-34363f581b5a-286x300.jpg 286w, https:\/\/www.radiopiu.net\/wordpress\/wp-content\/uploads\/2021\/10\/6db065d0-e9be-4852-bf58-34363f581b5a-978x1024.jpg 978w, https:\/\/www.radiopiu.net\/wordpress\/wp-content\/uploads\/2021\/10\/6db065d0-e9be-4852-bf58-34363f581b5a-768x804.jpg 768w, https:\/\/www.radiopiu.net\/wordpress\/wp-content\/uploads\/2021\/10\/6db065d0-e9be-4852-bf58-34363f581b5a.jpg 1180w\" sizes=\"auto, (max-width: 286px) 100vw, 286px\" \/><\/a>\n\t\t\t\t<\/dt><\/dl><br style=\"clear: both\" \/>\n\t\t\t<\/div>\n\n<p>&nbsp;<\/p>\n<p><a href=\"https:\/\/www.radiopiu.net\/wordpress\/e-morto-il-dottor-lise-gia-sindado-di-agordo\/19e82029-3231-4e59-ad8b-f586f9af9e03\/\" rel=\"attachment wp-att-236605\"><img loading=\"lazy\" decoding=\"async\" class=\"wp-image-236605 alignleft\" src=\"https:\/\/www.radiopiu.net\/wordpress\/wp-content\/uploads\/2021\/10\/19e82029-3231-4e59-ad8b-f586f9af9e03-169x300.jpg\" alt=\"\" width=\"95\" height=\"169\" srcset=\"https:\/\/www.radiopiu.net\/wordpress\/wp-content\/uploads\/2021\/10\/19e82029-3231-4e59-ad8b-f586f9af9e03-169x300.jpg 169w, https:\/\/www.radiopiu.net\/wordpress\/wp-content\/uploads\/2021\/10\/19e82029-3231-4e59-ad8b-f586f9af9e03-576x1024.jpg 576w, https:\/\/www.radiopiu.net\/wordpress\/wp-content\/uploads\/2021\/10\/19e82029-3231-4e59-ad8b-f586f9af9e03-768x1366.jpg 768w, https:\/\/www.radiopiu.net\/wordpress\/wp-content\/uploads\/2021\/10\/19e82029-3231-4e59-ad8b-f586f9af9e03-864x1536.jpg 864w, https:\/\/www.radiopiu.net\/wordpress\/wp-content\/uploads\/2021\/10\/19e82029-3231-4e59-ad8b-f586f9af9e03.jpg 899w\" sizes=\"auto, (max-width: 95px) 100vw, 95px\" \/><\/a> E&#8217; morto a 96 anni nella sua casa\u00a0 Giuseppe (Beppino) Lise, gi\u00e0 sindaco del paese.\u00a0 Figlio del dottor Gigi Lise,\u00a0 dopo la laurea fu medico condotto per alcuni anni prima di rientrare ad Agordo, luogo d&#8217;origine della famiglia (dove resse la condotta fino alla morte nell&#8217;ottobre 1960). Esercit\u00f2 all&#8217;inizio la libera professione da privato in un laboratorio accanto all&#8217;ambulatorio del padre, per poi assumere il ruolo di primario del relativo reparto all&#8217;apertura del nuovo ospedale di Agordo nel luglio 1962.\u00a0 Fu consigliere comunale di minoranza dal 1960 al 1965 e di maggioranza dal 1975 al 1990 con sindaco Armando Da Roit al quale succedette alla guida della citt\u00e0 per soli due anni, fino al 1992 quando si dimise e gli subentr\u00f2 Vito Valcozzena. Per dieci anni, dal 1980 al 1990, fu altres\u00ec assessore alla sanit\u00e0 nel consiglio provinciale prima con la giunta di Renato Costantini poi con quella di Elio Daur\u00f9. Socio della sezione agordina del CAI, era grande appassionato di montagna.\u00a0 La salma sar\u00e0 cremata oggi e successivamente sepolta in cimitero dopo una semplice celebrazione.<\/p>\n","protected":false},"excerpt":{"rendered":"<p>di GIANNI SANTOMASO\u00a0 &nbsp; &nbsp; E&#8217; morto a 96 anni nella sua casa\u00a0 Giuseppe (Beppino) Lise, gi\u00e0 sindaco del paese.\u00a0 Figlio del dottor Gigi Lise,\u00a0 dopo la laurea fu medico condotto per alcuni anni prima di rientrare ad Agordo, luogo d&#8217;origine della famiglia (dove resse la condotta fino alla morte nell&#8217;ottobre 1960). Esercit\u00f2 all&#8217;inizio la&hellip;<\/p>\n","protected":false},"author":4,"featured_media":236605,"comment_status":"closed","ping_status":"open","sticky":false,"template":"","format":"standard","meta":{"_monsterinsights_skip_tracking":false,"_monsterinsights_sitenote_active":false,"_monsterinsights_sitenote_note":"","_monsterinsights_sitenote_category":0,"footnotes":""},"categories":[51,49],"tags":[],"class_list":["post-236604","post","type-post","status-publish","format-standard","has-post-thumbnail","hentry","category-evidenza-top","category-news-18","category-51","category-49","description-off"],"img_url":"https:\/\/www.radiopiu.net\/wordpress\/wp-content\/uploads\/2021\/10\/19e82029-3231-4e59-ad8b-f586f9af9e03.jpg","_links":{"self":[{"href":"https:\/\/www.radiopiu.net\/wordpress\/wp-json\/wp\/v2\/posts\/236604","targetHints":{"allow":["GET"]}}],"collection":[{"href":"https:\/\/www.radiopiu.net\/wordpress\/wp-json\/wp\/v2\/posts"}],"about":[{"href":"https:\/\/www.radiopiu.net\/wordpress\/wp-json\/wp\/v2\/types\/post"}],"author":[{"embeddable":true,"href":"https:\/\/www.radiopiu.net\/wordpress\/wp-json\/wp\/v2\/users\/4"}],"replies":[{"embeddable":true,"href":"https:\/\/www.radiopiu.net\/wordpress\/wp-json\/wp\/v2\/comments?post=236604"}],"version-history":[{"count":0,"href":"https:\/\/www.radiopiu.net\/wordpress\/wp-json\/wp\/v2\/posts\/236604\/revisions"}],"wp:featuredmedia":[{"embeddable":true,"href":"https:\/\/www.radiopiu.net\/wordpress\/wp-json\/wp\/v2\/media\/236605"}],"wp:attachment":[{"href":"https:\/\/www.radiopiu.net\/wordpress\/wp-json\/wp\/v2\/media?parent=236604"}],"wp:term":[{"taxonomy":"category","embeddable":true,"href":"https:\/\/www.radiopiu.net\/wordpress\/wp-json\/wp\/v2\/categories?post=236604"},{"taxonomy":"post_tag","embeddable":true,"href":"https:\/\/www.radiopiu.net\/wordpress\/wp-json\/wp\/v2\/tags?post=236604"}],"curies":[{"name":"wp","href":"https:\/\/api.w.org\/{rel}","templated":true}]}}