{"id":236624,"date":"2021-10-12T06:07:39","date_gmt":"2021-10-12T04:07:39","guid":{"rendered":"https:\/\/www.radiopiu.net\/wordpress\/?p=236624"},"modified":"2021-10-12T06:07:39","modified_gmt":"2021-10-12T04:07:39","slug":"il-riso-abbonda-sulla-bocca-di-chi-la-storia-la-ignora","status":"publish","type":"post","link":"https:\/\/www.radiopiu.net\/wordpress\/il-riso-abbonda-sulla-bocca-di-chi-la-storia-la-ignora\/","title":{"rendered":"IL RISO ABBONDA SULLA BOCCA&#8230; DI CHI LA STORIA LA IGNORA"},"content":{"rendered":"<p>&nbsp;<\/p>\n<p><a href=\"https:\/\/www.radiopiu.net\/wordpress\/tormen-e-fiocco-contro-regione-e-ulss1-de-bernardin-contro-la-tormen-e-il-gruppo-sanita\/andrea-fiocco\/\" rel=\"attachment wp-att-43617\"><img loading=\"lazy\" decoding=\"async\" class=\"wp-image-43617 alignleft\" src=\"https:\/\/www.radiopiu.net\/wordpress\/wp-content\/uploads\/2018\/02\/ANDREA-FIOCCO-300x300.jpg\" alt=\"\" width=\"93\" height=\"93\" srcset=\"https:\/\/www.radiopiu.net\/wordpress\/wp-content\/uploads\/2018\/02\/ANDREA-FIOCCO-300x300.jpg 300w, https:\/\/www.radiopiu.net\/wordpress\/wp-content\/uploads\/2018\/02\/ANDREA-FIOCCO-150x150.jpg 150w, https:\/\/www.radiopiu.net\/wordpress\/wp-content\/uploads\/2018\/02\/ANDREA-FIOCCO-768x768.jpg 768w, https:\/\/www.radiopiu.net\/wordpress\/wp-content\/uploads\/2018\/02\/ANDREA-FIOCCO.jpg 960w\" sizes=\"auto, (max-width: 93px) 100vw, 93px\" \/><\/a>Sul post che ricorda il presidio delle sede Cgil di Agordo (come di tutte le altre in Italia) sono comparsi commenti di tutti i generi pi\u00f9 o meno convidisibili, ma non certo quelli offensivi. Prende in proposito la parola Andrea Fiocco della FP Cgil<\/p>\n<p><span dir=\"ltr\"><span class=\"_3l3x _1n4g\"><img loading=\"lazy\" decoding=\"async\" class=\"alignleft\" src=\"https:\/\/www.radiopiu.net\/wordpress\/wp-content\/uploads\/2021\/10\/safe_image.jpg\" width=\"257\" height=\"134\" \/><strong>AGORDO<\/strong> Di solito non commento le notizie. Ma oggi non resisto. Noto facce che ridono e commenti spiritosi su una notizia che non fa proprio ridere. L&#8217;impressione \u00e8 che, a queste persone, la storia non sia stata insegnata oppure non l&#8217;abbiano capita. E non so quale delle 2 cose sia peggiore.\u00a0 Forse queste persone non sanno che le violenze nei confronti delle sedi dei sindacati, delle sedi dei partiti avversari e delle redazioni dei giornali furono il modus operandi di un movimento che si affermava in Italia un secolo fa. Ecco.. tra queste persone che ridono, so per certo che ci sono persone che si rivolgono spesso alla CGIL per problematiche che riguardano lavoro, fisco, invalidit\u00e0, pensioni, maternit\u00e0, ecc&#8230; Ma non mi aspetto che abbiano rispetto della organizzazione che d\u00e0 loro questi servizi.\u00a0 Ma che almeno avessero rispetto della storia. Quello s\u00ec. Ma la storia bisogna conoscerla. E questo non \u00e8 scontato.<\/span><\/span><\/p>\n","protected":false},"excerpt":{"rendered":"<p>&nbsp; Sul post che ricorda il presidio delle sede Cgil di Agordo (come di tutte le altre in Italia) sono comparsi commenti di tutti i generi pi\u00f9 o meno convidisibili, ma non certo quelli offensivi. Prende in proposito la parola Andrea Fiocco della FP Cgil AGORDO Di solito non commento le notizie. Ma oggi non&hellip;<\/p>\n","protected":false},"author":4,"featured_media":236625,"comment_status":"closed","ping_status":"open","sticky":false,"template":"","format":"standard","meta":{"_monsterinsights_skip_tracking":false,"_monsterinsights_sitenote_active":false,"_monsterinsights_sitenote_note":"","_monsterinsights_sitenote_category":0,"footnotes":""},"categories":[51,49],"tags":[],"class_list":["post-236624","post","type-post","status-publish","format-standard","has-post-thumbnail","hentry","category-evidenza-top","category-news-18","category-51","category-49","description-off"],"img_url":"https:\/\/www.radiopiu.net\/wordpress\/wp-content\/uploads\/2021\/10\/safe_image.jpg","_links":{"self":[{"href":"https:\/\/www.radiopiu.net\/wordpress\/wp-json\/wp\/v2\/posts\/236624","targetHints":{"allow":["GET"]}}],"collection":[{"href":"https:\/\/www.radiopiu.net\/wordpress\/wp-json\/wp\/v2\/posts"}],"about":[{"href":"https:\/\/www.radiopiu.net\/wordpress\/wp-json\/wp\/v2\/types\/post"}],"author":[{"embeddable":true,"href":"https:\/\/www.radiopiu.net\/wordpress\/wp-json\/wp\/v2\/users\/4"}],"replies":[{"embeddable":true,"href":"https:\/\/www.radiopiu.net\/wordpress\/wp-json\/wp\/v2\/comments?post=236624"}],"version-history":[{"count":0,"href":"https:\/\/www.radiopiu.net\/wordpress\/wp-json\/wp\/v2\/posts\/236624\/revisions"}],"wp:featuredmedia":[{"embeddable":true,"href":"https:\/\/www.radiopiu.net\/wordpress\/wp-json\/wp\/v2\/media\/236625"}],"wp:attachment":[{"href":"https:\/\/www.radiopiu.net\/wordpress\/wp-json\/wp\/v2\/media?parent=236624"}],"wp:term":[{"taxonomy":"category","embeddable":true,"href":"https:\/\/www.radiopiu.net\/wordpress\/wp-json\/wp\/v2\/categories?post=236624"},{"taxonomy":"post_tag","embeddable":true,"href":"https:\/\/www.radiopiu.net\/wordpress\/wp-json\/wp\/v2\/tags?post=236624"}],"curies":[{"name":"wp","href":"https:\/\/api.w.org\/{rel}","templated":true}]}}