{"id":236656,"date":"2021-10-12T10:45:51","date_gmt":"2021-10-12T08:45:51","guid":{"rendered":"https:\/\/www.radiopiu.net\/wordpress\/?p=236656"},"modified":"2021-10-12T10:45:52","modified_gmt":"2021-10-12T08:45:52","slug":"la-uil-chiede-tamponi-a-carico-dei-datori-di-lavoro","status":"publish","type":"post","link":"https:\/\/www.radiopiu.net\/wordpress\/la-uil-chiede-tamponi-a-carico-dei-datori-di-lavoro\/","title":{"rendered":"LA UIL CHIEDE TAMPONI A CARICO DEI DATORI DI LAVORO"},"content":{"rendered":"<p><a href=\"https:\/\/www.radiopiu.net\/wordpress\/la-uil-chiede-tamponi-a-carico-dei-datori-di-lavoro\/unrecognizable-woman-showing-on-her-smartphone-a-certificate-of-covid-immunity\/\" rel=\"attachment wp-att-236659\"><img loading=\"lazy\" decoding=\"async\" class=\"alignleft wp-image-236659 size-medium\" src=\"https:\/\/www.radiopiu.net\/wordpress\/wp-content\/uploads\/2021\/10\/AB6089C8-0299-468C-AA64-C5284FAC9B9E-880x440-1-300x150.jpg\" alt=\"\" width=\"300\" height=\"150\" srcset=\"https:\/\/www.radiopiu.net\/wordpress\/wp-content\/uploads\/2021\/10\/AB6089C8-0299-468C-AA64-C5284FAC9B9E-880x440-1-300x150.jpg 300w, https:\/\/www.radiopiu.net\/wordpress\/wp-content\/uploads\/2021\/10\/AB6089C8-0299-468C-AA64-C5284FAC9B9E-880x440-1-768x384.jpg 768w, https:\/\/www.radiopiu.net\/wordpress\/wp-content\/uploads\/2021\/10\/AB6089C8-0299-468C-AA64-C5284FAC9B9E-880x440-1.jpg 880w\" sizes=\"auto, (max-width: 300px) 100vw, 300px\" \/><\/a><strong>VENEZIA <\/strong>\u00abGreen Pass, chiediamo che siano i datori di lavoro a farsi carico della spesa per i tamponi\u00bb.Roberto Toigo, segretario generale di UIL Veneto, torna sull\u2019obbligo previsto dal prossimo\u00a015 ottobre.\u00abCome UIL Veneto siamo a favore del vaccino e per il rispetto della legge, ovvero del green pass. Ma siamo al dunque: tra pochi giorni, chi non \u00e8 provvisto della documentazione verde, non potr\u00e0 recarsi al lavoro. Come sostenevo qualche giorno fa prima dei fatti di Roma \u2013 con l\u2019assalto alla sede della Cgil \u2013 la situazione sta sfuggendo di mano. Lavoratori contro lavoratori, aziende che si attrezzano con i vigilantes per controllare le persone, difficolt\u00e0 per prenotarsi gi\u00e0 ora i tamponi. Cos\u00ec non va. Si rischia di buttare all\u2019aria tutto: la serenit\u00e0 nel Paese e la ripresa veneta\u00bb.Toigo sottolinea che \u00abva condannato ogni atto di violenza sempre e comunque. Ma il nostro compito \u00e8 quello di tutelare tutti i lavoratori: non condividiamo, ma dobbiamo rispettare la scelta di alcuni di non vaccinarsi. Per questo diciamo s\u00ec al green pass, ma diciamo no al fatto che sia il lavoratore o la lavoratrice a pagarsi il tampone\u00bb.Il segretario generale di UIL Veneto insiste: \u00abSo che chi si \u00e8 vaccinato ha mille ragioni per non condividere, ma siamo al dunque e una soluzione va trovata. Chiediamo con forza che siano i datori di lavoro a farsi carico di questa spesa: le aziende stanno fatturando molto, hanno avuto forti aiuti e i lavoratori nei momenti difficili erano l\u00ec, disponibili con mascherine di fortuna e tanta buona volont\u00e0 nel cercare di non contagiarsi\u00bb.\u00a0Un\u2019ultima stoccata \u00e8 destinata al Governo: \u00abL\u2019ho gi\u00e0 detto in molte occasioni: doveva assumersi la responsabilit\u00e0 di rendere obbligatorio il vaccinino, invece ha preferito scaricare sulle persone il peso della scelta. Ma adesso non abbiamo pi\u00f9 tempo: quindi tamponi a carico delle aziende, prolungamento della validit\u00e0 a 72 ore e via libera al tampone fai da te. Se no dal\u00a015 ottobre\u00a0rischiamo di andare in cortocircuito\u00bb.<\/p>\n<p>&nbsp;<\/p>\n<p>&nbsp;<\/p>\n<p>&nbsp;<\/p>\n<p>*****<\/p>\n","protected":false},"excerpt":{"rendered":"<p>VENEZIA \u00abGreen Pass, chiediamo che siano i datori di lavoro a farsi carico della spesa per i tamponi\u00bb.Roberto Toigo, segretario generale di UIL Veneto, torna sull\u2019obbligo previsto dal prossimo\u00a015 ottobre.\u00abCome UIL Veneto siamo a favore del vaccino e per il rispetto della legge, ovvero del green pass. Ma siamo al dunque: tra pochi giorni, chi&hellip;<\/p>\n","protected":false},"author":4,"featured_media":236659,"comment_status":"closed","ping_status":"open","sticky":false,"template":"","format":"standard","meta":{"_monsterinsights_skip_tracking":false,"_monsterinsights_sitenote_active":false,"_monsterinsights_sitenote_note":"","_monsterinsights_sitenote_category":0,"footnotes":""},"categories":[49],"tags":[],"class_list":["post-236656","post","type-post","status-publish","format-standard","has-post-thumbnail","hentry","category-news-18","category-49","description-off"],"img_url":"https:\/\/www.radiopiu.net\/wordpress\/wp-content\/uploads\/2021\/10\/AB6089C8-0299-468C-AA64-C5284FAC9B9E-880x440-1.jpg","_links":{"self":[{"href":"https:\/\/www.radiopiu.net\/wordpress\/wp-json\/wp\/v2\/posts\/236656","targetHints":{"allow":["GET"]}}],"collection":[{"href":"https:\/\/www.radiopiu.net\/wordpress\/wp-json\/wp\/v2\/posts"}],"about":[{"href":"https:\/\/www.radiopiu.net\/wordpress\/wp-json\/wp\/v2\/types\/post"}],"author":[{"embeddable":true,"href":"https:\/\/www.radiopiu.net\/wordpress\/wp-json\/wp\/v2\/users\/4"}],"replies":[{"embeddable":true,"href":"https:\/\/www.radiopiu.net\/wordpress\/wp-json\/wp\/v2\/comments?post=236656"}],"version-history":[{"count":0,"href":"https:\/\/www.radiopiu.net\/wordpress\/wp-json\/wp\/v2\/posts\/236656\/revisions"}],"wp:featuredmedia":[{"embeddable":true,"href":"https:\/\/www.radiopiu.net\/wordpress\/wp-json\/wp\/v2\/media\/236659"}],"wp:attachment":[{"href":"https:\/\/www.radiopiu.net\/wordpress\/wp-json\/wp\/v2\/media?parent=236656"}],"wp:term":[{"taxonomy":"category","embeddable":true,"href":"https:\/\/www.radiopiu.net\/wordpress\/wp-json\/wp\/v2\/categories?post=236656"},{"taxonomy":"post_tag","embeddable":true,"href":"https:\/\/www.radiopiu.net\/wordpress\/wp-json\/wp\/v2\/tags?post=236656"}],"curies":[{"name":"wp","href":"https:\/\/api.w.org\/{rel}","templated":true}]}}