{"id":236773,"date":"2021-10-14T05:47:32","date_gmt":"2021-10-14T03:47:32","guid":{"rendered":"https:\/\/www.radiopiu.net\/wordpress\/?p=236773"},"modified":"2021-10-14T10:07:44","modified_gmt":"2021-10-14T08:07:44","slug":"giornale-radiopiu-14-ottobre-2021-direttore-mirko-mezzacasa","status":"publish","type":"post","link":"https:\/\/www.radiopiu.net\/wordpress\/giornale-radiopiu-14-ottobre-2021-direttore-mirko-mezzacasa\/","title":{"rendered":"GIORNALE RADIOPIU 14 OTTOBRE 2021 DIRETTORE MIRKO MEZZACASA"},"content":{"rendered":"<h3 class=\"kvgmc6g5 cxmmr5t8 oygrvhab hcukyx3x c1et5uql\"><span style=\"color: #0000ff;\">\u00a0<\/span><\/h3>\n<h3 class=\"kvgmc6g5 cxmmr5t8 oygrvhab hcukyx3x c1et5uql\"><span style=\"color: #0000ff;\">INFORMAZIONE il canale su TELEGRAM informazione di prima mano e in tempo reale. iscriviti ed aiutaci a farlo conoscere\u00a0 \u00a0<\/span><\/h3>\n<p>&nbsp;<\/p>\n<hr \/>\n<p>&nbsp;<\/p>\n<h2 style=\"text-align: center;\">203 AGORDINA\u00a0 \u00a0CHIUSURA A FASCE ORARIE<\/h2>\n<blockquote>\n<blockquote><p><strong><img loading=\"lazy\" decoding=\"async\" class=\"alignleft\" src=\"https:\/\/www.radiopiu.net\/wordpress\/wp-content\/uploads\/2020\/05\/VENETO-STRADE-300x300.png\" width=\"121\" height=\"121\" \/><\/strong><\/p><\/blockquote>\n<\/blockquote>\n<blockquote><p><strong>AGORDO<\/strong> Fino a venerdi 22 ottobre in localit\u00e0 La Stanga (Agordo- Belluno)\u00a0 esclusi sabato 16 e domenica 17,\u00a0 interruzioni temporanee al transito sulla 203 Agordina per lavori: <strong>dalle 8.45 alle 9.35\u00a0 dalle 9.50 alle 11.15 dalle 11.30 alle 12.30 dalle 14.50 alle 15.10 dalle 15.30 alle 16.05<\/strong><\/p><\/blockquote>\n<p>&nbsp;<\/p>\n<p><span style=\"color: #ff0000;\"><strong>SP 347 DURAN E CEREDA<\/strong><\/span> dal 18 ottobre al 12 novembre chiusura totale in localit\u00e0 Caleda &#8211; comune di La Valle Agordina &#8211; dalle 8 alle 12 e dalle 13.30 alle 17.30<\/p>\n<h3>Chiusura a fasce orarie della <span style=\"color: #ff0000;\">provinciale 3 di Valle Imperina<\/span> in Comune di Gosaldo per la messa in sicurezza della strada al chilometro 9.900, esclusi sabato e domenica. Negli altri orari senso unico alternato CHIUSURE: 8 &#8211; 12.45 &#8211; 13.45-16.00 &#8211; 16.30-1800<\/h3>\n<p>&nbsp;<\/p>\n<p>&nbsp;<\/p>\n<hr \/>\n<p>&nbsp;<\/p>\n<blockquote>\n<blockquote>\n<h2>RACCOLTI 29.000 EURO PER LA NUOVA AUTO DI RICCARDO TEGNER<\/h2>\n<p><em>La macchina nel frattempo\u00a0 stata ordinata,\u00a0 servono i tempi tecnici per attrezzarla a dovere con pedane e spazi adeguati al movimento della carrozzina\u00a0<\/em><\/p><\/blockquote>\n<p><strong><a href=\"https:\/\/www.radiopiu.net\/wordpress\/raccolti-29-000-euro-per-la-nuova-auto-riccardo-tegner\/1626451699105964-locandina-riccardo-4\/\" rel=\"attachment wp-att-235380\"><img loading=\"lazy\" decoding=\"async\" class=\"size-medium wp-image-235380 alignleft\" src=\"https:\/\/www.radiopiu.net\/wordpress\/wp-content\/uploads\/2021\/10\/1626451699105964-locandina-riccardo-300x169.jpg\" alt=\"\" width=\"300\" height=\"169\" srcset=\"https:\/\/www.radiopiu.net\/wordpress\/wp-content\/uploads\/2021\/10\/1626451699105964-locandina-riccardo-300x169.jpg 300w, https:\/\/www.radiopiu.net\/wordpress\/wp-content\/uploads\/2021\/10\/1626451699105964-locandina-riccardo-768x432.jpg 768w, https:\/\/www.radiopiu.net\/wordpress\/wp-content\/uploads\/2021\/10\/1626451699105964-locandina-riccardo.jpg 800w\" sizes=\"auto, (max-width: 300px) 100vw, 300px\" \/><\/a>REDAZIONE<\/strong> Si \u00e8 conclusa da alcuni giorni la raccolta fondi per acquistare una nuova auto a Riccardo Tegner.\u00a0 L&#8217;iniziativa \u00e8 stata appoggiata anche da Radio Pi\u00f9 e nelle ultime ore \u00e8 arrivato il bonifico da Eppela a cui si aggiungono i soldi arrivati direttamente sul conto corrente della famiglia. In totale sono stati raccolti 29.000 euro, di cui quasi 22.000 solo online.<\/p>\n<p>L&#8217;auto che Agostino intende acquistare per Riccardo prevede una spesa di 35mila euro, per questo rimane aperta la possibilit\u00e0 di poter contribuire, non pi\u00f9 su piattaforma eppela, piuttosto sul conto corrente privato della famiglia Tegner.<\/p>\n<blockquote>\n<h3><span style=\"color: #ff0000;\"><em><strong>CHI VOLESSE FARE UNA DONAZIONE DIRETTAMENTE ALLA FAMIGLIA DI RICCARDO LO PUO\u2019 FARE SU QUESTO IBAN INTESTATO ALLA MAMMA ANA MARIA STOIAN:\u00a0<\/strong><\/em><\/span><\/h3>\n<h3><span style=\"color: #ff0000;\"><em><strong>IT40N0760111900000003558144<\/strong><\/em><\/span><\/h3>\n<\/blockquote>\n<p><strong>IL RINGRAZIAMENTO DI AGOSTINO TEGNER, PAPA&#8217; DI RICCARDO<\/strong><\/p><\/blockquote>\n<audio class=\"wp-audio-shortcode\" id=\"audio-236773-1\" preload=\"none\" style=\"width: 100%;\" controls=\"controls\"><source type=\"audio\/mpeg\" src=\"https:\/\/www.radiopiu.net\/wordpress\/wp-content\/uploads\/2021\/10\/TEGNER-.mp3?_=1\" \/><a href=\"https:\/\/www.radiopiu.net\/wordpress\/wp-content\/uploads\/2021\/10\/TEGNER-.mp3\">https:\/\/www.radiopiu.net\/wordpress\/wp-content\/uploads\/2021\/10\/TEGNER-.mp3<\/a><\/audio>\n<p>&nbsp;<\/p>\n<hr \/>\n<p>&nbsp;<\/p>\n<blockquote>\n<h3>LUTTO NEL MONDO DELLA MUSICA E DELLO SPETTACOLO<\/h3>\n<\/blockquote>\n<p><strong><a href=\"https:\/\/www.radiopiu.net\/wordpress\/giornale-radiopiu-14-ottobre-2021-direttore-mirko-mezzacasa\/63c8d8e5-5ba3-4d71-9bc5-eabad3dd83f4\/\" rel=\"attachment wp-att-236923\"><img loading=\"lazy\" decoding=\"async\" class=\"wp-image-236923 alignleft\" src=\"https:\/\/www.radiopiu.net\/wordpress\/wp-content\/uploads\/2021\/10\/63c8d8e5-5ba3-4d71-9bc5-eabad3dd83f4-300x169.jpg\" alt=\"\" width=\"229\" height=\"129\" srcset=\"https:\/\/www.radiopiu.net\/wordpress\/wp-content\/uploads\/2021\/10\/63c8d8e5-5ba3-4d71-9bc5-eabad3dd83f4-300x169.jpg 300w, https:\/\/www.radiopiu.net\/wordpress\/wp-content\/uploads\/2021\/10\/63c8d8e5-5ba3-4d71-9bc5-eabad3dd83f4-1024x576.jpg 1024w, https:\/\/www.radiopiu.net\/wordpress\/wp-content\/uploads\/2021\/10\/63c8d8e5-5ba3-4d71-9bc5-eabad3dd83f4-768x432.jpg 768w, https:\/\/www.radiopiu.net\/wordpress\/wp-content\/uploads\/2021\/10\/63c8d8e5-5ba3-4d71-9bc5-eabad3dd83f4-1536x864.jpg 1536w, https:\/\/www.radiopiu.net\/wordpress\/wp-content\/uploads\/2021\/10\/63c8d8e5-5ba3-4d71-9bc5-eabad3dd83f4.jpg 1920w\" sizes=\"auto, (max-width: 229px) 100vw, 229px\" \/><\/a>SANTA GIUSTINA<\/strong> E&#8217; morto Ottorino Casagrande, nome forse per molti sconosciuto, ma non se aggiungiamo dj Otto, o come lo si chiamava negli anni &#8217;80 quando frequentava anche l&#8217;Agordino Dj Otto mix. Erano i primi anni della RADIO PIU&#8217; quando abbiamo avuto modo di conoscerlo ed apprezzarlo per la sua professionalit\u00e0, era uno dei Dj di &#8220;grido&#8221; degli anni ottanta.\u00a0 Appassionato della musica gi\u00e0 a 15 anni si era messo in luce suonando la fisarmonica, laureandosi campione europeo. Crescendo \u00e8 diventato Dj girando per tutti i locali del Veneto e della riviera Romagnola. E&#8217; stato il Dj del \u00a0Papillon di Roveredo in Piano nonch\u00e9 produttore. Tanti i messaggi sui social, anche di \u00a0Marco Ossanna il\u00a0 dj bellunese:<em> \u00abEravamo fratelli, ci conoscevamo da 45 anni e ci sostenevamo a vicenda. Abbiamo anche lavorato assieme, l&#8217;esperienza pi\u00f9 bella \u00e8 stata quella al Pineta di Milano Marittima. Otto nella musica ha sempre visto lontano. Lungimirante, ambizioso, forse addirittura troppo esigente con se stesso, non si accontentava mai\u00bb.<\/em> Ottorino Casagrande lascia la mamma e due fratelli. Il funerale sar\u00e0 celebrato sabato alle 15 a Santa Giustina suo paese d&#8217;origine.<\/p>\n<p>Il fratello Marzio Casagrande <em>&#8220;Ciao&#8230;Grazie per tutto quello che mi hai insegnato, ma avevo ancora qualcosa da imparare.. Il tuo modo di vedere le cose, la tua generosit\u00e0 ed onest\u00e0 ti hanno sempre fatto distinguere. Orso e testa dura ma con un cuore immenso. Grazie fratello mio, continuer\u00f2 a volerti sempre pi\u00f9 bene! Ciao Otto&#8221;<\/em><\/p>\n<p>&nbsp;<\/p>\n<hr \/>\n<p>&nbsp;<\/p>\n<blockquote>\n<h3>SCHIANTO FRONTALE IN VIA DEI DENDROFORI<\/h3>\n<\/blockquote>\n<p><strong><a href=\"https:\/\/www.radiopiu.net\/wordpress\/giornale-radiopiu-14-ottobre-2021-direttore-mirko-mezzacasa\/fdc5cf6e-f0ef-4ac2-9b26-23b7da3523ed\/\" rel=\"attachment wp-att-236881\"><img loading=\"lazy\" decoding=\"async\" class=\"wp-image-236881 alignleft\" src=\"https:\/\/www.radiopiu.net\/wordpress\/wp-content\/uploads\/2021\/10\/fdc5cf6e-f0ef-4ac2-9b26-23b7da3523ed-300x225.jpg\" alt=\"\" width=\"181\" height=\"136\" srcset=\"https:\/\/www.radiopiu.net\/wordpress\/wp-content\/uploads\/2021\/10\/fdc5cf6e-f0ef-4ac2-9b26-23b7da3523ed-300x225.jpg 300w, https:\/\/www.radiopiu.net\/wordpress\/wp-content\/uploads\/2021\/10\/fdc5cf6e-f0ef-4ac2-9b26-23b7da3523ed-1024x768.jpg 1024w, https:\/\/www.radiopiu.net\/wordpress\/wp-content\/uploads\/2021\/10\/fdc5cf6e-f0ef-4ac2-9b26-23b7da3523ed-768x576.jpg 768w, https:\/\/www.radiopiu.net\/wordpress\/wp-content\/uploads\/2021\/10\/fdc5cf6e-f0ef-4ac2-9b26-23b7da3523ed-1536x1152.jpg 1536w, https:\/\/www.radiopiu.net\/wordpress\/wp-content\/uploads\/2021\/10\/fdc5cf6e-f0ef-4ac2-9b26-23b7da3523ed.jpg 2000w\" sizes=\"auto, (max-width: 181px) 100vw, 181px\" \/><\/a>BELLUNO<\/strong>\u00a0 La carambola poco fuori la galleria tra due auto, lungo la strada che costeggia la piscina di Lambioi e la Spes Arena. Il bilancio \u00e8 di quattro feriti bellunesi, nessuno dei quali in gravi condizioni. Tutti trasportati al San Martino con due ambulanze e dimessi gi\u00e0 nel pomeriggio con traumi e contusioni. Traffico paralizzato per un paio d&#8217;ore, dalle 9 alle 11, in entrambi i sensi di marcia, con le rotatorie di via Feltre e galleria Belluno presidiate dalla Polizia locale. La dinamica \u00e8 al vaglio della Polizia stradale di Valle di Cadore, che \u00e8 intervenuta con la sua pattuglia e ha fatto i rilievi di legge. Una Jeep potrebbe aver invaso la corsia opposta, schiantandosi contro una Renault Captur e coinvolgendo una Ford Fiesta, che \u00e8 finita a diversi metri, verso gli impianti sportivi e una minicar aziendale, che non ha fatto in tempo a fermarsi, tamponando leggermente la Renault.<\/p>\n<p>&nbsp;<\/p>\n<p>&nbsp;<\/p>\n<hr \/>\n<p>&nbsp;<\/p>\n<blockquote>\n<h3>INCIDENTE SUL LAVORO, MAROCCHINO AL PRONTO SOCCORSO<\/h3>\n<\/blockquote>\n<p><strong>BELLUNO\u00a0<\/strong> E&#8217; scivolato battendo la schiena, \u00e8 successo ieri mattina nel cantiere della vecchia scuola elementare Gabelli. L&#8217;operaio stava montando un ponteggio quando ha perso l&#8217;equilibrio ed \u00e8 finito a terra. All&#8217;ospedale \u00e8 stato diagnosticato un trauma alla colonna vertebrale, fortunatamente non grave,\u00a0 \u00e8 stato soccorso in prima battuta dai colleghi e poi dall&#8217;ambulanza del 118 dell&#8217;ospedale San Martino. Era cosciente, ma\u00a0 dolorante e faticava a muoversi. Sul posto anche la polizia e soprattutto i tecnici dello Spisal.<\/p>\n<p>&nbsp;<\/p>\n<hr \/>\n<p>&nbsp;<\/p>\n<blockquote>\n<h3>PAPA GIOVANNI PAOLO I SARA&#8217; BEATO. CAMPANE A FESTA A CANALE D&#8217;AGORDO E BELLUNO<\/h3>\n<\/blockquote>\n<p><strong><a href=\"https:\/\/www.radiopiu.net\/wordpress\/giornale-radiopiu-25-agosto-2021-direttore-mirko-mezzacasa\/papa-luciani-2-3\/\" rel=\"attachment wp-att-229320\"><img loading=\"lazy\" decoding=\"async\" class=\"size-medium wp-image-229320 alignleft\" src=\"https:\/\/www.radiopiu.net\/wordpress\/wp-content\/uploads\/2021\/08\/papa-luciani-2-300x200.jpg\" alt=\"\" width=\"300\" height=\"200\" srcset=\"https:\/\/www.radiopiu.net\/wordpress\/wp-content\/uploads\/2021\/08\/papa-luciani-2-300x200.jpg 300w, https:\/\/www.radiopiu.net\/wordpress\/wp-content\/uploads\/2021\/08\/papa-luciani-2-1024x683.jpg 1024w, https:\/\/www.radiopiu.net\/wordpress\/wp-content\/uploads\/2021\/08\/papa-luciani-2-768x512.jpg 768w, https:\/\/www.radiopiu.net\/wordpress\/wp-content\/uploads\/2021\/08\/papa-luciani-2.jpg 1200w\" sizes=\"auto, (max-width: 300px) 100vw, 300px\" \/><\/a>CITTA&#8217; DEL VATICANO <\/strong>Papa Giovanni Paolo I sar\u00e0 beato. Papa Francesco ha infatti autorizzato la Congregazione per le Cause dei santi a promulgare il decreto riguardante il miracolo attribuito all&#8217;intercessione del Venerabile Servo di Dio Giovanni Paolo I (Albino Luciani), Pontefice; nato il 17 ottobre 1912 a Forno di Canale, (oggi Canale d&#8217;Agordo) e morto il 28 settembre 1978 nel Palazzo Apostolico (Stato della Citt\u00e0 del Vaticano). Intanto a Canale D&#8217;Agordo e Belluno stanno suonando a festa le campane.<\/p>\n<p><strong>PER LEGGERE IL BOLLETTINO DELLA SANTA SEDE <a href=\"https:\/\/press.vatican.va\/content\/salastampa\/it\/bollettino\/pubblico\/2021\/10\/13\/0661\/01407.html\">CLICCA QUI<\/a><\/strong><\/p>\n<p><strong>Il commento del direttore della Fondazione Papa Luciani di Canale d&#8217;Agordo Onlus, Loris Serafini.<\/strong><br \/>\n<i>&#8220;Accolgo con grandissima gioia la notizia che \u00e8 giunta dalla Sala Stampa Vaticana. <\/i><i>Quanto sognato nel lontano 2002 dall&#8217;allora vescovo di Belluno-Feltre Vincenzo Savio si sta finalmente avverando. L&#8217;amatissimo mons. Savio voleva proporre la figura di Albino Luciani come esempio di santit\u00e0 ordinaria per la propria Diocesi e per la Chiesa universale, valorizzando la vita e l&#8217;insegnamento del semplice sacerdote di Canale d&#8217;Agordo divenuto papa con il nome di Giovanni Paolo I, proponendolo a tutto il mondo come modello attuale di una santit\u00e0 assolutamente comune e accessibile a tutti. Questo suo sogno ora diventer\u00e0 realt\u00e0, accogliendo le richieste di moltissimi fedeli che da tutte le parti del mondo lo volevano posto all&#8217;onore degli altari.\u00a0 <\/i><i>Ma Albino Luciani rifuggiva i posti d&#8217;onore. Preferiva sentirsi piccolo. A Vittorio Veneto e a Venezia ripeteva \u201cQuando parlo da solo a Dio e alla Madonna la mitra, lo zucchetto, l\u2019anello scompaiono; mando in vacanza l\u2019adulto e anche il vescovo, per abbandonarmi alla tenerezza spontanea, che ha un bambino davanti a pap\u00e0 e mamma.\u201d Perfino da Papa ripeteva questo concetto: &#8220;Dobbiamo sentirci piccoli davanti a Dio. Quando io dico: \u00abSignore, io credo\u00bb; non mi vergogno di sentirmi come un bambino davanti alla mamma; io credo al Signore, a quello che egli mi ha rivelato&#8221;.<\/i><\/p>\n<p><a href=\"https:\/\/www.radiopiu.net\/wordpress\/papa-giovanni-paolo-i-sara-beato-campane-a-festa-a-canale-dagordo-e-belluno\/olympus-digital-camera-265\/\" rel=\"attachment wp-att-236827\"><img loading=\"lazy\" decoding=\"async\" class=\"alignright wp-image-236827 size-medium\" src=\"https:\/\/www.radiopiu.net\/wordpress\/wp-content\/uploads\/2021\/10\/Il-Sindaco-Flavio-Colcergnan-e-Vincenzo-Savio-300x225.jpg\" alt=\"\" width=\"300\" height=\"225\" srcset=\"https:\/\/www.radiopiu.net\/wordpress\/wp-content\/uploads\/2021\/10\/Il-Sindaco-Flavio-Colcergnan-e-Vincenzo-Savio-300x225.jpg 300w, https:\/\/www.radiopiu.net\/wordpress\/wp-content\/uploads\/2021\/10\/Il-Sindaco-Flavio-Colcergnan-e-Vincenzo-Savio-1024x768.jpg 1024w, https:\/\/www.radiopiu.net\/wordpress\/wp-content\/uploads\/2021\/10\/Il-Sindaco-Flavio-Colcergnan-e-Vincenzo-Savio-768x576.jpg 768w, https:\/\/www.radiopiu.net\/wordpress\/wp-content\/uploads\/2021\/10\/Il-Sindaco-Flavio-Colcergnan-e-Vincenzo-Savio-1536x1152.jpg 1536w, https:\/\/www.radiopiu.net\/wordpress\/wp-content\/uploads\/2021\/10\/Il-Sindaco-Flavio-Colcergnan-e-Vincenzo-Savio.jpg 1600w\" sizes=\"auto, (max-width: 300px) 100vw, 300px\" \/><\/a><\/p>\n<p><i><\/i><i>La santit\u00e0 che preferiva Albino Luciani era quella della vita quotidiana, quella della &#8220;Madonna delle pignatte&#8221; che, diceva, &#8220;si \u00e8 fatta santa senza visioni, senza estasi, si \u00e8 fatta santa con queste piccole cose. Lavava scodelle, preparava minestre, pelava patate o qualcosa di simile&#8221;. <\/i><i>Quindi possiamo davvero essere felici che la Chiesa abbia ufficialmente riconosciuto la santit\u00e0 di questo &#8220;straordinario&#8221; pastore vissuto in modo assolutamente ordinario, che avvicina tutti i credenti a una santit\u00e0 accessibile, possibile e concreta, quella che secondo l&#8217;antica etimologia, rende i credenti &#8220;pieni di vita&#8221; e d\u00e0 senso pieno alla vita. E&#8217; una santit\u00e0 accessibile, perch\u00e9 non \u00e8 un merito conquistato, ma un dono gratuito del Signore, come risposta alla fiducia riposta in Lui. <\/i><i>Adesso attendiamo con gioia la data della sua beatificazione.&#8221;<\/i><\/p>\n<p>&nbsp;<\/p>\n<p>&nbsp;<\/p>\n<div>\n<div class=\"b654a4as d2edcug0\">\n<div class=\"rq0escxv hkbzh7o3 jwdofwj8 n8tt0mok r8blr3vg hyh9befq\">\n<p><a class=\"dt-pswp-item\" href=\"https:\/\/www.radiopiu.net\/wordpress\/wp-content\/uploads\/2020\/10\/pp.jpg\" data-dt-img-description=\"\" data-large_image_width=\"640\" data-large_image_height=\"640\"><img loading=\"lazy\" decoding=\"async\" class=\"wp-image-163678 alignleft\" src=\"https:\/\/www.radiopiu.net\/wordpress\/wp-content\/uploads\/2020\/10\/pp-300x300.jpg\" alt=\"\" width=\"106\" height=\"106\" srcset=\"https:\/\/www.radiopiu.net\/wordpress\/wp-content\/uploads\/2020\/10\/pp-300x300.jpg 300w, https:\/\/www.radiopiu.net\/wordpress\/wp-content\/uploads\/2020\/10\/pp-150x150.jpg 150w, https:\/\/www.radiopiu.net\/wordpress\/wp-content\/uploads\/2020\/10\/pp-125x125.jpg 125w, https:\/\/www.radiopiu.net\/wordpress\/wp-content\/uploads\/2020\/10\/pp-200x200.jpg 200w, https:\/\/www.radiopiu.net\/wordpress\/wp-content\/uploads\/2020\/10\/pp-80x80.jpg 80w, https:\/\/www.radiopiu.net\/wordpress\/wp-content\/uploads\/2020\/10\/pp-480x480.jpg 480w, https:\/\/www.radiopiu.net\/wordpress\/wp-content\/uploads\/2020\/10\/pp.jpg 640w\" sizes=\"auto, (max-width: 106px) 100vw, 106px\" \/><\/a><\/p>\n<\/div>\n<\/div>\n<\/div>\n<div>\n<div class=\"page-title-head hgroup\">\n<div class=\"page-title-head hgroup\">\n<div class=\"b654a4as d2edcug0\">\n<div class=\"j83agx80 btwxx1t3 lhclo0ds hop8lmos nkwizq5d scwd0bx6 roh60bw9\">\n<div class=\"rq0escxv hkbzh7o3 jwdofwj8 n8tt0mok r8blr3vg hyh9befq\">\n<div class=\"do00u71z l9j0dhe7 k4urcfbm\">\n<h2><span style=\"color: #000080;\">DON CESARE &#8220;IL RICONOSCIMENTO DEL MIRACOLO L&#8217;ATTO DECISIVO&#8221;\u00a0\u00a0<\/span><\/h2>\n<p>&nbsp;<\/p>\n<p>&nbsp;<\/p>\n<audio class=\"wp-audio-shortcode\" id=\"audio-236773-2\" preload=\"none\" style=\"width: 100%;\" controls=\"controls\"><source type=\"audio\/mpeg\" src=\"https:\/\/www.radiopiu.net\/wordpress\/wp-content\/uploads\/2021\/10\/CESARE-5.mp3?_=2\" \/><a href=\"https:\/\/www.radiopiu.net\/wordpress\/wp-content\/uploads\/2021\/10\/CESARE-5.mp3\">https:\/\/www.radiopiu.net\/wordpress\/wp-content\/uploads\/2021\/10\/CESARE-5.mp3<\/a><\/audio>\n<p>&nbsp;<\/p>\n<\/div>\n<\/div>\n<\/div>\n<\/div>\n<\/div>\n<\/div>\n<\/div>\n<p>&nbsp;<\/p>\n<p>&nbsp;<\/p>\n<p><strong>\u00a0LE CAMPANE A FESTA DI CANALE D&#8217;AGORDO<\/strong><\/p>\n<audio class=\"wp-audio-shortcode\" id=\"audio-236773-3\" preload=\"none\" style=\"width: 100%;\" controls=\"controls\"><source type=\"audio\/mpeg\" src=\"https:\/\/www.radiopiu.net\/wordpress\/wp-content\/uploads\/2021\/10\/campane-canale.mp3?_=3\" \/><a href=\"https:\/\/www.radiopiu.net\/wordpress\/wp-content\/uploads\/2021\/10\/campane-canale.mp3\">https:\/\/www.radiopiu.net\/wordpress\/wp-content\/uploads\/2021\/10\/campane-canale.mp3<\/a><\/audio>\n<p>&nbsp;<\/p>\n<p><strong>IL VIDEO<\/strong><\/p>\n<div style=\"width: 848px;\" class=\"wp-video\"><video class=\"wp-video-shortcode\" id=\"video-236773-1\" width=\"848\" height=\"480\" preload=\"metadata\" controls=\"controls\"><source type=\"video\/mp4\" src=\"https:\/\/www.radiopiu.net\/wordpress\/wp-content\/uploads\/2021\/10\/WhatsApp-Video-2021-10-13-at-12.54.15.mp4?_=1\" \/><a href=\"https:\/\/www.radiopiu.net\/wordpress\/wp-content\/uploads\/2021\/10\/WhatsApp-Video-2021-10-13-at-12.54.15.mp4\">https:\/\/www.radiopiu.net\/wordpress\/wp-content\/uploads\/2021\/10\/WhatsApp-Video-2021-10-13-at-12.54.15.mp4<\/a><\/video><\/div>\n<p>&nbsp;<\/p>\n<hr \/>\n<p>&nbsp;<\/p>\n<blockquote>\n<h3><strong>PAPA LUCIANI VERSO GLI ALTARI. PRESIDENTE DEL VENETO, \u201cORGOGLIO DELLA NOSTRA TERRA, CON LA DOLCEZZA DEL SUO ACCENTO VENETO HA CONQUISTATO IL MONDO<\/strong><\/h3>\n<\/blockquote>\n<p><strong><a href=\"https:\/\/www.radiopiu.net\/wordpress\/domani-al-musal-di-canale-dagordo-un-incontro-sullattualita-di-papa-luciani-con-andrea-tornielli\/papa-luciani\/\" rel=\"attachment wp-att-155344\"><img loading=\"lazy\" decoding=\"async\" class=\"wp-image-155344 alignleft\" src=\"https:\/\/www.radiopiu.net\/wordpress\/wp-content\/uploads\/2020\/08\/Papa-Luciani-211x300.jpg\" alt=\"\" width=\"120\" height=\"171\" srcset=\"https:\/\/www.radiopiu.net\/wordpress\/wp-content\/uploads\/2020\/08\/Papa-Luciani-211x300.jpg 211w, https:\/\/www.radiopiu.net\/wordpress\/wp-content\/uploads\/2020\/08\/Papa-Luciani-720x1024.jpg 720w, https:\/\/www.radiopiu.net\/wordpress\/wp-content\/uploads\/2020\/08\/Papa-Luciani-768x1093.jpg 768w, https:\/\/www.radiopiu.net\/wordpress\/wp-content\/uploads\/2020\/08\/Papa-Luciani-1080x1536.jpg 1080w, https:\/\/www.radiopiu.net\/wordpress\/wp-content\/uploads\/2020\/08\/Papa-Luciani.jpg 1391w\" sizes=\"auto, (max-width: 120px) 100vw, 120px\" \/><\/a>VENEZIA<\/strong>\u00a0<em> \u201cHa portato a San Pietro la semplicit\u00e0 e la concretezza della nostra gente ma, nonostante il suo pontificato sia durato soltanto un mese, il sorriso e la dolcezza del suo accento veneto hanno conquistato il mondo. A nome di tutti i veneti esprimo la gioia e l\u2019orgoglio per la notizia del decreto che apre la via della beatificazione di Giovanni Paolo I\u201d.<\/em><\/p>\n<p>Con queste parole il Presidente della Regione del Veneto esprime la soddisfazione per il decreto firmato da Papa Francesco, autorizzando la Congregazione per le Cause dei Santi a promulgare il decreto riguardante il miracolo attribuito all\u2019intercessione del venerabile Giovanni Paolo I, il bellunese Albino Luciani di Canale d\u2019Agordo, gi\u00e0 vescovo di Vittorio Veneto e Patriarca di Venezia.<\/p>\n<p><em>\u201cIl decreto del Papa fa vedere ormai prossimo il giorno in cui don Albino, come lo chiamavano tanti nostri anziani che lo avevano visto giovane prete nel Bellunese, sar\u00e0 beato \u2013 sottolinea il Presidente \u2013 e quel giorno sar\u00e0 una grande festa per tutta la nostra regione. La modestia che, fin dalla nascita in un\u2019umile famiglia di lavoratori delle montagne agordine, ha sempre contraddistinto Papa Luciani non ha impedito che fosse protagonista di un pontificato che, nonostante la brevit\u00e0, ha segnato un periodo importante nella vita della Chiesa. La sua beatificazione ci appare anche una eccezionale sottolineatura del ruolo che ha avuto la Chiesa veneta nella vita del \u2018900. Sono tre i patriarchi di Venezia, pastori delle Genti venete, eletti pontefici nel ventesimo secolo. Pio X e Giovanni XXIII sono gi\u00e0 stati proclamati Santi, anche Giovanni Paolo I potr\u00e0 salire presto alle glorie degli altari come beato\u201d.<\/em><\/p>\n<p>&nbsp;<\/p>\n<p>&nbsp;<\/p>\n<hr \/>\n<p>&nbsp;<\/p>\n<blockquote>\n<h3>BLACKFIN FESTEGGIA IL 50\u00b0 ANNIVERSARIO E INAUGURA BLACK SHELTER, LA NUOVA SEDE CERTIFICATA CASA CLIMA WORK&amp;LIFE<\/h3>\n<p><em>Ospite l\u2019astronauta Paolo Nespoli, che ha coinvolto i presenti in un viaggio personale nello spazio, attraverso concetti e valori condivisi con la storia dell\u2019azienda<\/em><\/p><\/blockquote>\n<p><strong>TAIBON<\/strong> &#8211; 1971-2021: 50 anni di attivit\u00e0 che Blackfin celebra assieme all\u2019inaugurazione della nuova sede, Black Shelter, una struttura architettonica futuristica che amplia di quasi tre volte la sede gi\u00e0 esistente. Oltre a Nicola Del Din, Amministratore Delegato, e Giancarlo Recchia, CFO, alla cerimonia era presente anche Maria Luisa Pramaor, che nel 1971 ebbe il coraggio di aprire un piccolo laboratorio artigianale per la finitura di occhiali dando cos\u00ec il via a quella che oggi \u00e8 una solida realt\u00e0 imprenditoriale del distretto, con un fatturato che punta ai 12 milioni di euro a fine 2021.Tra i tanti presenti l&#8217;assessore veneto Elena Donazzan e il sindaco Silvia Tormen. Nicola Del Din <em>&#8220;Oggi festeggiamo anche la follia che ci \u00e8 stata attribuita da molti per aver deciso di costruire la sede proprio qui&#8221;.<\/em> Giancarlo Recchia<em> &#8220;La nuova sede non \u00e8 un traguardo, ma il punto di partenza per ulteriori sfide all&#8217;insegna dell&#8217;eccellenza&#8221;.\u00a0<\/em>Oggi la sede accoglie un centinaio di dipendenti con il reparto produttivo totalmente internalizzato ora pi\u00f9 che raddoppiato. Ospite d\u2019eccezione Paolo Nespoli, il celebre astronauta dell\u2019Esa e amico di Blackfin. Nespoli ha coinvolto i presenti in un emozionante viaggio personale nello spazio. In occasione della sua ultima missione sulla Stazione Spaziale Internazionale nel 2017, Blackfin ha realizzato delle montature utilizzate in orbita per alcuni test scientifici<\/p>\n<p><strong>LE INTERVISTE ALLA RADIO\u00a0<\/strong><\/p>\n<audio class=\"wp-audio-shortcode\" id=\"audio-236773-4\" preload=\"none\" style=\"width: 100%;\" controls=\"controls\"><source type=\"audio\/mpeg\" src=\"https:\/\/www.radiopiu.net\/wordpress\/wp-content\/uploads\/2021\/10\/INERVISTE-NESPOLI.mp3?_=4\" \/><a href=\"https:\/\/www.radiopiu.net\/wordpress\/wp-content\/uploads\/2021\/10\/INERVISTE-NESPOLI.mp3\">https:\/\/www.radiopiu.net\/wordpress\/wp-content\/uploads\/2021\/10\/INERVISTE-NESPOLI.mp3<\/a><\/audio>\n<p><strong><span style=\"color: #ff0000;\">\u00a0<\/span><\/strong><\/p>\n<p><strong><span style=\"color: #ff0000;\">\u00a0<\/span><\/strong><\/p>\n<blockquote>\n<h1><strong><span style=\"color: #ff0000;\">SULLE PAGINE FACEBOOK: RADIO PIU EMITTENTE AGORDINA (GRUPPO) E RADIO PIU (PAGINA) LE DIRETTE VIDEO<\/span><\/strong><\/h1>\n<\/blockquote>\n<p>&nbsp;<\/p>\n\n\t\t\t<style type='text\/css'>\n\t\t\t\t#gallery-1 {\n\t\t\t\t\tmargin: auto;\n\t\t\t\t}\n\t\t\t\t#gallery-1 .gallery-item {\n\t\t\t\t\tfloat: left;\n\t\t\t\t\tmargin-top: 10px;\n\t\t\t\t\ttext-align: center;\n\t\t\t\t\twidth: 33%;\n\t\t\t\t}\n\t\t\t\t#gallery-1 img {\n\t\t\t\t\tborder: 2px solid #cfcfcf;\n\t\t\t\t}\n\t\t\t\t#gallery-1 .gallery-caption {\n\t\t\t\t\tmargin-left: 0;\n\t\t\t\t}\n\t\t\t\t\/* see gallery_shortcode() in wp-includes\/media.php *\/\n\t\t\t<\/style>\n\t\t<div id='gallery-1' class='dt-gallery-container gallery galleryid-236773 gallery-columns-3 gallery-size-medium'><dl class='gallery-item'>\n\t\t\t\t<dt class='gallery-icon landscape'>\n\t\t\t\t\t<a class=\"rollover\" href='https:\/\/www.radiopiu.net\/wordpress\/linaugurazione-del-nuovo-stabilimento-blackfin-la-diretta\/blackfin_stampa-2\/'><img loading=\"lazy\" decoding=\"async\" width=\"300\" height=\"200\" src=\"https:\/\/www.radiopiu.net\/wordpress\/wp-content\/uploads\/2021\/10\/Blackfin_stampa-2-300x200.jpg\" class=\"attachment-medium size-medium\" alt=\"\" srcset=\"https:\/\/www.radiopiu.net\/wordpress\/wp-content\/uploads\/2021\/10\/Blackfin_stampa-2-300x200.jpg 300w, https:\/\/www.radiopiu.net\/wordpress\/wp-content\/uploads\/2021\/10\/Blackfin_stampa-2-1024x683.jpg 1024w, https:\/\/www.radiopiu.net\/wordpress\/wp-content\/uploads\/2021\/10\/Blackfin_stampa-2-768x512.jpg 768w, https:\/\/www.radiopiu.net\/wordpress\/wp-content\/uploads\/2021\/10\/Blackfin_stampa-2-1536x1024.jpg 1536w, https:\/\/www.radiopiu.net\/wordpress\/wp-content\/uploads\/2021\/10\/Blackfin_stampa-2-2048x1366.jpg 2048w\" sizes=\"auto, (max-width: 300px) 100vw, 300px\" \/><\/a>\n\t\t\t\t<\/dt><\/dl><dl class='gallery-item'>\n\t\t\t\t<dt class='gallery-icon landscape'>\n\t\t\t\t\t<a class=\"rollover\" href='https:\/\/www.radiopiu.net\/wordpress\/linaugurazione-del-nuovo-stabilimento-blackfin-la-diretta\/blackfin_stampa-4\/'><img loading=\"lazy\" decoding=\"async\" width=\"300\" height=\"200\" src=\"https:\/\/www.radiopiu.net\/wordpress\/wp-content\/uploads\/2021\/10\/Blackfin_stampa-4-300x200.jpg\" class=\"attachment-medium size-medium\" alt=\"\" srcset=\"https:\/\/www.radiopiu.net\/wordpress\/wp-content\/uploads\/2021\/10\/Blackfin_stampa-4-300x200.jpg 300w, https:\/\/www.radiopiu.net\/wordpress\/wp-content\/uploads\/2021\/10\/Blackfin_stampa-4-1024x683.jpg 1024w, https:\/\/www.radiopiu.net\/wordpress\/wp-content\/uploads\/2021\/10\/Blackfin_stampa-4-768x512.jpg 768w, https:\/\/www.radiopiu.net\/wordpress\/wp-content\/uploads\/2021\/10\/Blackfin_stampa-4-1536x1024.jpg 1536w, https:\/\/www.radiopiu.net\/wordpress\/wp-content\/uploads\/2021\/10\/Blackfin_stampa-4-2048x1366.jpg 2048w\" sizes=\"auto, (max-width: 300px) 100vw, 300px\" \/><\/a>\n\t\t\t\t<\/dt><\/dl><dl class='gallery-item'>\n\t\t\t\t<dt class='gallery-icon landscape'>\n\t\t\t\t\t<a class=\"rollover\" href='https:\/\/www.radiopiu.net\/wordpress\/linaugurazione-del-nuovo-stabilimento-blackfin-la-diretta\/blackfin_stampa-6\/'><img loading=\"lazy\" decoding=\"async\" width=\"300\" height=\"200\" src=\"https:\/\/www.radiopiu.net\/wordpress\/wp-content\/uploads\/2021\/10\/Blackfin_stampa-6-300x200.jpg\" class=\"attachment-medium size-medium\" alt=\"\" srcset=\"https:\/\/www.radiopiu.net\/wordpress\/wp-content\/uploads\/2021\/10\/Blackfin_stampa-6-300x200.jpg 300w, https:\/\/www.radiopiu.net\/wordpress\/wp-content\/uploads\/2021\/10\/Blackfin_stampa-6-1024x683.jpg 1024w, https:\/\/www.radiopiu.net\/wordpress\/wp-content\/uploads\/2021\/10\/Blackfin_stampa-6-768x512.jpg 768w, https:\/\/www.radiopiu.net\/wordpress\/wp-content\/uploads\/2021\/10\/Blackfin_stampa-6-1536x1025.jpg 1536w, https:\/\/www.radiopiu.net\/wordpress\/wp-content\/uploads\/2021\/10\/Blackfin_stampa-6.jpg 2000w\" sizes=\"auto, (max-width: 300px) 100vw, 300px\" \/><\/a>\n\t\t\t\t<\/dt><\/dl><br style=\"clear: both\" \/>\n\t\t\t<\/div>\n\n<p>&nbsp;<\/p>\n<p>&nbsp;<\/p>\n<p>&nbsp;<\/p>\n<hr \/>\n<p>&nbsp;<\/p>\n<blockquote class=\"wp-embedded-content\" data-secret=\"EICi5P55Fl\"><p><a href=\"https:\/\/www.radiopiu.net\/wordpress\/aggiornamentoott13\/\">CORONAVIRUS: AGGIORNAMENTO NAZIONALE 13 OTTOBRE  2021<\/a><\/p><\/blockquote>\n<p><iframe loading=\"lazy\" class=\"wp-embedded-content\" sandbox=\"allow-scripts\" security=\"restricted\" style=\"position: absolute; clip: rect(1px, 1px, 1px, 1px);\" title=\"&#8220;CORONAVIRUS: AGGIORNAMENTO NAZIONALE 13 OTTOBRE  2021&#8221; &#8212; Radio Pi\u00f9\" src=\"https:\/\/www.radiopiu.net\/wordpress\/aggiornamentoott13\/embed\/#?secret=EICi5P55Fl\" data-secret=\"EICi5P55Fl\" width=\"600\" height=\"338\" frameborder=\"0\" marginwidth=\"0\" marginheight=\"0\" scrolling=\"no\"><\/iframe><\/p>\n<p>&nbsp;<\/p>\n<p>&nbsp;<\/p>\n<blockquote class=\"wp-embedded-content\" data-secret=\"yH8NEPOaUV\"><p><a href=\"https:\/\/www.radiopiu.net\/wordpress\/leggero-calo-dei-ricoveri-e-un-decesso-nelle-ultime-24-ore-in-veneto-oggi-si-contano-348-nuovi-positivi\/\">LEGGERO CALO DEI RICOVERI E UN DECESSO NELLE ULTIME 24 ORE IN VENETO. OGGI SI CONTANO 348 NUOVI POSITIVI<\/a><\/p><\/blockquote>\n<p><iframe loading=\"lazy\" class=\"wp-embedded-content\" sandbox=\"allow-scripts\" security=\"restricted\" style=\"position: absolute; clip: rect(1px, 1px, 1px, 1px);\" title=\"&#8220;LEGGERO CALO DEI RICOVERI E UN DECESSO NELLE ULTIME 24 ORE IN VENETO. OGGI SI CONTANO 348 NUOVI POSITIVI&#8221; &#8212; Radio Pi\u00f9\" src=\"https:\/\/www.radiopiu.net\/wordpress\/leggero-calo-dei-ricoveri-e-un-decesso-nelle-ultime-24-ore-in-veneto-oggi-si-contano-348-nuovi-positivi\/embed\/#?secret=yH8NEPOaUV\" data-secret=\"yH8NEPOaUV\" width=\"600\" height=\"338\" frameborder=\"0\" marginwidth=\"0\" marginheight=\"0\" scrolling=\"no\"><\/iframe><\/p>\n<p>&nbsp;<\/p>\n<h2>I GRAFICI DI TIZIANO DE COL<\/h2>\n<p>&nbsp;<\/p>\n\n\t\t\t<style type='text\/css'>\n\t\t\t\t#gallery-2 {\n\t\t\t\t\tmargin: auto;\n\t\t\t\t}\n\t\t\t\t#gallery-2 .gallery-item {\n\t\t\t\t\tfloat: left;\n\t\t\t\t\tmargin-top: 10px;\n\t\t\t\t\ttext-align: center;\n\t\t\t\t\twidth: 20%;\n\t\t\t\t}\n\t\t\t\t#gallery-2 img {\n\t\t\t\t\tborder: 2px solid #cfcfcf;\n\t\t\t\t}\n\t\t\t\t#gallery-2 .gallery-caption {\n\t\t\t\t\tmargin-left: 0;\n\t\t\t\t}\n\t\t\t\t\/* see gallery_shortcode() in wp-includes\/media.php *\/\n\t\t\t<\/style>\n\t\t<div id='gallery-2' class='dt-gallery-container gallery galleryid-236773 gallery-columns-5 gallery-size-thumbnail'><dl class='gallery-item'>\n\t\t\t\t<dt class='gallery-icon landscape'>\n\t\t\t\t\t<a class=\"rollover rollover-zoom dt-pswp-item\" title=\"0e17c4a6-ecf7-4662-a8b7-6abdbdf1058b\" data-dt-img-description=\"\" data-large_image_width=\"603\" data-large_image_height=\"358\"href='https:\/\/www.radiopiu.net\/wordpress\/wp-content\/uploads\/2021\/10\/0e17c4a6-ecf7-4662-a8b7-6abdbdf1058b.jpg'><img loading=\"lazy\" decoding=\"async\" width=\"150\" height=\"150\" src=\"https:\/\/www.radiopiu.net\/wordpress\/wp-content\/uploads\/2021\/10\/0e17c4a6-ecf7-4662-a8b7-6abdbdf1058b-150x150.jpg\" class=\"attachment-thumbnail size-thumbnail\" alt=\"\" \/><\/a>\n\t\t\t\t<\/dt><\/dl><dl class='gallery-item'>\n\t\t\t\t<dt class='gallery-icon landscape'>\n\t\t\t\t\t<a class=\"rollover rollover-zoom dt-pswp-item\" title=\"b83d5e05-a36e-4cb3-bf05-139067623feb\" data-dt-img-description=\"\" data-large_image_width=\"604\" data-large_image_height=\"363\"href='https:\/\/www.radiopiu.net\/wordpress\/wp-content\/uploads\/2021\/10\/b83d5e05-a36e-4cb3-bf05-139067623feb.jpg'><img loading=\"lazy\" decoding=\"async\" width=\"150\" height=\"150\" src=\"https:\/\/www.radiopiu.net\/wordpress\/wp-content\/uploads\/2021\/10\/b83d5e05-a36e-4cb3-bf05-139067623feb-150x150.jpg\" class=\"attachment-thumbnail size-thumbnail\" alt=\"\" \/><\/a>\n\t\t\t\t<\/dt><\/dl><dl class='gallery-item'>\n\t\t\t\t<dt class='gallery-icon landscape'>\n\t\t\t\t\t<a class=\"rollover rollover-zoom dt-pswp-item\" title=\"7e59a86e-58d9-4f48-9dfe-e5895d6d2046\" data-dt-img-description=\"\" data-large_image_width=\"598\" data-large_image_height=\"370\"href='https:\/\/www.radiopiu.net\/wordpress\/wp-content\/uploads\/2021\/10\/7e59a86e-58d9-4f48-9dfe-e5895d6d2046.jpg'><img loading=\"lazy\" decoding=\"async\" width=\"150\" height=\"150\" src=\"https:\/\/www.radiopiu.net\/wordpress\/wp-content\/uploads\/2021\/10\/7e59a86e-58d9-4f48-9dfe-e5895d6d2046-150x150.jpg\" class=\"attachment-thumbnail size-thumbnail\" alt=\"\" \/><\/a>\n\t\t\t\t<\/dt><\/dl><dl class='gallery-item'>\n\t\t\t\t<dt class='gallery-icon landscape'>\n\t\t\t\t\t<a class=\"rollover rollover-zoom dt-pswp-item\" title=\"5658b396-e4c4-45c4-9b64-ad89e60559a2\" data-dt-img-description=\"\" data-large_image_width=\"614\" data-large_image_height=\"362\"href='https:\/\/www.radiopiu.net\/wordpress\/wp-content\/uploads\/2021\/10\/5658b396-e4c4-45c4-9b64-ad89e60559a2.jpg'><img loading=\"lazy\" decoding=\"async\" width=\"150\" height=\"150\" src=\"https:\/\/www.radiopiu.net\/wordpress\/wp-content\/uploads\/2021\/10\/5658b396-e4c4-45c4-9b64-ad89e60559a2-150x150.jpg\" class=\"attachment-thumbnail size-thumbnail\" alt=\"\" \/><\/a>\n\t\t\t\t<\/dt><\/dl><dl class='gallery-item'>\n\t\t\t\t<dt class='gallery-icon landscape'>\n\t\t\t\t\t<a class=\"rollover rollover-zoom dt-pswp-item\" title=\"3cc83f68-4311-489c-80dd-5b23bfc66893\" data-dt-img-description=\"\" data-large_image_width=\"612\" data-large_image_height=\"358\"href='https:\/\/www.radiopiu.net\/wordpress\/wp-content\/uploads\/2021\/10\/3cc83f68-4311-489c-80dd-5b23bfc66893.jpg'><img loading=\"lazy\" decoding=\"async\" width=\"150\" height=\"150\" src=\"https:\/\/www.radiopiu.net\/wordpress\/wp-content\/uploads\/2021\/10\/3cc83f68-4311-489c-80dd-5b23bfc66893-150x150.jpg\" class=\"attachment-thumbnail size-thumbnail\" alt=\"\" \/><\/a>\n\t\t\t\t<\/dt><\/dl><br style=\"clear: both\" \/>\n\t\t\t<\/div>\n\n<hr \/>\n<p>&nbsp;<\/p>\n<p>&nbsp;<\/p>\n<blockquote>\n<h1>VENERDI 15 OTTOBRE : &#8211; 1<\/h1>\n<\/blockquote>\n<p><strong><span style=\"color: #ff0000;\">Punti tamponi<\/span>\u00a0 \u00a0Drive-in Alpago Paludi:<\/strong> tutti i giorni dalle 7.00 alle 10.00 e dalle 12.00 alle 19.00<strong> Drive-in Feltre \u2013 loc. Peschiera (ex Marangoni)<\/strong>: dal luned\u00ec al sabato dalle 7.00 alle 10.00 e dalle 12.00 alle 19.00 <strong>Drive-in Agordo \u2013 Piazzale Tamonich:<\/strong> luned\u00ec, marted\u00ec, mercoled\u00ec, gioved\u00ec, sabato e domenica dalle 7.00 alle 10.00 e dalle 11.00 alle 16.00<strong> Drive-in Tai di Cadore \u2013 Piazzale Dolomiti<\/strong>: marted\u00ec, gioved\u00ec e sabato dalle 14.00 alle 17.00 14 ottobre 2021 Tamponi per GREEN PASS: ACCESSO SU PRENOTAZIONE online dal sito www.aulss1.veneto.it\/sportello-online\/ (prestazione a pagamento) Tamponi per SORVEGLIANZA (con impegnativa o per contact tracing &#8211; prestazione gratuita) ACCESSO LIBERO<strong> Drive-in Alpago Paludi:<\/strong> tutti i giorni dalle 10.00 alle 12.0<strong>0 Drive-in Feltre \u2013 loc. Peschiera (ex Marangoni): <\/strong>dal luned\u00ec al sabato dalle 10.00 alle 12.00 <strong>Drive-in Agordo \u2013 Piazzale Tamonich:<\/strong> luned\u00ec, marted\u00ec, mercoled\u00ec, gioved\u00ec, sabato e domenica dalle 10.00 alle 11.00 <strong>Drive-in Tai di Cadore \u2013 Piazzale Dolomiti: <\/strong>marted\u00ec, gioved\u00ec e sabato dalle 13.00 alle 14.0<\/p>\n<p>&nbsp;<\/p>\n<blockquote>\n<h3>MEDICI E COMUNE UNISCONO LE FORZE PRO VACCINO<\/h3>\n<\/blockquote>\n<p><strong>CENCENIGHE<\/strong> I medici di medicina generale invitano alla vaccinazione anticovid ad accesso libero al Nof Filo&#8217; di Cencenighe: domenica dalle 9 alle 12, per tutte le categoria vaccinabili con acesso libero. Il medico di medicina generale tra l&#8217;altro risponder\u00e0 alle domande e dubbi, portare la tessera sanitaria e scheda anamnestica compilata. Informazioni www.aulss1.veneto.it.<\/p>\n<p>&nbsp;<\/p>\n<p>&nbsp;<\/p>\n<hr \/>\n<p>&nbsp;<\/p>\n<blockquote>\n<h3>PALESTRA GRATUITA A CIELO APERTO<\/h3>\n<\/blockquote>\n<p><a href=\"https:\/\/www.radiopiu.net\/wordpress\/palestra-gratuita-a-cielo-aperto\/th-216\/\" rel=\"attachment wp-att-236908\"><img loading=\"lazy\" decoding=\"async\" class=\"size-full wp-image-236908 alignleft\" src=\"https:\/\/www.radiopiu.net\/wordpress\/wp-content\/uploads\/2021\/10\/th-13.jpg\" alt=\"\" width=\"229\" height=\"172\" \/><\/a><strong>SEDICO\u00a0<\/strong><\/p>\n<p><strong>di DAMIANO TORMEN\u00a0<\/strong><\/p>\n<p>&nbsp;<\/p>\n<audio class=\"wp-audio-shortcode\" id=\"audio-236773-5\" preload=\"none\" style=\"width: 100%;\" controls=\"controls\"><source type=\"audio\/mpeg\" src=\"https:\/\/www.radiopiu.net\/wordpress\/wp-content\/uploads\/2021\/10\/damiano-3.mp3?_=5\" \/><a href=\"https:\/\/www.radiopiu.net\/wordpress\/wp-content\/uploads\/2021\/10\/damiano-3.mp3\">https:\/\/www.radiopiu.net\/wordpress\/wp-content\/uploads\/2021\/10\/damiano-3.mp3<\/a><\/audio>\n<p>&nbsp;<\/p>\n<p>&nbsp;<\/p>\n<p>&nbsp;<\/p>\n<hr \/>\n<blockquote><p><a href=\"https:\/\/www.radiopiu.net\/wordpress\/depositate-le-liste-dei-due-candidati-sindaco-a-voltago-lo-stesso-e-avvenuto-anche-a-selva-di-cadore\/luca-lorenzini\/\" rel=\"attachment wp-att-230840\"><img loading=\"lazy\" decoding=\"async\" class=\"wp-image-230840 alignleft\" src=\"https:\/\/www.radiopiu.net\/wordpress\/wp-content\/uploads\/2021\/09\/LUCA-LORENZINI-278x300.jpg\" alt=\"\" width=\"140\" height=\"151\" srcset=\"https:\/\/www.radiopiu.net\/wordpress\/wp-content\/uploads\/2021\/09\/LUCA-LORENZINI-278x300.jpg 278w, https:\/\/www.radiopiu.net\/wordpress\/wp-content\/uploads\/2021\/09\/LUCA-LORENZINI-949x1024.jpg 949w, https:\/\/www.radiopiu.net\/wordpress\/wp-content\/uploads\/2021\/09\/LUCA-LORENZINI-768x829.jpg 768w, https:\/\/www.radiopiu.net\/wordpress\/wp-content\/uploads\/2021\/09\/LUCA-LORENZINI.jpg 1200w\" sizes=\"auto, (max-width: 140px) 100vw, 140px\" \/><\/a><\/p>\n<h2>IL SINDACO LORENZINI HA SCELTO GLI ASSESSORI, LA PIU&#8217; VOTATA SI OCCUPERA&#8217; DI POLITICHE DI CONTRASTO ALLO SPOPOLAMENTO<\/h2>\n<\/blockquote>\n<p><strong>SELVA DI CADORE\u00a0<\/strong><\/p>\n<p><strong>di GIANNI SANTOMASO\u00a0<\/strong><\/p>\n<p>&nbsp;<\/p>\n<audio class=\"wp-audio-shortcode\" id=\"audio-236773-6\" preload=\"none\" style=\"width: 100%;\" controls=\"controls\"><source type=\"audio\/mpeg\" src=\"https:\/\/www.radiopiu.net\/wordpress\/wp-content\/uploads\/2021\/10\/gianni-selva.mp3?_=6\" \/><a href=\"https:\/\/www.radiopiu.net\/wordpress\/wp-content\/uploads\/2021\/10\/gianni-selva.mp3\">https:\/\/www.radiopiu.net\/wordpress\/wp-content\/uploads\/2021\/10\/gianni-selva.mp3<\/a><\/audio>\n<p>&nbsp;<\/p>\n<p>&nbsp;<\/p>\n<hr \/>\n<p>&nbsp;<\/p>\n<p>&nbsp;<\/p>\n<h3>L&#8217;INTERVENTO ALLA CAMERA DEL DEPUTATO ROGER DE MENECH<\/h3>\n<h3><em>&#8220;Sono intervenuto alla Camera dei deputati in occasione del 58\u00ba anniversario del disastro del Vajont e ho voluto ricordare due figure&#8230;&#8221;<\/em><\/h3>\n<p>&nbsp;<\/p>\n<div style=\"width: 848px;\" class=\"wp-video\"><video class=\"wp-video-shortcode\" id=\"video-236773-2\" width=\"848\" height=\"480\" preload=\"metadata\" controls=\"controls\"><source type=\"video\/mp4\" src=\"https:\/\/www.radiopiu.net\/wordpress\/wp-content\/uploads\/2021\/10\/WhatsApp-Video-2021-10-13-at-19.13.13.mp4?_=2\" \/><a href=\"https:\/\/www.radiopiu.net\/wordpress\/wp-content\/uploads\/2021\/10\/WhatsApp-Video-2021-10-13-at-19.13.13.mp4\">https:\/\/www.radiopiu.net\/wordpress\/wp-content\/uploads\/2021\/10\/WhatsApp-Video-2021-10-13-at-19.13.13.mp4<\/a><\/video><\/div>\n<p>&nbsp;<\/p>\n<p>&nbsp;<\/p>\n<hr \/>\n<blockquote>\n<h3><\/h3>\n<h3>MISURE DI SOSTEGNO A SEGUITO DELL&#8217;EMERGENZA COVID-19: APPROVATO IL BANDO PER 20 BORSE DI STUDIO A FAVORE DI STUDENTI UNIVERSITARI IN CONDIZIONI ECONOMICHE DISAGIATE<\/h3>\n<\/blockquote>\n<p><strong><a href=\"https:\/\/www.radiopiu.net\/wordpress\/omaggi-a-feltre-dallalto\/94e3b68b-d386-4f94-8aa8-30105c25932b\/\" rel=\"attachment wp-att-145789\"><img loading=\"lazy\" decoding=\"async\" class=\"size-medium wp-image-145789 alignleft\" src=\"https:\/\/www.radiopiu.net\/wordpress\/wp-content\/uploads\/2020\/06\/94e3b68b-d386-4f94-8aa8-30105c25932b-300x225.jpg\" alt=\"\" width=\"300\" height=\"225\" srcset=\"https:\/\/www.radiopiu.net\/wordpress\/wp-content\/uploads\/2020\/06\/94e3b68b-d386-4f94-8aa8-30105c25932b-300x225.jpg 300w, https:\/\/www.radiopiu.net\/wordpress\/wp-content\/uploads\/2020\/06\/94e3b68b-d386-4f94-8aa8-30105c25932b-768x576.jpg 768w, https:\/\/www.radiopiu.net\/wordpress\/wp-content\/uploads\/2020\/06\/94e3b68b-d386-4f94-8aa8-30105c25932b.jpg 960w\" sizes=\"auto, (max-width: 300px) 100vw, 300px\" \/><\/a>FELTRE <\/strong>Venti borse di studio da 2 mila euro ciascuna a favore di studenti universitari la cui famiglia si sia venuta a trovare in una situazione di disagio economico a causa della pandemia da Covid- 19. E&#8217; questa la misura varata dalla giunta comunale di Feltre nella sua ultima seduta, a seguito delle indicazioni della Conferenza dei Capigruppo sulle misure di sostegno alla popolazione e alle attivit\u00e0 economiche in relazione all&#8217;emergenza sanitaria. Gli uffici comunali hanno cos\u00ec elaborato l&#8217;avviso per la concessione di 20 borse di studio, dell&#8217;importo di euro 2.000 ciascuna, a favore di studenti iscritti, nell&#8217;anno accademico 2020 \u2013 2021, a corsi universitari e che si trovano in una delle seguenti situazioni di disagio a causa dell&#8217;emergenza epidemiologica in atto: perdita dell&#8217;attivit\u00e0 lavorativa di uno dei due genitori nel corso del 2020 e\/o nel periodo gennaio \u2013 aprile 2021; sospensione dell\u2019attivit\u00e0 lavorativa di uno dei due genitori (ad esempio: cassa integrazione, sospensione dell\u2019attivit\u00e0 imprenditoriale disposta con provvedimento) nel corso del 2020 e\/o nel periodo gennaio &#8211; aprile 2021; perdita di fatturato, nella misura di almeno il 30% nell\u2019anno 2020 rispetto all\u2019anno precedente, dell\u2019attivit\u00e0 lavorativa di uno dei genitori lavoratore autonomo o titolare di impresa individuale\/titolare di impresa; decesso di uno dei genitori a causa Covid- 19. Le domande dovranno essere inviate <u>entro le ore 12.00 del giorno 30 novembre 2021<\/u> utilizzando una delle seguenti modalit\u00e0: alla casella di posta elettronica certificata: comune.feltre.bl@pecveneto.it indicando nell\u2019oggetto \u201cDomanda borsa di studio Comune di Feltre &#8211;\u00a0 cognome e nome del richiedente\u201d; al protocollo comunale mediante consegna a mano o invio tramite raccomandata AR (in questo caso far\u00e0 fede esclusivamente la data e l&#8217;orario di ricezione). Sulla busta dovr\u00e0 essere indicata la seguente dicitura: \u201cDomanda borsa di studio Comune di Feltre\u201d.<\/p>\n<p><strong>MANUEL SACCHET, PRESIDENTE DEL CONSIGLIO COMUNALE DI FELTRE<\/strong><\/p>\n<audio class=\"wp-audio-shortcode\" id=\"audio-236773-7\" preload=\"none\" style=\"width: 100%;\" controls=\"controls\"><source type=\"audio\/mpeg\" src=\"https:\/\/www.radiopiu.net\/wordpress\/wp-content\/uploads\/2021\/10\/SACHET-FELTRE-BORSE-STUDIO.mp3?_=7\" \/><a href=\"https:\/\/www.radiopiu.net\/wordpress\/wp-content\/uploads\/2021\/10\/SACHET-FELTRE-BORSE-STUDIO.mp3\">https:\/\/www.radiopiu.net\/wordpress\/wp-content\/uploads\/2021\/10\/SACHET-FELTRE-BORSE-STUDIO.mp3<\/a><\/audio>\n<p>&nbsp;<\/p>\n<p>&nbsp;<\/p>\n<hr \/>\n<p>&nbsp;<\/p>\n<blockquote>\n<h3>CAMBIAMENTI CLIMATICI E MONTAGNA: IL BELLUNESE AL CENTRO DI UN PROGETTO PILOTA A LIVELLO NAZIONALE<\/h3>\n<\/blockquote>\n<p><strong><a href=\"https:\/\/www.radiopiu.net\/wordpress\/giornale-radiopiu-14-ottobre-2021-direttore-mirko-mezzacasa\/foto_evento_progetto_impatto_climatico_13_10\/\" rel=\"attachment wp-att-236838\"><img loading=\"lazy\" decoding=\"async\" class=\"size-medium wp-image-236838 alignleft\" src=\"https:\/\/www.radiopiu.net\/wordpress\/wp-content\/uploads\/2021\/10\/foto_evento_progetto_impatto_climatico_13_10-300x174.jpg\" alt=\"\" width=\"300\" height=\"174\" srcset=\"https:\/\/www.radiopiu.net\/wordpress\/wp-content\/uploads\/2021\/10\/foto_evento_progetto_impatto_climatico_13_10-300x174.jpg 300w, https:\/\/www.radiopiu.net\/wordpress\/wp-content\/uploads\/2021\/10\/foto_evento_progetto_impatto_climatico_13_10-1024x595.jpg 1024w, https:\/\/www.radiopiu.net\/wordpress\/wp-content\/uploads\/2021\/10\/foto_evento_progetto_impatto_climatico_13_10-768x446.jpg 768w, https:\/\/www.radiopiu.net\/wordpress\/wp-content\/uploads\/2021\/10\/foto_evento_progetto_impatto_climatico_13_10-1536x893.jpg 1536w, https:\/\/www.radiopiu.net\/wordpress\/wp-content\/uploads\/2021\/10\/foto_evento_progetto_impatto_climatico_13_10.jpg 1600w\" sizes=\"auto, (max-width: 300px) 100vw, 300px\" \/><\/a>BELLUNO <\/strong>Gestire l\u2019impatto dei cambiamenti climatici sul territorio bellunese da qui al futuro, analizzando e prevedendo i rischi per la popolazione e le attivit\u00e0 economiche: \u00e8 questo l\u2019obiettivo del progetto cui ha lavorato una task-force costituita da Enel Foundation, Venice International University, Centro Euro Mediterraneo sui cambiamenti climatici e Confindustria Belluno Dolomiti. L\u2019iniziativa disegnata da Enel Foundation \u2013 tra le pi\u00f9 interessanti a livello europeo per metodologia, attori coinvolti e outcome multisettoriali &#8211; \u00e8 stata presentata questa mattina a Belluno in sala Caldart in villa Doglioni Dalmas. A introdurre i lavori sono stati Lorraine Berton, presidente di Confindustria Belluno Dolomiti, Carlo Papa, direttore della Fondazione Centro Studi Enel, Roberto Padrin, presidente della Provincia di Belluno e Marco Bussone, presidente nazionale di Uncem. Lo studio, che si concentra per l\u2019appunto sul Bellunese, prende le mosse dall\u2019analisi dei cambiamenti climatici in atto e prospettici &#8211; in una logica multi hazard &#8211; per formulare una valutazione puntuale dei rischi di specifiche realt\u00e0 territoriali, considerandone assetto socio\/economico e\u00a0 peculiarit\u00e0 strutturali e settoriali. Valutare i rischi connessi al clima nei processi decisionali \u2013 quello che gli inglesi chiamano \u201cclimate proofing\u201d &#8211; consente di programmare al meglio gli interventi di adattamento sia pubblici che privati per assicurare sviluppo sostenibile a tutti e a ciascuno dei membri delle comunit\u00e0 in cui si opera. \u201cSe vogliamo rimanere in montagna, dobbiamo fare i conti con le mutazioni del clima, i cui effetti abbiamo imparato a conoscere molto bene sulla nostra pelle negli ultimi anni\u201d, afferma Lorraine Berton. \u201cPenso alle straordinarie nevicate degli anni recenti fino alla tempesta Vaia del 2018, o ai tanti fenomeni violenti che spesso registriamo dalle terre alte ai fondovalle\u201d.<\/p>\n<p>&nbsp;<\/p>\n<p>&nbsp;<\/p>\n<hr \/>\n<p>&nbsp;<\/p>\n<blockquote>\n<h3 class=\"p1\"><span class=\"s1\">ISTRUZIONE, BOND: \u201cISCRIZIONE CONTEMPORANEA A DUE PERCORSI DI STUDI UNIVERSITARI. BENE L\u2019ADEGUAMENTO CHE CI AVVICINA ALL\u2019EUROPA\u201d<\/span><\/h3>\n<\/blockquote>\n<p class=\"p1\"><span class=\"s1\"><strong><a href=\"https:\/\/www.radiopiu.net\/wordpress\/giornale-radiopiu-20-maggio-2020-direttore-mirko-mezzacasa\/dario-bond-11\/\" rel=\"attachment wp-att-138833\"><img loading=\"lazy\" decoding=\"async\" class=\"size-full wp-image-138833 alignleft\" src=\"https:\/\/www.radiopiu.net\/wordpress\/wp-content\/uploads\/2020\/05\/Dario-Bond.jpg\" alt=\"\" width=\"165\" height=\"228\" \/><\/a>ROMA <\/strong>\u201cDa oggi un giovane italiano pu\u00f2 iscriversi contemporaneamente a due percorsi universitari o di studi superiori post diploma. \u00c8 una notizia importante, che adegua le opportunit\u00e0 formative italiane a quelle dei maggiori Paesi europei, ma soprattutto che d\u00e0 la possibilit\u00e0 ai nostri talenti di conseguire un bagaglio variegato di istruzione fondamentale per le sfide del mondo del lavoro\u201d. Il deputato Dario Bond commenta cos\u00ec l\u2019approvazione all\u2019unanimit\u00e0 del progetto di legge relativo alle disposizioni in materia di iscrizione contemporanea a due corsi di istruzione superiore, che ha modificato l\u2019impianto precedente di un regio decreto del 1933. Un progetto di legge a cui lo stesso Bond ha collaborato nella stesura nella commissione parlamentare competente. <\/span><span class=\"s1\">\u201cCon questa novit\u00e0, un ragazzo pu\u00f2 iscriversi in contemporanea a due facolt\u00e0 universitarie diverse. In questo modo viene favorita quell\u2019interdisciplinariet\u00e0 del sapere che \u00e8 sempre pi\u00f9 importante nella societ\u00e0 in cui viviamo, soprattutto per garantire flessibilit\u00e0 e trasversalit\u00e0 di competenze nelle figure di altissimo profilo che entreranno nel mondo del lavoro. Ora bisogna lavorare anche sul fronte della formazione professionale, in modo da potenziare sempre di pi\u00f9 il bagaglio di competenze in uscita dal mondo della scuola superiore, cos\u00ec da fornire anche quelle professionalit\u00e0 sempre pi\u00f9 richieste dalle aziende per chi sceglie di non proseguire con studi universitari\u201d.<\/span><\/p>\n<p>&nbsp;<\/p>\n<p>&nbsp;<\/p>\n<p>&nbsp;<\/p>\n<hr \/>\n<p>&nbsp;<\/p>\n<blockquote>\n<h3>PIU&#8217; FONDI ALLE ULSS PER PAGARE GLI STRAORDINARI DEL PERSONALE SANITARIO<\/h3>\n<\/blockquote>\n<p><strong><a href=\"https:\/\/www.radiopiu.net\/wordpress\/giornale-radiopiu-23-settembre-2021-direttore-mirko-mezzacasa\/bigon-3\/\" rel=\"attachment wp-att-233248\"><img loading=\"lazy\" decoding=\"async\" class=\"wp-image-233248 alignleft\" src=\"https:\/\/www.radiopiu.net\/wordpress\/wp-content\/uploads\/2021\/09\/BIGON-3-300x200.jpg\" alt=\"\" width=\"204\" height=\"136\" srcset=\"https:\/\/www.radiopiu.net\/wordpress\/wp-content\/uploads\/2021\/09\/BIGON-3-300x200.jpg 300w, https:\/\/www.radiopiu.net\/wordpress\/wp-content\/uploads\/2021\/09\/BIGON-3-1024x683.jpg 1024w, https:\/\/www.radiopiu.net\/wordpress\/wp-content\/uploads\/2021\/09\/BIGON-3-768x512.jpg 768w, https:\/\/www.radiopiu.net\/wordpress\/wp-content\/uploads\/2021\/09\/BIGON-3-1536x1024.jpg 1536w, https:\/\/www.radiopiu.net\/wordpress\/wp-content\/uploads\/2021\/09\/BIGON-3-2048x1365.jpg 2048w\" sizes=\"auto, (max-width: 204px) 100vw, 204px\" \/><\/a>VENEZIA<\/strong> <span style=\"font-size: large;\"><em>\u201cLa Regione aumenti i fondi alle Aziende sociosanitarie per pagare gli straordinari del personale.\u00a0 Non possono essere retribuiti con una cifra forfettaria tanto bassa, decisa in modo unilaterale, chi in tutto il 2020 ha fatto centinaia di ore extra. \u00c8 una questione di dignit\u00e0 del lavoro e di rispetto dei contratti, oltre ad essere un autogol clamoroso: non si argina cos\u00ec la fuga dei professionisti verso il privato o in altre Regioni, n\u00e9 si pu\u00f2 pensare di recuperare le lunghe liste di attesa\u201d<\/em>. \u00c8 quanto afferma Anna Maria Bigon, consigliera regionale del Partito Democratico. <em>&#8220;<\/em><\/span><em><span style=\"font-size: large;\">Tuttavia &#8211; aggiunge &#8211; la proposta di pagare appena il 5,83% delle 30mila ore di straordinario effettuate nel\u00a02020, come accaduto nell\u2019Ulss 5, si commenta da sola, \u00e8 semplicemente irricevibile. La sanit\u00e0 pubblica per essere messa in sicurezza e rilanciata non pu\u00f2 prescindere dalle condizioni di lavoro dei professionisti che ci lavorano. In questo anno e mezzo di pandemia hanno fatto sforzi incredibili per<span class=\"gmail-Apple-converted-space\">\u00a0 <\/span>garantire il diritto alla salute ed \u00e8 merito loro se il Veneto nella prima ondata ha retto meglio che altrove. Ricompensarli con le briciole \u00e8 una scelta ingiusta, sbagliata e controproducente\u201d.<\/span><\/em><\/p>\n<p>&nbsp;<\/p>\n<p>&nbsp;<\/p>\n<p>&nbsp;<\/p>\n<hr \/>\n<p>&nbsp;<\/p>\n<blockquote>\n<h3>VERGOGNA! DIVANO E MATERASSI SCARICATI IN PIAN DI CALEDA&#8230; ci sono ecocentri in tutta la vallata, l&#8217;accesso agli stessi \u00e8 gratuito per tutti per questo la parola vergogna va scandita a gran voce.<\/h3>\n<\/blockquote>\n<p>&nbsp;<\/p>\n<p><strong>LA VALLE<\/strong> Felix Ferroni era partito per una passeggiata, ma a Pian di Caleda sopra l&#8217;abitato di La Valle improvvisamente il triste spettacolo che nel video si commenta da solo. Oggi i volontari si attiveranno per il recupero. Chiss\u00e0 se qualcuno riconosce quello che un tempo era un divano completo di materassi&#8230;<\/p>\n<p>&nbsp;<\/p>\n<div style=\"width: 848px;\" class=\"wp-video\"><video class=\"wp-video-shortcode\" id=\"video-236773-3\" width=\"848\" height=\"480\" preload=\"metadata\" controls=\"controls\"><source type=\"video\/mp4\" src=\"https:\/\/www.radiopiu.net\/wordpress\/wp-content\/uploads\/2021\/10\/WhatsApp-Video-2021-10-13-at-18.40.17.mp4?_=3\" \/><a href=\"https:\/\/www.radiopiu.net\/wordpress\/wp-content\/uploads\/2021\/10\/WhatsApp-Video-2021-10-13-at-18.40.17.mp4\">https:\/\/www.radiopiu.net\/wordpress\/wp-content\/uploads\/2021\/10\/WhatsApp-Video-2021-10-13-at-18.40.17.mp4<\/a><\/video><\/div>\n<p>&nbsp;<\/p>\n<div style=\"width: 640px;\" class=\"wp-video\"><video class=\"wp-video-shortcode\" id=\"video-236773-4\" width=\"640\" height=\"352\" preload=\"metadata\" controls=\"controls\"><source type=\"video\/mp4\" src=\"https:\/\/www.radiopiu.net\/wordpress\/wp-content\/uploads\/2021\/10\/WhatsApp-Video-2021-10-13-at-18.37.56.mp4?_=4\" \/><a href=\"https:\/\/www.radiopiu.net\/wordpress\/wp-content\/uploads\/2021\/10\/WhatsApp-Video-2021-10-13-at-18.37.56.mp4\">https:\/\/www.radiopiu.net\/wordpress\/wp-content\/uploads\/2021\/10\/WhatsApp-Video-2021-10-13-at-18.37.56.mp4<\/a><\/video><\/div>\n<p>&nbsp;<\/p>\n<p>&nbsp;<\/p>\n<hr \/>\n<p>&nbsp;<\/p>\n<p>&nbsp;<\/p>\n<h2><a href=\"https:\/\/www.radiopiu.net\/wordpress\/giornale-radiopiu-14-ottobre-2021-direttore-mirko-mezzacasa\/p_20211013_105655_1\/\" rel=\"attachment wp-att-236880\"><img loading=\"lazy\" decoding=\"async\" class=\"wp-image-236880 alignleft\" src=\"https:\/\/www.radiopiu.net\/wordpress\/wp-content\/uploads\/2021\/10\/P_20211013_105655_1-300x248.jpg\" alt=\"\" width=\"151\" height=\"125\" srcset=\"https:\/\/www.radiopiu.net\/wordpress\/wp-content\/uploads\/2021\/10\/P_20211013_105655_1-300x248.jpg 300w, https:\/\/www.radiopiu.net\/wordpress\/wp-content\/uploads\/2021\/10\/P_20211013_105655_1-1024x845.jpg 1024w, https:\/\/www.radiopiu.net\/wordpress\/wp-content\/uploads\/2021\/10\/P_20211013_105655_1-768x634.jpg 768w, https:\/\/www.radiopiu.net\/wordpress\/wp-content\/uploads\/2021\/10\/P_20211013_105655_1-1536x1267.jpg 1536w, https:\/\/www.radiopiu.net\/wordpress\/wp-content\/uploads\/2021\/10\/P_20211013_105655_1-2048x1690.jpg 2048w\" sizes=\"auto, (max-width: 151px) 100vw, 151px\" \/><\/a>DILLO A RADIO PIU&#8217;<\/h2>\n<p><strong>di Franco Piacentini_Feltre\u00a0<\/strong><\/p>\n<p>Con questa mia foto, voglio ricordare che, oltre alla emergenza sanitaria Covid, c&#8217;\u00e8 anche la drammatica situazione delle api. Per effetto dell&#8217; inquinamento e dello sconsiderato utilizzo di pesticidi velenosi, le preziose amiche api\u00a0 potrebbero, nel breve periodo, scomparire. Senza di loro il pianeta terra diventerebbe una grande tomba per tutti gli esseri viventi. Quindi, tuteliamo e amiamo le api.<\/p>\n<p>&nbsp;<\/p>\n<p>&nbsp;<\/p>\n<hr \/>\n<p>&nbsp;<\/p>\n<blockquote>\n<h3>STRADA DI ANGHERAZ, PROSEGUONO I LAVORI CON LA BRESSAN SCAVI DI GOSALDO<\/h3>\n<\/blockquote>\n\n\t\t\t<style type='text\/css'>\n\t\t\t\t#gallery-3 {\n\t\t\t\t\tmargin: auto;\n\t\t\t\t}\n\t\t\t\t#gallery-3 .gallery-item {\n\t\t\t\t\tfloat: left;\n\t\t\t\t\tmargin-top: 10px;\n\t\t\t\t\ttext-align: center;\n\t\t\t\t\twidth: 33%;\n\t\t\t\t}\n\t\t\t\t#gallery-3 img {\n\t\t\t\t\tborder: 2px solid #cfcfcf;\n\t\t\t\t}\n\t\t\t\t#gallery-3 .gallery-caption {\n\t\t\t\t\tmargin-left: 0;\n\t\t\t\t}\n\t\t\t\t\/* see gallery_shortcode() in wp-includes\/media.php *\/\n\t\t\t<\/style>\n\t\t<div id='gallery-3' class='dt-gallery-container gallery galleryid-236773 gallery-columns-3 gallery-size-medium'><dl class='gallery-item'>\n\t\t\t\t<dt class='gallery-icon landscape'>\n\t\t\t\t\t<a class=\"rollover rollover-zoom dt-pswp-item\" title=\"245175670_381502233615659_3185247485066900221_n\" data-dt-img-description=\"\" data-large_image_width=\"275\" data-large_image_height=\"206\"href='https:\/\/www.radiopiu.net\/wordpress\/wp-content\/uploads\/2021\/10\/245175670_381502233615659_3185247485066900221_n.jpg'><img loading=\"lazy\" decoding=\"async\" width=\"275\" height=\"206\" src=\"https:\/\/www.radiopiu.net\/wordpress\/wp-content\/uploads\/2021\/10\/245175670_381502233615659_3185247485066900221_n.jpg\" class=\"attachment-medium size-medium\" alt=\"\" aria-describedby=\"gallery-3-236884\" \/><\/a>\n\t\t\t\t<\/dt>\n\t\t\t\t\t<dd class='wp-caption-text gallery-caption' id='gallery-3-236884'>\n\t\t\t\t\tOGGI NEL CANTIERE\n\t\t\t\t\t<\/dd><\/dl><dl class='gallery-item'>\n\t\t\t\t<dt class='gallery-icon portrait'>\n\t\t\t\t\t<a class=\"rollover rollover-zoom dt-pswp-item\" title=\"245172678_929656657655200_4029610261132430756_n\" data-dt-img-description=\"\" data-large_image_width=\"155\" data-large_image_height=\"206\"href='https:\/\/www.radiopiu.net\/wordpress\/wp-content\/uploads\/2021\/10\/245172678_929656657655200_4029610261132430756_n.jpg'><img loading=\"lazy\" decoding=\"async\" width=\"155\" height=\"206\" src=\"https:\/\/www.radiopiu.net\/wordpress\/wp-content\/uploads\/2021\/10\/245172678_929656657655200_4029610261132430756_n.jpg\" class=\"attachment-medium size-medium\" alt=\"\" aria-describedby=\"gallery-3-236885\" \/><\/a>\n\t\t\t\t<\/dt>\n\t\t\t\t\t<dd class='wp-caption-text gallery-caption' id='gallery-3-236885'>\n\t\t\t\t\tDOPO VAIA \n\t\t\t\t\t<\/dd><\/dl><dl class='gallery-item'>\n\t\t\t\t<dt class='gallery-icon landscape'>\n\t\t\t\t\t<a class=\"rollover rollover-zoom dt-pswp-item\" title=\"245168998_1007489413375786_4285065353699483540_n\" data-dt-img-description=\"\" data-large_image_width=\"275\" data-large_image_height=\"206\"href='https:\/\/www.radiopiu.net\/wordpress\/wp-content\/uploads\/2021\/10\/245168998_1007489413375786_4285065353699483540_n.jpg'><img loading=\"lazy\" decoding=\"async\" width=\"275\" height=\"206\" src=\"https:\/\/www.radiopiu.net\/wordpress\/wp-content\/uploads\/2021\/10\/245168998_1007489413375786_4285065353699483540_n.jpg\" class=\"attachment-medium size-medium\" alt=\"\" aria-describedby=\"gallery-3-236887\" \/><\/a>\n\t\t\t\t<\/dt>\n\t\t\t\t\t<dd class='wp-caption-text gallery-caption' id='gallery-3-236887'>\n\t\t\t\t\tOGGI NEL CANTIERE\n\t\t\t\t\t<\/dd><\/dl><br style=\"clear: both\" \/>\n\t\t\t<\/div>\n\n<p><a href=\"https:\/\/www.radiopiu.net\/wordpress\/giornale-radiopiu-14-ottobre-2021-direttore-mirko-mezzacasa\/245190455_203456425223610_2384049064423873383_n\/\" rel=\"attachment wp-att-236888\"><img loading=\"lazy\" decoding=\"async\" class=\"alignnone size-full wp-image-236888\" src=\"https:\/\/www.radiopiu.net\/wordpress\/wp-content\/uploads\/2021\/10\/245190455_203456425223610_2384049064423873383_n.jpg\" alt=\"\" width=\"274\" height=\"206\" \/><\/a><a href=\"https:\/\/www.radiopiu.net\/wordpress\/giornale-radiopiu-14-ottobre-2021-direttore-mirko-mezzacasa\/245663612_3743666752402306_3405433719188533260_n\/\" rel=\"attachment wp-att-236883\"><img loading=\"lazy\" decoding=\"async\" class=\"alignnone size-full wp-image-236883\" src=\"https:\/\/www.radiopiu.net\/wordpress\/wp-content\/uploads\/2021\/10\/245663612_3743666752402306_3405433719188533260_n.jpg\" alt=\"\" width=\"275\" height=\"206\" \/><\/a><a href=\"https:\/\/www.radiopiu.net\/wordpress\/giornale-radiopiu-14-ottobre-2021-direttore-mirko-mezzacasa\/243216280_885378942372125_2025390319430731717_n\/\" rel=\"attachment wp-att-236882\"><img loading=\"lazy\" decoding=\"async\" class=\"alignnone size-full wp-image-236882\" src=\"https:\/\/www.radiopiu.net\/wordpress\/wp-content\/uploads\/2021\/10\/243216280_885378942372125_2025390319430731717_n.jpg\" alt=\"\" width=\"275\" height=\"206\" \/><\/a><a href=\"https:\/\/www.radiopiu.net\/wordpress\/giornale-radiopiu-14-ottobre-2021-direttore-mirko-mezzacasa\/245190968_637243380598615_5218670106255063881_n\/\" rel=\"attachment wp-att-236886\"><img loading=\"lazy\" decoding=\"async\" class=\"alignnone size-full wp-image-236886\" src=\"https:\/\/www.radiopiu.net\/wordpress\/wp-content\/uploads\/2021\/10\/245190968_637243380598615_5218670106255063881_n.jpg\" alt=\"\" width=\"275\" height=\"206\" \/><\/a><\/p>\n<p>&nbsp;<\/p>\n<hr \/>\n<p>&nbsp;<\/p>\n<p>&nbsp;<\/p>\n<blockquote>\n<h3>CALIFORNIA; PARROCCHIA PER MENO DI 9 ANNI COLPA DELL\u2019ALLUVIONE DEL 4 NOVEMBRE 1966<\/h3>\n<\/blockquote>\n<p>E\u2019 dedicato \u201calla sfortunata parrocchia di California e a tutti coloro che per essa operarono, ma in particolare a Savino Masoch che tanto am\u00f2 la sua terra d\u2019origine\u201d il libro \u201cL\u2019ex parrocchia di California\u201d che il prof. Ivo Ren ha realizzato nell\u2019agosto 2002 (Grafiche Crivellari di Ponzano) con presentazione di don Raffaele Buttol che era parroco di Gosaldo negli anni di preparazione e di vita di questa istituzione\u201d. Un centinaio di pagine con una serie di belle immagini d\u2019epoca, articolate in tre parti, per raccontare una storia \u201cimmensamente gradita a tutti ma soprattutto a coloro che furono di California ed ancora se la portano nel cuore\u201d come scrive don Buttol. Il quale ricordava che negli anni \u201950-\u201960 le condizioni economiche della zona di California migliorarono sensibilmente, si costruirono case nuove e lievit\u00f2 la popolazione\u201d aggiungendo: \u201cSi riflette sul disagio per raggiungere le chiese parrocchiali di Gosaldo e di Tiser. Col favore dei parroci e con l\u2019approvazione del Vescovo, viene costruita una chiesetta, ma non ci si ferma qui, si desidera che California diventi parrocchia. I sacerdoti accettano la proposta e la comunicano al Vescovo. In seguito, una commissione delegata dalla popolazione &#8211; B\u00e9pi L\u00e0sta, Carlo Bissoli, Antonio Da Rozze &#8211; si reca in vescovado accolta con favore dall\u2019eccellentissimo mons. Gioacchino Muccin, il quale, non solo gradisce la loro petizione, ma dispone il fondo finanziario per l\u2019erezione della comunit\u00e0 parrocchiale a ente morale, con la unica condizione che si chiami \u2018Parrocchia di San Pio X\u2019\u201d. L\u2019autore non ha difficolt\u00e0 ad ammettere che: \u201dIo ero ancora piccolo quando sentii parlare per la prima volta della volont\u00e0 di costruire una chiesa a California, ma ricordo benissimo che la notizia non provoc\u00f2 alcuna emozione in me e, secondo la voce popolare corrente, nemmeno nei miei compaesani di Ren. Da sempre parrocchiani di Tiser, non avevamo nessun motivo valido per auspicare cambiamenti in tal senso; nonostante ci\u00f2, la poco democratica decisione di annetterci alla nuova parrocchia di California &#8211; informandoci solamente a cose fatte &#8211; venne accolta con indifferenza o con irritazione e subita senza alcuna ostilit\u00e0\u201d. E puntualizza: \u201cCalifornia, invece, quale centro in forte espansione e sempre pieno di vita, mi attirava moltissimo e non perdevo occasione per andarci, pur frequentandone la chiesa controvoglia, anzi, quel nuovo ambiente mi risultava talmente estraneo da farmi rimpiangere la mia bella ex chiesa di Tiser\u201d. Ma\u2026 raccontando questi ricordi al parroco di Gosaldo, don Paolino Rossini, Ivo Ren si sent\u00ec rispondere che, \u201cper apprezzarla di pi\u00f9 avrei dovuto scrivere un libro sulla parrocchia di California\u201d. E cos\u00ec in risposta alla scherzosa provocazione e per appagare la sua naturale curiosit\u00e0 &#8211; parole sue &#8211; ha cominciato a raccogliere materiale, grazie alla disponibilit\u00e0 di molti preziosi collaboratori e al contributo di Comune di Gosaldo e Consorzio Bim metano Ivo Ren negli antefatti ricorda che, escludendo il periodo dal 1958 al 1966 in cui era divenuta parrocchia, California risultava cos\u00ec divisa: dopo l\u2019iniziale appartenenza a Tiser prima e a Cesio poi, dall\u2019ultimo decennio del 1800 il territorio ed i paesi alla destra orografica del torrente Mis (compresi Tell\u00ecn e St\u00f9a) sono riaggregati alla parrocchia di Tiser, mentre quelli alla sinistra costituiscono, da sempre, la parte pi\u00f9 a valle della parrocchia di Gosaldo. E aggiunge. \u201cLa gente si spostava soprattutto a piedi e tanto la distanza, quanto le difficolt\u00e0 di viaggio scoraggiavano chiunque volesse recarsi nelle rispettive chiese per una qualsiasi pratica religiosa\u2026\u201d. Si manifesta cos\u00ec la disponibilit\u00e0 subito dopo la seconda guerra mondiale, di don Giuseppe Marcon e don Raffaele B\u00f9ttol, parroci di Tiser e Gosaldo, di assicurare una qualche assistenza religiosa, celebrando a turno messe a California \u201cseppur in sistemazioni improvvisate e talvolta precarie\u201d. A quel punto ci si chiese se non fosse il caso di costruire una chiesa, pur di piccole dimensioni \u201cche fosse un vero luogo di culto, adatto a soddisfare le esigenze spirituali della zona\u201d. L\u2019idea si sviluppa e si muovono i primi passi concreti, anche con una prima raccolta di offerte (e pur se la Curia, che pure incoraggiava l\u2019iniziativa, allargandola alla canonica e sostenendo la creazione della parrocchia, non inviava mai i tanto sospirati aiuti finanziari indispensabili per dare inizio ai lavori\u2026 Come che sia, ai primi di maggio del 1955 posa della pergamena, atto molto significativo ad inizio lavori. Il momento tanto atteso giunse il 22 luglio 1956 quando il vescovo monsignor Muccin bened\u00ec ed inaugur\u00f2 la nuova chiesa di California. Lo stesso presule l\u201911 settembre 1958 emise il decreto di riconoscimento della nuova Parrocchia di California, 700 anime, dedicata a San Pio X sommo pontefice: per il territorio della nuova parrocchia, tolto da quello della B.M Addolorata di Gosaldo e di San Bartolomeo apostolo di Tiser venivano stabiliti i confini cos\u00ec come si imponeva che il parroco pro tempore \u201cabbia diritto di ricevere oltre alle solite prestazioni e alle entrate definite incerti, gli interessi annuali sul capitale di lire 1 milione 100 mila depositati presso l\u2019erario della Repubblica. Per effetto del decreto California entr\u00f2 di diritto a far parte del titolo di san Tomaso d\u2019Agordo, dipendente dalla Pieve collegiale di Agordo assieme alle altre parrocchie di san Tomaso, Voltago, Frassen\u00e8 e Gosaldo. Il primo e sfortunatamente anche ultimo parroco fu don Giovanni Marcon, figlio di Giovanni e di Emma Marcon, nato a Gosaldo il 24 giugno 1926. Il pregevole lavoro di Ivo Ren (e collaboratori) si conclude con \u201cUltimi ricordi prima dell\u2019alluvione\u201d dove si legge fra l\u2019altro quanto scritto da Savino Masoch: \u201cDurante la mattinata del 4 novembre 1966, il tempo era pessimo, il cielo talmente scuro che sembrava di essere ancora nel cuore della notte. Presagendo qualcosa di molto grave, i miei genitori ed io ci recammo in chiesa a pregare e, prima di uscire, mia madre fece un\u2019offerta dicendo: \u2018Offro al Santissimo perch\u00e9 abbiamo bisogno che ci faccia chiaro\u2019. Don Giovanni, che era presente e aveva sentito tutto, mestamente rispose: \u2018Eh s\u00ec, ne abbiamo proprio bisogno!\u2019. Egli come noi, si sforzava di mantenere la calma, ma si capiva chiaramente che era molto preoccupato e non sapeva pi\u00f9 a che santo votarsi. Probabilmente, noi siamo state le ultime persone ad entrare in chiesa, quando era ancora intatta, perch\u00e9 poche ore dopo, accadde l\u2019impensabile!\u201d, la disastrosa alluvione si port\u00f2 via met\u00e0 della chiesa e si salv\u00f2 molto poco di quello che c\u2019era all\u2019interno: le tre statue (di santa Rita, santa Barbara, della Madonna), alcuni banchi, sedie e poche stazioni della Via Crucis, un tappeto dell\u2019altare la grossa tela di santa Barbara. La parrocchia di San Pio X di California di fatto cess\u00f2 di esistere a seguito dei danni irreparabili ed il vescovo Maffeo Ducoli il 30 giugno 1986 sigl\u00f2 il decreto di soppressione, con assegnazione dei territorio alle parrocchie di Gosaldo e di Tiser dalle quali era stato smembrato. NELLE FOTO (riproduzioni dal libro \u201cL\u2019ex Parrocchia di California\u201d; S. Masoch e Google): La copertina del libro del prof. Ivo Ren; modellino meccanizzato dell\u2019ex chiesa di California nella parrocchiale di Gosaldo; interno dell\u2019edificio sacro; quello che rimane della chiesa e della Casa della giovent\u00f9-canonica dopo l\u2019alluvione del 1966; \u201cgiardinetta\u201d usata come carro funebre per il funerale di Maria Selle Tel\u00ecna il 27 maggio 1955; del pittore A. Favaro la pala, 200&#215;87, con sant\u2019Antonio da Padova, sant\u2019Agnese e santa Barbara; la campana fusa nel 1955 dalla fonderia De Poli; cerimonia di inaugurazione con il vescovo Muccin, mons. Lino Mottes e mons. Albino Luciani, futuro papa Giovanni Paolo I; i fedeli all\u2019esterno della chiesa commentano la cerimonia inaugurale; statua di santa Rita; statua della Madonna; statua di santa Barbara; copia di san Pio X come appare nel quadro sopra l\u2019altar maggiore di California; 22 maggio 1958: fedeli partecipanti alla festa in onore di santa Rita; doppio e ultimo matrimonio celebrato nella chiesetta di California il 10 ottobre 1966; dodici bambini hanno ricevuto la prima comunione, \u00e8 il 1. giugno 1961; don Giovanni Marcon, primo e unico parroco; don Raffaele Buttol: all\u2019epoca parroco di Gosaldo, sostenne col collega di Tiser don Giuseppe Marcon l\u2019istanza per la nuova Parrocchia.<\/p>\n\n\t\t\t<style type='text\/css'>\n\t\t\t\t#gallery-4 {\n\t\t\t\t\tmargin: auto;\n\t\t\t\t}\n\t\t\t\t#gallery-4 .gallery-item {\n\t\t\t\t\tfloat: left;\n\t\t\t\t\tmargin-top: 10px;\n\t\t\t\t\ttext-align: center;\n\t\t\t\t\twidth: 16%;\n\t\t\t\t}\n\t\t\t\t#gallery-4 img {\n\t\t\t\t\tborder: 2px solid #cfcfcf;\n\t\t\t\t}\n\t\t\t\t#gallery-4 .gallery-caption {\n\t\t\t\t\tmargin-left: 0;\n\t\t\t\t}\n\t\t\t\t\/* see gallery_shortcode() in wp-includes\/media.php *\/\n\t\t\t<\/style>\n\t\t<div id='gallery-4' class='dt-gallery-container gallery galleryid-236773 gallery-columns-6 gallery-size-thumbnail'><dl class='gallery-item'>\n\t\t\t\t<dt class='gallery-icon portrait'>\n\t\t\t\t\t<a class=\"rollover rollover-zoom dt-pswp-item\" title=\"245136665_303308324560869_1800963047729061848_n\" data-dt-img-description=\"\" data-large_image_width=\"154\" data-large_image_height=\"206\"href='https:\/\/www.radiopiu.net\/wordpress\/wp-content\/uploads\/2021\/10\/245136665_303308324560869_1800963047729061848_n.jpg'><img loading=\"lazy\" decoding=\"async\" width=\"150\" height=\"150\" src=\"https:\/\/www.radiopiu.net\/wordpress\/wp-content\/uploads\/2021\/10\/245136665_303308324560869_1800963047729061848_n-150x150.jpg\" class=\"attachment-thumbnail size-thumbnail\" alt=\"\" \/><\/a>\n\t\t\t\t<\/dt><\/dl><dl class='gallery-item'>\n\t\t\t\t<dt class='gallery-icon portrait'>\n\t\t\t\t\t<a class=\"rollover rollover-zoom dt-pswp-item\" title=\"245271534_248111213995070_5992415873668297341_n\" data-dt-img-description=\"\" data-large_image_width=\"151\" data-large_image_height=\"247\"href='https:\/\/www.radiopiu.net\/wordpress\/wp-content\/uploads\/2021\/10\/245271534_248111213995070_5992415873668297341_n.jpg'><img loading=\"lazy\" decoding=\"async\" width=\"150\" height=\"150\" src=\"https:\/\/www.radiopiu.net\/wordpress\/wp-content\/uploads\/2021\/10\/245271534_248111213995070_5992415873668297341_n-150x150.jpg\" class=\"attachment-thumbnail size-thumbnail\" alt=\"\" \/><\/a>\n\t\t\t\t<\/dt><\/dl><dl class='gallery-item'>\n\t\t\t\t<dt class='gallery-icon portrait'>\n\t\t\t\t\t<a class=\"rollover rollover-zoom dt-pswp-item\" title=\"245169800_900844240848026_6439979588511918541_n\" data-dt-img-description=\"\" data-large_image_width=\"160\" data-large_image_height=\"200\"href='https:\/\/www.radiopiu.net\/wordpress\/wp-content\/uploads\/2021\/10\/245169800_900844240848026_6439979588511918541_n.jpg'><img loading=\"lazy\" decoding=\"async\" width=\"150\" height=\"150\" src=\"https:\/\/www.radiopiu.net\/wordpress\/wp-content\/uploads\/2021\/10\/245169800_900844240848026_6439979588511918541_n-150x150.jpg\" class=\"attachment-thumbnail size-thumbnail\" alt=\"\" \/><\/a>\n\t\t\t\t<\/dt><\/dl><dl class='gallery-item'>\n\t\t\t\t<dt class='gallery-icon portrait'>\n\t\t\t\t\t<a class=\"rollover rollover-zoom dt-pswp-item\" title=\"245527143_435622901249112_6760508153890335840_n\" data-dt-img-description=\"\" data-large_image_width=\"155\" data-large_image_height=\"206\"href='https:\/\/www.radiopiu.net\/wordpress\/wp-content\/uploads\/2021\/10\/245527143_435622901249112_6760508153890335840_n.jpg'><img loading=\"lazy\" decoding=\"async\" width=\"150\" height=\"150\" src=\"https:\/\/www.radiopiu.net\/wordpress\/wp-content\/uploads\/2021\/10\/245527143_435622901249112_6760508153890335840_n-150x150.jpg\" class=\"attachment-thumbnail size-thumbnail\" alt=\"\" \/><\/a>\n\t\t\t\t<\/dt><\/dl><dl class='gallery-item'>\n\t\t\t\t<dt class='gallery-icon portrait'>\n\t\t\t\t\t<a class=\"rollover rollover-zoom dt-pswp-item\" title=\"245176346_2885752475070994_6009828275283046270_n\" data-dt-img-description=\"\" data-large_image_width=\"160\" data-large_image_height=\"204\"href='https:\/\/www.radiopiu.net\/wordpress\/wp-content\/uploads\/2021\/10\/245176346_2885752475070994_6009828275283046270_n.jpg'><img loading=\"lazy\" decoding=\"async\" width=\"150\" height=\"150\" src=\"https:\/\/www.radiopiu.net\/wordpress\/wp-content\/uploads\/2021\/10\/245176346_2885752475070994_6009828275283046270_n-150x150.jpg\" class=\"attachment-thumbnail size-thumbnail\" alt=\"\" \/><\/a>\n\t\t\t\t<\/dt><\/dl><dl class='gallery-item'>\n\t\t\t\t<dt class='gallery-icon landscape'>\n\t\t\t\t\t<a class=\"rollover rollover-zoom dt-pswp-item\" title=\"245302063_620694242425321_7387902934004553112_n\" data-dt-img-description=\"\" data-large_image_width=\"336\" data-large_image_height=\"206\"href='https:\/\/www.radiopiu.net\/wordpress\/wp-content\/uploads\/2021\/10\/245302063_620694242425321_7387902934004553112_n.jpg'><img loading=\"lazy\" decoding=\"async\" width=\"150\" height=\"150\" src=\"https:\/\/www.radiopiu.net\/wordpress\/wp-content\/uploads\/2021\/10\/245302063_620694242425321_7387902934004553112_n-150x150.jpg\" class=\"attachment-thumbnail size-thumbnail\" alt=\"\" \/><\/a>\n\t\t\t\t<\/dt><\/dl><br style=\"clear: both\" \/><dl class='gallery-item'>\n\t\t\t\t<dt class='gallery-icon portrait'>\n\t\t\t\t\t<a class=\"rollover rollover-zoom dt-pswp-item\" title=\"243137568_902987537316662_6531929100324685510_n\" data-dt-img-description=\"\" data-large_image_width=\"153\" data-large_image_height=\"240\"href='https:\/\/www.radiopiu.net\/wordpress\/wp-content\/uploads\/2021\/10\/243137568_902987537316662_6531929100324685510_n.jpg'><img loading=\"lazy\" decoding=\"async\" width=\"150\" height=\"150\" src=\"https:\/\/www.radiopiu.net\/wordpress\/wp-content\/uploads\/2021\/10\/243137568_902987537316662_6531929100324685510_n-150x150.jpg\" class=\"attachment-thumbnail size-thumbnail\" alt=\"\" \/><\/a>\n\t\t\t\t<\/dt><\/dl><dl class='gallery-item'>\n\t\t\t\t<dt class='gallery-icon portrait'>\n\t\t\t\t\t<a class=\"rollover rollover-zoom dt-pswp-item\" title=\"245350272_610219936659121_9027185077620782506_n\" data-dt-img-description=\"\" data-large_image_width=\"150\" data-large_image_height=\"403\"href='https:\/\/www.radiopiu.net\/wordpress\/wp-content\/uploads\/2021\/10\/245350272_610219936659121_9027185077620782506_n.jpg'><img loading=\"lazy\" decoding=\"async\" width=\"150\" height=\"150\" src=\"https:\/\/www.radiopiu.net\/wordpress\/wp-content\/uploads\/2021\/10\/245350272_610219936659121_9027185077620782506_n-150x150.jpg\" class=\"attachment-thumbnail size-thumbnail\" alt=\"\" \/><\/a>\n\t\t\t\t<\/dt><\/dl><dl class='gallery-item'>\n\t\t\t\t<dt class='gallery-icon portrait'>\n\t\t\t\t\t<a class=\"rollover rollover-zoom dt-pswp-item\" title=\"245246759_285851903360402_7327049535372126416_n\" data-dt-img-description=\"\" data-large_image_width=\"156\" data-large_image_height=\"225\"href='https:\/\/www.radiopiu.net\/wordpress\/wp-content\/uploads\/2021\/10\/245246759_285851903360402_7327049535372126416_n.jpg'><img loading=\"lazy\" decoding=\"async\" width=\"150\" height=\"150\" src=\"https:\/\/www.radiopiu.net\/wordpress\/wp-content\/uploads\/2021\/10\/245246759_285851903360402_7327049535372126416_n-150x150.jpg\" class=\"attachment-thumbnail size-thumbnail\" alt=\"\" \/><\/a>\n\t\t\t\t<\/dt><\/dl><dl class='gallery-item'>\n\t\t\t\t<dt class='gallery-icon portrait'>\n\t\t\t\t\t<a class=\"rollover rollover-zoom dt-pswp-item\" title=\"245190446_1489958408058050_2869909698117737260_n\" data-dt-img-description=\"\" data-large_image_width=\"160\" data-large_image_height=\"203\"href='https:\/\/www.radiopiu.net\/wordpress\/wp-content\/uploads\/2021\/10\/245190446_1489958408058050_2869909698117737260_n.jpg'><img loading=\"lazy\" decoding=\"async\" width=\"150\" height=\"150\" src=\"https:\/\/www.radiopiu.net\/wordpress\/wp-content\/uploads\/2021\/10\/245190446_1489958408058050_2869909698117737260_n-150x150.jpg\" class=\"attachment-thumbnail size-thumbnail\" alt=\"\" \/><\/a>\n\t\t\t\t<\/dt><\/dl><dl class='gallery-item'>\n\t\t\t\t<dt class='gallery-icon landscape'>\n\t\t\t\t\t<a class=\"rollover rollover-zoom dt-pswp-item\" title=\"245201352_5248173918532885_8166085485527416470_n\" data-dt-img-description=\"\" data-large_image_width=\"338\" data-large_image_height=\"206\"href='https:\/\/www.radiopiu.net\/wordpress\/wp-content\/uploads\/2021\/10\/245201352_5248173918532885_8166085485527416470_n.jpg'><img loading=\"lazy\" decoding=\"async\" width=\"150\" height=\"150\" src=\"https:\/\/www.radiopiu.net\/wordpress\/wp-content\/uploads\/2021\/10\/245201352_5248173918532885_8166085485527416470_n-150x150.jpg\" class=\"attachment-thumbnail size-thumbnail\" alt=\"\" \/><\/a>\n\t\t\t\t<\/dt><\/dl><dl class='gallery-item'>\n\t\t\t\t<dt class='gallery-icon landscape'>\n\t\t\t\t\t<a class=\"rollover rollover-zoom dt-pswp-item\" title=\"245434672_245696687518054_3319012397491520462_n\" data-dt-img-description=\"\" data-large_image_width=\"318\" data-large_image_height=\"206\"href='https:\/\/www.radiopiu.net\/wordpress\/wp-content\/uploads\/2021\/10\/245434672_245696687518054_3319012397491520462_n.jpg'><img loading=\"lazy\" decoding=\"async\" width=\"150\" height=\"150\" src=\"https:\/\/www.radiopiu.net\/wordpress\/wp-content\/uploads\/2021\/10\/245434672_245696687518054_3319012397491520462_n-150x150.jpg\" class=\"attachment-thumbnail size-thumbnail\" alt=\"\" \/><\/a>\n\t\t\t\t<\/dt><\/dl><br style=\"clear: both\" \/><dl class='gallery-item'>\n\t\t\t\t<dt class='gallery-icon landscape'>\n\t\t\t\t\t<a class=\"rollover rollover-zoom dt-pswp-item\" title=\"245232951_165081565786930_8922329177878102008_n\" data-dt-img-description=\"\" data-large_image_width=\"258\" data-large_image_height=\"206\"href='https:\/\/www.radiopiu.net\/wordpress\/wp-content\/uploads\/2021\/10\/245232951_165081565786930_8922329177878102008_n.jpg'><img loading=\"lazy\" decoding=\"async\" width=\"150\" height=\"150\" src=\"https:\/\/www.radiopiu.net\/wordpress\/wp-content\/uploads\/2021\/10\/245232951_165081565786930_8922329177878102008_n-150x150.jpg\" class=\"attachment-thumbnail size-thumbnail\" alt=\"\" \/><\/a>\n\t\t\t\t<\/dt><\/dl><dl class='gallery-item'>\n\t\t\t\t<dt class='gallery-icon portrait'>\n\t\t\t\t\t<a class=\"rollover rollover-zoom dt-pswp-item\" title=\"245295011_836306427035670_4975969539672251361_n\" data-dt-img-description=\"\" data-large_image_width=\"160\" data-large_image_height=\"395\"href='https:\/\/www.radiopiu.net\/wordpress\/wp-content\/uploads\/2021\/10\/245295011_836306427035670_4975969539672251361_n.jpg'><img loading=\"lazy\" decoding=\"async\" width=\"150\" height=\"150\" src=\"https:\/\/www.radiopiu.net\/wordpress\/wp-content\/uploads\/2021\/10\/245295011_836306427035670_4975969539672251361_n-150x150.jpg\" class=\"attachment-thumbnail size-thumbnail\" alt=\"\" \/><\/a>\n\t\t\t\t<\/dt><\/dl><dl class='gallery-item'>\n\t\t\t\t<dt class='gallery-icon landscape'>\n\t\t\t\t\t<a class=\"rollover rollover-zoom dt-pswp-item\" title=\"245175672_1545193479147467_3855972601426982143_n\" data-dt-img-description=\"\" data-large_image_width=\"318\" data-large_image_height=\"206\"href='https:\/\/www.radiopiu.net\/wordpress\/wp-content\/uploads\/2021\/10\/245175672_1545193479147467_3855972601426982143_n.jpg'><img loading=\"lazy\" decoding=\"async\" width=\"150\" height=\"150\" src=\"https:\/\/www.radiopiu.net\/wordpress\/wp-content\/uploads\/2021\/10\/245175672_1545193479147467_3855972601426982143_n-150x150.jpg\" class=\"attachment-thumbnail size-thumbnail\" alt=\"\" \/><\/a>\n\t\t\t\t<\/dt><\/dl><dl class='gallery-item'>\n\t\t\t\t<dt class='gallery-icon landscape'>\n\t\t\t\t\t<a class=\"rollover rollover-zoom dt-pswp-item\" title=\"245333640_220047830062567_8998098762398207790_n\" data-dt-img-description=\"\" data-large_image_width=\"296\" data-large_image_height=\"202\"href='https:\/\/www.radiopiu.net\/wordpress\/wp-content\/uploads\/2021\/10\/245333640_220047830062567_8998098762398207790_n.jpg'><img loading=\"lazy\" decoding=\"async\" width=\"150\" height=\"150\" src=\"https:\/\/www.radiopiu.net\/wordpress\/wp-content\/uploads\/2021\/10\/245333640_220047830062567_8998098762398207790_n-150x150.jpg\" class=\"attachment-thumbnail size-thumbnail\" alt=\"\" \/><\/a>\n\t\t\t\t<\/dt><\/dl><dl class='gallery-item'>\n\t\t\t\t<dt class='gallery-icon landscape'>\n\t\t\t\t\t<a class=\"rollover rollover-zoom dt-pswp-item\" title=\"245064158_385288813303680_6226103667631613244_n\" data-dt-img-description=\"\" data-large_image_width=\"296\" data-large_image_height=\"201\"href='https:\/\/www.radiopiu.net\/wordpress\/wp-content\/uploads\/2021\/10\/245064158_385288813303680_6226103667631613244_n.jpg'><img loading=\"lazy\" decoding=\"async\" width=\"150\" height=\"150\" src=\"https:\/\/www.radiopiu.net\/wordpress\/wp-content\/uploads\/2021\/10\/245064158_385288813303680_6226103667631613244_n-150x150.jpg\" class=\"attachment-thumbnail size-thumbnail\" alt=\"\" \/><\/a>\n\t\t\t\t<\/dt><\/dl>\n\t\t\t\t<br style='clear: both' \/>\n\t\t\t<\/div>\n\n<p>&nbsp;<\/p>\n<p>&nbsp;<\/p>\n<hr \/>\n<blockquote>\n<h3><\/h3>\n<h3>DAL 1976 LA MESSA PER I CADUTI DELLA MONTAGNA, DOMENICA 31 OTTOBRE AD AGORDO<\/h3>\n<\/blockquote>\n<p><strong>AGORDO<\/strong>\u00a0 Anche quest&#8217;anno per iniziativa del Coro Agordo i Caduti in montagna saranno ricordati con una celebrazione religiosa accompagnata dai canti del Coro Agordo (che organizza il ricordo) nell&#8217;Arcidiaconale della citt\u00e0. Anche quest&#8217;anno la celebrazione sar\u00e0 trasmessa in tutto il mondo sulle frequenze FM e sullo streaming di Radio Pi\u00f9, in video sui canali facebook e telegram (RADIO PIU INFORMAZIONE). I posti a sedere in chiesa saranno distanziati come da norme anti covid, ridotti nel numero disponibile. E&#8217; dunque importante la comunicazione anticipata di quanti vorranno partecipare (347 8883140, mail coroagordo@libero.it). A causa della pandemia il consueto ritrovato al termine della messa nella sede del Coro non si terr\u00e0.<\/p>\n<p style=\"text-align: center;\"><strong>Di seguito l&#8217;invito e l&#8217;elenco dei Caduti in montagna\u00a0<\/strong><\/p>\n<p><a href=\"https:\/\/www.radiopiu.net\/wordpress\/dal-1976-la-messa-per-i-caduti-della-montagna-domenica-31-ottobre-ad-agordo\/c23883fb-43b3-4ece-8e75-d2dd755113a7\/\" rel=\"attachment wp-att-236491\"><img loading=\"lazy\" decoding=\"async\" class=\"wp-image-236491 size-full aligncenter\" src=\"https:\/\/www.radiopiu.net\/wordpress\/wp-content\/uploads\/2021\/10\/c23883fb-43b3-4ece-8e75-d2dd755113a7.jpg\" alt=\"\" width=\"692\" height=\"1024\" srcset=\"https:\/\/www.radiopiu.net\/wordpress\/wp-content\/uploads\/2021\/10\/c23883fb-43b3-4ece-8e75-d2dd755113a7.jpg 692w, https:\/\/www.radiopiu.net\/wordpress\/wp-content\/uploads\/2021\/10\/c23883fb-43b3-4ece-8e75-d2dd755113a7-203x300.jpg 203w\" sizes=\"auto, (max-width: 692px) 100vw, 692px\" \/><\/a><\/p>\n<p>&nbsp;<\/p>\n<hr \/>\n<p>&nbsp;<\/p>\n<blockquote>\n<h3>LA FARMACIA COMUNALE DI AGORDO CERCA UN FARMACISTA<\/h3>\n<\/blockquote>\n<p><strong><a href=\"https:\/\/www.radiopiu.net\/wordpress\/ulss-1-la-distribuzione-diretta-farmaci-cambia-orari\/farmaci-2\/\" rel=\"attachment wp-att-165029\"><img loading=\"lazy\" decoding=\"async\" class=\" wp-image-165029 alignleft\" src=\"https:\/\/www.radiopiu.net\/wordpress\/wp-content\/uploads\/2020\/10\/FARMACI-300x200.jpg\" alt=\"\" width=\"227\" height=\"151\" srcset=\"https:\/\/www.radiopiu.net\/wordpress\/wp-content\/uploads\/2020\/10\/FARMACI-300x200.jpg 300w, https:\/\/www.radiopiu.net\/wordpress\/wp-content\/uploads\/2020\/10\/FARMACI-1024x683.jpg 1024w, https:\/\/www.radiopiu.net\/wordpress\/wp-content\/uploads\/2020\/10\/FARMACI-768x512.jpg 768w, https:\/\/www.radiopiu.net\/wordpress\/wp-content\/uploads\/2020\/10\/FARMACI-1536x1024.jpg 1536w, https:\/\/www.radiopiu.net\/wordpress\/wp-content\/uploads\/2020\/10\/FARMACI.jpg 1920w\" sizes=\"auto, (max-width: 227px) 100vw, 227px\" \/><\/a>AGORDO<\/strong> \u00c8 stata indetta una selezione pubblica per la copertura di un posto a tempo determinato e pieno (40 ore settimanali) nel profilo di farmacista collaboratore. La domanda deve essere presentata entro le ore 12:00 del giorno 30 ottobre 2021 a pena di esclusione, esclusivamente mediante una delle seguenti modalita\u0300: Presentazione direttamente all\u2019Ufficio Protocollo dell\u2019AZIENDA SPECIALE \u201cAGORDO SERVIZI\u201d via insurrezione n. 18\/C \u2013 32021 AGORDO (BL); raccomandata andata\/ritorno indirizzata ad Azienda Speciale Agordo Servizi in via Insurrezione 18\/C 32021 Agordo (BL); Per via telematica mediante Posta Elettronica Certificata (PEC) all\u2019indirizzo: 04315@pec.federfarma.it\u00a0 Qualsiasi sia la modalita\u0300 utilizzata per presentare la domanda, la stessa dovra\u0300 perentoriamente pervenire entro le ore 12:00 del giorno 30 ottobre 2021. L\u2019avviso di selezione e\u0300 pubblicato sul sito: <a href=\"https:\/\/agordofarmaciacomunale.it\/\">https:\/\/agordofarmaciacomunale.it\/<\/a><\/p>\n<p>&nbsp;<\/p>\n<p>&nbsp;<\/p>\n<hr \/>\n<p>&nbsp;<\/p>\n<blockquote>\n<h3>DOMANI IL CONSIGLIO COMUNALE A CENCENIGHE<\/h3>\n<\/blockquote>\n<p><strong>CENCENIGHE<\/strong> Il sindaco di Cencenighe Mauro Soppelsa ha convocato i consiglieri comunali domani alle 20:30 presso la sede del municipio. Tra i 4 punti da discutere, la nona variazione al bilancio, l&#8217;approvazione della convenzione per il servizio di tesoreria con affidamento al comune di Colle Santa Lucia e l&#8217;approvazione del regolamento per la detenzione e uso dell&#8217;armamento degli apparati della polizia locale.<\/p>\n<p>&nbsp;<\/p>\n<p>&nbsp;<\/p>\n<hr \/>\n<p>&nbsp;<\/p>\n<blockquote>\n<h3>A COLLE SANTA LUCIA IL CONSIGLIO COMUNALE SABATO MATTINA<\/h3>\n<\/blockquote>\n<p><strong>COLLE SANTA LUCIA<\/strong> Il sindaco di Colle Santa Lucia Paolo Frena ha convocato il consiglio comunale per sabato mattina alle 8. Saranno 5 i punti da discutere comprese le comunicazioni del primo cittadino. Tra questi l&#8217;ottava variazione al bilancio, l&#8217;approvazione della convenzione di tesoreria con altri otto comuni dell&#8217;Agordino e le variazioni ed integrazioni al programma triennale 2021\/2023.<\/p>\n<p>&nbsp;<\/p>\n<p>&nbsp;<\/p>\n<hr \/>\n<p>&nbsp;<\/p>\n<blockquote>\n<h3>LUNEDI&#8217; SERA IL CONSIGLIO COMUNALE DI GOSALDO<\/h3>\n<\/blockquote>\n<p><strong>GOSALDO<\/strong> Sar\u00e0 un consiglio comunale breve quello di luned\u00ec sera a Gosaldo. Il sindaco Stefano Da Zanche ha convocato i consiglieri comunali in videoconferenza per le 18:30. Tre i punti da discutere tra cui la convenzione per l&#8217;affidamento della tesoreria all&#8217;Unione Montana Feltrina per il periodo 2022\/2026.<\/p>\n<p>&nbsp;<\/p>\n<hr \/>\n<p>&nbsp;<\/p>\n<blockquote>\n<h3>IL DUP A RIVAMONTE, MARTEDI LA PRESENTAZIONE AL CONSIGLIO COMUNALE<\/h3>\n<\/blockquote>\n<p><strong>RIVAMONTE<\/strong> Martedi alle 19 consiglio comunale convocato dal sindaco Nino Deon: quarta e quinta variazione al bilancio, convenzione con il servizio di tesoreria, documento unico di programmazione, esame ed approvazione.<\/p>\n<p>&nbsp;<\/p>\n<p>&nbsp;<\/p>\n<hr \/>\n<p>&nbsp;<\/p>\n<blockquote>\n<h3>ERASMUS DAY, L\u2019AREA EUROPA APRE GLI SPAZI DELLA SEDE<\/h3>\n<\/blockquote>\n<p><strong>BELLUNO <\/strong>In occasione della quinta edizione dell&#8217;evento europeo \u201cErasmusdays\u201d, l&#8217;Area Europa del Comitato d\u2019Intesa organizza un evento informativo in presenza, sui temi degli scambi all\u2019estero, nel pomeriggio di domani, dalle 15 alle 17. L&#8217;evento si svolger\u00e0 presso la sede dell&#8217;associazione, in via del Piave 5 a Belluno, in una modalit\u00e0 non didattica, ma bens\u00ec interattiva e informale. Il limite dei partecipanti \u00e8 di 25 persone dunque si preferisce l\u2019iscrizione via mail a europa@csvbelluno.it o inviando un messaggio al numero 329 6462513. Vi \u00e8 inoltre l&#8217;obbligo, per poter accedere, di possesso di Green Pass.<\/p>\n<p>&nbsp;<\/p>\n<p>&nbsp;<\/p>\n<hr \/>\n<p>&nbsp;<\/p>\n<blockquote>\n<h3>GLI APPUNTAMENTI DI OTTOBRE ROSA DELL&#8217;ULSS 1 DOLOMITI<\/h3>\n<\/blockquote>\n<p class=\"gmail-o9v6fnle gmail-cxmmr5t8 gmail-oygrvhab gmail-hcukyx3x gmail-c1et5uql gmail-ii04i59q\"><strong><a href=\"https:\/\/www.radiopiu.net\/wordpress\/giornale-radiopiu-09-ottobre-2021-direttore-mirko-mezzacasa\/ottobre-rosa\/\" rel=\"attachment wp-att-236082\"><img loading=\"lazy\" decoding=\"async\" class=\" wp-image-236082 alignleft\" src=\"https:\/\/www.radiopiu.net\/wordpress\/wp-content\/uploads\/2021\/10\/ottobre-rosa-212x300.png\" alt=\"\" width=\"134\" height=\"190\" srcset=\"https:\/\/www.radiopiu.net\/wordpress\/wp-content\/uploads\/2021\/10\/ottobre-rosa-212x300.png 212w, https:\/\/www.radiopiu.net\/wordpress\/wp-content\/uploads\/2021\/10\/ottobre-rosa-724x1024.png 724w, https:\/\/www.radiopiu.net\/wordpress\/wp-content\/uploads\/2021\/10\/ottobre-rosa-768x1086.png 768w, https:\/\/www.radiopiu.net\/wordpress\/wp-content\/uploads\/2021\/10\/ottobre-rosa-1086x1536.png 1086w, https:\/\/www.radiopiu.net\/wordpress\/wp-content\/uploads\/2021\/10\/ottobre-rosa.png 1414w\" sizes=\"auto, (max-width: 134px) 100vw, 134px\" \/><\/a>BELLUNO <\/strong>In occasione del mese dedicato alla sensibilizzazione sui tumori al seno, l&#8217;Ulss Dolomiti propone una serie di incontri di Gmeet aperti alla cittadinanza con l&#8217;obiettivo di favorire il dialogo con e tra le donne. Si parler\u00e0 di prevenzione, cura chirurgica, terapie oncologiche e radioterapiche e di come ricominciare a prendersi cura di s\u00e9 partendo da una lezione di trucco. Ecco il calendario: Un appuntamento speciale: la mammografia (senza segreti), Ho un tumore al seno. E adesso cosa succede? Mercoled\u00ec 20 ottobre ore 18.00 &#8211; 19.00, Incontro con: Laura Renon e Mauro Dal Soler (chirurghi). Il percorso prima e dopo l&#8217;operazione, Luned\u00ec 25 ottobre ore 18.00 &#8211; 19.00, Incontro con: Fable Zustovich (oncologo) e Filippo De Renzi (radioterapista). Ricomincio da me. Incontro con make up artist, Mercoled\u00ec 27 ottobre ore 18.00 &#8211; 19.00, Incontro con: Serena Zatta (make up artist)<\/p>\n<p>&nbsp;<\/p>\n<p>&nbsp;<\/p>\n<p>&nbsp;<\/p>\n<p>&nbsp;<\/p>\n<p>&nbsp;<\/p>\n<hr \/>\n<p>&nbsp;<\/p>\n<blockquote>\n<h3>I COLORI DELL&#8217;AUTUNNO, IL CONCORSO FOTOGRAFICO<\/h3>\n<\/blockquote>\n<p><strong><a href=\"https:\/\/www.radiopiu.net\/wordpress\/giornale-radiopiu-05-ottobre-2021-direttore-mirko-mezzacasa\/11872114_851463808295033_304473982179215535_o\/\" rel=\"attachment wp-att-235245\"><img loading=\"lazy\" decoding=\"async\" class=\"wp-image-235245 alignleft\" src=\"https:\/\/www.radiopiu.net\/wordpress\/wp-content\/uploads\/2021\/10\/11872114_851463808295033_304473982179215535_o-300x225.jpg\" alt=\"\" width=\"156\" height=\"117\" srcset=\"https:\/\/www.radiopiu.net\/wordpress\/wp-content\/uploads\/2021\/10\/11872114_851463808295033_304473982179215535_o-300x225.jpg 300w, https:\/\/www.radiopiu.net\/wordpress\/wp-content\/uploads\/2021\/10\/11872114_851463808295033_304473982179215535_o-1024x768.jpg 1024w, https:\/\/www.radiopiu.net\/wordpress\/wp-content\/uploads\/2021\/10\/11872114_851463808295033_304473982179215535_o-768x576.jpg 768w, https:\/\/www.radiopiu.net\/wordpress\/wp-content\/uploads\/2021\/10\/11872114_851463808295033_304473982179215535_o-1536x1152.jpg 1536w, https:\/\/www.radiopiu.net\/wordpress\/wp-content\/uploads\/2021\/10\/11872114_851463808295033_304473982179215535_o.jpg 2048w\" sizes=\"auto, (max-width: 156px) 100vw, 156px\" \/><\/a>CENCENIGHE<\/strong> La proloco ha indetto un concorso fotografico sui colori della stagione appena iniziata. Le fotografie dovranno pervenire entro il 31 ottobre all&#8217;indirizzo: concorsocoloriautunno@gmail.com. Sabato 13 novembre alle 15 la premiazione con l&#8217;esposizione delle foto al Nof Filo&#8217;. Il regolamento sul sito www.prolococencenighe.it<\/p>\n<p><span style=\"color: #ff0000;\">LO SPECIALE ALLA RADIO\u00a0<\/span><br \/>\n<strong>OSPITI: Milena Soppelsa, Francesca Trentin, Elisa Cancel e Orietta Scardanzan\u00a0<\/strong><\/p>\n<p><strong>di Claudio Fontanive<\/strong><\/p>\n<audio class=\"wp-audio-shortcode\" id=\"audio-236773-8\" preload=\"none\" style=\"width: 100%;\" controls=\"controls\"><source type=\"audio\/mpeg\" src=\"https:\/\/www.radiopiu.net\/wordpress\/wp-content\/uploads\/2021\/10\/concorso-fotografico-04-ottobre.mp3?_=8\" \/><a href=\"https:\/\/www.radiopiu.net\/wordpress\/wp-content\/uploads\/2021\/10\/concorso-fotografico-04-ottobre.mp3\">https:\/\/www.radiopiu.net\/wordpress\/wp-content\/uploads\/2021\/10\/concorso-fotografico-04-ottobre.mp3<\/a><\/audio>\n<p>&nbsp;<\/p>\n<p>&nbsp;<\/p>\n<hr \/>\n<p>&nbsp;<\/p>\n<blockquote>\n<h3>E CON LA PROLOCO&#8230; LA PALESTRA DIGITALE<\/h3>\n<\/blockquote>\n<p><a href=\"https:\/\/www.radiopiu.net\/wordpress\/giornale-radiopiu-05-ottobre-2021-direttore-mirko-mezzacasa\/locandina-computer\/\" rel=\"attachment wp-att-235276\"><img loading=\"lazy\" decoding=\"async\" class=\"wp-image-235276 alignleft\" src=\"https:\/\/www.radiopiu.net\/wordpress\/wp-content\/uploads\/2021\/10\/locandina-computer-212x300.jpg\" alt=\"\" width=\"114\" height=\"161\" srcset=\"https:\/\/www.radiopiu.net\/wordpress\/wp-content\/uploads\/2021\/10\/locandina-computer-212x300.jpg 212w, https:\/\/www.radiopiu.net\/wordpress\/wp-content\/uploads\/2021\/10\/locandina-computer-724x1024.jpg 724w, https:\/\/www.radiopiu.net\/wordpress\/wp-content\/uploads\/2021\/10\/locandina-computer-768x1086.jpg 768w, https:\/\/www.radiopiu.net\/wordpress\/wp-content\/uploads\/2021\/10\/locandina-computer-1086x1536.jpg 1086w, https:\/\/www.radiopiu.net\/wordpress\/wp-content\/uploads\/2021\/10\/locandina-computer.jpg 1414w\" sizes=\"auto, (max-width: 114px) 100vw, 114px\" \/><\/a><\/p>\n<p><strong>\u00a0<\/strong><\/p>\n<p><strong>CENCENIGHE<\/strong> Presso l&#8217;ufficio turistico-Biblioteca sono a disposizione alcuni computer per accedere gratuitamente ai servizi della Pubblica Amministrazione. I Pc sono stati acquistati grazie al finanziamento Por Obiettivo Investimenti in favore della crescita dell&#8217;occupazione, fondo europeo di sviluppo regionale 2014-2020. Informazioni all&#8217;ufficio turistico, 0437 591549<\/p>\n<p>&nbsp;<\/p>\n<p>&nbsp;<\/p>\n<p>&nbsp;<\/p>\n<p>&nbsp;<\/p>\n<p>&nbsp;<\/p>\n<p>&nbsp;<\/p>\n<hr \/>\n<p>&nbsp;<\/p>\n<blockquote>\n<h3>CSV BELLUNO E TREVISO APRE UN BANDO PER BORSE DI STUDIO<\/h3>\n<\/blockquote>\n<p><strong>BELLUNO<\/strong> Anche il CSV (centro servizi per il volontariato) Belluno Treviso per valorizzare il ricordo (nel centenario della sua nascita 10.10.1921) del grande scrittore poeta, Andrea Zanzotto, ha promosso un concorso letterario, con riconoscimento di borse di studio, per studenti universitari residenti nelle province di Belluno e Treviso. Gli interessati, per la partecipazione al concorso, dovranno chiedere il bando alle Segreterie delle sedi territoriali CSV Belluno e\/o Treviso. Il bando su Andrea Zanzotto si affianca agli altri due concorsi CSV BL TV, sulle straordinarie personalit\u00e0 culturali venete: Mario Rigoni Stern e Dino Buzzati<\/p>\n<p>&nbsp;<\/p>\n<p>&nbsp;<\/p>\n<hr \/>\n<p>&nbsp;<\/p>\n<blockquote>\n<h3>\u00a0PIANO STRAORDINARIO SPORT E SALUTE PER LA SCUOLA PRIMARIA E SECONDARIA DI PRIMO GRADO<\/h3>\n<\/blockquote>\n<p><strong>BELLUNO<\/strong> Sono aperte \u00a0le adesioni per le scuole primarie che vogliono partecipare a Scuola Attiva Kids, la proposta motoria, sportiva ed educativa dedicata alla scuola primaria. Avvio del progetto ad inizio novembre, con l\u2019arrivo dei Tutor sportivi scolastici nelle scuole che aderiranno. Progetto promosso da Sport e Salute &#8211; d\u2019intesa con la Sottosegretaria allo Sport &#8211; e il Ministero dell\u2019Istruzione, per promuovere l\u2019attivit\u00e0 fisica e sportiva, oltre alla cultura del benessere e del movimento, nella scuola primaria. Fino al 18 ottobre, le scuole possono aderire all\u2019iniziativa, tramite apposita piattaforma informatica presente nella pagina dedicata del sito di Sport e Salute. Concluse, invece, le candidature dei Tutor Sportivi Scolastici (laureati in Scienze motorie o diplomati ISEF). La piattaforma per adesioni e candidature \u00e8 raggiungibile dal sito www.sportesalute.eu<\/p>\n<p>&nbsp;<\/p>\n<hr \/>\n<p>&nbsp;<\/p>\n<blockquote>\n<h3>MONGOLFIERA DI GIORGIA, TEMPO DI BANDI<\/h3>\n<\/blockquote>\n<p><strong>BELLUNO<\/strong> Chiuso il bando straordinario che quest&#8217;estate ha messo a disposizione due pacchetti da 10 sedute di fisioterapia. Entro i termini previsti \u00e8 stata ricevuta una sola richiesta che \u00e8 stata accettata dal Consiglio nella seduta del 24 settembre e, quindi, RDP (22 anni di Belluno) si \u00e8 aggiudicato uno dei due pacchetti, il secondo pacchetto non aggiudicato \u00e8 stato\u00a0 sostituito da un&#8217;offerta di 250 euro. A breve \u00a0il bando ordinario: il settimo. Come di consueto questo bando sar\u00e0 attivo dal 10 ottobre (quinto anniversario di Giorgia) fino alla mezzanotte del 9 dicembre. La novit\u00e0 \u00e8 che la cifra messa a disposizione questa volta \u00e8 di 6.000 euro.<\/p>\n<a href=\"https:\/\/www.radiopiu.net\/wordpress\/wp-content\/uploads\/2021\/10\/bando-ottobre-2021-1.pdf\" class=\"pdfemb-viewer\" style=\"\" data-width=\"max\" data-height=\"max\" data-toolbar=\"top\" data-toolbar-fixed=\"on\">bando ottobre 2021-1<\/a>\n<p>&nbsp;<\/p>\n<hr \/>\n<p>&nbsp;<\/p>\n<blockquote>\n<h3>MARIANNA CORONA PRESENTA IL SIO LIBRO CON DOLOMITI HUB<\/h3>\n<\/blockquote>\n<p><strong>FONZASO<\/strong> Dolomiti Hub ospita nelle sue piattaforme online Marianna Corona, insegnante di yoga e figlia dello scrittore Mauro. oggi alle ore 20.30, in diretta web sulla pagina Facebook e sul canale YouTube l\u2019autrice sar\u00e0 in collegamento per presentare il suo libro \u201cFiorire tra le rocce. La via dell\u2019equilibrio quando la vita si fa ripida\u201d, moderata da Elisa Da Rin.<\/p>\n<p>&nbsp;<\/p>\n<p>&nbsp;<\/p>\n<hr \/>\n<p>&nbsp;<\/p>\n<blockquote>\n<h3>RITORNA IL MERCATINO DI SAN MARTINO<\/h3>\n<\/blockquote>\n<p><strong>BELLUNO<\/strong> Ritorna a Salce dopo un anno di arresto forzato dovuto alla pandemia Covid il \u201cMercatino di San Martino\u201d, che rappresenta non solo un&#8217;opportunit\u00e0 di solidariet\u00e0, ma anche una delle pi\u00f9 belle feste paesane del periodo autunnale. In oltre 30 anni di storia il mercatino continua ancor oggi ad unire occasioni di intrattenimento e fratellanza. L\u2019appuntamento, nel rispetto delle normative anti contagio, in questo 2021 \u00e8 per domenica 7 novembre presso il campo sportivo di Salce \u2013 \u201ccasetta degli Alpini\u201d con inizio alle ore 9.00. Saranno a disposizione dei visitatori non solo prodotti ortofrutticoli locali, ma anche prodotti dolciari come i tipici crostoli, le torte, i biscotti e gli oggetti frutto dell\u2019artigianato locale. Una delle chicche pi\u00f9 apprezzate dai visitatori sono i prodotti \u201ctake-away\u201d come i pasticci pronti da infornare, le trippe, i canederli e molto altro ancora. Per facilitare la vendita ed evitare assembramenti alcuni prodotti sono pre ordinabili al telefono o online: tutte le informazioni utili nel sito www.parrocchiadisalce.it.<\/p>\n<p>&nbsp;<\/p>\n<hr \/>\n<p>&nbsp;<\/p>\n<p>&nbsp;<\/p>\n<blockquote>\n<h3>DOMENICA CON IL CAI DI AGORDO PER IL TROI DEI CIMBRI<\/h3>\n<\/blockquote>\n<p><strong>AGORDO\u00a0<\/strong> I Cimbri, popolo di origine tedesca, gi\u00e0 dall&#8217;anno mille scesero per lavorare come boscaioli stagionali nella foresta del Cansiglio, il Cai di Agordo nell&#8217;ambito delle escursioni di alpinismo giovanile lo percorrer\u00e0\u00a0 lungo un sentiero che proprio da loro prende il nome. Il &#8220;Troi dei Cimbri&#8221; \u00e8 un facile percorso sull&#8217;altopiano del Cansiglio che attraversa la famosa foresta con i suoi faggi e abeti bianchi, in questo periodo particolarmente affascinante e variopinta. L&#8217;appuntamento \u00a0per i giovani aquilotti e famiglie \u00e8 per domenica 17 ottobre con una escursione medio-facile che ci far\u00e0 conoscere meglio questo angolo della provincia bellunese.<\/p>\n<p>&nbsp;<\/p>\n<p>&nbsp;<\/p>\n<hr \/>\n<p>&nbsp;<\/p>\n<blockquote>\n<h3>IL LIBRO DI DANILO COPPE &#8220;CRIMINI ESPLOSIVI&#8221; SARA&#8217; PRESENTATO IN SALA DON TAMIS IL 15 OTTOBRE<\/h3>\n<\/blockquote>\n<p><strong><a href=\"https:\/\/www.radiopiu.net\/wordpress\/il-libro-di-danilo-coppe-crimini-esplosivi-sara-presentato-in-sala-don-tamis-il-15-ottobre\/crimini-esplosivi-green-pass\/\" rel=\"attachment wp-att-235916\"><img loading=\"lazy\" decoding=\"async\" class=\"size-medium wp-image-235916 alignleft\" src=\"https:\/\/www.radiopiu.net\/wordpress\/wp-content\/uploads\/2021\/10\/crimini-esplosivi-green-pass-212x300.jpg\" alt=\"\" width=\"212\" height=\"300\" srcset=\"https:\/\/www.radiopiu.net\/wordpress\/wp-content\/uploads\/2021\/10\/crimini-esplosivi-green-pass-212x300.jpg 212w, https:\/\/www.radiopiu.net\/wordpress\/wp-content\/uploads\/2021\/10\/crimini-esplosivi-green-pass-724x1024.jpg 724w, https:\/\/www.radiopiu.net\/wordpress\/wp-content\/uploads\/2021\/10\/crimini-esplosivi-green-pass-768x1086.jpg 768w, https:\/\/www.radiopiu.net\/wordpress\/wp-content\/uploads\/2021\/10\/crimini-esplosivi-green-pass-1086x1536.jpg 1086w, https:\/\/www.radiopiu.net\/wordpress\/wp-content\/uploads\/2021\/10\/crimini-esplosivi-green-pass-1448x2048.jpg 1448w, https:\/\/www.radiopiu.net\/wordpress\/wp-content\/uploads\/2021\/10\/crimini-esplosivi-green-pass.jpg 1754w\" sizes=\"auto, (max-width: 212px) 100vw, 212px\" \/><\/a> <\/strong><\/p>\n<p><strong>\u00a0 <\/strong><\/p>\n<p><strong>\u00a0<\/strong><\/p>\n<p><strong>AGORDO <\/strong>Si parla di Crimini Esplosivi con l\u2019omonimo libro, nella presentazione organizzata dall\u2019APIM Associazione Periti Minerari. Domani alle ore 18.00 presso la Sala Don Tamis di Agordo, l\u2019autore Danilo Coppe, noto esplosivista, riveler\u00e0 molti segreti che hanno caratterizzato, fra l\u2019altro, gli Anni di Piombo e tutte le altre vicende storiche che hanno visto protagonisti negativi gli esplosivi. Danilo Coppe \u00e8 uno che gli esplosivi li ha sempre usati a fin di bene, come quando ha abbattuto le campate 10 e 11 del Ponte Morandi. Ma la sua attivit\u00e0 di consulente per tanti Tribunali italiani gli hanno consentito di studiare anche i fenomeni criminali e terroristici, avendo a disposizione una moltitudine di documenti inediti. L\u2019incontro \u00e8 aperto a tutti. Ingresso con green pass.<\/p>\n<p>&nbsp;<\/p>\n<p>&nbsp;<\/p>\n<p>&nbsp;<\/p>\n<p>&nbsp;<\/p>\n<p>&nbsp;<\/p>\n<p>&nbsp;<\/p>\n<p>&nbsp;<\/p>\n<hr \/>\n<p>&nbsp;<\/p>\n<p style=\"text-align: center;\"><strong>RINASCE LA CORALITA&#8217;\u00a0<\/strong><\/p>\n<p><a href=\"https:\/\/www.radiopiu.net\/wordpress\/giornale-radiopiu-13-ottobre-2021-direttore-mirko-mezzacasa\/245080829_1011662246286010_2438703064500773513_n\/\" rel=\"attachment wp-att-236727\"><img loading=\"lazy\" decoding=\"async\" class=\" wp-image-236727 aligncenter\" src=\"https:\/\/www.radiopiu.net\/wordpress\/wp-content\/uploads\/2021\/10\/245080829_1011662246286010_2438703064500773513_n-210x300.jpg\" alt=\"\" width=\"273\" height=\"390\" srcset=\"https:\/\/www.radiopiu.net\/wordpress\/wp-content\/uploads\/2021\/10\/245080829_1011662246286010_2438703064500773513_n-210x300.jpg 210w, https:\/\/www.radiopiu.net\/wordpress\/wp-content\/uploads\/2021\/10\/245080829_1011662246286010_2438703064500773513_n.jpg 504w\" sizes=\"auto, (max-width: 273px) 100vw, 273px\" \/><\/a><\/p>\n<p>&nbsp;<\/p>\n<p>&nbsp;<\/p>\n<hr \/>\n<p>&nbsp;<\/p>\n<blockquote>\n<h3>GRANDE FESTA DI INSIEME SI PU\u00d2 DOMENICA 17 OTTOBRE A LONGARONE<\/h3>\n<\/blockquote>\n<p><strong><a href=\"https:\/\/www.radiopiu.net\/wordpress\/giornale-radiopiu-14-ottobre-2021-direttore-mirko-mezzacasa\/insieme-si-puo\/\" rel=\"attachment wp-att-236824\"><img loading=\"lazy\" decoding=\"async\" class=\"size-medium wp-image-236824 alignleft\" src=\"https:\/\/www.radiopiu.net\/wordpress\/wp-content\/uploads\/2021\/10\/INSIEME-SI-PUO-300x87.png\" alt=\"\" width=\"300\" height=\"87\" srcset=\"https:\/\/www.radiopiu.net\/wordpress\/wp-content\/uploads\/2021\/10\/INSIEME-SI-PUO-300x87.png 300w, https:\/\/www.radiopiu.net\/wordpress\/wp-content\/uploads\/2021\/10\/INSIEME-SI-PUO.png 580w\" sizes=\"auto, (max-width: 300px) 100vw, 300px\" \/><\/a>BELLUNO <\/strong>Nella giornata di domenica 17 ottobre presso le sale delle opere parrocchiali di Longarone si terr\u00e0 l\u2019annuale festa dei gruppi e dei volontari dell\u2019associazione \u201cInsieme si pu\u00f2&#8230;\u201d onlus. Un momento di incontro e condivisione per tutti coloro che ruotano attorno all\u2019associazione, ma che \u00e8 aperto anche a chiunque voglia partecipare, dato il programma della giornata e gli ospiti speciali che interverranno. Tutte le attivit\u00e0 si terranno nel rispetto delle vigenti norme anti-Covid e per partecipare alla giornata e al concerto sar\u00e0 necessario esibire il green pass. Per una migliore organizzazione, \u00e8 consigliata la prenotazione telefonando allo 0437 291298 o 331 2122296 (a questo numero anche scrivendo messaggio Whatsapp) oppure inviando una mail a info@365giorni.org<\/p>\n<p>&nbsp;<\/p>\n<p>&nbsp;<\/p>\n<hr \/>\n<p>&nbsp;<\/p>\n<h1><span style=\"color: #ff0000;\">IERI ALLA RADIO<\/span><\/h1>\n<h2><strong><a href=\"https:\/\/www.radiopiu.net\/wordpress\/dopo-10-anni-riecco-il-bancomat-a-gosaldo\/gosaldo-8\/\" rel=\"attachment wp-att-175335\"><img loading=\"lazy\" decoding=\"async\" class=\"size-full wp-image-175335 alignleft\" src=\"https:\/\/www.radiopiu.net\/wordpress\/wp-content\/uploads\/2020\/11\/GOSALDO.jpg\" alt=\"\" width=\"300\" height=\"169\" \/><\/a><\/strong><span style=\"color: #0000ff;\">LA PRO LOCO DI GOSALDO PRENDE IN GESTIONE IL BAR IN PIAZZA<\/span><\/h2>\n<p><strong>di Claudio Fontanive<\/strong><\/p>\n<p>OSPITE: Fabrizio Marcon, Presidente della Pro Loco di Gosaldo<\/p>\n<audio class=\"wp-audio-shortcode\" id=\"audio-236773-9\" preload=\"none\" style=\"width: 100%;\" controls=\"controls\"><source type=\"audio\/mpeg\" src=\"https:\/\/www.radiopiu.net\/wordpress\/wp-content\/uploads\/2021\/10\/fabrizio-marcon-gosaldo-13-ottobre.mp3?_=9\" \/><a href=\"https:\/\/www.radiopiu.net\/wordpress\/wp-content\/uploads\/2021\/10\/fabrizio-marcon-gosaldo-13-ottobre.mp3\">https:\/\/www.radiopiu.net\/wordpress\/wp-content\/uploads\/2021\/10\/fabrizio-marcon-gosaldo-13-ottobre.mp3<\/a><\/audio>\n<p>&nbsp;<\/p>\n<p>&nbsp;<\/p>\n<div>\n<div class=\"page-title-head hgroup\">\n<div class=\"page-title-head hgroup\">\n<div class=\"b654a4as d2edcug0\">\n<div class=\"j83agx80 btwxx1t3 lhclo0ds hop8lmos nkwizq5d scwd0bx6 roh60bw9\">\n<div class=\"rq0escxv hkbzh7o3 jwdofwj8 n8tt0mok r8blr3vg hyh9befq\">\n<div class=\"do00u71z l9j0dhe7 k4urcfbm\">\n<hr \/>\n<p>&nbsp;<\/p>\n<div>\n<div>\n<h3 class=\"kvgmc6g5 cxmmr5t8 oygrvhab hcukyx3x c1et5uql\"><span style=\"color: #0000ff;\">INFORMAZIONE il canale su TELEGRAM informazione di prima mano e in tempo reale. iscriviti ed aiutaci a farlo conoscere\u00a0\u00a0<\/span><\/h3>\n<\/div>\n<div>\n<div class=\"page-title-head hgroup\">\n<div class=\"page-title-head hgroup\">\n<div class=\"page-title-head hgroup\">\n<div class=\"page-title-head hgroup\">\n<div class=\"b654a4as d2edcug0\">\n<div class=\"page-title-head hgroup\">\n<div class=\"page-title-head hgroup\">\n<div class=\"page-title-head hgroup\">\n<div class=\"page-title-head hgroup\">\n<div class=\"b654a4as d2edcug0\">\n<div>\n<p>&nbsp;<\/p>\n<\/div>\n<div>\n<div class=\"page-title-head hgroup\">\n<div class=\"page-title-head hgroup\">\n<div class=\"page-title-head hgroup\">\n<div class=\"page-title-head hgroup\">\n<div class=\"page-title-head hgroup\">\n<div class=\"b654a4as d2edcug0\">\n<div>\n<hr \/>\n<\/div>\n<\/div>\n<div>\n<p><strong>\u00a0<\/strong><\/p>\n<div>\n<p><strong>DUE MINUTI UN LIBRO, TUTTI I GIORNI ALLA RADIO ALLE 9.40 E ALLE 17.50<\/strong><\/p>\n<p><strong>LA RACCOLTA COMPLETA\u00a0\u00a0<\/strong><\/p>\n<\/div>\n<div>\n<blockquote class=\"wp-embedded-content\" data-secret=\"CscvY1yG6v\"><p><a href=\"https:\/\/www.radiopiu.net\/wordpress\/due-minuti-un-libro\/\">Due minuti un libro<\/a><\/p><\/blockquote>\n<p><iframe loading=\"lazy\" class=\"wp-embedded-content\" sandbox=\"allow-scripts\" security=\"restricted\" style=\"position: absolute; clip: rect(1px, 1px, 1px, 1px);\" title=\"&#8220;Due minuti un libro&#8221; &#8212; Radio Pi\u00f9\" src=\"https:\/\/www.radiopiu.net\/wordpress\/due-minuti-un-libro\/embed\/#?secret=CscvY1yG6v\" data-secret=\"CscvY1yG6v\" width=\"600\" height=\"338\" frameborder=\"0\" marginwidth=\"0\" marginheight=\"0\" scrolling=\"no\"><\/iframe><\/p>\n<p>&nbsp;<\/p>\n<\/div>\n<\/div>\n<div>\n<p>&nbsp;<\/p>\n<\/div>\n<div class=\"mkdf-post-text\">\n<div class=\"mkdf-post-text-inner\">\n<div class=\"mkdf-post-text-main\">\n<div class=\"mkdf-post-text\">\n<div class=\"mkdf-post-text-inner\">\n<div class=\"mkdf-post-text-main\">\n<div class=\"mkdf-post-text\">\n<div class=\"mkdf-post-text-inner\">\n<div class=\"mkdf-post-text-main\">\n<div class=\"page-title-head hgroup\">\n<div class=\"page-title-head hgroup\">\n<div class=\"mkdf-post-text\">\n<div class=\"mkdf-post-text-inner\">\n<div class=\"mkdf-post-text-main\">\n<div class=\"mkdf-post-text\">\n<div class=\"mkdf-post-text-inner\">\n<div class=\"mkdf-post-text-main\">\n<div class=\"page-title-head hgroup\">\n<div class=\"page-title-head hgroup\">\n<div class=\"page-title-head hgroup\">\n<div class=\"page-title-head hgroup\">\n<div class=\"b654a4as d2edcug0\">\n<div class=\"page-title-head hgroup\">\n<div class=\"page-title-head hgroup\">\n<div class=\"page-title-head hgroup\">\n<div class=\"page-title-head hgroup\">\n<div class=\"b654a4as d2edcug0\">\n<div class=\"page-title-head hgroup\">\n<div class=\"page-title-head hgroup\">\n<div class=\"page-title-head hgroup\">\n<div class=\"page-title-head hgroup\">\n<div class=\"b654a4as d2edcug0\">\n<div><\/div>\n<div>\n<hr \/>\n<\/div>\n<div><\/div>\n<div>\n<h2><span style=\"color: #3366ff;\">GIROVAGANDO ALLA RADIO<\/span><\/h2>\n<blockquote class=\"wp-embedded-content\" data-secret=\"bNr58W5C9V\"><p><a href=\"https:\/\/www.radiopiu.net\/wordpress\/girovagando-in-e-bike-tra-le-dolomiti\/\">GIROVAGANDO IN E BIKE TRA LE DOLOMITI<\/a><\/p><\/blockquote>\n<p><iframe loading=\"lazy\" class=\"wp-embedded-content\" sandbox=\"allow-scripts\" security=\"restricted\" style=\"position: absolute; clip: rect(1px, 1px, 1px, 1px);\" title=\"&#8220;GIROVAGANDO IN E BIKE TRA LE DOLOMITI&#8221; &#8212; Radio Pi\u00f9\" src=\"https:\/\/www.radiopiu.net\/wordpress\/girovagando-in-e-bike-tra-le-dolomiti\/embed\/#?secret=bNr58W5C9V\" data-secret=\"bNr58W5C9V\" width=\"600\" height=\"338\" frameborder=\"0\" marginwidth=\"0\" marginheight=\"0\" scrolling=\"no\"><\/iframe><\/p>\n<p>&nbsp;<\/p>\n<hr \/>\n<p>&nbsp;<\/p>\n<p>&nbsp;<\/p>\n<\/div>\n<h2><span style=\"color: #800080;\">I RACCONTI DI PAOLO SOPPELSA<\/span><\/h2>\n<div>\n<blockquote class=\"wp-embedded-content\" data-secret=\"H3K0jYzVkH\"><p><a href=\"https:\/\/www.radiopiu.net\/wordpress\/i-racconti-di-paolo-soppelsa\/\">I racconti di Paolo Soppelsa<\/a><\/p><\/blockquote>\n<p><iframe loading=\"lazy\" class=\"wp-embedded-content\" sandbox=\"allow-scripts\" security=\"restricted\" style=\"position: absolute; clip: rect(1px, 1px, 1px, 1px);\" title=\"&#8220;I racconti di Paolo Soppelsa&#8221; &#8212; Radio Pi\u00f9\" src=\"https:\/\/www.radiopiu.net\/wordpress\/i-racconti-di-paolo-soppelsa\/embed\/#?secret=H3K0jYzVkH\" data-secret=\"H3K0jYzVkH\" width=\"600\" height=\"338\" frameborder=\"0\" marginwidth=\"0\" marginheight=\"0\" scrolling=\"no\"><\/iframe><\/p>\n<p>&nbsp;<\/p>\n<hr \/>\n<p>&nbsp;<\/p>\n<p>&nbsp;<\/p>\n<h2><span style=\"color: #808000;\">L&#8217;ALMANACCO LADINO\u00a0 <\/span><\/h2>\n<h2>PUNTATA NUMERO 68<\/h2>\n<audio class=\"wp-audio-shortcode\" id=\"audio-236773-10\" preload=\"none\" style=\"width: 100%;\" controls=\"controls\"><source type=\"audio\/mpeg\" src=\"https:\/\/www.radiopiu.net\/wordpress\/wp-content\/uploads\/2021\/10\/68\u00b0Almanacco-Ladino_Fodom-1.mp3?_=10\" \/><a href=\"https:\/\/www.radiopiu.net\/wordpress\/wp-content\/uploads\/2021\/10\/68\u00b0Almanacco-Ladino_Fodom-1.mp3\">https:\/\/www.radiopiu.net\/wordpress\/wp-content\/uploads\/2021\/10\/68\u00b0Almanacco-Ladino_Fodom-1.mp3<\/a><\/audio>\n<h2><\/h2>\n<p><strong>LA RACCOLTA<\/strong><\/p>\n<blockquote class=\"wp-embedded-content\" data-secret=\"GNrrs5sVfY\"><p><a href=\"https:\/\/www.radiopiu.net\/wordpress\/almanacco-ladino\/\">Almanacco Ladino<\/a><\/p><\/blockquote>\n<p><iframe loading=\"lazy\" class=\"wp-embedded-content\" sandbox=\"allow-scripts\" security=\"restricted\" style=\"position: absolute; clip: rect(1px, 1px, 1px, 1px);\" title=\"&#8220;Almanacco Ladino&#8221; &#8212; Radio Pi\u00f9\" src=\"https:\/\/www.radiopiu.net\/wordpress\/almanacco-ladino\/embed\/#?secret=GNrrs5sVfY\" data-secret=\"GNrrs5sVfY\" width=\"600\" height=\"338\" frameborder=\"0\" marginwidth=\"0\" marginheight=\"0\" scrolling=\"no\"><\/iframe><\/p>\n<p>&nbsp;<\/p>\n<hr \/>\n<p>&nbsp;<\/p>\n<\/div>\n<h4><span style=\"color: #ff0000;\">MUSICA ALLA RADIO<\/span><\/h4>\n<div><a href=\"https:\/\/www.radiopiu.net\/wordpress\/giornale-radiopiu-20-settembre-2021-direttore-mirko-mezzacasa\/pp-79\/\" rel=\"attachment wp-att-232921\"><img loading=\"lazy\" decoding=\"async\" class=\"wp-image-232921 alignleft\" src=\"https:\/\/www.radiopiu.net\/wordpress\/wp-content\/uploads\/2021\/09\/pp-1-300x300.jpg\" alt=\"\" width=\"135\" height=\"135\" srcset=\"https:\/\/www.radiopiu.net\/wordpress\/wp-content\/uploads\/2021\/09\/pp-1-300x300.jpg 300w, https:\/\/www.radiopiu.net\/wordpress\/wp-content\/uploads\/2021\/09\/pp-1-150x150.jpg 150w, https:\/\/www.radiopiu.net\/wordpress\/wp-content\/uploads\/2021\/09\/pp-1.jpg 640w\" sizes=\"auto, (max-width: 135px) 100vw, 135px\" \/><\/a><\/div>\n<div><\/div>\n<div><\/div>\n<div>\n<p><strong>MUSICA ALLA RADIO, IL PROGRAMMA DI LORIS SCUSSEL &#8220;COLLAGE OPERAZIONE NOSTALGIA&#8221; DAL LUNEDI AL VENERDI ALLE 16.00\u00a0 E ALLE 23\u00a0<\/strong><\/p>\n<p>&nbsp;<\/p>\n<p>&nbsp;<\/p>\n<p><strong>PUNTATA 453\u00a0 13 OTTOBRE<\/strong><\/p>\n<audio class=\"wp-audio-shortcode\" id=\"audio-236773-11\" preload=\"none\" style=\"width: 100%;\" controls=\"controls\"><source type=\"audio\/mpeg\" src=\"https:\/\/www.radiopiu.net\/wordpress\/wp-content\/uploads\/2021\/10\/Collage-453.mp3?_=11\" \/><a href=\"https:\/\/www.radiopiu.net\/wordpress\/wp-content\/uploads\/2021\/10\/Collage-453.mp3\">https:\/\/www.radiopiu.net\/wordpress\/wp-content\/uploads\/2021\/10\/Collage-453.mp3<\/a><\/audio>\n<\/div>\n<p>&nbsp;<\/p>\n<p>&nbsp;<\/p>\n<div>\n<hr \/>\n<p>&nbsp;<\/p>\n<p><a href=\"https:\/\/www.radiopiu.net\/wordpress\/giornale-radiopiu-26-settembre-2018-direttore-mirko-mezzacasa\/viabilita-2\/\" rel=\"attachment wp-att-61954\"><img loading=\"lazy\" decoding=\"async\" class=\"wp-image-61954 size-full aligncenter\" src=\"https:\/\/www.radiopiu.net\/wordpress\/wp-content\/uploads\/2018\/09\/viabilita.jpeg\" alt=\"\" width=\"800\" height=\"100\" srcset=\"https:\/\/www.radiopiu.net\/wordpress\/wp-content\/uploads\/2018\/09\/viabilita.jpeg 800w, https:\/\/www.radiopiu.net\/wordpress\/wp-content\/uploads\/2018\/09\/viabilita-300x38.jpeg 300w, https:\/\/www.radiopiu.net\/wordpress\/wp-content\/uploads\/2018\/09\/viabilita-768x96.jpeg 768w\" sizes=\"auto, (max-width: 800px) 100vw, 800px\" \/><\/a><\/p>\n<p>&nbsp;<\/p>\n<p><strong><a href=\"https:\/\/www.radiopiu.net\/wordpress\/veneto-strade-interdizione-al-traffico\/veneto-strade-2\/\" rel=\"attachment wp-att-135574\"><img loading=\"lazy\" decoding=\"async\" class=\"wp-image-135574 alignleft\" src=\"https:\/\/www.radiopiu.net\/wordpress\/wp-content\/uploads\/2020\/05\/VENETO-STRADE-300x300.png\" alt=\"\" width=\"100\" height=\"100\" srcset=\"https:\/\/www.radiopiu.net\/wordpress\/wp-content\/uploads\/2020\/05\/VENETO-STRADE-300x300.png 300w, https:\/\/www.radiopiu.net\/wordpress\/wp-content\/uploads\/2020\/05\/VENETO-STRADE-150x150.png 150w, https:\/\/www.radiopiu.net\/wordpress\/wp-content\/uploads\/2020\/05\/VENETO-STRADE.png 400w\" sizes=\"auto, (max-width: 100px) 100vw, 100px\" \/><\/a><\/strong><strong>SP39 MONTE AVENA COMUNE SOVRAMONTE<\/strong>\u00a0 Fino al 15 ottobre -esclusi festivi e prefestivi &#8211; interdizione totale al traffico<\/p>\n<p><strong>PROVINCIALE 563 DI SALESEI<\/strong> fino al 18 ottobre interruzioni della durata massima di 20 minuti<\/p>\n<p><strong>REGIONALE 48 DELLE DOLOMITI PASSO FALZAREGO<\/strong>\u00a0 fino\u00a0 al 26 novembre interruzioni della durata massima di 15 minuti in localit\u00e0 Pian di Falzarego <strong>PROVINCIALE VAL FIORENTINA SP20<\/strong>: dall&#8217;11 al 15 ottobre senso unico alternato per tratti di 300 metri <strong>REGIONALE 48 DOLOMITI<\/strong> dall&#8217;11 ottobre al 3 dicembre senso unico localit\u00e0 Andraz. <strong>PROVINCIALE 638<\/strong> Passo Giau fino\u00a0 al 19 ottobre senso unico alternato tratti di 300 metri<\/p>\n<p>&nbsp;<\/p>\n<hr \/>\n<p>&nbsp;<\/p>\n<\/div>\n<\/div>\n<\/div>\n<\/div>\n<\/div>\n<\/div>\n<\/div>\n<\/div>\n<\/div>\n<\/div>\n<\/div>\n<\/div>\n<\/div>\n<\/div>\n<\/div>\n<\/div>\n<\/div>\n<\/div>\n<\/div>\n<\/div>\n<\/div>\n<\/div>\n<\/div>\n<\/div>\n<\/div>\n<\/div>\n<\/div>\n<\/div>\n<\/div>\n<\/div>\n<\/div>\n<\/div>\n<\/div>\n<\/div>\n<\/div>\n<\/div>\n<\/div>\n<\/div>\n<\/div>\n<\/div>\n<\/div>\n<\/div>\n<\/div>\n<\/div>\n<\/div>\n<\/div>\n<\/div>\n<\/div>\n<\/div>\n<\/div>\n<\/div>\n<div>\n<div class=\"page-title-head hgroup\">\n<div class=\"page-title-head hgroup\">\n<div class=\"page-title-head hgroup\">\n<div class=\"page-title-head hgroup\">\n<div class=\"b654a4as d2edcug0\">\n<div class=\"page-title-head hgroup\">\n<div class=\"page-title-head hgroup\">\n<div class=\"page-title-head hgroup\">\n<div class=\"page-title-head hgroup\">\n<div class=\"b654a4as d2edcug0\">\n<div class=\"page-title-head hgroup\">\n<div class=\"page-title-head hgroup\">\n<div class=\"page-title-head hgroup\">\n<div class=\"page-title-head hgroup\">\n<div class=\"page-title-head hgroup\">\n<div class=\"mkdf-post-text\">\n<div class=\"mkdf-post-text-inner\">\n<div class=\"mkdf-post-text-main\">\n<div class=\"mkdf-post-text\">\n<div class=\"mkdf-post-text-inner\">\n<div class=\"mkdf-post-text-main\">\n<div class=\"mkdf-post-text\">\n<div class=\"mkdf-post-text-inner\">\n<div class=\"mkdf-post-text-main\">\n<div class=\"page-title-head hgroup\">\n<div class=\"page-title-head hgroup\">\n<div class=\"mkdf-post-text\">\n<div class=\"mkdf-post-text-inner\">\n<div class=\"mkdf-post-text-main\">\n<div class=\"mkdf-post-text\">\n<div class=\"mkdf-post-text-inner\">\n<div class=\"mkdf-post-text-main\">\n<div>\n<div class=\"page-title-head hgroup\">\n<div class=\"page-title-head hgroup\">\n<div>\n<div class=\"page-title-head hgroup\">\n<div class=\"page-title-head hgroup\">\n<div class=\"b654a4as d2edcug0\">\n<div>\n<div class=\"page-title-head hgroup\" style=\"text-align: left;\">\n<div class=\"page-title-head hgroup\">\n<div dir=\"auto\">\n<p><a class=\"dt-pswp-item pspw-wrap-ready\" href=\"https:\/\/i0.wp.com\/www.radiopiu.net\/wordpress\/wp-content\/uploads\/2018\/09\/WhatsApp-Image-2018-09-20-at-16.04.06.jpeg?ssl=1\" data-dt-img-description=\"\" data-large_image_width=\"800\" data-large_image_height=\"100\"><img loading=\"lazy\" decoding=\"async\" class=\"aligncenter wp-image-61378 size-full jetpack-lazy-image jetpack-lazy-image--handled\" src=\"https:\/\/i0.wp.com\/www.radiopiu.net\/wordpress\/wp-content\/uploads\/2018\/09\/WhatsApp-Image-2018-09-20-at-16.04.06.jpeg?resize=800%2C100&amp;ssl=1\" sizes=\"auto, (max-width: 800px) 100vw, 800px\" srcset=\"https:\/\/i0.wp.com\/www.radiopiu.net\/wordpress\/wp-content\/uploads\/2018\/09\/WhatsApp-Image-2018-09-20-at-16.04.06.jpeg?w=800&amp;ssl=1 800w, https:\/\/i0.wp.com\/www.radiopiu.net\/wordpress\/wp-content\/uploads\/2018\/09\/WhatsApp-Image-2018-09-20-at-16.04.06.jpeg?resize=300%2C38&amp;ssl=1 300w, https:\/\/i0.wp.com\/www.radiopiu.net\/wordpress\/wp-content\/uploads\/2018\/09\/WhatsApp-Image-2018-09-20-at-16.04.06.jpeg?resize=768%2C96&amp;ssl=1 768w\" alt=\"\" width=\"800\" height=\"100\" data-lazy-loaded=\"1\" \/><\/a><\/p>\n<\/div>\n<\/div>\n<\/div>\n<\/div>\n<\/div>\n<\/div>\n<\/div>\n<\/div>\n<\/div>\n<\/div>\n<\/div>\n<\/div>\n<\/div>\n<\/div>\n<\/div>\n<\/div>\n<\/div>\n<\/div>\n<\/div>\n<\/div>\n<\/div>\n<\/div>\n<\/div>\n<\/div>\n<\/div>\n<\/div>\n<\/div>\n<\/div>\n<\/div>\n<\/div>\n<\/div>\n<\/div>\n<\/div>\n<\/div>\n<\/div>\n<\/div>\n<\/div>\n<\/div>\n<\/div>\n<\/div>\n<\/div>\n<\/div>\n<\/div>\n<\/div>\n<p>&nbsp;<\/p>\n<div id=\"dolomitimeteo_div_testi\"><center><b>Giovedi 14<\/b><\/center><b>Tempo atteso: <\/b>Bel tempo autunnale, ben soleggiata salvo temporanei altocumuli nel cielo della notte e del primo mattino, specie sulle Dolomiti. Aria tersa ed ottima visibilit\u00e0 ovunque. Atmosfera mattutina fredda per il periodo e ancora fresca in giornata, addirittura un po&#8217; fredda in alta montagna sia per il gelo persistente oltre i 2400 m che per la ventilazione a tratti sostenuta.<br \/>\n<b>Precipitazioni: <\/b>Assenti (0%).<br \/>\n<b>Temperature: <\/b>In generale calo, eccetto lieve ripresa delle massime in alta quota. Sono previste gelate notturne assai diffuse fino sugli 800 m e locali brinate nei fondovalle della fascia prealpina, mentre i valori massimi saranno di 12\/14\u00b0C nei fondovalle prealpini e di 7\/10\u00b0C a 1000\/1200 m. Su Prealpi a 1500 m min 0\u00b0C max 6\u00b0C, a 2000 m min -4\u00b0C max 2\u00b0C. Su Dolomiti a 2000 m min -5\u00b0C max 1\u00b0C, a 3000 m min -10\u00b0C max -3\u00b0C.<br \/>\n<b>Venti: <\/b>Nelle valli deboli a regime di brezza, localmente e a tratti moderati nei settori solitamente pi\u00f9 ventilati; in quota moderati\/tesi da nord nord-est, a 10-25 km\/h a 2000 m e 35-45 km\/h a 3000 m.<\/p>\n<hr \/>\n<p><center><b>Venerdi 15<\/b><\/center><b>Tempo atteso: <\/b>Tempo stabile e in prevalenza soleggiato, nonostante il temporaneo transito di sottili nubi alte o di altocumuli al pomeriggio, ma senza togliere l&#8217;impressione di bel tempo. Aria limpida e ottima visibilit\u00e0 in montagna. Lieve foschie in alcuni fondovalle prealpini durante le ore pi\u00f9 fredde. Contesto termico decisamente meno fresco in giornata.<br \/>\n<b>Precipitazioni: <\/b>Assenti (0%).<br \/>\n<b>Temperature: <\/b>Perlopi\u00f9 in aumento per avvezione di aria oceanica assai pi\u00f9 mite, maggiormente avvertito in quota rispetto alle valli, dove alcune minime saranno stazionarie o in diminuzione non consentendo lo stesso sbalzo delle massime osservato in quota. Sono previste punte di 14\/15\u00b0C nei fondovalle prealpini e di 9\/13\u00b0C a 1000\/1200 m. Su Prealpi a 1500 m min 4\u00b0C max 9\u00b0C, a 2000 m min 2\u00b0C max 5\u00b0C. Su Dolomiti a 2000 m min 1\u00b0C max 6\u00b0C, a 3000 m min -2\u00b0C max 0\u00b0C.<br \/>\n<b>Venti: <\/b>Perlopi\u00f9 deboli per brezze nelle valli, localmente e a tratti moderati nei settori solitamente pi\u00f9 ventilati; in quota perlopi\u00f9 deboli da nord, solo a tratti moderati sulle cime pi\u00f9 alte, a 5-10 km\/ha 2000 m e 10-15 km\/h a 3000 m.<\/p>\n<hr \/>\n<p><center><b>Sabato 16<\/b><\/center>Nottetempo e nelle prime ore del mattino nubi alte e medio-alte stratiformi. In seguito tempo autunnale stabile, ben soleggiato con cielo sereno, aria limpida ed ottima visibilit\u00e0. Al pomeriggio non escluso eventuali cumuli sulle cime prealpine. Temperature minime in rialzo e massime in diminuzione. Venti deboli\/moderati da nord-ovest in quota; perlopi\u00f9 deboli per brezze nelle valli, localmente e a tratti moderati nei settori solitamente pi\u00f9 ventilati.<\/p>\n<hr \/>\n<p><center><b>Domenica 17<\/b><\/center>Ben soleggiato con cielo sereno al mattino e poco nuvoloso al pomeriggio per lievi velature del cielo per sottili nubi alte. Durante le ore pi\u00f9 fredde banchi di nebbia nei fondovalle prealpini, localmente anche sugli altopiani prealpini, in rapido dissolvimento dopo il sorgere del sole. Temperature in leggera ripresa, eccetto calo delle minime nelle valli, con probabile inversione termica notturna. Venti deboli\/moderati dai quadranti settentrionali in quota; perlopi\u00f9 deboli per brezze nelle valli, localmente e a tratti moderati nei settori solitamente pi\u00f9 ventilati. Previsore: R.L.Th.<\/p>\n<\/div>\n<p>&nbsp;<\/p>\n<hr \/>\n<p>&nbsp;<\/p>\n<div class=\"mkdf-post-text\">\n<div class=\"mkdf-post-text-inner\">\n<p><a href=\"https:\/\/www.radiopiu.net\/wordpress\/giornale-radiopiu-15-settembre-2018-direttore-mirko-mezzacasa\/sport-7\/\" rel=\"attachment wp-att-60761\"><img loading=\"lazy\" decoding=\"async\" class=\"wp-image-60761 size-full aligncenter\" src=\"https:\/\/www.radiopiu.net\/wordpress\/wp-content\/uploads\/2018\/09\/sport.jpg\" alt=\"\" width=\"800\" height=\"100\" srcset=\"https:\/\/www.radiopiu.net\/wordpress\/wp-content\/uploads\/2018\/09\/sport.jpg 800w, https:\/\/www.radiopiu.net\/wordpress\/wp-content\/uploads\/2018\/09\/sport-300x38.jpg 300w, https:\/\/www.radiopiu.net\/wordpress\/wp-content\/uploads\/2018\/09\/sport-768x96.jpg 768w\" sizes=\"auto, (max-width: 800px) 100vw, 800px\" \/><\/a><\/p>\n<\/div>\n<\/div>\n<p>&nbsp;<\/p>\n<blockquote>\n<h3>L&#8217;AGORDINA INCAMERA ALTRI 3 PUNTI IMPORTANTI E DOMENICA AD AGORDO ARRIVA IL LENTIAI<\/h3>\n<\/blockquote>\n<p><strong><a href=\"https:\/\/www.radiopiu.net\/wordpress\/agordina-seconda-categoria-il-punto-dopo-6-giornate\/marco-lorenzi-ok\/\" rel=\"attachment wp-att-64292\"><img loading=\"lazy\" decoding=\"async\" class=\"size-medium wp-image-64292 alignleft\" src=\"https:\/\/www.radiopiu.net\/wordpress\/wp-content\/uploads\/2018\/10\/MARCO-LORENZI-OK-300x180.png\" alt=\"\" width=\"300\" height=\"180\" srcset=\"https:\/\/www.radiopiu.net\/wordpress\/wp-content\/uploads\/2018\/10\/MARCO-LORENZI-OK-300x180.png 300w, https:\/\/www.radiopiu.net\/wordpress\/wp-content\/uploads\/2018\/10\/MARCO-LORENZI-OK.png 669w\" sizes=\"auto, (max-width: 300px) 100vw, 300px\" \/><\/a>AGORDO<\/strong> Si possono definire 3 punti importanti per l&#8217;obbiettivo salvezza quelli incamerati domenica scorsa dall&#8217;Agordina di Marco Lorenzi sul campo di Trichiana. Contro il Gemelle la formazione di Agordo ha saputo tenere in mano la partita vincendo di misura in pieno recupero. 2 a 1 il risultato della gara che ha visto gli agordini colpire due pali e una traversa prima di chiudere la sfida con una vittoria. Ora si fa sul serio e domenica prossima arriva all&#8217;Ivano Dorigo di Agordo un Lentiai che nella prima parte della stagione ha fotocopiato il cammino dell&#8217;Agordina con 2 vittorie, un pareggio e una sconfitta nelle prime quattro partite della Seconda Categoria gir. T del Veneto. Una sfida alla pari che sicuramente non sar\u00e0 una passeggiata per gli uomini di Lorenzi.<\/p>\n<p><strong>MARCO LORENZI, ALLENATORE DELL&#8217;AGORDINA<\/strong><\/p>\n<audio class=\"wp-audio-shortcode\" id=\"audio-236773-12\" preload=\"none\" style=\"width: 100%;\" controls=\"controls\"><source type=\"audio\/mpeg\" src=\"https:\/\/www.radiopiu.net\/wordpress\/wp-content\/uploads\/2021\/10\/LORENZI-SITO.mp3?_=12\" \/><a href=\"https:\/\/www.radiopiu.net\/wordpress\/wp-content\/uploads\/2021\/10\/LORENZI-SITO.mp3\">https:\/\/www.radiopiu.net\/wordpress\/wp-content\/uploads\/2021\/10\/LORENZI-SITO.mp3<\/a><\/audio>\n<p>&nbsp;<\/p>\n<hr \/>\n<p>&nbsp;<\/p>\n<\/div>\n<\/div>\n<\/div>\n<\/div>\n<\/div>\n<\/div>\n<\/div>\n","protected":false},"excerpt":{"rendered":"<p>\u00a0 INFORMAZIONE il canale su TELEGRAM informazione di prima mano e in tempo reale. iscriviti ed aiutaci a farlo conoscere\u00a0 \u00a0 &nbsp; &nbsp; 203 AGORDINA\u00a0 \u00a0CHIUSURA A FASCE ORARIE AGORDO Fino a venerdi 22 ottobre in localit\u00e0 La Stanga (Agordo- Belluno)\u00a0 esclusi sabato 16 e domenica 17,\u00a0 interruzioni temporanee al transito sulla 203 Agordina per&hellip;<\/p>\n","protected":false},"author":4,"featured_media":236881,"comment_status":"closed","ping_status":"open","sticky":false,"template":"","format":"standard","meta":{"_monsterinsights_skip_tracking":false,"_monsterinsights_sitenote_active":false,"_monsterinsights_sitenote_note":"","_monsterinsights_sitenote_category":0,"footnotes":""},"categories":[1,104,86,49],"tags":[],"class_list":["post-236773","post","type-post","status-publish","format-standard","has-post-thumbnail","hentry","category-senza-categoria","category-evidenza_3","category-gr","category-news-18","category-1","category-104","category-86","category-49","description-off"],"img_url":"https:\/\/www.radiopiu.net\/wordpress\/wp-content\/uploads\/2021\/10\/fdc5cf6e-f0ef-4ac2-9b26-23b7da3523ed.jpg","_links":{"self":[{"href":"https:\/\/www.radiopiu.net\/wordpress\/wp-json\/wp\/v2\/posts\/236773","targetHints":{"allow":["GET"]}}],"collection":[{"href":"https:\/\/www.radiopiu.net\/wordpress\/wp-json\/wp\/v2\/posts"}],"about":[{"href":"https:\/\/www.radiopiu.net\/wordpress\/wp-json\/wp\/v2\/types\/post"}],"author":[{"embeddable":true,"href":"https:\/\/www.radiopiu.net\/wordpress\/wp-json\/wp\/v2\/users\/4"}],"replies":[{"embeddable":true,"href":"https:\/\/www.radiopiu.net\/wordpress\/wp-json\/wp\/v2\/comments?post=236773"}],"version-history":[{"count":0,"href":"https:\/\/www.radiopiu.net\/wordpress\/wp-json\/wp\/v2\/posts\/236773\/revisions"}],"wp:featuredmedia":[{"embeddable":true,"href":"https:\/\/www.radiopiu.net\/wordpress\/wp-json\/wp\/v2\/media\/236881"}],"wp:attachment":[{"href":"https:\/\/www.radiopiu.net\/wordpress\/wp-json\/wp\/v2\/media?parent=236773"}],"wp:term":[{"taxonomy":"category","embeddable":true,"href":"https:\/\/www.radiopiu.net\/wordpress\/wp-json\/wp\/v2\/categories?post=236773"},{"taxonomy":"post_tag","embeddable":true,"href":"https:\/\/www.radiopiu.net\/wordpress\/wp-json\/wp\/v2\/tags?post=236773"}],"curies":[{"name":"wp","href":"https:\/\/api.w.org\/{rel}","templated":true}]}}