{"id":236826,"date":"2021-10-13T12:31:58","date_gmt":"2021-10-13T10:31:58","guid":{"rendered":"https:\/\/www.radiopiu.net\/wordpress\/?p=236826"},"modified":"2021-10-13T16:52:27","modified_gmt":"2021-10-13T14:52:27","slug":"papa-giovanni-paolo-i-sara-beato-campane-a-festa-a-canale-dagordo-e-belluno","status":"publish","type":"post","link":"https:\/\/www.radiopiu.net\/wordpress\/papa-giovanni-paolo-i-sara-beato-campane-a-festa-a-canale-dagordo-e-belluno\/","title":{"rendered":"PAPA GIOVANNI PAOLO I SARA&#8217; BEATO. CAMPANE A FESTA A CANALE D&#8217;AGORDO E BELLUNO"},"content":{"rendered":"<p><strong><a href=\"https:\/\/www.radiopiu.net\/wordpress\/giornale-radiopiu-25-agosto-2021-direttore-mirko-mezzacasa\/papa-luciani-2-3\/\" rel=\"attachment wp-att-229320\"><img loading=\"lazy\" decoding=\"async\" class=\"size-medium wp-image-229320 alignleft\" src=\"https:\/\/www.radiopiu.net\/wordpress\/wp-content\/uploads\/2021\/08\/papa-luciani-2-300x200.jpg\" alt=\"\" width=\"300\" height=\"200\" srcset=\"https:\/\/www.radiopiu.net\/wordpress\/wp-content\/uploads\/2021\/08\/papa-luciani-2-300x200.jpg 300w, https:\/\/www.radiopiu.net\/wordpress\/wp-content\/uploads\/2021\/08\/papa-luciani-2-1024x683.jpg 1024w, https:\/\/www.radiopiu.net\/wordpress\/wp-content\/uploads\/2021\/08\/papa-luciani-2-768x512.jpg 768w, https:\/\/www.radiopiu.net\/wordpress\/wp-content\/uploads\/2021\/08\/papa-luciani-2.jpg 1200w\" sizes=\"auto, (max-width: 300px) 100vw, 300px\" \/><\/a>CITTA&#8217; DEL VATICANO <\/strong>Papa Giovanni Paolo I sar\u00e0 beato. Papa Francesco ha infatti autorizzato la Congregazione per le Cause dei santi a promulgare il decreto riguardante il miracolo attribuito all&#8217;intercessione del Venerabile Servo di Dio Giovanni Paolo I (Albino Luciani), Pontefice; nato il 17 ottobre 1912 a Forno di Canale, (oggi Canale d&#8217;Agordo) e morto il 28 settembre 1978 nel Palazzo Apostolico (Stato della Citt\u00e0 del Vaticano). Intanto a Canale D&#8217;Agordo e Belluno stanno suonando a festa le campane.<\/p>\n<p><strong>PER LEGGERE IL BOLLETTINO DELLA SANTA SEDE <a href=\"https:\/\/press.vatican.va\/content\/salastampa\/it\/bollettino\/pubblico\/2021\/10\/13\/0661\/01407.html\">CLICCA QUI<\/a><\/strong><\/p>\n<p><strong>Il commento del direttore della Fondazione Papa Luciani di Canale d&#8217;Agordo Onlus, Loris Serafini.<\/strong><br \/>\n<i>&#8220;Accolgo con grandissima gioia la notizia che \u00e8 giunta dalla Sala Stampa Vaticana. <\/i><i>Quanto sognato nel lontano 2002 dall&#8217;allora vescovo di Belluno-Feltre Vincenzo Savio si sta finalmente avverando. L&#8217;amatissimo mons. Savio voleva proporre la figura di Albino Luciani come esempio di santit\u00e0 ordinaria per la propria Diocesi e per la Chiesa universale, valorizzando la vita e l&#8217;insegnamento del semplice sacerdote di Canale d&#8217;Agordo divenuto papa con il nome di Giovanni Paolo I, proponendolo a tutto il mondo come modello attuale di una santit\u00e0 assolutamente comune e accessibile a tutti. Questo suo sogno ora diventer\u00e0 realt\u00e0, accogliendo le richieste di moltissimi fedeli che da tutte le parti del mondo lo volevano posto all&#8217;onore degli altari.\u00a0 <\/i><i>Ma Albino Luciani rifuggiva i posti d&#8217;onore. Preferiva sentirsi piccolo. A Vittorio Veneto e a Venezia ripeteva \u201cQuando parlo da solo a Dio e alla Madonna la mitra, lo zucchetto, l\u2019anello scompaiono; mando in vacanza l\u2019adulto e anche il vescovo, per abbandonarmi alla tenerezza spontanea, che ha un bambino davanti a pap\u00e0 e mamma.\u201d Perfino da Papa ripeteva questo concetto: &#8220;Dobbiamo sentirci piccoli davanti a Dio. Quando io dico: \u00abSignore, io credo\u00bb; non mi vergogno di sentirmi come un bambino davanti alla mamma; io credo al Signore, a quello che egli mi ha rivelato&#8221;.<\/i><\/p>\n<p><a href=\"https:\/\/www.radiopiu.net\/wordpress\/papa-giovanni-paolo-i-sara-beato-campane-a-festa-a-canale-dagordo-e-belluno\/olympus-digital-camera-265\/\" rel=\"attachment wp-att-236827\"><img loading=\"lazy\" decoding=\"async\" class=\"alignright wp-image-236827 size-medium\" src=\"https:\/\/www.radiopiu.net\/wordpress\/wp-content\/uploads\/2021\/10\/Il-Sindaco-Flavio-Colcergnan-e-Vincenzo-Savio-300x225.jpg\" alt=\"\" width=\"300\" height=\"225\" srcset=\"https:\/\/www.radiopiu.net\/wordpress\/wp-content\/uploads\/2021\/10\/Il-Sindaco-Flavio-Colcergnan-e-Vincenzo-Savio-300x225.jpg 300w, https:\/\/www.radiopiu.net\/wordpress\/wp-content\/uploads\/2021\/10\/Il-Sindaco-Flavio-Colcergnan-e-Vincenzo-Savio-1024x768.jpg 1024w, https:\/\/www.radiopiu.net\/wordpress\/wp-content\/uploads\/2021\/10\/Il-Sindaco-Flavio-Colcergnan-e-Vincenzo-Savio-768x576.jpg 768w, https:\/\/www.radiopiu.net\/wordpress\/wp-content\/uploads\/2021\/10\/Il-Sindaco-Flavio-Colcergnan-e-Vincenzo-Savio-1536x1152.jpg 1536w, https:\/\/www.radiopiu.net\/wordpress\/wp-content\/uploads\/2021\/10\/Il-Sindaco-Flavio-Colcergnan-e-Vincenzo-Savio.jpg 1600w\" sizes=\"auto, (max-width: 300px) 100vw, 300px\" \/><\/a><\/p>\n<p><i><\/i><i>La santit\u00e0 che preferiva Albino Luciani era quella della vita quotidiana, quella della &#8220;Madonna delle pignatte&#8221; che, diceva, &#8220;si \u00e8 fatta santa senza visioni, senza estasi, si \u00e8 fatta santa con queste piccole cose. Lavava scodelle, preparava minestre, pelava patate o qualcosa di simile&#8221;. <\/i><i>Quindi possiamo davvero essere felici che la Chiesa abbia ufficialmente riconosciuto la santit\u00e0 di questo &#8220;straordinario&#8221; pastore vissuto in modo assolutamente ordinario, che avvicina tutti i credenti a una santit\u00e0 accessibile, possibile e concreta, quella che secondo l&#8217;antica etimologia, rende i credenti &#8220;pieni di vita&#8221; e d\u00e0 senso pieno alla vita. E&#8217; una santit\u00e0 accessibile, perch\u00e9 non \u00e8 un merito conquistato, ma un dono gratuito del Signore, come risposta alla fiducia riposta in Lui. <\/i><i>Adesso attendiamo con gioia la data della sua beatificazione.&#8221;<\/i><\/p>\n<p>&nbsp;<\/p>\n<p>&nbsp;<\/p>\n<p>&nbsp;<\/p>\n<p>&nbsp;<\/p>\n<p>&nbsp;<\/p>\n<p><strong>\u00a0LE CAMPANE A FESTA DI CANALE D&#8217;AGORDO<\/strong><\/p>\n<audio class=\"wp-audio-shortcode\" id=\"audio-236826-1\" preload=\"none\" style=\"width: 100%;\" controls=\"controls\"><source type=\"audio\/mpeg\" src=\"https:\/\/www.radiopiu.net\/wordpress\/wp-content\/uploads\/2021\/10\/campane-canale.mp3?_=1\" \/><a href=\"https:\/\/www.radiopiu.net\/wordpress\/wp-content\/uploads\/2021\/10\/campane-canale.mp3\">https:\/\/www.radiopiu.net\/wordpress\/wp-content\/uploads\/2021\/10\/campane-canale.mp3<\/a><\/audio>\n<p>&nbsp;<\/p>\n<p><strong>IL VIDEO<\/strong><\/p>\n<div style=\"width: 848px;\" class=\"wp-video\"><video class=\"wp-video-shortcode\" id=\"video-236826-1\" width=\"848\" height=\"480\" preload=\"metadata\" controls=\"controls\"><source type=\"video\/mp4\" src=\"https:\/\/www.radiopiu.net\/wordpress\/wp-content\/uploads\/2021\/10\/WhatsApp-Video-2021-10-13-at-12.54.15.mp4?_=1\" \/><a href=\"https:\/\/www.radiopiu.net\/wordpress\/wp-content\/uploads\/2021\/10\/WhatsApp-Video-2021-10-13-at-12.54.15.mp4\">https:\/\/www.radiopiu.net\/wordpress\/wp-content\/uploads\/2021\/10\/WhatsApp-Video-2021-10-13-at-12.54.15.mp4<\/a><\/video><\/div>\n<p>&nbsp;<\/p>\n<p><strong><u>\u00a0<\/u><\/strong><\/p>\n<blockquote>\n<h3><strong>PAPA LUCIANI VERSO GLI ALTARI. PRESIDENTE DEL VENETO, \u201cORGOGLIO DELLA NOSTRA TERRA, CON LA DOLCEZZA DEL SUO ACCENTO VENETO HA CONQUISTATO IL MONDO<\/strong><\/h3>\n<\/blockquote>\n<p><strong>VENEZIA<\/strong>\u00a0 \u201cHa portato a San Pietro la semplicit\u00e0 e la concretezza della nostra gente ma, nonostante il suo pontificato sia durato soltanto un mese, il sorriso e la dolcezza del suo accento veneto hanno conquistato il mondo. A nome di tutti i veneti esprimo la gioia e l\u2019orgoglio per la notizia del decreto che apre la via della beatificazione di Giovanni Paolo I\u201d.<\/p>\n<p>Con queste parole il Presidente della Regione del Veneto esprime la soddisfazione per il decreto firmato da Papa Francesco, autorizzando la Congregazione per le Cause dei Santi a promulgare il decreto riguardante il miracolo attribuito all\u2019intercessione del venerabile Giovanni Paolo I, il bellunese Albino Luciani di Canale d\u2019Agordo, gi\u00e0 vescovo di Vittorio Veneto e Patriarca di Venezia.<\/p>\n<p>\u201cIl decreto del Papa fa vedere ormai prossimo il giorno in cui don Albino, come lo chiamavano tanti nostri anziani che lo avevano visto giovane prete nel Bellunese, sar\u00e0 beato \u2013 sottolinea il Presidente \u2013 e quel giorno sar\u00e0 una grande festa per tutta la nostra regione. La modestia che, fin dalla nascita in un\u2019umile famiglia di lavoratori delle montagne agordine, ha sempre contraddistinto Papa Luciani non ha impedito che fosse protagonista di un pontificato che, nonostante la brevit\u00e0, ha segnato un periodo importante nella vita della Chiesa. La sua beatificazione ci appare anche una eccezionale sottolineatura del ruolo che ha avuto la Chiesa veneta nella vita del \u2018900. Sono tre i patriarchi di Venezia, pastori delle Genti venete, eletti pontefici nel ventesimo secolo. Pio X e Giovanni XXIII sono gi\u00e0 stati proclamati Santi, anche Giovanni Paolo I potr\u00e0 salire presto alle glorie degli altari come beato\u201d.<\/p>\n","protected":false},"excerpt":{"rendered":"<p>CITTA&#8217; DEL VATICANO Papa Giovanni Paolo I sar\u00e0 beato. Papa Francesco ha infatti autorizzato la Congregazione per le Cause dei santi a promulgare il decreto riguardante il miracolo attribuito all&#8217;intercessione del Venerabile Servo di Dio Giovanni Paolo I (Albino Luciani), Pontefice; nato il 17 ottobre 1912 a Forno di Canale, (oggi Canale d&#8217;Agordo) e morto&hellip;<\/p>\n","protected":false},"author":4,"featured_media":229320,"comment_status":"closed","ping_status":"open","sticky":false,"template":"","format":"standard","meta":{"_monsterinsights_skip_tracking":false,"_monsterinsights_sitenote_active":false,"_monsterinsights_sitenote_note":"","_monsterinsights_sitenote_category":0,"footnotes":""},"categories":[51,49],"tags":[],"class_list":["post-236826","post","type-post","status-publish","format-standard","has-post-thumbnail","hentry","category-evidenza-top","category-news-18","category-51","category-49","description-off"],"img_url":"https:\/\/www.radiopiu.net\/wordpress\/wp-content\/uploads\/2021\/08\/papa-luciani-2.jpg","_links":{"self":[{"href":"https:\/\/www.radiopiu.net\/wordpress\/wp-json\/wp\/v2\/posts\/236826","targetHints":{"allow":["GET"]}}],"collection":[{"href":"https:\/\/www.radiopiu.net\/wordpress\/wp-json\/wp\/v2\/posts"}],"about":[{"href":"https:\/\/www.radiopiu.net\/wordpress\/wp-json\/wp\/v2\/types\/post"}],"author":[{"embeddable":true,"href":"https:\/\/www.radiopiu.net\/wordpress\/wp-json\/wp\/v2\/users\/4"}],"replies":[{"embeddable":true,"href":"https:\/\/www.radiopiu.net\/wordpress\/wp-json\/wp\/v2\/comments?post=236826"}],"version-history":[{"count":0,"href":"https:\/\/www.radiopiu.net\/wordpress\/wp-json\/wp\/v2\/posts\/236826\/revisions"}],"wp:featuredmedia":[{"embeddable":true,"href":"https:\/\/www.radiopiu.net\/wordpress\/wp-json\/wp\/v2\/media\/229320"}],"wp:attachment":[{"href":"https:\/\/www.radiopiu.net\/wordpress\/wp-json\/wp\/v2\/media?parent=236826"}],"wp:term":[{"taxonomy":"category","embeddable":true,"href":"https:\/\/www.radiopiu.net\/wordpress\/wp-json\/wp\/v2\/categories?post=236826"},{"taxonomy":"post_tag","embeddable":true,"href":"https:\/\/www.radiopiu.net\/wordpress\/wp-json\/wp\/v2\/tags?post=236826"}],"curies":[{"name":"wp","href":"https:\/\/api.w.org\/{rel}","templated":true}]}}