{"id":236915,"date":"2021-10-15T05:29:12","date_gmt":"2021-10-15T03:29:12","guid":{"rendered":"https:\/\/www.radiopiu.net\/wordpress\/?p=236915"},"modified":"2021-10-15T06:21:13","modified_gmt":"2021-10-15T04:21:13","slug":"giornale-radiopiu-15-ottobre-2021-direttore-mirko-mezzacasa","status":"publish","type":"post","link":"https:\/\/www.radiopiu.net\/wordpress\/giornale-radiopiu-15-ottobre-2021-direttore-mirko-mezzacasa\/","title":{"rendered":"GIORNALE RADIOPIU 15 OTTOBRE 2021 DIRETTORE MIRKO MEZZACASA"},"content":{"rendered":"<h3 class=\"kvgmc6g5 cxmmr5t8 oygrvhab hcukyx3x c1et5uql\"><span style=\"color: #0000ff;\">\u00a0<\/span><\/h3>\n<h3 class=\"kvgmc6g5 cxmmr5t8 oygrvhab hcukyx3x c1et5uql\"><span style=\"color: #0000ff;\">INFORMAZIONE il canale su TELEGRAM informazione di prima mano e in tempo reale. iscriviti ed aiutaci a farlo conoscere\u00a0 \u00a0<\/span><\/h3>\n<p>&nbsp;<\/p>\n<hr \/>\n<p>&nbsp;<\/p>\n<blockquote>\n<h2>UNA NOTTE STELLATA DALLA CROCE DEL FRAMONT<\/h2>\n<\/blockquote>\n<p><strong>AGORDO<\/strong> Manuel Conedera \u00e8 salito a Mont Alt di Framont, per gli agordini alla croce del Framont, da dove si domina la Conca Agordina. Ecco le foto, uno spettacolo&#8230;<\/p>\n<p>grazie a Manuel Conedera .<\/p>\n\n\t\t\t<style type='text\/css'>\n\t\t\t\t#gallery-1 {\n\t\t\t\t\tmargin: auto;\n\t\t\t\t}\n\t\t\t\t#gallery-1 .gallery-item {\n\t\t\t\t\tfloat: left;\n\t\t\t\t\tmargin-top: 10px;\n\t\t\t\t\ttext-align: center;\n\t\t\t\t\twidth: 20%;\n\t\t\t\t}\n\t\t\t\t#gallery-1 img {\n\t\t\t\t\tborder: 2px solid #cfcfcf;\n\t\t\t\t}\n\t\t\t\t#gallery-1 .gallery-caption {\n\t\t\t\t\tmargin-left: 0;\n\t\t\t\t}\n\t\t\t\t\/* see gallery_shortcode() in wp-includes\/media.php *\/\n\t\t\t<\/style>\n\t\t<div id='gallery-1' class='dt-gallery-container gallery galleryid-236915 gallery-columns-5 gallery-size-large'><dl class='gallery-item'>\n\t\t\t\t<dt class='gallery-icon landscape'>\n\t\t\t\t\t<a class=\"rollover rollover-zoom dt-pswp-item\" title=\"1f0356b3-ded4-4f9f-a7f6-e21452f36313\" data-dt-img-description=\"\" data-large_image_width=\"1600\" data-large_image_height=\"1068\"href='https:\/\/www.radiopiu.net\/wordpress\/wp-content\/uploads\/2021\/10\/1f0356b3-ded4-4f9f-a7f6-e21452f36313.jpg'><img loading=\"lazy\" decoding=\"async\" width=\"1024\" height=\"684\" src=\"https:\/\/www.radiopiu.net\/wordpress\/wp-content\/uploads\/2021\/10\/1f0356b3-ded4-4f9f-a7f6-e21452f36313-1024x684.jpg\" class=\"attachment-large size-large\" alt=\"\" srcset=\"https:\/\/www.radiopiu.net\/wordpress\/wp-content\/uploads\/2021\/10\/1f0356b3-ded4-4f9f-a7f6-e21452f36313-1024x684.jpg 1024w, https:\/\/www.radiopiu.net\/wordpress\/wp-content\/uploads\/2021\/10\/1f0356b3-ded4-4f9f-a7f6-e21452f36313-300x200.jpg 300w, https:\/\/www.radiopiu.net\/wordpress\/wp-content\/uploads\/2021\/10\/1f0356b3-ded4-4f9f-a7f6-e21452f36313-768x513.jpg 768w, https:\/\/www.radiopiu.net\/wordpress\/wp-content\/uploads\/2021\/10\/1f0356b3-ded4-4f9f-a7f6-e21452f36313-1536x1025.jpg 1536w, https:\/\/www.radiopiu.net\/wordpress\/wp-content\/uploads\/2021\/10\/1f0356b3-ded4-4f9f-a7f6-e21452f36313.jpg 1600w\" sizes=\"auto, (max-width: 1024px) 100vw, 1024px\" \/><\/a>\n\t\t\t\t<\/dt><\/dl><dl class='gallery-item'>\n\t\t\t\t<dt class='gallery-icon landscape'>\n\t\t\t\t\t<a class=\"rollover rollover-zoom dt-pswp-item\" title=\"e9ecfae9-f68b-4440-a4a3-c94a6a23dbbe\" data-dt-img-description=\"\" data-large_image_width=\"1600\" data-large_image_height=\"1068\"href='https:\/\/www.radiopiu.net\/wordpress\/wp-content\/uploads\/2021\/10\/e9ecfae9-f68b-4440-a4a3-c94a6a23dbbe.jpg'><img loading=\"lazy\" decoding=\"async\" width=\"1024\" height=\"684\" src=\"https:\/\/www.radiopiu.net\/wordpress\/wp-content\/uploads\/2021\/10\/e9ecfae9-f68b-4440-a4a3-c94a6a23dbbe-1024x684.jpg\" class=\"attachment-large size-large\" alt=\"\" srcset=\"https:\/\/www.radiopiu.net\/wordpress\/wp-content\/uploads\/2021\/10\/e9ecfae9-f68b-4440-a4a3-c94a6a23dbbe-1024x684.jpg 1024w, https:\/\/www.radiopiu.net\/wordpress\/wp-content\/uploads\/2021\/10\/e9ecfae9-f68b-4440-a4a3-c94a6a23dbbe-300x200.jpg 300w, https:\/\/www.radiopiu.net\/wordpress\/wp-content\/uploads\/2021\/10\/e9ecfae9-f68b-4440-a4a3-c94a6a23dbbe-768x513.jpg 768w, https:\/\/www.radiopiu.net\/wordpress\/wp-content\/uploads\/2021\/10\/e9ecfae9-f68b-4440-a4a3-c94a6a23dbbe-1536x1025.jpg 1536w, https:\/\/www.radiopiu.net\/wordpress\/wp-content\/uploads\/2021\/10\/e9ecfae9-f68b-4440-a4a3-c94a6a23dbbe.jpg 1600w\" sizes=\"auto, (max-width: 1024px) 100vw, 1024px\" \/><\/a>\n\t\t\t\t<\/dt><\/dl><dl class='gallery-item'>\n\t\t\t\t<dt class='gallery-icon landscape'>\n\t\t\t\t\t<a class=\"rollover rollover-zoom dt-pswp-item\" title=\"cbc24ef6-3992-4f6d-82d2-3d9dee2ee3d1\" data-dt-img-description=\"\" data-large_image_width=\"1600\" data-large_image_height=\"1068\"href='https:\/\/www.radiopiu.net\/wordpress\/wp-content\/uploads\/2021\/10\/cbc24ef6-3992-4f6d-82d2-3d9dee2ee3d1.jpg'><img loading=\"lazy\" decoding=\"async\" width=\"1024\" height=\"684\" src=\"https:\/\/www.radiopiu.net\/wordpress\/wp-content\/uploads\/2021\/10\/cbc24ef6-3992-4f6d-82d2-3d9dee2ee3d1-1024x684.jpg\" class=\"attachment-large size-large\" alt=\"\" srcset=\"https:\/\/www.radiopiu.net\/wordpress\/wp-content\/uploads\/2021\/10\/cbc24ef6-3992-4f6d-82d2-3d9dee2ee3d1-1024x684.jpg 1024w, https:\/\/www.radiopiu.net\/wordpress\/wp-content\/uploads\/2021\/10\/cbc24ef6-3992-4f6d-82d2-3d9dee2ee3d1-300x200.jpg 300w, https:\/\/www.radiopiu.net\/wordpress\/wp-content\/uploads\/2021\/10\/cbc24ef6-3992-4f6d-82d2-3d9dee2ee3d1-768x513.jpg 768w, https:\/\/www.radiopiu.net\/wordpress\/wp-content\/uploads\/2021\/10\/cbc24ef6-3992-4f6d-82d2-3d9dee2ee3d1-1536x1025.jpg 1536w, https:\/\/www.radiopiu.net\/wordpress\/wp-content\/uploads\/2021\/10\/cbc24ef6-3992-4f6d-82d2-3d9dee2ee3d1.jpg 1600w\" sizes=\"auto, (max-width: 1024px) 100vw, 1024px\" \/><\/a>\n\t\t\t\t<\/dt><\/dl><dl class='gallery-item'>\n\t\t\t\t<dt class='gallery-icon landscape'>\n\t\t\t\t\t<a class=\"rollover rollover-zoom dt-pswp-item\" title=\"5cc61979-94e0-4134-be36-af7078962929\" data-dt-img-description=\"\" data-large_image_width=\"1600\" data-large_image_height=\"1068\"href='https:\/\/www.radiopiu.net\/wordpress\/wp-content\/uploads\/2021\/10\/5cc61979-94e0-4134-be36-af7078962929.jpg'><img loading=\"lazy\" decoding=\"async\" width=\"1024\" height=\"684\" src=\"https:\/\/www.radiopiu.net\/wordpress\/wp-content\/uploads\/2021\/10\/5cc61979-94e0-4134-be36-af7078962929-1024x684.jpg\" class=\"attachment-large size-large\" alt=\"\" srcset=\"https:\/\/www.radiopiu.net\/wordpress\/wp-content\/uploads\/2021\/10\/5cc61979-94e0-4134-be36-af7078962929-1024x684.jpg 1024w, https:\/\/www.radiopiu.net\/wordpress\/wp-content\/uploads\/2021\/10\/5cc61979-94e0-4134-be36-af7078962929-300x200.jpg 300w, https:\/\/www.radiopiu.net\/wordpress\/wp-content\/uploads\/2021\/10\/5cc61979-94e0-4134-be36-af7078962929-768x513.jpg 768w, https:\/\/www.radiopiu.net\/wordpress\/wp-content\/uploads\/2021\/10\/5cc61979-94e0-4134-be36-af7078962929-1536x1025.jpg 1536w, https:\/\/www.radiopiu.net\/wordpress\/wp-content\/uploads\/2021\/10\/5cc61979-94e0-4134-be36-af7078962929.jpg 1600w\" sizes=\"auto, (max-width: 1024px) 100vw, 1024px\" \/><\/a>\n\t\t\t\t<\/dt><\/dl><dl class='gallery-item'>\n\t\t\t\t<dt class='gallery-icon landscape'>\n\t\t\t\t\t<a class=\"rollover rollover-zoom dt-pswp-item\" title=\"4597e6ae-2456-468b-9bd8-25d55d0f3c3b\" data-dt-img-description=\"\" data-large_image_width=\"1600\" data-large_image_height=\"1068\"href='https:\/\/www.radiopiu.net\/wordpress\/wp-content\/uploads\/2021\/10\/4597e6ae-2456-468b-9bd8-25d55d0f3c3b.jpg'><img loading=\"lazy\" decoding=\"async\" width=\"1024\" height=\"684\" src=\"https:\/\/www.radiopiu.net\/wordpress\/wp-content\/uploads\/2021\/10\/4597e6ae-2456-468b-9bd8-25d55d0f3c3b-1024x684.jpg\" class=\"attachment-large size-large\" alt=\"\" srcset=\"https:\/\/www.radiopiu.net\/wordpress\/wp-content\/uploads\/2021\/10\/4597e6ae-2456-468b-9bd8-25d55d0f3c3b-1024x684.jpg 1024w, https:\/\/www.radiopiu.net\/wordpress\/wp-content\/uploads\/2021\/10\/4597e6ae-2456-468b-9bd8-25d55d0f3c3b-300x200.jpg 300w, https:\/\/www.radiopiu.net\/wordpress\/wp-content\/uploads\/2021\/10\/4597e6ae-2456-468b-9bd8-25d55d0f3c3b-768x513.jpg 768w, https:\/\/www.radiopiu.net\/wordpress\/wp-content\/uploads\/2021\/10\/4597e6ae-2456-468b-9bd8-25d55d0f3c3b-1536x1025.jpg 1536w, https:\/\/www.radiopiu.net\/wordpress\/wp-content\/uploads\/2021\/10\/4597e6ae-2456-468b-9bd8-25d55d0f3c3b.jpg 1600w\" sizes=\"auto, (max-width: 1024px) 100vw, 1024px\" \/><\/a>\n\t\t\t\t<\/dt><\/dl><br style=\"clear: both\" \/><dl class='gallery-item'>\n\t\t\t\t<dt class='gallery-icon landscape'>\n\t\t\t\t\t<a class=\"rollover rollover-zoom dt-pswp-item\" title=\"abecba00-1be7-4195-9e49-4aae435031bc\" data-dt-img-description=\"\" data-large_image_width=\"1600\" data-large_image_height=\"958\"href='https:\/\/www.radiopiu.net\/wordpress\/wp-content\/uploads\/2021\/10\/abecba00-1be7-4195-9e49-4aae435031bc.jpg'><img loading=\"lazy\" decoding=\"async\" width=\"1024\" height=\"613\" src=\"https:\/\/www.radiopiu.net\/wordpress\/wp-content\/uploads\/2021\/10\/abecba00-1be7-4195-9e49-4aae435031bc-1024x613.jpg\" class=\"attachment-large size-large\" alt=\"\" srcset=\"https:\/\/www.radiopiu.net\/wordpress\/wp-content\/uploads\/2021\/10\/abecba00-1be7-4195-9e49-4aae435031bc-1024x613.jpg 1024w, https:\/\/www.radiopiu.net\/wordpress\/wp-content\/uploads\/2021\/10\/abecba00-1be7-4195-9e49-4aae435031bc-300x180.jpg 300w, https:\/\/www.radiopiu.net\/wordpress\/wp-content\/uploads\/2021\/10\/abecba00-1be7-4195-9e49-4aae435031bc-768x460.jpg 768w, https:\/\/www.radiopiu.net\/wordpress\/wp-content\/uploads\/2021\/10\/abecba00-1be7-4195-9e49-4aae435031bc-1536x920.jpg 1536w, https:\/\/www.radiopiu.net\/wordpress\/wp-content\/uploads\/2021\/10\/abecba00-1be7-4195-9e49-4aae435031bc.jpg 1600w\" sizes=\"auto, (max-width: 1024px) 100vw, 1024px\" \/><\/a>\n\t\t\t\t<\/dt><\/dl><dl class='gallery-item'>\n\t\t\t\t<dt class='gallery-icon landscape'>\n\t\t\t\t\t<a class=\"rollover rollover-zoom dt-pswp-item\" title=\"2be0887f-f0e3-47c1-95cd-c3a05c44f6de\" data-dt-img-description=\"\" data-large_image_width=\"1600\" data-large_image_height=\"1068\"href='https:\/\/www.radiopiu.net\/wordpress\/wp-content\/uploads\/2021\/10\/2be0887f-f0e3-47c1-95cd-c3a05c44f6de.jpg'><img loading=\"lazy\" decoding=\"async\" width=\"1024\" height=\"684\" src=\"https:\/\/www.radiopiu.net\/wordpress\/wp-content\/uploads\/2021\/10\/2be0887f-f0e3-47c1-95cd-c3a05c44f6de-1024x684.jpg\" class=\"attachment-large size-large\" alt=\"\" srcset=\"https:\/\/www.radiopiu.net\/wordpress\/wp-content\/uploads\/2021\/10\/2be0887f-f0e3-47c1-95cd-c3a05c44f6de-1024x684.jpg 1024w, https:\/\/www.radiopiu.net\/wordpress\/wp-content\/uploads\/2021\/10\/2be0887f-f0e3-47c1-95cd-c3a05c44f6de-300x200.jpg 300w, https:\/\/www.radiopiu.net\/wordpress\/wp-content\/uploads\/2021\/10\/2be0887f-f0e3-47c1-95cd-c3a05c44f6de-768x513.jpg 768w, https:\/\/www.radiopiu.net\/wordpress\/wp-content\/uploads\/2021\/10\/2be0887f-f0e3-47c1-95cd-c3a05c44f6de-1536x1025.jpg 1536w, https:\/\/www.radiopiu.net\/wordpress\/wp-content\/uploads\/2021\/10\/2be0887f-f0e3-47c1-95cd-c3a05c44f6de.jpg 1600w\" sizes=\"auto, (max-width: 1024px) 100vw, 1024px\" \/><\/a>\n\t\t\t\t<\/dt><\/dl><dl class='gallery-item'>\n\t\t\t\t<dt class='gallery-icon landscape'>\n\t\t\t\t\t<a class=\"rollover rollover-zoom dt-pswp-item\" title=\"3257cb72-67ba-41cd-85b1-82718998a59e\" data-dt-img-description=\"\" data-large_image_width=\"1600\" data-large_image_height=\"1068\"href='https:\/\/www.radiopiu.net\/wordpress\/wp-content\/uploads\/2021\/10\/3257cb72-67ba-41cd-85b1-82718998a59e.jpg'><img loading=\"lazy\" decoding=\"async\" width=\"1024\" height=\"684\" src=\"https:\/\/www.radiopiu.net\/wordpress\/wp-content\/uploads\/2021\/10\/3257cb72-67ba-41cd-85b1-82718998a59e-1024x684.jpg\" class=\"attachment-large size-large\" alt=\"\" srcset=\"https:\/\/www.radiopiu.net\/wordpress\/wp-content\/uploads\/2021\/10\/3257cb72-67ba-41cd-85b1-82718998a59e-1024x684.jpg 1024w, https:\/\/www.radiopiu.net\/wordpress\/wp-content\/uploads\/2021\/10\/3257cb72-67ba-41cd-85b1-82718998a59e-300x200.jpg 300w, https:\/\/www.radiopiu.net\/wordpress\/wp-content\/uploads\/2021\/10\/3257cb72-67ba-41cd-85b1-82718998a59e-768x513.jpg 768w, https:\/\/www.radiopiu.net\/wordpress\/wp-content\/uploads\/2021\/10\/3257cb72-67ba-41cd-85b1-82718998a59e-1536x1025.jpg 1536w, https:\/\/www.radiopiu.net\/wordpress\/wp-content\/uploads\/2021\/10\/3257cb72-67ba-41cd-85b1-82718998a59e.jpg 1600w\" sizes=\"auto, (max-width: 1024px) 100vw, 1024px\" \/><\/a>\n\t\t\t\t<\/dt><\/dl><dl class='gallery-item'>\n\t\t\t\t<dt class='gallery-icon landscape'>\n\t\t\t\t\t<a class=\"rollover rollover-zoom dt-pswp-item\" title=\"88663119-65af-4c44-a0ee-1dada2276bb7\" data-dt-img-description=\"\" data-large_image_width=\"1600\" data-large_image_height=\"1068\"href='https:\/\/www.radiopiu.net\/wordpress\/wp-content\/uploads\/2021\/10\/88663119-65af-4c44-a0ee-1dada2276bb7.jpg'><img loading=\"lazy\" decoding=\"async\" width=\"1024\" height=\"684\" src=\"https:\/\/www.radiopiu.net\/wordpress\/wp-content\/uploads\/2021\/10\/88663119-65af-4c44-a0ee-1dada2276bb7-1024x684.jpg\" class=\"attachment-large size-large\" alt=\"\" srcset=\"https:\/\/www.radiopiu.net\/wordpress\/wp-content\/uploads\/2021\/10\/88663119-65af-4c44-a0ee-1dada2276bb7-1024x684.jpg 1024w, https:\/\/www.radiopiu.net\/wordpress\/wp-content\/uploads\/2021\/10\/88663119-65af-4c44-a0ee-1dada2276bb7-300x200.jpg 300w, https:\/\/www.radiopiu.net\/wordpress\/wp-content\/uploads\/2021\/10\/88663119-65af-4c44-a0ee-1dada2276bb7-768x513.jpg 768w, https:\/\/www.radiopiu.net\/wordpress\/wp-content\/uploads\/2021\/10\/88663119-65af-4c44-a0ee-1dada2276bb7-1536x1025.jpg 1536w, https:\/\/www.radiopiu.net\/wordpress\/wp-content\/uploads\/2021\/10\/88663119-65af-4c44-a0ee-1dada2276bb7.jpg 1600w\" sizes=\"auto, (max-width: 1024px) 100vw, 1024px\" \/><\/a>\n\t\t\t\t<\/dt><\/dl><dl class='gallery-item'>\n\t\t\t\t<dt class='gallery-icon landscape'>\n\t\t\t\t\t<a class=\"rollover rollover-zoom dt-pswp-item\" title=\"91877308-689b-4e57-9ad3-878736f5e5c1\" data-dt-img-description=\"\" data-large_image_width=\"1600\" data-large_image_height=\"1068\"href='https:\/\/www.radiopiu.net\/wordpress\/wp-content\/uploads\/2021\/10\/91877308-689b-4e57-9ad3-878736f5e5c1.jpg'><img loading=\"lazy\" decoding=\"async\" width=\"1024\" height=\"684\" src=\"https:\/\/www.radiopiu.net\/wordpress\/wp-content\/uploads\/2021\/10\/91877308-689b-4e57-9ad3-878736f5e5c1-1024x684.jpg\" class=\"attachment-large size-large\" alt=\"\" srcset=\"https:\/\/www.radiopiu.net\/wordpress\/wp-content\/uploads\/2021\/10\/91877308-689b-4e57-9ad3-878736f5e5c1-1024x684.jpg 1024w, https:\/\/www.radiopiu.net\/wordpress\/wp-content\/uploads\/2021\/10\/91877308-689b-4e57-9ad3-878736f5e5c1-300x200.jpg 300w, https:\/\/www.radiopiu.net\/wordpress\/wp-content\/uploads\/2021\/10\/91877308-689b-4e57-9ad3-878736f5e5c1-768x513.jpg 768w, https:\/\/www.radiopiu.net\/wordpress\/wp-content\/uploads\/2021\/10\/91877308-689b-4e57-9ad3-878736f5e5c1-1536x1025.jpg 1536w, https:\/\/www.radiopiu.net\/wordpress\/wp-content\/uploads\/2021\/10\/91877308-689b-4e57-9ad3-878736f5e5c1.jpg 1600w\" sizes=\"auto, (max-width: 1024px) 100vw, 1024px\" \/><\/a>\n\t\t\t\t<\/dt><\/dl><br style=\"clear: both\" \/>\n\t\t\t<\/div>\n\n<p>&nbsp;<\/p>\n<p>&nbsp;<\/p>\n<hr \/>\n<p>&nbsp;<\/p>\n<div class=\"q9uorilb\"><img loading=\"lazy\" decoding=\"async\" class=\"alignleft\" src=\"https:\/\/www.radiopiu.net\/wordpress\/wp-content\/uploads\/2018\/08\/ACQUA.jpeg\" width=\"198\" height=\"119\" \/>Gestione Servizi Pubblici informa che a TAIBON AGORDINO nelle localit\u00e0 RONCH DE BOS e NOGAROLA l&#8217;acqua erogata dall&#8217;acquedotto non \u00e8 potabile e pu\u00f2 essere usata per scopi alimentari SOLO PREVIA bollitura.<\/div>\n<div class=\"ecm0bbzt e5nlhep0 a8c37x1j\">\n<div class=\"kvgmc6g5 cxmmr5t8 oygrvhab hcukyx3x c1et5uql\">\n<blockquote>\n<h3 dir=\"auto\"><em><strong>FALCADE<\/strong> Gestione Servizi Pubblici informa che, per lavori alla rete idrica comunale,lunedi dalle 13 fino al termine dei lavori verr\u00e0 sospesa l\u2019erogazione dell\u2019acqua\u00a0 in localit\u00e0 Sappade.\u00a0<\/em><\/h3>\n<\/blockquote>\n<\/div>\n<\/div>\n<p>&nbsp;<\/p>\n<hr \/>\n<h2 style=\"text-align: center;\"><\/h2>\n<h2 style=\"text-align: center;\">203 AGORDINA\u00a0 \u00a0CHIUSURA A FASCE ORARIE<\/h2>\n<blockquote>\n<blockquote><p><strong><img loading=\"lazy\" decoding=\"async\" class=\"alignleft\" src=\"https:\/\/www.radiopiu.net\/wordpress\/wp-content\/uploads\/2020\/05\/VENETO-STRADE-300x300.png\" width=\"121\" height=\"121\" \/><\/strong><\/p><\/blockquote>\n<\/blockquote>\n<blockquote><p><strong>AGORDO<\/strong> Fino a venerdi 22 ottobre in localit\u00e0 La Stanga (Agordo- Belluno)\u00a0 esclusi sabato 16 e domenica 17,\u00a0 interruzioni temporanee al transito sulla 203 Agordina per lavori: <strong>dalle 8.45 alle 9.35\u00a0 dalle 9.50 alle 11.15 dalle 11.30 alle 12.30 dalle 14.50 alle 15.10 dalle 15.30 alle 16.05<\/strong><\/p><\/blockquote>\n<p>&nbsp;<\/p>\n<p><span style=\"color: #ff0000;\"><strong>SP 347 DURAN E CEREDA<\/strong><\/span> dal 18 ottobre al 12 novembre chiusura totale in localit\u00e0 Caleda &#8211; comune di La Valle Agordina &#8211; dalle 8 alle 12 e dalle 13.30 alle 17.30<\/p>\n<h3>Chiusura a fasce orarie della <span style=\"color: #ff0000;\">provinciale 3 di Valle Imperina<\/span> in Comune di Gosaldo per la messa in sicurezza della strada al chilometro 9.900, esclusi sabato e domenica. Negli altri orari senso unico alternato CHIUSURE: 8 &#8211; 12.45 &#8211; 13.45-16.00 &#8211; 16.30-1800<\/h3>\n<p><span style=\"color: #ff0000;\">IERI ALLA RADIO\u00a0<\/span><\/p>\n<p><strong>DISINFORMAZIONE E DISAGI, INTANTO L&#8217;UTENTE MACINA CHILOMETRI PER NULLA<\/strong><\/p>\n<p><strong>GOSALDO\u00a0<\/strong> E&#8217; incredibile come possa accadere, ma succede e questo fa arrabbiare. Da giorni la notizia della chiusura a fasce orarie della provinciale 3 al chilometro 9.900, nei pressi di Gosaldo, peccato che\u00a0 arrivando sul posto ieri non ci fosse alcun cantiere, nessun operaio. I cartelli e le informazioni date a tutti i mezzi di informazioni non erano veritiere, il disagio \u00e8 stato evidente e intanto c&#8217;era chi faceva il giro dell&#8217;oca (Rivamonte-Voltago-Frassen\u00e8-Gosaldo). Ma \u00e8 possibile? Sui social si pubblicano foto e qualsiasi notizia, \u00e8 cos\u00ec difficile informare correttamente? Soprattutto in giorni in cui chiude la 203 agordina e sta per chiudere pure la 347 del Duran e Cereda&#8230; ammesso che l&#8217;informazione sia corretta.<\/p>\n<p>&nbsp;<\/p>\n<hr \/>\n<p><strong>\u00a0\u00a0<\/strong><\/p>\n<p>&nbsp;<\/p>\n<p><strong><a href=\"https:\/\/www.radiopiu.net\/wordpress\/rieccoli-prendono-in-prestito-la-bicicletta-per-poi-abbandonarla\/245408208_391375349132234_6697304113549908710_n\/\" rel=\"attachment wp-att-236997\"><img loading=\"lazy\" decoding=\"async\" class=\"wp-image-236997 alignleft\" src=\"https:\/\/www.radiopiu.net\/wordpress\/wp-content\/uploads\/2021\/10\/245408208_391375349132234_6697304113549908710_n-300x225.jpg\" alt=\"\" width=\"145\" height=\"109\" srcset=\"https:\/\/www.radiopiu.net\/wordpress\/wp-content\/uploads\/2021\/10\/245408208_391375349132234_6697304113549908710_n-300x225.jpg 300w, https:\/\/www.radiopiu.net\/wordpress\/wp-content\/uploads\/2021\/10\/245408208_391375349132234_6697304113549908710_n-768x576.jpg 768w, https:\/\/www.radiopiu.net\/wordpress\/wp-content\/uploads\/2021\/10\/245408208_391375349132234_6697304113549908710_n.jpg 960w\" sizes=\"auto, (max-width: 145px) 100vw, 145px\" \/><\/a>RIECCOLI: PRENDONO IN &#8220;PRESTITO&#8221; LA BICICLETTA PER POI ABBANDONARLA\u00a0<\/strong><\/p>\n<p><strong>TAIBON<\/strong> Ci sar\u00e0 sicuramente qualcuno che la sta cercando, questa bicicletta \u00e8 abbandonata almeno da quattro giorni in Via Col di Lana (strada di campagna, Taibon-Brugnach). I soliti l&#8217;hanno presa in &#8220;prestito&#8221;, si sono spostati e poi l&#8217;hanno abbandonata come da fotografia. Meglio del solito, quando finiva in fondo al Cordevole, piuttosto che al Biois o nella campagna di Agordo. Non sembrerebbe nemmeno difficile risalire agli autori del furto, perch\u00e9 di furto si tratta, purch\u00e8 i tanto sbandierati impianti di video sorveglianza qualcuno li usi.<\/p>\n<p>&nbsp;<\/p>\n<p>&nbsp;<\/p>\n<hr \/>\n<p>&nbsp;<\/p>\n<p><strong>LUTTO A LAMON\u00a0<\/strong><\/p>\n<p><a href=\"https:\/\/www.radiopiu.net\/wordpress\/giornale-radiopiu-15-ottobre-2021-direttore-mirko-mezzacasa\/16c4606d-23c8-4acc-a7be-764c17bcd83d\/\" rel=\"attachment wp-att-237116\"><img loading=\"lazy\" decoding=\"async\" class=\"wp-image-237116 alignleft\" src=\"https:\/\/www.radiopiu.net\/wordpress\/wp-content\/uploads\/2021\/10\/16c4606d-23c8-4acc-a7be-764c17bcd83d-300x169.jpg\" alt=\"\" width=\"144\" height=\"81\" srcset=\"https:\/\/www.radiopiu.net\/wordpress\/wp-content\/uploads\/2021\/10\/16c4606d-23c8-4acc-a7be-764c17bcd83d-300x169.jpg 300w, https:\/\/www.radiopiu.net\/wordpress\/wp-content\/uploads\/2021\/10\/16c4606d-23c8-4acc-a7be-764c17bcd83d-1024x576.jpg 1024w, https:\/\/www.radiopiu.net\/wordpress\/wp-content\/uploads\/2021\/10\/16c4606d-23c8-4acc-a7be-764c17bcd83d-768x432.jpg 768w, https:\/\/www.radiopiu.net\/wordpress\/wp-content\/uploads\/2021\/10\/16c4606d-23c8-4acc-a7be-764c17bcd83d-1536x864.jpg 1536w, https:\/\/www.radiopiu.net\/wordpress\/wp-content\/uploads\/2021\/10\/16c4606d-23c8-4acc-a7be-764c17bcd83d.jpg 1920w\" sizes=\"auto, (max-width: 144px) 100vw, 144px\" \/><\/a>Si svolgono oggi alle 15 i funerali di Enzo Battiston,\u00a0 commercialista ed ex amministratore\u00a0 impegnato anche nelle attivit\u00e0 di volontariato. Se n&#8217;\u00e8 andato all&#8217;et\u00e0 di 93 anni<\/p>\n<p>&nbsp;<\/p>\n<p>&nbsp;<\/p>\n<p>&nbsp;<\/p>\n<p>&nbsp;<\/p>\n<hr \/>\n<blockquote>\n<h3><\/h3>\n<h3>GREEN PASS, IL TRASPORTO PUBBLICO LOCALE RIDUCE IL SERVIZIO<\/h3>\n<\/blockquote>\n<p><strong><a href=\"https:\/\/www.radiopiu.net\/wordpress\/cade-con-la-mountain-bike-e-si-ferisce-al-collo\/f662441c-c6a1-40df-8978-3ff5202173f9\/\" rel=\"attachment wp-att-145519\"><img loading=\"lazy\" decoding=\"async\" class=\" wp-image-145519 alignleft\" src=\"https:\/\/www.radiopiu.net\/wordpress\/wp-content\/uploads\/2020\/06\/f662441c-c6a1-40df-8978-3ff5202173f9-300x225.jpg\" alt=\"\" width=\"241\" height=\"181\" srcset=\"https:\/\/www.radiopiu.net\/wordpress\/wp-content\/uploads\/2020\/06\/f662441c-c6a1-40df-8978-3ff5202173f9-300x225.jpg 300w, https:\/\/www.radiopiu.net\/wordpress\/wp-content\/uploads\/2020\/06\/f662441c-c6a1-40df-8978-3ff5202173f9-1024x768.jpg 1024w, https:\/\/www.radiopiu.net\/wordpress\/wp-content\/uploads\/2020\/06\/f662441c-c6a1-40df-8978-3ff5202173f9-768x576.jpg 768w, https:\/\/www.radiopiu.net\/wordpress\/wp-content\/uploads\/2020\/06\/f662441c-c6a1-40df-8978-3ff5202173f9.jpg 1280w\" sizes=\"auto, (max-width: 241px) 100vw, 241px\" \/><\/a>BELLUNO<\/strong> Scatta oggi l\u2019obbligo del Green pass e il trasporto pubblico locale dovr\u00e0 osservare alcune riduzioni di corse,\u00a0 il servizio extraurbano e il servizio urbano del Comune di Belluno dovranno subire delle riduzioni. Sul sito www.dolomitibus.it, giorno per giorno, sar\u00e0 pubblicato il dettaglio delle corse soppresse.<\/p>\n<blockquote><p><em>\u00abNon si possono escludere disagi all\u2019utenza, ma Provincia e Dolomitibus sono al lavoro per assicurare le corse negli orari di punta e ridurre cos\u00ec al minimo i possibili disservizi &#8211; commenta il consigliere provinciale delegato ai trasporti, Dario Scopel -. Ci auguriamo che la situazione possa rientrare nel pi\u00f9 breve tempo possibile. Nel frattempo, si invitano gli utenti a consultare preventivamente i canali informativi di Dolomitibus, cos\u00ec da essere sempre informati sulle possibili modifiche delle corse, giorno per giorno\u00bb.<\/em><\/p><\/blockquote>\n<p>&nbsp;<\/p>\n<hr \/>\n<blockquote>\n<h3><\/h3>\n<h3>TRASPORTI: DA OGGI SARANNO SOSPESE ALCUNE TRATTE PER I LAVORATORI LUXOTTICA DI AGORDO<\/h3>\n<\/blockquote>\n<p><strong><a href=\"https:\/\/www.radiopiu.net\/wordpress\/giornale-radiopiu-01-agosto-2020-direttore-mirko-mezzacasa\/814ace46-a8a2-4c2d-a100-4d87aa509ef3\/\" rel=\"attachment wp-att-152483\"><img loading=\"lazy\" decoding=\"async\" class=\" wp-image-152483 alignleft\" src=\"https:\/\/www.radiopiu.net\/wordpress\/wp-content\/uploads\/2020\/07\/814ace46-a8a2-4c2d-a100-4d87aa509ef3-300x225.jpg\" alt=\"\" width=\"143\" height=\"107\" srcset=\"https:\/\/www.radiopiu.net\/wordpress\/wp-content\/uploads\/2020\/07\/814ace46-a8a2-4c2d-a100-4d87aa509ef3-300x225.jpg 300w, https:\/\/www.radiopiu.net\/wordpress\/wp-content\/uploads\/2020\/07\/814ace46-a8a2-4c2d-a100-4d87aa509ef3-1024x768.jpg 1024w, https:\/\/www.radiopiu.net\/wordpress\/wp-content\/uploads\/2020\/07\/814ace46-a8a2-4c2d-a100-4d87aa509ef3-768x576.jpg 768w, https:\/\/www.radiopiu.net\/wordpress\/wp-content\/uploads\/2020\/07\/814ace46-a8a2-4c2d-a100-4d87aa509ef3-1536x1152.jpg 1536w, https:\/\/www.radiopiu.net\/wordpress\/wp-content\/uploads\/2020\/07\/814ace46-a8a2-4c2d-a100-4d87aa509ef3.jpg 1560w\" sizes=\"auto, (max-width: 143px) 100vw, 143px\" \/><\/a>AGORDO<\/strong> La commissione trasporti della RSU Luxottica di Agordo comunica che da oggi alcune tratte saranno sospese. Dolomiti Bus e Trentino Trasporti comunicano che saranno sospesi i collegamenti per Agordo sulla tratta da Primiero per i lavoratori a giornata 8- 17 e turni. Sempre da oggi Dolomiti Bus sospende il servizio navetta per i turnisti delle 14 diretto in Luxottica Agordo e non verr\u00e0 pi\u00f9 garantita la corsa Trichiana-Bribano per i lavoratori a giornata.<\/p>\n<p>&nbsp;<\/p>\n<p>&nbsp;<\/p>\n<hr \/>\n<p>&nbsp;<\/p>\n<p>&nbsp;<\/p>\n<p>&nbsp;<\/p>\n<blockquote>\n<h2>NELLE DUE PAGINE L&#8217;ELENCO DELLE CORSE SOPPRESSE. 98 CORSE IN MENO<\/h2>\n<\/blockquote>\n<p>&nbsp;<\/p>\n<p><strong>LUXOTTICA, OGGI:\u00a0 INTERROTTE TUTTE LE CORSE AGORDO-PRIMIERO, LA NAVETTA PRAGRANDE E TAMONIC TURNO 14-22 LA CORSA TRICHIAMA BRIBANO PER ORARIO GIORNALIERO 8-17, CONFERMTE LE TRATTE FELTRE-SEDICO, FELTRE-AGORDO, BELLUNO-AGORDO, FALCADE-AGORDO. IN ATTESA DI AGGIORNAMENTI PER SABATO (FLESSIBILITA\u2019)\u00a0<\/strong><\/p>\n<p>&nbsp;<\/p>\n<a href=\"https:\/\/www.radiopiu.net\/wordpress\/wp-content\/uploads\/2021\/10\/elenco-corse-soppresse-15-10-21-1-1.pdf\" class=\"pdfemb-viewer\" style=\"\" data-width=\"max\" data-height=\"max\" data-toolbar=\"top\" data-toolbar-fixed=\"on\">elenco corse soppresse 15-10-21-1<\/a>\n<p>&nbsp;<\/p>\n<p>&nbsp;<\/p>\n<p>&nbsp;<\/p>\n<hr \/>\n<p>&nbsp;<\/p>\n<blockquote>\n<h3>AL VIA LA PRENOTAZIONE DEL CARRELLO DELLA SPESA PER I DIPENDENTI LUXOTTICA<\/h3>\n<\/blockquote>\n<p><strong><a href=\"https:\/\/www.radiopiu.net\/wordpress\/luxottica-agordo-il-calendario-ferie-di-natale\/maglia-luxottica\/\" rel=\"attachment wp-att-103580\"><img loading=\"lazy\" decoding=\"async\" class=\" wp-image-103580 alignleft\" src=\"https:\/\/www.radiopiu.net\/wordpress\/wp-content\/uploads\/2019\/10\/MAGLIA-LUXOTTICA-300x300.jpeg\" alt=\"\" width=\"142\" height=\"142\" srcset=\"https:\/\/www.radiopiu.net\/wordpress\/wp-content\/uploads\/2019\/10\/MAGLIA-LUXOTTICA-300x300.jpeg 300w, https:\/\/www.radiopiu.net\/wordpress\/wp-content\/uploads\/2019\/10\/MAGLIA-LUXOTTICA-150x150.jpeg 150w, https:\/\/www.radiopiu.net\/wordpress\/wp-content\/uploads\/2019\/10\/MAGLIA-LUXOTTICA-768x768.jpeg 768w, https:\/\/www.radiopiu.net\/wordpress\/wp-content\/uploads\/2019\/10\/MAGLIA-LUXOTTICA.jpeg 1024w\" sizes=\"auto, (max-width: 142px) 100vw, 142px\" \/><\/a>AGORDO<\/strong> Come ogni anno, a cavallo tra ottobre e novembre, \u00e8 arrivato il momento per i dipendenti Luxottica di ritirare il Carrello della Spesa. Dopo aver scelto la tipologia di carrello nei mesi scorsi, a partire dal 15 ottobre le maestranze del gruppo possono prenotare il ritiro della spesa nei centri commerciali autorizzati. Come succede da alcuni anni, la prenotazione avverr\u00e0 tramite il portale aziendale OneLuxottica dove si potr\u00e0 scegliere data, ora e sede di ritiro della spesa. Tutti i dipendenti con contratto di somministrazione (Adecco\/Umana), anche per chi non \u00e8 riuscito nel prenotarlo, gli verr\u00e0 consegnato il carrello classico, si potr\u00e0 prenotare il ritiro dal 15 ottobre, ritirarlo dal 18 ottobre al 30 novembre utilizzando la medesima procedura per la prenotazione del pacco.<\/p>\n<p>&nbsp;<\/p>\n<p>&nbsp;<\/p>\n<hr \/>\n<p>&nbsp;<\/p>\n<blockquote>\n<h3>ESSILORLUXOTTICA ED ACI PER LA SENSIBILIZZAZIONE DEI CONTROLLI DELLA VISTA<\/h3>\n<\/blockquote>\n<p><strong><a href=\"https:\/\/www.radiopiu.net\/wordpress\/essilorluxottica-le-novita-dallassemblea-degli-azionisti-il-nuovo-consiglio-di-amministrazione-e-i-dividenti-delle-azioni\/essilorluxottica-2\/\" rel=\"attachment wp-att-193540\"><img loading=\"lazy\" decoding=\"async\" class=\" wp-image-193540 alignleft\" src=\"https:\/\/www.radiopiu.net\/wordpress\/wp-content\/uploads\/2021\/02\/ESSILORLUXOTTICA-300x170.png\" alt=\"\" width=\"138\" height=\"78\" srcset=\"https:\/\/www.radiopiu.net\/wordpress\/wp-content\/uploads\/2021\/02\/ESSILORLUXOTTICA-300x170.png 300w, https:\/\/www.radiopiu.net\/wordpress\/wp-content\/uploads\/2021\/02\/ESSILORLUXOTTICA-1024x579.png 1024w, https:\/\/www.radiopiu.net\/wordpress\/wp-content\/uploads\/2021\/02\/ESSILORLUXOTTICA-768x434.png 768w, https:\/\/www.radiopiu.net\/wordpress\/wp-content\/uploads\/2021\/02\/ESSILORLUXOTTICA.png 1320w\" sizes=\"auto, (max-width: 138px) 100vw, 138px\" \/><\/a>AGORDO<\/strong>\u00a0 Avviata una partenership\u00a0 che ha l&#8217;obiettivo di promuovere la collaborazione tra diversi partner per la cura della vista. Nel 2022, Aci ed EssilorLuxottica collaboreranno per una pi\u00f9 profonda comprensione dei bisogni della popolazione in materia di vista e sicurezza stradale in Italia, e implementeranno iniziative congiunte di sensibilizzazione ed eventi pubblici per sviluppare azioni a supporto dell&#8217;attenzione sulla vista sulla strada tra conducenti professionisti, autoscuole e tutti gli utenti stradali.<\/p>\n<p>&nbsp;<\/p>\n<hr \/>\n<p>&nbsp;<\/p>\n<blockquote><p><span style=\"color: #ff0000;\">OGGI SUL CORRIERE DELLE ALPI\u00a0<\/span><br \/>\n<span style=\"color: #ff0000;\">DI FRANCESCO DAL MAS due pagine speciali sulla Beatificazione di Don Albino Papa Luciani<\/span><\/p>\n<p>Grazie e guarigioni senza spiegazione vola la devozione per il Beato Luciani<\/p><\/blockquote>\n<p>Presunte grazie, guarigioni definite miracolose, intercessioni richieste al &#8220;Papa del sorriso&#8221; anche per avere un figlio o, pi\u00f9 semplicemente, per superare gli esami. La devozione popolare ei confronti di &#8220;don Albino&#8221;, come ancora lo chiamano a Canale d&#8217;Agordo, aumenta in modo esponenziale, da ogni latitudine del mondo.I libri delle firme, all&#8217;ingresso della chiesa parrocchiale di Canale, lo testimoniano ogni giorno di pi\u00f9. Ma sono ancora pi\u00f9 puntuali le descrizioni delle guarigioni &#8220;sorprendenti&#8221; che vengono recapitate al centro Papa Luciani di Santa Giustina.Come questa che arriva dalle Filippine ed \u00e8 datata 7 maggio 2020.<\/p>\n<p>&nbsp;<\/p>\n<p>&nbsp;<\/p>\n<hr \/>\n<p>&nbsp;<\/p>\n<blockquote>\n<h2>SANITA&#8217;: IERI ERAVAMO GLI EROI, OGGI QUELLI DA METTERE NELL&#8217;ANGOLO<\/h2>\n<\/blockquote>\n<p><strong>DILLO A RADIO PIU&#8217;&#8230;.\u00a0<\/strong><\/p>\n<p>Riceviamo da Agordo e volentieri pubblichiamo una riflessione da chi opera nella sanit\u00e0 e ha deciso di non prestare il braccio&#8230; al vaccino.<\/p>\n<blockquote>\n<div dir=\"auto\"><img loading=\"lazy\" decoding=\"async\" class=\"alignleft\" src=\"https:\/\/www.radiopiu.net\/wordpress\/wp-content\/uploads\/2021\/05\/Vax_day_Ponte_1.jpeg\" width=\"231\" height=\"173\" \/>&#8220;In questi ultimi periodi vedo e sento diverse opinioni su chi si \u00e8 vaccinato nei\u00a0 confronti di chi non lo \u00e8, nei confronti dei no vax e viceversa.\u00a0 Lavoro nella sanit\u00e0, non sono no vax, non lo sono mai stata, ma per una patologia autoimmune, sentiti diversi pareri medici non mi sono vaccinata.\u00a0 Da marzo sono a casa, nonostante i miei certificati medici siano stati ritenuti validi, nonostante successivamente sia stata ritenuta idonea ma con limitazioni, nonostante tutto ferma.\u00a0 Nessuno nega tutto ci\u00f2 che \u00e8 stato dall&#8217;inizio di questa pandemia, che io definisco un incubo.\u00a0 Vorrei per\u00f2 che su queste mie parole qualcuno iniziasse a riflettere, a capire che quella medaglia ha tante facciate che molti non solo non vedono ma nemmeno colgono.\u00a0 Buttati allo sbaraglio all&#8217;inizio lottando contro un virus sconosciuto, definiti eroi ad un certo punto. Poi discriminati \u00a0e messi all&#8217;angolo.\u00a0 Ho sempre rispettato le regole, ma stando ferma.. senza un lavoro che amo molte domande sono nate spontanee.\u00a0 Con tutta la prevenzione usata nell&#8217; apice della pandemia, ora quella stessa prevenzione non posso usarla per lavorare,\u00a0 perch\u00e9?\u00a0 Ora c \u00e8 bisogno del green pass per accedere al lavoro. Con tutti i tamponi fatti per un anno e mezzo ora\u00a0 non valgono, perch\u00e9?\u00a0 Troppe incongruenze, e soprattutto non si tratta pi\u00f9 solo di una questione sanitaria ma di ben altro.\u00a0 Se veramente volessero preservare la salute della popolazione la prevenzione potrebbe esserci, senza necessariamente privare il popolo della propria libert\u00e0.\u00a0 Questa non \u00e8 pi\u00f9 una democrazia. Le persone devono sentirsi libere di scegliere ci\u00f2 che \u00e8 meglio per ognuno, e ci deve essere rispetto.\u00a0 E invece senza neanche rendervene conto, ci stanno mettendo gli uni contro gli altri. Ma la medaglia ha tante sfaccettature. Mi auguro che queste parole vi aiutino a diventare pi\u00f9 consapevoli della vera realt\u00e0 che ci circonda.<\/div>\n<\/blockquote>\n<div dir=\"auto\"><strong>Lettera firmata<\/strong><\/div>\n<div dir=\"auto\"><\/div>\n<div dir=\"auto\"><\/div>\n<div dir=\"auto\"><\/div>\n<div dir=\"auto\"><\/div>\n<p>&nbsp;<\/p>\n<hr \/>\n<p>&nbsp;<\/p>\n<blockquote class=\"wp-embedded-content\" data-secret=\"wVjsD77Mvi\"><p><a href=\"https:\/\/www.radiopiu.net\/wordpress\/aggiornamentoott14\/\">CORONAVIRUS: AGGIORNAMENTO NAZIONALE 14 OTTOBRE  2021<\/a><\/p><\/blockquote>\n<p><iframe loading=\"lazy\" class=\"wp-embedded-content\" sandbox=\"allow-scripts\" security=\"restricted\" style=\"position: absolute; clip: rect(1px, 1px, 1px, 1px);\" title=\"&#8220;CORONAVIRUS: AGGIORNAMENTO NAZIONALE 14 OTTOBRE  2021&#8221; &#8212; Radio Pi\u00f9\" src=\"https:\/\/www.radiopiu.net\/wordpress\/aggiornamentoott14\/embed\/#?secret=wVjsD77Mvi\" data-secret=\"wVjsD77Mvi\" width=\"600\" height=\"338\" frameborder=\"0\" marginwidth=\"0\" marginheight=\"0\" scrolling=\"no\"><\/iframe><\/p>\n<p>&nbsp;<\/p>\n<blockquote class=\"wp-embedded-content\" data-secret=\"g7PTuY2HIR\"><p><a href=\"https:\/\/www.radiopiu.net\/wordpress\/nelle-ultime-24-ore-334-nuovi-positivi-in-veneto-un-decesso-e-calo-dei-ricoveri\/\">NELLE ULTIME 24 ORE 334 NUOVI POSITIVI IN VENETO. UN DECESSO E CALO DEI RICOVERI<\/a><\/p><\/blockquote>\n<p><iframe loading=\"lazy\" class=\"wp-embedded-content\" sandbox=\"allow-scripts\" security=\"restricted\" style=\"position: absolute; clip: rect(1px, 1px, 1px, 1px);\" title=\"&#8220;NELLE ULTIME 24 ORE 334 NUOVI POSITIVI IN VENETO. UN DECESSO E CALO DEI RICOVERI&#8221; &#8212; Radio Pi\u00f9\" src=\"https:\/\/www.radiopiu.net\/wordpress\/nelle-ultime-24-ore-334-nuovi-positivi-in-veneto-un-decesso-e-calo-dei-ricoveri\/embed\/#?secret=g7PTuY2HIR\" data-secret=\"g7PTuY2HIR\" width=\"600\" height=\"338\" frameborder=\"0\" marginwidth=\"0\" marginheight=\"0\" scrolling=\"no\"><\/iframe><\/p>\n<p>&nbsp;<\/p>\n<h2>I GRAFICI DI TIZIANO DE COL<\/h2>\n\n\t\t\t<style type='text\/css'>\n\t\t\t\t#gallery-2 {\n\t\t\t\t\tmargin: auto;\n\t\t\t\t}\n\t\t\t\t#gallery-2 .gallery-item {\n\t\t\t\t\tfloat: left;\n\t\t\t\t\tmargin-top: 10px;\n\t\t\t\t\ttext-align: center;\n\t\t\t\t\twidth: 20%;\n\t\t\t\t}\n\t\t\t\t#gallery-2 img {\n\t\t\t\t\tborder: 2px solid #cfcfcf;\n\t\t\t\t}\n\t\t\t\t#gallery-2 .gallery-caption {\n\t\t\t\t\tmargin-left: 0;\n\t\t\t\t}\n\t\t\t\t\/* see gallery_shortcode() in wp-includes\/media.php *\/\n\t\t\t<\/style>\n\t\t<div id='gallery-2' class='dt-gallery-container gallery galleryid-236915 gallery-columns-5 gallery-size-thumbnail'><dl class='gallery-item'>\n\t\t\t\t<dt class='gallery-icon landscape'>\n\t\t\t\t\t<a class=\"rollover rollover-zoom dt-pswp-item\" title=\"dd2729d5-4eda-4df1-aad5-91e1eb1d57a5\" data-dt-img-description=\"\" data-large_image_width=\"592\" data-large_image_height=\"357\"href='https:\/\/www.radiopiu.net\/wordpress\/wp-content\/uploads\/2021\/10\/dd2729d5-4eda-4df1-aad5-91e1eb1d57a5.jpg'><img loading=\"lazy\" decoding=\"async\" width=\"150\" height=\"150\" src=\"https:\/\/www.radiopiu.net\/wordpress\/wp-content\/uploads\/2021\/10\/dd2729d5-4eda-4df1-aad5-91e1eb1d57a5-150x150.jpg\" class=\"attachment-thumbnail size-thumbnail\" alt=\"\" \/><\/a>\n\t\t\t\t<\/dt><\/dl><dl class='gallery-item'>\n\t\t\t\t<dt class='gallery-icon landscape'>\n\t\t\t\t\t<a class=\"rollover rollover-zoom dt-pswp-item\" title=\"62e99f90-56e7-495c-9526-d15689a74cbe\" data-dt-img-description=\"\" data-large_image_width=\"602\" data-large_image_height=\"357\"href='https:\/\/www.radiopiu.net\/wordpress\/wp-content\/uploads\/2021\/10\/62e99f90-56e7-495c-9526-d15689a74cbe.jpg'><img loading=\"lazy\" decoding=\"async\" width=\"150\" height=\"150\" src=\"https:\/\/www.radiopiu.net\/wordpress\/wp-content\/uploads\/2021\/10\/62e99f90-56e7-495c-9526-d15689a74cbe-150x150.jpg\" class=\"attachment-thumbnail size-thumbnail\" alt=\"\" \/><\/a>\n\t\t\t\t<\/dt><\/dl><dl class='gallery-item'>\n\t\t\t\t<dt class='gallery-icon landscape'>\n\t\t\t\t\t<a class=\"rollover rollover-zoom dt-pswp-item\" title=\"eae55d24-150b-4f9d-9845-d66f3cf2474f\" data-dt-img-description=\"\" data-large_image_width=\"602\" data-large_image_height=\"358\"href='https:\/\/www.radiopiu.net\/wordpress\/wp-content\/uploads\/2021\/10\/eae55d24-150b-4f9d-9845-d66f3cf2474f.jpg'><img loading=\"lazy\" decoding=\"async\" width=\"150\" height=\"150\" src=\"https:\/\/www.radiopiu.net\/wordpress\/wp-content\/uploads\/2021\/10\/eae55d24-150b-4f9d-9845-d66f3cf2474f-150x150.jpg\" class=\"attachment-thumbnail size-thumbnail\" alt=\"\" \/><\/a>\n\t\t\t\t<\/dt><\/dl><dl class='gallery-item'>\n\t\t\t\t<dt class='gallery-icon landscape'>\n\t\t\t\t\t<a class=\"rollover rollover-zoom dt-pswp-item\" title=\"9ba5d4a5-4baa-4232-824e-ea63deab5911\" data-dt-img-description=\"\" data-large_image_width=\"608\" data-large_image_height=\"358\"href='https:\/\/www.radiopiu.net\/wordpress\/wp-content\/uploads\/2021\/10\/9ba5d4a5-4baa-4232-824e-ea63deab5911.jpg'><img loading=\"lazy\" decoding=\"async\" width=\"150\" height=\"150\" src=\"https:\/\/www.radiopiu.net\/wordpress\/wp-content\/uploads\/2021\/10\/9ba5d4a5-4baa-4232-824e-ea63deab5911-150x150.jpg\" class=\"attachment-thumbnail size-thumbnail\" alt=\"\" \/><\/a>\n\t\t\t\t<\/dt><\/dl><dl class='gallery-item'>\n\t\t\t\t<dt class='gallery-icon landscape'>\n\t\t\t\t\t<a class=\"rollover rollover-zoom dt-pswp-item\" title=\"8f46453e-72f6-4825-b8e0-6fbb0f214d5d\" data-dt-img-description=\"\" data-large_image_width=\"614\" data-large_image_height=\"358\"href='https:\/\/www.radiopiu.net\/wordpress\/wp-content\/uploads\/2021\/10\/8f46453e-72f6-4825-b8e0-6fbb0f214d5d.jpg'><img loading=\"lazy\" decoding=\"async\" width=\"150\" height=\"150\" src=\"https:\/\/www.radiopiu.net\/wordpress\/wp-content\/uploads\/2021\/10\/8f46453e-72f6-4825-b8e0-6fbb0f214d5d-150x150.jpg\" class=\"attachment-thumbnail size-thumbnail\" alt=\"\" \/><\/a>\n\t\t\t\t<\/dt><\/dl><br style=\"clear: both\" \/>\n\t\t\t<\/div>\n\n<p>&nbsp;<\/p>\n<hr \/>\n<p>&nbsp;<\/p>\n<blockquote>\n<h3>CAUSA MALTEMPO PROSEGUONO I LAVORI NEGLI ECOCENTRI DELL&#8217;AGORDINO<\/h3>\n<\/blockquote>\n<p><strong><a href=\"https:\/\/www.radiopiu.net\/wordpress\/giornale-radiopiu-15-ottobre-2020-direttore-mirko-mezzacasa\/ecocentro-4\/\" rel=\"attachment wp-att-166378\"><img loading=\"lazy\" decoding=\"async\" class=\"size-medium wp-image-166378 alignleft\" src=\"https:\/\/www.radiopiu.net\/wordpress\/wp-content\/uploads\/2020\/10\/Ecocentro-300x178.jpg\" alt=\"\" width=\"300\" height=\"178\" srcset=\"https:\/\/www.radiopiu.net\/wordpress\/wp-content\/uploads\/2020\/10\/Ecocentro-300x178.jpg 300w, https:\/\/www.radiopiu.net\/wordpress\/wp-content\/uploads\/2020\/10\/Ecocentro-1024x606.jpg 1024w, https:\/\/www.radiopiu.net\/wordpress\/wp-content\/uploads\/2020\/10\/Ecocentro-768x455.jpg 768w, https:\/\/www.radiopiu.net\/wordpress\/wp-content\/uploads\/2020\/10\/Ecocentro.jpg 1301w\" sizes=\"auto, (max-width: 300px) 100vw, 300px\" \/><\/a>SEDICO <\/strong>A causa delle condizioni meteo avverse dei giorni scorsi previste anche per le prossime settimane, i lavori di manutenzione straordinaria in corso presso gli Ecocentri di Voltago Agordino, Vallada Agordina\/Canale d\u2019Agordo e Livinallongo del Col di Lana stanno subendo dei rallentamenti. Si \u00e8 resa dunque necessaria una proroga alla chiusura delle strutture. L\u2019Ecocentro di Livinallongo del Col di Lana sar\u00e0 nuovamente accessibile ai cittadini dal 23 ottobre, quello di Vallada Agordina\/Canale d\u2019Agordo dal 30 ottobre, mentre la struttura di Voltago Agordino riaprir\u00e0 al pubblico il 13 novembre 2021. Si ricorda che durante il periodo di chiusura i cittadini potranno accedere a qualsiasi Ecocentro del territorio dell\u2019Unione Montana Agordina, verificando sedi e orari di apertura sul manuale informativo consegnato o su <a href=\"http:\/\/www.valpeambiente.it\">www.valpeambiente.it<\/a>.<\/p>\n<p>&nbsp;<\/p>\n<p>&nbsp;<\/p>\n<hr \/>\n<p>&nbsp;<\/p>\n<blockquote>\n<h3>VALPE AMBIENTE RICORDA CHE DA OGGI ENTRA IN VIGORE L&#8217;OBBLIGO DEL GREEN PASS ANCHE PER I PROPRI UFFICI<\/h3>\n<\/blockquote>\n<p><strong><a href=\"https:\/\/www.radiopiu.net\/wordpress\/valpe-ambiente-ricorda-che-da-domani-entra-in-vigore-lobbligo-del-green-pass-anche-per-i-propri-uffici\/valpe-2\/\" rel=\"attachment wp-att-236977\"><img loading=\"lazy\" decoding=\"async\" class=\"size-medium wp-image-236977 alignleft\" src=\"https:\/\/www.radiopiu.net\/wordpress\/wp-content\/uploads\/2021\/10\/VALPE-300x150.png\" alt=\"\" width=\"300\" height=\"150\" srcset=\"https:\/\/www.radiopiu.net\/wordpress\/wp-content\/uploads\/2021\/10\/VALPE-300x150.png 300w, https:\/\/www.radiopiu.net\/wordpress\/wp-content\/uploads\/2021\/10\/VALPE-768x384.png 768w, https:\/\/www.radiopiu.net\/wordpress\/wp-content\/uploads\/2021\/10\/VALPE.png 800w\" sizes=\"auto, (max-width: 300px) 100vw, 300px\" \/><\/a>SEDICO<\/strong> In attuazione del Decreto-Legge 21 settembre 2021 n. 127, si comunica che, a far data dal 15 ottobre 2021 e fino al 31 dicembre 2021, tutti coloro i quali svolgano, a qualsiasi titolo, attivita\u0300 lavorativa di qualsivoglia genere all\u2019interno delle strutture di Valpe Ambiente Srl dovranno essere in possesso di certificazione verde covid-19 (c.d. Green Pass). Nel rispetto di quanto previsto dalla normativa, alla verifica circa il possesso di valida certificazione da parte di soggetti esterni che accedano alle aree di pertinenza della scrivente dovranno provvedere anche i rispettivi datori di lavoro. Per tale ragione si invitano le aziende fornitrici in indirizzo ad assicurarsi che tutto il personale ad esse afferente che, per ragioni di servizio, debba accedere ad aree, strutture o locali di Valpe Ambiente Srl, sia in possesso, a partire dal 15 ottobre, di valido Green Pass, avvertendo che Valpe Ambiente Srl procedera\u0300 autonomamente ad effettuare accertamenti circa il rispetto di tale obbligo. Si comunica che qualora vengano individuati soggetti sprovvisti di certificazione non sara\u0300 loro consentito l\u2019accesso alle strutture aziendali e, nel caso tali soggetti si trovino gia\u0300 all\u2019interno delle aree aziendali, gli stessi verranno immediatamente allontanati. Si ricorda che l\u2019azienda fornitrice resta esclusiva responsabile degli eventuali disservizi o pregiudizi derivanti dall\u2019inadempimento di tale obbligo da parte del proprio personale.<\/p>\n<p>&nbsp;<\/p>\n<p>&nbsp;<\/p>\n<hr \/>\n<p>&nbsp;<\/p>\n<blockquote>\n<h3>DOMENICHE ECOLOGICHE IN CITT\u00c0. DOMENICA 17 NIENTE AUTO IN CENTRO STORICO<\/h3>\n<\/blockquote>\n<p><strong><a href=\"https:\/\/www.radiopiu.net\/wordpress\/giornale-radiopiu-15-ottobre-2021-direttore-mirko-mezzacasa\/planimetria-domenica-ecologica\/\" rel=\"attachment wp-att-236968\"><img loading=\"lazy\" decoding=\"async\" class=\"size-medium wp-image-236968 alignleft\" src=\"https:\/\/www.radiopiu.net\/wordpress\/wp-content\/uploads\/2021\/10\/Planimetria-domenica-ecologica-300x212.jpg\" alt=\"\" width=\"300\" height=\"212\" srcset=\"https:\/\/www.radiopiu.net\/wordpress\/wp-content\/uploads\/2021\/10\/Planimetria-domenica-ecologica-300x212.jpg 300w, https:\/\/www.radiopiu.net\/wordpress\/wp-content\/uploads\/2021\/10\/Planimetria-domenica-ecologica-1024x724.jpg 1024w, https:\/\/www.radiopiu.net\/wordpress\/wp-content\/uploads\/2021\/10\/Planimetria-domenica-ecologica-768x543.jpg 768w, https:\/\/www.radiopiu.net\/wordpress\/wp-content\/uploads\/2021\/10\/Planimetria-domenica-ecologica-1536x1086.jpg 1536w, https:\/\/www.radiopiu.net\/wordpress\/wp-content\/uploads\/2021\/10\/Planimetria-domenica-ecologica-2048x1448.jpg 2048w\" sizes=\"auto, (max-width: 300px) 100vw, 300px\" \/><\/a>BELLUNO <\/strong>Tra le novit\u00e0 inserite nella nuova ordinanza \u201cantismog\u201d relativa al traffico veicolare e in vigore dal primo ottobre, figura anche l&#8217;istituzione delle domeniche ecologiche. La prima giornata \u00e8 stata fissata per domenica 17 ottobre: in questa occasione, dalle 9.00 alle 19.00 sar\u00e0 vietata la circolazione di tutti i mezzi a motore in centro storico. L&#8217;area interessata \u00e8 quella a cui si accede da via Loreto e via Garibaldi e che comprende anche piazza dei Martiri, via Roma, via Simon da Cusighe &#8211; fino all\u2019incrocio con via Gabelli &#8211; , e tutta l\u2019area che comprende la citt\u00e0 vecchia (mappa in allegato). Sono esentati dal divieto i veicoli elettrici, quelli di persone residenti o domiciliate nell&#8217;area, i mezzi a servizio di portatori di handicap, i veicoli di soccorso e di servizio. Il nuovo accordo di Bacino Padano prevede l&#8217;individuazione di una domenica ecologica al mese fino al termine della validit\u00e0 dell&#8217;ordinanza, prevista per aprile 2022: il Comune di Belluno ha gi\u00e0 predisposto le date fino a fine anno. Dopo domenica 17 ottobre, toccher\u00e0 infatti a domenica 14 novembre e a domenica 12 dicembre.<\/p>\n<p>&nbsp;<\/p>\n<p>&nbsp;<\/p>\n<hr \/>\n<p>&nbsp;<\/p>\n<blockquote>\n<h3 class=\"p1\"><span class=\"s1\">CAMBIAMENTO CLIMATICO, BOND: \u201cMIGLIORARE L\u2019OPERATIVIT\u00c0 DEL FONDO DI SOLIDARIET\u00c0 EUROPEO\u201d<\/span><\/h3>\n<\/blockquote>\n<p class=\"p1\"><span class=\"s1\"><strong><a href=\"https:\/\/www.radiopiu.net\/wordpress\/giornale-radiopiu-26-luglio-2019-direttore-mirko-mezzacasa\/dario-bond-6\/\" rel=\"attachment wp-att-93051\"><img loading=\"lazy\" decoding=\"async\" class=\"size-medium wp-image-93051 alignleft\" src=\"https:\/\/www.radiopiu.net\/wordpress\/wp-content\/uploads\/2019\/07\/Dario-Bond-300x200.jpg\" alt=\"\" width=\"300\" height=\"200\" srcset=\"https:\/\/www.radiopiu.net\/wordpress\/wp-content\/uploads\/2019\/07\/Dario-Bond-300x200.jpg 300w, https:\/\/www.radiopiu.net\/wordpress\/wp-content\/uploads\/2019\/07\/Dario-Bond-768x512.jpg 768w, https:\/\/www.radiopiu.net\/wordpress\/wp-content\/uploads\/2019\/07\/Dario-Bond-1024x683.jpg 1024w\" sizes=\"auto, (max-width: 300px) 100vw, 300px\" \/><\/a>ROMA <\/strong>\u201c<em>Se il clima cambia, anche le modalit\u00e0 di prevenzione e di gestione delle calamit\u00e0 devono cambiare e adattarsi<\/em>\u201d. \u00c8 quanto afferma il deputato Dario Bond, che sposa le richieste degli enti locali e del Comitato delle Regioni, ieri in vertice con il commissario Ue per gli Aiuti umanitari. <\/span><span class=\"s1\">\u201c<em>In particolare, va cambiato il metodo di lavoro che sovrintende al Fondo di solidariet\u00e0 europeo, che oggi \u00e8 di difficile attuazione per parametri complessi e farraginosi. In Italia abbiamo assistito a diversi cataclismi, collegati al cambiamento climatico. Anche in montagna si sono verificati disastri naturali con tempi di ritorno che hanno stravolto qualsiasi tipo di previsione e analisi: la tempesta Vaia del 2018 \u00e8 un esempio, ma anche l\u2019alluvione nel Bellunese del dicembre 2020 ha provocato danni simili. Quindi bisogna agire sulla prevenzione, dove possibile, ma anche sull\u2019accessibilit\u00e0 ai finanziamenti per la gestione post-evento. Gli strumenti finanziati dal programma Next Generation Eu devono essere snelli e facilmente accessibili, perch\u00e9 il clima che cambia non pu\u00f2 attendere i tempi della burocrazia o basarsi su criteri scritti in tabelle prestampate<\/em>\u201d.<\/span><\/p>\n<p>&nbsp;<\/p>\n<hr \/>\n<p>&nbsp;<\/p>\n<p>&nbsp;<\/p>\n<p>&nbsp;<\/p>\n<blockquote>\n<h3>LE SCELTE DEL SINDACO GIUSEPPE SCHENA: ECCO LA NUOVA SQUADRA<\/h3>\n<\/blockquote>\n<p><img loading=\"lazy\" decoding=\"async\" class=\"alignleft\" src=\"https:\/\/www.radiopiu.net\/wordpress\/wp-content\/uploads\/2021\/10\/IMG_1746.jpg\" width=\"369\" height=\"219\" \/><strong>VOLTAGO<\/strong><\/p>\n<p>&nbsp;<\/p>\n<p><strong>GIANNI SANTOMASO<\/strong><\/p>\n<p>&nbsp;<\/p>\n<audio class=\"wp-audio-shortcode\" id=\"audio-236915-1\" preload=\"none\" style=\"width: 100%;\" controls=\"controls\"><source type=\"audio\/mpeg\" src=\"https:\/\/www.radiopiu.net\/wordpress\/wp-content\/uploads\/2021\/10\/GIANNI1.mp3?_=1\" \/><a href=\"https:\/\/www.radiopiu.net\/wordpress\/wp-content\/uploads\/2021\/10\/GIANNI1.mp3\">https:\/\/www.radiopiu.net\/wordpress\/wp-content\/uploads\/2021\/10\/GIANNI1.mp3<\/a><\/audio>\n<p>&nbsp;<\/p>\n<p>&nbsp;<\/p>\n<p>&nbsp;<\/p>\n<hr \/>\n<p>&nbsp;<\/p>\n<p>&nbsp;<\/p>\n<p>&nbsp;<\/p>\n<blockquote>\n<h2>EQUILIBRI IN UNIONE MONTANA A RISCHIO? DE BERNARDIN &#8220;ANCHE NO&#8221;<\/h2>\n<\/blockquote>\n<p>&nbsp;<\/p>\n<p><img loading=\"lazy\" decoding=\"async\" class=\"alignleft\" src=\"https:\/\/www.radiopiu.net\/wordpress\/wp-content\/uploads\/2018\/12\/WhatsApp-Image-2018-12-05-at-04.50.34.jpeg\" width=\"212\" height=\"159\" \/><strong>AGORDO\u00a0<\/strong><\/p>\n<p>&nbsp;<\/p>\n<p><strong>GIANNI SANTOMASO<\/strong><\/p>\n<p>&nbsp;<\/p>\n<audio class=\"wp-audio-shortcode\" id=\"audio-236915-2\" preload=\"none\" style=\"width: 100%;\" controls=\"controls\"><source type=\"audio\/mpeg\" src=\"https:\/\/www.radiopiu.net\/wordpress\/wp-content\/uploads\/2021\/10\/GIANNI2.mp3?_=2\" \/><a href=\"https:\/\/www.radiopiu.net\/wordpress\/wp-content\/uploads\/2021\/10\/GIANNI2.mp3\">https:\/\/www.radiopiu.net\/wordpress\/wp-content\/uploads\/2021\/10\/GIANNI2.mp3<\/a><\/audio>\n<p>&nbsp;<\/p>\n<hr \/>\n<p>&nbsp;<\/p>\n<p><strong>IERI SERA ALLA RADIO&#8230;. IL CONSIGLIO COMUNALE DI ROCCA PIETORE, L&#8217;INTERVISTA AL SINDACO ANDREA DE BERNARDIN<\/strong><\/p>\n<p>&nbsp;<\/p>\n<p><a href=\"https:\/\/www.facebook.com\/mirko.mezzacasa\/videos\/4647063462004202\">https:\/\/www.facebook.com\/mirko.mezzacasa\/videos\/4647063462004202<\/a><\/p>\n<p>&nbsp;<\/p>\n<hr \/>\n<p>&nbsp;<\/p>\n<p>&nbsp;<\/p>\n<blockquote>\n<h3>LUNEDI ALLE 9 E ALLE 18&#8230; ALLA RADIO CON NICOLO&#8217; E ALESSANDRO<\/h3>\n<\/blockquote>\n<p><a href=\"https:\/\/www.facebook.com\/mirko.mezzacasa\/videos\/2116773711806945\">https:\/\/www.facebook.com\/mirko.mezzacasa\/videos\/2116773711806945<\/a><\/p>\n<p>&nbsp;<\/p>\n<p>&nbsp;<\/p>\n<hr \/>\n<p>&nbsp;<\/p>\n<blockquote>\n<h2>Papa Luciani, D\u2019Inc\u00e0: \u201cNotizia emozionante: fu portatore di pace e umilt\u00e0\u201d<\/h2>\n<\/blockquote>\n<p><em><a href=\"https:\/\/www.radiopiu.net\/wordpress\/giornale-radiopiu-25-agosto-2021-direttore-mirko-mezzacasa\/papa-luciani-5\/\" rel=\"attachment wp-att-229319\"><img loading=\"lazy\" decoding=\"async\" class=\"size-medium wp-image-229319 alignleft\" src=\"https:\/\/www.radiopiu.net\/wordpress\/wp-content\/uploads\/2021\/08\/papa-luciani-e1634094614164-300x200.jpg\" alt=\"\" width=\"300\" height=\"200\" srcset=\"https:\/\/www.radiopiu.net\/wordpress\/wp-content\/uploads\/2021\/08\/papa-luciani-e1634094614164-300x200.jpg 300w, https:\/\/www.radiopiu.net\/wordpress\/wp-content\/uploads\/2021\/08\/papa-luciani-e1634094614164-1024x683.jpg 1024w, https:\/\/www.radiopiu.net\/wordpress\/wp-content\/uploads\/2021\/08\/papa-luciani-e1634094614164-768x512.jpg 768w, https:\/\/www.radiopiu.net\/wordpress\/wp-content\/uploads\/2021\/08\/papa-luciani-e1634094614164.jpg 1396w\" sizes=\"auto, (max-width: 300px) 100vw, 300px\" \/><\/a>\u201cSono sempre stato affascinato dalla saggezza di Papa Luciani: la notizia del riconoscimento del miracolo che lo porta alla beatificazione \u00e8 particolarmente emozionante e rappresenta anche un motivo di orgoglio per i veneti e per il bellunese. Il suo pontificato \u00e8 stato breve ma intenso: il suo percorso ha fatto emergere la sua particolare personalit\u00e0, tenace, vicina al prossimo che ha saputo mettere al centro il valore dell\u2019umilt\u00e0 con l\u2019obiettivo di trasmetterla agli altri. Mai come oggi dobbiamo sapere raccogliere il suo messaggio\u201d.\u00a0 \u00a0<\/em>Lo dichiara Federico D\u2019Inc\u00e0, Ministro per i Rapporti con il Parlamento in seguito al riconoscimento del miracolo di Papa Luciani che lo consegna alla beatificazione. D\u2019Inc\u00e0 svela un ricordo personale:\u00a0 <em>\u201cAvevo 24 anni e in occasione del Giubileo del 2000 ho fatto parte del gruppo di persone che, partendo da Canale D\u2019Agordo hanno raggiunto Roma: un viaggio a cavallo a cui hanno partecipato oltre 300 persone, di cui 36 cavalieri, indimenticabile, articolato in diverse tappe nelle regioni italiane e molto sentito, che ci ha portato di fronte a Papa Giovanni Paolo II: il Santo Padre ci accolse a piazza San Pietro avvicinandosi tra i cavalli e quel percorso, con la partenza dal bellunese, ha rappresentato un \u2018ponte\u2019 tra Don Albino Luciani e Papa Wojtyla, segnando, simbolicamente, la continuit\u00e0 tra i pontefici. E, soprattutto, \u00e8 stata un\u2019incredibile occasione per portare un messaggio di pace: un messaggio universale che, ancora oggi, deve essere trasmesso alle persone con lo stesso sentimento e gli insegnamenti di Papa Luciani\u201d.<\/em><\/p>\n<p>&nbsp;<\/p>\n<p>&nbsp;<\/p>\n<hr \/>\n<p>&nbsp;<\/p>\n<blockquote>\n<h2>AGORDINO IN FESTA PER PAPA LUCIANI<\/h2>\n<\/blockquote>\n<p align=\"CENTER\"><span style=\"font-family: Times New Roman, serif;\"><span style=\"font-size: xx-large;\"><b><a href=\"https:\/\/www.radiopiu.net\/wordpress\/agordino-in-festa-per-papa-luciani\/pp-83\/\" rel=\"attachment wp-att-237043\"><img loading=\"lazy\" decoding=\"async\" class=\"wp-image-237043 alignleft\" src=\"https:\/\/www.radiopiu.net\/wordpress\/wp-content\/uploads\/2021\/10\/pp-3.jpg\" alt=\"\" width=\"140\" height=\"140\" srcset=\"https:\/\/www.radiopiu.net\/wordpress\/wp-content\/uploads\/2021\/10\/pp-3.jpg 242w, https:\/\/www.radiopiu.net\/wordpress\/wp-content\/uploads\/2021\/10\/pp-3-150x150.jpg 150w\" sizes=\"auto, (max-width: 140px) 100vw, 140px\" \/><\/a>Sar\u00e0 il terzo Beato bellunese della storia<\/b><\/span><\/span><\/p>\n<p align=\"CENTER\"><span style=\"font-family: Times New Roman, serif;\"><span style=\"font-size: medium;\"><i>di<\/i><\/span><\/span> <span style=\"font-family: Times New Roman, serif;\"><span style=\"font-size: medium;\"><b>DINO BRIDDA<\/b><\/span><\/span><\/p>\n<p align=\"JUSTIFY\"><span style=\"font-family: Times New Roman, serif;\"><span style=\"font-size: medium;\">Campane a festa per Albino Luciani, ma idealmente potrebbero suonare anche per altri beati, passati e futuri, tutti appartenenti al territorio dell\u2019attuale Diocesi di Belluno-Feltre. <\/span><\/span><span style=\"font-size: medium; font-family: 'Times New Roman', serif;\">Del primo gi\u00e0 nel secolo XV crebbe la fama delle sante virt\u00f9: fu un frate minore dell\u2019Osservanza o dei Riformati, ovvero fra\u2019 Bernardino Tomitano di Feltre (1439-1494), chiamato il \u201cPiccolo\u201d per la sua bassa statura. Grande oratore, \u00e8 ricordato per aver contribuito all\u2019istituzione dei Monti di Piet\u00e0, promossi dall\u2019Ordine dei Frati Minori per sottrarre le classi pi\u00f9 povere alle angherie degli usurai. <\/span><span style=\"font-family: Times New Roman, serif;\"><span style=\"font-size: medium;\">Il secondo beato di casa nostra fu Adilio Da Ronch (1908-1924), di famiglia di Agordo e nato a Dona Francisca nel Rio Grande do Sul in Brasile. Fedele chierichetto, assieme al suo parroco fu assassinato nella foresta di Tr\u00eas Passos in un\u2019imboscata tesa da alcuni militari che erano contrari all\u2019azione evangelizzatrice e di promozione umana portata avanti dalla Chiesa locale. <\/span><\/span><span style=\"font-family: Times New Roman, serif;\"><span style=\"font-size: medium;\">A questo breve elenco di beati potremmo aggiungere anche un vescovo della Diocesi di Feltre e Belluno, ma proveniente da Cuneo, ovvero monsignor Enrico Scarampi (1354 o 1355-1440), vissuto all\u2019epoca del Grande Scisma d\u2019Occidente, direttore spirituale della Beata Margherita di Savoia, tesoriere della Camera Apostolica e fedele collaboratore del Papa Martino V. <\/span><\/span><span style=\"font-family: Times New Roman, serif;\"><span style=\"font-size: medium;\">Le campane potrebbero suonare di nuovo in un prossimo futuro e anche pi\u00f9 volte. Infatti sono in atto i processi di beatificazione di ben quattro uomini di Chiesa nati nelle Diocesi di Belluno e Feltre o discendenti di famiglie del medesimo territorio. <\/span><\/span><span style=\"font-size: medium; font-family: 'Times New Roman', serif;\">Il primo proclamato da Benedetto XVI Servo di Dio, \u00e8 monsignor Joao Benvegn\u00f9 (1907-1986), di famiglia di Pra di Taibon <span style=\"font-family: Times New Roman, serif;\"><span style=\"font-size: medium;\"><a href=\"https:\/\/www.radiopiu.net\/wordpress\/agordino-in-festa-per-papa-luciani\/cappello-1600x_center_center_1520362872\/\" rel=\"attachment wp-att-237036\"><img loading=\"lazy\" decoding=\"async\" class=\"wp-image-237036 alignright\" src=\"https:\/\/www.radiopiu.net\/wordpress\/wp-content\/uploads\/2021\/10\/cappello-1600x_center_center_1520362872-300x300.jpg\" alt=\"\" width=\"279\" height=\"279\" srcset=\"https:\/\/www.radiopiu.net\/wordpress\/wp-content\/uploads\/2021\/10\/cappello-1600x_center_center_1520362872-300x300.jpg 300w, https:\/\/www.radiopiu.net\/wordpress\/wp-content\/uploads\/2021\/10\/cappello-1600x_center_center_1520362872-150x150.jpg 150w, https:\/\/www.radiopiu.net\/wordpress\/wp-content\/uploads\/2021\/10\/cappello-1600x_center_center_1520362872.jpg 440w\" sizes=\"auto, (max-width: 279px) 100vw, 279px\" \/><\/a><\/span><\/span>Agordino, ma nato nel Rio Grande do Sul (Brasile), figlio di Fedele e di Maria Moretti. Dal 1935 alla morte fu parroco di s\u00e2o Domingo do Sul dove ogni anno nella prima domenica di gennaio sulla sua tomba si recano circa 20.000 persone in pellegrinaggio. Si parla di 40 casi di suoi interventi tra i quali potrebbe esserci il miracolo che porterebbe alla sua beatificazione. <\/span><span style=\"font-family: Times New Roman, serif;\"><span style=\"font-size: medium;\">Causa di beatificazione in corso anche per padre Felice Maria Cappello (foto, 1879-1962), nato a Caviola, fratello dell\u2019arcidiacono di Agordo Luigi, religioso gesuita, ricordato come \u201cil confessore di Roma\u201d nella chiesa di S. Ignazio. Uomo di vasta cultura, fu consultore di diverse Congregazioni vaticane e membro della Pontificia Commissione dei Vescovi per la preparazione del Concilio Ecumenico Vaticano II. Il processo che lo riguarda, iniziato nel 1990, si \u00e8 concluso nel 2014 quando Papa Francesco lo proclam\u00f2 Servo di Dio. <\/span><\/span><span style=\"font-family: Times New Roman, serif;\"><span style=\"font-size: medium;\">Una causa di beatificazione in corso \u00e8 anche quella di padre Romano Bottegal (1921-1978), di S. Donato di Lamon, monaco trappista dell\u2019Ordine Cistercense della Stretta Osservanza, per parecchi anni eremita in Terra Santa e in Libano. Fu proclamato Venerabile da Papa Francesco nel 2013. <\/span><\/span><span style=\"font-family: Times New Roman, serif;\"><span style=\"font-size: medium;\">Per concludere dobbiamo citare monsignor Juan Jos\u00e9 Gerardi Conedera, nato a Citt\u00e0 del Guatemala nel 1922 da una famiglia originaria di Taibon Agordino. I nonni col\u00e0 emigranti furono venduti dal comandante della loro nave al dittatore guatemalteco Justo Rufino Barrios Auy\u00f3n (1835-1885) e vi rimasero lavorando come contadini. Mons. Conedera fu vescovo assai attivo nel campo della lotta per i diritti umani degli ultimi: <\/span><\/span><span style=\"font-family: Times New Roman, serif;\"><span style=\"font-size: medium;\">\u00abSe il povero rimane fuori della nostra vita \u2013 sosteneva \u2013 allora forse anche Ges\u00f9 \u00e8 fuori della nostra vita\u00bb. Nel 1988 pubblic\u00f2 il rapporto \u201cNunca M\u00e1s\u201d su oltre 55mila casi di violenze, torture, sparizioni, mutilazioni, massacri e stupri. Pochi giorni dopo fu assassinato in maniera talmente barbara che il cadavere pot\u00e9 essere riconosciuto solo attraverso l\u2019anello episcopale. Tre degli esecutori materiali del delitto furono individuati. Il volto dei mandanti, invece, \u00e8 ancora avvolto nelle nebbie di depistaggi e omert\u00e0 istituzionali.\u00a0\u00a0<\/span><\/span><\/p>\n<p align=\"JUSTIFY\"><em><span style=\"font-family: Times New Roman, serif;\"><span style=\"font-size: medium;\">A quando le prossime campane a festa nelle parrocchie della nostra Diocesi?\u00a0<\/span><\/span><\/em><\/p>\n<hr \/>\n<blockquote>\n<h2 align=\"JUSTIFY\"><\/h2>\n<h2 align=\"JUSTIFY\"><\/h2>\n<h2 align=\"JUSTIFY\">E-DISTRIBUZIONE: NEL DOPO VAIA GRANDE IMPEGNO SUL TERRITORIO<\/h2>\n<\/blockquote>\n<p><strong>ROCCA PIETORE<\/strong> Allo stesso tavolo in Municipio il dirigente di Enel E-distribuzione per le Province di Belluno e Treviso Gabriele Zuccon, il suo collaboratore Alberto Fabbris e il sindaco Andrea De Bernardin. All&#8217;attenzione i\u00a0 lavori\u00a0 in corso d&#8217;opera sul territorio, non ultimo l&#8217;interramento lungo la strada di Passo Fedaia della linea di Media Tensione. <em>&#8220;Sar\u00e0 l&#8217;occasione anche per togliere dalla pista di sci di Ciamp d&#8217;Arei i pali della linea elettrica che da anni disturbano gli sciatori nella discesa&#8221; <\/em>Gabriele Zuccon ha garantito che l&#8217;asfaltatura della strada sar\u00e0 completa\u00a0 ed entro la primavera. All&#8217;attenzione anche\u00a0 il problema dei numerosi tralicci schiantati da Vaia ancora presenti in molte zone e anche in questo caso c&#8217;\u00e8 la promessa a risolvere anche questo lavoro <em>&#8220;Verr\u00e0 sotterrata presto anche la linea di collegamento fra Caracoi Agoin e Caracoi Cimai\u00a0 &#8211; conclude il sindaco &#8211; che spesso crea disservizi agli abitanti. Con E-distribuzione la collaborazione \u00e8 notevole e costruttivo,\u00a0 soprattutto dopo Vaia,\u00a0 molto \u00e8 stato fatto per rinforzare le linee sul territorio, molto ancora si far\u00e0&#8221;.<\/em><\/p>\n\n\t\t\t<style type='text\/css'>\n\t\t\t\t#gallery-3 {\n\t\t\t\t\tmargin: auto;\n\t\t\t\t}\n\t\t\t\t#gallery-3 .gallery-item {\n\t\t\t\t\tfloat: left;\n\t\t\t\t\tmargin-top: 10px;\n\t\t\t\t\ttext-align: center;\n\t\t\t\t\twidth: 25%;\n\t\t\t\t}\n\t\t\t\t#gallery-3 img {\n\t\t\t\t\tborder: 2px solid #cfcfcf;\n\t\t\t\t}\n\t\t\t\t#gallery-3 .gallery-caption {\n\t\t\t\t\tmargin-left: 0;\n\t\t\t\t}\n\t\t\t\t\/* see gallery_shortcode() in wp-includes\/media.php *\/\n\t\t\t<\/style>\n\t\t<div id='gallery-3' class='dt-gallery-container gallery galleryid-236915 gallery-columns-4 gallery-size-thumbnail'><dl class='gallery-item'>\n\t\t\t\t<dt class='gallery-icon landscape'>\n\t\t\t\t\t<a class=\"rollover rollover-zoom dt-pswp-item\" title=\"f9720cb5-3c94-4b1b-8d64-37dc8dcfd7f3\" data-dt-img-description=\"\" data-large_image_width=\"1600\" data-large_image_height=\"1200\"href='https:\/\/www.radiopiu.net\/wordpress\/wp-content\/uploads\/2021\/10\/f9720cb5-3c94-4b1b-8d64-37dc8dcfd7f3.jpg'><img loading=\"lazy\" decoding=\"async\" width=\"150\" height=\"150\" src=\"https:\/\/www.radiopiu.net\/wordpress\/wp-content\/uploads\/2021\/10\/f9720cb5-3c94-4b1b-8d64-37dc8dcfd7f3-150x150.jpg\" class=\"attachment-thumbnail size-thumbnail\" alt=\"\" \/><\/a>\n\t\t\t\t<\/dt><\/dl><dl class='gallery-item'>\n\t\t\t\t<dt class='gallery-icon landscape'>\n\t\t\t\t\t<a class=\"rollover rollover-zoom dt-pswp-item\" title=\"e4cfff40-4bc8-4bd3-9658-ba9ab0569280\" data-dt-img-description=\"\" data-large_image_width=\"1600\" data-large_image_height=\"1200\"href='https:\/\/www.radiopiu.net\/wordpress\/wp-content\/uploads\/2021\/10\/e4cfff40-4bc8-4bd3-9658-ba9ab0569280.jpg'><img loading=\"lazy\" decoding=\"async\" width=\"150\" height=\"150\" src=\"https:\/\/www.radiopiu.net\/wordpress\/wp-content\/uploads\/2021\/10\/e4cfff40-4bc8-4bd3-9658-ba9ab0569280-150x150.jpg\" class=\"attachment-thumbnail size-thumbnail\" alt=\"\" \/><\/a>\n\t\t\t\t<\/dt><\/dl><dl class='gallery-item'>\n\t\t\t\t<dt class='gallery-icon landscape'>\n\t\t\t\t\t<a class=\"rollover rollover-zoom dt-pswp-item\" title=\"a36eb8fc-d91d-4a9b-832f-6dba7103fe52\" data-dt-img-description=\"\" data-large_image_width=\"1600\" data-large_image_height=\"1200\"href='https:\/\/www.radiopiu.net\/wordpress\/wp-content\/uploads\/2021\/10\/a36eb8fc-d91d-4a9b-832f-6dba7103fe52.jpg'><img loading=\"lazy\" decoding=\"async\" width=\"150\" height=\"150\" src=\"https:\/\/www.radiopiu.net\/wordpress\/wp-content\/uploads\/2021\/10\/a36eb8fc-d91d-4a9b-832f-6dba7103fe52-150x150.jpg\" class=\"attachment-thumbnail size-thumbnail\" alt=\"\" \/><\/a>\n\t\t\t\t<\/dt><\/dl><dl class='gallery-item'>\n\t\t\t\t<dt class='gallery-icon portrait'>\n\t\t\t\t\t<a class=\"rollover rollover-zoom dt-pswp-item\" title=\"e48f785f-5cb0-48e3-8635-41bfaf175c81\" data-dt-img-description=\"\" data-large_image_width=\"1200\" data-large_image_height=\"1600\"href='https:\/\/www.radiopiu.net\/wordpress\/wp-content\/uploads\/2021\/10\/e48f785f-5cb0-48e3-8635-41bfaf175c81.jpg'><img loading=\"lazy\" decoding=\"async\" width=\"150\" height=\"150\" src=\"https:\/\/www.radiopiu.net\/wordpress\/wp-content\/uploads\/2021\/10\/e48f785f-5cb0-48e3-8635-41bfaf175c81-150x150.jpg\" class=\"attachment-thumbnail size-thumbnail\" alt=\"\" \/><\/a>\n\t\t\t\t<\/dt><\/dl><br style=\"clear: both\" \/>\n\t\t\t<\/div>\n\n<p>&nbsp;<\/p>\n<p>&nbsp;<\/p>\n<hr \/>\n<p>&nbsp;<\/p>\n<blockquote>\n<h3>DAL 1976 LA MESSA PER I CADUTI DELLA MONTAGNA, DOMENICA 31 OTTOBRE AD AGORDO<\/h3>\n<\/blockquote>\n<p><strong>AGORDO<\/strong>\u00a0 Anche quest&#8217;anno per iniziativa del Coro Agordo i Caduti in montagna saranno ricordati con una celebrazione religiosa accompagnata dai canti del Coro Agordo (che organizza il ricordo) nell&#8217;Arcidiaconale della citt\u00e0. Anche quest&#8217;anno la celebrazione sar\u00e0 trasmessa in tutto il mondo sulle frequenze FM e sullo streaming di Radio Pi\u00f9, in video sui canali facebook e telegram (RADIO PIU INFORMAZIONE). I posti a sedere in chiesa saranno distanziati come da norme anti covid, ridotti nel numero disponibile. E&#8217; dunque importante la comunicazione anticipata di quanti vorranno partecipare (347 8883140, mail coroagordo@libero.it). A causa della pandemia il consueto ritrovato al termine della messa nella sede del Coro non si terr\u00e0.<\/p>\n<p style=\"text-align: center;\"><strong>Di seguito l&#8217;invito e l&#8217;elenco dei Caduti in montagna\u00a0<\/strong><\/p>\n<p><a href=\"https:\/\/www.radiopiu.net\/wordpress\/dal-1976-la-messa-per-i-caduti-della-montagna-domenica-31-ottobre-ad-agordo\/c23883fb-43b3-4ece-8e75-d2dd755113a7\/\" rel=\"attachment wp-att-236491\"><img loading=\"lazy\" decoding=\"async\" class=\"wp-image-236491 size-full aligncenter\" src=\"https:\/\/www.radiopiu.net\/wordpress\/wp-content\/uploads\/2021\/10\/c23883fb-43b3-4ece-8e75-d2dd755113a7.jpg\" alt=\"\" width=\"692\" height=\"1024\" srcset=\"https:\/\/www.radiopiu.net\/wordpress\/wp-content\/uploads\/2021\/10\/c23883fb-43b3-4ece-8e75-d2dd755113a7.jpg 692w, https:\/\/www.radiopiu.net\/wordpress\/wp-content\/uploads\/2021\/10\/c23883fb-43b3-4ece-8e75-d2dd755113a7-203x300.jpg 203w\" sizes=\"auto, (max-width: 692px) 100vw, 692px\" \/><\/a><\/p>\n<p>&nbsp;<\/p>\n<hr \/>\n<p>&nbsp;<\/p>\n<blockquote>\n<h3>SAN PATRIGNANO A FELTRE<\/h3>\n<\/blockquote>\n<div class=\"kvgmc6g5 cxmmr5t8 oygrvhab hcukyx3x c1et5uql\"><a href=\"https:\/\/www.radiopiu.net\/wordpress\/giornale-radiopiu-15-ottobre-2021-direttore-mirko-mezzacasa\/245316959_10158538616854503_8387571088789690524_n\/\" rel=\"attachment wp-att-237072\"><img loading=\"lazy\" decoding=\"async\" class=\"size-medium wp-image-237072 alignleft\" src=\"https:\/\/www.radiopiu.net\/wordpress\/wp-content\/uploads\/2021\/10\/245316959_10158538616854503_8387571088789690524_n-300x157.jpg\" alt=\"\" width=\"300\" height=\"157\" srcset=\"https:\/\/www.radiopiu.net\/wordpress\/wp-content\/uploads\/2021\/10\/245316959_10158538616854503_8387571088789690524_n-300x157.jpg 300w, https:\/\/www.radiopiu.net\/wordpress\/wp-content\/uploads\/2021\/10\/245316959_10158538616854503_8387571088789690524_n-768x402.jpg 768w, https:\/\/www.radiopiu.net\/wordpress\/wp-content\/uploads\/2021\/10\/245316959_10158538616854503_8387571088789690524_n.jpg 960w\" sizes=\"auto, (max-width: 300px) 100vw, 300px\" \/><\/a><strong>FELTRE<\/strong> Domenica 24 ottobre, a partire dalle 18.00, presso il Museo Diocesano di Feltre si affronter\u00e0 il tema delle dipendenze attraverso la voce di chi ha vissuto la comunit\u00e0 di San Patrignano.<\/div>\n<div class=\"o9v6fnle cxmmr5t8 oygrvhab hcukyx3x c1et5uql\">Walter Delogu, ospite per anni della comunit\u00e0, autista e guardia del corpo del fondatore Vincenzo Muccioli, autore del libro \u201cIl Braccio Destro\u201d e tra i protagonisti della la docu-serie \u201cSanPa. Luci e tenebre di San Patrignano\u201d prodotta da Netflix.<\/div>\n<div><\/div>\n<div class=\"o9v6fnle cxmmr5t8 oygrvhab hcukyx3x c1et5uql\">Prenota ora il tuo biglietto:\u00a0<a class=\"oajrlxb2 g5ia77u1 qu0x051f esr5mh6w e9989ue4 r7d6kgcz rq0escxv nhd2j8a9 nc684nl6 p7hjln8o kvgmc6g5 cxmmr5t8 oygrvhab hcukyx3x jb3vyjys rz4wbd8a qt6c0cv9 a8nywdso i1ao9s8h esuyzwwr f1sip0of lzcic4wl py34i1dx gpro0wi8\" tabindex=\"0\" role=\"link\" href=\"https:\/\/la-parola-a-walter-delogu.eventbrite.it\/?fbclid=IwAR1tV-kG2HWho-2VG775XrTWwEfr8vnzKuCUJL5rKAasaecVBJn0WndXJbQ\" target=\"_blank\" rel=\"nofollow noopener\">https:\/\/la-parola-a-walter-delogu.eventbrite.it\u00a0<\/a><\/div>\n<div><\/div>\n<p>&nbsp;<\/p>\n<hr \/>\n<blockquote>\n<h3>LA FARMACIA COMUNALE DI AGORDO CERCA UN FARMACISTA<\/h3>\n<\/blockquote>\n<p><strong><a href=\"https:\/\/www.radiopiu.net\/wordpress\/ulss-1-la-distribuzione-diretta-farmaci-cambia-orari\/farmaci-2\/\" rel=\"attachment wp-att-165029\"><img loading=\"lazy\" decoding=\"async\" class=\" wp-image-165029 alignleft\" src=\"https:\/\/www.radiopiu.net\/wordpress\/wp-content\/uploads\/2020\/10\/FARMACI-300x200.jpg\" alt=\"\" width=\"227\" height=\"151\" srcset=\"https:\/\/www.radiopiu.net\/wordpress\/wp-content\/uploads\/2020\/10\/FARMACI-300x200.jpg 300w, https:\/\/www.radiopiu.net\/wordpress\/wp-content\/uploads\/2020\/10\/FARMACI-1024x683.jpg 1024w, https:\/\/www.radiopiu.net\/wordpress\/wp-content\/uploads\/2020\/10\/FARMACI-768x512.jpg 768w, https:\/\/www.radiopiu.net\/wordpress\/wp-content\/uploads\/2020\/10\/FARMACI-1536x1024.jpg 1536w, https:\/\/www.radiopiu.net\/wordpress\/wp-content\/uploads\/2020\/10\/FARMACI.jpg 1920w\" sizes=\"auto, (max-width: 227px) 100vw, 227px\" \/><\/a>AGORDO<\/strong> \u00c8 stata indetta una selezione pubblica per la copertura di un posto a tempo determinato e pieno (40 ore settimanali) nel profilo di farmacista collaboratore. La domanda deve essere presentata entro le ore 12:00 del giorno 30 ottobre 2021 a pena di esclusione, esclusivamente mediante una delle seguenti modalita\u0300: Presentazione direttamente all\u2019Ufficio Protocollo dell\u2019AZIENDA SPECIALE \u201cAGORDO SERVIZI\u201d via insurrezione n. 18\/C \u2013 32021 AGORDO (BL); raccomandata andata\/ritorno indirizzata ad Azienda Speciale Agordo Servizi in via Insurrezione 18\/C 32021 Agordo (BL); Per via telematica mediante Posta Elettronica Certificata (PEC) all\u2019indirizzo: 04315@pec.federfarma.it\u00a0 Qualsiasi sia la modalita\u0300 utilizzata per presentare la domanda, la stessa dovra\u0300 perentoriamente pervenire entro le ore 12:00 del giorno 30 ottobre 2021. L\u2019avviso di selezione e\u0300 pubblicato sul sito: <a href=\"https:\/\/agordofarmaciacomunale.it\/\">https:\/\/agordofarmaciacomunale.it\/<\/a><\/p>\n<p>&nbsp;<\/p>\n<p>&nbsp;<\/p>\n<hr \/>\n<p>&nbsp;<\/p>\n<blockquote>\n<h3>OGGI IL CONSIGLIO COMUNALE A CENCENIGHE<\/h3>\n<\/blockquote>\n<p><strong>CENCENIGHE<\/strong> Il sindaco di Cencenighe Mauro Soppelsa ha convocato i consiglieri comunali oggi alle 20:30 presso la sede del municipio. Tra i 4 punti da discutere, la nona variazione al bilancio, l&#8217;approvazione della convenzione per il servizio di tesoreria con affidamento al comune di Colle Santa Lucia e l&#8217;approvazione del regolamento per la detenzione e uso dell&#8217;armamento degli apparati della polizia locale.<\/p>\n<p>&nbsp;<\/p>\n<p>&nbsp;<\/p>\n<hr \/>\n<p>&nbsp;<\/p>\n<blockquote>\n<h3>A COLLE SANTA LUCIA IL CONSIGLIO COMUNALE SABATO MATTINA<\/h3>\n<\/blockquote>\n<p><strong>COLLE SANTA LUCIA<\/strong> Il sindaco di Colle Santa Lucia Paolo Frena ha convocato il consiglio comunale per domani mattina alle 8. Saranno 5 i punti da discutere comprese le comunicazioni del primo cittadino. Tra questi l&#8217;ottava variazione al bilancio, l&#8217;approvazione della convenzione di tesoreria con altri otto comuni dell&#8217;Agordino e le variazioni ed integrazioni al programma triennale 2021\/2023.<\/p>\n<p>&nbsp;<\/p>\n<p>&nbsp;<\/p>\n<hr \/>\n<p>&nbsp;<\/p>\n<blockquote>\n<h3>LUNEDI&#8217; SERA IL CONSIGLIO COMUNALE DI GOSALDO<\/h3>\n<\/blockquote>\n<p><strong>GOSALDO<\/strong> Sar\u00e0 un consiglio comunale breve quello di luned\u00ec sera a Gosaldo. Il sindaco Stefano Da Zanche ha convocato i consiglieri comunali in videoconferenza per le 18:30. Tre i punti da discutere tra cui la convenzione per l&#8217;affidamento della tesoreria all&#8217;Unione Montana Feltrina per il periodo 2022\/2026.<\/p>\n<p>&nbsp;<\/p>\n<hr \/>\n<p>&nbsp;<\/p>\n<blockquote>\n<h3>IL DUP A RIVAMONTE, MARTEDI LA PRESENTAZIONE AL CONSIGLIO COMUNALE<\/h3>\n<\/blockquote>\n<p><strong>RIVAMONTE<\/strong> Martedi alle 19 consiglio comunale convocato dal sindaco Nino Deon: quarta e quinta variazione al bilancio, convenzione con il servizio di tesoreria, documento unico di programmazione, esamente ed approvazione.<\/p>\n<p>&nbsp;<\/p>\n<p>&nbsp;<\/p>\n<hr \/>\n<p>&nbsp;<\/p>\n<blockquote>\n<h3>LA SALVAGUARDIA DEL NARCISO, RISULTATI INCORAGGIANTI<\/h3>\n<\/blockquote>\n<p><strong>BELLUNO<\/strong><\/p>\n<p><strong>DI MORENO GIOLI<\/strong><\/p>\n<audio class=\"wp-audio-shortcode\" id=\"audio-236915-3\" preload=\"none\" style=\"width: 100%;\" controls=\"controls\"><source type=\"audio\/mpeg\" src=\"https:\/\/www.radiopiu.net\/wordpress\/wp-content\/uploads\/2021\/10\/MORENO.mp3?_=3\" \/><a href=\"https:\/\/www.radiopiu.net\/wordpress\/wp-content\/uploads\/2021\/10\/MORENO.mp3\">https:\/\/www.radiopiu.net\/wordpress\/wp-content\/uploads\/2021\/10\/MORENO.mp3<\/a><\/audio>\n<p>&nbsp;<\/p>\n\n\t\t\t<style type='text\/css'>\n\t\t\t\t#gallery-4 {\n\t\t\t\t\tmargin: auto;\n\t\t\t\t}\n\t\t\t\t#gallery-4 .gallery-item {\n\t\t\t\t\tfloat: left;\n\t\t\t\t\tmargin-top: 10px;\n\t\t\t\t\ttext-align: center;\n\t\t\t\t\twidth: 50%;\n\t\t\t\t}\n\t\t\t\t#gallery-4 img {\n\t\t\t\t\tborder: 2px solid #cfcfcf;\n\t\t\t\t}\n\t\t\t\t#gallery-4 .gallery-caption {\n\t\t\t\t\tmargin-left: 0;\n\t\t\t\t}\n\t\t\t\t\/* see gallery_shortcode() in wp-includes\/media.php *\/\n\t\t\t<\/style>\n\t\t<div id='gallery-4' class='dt-gallery-container gallery galleryid-236915 gallery-columns-2 gallery-size-medium'><dl class='gallery-item'>\n\t\t\t\t<dt class='gallery-icon landscape'>\n\t\t\t\t\t<a class=\"rollover rollover-zoom dt-pswp-item\" title=\"c32a7397-a4c2-4275-8235-38ffbf008d60\" data-dt-img-description=\"\" data-large_image_width=\"1600\" data-large_image_height=\"737\"href='https:\/\/www.radiopiu.net\/wordpress\/wp-content\/uploads\/2021\/10\/c32a7397-a4c2-4275-8235-38ffbf008d60.jpg'><img loading=\"lazy\" decoding=\"async\" width=\"300\" height=\"138\" src=\"https:\/\/www.radiopiu.net\/wordpress\/wp-content\/uploads\/2021\/10\/c32a7397-a4c2-4275-8235-38ffbf008d60-300x138.jpg\" class=\"attachment-medium size-medium\" alt=\"\" srcset=\"https:\/\/www.radiopiu.net\/wordpress\/wp-content\/uploads\/2021\/10\/c32a7397-a4c2-4275-8235-38ffbf008d60-300x138.jpg 300w, https:\/\/www.radiopiu.net\/wordpress\/wp-content\/uploads\/2021\/10\/c32a7397-a4c2-4275-8235-38ffbf008d60-1024x472.jpg 1024w, https:\/\/www.radiopiu.net\/wordpress\/wp-content\/uploads\/2021\/10\/c32a7397-a4c2-4275-8235-38ffbf008d60-768x354.jpg 768w, https:\/\/www.radiopiu.net\/wordpress\/wp-content\/uploads\/2021\/10\/c32a7397-a4c2-4275-8235-38ffbf008d60-1536x708.jpg 1536w, https:\/\/www.radiopiu.net\/wordpress\/wp-content\/uploads\/2021\/10\/c32a7397-a4c2-4275-8235-38ffbf008d60.jpg 1600w\" sizes=\"auto, (max-width: 300px) 100vw, 300px\" \/><\/a>\n\t\t\t\t<\/dt><\/dl><dl class='gallery-item'>\n\t\t\t\t<dt class='gallery-icon landscape'>\n\t\t\t\t\t<a class=\"rollover rollover-zoom dt-pswp-item\" title=\"edfe36ae-4f49-4b84-ad79-4ad1927b1cf4\" data-dt-img-description=\"\" data-large_image_width=\"1600\" data-large_image_height=\"737\"href='https:\/\/www.radiopiu.net\/wordpress\/wp-content\/uploads\/2021\/10\/edfe36ae-4f49-4b84-ad79-4ad1927b1cf4.jpg'><img loading=\"lazy\" decoding=\"async\" width=\"300\" height=\"138\" src=\"https:\/\/www.radiopiu.net\/wordpress\/wp-content\/uploads\/2021\/10\/edfe36ae-4f49-4b84-ad79-4ad1927b1cf4-300x138.jpg\" class=\"attachment-medium size-medium\" alt=\"\" srcset=\"https:\/\/www.radiopiu.net\/wordpress\/wp-content\/uploads\/2021\/10\/edfe36ae-4f49-4b84-ad79-4ad1927b1cf4-300x138.jpg 300w, https:\/\/www.radiopiu.net\/wordpress\/wp-content\/uploads\/2021\/10\/edfe36ae-4f49-4b84-ad79-4ad1927b1cf4-1024x472.jpg 1024w, https:\/\/www.radiopiu.net\/wordpress\/wp-content\/uploads\/2021\/10\/edfe36ae-4f49-4b84-ad79-4ad1927b1cf4-768x354.jpg 768w, https:\/\/www.radiopiu.net\/wordpress\/wp-content\/uploads\/2021\/10\/edfe36ae-4f49-4b84-ad79-4ad1927b1cf4-1536x708.jpg 1536w, https:\/\/www.radiopiu.net\/wordpress\/wp-content\/uploads\/2021\/10\/edfe36ae-4f49-4b84-ad79-4ad1927b1cf4.jpg 1600w\" sizes=\"auto, (max-width: 300px) 100vw, 300px\" \/><\/a>\n\t\t\t\t<\/dt><\/dl><br style=\"clear: both\" \/>\n\t\t\t<\/div>\n\n<p>&nbsp;<\/p>\n<p>&nbsp;<\/p>\n<p>&nbsp;<\/p>\n<hr \/>\n<blockquote>\n<h3><\/h3>\n<h3>ERASMUS DAY, L\u2019AREA EUROPA APRE GLI SPAZI DELLA SEDE<\/h3>\n<\/blockquote>\n<p><strong>BELLUNO <\/strong>In occasione della quinta edizione dell&#8217;evento europeo \u201cErasmusdays\u201d, l&#8217;Area Europa del Comitato d\u2019Intesa organizza un evento informativo in presenza, sui temi degli scambi all\u2019estero, nel pomeriggio di oggi, dalle 15 alle 17. L&#8217;evento si svolger\u00e0 presso la sede dell&#8217;associazione, in via del Piave 5 a Belluno, in una modalit\u00e0 non didattica, ma bens\u00ec interattiva e informale. Il limite dei partecipanti \u00e8 di 25 persone dunque si preferisce l\u2019iscrizione via mail a europa@csvbelluno.it o inviando un messaggio al numero 329 6462513. Vi \u00e8 inoltre l&#8217;obbligo, per poter accedere, di possesso di Green Pass.<\/p>\n<p>&nbsp;<\/p>\n<p>&nbsp;<\/p>\n<hr \/>\n<p>&nbsp;<\/p>\n<blockquote>\n<h3>GLI APPUNTAMENTI DI OTTOBRE ROSA DELL&#8217;ULSS 1 DOLOMITI<\/h3>\n<\/blockquote>\n<p class=\"gmail-o9v6fnle gmail-cxmmr5t8 gmail-oygrvhab gmail-hcukyx3x gmail-c1et5uql gmail-ii04i59q\"><strong><a href=\"https:\/\/www.radiopiu.net\/wordpress\/giornale-radiopiu-09-ottobre-2021-direttore-mirko-mezzacasa\/ottobre-rosa\/\" rel=\"attachment wp-att-236082\"><img loading=\"lazy\" decoding=\"async\" class=\" wp-image-236082 alignleft\" src=\"https:\/\/www.radiopiu.net\/wordpress\/wp-content\/uploads\/2021\/10\/ottobre-rosa-212x300.png\" alt=\"\" width=\"134\" height=\"190\" srcset=\"https:\/\/www.radiopiu.net\/wordpress\/wp-content\/uploads\/2021\/10\/ottobre-rosa-212x300.png 212w, https:\/\/www.radiopiu.net\/wordpress\/wp-content\/uploads\/2021\/10\/ottobre-rosa-724x1024.png 724w, https:\/\/www.radiopiu.net\/wordpress\/wp-content\/uploads\/2021\/10\/ottobre-rosa-768x1086.png 768w, https:\/\/www.radiopiu.net\/wordpress\/wp-content\/uploads\/2021\/10\/ottobre-rosa-1086x1536.png 1086w, https:\/\/www.radiopiu.net\/wordpress\/wp-content\/uploads\/2021\/10\/ottobre-rosa.png 1414w\" sizes=\"auto, (max-width: 134px) 100vw, 134px\" \/><\/a>BELLUNO <\/strong>In occasione del mese dedicato alla sensibilizzazione sui tumori al seno, l&#8217;Ulss Dolomiti propone una serie di incontri di Gmeet aperti alla cittadinanza con l&#8217;obiettivo di favorire il dialogo con e tra le donne. Si parler\u00e0 di prevenzione, cura chirurgica, terapie oncologiche e radioterapiche e di come ricominciare a prendersi cura di s\u00e9 partendo da una lezione di trucco. Ecco il calendario: Un appuntamento speciale: la mammografia (senza segreti), Ho un tumore al seno. E adesso cosa succede? Mercoled\u00ec 20 ottobre ore 18.00 &#8211; 19.00, Incontro con: Laura Renon e Mauro Dal Soler (chirurghi). Il percorso prima e dopo l&#8217;operazione, Luned\u00ec 25 ottobre ore 18.00 &#8211; 19.00, Incontro con: Fable Zustovich (oncologo) e Filippo De Renzi (radioterapista). Ricomincio da me. Incontro con make up artist, Mercoled\u00ec 27 ottobre ore 18.00 &#8211; 19.00, Incontro con: Serena Zatta (make up artist)<\/p>\n<p>&nbsp;<\/p>\n<p>&nbsp;<\/p>\n<p>&nbsp;<\/p>\n<hr \/>\n<p>&nbsp;<\/p>\n<blockquote>\n<h3>I COLORI DELL&#8217;AUTUNNO, IL CONCORSO FOTOGRAFICO<\/h3>\n<\/blockquote>\n<p><strong><a href=\"https:\/\/www.radiopiu.net\/wordpress\/giornale-radiopiu-05-ottobre-2021-direttore-mirko-mezzacasa\/11872114_851463808295033_304473982179215535_o\/\" rel=\"attachment wp-att-235245\"><img loading=\"lazy\" decoding=\"async\" class=\"wp-image-235245 alignleft\" src=\"https:\/\/www.radiopiu.net\/wordpress\/wp-content\/uploads\/2021\/10\/11872114_851463808295033_304473982179215535_o-300x225.jpg\" alt=\"\" width=\"156\" height=\"117\" srcset=\"https:\/\/www.radiopiu.net\/wordpress\/wp-content\/uploads\/2021\/10\/11872114_851463808295033_304473982179215535_o-300x225.jpg 300w, https:\/\/www.radiopiu.net\/wordpress\/wp-content\/uploads\/2021\/10\/11872114_851463808295033_304473982179215535_o-1024x768.jpg 1024w, https:\/\/www.radiopiu.net\/wordpress\/wp-content\/uploads\/2021\/10\/11872114_851463808295033_304473982179215535_o-768x576.jpg 768w, https:\/\/www.radiopiu.net\/wordpress\/wp-content\/uploads\/2021\/10\/11872114_851463808295033_304473982179215535_o-1536x1152.jpg 1536w, https:\/\/www.radiopiu.net\/wordpress\/wp-content\/uploads\/2021\/10\/11872114_851463808295033_304473982179215535_o.jpg 2048w\" sizes=\"auto, (max-width: 156px) 100vw, 156px\" \/><\/a>CENCENIGHE<\/strong> La proloco ha indetto un concorso fotografico sui colori della stagione appena iniziata. Le fotografie dovranno pervenire entro il 31 ottobre all&#8217;indirizzo: concorsocoloriautunno@gmail.com. Sabato 13 novembre alle 15 la premiazione con l&#8217;esposizione delle foto al Nof Filo&#8217;. Il regolamento sul sito www.prolococencenighe.it<\/p>\n<p><span style=\"color: #ff0000;\">LO SPECIALE ALLA RADIO\u00a0<\/span><br \/>\n<strong>OSPITI: Milena Soppelsa, Francesca Trentin, Elisa Cancel e Orietta Scardanzan\u00a0<\/strong><\/p>\n<p><strong>di Claudio Fontanive<\/strong><\/p>\n<audio class=\"wp-audio-shortcode\" id=\"audio-236915-4\" preload=\"none\" style=\"width: 100%;\" controls=\"controls\"><source type=\"audio\/mpeg\" src=\"https:\/\/www.radiopiu.net\/wordpress\/wp-content\/uploads\/2021\/10\/concorso-fotografico-04-ottobre.mp3?_=4\" \/><a href=\"https:\/\/www.radiopiu.net\/wordpress\/wp-content\/uploads\/2021\/10\/concorso-fotografico-04-ottobre.mp3\">https:\/\/www.radiopiu.net\/wordpress\/wp-content\/uploads\/2021\/10\/concorso-fotografico-04-ottobre.mp3<\/a><\/audio>\n<p>&nbsp;<\/p>\n<p>&nbsp;<\/p>\n<hr \/>\n<p>&nbsp;<\/p>\n<h3 style=\"text-align: center;\">STAGIONI ALLA RADIO, DALLA PROSSIMA SETTIMANA DUE NUOVI PROGRAMMI<\/h3>\n<p><strong><a href=\"https:\/\/www.radiopiu.net\/wordpress\/la-rassegna-stampa-da-lamico-del-popolo-26-dicembre-2020\/luisa-manfroi-2\/\" rel=\"attachment wp-att-181500\"><img loading=\"lazy\" decoding=\"async\" class=\"wp-image-181500 alignleft\" src=\"https:\/\/www.radiopiu.net\/wordpress\/wp-content\/uploads\/2020\/12\/LUISA-MANFROI-300x300.jpg\" alt=\"\" width=\"118\" height=\"118\" srcset=\"https:\/\/www.radiopiu.net\/wordpress\/wp-content\/uploads\/2020\/12\/LUISA-MANFROI-300x300.jpg 300w, https:\/\/www.radiopiu.net\/wordpress\/wp-content\/uploads\/2020\/12\/LUISA-MANFROI-150x150.jpg 150w, https:\/\/www.radiopiu.net\/wordpress\/wp-content\/uploads\/2020\/12\/LUISA-MANFROI-768x770.jpg 768w, https:\/\/www.radiopiu.net\/wordpress\/wp-content\/uploads\/2020\/12\/LUISA-MANFROI.jpg 958w\" sizes=\"auto, (max-width: 118px) 100vw, 118px\" \/><\/a>REDAZIONE<\/strong> Da martedi alle 1030 e alle 19 (replica la domenica alle 10) ritorna su Radio Pi\u00f9 &#8220;Sempre connessi&#8221; il programma di Luisa Manfroi giunto alla terza stagione (le precedenti sul sito <strong><span style=\"color: #0000ff;\"><a style=\"color: #0000ff;\" href=\"https:\/\/www.radiopiu.net\/wordpress\/interconnessioni\/\">CLICCA QUI<\/a> <\/span><\/strong><span style=\"color: #0000ff;\"><span style=\"color: #000000;\">). Un nuovo ciclo in sette puntate con cadenza settimanale: <\/span><\/span>1^\u00a0 \u00a0Lo smartphone \u2013 il ruolo che riveste nella nostra vita digitale 2^\u00a0 La dipendenza dallo smartphone: i consigli dello psicologo 3 I rischi di internet: panoramica generale <img loading=\"lazy\" decoding=\"async\" class=\"alignright\" src=\"https:\/\/www.radiopiu.net\/wordpress\/wp-content\/uploads\/2020\/12\/MICROFONO-RADIO-PIU-300x300.jpeg\" width=\"119\" height=\"119\" \/>4^\u00a0 \u00a0Il cyberbullismo e l\u2019odio in rete 5^ Lo Spid, una credenziale per accedere online alla Pubblica Amministrazione 6^\u00a0 Federico Faggin: il fisico veneto padre del microprocessore 7^\u00a0 Bufale e fake news: quando la rete fa disinformazione.<\/p>\n<p>Da venerdi FREEMIX, la libert\u00e0 musicale mixate da Athos Dj (Davide Ben) e raccontata da Dj Jack (Jacopo Deltedesco), in onda il venerdi alle 17.15 e alle 22.30 il sabato alle 23.30<br \/>\n<strong>IL JINGLE\u00a0<\/strong><\/p>\n<audio class=\"wp-audio-shortcode\" id=\"audio-236915-5\" preload=\"none\" style=\"width: 100%;\" controls=\"controls\"><source type=\"audio\/mpeg\" src=\"https:\/\/www.radiopiu.net\/wordpress\/wp-content\/uploads\/2021\/10\/AUD-20211013-WA0021-1.mp3?_=5\" \/><a href=\"https:\/\/www.radiopiu.net\/wordpress\/wp-content\/uploads\/2021\/10\/AUD-20211013-WA0021-1.mp3\">https:\/\/www.radiopiu.net\/wordpress\/wp-content\/uploads\/2021\/10\/AUD-20211013-WA0021-1.mp3<\/a><\/audio>\n<p>&nbsp;<\/p>\n<p>&nbsp;<\/p>\n<hr \/>\n<p>&nbsp;<\/p>\n<blockquote>\n<h3>MUSICA<\/h3>\n<p>IL RITORNO DI VASCO ROSSI CON &#8220;SIAMO QUI&#8221;&#8230;DA OGGI SU RADIO PIU&#8217; di MARCO GAZ<\/p><\/blockquote>\n<p><strong><a href=\"https:\/\/www.radiopiu.net\/wordpress\/il-ritorno-di-vasco-rossi-con-siamo-qui-da-oggi-su-radio-piu\/schermata-2021-10-14-alle-23-05-12\/\" rel=\"attachment wp-att-237094\"><img loading=\"lazy\" decoding=\"async\" class=\" wp-image-237094 alignleft\" src=\"https:\/\/www.radiopiu.net\/wordpress\/wp-content\/uploads\/2021\/10\/Schermata-2021-10-14-alle-23.05.12-300x169.png\" alt=\"\" width=\"302\" height=\"170\" srcset=\"https:\/\/www.radiopiu.net\/wordpress\/wp-content\/uploads\/2021\/10\/Schermata-2021-10-14-alle-23.05.12-300x169.png 300w, https:\/\/www.radiopiu.net\/wordpress\/wp-content\/uploads\/2021\/10\/Schermata-2021-10-14-alle-23.05.12-1024x577.png 1024w, https:\/\/www.radiopiu.net\/wordpress\/wp-content\/uploads\/2021\/10\/Schermata-2021-10-14-alle-23.05.12-768x433.png 768w, https:\/\/www.radiopiu.net\/wordpress\/wp-content\/uploads\/2021\/10\/Schermata-2021-10-14-alle-23.05.12.png 1246w\" sizes=\"auto, (max-width: 302px) 100vw, 302px\" \/><\/a>MILANO<\/strong> \u00c8 in arrivo il nuovo Vasco Rossi con \u201cSIAMO QUI\u201d, il singolo fuori dappertutto e in radio da venerd\u00ec 15 ottobre. \u201cSIAMO QUI\u201d, la canzone, che ha dato il titolo all\u2019intero lavoro, anticipa di 1 mese la pubblicazione dell\u2019attesissimo album, che uscir\u00e0 nell\u2019ormai celeberrima data palindroma &#8230; e scaramantica, 12.11.21. Una speciale versione acustica del brano \u00e8 inclusa nel doppio LP e nel box super de luxe, due delle 9 differenti confezioni disponibili che faranno la gioia dei fan e superfan collezionisti e amanti delle edizioni in vinile, o numerate o autografate e\/o con 45 giri incluso.<\/p>\n<p><strong><span style=\"color: #ff0000;\"><em>IL NUOVO SINGOLO DI VASCO ROSSI LO PUOI ASCOLTARE IN ANTEPRIMA SULLE FREQUENZE DI RADIO PIU&#8217; OGGI ALLE 8:35, SUBITO DOPO LA RASSEGNA DELLA STAMPA LOCALE, ALL&#8217;INTERNO DI &#8220;RADIO PIU&#8217; PREMIERE&#8221;<\/em><\/span><\/strong><\/p>\n<p>&nbsp;<\/p>\n<p><strong>IL VIDEO<\/strong><\/p>\n<p><iframe loading=\"lazy\" title=\"Vasco Rossi - Siamo Qui (Visual Video)\" width=\"1200\" height=\"675\" src=\"https:\/\/www.youtube.com\/embed\/oQP67zYxdmU?feature=oembed\" frameborder=\"0\" allow=\"accelerometer; autoplay; clipboard-write; encrypted-media; gyroscope; picture-in-picture\" allowfullscreen><\/iframe><\/p>\n<p>&nbsp;<\/p>\n<p>&nbsp;<\/p>\n<p>&nbsp;<\/p>\n<p>&nbsp;<\/p>\n<hr \/>\n<p>&nbsp;<\/p>\n<p>&nbsp;<\/p>\n<blockquote>\n<h3>TAPPA A VALCHESINA GUIDATI DAL LIBRO DEL CLUB UNESCO \u201cUNA FINESTRA SU RIVA<\/h3>\n<p><strong>di RENATO BONA<\/strong><\/p><\/blockquote>\n<p>\u201d Altra tappa di avvicinamento verso il traguardo conclusivo del \u201cviaggio\u201d in comune di Rivamonte Agordino, guidati dallo splendido libro che il Club Unesco Agordino, presieduto dall\u2019amico Giuliano Laveder, ha dato alle stampe col titolo: \u201cUna finestra su Riva\u201d, per i tipi della tipografia Castaldi di Agordo nell\u2019ottobre 2013, con foto e immagini di Breveglieri, Burloni, A. Case, don Elio Cesco, Della Lucia, Ganz Falcade, Giorgio Fontanive, Cesare Gnech, Gibert, Giuliano Laveder, Piatti e don Giovanni Ren, e notizie storiche tratte dall\u2019archivio comunale e da quello personale di Laveder, dal bollettino parrocchiale \u201cLe campane di sant\u2019Antonio\u201d, dal circolo culturale \u201cLa Marol\u201d, \u201cEl Caselo de Riva 1894-1994: cento anni di storia e tradizioni della latteria di Villagrande di Rivamonte Agordino\u201d, dalla locale Societ\u00e0 operaia di mutuo soccorso \u201cSant\u2019Antonio\u201d, con coordinamento didascalico di Emilia Sommariva, presentazione del giornalista, originario di Rivamonte, Sergio Tazzer e di Maria Luisa Stringa, presidente emerito della Federazione italiana Club Unesco, infine con considerazioni di Adriano Ritacco, presidente della Federazione italiana dei Club e Centri Unesco (\u201c\u2026 Non vi \u00e8 alcun dubbio che conoscere a fondo il nostro passato ci induce a valutare il presente con pi\u00f9 attenzione, a considerare le difficolt\u00e0 e i sacrifici che hanno vissuto i nostri padri in un tempo non molto lontano, quando di molto poco disponevano, per costruire la societ\u00e0, per portare avanti una famiglia e per dare ad essa una dignitosa esistenza. Dai volti di coloro che l\u2019obiettivo ha immortalato, traspaiono difficolt\u00e0, preoccupazioni e stenti, comuni alla condizione sociale e umana di quel tempo. Le tappe del percorso umano, fermate dalle immagini fotografiche della raccolta che documentano il vissuto, delineano uno spaccato di quegli anni: rientrano a pieno titolo nel bagaglio umano e culturale di quella comunit\u00e0 e contribuiscono alla affermazione dei valori universali\u201d). Sostiamo a Valchesina di cui viene proposta una gran bella foto di gruppo con questa dicitura: \u201c\u201dValchesina &#8211; Inizi del \u2018900. Gruppo di abitanti: tra gli altri si riconoscono a destra il Th\u00f2t Patisse, orologiaio e scarpolin che abitava nell\u2019ultima casa di Valchesina Bassa\u201d. Segue l\u2019immagine, datata 1951, proprio di Valchesina Bassa, che documenta \u201cUn giro in bici\u201d con: Costante Fadig\u00e0, Elisa (Lisetta) Schena con il figlio Giovanni . Quindi ecco a Riva da Franche, 1959, Arturo Del Din ed Elda Schena sulla Vespa di Luciano Conedera. Altro gruppo dei primi anni \u201950. In prima fila da sinistra: Nina Conedera, Teresa Schena (Tares\u00f2t), Teresa Xaiz (Teres\u00e9ta del Gis\u00f2l), Luciano Xaiz, Rachele Conedera, Bruno di Varese e Guido Schena; seconda fila: Valentino Xaiz (Tin\u00f2l), Amalia Mottes, Domenico Schena (Menc\u00f2l), Luigi Xaiz (Gis\u00f2l), Nina del Gis\u00f2l, Margherita Schena (N\u00e9gra) con bambina in braccio,Arcangela (figlia del G\u00f3cio), Antonia Fadig\u00e0 (Tonin\u00e8l), Vincenza Conedera e Michele Schena (Micel\u00f9th). Per la cronaca: nel 1944 le famiglie residenti nella frazione erano 24. Dello stesso periodo ecco Antonio Xaiz impegnato con il taglio della legna e, dietro, Mos\u00e8 Xaiz con il figlio Giovanni. Per la cronaca: \u201cUn personaggio da ricordare della frazione \u00e8 Antonio Schena (T\u00f2ni Mar\u00e8be) per un fatto eroico e citato anche nel libro di Giulio Bedeschi \u2018Centomila gavette di ghiaccio\u2019. Antonio era militare in Russia e ha sacrificato la sua vita al posto di un commilitone. Ultimo ricordo di questo rivamontese \u00e8 l\u2019incontro casuale avuto con il compaesano Mario Cont mentre questi si stava cuocendo due patate nell\u2019elmo. In quella circostanza difficile Mario e Antonio si sono lasciati con l\u2019augurio di incontrarsi nuovamente a Rivamonte; purtroppo nessuno dei due ha pi\u00f9 rivisto le proprie montagne\u201d. All\u2019immagine successiva \u00e8 stato dato il titolo: \u201cIn pullman verso Franche\u201d con questa didascalia: \u201cLa ditta Buzzatti ha iniziato a gestire il servizio di trasporto per Rivamonte negli anni \u201930 con un Fiat 514 dotato di ben 7 posti. L\u2019autista era Guido Facciotto di Agordo. Nel febbraio del 1931, a causa delle abbondanti nevicate stagionali e del rischio di caduta valanghe, fu sospeso il servizio di autocorriera per ben 12 giorni; in tale periodo il servizio postale fu effettuato a mezzo slitte. Nel 1934 la strada Gosaldo-Passo Franche-Rivamonte-Ponte Alto richiedeva ancora di essere dotata di parapetti, ponti e di paracarri al fine di garantire l\u2019incolumit\u00e0 dei passanti, oltre ad un ampliamento di almeno 5 metri, larghezza sufficiente per il traffico degli autoveicoli\u201d. Tocca ora a Valchesina Bassa, anni \u201950 con un gruppetto in cui sono netta maggioranza le signore: davanti, a sinistra: Elda Schena e Annamaria Frigerio, in mezzo Angelina Angoletta, dietro da sinistra: Domenico Xaiz (Pel\u00ecn), Marietta Schena e Maddalena Mattarel. E ora siamo a Valchesina, anni \u201960 con il Gruppo per le missioni. Un tempo &#8211; \u00e8 scritto &#8211; era consuetudine che venissero in visita alle frazioni i frati missionari, si organizzavano delle processioni e ancora in molti ricordano le loro prediche al termine delle quali lasciavano in dono una Croce\u201d. Eccoci a \u201cValchesina. Am\u00e8da Mabile. Nella frazione, la signora Elisabetta Selle di Cristoforo (detta Bettina) gestiva un negozio di generi alimentari a cui era annessa anche un\u2019osteria. Inoltre, Bettina possedeva una macchina per il confezionamento delle calze\u201d. Di nuovo Anni\u201960 col gruppo-mini: in piedi, da sinistra: Fiorella, Sandro, Mario, e Chiara Xaiz, davanti, da sinistra: Franco e Fausto Schena. Conclusione della gradevole trasferta con l\u2019immagine intitolata \u201cValchesina Alta &#8211; 1953\u201d in cui si riconoscono, davanti da sinistra: Renato Schena e Luigia Da Costa; dietro, sempre da sinistra: Guido Schena, Giovanna Schena, Annetta Schena, Teresa Xaiz, Maria Schena, Teresa Schena e Margherita Schena. Ultima fotografia proposta in questa occasione \u00e8 quella che ci mostra, restando a Valchesina Alta: Rosa Schena (nonna di Antonietta e Maria Rosa Casera. Per la cronaca viene ricordato che \u201cnel 1932 il villaggio contava circa cinquanta abitanti\u201d.<\/p>\n\n\t\t\t<style type='text\/css'>\n\t\t\t\t#gallery-5 {\n\t\t\t\t\tmargin: auto;\n\t\t\t\t}\n\t\t\t\t#gallery-5 .gallery-item {\n\t\t\t\t\tfloat: left;\n\t\t\t\t\tmargin-top: 10px;\n\t\t\t\t\ttext-align: center;\n\t\t\t\t\twidth: 16%;\n\t\t\t\t}\n\t\t\t\t#gallery-5 img {\n\t\t\t\t\tborder: 2px solid #cfcfcf;\n\t\t\t\t}\n\t\t\t\t#gallery-5 .gallery-caption {\n\t\t\t\t\tmargin-left: 0;\n\t\t\t\t}\n\t\t\t\t\/* see gallery_shortcode() in wp-includes\/media.php *\/\n\t\t\t<\/style>\n\t\t<div id='gallery-5' class='dt-gallery-container gallery galleryid-236915 gallery-columns-6 gallery-size-thumbnail'><dl class='gallery-item'>\n\t\t\t\t<dt class='gallery-icon landscape'>\n\t\t\t\t\t<a class=\"rollover rollover-zoom dt-pswp-item\" title=\"245209172_998299064080107_2786660151658455946_n\" data-dt-img-description=\"\" data-large_image_width=\"321\" data-large_image_height=\"206\"href='https:\/\/www.radiopiu.net\/wordpress\/wp-content\/uploads\/2021\/10\/245209172_998299064080107_2786660151658455946_n.jpg'><img loading=\"lazy\" decoding=\"async\" width=\"150\" height=\"150\" src=\"https:\/\/www.radiopiu.net\/wordpress\/wp-content\/uploads\/2021\/10\/245209172_998299064080107_2786660151658455946_n-150x150.jpg\" class=\"attachment-thumbnail size-thumbnail\" alt=\"\" \/><\/a>\n\t\t\t\t<\/dt><\/dl><dl class='gallery-item'>\n\t\t\t\t<dt class='gallery-icon portrait'>\n\t\t\t\t\t<a class=\"rollover rollover-zoom dt-pswp-item\" title=\"245605539_174798754812891_294533181065235596_n\" data-dt-img-description=\"\" data-large_image_width=\"155\" data-large_image_height=\"225\"href='https:\/\/www.radiopiu.net\/wordpress\/wp-content\/uploads\/2021\/10\/245605539_174798754812891_294533181065235596_n.jpg'><img loading=\"lazy\" decoding=\"async\" width=\"150\" height=\"150\" src=\"https:\/\/www.radiopiu.net\/wordpress\/wp-content\/uploads\/2021\/10\/245605539_174798754812891_294533181065235596_n-150x150.jpg\" class=\"attachment-thumbnail size-thumbnail\" alt=\"\" \/><\/a>\n\t\t\t\t<\/dt><\/dl><dl class='gallery-item'>\n\t\t\t\t<dt class='gallery-icon landscape'>\n\t\t\t\t\t<a class=\"rollover rollover-zoom dt-pswp-item\" title=\"245393570_432370624987242_7303600388067287083_n\" data-dt-img-description=\"\" data-large_image_width=\"317\" data-large_image_height=\"206\"href='https:\/\/www.radiopiu.net\/wordpress\/wp-content\/uploads\/2021\/10\/245393570_432370624987242_7303600388067287083_n.jpg'><img loading=\"lazy\" decoding=\"async\" width=\"150\" height=\"150\" src=\"https:\/\/www.radiopiu.net\/wordpress\/wp-content\/uploads\/2021\/10\/245393570_432370624987242_7303600388067287083_n-150x150.jpg\" class=\"attachment-thumbnail size-thumbnail\" alt=\"\" \/><\/a>\n\t\t\t\t<\/dt><\/dl><dl class='gallery-item'>\n\t\t\t\t<dt class='gallery-icon landscape'>\n\t\t\t\t\t<a class=\"rollover rollover-zoom dt-pswp-item\" title=\"245537865_1020309365485893_1832019016169588637_n\" data-dt-img-description=\"\" data-large_image_width=\"338\" data-large_image_height=\"206\"href='https:\/\/www.radiopiu.net\/wordpress\/wp-content\/uploads\/2021\/10\/245537865_1020309365485893_1832019016169588637_n.jpg'><img loading=\"lazy\" decoding=\"async\" width=\"150\" height=\"150\" src=\"https:\/\/www.radiopiu.net\/wordpress\/wp-content\/uploads\/2021\/10\/245537865_1020309365485893_1832019016169588637_n-150x150.jpg\" class=\"attachment-thumbnail size-thumbnail\" alt=\"\" \/><\/a>\n\t\t\t\t<\/dt><\/dl><dl class='gallery-item'>\n\t\t\t\t<dt class='gallery-icon landscape'>\n\t\t\t\t\t<a class=\"rollover rollover-zoom dt-pswp-item\" title=\"245271533_280976917210552_1888469961768836016_n\" data-dt-img-description=\"\" data-large_image_width=\"309\" data-large_image_height=\"206\"href='https:\/\/www.radiopiu.net\/wordpress\/wp-content\/uploads\/2021\/10\/245271533_280976917210552_1888469961768836016_n.jpg'><img loading=\"lazy\" decoding=\"async\" width=\"150\" height=\"150\" src=\"https:\/\/www.radiopiu.net\/wordpress\/wp-content\/uploads\/2021\/10\/245271533_280976917210552_1888469961768836016_n-150x150.jpg\" class=\"attachment-thumbnail size-thumbnail\" alt=\"\" \/><\/a>\n\t\t\t\t<\/dt><\/dl><dl class='gallery-item'>\n\t\t\t\t<dt class='gallery-icon landscape'>\n\t\t\t\t\t<a class=\"rollover rollover-zoom dt-pswp-item\" title=\"245308577_325193242698730_3676181269307538719_n\" data-dt-img-description=\"\" data-large_image_width=\"296\" data-large_image_height=\"202\"href='https:\/\/www.radiopiu.net\/wordpress\/wp-content\/uploads\/2021\/10\/245308577_325193242698730_3676181269307538719_n.jpg'><img loading=\"lazy\" decoding=\"async\" width=\"150\" height=\"150\" src=\"https:\/\/www.radiopiu.net\/wordpress\/wp-content\/uploads\/2021\/10\/245308577_325193242698730_3676181269307538719_n-150x150.jpg\" class=\"attachment-thumbnail size-thumbnail\" alt=\"\" \/><\/a>\n\t\t\t\t<\/dt><\/dl><br style=\"clear: both\" \/><dl class='gallery-item'>\n\t\t\t\t<dt class='gallery-icon landscape'>\n\t\t\t\t\t<a class=\"rollover rollover-zoom dt-pswp-item\" title=\"245427101_876498373231681_5568268504158861479_n\" data-dt-img-description=\"\" data-large_image_width=\"320\" data-large_image_height=\"200\"href='https:\/\/www.radiopiu.net\/wordpress\/wp-content\/uploads\/2021\/10\/245427101_876498373231681_5568268504158861479_n.jpg'><img loading=\"lazy\" decoding=\"async\" width=\"150\" height=\"150\" src=\"https:\/\/www.radiopiu.net\/wordpress\/wp-content\/uploads\/2021\/10\/245427101_876498373231681_5568268504158861479_n-150x150.jpg\" class=\"attachment-thumbnail size-thumbnail\" alt=\"\" \/><\/a>\n\t\t\t\t<\/dt><\/dl><dl class='gallery-item'>\n\t\t\t\t<dt class='gallery-icon landscape'>\n\t\t\t\t\t<a class=\"rollover rollover-zoom dt-pswp-item\" title=\"245192242_828492511169226_5838752680365656643_n\" data-dt-img-description=\"\" data-large_image_width=\"274\" data-large_image_height=\"206\"href='https:\/\/www.radiopiu.net\/wordpress\/wp-content\/uploads\/2021\/10\/245192242_828492511169226_5838752680365656643_n.jpg'><img loading=\"lazy\" decoding=\"async\" width=\"150\" height=\"150\" src=\"https:\/\/www.radiopiu.net\/wordpress\/wp-content\/uploads\/2021\/10\/245192242_828492511169226_5838752680365656643_n-150x150.jpg\" class=\"attachment-thumbnail size-thumbnail\" alt=\"\" \/><\/a>\n\t\t\t\t<\/dt><\/dl><dl class='gallery-item'>\n\t\t\t\t<dt class='gallery-icon portrait'>\n\t\t\t\t\t<a class=\"rollover rollover-zoom dt-pswp-item\" title=\"245563644_599580021400378_8460888463457028795_n\" data-dt-img-description=\"\" data-large_image_width=\"168\" data-large_image_height=\"203\"href='https:\/\/www.radiopiu.net\/wordpress\/wp-content\/uploads\/2021\/10\/245563644_599580021400378_8460888463457028795_n.jpg'><img loading=\"lazy\" decoding=\"async\" width=\"150\" height=\"150\" src=\"https:\/\/www.radiopiu.net\/wordpress\/wp-content\/uploads\/2021\/10\/245563644_599580021400378_8460888463457028795_n-150x150.jpg\" class=\"attachment-thumbnail size-thumbnail\" alt=\"\" \/><\/a>\n\t\t\t\t<\/dt><\/dl><dl class='gallery-item'>\n\t\t\t\t<dt class='gallery-icon portrait'>\n\t\t\t\t\t<a class=\"rollover rollover-zoom dt-pswp-item\" title=\"245330240_735765677821603_8541619666415011722_n\" data-dt-img-description=\"\" data-large_image_width=\"158\" data-large_image_height=\"240\"href='https:\/\/www.radiopiu.net\/wordpress\/wp-content\/uploads\/2021\/10\/245330240_735765677821603_8541619666415011722_n.jpg'><img loading=\"lazy\" decoding=\"async\" width=\"150\" height=\"150\" src=\"https:\/\/www.radiopiu.net\/wordpress\/wp-content\/uploads\/2021\/10\/245330240_735765677821603_8541619666415011722_n-150x150.jpg\" class=\"attachment-thumbnail size-thumbnail\" alt=\"\" \/><\/a>\n\t\t\t\t<\/dt><\/dl><dl class='gallery-item'>\n\t\t\t\t<dt class='gallery-icon landscape'>\n\t\t\t\t\t<a class=\"rollover rollover-zoom dt-pswp-item\" title=\"245318652_2381391548659591_366990425332165626_n\" data-dt-img-description=\"\" data-large_image_width=\"317\" data-large_image_height=\"206\"href='https:\/\/www.radiopiu.net\/wordpress\/wp-content\/uploads\/2021\/10\/245318652_2381391548659591_366990425332165626_n.jpg'><img loading=\"lazy\" decoding=\"async\" width=\"150\" height=\"150\" src=\"https:\/\/www.radiopiu.net\/wordpress\/wp-content\/uploads\/2021\/10\/245318652_2381391548659591_366990425332165626_n-150x150.jpg\" class=\"attachment-thumbnail size-thumbnail\" alt=\"\" \/><\/a>\n\t\t\t\t<\/dt><\/dl><dl class='gallery-item'>\n\t\t\t\t<dt class='gallery-icon landscape'>\n\t\t\t\t\t<a class=\"rollover rollover-zoom dt-pswp-item\" title=\"245236434_4944596498906522_5134646480698349629_n\" data-dt-img-description=\"\" data-large_image_width=\"275\" data-large_image_height=\"206\"href='https:\/\/www.radiopiu.net\/wordpress\/wp-content\/uploads\/2021\/10\/245236434_4944596498906522_5134646480698349629_n.jpg'><img loading=\"lazy\" decoding=\"async\" width=\"150\" height=\"150\" src=\"https:\/\/www.radiopiu.net\/wordpress\/wp-content\/uploads\/2021\/10\/245236434_4944596498906522_5134646480698349629_n-150x150.jpg\" class=\"attachment-thumbnail size-thumbnail\" alt=\"\" \/><\/a>\n\t\t\t\t<\/dt><\/dl><br style=\"clear: both\" \/>\n\t\t\t<\/div>\n\n<p>&nbsp;<\/p>\n<p>&nbsp;<\/p>\n<p>&nbsp;<\/p>\n<hr \/>\n<blockquote>\n<h3><\/h3>\n<h3>CSV BELLUNO E TREVISO APRE UN BANDO PER BORSE DI STUDIO<\/h3>\n<\/blockquote>\n<p><strong>BELLUNO<\/strong> Anche il CSV (centro servizi per il volontariato) Belluno Treviso per valorizzare il ricordo (nel centenario della sua nascita 10.10.1921) del grande scrittore poeta, Andrea Zanzotto, ha promosso un concorso letterario, con riconoscimento di borse di studio, per studenti universitari residenti nelle province di Belluno e Treviso. Gli interessati, per la partecipazione al concorso, dovranno chiedere il bando alle Segreterie delle sedi territoriali CSV Belluno e\/o Treviso. Il bando su Andrea Zanzotto si affianca agli altri due concorsi CSV BL TV, sulle straordinarie personalit\u00e0 culturali venete: Mario Rigoni Stern e Dino Buzzati<\/p>\n<p>&nbsp;<\/p>\n<p>&nbsp;<\/p>\n<hr \/>\n<p>&nbsp;<\/p>\n<blockquote>\n<h3>\u00a0PIANO STRAORDINARIO SPORT E SALUTE PER LA SCUOLA PRIMARIA E SECONDARIA DI PRIMO GRADO<\/h3>\n<\/blockquote>\n<p><strong>BELLUNO<\/strong> Sono aperte \u00a0le adesioni per le scuole primarie che vogliono partecipare a Scuola Attiva Kids, la proposta motoria, sportiva ed educativa dedicata alla scuola primaria. Avvio del progetto ad inizio novembre, con l\u2019arrivo dei Tutor sportivi scolastici nelle scuole che aderiranno. Progetto promosso da Sport e Salute &#8211; d\u2019intesa con la Sottosegretaria allo Sport &#8211; e il Ministero dell\u2019Istruzione, per promuovere l\u2019attivit\u00e0 fisica e sportiva, oltre alla cultura del benessere e del movimento, nella scuola primaria. Fino al 18 ottobre, le scuole possono aderire all\u2019iniziativa, tramite apposita piattaforma informatica presente nella pagina dedicata del sito di Sport e Salute. Concluse, invece, le candidature dei Tutor Sportivi Scolastici (laureati in Scienze motorie o diplomati ISEF). La piattaforma per adesioni e candidature \u00e8 raggiungibile dal sito www.sportesalute.eu<\/p>\n<p>&nbsp;<\/p>\n<hr \/>\n<p>&nbsp;<\/p>\n<blockquote>\n<h3>FISIOTERAPIA GRATUITA PER UN GIOVANE CON DISABILIT\u00c0<\/h3>\n<\/blockquote>\n<blockquote>\n<h3><em><strong>L&#8217;impegno de \u201cLa mongolfiera di Giorgia\u201d prosegue ora con un nuovo bando<\/strong><\/em><\/h3>\n<\/blockquote>\n<p><a href=\"https:\/\/www.radiopiu.net\/wordpress\/fisioterapia-gratuita-per-un-giovane-con-disabilita\/giorgia-praloran-6\/\" rel=\"attachment wp-att-237001\"><img loading=\"lazy\" decoding=\"async\" class=\" wp-image-237001 alignleft\" src=\"https:\/\/www.radiopiu.net\/wordpress\/wp-content\/uploads\/2021\/10\/giorgia-praloran-300x271.jpg\" alt=\"\" width=\"207\" height=\"187\" srcset=\"https:\/\/www.radiopiu.net\/wordpress\/wp-content\/uploads\/2021\/10\/giorgia-praloran-300x271.jpg 300w, https:\/\/www.radiopiu.net\/wordpress\/wp-content\/uploads\/2021\/10\/giorgia-praloran.jpg 716w\" sizes=\"auto, (max-width: 207px) 100vw, 207px\" \/><\/a><strong>BELLUNO<\/strong> Si \u00e8 concluso un primo bando per Giorgia, proposto durante l&#8217;estate in collaborazione con la Cooperativa Sociale Croce Blu Belluno che ha offerto due pacchetti di fisioterapia, ciascuno di dieci sedute: uno \u00e8 stato assegnato a un giovane bellunese di 22 anni, in condizioni di disabilit\u00e0 certificata, la cui candidatura entro i termini rispondeva ai requisiti del regolamento. Non essendo pervenute altre richieste, in sostituzione al secondo pacchetto non assegnato sono stati messi a disposizione\u00a0 250 euro a favore dell&#8217;associazione stessa.\u00a0 \u201cLa mongolfiera di Giorgia\u201d ha presentato ora il nuovo bando rivolto agli adolescenti tra i 13 ed i 24 anni con disabilit\u00e0 certificata e bisognosi di sollievo. L&#8217;associazione finanzier\u00e0\u00a0 con 6000 euro i progetti presentati e finalizzati ad un miglioramento del benessere psico-fisico dei destinatari. Il bando si \u00e8 aperto lo scorso 10 ottobre (quinto anniversario dalla scomparsa di Giorgia) e le domande dovranno essere presentate entro il 9 dicembre, con l\u2019invio del modulo scaricabile da www.lamongolfieradigiorgia.it o richiedibile all\u2019e-mail lamongolfieradigiorgia@gmail.com.<\/p>\n<p>&nbsp;<\/p>\n<p>&nbsp;<\/p>\n<hr \/>\n<p>&nbsp;<\/p>\n<blockquote>\n<h3>RITORNA IL MERCATINO DI SAN MARTINO<\/h3>\n<\/blockquote>\n<p><strong>BELLUNO<\/strong> Ritorna a Salce dopo un anno di arresto forzato dovuto alla pandemia Covid il \u201cMercatino di San Martino\u201d, che rappresenta non solo un&#8217;opportunit\u00e0 di solidariet\u00e0, ma anche una delle pi\u00f9 belle feste paesane del periodo autunnale. In oltre 30 anni di storia il mercatino continua ancor oggi ad unire occasioni di intrattenimento e fratellanza. L\u2019appuntamento, nel rispetto delle normative anti contagio, in questo 2021 \u00e8 per domenica 7 novembre presso il campo sportivo di Salce \u2013 \u201ccasetta degli Alpini\u201d con inizio alle ore 9.00. Saranno a disposizione dei visitatori non solo prodotti ortofrutticoli locali, ma anche prodotti dolciari come i tipici crostoli, le torte, i biscotti e gli oggetti frutto dell\u2019artigianato locale. Una delle chicche pi\u00f9 apprezzate dai visitatori sono i prodotti \u201ctake-away\u201d come i pasticci pronti da infornare, le trippe, i canederli e molto altro ancora. Per facilitare la vendita ed evitare assembramenti alcuni prodotti sono pre ordinabili al telefono o online: tutte le informazioni utili nel sito www.parrocchiadisalce.it.<\/p>\n<p>&nbsp;<\/p>\n<hr \/>\n<p>&nbsp;<\/p>\n<p>&nbsp;<\/p>\n<blockquote>\n<h3>DOMENICA CON IL CAI DI AGORDO PER IL TROI DEI CIMBRI<\/h3>\n<\/blockquote>\n<p><strong>AGORDO\u00a0<\/strong> I Cimbri, popolo di origine tedesca, gi\u00e0 dall&#8217;anno mille scesero per lavorare come boscaioli stagionali nella foresta del Cansiglio, il Cai di Agordo nell&#8217;ambito delle escursioni di alpinismo giovanile lo percorrer\u00e0\u00a0 lungo un sentiero che proprio da loro prende il nome. Il &#8220;Troi dei Cimbri&#8221; \u00e8 un facile percorso sull&#8217;altopiano del Cansiglio che attraversa la famosa foresta con i suoi faggi e abeti bianchi, in questo periodo particolarmente affascinante e variopinta. L&#8217;appuntamento \u00a0per i giovani aquilotti e famiglie \u00e8 per domenica 17 ottobre con una escursione medio-facile che ci far\u00e0 conoscere meglio questo angolo della provincia bellunese.<\/p>\n<p>&nbsp;<\/p>\n<p>&nbsp;<\/p>\n<hr \/>\n<p>&nbsp;<\/p>\n<blockquote>\n<h3>DOLOMITI GREEN BRICK OGGI IN SALA DON TAMIS<\/h3>\n<\/blockquote>\n<p><strong>AGORDO<\/strong> Oggi alle 15 in Sala Don Tamis ad Agordo ci sar\u00e0 un incontro per presentare il progetto &#8220;Dolomiti Green Brick&#8221;. Saranno presenti Giorgio Farenzena di Ecodolomiti srl, Luca Canzan del Consorzio CIFORT, Il professor Raffaele Cavalli e il Presidente dell&#8217;Unione Montana Agordina Michele Costa.<\/p>\n<p>&nbsp;<\/p>\n<p>&nbsp;<\/p>\n<hr \/>\n<p>&nbsp;<\/p>\n<blockquote>\n<h3>IL LIBRO DI DANILO COPPE &#8220;CRIMINI ESPLOSIVI&#8221; SARA&#8217; PRESENTATO IN SALA DON TAMIS IL 15 OTTOBRE<\/h3>\n<\/blockquote>\n<p><strong><a href=\"https:\/\/www.radiopiu.net\/wordpress\/il-libro-di-danilo-coppe-crimini-esplosivi-sara-presentato-in-sala-don-tamis-il-15-ottobre\/crimini-esplosivi-green-pass\/\" rel=\"attachment wp-att-235916\"><img loading=\"lazy\" decoding=\"async\" class=\"size-medium wp-image-235916 alignleft\" src=\"https:\/\/www.radiopiu.net\/wordpress\/wp-content\/uploads\/2021\/10\/crimini-esplosivi-green-pass-212x300.jpg\" alt=\"\" width=\"212\" height=\"300\" srcset=\"https:\/\/www.radiopiu.net\/wordpress\/wp-content\/uploads\/2021\/10\/crimini-esplosivi-green-pass-212x300.jpg 212w, https:\/\/www.radiopiu.net\/wordpress\/wp-content\/uploads\/2021\/10\/crimini-esplosivi-green-pass-724x1024.jpg 724w, https:\/\/www.radiopiu.net\/wordpress\/wp-content\/uploads\/2021\/10\/crimini-esplosivi-green-pass-768x1086.jpg 768w, https:\/\/www.radiopiu.net\/wordpress\/wp-content\/uploads\/2021\/10\/crimini-esplosivi-green-pass-1086x1536.jpg 1086w, https:\/\/www.radiopiu.net\/wordpress\/wp-content\/uploads\/2021\/10\/crimini-esplosivi-green-pass-1448x2048.jpg 1448w, https:\/\/www.radiopiu.net\/wordpress\/wp-content\/uploads\/2021\/10\/crimini-esplosivi-green-pass.jpg 1754w\" sizes=\"auto, (max-width: 212px) 100vw, 212px\" \/><\/a> <\/strong><\/p>\n<p><strong>\u00a0 <\/strong><\/p>\n<p><strong>\u00a0<\/strong><\/p>\n<p><strong>AGORDO <\/strong>Si parla di Crimini Esplosivi con l\u2019omonimo libro, nella presentazione organizzata dall\u2019APIM Associazione Periti Minerari. Oggi alle ore 18.00 presso la Sala Don Tamis di Agordo, l\u2019autore Danilo Coppe, noto esplosivista, riveler\u00e0 molti segreti che hanno caratterizzato, fra l\u2019altro, gli Anni di Piombo e tutte le altre vicende storiche che hanno visto protagonisti negativi gli esplosivi. Danilo Coppe \u00e8 uno che gli esplosivi li ha sempre usati a fin di bene, come quando ha abbattuto le campate 10 e 11 del Ponte Morandi. Ma la sua attivit\u00e0 di consulente per tanti Tribunali italiani gli hanno consentito di studiare anche i fenomeni criminali e terroristici, avendo a disposizione una moltitudine di documenti inediti. L\u2019incontro \u00e8 aperto a tutti. Ingresso con green pass.<\/p>\n<p>&nbsp;<\/p>\n<p>&nbsp;<\/p>\n<p>&nbsp;<\/p>\n<p>&nbsp;<\/p>\n<p>&nbsp;<\/p>\n<hr \/>\n<p>&nbsp;<\/p>\n<p style=\"text-align: center;\"><strong>RINASCE LA CORALITA&#8217;\u00a0<\/strong><\/p>\n<p><a href=\"https:\/\/www.radiopiu.net\/wordpress\/giornale-radiopiu-13-ottobre-2021-direttore-mirko-mezzacasa\/245080829_1011662246286010_2438703064500773513_n\/\" rel=\"attachment wp-att-236727\"><img loading=\"lazy\" decoding=\"async\" class=\" wp-image-236727 aligncenter\" src=\"https:\/\/www.radiopiu.net\/wordpress\/wp-content\/uploads\/2021\/10\/245080829_1011662246286010_2438703064500773513_n-210x300.jpg\" alt=\"\" width=\"273\" height=\"390\" srcset=\"https:\/\/www.radiopiu.net\/wordpress\/wp-content\/uploads\/2021\/10\/245080829_1011662246286010_2438703064500773513_n-210x300.jpg 210w, https:\/\/www.radiopiu.net\/wordpress\/wp-content\/uploads\/2021\/10\/245080829_1011662246286010_2438703064500773513_n.jpg 504w\" sizes=\"auto, (max-width: 273px) 100vw, 273px\" \/><\/a><\/p>\n<p>&nbsp;<\/p>\n<p>&nbsp;<\/p>\n<hr \/>\n<p>&nbsp;<\/p>\n<blockquote>\n<h3>GRANDE FESTA DI INSIEME SI PU\u00d2 DOMENICA 17 OTTOBRE A LONGARONE<\/h3>\n<\/blockquote>\n<p><strong><a href=\"https:\/\/www.radiopiu.net\/wordpress\/giornale-radiopiu-14-ottobre-2021-direttore-mirko-mezzacasa\/insieme-si-puo\/\" rel=\"attachment wp-att-236824\"><img loading=\"lazy\" decoding=\"async\" class=\"size-medium wp-image-236824 alignleft\" src=\"https:\/\/www.radiopiu.net\/wordpress\/wp-content\/uploads\/2021\/10\/INSIEME-SI-PUO-300x87.png\" alt=\"\" width=\"300\" height=\"87\" srcset=\"https:\/\/www.radiopiu.net\/wordpress\/wp-content\/uploads\/2021\/10\/INSIEME-SI-PUO-300x87.png 300w, https:\/\/www.radiopiu.net\/wordpress\/wp-content\/uploads\/2021\/10\/INSIEME-SI-PUO.png 580w\" sizes=\"auto, (max-width: 300px) 100vw, 300px\" \/><\/a>BELLUNO <\/strong>Nella giornata di domenica 17 ottobre presso le sale delle opere parrocchiali di Longarone si terr\u00e0 l\u2019annuale festa dei gruppi e dei volontari dell\u2019associazione \u201cInsieme si pu\u00f2&#8230;\u201d onlus. Un momento di incontro e condivisione per tutti coloro che ruotano attorno all\u2019associazione, ma che \u00e8 aperto anche a chiunque voglia partecipare, dato il programma della giornata e gli ospiti speciali che interverranno. Tutte le attivit\u00e0 si terranno nel rispetto delle vigenti norme anti-Covid e per partecipare alla giornata e al concerto sar\u00e0 necessario esibire il green pass. Per una migliore organizzazione, \u00e8 consigliata la prenotazione telefonando allo 0437 291298 o 331 2122296 (a questo numero anche scrivendo messaggio Whatsapp) oppure inviando una mail a info@365giorni.org<\/p>\n<p>&nbsp;<\/p>\n<p>&nbsp;<\/p>\n<hr \/>\n<p>&nbsp;<\/p>\n<h1><span style=\"color: #ff0000;\">IERI ALLA RADIO<\/span><\/h1>\n<h2><strong><a href=\"https:\/\/www.radiopiu.net\/wordpress\/covid-19-aumentata-la-capacita-giornaliera-di-analizzare-tamponi\/tamponi-covid\/\" rel=\"attachment wp-att-123875\"><img loading=\"lazy\" decoding=\"async\" class=\"size-medium wp-image-123875 alignleft\" src=\"https:\/\/www.radiopiu.net\/wordpress\/wp-content\/uploads\/2020\/03\/TAMPONI-COVID-300x200.jpg\" alt=\"\" width=\"300\" height=\"200\" srcset=\"https:\/\/www.radiopiu.net\/wordpress\/wp-content\/uploads\/2020\/03\/TAMPONI-COVID-300x200.jpg 300w, https:\/\/www.radiopiu.net\/wordpress\/wp-content\/uploads\/2020\/03\/TAMPONI-COVID-1024x684.jpg 1024w, https:\/\/www.radiopiu.net\/wordpress\/wp-content\/uploads\/2020\/03\/TAMPONI-COVID-768x513.jpg 768w, https:\/\/www.radiopiu.net\/wordpress\/wp-content\/uploads\/2020\/03\/TAMPONI-COVID.jpg 1102w\" sizes=\"auto, (max-width: 300px) 100vw, 300px\" \/><\/a><span style=\"color: #ff00ff;\">I TAMPONI PER POTER LAVORARE. IL PUNTO CON LA DOTTORESSA MARIA GRAZIA DIANA<\/span><\/strong><\/h2>\n<p><strong>di Claudio Fontanive<\/strong><\/p>\n<p>OSPITE: La dottoressa del lavoro Maria Grazia Diana<\/p>\n<audio class=\"wp-audio-shortcode\" id=\"audio-236915-6\" preload=\"none\" style=\"width: 100%;\" controls=\"controls\"><source type=\"audio\/mpeg\" src=\"https:\/\/www.radiopiu.net\/wordpress\/wp-content\/uploads\/2021\/10\/dott-maria-grazia-diana-14-ottobre.mp3?_=6\" \/><a href=\"https:\/\/www.radiopiu.net\/wordpress\/wp-content\/uploads\/2021\/10\/dott-maria-grazia-diana-14-ottobre.mp3\">https:\/\/www.radiopiu.net\/wordpress\/wp-content\/uploads\/2021\/10\/dott-maria-grazia-diana-14-ottobre.mp3<\/a><\/audio>\n<p>&nbsp;<\/p>\n<hr \/>\n<p>&nbsp;<\/p>\n<h2><strong><a href=\"https:\/\/www.radiopiu.net\/wordpress\/giornale-radiopiu-06-febbraio-2019-direttore-mirko-mezzacasa\/logo_spi-cgil-800x445\/\" rel=\"attachment wp-att-75538\"><img loading=\"lazy\" decoding=\"async\" class=\"size-medium wp-image-75538 alignleft\" src=\"https:\/\/www.radiopiu.net\/wordpress\/wp-content\/uploads\/2019\/02\/Logo_Spi-CGIL-800x445-300x167.jpg\" alt=\"\" width=\"300\" height=\"167\" srcset=\"https:\/\/www.radiopiu.net\/wordpress\/wp-content\/uploads\/2019\/02\/Logo_Spi-CGIL-800x445-300x167.jpg 300w, https:\/\/www.radiopiu.net\/wordpress\/wp-content\/uploads\/2019\/02\/Logo_Spi-CGIL-800x445-768x427.jpg 768w, https:\/\/www.radiopiu.net\/wordpress\/wp-content\/uploads\/2019\/02\/Logo_Spi-CGIL-800x445.jpg 800w\" sizes=\"auto, (max-width: 300px) 100vw, 300px\" \/><\/a><span style=\"color: #ff6600;\">SPECIALE SPI CGIL<\/span><\/strong><\/h2>\n<p><strong>di Claudio Fontanive<\/strong><\/p>\n<p>OSPITE: Maria Grazia Gentilin e Renato Bressan<\/p>\n<audio class=\"wp-audio-shortcode\" id=\"audio-236915-7\" preload=\"none\" style=\"width: 100%;\" controls=\"controls\"><source type=\"audio\/mpeg\" src=\"https:\/\/www.radiopiu.net\/wordpress\/wp-content\/uploads\/2021\/10\/spi-cgil-14-ottobre.mp3?_=7\" \/><a href=\"https:\/\/www.radiopiu.net\/wordpress\/wp-content\/uploads\/2021\/10\/spi-cgil-14-ottobre.mp3\">https:\/\/www.radiopiu.net\/wordpress\/wp-content\/uploads\/2021\/10\/spi-cgil-14-ottobre.mp3<\/a><\/audio>\n<p>&nbsp;<\/p>\n<hr \/>\n<p>&nbsp;<\/p>\n<div>\n<div class=\"b654a4as d2edcug0\">\n<div class=\"rq0escxv hkbzh7o3 jwdofwj8 n8tt0mok r8blr3vg hyh9befq\">\n<p><a class=\"dt-pswp-item\" href=\"https:\/\/www.radiopiu.net\/wordpress\/wp-content\/uploads\/2020\/10\/pp.jpg\" data-dt-img-description=\"\" data-large_image_width=\"640\" data-large_image_height=\"640\"><img loading=\"lazy\" decoding=\"async\" class=\"wp-image-163678 alignleft\" src=\"https:\/\/www.radiopiu.net\/wordpress\/wp-content\/uploads\/2020\/10\/pp-300x300.jpg\" alt=\"\" width=\"106\" height=\"106\" srcset=\"https:\/\/www.radiopiu.net\/wordpress\/wp-content\/uploads\/2020\/10\/pp-300x300.jpg 300w, https:\/\/www.radiopiu.net\/wordpress\/wp-content\/uploads\/2020\/10\/pp-150x150.jpg 150w, https:\/\/www.radiopiu.net\/wordpress\/wp-content\/uploads\/2020\/10\/pp-125x125.jpg 125w, https:\/\/www.radiopiu.net\/wordpress\/wp-content\/uploads\/2020\/10\/pp-200x200.jpg 200w, https:\/\/www.radiopiu.net\/wordpress\/wp-content\/uploads\/2020\/10\/pp-80x80.jpg 80w, https:\/\/www.radiopiu.net\/wordpress\/wp-content\/uploads\/2020\/10\/pp-480x480.jpg 480w, https:\/\/www.radiopiu.net\/wordpress\/wp-content\/uploads\/2020\/10\/pp.jpg 640w\" sizes=\"auto, (max-width: 106px) 100vw, 106px\" \/><\/a><\/p>\n<\/div>\n<\/div>\n<\/div>\n<div>\n<div class=\"page-title-head hgroup\">\n<div class=\"page-title-head hgroup\">\n<div class=\"b654a4as d2edcug0\">\n<div class=\"j83agx80 btwxx1t3 lhclo0ds hop8lmos nkwizq5d scwd0bx6 roh60bw9\">\n<div class=\"rq0escxv hkbzh7o3 jwdofwj8 n8tt0mok r8blr3vg hyh9befq\">\n<div class=\"do00u71z l9j0dhe7 k4urcfbm\">\n<h2><span style=\"color: #000080;\">DON CESARE, IL PENSIERO DEL GIORNO. ALLA RADIO ALLE 7 DEL MATTINO E ALLE 19.30 DELLA SERA.\u00a0\u00a0<\/span><\/h2>\n<p>&nbsp;<\/p>\n<p>&nbsp;<\/p>\n<audio class=\"wp-audio-shortcode\" id=\"audio-236915-8\" preload=\"none\" style=\"width: 100%;\" controls=\"controls\"><source type=\"audio\/mpeg\" src=\"https:\/\/www.radiopiu.net\/wordpress\/wp-content\/uploads\/2021\/10\/CESARE-8.mp3?_=8\" \/><a href=\"https:\/\/www.radiopiu.net\/wordpress\/wp-content\/uploads\/2021\/10\/CESARE-8.mp3\">https:\/\/www.radiopiu.net\/wordpress\/wp-content\/uploads\/2021\/10\/CESARE-8.mp3<\/a><\/audio>\n<p>&nbsp;<\/p>\n<p>&nbsp;<\/p>\n<hr \/>\n<p>&nbsp;<\/p>\n<div>\n<div>\n<h3 class=\"kvgmc6g5 cxmmr5t8 oygrvhab hcukyx3x c1et5uql\"><span style=\"color: #0000ff;\">INFORMAZIONE il canale su TELEGRAM informazione di prima mano e in tempo reale. iscriviti ed aiutaci a farlo conoscere\u00a0\u00a0<\/span><\/h3>\n<\/div>\n<div>\n<div class=\"page-title-head hgroup\">\n<div class=\"page-title-head hgroup\">\n<div class=\"page-title-head hgroup\">\n<div class=\"page-title-head hgroup\">\n<div class=\"b654a4as d2edcug0\">\n<div class=\"page-title-head hgroup\">\n<div class=\"page-title-head hgroup\">\n<div class=\"page-title-head hgroup\">\n<div class=\"page-title-head hgroup\">\n<div class=\"b654a4as d2edcug0\">\n<div>\n<p>&nbsp;<\/p>\n<\/div>\n<div>\n<div class=\"page-title-head hgroup\">\n<div class=\"page-title-head hgroup\">\n<div class=\"page-title-head hgroup\">\n<div class=\"page-title-head hgroup\">\n<div class=\"page-title-head hgroup\">\n<div class=\"b654a4as d2edcug0\">\n<div>\n<hr \/>\n<\/div>\n<\/div>\n<div>\n<p><strong>\u00a0<\/strong><\/p>\n<div>\n<p><strong>DUE MINUTI UN LIBRO, TUTTI I GIORNI ALLA RADIO ALLE 9.40 E ALLE 17.50<\/strong><\/p>\n<p><strong>LA RACCOLTA COMPLETA\u00a0\u00a0<\/strong><\/p>\n<\/div>\n<div>\n<blockquote class=\"wp-embedded-content\" data-secret=\"JS2IycptsI\"><p><a href=\"https:\/\/www.radiopiu.net\/wordpress\/due-minuti-un-libro\/\">Due minuti un libro<\/a><\/p><\/blockquote>\n<p><iframe loading=\"lazy\" class=\"wp-embedded-content\" sandbox=\"allow-scripts\" security=\"restricted\" style=\"position: absolute; clip: rect(1px, 1px, 1px, 1px);\" title=\"&#8220;Due minuti un libro&#8221; &#8212; Radio Pi\u00f9\" src=\"https:\/\/www.radiopiu.net\/wordpress\/due-minuti-un-libro\/embed\/#?secret=JS2IycptsI\" data-secret=\"JS2IycptsI\" width=\"600\" height=\"338\" frameborder=\"0\" marginwidth=\"0\" marginheight=\"0\" scrolling=\"no\"><\/iframe><\/p>\n<p>&nbsp;<\/p>\n<\/div>\n<\/div>\n<div>\n<p>&nbsp;<\/p>\n<\/div>\n<div class=\"mkdf-post-text\">\n<div class=\"mkdf-post-text-inner\">\n<div class=\"mkdf-post-text-main\">\n<div class=\"mkdf-post-text\">\n<div class=\"mkdf-post-text-inner\">\n<div class=\"mkdf-post-text-main\">\n<div class=\"mkdf-post-text\">\n<div class=\"mkdf-post-text-inner\">\n<div class=\"mkdf-post-text-main\">\n<div class=\"page-title-head hgroup\">\n<div class=\"page-title-head hgroup\">\n<div class=\"mkdf-post-text\">\n<div class=\"mkdf-post-text-inner\">\n<div class=\"mkdf-post-text-main\">\n<div class=\"mkdf-post-text\">\n<div class=\"mkdf-post-text-inner\">\n<div class=\"mkdf-post-text-main\">\n<div class=\"page-title-head hgroup\">\n<div class=\"page-title-head hgroup\">\n<div class=\"page-title-head hgroup\">\n<div class=\"page-title-head hgroup\">\n<div class=\"b654a4as d2edcug0\">\n<div class=\"page-title-head hgroup\">\n<div class=\"page-title-head hgroup\">\n<div class=\"page-title-head hgroup\">\n<div class=\"page-title-head hgroup\">\n<div class=\"b654a4as d2edcug0\">\n<div class=\"page-title-head hgroup\">\n<div class=\"page-title-head hgroup\">\n<div class=\"page-title-head hgroup\">\n<div class=\"page-title-head hgroup\">\n<div class=\"b654a4as d2edcug0\">\n<div><\/div>\n<div>\n<hr \/>\n<\/div>\n<div><\/div>\n<div>\n<h2><span style=\"color: #3366ff;\">GIROVAGANDO ALLA RADIO<\/span><\/h2>\n<blockquote class=\"wp-embedded-content\" data-secret=\"TFvUO6J2tH\"><p><a href=\"https:\/\/www.radiopiu.net\/wordpress\/girovagando-in-e-bike-tra-le-dolomiti\/\">GIROVAGANDO IN E BIKE TRA LE DOLOMITI<\/a><\/p><\/blockquote>\n<p><iframe loading=\"lazy\" class=\"wp-embedded-content\" sandbox=\"allow-scripts\" security=\"restricted\" style=\"position: absolute; clip: rect(1px, 1px, 1px, 1px);\" title=\"&#8220;GIROVAGANDO IN E BIKE TRA LE DOLOMITI&#8221; &#8212; Radio Pi\u00f9\" src=\"https:\/\/www.radiopiu.net\/wordpress\/girovagando-in-e-bike-tra-le-dolomiti\/embed\/#?secret=TFvUO6J2tH\" data-secret=\"TFvUO6J2tH\" width=\"600\" height=\"338\" frameborder=\"0\" marginwidth=\"0\" marginheight=\"0\" scrolling=\"no\"><\/iframe><\/p>\n<p>&nbsp;<\/p>\n<hr \/>\n<p>&nbsp;<\/p>\n<p>&nbsp;<\/p>\n<\/div>\n<h2><span style=\"color: #800080;\">I RACCONTI DI PAOLO SOPPELSA<\/span><\/h2>\n<div>\n<blockquote class=\"wp-embedded-content\" data-secret=\"lOHZGlD1Pm\"><p><a href=\"https:\/\/www.radiopiu.net\/wordpress\/i-racconti-di-paolo-soppelsa\/\">I racconti di Paolo Soppelsa<\/a><\/p><\/blockquote>\n<p><iframe loading=\"lazy\" class=\"wp-embedded-content\" sandbox=\"allow-scripts\" security=\"restricted\" style=\"position: absolute; clip: rect(1px, 1px, 1px, 1px);\" title=\"&#8220;I racconti di Paolo Soppelsa&#8221; &#8212; Radio Pi\u00f9\" src=\"https:\/\/www.radiopiu.net\/wordpress\/i-racconti-di-paolo-soppelsa\/embed\/#?secret=lOHZGlD1Pm\" data-secret=\"lOHZGlD1Pm\" width=\"600\" height=\"338\" frameborder=\"0\" marginwidth=\"0\" marginheight=\"0\" scrolling=\"no\"><\/iframe><\/p>\n<p>&nbsp;<\/p>\n<hr \/>\n<p>&nbsp;<\/p>\n<p>&nbsp;<\/p>\n<h2><span style=\"color: #808000;\">L&#8217;ALMANACCO LADINO\u00a0 <\/span><\/h2>\n<h2>PUNTATA NUMERO 68<\/h2>\n<audio class=\"wp-audio-shortcode\" id=\"audio-236915-9\" preload=\"none\" style=\"width: 100%;\" controls=\"controls\"><source type=\"audio\/mpeg\" src=\"https:\/\/www.radiopiu.net\/wordpress\/wp-content\/uploads\/2021\/10\/68\u00b0Almanacco-Ladino_Fodom-1.mp3?_=9\" \/><a href=\"https:\/\/www.radiopiu.net\/wordpress\/wp-content\/uploads\/2021\/10\/68\u00b0Almanacco-Ladino_Fodom-1.mp3\">https:\/\/www.radiopiu.net\/wordpress\/wp-content\/uploads\/2021\/10\/68\u00b0Almanacco-Ladino_Fodom-1.mp3<\/a><\/audio>\n<p><strong>LA RACCOLTA<\/strong><\/p>\n<blockquote class=\"wp-embedded-content\" data-secret=\"F9l4wZghiQ\"><p><a href=\"https:\/\/www.radiopiu.net\/wordpress\/almanacco-ladino\/\">Almanacco Ladino<\/a><\/p><\/blockquote>\n<p><iframe loading=\"lazy\" class=\"wp-embedded-content\" sandbox=\"allow-scripts\" security=\"restricted\" style=\"position: absolute; clip: rect(1px, 1px, 1px, 1px);\" title=\"&#8220;Almanacco Ladino&#8221; &#8212; Radio Pi\u00f9\" src=\"https:\/\/www.radiopiu.net\/wordpress\/almanacco-ladino\/embed\/#?secret=F9l4wZghiQ\" data-secret=\"F9l4wZghiQ\" width=\"600\" height=\"338\" frameborder=\"0\" marginwidth=\"0\" marginheight=\"0\" scrolling=\"no\"><\/iframe><\/p>\n<p>&nbsp;<\/p>\n<hr \/>\n<p>&nbsp;<\/p>\n<\/div>\n<h4><span style=\"color: #ff0000;\">MUSICA ALLA RADIO<\/span><\/h4>\n<div><a href=\"https:\/\/www.radiopiu.net\/wordpress\/giornale-radiopiu-20-settembre-2021-direttore-mirko-mezzacasa\/pp-79\/\" rel=\"attachment wp-att-232921\"><img loading=\"lazy\" decoding=\"async\" class=\"wp-image-232921 alignleft\" src=\"https:\/\/www.radiopiu.net\/wordpress\/wp-content\/uploads\/2021\/09\/pp-1-300x300.jpg\" alt=\"\" width=\"135\" height=\"135\" srcset=\"https:\/\/www.radiopiu.net\/wordpress\/wp-content\/uploads\/2021\/09\/pp-1-300x300.jpg 300w, https:\/\/www.radiopiu.net\/wordpress\/wp-content\/uploads\/2021\/09\/pp-1-150x150.jpg 150w, https:\/\/www.radiopiu.net\/wordpress\/wp-content\/uploads\/2021\/09\/pp-1.jpg 640w\" sizes=\"auto, (max-width: 135px) 100vw, 135px\" \/><\/a><\/div>\n<div><\/div>\n<div><\/div>\n<div>\n<p><strong>MUSICA ALLA RADIO, IL PROGRAMMA DI LORIS SCUSSEL &#8220;COLLAGE OPERAZIONE NOSTALGIA&#8221; DAL LUNEDI AL VENERDI ALLE 16.00\u00a0 E ALLE 23\u00a0<\/strong><\/p>\n<p>&nbsp;<\/p>\n<p>&nbsp;<\/p>\n<p><strong>PUNTATA 454\u00a0 14 OTTOBRE<\/strong><\/p>\n<\/div>\n<audio class=\"wp-audio-shortcode\" id=\"audio-236915-10\" preload=\"none\" style=\"width: 100%;\" controls=\"controls\"><source type=\"audio\/mpeg\" src=\"https:\/\/www.radiopiu.net\/wordpress\/wp-content\/uploads\/2021\/10\/Collage-454.mp3?_=10\" \/><a href=\"https:\/\/www.radiopiu.net\/wordpress\/wp-content\/uploads\/2021\/10\/Collage-454.mp3\">https:\/\/www.radiopiu.net\/wordpress\/wp-content\/uploads\/2021\/10\/Collage-454.mp3<\/a><\/audio>\n<p>&nbsp;<\/p>\n<div>\n<hr \/>\n<p>&nbsp;<\/p>\n<p><a href=\"https:\/\/www.radiopiu.net\/wordpress\/giornale-radiopiu-26-settembre-2018-direttore-mirko-mezzacasa\/viabilita-2\/\" rel=\"attachment wp-att-61954\"><img loading=\"lazy\" decoding=\"async\" class=\"wp-image-61954 size-full aligncenter\" src=\"https:\/\/www.radiopiu.net\/wordpress\/wp-content\/uploads\/2018\/09\/viabilita.jpeg\" alt=\"\" width=\"800\" height=\"100\" srcset=\"https:\/\/www.radiopiu.net\/wordpress\/wp-content\/uploads\/2018\/09\/viabilita.jpeg 800w, https:\/\/www.radiopiu.net\/wordpress\/wp-content\/uploads\/2018\/09\/viabilita-300x38.jpeg 300w, https:\/\/www.radiopiu.net\/wordpress\/wp-content\/uploads\/2018\/09\/viabilita-768x96.jpeg 768w\" sizes=\"auto, (max-width: 800px) 100vw, 800px\" \/><\/a><\/p>\n<p>&nbsp;<\/p>\n<p><strong><a href=\"https:\/\/www.radiopiu.net\/wordpress\/veneto-strade-interdizione-al-traffico\/veneto-strade-2\/\" rel=\"attachment wp-att-135574\"><img loading=\"lazy\" decoding=\"async\" class=\"wp-image-135574 alignleft\" src=\"https:\/\/www.radiopiu.net\/wordpress\/wp-content\/uploads\/2020\/05\/VENETO-STRADE-300x300.png\" alt=\"\" width=\"100\" height=\"100\" srcset=\"https:\/\/www.radiopiu.net\/wordpress\/wp-content\/uploads\/2020\/05\/VENETO-STRADE-300x300.png 300w, https:\/\/www.radiopiu.net\/wordpress\/wp-content\/uploads\/2020\/05\/VENETO-STRADE-150x150.png 150w, https:\/\/www.radiopiu.net\/wordpress\/wp-content\/uploads\/2020\/05\/VENETO-STRADE.png 400w\" sizes=\"auto, (max-width: 100px) 100vw, 100px\" \/><\/a><\/strong><strong>SP39 MONTE AVENA COMUNE SOVRAMONTE<\/strong>\u00a0 Fino al 15 ottobre -esclusi festivi e prefestivi &#8211; interdizione totale al traffico<\/p>\n<p><strong>PROVINCIALE 563 DI SALESEI<\/strong> fino al 18 ottobre interruzioni della durata massima di 20 minuti<\/p>\n<p><strong>REGIONALE 48 DELLE DOLOMITI PASSO FALZAREGO<\/strong>\u00a0 fino\u00a0 al 26 novembre interruzioni della durata massima di 15 minuti in localit\u00e0 Pian di Falzarego <strong>PROVINCIALE VAL FIORENTINA SP20<\/strong>: dall&#8217;11 al 15 ottobre senso unico alternato per tratti di 300 metri <strong>REGIONALE 48 DOLOMITI<\/strong> dall&#8217;11 ottobre al 3 dicembre senso unico localit\u00e0 Andraz. <strong>PROVINCIALE 638<\/strong> Passo Giau fino\u00a0 al 19 ottobre senso unico alternato tratti di 300 metri<\/p>\n<p>&nbsp;<\/p>\n<hr \/>\n<p>&nbsp;<\/p>\n<\/div>\n<\/div>\n<\/div>\n<\/div>\n<\/div>\n<\/div>\n<\/div>\n<\/div>\n<\/div>\n<\/div>\n<\/div>\n<\/div>\n<\/div>\n<\/div>\n<\/div>\n<\/div>\n<\/div>\n<\/div>\n<\/div>\n<\/div>\n<\/div>\n<\/div>\n<\/div>\n<\/div>\n<\/div>\n<\/div>\n<\/div>\n<\/div>\n<\/div>\n<\/div>\n<\/div>\n<\/div>\n<\/div>\n<\/div>\n<\/div>\n<\/div>\n<\/div>\n<\/div>\n<\/div>\n<\/div>\n<\/div>\n<\/div>\n<\/div>\n<\/div>\n<\/div>\n<\/div>\n<\/div>\n<\/div>\n<\/div>\n<\/div>\n<\/div>\n<div>\n<div class=\"page-title-head hgroup\">\n<div class=\"page-title-head hgroup\">\n<div class=\"page-title-head hgroup\">\n<div class=\"page-title-head hgroup\">\n<div class=\"b654a4as d2edcug0\">\n<div class=\"page-title-head hgroup\">\n<div class=\"page-title-head hgroup\">\n<div class=\"page-title-head hgroup\">\n<div class=\"page-title-head hgroup\">\n<div class=\"b654a4as d2edcug0\">\n<div class=\"page-title-head hgroup\">\n<div class=\"page-title-head hgroup\">\n<div class=\"page-title-head hgroup\">\n<div class=\"page-title-head hgroup\">\n<div class=\"page-title-head hgroup\">\n<div class=\"mkdf-post-text\">\n<div class=\"mkdf-post-text-inner\">\n<div class=\"mkdf-post-text-main\">\n<div class=\"mkdf-post-text\">\n<div class=\"mkdf-post-text-inner\">\n<div class=\"mkdf-post-text-main\">\n<div class=\"mkdf-post-text\">\n<div class=\"mkdf-post-text-inner\">\n<div class=\"mkdf-post-text-main\">\n<div class=\"page-title-head hgroup\">\n<div class=\"page-title-head hgroup\">\n<div class=\"mkdf-post-text\">\n<div class=\"mkdf-post-text-inner\">\n<div class=\"mkdf-post-text-main\">\n<div class=\"mkdf-post-text\">\n<div class=\"mkdf-post-text-inner\">\n<div class=\"mkdf-post-text-main\">\n<div>\n<div class=\"page-title-head hgroup\">\n<div class=\"page-title-head hgroup\">\n<div>\n<div class=\"page-title-head hgroup\">\n<div class=\"page-title-head hgroup\">\n<div class=\"b654a4as d2edcug0\">\n<div>\n<div class=\"page-title-head hgroup\" style=\"text-align: left;\">\n<div class=\"page-title-head hgroup\">\n<div dir=\"auto\">\n<p><a class=\"dt-pswp-item pspw-wrap-ready\" href=\"https:\/\/i0.wp.com\/www.radiopiu.net\/wordpress\/wp-content\/uploads\/2018\/09\/WhatsApp-Image-2018-09-20-at-16.04.06.jpeg?ssl=1\" data-dt-img-description=\"\" data-large_image_width=\"800\" data-large_image_height=\"100\"><img loading=\"lazy\" decoding=\"async\" class=\"aligncenter wp-image-61378 size-full jetpack-lazy-image jetpack-lazy-image--handled\" src=\"https:\/\/i0.wp.com\/www.radiopiu.net\/wordpress\/wp-content\/uploads\/2018\/09\/WhatsApp-Image-2018-09-20-at-16.04.06.jpeg?resize=800%2C100&amp;ssl=1\" sizes=\"auto, (max-width: 800px) 100vw, 800px\" srcset=\"https:\/\/i0.wp.com\/www.radiopiu.net\/wordpress\/wp-content\/uploads\/2018\/09\/WhatsApp-Image-2018-09-20-at-16.04.06.jpeg?w=800&amp;ssl=1 800w, https:\/\/i0.wp.com\/www.radiopiu.net\/wordpress\/wp-content\/uploads\/2018\/09\/WhatsApp-Image-2018-09-20-at-16.04.06.jpeg?resize=300%2C38&amp;ssl=1 300w, https:\/\/i0.wp.com\/www.radiopiu.net\/wordpress\/wp-content\/uploads\/2018\/09\/WhatsApp-Image-2018-09-20-at-16.04.06.jpeg?resize=768%2C96&amp;ssl=1 768w\" alt=\"\" width=\"800\" height=\"100\" data-lazy-loaded=\"1\" \/><\/a><\/p>\n<\/div>\n<\/div>\n<\/div>\n<\/div>\n<\/div>\n<\/div>\n<\/div>\n<\/div>\n<\/div>\n<\/div>\n<\/div>\n<\/div>\n<\/div>\n<\/div>\n<\/div>\n<\/div>\n<\/div>\n<\/div>\n<\/div>\n<\/div>\n<\/div>\n<\/div>\n<\/div>\n<\/div>\n<\/div>\n<\/div>\n<\/div>\n<\/div>\n<\/div>\n<\/div>\n<\/div>\n<\/div>\n<\/div>\n<\/div>\n<\/div>\n<\/div>\n<\/div>\n<\/div>\n<\/div>\n<\/div>\n<\/div>\n<\/div>\n<\/div>\n<\/div>\n<p>&nbsp;<\/p>\n<div id=\"dolomitimeteo_div_testi\"><center><b>Venerdi 15<\/b><\/center><b>Tempo atteso: <\/b>Cielo sereno o poco nuvoloso.<br \/>\n<b>Precipitazioni: <\/b>Assenti.<br \/>\n<b>Temperature: <\/b>In aumento anche sensibile rispetto a gioved\u00ec, sotto la media in modo leggero\/moderato. Min\/max: su Prealpi 4\/8 \u00b0C a 1500 e 2\/5 \u00b0C a 2000 m, su Dolomiti 1\/5 \u00b0C a 2000 m e -4\/-1 \u00b0C a 3000 m.<br \/>\n<b>Venti: <\/b>In quota moderati\/tesi da nord-ovest, nelle valli deboli\/moderati con direzione variabile. 5-15 km\/ha 2000 m e 20-40 km\/h a 3000 m.<\/div>\n<\/div>\n<\/div>\n<\/div>\n<\/div>\n<\/div>\n<\/div>\n<\/div>\n<hr \/>\n<p><center><b>Sabato 16<\/b><\/center><b>Tempo atteso: <\/b>Cielo poco o parzialmente nuvoloso.<br \/>\n<b>Precipitazioni: <\/b>Assenti.<br \/>\n<b>Temperature: <\/b>In aumento leggero\/moderato rispetto a venerd\u00ec. Min\/max: su Prealpi 5\/8 \u00b0C a 1500 m e 3\/5 \u00b0C a 2000 m, su Dolomiti 2\/5 \u00b0C a 2000 m e -5\/-2 \u00b0C a 3000 m.<br \/>\n<b>Venti: <\/b>Deboli\/moderati, in quota da nord-ovest e nelle valli con direzione variabile. a 5-15 km\/ha 2000 m e 15-30 km\/h a 3000 m.<\/p>\n<hr \/>\n<p><center><b>Domenica 17<\/b><\/center>Non si verificheranno precipitazioni. Cielo sereno o poco nuvoloso fino al mattino e poco o parzialmente nuvoloso dal pomeriggio. Fino al primo mattino qualche nebbia nelle valli prealpine. Temperature senza variazioni di rilievo.<\/p>\n<hr \/>\n<p><center><b>Lunedi 18<\/b><\/center>Non si verificheranno precipitazioni. Cielo in prevalenza sereno o poco nuvoloso, a tratti parzialmente nuvoloso. Temperature senza variazioni di rilievo di notte e in aumento di giorno. Previsore: Stefano Veronese<\/p>\n<p>&nbsp;<\/p>\n<hr \/>\n<p>&nbsp;<\/p>\n<div class=\"mkdf-post-text\">\n<div class=\"mkdf-post-text-inner\">\n<p><a href=\"https:\/\/www.radiopiu.net\/wordpress\/giornale-radiopiu-15-settembre-2018-direttore-mirko-mezzacasa\/sport-7\/\" rel=\"attachment wp-att-60761\"><img loading=\"lazy\" decoding=\"async\" class=\"wp-image-60761 size-full aligncenter\" src=\"https:\/\/www.radiopiu.net\/wordpress\/wp-content\/uploads\/2018\/09\/sport.jpg\" alt=\"\" width=\"800\" height=\"100\" srcset=\"https:\/\/www.radiopiu.net\/wordpress\/wp-content\/uploads\/2018\/09\/sport.jpg 800w, https:\/\/www.radiopiu.net\/wordpress\/wp-content\/uploads\/2018\/09\/sport-300x38.jpg 300w, https:\/\/www.radiopiu.net\/wordpress\/wp-content\/uploads\/2018\/09\/sport-768x96.jpg 768w\" sizes=\"auto, (max-width: 800px) 100vw, 800px\" \/><\/a><\/p>\n<\/div>\n<\/div>\n<p>&nbsp;<\/p>\n<blockquote>\n<h3>YARI MASOCH, UN AGORDINO IN TERRA TREVIGIANA<\/h3>\n<\/blockquote>\n<p><strong><a href=\"https:\/\/www.radiopiu.net\/wordpress\/yari-masoch-firma-con-il-treviso-sara-una-bella-sfida-con-molte-insidie-mi-metto-in-gioco\/yari-masoch-treviso\/\" rel=\"attachment wp-att-221914\"><img loading=\"lazy\" decoding=\"async\" class=\" wp-image-221914 alignleft\" src=\"https:\/\/www.radiopiu.net\/wordpress\/wp-content\/uploads\/2021\/07\/YARI-MASOCH-TREVISO-300x267.png\" alt=\"\" width=\"206\" height=\"183\" srcset=\"https:\/\/www.radiopiu.net\/wordpress\/wp-content\/uploads\/2021\/07\/YARI-MASOCH-TREVISO-300x267.png 300w, https:\/\/www.radiopiu.net\/wordpress\/wp-content\/uploads\/2021\/07\/YARI-MASOCH-TREVISO-1024x912.png 1024w, https:\/\/www.radiopiu.net\/wordpress\/wp-content\/uploads\/2021\/07\/YARI-MASOCH-TREVISO-768x684.png 768w, https:\/\/www.radiopiu.net\/wordpress\/wp-content\/uploads\/2021\/07\/YARI-MASOCH-TREVISO.png 1168w\" sizes=\"auto, (max-width: 206px) 100vw, 206px\" \/><\/a>AGORDO<\/strong> Un agordino in terra trevigiana. Lui \u00e8 Yari Masoch che, dopo tante stagioni nelle file del Belluno, quest&#8217;anno ha deciso di cambiare casacca e categoria andando in. provincia di Treviso per giocare il campionato Eccellenza proprio con il Treviso. La stagione \u00e8 iniziata da 4 settimane e dopo una vittoria, due pareggi e una sconfitta la compagine trevigiana occupa il sesto posto in classifica. La squadra sta ingranando e i giocatori si stanno conoscendo bene dopo un inizio di stagione composto da alti e bassi anche per una formazione completamente nuova che aveva bisogno di amalgamarsi.<\/p>\n<p><strong>YARI MASOCH, GIOCATORE DEL TREVISO<\/strong><\/p>\n<audio class=\"wp-audio-shortcode\" id=\"audio-236915-11\" preload=\"none\" style=\"width: 100%;\" controls=\"controls\"><source type=\"audio\/mpeg\" src=\"https:\/\/www.radiopiu.net\/wordpress\/wp-content\/uploads\/2021\/10\/YARI-TREVISO.mp3?_=11\" \/><a href=\"https:\/\/www.radiopiu.net\/wordpress\/wp-content\/uploads\/2021\/10\/YARI-TREVISO.mp3\">https:\/\/www.radiopiu.net\/wordpress\/wp-content\/uploads\/2021\/10\/YARI-TREVISO.mp3<\/a><\/audio>\n<p>&nbsp;<\/p>\n<hr \/>\n<p>&nbsp;<\/p>\n<blockquote>\n<h3>LA SPORTIVAMENTE BELLUNO ALLA 24 ORE DI SAN MARTINO<\/h3>\n<\/blockquote>\n<p><strong><a href=\"https:\/\/www.radiopiu.net\/wordpress\/giornale-radiopiu-15-ottobre-2021-direttore-mirko-mezzacasa\/24_ore_san_martino_sportivamente\/\" rel=\"attachment wp-att-236964\"><img loading=\"lazy\" decoding=\"async\" class=\"size-medium wp-image-236964 alignleft\" src=\"https:\/\/www.radiopiu.net\/wordpress\/wp-content\/uploads\/2021\/10\/24_ore_San_Martino_Sportivamente-300x193.jpg\" alt=\"\" width=\"300\" height=\"193\" srcset=\"https:\/\/www.radiopiu.net\/wordpress\/wp-content\/uploads\/2021\/10\/24_ore_San_Martino_Sportivamente-300x193.jpg 300w, https:\/\/www.radiopiu.net\/wordpress\/wp-content\/uploads\/2021\/10\/24_ore_San_Martino_Sportivamente-1024x657.jpg 1024w, https:\/\/www.radiopiu.net\/wordpress\/wp-content\/uploads\/2021\/10\/24_ore_San_Martino_Sportivamente-768x493.jpg 768w, https:\/\/www.radiopiu.net\/wordpress\/wp-content\/uploads\/2021\/10\/24_ore_San_Martino_Sportivamente.jpg 1142w\" sizes=\"auto, (max-width: 300px) 100vw, 300px\" \/><\/a>BELLUNO<\/strong> Partecipazione, inclusione, solidariet\u00e0: facendo leva su questi tre capisaldi, la Sportivamente Belluno ha partecipato con una propria squadra alla 24 Ore di San Martino. Anzi, le squadre iscritte in realt\u00e0 erano due.\u00a0 Quella classica, a cui si \u00e8 aggiunto un gruppo di giovani, formato da Sara Sommacal, Anna Simon, Emma Bortoluzzi, Maddalena Mazzoli, Luca Iannetti, Giacomo Arseni, Samuele Sommacal e Giulio Favretti.\u00a0 I ragazzi e le ragazze hanno ben figurato in gara, ma in fondo il risultato strettamente competitivo conta in maniera relativa. A contare \u00e8 lo spirito con il quale la Sportivamente Belluno ha interpretato un evento che fa parte della storia &#8211; sociale e non solo agonistica &#8211; del territorio. In questo senso, la societ\u00e0 ha deciso di avviare una raccolta fondi, parallelamente alla corsa, con cui \u00e8 riuscita a raccogliere circa 300 euro. Cifra che sar\u00e0 destinata a coprire, in parte, la spesa legata all\u2019acquisto di un sollevatore per l\u2019accesso in piscina delle persone con disabilit\u00e0. Dall\u2019acqua alla pista d\u2019atletica. Sempre con un pensiero e uno sguardo rivolto verso gli altri.<\/p>\n<div>\n<p>&nbsp;<\/p>\n<p>&nbsp;<\/p>\n<hr \/>\n<p>&nbsp;<\/p>\n<\/div>\n","protected":false},"excerpt":{"rendered":"<p>\u00a0 INFORMAZIONE il canale su TELEGRAM informazione di prima mano e in tempo reale. iscriviti ed aiutaci a farlo conoscere\u00a0 \u00a0 &nbsp; &nbsp; UNA NOTTE STELLATA DALLA CROCE DEL FRAMONT AGORDO Manuel Conedera \u00e8 salito a Mont Alt di Framont, per gli agordini alla croce del Framont, da dove si domina la Conca Agordina. Ecco&hellip;<\/p>\n","protected":false},"author":4,"featured_media":237065,"comment_status":"closed","ping_status":"open","sticky":false,"template":"","format":"standard","meta":{"_monsterinsights_skip_tracking":false,"_monsterinsights_sitenote_active":false,"_monsterinsights_sitenote_note":"","_monsterinsights_sitenote_category":0,"footnotes":""},"categories":[1,51,86,49],"tags":[],"class_list":["post-236915","post","type-post","status-publish","format-standard","has-post-thumbnail","hentry","category-senza-categoria","category-evidenza-top","category-gr","category-news-18","category-1","category-51","category-86","category-49","description-off"],"img_url":"https:\/\/www.radiopiu.net\/wordpress\/wp-content\/uploads\/2021\/10\/e48f785f-5cb0-48e3-8635-41bfaf175c81.jpg","_links":{"self":[{"href":"https:\/\/www.radiopiu.net\/wordpress\/wp-json\/wp\/v2\/posts\/236915","targetHints":{"allow":["GET"]}}],"collection":[{"href":"https:\/\/www.radiopiu.net\/wordpress\/wp-json\/wp\/v2\/posts"}],"about":[{"href":"https:\/\/www.radiopiu.net\/wordpress\/wp-json\/wp\/v2\/types\/post"}],"author":[{"embeddable":true,"href":"https:\/\/www.radiopiu.net\/wordpress\/wp-json\/wp\/v2\/users\/4"}],"replies":[{"embeddable":true,"href":"https:\/\/www.radiopiu.net\/wordpress\/wp-json\/wp\/v2\/comments?post=236915"}],"version-history":[{"count":0,"href":"https:\/\/www.radiopiu.net\/wordpress\/wp-json\/wp\/v2\/posts\/236915\/revisions"}],"wp:featuredmedia":[{"embeddable":true,"href":"https:\/\/www.radiopiu.net\/wordpress\/wp-json\/wp\/v2\/media\/237065"}],"wp:attachment":[{"href":"https:\/\/www.radiopiu.net\/wordpress\/wp-json\/wp\/v2\/media?parent=236915"}],"wp:term":[{"taxonomy":"category","embeddable":true,"href":"https:\/\/www.radiopiu.net\/wordpress\/wp-json\/wp\/v2\/categories?post=236915"},{"taxonomy":"post_tag","embeddable":true,"href":"https:\/\/www.radiopiu.net\/wordpress\/wp-json\/wp\/v2\/tags?post=236915"}],"curies":[{"name":"wp","href":"https:\/\/api.w.org\/{rel}","templated":true}]}}