{"id":236967,"date":"2021-10-14T10:45:38","date_gmt":"2021-10-14T08:45:38","guid":{"rendered":"https:\/\/www.radiopiu.net\/wordpress\/?p=236967"},"modified":"2021-10-14T10:45:39","modified_gmt":"2021-10-14T08:45:39","slug":"la-sportivamente-belluno-alla-24-ore-di-san-martino","status":"publish","type":"post","link":"https:\/\/www.radiopiu.net\/wordpress\/la-sportivamente-belluno-alla-24-ore-di-san-martino\/","title":{"rendered":"LA SPORTIVAMENTE BELLUNO ALLA 24 ORE DI SAN MARTINO"},"content":{"rendered":"<p><strong><a href=\"https:\/\/www.radiopiu.net\/wordpress\/?attachment_id=236964\" rel=\"attachment wp-att-236964\"><img loading=\"lazy\" decoding=\"async\" class=\"size-medium wp-image-236964 alignleft\" src=\"https:\/\/www.radiopiu.net\/wordpress\/wp-content\/uploads\/2021\/10\/24_ore_San_Martino_Sportivamente-300x193.jpg\" alt=\"\" width=\"300\" height=\"193\" srcset=\"https:\/\/www.radiopiu.net\/wordpress\/wp-content\/uploads\/2021\/10\/24_ore_San_Martino_Sportivamente-300x193.jpg 300w, https:\/\/www.radiopiu.net\/wordpress\/wp-content\/uploads\/2021\/10\/24_ore_San_Martino_Sportivamente-1024x657.jpg 1024w, https:\/\/www.radiopiu.net\/wordpress\/wp-content\/uploads\/2021\/10\/24_ore_San_Martino_Sportivamente-768x493.jpg 768w, https:\/\/www.radiopiu.net\/wordpress\/wp-content\/uploads\/2021\/10\/24_ore_San_Martino_Sportivamente.jpg 1142w\" sizes=\"auto, (max-width: 300px) 100vw, 300px\" \/><\/a>BELLUNO<\/strong> Partecipazione, inclusione, solidariet\u00e0: facendo leva su questi tre capisaldi, la Sportivamente Belluno ha partecipato con una propria squadra alla 24 Ore di San Martino. Anzi, le squadre iscritte in realt\u00e0 erano due.\u00a0 Quella classica, a cui si \u00e8 aggiunto un gruppo di giovani, formato da Sara Sommacal, Anna Simon, Emma Bortoluzzi, Maddalena Mazzoli, Luca Iannetti, Giacomo Arseni, Samuele Sommacal e Giulio Favretti.\u00a0 I ragazzi e le ragazze hanno ben figurato in gara, ma in fondo il risultato strettamente competitivo conta in maniera relativa. A contare \u00e8 lo spirito con il quale la Sportivamente Belluno ha interpretato un evento che fa parte della storia &#8211; sociale e non solo agonistica &#8211; del territorio. In questo senso, la societ\u00e0 ha deciso di avviare una raccolta fondi, parallelamente alla corsa, con cui \u00e8 riuscita a raccogliere circa 300 euro. Cifra che sar\u00e0 destinata a coprire, in parte, la spesa legata all\u2019acquisto di un sollevatore per l\u2019accesso in piscina delle persone con disabilit\u00e0. Dall\u2019acqua alla pista d\u2019atletica. Sempre con un pensiero e uno sguardo rivolto verso gli altri.<\/p>\n<p>&nbsp;<\/p>\n<p>&nbsp;<\/p>\n<p>&nbsp;<\/p>\n<p>*****<\/p>\n","protected":false},"excerpt":{"rendered":"<p>BELLUNO Partecipazione, inclusione, solidariet\u00e0: facendo leva su questi tre capisaldi, la Sportivamente Belluno ha partecipato con una propria squadra alla 24 Ore di San Martino. Anzi, le squadre iscritte in realt\u00e0 erano due.\u00a0 Quella classica, a cui si \u00e8 aggiunto un gruppo di giovani, formato da Sara Sommacal, Anna Simon, Emma Bortoluzzi, Maddalena Mazzoli, Luca&hellip;<\/p>\n","protected":false},"author":4,"featured_media":236964,"comment_status":"closed","ping_status":"open","sticky":false,"template":"","format":"standard","meta":{"_monsterinsights_skip_tracking":false,"_monsterinsights_sitenote_active":false,"_monsterinsights_sitenote_note":"","_monsterinsights_sitenote_category":0,"footnotes":""},"categories":[49,72],"tags":[],"class_list":["post-236967","post","type-post","status-publish","format-standard","has-post-thumbnail","hentry","category-news-18","category-sport","category-49","category-72","description-off"],"img_url":"https:\/\/www.radiopiu.net\/wordpress\/wp-content\/uploads\/2021\/10\/24_ore_San_Martino_Sportivamente.jpg","_links":{"self":[{"href":"https:\/\/www.radiopiu.net\/wordpress\/wp-json\/wp\/v2\/posts\/236967","targetHints":{"allow":["GET"]}}],"collection":[{"href":"https:\/\/www.radiopiu.net\/wordpress\/wp-json\/wp\/v2\/posts"}],"about":[{"href":"https:\/\/www.radiopiu.net\/wordpress\/wp-json\/wp\/v2\/types\/post"}],"author":[{"embeddable":true,"href":"https:\/\/www.radiopiu.net\/wordpress\/wp-json\/wp\/v2\/users\/4"}],"replies":[{"embeddable":true,"href":"https:\/\/www.radiopiu.net\/wordpress\/wp-json\/wp\/v2\/comments?post=236967"}],"version-history":[{"count":0,"href":"https:\/\/www.radiopiu.net\/wordpress\/wp-json\/wp\/v2\/posts\/236967\/revisions"}],"wp:featuredmedia":[{"embeddable":true,"href":"https:\/\/www.radiopiu.net\/wordpress\/wp-json\/wp\/v2\/media\/236964"}],"wp:attachment":[{"href":"https:\/\/www.radiopiu.net\/wordpress\/wp-json\/wp\/v2\/media?parent=236967"}],"wp:term":[{"taxonomy":"category","embeddable":true,"href":"https:\/\/www.radiopiu.net\/wordpress\/wp-json\/wp\/v2\/categories?post=236967"},{"taxonomy":"post_tag","embeddable":true,"href":"https:\/\/www.radiopiu.net\/wordpress\/wp-json\/wp\/v2\/tags?post=236967"}],"curies":[{"name":"wp","href":"https:\/\/api.w.org\/{rel}","templated":true}]}}