{"id":236981,"date":"2021-10-14T11:05:12","date_gmt":"2021-10-14T09:05:12","guid":{"rendered":"https:\/\/www.radiopiu.net\/wordpress\/?p=236981"},"modified":"2021-10-14T11:05:12","modified_gmt":"2021-10-14T09:05:12","slug":"al-via-la-prenotazione-del-carrello-della-spesa-per-i-dipendenti-luxottica","status":"publish","type":"post","link":"https:\/\/www.radiopiu.net\/wordpress\/al-via-la-prenotazione-del-carrello-della-spesa-per-i-dipendenti-luxottica\/","title":{"rendered":"AL VIA LA PRENOTAZIONE DEL CARRELLO DELLA SPESA PER I DIPENDENTI LUXOTTICA"},"content":{"rendered":"<p><strong><a href=\"https:\/\/www.radiopiu.net\/wordpress\/luxottica-agordo-il-calendario-ferie-di-natale\/maglia-luxottica\/\" rel=\"attachment wp-att-103580\"><img loading=\"lazy\" decoding=\"async\" class=\" wp-image-103580 alignleft\" src=\"https:\/\/www.radiopiu.net\/wordpress\/wp-content\/uploads\/2019\/10\/MAGLIA-LUXOTTICA-300x300.jpeg\" alt=\"\" width=\"142\" height=\"142\" srcset=\"https:\/\/www.radiopiu.net\/wordpress\/wp-content\/uploads\/2019\/10\/MAGLIA-LUXOTTICA-300x300.jpeg 300w, https:\/\/www.radiopiu.net\/wordpress\/wp-content\/uploads\/2019\/10\/MAGLIA-LUXOTTICA-150x150.jpeg 150w, https:\/\/www.radiopiu.net\/wordpress\/wp-content\/uploads\/2019\/10\/MAGLIA-LUXOTTICA-768x768.jpeg 768w, https:\/\/www.radiopiu.net\/wordpress\/wp-content\/uploads\/2019\/10\/MAGLIA-LUXOTTICA.jpeg 1024w\" sizes=\"auto, (max-width: 142px) 100vw, 142px\" \/><\/a>AGORDO<\/strong> Come ogni anno, a cavallo tra ottobre e novembre, \u00e8 arrivato il momento per i dipendenti Luxottica di ritirare il Carrello della Spesa. Dopo aver scelto la tipologia di carrello nei mesi scorsi, a partire dal 15 ottobre le maestranze del gruppo possono prenotare il ritiro della spesa nei centri commerciali autorizzati. Come succede da alcuni anni, la prenotazione avverr\u00e0 tramite il portale aziendale OneLuxottica dove si potr\u00e0 scegliere data, ora e sede di ritiro della spesa. Tutti i dipendenti con contratto di somministrazione (Adecco\/Umana), anche per chi non \u00e8 riuscito nel prenotarlo, gli verr\u00e0 consegnato il carrello classico, si potr\u00e0 prenotare il ritiro dal 15 ottobre, ritirarlo dal 18 ottobre al 30 novembre utilizzando la medesima procedura per la prenotazione del pacco.<\/p>\n<p>&nbsp;<\/p>\n<p>&nbsp;<\/p>\n<p>*****<\/p>\n","protected":false},"excerpt":{"rendered":"<p>AGORDO Come ogni anno, a cavallo tra ottobre e novembre, \u00e8 arrivato il momento per i dipendenti Luxottica di ritirare il Carrello della Spesa. Dopo aver scelto la tipologia di carrello nei mesi scorsi, a partire dal 15 ottobre le maestranze del gruppo possono prenotare il ritiro della spesa nei centri commerciali autorizzati. Come succede&hellip;<\/p>\n","protected":false},"author":4,"featured_media":103580,"comment_status":"closed","ping_status":"open","sticky":false,"template":"","format":"standard","meta":{"_monsterinsights_skip_tracking":false,"_monsterinsights_sitenote_active":false,"_monsterinsights_sitenote_note":"","_monsterinsights_sitenote_category":0,"footnotes":""},"categories":[49],"tags":[],"class_list":["post-236981","post","type-post","status-publish","format-standard","has-post-thumbnail","hentry","category-news-18","category-49","description-off"],"img_url":"https:\/\/www.radiopiu.net\/wordpress\/wp-content\/uploads\/2019\/10\/MAGLIA-LUXOTTICA.jpeg","_links":{"self":[{"href":"https:\/\/www.radiopiu.net\/wordpress\/wp-json\/wp\/v2\/posts\/236981","targetHints":{"allow":["GET"]}}],"collection":[{"href":"https:\/\/www.radiopiu.net\/wordpress\/wp-json\/wp\/v2\/posts"}],"about":[{"href":"https:\/\/www.radiopiu.net\/wordpress\/wp-json\/wp\/v2\/types\/post"}],"author":[{"embeddable":true,"href":"https:\/\/www.radiopiu.net\/wordpress\/wp-json\/wp\/v2\/users\/4"}],"replies":[{"embeddable":true,"href":"https:\/\/www.radiopiu.net\/wordpress\/wp-json\/wp\/v2\/comments?post=236981"}],"version-history":[{"count":0,"href":"https:\/\/www.radiopiu.net\/wordpress\/wp-json\/wp\/v2\/posts\/236981\/revisions"}],"wp:featuredmedia":[{"embeddable":true,"href":"https:\/\/www.radiopiu.net\/wordpress\/wp-json\/wp\/v2\/media\/103580"}],"wp:attachment":[{"href":"https:\/\/www.radiopiu.net\/wordpress\/wp-json\/wp\/v2\/media?parent=236981"}],"wp:term":[{"taxonomy":"category","embeddable":true,"href":"https:\/\/www.radiopiu.net\/wordpress\/wp-json\/wp\/v2\/categories?post=236981"},{"taxonomy":"post_tag","embeddable":true,"href":"https:\/\/www.radiopiu.net\/wordpress\/wp-json\/wp\/v2\/tags?post=236981"}],"curies":[{"name":"wp","href":"https:\/\/api.w.org\/{rel}","templated":true}]}}