{"id":237009,"date":"2021-10-14T23:45:53","date_gmt":"2021-10-14T21:45:53","guid":{"rendered":"https:\/\/www.radiopiu.net\/wordpress\/?p=237009"},"modified":"2021-10-14T15:49:04","modified_gmt":"2021-10-14T13:49:04","slug":"tappa-a-valchesina-guidati-dal-libro-del-club-unesco-una-finestra-su-riva","status":"publish","type":"post","link":"https:\/\/www.radiopiu.net\/wordpress\/tappa-a-valchesina-guidati-dal-libro-del-club-unesco-una-finestra-su-riva\/","title":{"rendered":"TAPPA A VALCHESINA GUIDATI DAL LIBRO DEL CLUB UNESCO \u201cUNA FINESTRA SU RIVA"},"content":{"rendered":"<p><strong>DI RENATO BONA<\/strong><\/p>\n<p>\u201d Altra tappa di avvicinamento verso il traguardo conclusivo del \u201cviaggio\u201d in comune di Rivamonte Agordino, guidati dallo splendido libro che il Club Unesco Agordino, presieduto dall\u2019amico Giuliano Laveder, ha dato alle stampe col titolo: \u201cUna finestra su Riva\u201d, per i tipi della tipografia Castaldi di Agordo nell\u2019ottobre 2013, con foto e immagini di Breveglieri, Burloni, A. Case, don Elio Cesco, Della Lucia, Ganz Falcade, Giorgio Fontanive, Cesare Gnech, Gibert, Giuliano Laveder, Piatti e don Giovanni Ren, e notizie storiche tratte dall\u2019archivio comunale e da quello personale di Laveder, dal bollettino parrocchiale \u201cLe campane di sant\u2019Antonio\u201d, dal circolo culturale \u201cLa Marol\u201d, \u201cEl Caselo de Riva 1894-1994: cento anni di storia e tradizioni della latteria di Villagrande di Rivamonte Agordino\u201d, dalla locale Societ\u00e0 operaia di mutuo soccorso \u201cSant\u2019Antonio\u201d, con coordinamento didascalico di Emilia Sommariva, presentazione del giornalista, originario di Rivamonte, Sergio Tazzer e di Maria Luisa Stringa, presidente emerito della Federazione italiana Club Unesco, infine con considerazioni di Adriano Ritacco, presidente della Federazione italiana dei Club e Centri Unesco (\u201c\u2026 Non vi \u00e8 alcun dubbio che conoscere a fondo il nostro passato ci induce a valutare il presente con pi\u00f9 attenzione, a considerare le difficolt\u00e0 e i sacrifici che hanno vissuto i nostri padri in un tempo non molto lontano, quando di molto poco disponevano, per costruire la societ\u00e0, per portare avanti una famiglia e per dare ad essa una dignitosa esistenza. Dai volti di coloro che l\u2019obiettivo ha immortalato, traspaiono difficolt\u00e0, preoccupazioni e stenti, comuni alla condizione sociale e umana di quel tempo. Le tappe del percorso umano, fermate dalle immagini fotografiche della raccolta che documentano il vissuto, delineano uno spaccato di quegli anni: rientrano a pieno titolo nel bagaglio umano e culturale di quella comunit\u00e0 e contribuiscono alla affermazione dei valori universali\u201d). Sostiamo a Valchesina di cui viene proposta una gran bella foto di gruppo con questa dicitura: \u201c\u201dValchesina &#8211; Inizi del \u2018900. Gruppo di abitanti: tra gli altri si riconoscono a destra il Th\u00f2t Patisse, orologiaio e scarpolin che abitava nell\u2019ultima casa di Valchesina Bassa\u201d. Segue l\u2019immagine, datata 1951, proprio di Valchesina Bassa, che documenta \u201cUn giro in bici\u201d con: Costante Fadig\u00e0, Elisa (Lisetta) Schena con il figlio Giovanni . Quindi ecco a Riva da Franche, 1959, Arturo Del Din ed Elda Schena sulla Vespa di Luciano Conedera. Altro gruppo dei primi anni \u201950. In prima fila da sinistra: Nina Conedera, Teresa Schena (Tares\u00f2t), Teresa Xaiz (Teres\u00e9ta del Gis\u00f2l), Luciano Xaiz, Rachele Conedera, Bruno di Varese e Guido Schena; seconda fila: Valentino Xaiz (Tin\u00f2l), Amalia Mottes, Domenico Schena (Menc\u00f2l), Luigi Xaiz (Gis\u00f2l), Nina del Gis\u00f2l, Margherita Schena (N\u00e9gra) con bambina in braccio,Arcangela (figlia del G\u00f3cio), Antonia Fadig\u00e0 (Tonin\u00e8l), Vincenza Conedera e Michele Schena (Micel\u00f9th). Per la cronaca: nel 1944 le famiglie residenti nella frazione erano 24. Dello stesso periodo ecco Antonio Xaiz impegnato con il taglio della legna e, dietro, Mos\u00e8 Xaiz con il figlio Giovanni. Per la cronaca: \u201cUn personaggio da ricordare della frazione \u00e8 Antonio Schena (T\u00f2ni Mar\u00e8be) per un fatto eroico e citato anche nel libro di Giulio Bedeschi \u2018Centomila gavette di ghiaccio\u2019. Antonio era militare in Russia e ha sacrificato la sua vita al posto di un commilitone. Ultimo ricordo di questo rivamontese \u00e8 l\u2019incontro casuale avuto con il compaesano Mario Cont mentre questi si stava cuocendo due patate nell\u2019elmo. In quella circostanza difficile Mario e Antonio si sono lasciati con l\u2019augurio di incontrarsi nuovamente a Rivamonte; purtroppo nessuno dei due ha pi\u00f9 rivisto le proprie montagne\u201d. All\u2019immagine successiva \u00e8 stato dato il titolo: \u201cIn pullman verso Franche\u201d con questa didascalia: \u201cLa ditta Buzzatti ha iniziato a gestire il servizio di trasporto per Rivamonte negli anni \u201930 con un Fiat 514 dotato di ben 7 posti. L\u2019autista era Guido Facciotto di Agordo. Nel febbraio del 1931, a causa delle abbondanti nevicate stagionali e del rischio di caduta valanghe, fu sospeso il servizio di autocorriera per ben 12 giorni; in tale periodo il servizio postale fu effettuato a mezzo slitte. Nel 1934 la strada Gosaldo-Passo Franche-Rivamonte-Ponte Alto richiedeva ancora di essere dotata di parapetti, ponti e di paracarri al fine di garantire l\u2019incolumit\u00e0 dei passanti, oltre ad un ampliamento di almeno 5 metri, larghezza sufficiente per il traffico degli autoveicoli\u201d. Tocca ora a Valchesina Bassa, anni \u201950 con un gruppetto in cui sono netta maggioranza le signore: davanti, a sinistra: Elda Schena e Annamaria Frigerio, in mezzo Angelina Angoletta, dietro da sinistra: Domenico Xaiz (Pel\u00ecn), Marietta Schena e Maddalena Mattarel. E ora siamo a Valchesina, anni \u201960 con il Gruppo per le missioni. Un tempo &#8211; \u00e8 scritto &#8211; era consuetudine che venissero in visita alle frazioni i frati missionari, si organizzavano delle processioni e ancora in molti ricordano le loro prediche al termine delle quali lasciavano in dono una Croce\u201d. Eccoci a \u201cValchesina. Am\u00e8da Mabile. Nella frazione, la signora Elisabetta Selle di Cristoforo (detta Bettina) gestiva un negozio di generi alimentari a cui era annessa anche un\u2019osteria. Inoltre, Bettina possedeva una macchina per il confezionamento delle calze\u201d. Di nuovo Anni\u201960 col gruppo-mini: in piedi, da sinistra: Fiorella, Sandro, Mario, e Chiara Xaiz, davanti, da sinistra: Franco e Fausto Schena. Conclusione della gradevole trasferta con l\u2019immagine intitolata \u201cValchesina Alta &#8211; 1953\u201d in cui si riconoscono, davanti da sinistra: Renato Schena e Luigia Da Costa; dietro, sempre da sinistra: Guido Schena, Giovanna Schena, Annetta Schena, Teresa Xaiz, Maria Schena, Teresa Schena e Margherita Schena. Ultima fotografia proposta in questa occasione \u00e8 quella che ci mostra, restando a Valchesina Alta: Rosa Schena (nonna di Antonietta e Maria Rosa Casera. Per la cronaca viene ricordato che \u201cnel 1932 il villaggio contava circa cinquanta abitanti\u201d.<\/p>\n\n\t\t\t<style type='text\/css'>\n\t\t\t\t#gallery-1 {\n\t\t\t\t\tmargin: auto;\n\t\t\t\t}\n\t\t\t\t#gallery-1 .gallery-item {\n\t\t\t\t\tfloat: left;\n\t\t\t\t\tmargin-top: 10px;\n\t\t\t\t\ttext-align: center;\n\t\t\t\t\twidth: 16%;\n\t\t\t\t}\n\t\t\t\t#gallery-1 img {\n\t\t\t\t\tborder: 2px solid #cfcfcf;\n\t\t\t\t}\n\t\t\t\t#gallery-1 .gallery-caption {\n\t\t\t\t\tmargin-left: 0;\n\t\t\t\t}\n\t\t\t\t\/* see gallery_shortcode() in wp-includes\/media.php *\/\n\t\t\t<\/style>\n\t\t<div id='gallery-1' class='dt-gallery-container gallery galleryid-237009 gallery-columns-6 gallery-size-thumbnail'><dl class='gallery-item'>\n\t\t\t\t<dt class='gallery-icon landscape'>\n\t\t\t\t\t<a class=\"rollover rollover-zoom dt-pswp-item\" title=\"245209172_998299064080107_2786660151658455946_n\" data-dt-img-description=\"\" data-large_image_width=\"321\" data-large_image_height=\"206\"href='https:\/\/www.radiopiu.net\/wordpress\/wp-content\/uploads\/2021\/10\/245209172_998299064080107_2786660151658455946_n.jpg'><img loading=\"lazy\" decoding=\"async\" width=\"150\" height=\"150\" src=\"https:\/\/www.radiopiu.net\/wordpress\/wp-content\/uploads\/2021\/10\/245209172_998299064080107_2786660151658455946_n-150x150.jpg\" class=\"attachment-thumbnail size-thumbnail\" alt=\"\" \/><\/a>\n\t\t\t\t<\/dt><\/dl><dl class='gallery-item'>\n\t\t\t\t<dt class='gallery-icon portrait'>\n\t\t\t\t\t<a class=\"rollover rollover-zoom dt-pswp-item\" title=\"245605539_174798754812891_294533181065235596_n\" data-dt-img-description=\"\" data-large_image_width=\"155\" data-large_image_height=\"225\"href='https:\/\/www.radiopiu.net\/wordpress\/wp-content\/uploads\/2021\/10\/245605539_174798754812891_294533181065235596_n.jpg'><img loading=\"lazy\" decoding=\"async\" width=\"150\" height=\"150\" src=\"https:\/\/www.radiopiu.net\/wordpress\/wp-content\/uploads\/2021\/10\/245605539_174798754812891_294533181065235596_n-150x150.jpg\" class=\"attachment-thumbnail size-thumbnail\" alt=\"\" \/><\/a>\n\t\t\t\t<\/dt><\/dl><dl class='gallery-item'>\n\t\t\t\t<dt class='gallery-icon landscape'>\n\t\t\t\t\t<a class=\"rollover rollover-zoom dt-pswp-item\" title=\"245393570_432370624987242_7303600388067287083_n\" data-dt-img-description=\"\" data-large_image_width=\"317\" data-large_image_height=\"206\"href='https:\/\/www.radiopiu.net\/wordpress\/wp-content\/uploads\/2021\/10\/245393570_432370624987242_7303600388067287083_n.jpg'><img loading=\"lazy\" decoding=\"async\" width=\"150\" height=\"150\" src=\"https:\/\/www.radiopiu.net\/wordpress\/wp-content\/uploads\/2021\/10\/245393570_432370624987242_7303600388067287083_n-150x150.jpg\" class=\"attachment-thumbnail size-thumbnail\" alt=\"\" \/><\/a>\n\t\t\t\t<\/dt><\/dl><dl class='gallery-item'>\n\t\t\t\t<dt class='gallery-icon landscape'>\n\t\t\t\t\t<a class=\"rollover rollover-zoom dt-pswp-item\" title=\"245537865_1020309365485893_1832019016169588637_n\" data-dt-img-description=\"\" data-large_image_width=\"338\" data-large_image_height=\"206\"href='https:\/\/www.radiopiu.net\/wordpress\/wp-content\/uploads\/2021\/10\/245537865_1020309365485893_1832019016169588637_n.jpg'><img loading=\"lazy\" decoding=\"async\" width=\"150\" height=\"150\" src=\"https:\/\/www.radiopiu.net\/wordpress\/wp-content\/uploads\/2021\/10\/245537865_1020309365485893_1832019016169588637_n-150x150.jpg\" class=\"attachment-thumbnail size-thumbnail\" alt=\"\" \/><\/a>\n\t\t\t\t<\/dt><\/dl><dl class='gallery-item'>\n\t\t\t\t<dt class='gallery-icon landscape'>\n\t\t\t\t\t<a class=\"rollover rollover-zoom dt-pswp-item\" title=\"245271533_280976917210552_1888469961768836016_n\" data-dt-img-description=\"\" data-large_image_width=\"309\" data-large_image_height=\"206\"href='https:\/\/www.radiopiu.net\/wordpress\/wp-content\/uploads\/2021\/10\/245271533_280976917210552_1888469961768836016_n.jpg'><img loading=\"lazy\" decoding=\"async\" width=\"150\" height=\"150\" src=\"https:\/\/www.radiopiu.net\/wordpress\/wp-content\/uploads\/2021\/10\/245271533_280976917210552_1888469961768836016_n-150x150.jpg\" class=\"attachment-thumbnail size-thumbnail\" alt=\"\" \/><\/a>\n\t\t\t\t<\/dt><\/dl><dl class='gallery-item'>\n\t\t\t\t<dt class='gallery-icon landscape'>\n\t\t\t\t\t<a class=\"rollover rollover-zoom dt-pswp-item\" title=\"245308577_325193242698730_3676181269307538719_n\" data-dt-img-description=\"\" data-large_image_width=\"296\" data-large_image_height=\"202\"href='https:\/\/www.radiopiu.net\/wordpress\/wp-content\/uploads\/2021\/10\/245308577_325193242698730_3676181269307538719_n.jpg'><img loading=\"lazy\" decoding=\"async\" width=\"150\" height=\"150\" src=\"https:\/\/www.radiopiu.net\/wordpress\/wp-content\/uploads\/2021\/10\/245308577_325193242698730_3676181269307538719_n-150x150.jpg\" class=\"attachment-thumbnail size-thumbnail\" alt=\"\" \/><\/a>\n\t\t\t\t<\/dt><\/dl><br style=\"clear: both\" \/><dl class='gallery-item'>\n\t\t\t\t<dt class='gallery-icon landscape'>\n\t\t\t\t\t<a class=\"rollover rollover-zoom dt-pswp-item\" title=\"245427101_876498373231681_5568268504158861479_n\" data-dt-img-description=\"\" data-large_image_width=\"320\" data-large_image_height=\"200\"href='https:\/\/www.radiopiu.net\/wordpress\/wp-content\/uploads\/2021\/10\/245427101_876498373231681_5568268504158861479_n.jpg'><img loading=\"lazy\" decoding=\"async\" width=\"150\" height=\"150\" src=\"https:\/\/www.radiopiu.net\/wordpress\/wp-content\/uploads\/2021\/10\/245427101_876498373231681_5568268504158861479_n-150x150.jpg\" class=\"attachment-thumbnail size-thumbnail\" alt=\"\" \/><\/a>\n\t\t\t\t<\/dt><\/dl><dl class='gallery-item'>\n\t\t\t\t<dt class='gallery-icon landscape'>\n\t\t\t\t\t<a class=\"rollover rollover-zoom dt-pswp-item\" title=\"245192242_828492511169226_5838752680365656643_n\" data-dt-img-description=\"\" data-large_image_width=\"274\" data-large_image_height=\"206\"href='https:\/\/www.radiopiu.net\/wordpress\/wp-content\/uploads\/2021\/10\/245192242_828492511169226_5838752680365656643_n.jpg'><img loading=\"lazy\" decoding=\"async\" width=\"150\" height=\"150\" src=\"https:\/\/www.radiopiu.net\/wordpress\/wp-content\/uploads\/2021\/10\/245192242_828492511169226_5838752680365656643_n-150x150.jpg\" class=\"attachment-thumbnail size-thumbnail\" alt=\"\" \/><\/a>\n\t\t\t\t<\/dt><\/dl><dl class='gallery-item'>\n\t\t\t\t<dt class='gallery-icon portrait'>\n\t\t\t\t\t<a class=\"rollover rollover-zoom dt-pswp-item\" title=\"245563644_599580021400378_8460888463457028795_n\" data-dt-img-description=\"\" data-large_image_width=\"168\" data-large_image_height=\"203\"href='https:\/\/www.radiopiu.net\/wordpress\/wp-content\/uploads\/2021\/10\/245563644_599580021400378_8460888463457028795_n.jpg'><img loading=\"lazy\" decoding=\"async\" width=\"150\" height=\"150\" src=\"https:\/\/www.radiopiu.net\/wordpress\/wp-content\/uploads\/2021\/10\/245563644_599580021400378_8460888463457028795_n-150x150.jpg\" class=\"attachment-thumbnail size-thumbnail\" alt=\"\" \/><\/a>\n\t\t\t\t<\/dt><\/dl><dl class='gallery-item'>\n\t\t\t\t<dt class='gallery-icon portrait'>\n\t\t\t\t\t<a class=\"rollover rollover-zoom dt-pswp-item\" title=\"245330240_735765677821603_8541619666415011722_n\" data-dt-img-description=\"\" data-large_image_width=\"158\" data-large_image_height=\"240\"href='https:\/\/www.radiopiu.net\/wordpress\/wp-content\/uploads\/2021\/10\/245330240_735765677821603_8541619666415011722_n.jpg'><img loading=\"lazy\" decoding=\"async\" width=\"150\" height=\"150\" src=\"https:\/\/www.radiopiu.net\/wordpress\/wp-content\/uploads\/2021\/10\/245330240_735765677821603_8541619666415011722_n-150x150.jpg\" class=\"attachment-thumbnail size-thumbnail\" alt=\"\" \/><\/a>\n\t\t\t\t<\/dt><\/dl><dl class='gallery-item'>\n\t\t\t\t<dt class='gallery-icon landscape'>\n\t\t\t\t\t<a class=\"rollover rollover-zoom dt-pswp-item\" title=\"245318652_2381391548659591_366990425332165626_n\" data-dt-img-description=\"\" data-large_image_width=\"317\" data-large_image_height=\"206\"href='https:\/\/www.radiopiu.net\/wordpress\/wp-content\/uploads\/2021\/10\/245318652_2381391548659591_366990425332165626_n.jpg'><img loading=\"lazy\" decoding=\"async\" width=\"150\" height=\"150\" src=\"https:\/\/www.radiopiu.net\/wordpress\/wp-content\/uploads\/2021\/10\/245318652_2381391548659591_366990425332165626_n-150x150.jpg\" class=\"attachment-thumbnail size-thumbnail\" alt=\"\" \/><\/a>\n\t\t\t\t<\/dt><\/dl><dl class='gallery-item'>\n\t\t\t\t<dt class='gallery-icon landscape'>\n\t\t\t\t\t<a class=\"rollover rollover-zoom dt-pswp-item\" title=\"245236434_4944596498906522_5134646480698349629_n\" data-dt-img-description=\"\" data-large_image_width=\"275\" data-large_image_height=\"206\"href='https:\/\/www.radiopiu.net\/wordpress\/wp-content\/uploads\/2021\/10\/245236434_4944596498906522_5134646480698349629_n.jpg'><img loading=\"lazy\" decoding=\"async\" width=\"150\" height=\"150\" src=\"https:\/\/www.radiopiu.net\/wordpress\/wp-content\/uploads\/2021\/10\/245236434_4944596498906522_5134646480698349629_n-150x150.jpg\" class=\"attachment-thumbnail size-thumbnail\" alt=\"\" \/><\/a>\n\t\t\t\t<\/dt><\/dl><br style=\"clear: both\" \/>\n\t\t\t<\/div>\n\n<p>&nbsp;<\/p>\n","protected":false},"excerpt":{"rendered":"<p>DI RENATO BONA \u201d Altra tappa di avvicinamento verso il traguardo conclusivo del \u201cviaggio\u201d in comune di Rivamonte Agordino, guidati dallo splendido libro che il Club Unesco Agordino, presieduto dall\u2019amico Giuliano Laveder, ha dato alle stampe col titolo: \u201cUna finestra su Riva\u201d, per i tipi della tipografia Castaldi di Agordo nell\u2019ottobre 2013, con foto e&hellip;<\/p>\n","protected":false},"author":4,"featured_media":237012,"comment_status":"closed","ping_status":"open","sticky":false,"template":"","format":"standard","meta":{"_monsterinsights_skip_tracking":false,"_monsterinsights_sitenote_active":false,"_monsterinsights_sitenote_note":"","_monsterinsights_sitenote_category":0,"footnotes":""},"categories":[104,49],"tags":[],"class_list":["post-237009","post","type-post","status-publish","format-standard","has-post-thumbnail","hentry","category-evidenza_3","category-news-18","category-104","category-49","description-off"],"img_url":"https:\/\/www.radiopiu.net\/wordpress\/wp-content\/uploads\/2021\/10\/245393570_432370624987242_7303600388067287083_n.jpg","_links":{"self":[{"href":"https:\/\/www.radiopiu.net\/wordpress\/wp-json\/wp\/v2\/posts\/237009","targetHints":{"allow":["GET"]}}],"collection":[{"href":"https:\/\/www.radiopiu.net\/wordpress\/wp-json\/wp\/v2\/posts"}],"about":[{"href":"https:\/\/www.radiopiu.net\/wordpress\/wp-json\/wp\/v2\/types\/post"}],"author":[{"embeddable":true,"href":"https:\/\/www.radiopiu.net\/wordpress\/wp-json\/wp\/v2\/users\/4"}],"replies":[{"embeddable":true,"href":"https:\/\/www.radiopiu.net\/wordpress\/wp-json\/wp\/v2\/comments?post=237009"}],"version-history":[{"count":0,"href":"https:\/\/www.radiopiu.net\/wordpress\/wp-json\/wp\/v2\/posts\/237009\/revisions"}],"wp:featuredmedia":[{"embeddable":true,"href":"https:\/\/www.radiopiu.net\/wordpress\/wp-json\/wp\/v2\/media\/237012"}],"wp:attachment":[{"href":"https:\/\/www.radiopiu.net\/wordpress\/wp-json\/wp\/v2\/media?parent=237009"}],"wp:term":[{"taxonomy":"category","embeddable":true,"href":"https:\/\/www.radiopiu.net\/wordpress\/wp-json\/wp\/v2\/categories?post=237009"},{"taxonomy":"post_tag","embeddable":true,"href":"https:\/\/www.radiopiu.net\/wordpress\/wp-json\/wp\/v2\/tags?post=237009"}],"curies":[{"name":"wp","href":"https:\/\/api.w.org\/{rel}","templated":true}]}}