{"id":237035,"date":"2021-10-14T17:05:16","date_gmt":"2021-10-14T15:05:16","guid":{"rendered":"https:\/\/www.radiopiu.net\/wordpress\/?p=237035"},"modified":"2021-10-14T17:10:10","modified_gmt":"2021-10-14T15:10:10","slug":"agordino-in-festa-per-papa-luciani","status":"publish","type":"post","link":"https:\/\/www.radiopiu.net\/wordpress\/agordino-in-festa-per-papa-luciani\/","title":{"rendered":"AGORDINO IN FESTA PER PAPA LUCIANI"},"content":{"rendered":"<p align=\"CENTER\"><span style=\"font-family: Times New Roman, serif;\"><span style=\"font-size: xx-large;\"><b><a href=\"https:\/\/www.radiopiu.net\/wordpress\/agordino-in-festa-per-papa-luciani\/pp-83\/\" rel=\"attachment wp-att-237043\"><img loading=\"lazy\" decoding=\"async\" class=\"wp-image-237043 alignleft\" src=\"https:\/\/www.radiopiu.net\/wordpress\/wp-content\/uploads\/2021\/10\/pp-3.jpg\" alt=\"\" width=\"140\" height=\"140\" srcset=\"https:\/\/www.radiopiu.net\/wordpress\/wp-content\/uploads\/2021\/10\/pp-3.jpg 242w, https:\/\/www.radiopiu.net\/wordpress\/wp-content\/uploads\/2021\/10\/pp-3-150x150.jpg 150w\" sizes=\"auto, (max-width: 140px) 100vw, 140px\" \/><\/a>Sar\u00e0 il terzo Beato bellunese della storia<\/b><\/span><\/span><\/p>\n<p align=\"CENTER\"><span style=\"font-family: Times New Roman, serif;\"><span style=\"font-size: medium;\"><i>di<\/i><\/span><\/span> <span style=\"font-family: Times New Roman, serif;\"><span style=\"font-size: medium;\"><b>DINO BRIDDA<\/b><\/span><\/span><\/p>\n<p align=\"JUSTIFY\"><span style=\"font-family: Times New Roman, serif;\"><span style=\"font-size: medium;\">Campane a festa per Albino Luciani, ma idealmente potrebbero suonare anche per altri beati, passati e futuri, tutti appartenenti al territorio dell\u2019attuale Diocesi di Belluno-Feltre. <\/span><\/span><span style=\"font-size: medium; font-family: 'Times New Roman', serif;\">Del primo gi\u00e0 nel secolo XV crebbe la fama delle sante virt\u00f9: fu un frate minore dell\u2019Osservanza o dei Riformati, ovvero fra\u2019 Bernardino Tomitano di Feltre (1439-1494), chiamato il \u201cPiccolo\u201d per la sua bassa statura. Grande oratore, \u00e8 ricordato per aver contribuito all\u2019istituzione dei Monti di Piet\u00e0, promossi dall\u2019Ordine dei Frati Minori per sottrarre le classi pi\u00f9 povere alle angherie degli usurai. <\/span><span style=\"font-family: Times New Roman, serif;\"><span style=\"font-size: medium;\">Il secondo beato di casa nostra fu Adilio Da Ronch (1908-1924), di famiglia di Agordo e nato a Dona Francisca nel Rio Grande do Sul in Brasile. Fedele chierichetto, assieme al suo parroco fu assassinato nella foresta di Tr\u00eas Passos in un\u2019imboscata tesa da alcuni militari che erano contrari all\u2019azione evangelizzatrice e di promozione umana portata avanti dalla Chiesa locale. <\/span><\/span><span style=\"font-family: Times New Roman, serif;\"><span style=\"font-size: medium;\">A questo breve elenco di beati potremmo aggiungere anche un vescovo della Diocesi di Feltre e Belluno, ma proveniente da Cuneo, ovvero monsignor Enrico Scarampi (1354 o 1355-1440), vissuto all\u2019epoca del Grande Scisma d\u2019Occidente, direttore spirituale della Beata Margherita di Savoia, tesoriere della Camera Apostolica e fedele collaboratore del Papa Martino V. <\/span><\/span><span style=\"font-family: Times New Roman, serif;\"><span style=\"font-size: medium;\">Le campane potrebbero suonare di nuovo in un prossimo futuro e anche pi\u00f9 volte. Infatti sono in atto i processi di beatificazione di ben quattro uomini di Chiesa nati nelle Diocesi di Belluno e Feltre o discendenti di famiglie del medesimo territorio. <\/span><\/span><span style=\"font-size: medium; font-family: 'Times New Roman', serif;\">Il primo proclamato da Benedetto XVI Servo di Dio, \u00e8 monsignor Joao Benvegn\u00f9 (1907-1986), di famiglia di Pra di Taibon <span style=\"font-family: Times New Roman, serif;\"><span style=\"font-size: medium;\"><a href=\"https:\/\/www.radiopiu.net\/wordpress\/agordino-in-festa-per-papa-luciani\/cappello-1600x_center_center_1520362872\/\" rel=\"attachment wp-att-237036\"><img loading=\"lazy\" decoding=\"async\" class=\"wp-image-237036 alignright\" src=\"https:\/\/www.radiopiu.net\/wordpress\/wp-content\/uploads\/2021\/10\/cappello-1600x_center_center_1520362872-300x300.jpg\" alt=\"\" width=\"279\" height=\"279\" srcset=\"https:\/\/www.radiopiu.net\/wordpress\/wp-content\/uploads\/2021\/10\/cappello-1600x_center_center_1520362872-300x300.jpg 300w, https:\/\/www.radiopiu.net\/wordpress\/wp-content\/uploads\/2021\/10\/cappello-1600x_center_center_1520362872-150x150.jpg 150w, https:\/\/www.radiopiu.net\/wordpress\/wp-content\/uploads\/2021\/10\/cappello-1600x_center_center_1520362872.jpg 440w\" sizes=\"auto, (max-width: 279px) 100vw, 279px\" \/><\/a><\/span><\/span>Agordino, ma nato nel Rio Grande do Sul (Brasile), figlio di Fedele e di Maria Moretti. Dal 1935 alla morte fu parroco di s\u00e2o Domingo do Sul dove ogni anno nella prima domenica di gennaio sulla sua tomba si recano circa 20.000 persone in pellegrinaggio. Si parla di 40 casi di suoi interventi tra i quali potrebbe esserci il miracolo che porterebbe alla sua beatificazione. <\/span><span style=\"font-family: Times New Roman, serif;\"><span style=\"font-size: medium;\">Causa di beatificazione in corso anche per padre Felice Maria Cappello (foto, 1879-1962), nato a Caviola, fratello dell\u2019arcidiacono di Agordo Luigi, religioso gesuita, ricordato come \u201cil confessore di Roma\u201d nella chiesa di S. Ignazio. Uomo di vasta cultura, fu consultore di diverse Congregazioni vaticane e membro della Pontificia Commissione dei Vescovi per la preparazione del Concilio Ecumenico Vaticano II. Il processo che lo riguarda, iniziato nel 1990, si \u00e8 concluso nel 2014 quando Papa Francesco lo proclam\u00f2 Servo di Dio. <\/span><\/span><span style=\"font-family: Times New Roman, serif;\"><span style=\"font-size: medium;\">Una causa di beatificazione in corso \u00e8 anche quella di padre Romano Bottegal (1921-1978), di S. Donato di Lamon, monaco trappista dell\u2019Ordine Cistercense della Stretta Osservanza, per parecchi anni eremita in Terra Santa e in Libano. Fu proclamato Venerabile da Papa Francesco nel 2013. <\/span><\/span><span style=\"font-family: Times New Roman, serif;\"><span style=\"font-size: medium;\">Per concludere dobbiamo citare monsignor Juan Jos\u00e9 Gerardi Conedera, nato a Citt\u00e0 del Guatemala nel 1922 da una famiglia originaria di Taibon Agordino. I nonni col\u00e0 emigranti furono venduti dal comandante della loro nave al dittatore guatemalteco Justo Rufino Barrios Auy\u00f3n (1835-1885) e vi rimasero lavorando come contadini. Mons. Conedera fu vescovo assai attivo nel campo della lotta per i diritti umani degli ultimi: <\/span><\/span><span style=\"font-family: Times New Roman, serif;\"><span style=\"font-size: medium;\">\u00abSe il povero rimane fuori della nostra vita \u2013 sosteneva \u2013 allora forse anche Ges\u00f9 \u00e8 fuori della nostra vita\u00bb. Nel 1988 pubblic\u00f2 il rapporto \u201cNunca M\u00e1s\u201d su oltre 55mila casi di violenze, torture, sparizioni, mutilazioni, massacri e stupri. Pochi giorni dopo fu assassinato in maniera talmente barbara che il cadavere pot\u00e9 essere riconosciuto solo attraverso l\u2019anello episcopale. Tre degli esecutori materiali del delitto furono individuati. Il volto dei mandanti, invece, \u00e8 ancora avvolto nelle nebbie di depistaggi e omert\u00e0 istituzionali.\u00a0\u00a0<\/span><\/span><\/p>\n<p align=\"JUSTIFY\"><em><span style=\"font-family: Times New Roman, serif;\"><span style=\"font-size: medium;\">A quando le prossime campane a festa nelle parrocchie della nostra Diocesi?\u00a0<\/span><\/span><\/em><\/p>\n<p align=\"JUSTIFY\">***<\/p>\n","protected":false},"excerpt":{"rendered":"<p>Sar\u00e0 il terzo Beato bellunese della storia di DINO BRIDDA Campane a festa per Albino Luciani, ma idealmente potrebbero suonare anche per altri beati, passati e futuri, tutti appartenenti al territorio dell\u2019attuale Diocesi di Belluno-Feltre. Del primo gi\u00e0 nel secolo XV crebbe la fama delle sante virt\u00f9: fu un frate minore dell\u2019Osservanza o dei Riformati,&hellip;<\/p>\n","protected":false},"author":4,"featured_media":237036,"comment_status":"closed","ping_status":"open","sticky":false,"template":"","format":"standard","meta":{"_monsterinsights_skip_tracking":false,"_monsterinsights_sitenote_active":false,"_monsterinsights_sitenote_note":"","_monsterinsights_sitenote_category":0,"footnotes":""},"categories":[51,49],"tags":[],"class_list":["post-237035","post","type-post","status-publish","format-standard","has-post-thumbnail","hentry","category-evidenza-top","category-news-18","category-51","category-49","description-off"],"img_url":"https:\/\/www.radiopiu.net\/wordpress\/wp-content\/uploads\/2021\/10\/cappello-1600x_center_center_1520362872.jpg","_links":{"self":[{"href":"https:\/\/www.radiopiu.net\/wordpress\/wp-json\/wp\/v2\/posts\/237035","targetHints":{"allow":["GET"]}}],"collection":[{"href":"https:\/\/www.radiopiu.net\/wordpress\/wp-json\/wp\/v2\/posts"}],"about":[{"href":"https:\/\/www.radiopiu.net\/wordpress\/wp-json\/wp\/v2\/types\/post"}],"author":[{"embeddable":true,"href":"https:\/\/www.radiopiu.net\/wordpress\/wp-json\/wp\/v2\/users\/4"}],"replies":[{"embeddable":true,"href":"https:\/\/www.radiopiu.net\/wordpress\/wp-json\/wp\/v2\/comments?post=237035"}],"version-history":[{"count":0,"href":"https:\/\/www.radiopiu.net\/wordpress\/wp-json\/wp\/v2\/posts\/237035\/revisions"}],"wp:featuredmedia":[{"embeddable":true,"href":"https:\/\/www.radiopiu.net\/wordpress\/wp-json\/wp\/v2\/media\/237036"}],"wp:attachment":[{"href":"https:\/\/www.radiopiu.net\/wordpress\/wp-json\/wp\/v2\/media?parent=237035"}],"wp:term":[{"taxonomy":"category","embeddable":true,"href":"https:\/\/www.radiopiu.net\/wordpress\/wp-json\/wp\/v2\/categories?post=237035"},{"taxonomy":"post_tag","embeddable":true,"href":"https:\/\/www.radiopiu.net\/wordpress\/wp-json\/wp\/v2\/tags?post=237035"}],"curies":[{"name":"wp","href":"https:\/\/api.w.org\/{rel}","templated":true}]}}