{"id":237051,"date":"2021-10-14T17:30:11","date_gmt":"2021-10-14T15:30:11","guid":{"rendered":"https:\/\/www.radiopiu.net\/wordpress\/?p=237051"},"modified":"2021-10-14T17:30:58","modified_gmt":"2021-10-14T15:30:58","slug":"sanita-ieri-eravamo-gli-eroi-oggi-quelli-da-mettere-nellangolo","status":"publish","type":"post","link":"https:\/\/www.radiopiu.net\/wordpress\/sanita-ieri-eravamo-gli-eroi-oggi-quelli-da-mettere-nellangolo\/","title":{"rendered":"SANITA&#8217;: IERI ERAVAMO GLI EROI, OGGI QUELLI DA METTERE NELL&#8217;ANGOLO"},"content":{"rendered":"<p><strong>DILLO A RADIO PIU&#8217;&#8230;.\u00a0<\/strong><\/p>\n<p>Riceviamo da Agordo e volentieri pubblichiamo una riflessione da chi opera nella sanit\u00e0 e ha deciso di non prestare il braccio&#8230; al vaccino.<\/p>\n<blockquote>\n<div dir=\"auto\"><img loading=\"lazy\" decoding=\"async\" class=\"alignleft\" src=\"https:\/\/www.radiopiu.net\/wordpress\/wp-content\/uploads\/2021\/05\/Vax_day_Ponte_1.jpeg\" width=\"231\" height=\"173\" \/>&#8220;In questi ultimi periodi vedo e sento diverse opinioni su chi si \u00e8 vaccinato nei\u00a0 confronti di chi non lo \u00e8, nei confronti dei no vax e viceversa.\u00a0 Lavoro nella sanit\u00e0, non sono no vax, non lo sono mai stata, ma per una patologia autoimmune, sentiti diversi pareri medici non mi sono vaccinata.\u00a0 Da marzo sono a casa, nonostante i miei certificati medici siano stati ritenuti validi, nonostante successivamente sia stata ritenuta idonea ma con limitazioni, nonostante tutto ferma.\u00a0 Nessuno nega tutto ci\u00f2 che \u00e8 stato dall&#8217;inizio di questa pandemia, che io definisco un incubo.\u00a0 Vorrei per\u00f2 che su queste mie parole qualcuno iniziasse a riflettere, a capire che quella medaglia ha tante facciate che molti non solo non vedono ma nemmeno colgono.\u00a0 Buttati allo sbaraglio all&#8217;inizio lottando contro un virus sconosciuto, definiti eroi ad un certo punto. Poi discriminati \u00a0e messi all&#8217;angolo.\u00a0 Ho sempre rispettato le regole, ma stando ferma.. senza un lavoro che amo molte domande sono nate spontanee.\u00a0 Con tutta la prevenzione usata nell&#8217; apice della pandemia, ora quella stessa prevenzione non posso usarla per lavorare,\u00a0 perch\u00e9?\u00a0 Ora c \u00e8 bisogno del green pass per accedere al lavoro. Con tutti i tamponi fatti per un anno e mezzo ora\u00a0 non valgono, perch\u00e9?\u00a0 Troppe incongruenze, e soprattutto non si tratta pi\u00f9 solo di una questione sanitaria ma di ben altro.\u00a0 Se veramente volessero preservare la salute della popolazione la prevenzione potrebbe esserci, senza necessariamente privare il popolo della propria libert\u00e0.\u00a0 Questa non \u00e8 pi\u00f9 una democrazia. Le persone devono sentirsi libere di scegliere ci\u00f2 che \u00e8 meglio per ognuno, e ci deve essere rispetto.\u00a0 E invece senza neanche rendervene conto, ci stanno mettendo gli uni contro gli altri. Ma la medaglia ha tante sfaccettature. Mi auguro che queste parole vi aiutino a diventare pi\u00f9 consapevoli della vera realt\u00e0 che ci circonda.<\/div>\n<\/blockquote>\n<div dir=\"auto\"><strong>Lettera firmata<\/strong><\/div>\n","protected":false},"excerpt":{"rendered":"<p>DILLO A RADIO PIU&#8217;&#8230;.\u00a0 Riceviamo da Agordo e volentieri pubblichiamo una riflessione da chi opera nella sanit\u00e0 e ha deciso di non prestare il braccio&#8230; al vaccino. &#8220;In questi ultimi periodi vedo e sento diverse opinioni su chi si \u00e8 vaccinato nei\u00a0 confronti di chi non lo \u00e8, nei confronti dei no vax e viceversa.\u00a0&hellip;<\/p>\n","protected":false},"author":4,"featured_media":209782,"comment_status":"closed","ping_status":"open","sticky":false,"template":"","format":"standard","meta":{"_monsterinsights_skip_tracking":false,"_monsterinsights_sitenote_active":false,"_monsterinsights_sitenote_note":"","_monsterinsights_sitenote_category":0,"footnotes":""},"categories":[51,49],"tags":[],"class_list":["post-237051","post","type-post","status-publish","format-standard","has-post-thumbnail","hentry","category-evidenza-top","category-news-18","category-51","category-49","description-off"],"img_url":"https:\/\/www.radiopiu.net\/wordpress\/wp-content\/uploads\/2021\/05\/Vax_day_Ponte_1.jpeg","_links":{"self":[{"href":"https:\/\/www.radiopiu.net\/wordpress\/wp-json\/wp\/v2\/posts\/237051","targetHints":{"allow":["GET"]}}],"collection":[{"href":"https:\/\/www.radiopiu.net\/wordpress\/wp-json\/wp\/v2\/posts"}],"about":[{"href":"https:\/\/www.radiopiu.net\/wordpress\/wp-json\/wp\/v2\/types\/post"}],"author":[{"embeddable":true,"href":"https:\/\/www.radiopiu.net\/wordpress\/wp-json\/wp\/v2\/users\/4"}],"replies":[{"embeddable":true,"href":"https:\/\/www.radiopiu.net\/wordpress\/wp-json\/wp\/v2\/comments?post=237051"}],"version-history":[{"count":0,"href":"https:\/\/www.radiopiu.net\/wordpress\/wp-json\/wp\/v2\/posts\/237051\/revisions"}],"wp:featuredmedia":[{"embeddable":true,"href":"https:\/\/www.radiopiu.net\/wordpress\/wp-json\/wp\/v2\/media\/209782"}],"wp:attachment":[{"href":"https:\/\/www.radiopiu.net\/wordpress\/wp-json\/wp\/v2\/media?parent=237051"}],"wp:term":[{"taxonomy":"category","embeddable":true,"href":"https:\/\/www.radiopiu.net\/wordpress\/wp-json\/wp\/v2\/categories?post=237051"},{"taxonomy":"post_tag","embeddable":true,"href":"https:\/\/www.radiopiu.net\/wordpress\/wp-json\/wp\/v2\/tags?post=237051"}],"curies":[{"name":"wp","href":"https:\/\/api.w.org\/{rel}","templated":true}]}}