{"id":237261,"date":"2021-10-16T05:13:36","date_gmt":"2021-10-16T03:13:36","guid":{"rendered":"https:\/\/www.radiopiu.net\/wordpress\/?p=237261"},"modified":"2021-10-16T08:41:33","modified_gmt":"2021-10-16T06:41:33","slug":"i-volontari-di-la-valle-contro-lincivilta","status":"publish","type":"post","link":"https:\/\/www.radiopiu.net\/wordpress\/i-volontari-di-la-valle-contro-lincivilta\/","title":{"rendered":"I VOLONTARI DI LA VALLE CONTRO L&#8217;INCIVILTA&#8217;"},"content":{"rendered":"<p>&nbsp;<\/p>\n<p>&nbsp;<\/p>\n<p><strong><a href=\"https:\/\/www.radiopiu.net\/wordpress\/giornale-radiopiu-16-ottobre-2021-direttore-mirko-mezzacasa\/e238cba7-8f52-40ff-81d0-d0355fa08e49\/\" rel=\"attachment wp-att-237260\"><img loading=\"lazy\" decoding=\"async\" class=\"size-medium wp-image-237260 alignleft\" src=\"https:\/\/www.radiopiu.net\/wordpress\/wp-content\/uploads\/2021\/10\/e238cba7-8f52-40ff-81d0-d0355fa08e49-300x225.jpg\" alt=\"\" width=\"300\" height=\"225\" srcset=\"https:\/\/www.radiopiu.net\/wordpress\/wp-content\/uploads\/2021\/10\/e238cba7-8f52-40ff-81d0-d0355fa08e49-300x225.jpg 300w, https:\/\/www.radiopiu.net\/wordpress\/wp-content\/uploads\/2021\/10\/e238cba7-8f52-40ff-81d0-d0355fa08e49-768x576.jpg 768w, https:\/\/www.radiopiu.net\/wordpress\/wp-content\/uploads\/2021\/10\/e238cba7-8f52-40ff-81d0-d0355fa08e49.jpg 1024w\" sizes=\"auto, (max-width: 300px) 100vw, 300px\" \/><\/a><br \/>\n<\/strong><\/p>\n<p><strong>LA VALLE<\/strong> Recuperato ieri sera dai volontari di La Valle il grande divano gettato da dei &#8220;delinquenti&#8221; nel torrente sui Pian de Caleda al Passo Duran. Se in certe parti d\u2019Italia \u00e8 normale vedere cumuli di immondizie di fianco alla strada, sicuramente non lo \u00e8 qui. Oggi verr\u00e0 portato nell&#8217;ecocentro del Comune a La Valle e smaltito.<\/p>\n<p>&nbsp;<\/p>\n","protected":false},"excerpt":{"rendered":"<p>&nbsp; &nbsp; LA VALLE Recuperato ieri sera dai volontari di La Valle il grande divano gettato da dei &#8220;delinquenti&#8221; nel torrente sui Pian de Caleda al Passo Duran. Se in certe parti d\u2019Italia \u00e8 normale vedere cumuli di immondizie di fianco alla strada, sicuramente non lo \u00e8 qui. Oggi verr\u00e0 portato nell&#8217;ecocentro del Comune a&hellip;<\/p>\n","protected":false},"author":4,"featured_media":237260,"comment_status":"closed","ping_status":"open","sticky":false,"template":"","format":"standard","meta":{"_monsterinsights_skip_tracking":false,"_monsterinsights_sitenote_active":false,"_monsterinsights_sitenote_note":"","_monsterinsights_sitenote_category":0,"footnotes":""},"categories":[104,49],"tags":[],"class_list":["post-237261","post","type-post","status-publish","format-standard","has-post-thumbnail","hentry","category-evidenza_3","category-news-18","category-104","category-49","description-off"],"img_url":"https:\/\/www.radiopiu.net\/wordpress\/wp-content\/uploads\/2021\/10\/e238cba7-8f52-40ff-81d0-d0355fa08e49.jpg","_links":{"self":[{"href":"https:\/\/www.radiopiu.net\/wordpress\/wp-json\/wp\/v2\/posts\/237261","targetHints":{"allow":["GET"]}}],"collection":[{"href":"https:\/\/www.radiopiu.net\/wordpress\/wp-json\/wp\/v2\/posts"}],"about":[{"href":"https:\/\/www.radiopiu.net\/wordpress\/wp-json\/wp\/v2\/types\/post"}],"author":[{"embeddable":true,"href":"https:\/\/www.radiopiu.net\/wordpress\/wp-json\/wp\/v2\/users\/4"}],"replies":[{"embeddable":true,"href":"https:\/\/www.radiopiu.net\/wordpress\/wp-json\/wp\/v2\/comments?post=237261"}],"version-history":[{"count":0,"href":"https:\/\/www.radiopiu.net\/wordpress\/wp-json\/wp\/v2\/posts\/237261\/revisions"}],"wp:featuredmedia":[{"embeddable":true,"href":"https:\/\/www.radiopiu.net\/wordpress\/wp-json\/wp\/v2\/media\/237260"}],"wp:attachment":[{"href":"https:\/\/www.radiopiu.net\/wordpress\/wp-json\/wp\/v2\/media?parent=237261"}],"wp:term":[{"taxonomy":"category","embeddable":true,"href":"https:\/\/www.radiopiu.net\/wordpress\/wp-json\/wp\/v2\/categories?post=237261"},{"taxonomy":"post_tag","embeddable":true,"href":"https:\/\/www.radiopiu.net\/wordpress\/wp-json\/wp\/v2\/tags?post=237261"}],"curies":[{"name":"wp","href":"https:\/\/api.w.org\/{rel}","templated":true}]}}