{"id":237319,"date":"2021-10-16T09:26:58","date_gmt":"2021-10-16T07:26:58","guid":{"rendered":"https:\/\/www.radiopiu.net\/wordpress\/?p=237319"},"modified":"2021-10-16T09:26:58","modified_gmt":"2021-10-16T07:26:58","slug":"fungaiolo-disperso-in-alpago","status":"publish","type":"post","link":"https:\/\/www.radiopiu.net\/wordpress\/fungaiolo-disperso-in-alpago\/","title":{"rendered":"FUNGAIOLO DISPERSO IN ALPAGO\u00a0"},"content":{"rendered":"<h3><\/h3>\n<p><strong>MANCATO RIENTRO, SI CERCA UN&#8217;AUTO <\/strong>Ieri sera attorno alle 20 il Soccorso alpino dell&#8217;Alpago \u00e8 stato attivato per partecipare alla ricerca di un uomo, uscito dalla sua abitazione a San Vendemiano (TV), gioved\u00ec alle 9, dicendo alla madre che sarebbe andato a funghi nella zona di Tarzo e mai pi\u00f9 rientrato. I soccorritori stanno percorrendo assieme ai Vigili del fuoco la rete viaria della zona del Cansiglio alla ricerca dell&#8217;auto dell&#8217;uomo, dopo che \u00e8 stata agganciata la cella locale dal suo cellulare, che attualmente suona libero senza risposta.<\/p>\n","protected":false},"excerpt":{"rendered":"<p>MANCATO RIENTRO, SI CERCA UN&#8217;AUTO Ieri sera attorno alle 20 il Soccorso alpino dell&#8217;Alpago \u00e8 stato attivato per partecipare alla ricerca di un uomo, uscito dalla sua abitazione a San Vendemiano (TV), gioved\u00ec alle 9, dicendo alla madre che sarebbe andato a funghi nella zona di Tarzo e mai pi\u00f9 rientrato. I soccorritori stanno percorrendo&hellip;<\/p>\n","protected":false},"author":1,"featured_media":233073,"comment_status":"closed","ping_status":"open","sticky":false,"template":"","format":"standard","meta":{"_monsterinsights_skip_tracking":false,"_monsterinsights_sitenote_active":false,"_monsterinsights_sitenote_note":"","_monsterinsights_sitenote_category":0,"footnotes":""},"categories":[51,49],"tags":[],"class_list":["post-237319","post","type-post","status-publish","format-standard","has-post-thumbnail","hentry","category-evidenza-top","category-news-18","category-51","category-49","description-off"],"img_url":"https:\/\/www.radiopiu.net\/wordpress\/wp-content\/uploads\/2021\/09\/salt_20210921_110225_494.jpg","_links":{"self":[{"href":"https:\/\/www.radiopiu.net\/wordpress\/wp-json\/wp\/v2\/posts\/237319","targetHints":{"allow":["GET"]}}],"collection":[{"href":"https:\/\/www.radiopiu.net\/wordpress\/wp-json\/wp\/v2\/posts"}],"about":[{"href":"https:\/\/www.radiopiu.net\/wordpress\/wp-json\/wp\/v2\/types\/post"}],"author":[{"embeddable":true,"href":"https:\/\/www.radiopiu.net\/wordpress\/wp-json\/wp\/v2\/users\/1"}],"replies":[{"embeddable":true,"href":"https:\/\/www.radiopiu.net\/wordpress\/wp-json\/wp\/v2\/comments?post=237319"}],"version-history":[{"count":0,"href":"https:\/\/www.radiopiu.net\/wordpress\/wp-json\/wp\/v2\/posts\/237319\/revisions"}],"wp:featuredmedia":[{"embeddable":true,"href":"https:\/\/www.radiopiu.net\/wordpress\/wp-json\/wp\/v2\/media\/233073"}],"wp:attachment":[{"href":"https:\/\/www.radiopiu.net\/wordpress\/wp-json\/wp\/v2\/media?parent=237319"}],"wp:term":[{"taxonomy":"category","embeddable":true,"href":"https:\/\/www.radiopiu.net\/wordpress\/wp-json\/wp\/v2\/categories?post=237319"},{"taxonomy":"post_tag","embeddable":true,"href":"https:\/\/www.radiopiu.net\/wordpress\/wp-json\/wp\/v2\/tags?post=237319"}],"curies":[{"name":"wp","href":"https:\/\/api.w.org\/{rel}","templated":true}]}}