{"id":237325,"date":"2021-10-18T05:32:40","date_gmt":"2021-10-18T03:32:40","guid":{"rendered":"https:\/\/www.radiopiu.net\/wordpress\/?p=237325"},"modified":"2021-10-18T10:26:12","modified_gmt":"2021-10-18T08:26:12","slug":"giornale-radiopiu-18-ottobre-2021-direttore-mirko-mezzacasa","status":"publish","type":"post","link":"https:\/\/www.radiopiu.net\/wordpress\/giornale-radiopiu-18-ottobre-2021-direttore-mirko-mezzacasa\/","title":{"rendered":"GIORNALE RADIOPIU 18 OTTOBRE 2021 DIRETTORE MIRKO MEZZACASA"},"content":{"rendered":"<p>&nbsp;<\/p>\n<h3 class=\"kvgmc6g5 cxmmr5t8 oygrvhab hcukyx3x c1et5uql\"><span style=\"color: #0000ff;\">INFORMAZIONE il canale su TELEGRAM informazione di prima mano e in tempo reale. iscriviti ed aiutaci a farlo conoscere\u00a0 \u00a0\u00a0<\/span><\/h3>\n<p>&nbsp;<\/p>\n<blockquote>\n<h2>STORIA, 3 CARTOLINE DEL 1908 DI ANDREA AMICO<\/h2>\n<\/blockquote>\n\n\t\t\t<style type='text\/css'>\n\t\t\t\t#gallery-1 {\n\t\t\t\t\tmargin: auto;\n\t\t\t\t}\n\t\t\t\t#gallery-1 .gallery-item {\n\t\t\t\t\tfloat: left;\n\t\t\t\t\tmargin-top: 10px;\n\t\t\t\t\ttext-align: center;\n\t\t\t\t\twidth: 33%;\n\t\t\t\t}\n\t\t\t\t#gallery-1 img {\n\t\t\t\t\tborder: 2px solid #cfcfcf;\n\t\t\t\t}\n\t\t\t\t#gallery-1 .gallery-caption {\n\t\t\t\t\tmargin-left: 0;\n\t\t\t\t}\n\t\t\t\t\/* see gallery_shortcode() in wp-includes\/media.php *\/\n\t\t\t<\/style>\n\t\t<div id='gallery-1' class='dt-gallery-container gallery galleryid-237325 gallery-columns-3 gallery-size-large'><dl class='gallery-item'>\n\t\t\t\t<dt class='gallery-icon landscape'>\n\t\t\t\t\t<a class=\"rollover rollover-zoom dt-pswp-item\" title=\"245663453_599932947820428_3934444948938052733_n\" data-dt-img-description=\"\" data-large_image_width=\"336\" data-large_image_height=\"206\"href='https:\/\/www.radiopiu.net\/wordpress\/wp-content\/uploads\/2021\/10\/245663453_599932947820428_3934444948938052733_n.jpg'><img loading=\"lazy\" decoding=\"async\" width=\"336\" height=\"206\" src=\"https:\/\/www.radiopiu.net\/wordpress\/wp-content\/uploads\/2021\/10\/245663453_599932947820428_3934444948938052733_n.jpg\" class=\"attachment-large size-large\" alt=\"\" srcset=\"https:\/\/www.radiopiu.net\/wordpress\/wp-content\/uploads\/2021\/10\/245663453_599932947820428_3934444948938052733_n.jpg 336w, https:\/\/www.radiopiu.net\/wordpress\/wp-content\/uploads\/2021\/10\/245663453_599932947820428_3934444948938052733_n-300x184.jpg 300w\" sizes=\"auto, (max-width: 336px) 100vw, 336px\" \/><\/a>\n\t\t\t\t<\/dt><\/dl><dl class='gallery-item'>\n\t\t\t\t<dt class='gallery-icon portrait'>\n\t\t\t\t\t<a class=\"rollover rollover-zoom dt-pswp-item\" title=\"245655630_1003220910247713_1711775644229159790_n\" data-dt-img-description=\"\" data-large_image_width=\"155\" data-large_image_height=\"240\"href='https:\/\/www.radiopiu.net\/wordpress\/wp-content\/uploads\/2021\/10\/245655630_1003220910247713_1711775644229159790_n.jpg'><img loading=\"lazy\" decoding=\"async\" width=\"155\" height=\"240\" src=\"https:\/\/www.radiopiu.net\/wordpress\/wp-content\/uploads\/2021\/10\/245655630_1003220910247713_1711775644229159790_n.jpg\" class=\"attachment-large size-large\" alt=\"\" \/><\/a>\n\t\t\t\t<\/dt><\/dl><dl class='gallery-item'>\n\t\t\t\t<dt class='gallery-icon landscape'>\n\t\t\t\t\t<a class=\"rollover rollover-zoom dt-pswp-item\" title=\"245623667_569715900990417_8169397635411615617_n\" data-dt-img-description=\"\" data-large_image_width=\"321\" data-large_image_height=\"206\"href='https:\/\/www.radiopiu.net\/wordpress\/wp-content\/uploads\/2021\/10\/245623667_569715900990417_8169397635411615617_n.jpg'><img loading=\"lazy\" decoding=\"async\" width=\"321\" height=\"206\" src=\"https:\/\/www.radiopiu.net\/wordpress\/wp-content\/uploads\/2021\/10\/245623667_569715900990417_8169397635411615617_n.jpg\" class=\"attachment-large size-large\" alt=\"\" srcset=\"https:\/\/www.radiopiu.net\/wordpress\/wp-content\/uploads\/2021\/10\/245623667_569715900990417_8169397635411615617_n.jpg 321w, https:\/\/www.radiopiu.net\/wordpress\/wp-content\/uploads\/2021\/10\/245623667_569715900990417_8169397635411615617_n-300x193.jpg 300w\" sizes=\"auto, (max-width: 321px) 100vw, 321px\" \/><\/a>\n\t\t\t\t<\/dt><\/dl><br style=\"clear: both\" \/>\n\t\t\t<\/div>\n\n<p>&nbsp;<\/p>\n<hr \/>\n<p>&nbsp;<\/p>\n<p><strong>L&#8217;APPELLO<\/strong><\/p>\n<h2 id=\"jsc_c_1dn\" class=\"gmql0nx0 l94mrbxd p1ri9a11 lzcic4wl aahdfvyu hzawbc8m\" dir=\"auto\"><span class=\"\"><span class=\"nc684nl6\"><a class=\"oajrlxb2 g5ia77u1 qu0x051f esr5mh6w e9989ue4 r7d6kgcz rq0escxv nhd2j8a9 nc684nl6 p7hjln8o kvgmc6g5 cxmmr5t8 oygrvhab hcukyx3x jb3vyjys rz4wbd8a qt6c0cv9 a8nywdso i1ao9s8h esuyzwwr f1sip0of lzcic4wl oo9gr5id gpro0wi8 lrazzd5p\" tabindex=\"0\" role=\"link\" href=\"https:\/\/www.facebook.com\/groups\/415570708577274\/user\/1013268725\/?__cft__[0]=AZW6g-pxoahPdbOGOitPmQ8oiIZiFOD4S2efSMpydJ0jvTazCHOw9yrO414BuNKupFattqPpXuNSTEGGxXIdN88x5HMeyu2kw58DTzi1j7RojnjgFjgDzC8WO_zG9JUc4F7DC_4xbRidqrxKGXNW2SJNXb_LRyZmeFs2xpcLkJ5MiKiyP5RXkpWLTNqz8swzxsY&amp;__tn__=-UC%2CP-R\"><strong>Alessandra De Filippo<\/strong><\/a><\/span><\/span><\/h2>\n<div dir=\"auto\"><strong>MI SONO PERSO E HANNO RUBATO IN CASA MIA<\/strong> ieri sera verso le ore 19:40 sono entrati dei ladri nella nostra abitazione a MAS DI SEDICO &#8211; VIALE DOLOMITI e ci hanno messo sottosopra l\u2019abitazione e derubati. Se qualcuno avesse visto qualcosa ma soprattutto se qualcuno vedesse in giro questo gattone \u00e8 pregato di contattarmi, \u00e8 docile e buono ma non abituato a stare all\u2019esterno potrebbe essere molto spaventato, si chiama SKY. Grazie a tutti<\/div>\n\n\t\t\t<style type='text\/css'>\n\t\t\t\t#gallery-2 {\n\t\t\t\t\tmargin: auto;\n\t\t\t\t}\n\t\t\t\t#gallery-2 .gallery-item {\n\t\t\t\t\tfloat: left;\n\t\t\t\t\tmargin-top: 10px;\n\t\t\t\t\ttext-align: center;\n\t\t\t\t\twidth: 50%;\n\t\t\t\t}\n\t\t\t\t#gallery-2 img {\n\t\t\t\t\tborder: 2px solid #cfcfcf;\n\t\t\t\t}\n\t\t\t\t#gallery-2 .gallery-caption {\n\t\t\t\t\tmargin-left: 0;\n\t\t\t\t}\n\t\t\t\t\/* see gallery_shortcode() in wp-includes\/media.php *\/\n\t\t\t<\/style>\n\t\t<div id='gallery-2' class='dt-gallery-container gallery galleryid-237325 gallery-columns-2 gallery-size-thumbnail'><dl class='gallery-item'>\n\t\t\t\t<dt class='gallery-icon portrait'>\n\t\t\t\t\t<a class=\"rollover rollover-zoom dt-pswp-item\" title=\"245414341_10224669408655300_1277621502427035325_n\" data-dt-img-description=\"\" data-large_image_width=\"469\" data-large_image_height=\"600\"href='https:\/\/www.radiopiu.net\/wordpress\/wp-content\/uploads\/2021\/10\/245414341_10224669408655300_1277621502427035325_n.jpg'><img loading=\"lazy\" decoding=\"async\" width=\"150\" height=\"150\" src=\"https:\/\/www.radiopiu.net\/wordpress\/wp-content\/uploads\/2021\/10\/245414341_10224669408655300_1277621502427035325_n-150x150.jpg\" class=\"attachment-thumbnail size-thumbnail\" alt=\"\" \/><\/a>\n\t\t\t\t<\/dt><\/dl><dl class='gallery-item'>\n\t\t\t\t<dt class='gallery-icon portrait'>\n\t\t\t\t\t<a class=\"rollover rollover-zoom dt-pswp-item\" title=\"246164743_10224669410775353_5833438871625881721_n\" data-dt-img-description=\"\" data-large_image_width=\"478\" data-large_image_height=\"600\"href='https:\/\/www.radiopiu.net\/wordpress\/wp-content\/uploads\/2021\/10\/246164743_10224669410775353_5833438871625881721_n.jpg'><img loading=\"lazy\" decoding=\"async\" width=\"150\" height=\"150\" src=\"https:\/\/www.radiopiu.net\/wordpress\/wp-content\/uploads\/2021\/10\/246164743_10224669410775353_5833438871625881721_n-150x150.jpg\" class=\"attachment-thumbnail size-thumbnail\" alt=\"\" \/><\/a>\n\t\t\t\t<\/dt><\/dl><br style=\"clear: both\" \/>\n\t\t\t<\/div>\n\n<p>&nbsp;<\/p>\n<hr \/>\n<p>&nbsp;<\/p>\n<div class=\"q9uorilb\"><img loading=\"lazy\" decoding=\"async\" class=\"alignleft\" src=\"https:\/\/www.radiopiu.net\/wordpress\/wp-content\/uploads\/2018\/08\/ACQUA.jpeg\" width=\"198\" height=\"119\" \/>Gestione Servizi Pubblici informa che a TAIBON AGORDINO nelle localit\u00e0 RONCH DE BOS e NOGAROLA l&#8217;acqua erogata dall&#8217;acquedotto non \u00e8 potabile e pu\u00f2 essere usata per scopi alimentari SOLO PREVIA bollitura.<\/div>\n<div class=\"ecm0bbzt e5nlhep0 a8c37x1j\">\n<div class=\"kvgmc6g5 cxmmr5t8 oygrvhab hcukyx3x c1et5uql\">\n<blockquote>\n<h3 dir=\"auto\"><em><strong>FALCADE<\/strong> Gestione Servizi Pubblici informa che, per lavori alla rete idrica comunale, oggi dalle 13 fino al termine dei lavori verr\u00e0 sospesa l\u2019erogazione dell\u2019acqua\u00a0 in localit\u00e0 Sappade.\u00a0<\/em><\/h3>\n<\/blockquote>\n<p>&nbsp;<\/p>\n<hr \/>\n<p>&nbsp;<\/p>\n<blockquote>\n<h3><a href=\"https:\/\/www.radiopiu.net\/wordpress\/giornale-radiopiu-16-giugno-2021-direttore-mirko-mezzacasa\/th-140\/\" rel=\"attachment wp-att-216173\"><img loading=\"lazy\" decoding=\"async\" class=\"wp-image-216173 alignleft\" src=\"https:\/\/www.radiopiu.net\/wordpress\/wp-content\/uploads\/2021\/06\/th-13.jpg\" alt=\"\" width=\"126\" height=\"84\" \/><\/a>INTERRUZIONI ENEL PROGRAMMATE, PER LAVORI<\/h3>\n<\/blockquote>\n<p><span style=\"color: #ff0000;\">VENERDI 22 ottobre<\/span>, dalle 8.30 alle 11.30 ad Agordo nelle vie Costa, IV Novembre, Insurrezione<\/p>\n<p>&nbsp;<\/p>\n<p>&nbsp;<\/p>\n<hr \/>\n<p>&nbsp;<\/p>\n<h2 style=\"text-align: center;\">203 AGORDINA I CANTIERI RIAPRONO OGGI E CHIUDE PER GRAN PARTE DELLA GIORNATA LA 347 DEL DURAN E CEREDA A LA VALLE AGORDINA.<\/h2>\n<p>&nbsp;<\/p>\n<blockquote><p><strong><a href=\"https:\/\/www.radiopiu.net\/wordpress\/giornale-radiopiu-18-ottobre-2021-direttore-mirko-mezzacasa\/00426159-84e3-434b-84c4-3d0a8574acf1\/\" rel=\"attachment wp-att-237485\"><img loading=\"lazy\" decoding=\"async\" class=\"size-medium wp-image-237485 alignleft\" src=\"https:\/\/www.radiopiu.net\/wordpress\/wp-content\/uploads\/2021\/10\/00426159-84e3-434b-84c4-3d0a8574acf1-169x300.jpg\" alt=\"\" width=\"169\" height=\"300\" srcset=\"https:\/\/www.radiopiu.net\/wordpress\/wp-content\/uploads\/2021\/10\/00426159-84e3-434b-84c4-3d0a8574acf1-169x300.jpg 169w, https:\/\/www.radiopiu.net\/wordpress\/wp-content\/uploads\/2021\/10\/00426159-84e3-434b-84c4-3d0a8574acf1-576x1024.jpg 576w, https:\/\/www.radiopiu.net\/wordpress\/wp-content\/uploads\/2021\/10\/00426159-84e3-434b-84c4-3d0a8574acf1-768x1366.jpg 768w, https:\/\/www.radiopiu.net\/wordpress\/wp-content\/uploads\/2021\/10\/00426159-84e3-434b-84c4-3d0a8574acf1-864x1536.jpg 864w, https:\/\/www.radiopiu.net\/wordpress\/wp-content\/uploads\/2021\/10\/00426159-84e3-434b-84c4-3d0a8574acf1.jpg 899w\" sizes=\"auto, (max-width: 169px) 100vw, 169px\" \/><\/a>AGORDO<\/strong> Fino a venerdi 22 ottobre in localit\u00e0 La Stanga (Agordo- Belluno)\u00a0 interruzioni temporanee al transito sulla 203 Agordina per lavori: <strong>dalle 8.45 alle 9.35\u00a0 dalle 9.50 alle 11.15 dalle 11.30 alle 12.30 dalle 14.50 alle 15.10 dalle 15.30 alle 16.05<\/strong><\/p><\/blockquote>\n<p>&nbsp;<\/p>\n<p><span style=\"color: #ff0000;\"><strong>SP 347 DURAN E CEREDA<\/strong><\/span> dal 18 ottobre al 12 novembre chiusura totale in localit\u00e0 Caleda &#8211; comune di La Valle Agordina &#8211; dalle 8 alle 12 e dalle 13.30 alle 17.30<\/p>\n<p>&nbsp;<\/p>\n<p>&nbsp;<\/p>\n<p>&nbsp;<\/p>\n<p>&nbsp;<\/p>\n<hr \/>\n<p>&nbsp;<\/p>\n<blockquote>\n<h3>TERREMOTO A\u00a0 SEDICO<\/h3>\n<\/blockquote>\n<p><strong>SOSPIROLO\u00a0<\/strong>Lieve scossa di terremoto con epicentro a Sedico-Candaten nella serata di ieri alle 20:19. Una scossa di magnitudo 1.6 con una profondit\u00e0 di 10,6 km.<\/p>\n\n\t\t\t<style type='text\/css'>\n\t\t\t\t#gallery-3 {\n\t\t\t\t\tmargin: auto;\n\t\t\t\t}\n\t\t\t\t#gallery-3 .gallery-item {\n\t\t\t\t\tfloat: left;\n\t\t\t\t\tmargin-top: 10px;\n\t\t\t\t\ttext-align: center;\n\t\t\t\t\twidth: 50%;\n\t\t\t\t}\n\t\t\t\t#gallery-3 img {\n\t\t\t\t\tborder: 2px solid #cfcfcf;\n\t\t\t\t}\n\t\t\t\t#gallery-3 .gallery-caption {\n\t\t\t\t\tmargin-left: 0;\n\t\t\t\t}\n\t\t\t\t\/* see gallery_shortcode() in wp-includes\/media.php *\/\n\t\t\t<\/style>\n\t\t<div id='gallery-3' class='dt-gallery-container gallery galleryid-237325 gallery-columns-2 gallery-size-medium'><dl class='gallery-item'>\n\t\t\t\t<dt class='gallery-icon portrait'>\n\t\t\t\t\t<a class=\"rollover rollover-zoom dt-pswp-item\" title=\"00b18f54-de09-499d-abf4-6f8421b55a9a\" data-dt-img-description=\"\" data-large_image_width=\"955\" data-large_image_height=\"2048\"href='https:\/\/www.radiopiu.net\/wordpress\/wp-content\/uploads\/2021\/10\/00b18f54-de09-499d-abf4-6f8421b55a9a.jpg'><img loading=\"lazy\" decoding=\"async\" width=\"140\" height=\"300\" src=\"https:\/\/www.radiopiu.net\/wordpress\/wp-content\/uploads\/2021\/10\/00b18f54-de09-499d-abf4-6f8421b55a9a-140x300.jpg\" class=\"attachment-medium size-medium\" alt=\"\" srcset=\"https:\/\/www.radiopiu.net\/wordpress\/wp-content\/uploads\/2021\/10\/00b18f54-de09-499d-abf4-6f8421b55a9a-140x300.jpg 140w, https:\/\/www.radiopiu.net\/wordpress\/wp-content\/uploads\/2021\/10\/00b18f54-de09-499d-abf4-6f8421b55a9a-478x1024.jpg 478w, https:\/\/www.radiopiu.net\/wordpress\/wp-content\/uploads\/2021\/10\/00b18f54-de09-499d-abf4-6f8421b55a9a-768x1647.jpg 768w, https:\/\/www.radiopiu.net\/wordpress\/wp-content\/uploads\/2021\/10\/00b18f54-de09-499d-abf4-6f8421b55a9a-716x1536.jpg 716w, https:\/\/www.radiopiu.net\/wordpress\/wp-content\/uploads\/2021\/10\/00b18f54-de09-499d-abf4-6f8421b55a9a.jpg 955w\" sizes=\"auto, (max-width: 140px) 100vw, 140px\" \/><\/a>\n\t\t\t\t<\/dt><\/dl><dl class='gallery-item'>\n\t\t\t\t<dt class='gallery-icon portrait'>\n\t\t\t\t\t<a class=\"rollover rollover-zoom dt-pswp-item\" title=\"081e4bca-d5f1-4f18-9fc8-2dbea61018e7\" data-dt-img-description=\"\" data-large_image_width=\"955\" data-large_image_height=\"2048\"href='https:\/\/www.radiopiu.net\/wordpress\/wp-content\/uploads\/2021\/10\/081e4bca-d5f1-4f18-9fc8-2dbea61018e7.jpg'><img loading=\"lazy\" decoding=\"async\" width=\"140\" height=\"300\" src=\"https:\/\/www.radiopiu.net\/wordpress\/wp-content\/uploads\/2021\/10\/081e4bca-d5f1-4f18-9fc8-2dbea61018e7-140x300.jpg\" class=\"attachment-medium size-medium\" alt=\"\" srcset=\"https:\/\/www.radiopiu.net\/wordpress\/wp-content\/uploads\/2021\/10\/081e4bca-d5f1-4f18-9fc8-2dbea61018e7-140x300.jpg 140w, https:\/\/www.radiopiu.net\/wordpress\/wp-content\/uploads\/2021\/10\/081e4bca-d5f1-4f18-9fc8-2dbea61018e7-478x1024.jpg 478w, https:\/\/www.radiopiu.net\/wordpress\/wp-content\/uploads\/2021\/10\/081e4bca-d5f1-4f18-9fc8-2dbea61018e7-768x1647.jpg 768w, https:\/\/www.radiopiu.net\/wordpress\/wp-content\/uploads\/2021\/10\/081e4bca-d5f1-4f18-9fc8-2dbea61018e7-716x1536.jpg 716w, https:\/\/www.radiopiu.net\/wordpress\/wp-content\/uploads\/2021\/10\/081e4bca-d5f1-4f18-9fc8-2dbea61018e7.jpg 955w\" sizes=\"auto, (max-width: 140px) 100vw, 140px\" \/><\/a>\n\t\t\t\t<\/dt><\/dl><br style=\"clear: both\" \/>\n\t\t\t<\/div>\n\n<p><strong>IL SISMOGRAFO DI AGORDO\u00a0<\/strong><br \/>\n<a href=\"https:\/\/www.radiopiu.net\/wordpress\/giornale-radiopiu-18-ottobre-2021-direttore-mirko-mezzacasa\/agor-hhz-9\/\" rel=\"attachment wp-att-237513\"><img loading=\"lazy\" decoding=\"async\" class=\"alignnone size-medium wp-image-237513\" src=\"https:\/\/www.radiopiu.net\/wordpress\/wp-content\/uploads\/2021\/10\/AGOR.HHZ_-300x232.gif\" alt=\"\" width=\"300\" height=\"232\" srcset=\"https:\/\/www.radiopiu.net\/wordpress\/wp-content\/uploads\/2021\/10\/AGOR.HHZ_-300x232.gif 300w, https:\/\/www.radiopiu.net\/wordpress\/wp-content\/uploads\/2021\/10\/AGOR.HHZ_-768x593.gif 768w\" sizes=\"auto, (max-width: 300px) 100vw, 300px\" \/><\/a><\/p>\n<hr \/>\n<p>&nbsp;<\/p>\n<blockquote>\n<h2 style=\"text-align: center;\"><a href=\"https:\/\/www.radiopiu.net\/wordpress\/giornale-radiopiu-18-ottobre-2021-direttore-mirko-mezzacasa\/a5792cee-db5f-4f4a-afa5-a85dadab0967\/\" rel=\"attachment wp-att-237487\"><img loading=\"lazy\" decoding=\"async\" class=\" wp-image-237487 alignleft\" src=\"https:\/\/www.radiopiu.net\/wordpress\/wp-content\/uploads\/2021\/10\/a5792cee-db5f-4f4a-afa5-a85dadab0967-300x169.jpg\" alt=\"\" width=\"202\" height=\"114\" srcset=\"https:\/\/www.radiopiu.net\/wordpress\/wp-content\/uploads\/2021\/10\/a5792cee-db5f-4f4a-afa5-a85dadab0967-300x169.jpg 300w, https:\/\/www.radiopiu.net\/wordpress\/wp-content\/uploads\/2021\/10\/a5792cee-db5f-4f4a-afa5-a85dadab0967-1024x576.jpg 1024w, https:\/\/www.radiopiu.net\/wordpress\/wp-content\/uploads\/2021\/10\/a5792cee-db5f-4f4a-afa5-a85dadab0967-768x432.jpg 768w, https:\/\/www.radiopiu.net\/wordpress\/wp-content\/uploads\/2021\/10\/a5792cee-db5f-4f4a-afa5-a85dadab0967-1536x864.jpg 1536w, https:\/\/www.radiopiu.net\/wordpress\/wp-content\/uploads\/2021\/10\/a5792cee-db5f-4f4a-afa5-a85dadab0967.jpg 1599w\" sizes=\"auto, (max-width: 202px) 100vw, 202px\" \/><\/a>DOLOMITIBUS: LE CORSE SOPPRESSE PER OGGI<\/h2>\n<\/blockquote>\n<p><strong>BELLUNO<\/strong> Continuano i disagi per gli utenti di DolomitiBus che anche oggi\u00a0 dovranno fare a meno di alcune corse.<\/p>\n<p><strong>QUESTE LE CORSE CHE NON VERRANNO EFFETTUATE OGGI<\/strong><\/p>\n<a href=\"https:\/\/www.radiopiu.net\/wordpress\/wp-content\/uploads\/2021\/10\/elenco-corse-soppresse-18-10-21.pdf\" class=\"pdfemb-viewer\" style=\"\" data-width=\"max\" data-height=\"max\" data-toolbar=\"top\" data-toolbar-fixed=\"on\">elenco corse soppresse 18-10-21<\/a>\n<p>&nbsp;<\/p>\n<p>&nbsp;<\/p>\n<hr \/>\n<p>&nbsp;<\/p>\n<blockquote>\n<h3>RITROVATO PRIVO DI VITA NEI PRESSI DEL RIFUGIO LA CASERA L&#8217;UOMO DI SAN VENDEMIANO<\/h3>\n<\/blockquote>\n<p><strong>BELLUNO<\/strong> \u00c8 stato purtroppo ritrovato senza vita Elio Coletti, 58 anni, di San Vendemiano (TV). Il corpo dell&#8217;uomo, le cui ricerche erano partite venerd\u00ec tra la zona dell&#8217;Alpago, dove lo davano le tracce registrate dalla cella e dai punti del tracciamento rilevato dal suo computer (poi dimostratisi una falsa pista) e il Nevegal, dove sabato era stata rinvenuta parcheggiata la sua macchina, \u00e8 stato rinvenuto da un&#8217;unit\u00e0 cinofila dei Vigili del fuoco sotto il Pascolet, scendendo in direzione di Quantin verso il Lago di Santa Croce. Non troppo distante dalla Casera, dove dev&#8217;essere caduto nel vallone dopo essere partito per una camminata e aver probabilmente perso l&#8217;orientamento. La salma ricomposta e imbarellata \u00e8 stata recuperata dall&#8217;elicottero del Suem di Pieve di Cadore, assieme anche alle squadre del Soccorso alpino e del Sagf che operavano sul posto, e trasportata alla Casera per essere affidata al carro funebre. Hanno preso parte alle ricerche il Soccorso alpino di Belluno, Alpago, Feltre, Longarone, il Sagf, i Vigili del fuoco, la Protezione civile.<\/p>\n\n\t\t\t<style type='text\/css'>\n\t\t\t\t#gallery-4 {\n\t\t\t\t\tmargin: auto;\n\t\t\t\t}\n\t\t\t\t#gallery-4 .gallery-item {\n\t\t\t\t\tfloat: left;\n\t\t\t\t\tmargin-top: 10px;\n\t\t\t\t\ttext-align: center;\n\t\t\t\t\twidth: 20%;\n\t\t\t\t}\n\t\t\t\t#gallery-4 img {\n\t\t\t\t\tborder: 2px solid #cfcfcf;\n\t\t\t\t}\n\t\t\t\t#gallery-4 .gallery-caption {\n\t\t\t\t\tmargin-left: 0;\n\t\t\t\t}\n\t\t\t\t\/* see gallery_shortcode() in wp-includes\/media.php *\/\n\t\t\t<\/style>\n\t\t<div id='gallery-4' class='dt-gallery-container gallery galleryid-237325 gallery-columns-5 gallery-size-thumbnail'><dl class='gallery-item'>\n\t\t\t\t<dt class='gallery-icon portrait'>\n\t\t\t\t\t<a class=\"rollover rollover-zoom dt-pswp-item\" title=\"4865d309-9696-474f-864a-001fbf0b557d\" data-dt-img-description=\"\" data-large_image_width=\"1200\" data-large_image_height=\"1600\"href='https:\/\/www.radiopiu.net\/wordpress\/wp-content\/uploads\/2021\/10\/4865d309-9696-474f-864a-001fbf0b557d.jpg'><img loading=\"lazy\" decoding=\"async\" width=\"150\" height=\"150\" src=\"https:\/\/www.radiopiu.net\/wordpress\/wp-content\/uploads\/2021\/10\/4865d309-9696-474f-864a-001fbf0b557d-150x150.jpg\" class=\"attachment-thumbnail size-thumbnail\" alt=\"\" \/><\/a>\n\t\t\t\t<\/dt><\/dl><dl class='gallery-item'>\n\t\t\t\t<dt class='gallery-icon portrait'>\n\t\t\t\t\t<a class=\"rollover rollover-zoom dt-pswp-item\" title=\"272e1d03-9faa-4893-b735-826f091ab395\" data-dt-img-description=\"\" data-large_image_width=\"1200\" data-large_image_height=\"1600\"href='https:\/\/www.radiopiu.net\/wordpress\/wp-content\/uploads\/2021\/10\/272e1d03-9faa-4893-b735-826f091ab395.jpg'><img loading=\"lazy\" decoding=\"async\" width=\"150\" height=\"150\" src=\"https:\/\/www.radiopiu.net\/wordpress\/wp-content\/uploads\/2021\/10\/272e1d03-9faa-4893-b735-826f091ab395-150x150.jpg\" class=\"attachment-thumbnail size-thumbnail\" alt=\"\" \/><\/a>\n\t\t\t\t<\/dt><\/dl><dl class='gallery-item'>\n\t\t\t\t<dt class='gallery-icon landscape'>\n\t\t\t\t\t<a class=\"rollover rollover-zoom dt-pswp-item\" title=\"984ae730-55dc-4193-bf7d-86843f43d865\" data-dt-img-description=\"\" data-large_image_width=\"1102\" data-large_image_height=\"678\"href='https:\/\/www.radiopiu.net\/wordpress\/wp-content\/uploads\/2021\/10\/984ae730-55dc-4193-bf7d-86843f43d865.jpg'><img loading=\"lazy\" decoding=\"async\" width=\"150\" height=\"150\" src=\"https:\/\/www.radiopiu.net\/wordpress\/wp-content\/uploads\/2021\/10\/984ae730-55dc-4193-bf7d-86843f43d865-150x150.jpg\" class=\"attachment-thumbnail size-thumbnail\" alt=\"\" \/><\/a>\n\t\t\t\t<\/dt><\/dl><dl class='gallery-item'>\n\t\t\t\t<dt class='gallery-icon landscape'>\n\t\t\t\t\t<a class=\"rollover rollover-zoom dt-pswp-item\" title=\"682484c8-e8a8-4626-b274-e883e2bc4961\" data-dt-img-description=\"\" data-large_image_width=\"868\" data-large_image_height=\"538\"href='https:\/\/www.radiopiu.net\/wordpress\/wp-content\/uploads\/2021\/10\/682484c8-e8a8-4626-b274-e883e2bc4961.jpg'><img loading=\"lazy\" decoding=\"async\" width=\"150\" height=\"150\" src=\"https:\/\/www.radiopiu.net\/wordpress\/wp-content\/uploads\/2021\/10\/682484c8-e8a8-4626-b274-e883e2bc4961-150x150.jpg\" class=\"attachment-thumbnail size-thumbnail\" alt=\"\" \/><\/a>\n\t\t\t\t<\/dt><\/dl><dl class='gallery-item'>\n\t\t\t\t<dt class='gallery-icon landscape'>\n\t\t\t\t\t<a class=\"rollover rollover-zoom dt-pswp-item\" title=\"c620a6b8-f193-4248-979e-7e1170d940b2\" data-dt-img-description=\"\" data-large_image_width=\"986\" data-large_image_height=\"588\"href='https:\/\/www.radiopiu.net\/wordpress\/wp-content\/uploads\/2021\/10\/c620a6b8-f193-4248-979e-7e1170d940b2.jpg'><img loading=\"lazy\" decoding=\"async\" width=\"150\" height=\"150\" src=\"https:\/\/www.radiopiu.net\/wordpress\/wp-content\/uploads\/2021\/10\/c620a6b8-f193-4248-979e-7e1170d940b2-150x150.jpg\" class=\"attachment-thumbnail size-thumbnail\" alt=\"\" \/><\/a>\n\t\t\t\t<\/dt><\/dl><br style=\"clear: both\" \/>\n\t\t\t<\/div>\n\n<p>&nbsp;<\/p>\n<hr \/>\n<p>&nbsp;<\/p>\n<blockquote>\n<h3>MUORE COLTO DA MALORE SUL LAGO DI FOSSES<\/h3>\n<p><em><strong>\u00a0lavorava come postino e da 17 giorni si godeva la meritatissima pensione.<\/strong><\/em><\/p><\/blockquote>\n<p><strong><a href=\"https:\/\/www.radiopiu.net\/wordpress\/giornale-radiopiu-19-agosto-2021-direttore-mirko-mezzacasa\/salt-3\/\" rel=\"attachment wp-att-228370\"><img loading=\"lazy\" decoding=\"async\" class=\" wp-image-228370 alignleft\" src=\"https:\/\/www.radiopiu.net\/wordpress\/wp-content\/uploads\/2021\/08\/salt-3-300x225.jpg\" alt=\"\" width=\"265\" height=\"199\" srcset=\"https:\/\/www.radiopiu.net\/wordpress\/wp-content\/uploads\/2021\/08\/salt-3-300x225.jpg 300w, https:\/\/www.radiopiu.net\/wordpress\/wp-content\/uploads\/2021\/08\/salt-3-1024x767.jpg 1024w, https:\/\/www.radiopiu.net\/wordpress\/wp-content\/uploads\/2021\/08\/salt-3-768x575.jpg 768w, https:\/\/www.radiopiu.net\/wordpress\/wp-content\/uploads\/2021\/08\/salt-3.jpg 1080w\" sizes=\"auto, (max-width: 265px) 100vw, 265px\" \/> <\/a><\/strong><\/p>\n<p><strong>\u00a0<\/strong><\/p>\n<p><strong>CORTINA<\/strong> Attorno alle 14 \u00e8 scattato l&#8217;allarme per un uomo colto da malore, mentre con i familiari si trovava nei pressi del Lago di Fosses, sulle Dolomiti d&#8217;Ampezzo. Sul luogo indicato \u00e8 subito volata l&#8217;eliambulanza del Suem di Pieve di Cadore, che \u00e8 atterrata nelle vicinanze. Personale medico e tecnico di elisoccorso sono subentrati ai presenti, che gi\u00e0 stavano facendo il possibile, nelle manovre di rianimazione, ma non c&#8217;\u00e8 stato niente da fare, se non constatare il decesso di Paolo Cidaria, 62 anni, di Lozzo di Cadore, dirigente del calcio Cadore 1919. Ricomposta, la salma \u00e8 stata imbarellata e trasportata alla piazzola del Codivilla.\u00a0Lascia la moglie, due figli e quattro nipoti,<\/p>\n<p>&nbsp;<\/p>\n<p>&nbsp;<\/p>\n<hr \/>\n<p>&nbsp;<\/p>\n<blockquote>\n<h3>MALORE A TAMBRE, CACCIATORE FERITO A COLLE SANTA LUCIA ED ESCURSIONISTA RECUPERATO A MISURINA<\/h3>\n<\/blockquote>\n<p><strong><a href=\"https:\/\/www.radiopiu.net\/wordpress\/mattinata-impegnativa-per-il-soccorso-alpino-4-interventi-tra-longarone-livinallongo-e-cortina\/fb9dd0e0-d5e5-489c-a831-6502938db7ce\/\" rel=\"attachment wp-att-222520\"><img loading=\"lazy\" decoding=\"async\" class=\"size-medium wp-image-222520 alignleft\" src=\"https:\/\/www.radiopiu.net\/wordpress\/wp-content\/uploads\/2021\/07\/fb9dd0e0-d5e5-489c-a831-6502938db7ce-300x225.jpg\" alt=\"\" width=\"300\" height=\"225\" srcset=\"https:\/\/www.radiopiu.net\/wordpress\/wp-content\/uploads\/2021\/07\/fb9dd0e0-d5e5-489c-a831-6502938db7ce-300x225.jpg 300w, https:\/\/www.radiopiu.net\/wordpress\/wp-content\/uploads\/2021\/07\/fb9dd0e0-d5e5-489c-a831-6502938db7ce-1024x768.jpg 1024w, https:\/\/www.radiopiu.net\/wordpress\/wp-content\/uploads\/2021\/07\/fb9dd0e0-d5e5-489c-a831-6502938db7ce-768x576.jpg 768w, https:\/\/www.radiopiu.net\/wordpress\/wp-content\/uploads\/2021\/07\/fb9dd0e0-d5e5-489c-a831-6502938db7ce.jpg 1080w\" sizes=\"auto, (max-width: 300px) 100vw, 300px\" \/><\/a>TAMBRE <\/strong>Alle 15.30 circa l&#8217;elicottero di Treviso emergenza \u00e8 intervenuto un centinaio di metri pi\u00f9 in basso rispetto al bivio tra i sentieri 926 e 923, sotto il Rifugio Semenza, poich\u00e9 percorrendo assieme al marito il 923 un&#8217;escursionista aveva accusato dolori addominali. Individuata dall&#8217;equipaggio la donna \u00e8 stata recuperata con una verricellata dal tecnico di elisoccorso e trasportata a Col Indes, dove il personale medico ha effettuato i primi controlli e dove una squadra del Soccorso alpino dell&#8217;Alpago era pronta in supporto alle operazioni. L&#8217;eliambulanza \u00e8 poi tornata sul sentiero per imbarcare anche il marito, portato a Col Indes e affidato ai soccorritori per essere riaccompagnato alla macchina. La donna \u00e8 stata invece trasportata all&#8217;ospedale di Belluno per gli accertamenti del caso.<\/p>\n<p><strong>COLLE SANTA LUCIA <\/strong>Alle 11.30 circa la Centrale del 118 \u00e8 stata allertata per un cacciatore che, mentre si trovava con due colleghi a circa 1.900 metri di quota sul versante sud est del Monte Pore, Colle Santa Lucia, era scivolato riportando la sospetta lussazione di una spalla. Recuperato con 20 metri di verricello dal tecnico di elisoccorso dell&#8217;eliambulanza del Suem di Pieve di Cadore, L.D.A., 22 anni, di Colle Santa Lucia (BL), \u00e8 stato trasportato all&#8217;ospedale di Belluno.<\/p>\n<p><strong>MISURINA <\/strong>Verso le 13 l&#8217;elicottero \u00e8 volato lungo il sentiero numero 224 sotto il Popena Basso di Misurina, dove si era fatta male un&#8217;anziana. M.Z., 87 anni, di Cortina d&#8217;Ampezzo (BL), che si trovava con un&#8217;amica, aveva lei stessa dato l&#8217;allarme spiegando precisamente cosa si era fatta, un probabile trauma al polso e una botta alla testa, e dove si trovava, su un ghiaione. La donna, aiutata anche da un ragazzo di passaggio, \u00e8 stata caricata a bordo dall&#8217;elicottero del Suem di Pieve di Cadore con un verricello e trasportata all&#8217;ospedale di Belluno<\/p>\n<p>&nbsp;<\/p>\n<p>&nbsp;<\/p>\n<hr \/>\n<p>&nbsp;<\/p>\n<blockquote>\n<h3>ALTRI DUE INTERVENTI DEL SOCCORSO ALPINO A CORTINA<\/h3>\n<\/blockquote>\n<p><strong><a href=\"https:\/\/www.radiopiu.net\/wordpress\/giornale-radiopiu-19-agosto-2021-direttore-mirko-mezzacasa\/salt-2\/\" rel=\"attachment wp-att-228368\"><img loading=\"lazy\" decoding=\"async\" class=\"size-medium wp-image-228368 alignleft\" src=\"https:\/\/www.radiopiu.net\/wordpress\/wp-content\/uploads\/2021\/08\/salt-2-300x225.jpg\" alt=\"\" width=\"300\" height=\"225\" srcset=\"https:\/\/www.radiopiu.net\/wordpress\/wp-content\/uploads\/2021\/08\/salt-2-300x225.jpg 300w, https:\/\/www.radiopiu.net\/wordpress\/wp-content\/uploads\/2021\/08\/salt-2-1024x768.jpg 1024w, https:\/\/www.radiopiu.net\/wordpress\/wp-content\/uploads\/2021\/08\/salt-2-768x576.jpg 768w, https:\/\/www.radiopiu.net\/wordpress\/wp-content\/uploads\/2021\/08\/salt-2.jpg 1080w\" sizes=\"auto, (max-width: 300px) 100vw, 300px\" \/><\/a>CORTINA\u00a0<\/strong> Nel pomeriggio l&#8217;elicottero del Suem di Pieve di Cadore \u00e8 volato a Cortina d&#8217;Ampezzo, per un escursionista rimasto bloccato sopra un salto di roccia, dopo aver salito la Ferrata Dibona al Cristallo. M.C., di Carbonera (TV), di 35 anni, uscito dal tratto attrezzato aveva proseguito verso il Ricovero Buffa, per poi tornare indietro e scendere lungo un canale, salvo poi rimanere bloccato tra rocce e neve. Risaliti dalle coordinate al punto in cui si trovava, nel canale a sud di Forcella Granda, l&#8217;uomo \u00e8 stato recuperato dal tecnico di elisoccorso con un verricello di 35\u00a0 metri. Successivamente l&#8217;eliambulanza si \u00e8 diretta al Picco di Roda a Pieve di Cadore, per un secondo escursionista in difficolt\u00e0 a causa delle rocce gelate. M.N., 40 anni, di Marghera (VE), si era infatti fermato, senza pi\u00f9 essere in grado di scendere o risalire, lungo il sentiero numero 351 nel Cadin. Individuato e caricato a bordo con un verricello, l&#8217;escursionista \u00e8 stato tratto in salvo e caricato a bordo.<\/p>\n<p><strong>CORTINA<\/strong> Attorno a mezzogiorno e mezza una squadra del Soccorso alpino di Cortina \u00e8 stata inviata sulla stradina che dal Rifugio Palmieri scende verso Casera Federa, per un escursionista colto da malore. G.A.B., 62 anni, di Venezia, che aveva perso i sensi e poi si era ripreso, \u00e8 stato accompagnato in fuoristrada al rendez vous con l&#8217;ambulanza, che lo ha trasportato all&#8217;ospedale per le verifiche del caso.<\/p>\n<p>&nbsp;<\/p>\n<p>&nbsp;<\/p>\n<hr \/>\n<p>&nbsp;<\/p>\n<blockquote>\n<h3>DOPO TIM CONTINUANO I DISSERVIZI TELEFONICI A LIVINALLONGO. QUESTA VOLTA TOCCA A WINDTRE E ILIAD<\/h3>\n<\/blockquote>\n<p><strong><a href=\"https:\/\/www.radiopiu.net\/wordpress\/a-rivamonte-arrivera-il-segnale-di-wind-tre\/telefonia-mobile\/\" rel=\"attachment wp-att-151801\"><img loading=\"lazy\" decoding=\"async\" class=\" wp-image-151801 alignleft\" src=\"https:\/\/www.radiopiu.net\/wordpress\/wp-content\/uploads\/2020\/07\/telefonia-mobile-300x200.jpg\" alt=\"\" width=\"185\" height=\"123\" srcset=\"https:\/\/www.radiopiu.net\/wordpress\/wp-content\/uploads\/2020\/07\/telefonia-mobile-300x200.jpg 300w, https:\/\/www.radiopiu.net\/wordpress\/wp-content\/uploads\/2020\/07\/telefonia-mobile-1024x683.jpg 1024w, https:\/\/www.radiopiu.net\/wordpress\/wp-content\/uploads\/2020\/07\/telefonia-mobile-768x512.jpg 768w, https:\/\/www.radiopiu.net\/wordpress\/wp-content\/uploads\/2020\/07\/telefonia-mobile-1536x1024.jpg 1536w, https:\/\/www.radiopiu.net\/wordpress\/wp-content\/uploads\/2020\/07\/telefonia-mobile.jpg 1920w\" sizes=\"auto, (max-width: 185px) 100vw, 185px\" \/><\/a>LIVINALLONGO<\/strong> Lo si pu\u00f2 definire un passaggio di testimone l&#8217;ultimo disservizio telefonico ad Arabba. Dopo i 9 giorni senza segnale 4G di TIM nei mesi scorsi, questa volta a creare problemi di telefonia sono altri due operatori, WindTre e Iliad. \u00c8 ormai trascorsa una settimana di assenza di segnale dei due operatori nella zona di Livinallongo, che in questo caso non risultano proprio raggiungibili. Gli utenti non ricevono assistenza dal call center e le scusanti degli operatori sono evasive. Vedremo quale sar\u00e0 la prossima compagnia che batte i 9 giorni di disservizi come capitato con le utenze TIM nei mesi scorsi<\/p>\n<p>&nbsp;<\/p>\n<p>&nbsp;<\/p>\n<hr \/>\n<p>&nbsp;<\/p>\n<blockquote>\n<h3><span style=\"color: #ff0000;\">GLI SPECIALI DEL LUNEDI DEL CORRIERE DELLE ALPI<\/span><\/h3>\n<p><strong>DI GIANNI SANTOMASO<\/strong><\/p>\n<p><a href=\"https:\/\/www.radiopiu.net\/wordpress\/giornale-radiopiu-18-ottobre-2021-direttore-mirko-mezzacasa\/6e7e2e0e-94a6-4e58-9a26-d3f642b993b9\/\" rel=\"attachment wp-att-237488\"><img loading=\"lazy\" decoding=\"async\" class=\" wp-image-237488 alignleft\" src=\"https:\/\/www.radiopiu.net\/wordpress\/wp-content\/uploads\/2021\/10\/6e7e2e0e-94a6-4e58-9a26-d3f642b993b9-230x300.jpg\" alt=\"\" width=\"138\" height=\"180\" srcset=\"https:\/\/www.radiopiu.net\/wordpress\/wp-content\/uploads\/2021\/10\/6e7e2e0e-94a6-4e58-9a26-d3f642b993b9-230x300.jpg 230w, https:\/\/www.radiopiu.net\/wordpress\/wp-content\/uploads\/2021\/10\/6e7e2e0e-94a6-4e58-9a26-d3f642b993b9-784x1024.jpg 784w, https:\/\/www.radiopiu.net\/wordpress\/wp-content\/uploads\/2021\/10\/6e7e2e0e-94a6-4e58-9a26-d3f642b993b9-768x1003.jpg 768w, https:\/\/www.radiopiu.net\/wordpress\/wp-content\/uploads\/2021\/10\/6e7e2e0e-94a6-4e58-9a26-d3f642b993b9-1176x1536.jpg 1176w, https:\/\/www.radiopiu.net\/wordpress\/wp-content\/uploads\/2021\/10\/6e7e2e0e-94a6-4e58-9a26-d3f642b993b9.jpg 1225w\" sizes=\"auto, (max-width: 138px) 100vw, 138px\" \/><\/a>Dalle ripetizioni alla scuola di lingue \u00abper aprire al mondo i nostri bambini\u00bb<\/p><\/blockquote>\n<p><em>Claudia Soppelsa ha 27 anni e vive a Santa Maria delle Grazie Con i corsi di inglese vuole offrire opportunit\u00e0 culturali ai giovanissimi<\/em><\/p>\n<p>IL PERSONAGGIO: Dieci anni fa, non ancora maggiorenne, era salita alla ribalta organizzando un convegno sui giovani in montagna che aveva avuto molta partecipazione e molta eco, riscuotendo un interesse momentaneo anche nel campo politico. L&#8217;imperativo materializzatosi allora dentro di lei era che fosse necessario fare qualcosa contro lo spopolamento della montagna. \u00abNon si pu\u00f2 restare inerti\u00bb, si disse. A Claudia Soppelsa, che oggi ha 27 anni, vive a Santa Maria delle Grazie in comune di Rocca Pietore e in primavera si \u00e8 laureata in giurisprudenza a Trento con una tesi sul governo dei territori montani&#8230;..<\/p>\n<p><strong>IL DISEGNO: di\u00a0 ERICA ANDRICH\u00a0<\/strong><\/p>\n<p>&nbsp;<\/p>\n<hr \/>\n<p>&nbsp;<\/p>\n<blockquote class=\"wp-embedded-content\" data-secret=\"Zyy0yD8lgv\"><p><a href=\"https:\/\/www.radiopiu.net\/wordpress\/aggiornamentoott17\/\">CORONAVIRUS: AGGIORNAMENTO NAZIONALE 17 OTTOBRE  2021<\/a><\/p><\/blockquote>\n<p><iframe loading=\"lazy\" class=\"wp-embedded-content\" sandbox=\"allow-scripts\" security=\"restricted\" style=\"position: absolute; clip: rect(1px, 1px, 1px, 1px);\" title=\"&#8220;CORONAVIRUS: AGGIORNAMENTO NAZIONALE 17 OTTOBRE  2021&#8221; &#8212; Radio Pi\u00f9\" src=\"https:\/\/www.radiopiu.net\/wordpress\/aggiornamentoott17\/embed\/#?secret=Zyy0yD8lgv\" data-secret=\"Zyy0yD8lgv\" width=\"600\" height=\"338\" frameborder=\"0\" marginwidth=\"0\" marginheight=\"0\" scrolling=\"no\"><\/iframe><\/p>\n<p>&nbsp;<\/p>\n<blockquote class=\"wp-embedded-content\" data-secret=\"CYiXfD7sdX\"><p><a href=\"https:\/\/www.radiopiu.net\/wordpress\/sono-253-i-nuovi-positivi-in-veneto-nelle-ultime-24-ore-nessun-decesso-per-il-secondo-giorno-consecutivo\/\">SONO 253 I NUOVI POSITIVI IN VENETO NELLE ULTIME 24 ORE. NESSUN DECESSO PER IL SECONDO GIORNO CONSECUTIVO<\/a><\/p><\/blockquote>\n<p><iframe loading=\"lazy\" class=\"wp-embedded-content\" sandbox=\"allow-scripts\" security=\"restricted\" style=\"position: absolute; clip: rect(1px, 1px, 1px, 1px);\" title=\"&#8220;SONO 253 I NUOVI POSITIVI IN VENETO NELLE ULTIME 24 ORE. NESSUN DECESSO PER IL SECONDO GIORNO CONSECUTIVO&#8221; &#8212; Radio Pi\u00f9\" src=\"https:\/\/www.radiopiu.net\/wordpress\/sono-253-i-nuovi-positivi-in-veneto-nelle-ultime-24-ore-nessun-decesso-per-il-secondo-giorno-consecutivo\/embed\/#?secret=CYiXfD7sdX\" data-secret=\"CYiXfD7sdX\" width=\"600\" height=\"338\" frameborder=\"0\" marginwidth=\"0\" marginheight=\"0\" scrolling=\"no\"><\/iframe><\/p>\n<p>&nbsp;<\/p>\n<h2>I GRAFICI DI TIZIANO DE COL<\/h2>\n\n\t\t\t<style type='text\/css'>\n\t\t\t\t#gallery-5 {\n\t\t\t\t\tmargin: auto;\n\t\t\t\t}\n\t\t\t\t#gallery-5 .gallery-item {\n\t\t\t\t\tfloat: left;\n\t\t\t\t\tmargin-top: 10px;\n\t\t\t\t\ttext-align: center;\n\t\t\t\t\twidth: 20%;\n\t\t\t\t}\n\t\t\t\t#gallery-5 img {\n\t\t\t\t\tborder: 2px solid #cfcfcf;\n\t\t\t\t}\n\t\t\t\t#gallery-5 .gallery-caption {\n\t\t\t\t\tmargin-left: 0;\n\t\t\t\t}\n\t\t\t\t\/* see gallery_shortcode() in wp-includes\/media.php *\/\n\t\t\t<\/style>\n\t\t<div id='gallery-5' class='dt-gallery-container gallery galleryid-237325 gallery-columns-5 gallery-size-medium'><dl class='gallery-item'>\n\t\t\t\t<dt class='gallery-icon landscape'>\n\t\t\t\t\t<a class=\"rollover rollover-zoom dt-pswp-item\" title=\"d30d3f86-79a9-4722-9428-7bef88d83d1f\" data-dt-img-description=\"\" data-large_image_width=\"593\" data-large_image_height=\"355\"href='https:\/\/www.radiopiu.net\/wordpress\/wp-content\/uploads\/2021\/10\/d30d3f86-79a9-4722-9428-7bef88d83d1f.jpg'><img loading=\"lazy\" decoding=\"async\" width=\"300\" height=\"180\" src=\"https:\/\/www.radiopiu.net\/wordpress\/wp-content\/uploads\/2021\/10\/d30d3f86-79a9-4722-9428-7bef88d83d1f-300x180.jpg\" class=\"attachment-medium size-medium\" alt=\"\" srcset=\"https:\/\/www.radiopiu.net\/wordpress\/wp-content\/uploads\/2021\/10\/d30d3f86-79a9-4722-9428-7bef88d83d1f-300x180.jpg 300w, https:\/\/www.radiopiu.net\/wordpress\/wp-content\/uploads\/2021\/10\/d30d3f86-79a9-4722-9428-7bef88d83d1f.jpg 593w\" sizes=\"auto, (max-width: 300px) 100vw, 300px\" \/><\/a>\n\t\t\t\t<\/dt><\/dl><dl class='gallery-item'>\n\t\t\t\t<dt class='gallery-icon landscape'>\n\t\t\t\t\t<a class=\"rollover rollover-zoom dt-pswp-item\" title=\"8ed0649b-4910-4aaf-8eae-120548d8b3cd\" data-dt-img-description=\"\" data-large_image_width=\"612\" data-large_image_height=\"363\"href='https:\/\/www.radiopiu.net\/wordpress\/wp-content\/uploads\/2021\/10\/8ed0649b-4910-4aaf-8eae-120548d8b3cd.jpg'><img loading=\"lazy\" decoding=\"async\" width=\"300\" height=\"178\" src=\"https:\/\/www.radiopiu.net\/wordpress\/wp-content\/uploads\/2021\/10\/8ed0649b-4910-4aaf-8eae-120548d8b3cd-300x178.jpg\" class=\"attachment-medium size-medium\" alt=\"\" srcset=\"https:\/\/www.radiopiu.net\/wordpress\/wp-content\/uploads\/2021\/10\/8ed0649b-4910-4aaf-8eae-120548d8b3cd-300x178.jpg 300w, https:\/\/www.radiopiu.net\/wordpress\/wp-content\/uploads\/2021\/10\/8ed0649b-4910-4aaf-8eae-120548d8b3cd.jpg 612w\" sizes=\"auto, (max-width: 300px) 100vw, 300px\" \/><\/a>\n\t\t\t\t<\/dt><\/dl><dl class='gallery-item'>\n\t\t\t\t<dt class='gallery-icon landscape'>\n\t\t\t\t\t<a class=\"rollover rollover-zoom dt-pswp-item\" title=\"cd4da223-2163-401a-8ec6-ac802f462feb\" data-dt-img-description=\"\" data-large_image_width=\"610\" data-large_image_height=\"357\"href='https:\/\/www.radiopiu.net\/wordpress\/wp-content\/uploads\/2021\/10\/cd4da223-2163-401a-8ec6-ac802f462feb.jpg'><img loading=\"lazy\" decoding=\"async\" width=\"300\" height=\"176\" src=\"https:\/\/www.radiopiu.net\/wordpress\/wp-content\/uploads\/2021\/10\/cd4da223-2163-401a-8ec6-ac802f462feb-300x176.jpg\" class=\"attachment-medium size-medium\" alt=\"\" srcset=\"https:\/\/www.radiopiu.net\/wordpress\/wp-content\/uploads\/2021\/10\/cd4da223-2163-401a-8ec6-ac802f462feb-300x176.jpg 300w, https:\/\/www.radiopiu.net\/wordpress\/wp-content\/uploads\/2021\/10\/cd4da223-2163-401a-8ec6-ac802f462feb.jpg 610w\" sizes=\"auto, (max-width: 300px) 100vw, 300px\" \/><\/a>\n\t\t\t\t<\/dt><\/dl><dl class='gallery-item'>\n\t\t\t\t<dt class='gallery-icon landscape'>\n\t\t\t\t\t<a class=\"rollover rollover-zoom dt-pswp-item\" title=\"b3a54b0b-964f-499b-a18f-7eca46a0c582\" data-dt-img-description=\"\" data-large_image_width=\"612\" data-large_image_height=\"364\"href='https:\/\/www.radiopiu.net\/wordpress\/wp-content\/uploads\/2021\/10\/b3a54b0b-964f-499b-a18f-7eca46a0c582.jpg'><img loading=\"lazy\" decoding=\"async\" width=\"300\" height=\"178\" src=\"https:\/\/www.radiopiu.net\/wordpress\/wp-content\/uploads\/2021\/10\/b3a54b0b-964f-499b-a18f-7eca46a0c582-300x178.jpg\" class=\"attachment-medium size-medium\" alt=\"\" srcset=\"https:\/\/www.radiopiu.net\/wordpress\/wp-content\/uploads\/2021\/10\/b3a54b0b-964f-499b-a18f-7eca46a0c582-300x178.jpg 300w, https:\/\/www.radiopiu.net\/wordpress\/wp-content\/uploads\/2021\/10\/b3a54b0b-964f-499b-a18f-7eca46a0c582.jpg 612w\" sizes=\"auto, (max-width: 300px) 100vw, 300px\" \/><\/a>\n\t\t\t\t<\/dt><\/dl><dl class='gallery-item'>\n\t\t\t\t<dt class='gallery-icon landscape'>\n\t\t\t\t\t<a class=\"rollover rollover-zoom dt-pswp-item\" title=\"ed58554f-9828-4c74-88ae-797ff54747fd\" data-dt-img-description=\"\" data-large_image_width=\"604\" data-large_image_height=\"357\"href='https:\/\/www.radiopiu.net\/wordpress\/wp-content\/uploads\/2021\/10\/ed58554f-9828-4c74-88ae-797ff54747fd.jpg'><img loading=\"lazy\" decoding=\"async\" width=\"300\" height=\"177\" src=\"https:\/\/www.radiopiu.net\/wordpress\/wp-content\/uploads\/2021\/10\/ed58554f-9828-4c74-88ae-797ff54747fd-300x177.jpg\" class=\"attachment-medium size-medium\" alt=\"\" srcset=\"https:\/\/www.radiopiu.net\/wordpress\/wp-content\/uploads\/2021\/10\/ed58554f-9828-4c74-88ae-797ff54747fd-300x177.jpg 300w, https:\/\/www.radiopiu.net\/wordpress\/wp-content\/uploads\/2021\/10\/ed58554f-9828-4c74-88ae-797ff54747fd.jpg 604w\" sizes=\"auto, (max-width: 300px) 100vw, 300px\" \/><\/a>\n\t\t\t\t<\/dt><\/dl><br style=\"clear: both\" \/>\n\t\t\t<\/div>\n\n<p>&nbsp;<\/p>\n<hr \/>\n<p>&nbsp;<\/p>\n<blockquote>\n<h3>MEDICINA RIGENERATIVA: ECCELLENZA A BELLUNO<\/h3>\n<\/blockquote>\n<p><strong><a href=\"https:\/\/www.radiopiu.net\/wordpress\/giornale-radiopiu-18-ottobre-2021-direttore-mirko-mezzacasa\/unnamed-1\/\" rel=\"attachment wp-att-237370\"><img loading=\"lazy\" decoding=\"async\" class=\"size-medium wp-image-237370 alignleft\" src=\"https:\/\/www.radiopiu.net\/wordpress\/wp-content\/uploads\/2021\/10\/unnamed-1-300x225.jpg\" alt=\"\" width=\"300\" height=\"225\" srcset=\"https:\/\/www.radiopiu.net\/wordpress\/wp-content\/uploads\/2021\/10\/unnamed-1-300x225.jpg 300w, https:\/\/www.radiopiu.net\/wordpress\/wp-content\/uploads\/2021\/10\/unnamed-1-1024x768.jpg 1024w, https:\/\/www.radiopiu.net\/wordpress\/wp-content\/uploads\/2021\/10\/unnamed-1-768x576.jpg 768w, https:\/\/www.radiopiu.net\/wordpress\/wp-content\/uploads\/2021\/10\/unnamed-1-1536x1152.jpg 1536w, https:\/\/www.radiopiu.net\/wordpress\/wp-content\/uploads\/2021\/10\/unnamed-1-2048x1536.jpg 2048w\" sizes=\"auto, (max-width: 300px) 100vw, 300px\" \/><\/a>BELLUNO <\/strong>La Medicina Trasfusionale di Belluno \u00e8 all\u2019avanguardia sull\u2019uso di emocomponenti con finalit\u00e0 rigenerative. L\u2019uso non trasfusionale di emocomponenti con finalit\u00e0 rigenerative nasce nel 1998, quando un chirurgo maxillofacciale R.E. Marx per primo applic\u00f2 il plasma ricco di piastrine autologo per stimolare la rigenerazione dell\u2019osso mandibolare. Il razionale sotteso era sostenuto dalla possibilit\u00e0 di indurre uno stimolo rigenerativo tissutale sfruttando i \u201cfattori di crescita\u201d contenuti nelle piastrine. Nati per il trattamento di patologie ossee, ben presto il loro utilizzo si \u00e8 esteso a patologie tendineo-legamentose, muscolari, cartilaginee, cutanee e corneali, coinvolgendo competenze cliniche specialistiche come l\u2019ortopedia, la chirurgia, la dermatologia e l\u2018oculistica. Gi\u00e0 dal 1999 il Dipartimento di Medicina Trasfusionale di Belluno produce e applica in collaborazione con diverse Unit\u00e0 Operative emocomponenti a uso non trasfusionale per indurre stimoli rigenerativi tissutali in vari ambiti clinici, in particolare \u00e8 stato fra i primi a introdurre l\u2019uso di questi emocomponenti per il trattamento delle ulcere croniche della cute. Negli ultimi dieci anni sono stati trattati 3.178 pazienti per 11.405 applicazioni, afferenti per il 78% alla patologia ortopedica, per il 18% alla patologia cutanea e per il 4% alla patologia corneale<strong>. <\/strong>Nell\u2019ultimo decennio inoltre, il Trasfusionale di Belluno ha definito e validato un nuovo metodo per produrre una membrana leuco-fibrino-piastrinica applicabile nelle lesioni della cartilagine del ginocchio. Dal 2012 a oggi l\u2019interesse suscitato presso gli ambienti scientifici e clinici del nuovo metodo, ha consentito di ampliare gli ambiti applicativi nella patologia umana e, per le competenze acquisite, il Trasfusionale di Belluno \u00e8 stato coinvolto nella stesura delle linee guida e della normativa che regola a livello regionale l\u2019utilizzo di questi nuovi emocomponenti. Negli anni, grazie all\u2019esperienza acquisita e alle scelte innovative, diverse istituzioni accademiche e associazioni hanno stretto con Belluno delle collaborazioni per approfondire le potenzialit\u00e0 del nuovo metodo e le caratteristiche della membrana leuco-fibrino-piastrinica. Fondamentale \u00e8 stata la collaborazione con la Fondazione TES (Tissue Engineering and Signaling) e l\u2019Universit\u00e0 di Padova, attiva dal 2013 e sostenuta dell\u2019Associazione Bellunese Donatori di Sangue (ABVS), che ha consentito di caratterizzare e definire in dettaglio i meccanismi di funzionamento della membrana. I risultati e i potenziali sviluppi futuri di questo nuovo metodo sono stati pubblicati in riviste scientifiche specialistiche di assoluto livello.<\/p>\n<p>&nbsp;<\/p>\n<p>&nbsp;<\/p>\n<hr \/>\n<p>&nbsp;<\/p>\n<blockquote>\n<h3>AVVIO DELL&#8217;AMMINISTRAZIONE PETERLE. MASSIMO BORTOLUZZI: &#8220;PRIMO GIORNO CON UNO SCIVOLONE. SPERIAMO LE COSE MIGLIORINO&#8221;<\/h3>\n<\/blockquote>\n<p><strong>ALPAGO<\/strong> \u201c<em>Auguri ad Alberto Peterle e alla sua squadra. Buon lavoro nella speranza che le prossime settimane ci sia un cambio deciso di passo rispetto a quanto visto con il primo consiglio comunale<\/em>\u201d. \u00c8 il commento del consigliere Massimo Bortoluzzi (Cambiamento e sviluppo).<br \/>\n\u201c<em>Amministrare un Comune non \u00e8 semplice, ma richiede seriet\u00e0 e rigore. \u00c8 per questo che auguro davvero buon lavoro al nuovo sindaco. La figuraccia del primo consiglio la possiamo scusare come effetto dell\u2019ansia da prestazione o dell\u2019emozione per la prima seduta. Di certo servir\u00e0 maggiore attenzione, perch\u00e9 mandare un atto alle 18 con l\u2019ordine del giorno la composizione della squadra di giunta e trovare lo stesso atto modificato due ore dopo durante il consiglio &#8211; con il cambio delle deleghe e della carica di vicesindaco passata da Riccardo Sitran a Marina Zopp\u00e8 &#8211; non \u00e8 propriamente un buon biglietto da visita per un sindaco giovane e dinamico: la collaborazione istituzionale tra maggioranza e minoranza passa anche da queste cose. Anche perch\u00e9 le minoranze oggi rappresentano il 70% dei voti espressi alle urne, mentre la maggioranza esprime il 30% degli elettori<\/em>\u201d. \u201c<em>In ogni caso &#8211; conclude Bortoluzzi &#8211; siamo qui per collaborare. Crediamo sia necessario, non solo per la comunit\u00e0, ma anche per la stessa efficacia dell\u2019azione amministrativa, visto che le urne hanno visto una netta spaccatura tra il voto di Pieve e Puos, e il voto di Farra<\/em>\u201d.<\/p>\n<p>&nbsp;<\/p>\n<p>&nbsp;<\/p>\n<hr \/>\n<p>&nbsp;<\/p>\n<blockquote>\n<h3>LAVORI SULLA SS 51 DI ALEMAGNA. DE CARLO SCRIVE AD ANAS E PREFETTO<\/h3>\n<\/blockquote>\n<p><strong><a href=\"https:\/\/www.radiopiu.net\/wordpress\/giornale-radiopiu-19-maggio-2020-direttore-mirko-mezzacasa\/luca-de-carlo-8\/\" rel=\"attachment wp-att-138787\"><img loading=\"lazy\" decoding=\"async\" class=\"size-full wp-image-138787 alignleft\" src=\"https:\/\/www.radiopiu.net\/wordpress\/wp-content\/uploads\/2020\/05\/Luca-De-Carlo.jpg\" alt=\"\" width=\"165\" height=\"228\" \/><\/a>CALALZO <\/strong>Ad oltre sei mesi dall&#8217;ultimo sollecito scritto e numerose richieste verbali, il sindaco di Calalzo di Cadore Luca De Carlo torna a scrivere ad ANAS e questa volta coinvolge anche il Prefetto di Belluno per chiedere di intervenire con urgenza sui cantieri lungo la Statale 51\/bis di Alemagna. \u201c<em>A Calalzo, il cantiere sulla statale \u00e8 fermo da dicembre 2020 e a nulla sono valse tutte le precedenti richieste e sollecitazioni fatte ad ANAS, anche per assicurare non solo decoro, ma soprattutto sicurezza ai mezzi dei visitatori durante le stagioni turistiche<\/em>\u201d, sottolinea De Carlo. \u201c<em>Ora ci stiamo avvicinando alla stagione invernale e quel cantiere rischia di creare nuovi pericoli per la circolazione, \u00e8 per questo che l&#8217;opera va finita al pi\u00f9 presto<\/em>\u201d. De Carlo indirizza la missiva anche al Prefetto di Belluno \u201caffinch\u00e9 si edotto sulle situazioni di pericolo e degrado nelle quali verte l&#8217;Alemagna nel territorio di Calalzo\u201d.<\/p>\n<p>&nbsp;<\/p>\n<p>&nbsp;<\/p>\n<hr \/>\n<p>&nbsp;<\/p>\n<blockquote>\n<h3>INAUGURATA LA NUOVA AULA AL CENTRO INTERNAZIONALE DEL LIBRO PARLATO DI FELTRE<\/h3>\n<\/blockquote>\n<p><strong>FELTRE <\/strong>Presso il Centro Internazionale del Libro Parlato l\u2019inaugurazione della nuova aula a scopo formativo dedicata a Flavio Devetag Chalaupka.&#8221;<em>Con l\u2019occasione di tale visita ho avuto la possibilit\u00e0 di incontrare ancora una volta da vicino questa associazione punto di riferimento nazionale ed internazionale, cresciuto negli ulti anni in maniera esponenziale, che offre un servizio eccezionale nel capo degli strumenti compensativi rivolti a persone in difficolt\u00e0 o con disabilit\u00e0. Un ringraziamento speciale alla presidentessa Luisa Alchini, al suo staff e a tutti i volontari che lavorano per l\u2019associazione&#8221;\u00a0<\/em>ha postato sulla pagina Facebook il deputato Roger De Menech.<\/p>\n\n\t\t\t<style type='text\/css'>\n\t\t\t\t#gallery-6 {\n\t\t\t\t\tmargin: auto;\n\t\t\t\t}\n\t\t\t\t#gallery-6 .gallery-item {\n\t\t\t\t\tfloat: left;\n\t\t\t\t\tmargin-top: 10px;\n\t\t\t\t\ttext-align: center;\n\t\t\t\t\twidth: 25%;\n\t\t\t\t}\n\t\t\t\t#gallery-6 img {\n\t\t\t\t\tborder: 2px solid #cfcfcf;\n\t\t\t\t}\n\t\t\t\t#gallery-6 .gallery-caption {\n\t\t\t\t\tmargin-left: 0;\n\t\t\t\t}\n\t\t\t\t\/* see gallery_shortcode() in wp-includes\/media.php *\/\n\t\t\t<\/style>\n\t\t<div id='gallery-6' class='dt-gallery-container gallery galleryid-237325 gallery-columns-4 gallery-size-thumbnail'><dl class='gallery-item'>\n\t\t\t\t<dt class='gallery-icon landscape'>\n\t\t\t\t\t<a class=\"rollover rollover-zoom dt-pswp-item\" title=\"246120654_4426266720800031_7252327994529968645_n\" data-dt-img-description=\"\" data-large_image_width=\"960\" data-large_image_height=\"720\"href='https:\/\/www.radiopiu.net\/wordpress\/wp-content\/uploads\/2021\/10\/246120654_4426266720800031_7252327994529968645_n.jpg'><img loading=\"lazy\" decoding=\"async\" width=\"150\" height=\"150\" src=\"https:\/\/www.radiopiu.net\/wordpress\/wp-content\/uploads\/2021\/10\/246120654_4426266720800031_7252327994529968645_n-150x150.jpg\" class=\"attachment-thumbnail size-thumbnail\" alt=\"\" \/><\/a>\n\t\t\t\t<\/dt><\/dl><dl class='gallery-item'>\n\t\t\t\t<dt class='gallery-icon landscape'>\n\t\t\t\t\t<a class=\"rollover rollover-zoom dt-pswp-item\" title=\"246023113_4426266990800004_5519806490156090000_n\" data-dt-img-description=\"\" data-large_image_width=\"960\" data-large_image_height=\"792\"href='https:\/\/www.radiopiu.net\/wordpress\/wp-content\/uploads\/2021\/10\/246023113_4426266990800004_5519806490156090000_n.jpg'><img loading=\"lazy\" decoding=\"async\" width=\"150\" height=\"150\" src=\"https:\/\/www.radiopiu.net\/wordpress\/wp-content\/uploads\/2021\/10\/246023113_4426266990800004_5519806490156090000_n-150x150.jpg\" class=\"attachment-thumbnail size-thumbnail\" alt=\"\" \/><\/a>\n\t\t\t\t<\/dt><\/dl><dl class='gallery-item'>\n\t\t\t\t<dt class='gallery-icon landscape'>\n\t\t\t\t\t<a class=\"rollover rollover-zoom dt-pswp-item\" title=\"246005572_4426266930800010_1115749401309505385_n\" data-dt-img-description=\"\" data-large_image_width=\"960\" data-large_image_height=\"720\"href='https:\/\/www.radiopiu.net\/wordpress\/wp-content\/uploads\/2021\/10\/246005572_4426266930800010_1115749401309505385_n.jpg'><img loading=\"lazy\" decoding=\"async\" width=\"150\" height=\"150\" src=\"https:\/\/www.radiopiu.net\/wordpress\/wp-content\/uploads\/2021\/10\/246005572_4426266930800010_1115749401309505385_n-150x150.jpg\" class=\"attachment-thumbnail size-thumbnail\" alt=\"\" \/><\/a>\n\t\t\t\t<\/dt><\/dl><dl class='gallery-item'>\n\t\t\t\t<dt class='gallery-icon portrait'>\n\t\t\t\t\t<a class=\"rollover rollover-zoom dt-pswp-item\" title=\"245905508_4426266704133366_2530813169830273373_n\" data-dt-img-description=\"\" data-large_image_width=\"653\" data-large_image_height=\"768\"href='https:\/\/www.radiopiu.net\/wordpress\/wp-content\/uploads\/2021\/10\/245905508_4426266704133366_2530813169830273373_n.jpg'><img loading=\"lazy\" decoding=\"async\" width=\"150\" height=\"150\" src=\"https:\/\/www.radiopiu.net\/wordpress\/wp-content\/uploads\/2021\/10\/245905508_4426266704133366_2530813169830273373_n-150x150.jpg\" class=\"attachment-thumbnail size-thumbnail\" alt=\"\" \/><\/a>\n\t\t\t\t<\/dt><\/dl><br style=\"clear: both\" \/>\n\t\t\t<\/div>\n\n<p>&nbsp;<\/p>\n<hr \/>\n<p>&nbsp;<\/p>\n<blockquote>\n<h3>VENETO: DL GREEN PASS DA CAMBIARE. LUNEDI\u2019 210 MILA LAVORATORI RIMARRANNO A CASA<\/h3>\n<\/blockquote>\n<p><a class=\"dt-pswp-item\" href=\"https:\/\/www.radiopiu.net\/wordpress\/wp-content\/uploads\/2021\/10\/Schermata-2021-10-16-alle-12.19.50.png\" data-dt-img-description=\"\" data-large_image_width=\"784\" data-large_image_height=\"426\"><img loading=\"lazy\" decoding=\"async\" class=\"size-medium wp-image-237339 alignleft\" src=\"https:\/\/www.radiopiu.net\/wordpress\/wp-content\/uploads\/2021\/10\/Schermata-2021-10-16-alle-12.19.50-300x163.png\" alt=\"\" width=\"300\" height=\"163\" srcset=\"https:\/\/www.radiopiu.net\/wordpress\/wp-content\/uploads\/2021\/10\/Schermata-2021-10-16-alle-12.19.50-300x163.png 300w, https:\/\/www.radiopiu.net\/wordpress\/wp-content\/uploads\/2021\/10\/Schermata-2021-10-16-alle-12.19.50-768x417.png 768w, https:\/\/www.radiopiu.net\/wordpress\/wp-content\/uploads\/2021\/10\/Schermata-2021-10-16-alle-12.19.50.png 784w\" sizes=\"auto, (max-width: 300px) 100vw, 300px\" \/><\/a>Oggi 210 mila lavoratori del Veneto non potranno recarsi in fabbrica o in ufficio perch\u00e9 impossibilitati a farsi il tampone per ottenere il Green pass. Purtroppo, le farmacie e le strutture pubbliche\/private dedicate a questo servizio non sono in grado di compiere giornalmente un numero di test sufficienti per coprire la domanda. Lavoratori che, loro malgrado, saranno costretti a rimanere a casa senza retribuzione. La denuncia \u00e8 sollevata dall\u2019Ufficio studi della CGIA.<\/p>\n<p><strong>I numeri<\/strong><br \/>\nSecondo le stime sarebbero poco pi\u00f9 di 300 mila i lavoratori del Veneto senza il certificato verde. Persone che per accedere al proprio posto di lavoro entro la fine dell\u2019anno dovranno fare ogni 2 giorni il tampone per ottenere il green pass. Attualmente l\u2019offerta \u00e8 molto inferiore: ieri, ad esempio, il numero di tamponi realizzati in Veneto \u00e8 stato pari a poco pi\u00f9 di 84 mila. Ipotizzando un aumento della produttivit\u00e0 da parte delle farmacie e delle strutture dedicate a fare questi test, luned\u00ec il numero complessivo potrebbe salire a 90 mila al giorno. Se per tutti coloro che si sottopongono al test l\u2019esito fosse negativo, rimarrebbero comunque senza pass 210 mila lavoratori veneti.<\/p>\n<p><strong>A rischio la ripresa economica<\/strong><br \/>\nLa mancata presenza di 210 mila occupati non rappresenta solo un problema economico e sociale che rischia di mettere a repentaglio la tenuta produttiva di moltissime attivit\u00e0 economiche del Veneto, ma costituisce anche seria violazione del diritto al lavoro. Se il Governo ha deciso per decreto di consentire l\u2019ingresso negli uffici e nelle fabbriche solo a chi ha il Green pass \u2013 e quest\u2019ultimo \u00e8 ottenibile attraverso il vaccino o il tampone \u2013 lo Stato deve garantire la possibilit\u00e0 di fare il tampone anche a chi non vuole sottoporsi all\u2019iniezione del siero vaccinale. Diversamente, lede il diritto al lavoro a tantissime persone, venendo meno a un principio fondamentale di uno Stato di diritto: la legalit\u00e0, che deve essere sempre rispettata sia dai soggetti pubblici sia da quelli privati. Intendiamoci, il Covid va sconfitto con la prevenzione, aumentando il numero di immunizzati e con le disposizioni indicate dagli esperti, ma allo stesso tempo dobbiamo salvaguardare anche il diritto al lavoro e le piccole imprese, che da questa pandemia sono state fortemente penalizzate.<\/p>\n<p><strong>Cambiare il decreto o mobilitare l\u2019Esercito<\/strong><br \/>\nSecondo l\u2019Ufficio studi della CGIA, per risolvere questa situazione il Governo ha due possibilit\u00e0: stabilire che il green pass si ottiene solo attraverso l\u2019inoculazione del vaccino, eliminando cos\u00ec il problema dell\u2019impossibilit\u00e0 di fare i tamponi a tutti, o mobilitare l\u2019Esercito, la Protezione civile o non sappiamo chi altro, affinch\u00e9 vengano diffuse su tutto il territorio nazionale delle unit\u00e0 mobili in grado di fare i test, garantendo cos\u00ec a tutti il diritto di conseguire, ancorch\u00e9 temporaneamente, il certificato verde.<\/p>\n<p><strong>I \u201cno vax\u201d in Veneto<\/strong><br \/>\nDati puntuali sul numero di lavoratori non vaccinati non ce ne sono.<br \/>\nGli unici disponibili sono di fonte della Presidenza del Consiglio e fotografano il numero di persone non ancora vaccinate all\u20198 ottobre scorso nella fascia di et\u00e0 tra i 20 e i 59 anni. Coorte che include la stragrande maggioranza dei lavoratori presenti anche nel Veneto. Ovviamente tra queste persone sono inclusi i disoccupati e gli inattivi. In Veneto in questa fascia anagrafica i \u201cno vax\u201d sono 457.490. Se a questi importo togliamo i disoccupati e gli inattivi, stimiamo che gli occupati senza alcun vaccino nella nostra regione ammonterebbero a poco pi\u00f9 di 300 mila.<\/p>\n<p>&nbsp;<\/p>\n<p>&nbsp;<\/p>\n<hr \/>\n<p>&nbsp;<\/p>\n<blockquote>\n<h3>DUE MILIONI DI LAVORATORI SENZA GREEN PASS DI CUI OLTRE 200 MILA IN VENETO. DE CARLO CHIEDE TAMPONI GRATIS<\/h3>\n<\/blockquote>\n<p><strong>ROMA <\/strong>2 milioni di lavoratori, oltre il 10% dei quali (circa 210mila) nel solo Veneto, costretti a casa da domani perch\u00e8 senza Green Pass, visto che le strutture pubbliche e private ad oggi impegnate nel processo dei tamponi non riescono a soddisfare le richieste dei cittadini: questo il quadro allarmante e drammatico disegnato dalla CGIA di Mestre che preoccupa il senatore e coordinatore veneto di Fratelli d&#8217;Italia Luca De Carlo. \u201cLo Stato deve rispettare e tutelare il diritto al lavoro dei suoi cittadini: se il Green Pass pu\u00f2 essere ottenuto sia con vaccino che con tampone, allora deve mettere tutti in grado di ottenerlo, facendo fronte alle necessit\u00e0 e alle emergenze\u201d, sottolinea De Carlo.<\/p>\n<p>&nbsp;<\/p>\n<p>&nbsp;<\/p>\n<hr \/>\n<p>&nbsp;<\/p>\n<blockquote>\n<h3>RISTORI PER IL MALTEMPO ALLE AZIENDE AGRICOLE BELLUNESI, NESSUNA DOMANDA ARRIVATA<\/h3>\n<\/blockquote>\n<p><strong><a href=\"https:\/\/www.radiopiu.net\/wordpress\/giornale-radiopiu-29-aprile-2020-direttore-mirko-mezzacasa\/agri\/\" rel=\"attachment wp-att-133691\"><img loading=\"lazy\" decoding=\"async\" class=\"size-medium wp-image-133691 alignleft\" src=\"https:\/\/www.radiopiu.net\/wordpress\/wp-content\/uploads\/2020\/04\/agri-300x200.jpg\" alt=\"\" width=\"300\" height=\"200\" srcset=\"https:\/\/www.radiopiu.net\/wordpress\/wp-content\/uploads\/2020\/04\/agri-300x200.jpg 300w, https:\/\/www.radiopiu.net\/wordpress\/wp-content\/uploads\/2020\/04\/agri-1024x682.jpg 1024w, https:\/\/www.radiopiu.net\/wordpress\/wp-content\/uploads\/2020\/04\/agri-768x511.jpg 768w, https:\/\/www.radiopiu.net\/wordpress\/wp-content\/uploads\/2020\/04\/agri-1536x1022.jpg 1536w, https:\/\/www.radiopiu.net\/wordpress\/wp-content\/uploads\/2020\/04\/agri.jpg 1920w\" sizes=\"auto, (max-width: 300px) 100vw, 300px\" \/><\/a>BELLUNO<\/strong> \u201c<em>Non sono arrivate domande per i ristori dal maltempo da parte delle aziende agricole bellunesi. Perch\u00e8?<\/em>\u201d. Ribalta l&#8217;accusa rivolta alla Regione con una domanda, il consigliere regionale della Lega Giovanni Puppato, dopo le dichiarazioni del consigliere dell&#8217;associazione Mele a Mel che nei giorni scorsi aveva puntato il dito contro Palazzo Balbi per i mancati ristori agli agricoltori bellunesi. Nelle domande arrivate in Regione, infatti, manca Belluno. Dalla provincia gli apicoltori si sono mossi per chiedere ristori dopo il maltempo di aprile, e infatti la gran parte dei comuni \u00e8 inserita nelle tabelle divise per province sulle aree danneggiate dal maltempo, ma per i danni alle colture Belluno non compare.<\/p>\n<p><strong>IL CONSIGLIERE REGIONALE GIOVANNI PUPPATO<\/strong><\/p>\n<audio class=\"wp-audio-shortcode\" id=\"audio-237325-1\" preload=\"none\" style=\"width: 100%;\" controls=\"controls\"><source type=\"audio\/mpeg\" src=\"https:\/\/www.radiopiu.net\/wordpress\/wp-content\/uploads\/2021\/10\/Puppato-su-agricoltori-ristori.mp3?_=1\" \/><a href=\"https:\/\/www.radiopiu.net\/wordpress\/wp-content\/uploads\/2021\/10\/Puppato-su-agricoltori-ristori.mp3\">https:\/\/www.radiopiu.net\/wordpress\/wp-content\/uploads\/2021\/10\/Puppato-su-agricoltori-ristori.mp3<\/a><\/audio>\n<p>&nbsp;<\/p>\n<p>&nbsp;<\/p>\n<hr \/>\n<p>&nbsp;<\/p>\n<blockquote>\n<h3>DAL 1976 LA MESSA PER I CADUTI DELLA MONTAGNA, DOMENICA 31 OTTOBRE AD AGORDO<\/h3>\n<\/blockquote>\n<p><strong>AGORDO<\/strong>\u00a0 Anche quest&#8217;anno per iniziativa del Coro Agordo i Caduti in montagna saranno ricordati con una celebrazione religiosa accompagnata dai canti del Coro Agordo (che organizza il ricordo) nell&#8217;Arcidiaconale della citt\u00e0. Anche quest&#8217;anno la celebrazione sar\u00e0 trasmessa in tutto il mondo sulle frequenze FM e sullo streaming di Radio Pi\u00f9, in video sui canali facebook e telegram (RADIO PIU INFORMAZIONE). I posti a sedere in chiesa saranno distanziati come da norme anti covid, ridotti nel numero disponibile. E&#8217; dunque importante la comunicazione anticipata di quanti vorranno partecipare (347 8883140, mail coroagordo@libero.it). A causa della pandemia il consueto ritrovato al termine della messa nella sede del Coro non si terr\u00e0.<\/p>\n<p style=\"text-align: center;\"><strong>Di seguito l&#8217;invito e l&#8217;elenco dei Caduti in montagna\u00a0<\/strong><\/p>\n<p><a href=\"https:\/\/www.radiopiu.net\/wordpress\/dal-1976-la-messa-per-i-caduti-della-montagna-domenica-31-ottobre-ad-agordo\/c23883fb-43b3-4ece-8e75-d2dd755113a7\/\" rel=\"attachment wp-att-236491\"><img loading=\"lazy\" decoding=\"async\" class=\"wp-image-236491 size-full aligncenter\" src=\"https:\/\/www.radiopiu.net\/wordpress\/wp-content\/uploads\/2021\/10\/c23883fb-43b3-4ece-8e75-d2dd755113a7.jpg\" alt=\"\" width=\"692\" height=\"1024\" srcset=\"https:\/\/www.radiopiu.net\/wordpress\/wp-content\/uploads\/2021\/10\/c23883fb-43b3-4ece-8e75-d2dd755113a7.jpg 692w, https:\/\/www.radiopiu.net\/wordpress\/wp-content\/uploads\/2021\/10\/c23883fb-43b3-4ece-8e75-d2dd755113a7-203x300.jpg 203w\" sizes=\"auto, (max-width: 692px) 100vw, 692px\" \/><\/a><\/p>\n<p>&nbsp;<\/p>\n<hr \/>\n<p>&nbsp;<\/p>\n<blockquote>\n<h3>SAN PATRIGNANO A FELTRE<\/h3>\n<\/blockquote>\n<p class=\"kvgmc6g5 cxmmr5t8 oygrvhab hcukyx3x c1et5uql\"><a href=\"https:\/\/www.radiopiu.net\/wordpress\/giornale-radiopiu-15-ottobre-2021-direttore-mirko-mezzacasa\/245316959_10158538616854503_8387571088789690524_n\/\" rel=\"attachment wp-att-237072\"><img loading=\"lazy\" decoding=\"async\" class=\"size-medium wp-image-237072 alignleft\" src=\"https:\/\/www.radiopiu.net\/wordpress\/wp-content\/uploads\/2021\/10\/245316959_10158538616854503_8387571088789690524_n-300x157.jpg\" alt=\"\" width=\"300\" height=\"157\" srcset=\"https:\/\/www.radiopiu.net\/wordpress\/wp-content\/uploads\/2021\/10\/245316959_10158538616854503_8387571088789690524_n-300x157.jpg 300w, https:\/\/www.radiopiu.net\/wordpress\/wp-content\/uploads\/2021\/10\/245316959_10158538616854503_8387571088789690524_n-768x402.jpg 768w, https:\/\/www.radiopiu.net\/wordpress\/wp-content\/uploads\/2021\/10\/245316959_10158538616854503_8387571088789690524_n.jpg 960w\" sizes=\"auto, (max-width: 300px) 100vw, 300px\" \/><\/a><strong>FELTRE<\/strong> Domenica 24 ottobre, a partire dalle 18.00, presso il Museo Diocesano di Feltre si affronter\u00e0 il tema delle dipendenze attraverso la voce di chi ha vissuto la comunit\u00e0 di San Patrignano.<\/p>\n<p class=\"o9v6fnle cxmmr5t8 oygrvhab hcukyx3x c1et5uql\">Walter Delogu, ospite per anni della comunit\u00e0, autista e guardia del corpo del fondatore Vincenzo Muccioli, autore del libro \u201cIl Braccio Destro\u201d e tra i protagonisti della la docu-serie \u201cSanPa. Luci e tenebre di San Patrignano\u201d prodotta da Netflix.<\/p>\n<p class=\"o9v6fnle cxmmr5t8 oygrvhab hcukyx3x c1et5uql\">Prenota ora il tuo biglietto:\u00a0<a class=\"oajrlxb2 g5ia77u1 qu0x051f esr5mh6w e9989ue4 r7d6kgcz rq0escxv nhd2j8a9 nc684nl6 p7hjln8o kvgmc6g5 cxmmr5t8 oygrvhab hcukyx3x jb3vyjys rz4wbd8a qt6c0cv9 a8nywdso i1ao9s8h esuyzwwr f1sip0of lzcic4wl py34i1dx gpro0wi8\" tabindex=\"0\" role=\"link\" href=\"https:\/\/la-parola-a-walter-delogu.eventbrite.it\/?fbclid=IwAR1tV-kG2HWho-2VG775XrTWwEfr8vnzKuCUJL5rKAasaecVBJn0WndXJbQ\" target=\"_blank\" rel=\"nofollow noopener\">https:\/\/la-parola-a-walter-delogu.eventbrite.it\u00a0<\/a><\/p>\n<p>&nbsp;<\/p>\n<p>&nbsp;<\/p>\n<hr \/>\n<p>&nbsp;<\/p>\n<blockquote>\n<h3>LA FARMACIA COMUNALE DI AGORDO CERCA UN FARMACISTA<\/h3>\n<\/blockquote>\n<p><strong><a href=\"https:\/\/www.radiopiu.net\/wordpress\/ulss-1-la-distribuzione-diretta-farmaci-cambia-orari\/farmaci-2\/\" rel=\"attachment wp-att-165029\"><img loading=\"lazy\" decoding=\"async\" class=\" wp-image-165029 alignleft\" src=\"https:\/\/www.radiopiu.net\/wordpress\/wp-content\/uploads\/2020\/10\/FARMACI-300x200.jpg\" alt=\"\" width=\"227\" height=\"151\" srcset=\"https:\/\/www.radiopiu.net\/wordpress\/wp-content\/uploads\/2020\/10\/FARMACI-300x200.jpg 300w, https:\/\/www.radiopiu.net\/wordpress\/wp-content\/uploads\/2020\/10\/FARMACI-1024x683.jpg 1024w, https:\/\/www.radiopiu.net\/wordpress\/wp-content\/uploads\/2020\/10\/FARMACI-768x512.jpg 768w, https:\/\/www.radiopiu.net\/wordpress\/wp-content\/uploads\/2020\/10\/FARMACI-1536x1024.jpg 1536w, https:\/\/www.radiopiu.net\/wordpress\/wp-content\/uploads\/2020\/10\/FARMACI.jpg 1920w\" sizes=\"auto, (max-width: 227px) 100vw, 227px\" \/><\/a>AGORDO<\/strong> \u00c8 stata indetta una selezione pubblica per la copertura di un posto a tempo determinato e pieno (40 ore settimanali) nel profilo di farmacista collaboratore. La domanda deve essere presentata entro le ore 12:00 del giorno 30 ottobre 2021 a pena di esclusione, esclusivamente mediante una delle seguenti modalita\u0300: Presentazione direttamente all\u2019Ufficio Protocollo dell\u2019AZIENDA SPECIALE \u201cAGORDO SERVIZI\u201d via insurrezione n. 18\/C \u2013 32021 AGORDO (BL); raccomandata andata\/ritorno indirizzata ad Azienda Speciale Agordo Servizi in via Insurrezione 18\/C 32021 Agordo (BL); Per via telematica mediante Posta Elettronica Certificata (PEC) all\u2019indirizzo: 04315@pec.federfarma.it\u00a0 Qualsiasi sia la modalita\u0300 utilizzata per presentare la domanda, la stessa dovra\u0300 perentoriamente pervenire entro le ore 12:00 del giorno 30 ottobre 2021. L\u2019avviso di selezione e\u0300 pubblicato sul sito: <a href=\"https:\/\/agordofarmaciacomunale.it\/\">https:\/\/agordofarmaciacomunale.it\/<\/a><\/p>\n<p>&nbsp;<\/p>\n<p>&nbsp;<\/p>\n<hr \/>\n<p>&nbsp;<\/p>\n<blockquote>\n<h3>QUESTA SERA IL CONSIGLIO COMUNALE DI GOSALDO<\/h3>\n<\/blockquote>\n<p><strong>GOSALDO<\/strong> Sar\u00e0 un consiglio comunale breve quello di oggi a Gosaldo. Il sindaco Stefano Da Zanche ha convocato i consiglieri comunali in videoconferenza per le 18:30. Tre i punti da discutere tra cui la convenzione per l&#8217;affidamento della tesoreria all&#8217;Unione Montana Feltrina per il periodo 2022\/2026.<\/p>\n<p>&nbsp;<\/p>\n<hr \/>\n<p>&nbsp;<\/p>\n<blockquote>\n<h3>IL DUP A RIVAMONTE, MARTEDI LA PRESENTAZIONE AL CONSIGLIO COMUNALE<\/h3>\n<\/blockquote>\n<p><strong>RIVAMONTE<\/strong> Domani alle 19 consiglio comunale convocato dal sindaco Nino Deon: quarta e quinta variazione al bilancio, convenzione con il servizio di tesoreria, documento unico di programmazione, esamente ed approvazione.<\/p>\n<p>&nbsp;<\/p>\n<hr \/>\n<p>&nbsp;<\/p>\n<blockquote>\n<h3>CONVENZIONI E DIRITTI DI SUPERFICI IN TERRITORIO FODOM<\/h3>\n<\/blockquote>\n<p><strong>LIVINALLONGO<\/strong> Il sindaco Leandro Grones ha firmato l&#8217;ordine del giorno del consiglio comunale di mercoledi alle 18: approvazione convenzione per il servizio di tesoreria, mutamento destinazione d&#8217;uso di alcune porzioni di terreni ad Andraz per concessione permanente all&#8217;installazione di cavi aerei telefonici, costituzione gratuita di diritto di superficie sul terreno comunale di Arabba con la ditta &#8220;associazione volontari Croce Bianca di Livnallongo&#8221; procedura di mediazione stragiudiziale.<\/p>\n<p>&nbsp;<\/p>\n<p>&nbsp;<\/p>\n<hr \/>\n<p>&nbsp;<\/p>\n<blockquote>\n<h3>MERCOLEDI&#8217; IL CONSIGLIO COMUNALE AD ALLEGHE<\/h3>\n<\/blockquote>\n<p><strong>ALLEGHE<\/strong> Il sindaco di Alleghe Danilo De Toni ha convocato i consiglieri comunali per mercoled\u00ec alle 20 presso la sala consigliare del municipio per trattare 3 argomenti all&#8217;ordine del giorno tra cui la quinta variazione a bilancio e l&#8217;esercizio di stazione unica appaltante per il servizio di tesoreria 2022\/26.<\/p>\n<p>&nbsp;<\/p>\n<p>&nbsp;<\/p>\n<hr \/>\n<p>&nbsp;<\/p>\n<blockquote>\n<h3>CONSIGLIO COMUNALE DI SAN TOMASO GIOVEDI&#8217;<\/h3>\n<\/blockquote>\n<p><strong>SAN TOMASO<\/strong> Moreno De Val, Sindaco di san Tomaso, ha convocato il consiglio comunale per gioved\u00ec alle 20 in videoconferenza. Quattro i punti da discutere tra cui una variazione al bilancio, l&#8217;approvazione della convenzione per il servizio di tesoreria con affidamento al comune di Colle Santa Lucia e la nomina dell&#8217;organo di revisione economico finanziaria per il triennio 2021\/24.<\/p>\n<p>&nbsp;<\/p>\n<p>&nbsp;<\/p>\n<hr \/>\n<p>&nbsp;<\/p>\n<blockquote>\n<h3>GLI APPUNTAMENTI DI OTTOBRE ROSA DELL&#8217;ULSS 1 DOLOMITI<\/h3>\n<\/blockquote>\n<p class=\"gmail-o9v6fnle gmail-cxmmr5t8 gmail-oygrvhab gmail-hcukyx3x gmail-c1et5uql gmail-ii04i59q\"><strong><a href=\"https:\/\/www.radiopiu.net\/wordpress\/giornale-radiopiu-09-ottobre-2021-direttore-mirko-mezzacasa\/ottobre-rosa\/\" rel=\"attachment wp-att-236082\"><img loading=\"lazy\" decoding=\"async\" class=\" wp-image-236082 alignleft\" src=\"https:\/\/www.radiopiu.net\/wordpress\/wp-content\/uploads\/2021\/10\/ottobre-rosa-212x300.png\" alt=\"\" width=\"134\" height=\"190\" srcset=\"https:\/\/www.radiopiu.net\/wordpress\/wp-content\/uploads\/2021\/10\/ottobre-rosa-212x300.png 212w, https:\/\/www.radiopiu.net\/wordpress\/wp-content\/uploads\/2021\/10\/ottobre-rosa-724x1024.png 724w, https:\/\/www.radiopiu.net\/wordpress\/wp-content\/uploads\/2021\/10\/ottobre-rosa-768x1086.png 768w, https:\/\/www.radiopiu.net\/wordpress\/wp-content\/uploads\/2021\/10\/ottobre-rosa-1086x1536.png 1086w, https:\/\/www.radiopiu.net\/wordpress\/wp-content\/uploads\/2021\/10\/ottobre-rosa.png 1414w\" sizes=\"auto, (max-width: 134px) 100vw, 134px\" \/><\/a>BELLUNO <\/strong>In occasione del mese dedicato alla sensibilizzazione sui tumori al seno, l&#8217;Ulss Dolomiti propone una serie di incontri di Gmeet aperti alla cittadinanza con l&#8217;obiettivo di favorire il dialogo con e tra le donne. Si parler\u00e0 di prevenzione, cura chirurgica, terapie oncologiche e radioterapiche e di come ricominciare a prendersi cura di s\u00e9 partendo da una lezione di trucco. Ecco il calendario: Un appuntamento speciale: la mammografia (senza segreti), Ho un tumore al seno. E adesso cosa succede? Mercoled\u00ec 20 ottobre ore 18.00 &#8211; 19.00, Incontro con: Laura Renon e Mauro Dal Soler (chirurghi). Il percorso prima e dopo l&#8217;operazione, Luned\u00ec 25 ottobre ore 18.00 &#8211; 19.00, Incontro con: Fable Zustovich (oncologo) e Filippo De Renzi (radioterapista). Ricomincio da me. Incontro con make up artist, Mercoled\u00ec 27 ottobre ore 18.00 &#8211; 19.00, Incontro con: Serena Zatta (make up artist)<\/p>\n<p>&nbsp;<\/p>\n<p>&nbsp;<\/p>\n<p>&nbsp;<\/p>\n<hr \/>\n<p>&nbsp;<\/p>\n<blockquote>\n<h3>I COLORI DELL&#8217;AUTUNNO, IL CONCORSO FOTOGRAFICO<\/h3>\n<\/blockquote>\n<p><strong><a href=\"https:\/\/www.radiopiu.net\/wordpress\/giornale-radiopiu-05-ottobre-2021-direttore-mirko-mezzacasa\/11872114_851463808295033_304473982179215535_o\/\" rel=\"attachment wp-att-235245\"><img loading=\"lazy\" decoding=\"async\" class=\"wp-image-235245 alignleft\" src=\"https:\/\/www.radiopiu.net\/wordpress\/wp-content\/uploads\/2021\/10\/11872114_851463808295033_304473982179215535_o-300x225.jpg\" alt=\"\" width=\"156\" height=\"117\" srcset=\"https:\/\/www.radiopiu.net\/wordpress\/wp-content\/uploads\/2021\/10\/11872114_851463808295033_304473982179215535_o-300x225.jpg 300w, https:\/\/www.radiopiu.net\/wordpress\/wp-content\/uploads\/2021\/10\/11872114_851463808295033_304473982179215535_o-1024x768.jpg 1024w, https:\/\/www.radiopiu.net\/wordpress\/wp-content\/uploads\/2021\/10\/11872114_851463808295033_304473982179215535_o-768x576.jpg 768w, https:\/\/www.radiopiu.net\/wordpress\/wp-content\/uploads\/2021\/10\/11872114_851463808295033_304473982179215535_o-1536x1152.jpg 1536w, https:\/\/www.radiopiu.net\/wordpress\/wp-content\/uploads\/2021\/10\/11872114_851463808295033_304473982179215535_o.jpg 2048w\" sizes=\"auto, (max-width: 156px) 100vw, 156px\" \/><\/a>CENCENIGHE<\/strong> La proloco ha indetto un concorso fotografico sui colori della stagione appena iniziata. Le fotografie dovranno pervenire entro il 31 ottobre all&#8217;indirizzo: concorsocoloriautunno@gmail.com. Sabato 13 novembre alle 15 la premiazione con l&#8217;esposizione delle foto al Nof Filo&#8217;. Il regolamento sul sito www.prolococencenighe.it<\/p>\n<p><span style=\"color: #ff0000;\">LO SPECIALE ALLA RADIO\u00a0<\/span><br \/>\n<strong>OSPITI: Milena Soppelsa, Francesca Trentin, Elisa Cancel e Orietta Scardanzan\u00a0<\/strong><\/p>\n<p><strong>di Claudio Fontanive<\/strong><\/p>\n<audio class=\"wp-audio-shortcode\" id=\"audio-237325-2\" preload=\"none\" style=\"width: 100%;\" controls=\"controls\"><source type=\"audio\/mpeg\" src=\"https:\/\/www.radiopiu.net\/wordpress\/wp-content\/uploads\/2021\/10\/concorso-fotografico-04-ottobre.mp3?_=2\" \/><a href=\"https:\/\/www.radiopiu.net\/wordpress\/wp-content\/uploads\/2021\/10\/concorso-fotografico-04-ottobre.mp3\">https:\/\/www.radiopiu.net\/wordpress\/wp-content\/uploads\/2021\/10\/concorso-fotografico-04-ottobre.mp3<\/a><\/audio>\n<p>&nbsp;<\/p>\n<p>&nbsp;<\/p>\n<hr \/>\n<p>&nbsp;<\/p>\n<h3 style=\"text-align: center;\">STAGIONI ALLA RADIO, DUE NUOVI PROGRAMMI<\/h3>\n<p><strong><a href=\"https:\/\/www.radiopiu.net\/wordpress\/la-rassegna-stampa-da-lamico-del-popolo-26-dicembre-2020\/luisa-manfroi-2\/\" rel=\"attachment wp-att-181500\"><img loading=\"lazy\" decoding=\"async\" class=\"wp-image-181500 alignleft\" src=\"https:\/\/www.radiopiu.net\/wordpress\/wp-content\/uploads\/2020\/12\/LUISA-MANFROI-300x300.jpg\" alt=\"\" width=\"118\" height=\"118\" srcset=\"https:\/\/www.radiopiu.net\/wordpress\/wp-content\/uploads\/2020\/12\/LUISA-MANFROI-300x300.jpg 300w, https:\/\/www.radiopiu.net\/wordpress\/wp-content\/uploads\/2020\/12\/LUISA-MANFROI-150x150.jpg 150w, https:\/\/www.radiopiu.net\/wordpress\/wp-content\/uploads\/2020\/12\/LUISA-MANFROI-768x770.jpg 768w, https:\/\/www.radiopiu.net\/wordpress\/wp-content\/uploads\/2020\/12\/LUISA-MANFROI.jpg 958w\" sizes=\"auto, (max-width: 118px) 100vw, 118px\" \/><\/a>REDAZIONE<\/strong> Da domani alle 1030 e alle 19 (replica la domenica alle 10) ritorna su Radio Pi\u00f9 &#8220;Sempre connessi&#8221; il programma di Luisa Manfroi giunto alla terza stagione (le precedenti sul sito <strong><span style=\"color: #0000ff;\"><a style=\"color: #0000ff;\" href=\"https:\/\/www.radiopiu.net\/wordpress\/interconnessioni\/\">CLICCA QUI<\/a> <\/span><\/strong><span style=\"color: #0000ff;\"><span style=\"color: #000000;\">). Un nuovo ciclo in sette puntate con cadenza settimanale: <\/span><\/span>1^\u00a0 \u00a0Lo smartphone \u2013 il ruolo che riveste nella nostra vita digitale 2^\u00a0 La dipendenza dallo smartphone: i consigli dello psicologo 3 I rischi di internet: panoramica generale <img loading=\"lazy\" decoding=\"async\" class=\"alignright\" src=\"https:\/\/www.radiopiu.net\/wordpress\/wp-content\/uploads\/2020\/12\/MICROFONO-RADIO-PIU-300x300.jpeg\" width=\"119\" height=\"119\" \/>4^\u00a0 \u00a0Il cyberbullismo e l\u2019odio in rete 5^ Lo Spid, una credenziale per accedere online alla Pubblica Amministrazione 6^\u00a0 Federico Faggin: il fisico veneto padre del microprocessore 7^\u00a0 Bufale e fake news: quando la rete fa disinformazione.<\/p>\n<p>Da venerdi FREEMIX, la libert\u00e0 musicale mixate da Athos Dj (Davide Ben) e raccontata da Dj Jack (Jacopo Deltedesco), in onda il venerdi alle 17.15 e alle 22.30 il sabato alle 23.30<br \/>\n<strong>IL JINGLE\u00a0<\/strong><\/p>\n<audio class=\"wp-audio-shortcode\" id=\"audio-237325-3\" preload=\"none\" style=\"width: 100%;\" controls=\"controls\"><source type=\"audio\/mpeg\" src=\"https:\/\/www.radiopiu.net\/wordpress\/wp-content\/uploads\/2021\/10\/AUD-20211013-WA0021-1.mp3?_=3\" \/><a href=\"https:\/\/www.radiopiu.net\/wordpress\/wp-content\/uploads\/2021\/10\/AUD-20211013-WA0021-1.mp3\">https:\/\/www.radiopiu.net\/wordpress\/wp-content\/uploads\/2021\/10\/AUD-20211013-WA0021-1.mp3<\/a><\/audio>\n<p>&nbsp;<\/p>\n<p>&nbsp;<\/p>\n<p>&nbsp;<\/p>\n<hr \/>\n<p>&nbsp;<\/p>\n<blockquote>\n<h3>CSV BELLUNO E TREVISO APRE UN BANDO PER BORSE DI STUDIO<\/h3>\n<\/blockquote>\n<p><strong>BELLUNO<\/strong> Anche il CSV (centro servizi per il volontariato) Belluno Treviso per valorizzare il ricordo (nel centenario della sua nascita 10.10.1921) del grande scrittore poeta, Andrea Zanzotto, ha promosso un concorso letterario, con riconoscimento di borse di studio, per studenti universitari residenti nelle province di Belluno e Treviso. Gli interessati, per la partecipazione al concorso, dovranno chiedere il bando alle Segreterie delle sedi territoriali CSV Belluno e\/o Treviso. Il bando su Andrea Zanzotto si affianca agli altri due concorsi CSV BL TV, sulle straordinarie personalit\u00e0 culturali venete: Mario Rigoni Stern e Dino Buzzati<\/p>\n<p>&nbsp;<\/p>\n<p>&nbsp;<\/p>\n<hr \/>\n<p>&nbsp;<\/p>\n<blockquote>\n<h3>\u00a0PIANO STRAORDINARIO SPORT E SALUTE PER LA SCUOLA PRIMARIA E SECONDARIA DI PRIMO GRADO<\/h3>\n<\/blockquote>\n<p><strong>BELLUNO<\/strong> Sono aperte \u00a0le adesioni per le scuole primarie che vogliono partecipare a Scuola Attiva Kids, la proposta motoria, sportiva ed educativa dedicata alla scuola primaria. Avvio del progetto ad inizio novembre, con l\u2019arrivo dei Tutor sportivi scolastici nelle scuole che aderiranno. Progetto promosso da Sport e Salute &#8211; d\u2019intesa con la Sottosegretaria allo Sport &#8211; e il Ministero dell\u2019Istruzione, per promuovere l\u2019attivit\u00e0 fisica e sportiva, oltre alla cultura del benessere e del movimento, nella scuola primaria. Fino al 18 ottobre, le scuole possono aderire all\u2019iniziativa, tramite apposita piattaforma informatica presente nella pagina dedicata del sito di Sport e Salute. Concluse, invece, le candidature dei Tutor Sportivi Scolastici (laureati in Scienze motorie o diplomati ISEF). La piattaforma per adesioni e candidature \u00e8 raggiungibile dal sito www.sportesalute.eu<\/p>\n<p>&nbsp;<\/p>\n<hr \/>\n<p>&nbsp;<\/p>\n<blockquote>\n<h3>FISIOTERAPIA GRATUITA PER UN GIOVANE CON DISABILIT\u00c0<\/h3>\n<\/blockquote>\n<blockquote>\n<h3><em><strong>L&#8217;impegno de \u201cLa mongolfiera di Giorgia\u201d prosegue ora con un nuovo bando<\/strong><\/em><\/h3>\n<\/blockquote>\n<p><a href=\"https:\/\/www.radiopiu.net\/wordpress\/fisioterapia-gratuita-per-un-giovane-con-disabilita\/giorgia-praloran-6\/\" rel=\"attachment wp-att-237001\"><img loading=\"lazy\" decoding=\"async\" class=\" wp-image-237001 alignleft\" src=\"https:\/\/www.radiopiu.net\/wordpress\/wp-content\/uploads\/2021\/10\/giorgia-praloran-300x271.jpg\" alt=\"\" width=\"207\" height=\"187\" srcset=\"https:\/\/www.radiopiu.net\/wordpress\/wp-content\/uploads\/2021\/10\/giorgia-praloran-300x271.jpg 300w, https:\/\/www.radiopiu.net\/wordpress\/wp-content\/uploads\/2021\/10\/giorgia-praloran.jpg 716w\" sizes=\"auto, (max-width: 207px) 100vw, 207px\" \/><\/a><strong>BELLUNO<\/strong> Si \u00e8 concluso un primo bando per Giorgia, proposto durante l&#8217;estate in collaborazione con la Cooperativa Sociale Croce Blu Belluno che ha offerto due pacchetti di fisioterapia, ciascuno di dieci sedute: uno \u00e8 stato assegnato a un giovane bellunese di 22 anni, in condizioni di disabilit\u00e0 certificata, la cui candidatura entro i termini rispondeva ai requisiti del regolamento. Non essendo pervenute altre richieste, in sostituzione al secondo pacchetto non assegnato sono stati messi a disposizione\u00a0 250 euro a favore dell&#8217;associazione stessa.\u00a0 \u201cLa mongolfiera di Giorgia\u201d ha presentato ora il nuovo bando rivolto agli adolescenti tra i 13 ed i 24 anni con disabilit\u00e0 certificata e bisognosi di sollievo. L&#8217;associazione finanzier\u00e0\u00a0 con 6000 euro i progetti presentati e finalizzati ad un miglioramento del benessere psico-fisico dei destinatari. Il bando si \u00e8 aperto lo scorso 10 ottobre (quinto anniversario dalla scomparsa di Giorgia) e le domande dovranno essere presentate entro il 9 dicembre, con l\u2019invio del modulo scaricabile da www.lamongolfieradigiorgia.it o richiedibile all\u2019e-mail lamongolfieradigiorgia@gmail.com.<\/p>\n<p>&nbsp;<\/p>\n<p>&nbsp;<\/p>\n<hr \/>\n<p>&nbsp;<\/p>\n<blockquote>\n<h3>RITORNA IL MERCATINO DI SAN MARTINO<\/h3>\n<\/blockquote>\n<p><strong>BELLUNO<\/strong> Ritorna a Salce dopo un anno di arresto forzato dovuto alla pandemia Covid il \u201cMercatino di San Martino\u201d, che rappresenta non solo un&#8217;opportunit\u00e0 di solidariet\u00e0, ma anche una delle pi\u00f9 belle feste paesane del periodo autunnale. In oltre 30 anni di storia il mercatino continua ancor oggi ad unire occasioni di intrattenimento e fratellanza. L\u2019appuntamento, nel rispetto delle normative anti contagio, in questo 2021 \u00e8 per domenica 7 novembre presso il campo sportivo di Salce \u2013 \u201ccasetta degli Alpini\u201d con inizio alle ore 9.00. Saranno a disposizione dei visitatori non solo prodotti ortofrutticoli locali, ma anche prodotti dolciari come i tipici crostoli, le torte, i biscotti e gli oggetti frutto dell\u2019artigianato locale. Una delle chicche pi\u00f9 apprezzate dai visitatori sono i prodotti \u201ctake-away\u201d come i pasticci pronti da infornare, le trippe, i canederli e molto altro ancora. Per facilitare la vendita ed evitare assembramenti alcuni prodotti sono pre ordinabili al telefono o online: tutte le informazioni utili nel sito www.parrocchiadisalce.it.<\/p>\n<p>&nbsp;<\/p>\n<hr \/>\n<p>&nbsp;<\/p>\n<blockquote>\n<h3>PROVENIVANO DALLA VICENTINA ROANA I CIMBRI INSEDIATISI (1707?) IN CANSIGLIO<\/h3>\n<\/blockquote>\n<p><strong>di Renato Bona<\/strong><\/p>\n<p>I cimbri, ma chi erano costoro? Secondo la libera enciclopedia Wikipedia \u201ccostituiscono la minoranza etnica e linguistica attualmente stanziata in pochi centri sparsi nell&#8217;area montuosa compresa tra le province di Trento (Luserna), Vicenza (altopiano dei Sette Comuni, in particolare Roana) e Verona (Tredici Comuni, in particolare Giazza). Una minuscola isola cimbra, di origine pi\u00f9 recente, si trova inoltre sull\u2019 altopiano del Cansiglio nelle province di Belluno e Treviso). Bench\u00e9 il loro idioma distintivo, la lingua cimbra, sia ormai in forte regressione e parlato solo da una sparuta minoranza, i cimbri possono comunque essere considerati un gruppo etnico a s\u00e9 stante con usanze e tradizioni derivate dalla loro ascendenza germanica. La maggioranza della comunit\u00e0 scientifica vede negli attuali cimbri una diretta discendenza da popolazioni di origine bavarese meridionale che nel medioevo migrarono dalla zona dell\u2019Ammersee e del lago di Starnberg nel Veneto nord-occidentale e nel Trentino meridionale. Questi cimbri si diffusero inizialmente sull\u2019Altopiano dei Sette Comuni e da qui anche in Lessinia, nella zona orientale del gruppo del Monte Baldo e sui vicini Altopiani di Folgaria, Lavarone e Luserna. Lo scomparso maestro Mario De Nale col Centro sociale di educazione permanente di Tambre in coedizione con Pool Industriale Chinol, aveva dato alle stampe (settembre 1984, tipografia Piave di Belluno) le oltre 250 pagine del libro \u201cCansiglio \u2018Terra Cimbria\u2019\u201d con presentazione di Angelo Foletto, presidente dell\u2019Azienda regionale delle foreste del Veneto. Una pubblicazione di grande interesse, dove c\u2019\u00e8 davvero di tutto: da posizione e clima alla geologia, geografia e geomorfologia, dalle prime civilt\u00e0 ai terremoti, dalla flora e fauna a: segherie, caselli, vivai; propone quindi una \u201ccavalcata su cime incantevoli\u201d suggerendo itinerari ed escursioni da Piancavallo, per soffermarsi poi su: viabilit\u00e0, dominazioni e dipendenze, affittanze, la girandola degli usurpi, l\u2019affrancazione dei diritti d\u2019uso, le riserve naturali e i musei, turismo, agricoltura, il Giardino alpino; senza trascurare il periodo florido della Serenissima, il corpo dei \u201cRemeri e degli Alberi\u201d, la zattera e le condotte del legname, le date significative, la casa \u201chaus\u201d cimbra del Cansiglio, la\u201dHuta\u201d (capanna laboratorio), il \u201cPojat\u201d (una sorta di montagnola creata con scarti della lavorazione del legno, per produrre carbone); ancora: gastronomia, storia e peripezie dei cimbri del Cansiglio, cultura e casati, stemmi e suggelli, discendenze, la messa in cimbro e &#8211; argomento del quale ci occupiamo in questa occasione &#8211; la nascita di nuovi villaggi. Nella seconda edizione del volume De Nale ha riservato un ponderoso capitolo a \u201cI cimbri del Cansiglio e i loro insediamenti\u201d ricordando che \u201cLa fantasia di molti vorrebbe far risalire il primo insediamento cimbro nella foresta ai primi anni del 1700 (Il Trame aveva indicato la data dell\u2019anno 1707)\u2026 c\u2019\u00e8 qualche vecchio che vorrebbe far risalire l\u2019origine dei residenti cimbri a tre fratelli Azzalini dei quali uno, detto \u2018Ferro\u2019, sarebbe stato prete; qualcuno afferma che i primi arrivati fossero quattro fratelli Azzalini. Sono tutte favole; v\u2019\u00e8 tuttavia un elemento importantissimo nel quale sono tutti concordi, la provenienza: i cimbri del Cansiglio provengono tutti da Roana, uno dei sette comuni cimbri dell\u2019altipiano vicentino. Ed eccoci ai nuovi insediamenti, propiziati da varie ragioni, in primo luogo il miglioramento della condizione sociale. Ancora De Nale: \u201cIl 1887 \u00e8 l\u2019anno dell\u2019esodo da vecchi villaggi per volgere ad altri migliori lidi vicini alle strade o pi\u00f9 ricchi di forniture di faggi, dove costruire la nuova dimora. Cos\u00ec sorgono i nuovi villaggi\u201d. Vediamoli: quello di CAMPON ad opera, nel 1869, di Clemente Azzalini, classe 1840, morto proprio a Campon nel 1915, che costru\u00ec il primo casone. Fu considerata una pazzia, la sua, per la mancanza di acqua in una zona battuta dalle bufere, ma poi molti cambiarono idea quando proprio davanti al casone pass\u00f2 la nuova strada, con i benefici che ne conseguirono\u2026 LE ROTTE: fu fondato da Pompeo Azzalini, nipote del capo trib\u00f9 Girolamo. Il villaggio sorge all\u2019imbocco del vallone di Vallorch, nel versante ombroso di Col Dar dove il bosco segna il confine col pascolo sottostante. PIAN DELL\u2019OSTERIA: fondatori ne furono nel 1887 i fratelli Eugenio e Cristiano Azzalini detti Pertile, assieme al cugino Pompeo. Le prime case furono costruite utilizzando tavoloni ancora in buono stato, tratti dai vecchi casoni appositamente disfatti. VALLORCH: il maestro De Nale scriveva che: \u201cE\u2019 il villaggio pi\u00f9 rappresentativo del tipo edilizio cimbro-allemannico; sorge in una radura del declivio nord del vallone di Vallorch e la scelta fu fatta da Vigilio Azzalini per la buona qualit\u00e0 e la quantit\u00e0 di faggi che c\u2019erano nel luogo e nei dintorni. Fu fondato dai fratelli Azzalini: Vigilio (7.10.1819), Celeste (1813) e Antonio (1826) figli del capo trib\u00f9 Pietro e di De Conti Anna Maria nata il 3.2.1831. Nel 1887 essi disfecero il vecchio casone di Val Bona e con i tavoloni utilizzabili ed altri fatti di proposito costruirono la nuova casa\u201d. CANAIE: sorge sulla strada Vivaio-Campon, a circa 300 metri da Vivaio; fu fondato da Gandin Costantino Giovanni, figlio di Luigi e di Cristina Signori, sposato con Maria Luigia Gandin; a loro si unirono i figli Amadeo, Luigi e Emma (il primo costru\u00ec una propria casa tutta in legno sul posto dove ora c\u2019\u00e8 il villaggio, e una osteria sul ciglio della strada dove ora c\u2019\u00e8 la fontana; per Luigi costru\u00ec una casa tutto muro a circa 20 metri dall\u2019osteria, e per Emma una tutto legno, allineata con le altre due lungo la strada. COL FORMIGA e AL SASS . Nel 1887 i fratelli Azzalini (Costanzo e Innocente Arcadio, lasciarono Pian dei Lovi per trasferirsi a Ca Formiga, sulla destra della strada in direzione di Pich dove aprirono anche un\u2019osteria. Da Canaie si trasfer\u00ec invece nella localit\u00e0 Al Sass di Sant\u2019Anna Timoteo, figlio di Nicol\u00f2 Slaviero e nipote del capo trib\u00f9 Giacomo. La serie dei trasferimenti si conclude con PICH dove due case, le prime, furono edificate nel 1820 dai fratelli Giovanni e Matteo Bonato. Quella del primo con tetto a scandole come tutte le altre del Cansiglio, quella di Matteo coperta invece a \u201cstele\u201d. Nel 1854 costruirono casa anche Celeste Bonato, marito di Teresa Zanette, e Luigi Bonato, sposato con Maria Padovan. Pich divenne villaggio di un certa consistenza sia per numero di case come per abitanti, nel periodo del grande esodo dai vecchi villaggi di Canaie, Val Bona e Pian dei Lovi, allorch\u00e9 vi giunsero Gandin Pergentino di Eugenio, marito di Slaviero Felinda;Azzalini Giuliano di Ludovico, marito di Ciprian Giacoma; Azzalini Battista Lodovico, marito di Gandin Amalia di Eugenio; Gandin Angelo di Eugenio, marito di Smaniotto Erminia, Azzalini Costanzo, Azzalini Innocente e i carbonai Brandalise Abramo e Tiepo Angelo.<\/p>\n\n\t\t\t<style type='text\/css'>\n\t\t\t\t#gallery-7 {\n\t\t\t\t\tmargin: auto;\n\t\t\t\t}\n\t\t\t\t#gallery-7 .gallery-item {\n\t\t\t\t\tfloat: left;\n\t\t\t\t\tmargin-top: 10px;\n\t\t\t\t\ttext-align: center;\n\t\t\t\t\twidth: 16%;\n\t\t\t\t}\n\t\t\t\t#gallery-7 img {\n\t\t\t\t\tborder: 2px solid #cfcfcf;\n\t\t\t\t}\n\t\t\t\t#gallery-7 .gallery-caption {\n\t\t\t\t\tmargin-left: 0;\n\t\t\t\t}\n\t\t\t\t\/* see gallery_shortcode() in wp-includes\/media.php *\/\n\t\t\t<\/style>\n\t\t<div id='gallery-7' class='dt-gallery-container gallery galleryid-237325 gallery-columns-6 gallery-size-thumbnail'><dl class='gallery-item'>\n\t\t\t\t<dt class='gallery-icon landscape'>\n\t\t\t\t\t<a class=\"rollover rollover-zoom dt-pswp-item\" title=\"246127630_563184614906095_532452513092170288_n\" data-dt-img-description=\"\" data-large_image_width=\"600\" data-large_image_height=\"401\"href='https:\/\/www.radiopiu.net\/wordpress\/wp-content\/uploads\/2021\/10\/246127630_563184614906095_532452513092170288_n.jpg'><img loading=\"lazy\" decoding=\"async\" width=\"150\" height=\"150\" src=\"https:\/\/www.radiopiu.net\/wordpress\/wp-content\/uploads\/2021\/10\/246127630_563184614906095_532452513092170288_n-150x150.jpg\" class=\"attachment-thumbnail size-thumbnail\" alt=\"\" \/><\/a>\n\t\t\t\t<\/dt><\/dl><dl class='gallery-item'>\n\t\t\t\t<dt class='gallery-icon landscape'>\n\t\t\t\t\t<a class=\"rollover rollover-zoom dt-pswp-item\" title=\"245597865_161780726155394_8502571479541081847_n\" data-dt-img-description=\"\" data-large_image_width=\"674\" data-large_image_height=\"403\"href='https:\/\/www.radiopiu.net\/wordpress\/wp-content\/uploads\/2021\/10\/245597865_161780726155394_8502571479541081847_n.jpg'><img loading=\"lazy\" decoding=\"async\" width=\"150\" height=\"150\" src=\"https:\/\/www.radiopiu.net\/wordpress\/wp-content\/uploads\/2021\/10\/245597865_161780726155394_8502571479541081847_n-150x150.jpg\" class=\"attachment-thumbnail size-thumbnail\" alt=\"\" \/><\/a>\n\t\t\t\t<\/dt><\/dl><dl class='gallery-item'>\n\t\t\t\t<dt class='gallery-icon landscape'>\n\t\t\t\t\t<a class=\"rollover rollover-zoom dt-pswp-item\" title=\"245605702_367489891825535_8317095480699878947_n\" data-dt-img-description=\"\" data-large_image_width=\"694\" data-large_image_height=\"403\"href='https:\/\/www.radiopiu.net\/wordpress\/wp-content\/uploads\/2021\/10\/245605702_367489891825535_8317095480699878947_n.jpg'><img loading=\"lazy\" decoding=\"async\" width=\"150\" height=\"150\" src=\"https:\/\/www.radiopiu.net\/wordpress\/wp-content\/uploads\/2021\/10\/245605702_367489891825535_8317095480699878947_n-150x150.jpg\" class=\"attachment-thumbnail size-thumbnail\" alt=\"\" \/><\/a>\n\t\t\t\t<\/dt><\/dl><dl class='gallery-item'>\n\t\t\t\t<dt class='gallery-icon landscape'>\n\t\t\t\t\t<a class=\"rollover rollover-zoom dt-pswp-item\" title=\"246438410_3139724099581783_6099605440971575762_n\" data-dt-img-description=\"\" data-large_image_width=\"671\" data-large_image_height=\"403\"href='https:\/\/www.radiopiu.net\/wordpress\/wp-content\/uploads\/2021\/10\/246438410_3139724099581783_6099605440971575762_n.jpg'><img loading=\"lazy\" decoding=\"async\" width=\"150\" height=\"150\" src=\"https:\/\/www.radiopiu.net\/wordpress\/wp-content\/uploads\/2021\/10\/246438410_3139724099581783_6099605440971575762_n-150x150.jpg\" class=\"attachment-thumbnail size-thumbnail\" alt=\"\" \/><\/a>\n\t\t\t\t<\/dt><\/dl><dl class='gallery-item'>\n\t\t\t\t<dt class='gallery-icon landscape'>\n\t\t\t\t\t<a class=\"rollover rollover-zoom dt-pswp-item\" title=\"245588786_1153529438389322_1522460753981399688_n\" data-dt-img-description=\"\" data-large_image_width=\"654\" data-large_image_height=\"403\"href='https:\/\/www.radiopiu.net\/wordpress\/wp-content\/uploads\/2021\/10\/245588786_1153529438389322_1522460753981399688_n.jpg'><img loading=\"lazy\" decoding=\"async\" width=\"150\" height=\"150\" src=\"https:\/\/www.radiopiu.net\/wordpress\/wp-content\/uploads\/2021\/10\/245588786_1153529438389322_1522460753981399688_n-150x150.jpg\" class=\"attachment-thumbnail size-thumbnail\" alt=\"\" \/><\/a>\n\t\t\t\t<\/dt><\/dl><dl class='gallery-item'>\n\t\t\t\t<dt class='gallery-icon landscape'>\n\t\t\t\t\t<a class=\"rollover rollover-zoom dt-pswp-item\" title=\"245642055_876259516340272_6389319226603071534_n\" data-dt-img-description=\"\" data-large_image_width=\"631\" data-large_image_height=\"403\"href='https:\/\/www.radiopiu.net\/wordpress\/wp-content\/uploads\/2021\/10\/245642055_876259516340272_6389319226603071534_n.jpg'><img loading=\"lazy\" decoding=\"async\" width=\"150\" height=\"150\" src=\"https:\/\/www.radiopiu.net\/wordpress\/wp-content\/uploads\/2021\/10\/245642055_876259516340272_6389319226603071534_n-150x150.jpg\" class=\"attachment-thumbnail size-thumbnail\" alt=\"\" \/><\/a>\n\t\t\t\t<\/dt><\/dl><br style=\"clear: both\" \/><dl class='gallery-item'>\n\t\t\t\t<dt class='gallery-icon landscape'>\n\t\t\t\t\t<a class=\"rollover rollover-zoom dt-pswp-item\" title=\"245636616_996634210908474_8571912482811625363_n\" data-dt-img-description=\"\" data-large_image_width=\"743\" data-large_image_height=\"403\"href='https:\/\/www.radiopiu.net\/wordpress\/wp-content\/uploads\/2021\/10\/245636616_996634210908474_8571912482811625363_n.jpg'><img loading=\"lazy\" decoding=\"async\" width=\"150\" height=\"150\" src=\"https:\/\/www.radiopiu.net\/wordpress\/wp-content\/uploads\/2021\/10\/245636616_996634210908474_8571912482811625363_n-150x150.jpg\" class=\"attachment-thumbnail size-thumbnail\" alt=\"\" \/><\/a>\n\t\t\t\t<\/dt><\/dl><dl class='gallery-item'>\n\t\t\t\t<dt class='gallery-icon landscape'>\n\t\t\t\t\t<a class=\"rollover rollover-zoom dt-pswp-item\" title=\"245589011_969283423929378_7720440758607303608_n\" data-dt-img-description=\"\" data-large_image_width=\"686\" data-large_image_height=\"403\"href='https:\/\/www.radiopiu.net\/wordpress\/wp-content\/uploads\/2021\/10\/245589011_969283423929378_7720440758607303608_n.jpg'><img loading=\"lazy\" decoding=\"async\" width=\"150\" height=\"150\" src=\"https:\/\/www.radiopiu.net\/wordpress\/wp-content\/uploads\/2021\/10\/245589011_969283423929378_7720440758607303608_n-150x150.jpg\" class=\"attachment-thumbnail size-thumbnail\" alt=\"\" \/><\/a>\n\t\t\t\t<\/dt><\/dl><dl class='gallery-item'>\n\t\t\t\t<dt class='gallery-icon landscape'>\n\t\t\t\t\t<a class=\"rollover rollover-zoom dt-pswp-item\" title=\"246422137_588077908983684_6677154052464426925_n\" data-dt-img-description=\"\" data-large_image_width=\"655\" data-large_image_height=\"403\"href='https:\/\/www.radiopiu.net\/wordpress\/wp-content\/uploads\/2021\/10\/246422137_588077908983684_6677154052464426925_n.jpg'><img loading=\"lazy\" decoding=\"async\" width=\"150\" height=\"150\" src=\"https:\/\/www.radiopiu.net\/wordpress\/wp-content\/uploads\/2021\/10\/246422137_588077908983684_6677154052464426925_n-150x150.jpg\" class=\"attachment-thumbnail size-thumbnail\" alt=\"\" \/><\/a>\n\t\t\t\t<\/dt><\/dl><dl class='gallery-item'>\n\t\t\t\t<dt class='gallery-icon landscape'>\n\t\t\t\t\t<a class=\"rollover rollover-zoom dt-pswp-item\" title=\"246422137_230685519126558_1858138052460277703_n\" data-dt-img-description=\"\" data-large_image_width=\"630\" data-large_image_height=\"403\"href='https:\/\/www.radiopiu.net\/wordpress\/wp-content\/uploads\/2021\/10\/246422137_230685519126558_1858138052460277703_n.jpg'><img loading=\"lazy\" decoding=\"async\" width=\"150\" height=\"150\" src=\"https:\/\/www.radiopiu.net\/wordpress\/wp-content\/uploads\/2021\/10\/246422137_230685519126558_1858138052460277703_n-150x150.jpg\" class=\"attachment-thumbnail size-thumbnail\" alt=\"\" \/><\/a>\n\t\t\t\t<\/dt><\/dl><dl class='gallery-item'>\n\t\t\t\t<dt class='gallery-icon landscape'>\n\t\t\t\t\t<a class=\"rollover rollover-zoom dt-pswp-item\" title=\"245623667_1279887455798159_7937049085775553538_n\" data-dt-img-description=\"\" data-large_image_width=\"638\" data-large_image_height=\"403\"href='https:\/\/www.radiopiu.net\/wordpress\/wp-content\/uploads\/2021\/10\/245623667_1279887455798159_7937049085775553538_n.jpg'><img loading=\"lazy\" decoding=\"async\" width=\"150\" height=\"150\" src=\"https:\/\/www.radiopiu.net\/wordpress\/wp-content\/uploads\/2021\/10\/245623667_1279887455798159_7937049085775553538_n-150x150.jpg\" class=\"attachment-thumbnail size-thumbnail\" alt=\"\" \/><\/a>\n\t\t\t\t<\/dt><\/dl><dl class='gallery-item'>\n\t\t\t\t<dt class='gallery-icon landscape'>\n\t\t\t\t\t<a class=\"rollover rollover-zoom dt-pswp-item\" title=\"245597865_454788389296519_2171171438810440068_n\" data-dt-img-description=\"\" data-large_image_width=\"668\" data-large_image_height=\"403\"href='https:\/\/www.radiopiu.net\/wordpress\/wp-content\/uploads\/2021\/10\/245597865_454788389296519_2171171438810440068_n.jpg'><img loading=\"lazy\" decoding=\"async\" width=\"150\" height=\"150\" src=\"https:\/\/www.radiopiu.net\/wordpress\/wp-content\/uploads\/2021\/10\/245597865_454788389296519_2171171438810440068_n-150x150.jpg\" class=\"attachment-thumbnail size-thumbnail\" alt=\"\" \/><\/a>\n\t\t\t\t<\/dt><\/dl><br style=\"clear: both\" \/><dl class='gallery-item'>\n\t\t\t\t<dt class='gallery-icon landscape'>\n\t\t\t\t\t<a class=\"rollover rollover-zoom dt-pswp-item\" title=\"245636616_407261834344594_1273994114023562459_n\" data-dt-img-description=\"\" data-large_image_width=\"640\" data-large_image_height=\"400\"href='https:\/\/www.radiopiu.net\/wordpress\/wp-content\/uploads\/2021\/10\/245636616_407261834344594_1273994114023562459_n.jpg'><img loading=\"lazy\" decoding=\"async\" width=\"150\" height=\"150\" src=\"https:\/\/www.radiopiu.net\/wordpress\/wp-content\/uploads\/2021\/10\/245636616_407261834344594_1273994114023562459_n-150x150.jpg\" class=\"attachment-thumbnail size-thumbnail\" alt=\"\" \/><\/a>\n\t\t\t\t<\/dt><\/dl><dl class='gallery-item'>\n\t\t\t\t<dt class='gallery-icon landscape'>\n\t\t\t\t\t<a class=\"rollover rollover-zoom dt-pswp-item\" title=\"245590391_5022742607791268_7887770289671270364_n\" data-dt-img-description=\"\" data-large_image_width=\"627\" data-large_image_height=\"403\"href='https:\/\/www.radiopiu.net\/wordpress\/wp-content\/uploads\/2021\/10\/245590391_5022742607791268_7887770289671270364_n.jpg'><img loading=\"lazy\" decoding=\"async\" width=\"150\" height=\"150\" src=\"https:\/\/www.radiopiu.net\/wordpress\/wp-content\/uploads\/2021\/10\/245590391_5022742607791268_7887770289671270364_n-150x150.jpg\" class=\"attachment-thumbnail size-thumbnail\" alt=\"\" \/><\/a>\n\t\t\t\t<\/dt><\/dl><dl class='gallery-item'>\n\t\t\t\t<dt class='gallery-icon landscape'>\n\t\t\t\t\t<a class=\"rollover rollover-zoom dt-pswp-item\" title=\"245645874_930794384198812_6938890679222783995_n\" data-dt-img-description=\"\" data-large_image_width=\"544\" data-large_image_height=\"403\"href='https:\/\/www.radiopiu.net\/wordpress\/wp-content\/uploads\/2021\/10\/245645874_930794384198812_6938890679222783995_n.jpg'><img loading=\"lazy\" decoding=\"async\" width=\"150\" height=\"150\" src=\"https:\/\/www.radiopiu.net\/wordpress\/wp-content\/uploads\/2021\/10\/245645874_930794384198812_6938890679222783995_n-150x150.jpg\" class=\"attachment-thumbnail size-thumbnail\" alt=\"\" \/><\/a>\n\t\t\t\t<\/dt><\/dl><dl class='gallery-item'>\n\t\t\t\t<dt class='gallery-icon landscape'>\n\t\t\t\t\t<a class=\"rollover rollover-zoom dt-pswp-item\" title=\"246365257_396246678715100_3520199267499284537_n\" data-dt-img-description=\"\" data-large_image_width=\"675\" data-large_image_height=\"403\"href='https:\/\/www.radiopiu.net\/wordpress\/wp-content\/uploads\/2021\/10\/246365257_396246678715100_3520199267499284537_n.jpg'><img loading=\"lazy\" decoding=\"async\" width=\"150\" height=\"150\" src=\"https:\/\/www.radiopiu.net\/wordpress\/wp-content\/uploads\/2021\/10\/246365257_396246678715100_3520199267499284537_n-150x150.jpg\" class=\"attachment-thumbnail size-thumbnail\" alt=\"\" \/><\/a>\n\t\t\t\t<\/dt><\/dl><dl class='gallery-item'>\n\t\t\t\t<dt class='gallery-icon landscape'>\n\t\t\t\t\t<a class=\"rollover rollover-zoom dt-pswp-item\" title=\"245597849_997126937534196_4436091914956234871_n\" data-dt-img-description=\"\" data-large_image_width=\"710\" data-large_image_height=\"403\"href='https:\/\/www.radiopiu.net\/wordpress\/wp-content\/uploads\/2021\/10\/245597849_997126937534196_4436091914956234871_n.jpg'><img loading=\"lazy\" decoding=\"async\" width=\"150\" height=\"150\" src=\"https:\/\/www.radiopiu.net\/wordpress\/wp-content\/uploads\/2021\/10\/245597849_997126937534196_4436091914956234871_n-150x150.jpg\" class=\"attachment-thumbnail size-thumbnail\" alt=\"\" \/><\/a>\n\t\t\t\t<\/dt><\/dl><dl class='gallery-item'>\n\t\t\t\t<dt class='gallery-icon landscape'>\n\t\t\t\t\t<a class=\"rollover rollover-zoom dt-pswp-item\" title=\"246182018_229909939203022_1145249432293195070_n\" data-dt-img-description=\"\" data-large_image_width=\"649\" data-large_image_height=\"403\"href='https:\/\/www.radiopiu.net\/wordpress\/wp-content\/uploads\/2021\/10\/246182018_229909939203022_1145249432293195070_n.jpg'><img loading=\"lazy\" decoding=\"async\" width=\"150\" height=\"150\" src=\"https:\/\/www.radiopiu.net\/wordpress\/wp-content\/uploads\/2021\/10\/246182018_229909939203022_1145249432293195070_n-150x150.jpg\" class=\"attachment-thumbnail size-thumbnail\" alt=\"\" \/><\/a>\n\t\t\t\t<\/dt><\/dl><br style=\"clear: both\" \/>\n\t\t\t<\/div>\n\n<p>&nbsp;<\/p>\n<p>NELLE FOTO (riproduzioni dal libro di Mario De Nale: \u201cCansiglio. \u2018Terra Cimbria\u2019\u201d): il villaggio di Campon nel primo, secondo ( con la \u201cferrettina\u201d a rotaie per la condotta del legname da Pian Rosada a Palughetto) e terzo periodo; il villaggio Le Rotte nel primo e secondo periodo; il villaggio di Pian Osteria nel primo, secondo e terzo periodo; villaggio di Vallorch nel primo, quarto, quinto e settimo periodo (con casone di tipo edilizio \u201cvillereccio\u201d allemannico); villaggio di Canaie nel primo (da sinistra l\u2019Osteria di Costante Gandin, la casa del figlio Luigi e quella della figlia Emma alla finestra), secondo (ancora la casa di Gandin col quale convive il figlio Amedeo; l\u2019osteria e quella di Luigi ed Emma) e terzo periodo; villaggio di Pich nel primo, secondo e terzo periodo.<\/p>\n<p>&nbsp;<\/p>\n<p>&nbsp;<\/p>\n<hr \/>\n<p>&nbsp;<\/p>\n<h1><span style=\"color: #ff0000;\">IERI ALLA RADIO<\/span><\/h1>\n<h2><span style=\"color: #008000;\">DUE MINUTI PER TE<\/span><\/h2>\n<p><strong><a href=\"https:\/\/www.radiopiu.net\/wordpress\/laugurio-di-monsignor-giorgio-lise-agli-agordini\/don-giorgio-lise\/\" rel=\"attachment wp-att-177420\"><img loading=\"lazy\" decoding=\"async\" class=\"size-medium wp-image-177420 alignleft\" src=\"https:\/\/www.radiopiu.net\/wordpress\/wp-content\/uploads\/2020\/12\/DON-GIORGIO-LISE-300x169.jpg\" alt=\"\" width=\"300\" height=\"169\" srcset=\"https:\/\/www.radiopiu.net\/wordpress\/wp-content\/uploads\/2020\/12\/DON-GIORGIO-LISE-300x169.jpg 300w, https:\/\/www.radiopiu.net\/wordpress\/wp-content\/uploads\/2020\/12\/DON-GIORGIO-LISE-1024x577.jpg 1024w, https:\/\/www.radiopiu.net\/wordpress\/wp-content\/uploads\/2020\/12\/DON-GIORGIO-LISE-768x432.jpg 768w, https:\/\/www.radiopiu.net\/wordpress\/wp-content\/uploads\/2020\/12\/DON-GIORGIO-LISE-1536x865.jpg 1536w, https:\/\/www.radiopiu.net\/wordpress\/wp-content\/uploads\/2020\/12\/DON-GIORGIO-LISE.jpg 1600w\" sizes=\"auto, (max-width: 300px) 100vw, 300px\" \/><\/a>APPUNTAMENTO SETTIMANALE CON MONSIGNOR GIORGIO LISE<\/strong><\/p>\n<audio class=\"wp-audio-shortcode\" id=\"audio-237325-4\" preload=\"none\" style=\"width: 100%;\" controls=\"controls\"><source type=\"audio\/mpeg\" src=\"https:\/\/www.radiopiu.net\/wordpress\/wp-content\/uploads\/2021\/10\/DON-GIORGIO.mp3?_=4\" \/><a href=\"https:\/\/www.radiopiu.net\/wordpress\/wp-content\/uploads\/2021\/10\/DON-GIORGIO.mp3\">https:\/\/www.radiopiu.net\/wordpress\/wp-content\/uploads\/2021\/10\/DON-GIORGIO.mp3<\/a><\/audio>\n<p>&nbsp;<\/p>\n<blockquote>\n<h3>NEL RICORDO DI DON ALBINO, PAPA LUCIANI<\/h3>\n<\/blockquote>\n<audio class=\"wp-audio-shortcode\" id=\"audio-237325-5\" preload=\"none\" style=\"width: 100%;\" controls=\"controls\"><source type=\"audio\/mpeg\" src=\"https:\/\/www.radiopiu.net\/wordpress\/wp-content\/uploads\/2021\/10\/don-giorgio.mp3?_=5\" \/><a href=\"https:\/\/www.radiopiu.net\/wordpress\/wp-content\/uploads\/2021\/10\/don-giorgio.mp3\">https:\/\/www.radiopiu.net\/wordpress\/wp-content\/uploads\/2021\/10\/don-giorgio.mp3<\/a><\/audio>\n<p>&nbsp;<\/p>\n<p>&nbsp;<\/p>\n<hr \/>\n<p>&nbsp;<\/p>\n<p>&nbsp;<\/p>\n<h2><span style=\"color: #3366ff;\">LA RASSEGNA STAMPA DA L&#8217;AMICO DEL POPOLO<\/span><\/h2>\n<p><strong>PUNTATA DEL 16 OTTOBRE 2021<\/strong><\/p>\n<p><strong><a href=\"https:\/\/www.radiopiu.net\/wordpress\/la-rassegna-stampa-da-lamico-del-popolo-16-ottobre-2021\/don-sandro-de-gasperi\/\" rel=\"attachment wp-att-237333\"><img loading=\"lazy\" decoding=\"async\" class=\" wp-image-237333 alignleft\" src=\"https:\/\/www.radiopiu.net\/wordpress\/wp-content\/uploads\/2021\/10\/DON-SANDRO-DE-GASPERI-300x265.jpg\" alt=\"\" width=\"162\" height=\"143\" srcset=\"https:\/\/www.radiopiu.net\/wordpress\/wp-content\/uploads\/2021\/10\/DON-SANDRO-DE-GASPERI-300x265.jpg 300w, https:\/\/www.radiopiu.net\/wordpress\/wp-content\/uploads\/2021\/10\/DON-SANDRO-DE-GASPERI.jpg 512w\" sizes=\"auto, (max-width: 162px) 100vw, 162px\" \/><\/a>di Gianni Santomaso<\/strong><\/p>\n<p>OSPITE: Don Sandro De Gasperi<\/p>\n<audio class=\"wp-audio-shortcode\" id=\"audio-237325-6\" preload=\"none\" style=\"width: 100%;\" controls=\"controls\"><source type=\"audio\/mpeg\" src=\"https:\/\/www.radiopiu.net\/wordpress\/wp-content\/uploads\/2021\/10\/RASSEGNA-GIANNI-2.mp3?_=6\" \/><a href=\"https:\/\/www.radiopiu.net\/wordpress\/wp-content\/uploads\/2021\/10\/RASSEGNA-GIANNI-2.mp3\">https:\/\/www.radiopiu.net\/wordpress\/wp-content\/uploads\/2021\/10\/RASSEGNA-GIANNI-2.mp3<\/a><\/audio>\n<p>&nbsp;<\/p>\n<blockquote class=\"wp-embedded-content\" data-secret=\"g18CNWGJXC\"><p><a href=\"https:\/\/www.radiopiu.net\/wordpress\/rassegna-stampa-di-gianni-santomaso\/\">Rassegna stampa da l&#8217;amico del popolo &#8211; di Gianni Santomaso<\/a><\/p><\/blockquote>\n<p><iframe loading=\"lazy\" class=\"wp-embedded-content\" sandbox=\"allow-scripts\" security=\"restricted\" style=\"position: absolute; clip: rect(1px, 1px, 1px, 1px);\" title=\"&#8220;Rassegna stampa da l&#8217;amico del popolo &#8211; di Gianni Santomaso&#8221; &#8212; Radio Pi\u00f9\" src=\"https:\/\/www.radiopiu.net\/wordpress\/rassegna-stampa-di-gianni-santomaso\/embed\/#?secret=g18CNWGJXC\" data-secret=\"g18CNWGJXC\" width=\"600\" height=\"338\" frameborder=\"0\" marginwidth=\"0\" marginheight=\"0\" scrolling=\"no\"><\/iframe><\/p>\n<p>&nbsp;<\/p>\n<hr \/>\n<p>&nbsp;<\/p>\n<p>&nbsp;<\/p>\n<hr \/>\n<p>&nbsp;<\/p>\n<p>&nbsp;<\/p>\n<div>\n<div class=\"b654a4as d2edcug0\">\n<div class=\"rq0escxv hkbzh7o3 jwdofwj8 n8tt0mok r8blr3vg hyh9befq\">\n<p><a class=\"dt-pswp-item\" href=\"https:\/\/www.radiopiu.net\/wordpress\/wp-content\/uploads\/2020\/10\/pp.jpg\" data-dt-img-description=\"\" data-large_image_width=\"640\" data-large_image_height=\"640\"><img loading=\"lazy\" decoding=\"async\" class=\"wp-image-163678 alignleft\" src=\"https:\/\/www.radiopiu.net\/wordpress\/wp-content\/uploads\/2020\/10\/pp-300x300.jpg\" alt=\"\" width=\"106\" height=\"106\" srcset=\"https:\/\/www.radiopiu.net\/wordpress\/wp-content\/uploads\/2020\/10\/pp-300x300.jpg 300w, https:\/\/www.radiopiu.net\/wordpress\/wp-content\/uploads\/2020\/10\/pp-150x150.jpg 150w, https:\/\/www.radiopiu.net\/wordpress\/wp-content\/uploads\/2020\/10\/pp-125x125.jpg 125w, https:\/\/www.radiopiu.net\/wordpress\/wp-content\/uploads\/2020\/10\/pp-200x200.jpg 200w, https:\/\/www.radiopiu.net\/wordpress\/wp-content\/uploads\/2020\/10\/pp-80x80.jpg 80w, https:\/\/www.radiopiu.net\/wordpress\/wp-content\/uploads\/2020\/10\/pp-480x480.jpg 480w, https:\/\/www.radiopiu.net\/wordpress\/wp-content\/uploads\/2020\/10\/pp.jpg 640w\" sizes=\"auto, (max-width: 106px) 100vw, 106px\" \/><\/a><\/p>\n<\/div>\n<\/div>\n<\/div>\n<div>\n<div class=\"page-title-head hgroup\">\n<div class=\"page-title-head hgroup\">\n<div class=\"b654a4as d2edcug0\">\n<div class=\"j83agx80 btwxx1t3 lhclo0ds hop8lmos nkwizq5d scwd0bx6 roh60bw9\">\n<div class=\"rq0escxv hkbzh7o3 jwdofwj8 n8tt0mok r8blr3vg hyh9befq\">\n<div class=\"do00u71z l9j0dhe7 k4urcfbm\">\n<h2><span style=\"color: #000080;\">DON CESARE, IL PENSIERO DEL GIORNO. ALLA RADIO ALLE 7 DEL MATTINO E ALLE 19.30 DELLA SERA.\u00a0\u00a0<\/span><\/h2>\n<p>&nbsp;<\/p>\n<audio class=\"wp-audio-shortcode\" id=\"audio-237325-7\" preload=\"none\" style=\"width: 100%;\" controls=\"controls\"><source type=\"audio\/mpeg\" src=\"https:\/\/www.radiopiu.net\/wordpress\/wp-content\/uploads\/2021\/10\/CESARE-10.mp3?_=7\" \/><a href=\"https:\/\/www.radiopiu.net\/wordpress\/wp-content\/uploads\/2021\/10\/CESARE-10.mp3\">https:\/\/www.radiopiu.net\/wordpress\/wp-content\/uploads\/2021\/10\/CESARE-10.mp3<\/a><\/audio>\n<p>&nbsp;<\/p>\n<p>&nbsp;<\/p>\n<p>&nbsp;<\/p>\n<hr \/>\n<p>&nbsp;<\/p>\n<div>\n<div>\n<h3 class=\"kvgmc6g5 cxmmr5t8 oygrvhab hcukyx3x c1et5uql\"><span style=\"color: #0000ff;\">INFORMAZIONE il canale su TELEGRAM informazione di prima mano e in tempo reale. iscriviti ed aiutaci a farlo conoscere\u00a0\u00a0<\/span><\/h3>\n<\/div>\n<div>\n<div class=\"page-title-head hgroup\">\n<div class=\"page-title-head hgroup\">\n<div class=\"page-title-head hgroup\">\n<div class=\"page-title-head hgroup\">\n<div class=\"b654a4as d2edcug0\">\n<div class=\"page-title-head hgroup\">\n<div class=\"page-title-head hgroup\">\n<div class=\"page-title-head hgroup\">\n<div class=\"page-title-head hgroup\">\n<div class=\"b654a4as d2edcug0\">\n<div>\n<p>&nbsp;<\/p>\n<\/div>\n<div>\n<div class=\"page-title-head hgroup\">\n<div class=\"page-title-head hgroup\">\n<div class=\"page-title-head hgroup\">\n<div class=\"page-title-head hgroup\">\n<div class=\"page-title-head hgroup\">\n<div class=\"b654a4as d2edcug0\">\n<div>\n<hr \/>\n<\/div>\n<\/div>\n<div>\n<p><strong>\u00a0<\/strong><\/p>\n<div>\n<p><strong>DUE MINUTI UN LIBRO, TUTTI I GIORNI ALLA RADIO ALLE 9.40 E ALLE 17.50<\/strong><\/p>\n<p><strong>LA RACCOLTA COMPLETA\u00a0\u00a0<\/strong><\/p>\n<\/div>\n<div>\n<blockquote class=\"wp-embedded-content\" data-secret=\"Hv2Ed18UkE\"><p><a href=\"https:\/\/www.radiopiu.net\/wordpress\/due-minuti-un-libro\/\">Due minuti un libro<\/a><\/p><\/blockquote>\n<p><iframe loading=\"lazy\" class=\"wp-embedded-content\" sandbox=\"allow-scripts\" security=\"restricted\" style=\"position: absolute; clip: rect(1px, 1px, 1px, 1px);\" title=\"&#8220;Due minuti un libro&#8221; &#8212; Radio Pi\u00f9\" src=\"https:\/\/www.radiopiu.net\/wordpress\/due-minuti-un-libro\/embed\/#?secret=Hv2Ed18UkE\" data-secret=\"Hv2Ed18UkE\" width=\"600\" height=\"338\" frameborder=\"0\" marginwidth=\"0\" marginheight=\"0\" scrolling=\"no\"><\/iframe><\/p>\n<p>&nbsp;<\/p>\n<\/div>\n<\/div>\n<div>\n<p>&nbsp;<\/p>\n<\/div>\n<div class=\"mkdf-post-text\">\n<div class=\"mkdf-post-text-inner\">\n<div class=\"mkdf-post-text-main\">\n<div class=\"mkdf-post-text\">\n<div class=\"mkdf-post-text-inner\">\n<div class=\"mkdf-post-text-main\">\n<div class=\"mkdf-post-text\">\n<div class=\"mkdf-post-text-inner\">\n<div class=\"mkdf-post-text-main\">\n<div class=\"page-title-head hgroup\">\n<div class=\"page-title-head hgroup\">\n<div class=\"mkdf-post-text\">\n<div class=\"mkdf-post-text-inner\">\n<div class=\"mkdf-post-text-main\">\n<div class=\"mkdf-post-text\">\n<div class=\"mkdf-post-text-inner\">\n<div class=\"mkdf-post-text-main\">\n<div class=\"page-title-head hgroup\">\n<div class=\"page-title-head hgroup\">\n<div class=\"page-title-head hgroup\">\n<div class=\"page-title-head hgroup\">\n<div class=\"b654a4as d2edcug0\">\n<div class=\"page-title-head hgroup\">\n<div class=\"page-title-head hgroup\">\n<div class=\"page-title-head hgroup\">\n<div class=\"page-title-head hgroup\">\n<div class=\"b654a4as d2edcug0\">\n<div class=\"page-title-head hgroup\">\n<div class=\"page-title-head hgroup\">\n<div class=\"page-title-head hgroup\">\n<div class=\"page-title-head hgroup\">\n<div class=\"b654a4as d2edcug0\">\n<div><\/div>\n<div>\n<hr \/>\n<\/div>\n<div><\/div>\n<div>\n<h2><span style=\"color: #3366ff;\">GIROVAGANDO ALLA RADIO<\/span><\/h2>\n<blockquote class=\"wp-embedded-content\" data-secret=\"bBdZbg0gyu\"><p><a href=\"https:\/\/www.radiopiu.net\/wordpress\/girovagando-in-e-bike-tra-le-dolomiti\/\">GIROVAGANDO IN E BIKE TRA LE DOLOMITI<\/a><\/p><\/blockquote>\n<p><iframe loading=\"lazy\" class=\"wp-embedded-content\" sandbox=\"allow-scripts\" security=\"restricted\" style=\"position: absolute; clip: rect(1px, 1px, 1px, 1px);\" title=\"&#8220;GIROVAGANDO IN E BIKE TRA LE DOLOMITI&#8221; &#8212; Radio Pi\u00f9\" src=\"https:\/\/www.radiopiu.net\/wordpress\/girovagando-in-e-bike-tra-le-dolomiti\/embed\/#?secret=bBdZbg0gyu\" data-secret=\"bBdZbg0gyu\" width=\"600\" height=\"338\" frameborder=\"0\" marginwidth=\"0\" marginheight=\"0\" scrolling=\"no\"><\/iframe><\/p>\n<p>&nbsp;<\/p>\n<hr \/>\n<p>&nbsp;<\/p>\n<p>&nbsp;<\/p>\n<\/div>\n<h2><span style=\"color: #800080;\">I RACCONTI DI PAOLO SOPPELSA<\/span><\/h2>\n<div>\n<blockquote class=\"wp-embedded-content\" data-secret=\"rmYzHa93oK\"><p><a href=\"https:\/\/www.radiopiu.net\/wordpress\/i-racconti-di-paolo-soppelsa\/\">I racconti di Paolo Soppelsa<\/a><\/p><\/blockquote>\n<p><iframe loading=\"lazy\" class=\"wp-embedded-content\" sandbox=\"allow-scripts\" security=\"restricted\" style=\"position: absolute; clip: rect(1px, 1px, 1px, 1px);\" title=\"&#8220;I racconti di Paolo Soppelsa&#8221; &#8212; Radio Pi\u00f9\" src=\"https:\/\/www.radiopiu.net\/wordpress\/i-racconti-di-paolo-soppelsa\/embed\/#?secret=rmYzHa93oK\" data-secret=\"rmYzHa93oK\" width=\"600\" height=\"338\" frameborder=\"0\" marginwidth=\"0\" marginheight=\"0\" scrolling=\"no\"><\/iframe><\/p>\n<p>&nbsp;<\/p>\n<hr \/>\n<p>&nbsp;<\/p>\n<p>&nbsp;<\/p>\n<h2><span style=\"color: #808000;\">L&#8217;ALMANACCO LADINO\u00a0 <\/span><\/h2>\n<p><strong>LA RACCOLTA<\/strong><\/p>\n<blockquote class=\"wp-embedded-content\" data-secret=\"7mXNiHu7Tr\"><p><a href=\"https:\/\/www.radiopiu.net\/wordpress\/almanacco-ladino\/\">Almanacco Ladino<\/a><\/p><\/blockquote>\n<p><iframe loading=\"lazy\" class=\"wp-embedded-content\" sandbox=\"allow-scripts\" security=\"restricted\" style=\"position: absolute; clip: rect(1px, 1px, 1px, 1px);\" title=\"&#8220;Almanacco Ladino&#8221; &#8212; Radio Pi\u00f9\" src=\"https:\/\/www.radiopiu.net\/wordpress\/almanacco-ladino\/embed\/#?secret=7mXNiHu7Tr\" data-secret=\"7mXNiHu7Tr\" width=\"600\" height=\"338\" frameborder=\"0\" marginwidth=\"0\" marginheight=\"0\" scrolling=\"no\"><\/iframe><\/p>\n<p>&nbsp;<\/p>\n<\/div>\n<div>\n<p>&nbsp;<\/p>\n<p>&nbsp;<\/p>\n<\/div>\n<p>&nbsp;<\/p>\n<div>\n<hr \/>\n<p>&nbsp;<\/p>\n<p><a href=\"https:\/\/www.radiopiu.net\/wordpress\/giornale-radiopiu-26-settembre-2018-direttore-mirko-mezzacasa\/viabilita-2\/\" rel=\"attachment wp-att-61954\"><img loading=\"lazy\" decoding=\"async\" class=\"wp-image-61954 size-full aligncenter\" src=\"https:\/\/www.radiopiu.net\/wordpress\/wp-content\/uploads\/2018\/09\/viabilita.jpeg\" alt=\"\" width=\"800\" height=\"100\" srcset=\"https:\/\/www.radiopiu.net\/wordpress\/wp-content\/uploads\/2018\/09\/viabilita.jpeg 800w, https:\/\/www.radiopiu.net\/wordpress\/wp-content\/uploads\/2018\/09\/viabilita-300x38.jpeg 300w, https:\/\/www.radiopiu.net\/wordpress\/wp-content\/uploads\/2018\/09\/viabilita-768x96.jpeg 768w\" sizes=\"auto, (max-width: 800px) 100vw, 800px\" \/><\/a><\/p>\n<p>&nbsp;<\/p>\n<p><strong><a href=\"https:\/\/www.radiopiu.net\/wordpress\/veneto-strade-interdizione-al-traffico\/veneto-strade-2\/\" rel=\"attachment wp-att-135574\"><img loading=\"lazy\" decoding=\"async\" class=\"wp-image-135574 alignleft\" src=\"https:\/\/www.radiopiu.net\/wordpress\/wp-content\/uploads\/2020\/05\/VENETO-STRADE-300x300.png\" alt=\"\" width=\"100\" height=\"100\" srcset=\"https:\/\/www.radiopiu.net\/wordpress\/wp-content\/uploads\/2020\/05\/VENETO-STRADE-300x300.png 300w, https:\/\/www.radiopiu.net\/wordpress\/wp-content\/uploads\/2020\/05\/VENETO-STRADE-150x150.png 150w, https:\/\/www.radiopiu.net\/wordpress\/wp-content\/uploads\/2020\/05\/VENETO-STRADE.png 400w\" sizes=\"auto, (max-width: 100px) 100vw, 100px\" \/><\/a><\/strong><strong>PROVINCIALE 563 DI SALESEI<\/strong> fino al 18 ottobre interruzioni della durata massima di 20 minuti<\/p>\n<p><strong>REGIONALE 48 DELLE DOLOMITI PASSO FALZAREGO<\/strong>\u00a0 fino\u00a0 al 26 novembre interruzioni della durata massima di 15 minuti in localit\u00e0 Pian di Falzarego <strong>REGIONALE 48 DOLOMITI<\/strong> dall&#8217;11 ottobre al 3 dicembre senso unico localit\u00e0 Andraz. <strong>PROVINCIALE 638<\/strong> Passo Giau fino\u00a0 al 19 ottobre senso unico alternato tratti di 300 metri<\/p>\n<p>&nbsp;<\/p>\n<hr \/>\n<p>&nbsp;<\/p>\n<\/div>\n<\/div>\n<\/div>\n<\/div>\n<\/div>\n<\/div>\n<\/div>\n<\/div>\n<\/div>\n<\/div>\n<\/div>\n<\/div>\n<\/div>\n<\/div>\n<\/div>\n<\/div>\n<\/div>\n<\/div>\n<\/div>\n<\/div>\n<\/div>\n<\/div>\n<\/div>\n<\/div>\n<\/div>\n<\/div>\n<\/div>\n<\/div>\n<\/div>\n<\/div>\n<\/div>\n<\/div>\n<\/div>\n<\/div>\n<\/div>\n<\/div>\n<\/div>\n<\/div>\n<\/div>\n<\/div>\n<\/div>\n<\/div>\n<\/div>\n<\/div>\n<\/div>\n<\/div>\n<\/div>\n<\/div>\n<\/div>\n<\/div>\n<\/div>\n<div>\n<div class=\"page-title-head hgroup\">\n<div class=\"page-title-head hgroup\">\n<div class=\"page-title-head hgroup\">\n<div class=\"page-title-head hgroup\">\n<div class=\"b654a4as d2edcug0\">\n<div class=\"page-title-head hgroup\">\n<div class=\"page-title-head hgroup\">\n<div class=\"page-title-head hgroup\">\n<div class=\"page-title-head hgroup\">\n<div class=\"b654a4as d2edcug0\">\n<div class=\"page-title-head hgroup\">\n<div class=\"page-title-head hgroup\">\n<div class=\"page-title-head hgroup\">\n<div class=\"page-title-head hgroup\">\n<div class=\"page-title-head hgroup\">\n<div class=\"mkdf-post-text\">\n<div class=\"mkdf-post-text-inner\">\n<div class=\"mkdf-post-text-main\">\n<div class=\"mkdf-post-text\">\n<div class=\"mkdf-post-text-inner\">\n<div class=\"mkdf-post-text-main\">\n<div class=\"mkdf-post-text\">\n<div class=\"mkdf-post-text-inner\">\n<div class=\"mkdf-post-text-main\">\n<div class=\"page-title-head hgroup\">\n<div class=\"page-title-head hgroup\">\n<div class=\"mkdf-post-text\">\n<div class=\"mkdf-post-text-inner\">\n<div class=\"mkdf-post-text-main\">\n<div class=\"mkdf-post-text\">\n<div class=\"mkdf-post-text-inner\">\n<div class=\"mkdf-post-text-main\">\n<div>\n<div class=\"page-title-head hgroup\">\n<div class=\"page-title-head hgroup\">\n<div>\n<div class=\"page-title-head hgroup\">\n<div class=\"page-title-head hgroup\">\n<div class=\"b654a4as d2edcug0\">\n<div>\n<div class=\"page-title-head hgroup\" style=\"text-align: left;\">\n<div class=\"page-title-head hgroup\">\n<div dir=\"auto\">\n<p><a class=\"dt-pswp-item pspw-wrap-ready\" href=\"https:\/\/i0.wp.com\/www.radiopiu.net\/wordpress\/wp-content\/uploads\/2018\/09\/WhatsApp-Image-2018-09-20-at-16.04.06.jpeg?ssl=1\" data-dt-img-description=\"\" data-large_image_width=\"800\" data-large_image_height=\"100\"><img loading=\"lazy\" decoding=\"async\" class=\"aligncenter wp-image-61378 size-full jetpack-lazy-image jetpack-lazy-image--handled\" src=\"https:\/\/i0.wp.com\/www.radiopiu.net\/wordpress\/wp-content\/uploads\/2018\/09\/WhatsApp-Image-2018-09-20-at-16.04.06.jpeg?resize=800%2C100&amp;ssl=1\" sizes=\"auto, (max-width: 800px) 100vw, 800px\" srcset=\"https:\/\/i0.wp.com\/www.radiopiu.net\/wordpress\/wp-content\/uploads\/2018\/09\/WhatsApp-Image-2018-09-20-at-16.04.06.jpeg?w=800&amp;ssl=1 800w, https:\/\/i0.wp.com\/www.radiopiu.net\/wordpress\/wp-content\/uploads\/2018\/09\/WhatsApp-Image-2018-09-20-at-16.04.06.jpeg?resize=300%2C38&amp;ssl=1 300w, https:\/\/i0.wp.com\/www.radiopiu.net\/wordpress\/wp-content\/uploads\/2018\/09\/WhatsApp-Image-2018-09-20-at-16.04.06.jpeg?resize=768%2C96&amp;ssl=1 768w\" alt=\"\" width=\"800\" height=\"100\" data-lazy-loaded=\"1\" \/><\/a><\/p>\n<\/div>\n<\/div>\n<\/div>\n<\/div>\n<\/div>\n<\/div>\n<\/div>\n<\/div>\n<\/div>\n<\/div>\n<\/div>\n<\/div>\n<\/div>\n<\/div>\n<\/div>\n<\/div>\n<\/div>\n<\/div>\n<\/div>\n<\/div>\n<\/div>\n<\/div>\n<\/div>\n<\/div>\n<\/div>\n<\/div>\n<\/div>\n<\/div>\n<\/div>\n<\/div>\n<\/div>\n<\/div>\n<\/div>\n<\/div>\n<\/div>\n<\/div>\n<\/div>\n<\/div>\n<\/div>\n<\/div>\n<\/div>\n<\/div>\n<\/div>\n<\/div>\n<p>&nbsp;<\/p>\n<div id=\"dolomitimeteo_div_testi\"><center><b>Lunedi 18<\/b><\/center><b>Tempo atteso: <\/b>Iniziale presenza di nubi alte mattutine, in rapido allontanamento verso sud-est lasciando spazio a tempo ben soleggiato con cielo di nuovo sereno. Da quel momento in poi il tempo risulter\u00e0 splendido con aria nitida e ottima visibilit\u00e0 ovunque. Attenuazione del fresco notturno per minore irraggiamento e accentuazione della mitezza diurna.<br \/>\n<b>Precipitazioni: <\/b>Assenti (0%).<br \/>\n<b>Temperature: <\/b>In generale lieve aumento a tutte le quote, salvo lieve flessione delle massime sulle vette dolomitiche pi\u00f9 alte. Sono previste punte di 19\/20\u00b0C nei fondovalle prealpini e di 14\/17\u00b0C a 1000\/1200 m. Su Prealpi a 1500 m min 6\u00b0C max 10\u00b0C, a 2000 m min 4\u00b0C max 7\u00b0C. Su Dolomiti a 2000 m min 3\u00b0C max 8\u00b0C, a 3000 m min -2\u00b0C max 1\u00b0C.<br \/>\n<b>Venti: <\/b>Nelle valli perlopi\u00f9 deboli per brezze, localmente e a tratti moderati nei settori solitamente pi\u00f9 ventilati; in quota deboli\/moderati da nord nord-ovest, a 5-10 km\/ha 2000 m e 15-25 km\/h a 3000 m.<\/p>\n<hr \/>\n<p><center><b>Martedi 19<\/b><\/center><b>Tempo atteso: <\/b>Tempo stabile e inizialmente ben soleggiato, ma ben presto giungeranno nubi alte in grado di velare il cielo. Le suddette nubi tenderanno ad essere estese al pomeriggio mascherando spesso il sole. Maggiore insidia nebbia nei fondovalle prealpini durante le ore pi\u00f9 fredde. Contesto meno fresco di notte e ancora assai mite di giorno, nonostante il deficit di sole per la presenza delle velature.<br \/>\n<b>Precipitazioni: <\/b>Assenti (0%).<br \/>\n<b>Temperature: <\/b>In generale ulteriore aumento (3\/4\u00b0C sopra le medie), salvo stazionariet\u00e0 delle massime nelle valli. Sono previste punte di 19\/20\u00b0C nei fondovalle prealpini e di 14\/17\u00b0C a 1000\/1200 m. Su Prealpi a 1500 m min 8\u00b0C max 11\u00b0C, a 2000 m min 6\u00b0C max 9\u00b0C. Su Dolomiti a 2000 m min 5\u00b0C max 9\u00b0C, a 3000 m min 2\u00b0C max 4\u00b0C.<br \/>\n<b>Venti: <\/b>Nelle valli perlopi\u00f9 deboli per brezze, localmente e a tratti moderati nei settori solitamente pi\u00f9 ventilati; in quota deboli\/moderati da nord-ovest, a 5-10 km\/h a 2000 m e 10-20 km\/h a 3000 m.<\/p>\n<hr \/>\n<p><center><b>Mercoledi 20<\/b><\/center>Tempo ancora stabile, ma solo parzialmente soleggiato per irregolare presenza di nubi alte e medio-alte al mattino. Probabili nebbie in alcune depressioni prealpine durante le ore pi\u00f9 fredde, in rapido dissolvimento. Al pomeriggio intensificazione della nuvolosit\u00e0. Temperature in aumento e ben superiori alle medie del periodo in quota, mentre il deficit di sole determiner\u00e0 un calo delle massime nelle valli. Venti deboli\/moderati da sud-ovest in quota, anche tesi nel tardo pomeriggio\/sera sulle vette pi\u00f9 alte; perlopi\u00f9 deboli per brezze nelle valli, localmente e a tratti moderati.<\/p>\n<hr \/>\n<p><center><b>Giovedi 21<\/b><\/center>Lieve peggioramento del tempo con cielo coperto e prime deboli precipitazioni, gi\u00e0 al mattino. In seguito tempo perturbato con fenomeni pi\u00f9 diffusi e perlopi\u00f9 deboli, solo localmente e a tratti moderati sulle Prealpi. Il limite neve si abbasser\u00e0 dai 3000 m iniziali fino attorno a 2400\/2500 m in serata. Temperature in generale diminuzione, eccetto aumento delle minime nelle valli. Venti deboli di direzione variabile nelle valli; in quota moderati\/tesi da sud-ovest. Previsore: R.L.Th.<\/p>\n<\/div>\n<\/div>\n<\/div>\n<\/div>\n<\/div>\n<\/div>\n<\/div>\n<\/div>\n<p>&nbsp;<\/p>\n<p>&nbsp;<\/p>\n<hr \/>\n<p>&nbsp;<\/p>\n<div class=\"mkdf-post-text\">\n<div class=\"mkdf-post-text-inner\">\n<p><a href=\"https:\/\/www.radiopiu.net\/wordpress\/giornale-radiopiu-15-settembre-2018-direttore-mirko-mezzacasa\/sport-7\/\" rel=\"attachment wp-att-60761\"><img loading=\"lazy\" decoding=\"async\" class=\"wp-image-60761 size-full aligncenter\" src=\"https:\/\/www.radiopiu.net\/wordpress\/wp-content\/uploads\/2018\/09\/sport.jpg\" alt=\"\" width=\"800\" height=\"100\" srcset=\"https:\/\/www.radiopiu.net\/wordpress\/wp-content\/uploads\/2018\/09\/sport.jpg 800w, https:\/\/www.radiopiu.net\/wordpress\/wp-content\/uploads\/2018\/09\/sport-300x38.jpg 300w, https:\/\/www.radiopiu.net\/wordpress\/wp-content\/uploads\/2018\/09\/sport-768x96.jpg 768w\" sizes=\"auto, (max-width: 800px) 100vw, 800px\" \/><\/a><\/p>\n<\/div>\n<\/div>\n<p><strong>\u00a0\u00a0<\/strong><\/p>\n<p><strong><span style=\"color: #0000ff;\">MOTO<\/span> \u00a0<\/strong><\/p>\n<blockquote>\n<h3>IN ARGENTINA AXEL BASSANI ANCORA UNA VOLTA VICINO AL PODIO<\/h3>\n<p><a href=\"https:\/\/www.radiopiu.net\/wordpress\/giornale-radiopiu-18-ottobre-2021-direttore-mirko-mezzacasa\/246616449_1322143478223081_9060220338408590534_n\/\" rel=\"attachment wp-att-237497\"><img loading=\"lazy\" decoding=\"async\" class=\" wp-image-237497 alignleft\" src=\"https:\/\/www.radiopiu.net\/wordpress\/wp-content\/uploads\/2021\/10\/246616449_1322143478223081_9060220338408590534_n-300x267.jpg\" alt=\"\" width=\"218\" height=\"194\" srcset=\"https:\/\/www.radiopiu.net\/wordpress\/wp-content\/uploads\/2021\/10\/246616449_1322143478223081_9060220338408590534_n-300x267.jpg 300w, https:\/\/www.radiopiu.net\/wordpress\/wp-content\/uploads\/2021\/10\/246616449_1322143478223081_9060220338408590534_n.jpg 600w\" sizes=\"auto, (max-width: 218px) 100vw, 218px\" \/><\/a>Axel Bassani sul circuito argentino di Villicum: Terzo posto in Superpole, quinto in gara 1, quarto in Superpole Race e in gara 2.\u00a0 In attesa dell&#8217;ultimo appuntamento della Superbike mondiale dal 12 al 14 novembre in Indonesia.<br \/>\n<strong>da <span style=\"color: #ff0000;\">Passione Motogp Forever (facebook)<\/span>:\u00a0 <\/strong>Axel bassani: &#8220;Sono davvero molto felice per quanto fatto! \u00e8 stato un weekend pazzesco per me, che mi ha consentito di imparare molto da Toprak, Johnny e Scott. Questi tre piloti li considero i migliori in pista. Nella prima parte di gara ho provato a infilarmi nella bagarre e superarli, ma era difficile, anche se non impossibile. So infatti che posso provare a duellare con loro e ci prover\u00f2 nelle prossime gare, dato che oggi ne ho avuto la conferma. L\u2019obiettivo adesso \u00e8 quello di lottare per la top five in gara e se possibile vincere anche il titolo come migliore pilota indipendente. Sarebbe fantastico riuscirci in questa prima stagione di Superbike con Motocorsa\u201d.<\/p><\/blockquote>\n<p>&nbsp;<\/p>\n<p><span style=\"color: #0000ff;\"><strong>CALCIO<\/strong><\/span><\/p>\n<blockquote>\n<h3>L&#8217;AGORDINA INCAMERA ALTRI 3 PUNTI, IL KERALPEN CROLLA<\/h3>\n<\/blockquote>\n<p><strong><a href=\"https:\/\/www.radiopiu.net\/wordpress\/campionato-agordino-di-calcio-annullata-ledizione-2020\/calcio-2020\/\" rel=\"attachment wp-att-135669\"><img loading=\"lazy\" decoding=\"async\" class=\"size-medium wp-image-135669 alignleft\" src=\"https:\/\/www.radiopiu.net\/wordpress\/wp-content\/uploads\/2020\/05\/CALCIO-2020-300x165.jpg\" alt=\"\" width=\"300\" height=\"165\" srcset=\"https:\/\/www.radiopiu.net\/wordpress\/wp-content\/uploads\/2020\/05\/CALCIO-2020-300x165.jpg 300w, https:\/\/www.radiopiu.net\/wordpress\/wp-content\/uploads\/2020\/05\/CALCIO-2020-1024x565.jpg 1024w, https:\/\/www.radiopiu.net\/wordpress\/wp-content\/uploads\/2020\/05\/CALCIO-2020-768x424.jpg 768w, https:\/\/www.radiopiu.net\/wordpress\/wp-content\/uploads\/2020\/05\/CALCIO-2020-1536x847.jpg 1536w, https:\/\/www.radiopiu.net\/wordpress\/wp-content\/uploads\/2020\/05\/CALCIO-2020.jpg 1920w\" sizes=\"auto, (max-width: 300px) 100vw, 300px\" \/><\/a>SECONDA CATEGORIA GIR. T \/ AGORDINA \u2013 LENTIAI <\/strong><strong>4-3 (GOL AGORDINA: Moretti, Zannoni, 2 Fossen)<\/strong><\/p>\n<p>L\u2019Agordina incamera 3 punti contro il Lentiai dopo una sfida che ha visto gli agordini dominar in lungo e in largo il campo di Agordo. Gli ospiti giocano per 10\u2019 poi subiscono i padroni di casa che chiudono la sfida nella ripresa. Inizia bene la partita per la squadra di Agordo che dopo pochi minuti passa in vantaggio con un colpo di testa di Moretti su cross dalla destra di Cancel. Lentiai che non si fa intimidire e che ingrana la marcia giusta per creare problemi agli agordini tanto che al 9\u2019 trova la rete del pareggio con Pauletti. Le emozioni non mancano all\u2019Ivano Dorigo di Agordo e al 30\u2019 viene concesso un rigore all\u2019Agordina. Paganin viene atterrato in area e dagli 11 metri Zannoni non sbaglia. La difesa della squadra ospite sembra non essere attenta e i ragazzi di Lorenzi provano a chiudere la sfida ma la mira non \u00e8 delle migliori. La seconda frazione inizia nel migliore dei modi per l\u2019Agordina che va di nuovo a segno. Questa volta ci pensa Fossen a bucare la rete della squadra di Borgo Valbelluna. Continua a premere la compagine di Agordo che si fa pericolosa pi\u00f9 volte non lasciando spazi agli avversari. Fossen ci prova in rovesciata ma la sfera termina a lato di poco. Il poker agordino viene calato da Fossen che, lanciato da Moretti, supera il portiere con facilit\u00e0. Nel finale di gara il Lentiai accorcia le distanze ancora con Pauletti che supera Colle con un pallonetto e il rigore in pieno recupero concesso agli ospiti<\/p>\n<p>&nbsp;<\/p>\n<p><strong>GIOVANISSIMI PROVINCIALI \/ AGORDINA \u2013 DYNAMO 1-3<\/strong><\/p>\n<p>Prima sconfitta stagionale per l\u2019Agordina di De Bastiani che sul campo di Cencenighe subisce le incursioni della Dynamo. Un punteggio che non dimostra ci\u00f2 che si \u00e8 visto in campo. La partita \u00e8 stata sostanzialmente equilibrata, ma i ragazzi della Dynamo hanno giocato con maggiore determinazione ed intensit\u00e0 soprattutto sulle seconde palle e sui contrasti, atteggiamento che ha consentito ai feltrini di meritare la vittoria. L&#8217;Agordina dal canto suo non deve demoralizzarsi, ma continuare a lavorare consapevole di avere le potenzialit\u00e0 per fare meglio.<\/p>\n<p><strong>\u00a0<\/strong><\/p>\n<p><strong>ALLIEVI REGIONALI \/ FULGOR TREVIGNANO \u2013 AGORDINA 7-1<\/strong><\/p>\n<p>Una domenica da dimenticare per gli Allievi dell\u2019Agordina Calcio. In terra trevigiana i ragazzi di Agordo crollano contro la Fulgor Trevignano, una squadra di alta classifica candidata alla vittoria del campionato. Sono 7 i gol racimolati dalla compagine agordina nella trasferta a Falz\u00e8 di Treviso. Una partita a senso unico con i padroni di casa che, senza piet\u00e0, mettono a segno un gol dopo l\u2019altro. A giochi ormai fatti l\u2019unica rete dell\u2019Agordina \u00e8 a firma di Ganz. Una sconfitta da dimenticare in fretta per continuare la stagione con serenit\u00e0 abbandonando quindi la parte bassa della classifica.<\/p>\n<p>&nbsp;<\/p>\n<p><strong>JUNIORES REGIONALI \/ CADORE 1919 \u2013 AGORDINA 2-1<\/strong><\/p>\n<p>Una trasferta amara per l\u2019Agordina di Fontanive che sul campo del Cadore perde di misura dopo aver tentato il tutto per tutto per acciuffare il pareggio. La partita comincia statica, con le due squadre concentrate nel non sbilanciarsi e l\u2019Agordina riesce a palleggiare mettendo in evidenza i progressi nel controllare il possesso della palla. Se \u00e8 vero che il calcio \u00e8 fatto di episodi, per\u00f2, al 17\u2019 del primo tempo \u00e8 inaspettatamente il Cadore, con Mazzoleni a sbloccare il risultato su calcio di punizione dal limite dell\u2019area. Pensare che solo un minuto prima, al 16\u2019 era stato l\u2019agordino Gabriele Bordon a sfiorare il gol inserendosi in area ma sparando secco sul corpo del portiere. Da segnalare il gol annullato per fuorigioco a Manuel Selle al 25\u2019, il quale sarebbe valso il momentaneo pareggio. L\u2019inizio della seconda frazione di gioco porta un\u2019atmosfera diversa nell\u2019aria, che profuma di voglia di reagire da parte degli agordini e dopo alcune occasioni nate da una buona trama di gioco, Matthias Marcon sigla il suo nome sul tabellino per la quarta volta in stagione e fa 1-1. Pochi minuti pi\u00f9 tardi, un duro scontro di gioco fra un attaccante bianco-azzurro e il portiere del Cadore causa un preoccupante infortunio alla testa all\u2019estremo difensore cadorino. Dopo l\u2019intervento dell\u2019ambulanza, il match pu\u00f2 riprendere e fra la traversa del Cadore e le occasioni con Del Chin e Fa\u00e8 dell\u2019Agordina, l\u2019esito si fa incerto, almeno fino a quando al 32\u2019 Mazzoleni segna su rigore il gol che vale il 2-1 dei padroni di casa. L\u2019Agordina ci prova fino alla fine, ha alcune occasioni e colpisce anche un palo al 93\u2019, ma il risultato finale premia il Cadore.<\/p>\n<p>&nbsp;<\/p>\n<p><strong>JUNIORES PROVINCIALI \/ FIORI BARP \u2013 LIMANA rinviata<\/strong><\/p>\n<p>Partita rinviata a data da destinarsi<\/p>\n<p>&nbsp;<\/p>\n<p><strong>ECCELLENZA FEMMINILE \/ SPAL CORDOVADO \u2013 KERALPEN 7-1 (GOL KERALPEN: Sommariva)<\/strong><\/p>\n<p>Terza sconfitta su altrettante partite giocate del Keralpen. La compagine bellunese resta in fondo alla classifica dell\u2019Eccellenza femminile. Un risultato che si pu\u00f2 definire troppo largo in favore del Cordovado anche perch\u00e9 le squadre hanno giocato alla pari fino al 60\u2019, poi il Keralpen crolla. Una bella partita quella giocata in provincia di Poredenone. Le squadre si equivalgono e le occasioni non mancano da entrambi i lati. Al primo svarione difensivo del Keralpen le padrone di casa trovano la rete del vantaggio. Prima frazione che si chiude con la Spal in vantaggio dopo una lotta incentrata a centrocampo con poche azioni salienti. Nella seconda frazione la squadra di Pordenone incrementa il vantaggio con Bianco che buca per la seconda volta la rete del Keralpen. Bellunesi che rispondono subito dopo quando accorciano le distanze con Sommariva che trova il gol da posizione impossibile. Finale di gara da dimenticare per le ragazze bellunesi che nel giro di pochi minuti subiscono altre cinque marcature.<\/p>\n<p>&nbsp;<\/p>\n<p>&nbsp;<\/p>\n<hr \/>\n<p>&nbsp;<\/p>\n<p><span style=\"color: #0000ff;\"><strong>HOCKEY<\/strong><\/span><\/p>\n<blockquote>\n<h3>L&#8217;ALLEGHE CONQUISTA TRE PUNTI A MILANO CONTRO IL VARESE<\/h3>\n<\/blockquote>\n<p><strong><a href=\"https:\/\/www.radiopiu.net\/wordpress\/le-interviste-post-partita-dellamichevole-tra-alleghe-e-fassa\/alleghe-matteo-floridia\/\" rel=\"attachment wp-att-228974\"><img loading=\"lazy\" decoding=\"async\" class=\"size-medium wp-image-228974 alignleft\" src=\"https:\/\/www.radiopiu.net\/wordpress\/wp-content\/uploads\/2021\/08\/alleghe-matteo-floridia-300x234.jpg\" alt=\"\" width=\"300\" height=\"234\" srcset=\"https:\/\/www.radiopiu.net\/wordpress\/wp-content\/uploads\/2021\/08\/alleghe-matteo-floridia-300x234.jpg 300w, https:\/\/www.radiopiu.net\/wordpress\/wp-content\/uploads\/2021\/08\/alleghe-matteo-floridia-768x600.jpg 768w, https:\/\/www.radiopiu.net\/wordpress\/wp-content\/uploads\/2021\/08\/alleghe-matteo-floridia.jpg 1000w\" sizes=\"auto, (max-width: 300px) 100vw, 300px\" \/><\/a>VARESE \u2013 ALLEGHE 1-3<\/strong><\/p>\n<p>PARZIALI: 0-1, 0-1, 1-1<\/p>\n<p>GOL: Pt. 15\u201900\u201d Berger. St. 3\u201917\u201d De Toni. Tt. 6\u201924\u201d Testori, 18\u201921\u201d Piroso<\/p>\n<p>Seconda vittoria consecutiva per l\u2019Alleghe che a Milano sfrutta al meglio tutte le occasioni concesse da un Varese che per\u00f2 non ha demeritato. Buona prova delle civette che incamerano 3 punti importanti dopo la debacle di inizio campionato. Scola uomo partita per i biancorossi, bravo a salvare il risultato con dei miracoli veri e propri. Primi minuti con il Varese che si fa pericoloso ma Scola \u00e8 attento e non lascia passare un disco. Civette che provano a rispondere ma la mira non \u00e8 delle migliori. Padroni di casa che continuano a spingere ma la partita non si sblocca. Match che si anima e diventa piacevole con le due formazioni che si sfidano a viso aperto. Kiviranta sfiora il gol ma anche i lombardi non scherzano e il golie agordino \u00e8 costretto agli straordinari. Nel momento migliore del Varese, l\u2019Alleghe va a segno con Berger che devia in rete un assist di De Val servito su un vassoio d\u2019argento. Nel secondo tempo continua a premere la squadra di casa ma alla prima penalit\u00e0 le civette sfruttano al meglio il powerplay con una bordata di Edgar de Toni che si infila tra palo e portiere. Varese che prova a reagire ma Scola fa i miracoli tra i pali. Partita che si incattivisce e arbitri costretti a calmare gli animi con alcune penalit\u00e0 per entrambe le compagini. Terzo drittel con le squadre che continuano a lottare. Le occasioni non mancano e i portieri fanno la differenza. Gli agordini non demordono e chiudono la sfida all\u2019ennesima penalit\u00e0 a favore. Berger dalla distanza prova la conclusione e Testori trova la deviazione vincente sotto porta. Intanto Scola fa la differenza e ancora una volta salva il risultato sul contropiede del Varese. Nel finale di gara arriva la rete della bandiera dei padroni di casa.<\/p>\n<p>&nbsp;<\/p>\n<p>&nbsp;<\/p>\n<hr \/>\n<p>&nbsp;<\/p>\n<p><span style=\"color: #0000ff;\"><strong>VOLLEY<\/strong><\/span><\/p>\n<blockquote>\n<h3>LA DA ROLD BELLUNO PERDE 3 A 0 CONTRO MACERATA<\/h3>\n<\/blockquote>\n<p><b><a href=\"https:\/\/www.radiopiu.net\/wordpress\/giornale-radiopiu-18-ottobre-2021-direttore-mirko-mezzacasa\/la_drl_alza_il_muro\/\" rel=\"attachment wp-att-237478\"><img loading=\"lazy\" decoding=\"async\" class=\"size-medium wp-image-237478 alignleft\" src=\"https:\/\/www.radiopiu.net\/wordpress\/wp-content\/uploads\/2021\/10\/La_Drl_alza_il_muro-300x180.jpg\" alt=\"\" width=\"300\" height=\"180\" srcset=\"https:\/\/www.radiopiu.net\/wordpress\/wp-content\/uploads\/2021\/10\/La_Drl_alza_il_muro-300x180.jpg 300w, https:\/\/www.radiopiu.net\/wordpress\/wp-content\/uploads\/2021\/10\/La_Drl_alza_il_muro-1024x614.jpg 1024w, https:\/\/www.radiopiu.net\/wordpress\/wp-content\/uploads\/2021\/10\/La_Drl_alza_il_muro-768x461.jpg 768w, https:\/\/www.radiopiu.net\/wordpress\/wp-content\/uploads\/2021\/10\/La_Drl_alza_il_muro.jpg 1177w\" sizes=\"auto, (max-width: 300px) 100vw, 300px\" \/><\/a>MACERATA-DA ROLD LOGISTICS BELLUNO 3-0 (<\/b><b>25-19, 25-19, 25-18)<\/b><\/p>\n<p>Un avversario esperto, astuto, con qualit\u00e0 e fisicit\u00e0: insomma, una corazzata. Quella stessa corazzata che la <b>Da Rold Logistics<\/b> guarda dritta negli occhi per gran parte del confronto. A Macerata, di fronte alla Med Store Tunit, i bellunesi meritano solo apprezzamenti. Non spremono punti, n\u00e9 set. Ma fanno il pieno di autostima e consapevolezza. Anche perch\u00e9 interpretano alla grande il fondamentale del muro. Tanto \u00e8 vero che gli attacchi avversari rispediti al mittente saranno pi\u00f9 del doppio rispetto a quelli dei marchigiani. E Dennis &#8211; il pericolo pubblico numero uno &#8211; ha inciso, ma non \u00e8 stato devastante come nel debutto di Pordenone. Ergo, i motivi per cui sorridere non mancano.<span class=\"gmail-Apple-converted-space\">\u00a0<\/span><\/p>\n<p>&nbsp;<\/p>\n<p>&nbsp;<\/p>\n<hr \/>\n<p>&nbsp;<\/p>\n<blockquote>\n<h3>LE LUPE SFIORANO L&#8217;IMPRESA AL DEBUTTO<\/h3>\n<\/blockquote>\n<p><b><a href=\"https:\/\/www.radiopiu.net\/wordpress\/giornale-radiopiu-18-ottobre-2021-direttore-mirko-mezzacasa\/belluno_femminile_a_san_giovanni_natisone\/\" rel=\"attachment wp-att-237479\"><img loading=\"lazy\" decoding=\"async\" class=\"size-medium wp-image-237479 alignleft\" src=\"https:\/\/www.radiopiu.net\/wordpress\/wp-content\/uploads\/2021\/10\/Belluno_femminile_a_San_Giovanni_Natisone-300x139.jpg\" alt=\"\" width=\"300\" height=\"139\" srcset=\"https:\/\/www.radiopiu.net\/wordpress\/wp-content\/uploads\/2021\/10\/Belluno_femminile_a_San_Giovanni_Natisone-300x139.jpg 300w, https:\/\/www.radiopiu.net\/wordpress\/wp-content\/uploads\/2021\/10\/Belluno_femminile_a_San_Giovanni_Natisone-1024x473.jpg 1024w, https:\/\/www.radiopiu.net\/wordpress\/wp-content\/uploads\/2021\/10\/Belluno_femminile_a_San_Giovanni_Natisone-768x355.jpg 768w, https:\/\/www.radiopiu.net\/wordpress\/wp-content\/uploads\/2021\/10\/Belluno_femminile_a_San_Giovanni_Natisone-1536x709.jpg 1536w, https:\/\/www.radiopiu.net\/wordpress\/wp-content\/uploads\/2021\/10\/Belluno_femminile_a_San_Giovanni_Natisone.jpg 1600w\" sizes=\"auto, (max-width: 300px) 100vw, 300px\" \/><\/a>ESTVOLLEY &#8211; PALLAVOLO BELLUNO 3-2<\/b><strong><span class=\"gmail-Apple-converted-space\"> (<\/span>25-17, 25-16, 28-30, 19-25, 16-14)<\/strong><\/p>\n<p>Che carattere, ragazze. E che rimonta, a San Giovanni Natisone.<span class=\"gmail-Apple-converted-space\"> \u00a0<\/span>Una rimonta da urlo, quando tutto sembrava ormai irrimediabilmente compromesso, nel debutto del campionato femminile di B2.\u00a0 Ma le lupe hanno cuore, grinta, personalit\u00e0. E, dopo essersi ritrovate sotto 2-0 nel conto dei set, ritrovano la strada maestra e risalgono. Prima strappando con le unghie, e ai vantaggi, il terzo round, chiuso con un eloquente 30-28. Poi sfoderando un quarto parziale enciclopedico, in cui le bellunesi non sbagliano pressoch\u00e9 nulla.<\/p>\n<p>&nbsp;<\/p>\n<p>&nbsp;<\/p>\n<hr \/>\n<p>&nbsp;<\/p>\n<blockquote>\n<h3>PRIMA SCONFITTA PER IL VOLLEY CLUB AGORDINO<\/h3>\n<\/blockquote>\n<p><strong><a href=\"https:\/\/www.radiopiu.net\/wordpress\/due-sconfitte-per-il-settore-giovanile-del-volley-club-agordino\/volley-2021\/\" rel=\"attachment wp-att-207180\"><img loading=\"lazy\" decoding=\"async\" class=\"size-medium wp-image-207180 alignleft\" src=\"https:\/\/www.radiopiu.net\/wordpress\/wp-content\/uploads\/2021\/05\/volley-2021-300x175.jpg\" alt=\"\" width=\"300\" height=\"175\" srcset=\"https:\/\/www.radiopiu.net\/wordpress\/wp-content\/uploads\/2021\/05\/volley-2021-300x175.jpg 300w, https:\/\/www.radiopiu.net\/wordpress\/wp-content\/uploads\/2021\/05\/volley-2021-768x449.jpg 768w, https:\/\/www.radiopiu.net\/wordpress\/wp-content\/uploads\/2021\/05\/volley-2021.jpg 770w\" sizes=\"auto, (max-width: 300px) 100vw, 300px\" \/><\/a>SANTA GIUSTINA &#8211; VOLLEY CLUB AGORDINO 3-2 (25-17, 21-25, 23-25, 25-9, 15-12)<\/strong><\/p>\n<p>Prima trasferta per il Volley Club Agordino e prima sconfitta in campionato. La formazione agordina che partecipa al Campionato di Seconda Divisione ha esordito contro il Santa Giustina. Non inizia nel migliore dei modi la sfida per le ragazze di Agordo che perdono il primo set. Nella seconda frazione la reazione delle agordine che riescono a pareggiare i conti e poi portarsi avanti nel terzo parziale. Costa caro un crollo nella quarta frazione con il Santa Giustina che fa la voce grossa portando al tie break la sfida. Nel set decisivo si lotta punto a punto ma ad avere la meglio sono le padrone di casa.<\/p>\n<p>&nbsp;<\/p>\n<p>&nbsp;<\/p>\n<hr \/>\n<p>&nbsp;<\/p>\n<p><span style=\"color: #0000ff;\"><strong>TRIATHLON<\/strong><\/span><\/p>\n<blockquote>\n<h3>OTTIMI RISULTATI PER GLI AGORDINI NEL TRIATHLON DI PIAN LONGHI<\/h3>\n<\/blockquote>\n<p><strong><a href=\"https:\/\/www.radiopiu.net\/wordpress\/ottimi-risultati-per-gli-agordini-nel-triathlon-di-pian-longhi\/e0d150bc-9f31-468a-b90f-28e3aa3a2f08\/\" rel=\"attachment wp-att-237400\"><img loading=\"lazy\" decoding=\"async\" class=\"size-medium wp-image-237400 alignleft\" src=\"https:\/\/www.radiopiu.net\/wordpress\/wp-content\/uploads\/2021\/10\/e0d150bc-9f31-468a-b90f-28e3aa3a2f08-300x225.jpg\" alt=\"\" width=\"300\" height=\"225\" srcset=\"https:\/\/www.radiopiu.net\/wordpress\/wp-content\/uploads\/2021\/10\/e0d150bc-9f31-468a-b90f-28e3aa3a2f08-300x225.jpg 300w, https:\/\/www.radiopiu.net\/wordpress\/wp-content\/uploads\/2021\/10\/e0d150bc-9f31-468a-b90f-28e3aa3a2f08-1024x768.jpg 1024w, https:\/\/www.radiopiu.net\/wordpress\/wp-content\/uploads\/2021\/10\/e0d150bc-9f31-468a-b90f-28e3aa3a2f08-768x576.jpg 768w, https:\/\/www.radiopiu.net\/wordpress\/wp-content\/uploads\/2021\/10\/e0d150bc-9f31-468a-b90f-28e3aa3a2f08-1536x1152.jpg 1536w, https:\/\/www.radiopiu.net\/wordpress\/wp-content\/uploads\/2021\/10\/e0d150bc-9f31-468a-b90f-28e3aa3a2f08.jpg 2048w\" sizes=\"auto, (max-width: 300px) 100vw, 300px\" \/><\/a> <\/strong><\/p>\n<p><strong>\u00a0<\/strong><\/p>\n<p><strong>BELLUNO<\/strong> Grande giornata di sport per gli atleti agordini che a Pian Longhi, sul Nevegal, hanno partecipato al triathlon organizzato dal Team Vasa Broke. Lorenzo Busin ha trionfato dominando le tre specialit\u00e0 della gara (ski roll, mountain bike e corsa). Egizia De Biasio ha segnato il miglior tempo femminile nella sessione in mountain bike e ha portato al secondo posto assoluto la staffetta del Long Distance Agordino assieme a John Francis Della Pietra su ski roll e Antonio Chiarolla nella corsa. Buona prestazione anche di Eudio De Col, undicesimo assoluto.<\/p>\n<p>&nbsp;<\/p>\n<blockquote>\n<h3 dir=\"auto\">Martina Scola prima under 15! Strepitosa! Diego De Bertolis primo e Dante Barp terzo nella under 15 maschile! 4 Dylan Andrich<\/h3>\n<h3><\/h3>\n<\/blockquote>\n<hr \/>\n<p>&nbsp;<\/p>\n<\/div>\n<\/div>\n","protected":false},"excerpt":{"rendered":"<p>&nbsp; INFORMAZIONE il canale su TELEGRAM informazione di prima mano e in tempo reale. iscriviti ed aiutaci a farlo conoscere\u00a0 \u00a0\u00a0 &nbsp; STORIA, 3 CARTOLINE DEL 1908 DI ANDREA AMICO &nbsp; &nbsp; L&#8217;APPELLO Alessandra De Filippo MI SONO PERSO E HANNO RUBATO IN CASA MIA ieri sera verso le ore 19:40 sono entrati dei ladri&hellip;<\/p>\n","protected":false},"author":4,"featured_media":237485,"comment_status":"closed","ping_status":"open","sticky":false,"template":"","format":"standard","meta":{"_monsterinsights_skip_tracking":false,"_monsterinsights_sitenote_active":false,"_monsterinsights_sitenote_note":"","_monsterinsights_sitenote_category":0,"footnotes":""},"categories":[51,86,49],"tags":[],"class_list":["post-237325","post","type-post","status-publish","format-standard","has-post-thumbnail","hentry","category-evidenza-top","category-gr","category-news-18","category-51","category-86","category-49","description-off"],"img_url":"https:\/\/www.radiopiu.net\/wordpress\/wp-content\/uploads\/2021\/10\/00426159-84e3-434b-84c4-3d0a8574acf1.jpg","_links":{"self":[{"href":"https:\/\/www.radiopiu.net\/wordpress\/wp-json\/wp\/v2\/posts\/237325","targetHints":{"allow":["GET"]}}],"collection":[{"href":"https:\/\/www.radiopiu.net\/wordpress\/wp-json\/wp\/v2\/posts"}],"about":[{"href":"https:\/\/www.radiopiu.net\/wordpress\/wp-json\/wp\/v2\/types\/post"}],"author":[{"embeddable":true,"href":"https:\/\/www.radiopiu.net\/wordpress\/wp-json\/wp\/v2\/users\/4"}],"replies":[{"embeddable":true,"href":"https:\/\/www.radiopiu.net\/wordpress\/wp-json\/wp\/v2\/comments?post=237325"}],"version-history":[{"count":0,"href":"https:\/\/www.radiopiu.net\/wordpress\/wp-json\/wp\/v2\/posts\/237325\/revisions"}],"wp:featuredmedia":[{"embeddable":true,"href":"https:\/\/www.radiopiu.net\/wordpress\/wp-json\/wp\/v2\/media\/237485"}],"wp:attachment":[{"href":"https:\/\/www.radiopiu.net\/wordpress\/wp-json\/wp\/v2\/media?parent=237325"}],"wp:term":[{"taxonomy":"category","embeddable":true,"href":"https:\/\/www.radiopiu.net\/wordpress\/wp-json\/wp\/v2\/categories?post=237325"},{"taxonomy":"post_tag","embeddable":true,"href":"https:\/\/www.radiopiu.net\/wordpress\/wp-json\/wp\/v2\/tags?post=237325"}],"curies":[{"name":"wp","href":"https:\/\/api.w.org\/{rel}","templated":true}]}}