{"id":237336,"date":"2021-10-16T14:02:50","date_gmt":"2021-10-16T12:02:50","guid":{"rendered":"https:\/\/www.radiopiu.net\/wordpress\/?p=237336"},"modified":"2021-10-18T05:59:15","modified_gmt":"2021-10-18T03:59:15","slug":"si-cerca-elio-coletti-andato-a-funghi-e-non-piu-rientrato-a-casa","status":"publish","type":"post","link":"https:\/\/www.radiopiu.net\/wordpress\/si-cerca-elio-coletti-andato-a-funghi-e-non-piu-rientrato-a-casa\/","title":{"rendered":"SI CERCA ELIO COLETTI, ANDATO A FUNGHI E NON PIU&#8217; RIENTRATO A CASA"},"content":{"rendered":"<p><strong><a href=\"https:\/\/www.radiopiu.net\/wordpress\/si-cerca-elio-coletti-andato-a-funghi-e-non-piu-rientrato-a-casa\/elio-coletti\/\" rel=\"attachment wp-att-237348\"><img loading=\"lazy\" decoding=\"async\" class=\" wp-image-237348 alignleft\" src=\"https:\/\/www.radiopiu.net\/wordpress\/wp-content\/uploads\/2021\/10\/ELIO-COLETTI.gif\" alt=\"\" width=\"199\" height=\"221\" \/><\/a> <\/strong><strong>BELLUNO<\/strong> \u00c8 stata denunciata la scomparsa di Elio Coletti, residente a San Vendemiano (TV), non d\u00e0 pi\u00f9 notizie di s\u00e8 dal 14 ottobre scorso. E\u2019 uscito di casa a bordo della propria autovettura Fiat Panda bianca targata EC595PP per andare a funghi e non \u00e8 pi\u00f9 rientrato. La localizzazione telefonica ha permesso di accertare che \u00e8 stato agganciato il ripetitore in via Campei n. 12 a Tambre. Chiunque abbia informazioni \u00e8 pregato di mettersi in contatto con il Comando Provinciale dei Carabinieri di Belluno al n. 0437 2551 o attraverso il numero di emergenza 112<\/p>\n<p>&nbsp;<\/p>\n<p><strong>DAL SOCCORSO ALPINO<\/strong><\/p>\n<p><strong>TAMBRE <\/strong>In attesa di ulteriori elementi che possano dare indicazioni su una pi\u00f9 precisa zona, le ricerche dell&#8217;uomo di San Vendemiano (TV), di cui non si hanno pi\u00f9 notizie da gioved\u00ec mattina e di cui si stava cercando la macchina, sono al momento sospese per il Soccorso alpino, che resta a disposizione per ripartire in caso di nuove informazioni.<\/p>\n<p>&nbsp;<\/p>\n<p>&nbsp;<\/p>\n<p>&nbsp;<\/p>\n<p>*****<\/p>\n","protected":false},"excerpt":{"rendered":"<p>BELLUNO \u00c8 stata denunciata la scomparsa di Elio Coletti, residente a San Vendemiano (TV), non d\u00e0 pi\u00f9 notizie di s\u00e8 dal 14 ottobre scorso. E\u2019 uscito di casa a bordo della propria autovettura Fiat Panda bianca targata EC595PP per andare a funghi e non \u00e8 pi\u00f9 rientrato. La localizzazione telefonica ha permesso di accertare che&hellip;<\/p>\n","protected":false},"author":4,"featured_media":237348,"comment_status":"closed","ping_status":"open","sticky":false,"template":"","format":"standard","meta":{"_monsterinsights_skip_tracking":false,"_monsterinsights_sitenote_active":false,"_monsterinsights_sitenote_note":"","_monsterinsights_sitenote_category":0,"footnotes":""},"categories":[49],"tags":[],"class_list":["post-237336","post","type-post","status-publish","format-standard","has-post-thumbnail","hentry","category-news-18","category-49","description-off"],"img_url":"https:\/\/www.radiopiu.net\/wordpress\/wp-content\/uploads\/2021\/10\/ELIO-COLETTI.gif","_links":{"self":[{"href":"https:\/\/www.radiopiu.net\/wordpress\/wp-json\/wp\/v2\/posts\/237336","targetHints":{"allow":["GET"]}}],"collection":[{"href":"https:\/\/www.radiopiu.net\/wordpress\/wp-json\/wp\/v2\/posts"}],"about":[{"href":"https:\/\/www.radiopiu.net\/wordpress\/wp-json\/wp\/v2\/types\/post"}],"author":[{"embeddable":true,"href":"https:\/\/www.radiopiu.net\/wordpress\/wp-json\/wp\/v2\/users\/4"}],"replies":[{"embeddable":true,"href":"https:\/\/www.radiopiu.net\/wordpress\/wp-json\/wp\/v2\/comments?post=237336"}],"version-history":[{"count":0,"href":"https:\/\/www.radiopiu.net\/wordpress\/wp-json\/wp\/v2\/posts\/237336\/revisions"}],"wp:featuredmedia":[{"embeddable":true,"href":"https:\/\/www.radiopiu.net\/wordpress\/wp-json\/wp\/v2\/media\/237348"}],"wp:attachment":[{"href":"https:\/\/www.radiopiu.net\/wordpress\/wp-json\/wp\/v2\/media?parent=237336"}],"wp:term":[{"taxonomy":"category","embeddable":true,"href":"https:\/\/www.radiopiu.net\/wordpress\/wp-json\/wp\/v2\/categories?post=237336"},{"taxonomy":"post_tag","embeddable":true,"href":"https:\/\/www.radiopiu.net\/wordpress\/wp-json\/wp\/v2\/tags?post=237336"}],"curies":[{"name":"wp","href":"https:\/\/api.w.org\/{rel}","templated":true}]}}