{"id":237409,"date":"2021-10-18T05:30:21","date_gmt":"2021-10-18T03:30:21","guid":{"rendered":"https:\/\/www.radiopiu.net\/wordpress\/?p=237409"},"modified":"2021-10-18T06:07:55","modified_gmt":"2021-10-18T04:07:55","slug":"muore-colto-da-malore-sul-lago-di-fosses","status":"publish","type":"post","link":"https:\/\/www.radiopiu.net\/wordpress\/muore-colto-da-malore-sul-lago-di-fosses\/","title":{"rendered":"MUORE COLTO DA MALORE SUL LAGO DI FOSSES"},"content":{"rendered":"<blockquote><p><em><strong>\u00a0lavorava come postino e da 17 giorni si godeva la meritatissima pensione.<\/strong><\/em><\/p><\/blockquote>\n<p><strong><a href=\"https:\/\/www.radiopiu.net\/wordpress\/giornale-radiopiu-19-agosto-2021-direttore-mirko-mezzacasa\/salt-3\/\" rel=\"attachment wp-att-228370\"><img loading=\"lazy\" decoding=\"async\" class=\" wp-image-228370 alignleft\" src=\"https:\/\/www.radiopiu.net\/wordpress\/wp-content\/uploads\/2021\/08\/salt-3-300x225.jpg\" alt=\"\" width=\"265\" height=\"199\" srcset=\"https:\/\/www.radiopiu.net\/wordpress\/wp-content\/uploads\/2021\/08\/salt-3-300x225.jpg 300w, https:\/\/www.radiopiu.net\/wordpress\/wp-content\/uploads\/2021\/08\/salt-3-1024x767.jpg 1024w, https:\/\/www.radiopiu.net\/wordpress\/wp-content\/uploads\/2021\/08\/salt-3-768x575.jpg 768w, https:\/\/www.radiopiu.net\/wordpress\/wp-content\/uploads\/2021\/08\/salt-3.jpg 1080w\" sizes=\"auto, (max-width: 265px) 100vw, 265px\" \/> <\/a><\/strong><\/p>\n<p><strong>\u00a0<\/strong><\/p>\n<p><strong>CORTINA<\/strong> Attorno alle 14 \u00e8 scattato l&#8217;allarme per un uomo colto da malore, mentre con i familiari si trovava nei pressi del Lago di Fosses, sulle Dolomiti d&#8217;Ampezzo. Sul luogo indicato \u00e8 subito volata l&#8217;eliambulanza del Suem di Pieve di Cadore, che \u00e8 atterrata nelle vicinanze. Personale medico e tecnico di elisoccorso sono subentrati ai presenti, che gi\u00e0 stavano facendo il possibile, nelle manovre di rianimazione, ma non c&#8217;\u00e8 stato niente da fare, se non constatare il decesso di Paolo Cidaria, 62 anni, di Lozzo di Cadore, dirigente del calcio Cadore 1919. Ricomposta, la salma \u00e8 stata imbarellata e trasportata alla piazzola del Codivilla.\u00a0Lascia la moglie, due figli e quattro nipoti,<\/p>\n<p>&nbsp;<\/p>\n<p>&nbsp;<\/p>\n<p>&nbsp;<\/p>\n<p>&nbsp;<\/p>\n<p>*****<\/p>\n","protected":false},"excerpt":{"rendered":"<p>\u00a0lavorava come postino e da 17 giorni si godeva la meritatissima pensione. \u00a0 CORTINA Attorno alle 14 \u00e8 scattato l&#8217;allarme per un uomo colto da malore, mentre con i familiari si trovava nei pressi del Lago di Fosses, sulle Dolomiti d&#8217;Ampezzo. Sul luogo indicato \u00e8 subito volata l&#8217;eliambulanza del Suem di Pieve di Cadore, che&hellip;<\/p>\n","protected":false},"author":4,"featured_media":228370,"comment_status":"closed","ping_status":"open","sticky":false,"template":"","format":"standard","meta":{"_monsterinsights_skip_tracking":false,"_monsterinsights_sitenote_active":false,"_monsterinsights_sitenote_note":"","_monsterinsights_sitenote_category":0,"footnotes":""},"categories":[51,49],"tags":[],"class_list":["post-237409","post","type-post","status-publish","format-standard","has-post-thumbnail","hentry","category-evidenza-top","category-news-18","category-51","category-49","description-off"],"img_url":"https:\/\/www.radiopiu.net\/wordpress\/wp-content\/uploads\/2021\/08\/salt-3.jpg","_links":{"self":[{"href":"https:\/\/www.radiopiu.net\/wordpress\/wp-json\/wp\/v2\/posts\/237409","targetHints":{"allow":["GET"]}}],"collection":[{"href":"https:\/\/www.radiopiu.net\/wordpress\/wp-json\/wp\/v2\/posts"}],"about":[{"href":"https:\/\/www.radiopiu.net\/wordpress\/wp-json\/wp\/v2\/types\/post"}],"author":[{"embeddable":true,"href":"https:\/\/www.radiopiu.net\/wordpress\/wp-json\/wp\/v2\/users\/4"}],"replies":[{"embeddable":true,"href":"https:\/\/www.radiopiu.net\/wordpress\/wp-json\/wp\/v2\/comments?post=237409"}],"version-history":[{"count":0,"href":"https:\/\/www.radiopiu.net\/wordpress\/wp-json\/wp\/v2\/posts\/237409\/revisions"}],"wp:featuredmedia":[{"embeddable":true,"href":"https:\/\/www.radiopiu.net\/wordpress\/wp-json\/wp\/v2\/media\/228370"}],"wp:attachment":[{"href":"https:\/\/www.radiopiu.net\/wordpress\/wp-json\/wp\/v2\/media?parent=237409"}],"wp:term":[{"taxonomy":"category","embeddable":true,"href":"https:\/\/www.radiopiu.net\/wordpress\/wp-json\/wp\/v2\/categories?post=237409"},{"taxonomy":"post_tag","embeddable":true,"href":"https:\/\/www.radiopiu.net\/wordpress\/wp-json\/wp\/v2\/tags?post=237409"}],"curies":[{"name":"wp","href":"https:\/\/api.w.org\/{rel}","templated":true}]}}