{"id":237427,"date":"2021-10-18T05:29:51","date_gmt":"2021-10-18T03:29:51","guid":{"rendered":"https:\/\/www.radiopiu.net\/wordpress\/?p=237427"},"modified":"2021-10-18T06:00:48","modified_gmt":"2021-10-18T04:00:48","slug":"altri-due-interventi-del-soccorso-alpino-a-cortina","status":"publish","type":"post","link":"https:\/\/www.radiopiu.net\/wordpress\/altri-due-interventi-del-soccorso-alpino-a-cortina\/","title":{"rendered":"ALTRI DUE INTERVENTI DEL SOCCORSO ALPINO A CORTINA"},"content":{"rendered":"<p><strong><a href=\"https:\/\/www.radiopiu.net\/wordpress\/giornale-radiopiu-19-agosto-2021-direttore-mirko-mezzacasa\/salt-2\/\" rel=\"attachment wp-att-228368\"><img loading=\"lazy\" decoding=\"async\" class=\"size-medium wp-image-228368 alignleft\" src=\"https:\/\/www.radiopiu.net\/wordpress\/wp-content\/uploads\/2021\/08\/salt-2-300x225.jpg\" alt=\"\" width=\"300\" height=\"225\" srcset=\"https:\/\/www.radiopiu.net\/wordpress\/wp-content\/uploads\/2021\/08\/salt-2-300x225.jpg 300w, https:\/\/www.radiopiu.net\/wordpress\/wp-content\/uploads\/2021\/08\/salt-2-1024x768.jpg 1024w, https:\/\/www.radiopiu.net\/wordpress\/wp-content\/uploads\/2021\/08\/salt-2-768x576.jpg 768w, https:\/\/www.radiopiu.net\/wordpress\/wp-content\/uploads\/2021\/08\/salt-2.jpg 1080w\" sizes=\"auto, (max-width: 300px) 100vw, 300px\" \/><\/a>CORTINA\u00a0<\/strong> Nel pomeriggio l&#8217;elicottero del Suem di Pieve di Cadore \u00e8 volato a Cortina d&#8217;Ampezzo, per un escursionista rimasto bloccato sopra un salto di roccia, dopo aver salito la Ferrata Dibona al Cristallo. M.C., di Carbonera (TV), di 35 anni, uscito dal tratto attrezzato aveva proseguito verso il Ricovero Buffa, per poi tornare indietro e scendere lungo un canale, salvo poi rimanere bloccato tra rocce e neve. Risaliti dalle coordinate al punto in cui si trovava, nel canale a sud di Forcella Granda, l&#8217;uomo \u00e8 stato recuperato dal tecnico di elisoccorso con un verricello di 35 anni. Successivamente l&#8217;eliambulanza si \u00e8 diretta al Picco di Roda a Pieve di Cadore, per un secondo escursionista in difficolt\u00e0 a causa delle rocce gelate. M.N., 40 anni, di Marghera (VE), si era infatti fermato, senza pi\u00f9 essere in grado di scendere o risalire, lungo il sentiero numero 351 nel Cadin. Individuato e caricato a bordo con un verricello, l&#8217;escursionista \u00e8 stato tratto in salvo e caricato a bordo.<\/p>\n<p><strong>CORTINA<\/strong> Attorno a mezzogiorno e mezza una squadra del Soccorso alpino di Cortina \u00e8 stata inviata sulla stradina che dal Rifugio Palmieri scende verso Casera Federa, per un escursionista colto da malore. G.A.B., 62 anni, di Venezia, che aveva perso i sensi e poi si era ripreso, \u00e8 stato accompagnato in fuoristrada al rendez vous con l&#8217;ambulanza, che lo ha trasportato all&#8217;ospedale per le verifiche del caso.<\/p>\n<p>&nbsp;<\/p>\n<p>&nbsp;<\/p>\n<p>&nbsp;<\/p>\n<p>*****<\/p>\n","protected":false},"excerpt":{"rendered":"<p>CORTINA\u00a0 Nel pomeriggio l&#8217;elicottero del Suem di Pieve di Cadore \u00e8 volato a Cortina d&#8217;Ampezzo, per un escursionista rimasto bloccato sopra un salto di roccia, dopo aver salito la Ferrata Dibona al Cristallo. M.C., di Carbonera (TV), di 35 anni, uscito dal tratto attrezzato aveva proseguito verso il Ricovero Buffa, per poi tornare indietro e&hellip;<\/p>\n","protected":false},"author":4,"featured_media":228368,"comment_status":"closed","ping_status":"open","sticky":false,"template":"","format":"standard","meta":{"_monsterinsights_skip_tracking":false,"_monsterinsights_sitenote_active":false,"_monsterinsights_sitenote_note":"","_monsterinsights_sitenote_category":0,"footnotes":""},"categories":[51,49],"tags":[],"class_list":["post-237427","post","type-post","status-publish","format-standard","has-post-thumbnail","hentry","category-evidenza-top","category-news-18","category-51","category-49","description-off"],"img_url":"https:\/\/www.radiopiu.net\/wordpress\/wp-content\/uploads\/2021\/08\/salt-2.jpg","_links":{"self":[{"href":"https:\/\/www.radiopiu.net\/wordpress\/wp-json\/wp\/v2\/posts\/237427","targetHints":{"allow":["GET"]}}],"collection":[{"href":"https:\/\/www.radiopiu.net\/wordpress\/wp-json\/wp\/v2\/posts"}],"about":[{"href":"https:\/\/www.radiopiu.net\/wordpress\/wp-json\/wp\/v2\/types\/post"}],"author":[{"embeddable":true,"href":"https:\/\/www.radiopiu.net\/wordpress\/wp-json\/wp\/v2\/users\/4"}],"replies":[{"embeddable":true,"href":"https:\/\/www.radiopiu.net\/wordpress\/wp-json\/wp\/v2\/comments?post=237427"}],"version-history":[{"count":0,"href":"https:\/\/www.radiopiu.net\/wordpress\/wp-json\/wp\/v2\/posts\/237427\/revisions"}],"wp:featuredmedia":[{"embeddable":true,"href":"https:\/\/www.radiopiu.net\/wordpress\/wp-json\/wp\/v2\/media\/228368"}],"wp:attachment":[{"href":"https:\/\/www.radiopiu.net\/wordpress\/wp-json\/wp\/v2\/media?parent=237427"}],"wp:term":[{"taxonomy":"category","embeddable":true,"href":"https:\/\/www.radiopiu.net\/wordpress\/wp-json\/wp\/v2\/categories?post=237427"},{"taxonomy":"post_tag","embeddable":true,"href":"https:\/\/www.radiopiu.net\/wordpress\/wp-json\/wp\/v2\/tags?post=237427"}],"curies":[{"name":"wp","href":"https:\/\/api.w.org\/{rel}","templated":true}]}}