{"id":237451,"date":"2021-10-18T13:30:11","date_gmt":"2021-10-18T11:30:11","guid":{"rendered":"https:\/\/www.radiopiu.net\/wordpress\/?p=237451"},"modified":"2021-10-18T14:37:59","modified_gmt":"2021-10-18T12:37:59","slug":"i-racconti-di-paolo-soppelsa-novantasettesima-puntata","status":"publish","type":"post","link":"https:\/\/www.radiopiu.net\/wordpress\/i-racconti-di-paolo-soppelsa-novantasettesima-puntata\/","title":{"rendered":"I RACCONTI DI PAOLO SOPPELSA NOVANTASETTESIMA PUNTATA"},"content":{"rendered":"<p><strong>LA PRIMA BROSA <\/strong><\/p>\n<p><em><strong>AUDIO<\/strong><\/em><\/p>\n<audio class=\"wp-audio-shortcode\" id=\"audio-237451-1\" preload=\"none\" style=\"width: 100%;\" controls=\"controls\"><source type=\"audio\/mpeg\" src=\"https:\/\/www.radiopiu.net\/wordpress\/wp-content\/uploads\/2021\/10\/PAOLO-SOPPELSA-LA-PRIMA-BROSA.mp3?_=1\" \/><a href=\"https:\/\/www.radiopiu.net\/wordpress\/wp-content\/uploads\/2021\/10\/PAOLO-SOPPELSA-LA-PRIMA-BROSA.mp3\">https:\/\/www.radiopiu.net\/wordpress\/wp-content\/uploads\/2021\/10\/PAOLO-SOPPELSA-LA-PRIMA-BROSA.mp3<\/a><\/audio>\n<p>&nbsp;<\/p>\n<p><a href=\"https:\/\/www.radiopiu.net\/wordpress\/i-racconti-di-paolo-soppelsa-novantasettesima-puntata\/eb3c2b19-f85e-4664-a82d-ac86f6a6bce1\/\" rel=\"attachment wp-att-237454\"><img loading=\"lazy\" decoding=\"async\" class=\"size-medium wp-image-237454 alignleft\" src=\"https:\/\/www.radiopiu.net\/wordpress\/wp-content\/uploads\/2021\/10\/eb3c2b19-f85e-4664-a82d-ac86f6a6bce1-225x300.jpg\" alt=\"\" width=\"225\" height=\"300\" srcset=\"https:\/\/www.radiopiu.net\/wordpress\/wp-content\/uploads\/2021\/10\/eb3c2b19-f85e-4664-a82d-ac86f6a6bce1-225x300.jpg 225w, https:\/\/www.radiopiu.net\/wordpress\/wp-content\/uploads\/2021\/10\/eb3c2b19-f85e-4664-a82d-ac86f6a6bce1-768x1024.jpg 768w, https:\/\/www.radiopiu.net\/wordpress\/wp-content\/uploads\/2021\/10\/eb3c2b19-f85e-4664-a82d-ac86f6a6bce1.jpg 1080w\" sizes=\"auto, (max-width: 225px) 100vw, 225px\" \/><\/a>Ad ottobre inoltrato era un andare incontro ai giorni della prima &#8220;brosa&#8221;. La incontravo al mattino presto la fredda magia bianca che sembrava neve ed invece era brina. Si faceva viva intorno alla met\u00e0 del mese, quando ormai i tigli di via Feltre erano quasi spogli ed i marciapiedi erano ricoperti di foglie gialle umide e scivolose. Anche la Panda si accorgeva dell&#8217;arrivo del primo vero freddo di stagione. E pure lei, come me, non aveva granch\u00e9 voglia di svegliarsi in quelle mattine di ancora buio alle sette. Io mi svegliavo con una potente moka di caff\u00e8; la Panda, invece, aveva bisogno &#8220;dell&#8217;aria&#8221;. Che i pi\u00f9 giovani non sanno minimamente cosa significhi &#8220;tirare l&#8217;aria&#8221;. C&#8217;\u00e8 poco da dire: la mia \u00e8 stata l&#8217;ultima generazione che aveva un rapporto quasi carnale con la propria auto. Non era, come al giorno d&#8217;oggi, un girare semplicemente la chiave pensando a tutt&#8217;altro. No, occorreva essere l\u00ec con la testa. Un gesto inconsulto manovrando il temibile pomello dell&#8217;aria poteva costare molto caro. L&#8217;ingolfarsi del motore era un pericolo sempre in agguato che poteva provocare bestemmie in italiano e dialetto e soprattutto incolmabili ritardi. Cos\u00ec con trepidazione mi accingevo a tirare l&#8217;aria, poi acceleratore appena puntato e giro di chiave. Era in questo modo che la mitica Panda 750 CL, bianca con la riga rossa sul portellone, prendeva vita in quelle fredde mattinate di buio e &#8220;brosa&#8221;. Poi c&#8217;era il rito di lasciarla scaldare un p\u00f2. Un tempo che andava ottimizzato, quindi avanti a sbrinare i vetri arabescati dalla prima gelata.<br \/>\nEd era in quel preciso momento che entrava in scena Crystall, l&#8217;immortale grattino per sbrinare i vetri che quest&#8217;anno compie esattamente cinquant&#8217;anni. Portati decisamente molto bene. Marchiato Shell con l&#8217;esotico nome molto anni&#8217; 70 che fa un po&#8217; telenovela. E Crystall \u00e8 tuttora perfettamente funzionante; colorato di un azzurro vivace come la 127 che lo ospitava in giovent\u00f9. Costruito in plastica morbida e di qualit\u00e0, che allora gli oggetti erano fatti per durare. Crystall, fino ad oggi, ha vissuto la sua vita in quattro vetture, ed era l&#8217;oggetto indispensabile in quelle gelide mattine anni &#8217;80. Giaceva silente nella tasca della portiera per circa sette mesi per poi ripresentarsi in perfetta forma nei giorni in cui i larici si colorano d&#8217;oro. Non esistevano, allora, climatizzatori e spray antighiaccio, volanti e sedili riscaldati e lunotti termici e altre diavolerie moderne. C&#8217;era freddo e basta. E la 127 da sbrinare. Cos\u00ec quelle mattine si scendeva in cortile, pap\u00e0 apriva la macchina e diceva: &#8220;&#8230;ades mete in moto che la se scalde e intant desgiaze i vieri&#8230;&#8221; Ed io, intabarrato nella giacca a vento nera, osservavo ammirato il rito arcaico della messa in moto. Ed era in quei momenti che questo fondamentale &#8220;saper fare&#8221; mattutino passava di padre in figlio. Anche allora tiraggio dell&#8217;aria, acceleratore quanto bastava per evitare un solenne ingolfamento e giro della chiave. La 127 prendeva vita sempre al primo colpo e pap\u00e0, mentre teneva il motore leggermente accelerato, estraeva dal portaoggetti il celeste Crystall, poi usciva dal gelido abitacolo ed iniziava una minuziosa sbrinatura dei vetri che durava qualche minuto. La successiva partenza dal cortile era manovra alquanto complicata; era tutto un equilibrio fra il pomello dell&#8217;aria e l&#8217;acceleratore per non far spegnere la mitica 127 azzurra come Crystall. Ed io, attento come non mai, osservavo interessato la danza dei piedi sui pedali, sicuro che prima o poi sarebbe toccato pure a me. Dopo qualche chilometro ci si fermava per aprire le p\u00f3rtelle della mascherina del radiatore e da quel momento, il motore ormai caldo avrebbe rombato con la sua consueta grinta lungo la 203. Poi arriv\u00f2 la primavera del 1988, e fu in quel assolato pomeriggio di maggio che la 127 ci lasci\u00f2 per sempre; rimase Crystall a ricordarla. Cos\u00ec il mitologico grattino, accompagnato dalla medaglietta magnetica proveniente da Lourdes, cambi\u00f2 dimora e fin\u00ec nella Panda 750. Che pure lei aveva l&#8217;aria da tirare, e mi ritrovai a fare la stessa trafila che ammiravo da bambino, a compiere gli stessi gesti di pap\u00e0 in quei freddi giorni d&#8217;inverno di met\u00e0 anni &#8217;90.<br \/>\nAvviata la Panda e terminato il paziente grattare, arrivava finalmente il momento di imboccare la strada verso il lavoro oppure verso Cencenighe. Uscita dal cortile con l&#8217;aria tirata e, cambiando fra prima e seconda, immediata azione sul magico pomello che andava posizionato a met\u00e0 corsa. Occorrevano tre mani e sbagliare la manovra significava saltare come un canguro lungo la via, suscitando l&#8217;ilarita di infreddoliti passanti. Poi, lungo il primo rettilineo utile, via tutta l&#8217;aria ed un p\u00f2 alla volta si entrava nella normalit\u00e0 di una guida simil-odierna. Simil perch\u00e9 l&#8217;autoradio non c&#8217;era, anche se in fondo a poco sarebbe servito avere a bordo tale strumento tecnologico che, al tempo, costava pure un occhio; ogni suono emesso dalle costose casse, infatti, sarebbe stato inevitabilmente sovrastato dall&#8217;ululare delle gomme chiodate che pressoch\u00e9 ogni fine settimana solcavano l&#8217;asfalto ghiacciato della Strada Madre. Poi, un giorno di febbraio di fine anni &#8217;90, arriv\u00f2 l&#8217;iniezione elettronica accompagnata della desiderata autoradio e cos\u00ec terminarono quei complicati ed affascinanti avviamenti autunno\/invernali. Rimasero Crystall e la &#8220;brosa&#8221; che ancora oggi imbianca le strade, a ricordare i tempi analogici e felici di quei lontani autunni.<\/p>\n<p><strong>LA RACCOLTA COMPLETA\u00a0\u00a0<\/strong><\/p>\n<blockquote class=\"wp-embedded-content\" data-secret=\"9J2lJ9ZmSp\"><p><a href=\"https:\/\/www.radiopiu.net\/wordpress\/i-racconti-di-paolo-soppelsa\/\">I racconti di Paolo Soppelsa<\/a><\/p><\/blockquote>\n<p><iframe loading=\"lazy\" class=\"wp-embedded-content\" sandbox=\"allow-scripts\" security=\"restricted\" style=\"position: absolute; clip: rect(1px, 1px, 1px, 1px);\" title=\"&#8220;I racconti di Paolo Soppelsa&#8221; &#8212; Radio Pi\u00f9\" src=\"https:\/\/www.radiopiu.net\/wordpress\/i-racconti-di-paolo-soppelsa\/embed\/#?secret=9J2lJ9ZmSp\" data-secret=\"9J2lJ9ZmSp\" width=\"600\" height=\"338\" frameborder=\"0\" marginwidth=\"0\" marginheight=\"0\" scrolling=\"no\"><\/iframe><\/p>\n","protected":false},"excerpt":{"rendered":"<p>LA PRIMA BROSA AUDIO &nbsp; Ad ottobre inoltrato era un andare incontro ai giorni della prima &#8220;brosa&#8221;. La incontravo al mattino presto la fredda magia bianca che sembrava neve ed invece era brina. Si faceva viva intorno alla met\u00e0 del mese, quando ormai i tigli di via Feltre erano quasi spogli ed i marciapiedi erano&hellip;<\/p>\n","protected":false},"author":4,"featured_media":237454,"comment_status":"closed","ping_status":"open","sticky":false,"template":"","format":"standard","meta":{"_monsterinsights_skip_tracking":false,"_monsterinsights_sitenote_active":false,"_monsterinsights_sitenote_note":"","_monsterinsights_sitenote_category":0,"footnotes":""},"categories":[49,112],"tags":[],"class_list":["post-237451","post","type-post","status-publish","format-standard","has-post-thumbnail","hentry","category-news-18","category-racconti-soppelsa","category-49","category-112","description-off"],"img_url":"https:\/\/www.radiopiu.net\/wordpress\/wp-content\/uploads\/2021\/10\/eb3c2b19-f85e-4664-a82d-ac86f6a6bce1.jpg","_links":{"self":[{"href":"https:\/\/www.radiopiu.net\/wordpress\/wp-json\/wp\/v2\/posts\/237451","targetHints":{"allow":["GET"]}}],"collection":[{"href":"https:\/\/www.radiopiu.net\/wordpress\/wp-json\/wp\/v2\/posts"}],"about":[{"href":"https:\/\/www.radiopiu.net\/wordpress\/wp-json\/wp\/v2\/types\/post"}],"author":[{"embeddable":true,"href":"https:\/\/www.radiopiu.net\/wordpress\/wp-json\/wp\/v2\/users\/4"}],"replies":[{"embeddable":true,"href":"https:\/\/www.radiopiu.net\/wordpress\/wp-json\/wp\/v2\/comments?post=237451"}],"version-history":[{"count":0,"href":"https:\/\/www.radiopiu.net\/wordpress\/wp-json\/wp\/v2\/posts\/237451\/revisions"}],"wp:featuredmedia":[{"embeddable":true,"href":"https:\/\/www.radiopiu.net\/wordpress\/wp-json\/wp\/v2\/media\/237454"}],"wp:attachment":[{"href":"https:\/\/www.radiopiu.net\/wordpress\/wp-json\/wp\/v2\/media?parent=237451"}],"wp:term":[{"taxonomy":"category","embeddable":true,"href":"https:\/\/www.radiopiu.net\/wordpress\/wp-json\/wp\/v2\/categories?post=237451"},{"taxonomy":"post_tag","embeddable":true,"href":"https:\/\/www.radiopiu.net\/wordpress\/wp-json\/wp\/v2\/tags?post=237451"}],"curies":[{"name":"wp","href":"https:\/\/api.w.org\/{rel}","templated":true}]}}