{"id":237603,"date":"2021-10-18T14:14:54","date_gmt":"2021-10-18T12:14:54","guid":{"rendered":"https:\/\/www.radiopiu.net\/wordpress\/?p=237603"},"modified":"2021-10-19T05:09:49","modified_gmt":"2021-10-19T03:09:49","slug":"boscaiolo-perde-la-vita","status":"publish","type":"post","link":"https:\/\/www.radiopiu.net\/wordpress\/boscaiolo-perde-la-vita\/","title":{"rendered":"BOSCAIOLO PERDE LA VITA TRAVOLTO DA UN ALBERO"},"content":{"rendered":"<p style=\"text-align: left;\"><strong><a href=\"https:\/\/www.radiopiu.net\/wordpress\/boscaiolo-perde-la-vita-travolto-da-un-albero\/549d9e29-1fe8-4d17-afeb-b711605f1311\/\" rel=\"attachment wp-att-237647\"><img loading=\"lazy\" decoding=\"async\" class=\" wp-image-237647 alignleft\" src=\"https:\/\/www.radiopiu.net\/wordpress\/wp-content\/uploads\/2021\/10\/549d9e29-1fe8-4d17-afeb-b711605f1311-300x300.jpg\" alt=\"\" width=\"144\" height=\"144\" srcset=\"https:\/\/www.radiopiu.net\/wordpress\/wp-content\/uploads\/2021\/10\/549d9e29-1fe8-4d17-afeb-b711605f1311-300x300.jpg 300w, https:\/\/www.radiopiu.net\/wordpress\/wp-content\/uploads\/2021\/10\/549d9e29-1fe8-4d17-afeb-b711605f1311-150x150.jpg 150w, https:\/\/www.radiopiu.net\/wordpress\/wp-content\/uploads\/2021\/10\/549d9e29-1fe8-4d17-afeb-b711605f1311-768x769.jpg 768w, https:\/\/www.radiopiu.net\/wordpress\/wp-content\/uploads\/2021\/10\/549d9e29-1fe8-4d17-afeb-b711605f1311.jpg 844w\" sizes=\"auto, (max-width: 144px) 100vw, 144px\" \/><\/a>SANTO STEFANO DI CADORE\u00a0<\/strong> Incidente mortale nei boschi della Val Visdende, un boscaiolo di 32 anni, Mustapha Manneh di nazionalit\u00e0 africana, questa mattina ha perso la vita travolto da una pianta. Attorno alle 9.40 il Soccorso alpino della Val Comelico \u00e8 stato allertato per un uomo rimasto sotto un albero durante lavori boschivi. Sul posto \u00e8 volato l&#8217;elicottero del Suem di Pieve di Cadore, una squadra del Soccorso alpino e del Sagf, Vigili del fuoco, Carabinieri. La pianta \u00e8 stata spostata anche con l&#8217;aiuto dei colleghi del boscaiolo, ma purtroppo per lui non c&#8217;\u00e8 stato niente da fare. La salma imbarellata \u00e8 stata recuperata con il verricello dall&#8217;eliambulanza e trasportata in un punto accessibile al carro funebre.<\/p>\n<p>&nbsp;<\/p>\n<p>&nbsp;<\/p>\n<p>***<\/p>\n","protected":false},"excerpt":{"rendered":"<p>SANTO STEFANO DI CADORE\u00a0 Incidente mortale nei boschi della Val Visdende, un boscaiolo di 32 anni, Mustapha Manneh di nazionalit\u00e0 africana, questa mattina ha perso la vita travolto da una pianta. Attorno alle 9.40 il Soccorso alpino della Val Comelico \u00e8 stato allertato per un uomo rimasto sotto un albero durante lavori boschivi. Sul posto&hellip;<\/p>\n","protected":false},"author":4,"featured_media":237647,"comment_status":"closed","ping_status":"open","sticky":false,"template":"","format":"standard","meta":{"_monsterinsights_skip_tracking":false,"_monsterinsights_sitenote_active":false,"_monsterinsights_sitenote_note":"","_monsterinsights_sitenote_category":0,"footnotes":""},"categories":[49],"tags":[],"class_list":["post-237603","post","type-post","status-publish","format-standard","has-post-thumbnail","hentry","category-news-18","category-49","description-off"],"img_url":"https:\/\/www.radiopiu.net\/wordpress\/wp-content\/uploads\/2021\/10\/549d9e29-1fe8-4d17-afeb-b711605f1311.jpg","_links":{"self":[{"href":"https:\/\/www.radiopiu.net\/wordpress\/wp-json\/wp\/v2\/posts\/237603","targetHints":{"allow":["GET"]}}],"collection":[{"href":"https:\/\/www.radiopiu.net\/wordpress\/wp-json\/wp\/v2\/posts"}],"about":[{"href":"https:\/\/www.radiopiu.net\/wordpress\/wp-json\/wp\/v2\/types\/post"}],"author":[{"embeddable":true,"href":"https:\/\/www.radiopiu.net\/wordpress\/wp-json\/wp\/v2\/users\/4"}],"replies":[{"embeddable":true,"href":"https:\/\/www.radiopiu.net\/wordpress\/wp-json\/wp\/v2\/comments?post=237603"}],"version-history":[{"count":0,"href":"https:\/\/www.radiopiu.net\/wordpress\/wp-json\/wp\/v2\/posts\/237603\/revisions"}],"wp:featuredmedia":[{"embeddable":true,"href":"https:\/\/www.radiopiu.net\/wordpress\/wp-json\/wp\/v2\/media\/237647"}],"wp:attachment":[{"href":"https:\/\/www.radiopiu.net\/wordpress\/wp-json\/wp\/v2\/media?parent=237603"}],"wp:term":[{"taxonomy":"category","embeddable":true,"href":"https:\/\/www.radiopiu.net\/wordpress\/wp-json\/wp\/v2\/categories?post=237603"},{"taxonomy":"post_tag","embeddable":true,"href":"https:\/\/www.radiopiu.net\/wordpress\/wp-json\/wp\/v2\/tags?post=237603"}],"curies":[{"name":"wp","href":"https:\/\/api.w.org\/{rel}","templated":true}]}}