{"id":237727,"date":"2021-10-19T05:59:42","date_gmt":"2021-10-19T03:59:42","guid":{"rendered":"https:\/\/www.radiopiu.net\/wordpress\/?p=237727"},"modified":"2021-10-19T08:32:26","modified_gmt":"2021-10-19T06:32:26","slug":"incidente-sul-lavoro-in-val-visdende-il-dolore-della-cadore-scs","status":"publish","type":"post","link":"https:\/\/www.radiopiu.net\/wordpress\/incidente-sul-lavoro-in-val-visdende-il-dolore-della-cadore-scs\/","title":{"rendered":"INCIDENTE SUL LAVORO IN VAL VISDENDE, IL DOLORE DELLA CADORE SCS"},"content":{"rendered":"<blockquote><p><strong><a href=\"https:\/\/www.radiopiu.net\/wordpress\/boscaiolo-perde-la-vita-travolto-da-un-albero\/549d9e29-1fe8-4d17-afeb-b711605f1311\/\" rel=\"attachment wp-att-237647\"><img loading=\"lazy\" decoding=\"async\" class=\" wp-image-237647 alignleft\" src=\"https:\/\/www.radiopiu.net\/wordpress\/wp-content\/uploads\/2021\/10\/549d9e29-1fe8-4d17-afeb-b711605f1311-300x300.jpg\" alt=\"\" width=\"144\" height=\"144\" srcset=\"https:\/\/www.radiopiu.net\/wordpress\/wp-content\/uploads\/2021\/10\/549d9e29-1fe8-4d17-afeb-b711605f1311-300x300.jpg 300w, https:\/\/www.radiopiu.net\/wordpress\/wp-content\/uploads\/2021\/10\/549d9e29-1fe8-4d17-afeb-b711605f1311-150x150.jpg 150w, https:\/\/www.radiopiu.net\/wordpress\/wp-content\/uploads\/2021\/10\/549d9e29-1fe8-4d17-afeb-b711605f1311-768x769.jpg 768w, https:\/\/www.radiopiu.net\/wordpress\/wp-content\/uploads\/2021\/10\/549d9e29-1fe8-4d17-afeb-b711605f1311.jpg 844w\" sizes=\"auto, (max-width: 144px) 100vw, 144px\" \/><\/a>SANTO STEFANO DI CADORE\u00a0<\/strong> Incidente mortale nei boschi della Val Visdende, un boscaiolo di 32 anni, Mustapha Manneh di nazionalit\u00e0 africana, ieri\u00a0 mattina ha perso la vita travolto da una pianta. Attorno alle 9.40 il Soccorso alpino della Val Comelico \u00e8 stato allertato per un uomo rimasto sotto un albero durante lavori boschivi. Sul posto \u00e8 volato l&#8217;elicottero del Suem di Pieve di Cadore, una squadra del Soccorso alpino e del Sagf, Vigili del fuoco, Carabinieri. La pianta \u00e8 stata spostata anche con l&#8217;aiuto dei colleghi del boscaiolo, ma purtroppo per lui non c&#8217;\u00e8 stato niente da fare. La salma imbarellata \u00e8 stata recuperata con il verricello dall&#8217;eliambulanza e trasportata in un punto accessibile al carro funebre.<\/p>\n<p>&nbsp;<\/p>\n<h3><em>Il 32enne gambiano Mustapha Manneh aveva lavorato per la cooperativa fino a poche settimane fa <\/em><\/h3>\n<\/blockquote>\n<p><em>\u00a0<\/em>La notizia dell&#8217;infortunio mortale sul lavoro di ieri mattina in Val Visdende travolge anche la Cadore societ\u00e0 cooperativa sociale \u2013 s.c.s.: la vittima, Mustapha Manneh un 32enne del Gambia, nel 2016 era entrato come richiedente asilo in cooperativa, dove \u00e8 poi rimasto come lavoratore fino a fine settembre.<\/p>\n<p>\u201cSiamo rimasti tutti scioccati dalla notizia. &#8211; commenta la presidente Alessandra Buzzo \u2013 Il ragazzo aveva lavorato per diverso tempo con noi nel servizio Global Service, e tutti quelli che lo hanno conosciuto lo ricordano come un giovane sveglio e volenteroso. Solamente una quindicina di giorni fa aveva lasciato la Cadore per affrontare questo nuovo lavoro, ed eravamo orgogliosi di questo suo percorso fatto assieme a noi\u201d.<\/p>\n<p>\u201cNon era solo un collega, ma un amico con il quale ho condiviso tanto, e questa tragedia lascia un grande vuoto\u201d: a ricordarlo cos\u00ec \u00e8 Luca Valmassoi, che nel suo ruolo di responsabile dell&#8217;attivit\u00e0 di assistenza ai richiedenti asilo (attivit\u00e0 svolta dalla Cadore dal 2011 al 2018) aveva avuto modo di conoscere il giovane fin dal suo arrivo in Italia. \u201cEra un ragazzo molto curioso e che aveva grandi prospettive per il futuro: si distingueva per l&#8217;intraprendenza e la propositivit\u00e0, al suo arrivo era stato avviato agli studi e aveva velocemente conseguito la licenza media. Di lui non dimenticher\u00f2 mai il carattere solare e aperto: aveva scelto di vivere da solo a Tai di Cadore e si era impegnato per integrarsi nella comunit\u00e0 cadorina, tanto che ormai parlava anche un po&#8217; di dialetto. Era un animo gentile: lo ricordo quando andava al mercato a comprare i fiori da mettere sul balcone di casa, o quando lavorava nel piccolo orto che si era fatto in giardino. Era una persona speciale e quanto successo oggi mi lascia un grande vuoto dentro\u201d.<\/p>\n<p>\u201cIl dramma di oggi ci lascia addolorati e senza parole. &#8211; aggiunge Buzzo \u2013 Pensare a questo giovane che ha attraversato un intero continente e un viaggio in mare per venire a cercare speranza qui, dove invece ha trovato la morte, \u00e8 sconvolgente: come cooperativa ci rendiamo fin da ora disponibili ad aiutare la famiglia in questo difficilissimo momento\u201d.<\/p>\n<p>&nbsp;<\/p>\n","protected":false},"excerpt":{"rendered":"<p>SANTO STEFANO DI CADORE\u00a0 Incidente mortale nei boschi della Val Visdende, un boscaiolo di 32 anni, Mustapha Manneh di nazionalit\u00e0 africana, ieri\u00a0 mattina ha perso la vita travolto da una pianta. Attorno alle 9.40 il Soccorso alpino della Val Comelico \u00e8 stato allertato per un uomo rimasto sotto un albero durante lavori boschivi. Sul posto&hellip;<\/p>\n","protected":false},"author":4,"featured_media":237647,"comment_status":"closed","ping_status":"open","sticky":false,"template":"","format":"standard","meta":{"_monsterinsights_skip_tracking":false,"_monsterinsights_sitenote_active":false,"_monsterinsights_sitenote_note":"","_monsterinsights_sitenote_category":0,"footnotes":""},"categories":[51,49],"tags":[],"class_list":["post-237727","post","type-post","status-publish","format-standard","has-post-thumbnail","hentry","category-evidenza-top","category-news-18","category-51","category-49","description-off"],"img_url":"https:\/\/www.radiopiu.net\/wordpress\/wp-content\/uploads\/2021\/10\/549d9e29-1fe8-4d17-afeb-b711605f1311.jpg","_links":{"self":[{"href":"https:\/\/www.radiopiu.net\/wordpress\/wp-json\/wp\/v2\/posts\/237727","targetHints":{"allow":["GET"]}}],"collection":[{"href":"https:\/\/www.radiopiu.net\/wordpress\/wp-json\/wp\/v2\/posts"}],"about":[{"href":"https:\/\/www.radiopiu.net\/wordpress\/wp-json\/wp\/v2\/types\/post"}],"author":[{"embeddable":true,"href":"https:\/\/www.radiopiu.net\/wordpress\/wp-json\/wp\/v2\/users\/4"}],"replies":[{"embeddable":true,"href":"https:\/\/www.radiopiu.net\/wordpress\/wp-json\/wp\/v2\/comments?post=237727"}],"version-history":[{"count":0,"href":"https:\/\/www.radiopiu.net\/wordpress\/wp-json\/wp\/v2\/posts\/237727\/revisions"}],"wp:featuredmedia":[{"embeddable":true,"href":"https:\/\/www.radiopiu.net\/wordpress\/wp-json\/wp\/v2\/media\/237647"}],"wp:attachment":[{"href":"https:\/\/www.radiopiu.net\/wordpress\/wp-json\/wp\/v2\/media?parent=237727"}],"wp:term":[{"taxonomy":"category","embeddable":true,"href":"https:\/\/www.radiopiu.net\/wordpress\/wp-json\/wp\/v2\/categories?post=237727"},{"taxonomy":"post_tag","embeddable":true,"href":"https:\/\/www.radiopiu.net\/wordpress\/wp-json\/wp\/v2\/tags?post=237727"}],"curies":[{"name":"wp","href":"https:\/\/api.w.org\/{rel}","templated":true}]}}