{"id":237739,"date":"2021-10-19T05:21:10","date_gmt":"2021-10-19T03:21:10","guid":{"rendered":"https:\/\/www.radiopiu.net\/wordpress\/?p=237739"},"modified":"2021-10-19T05:21:11","modified_gmt":"2021-10-19T03:21:11","slug":"linux-day-2021","status":"publish","type":"post","link":"https:\/\/www.radiopiu.net\/wordpress\/linux-day-2021\/","title":{"rendered":"LINUX DAY 2021 \u00a0\u00a0"},"content":{"rendered":"<blockquote>\n<h3><\/h3>\n<\/blockquote>\n<p><strong><a href=\"https:\/\/www.radiopiu.net\/wordpress\/?attachment_id=237738\" rel=\"attachment wp-att-237738\"><img loading=\"lazy\" decoding=\"async\" class=\" wp-image-237738 alignleft\" src=\"https:\/\/www.radiopiu.net\/wordpress\/wp-content\/uploads\/2021\/10\/banner_2021_300x250.png\" alt=\"\" width=\"240\" height=\"200\" \/><\/a>FELTRE<\/strong> Anche quest\u2019anno l\u2019associazione bellunese LugAnegA aderisce con entusiasmo al Linux Day, la giornata nazionale dedicata al software libero, promossa da Italian Linux Society. Il tema di questa edizione \u00e8: \u201cDati a chi?\u201d Dopo l\u2019edizione solo online dello scorso anno, ritorniamo a proporre 5 mini-conferenze dal vivo grazie alla collaborazione dell\u2019<strong>Istituto Superiore di Feltre<\/strong>, <strong>sede Negrelli-Forcellini in via Colombo 11<\/strong>. L\u2019evento si terr\u00e0 <strong>sabato 23 ottobre<\/strong> tra le 15:00 e le 18:00. La partecipazione \u00e8 gratuita, ma per le attuali normative <strong>sar\u00e0 aperta solo a chi si prenoter\u00e0<\/strong> anticipatamente tramite il sito <u><a class=\"moz-txt-link-abbreviated\" href=\"http:\/\/www.luganega.org\">www.luganega.org<\/a><\/u>. Sar\u00e0 necessario mostrare il green pass all\u2019ingresso della scuola. Questo il programma della giornata: 15:00 Introduzione al Linux Day 2021 15:10 <em>Home assistant<\/em> \u2013 la domotica opensource \u2014 a cura di Daniele Corte 15:40 <em>Octoprint<\/em> e alternative per la stampa 3d online \u2014 a cura di Simone Klinkon 16:10 <em>Syncthing<\/em> \u2013 dati a tutti ma a nessuno \u2014 a cura di Marco Londero 16:40 \u2013 17:00 Pausa\u00a0 17:00 Stazioni meteo e opendata \u2014 a cura di Fabio Da Rolt 17:30 <em>Otto<\/em> \u2013 il robot ballerino pilotato da Arduino \u2014 a cura di Daniele Corte<\/p>\n","protected":false},"excerpt":{"rendered":"<p>FELTRE Anche quest\u2019anno l\u2019associazione bellunese LugAnegA aderisce con entusiasmo al Linux Day, la giornata nazionale dedicata al software libero, promossa da Italian Linux Society. Il tema di questa edizione \u00e8: \u201cDati a chi?\u201d Dopo l\u2019edizione solo online dello scorso anno, ritorniamo a proporre 5 mini-conferenze dal vivo grazie alla collaborazione dell\u2019Istituto Superiore di Feltre, sede&hellip;<\/p>\n","protected":false},"author":4,"featured_media":237738,"comment_status":"closed","ping_status":"open","sticky":false,"template":"","format":"standard","meta":{"_monsterinsights_skip_tracking":false,"_monsterinsights_sitenote_active":false,"_monsterinsights_sitenote_note":"","_monsterinsights_sitenote_category":0,"footnotes":""},"categories":[104,49],"tags":[],"class_list":["post-237739","post","type-post","status-publish","format-standard","has-post-thumbnail","hentry","category-evidenza_3","category-news-18","category-104","category-49","description-off"],"img_url":"https:\/\/www.radiopiu.net\/wordpress\/wp-content\/uploads\/2021\/10\/banner_2021_300x250.png","_links":{"self":[{"href":"https:\/\/www.radiopiu.net\/wordpress\/wp-json\/wp\/v2\/posts\/237739","targetHints":{"allow":["GET"]}}],"collection":[{"href":"https:\/\/www.radiopiu.net\/wordpress\/wp-json\/wp\/v2\/posts"}],"about":[{"href":"https:\/\/www.radiopiu.net\/wordpress\/wp-json\/wp\/v2\/types\/post"}],"author":[{"embeddable":true,"href":"https:\/\/www.radiopiu.net\/wordpress\/wp-json\/wp\/v2\/users\/4"}],"replies":[{"embeddable":true,"href":"https:\/\/www.radiopiu.net\/wordpress\/wp-json\/wp\/v2\/comments?post=237739"}],"version-history":[{"count":0,"href":"https:\/\/www.radiopiu.net\/wordpress\/wp-json\/wp\/v2\/posts\/237739\/revisions"}],"wp:featuredmedia":[{"embeddable":true,"href":"https:\/\/www.radiopiu.net\/wordpress\/wp-json\/wp\/v2\/media\/237738"}],"wp:attachment":[{"href":"https:\/\/www.radiopiu.net\/wordpress\/wp-json\/wp\/v2\/media?parent=237739"}],"wp:term":[{"taxonomy":"category","embeddable":true,"href":"https:\/\/www.radiopiu.net\/wordpress\/wp-json\/wp\/v2\/categories?post=237739"},{"taxonomy":"post_tag","embeddable":true,"href":"https:\/\/www.radiopiu.net\/wordpress\/wp-json\/wp\/v2\/tags?post=237739"}],"curies":[{"name":"wp","href":"https:\/\/api.w.org\/{rel}","templated":true}]}}