{"id":237801,"date":"2022-02-05T05:24:32","date_gmt":"2022-02-05T04:24:32","guid":{"rendered":"https:\/\/www.radiopiu.net\/wordpress\/?p=237801"},"modified":"2022-02-05T05:47:40","modified_gmt":"2022-02-05T04:47:40","slug":"vetblad1aa","status":"publish","type":"post","link":"https:\/\/www.radiopiu.net\/wordpress\/vetblad1aa\/","title":{"rendered":"VETROFANIE FANTASMA, ADDAMIANO &#8220;NON MI ASPETTAVO GLI APPLAUSI DELLA SINISTRA, MA UN GRAZIE,  PER EDUCAZIONE&#8230;&#8221;"},"content":{"rendered":"<p><strong><a href=\"https:\/\/www.radiopiu.net\/wordpress\/solidarieta-al-cinquantenne-aggredito-addamiano-dobbiamo-risalire-agli-autori-di-questi-gravi-fatti\/addamiano-4\/\" rel=\"attachment wp-att-250847\"><img loading=\"lazy\" decoding=\"async\" class=\"wp-image-250847 alignleft\" src=\"https:\/\/www.radiopiu.net\/wordpress\/wp-content\/uploads\/2021\/12\/ADDAMIANO-300x242.png\" alt=\"\" width=\"181\" height=\"146\" srcset=\"https:\/\/www.radiopiu.net\/wordpress\/wp-content\/uploads\/2021\/12\/ADDAMIANO-300x242.png 300w, https:\/\/www.radiopiu.net\/wordpress\/wp-content\/uploads\/2021\/12\/ADDAMIANO-1024x827.png 1024w, https:\/\/www.radiopiu.net\/wordpress\/wp-content\/uploads\/2021\/12\/ADDAMIANO-768x621.png 768w, https:\/\/www.radiopiu.net\/wordpress\/wp-content\/uploads\/2021\/12\/ADDAMIANO.png 1406w\" sizes=\"auto, (max-width: 181px) 100vw, 181px\" \/><\/a>REDAZIONE<\/strong> Il consigliere comunale Raffaele Addamiano da ottobre chiede di abbellire le vetrine dei negozi sfitti di Belluno. In assenza di risposte si auto tassa, procura le vetrofanie e le consegna in Municipio. Il Presidente Francesco Rasera Berna risponde a stretto giro di posta chiedendo si seguano canali istituzionali, quali? Lo abbiamo chiesto al consigliere Addamiano.<\/p>\n<p>&nbsp;<\/p>\n<p><strong>RAFFAELE ADDAMIANO, DAL GIORNALE RADIO DELLE 16.30<\/strong><\/p>\n<audio class=\"wp-audio-shortcode\" id=\"audio-237801-1\" preload=\"none\" style=\"width: 100%;\" controls=\"controls\"><source type=\"audio\/mpeg\" src=\"https:\/\/www.radiopiu.net\/wordpress\/wp-content\/uploads\/2022\/02\/raffa.mp3?_=1\" \/><a href=\"https:\/\/www.radiopiu.net\/wordpress\/wp-content\/uploads\/2022\/02\/raffa.mp3\">https:\/\/www.radiopiu.net\/wordpress\/wp-content\/uploads\/2022\/02\/raffa.mp3<\/a><\/audio>\n<h3><\/h3>\n<h3><\/h3>\n<hr \/>\n<h3><span style=\"color: #ff0000;\"><strong>IERI ALLA RADIO\u00a0<\/strong><\/span><\/h3>\n<blockquote>\n<h3>RASERA BERNA SALE IN CATTEDRA &#8220;CARO ADDAMIANO SEGUA LA PROCEDURA&#8221;<\/h3>\n<h3><em>omnia tempus habent<\/em><\/h3>\n<\/blockquote>\n<p><strong><a href=\"https:\/\/www.radiopiu.net\/wordpress\/vetblad1a\/image-220\/\" rel=\"attachment wp-att-257726\"><img loading=\"lazy\" decoding=\"async\" class=\"wp-image-257726 alignleft\" src=\"https:\/\/www.radiopiu.net\/wordpress\/wp-content\/uploads\/2022\/02\/image-211x300.jpg\" alt=\"\" width=\"120\" height=\"171\" srcset=\"https:\/\/www.radiopiu.net\/wordpress\/wp-content\/uploads\/2022\/02\/image-211x300.jpg 211w, https:\/\/www.radiopiu.net\/wordpress\/wp-content\/uploads\/2022\/02\/image.jpg 225w\" sizes=\"auto, (max-width: 120px) 100vw, 120px\" \/><\/a>BELLUNO<\/strong> Il consigliere Raffaele Addamiano dopo una prima mozione priva di risposta ha messo mano al portafogli producendo per conto proprio le vetrofanie per abbellire il centro o meglio le vetrine dei negozi sfitti. Diversamente da ottobre ora la risposta \u00e8 immediata, poche ore dopo l&#8217;annuncio che ha trovato vasta eco sugli organi di informazione, radio, web, televisioni e giornali. Infatti il Presidente del Consiglio Comunale Francesco Rasera Berna riscontra e risponde: <em>&#8220;Non competono al sottoscritto e all&#8217;ufficio organi collegiali le eventuali iniziative operative conseguenti, tuttavia ritengo utile segnalarle che la semplice azione di lasciare degli oggetti presso un ufficio comunale necessita dell&#8217;opportuna veste giuridica&#8221;. Sempre rivolgendosi al noto avvocato bellunese Berna insiste &#8220;Nella lettera di parla di donazione, sarebbe utile seguire la semplice procedura (ma sempre di procedura si tratta) per l&#8217;effettuazione di donazioni di beni di modico valore, come gi\u00e0 fatto recentemente da altri consiglieri donando la panchina per il piazzale Toni Hiebeler&#8221;<\/em><\/p>\n<p>&nbsp;<\/p>\n<p><span style=\"color: #ff0000;\"><strong>ARTICOLO PRECEDENTE\u00a0<\/strong><\/span><\/p>\n<blockquote>\n<h3>LOTTA AL DEGRADO. RAFFAELE ADDAMIANO PROCURA LE VETROFANIE PER I NEGOZI CHIUSI.<\/h3>\n<\/blockquote>\n<p><strong><a href=\"https:\/\/www.radiopiu.net\/wordpress\/giornale-radiopiu-03-febbraio-2022-direttore-mirko-mezzacasa\/be579e86-3634-4cd8-858d-dd92ee2d2b41\/\" rel=\"attachment wp-att-257586\"><img loading=\"lazy\" decoding=\"async\" class=\" wp-image-257586 alignleft\" src=\"https:\/\/www.radiopiu.net\/wordpress\/wp-content\/uploads\/2022\/02\/be579e86-3634-4cd8-858d-dd92ee2d2b41-300x169.jpg\" alt=\"\" width=\"259\" height=\"146\" srcset=\"https:\/\/www.radiopiu.net\/wordpress\/wp-content\/uploads\/2022\/02\/be579e86-3634-4cd8-858d-dd92ee2d2b41-300x169.jpg 300w, https:\/\/www.radiopiu.net\/wordpress\/wp-content\/uploads\/2022\/02\/be579e86-3634-4cd8-858d-dd92ee2d2b41-1024x577.jpg 1024w, https:\/\/www.radiopiu.net\/wordpress\/wp-content\/uploads\/2022\/02\/be579e86-3634-4cd8-858d-dd92ee2d2b41-768x433.jpg 768w, https:\/\/www.radiopiu.net\/wordpress\/wp-content\/uploads\/2022\/02\/be579e86-3634-4cd8-858d-dd92ee2d2b41-1536x866.jpg 1536w, https:\/\/www.radiopiu.net\/wordpress\/wp-content\/uploads\/2022\/02\/be579e86-3634-4cd8-858d-dd92ee2d2b41.jpg 2048w\" sizes=\"auto, (max-width: 259px) 100vw, 259px\" \/><\/a>BELLUNO\u00a0<\/strong> <em>&#8220;Stante l\u2019inerzia\u00a0 dell\u2019Amministrazione Comunale,\u00a0 le faccio avere con la presente una serie di vetrofanie raffiguranti la Citt\u00e0 Capoluogo che potr\u00e0 usare per rendere finalmente il nostro contesto urbano pi\u00f9 gradevole e piacevole con ogni conseguente positiva ricaduta di immagine, commerciale e, da ultimo, turistica&#8221;<\/em>. Lo ha scritto Raffaele Addamiano al sindaco Jacopo Massaro e al Presidente del Consiglio Comunale Francesco Rasera Berna facendo notare come dallo scorso autunno ad oggi non sia successo nulla. Di qui l&#8217;iniziativa del consigliere comunale di&#8230;procedere con il materiale liberamente donato dallo stesso Addamiano traducendo in pratica il contenuto della mozione di ottobre.<\/p>\n<p>di MORENO GIOLI<\/p>\n<audio class=\"wp-audio-shortcode\" id=\"audio-237801-2\" preload=\"none\" style=\"width: 100%;\" controls=\"controls\"><source type=\"audio\/mpeg\" src=\"https:\/\/www.radiopiu.net\/wordpress\/wp-content\/uploads\/2022\/02\/mprenooooo.mp3?_=2\" \/><a href=\"https:\/\/www.radiopiu.net\/wordpress\/wp-content\/uploads\/2022\/02\/mprenooooo.mp3\">https:\/\/www.radiopiu.net\/wordpress\/wp-content\/uploads\/2022\/02\/mprenooooo.mp3<\/a><\/audio>\n<p>&nbsp;<\/p>\n<p><strong>IL CONSIGLIERE COMUNALE RAFFAELE ADDAMIANO AI MICROFONI DI MORENO GIOLI<\/strong><\/p>\n<audio class=\"wp-audio-shortcode\" id=\"audio-237801-3\" preload=\"none\" style=\"width: 100%;\" controls=\"controls\"><source type=\"audio\/mpeg\" src=\"https:\/\/www.radiopiu.net\/wordpress\/wp-content\/uploads\/2022\/02\/MORENO-ADDAMIANO.mp3?_=3\" \/><a href=\"https:\/\/www.radiopiu.net\/wordpress\/wp-content\/uploads\/2022\/02\/MORENO-ADDAMIANO.mp3\">https:\/\/www.radiopiu.net\/wordpress\/wp-content\/uploads\/2022\/02\/MORENO-ADDAMIANO.mp3<\/a><\/audio>\n<p>&nbsp;<\/p>\n<p>&nbsp;<\/p>\n<p>&nbsp;<\/p>\n<hr \/>\n<p>&nbsp;<\/p>\n<p><span style=\"color: #0000ff;\"><strong>DAL NOTIZIARIO DEL 19 OTTOBRE 2021<\/strong><\/span><\/p>\n<blockquote>\n<h3>VETRINE POCO CURATE, IMMAGINE SGRADEVOLE SOPRATTUTTO PER LOCALITA&#8217; TURISTICHE<\/h3>\n<\/blockquote>\n<p><strong>BELLUNO\u00a0<\/strong> Anche Belluno citt\u00e0\u00a0 come\u00a0 altre parti della provincia, si sta scontrando con problemi estetici di non poco conto legati ai negozi sfitti. Vetrine che si impolverano, pagine di giornale o teloni a coprirle, cio\u00e8 il peggio dell&#8217;abbandono. Per questo, ritenuto\u00a0 che per il commercio, il turismo e la bellezza sia necessario dotare gli esterni delle attivit\u00e0 commerciali bellunesi chiuse di idonee e accattivanti immagini con vetrofanie rappresentanti, a esempio, le bellezze naturalistiche del Bellunese ovvero i pi\u00f9 importanti siti storici della citt\u00e0 dolomitica, il consigliere comunale , Raffaele Addamiano, d\u2019intesa col collega Andrea Stella, si \u00e8 fatto promotore di un&#8217;iniziativa: impegnare il\u00a0 Sindaco di Belluno e la Giunta Comunale\u00a0 ad assumere, d\u2019intesa con le propriet\u00e0 dei negozi sfitti,\u00a0 di dotare le vetrine delle attivit\u00e0 commerciali in &#8220;pensione&#8221; di immagini\u00a0 funzionali a rendere il contesto urbano pi\u00f9 gradevole e piacevole con ogni conseguente positiva ricaduta di immagine, commerciale e, da ultimo, turistica.\u00a0 Agordo potrebbe essere preso da esempio, le vetrine impolverale dalla scorsa estate sono state abbellite con opere d&#8217;arte, una galleria a cielo aperto a costo zero ma che di certo ha contribuito a rendere pi\u00f9 gradevole il centro contrastandone il degrado facendo conoscere gli artisti locali.<\/p>\n<p>&nbsp;<\/p>\n<p>&nbsp;<\/p>\n<p>****<\/p>\n","protected":false},"excerpt":{"rendered":"<p>REDAZIONE Il consigliere comunale Raffaele Addamiano da ottobre chiede di abbellire le vetrine dei negozi sfitti di Belluno. In assenza di risposte si auto tassa, procura le vetrofanie e le consegna in Municipio. Il Presidente Francesco Rasera Berna risponde a stretto giro di posta chiedendo si seguano canali istituzionali, quali? Lo abbiamo chiesto al consigliere&hellip;<\/p>\n","protected":false},"author":4,"featured_media":257586,"comment_status":"closed","ping_status":"closed","sticky":false,"template":"","format":"standard","meta":{"_monsterinsights_skip_tracking":false,"_monsterinsights_sitenote_active":false,"_monsterinsights_sitenote_note":"","_monsterinsights_sitenote_category":0,"footnotes":""},"categories":[51,49],"tags":[],"class_list":["post-237801","post","type-post","status-publish","format-standard","has-post-thumbnail","hentry","category-evidenza-top","category-news-18","category-51","category-49","description-off"],"img_url":"https:\/\/www.radiopiu.net\/wordpress\/wp-content\/uploads\/2022\/02\/be579e86-3634-4cd8-858d-dd92ee2d2b41.jpg","_links":{"self":[{"href":"https:\/\/www.radiopiu.net\/wordpress\/wp-json\/wp\/v2\/posts\/237801","targetHints":{"allow":["GET"]}}],"collection":[{"href":"https:\/\/www.radiopiu.net\/wordpress\/wp-json\/wp\/v2\/posts"}],"about":[{"href":"https:\/\/www.radiopiu.net\/wordpress\/wp-json\/wp\/v2\/types\/post"}],"author":[{"embeddable":true,"href":"https:\/\/www.radiopiu.net\/wordpress\/wp-json\/wp\/v2\/users\/4"}],"replies":[{"embeddable":true,"href":"https:\/\/www.radiopiu.net\/wordpress\/wp-json\/wp\/v2\/comments?post=237801"}],"version-history":[{"count":0,"href":"https:\/\/www.radiopiu.net\/wordpress\/wp-json\/wp\/v2\/posts\/237801\/revisions"}],"wp:featuredmedia":[{"embeddable":true,"href":"https:\/\/www.radiopiu.net\/wordpress\/wp-json\/wp\/v2\/media\/257586"}],"wp:attachment":[{"href":"https:\/\/www.radiopiu.net\/wordpress\/wp-json\/wp\/v2\/media?parent=237801"}],"wp:term":[{"taxonomy":"category","embeddable":true,"href":"https:\/\/www.radiopiu.net\/wordpress\/wp-json\/wp\/v2\/categories?post=237801"},{"taxonomy":"post_tag","embeddable":true,"href":"https:\/\/www.radiopiu.net\/wordpress\/wp-json\/wp\/v2\/tags?post=237801"}],"curies":[{"name":"wp","href":"https:\/\/api.w.org\/{rel}","templated":true}]}}