{"id":237821,"date":"2021-10-19T15:03:10","date_gmt":"2021-10-19T13:03:10","guid":{"rendered":"https:\/\/www.radiopiu.net\/wordpress\/?p=237821"},"modified":"2021-10-19T15:03:11","modified_gmt":"2021-10-19T13:03:11","slug":"al-via-il-progetto-per-il-catalogo-ragionato-dei-ferri-battuti-carlo-rizzarda","status":"publish","type":"post","link":"https:\/\/www.radiopiu.net\/wordpress\/al-via-il-progetto-per-il-catalogo-ragionato-dei-ferri-battuti-carlo-rizzarda\/","title":{"rendered":"AL VIA IL PROGETTO PER IL CATALOGO RAGIONATO DEI FERRI BATTUTI CARLO RIZZARDA\u00a0"},"content":{"rendered":"<blockquote>\n<h3><\/h3>\n<\/blockquote>\n<p align=\"JUSTIFY\">\n<p align=\"JUSTIFY\"><span style=\"font-size: large;\"><strong><a href=\"https:\/\/www.radiopiu.net\/wordpress\/?attachment_id=237820\" rel=\"attachment wp-att-237820\"><img loading=\"lazy\" decoding=\"async\" class=\"size-medium wp-image-237820 alignleft\" src=\"https:\/\/www.radiopiu.net\/wordpress\/wp-content\/uploads\/2021\/10\/Rizzarda-300x169.jpg\" alt=\"\" width=\"300\" height=\"169\" srcset=\"https:\/\/www.radiopiu.net\/wordpress\/wp-content\/uploads\/2021\/10\/Rizzarda-300x169.jpg 300w, https:\/\/www.radiopiu.net\/wordpress\/wp-content\/uploads\/2021\/10\/Rizzarda-1024x576.jpg 1024w, https:\/\/www.radiopiu.net\/wordpress\/wp-content\/uploads\/2021\/10\/Rizzarda-768x432.jpg 768w, https:\/\/www.radiopiu.net\/wordpress\/wp-content\/uploads\/2021\/10\/Rizzarda-1536x864.jpg 1536w, https:\/\/www.radiopiu.net\/wordpress\/wp-content\/uploads\/2021\/10\/Rizzarda.jpg 2048w\" sizes=\"auto, (max-width: 300px) 100vw, 300px\" \/><\/a>FELTRE<\/strong> Un nuovo, documentato ed organico catalogo delle opere di Carlo Rizzarda, corredato da un importante dotazione fotografica. Il progetto, in animo da tempo, \u00e8 stato approvato dalla giunta comunale nella sua ultima seduta. <\/span><span style=\"font-size: large;\">Il catalogo sar\u00e0 composto di circa 430 pagine a colori (formato cm. 28&#215;28) e sar\u00e0 stampato inizialmente in 1000 esemplari. Il volume sar\u00e0 curato dalla conservatrice dei musei cittadini che si occuper\u00e0 anche delle schede dei ferri battuti pi\u00f9 rilevanti, circa un centinaio, mentre le rimanenti saranno affidate ad esperti della materia.\u00a0\u00a0<\/span><\/p>\n<p align=\"JUSTIFY\"><strong>L&#8217;ASSESSORE ALLA CULTURA ALESSANDRO DEL BIANCO\u00a0<\/strong><\/p>\n<audio class=\"wp-audio-shortcode\" id=\"audio-237821-1\" preload=\"none\" style=\"width: 100%;\" controls=\"controls\"><source type=\"audio\/mpeg\" src=\"https:\/\/www.radiopiu.net\/wordpress\/wp-content\/uploads\/2021\/10\/rizzarda.mp3?_=1\" \/><a href=\"https:\/\/www.radiopiu.net\/wordpress\/wp-content\/uploads\/2021\/10\/rizzarda.mp3\">https:\/\/www.radiopiu.net\/wordpress\/wp-content\/uploads\/2021\/10\/rizzarda.mp3<\/a><\/audio>\n<p>&nbsp;<\/p>\n<blockquote>\n<p align=\"JUSTIFY\"><em>\u201c<span style=\"font-size: large;\">Con questo passaggio, sottolinea il sindaco di Feltre Paolo Perenzin, si completa l\u2019importante progetto di valorizzazione della Galleria Rizzarda, a cui hanno dato un contributo decisivo &#8211; nei tempi pi\u00f9 recenti &#8211; l\u2019architetto Ferruccio Franzoia, con la donazione dell\u2019imponente collezione di vetri veneziani, l\u2019artista Luca Rento e il compianto dottor Michele De Boni&#8221;. <\/span><\/em><\/p>\n<\/blockquote>\n<p>&nbsp;<\/p>\n","protected":false},"excerpt":{"rendered":"<p>FELTRE Un nuovo, documentato ed organico catalogo delle opere di Carlo Rizzarda, corredato da un importante dotazione fotografica. Il progetto, in animo da tempo, \u00e8 stato approvato dalla giunta comunale nella sua ultima seduta. Il catalogo sar\u00e0 composto di circa 430 pagine a colori (formato cm. 28&#215;28) e sar\u00e0 stampato inizialmente in 1000 esemplari. Il&hellip;<\/p>\n","protected":false},"author":4,"featured_media":237820,"comment_status":"closed","ping_status":"open","sticky":false,"template":"","format":"standard","meta":{"_monsterinsights_skip_tracking":false,"_monsterinsights_sitenote_active":false,"_monsterinsights_sitenote_note":"","_monsterinsights_sitenote_category":0,"footnotes":""},"categories":[49],"tags":[],"class_list":["post-237821","post","type-post","status-publish","format-standard","has-post-thumbnail","hentry","category-news-18","category-49","description-off"],"img_url":"https:\/\/www.radiopiu.net\/wordpress\/wp-content\/uploads\/2021\/10\/Rizzarda.jpg","_links":{"self":[{"href":"https:\/\/www.radiopiu.net\/wordpress\/wp-json\/wp\/v2\/posts\/237821","targetHints":{"allow":["GET"]}}],"collection":[{"href":"https:\/\/www.radiopiu.net\/wordpress\/wp-json\/wp\/v2\/posts"}],"about":[{"href":"https:\/\/www.radiopiu.net\/wordpress\/wp-json\/wp\/v2\/types\/post"}],"author":[{"embeddable":true,"href":"https:\/\/www.radiopiu.net\/wordpress\/wp-json\/wp\/v2\/users\/4"}],"replies":[{"embeddable":true,"href":"https:\/\/www.radiopiu.net\/wordpress\/wp-json\/wp\/v2\/comments?post=237821"}],"version-history":[{"count":0,"href":"https:\/\/www.radiopiu.net\/wordpress\/wp-json\/wp\/v2\/posts\/237821\/revisions"}],"wp:featuredmedia":[{"embeddable":true,"href":"https:\/\/www.radiopiu.net\/wordpress\/wp-json\/wp\/v2\/media\/237820"}],"wp:attachment":[{"href":"https:\/\/www.radiopiu.net\/wordpress\/wp-json\/wp\/v2\/media?parent=237821"}],"wp:term":[{"taxonomy":"category","embeddable":true,"href":"https:\/\/www.radiopiu.net\/wordpress\/wp-json\/wp\/v2\/categories?post=237821"},{"taxonomy":"post_tag","embeddable":true,"href":"https:\/\/www.radiopiu.net\/wordpress\/wp-json\/wp\/v2\/tags?post=237821"}],"curies":[{"name":"wp","href":"https:\/\/api.w.org\/{rel}","templated":true}]}}