{"id":237945,"date":"2021-10-21T05:33:27","date_gmt":"2021-10-21T03:33:27","guid":{"rendered":"https:\/\/www.radiopiu.net\/wordpress\/?p=237945"},"modified":"2021-10-21T14:33:19","modified_gmt":"2021-10-21T12:33:19","slug":"giornale-radiopiu-21-ottobre-2021-direttore-mirko-mezzacasa","status":"publish","type":"post","link":"https:\/\/www.radiopiu.net\/wordpress\/giornale-radiopiu-21-ottobre-2021-direttore-mirko-mezzacasa\/","title":{"rendered":"GIORNALE RADIOPIU 21 OTTOBRE 2021 DIRETTORE MIRKO MEZZACASA"},"content":{"rendered":"<p>&nbsp;<\/p>\n<h3 class=\"kvgmc6g5 cxmmr5t8 oygrvhab hcukyx3x c1et5uql\"><span style=\"color: #0000ff;\">INFORMAZIONE il canale su TELEGRAM informazione di prima mano e in tempo reale. iscriviti ed aiutaci a farlo conoscere\u00a0 \u00a0\u00a0<\/span><\/h3>\n<p>&nbsp;<\/p>\n<p>&nbsp;<\/p>\n<h2>RITROVATO SENZA VITA ESCURSIONISTA NON RIENTRATO DALLA FERRATA DIBONA<\/h2>\n<p><strong>\u00a0<img loading=\"lazy\" decoding=\"async\" class=\"alignleft\" src=\"https:\/\/www.radiopiu.net\/wordpress\/wp-content\/uploads\/2021\/09\/salt_20210927_183518_810.jpg\" width=\"309\" height=\"232\" \/>CORTINA\u00a0<\/strong>\u00a0\u00c8 stato purtroppo ritrovato senza vita R.A.G., il trentunenne tedesco non rientrato ieri dalla Ferrata Dibona. La squadra salita a piedi questa mattina, si \u00e8 calata per oltre 100 metri nel canale tra il Vecio del Forame e Forcella Alta, dove il tracciamento del cellulare ne segnalava la probabile presenza dal pomeriggio. I soccorritori &#8211; Soccorso alpino di Cortina, della Guardia di finanza e dei Carabinieri &#8211; hanno attrezzato le calate nel punto sottostante il percorso attrezzato e hanno iniziato a scendere, ritrovando prima lo zaino poi il corpo, a circa 2.700 metri di quota. Dato il luogo in cui si trova la salma e le condizioni di scarsa visibilit\u00e0, si sta attendendo per procedere al suo recupero non appena possibile.<\/p>\n<hr \/>\n<p>&nbsp;<\/p>\n<div class=\"q9uorilb\"><img loading=\"lazy\" decoding=\"async\" class=\"alignleft\" src=\"https:\/\/www.radiopiu.net\/wordpress\/wp-content\/uploads\/2018\/08\/ACQUA.jpeg\" width=\"198\" height=\"119\" \/><\/div>\n<div class=\"q9uorilb\"><\/div>\n<div class=\"q9uorilb\">Gestione Servizi Pubblici informa che a <strong>TAIBON AGORDINO<\/strong> nelle localit\u00e0 RONCH DE BOS e NOGAROLA l&#8217;acqua erogata dall&#8217;acquedotto non \u00e8 potabile e pu\u00f2 essere usata per scopi alimentari SOLO PREVIA bollitura.<\/div>\n<div class=\"ecm0bbzt e5nlhep0 a8c37x1j\">\n<div class=\"kvgmc6g5 cxmmr5t8 oygrvhab hcukyx3x c1et5uql\">\n<p>&nbsp;<\/p>\n<p><strong>FALCADE\u00a0<\/strong> per lavori alla rete idrica comunale OGGI\u00a0 dalle\u00a0 8:30 alle\u00a0 17 potrebbe mancare l&#8217;acqua nelle localit\u00e0 LE FRATE, COSTA, SOMOR, GANZ, VILLOTTA e FALCADE ALTO.<\/p>\n<p>&nbsp;<\/p>\n<hr \/>\n<p>&nbsp;<\/p>\n<blockquote>\n<h3><a href=\"https:\/\/www.radiopiu.net\/wordpress\/giornale-radiopiu-16-giugno-2021-direttore-mirko-mezzacasa\/th-140\/\" rel=\"attachment wp-att-216173\"><img loading=\"lazy\" decoding=\"async\" class=\"wp-image-216173 alignleft\" src=\"https:\/\/www.radiopiu.net\/wordpress\/wp-content\/uploads\/2021\/06\/th-13.jpg\" alt=\"\" width=\"126\" height=\"84\" \/><\/a>INTERRUZIONI ENEL PROGRAMMATE, PER LAVORI<\/h3>\n<\/blockquote>\n<\/div>\n<p><span style=\"color: #ff0000;\">DOMANI<\/span>, dalle 8.30 alle 11.30 ad Agordo nelle vie Costa, IV Novembre, Insurrezione<\/p>\n<div class=\"kvgmc6g5 cxmmr5t8 oygrvhab hcukyx3x c1et5uql\">\n<p><span style=\"color: #ff0000;\">DOMANI<\/span>, dalle 8.30 alle 14.30 a Canale d&#8217;Agordo nelle vie Fregona, Cant, Lagazzon<\/p>\n<p><span style=\"color: #ff0000;\">DOMANI<\/span>, dalle 13 alle 16 a Selva di Cadore &#8211; Pescul<\/p>\n<p><span style=\"color: #ff0000;\">SABATO 23 ottobre,<\/span> dalle 8.30 alle 12.30 ad Alleghe nelle vie Coi, Monte Civetta, Casara, Fernazza<\/p>\n<p><span style=\"color: #ff0000;\">LUNEDI 25 OTTOBRE<\/span> dalle 10 alle 12 a Gosaldo vie Pette, Masoch e Nagarei<\/p>\n<p><span style=\"color: #ff0000;\">VENERDI 29 OTTOBRE<\/span>\u00a0 dalle 12 alle 14.30 a Gosaldo vie Pette, Masoch e Nagarei<\/p>\n<p>&nbsp;<\/p>\n<hr \/>\n<p>&nbsp;<\/p>\n<h2 style=\"text-align: center;\">203 AGORDINA E 347 DEL DURAN E CEREDA<\/h2>\n<blockquote>\n<blockquote>\n<blockquote>\n<blockquote><p><strong><img loading=\"lazy\" decoding=\"async\" class=\"alignleft\" src=\"https:\/\/www.radiopiu.net\/wordpress\/wp-content\/uploads\/2020\/05\/VENETO-STRADE-300x300.png\" width=\"121\" height=\"121\" \/><\/strong><\/p><\/blockquote>\n<\/blockquote>\n<blockquote><p>Dalle 12.30 revoca dell\u2019ordinanza numero 528<\/p>\n<p>Veneto Strade informa che i lavori della prima fase in localit\u00e0 La Stanga sono terminati in anticipo rispetto ai tempi previsti. Da Oggi, giovedi, alle 12.30 la 203 agordina tra Agordo e Belluno non presenter\u00e0 alcuna limitazione, ovviamente anche domani. Quindi si transita regolarmente senza pi\u00f9 interruzioni.<\/p><\/blockquote>\n<p>&nbsp;<\/p>\n<p><strong>FOTO CANTIERE, VENETO STRADE\u00a0<\/strong><\/p>\n\n\t\t\t<style type='text\/css'>\n\t\t\t\t#gallery-1 {\n\t\t\t\t\tmargin: auto;\n\t\t\t\t}\n\t\t\t\t#gallery-1 .gallery-item {\n\t\t\t\t\tfloat: left;\n\t\t\t\t\tmargin-top: 10px;\n\t\t\t\t\ttext-align: center;\n\t\t\t\t\twidth: 25%;\n\t\t\t\t}\n\t\t\t\t#gallery-1 img {\n\t\t\t\t\tborder: 2px solid #cfcfcf;\n\t\t\t\t}\n\t\t\t\t#gallery-1 .gallery-caption {\n\t\t\t\t\tmargin-left: 0;\n\t\t\t\t}\n\t\t\t\t\/* see gallery_shortcode() in wp-includes\/media.php *\/\n\t\t\t<\/style>\n\t\t<div id='gallery-1' class='dt-gallery-container gallery galleryid-237945 gallery-columns-4 gallery-size-thumbnail'><dl class='gallery-item'>\n\t\t\t\t<dt class='gallery-icon landscape'>\n\t\t\t\t\t<a class=\"rollover rollover-zoom dt-pswp-item\" title=\"247275894_4468181743250551_4433390875298734041_n\" data-dt-img-description=\"\" data-large_image_width=\"600\" data-large_image_height=\"450\"href='https:\/\/www.radiopiu.net\/wordpress\/wp-content\/uploads\/2021\/10\/247275894_4468181743250551_4433390875298734041_n.jpg'><img loading=\"lazy\" decoding=\"async\" width=\"150\" height=\"150\" src=\"https:\/\/www.radiopiu.net\/wordpress\/wp-content\/uploads\/2021\/10\/247275894_4468181743250551_4433390875298734041_n-150x150.jpg\" class=\"attachment-thumbnail size-thumbnail\" alt=\"\" \/><\/a>\n\t\t\t\t<\/dt><\/dl><dl class='gallery-item'>\n\t\t\t\t<dt class='gallery-icon landscape'>\n\t\t\t\t\t<a class=\"rollover rollover-zoom dt-pswp-item\" title=\"247574844_4468181736583885_412005706440515743_n\" data-dt-img-description=\"\" data-large_image_width=\"600\" data-large_image_height=\"450\"href='https:\/\/www.radiopiu.net\/wordpress\/wp-content\/uploads\/2021\/10\/247574844_4468181736583885_412005706440515743_n.jpg'><img loading=\"lazy\" decoding=\"async\" width=\"150\" height=\"150\" src=\"https:\/\/www.radiopiu.net\/wordpress\/wp-content\/uploads\/2021\/10\/247574844_4468181736583885_412005706440515743_n-150x150.jpg\" class=\"attachment-thumbnail size-thumbnail\" alt=\"\" \/><\/a>\n\t\t\t\t<\/dt><\/dl><dl class='gallery-item'>\n\t\t\t\t<dt class='gallery-icon portrait'>\n\t\t\t\t\t<a class=\"rollover rollover-zoom dt-pswp-item\" title=\"247262964_4468181559917236_3735421062835082843_n\" data-dt-img-description=\"\" data-large_image_width=\"450\" data-large_image_height=\"600\"href='https:\/\/www.radiopiu.net\/wordpress\/wp-content\/uploads\/2021\/10\/247262964_4468181559917236_3735421062835082843_n.jpg'><img loading=\"lazy\" decoding=\"async\" width=\"150\" height=\"150\" src=\"https:\/\/www.radiopiu.net\/wordpress\/wp-content\/uploads\/2021\/10\/247262964_4468181559917236_3735421062835082843_n-150x150.jpg\" class=\"attachment-thumbnail size-thumbnail\" alt=\"\" \/><\/a>\n\t\t\t\t<\/dt><\/dl><dl class='gallery-item'>\n\t\t\t\t<dt class='gallery-icon landscape'>\n\t\t\t\t\t<a class=\"rollover rollover-zoom dt-pswp-item\" title=\"247544954_4468181573250568_4376435188649078388_n\" data-dt-img-description=\"\" data-large_image_width=\"600\" data-large_image_height=\"450\"href='https:\/\/www.radiopiu.net\/wordpress\/wp-content\/uploads\/2021\/10\/247544954_4468181573250568_4376435188649078388_n.jpg'><img loading=\"lazy\" decoding=\"async\" width=\"150\" height=\"150\" src=\"https:\/\/www.radiopiu.net\/wordpress\/wp-content\/uploads\/2021\/10\/247544954_4468181573250568_4376435188649078388_n-150x150.jpg\" class=\"attachment-thumbnail size-thumbnail\" alt=\"\" \/><\/a>\n\t\t\t\t<\/dt><\/dl><br style=\"clear: both\" \/>\n\t\t\t<\/div>\n\n<p>&nbsp;<\/p>\n<p>&nbsp;<\/p>\n<p><span style=\"color: #ff0000;\"><strong>SP 347 DURAN E CEREDA<\/strong><\/span> Fino al 12 novembre chiusura totale in localit\u00e0 Caleda &#8211; comune di La Valle Agordina &#8211; dalle 8 alle 12 e dalle 13.30 alle 17.30<\/p>\n<p>&nbsp;<\/p>\n<p><strong>PROVINCIALE 3 DI VALLE IMPERINA, A GOSALDO<\/strong> Fino al 12 novembre chiusura a fasce orarie: dalle 8 alle 12.45, dalle 13.45 alle 16 e dalle 16.30 alle 18 escluso sabato e domenica<\/p>\n<blockquote>\n<h2><span style=\"color: #0000ff;\">PROVINCIALE 2\u00a0 DEL MIS: REGOLARMENTE APERTA\u00a0<\/span><\/h2>\n<\/blockquote>\n<\/blockquote>\n<\/blockquote>\n<p>&nbsp;<\/p>\n<blockquote>\n<h3>203 AGORDINA CHIUSA, PROVINCIALE VALLE DEL MIS APERTA &#8211; video &#8211; telegram VPB<\/h3>\n<\/blockquote>\n<p><strong>IL VIDEO DI NICK TORMEN\u00a0<\/strong><br \/>\nCHAT VIABILITA&#8217; INFORMAZIONE SU TELEGRAM&#8230; VIAGGIARE SENZA INTOPPI<br \/>\n<span style=\"color: #0000ff;\">VIABILITA&#8217; PROVINCIA DI BELLUNO<\/span> iscrizione gratuita, se non ci sei guidi nei disagi<\/p>\n<p>&nbsp;<\/p>\n<div style=\"width: 848px;\" class=\"wp-video\"><video class=\"wp-video-shortcode\" id=\"video-237945-1\" width=\"848\" height=\"480\" preload=\"metadata\" controls=\"controls\"><source type=\"video\/mp4\" src=\"https:\/\/www.radiopiu.net\/wordpress\/wp-content\/uploads\/2021\/10\/WhatsApp-Video-2021-10-20-at-12.56.30.mp4?_=1\" \/><a href=\"https:\/\/www.radiopiu.net\/wordpress\/wp-content\/uploads\/2021\/10\/WhatsApp-Video-2021-10-20-at-12.56.30.mp4\">https:\/\/www.radiopiu.net\/wordpress\/wp-content\/uploads\/2021\/10\/WhatsApp-Video-2021-10-20-at-12.56.30.mp4<\/a><\/video><\/div>\n<p>&nbsp;<\/p>\n<p>&nbsp;<\/p>\n<hr \/>\n<p>&nbsp;<\/p>\n<h2 style=\"text-align: center;\">A FIORETTA&#8230;101 VOLTE AUGURI PIU&#8217;<\/h2>\n<p><a class=\"dt-pswp-item\" href=\"https:\/\/www.radiopiu.net\/wordpress\/wp-content\/uploads\/2020\/10\/121801148_389981055361450_6882112788398235554_n.jpg\" data-dt-img-description=\"\" data-large_image_width=\"720\" data-large_image_height=\"960\"><img loading=\"lazy\" decoding=\"async\" class=\"wp-image-167423 alignleft\" src=\"https:\/\/www.radiopiu.net\/wordpress\/wp-content\/uploads\/2020\/10\/121801148_389981055361450_6882112788398235554_n-225x300.jpg\" alt=\"\" width=\"107\" height=\"143\" srcset=\"https:\/\/www.radiopiu.net\/wordpress\/wp-content\/uploads\/2020\/10\/121801148_389981055361450_6882112788398235554_n-225x300.jpg 225w, https:\/\/www.radiopiu.net\/wordpress\/wp-content\/uploads\/2020\/10\/121801148_389981055361450_6882112788398235554_n.jpg 720w\" sizes=\"auto, (max-width: 107px) 100vw, 107px\" \/><\/a><strong>FALCADE<\/strong> Oggi sono cento&#8230;e uno, un secolo e un anno di vita lavorando e crescendo figli. Tanti auguri a Fioretta Dal Farra, nata a Peron di Sedico il 21 ottobre del 1920. Ancora molto piccola, con la mamma e il fratello, \u00e8 salita dalla Valbelluna a Caviola (paese d&#8217;origine della mamma) dove ha continuato a vivere. Gi\u00e0 a 15 anni la prima esperienza lavorativa, in servizio come domestica nella casa dei &#8220;Signori&#8221; a Venezia. Ha vissuto i terribili cinque anni della seconda Guerra Mondiale e poi <a class=\"dt-pswp-item\" href=\"https:\/\/www.radiopiu.net\/wordpress\/wp-content\/uploads\/2020\/10\/122044393_359502898585256_370020202186684275_n.jpg\" data-dt-img-description=\"\" data-large_image_width=\"720\" data-large_image_height=\"960\"><img loading=\"lazy\" decoding=\"async\" class=\"wp-image-167424 alignright\" src=\"https:\/\/www.radiopiu.net\/wordpress\/wp-content\/uploads\/2020\/10\/122044393_359502898585256_370020202186684275_n-225x300.jpg\" alt=\"\" width=\"152\" height=\"203\" srcset=\"https:\/\/www.radiopiu.net\/wordpress\/wp-content\/uploads\/2020\/10\/122044393_359502898585256_370020202186684275_n-225x300.jpg 225w, https:\/\/www.radiopiu.net\/wordpress\/wp-content\/uploads\/2020\/10\/122044393_359502898585256_370020202186684275_n.jpg 720w\" sizes=\"auto, (max-width: 152px) 100vw, 152px\" \/><\/a>ha fatto di nuovo le valige per la Svizzera come molte altre ragazze della vallata. In Italia \u00e8 ritornata all&#8217;et\u00e0 di 32 anni lavorando la campagna, governando le mucche e altri animali da cortile, impegno necessario per dar da mangiare ai figli.\u00a0 A Caviola ha sposato Mario Scardanzan di Feder con il quale ha condiviso, prima di rimanere vedova, 64 anni di vita assieme. Dal matrimonio sono nati i figli Celeste e Maria Grazia Scardanzan, \u00e8 diventata nonna di cinque nipoti: Barbara, Fabiana, Roberta, Simone e Serena, bisnonna\u00a0 di quattro pronipoti: Giovanni, Claudio, Elisa e Christian. Da tutti i suoi parenti e dalla redazione di Radio Pi\u00f9, in coro:<em> &#8220;Tanti auguri Fioretta&#8221; (in foto con il figlio maschio, Celeste).<\/em><\/p>\n<p>&nbsp;<\/p>\n<p>&nbsp;<\/p>\n<p>&nbsp;<\/p>\n<hr \/>\n<p>&nbsp;<\/p>\n<blockquote>\n<h3>ATTENZIONE ALLE TRUFFE VIA SMS E MESSENGER<\/h3>\n<\/blockquote>\n<p><strong>BELLUNO<\/strong> La Questura di Belluno informa i cittadini sulla sua pagina Facebook su delle truffe che possono arrivare tramite SMS o Messenger. Dei messaggi con all&#8217;interno un link che vi invita a cliccare per avere altre informazioni. Se dovesse arrivare un messaggio da un numero o persona che non si conosce con all&#8217;interno uno di questi link, l&#8217;invito \u00e8 quello di non aprire il messaggio e cancellarlo subito dal proprio dispositivo.<\/p>\n<p><a href=\"https:\/\/www.radiopiu.net\/wordpress\/giornale-radiopiu-21-ottobre-2021-direttore-mirko-mezzacasa\/schermata-2021-10-20-alle-19-38-26\/\" rel=\"attachment wp-att-238149\"><img loading=\"lazy\" decoding=\"async\" class=\"size-medium wp-image-238149 aligncenter\" src=\"https:\/\/www.radiopiu.net\/wordpress\/wp-content\/uploads\/2021\/10\/Schermata-2021-10-20-alle-19.38.26-300x300.png\" alt=\"\" width=\"300\" height=\"300\" srcset=\"https:\/\/www.radiopiu.net\/wordpress\/wp-content\/uploads\/2021\/10\/Schermata-2021-10-20-alle-19.38.26-300x300.png 300w, https:\/\/www.radiopiu.net\/wordpress\/wp-content\/uploads\/2021\/10\/Schermata-2021-10-20-alle-19.38.26-150x150.png 150w, https:\/\/www.radiopiu.net\/wordpress\/wp-content\/uploads\/2021\/10\/Schermata-2021-10-20-alle-19.38.26-768x766.png 768w, https:\/\/www.radiopiu.net\/wordpress\/wp-content\/uploads\/2021\/10\/Schermata-2021-10-20-alle-19.38.26.png 998w\" sizes=\"auto, (max-width: 300px) 100vw, 300px\" \/><\/a><\/p>\n<p>&nbsp;<\/p>\n<p>&nbsp;<\/p>\n<p>&nbsp;<\/p>\n<p>&nbsp;<\/p>\n<hr \/>\n<p>&nbsp;<\/p>\n<blockquote>\n<h3>AGORDINO\u00a0 RESIDENTE A BELLUNO MUORE TRA LE MURA DI CASA, LA PROCURA APRE L&#8217;INCHIESTA<\/h3>\n<\/blockquote>\n<p><strong>BELLUNO<\/strong>\u00a0 Andrea Fiocco, 49 anni \u00e8 stato trovato privo di vita in via\u00a0 Fratelli Cairoli. I soccorsi allertati da un amico sono arrivati intorno alle 4 del mattino. L&#8217;uomo agordino\u00a0 di origine ma residente a Belluno, gi\u00e0 noto per un passato da tossicodipendente potrebbe essere morto per un&#8217;overdose. La procura ha ha aperto un&#8217;inchiesta per morte come conseguenza in seguito a spaccio ed \u00e8 caccia agli spacciatori.<br \/>\n<b class=\"paragrafo titoletto\"><\/b><\/p>\n<p>&nbsp;<\/p>\n<hr \/>\n<p>&nbsp;<\/p>\n<blockquote>\n<h3>MUORE IN SALA D&#8217;ASPETTO AL PRONTO SOCCORSO<\/h3>\n<p><strong>FELTRE<\/strong>\u00a0 Flavio Gatto 69 anni \u00e8 morto al Pronto Soccorso del Santa Maria del Prato di Feltre dove si era rivolto per dolori allo stomaco. E&#8217; morto dopo 5 ore in sala d&#8217;attesa e dopo essere stato visitato. Il turista veneziano di Spinea domenica pomeriggio dopo essere stato dimesso si \u00e8 accasciato al suolo privo di vita. Solo l&#8217;autopsia potr\u00e0 chiarire il motivo della morte sulla quale la Procura ha aperto un&#8217;inchiesta.<\/p><\/blockquote>\n<p>&nbsp;<\/p>\n<hr \/>\n<blockquote>\n<h3><a href=\"https:\/\/www.radiopiu.net\/wordpress\/giornale-radiopiu-21-ottobre-2021-direttore-mirko-mezzacasa\/91af2457-add7-43f2-a5f9-45d9e9f0a43b\/\" rel=\"attachment wp-att-238169\"><img loading=\"lazy\" decoding=\"async\" class=\"wp-image-238169 alignleft\" src=\"https:\/\/www.radiopiu.net\/wordpress\/wp-content\/uploads\/2021\/10\/91af2457-add7-43f2-a5f9-45d9e9f0a43b-135x300.jpg\" alt=\"\" width=\"91\" height=\"202\" srcset=\"https:\/\/www.radiopiu.net\/wordpress\/wp-content\/uploads\/2021\/10\/91af2457-add7-43f2-a5f9-45d9e9f0a43b-135x300.jpg 135w, https:\/\/www.radiopiu.net\/wordpress\/wp-content\/uploads\/2021\/10\/91af2457-add7-43f2-a5f9-45d9e9f0a43b.jpg 361w\" sizes=\"auto, (max-width: 91px) 100vw, 91px\" \/><\/a>MEZZO FUORI STRADA, DISAGI ALLA ROTONDA DI FENER<\/h3>\n<\/blockquote>\n<p><strong>ALANO DI PIAVE<\/strong> I\u00a0 Vigili del Fuoco di Feltre unitamente ai volontari\u00a0 del Basso Feltrino sono intervenuti per un incidente stradale nel Comune di Alano di Piave, zona rotonda a valle di Fener. Nel pomeriggio di ieri alle 16 un mezzo pesante \u00e8 finito autononamente fuori strada, per il recupero si \u00e8 reso necessario l&#8217;intervento dell&#8217;autogru dei pompieri. Per i rilievi di legge sono intervenuti i\u00a0 Carabinieri, per la messa in sicurezza del tratto stradale l&#8217;ente proprietario della strada. L&#8217;intervento si \u00e9 concluso alle ore 21:30. (foto a sinistra, telegram viabilita&#8217; provincia di Belluno)<\/p>\n<p><a href=\"https:\/\/www.radiopiu.net\/wordpress\/giornale-radiopiu-21-ottobre-2021-direttore-mirko-mezzacasa\/1-91\/\" rel=\"attachment wp-att-238158\"><img loading=\"lazy\" decoding=\"async\" class=\"alignnone size-medium wp-image-238158\" src=\"https:\/\/www.radiopiu.net\/wordpress\/wp-content\/uploads\/2021\/10\/1-1-300x169.jpg\" alt=\"\" width=\"300\" height=\"169\" srcset=\"https:\/\/www.radiopiu.net\/wordpress\/wp-content\/uploads\/2021\/10\/1-1-300x169.jpg 300w, https:\/\/www.radiopiu.net\/wordpress\/wp-content\/uploads\/2021\/10\/1-1-1024x576.jpg 1024w, https:\/\/www.radiopiu.net\/wordpress\/wp-content\/uploads\/2021\/10\/1-1-768x432.jpg 768w, https:\/\/www.radiopiu.net\/wordpress\/wp-content\/uploads\/2021\/10\/1-1.jpg 1280w\" sizes=\"auto, (max-width: 300px) 100vw, 300px\" \/><\/a><\/p>\n<p>&nbsp;<\/p>\n<p>&nbsp;<\/p>\n<hr \/>\n<p>&nbsp;<\/p>\n<blockquote>\n<h2>VIOLENZE IN FAMIGLIA, RIMARRA&#8217; IN CARCERE PER 3 ANNI E 2 MESI<\/h2>\n<\/blockquote>\n<p><strong><a href=\"https:\/\/www.radiopiu.net\/wordpress\/luxottica-primo-giorno-da-green\/d114a40e-bd5d-4ed4-969a-c1cfff9b1497\/\" rel=\"attachment wp-att-237169\"><img loading=\"lazy\" decoding=\"async\" class=\" wp-image-237169 alignleft\" src=\"https:\/\/www.radiopiu.net\/wordpress\/wp-content\/uploads\/2021\/10\/d114a40e-bd5d-4ed4-969a-c1cfff9b1497-300x224.jpg\" alt=\"\" width=\"188\" height=\"140\" srcset=\"https:\/\/www.radiopiu.net\/wordpress\/wp-content\/uploads\/2021\/10\/d114a40e-bd5d-4ed4-969a-c1cfff9b1497-300x224.jpg 300w, https:\/\/www.radiopiu.net\/wordpress\/wp-content\/uploads\/2021\/10\/d114a40e-bd5d-4ed4-969a-c1cfff9b1497-1024x766.jpg 1024w, https:\/\/www.radiopiu.net\/wordpress\/wp-content\/uploads\/2021\/10\/d114a40e-bd5d-4ed4-969a-c1cfff9b1497-768x574.jpg 768w, https:\/\/www.radiopiu.net\/wordpress\/wp-content\/uploads\/2021\/10\/d114a40e-bd5d-4ed4-969a-c1cfff9b1497-1536x1149.jpg 1536w, https:\/\/www.radiopiu.net\/wordpress\/wp-content\/uploads\/2021\/10\/d114a40e-bd5d-4ed4-969a-c1cfff9b1497.jpg 2000w\" sizes=\"auto, (max-width: 188px) 100vw, 188px\" \/><\/a>BELLUNO<\/strong> Un quarantenne di Belluno \u00e8 in carcere a Baldenich, vi rester\u00e0 per 3 anni e 2 mesi per i reati di violenza sessuale, maltrattamenti e lesioni in famiglia. L&#8217;uomo A.C. (le iniziali) \u00e8 stato arrestato dal Nucleo Investigativo dei Carabinieri di Belluno.<\/p>\n<p><strong>LA VICENDA<\/strong><br \/>\nTutto ha inizio\u00a0 nell&#8217;agosto di quattro anni fa quando una donna, trentenne e convivente dell&#8217;uomo,\u00a0 si presenta al Comando dei Carabinieri con un occhio tumefatto, intenzionata a denunciare A.C. per il gesto violento. Gli uomini del Nucleo Investigativo dedicano tempo e attenzione al caso, negli approfondimenti successi il quadro si delinea: almeno dal 2015 la donna\u00a0 subische dal convivente violenze di vario genere (schiaffi, pizzicotti, calci), offese di tutti i tipi, controlli sul posto di lavoro e sul telefono, privazione dell&#8217;autonomia economica e decisionale, minacce di togliergli i figli minorenni e sbatterla oltre le mura di casa.<\/p>\n<p><strong>RECIDIVO<\/strong><br \/>\nDopo la denuncia l&#8217;uomo insiste, il mese successivo altri due episodi violenti, la donna\u00a0 viene sbattuta pi\u00f9 volte con il volto contro il muro, presa a pugni come conferma un referto medico (10 giorni di prognosi) oltre a immancabili insulti, oltraggiosi sputi e\u00a0 atti\u00a0 sessuali per nulla graditi.<\/p>\n<p><strong>LE INDAGINI<\/strong><br \/>\nI Carabinieri\u00a0 del Nucleo Investigativo portano sul tavolo del Giudice per le Indagini Preliminari un&#8217;esauriente e drammatica documentazione,\u00a0 e dal Tribunale il primo provvedimento nei confronti dell&#8217;uomo: misura cautelare di allontanamento dalla casa familiare.<\/p>\n<p><strong>LA SENTENZA<\/strong><br \/>\nL&#8217;iter processuale \u00e8 arrivato alla sentenza definitiva, il terzo grado (Cassazione) con la condanna a 3 anni e 2 mesi di reclusione. Pesanti le pene accessorie: decadenza perpetua della potest\u00e0 genitoriale, interdizione perpetua dall&#8217;esercizio di tutela e curatela, perdita dei diritti agli alimenti, interdizione perpetua da una professione e arte, esclusione dalla successione della persona offesa e dai pubblici uffici.<\/p>\n<p>&nbsp;<\/p>\n<hr \/>\n<p>&nbsp;<\/p>\n<blockquote>\n<h3>FORTE SCOSSA DI TERREMOTO AL CONFINE CON LA PROVINCIA<\/h3>\n<p>&nbsp;<\/p>\n<p>audio<\/p><\/blockquote>\n<audio class=\"wp-audio-shortcode\" id=\"audio-237945-1\" preload=\"none\" style=\"width: 100%;\" controls=\"controls\"><source type=\"audio\/mpeg\" src=\"https:\/\/www.radiopiu.net\/wordpress\/wp-content\/uploads\/2021\/10\/terremoto.mp3?_=1\" \/><a href=\"https:\/\/www.radiopiu.net\/wordpress\/wp-content\/uploads\/2021\/10\/terremoto.mp3\">https:\/\/www.radiopiu.net\/wordpress\/wp-content\/uploads\/2021\/10\/terremoto.mp3<\/a><\/audio>\n<blockquote>\n<blockquote>\n<h3>TOLMEZZO La terra ha tremato\u00a0 questa notte alle 2.28 a Tolmezzo, una scossa di terremoto magnitudo 3,7 ad una pro<img decoding=\"async\" class=\"_2dXkT _1ctu4 i0jNr\" draggable=\"true\" src=\"blob:https:\/\/web.whatsapp.com\/c3ef4828-8488-4ff5-9d5e-3d087b184e32\" alt=\"\" crossorigin=\"anonymous\" \/>fondit\u00e0 di 13 chilometri.<br \/>\nSeconda scossa alle 4.30 a Moggio Udinese e alle 7 03 una altra lieve scossa 1,3 di magnitudo<\/h3>\n<\/blockquote>\n\n\t\t\t<style type='text\/css'>\n\t\t\t\t#gallery-2 {\n\t\t\t\t\tmargin: auto;\n\t\t\t\t}\n\t\t\t\t#gallery-2 .gallery-item {\n\t\t\t\t\tfloat: left;\n\t\t\t\t\tmargin-top: 10px;\n\t\t\t\t\ttext-align: center;\n\t\t\t\t\twidth: 33%;\n\t\t\t\t}\n\t\t\t\t#gallery-2 img {\n\t\t\t\t\tborder: 2px solid #cfcfcf;\n\t\t\t\t}\n\t\t\t\t#gallery-2 .gallery-caption {\n\t\t\t\t\tmargin-left: 0;\n\t\t\t\t}\n\t\t\t\t\/* see gallery_shortcode() in wp-includes\/media.php *\/\n\t\t\t<\/style>\n\t\t<div id='gallery-2' class='dt-gallery-container gallery galleryid-237945 gallery-columns-3 gallery-size-thumbnail'><dl class='gallery-item'>\n\t\t\t\t<dt class='gallery-icon portrait'>\n\t\t\t\t\t<a class=\"rollover rollover-zoom dt-pswp-item\" title=\"c2ca7eaf-2123-42a6-8535-fc5cd6166fbc\" data-dt-img-description=\"\" data-large_image_width=\"746\" data-large_image_height=\"1600\"href='https:\/\/www.radiopiu.net\/wordpress\/wp-content\/uploads\/2021\/10\/c2ca7eaf-2123-42a6-8535-fc5cd6166fbc.jpg'><img loading=\"lazy\" decoding=\"async\" width=\"150\" height=\"150\" src=\"https:\/\/www.radiopiu.net\/wordpress\/wp-content\/uploads\/2021\/10\/c2ca7eaf-2123-42a6-8535-fc5cd6166fbc-150x150.jpg\" class=\"attachment-thumbnail size-thumbnail\" alt=\"\" \/><\/a>\n\t\t\t\t<\/dt><\/dl><dl class='gallery-item'>\n\t\t\t\t<dt class='gallery-icon portrait'>\n\t\t\t\t\t<a class=\"rollover rollover-zoom dt-pswp-item\" title=\"6700cdfa-05da-4440-a041-b20da68cd94c\" data-dt-img-description=\"\" data-large_image_width=\"746\" data-large_image_height=\"1600\"href='https:\/\/www.radiopiu.net\/wordpress\/wp-content\/uploads\/2021\/10\/6700cdfa-05da-4440-a041-b20da68cd94c.jpg'><img loading=\"lazy\" decoding=\"async\" width=\"150\" height=\"150\" src=\"https:\/\/www.radiopiu.net\/wordpress\/wp-content\/uploads\/2021\/10\/6700cdfa-05da-4440-a041-b20da68cd94c-150x150.jpg\" class=\"attachment-thumbnail size-thumbnail\" alt=\"\" \/><\/a>\n\t\t\t\t<\/dt><\/dl><dl class='gallery-item'>\n\t\t\t\t<dt class='gallery-icon portrait'>\n\t\t\t\t\t<a class=\"rollover rollover-zoom dt-pswp-item\" title=\"2f5482a1-95b0-46c6-8d2d-e46d8a2f5ea9\" data-dt-img-description=\"\" data-large_image_width=\"998\" data-large_image_height=\"1600\"href='https:\/\/www.radiopiu.net\/wordpress\/wp-content\/uploads\/2021\/10\/2f5482a1-95b0-46c6-8d2d-e46d8a2f5ea9.jpg'><img loading=\"lazy\" decoding=\"async\" width=\"150\" height=\"150\" src=\"https:\/\/www.radiopiu.net\/wordpress\/wp-content\/uploads\/2021\/10\/2f5482a1-95b0-46c6-8d2d-e46d8a2f5ea9-150x150.jpg\" class=\"attachment-thumbnail size-thumbnail\" alt=\"\" \/><\/a>\n\t\t\t\t<\/dt><\/dl><br style=\"clear: both\" \/>\n\t\t\t<\/div>\n\n\n\t\t\t<style type='text\/css'>\n\t\t\t\t#gallery-3 {\n\t\t\t\t\tmargin: auto;\n\t\t\t\t}\n\t\t\t\t#gallery-3 .gallery-item {\n\t\t\t\t\tfloat: left;\n\t\t\t\t\tmargin-top: 10px;\n\t\t\t\t\ttext-align: center;\n\t\t\t\t\twidth: 33%;\n\t\t\t\t}\n\t\t\t\t#gallery-3 img {\n\t\t\t\t\tborder: 2px solid #cfcfcf;\n\t\t\t\t}\n\t\t\t\t#gallery-3 .gallery-caption {\n\t\t\t\t\tmargin-left: 0;\n\t\t\t\t}\n\t\t\t\t\/* see gallery_shortcode() in wp-includes\/media.php *\/\n\t\t\t<\/style>\n\t\t<div id='gallery-3' class='dt-gallery-container gallery galleryid-237945 gallery-columns-3 gallery-size-thumbnail'><dl class='gallery-item'>\n\t\t\t\t<dt class='gallery-icon portrait'>\n\t\t\t\t\t<a class=\"rollover rollover-zoom dt-pswp-item\" title=\"489ea8fe-5e6f-4e39-b598-473cd4b51bee\" data-dt-img-description=\"\" data-large_image_width=\"955\" data-large_image_height=\"2048\"href='https:\/\/www.radiopiu.net\/wordpress\/wp-content\/uploads\/2021\/10\/489ea8fe-5e6f-4e39-b598-473cd4b51bee-1.jpg'><img loading=\"lazy\" decoding=\"async\" width=\"150\" height=\"150\" src=\"https:\/\/www.radiopiu.net\/wordpress\/wp-content\/uploads\/2021\/10\/489ea8fe-5e6f-4e39-b598-473cd4b51bee-1-150x150.jpg\" class=\"attachment-thumbnail size-thumbnail\" alt=\"\" \/><\/a>\n\t\t\t\t<\/dt><\/dl><dl class='gallery-item'>\n\t\t\t\t<dt class='gallery-icon portrait'>\n\t\t\t\t\t<a class=\"rollover rollover-zoom dt-pswp-item\" title=\"eed14065-5b62-4389-851a-2edcca831867\" data-dt-img-description=\"\" data-large_image_width=\"955\" data-large_image_height=\"2048\"href='https:\/\/www.radiopiu.net\/wordpress\/wp-content\/uploads\/2021\/10\/eed14065-5b62-4389-851a-2edcca831867-1.jpg'><img loading=\"lazy\" decoding=\"async\" width=\"150\" height=\"150\" src=\"https:\/\/www.radiopiu.net\/wordpress\/wp-content\/uploads\/2021\/10\/eed14065-5b62-4389-851a-2edcca831867-1-150x150.jpg\" class=\"attachment-thumbnail size-thumbnail\" alt=\"\" \/><\/a>\n\t\t\t\t<\/dt><\/dl><dl class='gallery-item'>\n\t\t\t\t<dt class='gallery-icon landscape'>\n\t\t\t\t\t<a class=\"rollover rollover-zoom dt-pswp-item\" title=\"c3ef4828-8488-4ff5-9d5e-3d087b184e32\" data-dt-img-description=\"\" data-large_image_width=\"1080\" data-large_image_height=\"1040\"href='https:\/\/www.radiopiu.net\/wordpress\/wp-content\/uploads\/2021\/10\/c3ef4828-8488-4ff5-9d5e-3d087b184e32.jpg'><img loading=\"lazy\" decoding=\"async\" width=\"150\" height=\"150\" src=\"https:\/\/www.radiopiu.net\/wordpress\/wp-content\/uploads\/2021\/10\/c3ef4828-8488-4ff5-9d5e-3d087b184e32-150x150.jpg\" class=\"attachment-thumbnail size-thumbnail\" alt=\"\" \/><\/a>\n\t\t\t\t<\/dt><\/dl><br style=\"clear: both\" \/>\n\t\t\t<\/div>\n\n<p>&nbsp;<\/p><\/blockquote>\n<hr \/>\n<p>&nbsp;<\/p>\n<blockquote>\n<h3>CICLISTA INVESTITO IN VIA PELLEGRINI<\/h3>\n<p><strong>BELLUNO<\/strong> Ieri mattina alle 9 un ciclista \u00e8 stato investito nella rotatoria tra le vie Pellegrini e Doglioni. R.L.,\u00a0 43enne bellunese ha riportato fratture e contusioni. Portato al Pronto soccorso, \u00e8 stato dimesso alcune ore dopo.<\/p><\/blockquote>\n<p>&nbsp;<\/p>\n<hr \/>\n<p>&nbsp;<\/p>\n<p><span style=\"color: #ff0000;\">sul CORRIERE DELLE ALPI\u00a0\u00a0<\/span><\/p>\n<blockquote>\n<h3>BANDA DEL BANCOMAT, 49 ANNI DI CARCERE AI 5 GIOSTRAI<\/h3>\n<p><strong><a href=\"https:\/\/www.radiopiu.net\/wordpress\/la-diocesi-e-presente-quale-parte-offesa-in-un-procedimento-penale\/tribunale-belluno\/\" rel=\"attachment wp-att-232453\"><img loading=\"lazy\" decoding=\"async\" class=\"wp-image-232453 alignleft\" src=\"https:\/\/www.radiopiu.net\/wordpress\/wp-content\/uploads\/2021\/09\/tribunale-belluno-300x200.jpg\" alt=\"\" width=\"185\" height=\"123\" srcset=\"https:\/\/www.radiopiu.net\/wordpress\/wp-content\/uploads\/2021\/09\/tribunale-belluno-300x200.jpg 300w, https:\/\/www.radiopiu.net\/wordpress\/wp-content\/uploads\/2021\/09\/tribunale-belluno-768x511.jpg 768w, https:\/\/www.radiopiu.net\/wordpress\/wp-content\/uploads\/2021\/09\/tribunale-belluno.jpg 778w\" sizes=\"auto, (max-width: 185px) 100vw, 185px\" \/><\/a>BELLUNO<\/strong> La pubblica accusa, il pm padovano Benedetto Roberti, aveva chiesto una condanna complessiva a 56 anni di carcere. E il tribunale di Padova ha accolto quasi in pieno la richiesta infliggendo ben 49 anni e 2 mesi (oltre a una multa che, in cifra tonda, totalizza 191 mila e 200 euro) ai cinque imputati ritenuti responsabili di far parte della banda di giostrai di origine sinti, accusata di aver assaltato ben 33 bancomat tra il Veneto, il Trentino Aldo Adige e l&#8217;Emilia Romagna, compreso il colpo al bancomat di Arten<\/p><\/blockquote>\n<p>&nbsp;<\/p>\n<hr \/>\n<hr \/>\n<p>&nbsp;<\/p>\n<blockquote>\n<h3>LA ZANZARA COREANA&#8230; BELLUNESE, DAL 2011<\/h3>\n<\/blockquote>\n<p><a href=\"https:\/\/www.radiopiu.net\/wordpress\/la-zanzara-coreana-bellunese-dal-2011\/th-222\/\" rel=\"attachment wp-att-238189\"><img loading=\"lazy\" decoding=\"async\" class=\"wp-image-238189 alignleft\" src=\"https:\/\/www.radiopiu.net\/wordpress\/wp-content\/uploads\/2021\/10\/th-19.jpg\" alt=\"\" width=\"95\" height=\"65\" \/><\/a><strong>DAL NOTIZIARIO DELLE SEI DEL MATTINO\u00a0<\/strong><\/p>\n<p>&nbsp;<\/p>\n<p>&nbsp;<\/p>\n<audio class=\"wp-audio-shortcode\" id=\"audio-237945-2\" preload=\"none\" style=\"width: 100%;\" controls=\"controls\"><source type=\"audio\/mpeg\" src=\"https:\/\/www.radiopiu.net\/wordpress\/wp-content\/uploads\/2021\/10\/zanzara.mp3?_=2\" \/><a href=\"https:\/\/www.radiopiu.net\/wordpress\/wp-content\/uploads\/2021\/10\/zanzara.mp3\">https:\/\/www.radiopiu.net\/wordpress\/wp-content\/uploads\/2021\/10\/zanzara.mp3<\/a><\/audio>\n<p>&nbsp;<\/p>\n<p>&nbsp;<\/p>\n<hr \/>\n<blockquote>\n<h3><\/h3>\n<h3>ACC, IL CONTO ALLA ROVESCIA VERSO IL DRAMMA<\/h3>\n<\/blockquote>\n<blockquote>\n<h3><em>\u00a0si va verso la de-industrializzazione di comparti fondamentali, \u00a0e la &#8220;prosecchizzazione&#8221; universale non ne \u00e8 l\u2019antidoto.\u00a0<\/em><\/h3>\n<\/blockquote>\n<p>&nbsp;<\/p>\n<p><strong><a href=\"https:\/\/www.radiopiu.net\/wordpress\/doppio-silenzio-del-mise-un-attacco-indiretto-ai-posti-di-lavoro-di-borgo-valbelluna\/808d5912-a714-45f8-b1f6-ecfe9e03d925-2\/\" rel=\"attachment wp-att-219343\"><img loading=\"lazy\" decoding=\"async\" class=\"size-medium wp-image-219343 alignleft\" src=\"https:\/\/www.radiopiu.net\/wordpress\/wp-content\/uploads\/2021\/07\/808d5912-a714-45f8-b1f6-ecfe9e03d925-300x225.jpg\" alt=\"\" width=\"300\" height=\"225\" srcset=\"https:\/\/www.radiopiu.net\/wordpress\/wp-content\/uploads\/2021\/07\/808d5912-a714-45f8-b1f6-ecfe9e03d925-300x225.jpg 300w, https:\/\/www.radiopiu.net\/wordpress\/wp-content\/uploads\/2021\/07\/808d5912-a714-45f8-b1f6-ecfe9e03d925-1024x768.jpg 1024w, https:\/\/www.radiopiu.net\/wordpress\/wp-content\/uploads\/2021\/07\/808d5912-a714-45f8-b1f6-ecfe9e03d925-768x576.jpg 768w, https:\/\/www.radiopiu.net\/wordpress\/wp-content\/uploads\/2021\/07\/808d5912-a714-45f8-b1f6-ecfe9e03d925-1536x1152.jpg 1536w, https:\/\/www.radiopiu.net\/wordpress\/wp-content\/uploads\/2021\/07\/808d5912-a714-45f8-b1f6-ecfe9e03d925.jpg 2048w\" sizes=\"auto, (max-width: 300px) 100vw, 300px\" \/><\/a>BORGO VALBELLUNA<\/strong> Il termine &#8220;dramma&#8221; non \u00e8 calato in modo casuale, tale \u00e8 per gli operai e le famiglie coinvolte che non vedono azzurro all&#8217;orizzonte. La\u00a0 vicenda di ACC \u00e8 giunta alla battute finali: la straordinaria resistenza della \u201cRepubblica Operaia\u201d di Mel sta per cessare. A Belluno forse non c\u2019\u00e8 adeguata consapevolezza dell\u2019urgenza tremenda di trovare una soluzione. Il dibattito politico, ma anche quello sindacale, hanno forse troppo spesso inseguito la cronaca di una vicenda peraltro piena di colpi di scena come un film horror. E hanno trascurato le questioni-chiave che cos\u00ec riassume Stefano Bona della Fiom Cgil:<br \/>\n<em>&#8220;Nel 1979, fu introdotta in Italia con la Legge Prodi <a href=\"https:\/\/www.radiopiu.net\/wordpress\/dramma-acc-il-conto-alla-rovescia-verso-lo-scadere\/e441f213-b10d-4e62-94a2-365112ee5162\/\" rel=\"attachment wp-att-238021\"><img loading=\"lazy\" decoding=\"async\" class=\" wp-image-238021 alignright\" src=\"https:\/\/www.radiopiu.net\/wordpress\/wp-content\/uploads\/2021\/10\/e441f213-b10d-4e62-94a2-365112ee5162-300x216.jpg\" alt=\"\" width=\"392\" height=\"282\" srcset=\"https:\/\/www.radiopiu.net\/wordpress\/wp-content\/uploads\/2021\/10\/e441f213-b10d-4e62-94a2-365112ee5162-300x216.jpg 300w, https:\/\/www.radiopiu.net\/wordpress\/wp-content\/uploads\/2021\/10\/e441f213-b10d-4e62-94a2-365112ee5162-1024x737.jpg 1024w, https:\/\/www.radiopiu.net\/wordpress\/wp-content\/uploads\/2021\/10\/e441f213-b10d-4e62-94a2-365112ee5162-768x553.jpg 768w, https:\/\/www.radiopiu.net\/wordpress\/wp-content\/uploads\/2021\/10\/e441f213-b10d-4e62-94a2-365112ee5162-1536x1106.jpg 1536w, https:\/\/www.radiopiu.net\/wordpress\/wp-content\/uploads\/2021\/10\/e441f213-b10d-4e62-94a2-365112ee5162.jpg 1600w\" sizes=\"auto, (max-width: 392px) 100vw, 392px\" \/><\/a>l\u2019amministrazione straordinaria per le grandi imprese in crisi: uno strumento diversissimo dalle tradizionali procedure fallimentari, orientate alla tutela dei creditori, perch\u00e9 invece orientato alla tutela della continuit\u00e0 industriale e occupazionale delle aziende. ACC \u00e8 il primo caso, in oltre 40 anni di storia della Legge Prodi, in cui non vengono messe a disposizione dell\u2019azienda in crisi &#8211; come pur la legge prevede &#8211; le risorse finanziarie indispensabili per gestirla sino alla sua cessione sul mercato.\u00a0 Le responsabilit\u00e0 della Commissione Europea sono soverchiate da quelle del Governo nazionale, che da 9 mesi esatti ha giurato di trovare una soluzione senza mai riuscirci. Tutti i partiti che siedono nell\u2019Esecutivo Draghi hanno il dovere politico e morale di trovare un rimedio efficace a quelli che lo stesso ministro D\u2019Inc\u00e0 ha definito \u201cgli errori di progettazione\u201d dell\u2019art. 37 del Decreto Sostegni. Hanno solo qualche giorno per farlo&#8221;.\u00a0 <\/em>Non si pu\u00f2 ragionare di Mel, e cio\u00e8 dell\u2019unica fabbrica italiana di compressori, senza parlare di una politica industriale per l\u2019elettrodomestico. E\u2019 un settore in cui l\u2019Italia \u00e8 stata leader europeo indiscusso fino alla fine degli Anni \u201890: poi \u00e8 cominciato un declino tanto pi\u00f9 profondo quanto pi\u00f9 ingiustificato (la Germania per esempio ha ancora insediamenti rilevantissimi nel suo territorio). <em>&#8220;Vogliamo\u00a0 &#8211; dice Bona &#8211;\u00a0 che siamo al centro della grande transizione ecologica e di fronte a una marcata ripresa degli investimenti per l\u2019abitazione, abbandonare una filiera strategica per il Veneto e l\u2019Italia? Ha senso difendere i frigoriferi di Susegana se non si difendono i compressori di Mel, quando le performance ambientali dei primi dipendono dalla tecnologia dei secondi? E vogliamo continuare, con la persistente tempesta in atto nelle catene di fornitura globalizzate, a dipendere per oltre il 90% da importazioni cinesi, rinunciando all\u2019unica seria piattaforma produttiva in Italia e in Europa?&#8221; <\/em>Se il Governo centrale, che in questa vicenda contraddice disastrosamente tutto il bene che sta facendo altrove, alterna solo amnesie e autogol, la Regione Veneto, che invece sta seguendo ACC da anni con passione e con iniziative serie, fino a quando potr\u00e0 tollerare di veder trascurato e maltrattato un suo patrimonio industriale essenziale per gli equilibri della manifattura bellunese e non solo? <em>&#8220;E fino a quando\u00a0 &#8211; conclude il sindacalista da sempre in prima linea a\u00a0 difesa dello stabilimento bellunese &#8211; potr\u00e0 essere condannata all\u2019impotenza per l\u2019assenza di rapidi ed efficaci strumenti di intervento (Veneto Sviluppo \u00e8 uno schioppo-giocattolo per bambini, comparato a Friulia) E\u2019 in queste partite che si vede la vera autonomia: senza una vera politica industriale non si va da nessuna parte&#8221;\u00a0<\/em><\/p>\n<p>&nbsp;<\/p>\n<p>&nbsp;<\/p>\n<hr \/>\n<p><strong>\u00a0\u00a0<\/strong><\/p>\n<blockquote>\n<h3>ESCURSIONISTA IN DIFFICOLTA&#8217; SOPRA RIO SALERE<\/h3>\n<\/blockquote>\n<p><strong><a href=\"https:\/\/www.radiopiu.net\/wordpress\/escursionista-in-diffcolta-sopra-rio-salere\/point-blur_oct202021_150642\/\" rel=\"attachment wp-att-238062\"><img loading=\"lazy\" decoding=\"async\" class=\"size-medium wp-image-238062 alignleft\" src=\"https:\/\/www.radiopiu.net\/wordpress\/wp-content\/uploads\/2021\/10\/Point-Blur_Oct202021_150642-225x300.jpg\" sizes=\"auto, (max-width: 225px) 100vw, 225px\" srcset=\"https:\/\/www.radiopiu.net\/wordpress\/wp-content\/uploads\/2021\/10\/Point-Blur_Oct202021_150642-225x300.jpg 225w, https:\/\/www.radiopiu.net\/wordpress\/wp-content\/uploads\/2021\/10\/Point-Blur_Oct202021_150642-768x1024.jpg 768w, https:\/\/www.radiopiu.net\/wordpress\/wp-content\/uploads\/2021\/10\/Point-Blur_Oct202021_150642-1152x1536.jpg 1152w, https:\/\/www.radiopiu.net\/wordpress\/wp-content\/uploads\/2021\/10\/Point-Blur_Oct202021_150642.jpg 1296w\" alt=\"\" width=\"225\" height=\"300\" \/><\/a><\/strong><\/p>\n<p><strong>\u00a0 <\/strong><\/p>\n<p><strong>\u00a0<\/strong><strong>PONTE NELLE ALPI<\/strong> Ieri attorno a mezzogiorno il Soccorso alpino di Longarone e Belluno sono stati allertati dalla Centrale del 118, per un\u2019escursionista in difficolt\u00e0 sopra Rio Salere. La donna, 56 anni, di Ponte nelle Alpi, era partita con i suoi due pastori tedeschi da Polpet per una camminata lungo il sentiero che porta alla Chiesetta di Sant\u2019Andrea in Monte, ma ad un certo punto i due cani erano usciti dall\u2019itinerario seguendo una traccia. Andando loro dietro, l\u2019escursionista era rimasta incrodata 200 metri sopra il sentiero, incapace di ritornare sui suoi passi. In contatto telefonico con lei, risaliti alla posizione tramite Whatsapp, i primi soccorritori la hanno raggiunta. Una seconda squadra \u00e8 poi arrivata in supporto alle operazioni. I soccorritori hanno imbragato la donna e la hanno assicurata per riaccompagnarla sul percorso corretto, tenendo al contempo i due cani.<\/p>\n<p>&nbsp;<\/p>\n<hr \/>\n<p>&nbsp;<\/p>\n<h2><span style=\"color: #ff0000;\">IERI ALLA RADIO\u00a0<\/span><\/h2>\n<p>APPROVATA LA LEGGE DI TUTELA DELLE MINORANZE LINGUISTICHE<\/p>\n<p><b><img loading=\"lazy\" decoding=\"async\" class=\"alignleft\" src=\"https:\/\/www.radiopiu.net\/wordpress\/wp-content\/uploads\/2021\/10\/consiglieri019-scaled.jpg\" width=\"136\" height=\"198\" \/>VENEZIA\u00a0 <\/b>Il Consiglio regionale del Veneto ha approvato il progetto di legge del consigliere Silvia Cestaro per la tutela delle minoranze linguistiche cimbra, ladina e friulana.\u00a0 Per la provincia di Belluno \u00e8 un importante passo in avanti, perch\u00e9 si vede riconosciuta la possibilit\u00e0 di gestire, in accordo con la Federazione Ladina, i contributi che la Regione assegner\u00e0. Sar\u00e0 quindi Palazzo Piloni a coordinare tutte le iniziative finalizzate a valorizzare il patrimonio culturale ladino. Inoltre l\u2019ente, nel 2021, potr\u00e0 contare anche su un finanziamento speciale di 50 mila euro erogato da Venezia per l\u2019acquisizione del patrimonio bibliografico &#8211; culturale dell\u2019Istituto Ladin de la Dolomities di Borca di Cadore.<\/p>\n<p><strong>IL CONSIGLIERE REGIONALE SILVIA CESTARO<\/strong><\/p>\n<audio class=\"wp-audio-shortcode\" id=\"audio-237945-3\" preload=\"none\" style=\"width: 100%;\" controls=\"controls\"><source type=\"audio\/mpeg\" src=\"https:\/\/www.radiopiu.net\/wordpress\/wp-content\/uploads\/2021\/10\/CESTARO-1.mp3?_=3\" \/><a href=\"https:\/\/www.radiopiu.net\/wordpress\/wp-content\/uploads\/2021\/10\/CESTARO-1.mp3\">https:\/\/www.radiopiu.net\/wordpress\/wp-content\/uploads\/2021\/10\/CESTARO-1.mp3<\/a><\/audio>\n<p>&nbsp;<\/p>\n<p>&nbsp;<\/p>\n<hr \/>\n<p>&nbsp;<\/p>\n<blockquote>\n<h3>A BREVE INIZIANO I LAVORI SULLA STRADA CHE PORTA ALL&#8217;ELIPORTO SULLA PIANA DI MOGN<\/h3>\n<\/blockquote>\n<p><strong><a href=\"https:\/\/www.radiopiu.net\/wordpress\/a-breve-iniziano-i-lavori-sulla-strada-che-porta-a-lelisoccorso-sulla-piana-di-mogn\/eliporto-agordo-2\/\" rel=\"attachment wp-att-238118\"><img loading=\"lazy\" decoding=\"async\" class=\"size-medium wp-image-238118 alignleft\" src=\"https:\/\/www.radiopiu.net\/wordpress\/wp-content\/uploads\/2021\/10\/ELIPORTO-AGORDO-300x155.png\" alt=\"\" width=\"300\" height=\"155\" srcset=\"https:\/\/www.radiopiu.net\/wordpress\/wp-content\/uploads\/2021\/10\/ELIPORTO-AGORDO-300x155.png 300w, https:\/\/www.radiopiu.net\/wordpress\/wp-content\/uploads\/2021\/10\/ELIPORTO-AGORDO-1024x530.png 1024w, https:\/\/www.radiopiu.net\/wordpress\/wp-content\/uploads\/2021\/10\/ELIPORTO-AGORDO-768x397.png 768w, https:\/\/www.radiopiu.net\/wordpress\/wp-content\/uploads\/2021\/10\/ELIPORTO-AGORDO-1536x794.png 1536w, https:\/\/www.radiopiu.net\/wordpress\/wp-content\/uploads\/2021\/10\/ELIPORTO-AGORDO.png 1690w\" sizes=\"auto, (max-width: 300px) 100vw, 300px\" \/><\/a>AGORDO<\/strong><\/p>\n<p>di Gianni Santomaso<\/p>\n<audio class=\"wp-audio-shortcode\" id=\"audio-237945-4\" preload=\"none\" style=\"width: 100%;\" controls=\"controls\"><source type=\"audio\/mpeg\" src=\"https:\/\/www.radiopiu.net\/wordpress\/wp-content\/uploads\/2021\/10\/GIANNI-PIAZZOLA-ELISOCCORSO-AGORDO.mp3?_=4\" \/><a href=\"https:\/\/www.radiopiu.net\/wordpress\/wp-content\/uploads\/2021\/10\/GIANNI-PIAZZOLA-ELISOCCORSO-AGORDO.mp3\">https:\/\/www.radiopiu.net\/wordpress\/wp-content\/uploads\/2021\/10\/GIANNI-PIAZZOLA-ELISOCCORSO-AGORDO.mp3<\/a><\/audio>\n<p>&nbsp;<\/p>\n<hr \/>\n<p>&nbsp;<\/p>\n<blockquote>\n<h3><strong>VENETO: IL 10% DEI LAVORATORI ARRIVA DA FUORI REGIONE<\/strong><\/h3>\n<p>&nbsp;<\/p><\/blockquote>\n<p><em>Indagine dell\u2019Osservatorio Mercato del Lavoro sulla mobilit\u00e0 geografica dei lavoratori assunti in Veneto e sul tasso di copertura con manodopera locale della domanda di lavoro espressa dal sistema produttivo regionale. Belluno e Verona i territori con il maggior numero di assunzioni di lavoratori fuori regione. Costruzioni, industria dei mezzi di trasporto e servizi \u201cevoluti\u201d i settori pi\u00f9 attrattivi<\/em><\/p>\n<p><a href=\"https:\/\/www.radiopiu.net\/wordpress\/giornale-radiopiu-19-giugno-2018-direttore-mirko-mezzacasa\/lavoro-addetto-mensa-cuoco\/\" rel=\"attachment wp-att-51211\"><img loading=\"lazy\" decoding=\"async\" class=\" wp-image-51211 alignleft\" src=\"https:\/\/www.radiopiu.net\/wordpress\/wp-content\/uploads\/2018\/06\/lavoro-addetto-mensa-cuoco-300x176.jpg\" alt=\"\" width=\"205\" height=\"120\" srcset=\"https:\/\/www.radiopiu.net\/wordpress\/wp-content\/uploads\/2018\/06\/lavoro-addetto-mensa-cuoco-300x176.jpg 300w, https:\/\/www.radiopiu.net\/wordpress\/wp-content\/uploads\/2018\/06\/lavoro-addetto-mensa-cuoco.jpg 499w\" sizes=\"auto, (max-width: 205px) 100vw, 205px\" \/><\/a>Oltre il 10% delle assunzioni effettuate ogni anno in Veneto riguarda lavoratori domiciliati fuori regione, prevalentemente nei territori confinanti, ma anche dal Sud Italia. \u00c8 quanto emerge dall\u2019indagine dell\u2019Osservatorio Mercato del Lavoro di Veneto Lavoro sulla domanda di lavoro coperta dalla manodopera locale e sulla mobilit\u00e0 geografica dei lavoratori assunti, con riferimento ai tre principali contratti di lavoro dipendente. Il flusso di lavoratori provenienti da fuori regione ha infatti toccato il minimo storico nel 2013 (47 mila) quando si \u00e8 registrato il numero di assunzioni complessivamente pi\u00f9 basso (503 mila in tutto il Veneto), mentre il massimo si \u00e8 registrato nel 2019 con quasi 84 mila assunzioni di lavoratori domiciliati fuori regione su un totale di 675 mila assunzioni. Nella media 2008-2019, a livello territoriale il maggior numero di lavoratori non veneti si registra nei territori di confine e in particolare a Belluno (13,8% sul totale), Verona (12,4%), Rovigo (11,9%) e Venezia (11,1%). I settori maggiormente attrattivi per i lavoratori provenienti da altre regioni italiane sono le costruzioni 24%, l\u2019industria dei mezzi di trasporto 19%,\u00a0 servizi finanziari 18%, ricerca&amp;sviluppo 18%,\u00a0 servizi informatici 16% istruzione 13%, editoria e cultura 47%. Agricoltura e industrie della moda sono invece i settori che attingono maggiormente alla manodopera regionale, con il 94% di assunzioni riguardante lavoratori domiciliati in Veneto. Guardando invece alla prospettiva dell\u2019offerta di lavoro, ovvero dove i domiciliati in un certo territorio vanno a lavorare, emerge che sono assunti nella stessa provincia di domicilio il 95% dei veronesi, il 90% dei bellunesi, l\u201988% dei veneziani, l\u201986% dei vicentini, il 78% dei trevigiani e dei rodigini, e il 78% dei padovani.<\/p>\n<div>La pubblicazione dell\u2019Osservatorio Mercato del Lavoro \u201c<b>Domanda di lavoro e mobilit\u00e0 geografica dell\u2019offerta<\/b>\u201d \u00e8 disponibile nella pagina dedicata del sito di Veneto Lavoro <a href=\"https:\/\/www.venetolavoro.it\/misure\">www.venetolavoro.it\/misure<\/a>.<\/div>\n<p>&nbsp;<\/p>\n<p>&nbsp;<\/p>\n<hr \/>\n<p>&nbsp;<\/p>\n<blockquote>\n<h2>PROGRAMMA CAMPUS, LUXOTTICA CERCA OTTICI<\/h2>\n<\/blockquote>\n<blockquote><p><em>Lo scorso anno attraverso il Programma Campus sono stati attivati 84 stage su tutto il territorio nazionale: 19 nel Nord Ovest, 10 nel Nord Est, 26 al Centro e 29 nel Sud e nelle Isole con un\u2019et\u00e0 media di 23 anni dei candidati selezionati.<\/em><\/p><\/blockquote>\n<p><strong>MILANO<\/strong> Il Programma Campus di Salmoiraghi &amp; Vigan\u00f2, nato lo scorso anno in piena pandemia, offre a tanti giovani l\u2019opportunit\u00e0 di imparare la professione di ottico sul campo, attraverso processi di inserimento al lavoro e opportunit\u00e0 di specializzazione. I profili selezionati, provenienti dalle scuole italiane di ottica, saranno inseriti all\u2019interno dello staff nei punti vendita Salmoiraghi &amp; Vigan\u00f2 e <em><a href=\"https:\/\/www.radiopiu.net\/wordpress\/programma-campus-luxottica-cerca-ottici\/th-220\/\" rel=\"attachment wp-att-238038\"><img loading=\"lazy\" decoding=\"async\" class=\"size-full wp-image-238038 alignright\" src=\"https:\/\/www.radiopiu.net\/wordpress\/wp-content\/uploads\/2021\/10\/th-17.jpg\" alt=\"\" width=\"260\" height=\"260\" srcset=\"https:\/\/www.radiopiu.net\/wordpress\/wp-content\/uploads\/2021\/10\/th-17.jpg 260w, https:\/\/www.radiopiu.net\/wordpress\/wp-content\/uploads\/2021\/10\/th-17-150x150.jpg 150w\" sizes=\"auto, (max-width: 260px) 100vw, 260px\" \/><\/a><\/em>nei negozi Ray-Ban in tutta Italia e avranno la possibilit\u00e0 di approcciare la professione in una realt\u00e0 unica e internazionale. Un contratto a tempo determinato per chi aspira a diventare un professionista dell\u2019ottica con un premio di inserimento di 2.500 Euro e la conferma a tempo indeterminato per chi si sar\u00e0 distinto nel percorso. L\u2019iniziativa si inserisce in un complesso pi\u00f9 ampio di attivit\u00e0 dedicate alla formazione. Luxottica vuole valorizzare la professionalit\u00e0 e il talento e aprire nuovi percorsi per accedere al mondo del lavoro.<\/p>\n<p><em>\u201cPassione e competenza, queste le caratteristiche che cerchiamo nei candidati al Programma Campus. L\u2019azienda crede fortemente che il futuro del settore passi dalla formazione e per questo puntiamo sui giovani e sulle loro capacit\u00e0\u201d<\/em> ha dichiarato Leonardo Maria Del Vecchio, Amministratore Delegato di Salmoiraghi &amp; Vigan\u00f2 (foto) <em>\u201cLa finalit\u00e0 dell\u2019iniziativa \u00e8 duplice: da una parte offrire un\u2019opportunit\u00e0 importante a chi vuole approcciarsi a questo mestiere in un contesto dinamico e collegato con il mercato dell\u2019eyewear e dell\u2019eyecare internazionale; dall\u2019altra favorire l\u2019avvio di un una rete interna di talenti che promuova l\u2019inserimento virtuoso di nuove competenze.\u201d<\/em><\/p>\n<p>&nbsp;<\/p>\n<p>&nbsp;<\/p>\n<hr \/>\n<p>&nbsp;<\/p>\n<p>&nbsp;<\/p>\n<blockquote>\n<h2>LA RISPOSTA AL PRESIDENTE DELLA CAMERA DI COMMERCIO<\/h2>\n<\/blockquote>\n<p>&nbsp;<\/p>\n<p><strong>BELLUNO\u00a0\u00a0<\/strong><\/p>\n<p><strong>di FABIO SCOPEL_FAISA CISAL (DOLOMITIBUS)<\/strong><\/p>\n<p><strong>\u00a0<\/strong><\/p>\n<blockquote><p><strong><a href=\"https:\/\/www.radiopiu.net\/wordpress\/giornale-radiopiu-18-ottobre-2021-direttore-mirko-mezzacasa\/9396bbfc-2818-4225-b55d-9a56c39206f1\/\" rel=\"attachment wp-att-237486\"><img loading=\"lazy\" decoding=\"async\" class=\"size-medium wp-image-237486 alignleft\" src=\"https:\/\/www.radiopiu.net\/wordpress\/wp-content\/uploads\/2021\/10\/9396bbfc-2818-4225-b55d-9a56c39206f1-300x169.jpg\" alt=\"\" width=\"300\" height=\"169\" srcset=\"https:\/\/www.radiopiu.net\/wordpress\/wp-content\/uploads\/2021\/10\/9396bbfc-2818-4225-b55d-9a56c39206f1-300x169.jpg 300w, https:\/\/www.radiopiu.net\/wordpress\/wp-content\/uploads\/2021\/10\/9396bbfc-2818-4225-b55d-9a56c39206f1-1024x576.jpg 1024w, https:\/\/www.radiopiu.net\/wordpress\/wp-content\/uploads\/2021\/10\/9396bbfc-2818-4225-b55d-9a56c39206f1-768x432.jpg 768w, https:\/\/www.radiopiu.net\/wordpress\/wp-content\/uploads\/2021\/10\/9396bbfc-2818-4225-b55d-9a56c39206f1-1536x864.jpg 1536w, https:\/\/www.radiopiu.net\/wordpress\/wp-content\/uploads\/2021\/10\/9396bbfc-2818-4225-b55d-9a56c39206f1.jpg 1599w\" sizes=\"auto, (max-width: 300px) 100vw, 300px\" \/><\/a>BELLUNO\u00a0<\/strong> Leggiamo esterrefatti le dure dichiarazioni del Presidente della Camera di Commercio di Treviso \/Belluno. Riteniamo completamente fuori luogo nonch\u00e9 strumentali i suoi giudizi nei confronti dei colleghi della Dolomitibus che, sulla base di una legge che glielo consente, hanno deciso di non fare n\u00e9 vaccini n\u00e9 tamponi. Come gi\u00e0 detto in precedenza bisogna che tutti abbassino i toni! Crediamo forse che i No Green Pass, se aggrediti, cambino opinione? Non \u00e8 forse pi\u00f9 proficuo tenere un profilo basso? Se qualcuno ritiene vi sia in essere un illecito pu\u00f2 tranquillamente fare egli stesso un esposto in Procura. E se non piacciono le conseguenze di una legge, bisogna chiedere che questa venga cambiata. Inoltre, non si pu\u00f2 generalizzare mettendo in cattiva luce i dipendenti Dolomitibus, perch\u00e9 il 90% di questi \u00e8 vaccinato e si sta sobbarcando parte del servizio non coperto dai No Green Pass, appesantendo ulteriormente una condizione lavorativa gi\u00e0 al limite, dovuta a turni eccessivamente lunghi! Perch\u00e9 poi questi colleghi non potrebbero <a href=\"https:\/\/www.radiopiu.net\/wordpress\/la-risposta-al-presidente-della\/pp-86\/\" rel=\"attachment wp-att-238077\"><img loading=\"lazy\" decoding=\"async\" class=\" wp-image-238077 alignright\" src=\"https:\/\/www.radiopiu.net\/wordpress\/wp-content\/uploads\/2021\/10\/pp-6-300x300.jpg\" alt=\"\" width=\"167\" height=\"167\" srcset=\"https:\/\/www.radiopiu.net\/wordpress\/wp-content\/uploads\/2021\/10\/pp-6-300x300.jpg 300w, https:\/\/www.radiopiu.net\/wordpress\/wp-content\/uploads\/2021\/10\/pp-6-150x150.jpg 150w, https:\/\/www.radiopiu.net\/wordpress\/wp-content\/uploads\/2021\/10\/pp-6.jpg 640w\" sizes=\"auto, (max-width: 167px) 100vw, 167px\" \/><\/a>attenersi a quanto previsto dalla legge mentre le forze dell&#8217;Ordine (che \u00e8 lo Stato) e tutti gli altri lavoratori, dipendenti o Partite IVA (conosco chi ha chiuso il proprio negozio dal 15 ottobre) lo possono fare? \u00c8 perch\u00e9 adesso, dalle dichiarazioni dei pi\u00f9, si evince che il TPL sia la soluzione di tutti i mali? Dove erano tutti questi personaggi quando chiedevamo condizioni lavorative ed economiche migliori? Ora sembra che senza gli autisti di Dolomitibus la provincia sia morta! Ma quando si segnalava il continuo esodo dei colleghi, che preferiscono cambiar mestiere anzich\u00e9 lavorare sottopagati, con la conseguenza che ormai gli autisti in forza non riescono pi\u00f9 a coprire il normale servizio, perch\u00e9 nessuno ha preso posizione in nostro aiuto? \u00c8 evidente come taluni lavoratori, esasperati dalla situazione lavorativa infelice, non si siano sentiti in obbligo di forzare le loro posizioni. Va segnalato peraltro come questa situazione sia comune in tutta Italia, proprio perch\u00e9 \u00e8 il settore del T.P.L che necessita di seri investimenti a livello nazionale, dopo anni di tagli che hanno impoverito le aziende, e contestualmente i loro lavoratori. Diversamente, anche quando saremo usciti da questa emergenza, il servizio non sar\u00e0 comunque possibile garantirlo. Infatti in alcune province gi\u00e0 da prima del 15 ottobre le corse saltavano per mancanza di autisti, e anche in Dolomitibus la situazione era al limite.Perch\u00e9 non \u00e8 vero, come si asserisce, che basta licenziare gli autisti no vax e assumerne altri&#8230;nessuno vuole pi\u00f9 fare questo mestiere, e anche chi lo fa da tanti anni si licenzia per andare a lavorare in fabbrica o a fare l&#8217;autotrasportatore.<\/p><\/blockquote>\n<p>&nbsp;<\/p>\n<hr \/>\n<p>&nbsp;<\/p>\n<p>&nbsp;<\/p>\n<blockquote>\n<h3>I 40 ANNI DEL CENTRO DI ARABBA, AL TAVOLO DEI RELATORI LA PROTEZIONE CIVILE DELLA REGIONE<\/h3>\n<p>La nuova cartografia digitale \u00e8 stata presentata al centro congressi di Arabba. All\u2019evento sono intervenuti l\u2019assessore regionale all\u2019ambiente Gianpaolo Bottacin, il sindaco di Livinallongo del Col di Lana, Leandro Grones, il direttore generale di Arpav, Loris Tomiato, il direttore del centro valanghe Gianni Marigo<\/p><\/blockquote>\n<div dir=\"auto\" style=\"text-align: left;\"><a href=\"https:\/\/www.radiopiu.net\/wordpress\/i-40-anni-del-centro-di-arabba-al-tavolo-dei-relatori-la-protezione-civile-della-regione\/246661910_10158474194387544_7929418116801691336_n\/\" rel=\"attachment wp-att-238032\"><img loading=\"lazy\" decoding=\"async\" class=\"size-medium wp-image-238032 alignleft\" src=\"https:\/\/www.radiopiu.net\/wordpress\/wp-content\/uploads\/2021\/10\/246661910_10158474194387544_7929418116801691336_n-300x198.jpg\" alt=\"\" width=\"300\" height=\"198\" srcset=\"https:\/\/www.radiopiu.net\/wordpress\/wp-content\/uploads\/2021\/10\/246661910_10158474194387544_7929418116801691336_n-300x198.jpg 300w, https:\/\/www.radiopiu.net\/wordpress\/wp-content\/uploads\/2021\/10\/246661910_10158474194387544_7929418116801691336_n-768x508.jpg 768w, https:\/\/www.radiopiu.net\/wordpress\/wp-content\/uploads\/2021\/10\/246661910_10158474194387544_7929418116801691336_n.jpg 817w\" sizes=\"auto, (max-width: 300px) 100vw, 300px\" \/><\/a><strong>LIVINALLONGO<\/strong> Ieri ad Arabba \u00e8 stata presentata la nuova piattaforma\u00a0 <a class=\"oajrlxb2 g5ia77u1 qu0x051f esr5mh6w e9989ue4 r7d6kgcz rq0escxv nhd2j8a9 nc684nl6 p7hjln8o kvgmc6g5 cxmmr5t8 oygrvhab hcukyx3x jb3vyjys rz4wbd8a qt6c0cv9 a8nywdso i1ao9s8h esuyzwwr f1sip0of lzcic4wl q66pz984 gpro0wi8 b1v8xokw\" tabindex=\"0\" role=\"link\" href=\"https:\/\/www.facebook.com\/hashtag\/webgis_valanghe?__eep__=6&amp;__cft__[0]=AZUd3-MPa-khmDtXK_qyv-Ud5gfChM4ZCLkmbpxzdELu1-0hlXVl0irt4QnfjptFWv8XQ1QW3qIYsVYZa6PsStm1uZP3i2rBhQ4EELigeZ8xTW_fyI5Ow77h-QhmT7Zi4p7G0QGoNJvtd2Lc9Wyqzd4V&amp;__tn__=*NK-R\">WebGis_valanghe<\/a>, promossa dalla Regione con <a class=\"oajrlxb2 g5ia77u1 qu0x051f esr5mh6w e9989ue4 r7d6kgcz rq0escxv nhd2j8a9 nc684nl6 p7hjln8o kvgmc6g5 cxmmr5t8 oygrvhab hcukyx3x jb3vyjys rz4wbd8a qt6c0cv9 a8nywdso i1ao9s8h esuyzwwr f1sip0of lzcic4wl q66pz984 gpro0wi8 b1v8xokw\" tabindex=\"0\" role=\"link\" href=\"https:\/\/www.facebook.com\/hashtag\/arpav?__eep__=6&amp;__cft__[0]=AZUd3-MPa-khmDtXK_qyv-Ud5gfChM4ZCLkmbpxzdELu1-0hlXVl0irt4QnfjptFWv8XQ1QW3qIYsVYZa6PsStm1uZP3i2rBhQ4EELigeZ8xTW_fyI5Ow77h-QhmT7Zi4p7G0QGoNJvtd2Lc9Wyqzd4V&amp;__tn__=*NK-R\">\u00a0Arpav<\/a> ma sono stati altres\u00ec festeggiati\u00a0 i primi 40 anni del centro meteorologico.\u00a0 Un&#8217;attivit\u00e0 preziosa quella su cui Arpav si muove e all&#8217;interno della quale anche il territorio bellunese ha un ruolo centralissimo, lo ha sottolineato l&#8217;assessor regionale Gianpaolo Bottacin.\u00a0 Belluno tra l&#8217;altro \u00e8\u00a0 \u00a0sede stabile dell&#8217;importante <a class=\"oajrlxb2 g5ia77u1 qu0x051f esr5mh6w e9989ue4 r7d6kgcz rq0escxv nhd2j8a9 nc684nl6 p7hjln8o kvgmc6g5 cxmmr5t8 oygrvhab hcukyx3x jb3vyjys rz4wbd8a qt6c0cv9 a8nywdso i1ao9s8h esuyzwwr f1sip0of lzcic4wl q66pz984 gpro0wi8 b1v8xokw\" tabindex=\"0\" role=\"link\" href=\"https:\/\/www.facebook.com\/hashtag\/dipartimento_regionale?__eep__=6&amp;__cft__[0]=AZUd3-MPa-khmDtXK_qyv-Ud5gfChM4ZCLkmbpxzdELu1-0hlXVl0irt4QnfjptFWv8XQ1QW3qIYsVYZa6PsStm1uZP3i2rBhQ4EELigeZ8xTW_fyI5Ow77h-QhmT7Zi4p7G0QGoNJvtd2Lc9Wyqzd4V&amp;__tn__=*NK-R\">Dipartimento_regionale<\/a> per la <a class=\"oajrlxb2 g5ia77u1 qu0x051f esr5mh6w e9989ue4 r7d6kgcz rq0escxv nhd2j8a9 nc684nl6 p7hjln8o kvgmc6g5 cxmmr5t8 oygrvhab hcukyx3x jb3vyjys rz4wbd8a qt6c0cv9 a8nywdso i1ao9s8h esuyzwwr f1sip0of lzcic4wl q66pz984 gpro0wi8 b1v8xokw\" tabindex=\"0\" role=\"link\" href=\"https:\/\/www.facebook.com\/hashtag\/sicurezza_del_territorio?__eep__=6&amp;__cft__[0]=AZUd3-MPa-khmDtXK_qyv-Ud5gfChM4ZCLkmbpxzdELu1-0hlXVl0irt4QnfjptFWv8XQ1QW3qIYsVYZa6PsStm1uZP3i2rBhQ4EELigeZ8xTW_fyI5Ow77h-QhmT7Zi4p7G0QGoNJvtd2Lc9Wyqzd4V&amp;__tn__=*NK-R\">Sicurezza_del_Territorio<\/a>, che svolge attivit\u00e0 di raccordo fra l\u2019Agenzia e gli uffici regionali sparsi sul territorio per la gestione delle tematiche di protezione civile collegate al Centro Funzionale Decentrato. All&#8217;interno di questo Dipartimento operano infatti le unit\u00e0 organizzative collegate all&#8217;idrologia e al monitoraggio idrogeologico, quelle di supporto al CFD, della meteorologia e climatologia, tra cui il Centro di Teolo e anche appunto il Centro Valanghe di Arabba. Il WebGis valanghe, \u00e8 uno strumento che render\u00e0 accessibili a tutti informazioni costantemente aggiornate sulla situazione valanghiva del Veneto (8000 sono i siti censiti nella\u00a0 cartografia digitale) permettendo a chiunque di avere sottomano una serie di dati in grado di dargli importanti informazioni su eventuali pericoli con il continuo monitoraggio\u00a0 dello <a class=\"oajrlxb2 g5ia77u1 qu0x051f esr5mh6w e9989ue4 r7d6kgcz rq0escxv nhd2j8a9 nc684nl6 p7hjln8o kvgmc6g5 cxmmr5t8 oygrvhab hcukyx3x jb3vyjys rz4wbd8a qt6c0cv9 a8nywdso i1ao9s8h esuyzwwr f1sip0of lzcic4wl q66pz984 gpro0wi8 b1v8xokw\" tabindex=\"0\" role=\"link\" href=\"https:\/\/www.facebook.com\/hashtag\/scenario_deformativo?__eep__=6&amp;__cft__[0]=AZUd3-MPa-khmDtXK_qyv-Ud5gfChM4ZCLkmbpxzdELu1-0hlXVl0irt4QnfjptFWv8XQ1QW3qIYsVYZa6PsStm1uZP3i2rBhQ4EELigeZ8xTW_fyI5Ow77h-QhmT7Zi4p7G0QGoNJvtd2Lc9Wyqzd4V&amp;__tn__=*NK-R\">scenario_deformativo<\/a> del suolo mediante radar satellitare dell\u2019Agenzia Spaziale Europea<\/div>\n<div dir=\"auto\"><\/div>\n<div dir=\"auto\"><strong>L&#8217;ASSESSORE GIANPAOLO BOTTACIN\u00a0 \u00a0<\/strong><\/div>\n<audio class=\"wp-audio-shortcode\" id=\"audio-237945-5\" preload=\"none\" style=\"width: 100%;\" controls=\"controls\"><source type=\"audio\/mpeg\" src=\"https:\/\/www.radiopiu.net\/wordpress\/wp-content\/uploads\/2021\/10\/botta.mp3?_=5\" \/><a href=\"https:\/\/www.radiopiu.net\/wordpress\/wp-content\/uploads\/2021\/10\/botta.mp3\">https:\/\/www.radiopiu.net\/wordpress\/wp-content\/uploads\/2021\/10\/botta.mp3<\/a><\/audio>\n<blockquote><p><em><a href=\"https:\/\/www.radiopiu.net\/wordpress\/giornale-radiopiu-18-maggio-2019-direttore-mirko-mezzacasa\/paravalanghe-1\/\" rel=\"attachment wp-att-85781\"><img loading=\"lazy\" decoding=\"async\" class=\"wp-image-85781 alignleft\" src=\"https:\/\/www.radiopiu.net\/wordpress\/wp-content\/uploads\/2019\/05\/paravalanghe-1-300x200.png\" alt=\"\" width=\"176\" height=\"117\" srcset=\"https:\/\/www.radiopiu.net\/wordpress\/wp-content\/uploads\/2019\/05\/paravalanghe-1-300x200.png 300w, https:\/\/www.radiopiu.net\/wordpress\/wp-content\/uploads\/2019\/05\/paravalanghe-1.png 607w\" sizes=\"auto, (max-width: 176px) 100vw, 176px\" \/><\/a>Nel WebGis valanghe si possono consultare costantemente aggiornati: il catasto dei siti valanghivi, la carta di localizzazione probabile delle valanghe, il catasto delle opere di difesa dalle valanghe, gli eventi valanghivi raccolti nel corso degli anni dal Centro valanghe, le perimetrazioni delle zone esposte al pericolo di valanghe. Il \u00a0direttore generale di Arpav, Loris Tomiato: \u00abGrazie alla specializzazione sulle valanghe e sulla meteorologia alpina dei nostri tecnici siamo in grado di fornire servizi all\u2019avanguardia strettamente collegati ai rapidi cambiamenti climatici, basti pensare alla previsione meteorologica effettuata per la tempesta Vaia\u00bb.<br \/>\n<\/em><\/p>\n<p>&nbsp;<\/p><\/blockquote>\n<hr \/>\n<p>&nbsp;<\/p>\n<blockquote>\n<h3>AL PIEROBON LA 12^ EDIZIONE DEL TEATRO AMATORIALE<\/h3>\n<\/blockquote>\n<p>&nbsp;<\/p>\n<p><a href=\"https:\/\/www.radiopiu.net\/wordpress\/giornale-radiopiu-21-ottobre-2021-direttore-mirko-mezzacasa\/cinema-4609877__340\/\" rel=\"attachment wp-att-238164\"><img loading=\"lazy\" decoding=\"async\" class=\"size-medium wp-image-238164 alignleft\" src=\"https:\/\/www.radiopiu.net\/wordpress\/wp-content\/uploads\/2021\/10\/cinema-4609877__340-300x197.webp\" alt=\"\" width=\"300\" height=\"197\" srcset=\"https:\/\/www.radiopiu.net\/wordpress\/wp-content\/uploads\/2021\/10\/cinema-4609877__340-300x197.webp 300w, https:\/\/www.radiopiu.net\/wordpress\/wp-content\/uploads\/2021\/10\/cinema-4609877__340.webp 519w\" sizes=\"auto, (max-width: 300px) 100vw, 300px\" \/><\/a>PONTE NELLE ALPI<\/p>\n<p><strong>DI DAMIANO TORMEN\u00a0<\/strong><\/p>\n<audio class=\"wp-audio-shortcode\" id=\"audio-237945-6\" preload=\"none\" style=\"width: 100%;\" controls=\"controls\"><source type=\"audio\/mpeg\" src=\"https:\/\/www.radiopiu.net\/wordpress\/wp-content\/uploads\/2021\/10\/damiano-4.mp3?_=6\" \/><a href=\"https:\/\/www.radiopiu.net\/wordpress\/wp-content\/uploads\/2021\/10\/damiano-4.mp3\">https:\/\/www.radiopiu.net\/wordpress\/wp-content\/uploads\/2021\/10\/damiano-4.mp3<\/a><\/audio>\n<p>&nbsp;<\/p>\n<hr \/>\n<p>&nbsp;<\/p>\n<blockquote>\n<h3>INIZIATI I LAVORI PER IL NUOVO TRALICCIO DELLA PROTEZIONE CIVILE SUL FERTAZZA<\/h3>\n<\/blockquote>\n<p><strong><a href=\"https:\/\/www.radiopiu.net\/wordpress\/iniziati-i-lavori-per-il-nuovo-traliccio-della-protezione-civile-sul-fertazza\/51331712-0ff1-4bb4-bcd8-d8303ad040ec\/\" rel=\"attachment wp-att-238123\"><img loading=\"lazy\" decoding=\"async\" class=\" wp-image-238123 alignleft\" src=\"https:\/\/www.radiopiu.net\/wordpress\/wp-content\/uploads\/2021\/10\/51331712-0ff1-4bb4-bcd8-d8303ad040ec-300x300.jpg\" alt=\"\" width=\"135\" height=\"135\" srcset=\"https:\/\/www.radiopiu.net\/wordpress\/wp-content\/uploads\/2021\/10\/51331712-0ff1-4bb4-bcd8-d8303ad040ec-300x300.jpg 300w, https:\/\/www.radiopiu.net\/wordpress\/wp-content\/uploads\/2021\/10\/51331712-0ff1-4bb4-bcd8-d8303ad040ec-1024x1024.jpg 1024w, https:\/\/www.radiopiu.net\/wordpress\/wp-content\/uploads\/2021\/10\/51331712-0ff1-4bb4-bcd8-d8303ad040ec-150x150.jpg 150w, https:\/\/www.radiopiu.net\/wordpress\/wp-content\/uploads\/2021\/10\/51331712-0ff1-4bb4-bcd8-d8303ad040ec-768x768.jpg 768w, https:\/\/www.radiopiu.net\/wordpress\/wp-content\/uploads\/2021\/10\/51331712-0ff1-4bb4-bcd8-d8303ad040ec.jpg 1496w\" sizes=\"auto, (max-width: 135px) 100vw, 135px\" \/><\/a>SELVA DI CADORE<\/strong><\/p>\n<p>di Gianni Santomaso<\/p>\n<audio class=\"wp-audio-shortcode\" id=\"audio-237945-7\" preload=\"none\" style=\"width: 100%;\" controls=\"controls\"><source type=\"audio\/mpeg\" src=\"https:\/\/www.radiopiu.net\/wordpress\/wp-content\/uploads\/2021\/10\/GIANNI-ANTENNA-PROTEZIONE-CIVILE-FERTAZZA.mp3?_=7\" \/><a href=\"https:\/\/www.radiopiu.net\/wordpress\/wp-content\/uploads\/2021\/10\/GIANNI-ANTENNA-PROTEZIONE-CIVILE-FERTAZZA.mp3\">https:\/\/www.radiopiu.net\/wordpress\/wp-content\/uploads\/2021\/10\/GIANNI-ANTENNA-PROTEZIONE-CIVILE-FERTAZZA.mp3<\/a><\/audio>\n<p>&nbsp;<\/p>\n<hr \/>\n<p>&nbsp;<\/p>\n<blockquote class=\"wp-embedded-content\" data-secret=\"o6iIKRO3GW\"><p><a href=\"https:\/\/www.radiopiu.net\/wordpress\/aggiornamentoott20\/\">CORONAVIRUS: AGGIORNAMENTO NAZIONALE 20 OTTOBRE  2021<\/a><\/p><\/blockquote>\n<p><iframe loading=\"lazy\" class=\"wp-embedded-content\" sandbox=\"allow-scripts\" security=\"restricted\" style=\"position: absolute; clip: rect(1px, 1px, 1px, 1px);\" title=\"&#8220;CORONAVIRUS: AGGIORNAMENTO NAZIONALE 20 OTTOBRE  2021&#8221; &#8212; Radio Pi\u00f9\" src=\"https:\/\/www.radiopiu.net\/wordpress\/aggiornamentoott20\/embed\/#?secret=o6iIKRO3GW\" data-secret=\"o6iIKRO3GW\" width=\"600\" height=\"338\" frameborder=\"0\" marginwidth=\"0\" marginheight=\"0\" scrolling=\"no\"><\/iframe><\/p>\n<p>&nbsp;<\/p>\n<blockquote class=\"wp-embedded-content\" data-secret=\"kUg63mCNaJ\"><p><a href=\"https:\/\/www.radiopiu.net\/wordpress\/agg1810-2w5\/\">IN 24 ORE RADDOPPIATI I CASI DI POSITIVITA&#8217;, 3 DECESSI PER COVID IN AUMENTO I RICOVERI<\/a><\/p><\/blockquote>\n<p><iframe loading=\"lazy\" class=\"wp-embedded-content\" sandbox=\"allow-scripts\" security=\"restricted\" style=\"position: absolute; clip: rect(1px, 1px, 1px, 1px);\" title=\"&#8220;IN 24 ORE RADDOPPIATI I CASI DI POSITIVITA&#8217;, 3 DECESSI PER COVID IN AUMENTO I RICOVERI&#8221; &#8212; Radio Pi\u00f9\" src=\"https:\/\/www.radiopiu.net\/wordpress\/agg1810-2w5\/embed\/#?secret=kUg63mCNaJ\" data-secret=\"kUg63mCNaJ\" width=\"600\" height=\"338\" frameborder=\"0\" marginwidth=\"0\" marginheight=\"0\" scrolling=\"no\"><\/iframe><\/p>\n<h2>I GRAFICI DI TIZIANO DE COL<\/h2>\n\n\t\t\t<style type='text\/css'>\n\t\t\t\t#gallery-4 {\n\t\t\t\t\tmargin: auto;\n\t\t\t\t}\n\t\t\t\t#gallery-4 .gallery-item {\n\t\t\t\t\tfloat: left;\n\t\t\t\t\tmargin-top: 10px;\n\t\t\t\t\ttext-align: center;\n\t\t\t\t\twidth: 20%;\n\t\t\t\t}\n\t\t\t\t#gallery-4 img {\n\t\t\t\t\tborder: 2px solid #cfcfcf;\n\t\t\t\t}\n\t\t\t\t#gallery-4 .gallery-caption {\n\t\t\t\t\tmargin-left: 0;\n\t\t\t\t}\n\t\t\t\t\/* see gallery_shortcode() in wp-includes\/media.php *\/\n\t\t\t<\/style>\n\t\t<div id='gallery-4' class='dt-gallery-container gallery galleryid-237945 gallery-columns-5 gallery-size-medium'><dl class='gallery-item'>\n\t\t\t\t<dt class='gallery-icon landscape'>\n\t\t\t\t\t<a class=\"rollover rollover-zoom dt-pswp-item\" title=\"af66fe19-0e93-4776-8095-6cf3043d839f\" data-dt-img-description=\"\" data-large_image_width=\"612\" data-large_image_height=\"365\"href='https:\/\/www.radiopiu.net\/wordpress\/wp-content\/uploads\/2021\/10\/af66fe19-0e93-4776-8095-6cf3043d839f.jpg'><img loading=\"lazy\" decoding=\"async\" width=\"300\" height=\"179\" src=\"https:\/\/www.radiopiu.net\/wordpress\/wp-content\/uploads\/2021\/10\/af66fe19-0e93-4776-8095-6cf3043d839f-300x179.jpg\" class=\"attachment-medium size-medium\" alt=\"\" srcset=\"https:\/\/www.radiopiu.net\/wordpress\/wp-content\/uploads\/2021\/10\/af66fe19-0e93-4776-8095-6cf3043d839f-300x179.jpg 300w, https:\/\/www.radiopiu.net\/wordpress\/wp-content\/uploads\/2021\/10\/af66fe19-0e93-4776-8095-6cf3043d839f.jpg 612w\" sizes=\"auto, (max-width: 300px) 100vw, 300px\" \/><\/a>\n\t\t\t\t<\/dt><\/dl><dl class='gallery-item'>\n\t\t\t\t<dt class='gallery-icon landscape'>\n\t\t\t\t\t<a class=\"rollover rollover-zoom dt-pswp-item\" title=\"eda182c4-a823-4369-bab4-0e3a997f6cc0\" data-dt-img-description=\"\" data-large_image_width=\"620\" data-large_image_height=\"357\"href='https:\/\/www.radiopiu.net\/wordpress\/wp-content\/uploads\/2021\/10\/eda182c4-a823-4369-bab4-0e3a997f6cc0.jpg'><img loading=\"lazy\" decoding=\"async\" width=\"300\" height=\"173\" src=\"https:\/\/www.radiopiu.net\/wordpress\/wp-content\/uploads\/2021\/10\/eda182c4-a823-4369-bab4-0e3a997f6cc0-300x173.jpg\" class=\"attachment-medium size-medium\" alt=\"\" srcset=\"https:\/\/www.radiopiu.net\/wordpress\/wp-content\/uploads\/2021\/10\/eda182c4-a823-4369-bab4-0e3a997f6cc0-300x173.jpg 300w, https:\/\/www.radiopiu.net\/wordpress\/wp-content\/uploads\/2021\/10\/eda182c4-a823-4369-bab4-0e3a997f6cc0.jpg 620w\" sizes=\"auto, (max-width: 300px) 100vw, 300px\" \/><\/a>\n\t\t\t\t<\/dt><\/dl><dl class='gallery-item'>\n\t\t\t\t<dt class='gallery-icon landscape'>\n\t\t\t\t\t<a class=\"rollover rollover-zoom dt-pswp-item\" title=\"aa8b1c9b-1359-495e-baa8-b2c335498c64\" data-dt-img-description=\"\" data-large_image_width=\"610\" data-large_image_height=\"357\"href='https:\/\/www.radiopiu.net\/wordpress\/wp-content\/uploads\/2021\/10\/aa8b1c9b-1359-495e-baa8-b2c335498c64.jpg'><img loading=\"lazy\" decoding=\"async\" width=\"300\" height=\"176\" src=\"https:\/\/www.radiopiu.net\/wordpress\/wp-content\/uploads\/2021\/10\/aa8b1c9b-1359-495e-baa8-b2c335498c64-300x176.jpg\" class=\"attachment-medium size-medium\" alt=\"\" srcset=\"https:\/\/www.radiopiu.net\/wordpress\/wp-content\/uploads\/2021\/10\/aa8b1c9b-1359-495e-baa8-b2c335498c64-300x176.jpg 300w, https:\/\/www.radiopiu.net\/wordpress\/wp-content\/uploads\/2021\/10\/aa8b1c9b-1359-495e-baa8-b2c335498c64.jpg 610w\" sizes=\"auto, (max-width: 300px) 100vw, 300px\" \/><\/a>\n\t\t\t\t<\/dt><\/dl><dl class='gallery-item'>\n\t\t\t\t<dt class='gallery-icon landscape'>\n\t\t\t\t\t<a class=\"rollover rollover-zoom dt-pswp-item\" title=\"e3f4f03f-ef93-4003-86d4-cbcd53b80eae\" data-dt-img-description=\"\" data-large_image_width=\"604\" data-large_image_height=\"364\"href='https:\/\/www.radiopiu.net\/wordpress\/wp-content\/uploads\/2021\/10\/e3f4f03f-ef93-4003-86d4-cbcd53b80eae.jpg'><img loading=\"lazy\" decoding=\"async\" width=\"300\" height=\"181\" src=\"https:\/\/www.radiopiu.net\/wordpress\/wp-content\/uploads\/2021\/10\/e3f4f03f-ef93-4003-86d4-cbcd53b80eae-300x181.jpg\" class=\"attachment-medium size-medium\" alt=\"\" srcset=\"https:\/\/www.radiopiu.net\/wordpress\/wp-content\/uploads\/2021\/10\/e3f4f03f-ef93-4003-86d4-cbcd53b80eae-300x181.jpg 300w, https:\/\/www.radiopiu.net\/wordpress\/wp-content\/uploads\/2021\/10\/e3f4f03f-ef93-4003-86d4-cbcd53b80eae.jpg 604w\" sizes=\"auto, (max-width: 300px) 100vw, 300px\" \/><\/a>\n\t\t\t\t<\/dt><\/dl><dl class='gallery-item'>\n\t\t\t\t<dt class='gallery-icon landscape'>\n\t\t\t\t\t<a class=\"rollover rollover-zoom dt-pswp-item\" title=\"c6eda4c4-c39b-4716-ad41-0932f0d98b12\" data-dt-img-description=\"\" data-large_image_width=\"600\" data-large_image_height=\"355\"href='https:\/\/www.radiopiu.net\/wordpress\/wp-content\/uploads\/2021\/10\/c6eda4c4-c39b-4716-ad41-0932f0d98b12.jpg'><img loading=\"lazy\" decoding=\"async\" width=\"300\" height=\"178\" src=\"https:\/\/www.radiopiu.net\/wordpress\/wp-content\/uploads\/2021\/10\/c6eda4c4-c39b-4716-ad41-0932f0d98b12-300x178.jpg\" class=\"attachment-medium size-medium\" alt=\"\" srcset=\"https:\/\/www.radiopiu.net\/wordpress\/wp-content\/uploads\/2021\/10\/c6eda4c4-c39b-4716-ad41-0932f0d98b12-300x178.jpg 300w, https:\/\/www.radiopiu.net\/wordpress\/wp-content\/uploads\/2021\/10\/c6eda4c4-c39b-4716-ad41-0932f0d98b12.jpg 600w\" sizes=\"auto, (max-width: 300px) 100vw, 300px\" \/><\/a>\n\t\t\t\t<\/dt><\/dl><br style=\"clear: both\" \/>\n\t\t\t<\/div>\n\n<p>&nbsp;<\/p>\n<hr \/>\n<p>&nbsp;<\/p>\n<blockquote>\n<h3>L&#8217;ULSS 1 DOLOMITI SOSPENDE ALTRI TRE OPERATORI NON VACCINATI<\/h3>\n<\/blockquote>\n<p><strong><a href=\"https:\/\/www.radiopiu.net\/wordpress\/monoclonali-pronti-per-la-somministrazione-in-ulss-1-dolomiti\/ulss-1-2\/\" rel=\"attachment wp-att-198838\"><img loading=\"lazy\" decoding=\"async\" class=\"size-medium wp-image-198838 alignleft\" src=\"https:\/\/www.radiopiu.net\/wordpress\/wp-content\/uploads\/2021\/03\/ULSS-1-300x158.jpg\" alt=\"\" width=\"300\" height=\"158\" srcset=\"https:\/\/www.radiopiu.net\/wordpress\/wp-content\/uploads\/2021\/03\/ULSS-1-300x158.jpg 300w, https:\/\/www.radiopiu.net\/wordpress\/wp-content\/uploads\/2021\/03\/ULSS-1-768x404.jpg 768w, https:\/\/www.radiopiu.net\/wordpress\/wp-content\/uploads\/2021\/03\/ULSS-1.jpg 776w\" sizes=\"auto, (max-width: 300px) 100vw, 300px\" \/><\/a>BELLUNO <\/strong>L\u2019Ulss 1 Dolomiti\u00a0 informa che sono stati sospesi altri 3 operatori sanitari dipendenti non vaccinati, in base agli atti pervenuti dall\u2019apposita Commissione del Dipartimento di Prevenzione, preposta alla valutazione le singole posizioni circa la norma sull\u2019obbligo vaccinale. La sospensione avr\u00e0 durata fino al 31 dicembre, salvo che gli operatori interessati non decidano di vaccinarsi, nel qual caso verranno riammessi in servizio. Questi lavoratori, nell&#8217;ambito del procedimento previsto, non hanno aderito alla vaccinazione. Sono in corso altri accertamenti e nei prossimi giorni potrebbero essere intrapresi ulteriori provvedimenti. La Direzione auspica che gli operatori sanitari provvedano quanto prima agli adempimenti previsti dalla legge, nell\u2019interesse proprio, dei colleghi e della collettivit\u00e0. La vaccinazione per gli operatori sanitari \u00e8 sempre disponibile in qualsiasi punto vaccinale<\/p>\n<p>&nbsp;<\/p>\n<p>&nbsp;<\/p>\n<hr \/>\n<p>&nbsp;<\/p>\n<blockquote>\n<h3>APERTO IL BANDO PER L&#8217;ASSUNZIONE DI INFERMIERI IN ULSS 1 DOLOMITI<\/h3>\n<\/blockquote>\n<p><strong><a href=\"https:\/\/www.radiopiu.net\/wordpress\/giornale-radiopiu-19-giugno-2021-direttore-mirko-mezzacasa\/medico\/\" rel=\"attachment wp-att-216887\"><img loading=\"lazy\" decoding=\"async\" class=\"size-medium wp-image-216887 alignleft\" src=\"https:\/\/www.radiopiu.net\/wordpress\/wp-content\/uploads\/2021\/06\/MEDICO-300x225.jpg\" alt=\"\" width=\"300\" height=\"225\" srcset=\"https:\/\/www.radiopiu.net\/wordpress\/wp-content\/uploads\/2021\/06\/MEDICO-300x225.jpg 300w, https:\/\/www.radiopiu.net\/wordpress\/wp-content\/uploads\/2021\/06\/MEDICO-1024x768.jpg 1024w, https:\/\/www.radiopiu.net\/wordpress\/wp-content\/uploads\/2021\/06\/MEDICO-768x576.jpg 768w, https:\/\/www.radiopiu.net\/wordpress\/wp-content\/uploads\/2021\/06\/MEDICO-1536x1152.jpg 1536w, https:\/\/www.radiopiu.net\/wordpress\/wp-content\/uploads\/2021\/06\/MEDICO.jpg 1920w\" sizes=\"auto, (max-width: 300px) 100vw, 300px\" \/><\/a>BELLUNO <\/strong>L\u2019Ulss Dolomiti ha approvato un avviso per la ricerca di infermieri da assumere a tempo determinato, nelle more dell\u2019espletamento del concorso a tempo indeterminato. Nonostante le numerose procedure selettive attivate, sono ancora disponibili numerose autorizzazioni ad assumere infermieri, necessari per far fronte alle molteplici attivit\u00e0 che vedono impegnati in prima fila questi professionisti sanitari. La graduatoria aziendale \u00e8 esaurita. Nelle more dell\u2019espletamento del concorso per assunzioni a tempo indeterminato, l\u2019Ulss Dolomiti ha indetto un avviso pubblico, per soli titoli, per la formazione di una graduatoria di professionisti da assumere a tempo determinato. L\u2019avviso sar\u00e0 pubblicato sul sito <a href=\"http:\/\/www.aulss1.veneto.it\">www.aulss1.veneto.it <\/a>Nella settimana, intanto, sono stati assunti un medico specializzando in medicina interna e un medico specializzando in gastroenterologia e due ostetriche.<\/p>\n<p>&nbsp;<\/p>\n<p>&nbsp;<\/p>\n<hr \/>\n<p>&nbsp;<\/p>\n<blockquote>\n<h3>CAMBIO MEDICO IN ALPAGO E CESIOMAGGIORE<\/h3>\n<\/blockquote>\n<p><strong><a href=\"https:\/\/www.radiopiu.net\/wordpress\/solidarieta-umana-a-chi-vive-lesperienza-negativa-covid-ma-le-regole-devono-essere-rispettate\/medicodimedicinagenerale\/\" rel=\"attachment wp-att-167000\"><img loading=\"lazy\" decoding=\"async\" class=\"size-medium wp-image-167000 alignleft\" src=\"https:\/\/www.radiopiu.net\/wordpress\/wp-content\/uploads\/2020\/10\/Medicodimedicinagenerale-300x198.jpg\" alt=\"\" width=\"300\" height=\"198\" srcset=\"https:\/\/www.radiopiu.net\/wordpress\/wp-content\/uploads\/2020\/10\/Medicodimedicinagenerale-300x198.jpg 300w, https:\/\/www.radiopiu.net\/wordpress\/wp-content\/uploads\/2020\/10\/Medicodimedicinagenerale-1024x674.jpg 1024w, https:\/\/www.radiopiu.net\/wordpress\/wp-content\/uploads\/2020\/10\/Medicodimedicinagenerale-768x506.jpg 768w, https:\/\/www.radiopiu.net\/wordpress\/wp-content\/uploads\/2020\/10\/Medicodimedicinagenerale.jpg 1200w\" sizes=\"auto, (max-width: 300px) 100vw, 300px\" \/><\/a>BELLUNO <\/strong>Si comunica che dal 31 Ottobre 2021 il dr. Trevissoi Antonio cesser\u00e0 l\u2019attivit\u00e0 di medico di assistenza primaria nell\u2019ambito territoriale dei Comuni di\u00a0 Alpago, Chies d\u2019Alpago e Tambre per l\u2019assunzione dell\u2019incarico in altro ambito territoriale. Gli assistiti del dr. Trevissoi saranno assegnati d\u2019ufficio al dr. Martino Vincenzo; non sar\u00e0 pertanto necessario che gli stessi si rechino presso gli sportelli anagrafe della ULSS per effettuare la scelta del nuovo medico. Dal 1\u00b0 novembre 2021, in esito alle procedure di copertura delle zone carenti relative all\u2019anno 2021, presso l\u2019ambito territoriale dei Comuni di Cesiomaggiore, San Gregorio nelle Alpi, Santa Giustina, Sedico e Sospirolo,\u00a0 entrer\u00e0 in servizio il dottor Antonio Trevissoi. A seguito della cessazione del dr. Sebastiano Bacchin, avvenuta il 30 Luglio 2020, gli assistiti erano stati assegnati temporaneamente ad uno dei dottori Bertelle, Rossa, Pegoraro e Banzi, in deroga al massimale di legge e fino ad inserimento di un medico\u00a0 con incarico definitivo. L\u2019organizzazione della Medicina di Gruppo di Santa Giustina ha consentito di assorbire, seppur temporaneamente, gli assistiti garantendo l\u2019assistenza primaria a tutti i cittadini del territorio.<\/p>\n<p>&nbsp;<\/p>\n<p>&nbsp;<\/p>\n<hr \/>\n<p>&nbsp;<\/p>\n<blockquote>\n<h3>MOBILIT\u00c0 SOSTENIBILE: AL LAVORO IN BICICLETTA<\/h3>\n<\/blockquote>\n<p><strong><a href=\"https:\/\/www.radiopiu.net\/wordpress\/incentivi-comunali-per-lacquisto-di-biciclette-a-pedalata-assistita-e-muscolare-nel-primo-giorno-autentico-boom-di-richieste\/bicicletta\/\" rel=\"attachment wp-att-161990\"><img loading=\"lazy\" decoding=\"async\" class=\"size-medium wp-image-161990 alignleft\" src=\"https:\/\/www.radiopiu.net\/wordpress\/wp-content\/uploads\/2020\/09\/BICICLETTA-300x200.jpg\" alt=\"\" width=\"300\" height=\"200\" srcset=\"https:\/\/www.radiopiu.net\/wordpress\/wp-content\/uploads\/2020\/09\/BICICLETTA-300x200.jpg 300w, https:\/\/www.radiopiu.net\/wordpress\/wp-content\/uploads\/2020\/09\/BICICLETTA-1024x683.jpg 1024w, https:\/\/www.radiopiu.net\/wordpress\/wp-content\/uploads\/2020\/09\/BICICLETTA-768x512.jpg 768w, https:\/\/www.radiopiu.net\/wordpress\/wp-content\/uploads\/2020\/09\/BICICLETTA-1536x1024.jpg 1536w, https:\/\/www.radiopiu.net\/wordpress\/wp-content\/uploads\/2020\/09\/BICICLETTA-640x427.jpg 640w, https:\/\/www.radiopiu.net\/wordpress\/wp-content\/uploads\/2020\/09\/BICICLETTA.jpg 1920w\" sizes=\"auto, (max-width: 300px) 100vw, 300px\" \/><\/a>BELLUNO <\/strong>Nell\u2019ambito del progetto \u201cVerso una mobilit\u00e0 sostenibile in DOLOMITI UNESCO\u201d , promosso dalla Provincia di Belluno (ente capofila) con l\u2019Ulss Dolomiti e con i Comuni di Feltre, Sedico e Belluno, \u00e8 stata approvata la realizzazione di alcune opere per agevolare la mobilit\u00e0 sostenibile della sede\u00a0 ospedaliera di Feltre. Il progetto nel suo complesso era stato presentato per il bando ministeriale Programma Sperimentale Nazionale di Mobilit\u00e0 Sostenibile Casa-Scuola e Casa-Lavoro, con lo scopo prioritario di promuovere la mobilit\u00e0 sostenibile attraverso azioni volte a ridurre l\u2019impiego di auto private e conseguentemente le emissioni di gas serra. Per quanto attiene all\u2019Ulss Dolomiti, l\u2019attivit\u00e0 principale ha riguardato attivit\u00e0 di informazione e sensibilizzazione in tema di promozione del movimento e di educazione alla salute svolta nelle scuole dal personale del Dipartimento di Prevenzione. In questo contesto, ad esempio, \u00e8 stata inserita la facilitazione della nascita dei Pedibus come mezzo salutare ed ecologico per andare a scuola. Il Pedibus, infatti, \u00e8 un \u201cautobus\u201d che va a piedi, formato da un gruppo ordinato di bambini che vanno a scuola a piedi accompagnati da due o pi\u00f9 adulti, un \u201cautista\u201d davanti ed un \u201ccontrollore\u201d dietro che chiude la fila.<\/p>\n<p>&nbsp;<\/p>\n<p>&nbsp;<\/p>\n<hr \/>\n<p>&nbsp;<\/p>\n<blockquote>\n<h3>OGGI LA GIORNATA DELLA MENOPAUSA<\/h3>\n<\/blockquote>\n<p><strong><a href=\"https:\/\/www.radiopiu.net\/wordpress\/giornale-radiopiu-21-ottobre-2021-direttore-mirko-mezzacasa\/menopausail-ginecologo-risponde-ai-tuoi-dubbi-1-2\/\" rel=\"attachment wp-att-238108\"><img loading=\"lazy\" decoding=\"async\" class=\" wp-image-238108 alignleft\" src=\"https:\/\/www.radiopiu.net\/wordpress\/wp-content\/uploads\/2021\/10\/MENOPAUSAil-ginecologo-risponde-ai-tuoi-dubbi-1-2-300x251.png\" alt=\"\" width=\"259\" height=\"217\" srcset=\"https:\/\/www.radiopiu.net\/wordpress\/wp-content\/uploads\/2021\/10\/MENOPAUSAil-ginecologo-risponde-ai-tuoi-dubbi-1-2-300x251.png 300w, https:\/\/www.radiopiu.net\/wordpress\/wp-content\/uploads\/2021\/10\/MENOPAUSAil-ginecologo-risponde-ai-tuoi-dubbi-1-2-768x644.png 768w, https:\/\/www.radiopiu.net\/wordpress\/wp-content\/uploads\/2021\/10\/MENOPAUSAil-ginecologo-risponde-ai-tuoi-dubbi-1-2.png 940w\" sizes=\"auto, (max-width: 259px) 100vw, 259px\" \/><\/a>BELLUNO\u00a0 <\/strong>Oggi \u00e8 la giornata internazionale dedicata alla MENOPAUSA. Per informare su questo periodo che vive ogni donna, l&#8217;ulss Dolomiti ha organizzato un incontro che si svolger\u00e0 in modalit\u00e0 duale: sia in presenza che online oggi dalle 17 alle 18. Si parler\u00e0 di CURARE LO STILE DI VITA IN MENOPAUSA con Laura Favretti &#8211; direttore UOC Ginecologia di Feltre, Valentina Giust &#8211; Dietista, Carla Zanella &#8211; fisioterapista. L&#8217;incontro in presenza si terr\u00e0 nella sala convegni dell&#8217;ospedale di Feltre: \u00e8 richiesta la prenotazione (scrivendo alla mail elda.cengia@aulss1.veneto.it) e il green pass. Per partecipare all&#8217;incontro in modalit\u00e0 online attraverso la piattaforma meet \u00e8 necessario mandare una mail a elda.cengia@aulss1.veneto.it per avere il link.. Durante l&#8217;incontro, le professioniste daranno consigli su alimentazione e attivit\u00e0 fisica per vivere al meglio il periodo della menopausa.<\/p>\n<p>&nbsp;<\/p>\n<p>&nbsp;<\/p>\n<hr \/>\n<p>&nbsp;<\/p>\n<blockquote>\n<h3>INFERMIERI PROFESSIONALI ALBANESI AL SERVIZIO DELLA COMUNITA&#8217; BELLUNESE<\/h3>\n<\/blockquote>\n<p><strong><a href=\"https:\/\/www.radiopiu.net\/wordpress\/asca-ricerca-personale-infermieristico\/asca-4\/\" rel=\"attachment wp-att-128881\"><img loading=\"lazy\" decoding=\"async\" class=\"size-medium wp-image-128881 alignleft\" src=\"https:\/\/www.radiopiu.net\/wordpress\/wp-content\/uploads\/2020\/04\/ASCA-300x165.png\" alt=\"\" width=\"300\" height=\"165\" srcset=\"https:\/\/www.radiopiu.net\/wordpress\/wp-content\/uploads\/2020\/04\/ASCA-300x165.png 300w, https:\/\/www.radiopiu.net\/wordpress\/wp-content\/uploads\/2020\/04\/ASCA-1024x565.png 1024w, https:\/\/www.radiopiu.net\/wordpress\/wp-content\/uploads\/2020\/04\/ASCA-768x424.png 768w, https:\/\/www.radiopiu.net\/wordpress\/wp-content\/uploads\/2020\/04\/ASCA.png 1211w\" sizes=\"auto, (max-width: 300px) 100vw, 300px\" \/><\/a>BELLUNO <\/strong>Dai primi di ottobre l\u2019Azienda Speciale Consortile di Agordo, che gestisce la Residenza Sanitaria Assistenziale (RSA), ha inserito nel proprio organico una giovane infermiera professionale, che dal nord dell\u2019Albania si \u00e8 trasferita ad Agordo. L&#8217;ingresso della lavoratrice nella provincia bellunese rappresenta il primo passo, nell&#8217;ambito del progetto avviato dal Rotary club di Belluno, per contrastare la grave carenza della presenza di infermieri professionali nelle strutture sanitarie, in particolare nelle RSA, che molti problemi ha causato nel corso dell&#8217;emergenza sanitaria da COVID-19. Il progetto del Rotary, nato grazie al legame del Club con Albert Nikolla, Vice Ministro della Sanit\u00e0\u00a0e degli Affari Sociali dell\u2019Albania, si \u00e8 trasformato\u00a0in un importante service denominato <i>\u201cUn ponte con l\u2019Albania\u201d<\/i>, un aiuto reciproco per portare attrezzature sanitarie dal bellunese a quel Paese e favorire il trasferimento di infermieri che desiderano esercitare la professione nella nostra comunit\u00e0, dove la loro presenza sta diventando indispensabile. Il Vice Ministro e la Dirigenza del Rotary hanno incontrato nei mesi scorsi il Prefetto di Belluno, dr. Mariano Savastano e la Dirigente dello Sportello Unico immigrazione, dr.ssa Rossella Caruso per illustrare\u00a0il progetto, le possibili collaborazioni fra i due Paesi e chiedere il loro sostegno per il corretto svolgimento delle procedure previste dalla vigente normativa in materia di ingresso di infermieri professionali di cui all&#8217;art. 27, lett r-<i>bis<\/i> del Testo Unico Immigrazione. <i>\u201cLa collaborazione con la Prefettura \u00e8 stata il valore aggiunto del service e ha permesso di concludere il percorso in pochi mesi identificandone con precisione le tappe: scelta degli infermieri, legalizzazione della traduzione del diploma e dell\u2019iscrizione all\u2019albo, predisposizione del contratto di locazione e del contratto di lavoro, rilascio del green pass europeo e infine nulla osta della Prefettura per il trasferimento in Italia\u201d<\/i> ha dichiarato Mariachiara Santin, Past President del Rotary Belluno. <i>\u201cSono fermamente convinto \u2013 <\/i>ha evidenziato il Prefetto di Belluno &#8211; <i>che la collaborazione, il dialogo ed il confronto interistituzionale siano gli strumenti da utilizzare perch\u00e9 si possa davvero parlare di un&#8217;Amministrazione al servizio del cittadino. Aver contribuito all&#8217;ingresso di un\u2019infermiera professionale nella provincia bellunese \u2013 nel pieno rispetto delle procedure normative previste \u2013 \u00e8 un risultato di grande valore, che pu\u00f2 assurgere a modello da seguire per supportare la grave carenza di infermieri professionali nell&#8217; organico delle strutture sanitarie bellunesi a favore della qualit\u00e0 dell&#8217;assistenza sanitaria\u201d. <\/i>La dirigenza del Rotary di Belluno ha sottolineato che, nel corso delle prossime settimane, verranno presentate allo Sportello Unico dell&#8217;Immigrazione della Prefettura ulteriori domande per favorire l&#8217;ingresso di altri infermieri professionali nel territorio bellunese.<\/p>\n<p>&nbsp;<\/p>\n<p>&nbsp;<\/p>\n<hr \/>\n<p>&nbsp;<\/p>\n<blockquote>\n<h3>SUPERATE LE 3.000 FIRME DELLA PETIZIONE CONTRO LA CHIUSURA DELLA PSICHIATRIA DI FELTRE<\/h3>\n<\/blockquote>\n<p><strong><a href=\"https:\/\/www.radiopiu.net\/wordpress\/sostegno-psicologico-covid-423-interventi-in-220-giorni\/psicologo-3\/\" rel=\"attachment wp-att-165569\"><img loading=\"lazy\" decoding=\"async\" class=\"size-medium wp-image-165569 alignleft\" src=\"https:\/\/www.radiopiu.net\/wordpress\/wp-content\/uploads\/2020\/10\/PSICOLOGO-300x192.jpg\" alt=\"\" width=\"300\" height=\"192\" srcset=\"https:\/\/www.radiopiu.net\/wordpress\/wp-content\/uploads\/2020\/10\/PSICOLOGO-300x192.jpg 300w, https:\/\/www.radiopiu.net\/wordpress\/wp-content\/uploads\/2020\/10\/PSICOLOGO-1024x655.jpg 1024w, https:\/\/www.radiopiu.net\/wordpress\/wp-content\/uploads\/2020\/10\/PSICOLOGO-768x492.jpg 768w, https:\/\/www.radiopiu.net\/wordpress\/wp-content\/uploads\/2020\/10\/PSICOLOGO-1536x983.jpg 1536w, https:\/\/www.radiopiu.net\/wordpress\/wp-content\/uploads\/2020\/10\/PSICOLOGO.jpg 1920w\" sizes=\"auto, (max-width: 300px) 100vw, 300px\" \/><\/a>FELTRE <\/strong>Il 10 ottobre alle ore 18.00 presso la Sala Parrocchiale San Felice, in piazza Tian Merlin a Trichiana, il comitato feltrino per il diritto alla salute ha organizzato un&#8217;assemblea per la costituzione di un coordinamento provinciale per la difesa dei servizi socio sanitari del territorio. Molti i cittadini presenti, provenienti da diverse parti della Provincia, tra quali anche i rappresentanti delle associazioni Tutti in Campo di Feltre (Salute Mentale), AITSaM di Belluno (Salute Mentale), AMA Dolimiti di Sedico (Promozioni gruppi auto mutuo aiuto), Margherita Fenice di Belluno (Disturbi comportamento alimentare) e ADOS di Feltre (prevenzione tumori al seno) e della CGIL.\u00a0 Il Gruppo Caratteri Atipi ha introdotto l\u2019assemblea con alcune letture ispirate alla giornata Mondiale della Salute Mentale; successivamente il comitato ha lanciato un appello alle associazioni per costruire insieme un percorso territoriale per la difesa del Diritto alla Salute e della Sanit\u00e0 Pubblica e ha invitato i presenti a collaborare con il comitato per diffondere la petizione di sensibilizzazione \u201cNo alla chiusura di Psichiatria a Feltre\u201d. La petizione \u201cNo alla chiusura di psichiatria a Feltre\u201d del comitato feltrino per il diritto alla salute ha raccolto pi\u00f9 di 2.000 firme on line e pi\u00f9 di 1.000 firme cartacee. Il comitato organizza un banco di raccolta firme gioved\u00ec 21 ottobre dalle ore 19:15 davanti al \u201cCinema Italia\u201d di Belluno, in occasione della presentazione del film \u201cWelcome Venice\u201d con il regista Andrea Segre.<\/p>\n<p>&nbsp;<\/p>\n<hr \/>\n<p>&nbsp;<\/p>\n<p><span style=\"color: #ff0000;\">L&#8217;ALTRA CAMPANA<\/span><\/p>\n<p>Audio di Luca Scantamburlo del 15 settembre 2021<\/p>\n<p><iframe loading=\"lazy\" title=\"#TRIESTE PORTO:il diritto di resistenza dei cittadini in difesa del lavoro e della dignit\u00e0\" width=\"1200\" height=\"675\" src=\"https:\/\/www.youtube.com\/embed\/wFy-tzhmivw?feature=oembed\" frameborder=\"0\" allow=\"accelerometer; autoplay; clipboard-write; encrypted-media; gyroscope; picture-in-picture\" allowfullscreen><\/iframe><\/p>\n<p>&nbsp;<\/p>\n<hr \/>\n<blockquote>\n<h3><\/h3>\n<h3>ULSS1: AGGIORNAMENTO CAMPAGNA VACCINALE, QUASI L&#8217;83% DEI BELLUNESI HA OTTENUTO LA PRIMA DOSE DI VACCINO, OLTRE IL 72% LA SECONDA<\/h3>\n<\/blockquote>\n<p>&nbsp;<\/p>\n<p>&nbsp;<\/p>\n<p>&nbsp;<\/p>\n<hr \/>\n<p>&nbsp;<\/p>\n<h2><span style=\"color: #ff0000;\">IERI ALLA RADIO<\/span><\/h2>\n<blockquote>\n<h3>LA NUOVA CABINOVIA VAL D&#8217;AREI<\/h3>\n<\/blockquote>\n<p><strong><a href=\"https:\/\/www.radiopiu.net\/wordpress\/il-nuovo-socio-della-padon-impianti\/padon2\/\" rel=\"attachment wp-att-101903\"><img loading=\"lazy\" decoding=\"async\" class=\" wp-image-101903 alignleft\" src=\"https:\/\/www.radiopiu.net\/wordpress\/wp-content\/uploads\/2019\/10\/padon2-200x300.jpg\" alt=\"\" width=\"169\" height=\"254\" srcset=\"https:\/\/www.radiopiu.net\/wordpress\/wp-content\/uploads\/2019\/10\/padon2-200x300.jpg 200w, https:\/\/www.radiopiu.net\/wordpress\/wp-content\/uploads\/2019\/10\/padon2.jpg 533w\" sizes=\"auto, (max-width: 169px) 100vw, 169px\" \/><\/a>ROCCA PITEORE<\/strong> La ditta Padon Marmolada\u00a0 ai sensi della norma vigente in termini di procedura di verifica di impatto ambientale, terr\u00e0 una presentazione pubblica del progetto della nuova cabinovia val d\u2019Arei. La presentazione riguarder\u00e0 gli aspetti tecnici necessari all\u2019avvio del procedimento autorizzativo, \u00e8 interesse infatti della societ\u00e0 proponente integrare ulteriori contenuti in un incontro pubblico ad hoc, nel momento in cui l\u2019attuale progetto avr\u00e0 ottenuto i primi avvalli autorizzativi di massima. La presentazione si terr\u00e0 il giorno 21 Ottobre alle ore 17.30 presso la sala \u201cal Teaz\u201d a Rocca Pietore.<\/p>\n<p>&nbsp;<\/p>\n<blockquote><p><em>Attualmente gli sciatori che frequentano l\u2019area sciistica \u201cMalga Ciapela \u2013 Marmolada\u201d, non possono accedere in maniera diretta da Malga Ciapela agli impianti localizzati nella Val d\u2019Arei, ma solo attraverso la funivia della Marmolada e sono talvolta costretti a lunghe attese per poter salire verso il Passo Padon ed immettersi nel circuito del \u201cSellaronda\u201d. La cabinovia render\u00e0 pi\u00f9 agibile tutta la zona sciistica ed eviter\u00e0 agli sciatori il disagio delle code, consentendo un notevole miglioramento della sicurezza e del comfort degli utenti. L&#8217;impianto \u00e8 costituito da veicoli di tipo chiuso che vengono agganciati automaticamente alla fune portante &#8211; traente, chiusa ad anello mediante impalmatura e dotata di moto continuo unidirezionale. L\u2019impianto comprende una stazione del tipo rinvio tenditrice a valle (con un magazzino posto a lato del piano di imbarco, capace di contenere circa la met\u00e0 dei veicoli) ed una stazione del tipo motrice a monte (con un magazzino posto a lato del piano di sbarco, capace di contenere l\u2019altra met\u00e0 dei veicoli, ed altri locali tecnici e magazzini capaci di ospitare attrezzature ed apparecchiature). L\u2019impianto <\/em><em>\u00e8 stato dimensionato per una portata di progetto di 2.400 persone\/ora alla velocit\u00e0 di 6,0 m\/s. Con la messa in opera della nuova cabinovia verrebbe migliorato il trasporto delle <\/em><em>attrezzature per i diversamente abili, delle biciclette, dei passeggini e dei cani, consentendo altres\u00ec un migliore inserimento ambientale a seguito della riduzione dei sostegni e dei veicoli ed all\u2019accorpamento della stazione di valle nei volumi urbanistici di Malga Ciapela.<\/em><\/p><\/blockquote>\n<p>&nbsp;<\/p>\n<hr \/>\n<h2><span style=\"color: #ff0000;\">IERI ALLA RADIO\u00a0<\/span><\/h2>\n<blockquote>\n<h3>IL CONSIGLIO COMUNALE A SELVA DI CADORE CON IL NUOVO SINDACO LUCA LORENZINI<\/h3>\n<\/blockquote>\n<p><strong>di Gianni Santomaso<\/strong><\/p>\n<audio class=\"wp-audio-shortcode\" id=\"audio-237945-8\" preload=\"none\" style=\"width: 100%;\" controls=\"controls\"><source type=\"audio\/mpeg\" src=\"https:\/\/www.radiopiu.net\/wordpress\/wp-content\/uploads\/2021\/10\/GIANNI-CONSIGLIO-SELVA.mp3?_=8\" \/><a href=\"https:\/\/www.radiopiu.net\/wordpress\/wp-content\/uploads\/2021\/10\/GIANNI-CONSIGLIO-SELVA.mp3\">https:\/\/www.radiopiu.net\/wordpress\/wp-content\/uploads\/2021\/10\/GIANNI-CONSIGLIO-SELVA.mp3<\/a><\/audio>\n<p>&nbsp;<\/p>\n<p><strong>LA DIRETTA DI RADIO PIU&#8217;<\/strong><\/p>\n<p>https:\/\/www.facebook.com\/mirko.mezzacasa\/videos\/571740570750764<\/p>\n<p>&nbsp;<\/p>\n\n\t\t\t<style type='text\/css'>\n\t\t\t\t#gallery-5 {\n\t\t\t\t\tmargin: auto;\n\t\t\t\t}\n\t\t\t\t#gallery-5 .gallery-item {\n\t\t\t\t\tfloat: left;\n\t\t\t\t\tmargin-top: 10px;\n\t\t\t\t\ttext-align: center;\n\t\t\t\t\twidth: 20%;\n\t\t\t\t}\n\t\t\t\t#gallery-5 img {\n\t\t\t\t\tborder: 2px solid #cfcfcf;\n\t\t\t\t}\n\t\t\t\t#gallery-5 .gallery-caption {\n\t\t\t\t\tmargin-left: 0;\n\t\t\t\t}\n\t\t\t\t\/* see gallery_shortcode() in wp-includes\/media.php *\/\n\t\t\t<\/style>\n\t\t<div id='gallery-5' class='dt-gallery-container gallery galleryid-237945 gallery-columns-5 gallery-size-medium'><dl class='gallery-item'>\n\t\t\t\t<dt class='gallery-icon landscape'>\n\t\t\t\t\t<a class=\"rollover rollover-zoom dt-pswp-item\" title=\"SELVA DI CADORE\" data-dt-img-description=\"\" data-large_image_width=\"1920\" data-large_image_height=\"1080\"href='https:\/\/www.radiopiu.net\/wordpress\/wp-content\/uploads\/2021\/10\/f2c25319-4666-4425-a584-b52221656528.jpg'><img loading=\"lazy\" decoding=\"async\" width=\"300\" height=\"169\" src=\"https:\/\/www.radiopiu.net\/wordpress\/wp-content\/uploads\/2021\/10\/f2c25319-4666-4425-a584-b52221656528-300x169.jpg\" class=\"attachment-medium size-medium\" alt=\"\" srcset=\"https:\/\/www.radiopiu.net\/wordpress\/wp-content\/uploads\/2021\/10\/f2c25319-4666-4425-a584-b52221656528-300x169.jpg 300w, https:\/\/www.radiopiu.net\/wordpress\/wp-content\/uploads\/2021\/10\/f2c25319-4666-4425-a584-b52221656528-1024x576.jpg 1024w, https:\/\/www.radiopiu.net\/wordpress\/wp-content\/uploads\/2021\/10\/f2c25319-4666-4425-a584-b52221656528-768x432.jpg 768w, https:\/\/www.radiopiu.net\/wordpress\/wp-content\/uploads\/2021\/10\/f2c25319-4666-4425-a584-b52221656528-1536x864.jpg 1536w, https:\/\/www.radiopiu.net\/wordpress\/wp-content\/uploads\/2021\/10\/f2c25319-4666-4425-a584-b52221656528.jpg 1920w\" sizes=\"auto, (max-width: 300px) 100vw, 300px\" \/><\/a>\n\t\t\t\t<\/dt><\/dl><dl class='gallery-item'>\n\t\t\t\t<dt class='gallery-icon landscape'>\n\t\t\t\t\t<a class=\"rollover rollover-zoom dt-pswp-item\" title=\"SELVA DI CADORE\" data-dt-img-description=\"\" data-large_image_width=\"1920\" data-large_image_height=\"1080\"href='https:\/\/www.radiopiu.net\/wordpress\/wp-content\/uploads\/2021\/10\/78202abf-1691-4c6f-aed7-4e858d2b92f0.jpg'><img loading=\"lazy\" decoding=\"async\" width=\"300\" height=\"169\" src=\"https:\/\/www.radiopiu.net\/wordpress\/wp-content\/uploads\/2021\/10\/78202abf-1691-4c6f-aed7-4e858d2b92f0-300x169.jpg\" class=\"attachment-medium size-medium\" alt=\"\" srcset=\"https:\/\/www.radiopiu.net\/wordpress\/wp-content\/uploads\/2021\/10\/78202abf-1691-4c6f-aed7-4e858d2b92f0-300x169.jpg 300w, https:\/\/www.radiopiu.net\/wordpress\/wp-content\/uploads\/2021\/10\/78202abf-1691-4c6f-aed7-4e858d2b92f0-1024x576.jpg 1024w, https:\/\/www.radiopiu.net\/wordpress\/wp-content\/uploads\/2021\/10\/78202abf-1691-4c6f-aed7-4e858d2b92f0-768x432.jpg 768w, https:\/\/www.radiopiu.net\/wordpress\/wp-content\/uploads\/2021\/10\/78202abf-1691-4c6f-aed7-4e858d2b92f0-1536x864.jpg 1536w, https:\/\/www.radiopiu.net\/wordpress\/wp-content\/uploads\/2021\/10\/78202abf-1691-4c6f-aed7-4e858d2b92f0.jpg 1920w\" sizes=\"auto, (max-width: 300px) 100vw, 300px\" \/><\/a>\n\t\t\t\t<\/dt><\/dl><dl class='gallery-item'>\n\t\t\t\t<dt class='gallery-icon landscape'>\n\t\t\t\t\t<a class=\"rollover rollover-zoom dt-pswp-item\" title=\"SELVA DI CADORE\" data-dt-img-description=\"\" data-large_image_width=\"1920\" data-large_image_height=\"1080\"href='https:\/\/www.radiopiu.net\/wordpress\/wp-content\/uploads\/2021\/10\/ea0ed47b-407c-4027-93db-a3732c851650.jpg'><img loading=\"lazy\" decoding=\"async\" width=\"300\" height=\"169\" src=\"https:\/\/www.radiopiu.net\/wordpress\/wp-content\/uploads\/2021\/10\/ea0ed47b-407c-4027-93db-a3732c851650-300x169.jpg\" class=\"attachment-medium size-medium\" alt=\"\" srcset=\"https:\/\/www.radiopiu.net\/wordpress\/wp-content\/uploads\/2021\/10\/ea0ed47b-407c-4027-93db-a3732c851650-300x169.jpg 300w, https:\/\/www.radiopiu.net\/wordpress\/wp-content\/uploads\/2021\/10\/ea0ed47b-407c-4027-93db-a3732c851650-1024x576.jpg 1024w, https:\/\/www.radiopiu.net\/wordpress\/wp-content\/uploads\/2021\/10\/ea0ed47b-407c-4027-93db-a3732c851650-768x432.jpg 768w, https:\/\/www.radiopiu.net\/wordpress\/wp-content\/uploads\/2021\/10\/ea0ed47b-407c-4027-93db-a3732c851650-1536x864.jpg 1536w, https:\/\/www.radiopiu.net\/wordpress\/wp-content\/uploads\/2021\/10\/ea0ed47b-407c-4027-93db-a3732c851650.jpg 1920w\" sizes=\"auto, (max-width: 300px) 100vw, 300px\" \/><\/a>\n\t\t\t\t<\/dt><\/dl><dl class='gallery-item'>\n\t\t\t\t<dt class='gallery-icon landscape'>\n\t\t\t\t\t<a class=\"rollover rollover-zoom dt-pswp-item\" title=\"SELVA DI CADORE\" data-dt-img-description=\"\" data-large_image_width=\"1920\" data-large_image_height=\"1080\"href='https:\/\/www.radiopiu.net\/wordpress\/wp-content\/uploads\/2021\/10\/ec03ac44-24c8-48c5-8cc9-fb6bdb199399.jpg'><img loading=\"lazy\" decoding=\"async\" width=\"300\" height=\"169\" src=\"https:\/\/www.radiopiu.net\/wordpress\/wp-content\/uploads\/2021\/10\/ec03ac44-24c8-48c5-8cc9-fb6bdb199399-300x169.jpg\" class=\"attachment-medium size-medium\" alt=\"\" srcset=\"https:\/\/www.radiopiu.net\/wordpress\/wp-content\/uploads\/2021\/10\/ec03ac44-24c8-48c5-8cc9-fb6bdb199399-300x169.jpg 300w, https:\/\/www.radiopiu.net\/wordpress\/wp-content\/uploads\/2021\/10\/ec03ac44-24c8-48c5-8cc9-fb6bdb199399-1024x576.jpg 1024w, https:\/\/www.radiopiu.net\/wordpress\/wp-content\/uploads\/2021\/10\/ec03ac44-24c8-48c5-8cc9-fb6bdb199399-768x432.jpg 768w, https:\/\/www.radiopiu.net\/wordpress\/wp-content\/uploads\/2021\/10\/ec03ac44-24c8-48c5-8cc9-fb6bdb199399-1536x864.jpg 1536w, https:\/\/www.radiopiu.net\/wordpress\/wp-content\/uploads\/2021\/10\/ec03ac44-24c8-48c5-8cc9-fb6bdb199399.jpg 1920w\" sizes=\"auto, (max-width: 300px) 100vw, 300px\" \/><\/a>\n\t\t\t\t<\/dt><\/dl><dl class='gallery-item'>\n\t\t\t\t<dt class='gallery-icon landscape'>\n\t\t\t\t\t<a class=\"rollover rollover-zoom dt-pswp-item\" title=\"SELVA DI CADORE\" data-dt-img-description=\"\" data-large_image_width=\"1920\" data-large_image_height=\"1080\"href='https:\/\/www.radiopiu.net\/wordpress\/wp-content\/uploads\/2021\/10\/3d58d247-b7cf-471f-8a91-144db4f7eb9d.jpg'><img loading=\"lazy\" decoding=\"async\" width=\"300\" height=\"169\" src=\"https:\/\/www.radiopiu.net\/wordpress\/wp-content\/uploads\/2021\/10\/3d58d247-b7cf-471f-8a91-144db4f7eb9d-300x169.jpg\" class=\"attachment-medium size-medium\" alt=\"\" srcset=\"https:\/\/www.radiopiu.net\/wordpress\/wp-content\/uploads\/2021\/10\/3d58d247-b7cf-471f-8a91-144db4f7eb9d-300x169.jpg 300w, https:\/\/www.radiopiu.net\/wordpress\/wp-content\/uploads\/2021\/10\/3d58d247-b7cf-471f-8a91-144db4f7eb9d-1024x576.jpg 1024w, https:\/\/www.radiopiu.net\/wordpress\/wp-content\/uploads\/2021\/10\/3d58d247-b7cf-471f-8a91-144db4f7eb9d-768x432.jpg 768w, https:\/\/www.radiopiu.net\/wordpress\/wp-content\/uploads\/2021\/10\/3d58d247-b7cf-471f-8a91-144db4f7eb9d-1536x864.jpg 1536w, https:\/\/www.radiopiu.net\/wordpress\/wp-content\/uploads\/2021\/10\/3d58d247-b7cf-471f-8a91-144db4f7eb9d.jpg 1920w\" sizes=\"auto, (max-width: 300px) 100vw, 300px\" \/><\/a>\n\t\t\t\t<\/dt><\/dl><br style=\"clear: both\" \/>\n\t\t\t<\/div>\n\n<p>&nbsp;<\/p>\n<hr \/>\n<p>&nbsp;<\/p>\n<blockquote>\n<h3>GLI SPECIALI DI RADIO PIU, UNA SETTIMANA FA&#8230;TRA GLI ARTICOLI PIU&#8217; VISUALIZZATI<\/h3>\n<\/blockquote>\n<p><span style=\"color: #ff0000;\">LA COOPERATIVA LATTERIA DI VALLATA INAUGURA IL NUOVO MAGAZZINO DI STAGIONATURA A RIVAMONTE<\/span><\/p>\n<p>&nbsp;<\/p>\n<p><em><a href=\"https:\/\/www.radiopiu.net\/wordpress\/cooperativa-agordino-latteria-di-vallata-il-punto-con-il-presidente-roberto-chissale\/cooperativa-latteria-agordino\/\" rel=\"attachment wp-att-194321\"><img loading=\"lazy\" decoding=\"async\" class=\"size-full wp-image-194321 alignleft\" src=\"https:\/\/www.radiopiu.net\/wordpress\/wp-content\/uploads\/2021\/03\/COOPERATIVA-LATTERIA-AGORDINO.png\" alt=\"\" width=\"300\" height=\"200\" \/><\/a>La Cooperativa Agordino Latteria di Vallata sabato 23 ottobre alle 10.30 inaugura il nuovo magazzino di stagionatura in via Rosson a Rivamonte Agordino.\u00a0<\/em><\/p>\n<p><strong>di Claudio Fontanive<\/strong><\/p>\n<p>OSPITE: Roberto Chissal\u00e8, Presidente della Cooperativa Agordino Latteria di Vallata<\/p>\n<audio class=\"wp-audio-shortcode\" id=\"audio-237945-9\" preload=\"none\" style=\"width: 100%;\" controls=\"controls\"><source type=\"audio\/mpeg\" src=\"https:\/\/www.radiopiu.net\/wordpress\/wp-content\/uploads\/2021\/10\/roberto-chissale-15-ottobre.mp3?_=9\" \/><a href=\"https:\/\/www.radiopiu.net\/wordpress\/wp-content\/uploads\/2021\/10\/roberto-chissale-15-ottobre.mp3\">https:\/\/www.radiopiu.net\/wordpress\/wp-content\/uploads\/2021\/10\/roberto-chissale-15-ottobre.mp3<\/a><\/audio>\n<p>&nbsp;<\/p>\n<p>&nbsp;<\/p>\n<hr \/>\n<p>&nbsp;<\/p>\n<blockquote>\n<h3>IL CONSIGLIERE DI MINORANZA DIANA IRACI LAMENTA MANCATE INFORMAZIONI DA PARTE DEL SINDACO DE BERNARDIN<\/h3>\n<\/blockquote>\n<p><strong><a href=\"https:\/\/www.radiopiu.net\/wordpress\/8554eb80-bb6e-4752-a6d3-57aff91a2903\/\"><img loading=\"lazy\" decoding=\"async\" class=\"size-medium wp-image-215003 alignleft\" src=\"https:\/\/www.radiopiu.net\/wordpress\/wp-content\/uploads\/2021\/06\/8554eb80-bb6e-4752-a6d3-57aff91a2903-225x300.jpg\" alt=\"\" width=\"225\" height=\"300\" srcset=\"https:\/\/www.radiopiu.net\/wordpress\/wp-content\/uploads\/2021\/06\/8554eb80-bb6e-4752-a6d3-57aff91a2903-225x300.jpg 225w, https:\/\/www.radiopiu.net\/wordpress\/wp-content\/uploads\/2021\/06\/8554eb80-bb6e-4752-a6d3-57aff91a2903.jpg 768w\" sizes=\"auto, (max-width: 225px) 100vw, 225px\" \/><\/a>ROCCA PIETORE<\/strong><\/p>\n<p>di Gianni Santomaso<\/p>\n<audio class=\"wp-audio-shortcode\" id=\"audio-237945-10\" preload=\"none\" style=\"width: 100%;\" controls=\"controls\"><source type=\"audio\/mpeg\" src=\"https:\/\/www.radiopiu.net\/wordpress\/wp-content\/uploads\/2021\/10\/GIANNI-IRACI-ROCCA-PIETORE.mp3?_=10\" \/><a href=\"https:\/\/www.radiopiu.net\/wordpress\/wp-content\/uploads\/2021\/10\/GIANNI-IRACI-ROCCA-PIETORE.mp3\">https:\/\/www.radiopiu.net\/wordpress\/wp-content\/uploads\/2021\/10\/GIANNI-IRACI-ROCCA-PIETORE.mp3<\/a><\/audio>\n<p>&nbsp;<\/p>\n<hr \/>\n<p>&nbsp;<\/p>\n<blockquote>\n<h3>VAIA 3 ANNI DOPO, TORNA LA MUSICA IN VAL VISDENDE<\/h3>\n<\/blockquote>\n<\/div>\n<\/div>\n<p><strong>VAL VISDENDE<\/strong>\u00a0 Domenica 24 ottobre il Palco Vaia, realizzato in localit\u00e0 Pi\u00e8 della Costa, ospiter\u00e0\u00a0 due momenti musicali,\u00a0 \u00a0alle 13.30 con il gruppo musicale \u201cNa Fuoia\u201d: Annachiara Belli (violino e voce), Pina Sabatini (chitarra e voce) e Andrea Da Cort\u00e0 (chitarra, mandola, organetto, armonica, voce).\u00a0 A seguire salir\u00e0 sul palco Claudio Comuzzi, cantautore di Conegliano accompagnato dalle voci dei Ciapaqu\u00e0. La giornata si concluder\u00e0 alle 15.30 con la Santa Messa officiata dal parroco di Santo Stefano di Cadore, don Paolino Rossini. In caso di maltempo, la manifestazione sar\u00e0 annullata.<\/p>\n<p>&nbsp;<\/p>\n<div class=\"ecm0bbzt e5nlhep0 a8c37x1j\">\n<div class=\"kvgmc6g5 cxmmr5t8 oygrvhab hcukyx3x c1et5uql\">\n<p>&nbsp;<\/p>\n<hr \/>\n<p>&nbsp;<\/p>\n<p>&nbsp;<\/p>\n<p>&nbsp;<\/p>\n<p><strong><a href=\"https:\/\/www.radiopiu.net\/wordpress\/giornale-radiopiu-21-ottobre-2021-direttore-mirko-mezzacasa\/consegna-targa-comitato\/\" rel=\"attachment wp-att-238048\"><img loading=\"lazy\" decoding=\"async\" class=\" wp-image-238048 alignleft\" src=\"https:\/\/www.radiopiu.net\/wordpress\/wp-content\/uploads\/2021\/10\/Consegna-targa-comitato-300x169.jpg\" alt=\"\" width=\"238\" height=\"134\" srcset=\"https:\/\/www.radiopiu.net\/wordpress\/wp-content\/uploads\/2021\/10\/Consegna-targa-comitato-300x169.jpg 300w, https:\/\/www.radiopiu.net\/wordpress\/wp-content\/uploads\/2021\/10\/Consegna-targa-comitato-1024x577.jpg 1024w, https:\/\/www.radiopiu.net\/wordpress\/wp-content\/uploads\/2021\/10\/Consegna-targa-comitato-768x432.jpg 768w, https:\/\/www.radiopiu.net\/wordpress\/wp-content\/uploads\/2021\/10\/Consegna-targa-comitato-1536x865.jpg 1536w, https:\/\/www.radiopiu.net\/wordpress\/wp-content\/uploads\/2021\/10\/Consegna-targa-comitato.jpg 2048w\" sizes=\"auto, (max-width: 238px) 100vw, 238px\" \/><\/a>\u00a01700 EURO I RICAVI DEI DUE TORNEI DI <\/strong><strong>\u201cPALLINETTO\u201d SOLIDALE <\/strong><\/p>\n<p>&nbsp;<\/p>\n<p><strong>BELLUNO<\/strong> Una\u00a0 donazione diI 1700 euro\u00a0 \u00e8 stata devoluta al Comitato d&#8217;intesa di Belluno grazie alle due \u201cgare di pallinetto solidale\u201d organizzate dalla societ\u00e0 bocciofila \u201ccalcestruzzi Frezza\u201d di Limana.. Si tratta dei proventi delle due gare del memorial \u201cDino Gava\u201d\u00a0 e del memorial \u201cRenato Trevisson\u201d, in dodici giornate in cui sono state disputate 1304 partite. Questi i vincitori: &#8211; Trofeo Renato Trevisson: cat. A 1\u00b0 Franco Gasperin (Frezza), cat. B 1\u00b0 Fabrizio Tormen (Castionese) &#8211; cat. C 1\u00b0 Graziano Moretto (Treviso);- Trofeo Dino Gava:\u00a0cat. A 1\u00b0 Ennio Piol (Frezza), cat. B 1\u00b0 Giuseppe Nenz (Frezza), cat. C 1\u00b0 Gianni Burigo (Castionese).<\/p>\n<p>&nbsp;<\/p>\n<p>&nbsp;<\/p>\n<hr \/>\n<blockquote>\n<h3><\/h3>\n<h3><\/h3>\n<blockquote>\n<h3>IL FILM DI STEFANO USARDI E\u00a0 LA PRIMA AL MODENA DI TRENTO<\/h3>\n<\/blockquote>\n<p><strong><a href=\"https:\/\/www.radiopiu.net\/wordpress\/giornale-radiopiu-20-ottobre-2021-direttore-mirko-mezzacasa\/coverlg-2\/\" rel=\"attachment wp-att-237960\"><img loading=\"lazy\" decoding=\"async\" class=\" wp-image-237960 alignleft\" src=\"https:\/\/www.radiopiu.net\/wordpress\/wp-content\/uploads\/2021\/10\/coverlg-300x169.jpg\" alt=\"\" width=\"199\" height=\"112\" srcset=\"https:\/\/www.radiopiu.net\/wordpress\/wp-content\/uploads\/2021\/10\/coverlg-300x169.jpg 300w, https:\/\/www.radiopiu.net\/wordpress\/wp-content\/uploads\/2021\/10\/coverlg-1024x576.jpg 1024w, https:\/\/www.radiopiu.net\/wordpress\/wp-content\/uploads\/2021\/10\/coverlg-768x432.jpg 768w, https:\/\/www.radiopiu.net\/wordpress\/wp-content\/uploads\/2021\/10\/coverlg.jpg 1280w\" sizes=\"auto, (max-width: 199px) 100vw, 199px\" \/><\/a>AGORDO<\/strong> \u00a0&#8220;Fra due battiti&#8221; \u00e8\u00a0 l&#8217;ultimo film di Stefano Usardi, prodotto dalla FIFILM Production di Caterina Francavilla di Agordo, una produzione bellunese con\u00a0 artisti italiani\u00a0 tra cui Remo Girone, Stefano Scandaletti, Giulio Cancelli, Stefano Detassis, Federico Vivaldi, Maria Vittoria Barella., venerd\u00ec va in prima nazionale al Cinema Modena di Trento. Il film \u00e8 stato girato interamente tra la citt\u00e0 tridentina e a Riva del Garda.<\/p>\n<p>La FIFILM con sede ad Agordo \u00e8 sorta con lo scopo di promuovere e sostenere il cinema d&#8217;autore. La proiezione del 22 ottobre \u00e8 fissata per le 19.45. Prenotazioni e informazioni 0461-261819.<\/p><\/blockquote>\n<h3><\/h3>\n<hr \/>\n<h3><\/h3>\n<p>&nbsp;<\/p>\n<blockquote><p>&nbsp;<\/p><\/blockquote>\n<p>&nbsp;<\/p>\n<hr \/>\n<blockquote>\n<h3>DAL 1976 LA MESSA PER I CADUTI DELLA MONTAGNA, DOMENICA 31 OTTOBRE AD AGORDO<\/h3>\n<\/blockquote>\n<p><strong>AGORDO<\/strong>\u00a0 Anche quest&#8217;anno per iniziativa del Coro Agordo i Caduti in montagna saranno ricordati con una celebrazione religiosa accompagnata dai canti del Coro Agordo (che organizza il ricordo) nell&#8217;Arcidiaconale della citt\u00e0. Anche quest&#8217;anno la celebrazione sar\u00e0 trasmessa in tutto il mondo sulle frequenze FM e sullo streaming di Radio Pi\u00f9, in video sui canali facebook e telegram (RADIO PIU INFORMAZIONE). I posti a sedere in chiesa saranno distanziati come da norme anti covid, ridotti nel numero disponibile. E&#8217; dunque importante la comunicazione anticipata di quanti vorranno partecipare (347 8883140, mail coroagordo@libero.it). A causa della pandemia il consueto ritrovato al termine della messa nella sede del Coro non si terr\u00e0.<\/p>\n<p>&nbsp;<\/p>\n<p>&nbsp;<\/p>\n<hr \/>\n<p>&nbsp;<\/p>\n<blockquote>\n<blockquote>\n<h3><a href=\"https:\/\/www.radiopiu.net\/wordpress\/giornale-radiopiu-08-ottobre-2021-direttore-mirko-mezzacasa\/museo-etnografico-attivita-gioco-1\/\" rel=\"attachment wp-att-235875\"><img loading=\"lazy\" decoding=\"async\" class=\"wp-image-235875 alignleft\" src=\"https:\/\/www.radiopiu.net\/wordpress\/wp-content\/uploads\/2021\/10\/museo-etnografico-attivita-gioco-1-300x225.jpg\" alt=\"\" width=\"177\" height=\"133\" srcset=\"https:\/\/www.radiopiu.net\/wordpress\/wp-content\/uploads\/2021\/10\/museo-etnografico-attivita-gioco-1-300x225.jpg 300w, https:\/\/www.radiopiu.net\/wordpress\/wp-content\/uploads\/2021\/10\/museo-etnografico-attivita-gioco-1-768x576.jpg 768w, https:\/\/www.radiopiu.net\/wordpress\/wp-content\/uploads\/2021\/10\/museo-etnografico-attivita-gioco-1.jpg 960w\" sizes=\"auto, (max-width: 177px) 100vw, 177px\" \/><\/a>INIZIATIVE, LE MUSE E LE DOLOMITI<\/h3>\n<p><strong>CORSO COLLETTIVO PER BAMBINI E RAGAZZI&#8230; CANTARE INSIEME E&#8217; DIVERTENTE E SALUTARE<\/strong><\/p>\n<p><span style=\"color: #ff0000;\">tel. 342 914 7712<\/span><\/p><\/blockquote>\n<audio class=\"wp-audio-shortcode\" id=\"audio-237945-11\" preload=\"none\" style=\"width: 100%;\" controls=\"controls\"><source type=\"audio\/mpeg\" src=\"https:\/\/www.radiopiu.net\/wordpress\/wp-content\/uploads\/2021\/10\/MUSE-OTTOBRE-2021.mp3?_=11\" \/><a href=\"https:\/\/www.radiopiu.net\/wordpress\/wp-content\/uploads\/2021\/10\/MUSE-OTTOBRE-2021.mp3\">https:\/\/www.radiopiu.net\/wordpress\/wp-content\/uploads\/2021\/10\/MUSE-OTTOBRE-2021.mp3<\/a><\/audio>\n<p>&nbsp;<\/p><\/blockquote>\n<p>&nbsp;<\/p>\n<hr \/>\n<p>&nbsp;<\/p>\n<blockquote>\n<h3>SAN PATRIGNANO A FELTRE<\/h3>\n<\/blockquote>\n<p class=\"kvgmc6g5 cxmmr5t8 oygrvhab hcukyx3x c1et5uql\"><a href=\"https:\/\/www.radiopiu.net\/wordpress\/giornale-radiopiu-15-ottobre-2021-direttore-mirko-mezzacasa\/245316959_10158538616854503_8387571088789690524_n\/\" rel=\"attachment wp-att-237072\"><img loading=\"lazy\" decoding=\"async\" class=\"size-medium wp-image-237072 alignleft\" src=\"https:\/\/www.radiopiu.net\/wordpress\/wp-content\/uploads\/2021\/10\/245316959_10158538616854503_8387571088789690524_n-300x157.jpg\" alt=\"\" width=\"300\" height=\"157\" srcset=\"https:\/\/www.radiopiu.net\/wordpress\/wp-content\/uploads\/2021\/10\/245316959_10158538616854503_8387571088789690524_n-300x157.jpg 300w, https:\/\/www.radiopiu.net\/wordpress\/wp-content\/uploads\/2021\/10\/245316959_10158538616854503_8387571088789690524_n-768x402.jpg 768w, https:\/\/www.radiopiu.net\/wordpress\/wp-content\/uploads\/2021\/10\/245316959_10158538616854503_8387571088789690524_n.jpg 960w\" sizes=\"auto, (max-width: 300px) 100vw, 300px\" \/><\/a><strong>FELTRE<\/strong> Domenica 24 ottobre, a partire dalle 18.00, presso il Museo Diocesano di Feltre si affronter\u00e0 il tema delle dipendenze attraverso la voce di chi ha vissuto la comunit\u00e0 di San Patrignano.<\/p>\n<p class=\"o9v6fnle cxmmr5t8 oygrvhab hcukyx3x c1et5uql\">Walter Delogu, ospite per anni della comunit\u00e0, autista e guardia del corpo del fondatore Vincenzo Muccioli, autore del libro \u201cIl Braccio Destro\u201d e tra i protagonisti della la docu-serie \u201cSanPa. Luci e tenebre di San Patrignano\u201d prodotta da Netflix.<\/p>\n<p class=\"o9v6fnle cxmmr5t8 oygrvhab hcukyx3x c1et5uql\">Prenota ora il tuo biglietto:\u00a0<a class=\"oajrlxb2 g5ia77u1 qu0x051f esr5mh6w e9989ue4 r7d6kgcz rq0escxv nhd2j8a9 nc684nl6 p7hjln8o kvgmc6g5 cxmmr5t8 oygrvhab hcukyx3x jb3vyjys rz4wbd8a qt6c0cv9 a8nywdso i1ao9s8h esuyzwwr f1sip0of lzcic4wl py34i1dx gpro0wi8\" tabindex=\"0\" role=\"link\" href=\"https:\/\/la-parola-a-walter-delogu.eventbrite.it\/?fbclid=IwAR1tV-kG2HWho-2VG775XrTWwEfr8vnzKuCUJL5rKAasaecVBJn0WndXJbQ\" target=\"_blank\" rel=\"nofollow noopener\">https:\/\/la-parola-a-walter-delogu.eventbrite.it\u00a0<\/a><\/p>\n<p>&nbsp;<\/p>\n<p>&nbsp;<\/p>\n<hr \/>\n<p>&nbsp;<\/p>\n<blockquote>\n<h3>BUZZATTI E GLI ANNI DEL BOOM, 1945-1969, IL CONVEGNO A PALAZZO BEMBO<\/h3>\n<\/blockquote>\n<p><a href=\"https:\/\/www.radiopiu.net\/wordpress\/giornale-radiopiu-20-ottobre-2021-direttore-mirko-mezzacasa\/buzzati-convegno-boom-economico-1\/\" rel=\"attachment wp-att-237815\"><img loading=\"lazy\" decoding=\"async\" class=\" wp-image-237815 alignleft\" src=\"https:\/\/www.radiopiu.net\/wordpress\/wp-content\/uploads\/2021\/10\/Buzzati-convegno-boom-economico-1-207x300.jpg\" alt=\"\" width=\"127\" height=\"184\" srcset=\"https:\/\/www.radiopiu.net\/wordpress\/wp-content\/uploads\/2021\/10\/Buzzati-convegno-boom-economico-1-207x300.jpg 207w, https:\/\/www.radiopiu.net\/wordpress\/wp-content\/uploads\/2021\/10\/Buzzati-convegno-boom-economico-1.jpg 583w\" sizes=\"auto, (max-width: 127px) 100vw, 127px\" \/><\/a><strong>BELLUNO<\/strong>\u00a0 Un convegno organizzato da Comune di Belluno, Confindustria Belluno Dolomiti, Luiss Business School, Associazione Internazionale Dino Buzzati e Fondazione Ansaldo \u00e8 in calendario per oggi all&#8217;Hub Veneto delle Dolomiti della Luiss a Palazzo Bembo.Dalle 10 interverranno: la Presidente di Confindustria Belluno Dolomiti, Lorraine Berton, Giuseppe Di Taranto, professore dell&#8217;Universit\u00e0 LUISS Guido Carli di Roma, Simone Raffaello Pengue dell&#8217;Universit\u00e0 di Basilea,\u00a0 Mirco Michelon, dell&#8217;Universit\u00e0 di Paris 8 Vincennes-Saint Denis e dell&#8217;Accademia di Belle Arti di Perugia, e\u00a0 Giuseppe Lupo dell&#8217;Universit\u00e0 Cattolica di Milano. Nel pomeriggio protagonisti Nicole Maniero dell&#8217;Universit\u00e0 di Cambridge, Emanuele Zoppellari dell&#8217;Universit\u00e0 di Torino e Marco Perale, assessore alla cultura del Comune di Belluno e presidente dell&#8217;Associazione Internazionale Dino Buzzati. In conclusione, la proiezione di \u201cPianeta acciaio\u201d, un filmato del 1962 realizzato per l\u2019apertura dell\u2019impianto siderurgico dell\u2019Italsider a Taranto<\/p>\n<p>&nbsp;<\/p>\n<p>&nbsp;<\/p>\n<hr \/>\n<p>&nbsp;<\/p>\n<blockquote>\n<h3>OGGI\u00a0 CERTOTTICA FA SCOPRIRE IL CORSO ITS PER EYEWEAR PRODUCT MANAGER<\/h3>\n<\/blockquote>\n<p><strong>LONGARONE<\/strong> \u00a0L\u2019Area Formazione di Certottica apre le porte, oggi esclusivamente previo appuntamento, dalle 9 alle 17 per far conoscere l\u2019ottava edizione del corso ITS Academy per Eyewear Product Manager. Il biennio post diploma \u00e8 un\u2019alternativa valida e completa all\u2019Universit\u00e0 che in 2 anni permette di affrontare un percorso altamente specialistico in cui vengono condensate 1200 ore di lezione e\u00a0 800 ore di tirocinio dove le aziende introducono concretamente gli allievi alla professione che porteranno avanti dopo il diploma, calandoli nei ritmi di vita del mondo dell\u2019occhiale. La sede dell&#8217;evento sar\u00e0 il Politecnico Internazionale dell&#8217;Occhiale\u00a0 a Longarone. Per informazioni invitiamo a contattare lo staff dell&#8217;Area Formazione allo 0437\/573157, o, via mail a formazione@certottica.it.<\/p>\n<p>&nbsp;<\/p>\n<p>&nbsp;<\/p>\n<hr \/>\n<p>&nbsp;<\/p>\n<blockquote>\n<h3>VALLESINA PAESAGGIO IM MOBILE, VENERDI LA PRESENTAZIONE<\/h3>\n<\/blockquote>\n<p><strong>VALLE DI CADORE\u00a0<\/strong> Si terr\u00e0 domani\u00a0 alle 11\u00a0 nella Sala Polifunzionale de La Tappa, a Valle di Cadore, l&#8217;evento finale del progetto\u00a0 \u201cConcetto per lo sviluppo del paesaggio \u2013 Battere nuove strade per conservare e sviluppare il territorio e il paesaggio\u201d. L&#8217;evento \u00e8 aperto alla popolazione e per partecipare sar\u00e0 richiesto di esibire il Green Pass. <em>\u00a0&#8220;Responsabilizzare gli abitanti verso una cultura della manutenzione ordinaria del territorio. &#8211; spiega il responsabile del settore progettazione della Cadore s.c.s. Michele Pellegrini \u2013 Vogliamo in questo modo dare un futuro al progetto e alle attivit\u00e0 che da questo sono nate&#8221;\u00a0<\/em><\/p>\n<p>&nbsp;<\/p>\n<hr \/>\n<p>&nbsp;<\/p>\n<p><strong>TORNANO GLI SPETTACOLI DI MISTERO<\/strong><\/p>\n<p><strong>La prima data bellunese il 23 ottobre nel Capoluogo<\/strong><\/p>\n<p><strong><a href=\"https:\/\/www.radiopiu.net\/wordpress\/giornale-radiopiu-21-ottobre-2021-direttore-mirko-mezzacasa\/sedico-8\/\" rel=\"attachment wp-att-238042\"><img loading=\"lazy\" decoding=\"async\" class=\"wp-image-238042 alignleft\" src=\"https:\/\/www.radiopiu.net\/wordpress\/wp-content\/uploads\/2021\/10\/SEDICO-225x300.jpg\" alt=\"\" width=\"119\" height=\"159\" srcset=\"https:\/\/www.radiopiu.net\/wordpress\/wp-content\/uploads\/2021\/10\/SEDICO-225x300.jpg 225w, https:\/\/www.radiopiu.net\/wordpress\/wp-content\/uploads\/2021\/10\/SEDICO.jpg 510w\" sizes=\"auto, (max-width: 119px) 100vw, 119px\" \/><\/a>BELLUNO<\/strong> Sabato 23 ottobre nel centro della Citt\u00e0 di Belluno dalle 17.30 alle 19 passeggiata serale per le vie del centro con la consulenza storica di Marco Perale.\u00a0Gli altri eventi sabato 30 ottobre a <strong>Soranzen<\/strong>\u00a0 spettacolo teatrale all\u2019aperto, a <strong>Melere di Borgo Valbelluna<\/strong> tradizionale passeggiata animata. Domenica 31\u00a0 a <strong>Sedico\u00a0<\/strong> alla scoperta del misterioso sito archeologico del Castelliere di Noal con rappresentazione teatrale a cura dell&#8217;attivissima proloco presieduta da Claudio Mezzavilla. Venerd\u00ec 5 a <strong>Mel<\/strong> \u201cQuattro ciacole al fil\u00f2\u201d presso l\u2019ex chiesa di San Pietro, sabato 6<strong> a Gron di Sospirolo\u00a0 ed Alano di Piave<\/strong> passeggiata guidata e animata,\u00a0 domenica 7 transumanza delle capre\u00a0 da <strong>Caralte<\/strong> a Valle di Cadore.<\/p>\n<p>&nbsp;<\/p>\n<p>&nbsp;<\/p>\n<hr \/>\n<p>&nbsp;<\/p>\n<blockquote>\n<h3>C\u2019\u00c8 TEMPO FINO AL 25 OTTOBRE PER PARTECIPARE AL PREMIO STRIKE! STORIE DI GIOVANI CHE CAMBIANO LE COSE,<\/h3>\n<\/blockquote>\n<p><strong>VENEZIA<\/strong>\u00a0 C\u2019\u00e8 tempo\u00a0 fino al 25 ottobre per partecipare al premio \u201cStrike! Storie di giovani che cambiano le cose\u201d, dedicato ai giovani tra i 18 e i 35 anni, che quest\u2019anno, nella sua sesta edizione, dal Trentino- Alto Adige si allarga in via sperimentale anche a Veneto e Lombardia. In palio ci sono premi in denaro per i primi 3 classificati, mentre i 10 finalisti potranno partecipare in autunno a un laboratorio di storytelling e a un corso di public speaking, entrambi online. Per partecipare va compilato il form sul sito www.strikestories.com. Il passo successivo \u00e8 realizzare un breve videomessaggio della durata massima di 5 minuti che racconti il proprio strike, un traguardo di cui andare orgogliosi e che possa diventare fonte di ispirazione per altri giovani.<\/p>\n<p>&nbsp;<\/p>\n<p>&nbsp;<\/p>\n<hr \/>\n<p>&nbsp;<\/p>\n<p>&nbsp;<\/p>\n<blockquote>\n<h3 class=\"gmail-MsoBodyText\"><b><span style=\"font-family: verdana, sans-serif; font-size: large;\">PREMIO GIORNALISTICO \u201cBEPI ZANFRON\u201d<\/span><\/b><\/h3>\n<\/blockquote>\n<p><a href=\"https:\/\/www.radiopiu.net\/wordpress\/giornale-radiopiu-21-ottobre-2021-direttore-mirko-mezzacasa\/autosave-file-vom-d-lab2-3-der-agfaphoto-gmbh\/\" rel=\"attachment wp-att-238043\"><img loading=\"lazy\" decoding=\"async\" class=\"size-medium wp-image-238043 alignleft\" src=\"https:\/\/www.radiopiu.net\/wordpress\/wp-content\/uploads\/2021\/10\/Bepi-Zanfron-alle-Olimpiadi-di-Lillehammer-1994-foto-archivio-AGENZIA-FOTOGRAFICA-ZANFRON-300x200.jpg\" alt=\"\" width=\"300\" height=\"200\" srcset=\"https:\/\/www.radiopiu.net\/wordpress\/wp-content\/uploads\/2021\/10\/Bepi-Zanfron-alle-Olimpiadi-di-Lillehammer-1994-foto-archivio-AGENZIA-FOTOGRAFICA-ZANFRON-300x200.jpg 300w, https:\/\/www.radiopiu.net\/wordpress\/wp-content\/uploads\/2021\/10\/Bepi-Zanfron-alle-Olimpiadi-di-Lillehammer-1994-foto-archivio-AGENZIA-FOTOGRAFICA-ZANFRON-1024x684.jpg 1024w, https:\/\/www.radiopiu.net\/wordpress\/wp-content\/uploads\/2021\/10\/Bepi-Zanfron-alle-Olimpiadi-di-Lillehammer-1994-foto-archivio-AGENZIA-FOTOGRAFICA-ZANFRON-768x513.jpg 768w, https:\/\/www.radiopiu.net\/wordpress\/wp-content\/uploads\/2021\/10\/Bepi-Zanfron-alle-Olimpiadi-di-Lillehammer-1994-foto-archivio-AGENZIA-FOTOGRAFICA-ZANFRON-1536x1025.jpg 1536w, https:\/\/www.radiopiu.net\/wordpress\/wp-content\/uploads\/2021\/10\/Bepi-Zanfron-alle-Olimpiadi-di-Lillehammer-1994-foto-archivio-AGENZIA-FOTOGRAFICA-ZANFRON-2048x1367.jpg 2048w\" sizes=\"auto, (max-width: 300px) 100vw, 300px\" \/><\/a><\/p>\n<p class=\"gmail-MsoBodyText\"><span style=\"font-family: verdana, sans-serif;\"><strong>LONGARONE<\/strong> Si svolger\u00e0 sabato nella sala consiliare del Municipio di Longarone, con inizio alle 18, la cerimonia di premiazione della quarta edizione del premio giornalistico intitolato alla memoria di Giuseppe \u201cBepi\u201d Zanfron (foto), organizzato da Assostampa Belluno e Sindacato Giornalisti del Veneto,\u00a0 con il contributo del Consorzio dei Comuni del Bacino Imbrifero Montano del Piave appartenenti alla Provincia di Belluno e con il patrocinio della Regione del Veneto, della Provincia di Belluno, del Comune di Longarone, della Fondazione Vajont e dell&#8217;Associazione Bellunesi nel Mondo. <\/span><span style=\"font-family: verdana, sans-serif;\">Si tratta di un&#8217;edizione dedicata all&#8217;emigrazione italiana di ieri e di oggi e che ha riscosso interesse nel mondo giornalistico nazionale: arrivano da Marche, Friuli-Venezia Giulia e Lombardia i tre finalisti di quest&#8217;anno. <\/span><span style=\"font-family: verdana, sans-serif;\">A realizzare i lavori pi\u00f9 apprezzati dalla giuria sono stati \u2013 in rigoroso ordine alfabetico \u2013 Paola Cecchini, Ludovico Fontana e Paolo Riva. Cecchini \u00e8 giornalista professionista, vive a Pesaro ed \u00e8 redattrice di Progetto Radici, curata dall&#8217;Associazione Nazionale Italiani nel Mondo; Fontana, anche lui professionista, \u00e8 nato a Bari e dal 2017 lavora a Trieste per il TGR Rai; infine, Riva, giornalista professionista freelance, esperto di tematiche sociali e migratorie, collabora con diverse testate. <\/span><span style=\"font-family: verdana, sans-serif;\">Il vincitore verr\u00e0 proclamato solamente nel corso della cerimonia di sabato.<\/span><\/p>\n<hr \/>\n<p>&nbsp;<\/p>\n<p>&nbsp;<\/p>\n<blockquote>\n<h2><strong>Nuovo servizio di restituzione di libri e dvd \u201cself-service\u201d attivo h24 presso il Polo Bibliotecario Feltrino.<br \/>\n<\/strong><\/h2>\n<\/blockquote>\n<p><strong><a href=\"https:\/\/www.radiopiu.net\/wordpress\/giornale-radiopiu-21-ottobre-2021-direttore-mirko-mezzacasa\/box-self-service-polo-bibliotecario\/\" rel=\"attachment wp-att-238047\"><img loading=\"lazy\" decoding=\"async\" class=\"wp-image-238047 alignleft\" src=\"https:\/\/www.radiopiu.net\/wordpress\/wp-content\/uploads\/2021\/10\/Box-self-service-Polo-Bibliotecario-300x241.jpg\" alt=\"\" width=\"163\" height=\"131\" srcset=\"https:\/\/www.radiopiu.net\/wordpress\/wp-content\/uploads\/2021\/10\/Box-self-service-Polo-Bibliotecario-300x241.jpg 300w, https:\/\/www.radiopiu.net\/wordpress\/wp-content\/uploads\/2021\/10\/Box-self-service-Polo-Bibliotecario-1024x823.jpg 1024w, https:\/\/www.radiopiu.net\/wordpress\/wp-content\/uploads\/2021\/10\/Box-self-service-Polo-Bibliotecario-768x617.jpg 768w, https:\/\/www.radiopiu.net\/wordpress\/wp-content\/uploads\/2021\/10\/Box-self-service-Polo-Bibliotecario-1536x1234.jpg 1536w, https:\/\/www.radiopiu.net\/wordpress\/wp-content\/uploads\/2021\/10\/Box-self-service-Polo-Bibliotecario.jpg 1858w\" sizes=\"auto, (max-width: 163px) 100vw, 163px\" \/><\/a>FELTRE\u00a0<\/strong> Il Polo Bibliotecario Feltrino si \u00e8 dotato in questi giorni di un box \u201cself-service\u201d, posizionato all&#8217;esterno all\u2019edificio per la restituzione dei libri e dei dvd. Il nuovo servizio, attivo da luned\u00ec scorso in modalit\u00e0 \u201ch24\u201d,\u00a0 \u00e8 stato pensato per consentire agli utenti di restituire in autonomia i libri in qualunque giorno della settimana e in qualsiasi momento della giornata, anche al di fuori degli orari di apertura della biblioteca. Il materiale depositato all&#8217;interno del contenitore viene ritirato e controllato dal personale, che ne verifica le condizioni di integrit\u00e0, lo scarica dal prestito e lo ricolloca a scaffale.\u00a0 Fino al 31 dicembre il box sar\u00e0 posizionato all&#8217;esterno della Biblioteca; dopo questo periodo di \u201crodaggio\u201d, il contenitore sar\u00e0 spostato con ogni probabilit\u00e0 in Largo Castaldi, in una posizione pi\u00f9 accessibile a tutti.<\/p>\n<p>&nbsp;<\/p>\n<p>&nbsp;<\/p>\n<hr \/>\n<p>&nbsp;<\/p>\n<blockquote>\n<h3>CONSIGLIO COMUNALE DI SAN TOMASO<\/h3>\n<\/blockquote>\n<p><strong>SAN TOMASO<\/strong> Moreno De Val, Sindaco di san Tomaso, ha convocato il consiglio comunale per oggi alle 20 in videoconferenza. Quattro i punti da discutere tra cui una variazione al bilancio, l&#8217;approvazione della convenzione per il servizio di tesoreria con affidamento al comune di Colle Santa Lucia e la nomina dell&#8217;organo di revisione economico finanziaria per il triennio 2021\/24.<\/p>\n<p>&nbsp;<\/p>\n<p>&nbsp;<\/p>\n<hr \/>\n<p>&nbsp;<\/p>\n<blockquote>\n<h3>A TAIBON CONSIGLIO COMUNALE A PORTE CHIUSE, PER GLI INTERESSATI IN VIDEO CONFERENZA<\/h3>\n<\/blockquote>\n<p><strong>TAIBON<\/strong> Sabato alle 10 consiglio comunale convocato dal sindaco Silvia Tormen. All&#8217;ordine del giorno: variazione al bilancio, approvazione Documento Unico di Programmazione, affidamento servizio di tesoreria, individuazione zona di degrado per il recupero per patrimonio edilizio in via Vaticano a Forno Val. Il link attraverso il quale la cittadinanza pu\u00f2 accedere alla piattaforma telematica Google Meet e assistere alla seduta del Consiglio \u00e8 il seguente: https:\/\/meet.google.com\/ftn-widx-kwi In alternativa, \u00e8 possibile collegarsi al sito https:\/\/apps.google.com\/meet e inserire il seguente codice riunione: ftn-widx-kwi<\/p>\n<p>&nbsp;<\/p>\n<hr \/>\n<p>&nbsp;<\/p>\n<p>&nbsp;<\/p>\n<blockquote>\n<h3>DOMANI IN SALA DON TAMIS LA PRESENTAZIONE DEL LIBRO SU POMPEO DE POLI<\/h3>\n<\/blockquote>\n<p><a href=\"https:\/\/www.radiopiu.net\/wordpress\/venerdi-in-sala-don-tamis-la-presentazione-del-libro-su-pompeo-de-poli\/epson-mfp-image\/\" rel=\"attachment wp-att-237942\"><img loading=\"lazy\" decoding=\"async\" class=\"alignleft wp-image-237942 size-medium\" src=\"https:\/\/www.radiopiu.net\/wordpress\/wp-content\/uploads\/2021\/10\/POMPEO-DE-POLI-CASON-208x300.jpg\" alt=\"\" width=\"208\" height=\"300\" srcset=\"https:\/\/www.radiopiu.net\/wordpress\/wp-content\/uploads\/2021\/10\/POMPEO-DE-POLI-CASON-208x300.jpg 208w, https:\/\/www.radiopiu.net\/wordpress\/wp-content\/uploads\/2021\/10\/POMPEO-DE-POLI-CASON-710x1024.jpg 710w, https:\/\/www.radiopiu.net\/wordpress\/wp-content\/uploads\/2021\/10\/POMPEO-DE-POLI-CASON-768x1108.jpg 768w, https:\/\/www.radiopiu.net\/wordpress\/wp-content\/uploads\/2021\/10\/POMPEO-DE-POLI-CASON-1065x1536.jpg 1065w, https:\/\/www.radiopiu.net\/wordpress\/wp-content\/uploads\/2021\/10\/POMPEO-DE-POLI-CASON-1420x2048.jpg 1420w, https:\/\/www.radiopiu.net\/wordpress\/wp-content\/uploads\/2021\/10\/POMPEO-DE-POLI-CASON-scaled.jpg 1775w\" sizes=\"auto, (max-width: 208px) 100vw, 208px\" \/><\/a><\/p>\n<p><strong>AGORDO<\/strong><\/p>\n<p>di Gianni Santomaso<\/p>\n<audio class=\"wp-audio-shortcode\" id=\"audio-237945-12\" preload=\"none\" style=\"width: 100%;\" controls=\"controls\"><source type=\"audio\/mpeg\" src=\"https:\/\/www.radiopiu.net\/wordpress\/wp-content\/uploads\/2021\/10\/GIANNI-LIBRO-POMPEO-DE-POLI.mp3?_=12\" \/><a href=\"https:\/\/www.radiopiu.net\/wordpress\/wp-content\/uploads\/2021\/10\/GIANNI-LIBRO-POMPEO-DE-POLI.mp3\">https:\/\/www.radiopiu.net\/wordpress\/wp-content\/uploads\/2021\/10\/GIANNI-LIBRO-POMPEO-DE-POLI.mp3<\/a><\/audio>\n<p>&nbsp;<\/p>\n<p>&nbsp;<\/p>\n<hr \/>\n<p>&nbsp;<\/p>\n<blockquote>\n<h3>GLI APPUNTAMENTI DI OTTOBRE ROSA DELL&#8217;ULSS 1 DOLOMITI<\/h3>\n<\/blockquote>\n<p class=\"gmail-o9v6fnle gmail-cxmmr5t8 gmail-oygrvhab gmail-hcukyx3x gmail-c1et5uql gmail-ii04i59q\"><strong><a href=\"https:\/\/www.radiopiu.net\/wordpress\/giornale-radiopiu-09-ottobre-2021-direttore-mirko-mezzacasa\/ottobre-rosa\/\" rel=\"attachment wp-att-236082\"><img loading=\"lazy\" decoding=\"async\" class=\" wp-image-236082 alignleft\" src=\"https:\/\/www.radiopiu.net\/wordpress\/wp-content\/uploads\/2021\/10\/ottobre-rosa-212x300.png\" alt=\"\" width=\"134\" height=\"190\" srcset=\"https:\/\/www.radiopiu.net\/wordpress\/wp-content\/uploads\/2021\/10\/ottobre-rosa-212x300.png 212w, https:\/\/www.radiopiu.net\/wordpress\/wp-content\/uploads\/2021\/10\/ottobre-rosa-724x1024.png 724w, https:\/\/www.radiopiu.net\/wordpress\/wp-content\/uploads\/2021\/10\/ottobre-rosa-768x1086.png 768w, https:\/\/www.radiopiu.net\/wordpress\/wp-content\/uploads\/2021\/10\/ottobre-rosa-1086x1536.png 1086w, https:\/\/www.radiopiu.net\/wordpress\/wp-content\/uploads\/2021\/10\/ottobre-rosa.png 1414w\" sizes=\"auto, (max-width: 134px) 100vw, 134px\" \/><\/a>BELLUNO <\/strong>In occasione del mese dedicato alla sensibilizzazione sui tumori al seno, l&#8217;Ulss Dolomiti propone una serie di incontri di Gmeet aperti alla cittadinanza con l&#8217;obiettivo di favorire il dialogo con e tra le donne. Si parler\u00e0 di prevenzione, cura chirurgica, terapie oncologiche e radioterapiche e di come ricominciare a prendersi cura di s\u00e9 partendo da una lezione di trucco. Ecco il calendario: Un appuntamento speciale: la mammografia (senza segreti), Ho un tumore al seno. E adesso cosa succede?<\/p>\n<p class=\"gmail-o9v6fnle gmail-cxmmr5t8 gmail-oygrvhab gmail-hcukyx3x gmail-c1et5uql gmail-ii04i59q\">Luned\u00ec 25 ottobre ore 18.00 &#8211; 19.00, Incontro con: Fable Zustovich (oncologo) e Filippo De Renzi (radioterapista). Ricomincio da me. Incontro con make up artist, Mercoled\u00ec 27 ottobre ore 18.00 &#8211; 19.00, Incontro con: Serena Zatta (make up artist)<\/p>\n<div class=\"gmail-kvgmc6g5 gmail-cxmmr5t8 gmail-oygrvhab gmail-hcukyx3x gmail-c1et5uql gmail-ii04i59q\">\n<blockquote>\n<div dir=\"auto\"><em>Ho un tumore della mammella\u2026 e adesso cosa succede? SECONDO APPUNTAMENTO CON LA RASSEGNA OTTOBRE ROSA Per iscriversi e ricevere il link inviare una mail a <a href=\"mailto:guadagnare.salute@aulss1.veneto.it\">guadagnare.salute@aulss1.veneto.it\u00a0<\/a><\/em><\/div>\n<div dir=\"auto\"><\/div>\n<div dir=\"auto\"><\/div>\n<div dir=\"auto\"><\/div>\n<div dir=\"auto\"><\/div>\n<\/blockquote>\n<div dir=\"auto\">\n<hr \/>\n<\/div>\n<div dir=\"auto\"><\/div>\n<blockquote>\n<h3 dir=\"auto\">UNA CACCIA AL TESORO PER LE VIE DI AGORDO IN TEMA HALLOWEEN<\/h3>\n<\/blockquote>\n<div dir=\"auto\">\n<h1><span style=\"color: #ff0000;\">IERI ALLA RADIO<\/span><\/h1>\n<p>&nbsp;<\/p>\n<p><a href=\"https:\/\/www.radiopiu.net\/wordpress\/prosecchizzazione\/b7b5141e-70e7-4330-936c-04a399543206\/\" rel=\"attachment wp-att-238007\"><img loading=\"lazy\" decoding=\"async\" class=\"size-medium wp-image-238007 alignleft\" src=\"https:\/\/www.radiopiu.net\/wordpress\/wp-content\/uploads\/2021\/10\/b7b5141e-70e7-4330-936c-04a399543206-300x135.jpg\" alt=\"\" width=\"300\" height=\"135\" srcset=\"https:\/\/www.radiopiu.net\/wordpress\/wp-content\/uploads\/2021\/10\/b7b5141e-70e7-4330-936c-04a399543206-300x135.jpg 300w, https:\/\/www.radiopiu.net\/wordpress\/wp-content\/uploads\/2021\/10\/b7b5141e-70e7-4330-936c-04a399543206-1024x461.jpg 1024w, https:\/\/www.radiopiu.net\/wordpress\/wp-content\/uploads\/2021\/10\/b7b5141e-70e7-4330-936c-04a399543206-768x345.jpg 768w, https:\/\/www.radiopiu.net\/wordpress\/wp-content\/uploads\/2021\/10\/b7b5141e-70e7-4330-936c-04a399543206-1536x691.jpg 1536w, https:\/\/www.radiopiu.net\/wordpress\/wp-content\/uploads\/2021\/10\/b7b5141e-70e7-4330-936c-04a399543206.jpg 2048w\" sizes=\"auto, (max-width: 300px) 100vw, 300px\" \/><\/a><strong>OSPITI FRANCESCO CORAZZA, GLORIA CASOT, GIADA RAGAZZO<\/strong><\/p>\n<p><strong>di Mirko Mezzacasa\u00a0<\/strong><\/p>\n<audio class=\"wp-audio-shortcode\" id=\"audio-237945-13\" preload=\"none\" style=\"width: 100%;\" controls=\"controls\"><source type=\"audio\/mpeg\" src=\"https:\/\/www.radiopiu.net\/wordpress\/wp-content\/uploads\/2021\/10\/francesco_gloria_giada.mp3?_=13\" \/><a href=\"https:\/\/www.radiopiu.net\/wordpress\/wp-content\/uploads\/2021\/10\/francesco_gloria_giada.mp3\">https:\/\/www.radiopiu.net\/wordpress\/wp-content\/uploads\/2021\/10\/francesco_gloria_giada.mp3<\/a><\/audio>\n<p>&nbsp;<\/p>\n<p><a href=\"https:\/\/www.radiopiu.net\/wordpress\/una-caccia-al-tesoro-per-le-vie-di-agordo-in-tema-halloween\/0a5d2275-9ec6-44ae-9326-556b0ea97dae\/\" rel=\"attachment wp-att-238010\"><img loading=\"lazy\" decoding=\"async\" class=\"size-medium wp-image-238010 aligncenter\" src=\"https:\/\/www.radiopiu.net\/wordpress\/wp-content\/uploads\/2021\/10\/0a5d2275-9ec6-44ae-9326-556b0ea97dae-240x300.jpg\" alt=\"\" width=\"240\" height=\"300\" srcset=\"https:\/\/www.radiopiu.net\/wordpress\/wp-content\/uploads\/2021\/10\/0a5d2275-9ec6-44ae-9326-556b0ea97dae-240x300.jpg 240w, https:\/\/www.radiopiu.net\/wordpress\/wp-content\/uploads\/2021\/10\/0a5d2275-9ec6-44ae-9326-556b0ea97dae-819x1024.jpg 819w, https:\/\/www.radiopiu.net\/wordpress\/wp-content\/uploads\/2021\/10\/0a5d2275-9ec6-44ae-9326-556b0ea97dae-768x960.jpg 768w, https:\/\/www.radiopiu.net\/wordpress\/wp-content\/uploads\/2021\/10\/0a5d2275-9ec6-44ae-9326-556b0ea97dae-1229x1536.jpg 1229w, https:\/\/www.radiopiu.net\/wordpress\/wp-content\/uploads\/2021\/10\/0a5d2275-9ec6-44ae-9326-556b0ea97dae.jpg 1638w\" sizes=\"auto, (max-width: 240px) 100vw, 240px\" \/><\/a><\/p>\n<p>&nbsp;<\/p>\n<p>https:\/\/www.facebook.com\/Mirkomezziano\/videos\/1837935236391541<\/p>\n<p>&nbsp;<\/p>\n<p>&nbsp;<\/p>\n<\/div>\n<blockquote>\n<div dir=\"auto\"><\/div>\n<\/blockquote>\n<div dir=\"auto\">\n<hr \/>\n<\/div>\n<div dir=\"auto\"><\/div>\n<div dir=\"auto\">\n<p>&nbsp;<\/p>\n<div dir=\"auto\"><\/div>\n<div dir=\"auto\"><\/div>\n<div dir=\"auto\">\n<p><strong>SALUTE E SOCIETA&#8217; in onda il lunedi alle 13.10 e alle 20.10, la domenica alle 10.30<\/strong><\/p>\n<p>LA RACCOLTA COMPLETA<\/p>\n<blockquote class=\"wp-embedded-content\" data-secret=\"YN9ohN995X\"><p><a href=\"https:\/\/www.radiopiu.net\/wordpress\/saluteesocieta\/\">Salute e Societ\u00e0<\/a><\/p><\/blockquote>\n<p><iframe loading=\"lazy\" class=\"wp-embedded-content\" sandbox=\"allow-scripts\" security=\"restricted\" style=\"position: absolute; clip: rect(1px, 1px, 1px, 1px);\" title=\"&#8220;Salute e Societ\u00e0&#8221; &#8212; Radio Pi\u00f9\" src=\"https:\/\/www.radiopiu.net\/wordpress\/saluteesocieta\/embed\/#?secret=YN9ohN995X\" data-secret=\"YN9ohN995X\" width=\"600\" height=\"338\" frameborder=\"0\" marginwidth=\"0\" marginheight=\"0\" scrolling=\"no\"><\/iframe><\/p>\n<p>&nbsp;<\/p>\n<\/div>\n<blockquote>\n<div dir=\"auto\"><\/div>\n<\/blockquote>\n<hr \/>\n<blockquote>\n<h3>I COLORI DELL&#8217;AUTUNNO, IL CONCORSO FOTOGRAFICO<\/h3>\n<\/blockquote>\n<p><strong><a href=\"https:\/\/www.radiopiu.net\/wordpress\/giornale-radiopiu-05-ottobre-2021-direttore-mirko-mezzacasa\/11872114_851463808295033_304473982179215535_o\/\" rel=\"attachment wp-att-235245\"><img loading=\"lazy\" decoding=\"async\" class=\"wp-image-235245 alignleft\" src=\"https:\/\/www.radiopiu.net\/wordpress\/wp-content\/uploads\/2021\/10\/11872114_851463808295033_304473982179215535_o-300x225.jpg\" alt=\"\" width=\"156\" height=\"117\" srcset=\"https:\/\/www.radiopiu.net\/wordpress\/wp-content\/uploads\/2021\/10\/11872114_851463808295033_304473982179215535_o-300x225.jpg 300w, https:\/\/www.radiopiu.net\/wordpress\/wp-content\/uploads\/2021\/10\/11872114_851463808295033_304473982179215535_o-1024x768.jpg 1024w, https:\/\/www.radiopiu.net\/wordpress\/wp-content\/uploads\/2021\/10\/11872114_851463808295033_304473982179215535_o-768x576.jpg 768w, https:\/\/www.radiopiu.net\/wordpress\/wp-content\/uploads\/2021\/10\/11872114_851463808295033_304473982179215535_o-1536x1152.jpg 1536w, https:\/\/www.radiopiu.net\/wordpress\/wp-content\/uploads\/2021\/10\/11872114_851463808295033_304473982179215535_o.jpg 2048w\" sizes=\"auto, (max-width: 156px) 100vw, 156px\" \/><\/a> <\/strong><\/p>\n<p><strong>\u00a0<\/strong><\/p>\n<p><strong>CENCENIGHE<\/strong> La proloco ha indetto un concorso fotografico sui colori della stagione appena iniziata. Le fotografie dovranno pervenire entro il 31 ottobre all&#8217;indirizzo: concorsocoloriautunno@gmail.com. Sabato 13 novembre alle 15 la premiazione con l&#8217;esposizione delle foto al Nof Filo&#8217;. Il regolamento sul sito www.prolococencenighe.it<\/p>\n<p>&nbsp;<\/p>\n<p>&nbsp;<\/p>\n<hr \/>\n<p>&nbsp;<\/p>\n<h3 style=\"text-align: center;\">STAGIONI ALLA RADIO DUE NUOVI PROGRAMMI<\/h3>\n<p><strong><a href=\"https:\/\/www.radiopiu.net\/wordpress\/la-rassegna-stampa-da-lamico-del-popolo-26-dicembre-2020\/luisa-manfroi-2\/\" rel=\"attachment wp-att-181500\"><img loading=\"lazy\" decoding=\"async\" class=\"wp-image-181500 alignleft\" src=\"https:\/\/www.radiopiu.net\/wordpress\/wp-content\/uploads\/2020\/12\/LUISA-MANFROI-300x300.jpg\" alt=\"\" width=\"118\" height=\"118\" srcset=\"https:\/\/www.radiopiu.net\/wordpress\/wp-content\/uploads\/2020\/12\/LUISA-MANFROI-300x300.jpg 300w, https:\/\/www.radiopiu.net\/wordpress\/wp-content\/uploads\/2020\/12\/LUISA-MANFROI-150x150.jpg 150w, https:\/\/www.radiopiu.net\/wordpress\/wp-content\/uploads\/2020\/12\/LUISA-MANFROI-768x770.jpg 768w, https:\/\/www.radiopiu.net\/wordpress\/wp-content\/uploads\/2020\/12\/LUISA-MANFROI.jpg 958w\" sizes=\"auto, (max-width: 118px) 100vw, 118px\" \/><\/a>REDAZIONE<\/strong> Da oggi alle 1030 e alle 19 (replica la domenica alle 10) ritorna su Radio Pi\u00f9 &#8220;Sempre connessi&#8221; il programma di Luisa Manfroi giunto alla terza stagione (le precedenti sul sito <strong><span style=\"color: #0000ff;\"><a style=\"color: #0000ff;\" href=\"https:\/\/www.radiopiu.net\/wordpress\/interconnessioni\/\">CLICCA QUI<\/a><\/span><\/strong><span style=\"color: #0000ff;\"><span style=\"color: #000000;\">). Un nuovo ciclo in sette puntate con cadenza settimanale: <\/span><\/span>1^\u00a0 \u00a0Lo smartphone \u2013 il ruolo che riveste nella nostra vita digitale 2^\u00a0 La dipendenza dallo smartphone: i consigli dello psicologo 3 I rischi di internet: panoramica generale <img loading=\"lazy\" decoding=\"async\" class=\"alignright\" src=\"https:\/\/www.radiopiu.net\/wordpress\/wp-content\/uploads\/2020\/12\/MICROFONO-RADIO-PIU-300x300.jpeg\" width=\"119\" height=\"119\" \/>4^\u00a0 \u00a0Il cyberbullismo e l\u2019odio in rete 5^ Lo Spid, una credenziale per accedere online alla Pubblica Amministrazione 6^\u00a0 Federico Faggin: il fisico veneto padre del microprocessore 7^\u00a0 Bufale e fake news: quando la rete fa disinformazione.<\/p>\n<p>Da venerdi FREEMIX, la libert\u00e0 musicale mixate da Athos Dj (Davide Ben) e raccontata da Dj Jack (Jacopo Deltedesco), in onda il venerdi alle 17.15 e alle 22.30 il sabato alle 23.30<\/p>\n<p><b>\u00a0<\/b><\/p>\n<p><b> IERI LA PRIMA PUNTATA DI SEMPRE CONNESSI DI LUISA MANFROI<br \/>\n<\/b><\/p>\n<audio class=\"wp-audio-shortcode\" id=\"audio-237945-14\" preload=\"none\" style=\"width: 100%;\" controls=\"controls\"><source type=\"audio\/mpeg\" src=\"https:\/\/www.radiopiu.net\/wordpress\/wp-content\/uploads\/2021\/10\/CONNESSI.mp3?_=14\" \/><a href=\"https:\/\/www.radiopiu.net\/wordpress\/wp-content\/uploads\/2021\/10\/CONNESSI.mp3\">https:\/\/www.radiopiu.net\/wordpress\/wp-content\/uploads\/2021\/10\/CONNESSI.mp3<\/a><\/audio>\n<p><b>LA RACCOLTA COMPLETA<br \/>\n<\/b><\/p>\n<p>&nbsp;<\/p>\n<blockquote class=\"wp-embedded-content\" data-secret=\"xmVEXMCwrc\"><p><a href=\"https:\/\/www.radiopiu.net\/wordpress\/connessi-2\/\">Connessi<\/a><\/p><\/blockquote>\n<p><iframe loading=\"lazy\" class=\"wp-embedded-content\" sandbox=\"allow-scripts\" security=\"restricted\" style=\"position: absolute; clip: rect(1px, 1px, 1px, 1px);\" title=\"&#8220;Connessi&#8221; &#8212; Radio Pi\u00f9\" src=\"https:\/\/www.radiopiu.net\/wordpress\/connessi-2\/embed\/#?secret=xmVEXMCwrc\" data-secret=\"xmVEXMCwrc\" width=\"600\" height=\"338\" frameborder=\"0\" marginwidth=\"0\" marginheight=\"0\" scrolling=\"no\"><\/iframe><\/p>\n<p>&nbsp;<\/p>\n<\/div>\n<p>&nbsp;<\/p>\n<hr \/>\n<p>&nbsp;<\/p>\n<blockquote>\n<h3>IDROKINESITERAPIA IN ACQUA ALLA PISCINA DI AGORDO<\/h3>\n<\/blockquote>\n<p><strong><a href=\"https:\/\/www.radiopiu.net\/wordpress\/giornale-radiopiu-20-ottobre-2021-direttore-mirko-mezzacasa\/idrokinesitera\/\" rel=\"attachment wp-att-237849\"><img loading=\"lazy\" decoding=\"async\" class=\"size-medium wp-image-237849 alignleft\" src=\"https:\/\/www.radiopiu.net\/wordpress\/wp-content\/uploads\/2021\/10\/Idrokinesitera-300x200.png\" alt=\"\" width=\"300\" height=\"200\" srcset=\"https:\/\/www.radiopiu.net\/wordpress\/wp-content\/uploads\/2021\/10\/Idrokinesitera-300x200.png 300w, https:\/\/www.radiopiu.net\/wordpress\/wp-content\/uploads\/2021\/10\/Idrokinesitera-768x511.png 768w, https:\/\/www.radiopiu.net\/wordpress\/wp-content\/uploads\/2021\/10\/Idrokinesitera.png 1000w\" sizes=\"auto, (max-width: 300px) 100vw, 300px\" \/><\/a>AGORDO\u00a0 <\/strong>Dal mese di novembre, per tutti i sabati mattina, presso la Piscina Comprensoriale di Agordo sar\u00e0 possibile iscriversi a una nuova attivit\u00e0 seguiti da un fisioterapista: l\u2019idrokinesiterapia. Un insieme di tecniche di trattamento eseguite in acqua riscaldata a fini terapeutici e riabilitativi, utile nel recupero post traumatico e chirurgico, in caso di dolori articolari, lesioni o malattie neurologiche. Sfruttando la microgravit\u00e0 e le propriet\u00e0 fisiche dell&#8217;acqua, l&#8217;attivit\u00e0 presenta molteplici vantaggi tra i quali la riduzione del carico su ossa, muscoli e articolazioni, un maggior rilassamento muscolare e una mobilizzazione facilitata precoce e maggior ritorno linfatico e venoso. La terapia \u00e8 adatta anche per chi ha poca confidenza con l\u2019acqua: l\u2019ambiente \u00e8 reso piacevole e sicuro adattando l\u2019altezza dell\u2019acqua ed usando appositi galleggianti. All\u2019inizio di ogni percorso riabilitativo in acqua viene effettuata una valutazione a secco per determinare le necessit\u00e0 del singolo paziente. Sar\u00e0 possibile chiedere informazioni e prenotarsi contattando la segreteria allo 0437\/62406.<\/p>\n<p>&nbsp;<\/p>\n<p>&nbsp;<\/p>\n<hr \/>\n<p>&nbsp;<\/p>\n<blockquote>\n<h3>LINUX DAY 2021<\/h3>\n<\/blockquote>\n<p><strong><a href=\"https:\/\/www.radiopiu.net\/wordpress\/giornale-radiopiu-19-ottobre-2021-direttore-mirko-mezzacasa\/banner_2021_300x250\/\" rel=\"attachment wp-att-237738\"><img loading=\"lazy\" decoding=\"async\" class=\" wp-image-237738 alignleft\" src=\"https:\/\/www.radiopiu.net\/wordpress\/wp-content\/uploads\/2021\/10\/banner_2021_300x250.png\" alt=\"\" width=\"240\" height=\"200\" \/><\/a>FELTRE<\/strong> Anche quest\u2019anno l\u2019associazione bellunese LugAnegA aderisce con entusiasmo al Linux Day, la giornata nazionale dedicata al software libero, promossa da Italian Linux Society. Il tema di questa edizione \u00e8: \u201cDati a chi?\u201d Dopo l\u2019edizione solo online dello scorso anno, ritorniamo a proporre 5 mini-conferenze dal vivo grazie alla collaborazione dell\u2019<strong>Istituto Superiore di Feltre<\/strong>, <strong>sede Negrelli-Forcellini in via Colombo 11<\/strong>. L\u2019evento si terr\u00e0 <strong>sabato 23 ottobre<\/strong> tra le 15:00 e le 18:00. La partecipazione \u00e8 gratuita, ma per le attuali normative <strong>sar\u00e0 aperta solo a chi si prenoter\u00e0<\/strong> anticipatamente tramite il sito <u><a class=\"moz-txt-link-abbreviated\" href=\"http:\/\/www.luganega.org\">www.luganega.org<\/a><\/u>. Sar\u00e0 necessario mostrare il green pass all\u2019ingresso della scuola. Questo il programma della giornata: 15:00 Introduzione al Linux Day 2021 15:10 <em>Home assistant<\/em> \u2013 la domotica opensource \u2014 a cura di Daniele Corte 15:40 <em>Octoprint<\/em> e alternative per la stampa 3d online \u2014 a cura di Simone Klinkon 16:10 <em>Syncthing<\/em> \u2013 dati a tutti ma a nessuno \u2014 a cura di Marco Londero 16:40 \u2013 17:00 Pausa\u00a0 17:00 Stazioni meteo e opendata \u2014 a cura di Fabio Da Rolt 17:30 <em>Otto<\/em> \u2013 il robot ballerino pilotato da Arduino \u2014 a cura di Daniele Corte<\/p>\n<p>&nbsp;<\/p>\n<p>&nbsp;<\/p>\n<p>&nbsp;<\/p>\n<hr \/>\n<p>&nbsp;<\/p>\n<blockquote>\n<h3>RITORNA IL MERCATINO DI SAN MARTINO<\/h3>\n<\/blockquote>\n<p><strong><a href=\"https:\/\/www.radiopiu.net\/wordpress\/giornale-radiopiu-20-ottobre-2021-direttore-mirko-mezzacasa\/b36cfb00-fd3d-49a9-8539-460df52a21aa\/\" rel=\"attachment wp-att-237824\"><img loading=\"lazy\" decoding=\"async\" class=\"wp-image-237824 alignleft\" src=\"https:\/\/www.radiopiu.net\/wordpress\/wp-content\/uploads\/2021\/10\/b36cfb00-fd3d-49a9-8539-460df52a21aa-215x300.jpg\" alt=\"\" width=\"131\" height=\"183\" srcset=\"https:\/\/www.radiopiu.net\/wordpress\/wp-content\/uploads\/2021\/10\/b36cfb00-fd3d-49a9-8539-460df52a21aa-215x300.jpg 215w, https:\/\/www.radiopiu.net\/wordpress\/wp-content\/uploads\/2021\/10\/b36cfb00-fd3d-49a9-8539-460df52a21aa.jpg 574w\" sizes=\"auto, (max-width: 131px) 100vw, 131px\" \/><\/a>BELLUNO<\/strong> Ritorna a Salce dopo un anno di arresto forzato dovuto alla pandemia Covid il \u201cMercatino di San Martino\u201d, che rappresenta non solo un&#8217;opportunit\u00e0 di solidariet\u00e0, ma anche una delle pi\u00f9 belle feste paesane del periodo autunnale. In oltre 30 anni di storia il mercatino continua ancor oggi ad unire occasioni di intrattenimento e fratellanza. L\u2019appuntamento, nel rispetto delle normative anti contagio, in questo 2021 \u00e8 per domenica 7 novembre presso il campo sportivo di Salce \u2013 \u201ccasetta degli Alpini\u201d con inizio alle ore 9.00. Saranno a disposizione dei visitatori non solo prodotti ortofrutticoli locali, ma anche prodotti dolciari come i tipici crostoli, le torte, i biscotti e gli oggetti frutto dell\u2019artigianato locale. Una delle chicche pi\u00f9 apprezzate dai visitatori sono i prodotti \u201ctake-away\u201d come i pasticci pronti da infornare, le trippe, i canederli e molto altro ancora. Per facilitare la vendita ed evitare assembramenti alcuni prodotti sono pre ordinabili al telefono o online: tutte le informazioni utili nel sito www.parrocchiadisalce.it.<\/p>\n<p>&nbsp;<\/p>\n<p>&nbsp;<\/p>\n<hr \/>\n<p>&nbsp;<\/p>\n<blockquote>\n<h3>VAJONT, L\u2019ALLUVIONE E CIMA VALLONA: \u201cCOLORATI\u201d DI NERO GLI ANNI SESSANTA!<\/h3>\n<\/blockquote>\n<p><strong>di RENATO BONA<\/strong><\/p>\n<p>Nel gennaio di vent\u2019anni fa, il bellunese Franco Sirena, ha realizzato con l\u2019Istituto bellunese di ricerche sociali e culturali guidato dal prof. don Sergio Sacco il libro (stampa Tipografia Piave) \u201cCento anni a Belluno, Notizie e curiosit\u00e0 dal XX secolo\u201d, copertina di Gino Mellere, articolato in decenni con capitoli di notizie ed immagini per ciascun mese. L\u2019autore si \u00e8 avvalso delle preziose collaborazioni di enti, associazioni, uffici pubblici, giornali locali, tutti citati a pagina 4, prima della presentazione curata da Sergio Sacco. Il primo titolo, quello per l\u2019anno 1961, \u00e8 dedicato al \u201c73. Congresso Nazionale del Cai\u201d ma la prima notizia \u00e8 che \u201cSul Nevegal ai primi di gennaio apre il nuovo albergo San Martino; la consistenza alberghiera a fine anno a Belluno \u00e8 la seguente: 19 alberghi, 324 camere, 516 letti\u201d. Il 17 gennaio &#8211; notizia che ci porta ai giorni nostri\u2026 \u201csi verifica il primo consistente aumento della benzina: la super coster\u00e0 106 lire al litro, la normale 96\u201d. Il 30 aprile la Citt\u00e0 celebra il centenario dell\u2019unit\u00e0 nazionale. Tra il 29 giugno ed il 2 luglio all\u2019Auditorium si tiene sul tema dei giovani il 73. Congresso nazionale del Club alpino italiano. Belluno aveva gi\u00e0 ospitato nel 1893 il congresso numero 25. Nel mese di luglio sono in corso lavori del nuovo Ponte degli Alpini e a Cavarzano sta sorgendo il complesso turistico-ricreativo Nuova Belluno. Nell\u2019anno, Belluno si dota di nuove attrezzature alberghiere: la societ\u00e0 presieduta da Primo Chierzi inaugura l\u2019albergo Astor in Piazza dei Martiri e la Carpenada di Mier mentre nel Castionese apre la locanda Pian delle Feste. Per il 1962 Sirena ha scelto il titolo: \u201c45. Giro ciclistico d\u2019Italia\u201d che far\u00e0 tappa in Nevegal il 31 maggio, con riprese televisive in eurovisione. 11 marzo: muore mons. Antonio De Cassan, parroco di Santo Stefano, figura carismatica ed amata dalla popolazione; il 13 aprile devastante incendio distrugge la fabbrica Elettrocostruzioni Chinaglia unica vera attivit\u00e0 industriale del tempo. A settembre in citt\u00e0 e sul Nevegal il Congresso internazionale per la riabilitazione dell\u2019invalidit\u00e0. A novembre inaugurazione nella scuola elementare Gabelli di una piccola piscina coperta per bambini, prima dotazione del genere a Belluno. Scontato, per il 1963, il titolo: \u201cIl Vajont\u201d per ricordare la tragedia del 9 ottobre quando l\u2019\u201donda maledetta\u201d causata dalla frana del monte Toc provoc\u00f2 la distruzione di Longarone ed altri paesi, con un tragico bilancio di quasi duemila vittime. Sirena ricorda fra l\u2019altro: \u201cSulla piana di Lambioi, tra i cespugli e le fronde degli alberi erano stati rinvenuti diversi morti\u2026\u201d. \u201cCase nella campagna\u201d \u00e8 il titolo deciso per il 1964. Il 4 marzo il ministro della Difesa Giulio Andreotti consegna gli attestati di benemerenza e medaglie ricordo a soldati e civili che hanno partecipato alle operazioni di soccorso del Vajont U(sono stato 17 mila). Sull\u2019ansa del Piave, a Lambioi (come sta avvenendo da settimane ai giorni nostri &#8211; ndr.) \u00e8 in costruzione il poderoso argine che in seguito verr\u00e0 rialzato per permettere lo sfruttamento dell\u2019ampia zona fluviale. Il 12 settembre, presenti 60 giornalisti dell\u2019Unione stampa turistica italiana, vernice della mostra \u201cVal Belluna &#8211; Case nella campagna\u201d ideata da Italia Nostra e dall\u2019architetto Adriano Alpago Novello. La strada \u201cpanoramica\u201d \u00e8 ancora ferma ma sono in corso lavori sulla circonvallazione nord mentre sono state completate via dei Fabbri e via Francesco Colle. Il 24 dicembre viene benedetta la chiesa di San Giovanni Bosco a Baldenich. \u201cLa S\u2019ciara de oro\u201d \u00e8 il titolo assegnato al 1965 anno che si apre con la notizia che il giorno 10 il Nevegal segna un record di presenze di sciatori: sono 5.000! Piero Rossi propone la sua nuova opera: \u201cS\u2019ciara de oro\u201d un volume che avr\u00e0 notevole successo e sar\u00e0 il suggello del lancio turistico della zona anche a livello internazionale. In agosto sono in corso lavori per la costruzione a Cavarzano del tempio Madonna della strada. A settembre, nel bicentenario della nascita del bellunese Gregorio XVI, esposte al Museo civico le incisioni donate dal pontefice. Il 28 settembre anteprima nazionale al Comunale del film \u201cIl colonnello Von Ryan\u201d. Un\u2019altra terribile sciagura d\u00e0 il titolo al 1966: \u201cL\u2019alluvione\u201d. A gennaio viene costituita l\u2019Associazione emigranti bellunesi. Il presidente della Repubblica Giuseppe Saragat in visita il 22 marzo. Aprile: Ulrich Rogor e Gerda Hoffman sono i primi percorritori dell\u2019 \u201cAlta via\u201d dal Lago di Braies a Belluno. Appaltati i lavori per i campi di calcio di Tisoi e Veneggia. 4 novembre: la neve si scioglie ed unita alla pioggia che cade copiosa provoca una tremenda alluvione con 24 vittime in tutta la provincia e danni enormi. \u201c1. Convegno nazionale sulla protezione della flora alpina\u201d \u00e8 il titolo per il 1967. L\u201911 marzo cade sul Faldalto un aereo dell\u2019Aeralpi e nell\u2019incidente muore il pilota bellunese di Alitalia Aldo Tait. Il 15 aprile viene finalmente inaugurato il primo lotto del nuovo Ospedale, che sar\u00e0 ultimato solo nel 1988. Nella primavera via ai lavori per la caserma dei Vigili del fuoco, la scuola Ippolito Nievo e la sede dell\u2019Enel. All\u2019auditorium dal 2 al 4 giugno, convegno nazionale sulla protezione della flora alpina, numerose e qualificanti le iniziative collaterali fra cui la proposta di istituzione del Parco nazionale delle Dolomiti Bellunesi. Il 27 giugno lutto generale per le esequie in Duomo delle vittime dell\u2019attentato terroristico di Cima Vallona. Il 24 settembre costituita la nuova parrocchia di San Gervasio e Protasio. Chiude i battenti l\u2019albergo \u201cAlle Alpi\u201d. Avviandoci a conclusione della rassegna siamo giunti al 1968, anno di: \u201cMarco Ricci e gli incisori bellunesi del \u2018700-\u2018800\u201d: si tratta della grande rassegna all\u2019Auditorium dall\u201911 agosto al 12 ottobre dell\u2019iniziativa promossa dall\u2019Azienda turismo, che riscuote notevole successo e sar\u00e0 visitata da ottomila persone. A febbraio si costituisce il comitato per la gestione dell\u2019aeroporto e la Societ\u00e0 per la costruzione dell\u2019autostrada di Alemagna rende nota la scelta definitiva del tracciato. L\u2019Automobile club evidenzia l\u2019aumento del 259 per cento delle immatricolazioni rispetto al 1960. Il 1. maggio al Polisportivo si disputa Italia-Germania di calcio dilettanti. A luglio vengono ripristinati i battenti di Porta Dojona dopo un accurato restauro da parte della bellunese ditta Luigi Scremin. Il 1. settembre citt\u00e0 \u201cinvasa\u201d dai reduci della \u201cPusteria\u201d convenuti per l\u2019inaugurazione del rifugio V Artiglieria sul Visentin, che era stato distrutto da un incendio il 25 maggio 1964. Approvato il progetto per il nuovo Palazzo di giustizia (spesa prevista 840 milioni) che doveva sorgere nell\u2019area del mercato ortofrutticolo. \u201cVille della Val Belluna\u201d titolo scelto da Sirena per il 1969. Si tratta del volume di Adriano Alpago Novello, un\u2019opera di successo che avr\u00e0 successive riedizioni. Il 1. febbraio muore Furio Bianchet, gi\u00e0 presidente di Aast, Cai e Associazione commercianti. Il 5 luglio muore l\u2019architetto Riccardo Alfar\u00e8, autore di validissime opere urbanistiche. Il 6 luglio tavola rotonda sulla costituzione dell\u2019Universit\u00e0. 24 agosto: inaugurazione sulla Schiara della capanna Severino Lussato. Il 7 settembre si svolge il secondo Festival internazionale del folclore. E\u2019 di ottobre la notizia che Belluno sar\u00e0 sede dei primi Giochi invernali della giovent\u00f9. Il vescovo di Vittorio Veneto, Albino Luciani, \u00e8 nominato patriarca di Venezia. Anno 1970 intitolato:\u201dPrima fase nazionale dei giochi della giovent\u00f9 invernali\u201d manifestazione che viene inaugurata la sera dell\u201911 marzo \u201csotto una favolosa nevicata\u201d nel Piazzale della seggiovia in Nevegal, con 409 atleti di 78 province. Il Bim Piave festeggia i 15 anni di attivit\u00e0. Dal 5 al 13 settembre al poligono di Mussoi Campionati nazionali per fucile d\u2019ordinanza con oltre cento partecipanti. A fine anno gli enti locali denunciano una pesantissima situazione finanziaria. Il comune capoluogo ha un disavanzo di 800 milioni e la Provincia addirittura di 2 miliardi.<\/p>\n\n\t\t\t<style type='text\/css'>\n\t\t\t\t#gallery-6 {\n\t\t\t\t\tmargin: auto;\n\t\t\t\t}\n\t\t\t\t#gallery-6 .gallery-item {\n\t\t\t\t\tfloat: left;\n\t\t\t\t\tmargin-top: 10px;\n\t\t\t\t\ttext-align: center;\n\t\t\t\t\twidth: 16%;\n\t\t\t\t}\n\t\t\t\t#gallery-6 img {\n\t\t\t\t\tborder: 2px solid #cfcfcf;\n\t\t\t\t}\n\t\t\t\t#gallery-6 .gallery-caption {\n\t\t\t\t\tmargin-left: 0;\n\t\t\t\t}\n\t\t\t\t\/* see gallery_shortcode() in wp-includes\/media.php *\/\n\t\t\t<\/style>\n\t\t<div id='gallery-6' class='dt-gallery-container gallery galleryid-237945 gallery-columns-6 gallery-size-thumbnail'><dl class='gallery-item'>\n\t\t\t\t<dt class='gallery-icon landscape'>\n\t\t\t\t\t<a class=\"rollover rollover-zoom dt-pswp-item\" title=\"247048862_596385258210590_2103245324495816438_n\" data-dt-img-description=\"\" data-large_image_width=\"220\" data-large_image_height=\"206\"href='https:\/\/www.radiopiu.net\/wordpress\/wp-content\/uploads\/2021\/10\/247048862_596385258210590_2103245324495816438_n.jpg'><img loading=\"lazy\" decoding=\"async\" width=\"150\" height=\"150\" src=\"https:\/\/www.radiopiu.net\/wordpress\/wp-content\/uploads\/2021\/10\/247048862_596385258210590_2103245324495816438_n-150x150.jpg\" class=\"attachment-thumbnail size-thumbnail\" alt=\"\" \/><\/a>\n\t\t\t\t<\/dt><\/dl><dl class='gallery-item'>\n\t\t\t\t<dt class='gallery-icon portrait'>\n\t\t\t\t\t<a class=\"rollover rollover-zoom dt-pswp-item\" title=\"246546904_184768760472964_1562415636221925520_n\" data-dt-img-description=\"\" data-large_image_width=\"193\" data-large_image_height=\"206\"href='https:\/\/www.radiopiu.net\/wordpress\/wp-content\/uploads\/2021\/10\/246546904_184768760472964_1562415636221925520_n.jpg'><img loading=\"lazy\" decoding=\"async\" width=\"150\" height=\"150\" src=\"https:\/\/www.radiopiu.net\/wordpress\/wp-content\/uploads\/2021\/10\/246546904_184768760472964_1562415636221925520_n-150x150.jpg\" class=\"attachment-thumbnail size-thumbnail\" alt=\"\" \/><\/a>\n\t\t\t\t<\/dt><\/dl><dl class='gallery-item'>\n\t\t\t\t<dt class='gallery-icon landscape'>\n\t\t\t\t\t<a class=\"rollover rollover-zoom dt-pswp-item\" title=\"246659005_249824110324576_809104319686393932_n\" data-dt-img-description=\"\" data-large_image_width=\"296\" data-large_image_height=\"206\"href='https:\/\/www.radiopiu.net\/wordpress\/wp-content\/uploads\/2021\/10\/246659005_249824110324576_809104319686393932_n.jpg'><img loading=\"lazy\" decoding=\"async\" width=\"150\" height=\"150\" src=\"https:\/\/www.radiopiu.net\/wordpress\/wp-content\/uploads\/2021\/10\/246659005_249824110324576_809104319686393932_n-150x150.jpg\" class=\"attachment-thumbnail size-thumbnail\" alt=\"\" \/><\/a>\n\t\t\t\t<\/dt><\/dl><dl class='gallery-item'>\n\t\t\t\t<dt class='gallery-icon portrait'>\n\t\t\t\t\t<a class=\"rollover rollover-zoom dt-pswp-item\" title=\"246710270_313875213405412_8702962406206163373_n\" data-dt-img-description=\"\" data-large_image_width=\"156\" data-large_image_height=\"206\"href='https:\/\/www.radiopiu.net\/wordpress\/wp-content\/uploads\/2021\/10\/246710270_313875213405412_8702962406206163373_n.jpg'><img loading=\"lazy\" decoding=\"async\" width=\"150\" height=\"150\" src=\"https:\/\/www.radiopiu.net\/wordpress\/wp-content\/uploads\/2021\/10\/246710270_313875213405412_8702962406206163373_n-150x150.jpg\" class=\"attachment-thumbnail size-thumbnail\" alt=\"\" \/><\/a>\n\t\t\t\t<\/dt><\/dl><dl class='gallery-item'>\n\t\t\t\t<dt class='gallery-icon portrait'>\n\t\t\t\t\t<a class=\"rollover rollover-zoom dt-pswp-item\" title=\"246745044_624122375271804_6042746610981380278_n\" data-dt-img-description=\"\" data-large_image_width=\"160\" data-large_image_height=\"222\"href='https:\/\/www.radiopiu.net\/wordpress\/wp-content\/uploads\/2021\/10\/246745044_624122375271804_6042746610981380278_n.jpg'><img loading=\"lazy\" decoding=\"async\" width=\"150\" height=\"150\" src=\"https:\/\/www.radiopiu.net\/wordpress\/wp-content\/uploads\/2021\/10\/246745044_624122375271804_6042746610981380278_n-150x150.jpg\" class=\"attachment-thumbnail size-thumbnail\" alt=\"\" \/><\/a>\n\t\t\t\t<\/dt><\/dl><dl class='gallery-item'>\n\t\t\t\t<dt class='gallery-icon landscape'>\n\t\t\t\t\t<a class=\"rollover rollover-zoom dt-pswp-item\" title=\"246629557_288198273153447_6706710779430324909_n\" data-dt-img-description=\"\" data-large_image_width=\"254\" data-large_image_height=\"206\"href='https:\/\/www.radiopiu.net\/wordpress\/wp-content\/uploads\/2021\/10\/246629557_288198273153447_6706710779430324909_n.jpg'><img loading=\"lazy\" decoding=\"async\" width=\"150\" height=\"150\" src=\"https:\/\/www.radiopiu.net\/wordpress\/wp-content\/uploads\/2021\/10\/246629557_288198273153447_6706710779430324909_n-150x150.jpg\" class=\"attachment-thumbnail size-thumbnail\" alt=\"\" \/><\/a>\n\t\t\t\t<\/dt><\/dl><br style=\"clear: both\" \/><dl class='gallery-item'>\n\t\t\t\t<dt class='gallery-icon landscape'>\n\t\t\t\t\t<a class=\"rollover rollover-zoom dt-pswp-item\" title=\"246498772_243344634434626_509876556793443773_n\" data-dt-img-description=\"\" data-large_image_width=\"340\" data-large_image_height=\"206\"href='https:\/\/www.radiopiu.net\/wordpress\/wp-content\/uploads\/2021\/10\/246498772_243344634434626_509876556793443773_n.jpg'><img loading=\"lazy\" decoding=\"async\" width=\"150\" height=\"150\" src=\"https:\/\/www.radiopiu.net\/wordpress\/wp-content\/uploads\/2021\/10\/246498772_243344634434626_509876556793443773_n-150x150.jpg\" class=\"attachment-thumbnail size-thumbnail\" alt=\"\" \/><\/a>\n\t\t\t\t<\/dt><\/dl><dl class='gallery-item'>\n\t\t\t\t<dt class='gallery-icon portrait'>\n\t\t\t\t\t<a class=\"rollover rollover-zoom dt-pswp-item\" title=\"246639153_239688994888371_1969150968181802178_n\" data-dt-img-description=\"\" data-large_image_width=\"158\" data-large_image_height=\"206\"href='https:\/\/www.radiopiu.net\/wordpress\/wp-content\/uploads\/2021\/10\/246639153_239688994888371_1969150968181802178_n.jpg'><img loading=\"lazy\" decoding=\"async\" width=\"150\" height=\"150\" src=\"https:\/\/www.radiopiu.net\/wordpress\/wp-content\/uploads\/2021\/10\/246639153_239688994888371_1969150968181802178_n-150x150.jpg\" class=\"attachment-thumbnail size-thumbnail\" alt=\"\" \/><\/a>\n\t\t\t\t<\/dt><\/dl><dl class='gallery-item'>\n\t\t\t\t<dt class='gallery-icon landscape'>\n\t\t\t\t\t<a class=\"rollover rollover-zoom dt-pswp-item\" title=\"247130399_587338282411571_7685906664085699118_n\" data-dt-img-description=\"\" data-large_image_width=\"340\" data-large_image_height=\"206\"href='https:\/\/www.radiopiu.net\/wordpress\/wp-content\/uploads\/2021\/10\/247130399_587338282411571_7685906664085699118_n.jpg'><img loading=\"lazy\" decoding=\"async\" width=\"150\" height=\"150\" src=\"https:\/\/www.radiopiu.net\/wordpress\/wp-content\/uploads\/2021\/10\/247130399_587338282411571_7685906664085699118_n-150x150.jpg\" class=\"attachment-thumbnail size-thumbnail\" alt=\"\" \/><\/a>\n\t\t\t\t<\/dt><\/dl><dl class='gallery-item'>\n\t\t\t\t<dt class='gallery-icon portrait'>\n\t\t\t\t\t<a class=\"rollover rollover-zoom dt-pswp-item\" title=\"246492977_1664056830450627_8658472885315124005_n\" data-dt-img-description=\"\" data-large_image_width=\"200\" data-large_image_height=\"206\"href='https:\/\/www.radiopiu.net\/wordpress\/wp-content\/uploads\/2021\/10\/246492977_1664056830450627_8658472885315124005_n.jpg'><img loading=\"lazy\" decoding=\"async\" width=\"150\" height=\"150\" src=\"https:\/\/www.radiopiu.net\/wordpress\/wp-content\/uploads\/2021\/10\/246492977_1664056830450627_8658472885315124005_n-150x150.jpg\" class=\"attachment-thumbnail size-thumbnail\" alt=\"\" \/><\/a>\n\t\t\t\t<\/dt><\/dl><dl class='gallery-item'>\n\t\t\t\t<dt class='gallery-icon landscape'>\n\t\t\t\t\t<a class=\"rollover rollover-zoom dt-pswp-item\" title=\"246958832_307990370773251_467169516866470870_n\" data-dt-img-description=\"\" data-large_image_width=\"227\" data-large_image_height=\"206\"href='https:\/\/www.radiopiu.net\/wordpress\/wp-content\/uploads\/2021\/10\/246958832_307990370773251_467169516866470870_n.jpg'><img loading=\"lazy\" decoding=\"async\" width=\"150\" height=\"150\" src=\"https:\/\/www.radiopiu.net\/wordpress\/wp-content\/uploads\/2021\/10\/246958832_307990370773251_467169516866470870_n-150x150.jpg\" class=\"attachment-thumbnail size-thumbnail\" alt=\"\" \/><\/a>\n\t\t\t\t<\/dt><\/dl><dl class='gallery-item'>\n\t\t\t\t<dt class='gallery-icon landscape'>\n\t\t\t\t\t<a class=\"rollover rollover-zoom dt-pswp-item\" title=\"246629577_405289334652609_1854932938995656260_n\" data-dt-img-description=\"\" data-large_image_width=\"280\" data-large_image_height=\"203\"href='https:\/\/www.radiopiu.net\/wordpress\/wp-content\/uploads\/2021\/10\/246629577_405289334652609_1854932938995656260_n.jpg'><img loading=\"lazy\" decoding=\"async\" width=\"150\" height=\"150\" src=\"https:\/\/www.radiopiu.net\/wordpress\/wp-content\/uploads\/2021\/10\/246629577_405289334652609_1854932938995656260_n-150x150.jpg\" class=\"attachment-thumbnail size-thumbnail\" alt=\"\" \/><\/a>\n\t\t\t\t<\/dt><\/dl><br style=\"clear: both\" \/>\n\t\t\t<\/div>\n\n<p>&nbsp;<\/p>\n<p>NELLE FOTO (riproduzioni dal libro di Franco Sirena \u201cCento anni a Belluno\u201d): la copertina del libro; l\u2019autore, Franco Sirena; Ponte degli Alpini in costruzione; partenza da Belluno di una tappa del Giro d\u2019Italia; la diga del Vajont dopo la tragica frana del monte Toc; gara automobilistica in salita Alpe del Nevegal; l\u2019albergo San Martino sul Nevegal nel suo splendore; il presidente Saragat in visita a Belluno; inaugurazione del Convegno nazionale sulla protezione della flora alpina; dopo il restauro cerimonia inaugurale dei battenti di Porta Dojona; Festival internazionale del folclore in Piazza dei Martiri; cerimonia in notturna per inaugurare i primi Giochi invernali della giovent\u00f9 sul Nevegal.<\/p>\n<p>&nbsp;<\/p>\n<p>&nbsp;<\/p>\n<hr \/>\n<p>&nbsp;<\/p>\n<blockquote>\n<h3>SPECIALE DARWIN GARDEN, L&#8217;INTERVISTA A CLAUDIO FARENZENA<\/h3>\n<\/blockquote>\n<p><strong>di Mirko Mezzacasa\u00a0<\/strong><\/p>\n<p><iframe loading=\"lazy\" title=\"DARWIN GARDEN intervista a Claudio Farenzena\" width=\"1200\" height=\"675\" src=\"https:\/\/www.youtube.com\/embed\/jSqOsflDUf8?feature=oembed\" frameborder=\"0\" allow=\"accelerometer; autoplay; clipboard-write; encrypted-media; gyroscope; picture-in-picture\" allowfullscreen><\/iframe><\/p>\n<p><iframe loading=\"lazy\" title=\"DARWIN GARDEN la panca che si trasforma in set pic nic\" width=\"1200\" height=\"675\" src=\"https:\/\/www.youtube.com\/embed\/fXNh4d_0VK4?feature=oembed\" frameborder=\"0\" allow=\"accelerometer; autoplay; clipboard-write; encrypted-media; gyroscope; picture-in-picture\" allowfullscreen><\/iframe><\/p>\n<p>&nbsp;<\/p>\n<h3>DALLA FIERA DI BOLZANO<\/h3>\n\n\t\t\t<style type='text\/css'>\n\t\t\t\t#gallery-7 {\n\t\t\t\t\tmargin: auto;\n\t\t\t\t}\n\t\t\t\t#gallery-7 .gallery-item {\n\t\t\t\t\tfloat: left;\n\t\t\t\t\tmargin-top: 10px;\n\t\t\t\t\ttext-align: center;\n\t\t\t\t\twidth: 14%;\n\t\t\t\t}\n\t\t\t\t#gallery-7 img {\n\t\t\t\t\tborder: 2px solid #cfcfcf;\n\t\t\t\t}\n\t\t\t\t#gallery-7 .gallery-caption {\n\t\t\t\t\tmargin-left: 0;\n\t\t\t\t}\n\t\t\t\t\/* see gallery_shortcode() in wp-includes\/media.php *\/\n\t\t\t<\/style>\n\t\t<div id='gallery-7' class='dt-gallery-container gallery galleryid-237945 gallery-columns-7 gallery-size-thumbnail'><dl class='gallery-item'>\n\t\t\t\t<dt class='gallery-icon landscape'>\n\t\t\t\t\t<a class=\"rollover rollover-zoom dt-pswp-item\" title=\"2c848653-c106-4cbf-8118-48c52263acae\" data-dt-img-description=\"\" data-large_image_width=\"1600\" data-large_image_height=\"1200\"href='https:\/\/www.radiopiu.net\/wordpress\/wp-content\/uploads\/2021\/10\/2c848653-c106-4cbf-8118-48c52263acae-1.jpg'><img loading=\"lazy\" decoding=\"async\" width=\"150\" height=\"150\" src=\"https:\/\/www.radiopiu.net\/wordpress\/wp-content\/uploads\/2021\/10\/2c848653-c106-4cbf-8118-48c52263acae-1-150x150.jpg\" class=\"attachment-thumbnail size-thumbnail\" alt=\"\" \/><\/a>\n\t\t\t\t<\/dt><\/dl><dl class='gallery-item'>\n\t\t\t\t<dt class='gallery-icon landscape'>\n\t\t\t\t\t<a class=\"rollover rollover-zoom dt-pswp-item\" title=\"3ca4bfb5-902a-422a-b1b8-b7a6a6cc0702\" data-dt-img-description=\"\" data-large_image_width=\"1600\" data-large_image_height=\"1200\"href='https:\/\/www.radiopiu.net\/wordpress\/wp-content\/uploads\/2021\/10\/3ca4bfb5-902a-422a-b1b8-b7a6a6cc0702.jpg'><img loading=\"lazy\" decoding=\"async\" width=\"150\" height=\"150\" src=\"https:\/\/www.radiopiu.net\/wordpress\/wp-content\/uploads\/2021\/10\/3ca4bfb5-902a-422a-b1b8-b7a6a6cc0702-150x150.jpg\" class=\"attachment-thumbnail size-thumbnail\" alt=\"\" \/><\/a>\n\t\t\t\t<\/dt><\/dl><dl class='gallery-item'>\n\t\t\t\t<dt class='gallery-icon portrait'>\n\t\t\t\t\t<a class=\"rollover rollover-zoom dt-pswp-item\" title=\"7c42d6cb-9792-45b3-abb3-0a2ead4e9cb7\" data-dt-img-description=\"\" data-large_image_width=\"1200\" data-large_image_height=\"1600\"href='https:\/\/www.radiopiu.net\/wordpress\/wp-content\/uploads\/2021\/10\/7c42d6cb-9792-45b3-abb3-0a2ead4e9cb7-1.jpg'><img loading=\"lazy\" decoding=\"async\" width=\"150\" height=\"150\" src=\"https:\/\/www.radiopiu.net\/wordpress\/wp-content\/uploads\/2021\/10\/7c42d6cb-9792-45b3-abb3-0a2ead4e9cb7-1-150x150.jpg\" class=\"attachment-thumbnail size-thumbnail\" alt=\"\" \/><\/a>\n\t\t\t\t<\/dt><\/dl><dl class='gallery-item'>\n\t\t\t\t<dt class='gallery-icon landscape'>\n\t\t\t\t\t<a class=\"rollover rollover-zoom dt-pswp-item\" title=\"294f1b50-9f9f-4743-b100-9e45461ebc63\" data-dt-img-description=\"\" data-large_image_width=\"1600\" data-large_image_height=\"1200\"href='https:\/\/www.radiopiu.net\/wordpress\/wp-content\/uploads\/2021\/10\/294f1b50-9f9f-4743-b100-9e45461ebc63.jpg'><img loading=\"lazy\" decoding=\"async\" width=\"150\" height=\"150\" src=\"https:\/\/www.radiopiu.net\/wordpress\/wp-content\/uploads\/2021\/10\/294f1b50-9f9f-4743-b100-9e45461ebc63-150x150.jpg\" class=\"attachment-thumbnail size-thumbnail\" alt=\"\" \/><\/a>\n\t\t\t\t<\/dt><\/dl><dl class='gallery-item'>\n\t\t\t\t<dt class='gallery-icon landscape'>\n\t\t\t\t\t<a class=\"rollover rollover-zoom dt-pswp-item\" title=\"7770dda7-1aaa-44ca-be57-3b504554bd71\" data-dt-img-description=\"\" data-large_image_width=\"1600\" data-large_image_height=\"1200\"href='https:\/\/www.radiopiu.net\/wordpress\/wp-content\/uploads\/2021\/10\/7770dda7-1aaa-44ca-be57-3b504554bd71.jpg'><img loading=\"lazy\" decoding=\"async\" width=\"150\" height=\"150\" src=\"https:\/\/www.radiopiu.net\/wordpress\/wp-content\/uploads\/2021\/10\/7770dda7-1aaa-44ca-be57-3b504554bd71-150x150.jpg\" class=\"attachment-thumbnail size-thumbnail\" alt=\"\" \/><\/a>\n\t\t\t\t<\/dt><\/dl><dl class='gallery-item'>\n\t\t\t\t<dt class='gallery-icon landscape'>\n\t\t\t\t\t<a class=\"rollover rollover-zoom dt-pswp-item\" title=\"d8b3564e-30e6-468e-9854-d90d2bfc50a9\" data-dt-img-description=\"\" data-large_image_width=\"1600\" data-large_image_height=\"1200\"href='https:\/\/www.radiopiu.net\/wordpress\/wp-content\/uploads\/2021\/10\/d8b3564e-30e6-468e-9854-d90d2bfc50a9.jpg'><img loading=\"lazy\" decoding=\"async\" width=\"150\" height=\"150\" src=\"https:\/\/www.radiopiu.net\/wordpress\/wp-content\/uploads\/2021\/10\/d8b3564e-30e6-468e-9854-d90d2bfc50a9-150x150.jpg\" class=\"attachment-thumbnail size-thumbnail\" alt=\"\" \/><\/a>\n\t\t\t\t<\/dt><\/dl><dl class='gallery-item'>\n\t\t\t\t<dt class='gallery-icon landscape'>\n\t\t\t\t\t<a class=\"rollover rollover-zoom dt-pswp-item\" title=\"f4b7e0d6-6de2-4708-8256-0f2f87326e90\" data-dt-img-description=\"\" data-large_image_width=\"1600\" data-large_image_height=\"1200\"href='https:\/\/www.radiopiu.net\/wordpress\/wp-content\/uploads\/2021\/10\/f4b7e0d6-6de2-4708-8256-0f2f87326e90.jpg'><img loading=\"lazy\" decoding=\"async\" width=\"150\" height=\"150\" src=\"https:\/\/www.radiopiu.net\/wordpress\/wp-content\/uploads\/2021\/10\/f4b7e0d6-6de2-4708-8256-0f2f87326e90-150x150.jpg\" class=\"attachment-thumbnail size-thumbnail\" alt=\"\" \/><\/a>\n\t\t\t\t<\/dt><\/dl><br style=\"clear: both\" \/>\n\t\t\t<\/div>\n\n<p>&nbsp;<\/p>\n<p>&nbsp;<\/p>\n<hr \/>\n<p>&nbsp;<\/p>\n<h1><span style=\"color: #ff0000;\">I<\/span><span style=\"color: #ff0000;\">ERI ALLA RADIO\u00a0\u00a0<\/span><\/h1>\n<blockquote>\n<h3>L&#8217;INGEGNER GENUIN NON E&#8217; NUOVO ALLE IMPRESE, MA QUESTA VOLTA FISSA IL RECORD ITALIANO<\/h3>\n<\/blockquote>\n<p>&nbsp;<\/p>\n<p><strong><a href=\"https:\/\/www.radiopiu.net\/wordpress\/giornale-radiopiu-20-ottobre-2021-direttore-mirko-mezzacasa\/33585439_2113921132188141_211572721815912448_n\/\" rel=\"attachment wp-att-237983\"><img loading=\"lazy\" decoding=\"async\" class=\"size-medium wp-image-237983 alignleft\" src=\"https:\/\/www.radiopiu.net\/wordpress\/wp-content\/uploads\/2021\/10\/33585439_2113921132188141_211572721815912448_n-200x300.jpg\" alt=\"\" width=\"200\" height=\"300\" srcset=\"https:\/\/www.radiopiu.net\/wordpress\/wp-content\/uploads\/2021\/10\/33585439_2113921132188141_211572721815912448_n-200x300.jpg 200w, https:\/\/www.radiopiu.net\/wordpress\/wp-content\/uploads\/2021\/10\/33585439_2113921132188141_211572721815912448_n-683x1024.jpg 683w, https:\/\/www.radiopiu.net\/wordpress\/wp-content\/uploads\/2021\/10\/33585439_2113921132188141_211572721815912448_n-768x1152.jpg 768w, https:\/\/www.radiopiu.net\/wordpress\/wp-content\/uploads\/2021\/10\/33585439_2113921132188141_211572721815912448_n-1024x1536.jpg 1024w, https:\/\/www.radiopiu.net\/wordpress\/wp-content\/uploads\/2021\/10\/33585439_2113921132188141_211572721815912448_n.jpg 1330w\" sizes=\"auto, (max-width: 200px) 100vw, 200px\" \/><\/a>OSPITE NICOLA GENUIN<\/strong><\/p>\n<p><strong>di CLAUDIO\u00a0 FONTANIVE<\/strong><\/p>\n<p>&nbsp;<\/p>\n<audio class=\"wp-audio-shortcode\" id=\"audio-237945-15\" preload=\"none\" style=\"width: 100%;\" controls=\"controls\"><source type=\"audio\/mpeg\" src=\"https:\/\/www.radiopiu.net\/wordpress\/wp-content\/uploads\/2021\/10\/nicola-genuin-everesting.mp3?_=15\" \/><a href=\"https:\/\/www.radiopiu.net\/wordpress\/wp-content\/uploads\/2021\/10\/nicola-genuin-everesting.mp3\">https:\/\/www.radiopiu.net\/wordpress\/wp-content\/uploads\/2021\/10\/nicola-genuin-everesting.mp3<\/a><\/audio>\n<p>&nbsp;<\/p>\n<p>&nbsp;<\/p>\n<p>&nbsp;<\/p>\n<hr \/>\n<p>&nbsp;<\/p>\n<div class=\"ecm0bbzt e5nlhep0 a8c37x1j\">\n<div class=\"kvgmc6g5 cxmmr5t8 oygrvhab hcukyx3x c1et5uql\">\n<div class=\"gmail-kvgmc6g5 gmail-cxmmr5t8 gmail-oygrvhab gmail-hcukyx3x gmail-c1et5uql gmail-ii04i59q\">\n<div>\n<div class=\"b654a4as d2edcug0\">\n<div class=\"rq0escxv hkbzh7o3 jwdofwj8 n8tt0mok r8blr3vg hyh9befq\">\n<p><a class=\"dt-pswp-item\" href=\"https:\/\/www.radiopiu.net\/wordpress\/wp-content\/uploads\/2020\/10\/pp.jpg\" data-dt-img-description=\"\" data-large_image_width=\"640\" data-large_image_height=\"640\"><img loading=\"lazy\" decoding=\"async\" class=\"wp-image-163678 alignleft\" src=\"https:\/\/www.radiopiu.net\/wordpress\/wp-content\/uploads\/2020\/10\/pp-300x300.jpg\" alt=\"\" width=\"106\" height=\"106\" srcset=\"https:\/\/www.radiopiu.net\/wordpress\/wp-content\/uploads\/2020\/10\/pp-300x300.jpg 300w, https:\/\/www.radiopiu.net\/wordpress\/wp-content\/uploads\/2020\/10\/pp-150x150.jpg 150w, https:\/\/www.radiopiu.net\/wordpress\/wp-content\/uploads\/2020\/10\/pp-125x125.jpg 125w, https:\/\/www.radiopiu.net\/wordpress\/wp-content\/uploads\/2020\/10\/pp-200x200.jpg 200w, https:\/\/www.radiopiu.net\/wordpress\/wp-content\/uploads\/2020\/10\/pp-80x80.jpg 80w, https:\/\/www.radiopiu.net\/wordpress\/wp-content\/uploads\/2020\/10\/pp-480x480.jpg 480w, https:\/\/www.radiopiu.net\/wordpress\/wp-content\/uploads\/2020\/10\/pp.jpg 640w\" sizes=\"auto, (max-width: 106px) 100vw, 106px\" \/><\/a><\/p>\n<\/div>\n<\/div>\n<\/div>\n<div>\n<div class=\"page-title-head hgroup\">\n<div class=\"page-title-head hgroup\">\n<div class=\"b654a4as d2edcug0\">\n<div class=\"j83agx80 btwxx1t3 lhclo0ds hop8lmos nkwizq5d scwd0bx6 roh60bw9\">\n<div class=\"rq0escxv hkbzh7o3 jwdofwj8 n8tt0mok r8blr3vg hyh9befq\">\n<div class=\"do00u71z l9j0dhe7 k4urcfbm\">\n<h2><span style=\"color: #000080;\">DON CESARE, IL PENSIERO DEL GIORNO. ALLA RADIO ALLE 7 DEL MATTINO E ALLE 19.30 DELLA SERA.\u00a0\u00a0<\/span><\/h2>\n<p>&nbsp;<\/p>\n<p>&nbsp;<\/p>\n<audio class=\"wp-audio-shortcode\" id=\"audio-237945-16\" preload=\"none\" style=\"width: 100%;\" controls=\"controls\"><source type=\"audio\/mpeg\" src=\"https:\/\/www.radiopiu.net\/wordpress\/wp-content\/uploads\/2021\/10\/cesare-5.mp3?_=16\" \/><a href=\"https:\/\/www.radiopiu.net\/wordpress\/wp-content\/uploads\/2021\/10\/cesare-5.mp3\">https:\/\/www.radiopiu.net\/wordpress\/wp-content\/uploads\/2021\/10\/cesare-5.mp3<\/a><\/audio>\n<p>&nbsp;<\/p>\n<hr \/>\n<p>&nbsp;<\/p>\n<div>\n<div>\n<h3 class=\"kvgmc6g5 cxmmr5t8 oygrvhab hcukyx3x c1et5uql\"><span style=\"color: #0000ff;\">INFORMAZIONE il canale su TELEGRAM informazione di prima mano e in tempo reale. iscriviti ed aiutaci a farlo conoscere\u00a0\u00a0<\/span><\/h3>\n<\/div>\n<div>\n<div class=\"page-title-head hgroup\">\n<div class=\"page-title-head hgroup\">\n<div class=\"page-title-head hgroup\">\n<div class=\"page-title-head hgroup\">\n<div class=\"b654a4as d2edcug0\">\n<div class=\"page-title-head hgroup\">\n<div class=\"page-title-head hgroup\">\n<div class=\"page-title-head hgroup\">\n<div class=\"page-title-head hgroup\">\n<div class=\"b654a4as d2edcug0\">\n<div>\n<p>&nbsp;<\/p>\n<\/div>\n<div>\n<div class=\"page-title-head hgroup\">\n<div class=\"page-title-head hgroup\">\n<div class=\"page-title-head hgroup\">\n<div class=\"page-title-head hgroup\">\n<div class=\"page-title-head hgroup\">\n<div class=\"b654a4as d2edcug0\">\n<div>\n<hr \/>\n<\/div>\n<\/div>\n<div>\n<div>\n<div>\n<p>&nbsp;<\/p>\n<\/div>\n<div>\n<div>\n<p>&nbsp;<\/p>\n<p><strong>\u00a0<\/strong><\/p>\n<p><strong>DUE MINUTI UN LIBRO, TUTTI I GIORNI ALLA RADIO ALLE 9.40 E ALLE 17.50<\/strong><\/p>\n<div>\n<div>\n<p><strong>LA RACCOLTA COMPLETA\u00a0\u00a0<\/strong><\/p>\n<\/div>\n<div>\n<blockquote class=\"wp-embedded-content\" data-secret=\"NqTehtc9aI\"><p><a href=\"https:\/\/www.radiopiu.net\/wordpress\/due-minuti-un-libro\/\">Due minuti un libro<\/a><\/p><\/blockquote>\n<p><iframe loading=\"lazy\" class=\"wp-embedded-content\" sandbox=\"allow-scripts\" security=\"restricted\" style=\"position: absolute; clip: rect(1px, 1px, 1px, 1px);\" title=\"&#8220;Due minuti un libro&#8221; &#8212; Radio Pi\u00f9\" src=\"https:\/\/www.radiopiu.net\/wordpress\/due-minuti-un-libro\/embed\/#?secret=NqTehtc9aI\" data-secret=\"NqTehtc9aI\" width=\"600\" height=\"338\" frameborder=\"0\" marginwidth=\"0\" marginheight=\"0\" scrolling=\"no\"><\/iframe><\/p>\n<p>&nbsp;<\/p>\n<\/div>\n<\/div>\n<\/div>\n<div class=\"mkdf-post-text\">\n<div class=\"mkdf-post-text-inner\">\n<div class=\"mkdf-post-text-main\">\n<div class=\"mkdf-post-text\">\n<div class=\"mkdf-post-text-inner\">\n<div class=\"mkdf-post-text-main\">\n<div class=\"mkdf-post-text\">\n<div class=\"mkdf-post-text-inner\">\n<div class=\"mkdf-post-text-main\">\n<div class=\"page-title-head hgroup\">\n<div class=\"page-title-head hgroup\">\n<div class=\"mkdf-post-text\">\n<div class=\"mkdf-post-text-inner\">\n<div class=\"mkdf-post-text-main\">\n<div class=\"mkdf-post-text\">\n<div class=\"mkdf-post-text-inner\">\n<div class=\"mkdf-post-text-main\">\n<div class=\"page-title-head hgroup\">\n<div class=\"page-title-head hgroup\">\n<div class=\"page-title-head hgroup\">\n<div class=\"page-title-head hgroup\">\n<div class=\"b654a4as d2edcug0\">\n<div class=\"page-title-head hgroup\">\n<div class=\"page-title-head hgroup\">\n<div class=\"page-title-head hgroup\">\n<div class=\"page-title-head hgroup\">\n<div class=\"b654a4as d2edcug0\">\n<div class=\"page-title-head hgroup\">\n<div class=\"page-title-head hgroup\">\n<div class=\"page-title-head hgroup\">\n<div class=\"page-title-head hgroup\">\n<div class=\"b654a4as d2edcug0\">\n<div>\n<p>&nbsp;<\/p>\n<p>&nbsp;<\/p>\n<\/div>\n<div>\n<hr \/>\n<p>&nbsp;<\/p>\n<\/div>\n<div>\n<div>\n<h2><span style=\"color: #808000;\">L&#8217;ALMANACCO LADINO\u00a0 <\/span><\/h2>\n<p><strong>LA RACCOLTA<\/strong><\/p>\n<blockquote class=\"wp-embedded-content\" data-secret=\"aViVLNHIQZ\"><p><a href=\"https:\/\/www.radiopiu.net\/wordpress\/almanacco-ladino\/\">Almanacco Ladino<\/a><\/p><\/blockquote>\n<p><iframe loading=\"lazy\" class=\"wp-embedded-content\" sandbox=\"allow-scripts\" security=\"restricted\" style=\"position: absolute; clip: rect(1px, 1px, 1px, 1px);\" title=\"&#8220;Almanacco Ladino&#8221; &#8212; Radio Pi\u00f9\" src=\"https:\/\/www.radiopiu.net\/wordpress\/almanacco-ladino\/embed\/#?secret=aViVLNHIQZ\" data-secret=\"aViVLNHIQZ\" width=\"600\" height=\"338\" frameborder=\"0\" marginwidth=\"0\" marginheight=\"0\" scrolling=\"no\"><\/iframe><\/p>\n<hr \/>\n<p>&nbsp;<\/p>\n<p><strong>IL SABATO ALLE 10.30 E ALLE 19. LA DOMENICA ALLE 12.30 LA RASSEGNA STAMPA DI GIANNI SANTOMASO<\/strong><\/p>\n<blockquote>\n<blockquote>\n<h3>LA RACCOLTA COMPLETA<\/h3>\n<\/blockquote>\n<\/blockquote>\n<p>&nbsp;<\/p>\n<blockquote class=\"wp-embedded-content\" data-secret=\"yF8BWBvBmj\"><p><a href=\"https:\/\/www.radiopiu.net\/wordpress\/rassegna-stampa-di-gianni-santomaso\/\">Rassegna stampa da l&#8217;amico del popolo &#8211; di Gianni Santomaso<\/a><\/p><\/blockquote>\n<p><iframe loading=\"lazy\" class=\"wp-embedded-content\" sandbox=\"allow-scripts\" security=\"restricted\" style=\"position: absolute; clip: rect(1px, 1px, 1px, 1px);\" title=\"&#8220;Rassegna stampa da l&#8217;amico del popolo &#8211; di Gianni Santomaso&#8221; &#8212; Radio Pi\u00f9\" src=\"https:\/\/www.radiopiu.net\/wordpress\/rassegna-stampa-di-gianni-santomaso\/embed\/#?secret=yF8BWBvBmj\" data-secret=\"yF8BWBvBmj\" width=\"600\" height=\"338\" frameborder=\"0\" marginwidth=\"0\" marginheight=\"0\" scrolling=\"no\"><\/iframe><\/p>\n<p>&nbsp;<\/p>\n<\/div>\n<\/div>\n<\/div>\n<\/div>\n<\/div>\n<\/div>\n<\/div>\n<\/div>\n<\/div>\n<\/div>\n<\/div>\n<\/div>\n<\/div>\n<\/div>\n<\/div>\n<\/div>\n<\/div>\n<\/div>\n<\/div>\n<\/div>\n<\/div>\n<\/div>\n<\/div>\n<\/div>\n<\/div>\n<\/div>\n<\/div>\n<\/div>\n<\/div>\n<\/div>\n<\/div>\n<\/div>\n<\/div>\n<\/div>\n<\/div>\n<\/div>\n<\/div>\n<div class=\"mkdf-post-text\">\n<div class=\"mkdf-post-text-inner\">\n<div class=\"mkdf-post-text-main\">\n<div class=\"mkdf-post-text\">\n<div class=\"mkdf-post-text-inner\">\n<div class=\"mkdf-post-text-main\">\n<div class=\"mkdf-post-text\">\n<div class=\"mkdf-post-text-inner\">\n<div class=\"mkdf-post-text-main\">\n<div class=\"page-title-head hgroup\">\n<div class=\"page-title-head hgroup\">\n<div class=\"mkdf-post-text\">\n<div class=\"mkdf-post-text-inner\">\n<div class=\"mkdf-post-text-main\">\n<div class=\"mkdf-post-text\">\n<div class=\"mkdf-post-text-inner\">\n<div class=\"mkdf-post-text-main\">\n<div class=\"page-title-head hgroup\">\n<div class=\"page-title-head hgroup\">\n<div class=\"page-title-head hgroup\">\n<div class=\"page-title-head hgroup\">\n<div class=\"b654a4as d2edcug0\">\n<div class=\"page-title-head hgroup\">\n<div class=\"page-title-head hgroup\">\n<div class=\"page-title-head hgroup\">\n<div class=\"page-title-head hgroup\">\n<div class=\"b654a4as d2edcug0\">\n<div class=\"page-title-head hgroup\">\n<div class=\"page-title-head hgroup\">\n<div class=\"page-title-head hgroup\">\n<div class=\"page-title-head hgroup\">\n<div class=\"b654a4as d2edcug0\">\n<div>\n<div>\n<blockquote>\n<blockquote>\n<h3><\/h3>\n<\/blockquote>\n<\/blockquote>\n<hr \/>\n<p>&nbsp;<\/p>\n<\/div>\n<h4><span style=\"color: #ff0000;\">MUSICA ALLA RADIO<\/span><\/h4>\n<div><a href=\"https:\/\/www.radiopiu.net\/wordpress\/giornale-radiopiu-20-settembre-2021-direttore-mirko-mezzacasa\/pp-79\/\" rel=\"attachment wp-att-232921\"><img loading=\"lazy\" decoding=\"async\" class=\"wp-image-232921 alignleft\" src=\"https:\/\/www.radiopiu.net\/wordpress\/wp-content\/uploads\/2021\/09\/pp-1-300x300.jpg\" alt=\"\" width=\"135\" height=\"135\" srcset=\"https:\/\/www.radiopiu.net\/wordpress\/wp-content\/uploads\/2021\/09\/pp-1-300x300.jpg 300w, https:\/\/www.radiopiu.net\/wordpress\/wp-content\/uploads\/2021\/09\/pp-1-150x150.jpg 150w, https:\/\/www.radiopiu.net\/wordpress\/wp-content\/uploads\/2021\/09\/pp-1.jpg 640w\" sizes=\"auto, (max-width: 135px) 100vw, 135px\" \/><\/a><\/div>\n<div><\/div>\n<div><\/div>\n<div>\n<p><strong>MUSICA ALLA RADIO, IL PROGRAMMA DI LORIS SCUSSEL &#8220;COLLAGE OPERAZIONE NOSTALGIA&#8221; DAL LUNEDI AL VENERDI ALLE 16.00\u00a0 E ALLE 23\u00a0<\/strong><\/p>\n<p>&nbsp;<\/p>\n<p><span style=\"color: #ff0000;\">PUNTATA NUMERO 458 DEL 20 OTTOBRE 2021\u00a0\u00a0<\/span><\/p>\n<\/div>\n<audio class=\"wp-audio-shortcode\" id=\"audio-237945-17\" preload=\"none\" style=\"width: 100%;\" controls=\"controls\"><source type=\"audio\/mpeg\" src=\"https:\/\/www.radiopiu.net\/wordpress\/wp-content\/uploads\/2021\/10\/Collage-458.mp3?_=17\" \/><a href=\"https:\/\/www.radiopiu.net\/wordpress\/wp-content\/uploads\/2021\/10\/Collage-458.mp3\">https:\/\/www.radiopiu.net\/wordpress\/wp-content\/uploads\/2021\/10\/Collage-458.mp3<\/a><\/audio>\n<p>&nbsp;<\/p>\n<hr \/>\n<p>&nbsp;<\/p>\n<p>&nbsp;<\/p>\n<blockquote>\n<h3>IL LUNEDI ALLE 9.30 E 18.30 I RACCONTI DI PAOLO SOPPELSA<\/h3>\n<p><strong>LA RACCONTA COMPLETA\u00a0\u00a0<\/strong><\/p><\/blockquote>\n<blockquote class=\"wp-embedded-content\" data-secret=\"LTQdH4EJXj\"><p><a href=\"https:\/\/www.radiopiu.net\/wordpress\/i-racconti-di-paolo-soppelsa\/\">I racconti di Paolo Soppelsa<\/a><\/p><\/blockquote>\n<p><iframe loading=\"lazy\" class=\"wp-embedded-content\" sandbox=\"allow-scripts\" security=\"restricted\" style=\"position: absolute; clip: rect(1px, 1px, 1px, 1px);\" title=\"&#8220;I racconti di Paolo Soppelsa&#8221; &#8212; Radio Pi\u00f9\" src=\"https:\/\/www.radiopiu.net\/wordpress\/i-racconti-di-paolo-soppelsa\/embed\/#?secret=LTQdH4EJXj\" data-secret=\"LTQdH4EJXj\" width=\"600\" height=\"338\" frameborder=\"0\" marginwidth=\"0\" marginheight=\"0\" scrolling=\"no\"><\/iframe><\/p>\n<p>&nbsp;<\/p>\n<p>&nbsp;<\/p>\n<div>\n<hr \/>\n<p>&nbsp;<\/p>\n<p><a href=\"https:\/\/www.radiopiu.net\/wordpress\/giornale-radiopiu-26-settembre-2018-direttore-mirko-mezzacasa\/viabilita-2\/\" rel=\"attachment wp-att-61954\"><img loading=\"lazy\" decoding=\"async\" class=\"wp-image-61954 size-full aligncenter\" src=\"https:\/\/www.radiopiu.net\/wordpress\/wp-content\/uploads\/2018\/09\/viabilita.jpeg\" alt=\"\" width=\"800\" height=\"100\" srcset=\"https:\/\/www.radiopiu.net\/wordpress\/wp-content\/uploads\/2018\/09\/viabilita.jpeg 800w, https:\/\/www.radiopiu.net\/wordpress\/wp-content\/uploads\/2018\/09\/viabilita-300x38.jpeg 300w, https:\/\/www.radiopiu.net\/wordpress\/wp-content\/uploads\/2018\/09\/viabilita-768x96.jpeg 768w\" sizes=\"auto, (max-width: 800px) 100vw, 800px\" \/><\/a><\/p>\n<p>&nbsp;<\/p>\n<p><strong><a href=\"https:\/\/www.radiopiu.net\/wordpress\/veneto-strade-interdizione-al-traffico\/veneto-strade-2\/\" rel=\"attachment wp-att-135574\"><img loading=\"lazy\" decoding=\"async\" class=\"wp-image-135574 alignleft\" src=\"https:\/\/www.radiopiu.net\/wordpress\/wp-content\/uploads\/2020\/05\/VENETO-STRADE-300x300.png\" alt=\"\" width=\"100\" height=\"100\" srcset=\"https:\/\/www.radiopiu.net\/wordpress\/wp-content\/uploads\/2020\/05\/VENETO-STRADE-300x300.png 300w, https:\/\/www.radiopiu.net\/wordpress\/wp-content\/uploads\/2020\/05\/VENETO-STRADE-150x150.png 150w, https:\/\/www.radiopiu.net\/wordpress\/wp-content\/uploads\/2020\/05\/VENETO-STRADE.png 400w\" sizes=\"auto, (max-width: 100px) 100vw, 100px\" \/><\/a><\/strong><\/p>\n<p><strong>REGIONALE 48 DELLE DOLOMITI PASSO FALZAREGO<\/strong>\u00a0 fino\u00a0 al 26 novembre interruzioni della durata massima di 15 minuti in localit\u00e0 Pian di Falzarego <strong>REGIONALE 48 DOLOMITI<\/strong> dall&#8217;11 ottobre al 3 dicembre senso unico localit\u00e0 Andraz. <strong>PROVINCIALE 638<\/strong> Passo Giau fino\u00a0 al 19 ottobre senso unico alternato tratti di 300 metri<\/p>\n<p>&nbsp;<\/p>\n<\/div>\n<\/div>\n<div>\n<p>&nbsp;<\/p>\n<hr \/>\n<p>&nbsp;<\/p>\n<\/div>\n<\/div>\n<\/div>\n<\/div>\n<\/div>\n<\/div>\n<\/div>\n<\/div>\n<\/div>\n<\/div>\n<\/div>\n<\/div>\n<\/div>\n<\/div>\n<\/div>\n<\/div>\n<\/div>\n<\/div>\n<\/div>\n<\/div>\n<\/div>\n<\/div>\n<\/div>\n<\/div>\n<\/div>\n<\/div>\n<\/div>\n<\/div>\n<\/div>\n<\/div>\n<\/div>\n<\/div>\n<\/div>\n<\/div>\n<\/div>\n<\/div>\n<\/div>\n<\/div>\n<\/div>\n<\/div>\n<\/div>\n<\/div>\n<\/div>\n<\/div>\n<\/div>\n<\/div>\n<\/div>\n<\/div>\n<\/div>\n<\/div>\n<\/div>\n<div>\n<div class=\"page-title-head hgroup\">\n<div class=\"page-title-head hgroup\">\n<div class=\"page-title-head hgroup\">\n<div class=\"page-title-head hgroup\">\n<div class=\"b654a4as d2edcug0\">\n<div class=\"page-title-head hgroup\">\n<div class=\"page-title-head hgroup\">\n<div class=\"page-title-head hgroup\">\n<div class=\"page-title-head hgroup\">\n<div class=\"b654a4as d2edcug0\">\n<div class=\"page-title-head hgroup\">\n<div class=\"page-title-head hgroup\">\n<div class=\"page-title-head hgroup\">\n<div class=\"page-title-head hgroup\">\n<div class=\"page-title-head hgroup\">\n<div class=\"mkdf-post-text\">\n<div class=\"mkdf-post-text-inner\">\n<div class=\"mkdf-post-text-main\">\n<div class=\"mkdf-post-text\">\n<div class=\"mkdf-post-text-inner\">\n<div class=\"mkdf-post-text-main\">\n<div class=\"mkdf-post-text\">\n<div class=\"mkdf-post-text-inner\">\n<div class=\"mkdf-post-text-main\">\n<div class=\"page-title-head hgroup\">\n<div class=\"page-title-head hgroup\">\n<div class=\"mkdf-post-text\">\n<div class=\"mkdf-post-text-inner\">\n<div class=\"mkdf-post-text-main\">\n<div class=\"mkdf-post-text\">\n<div class=\"mkdf-post-text-inner\">\n<div class=\"mkdf-post-text-main\">\n<div>\n<div class=\"page-title-head hgroup\">\n<div class=\"page-title-head hgroup\">\n<div>\n<div class=\"page-title-head hgroup\">\n<div class=\"page-title-head hgroup\">\n<div class=\"b654a4as d2edcug0\">\n<div>\n<div class=\"page-title-head hgroup\" style=\"text-align: left;\">\n<div class=\"page-title-head hgroup\">\n<div dir=\"auto\">\n<p><a class=\"dt-pswp-item pspw-wrap-ready\" href=\"https:\/\/i0.wp.com\/www.radiopiu.net\/wordpress\/wp-content\/uploads\/2018\/09\/WhatsApp-Image-2018-09-20-at-16.04.06.jpeg?ssl=1\" data-dt-img-description=\"\" data-large_image_width=\"800\" data-large_image_height=\"100\"><img loading=\"lazy\" decoding=\"async\" class=\"aligncenter wp-image-61378 size-full jetpack-lazy-image jetpack-lazy-image--handled\" src=\"https:\/\/i0.wp.com\/www.radiopiu.net\/wordpress\/wp-content\/uploads\/2018\/09\/WhatsApp-Image-2018-09-20-at-16.04.06.jpeg?resize=800%2C100&amp;ssl=1\" sizes=\"auto, (max-width: 800px) 100vw, 800px\" srcset=\"https:\/\/i0.wp.com\/www.radiopiu.net\/wordpress\/wp-content\/uploads\/2018\/09\/WhatsApp-Image-2018-09-20-at-16.04.06.jpeg?w=800&amp;ssl=1 800w, https:\/\/i0.wp.com\/www.radiopiu.net\/wordpress\/wp-content\/uploads\/2018\/09\/WhatsApp-Image-2018-09-20-at-16.04.06.jpeg?resize=300%2C38&amp;ssl=1 300w, https:\/\/i0.wp.com\/www.radiopiu.net\/wordpress\/wp-content\/uploads\/2018\/09\/WhatsApp-Image-2018-09-20-at-16.04.06.jpeg?resize=768%2C96&amp;ssl=1 768w\" alt=\"\" width=\"800\" height=\"100\" data-lazy-loaded=\"1\" \/><\/a><\/p>\n<\/div>\n<\/div>\n<\/div>\n<\/div>\n<\/div>\n<\/div>\n<\/div>\n<\/div>\n<\/div>\n<\/div>\n<\/div>\n<\/div>\n<\/div>\n<\/div>\n<\/div>\n<\/div>\n<\/div>\n<\/div>\n<\/div>\n<\/div>\n<\/div>\n<\/div>\n<\/div>\n<\/div>\n<\/div>\n<\/div>\n<\/div>\n<\/div>\n<\/div>\n<\/div>\n<\/div>\n<\/div>\n<\/div>\n<\/div>\n<\/div>\n<\/div>\n<\/div>\n<\/div>\n<\/div>\n<\/div>\n<\/div>\n<\/div>\n<\/div>\n<\/div>\n<p>&nbsp;<\/p>\n<\/div>\n<\/div>\n<\/div>\n<\/div>\n<\/div>\n<\/div>\n<\/div>\n<\/div>\n<\/div>\n<\/div>\n<p><center><b>Giovedi 21<\/b><\/center><b>Tempo atteso: <\/b>Cielo nuvoloso, temporaneamente anche molto nuvoloso o coperto in giornata.<br \/>\n<b>Precipitazioni: <\/b>Probabilit\u00e0 nel complesso medio-bassa (30-50%) di fenomeni in genere modesti e intermittenti, da locali a temporaneamente sparsi; non si escludono occasionali temporali sulle Prealpi verso sera; eventualmente almeno fino al mattino si tratter\u00e0 di pioggia pressoch\u00e8 ovunque, poi specie a fine giornata il limite delle nevicate si abbasser\u00e0 fino a 2400\/2700 m.<br \/>\n<b>Temperature: <\/b>Le minime rispetto a mercoled\u00ec aumenteranno, salvo stazionariet\u00e0 ad alta quota ove saranno raggiunte alla sera; le massime in quota diminuiranno, nelle valli varieranno poco; punte di 12\/14\u00b0C nei fondovalle prealpini e di 9\/11\u00b0C a 1000-1200 m; minime e massime in libera atmosfera sulle Prealpi 6\/9 \u00b0C a 1500 m e 3\/5 \u00b0C a 2000 m, sulle Dolomiti 3\/5 \u00b0C a 2000 m e -2\/3 \u00b0C a 3000 m.<br \/>\n<b>Venti: <\/b>Nelle valli, deboli di direzione variabile; in quota da tesi o a tratti forti sud-occidentali a moderati occidentali, indicativamente 20\/40 km\/h a 2000 m e 30\/60 km\/h a 3000 m.<\/p>\n<hr \/>\n<p><center><b>Venerdi 22<\/b><\/center><b>Tempo atteso: <\/b>Cielo da parzialmente nuvoloso a poco nuvoloso, con spazi di sereno pi\u00f9 precoci e un po&#8217; pi\u00f9 persistenti sulle Dolomiti.<br \/>\n<b>Precipitazioni: <\/b>Probabilit\u00e0 molto bassa (10%) di occasionali modesti fenomeni, eventualmente con qualche fiocco di neve da circa 2200-2500 m.<br \/>\n<b>Temperature: <\/b>Minime in calo anche sensibile; massime sulle Dolomiti in contenuto aumento, sulle Prealpi stazionarie o in leggera diminuzione; punte di 11\/12\u00b0C nei fondovalle prealpini e di 8\/10\u00b0C a 1000-1200 m; minime e massime in libera atmosfera sulle Prealpi 7\/8 \u00b0C a 1500 m e 3\/5 \u00b0C a 2000 m, sulle Dolomiti 3\/6 \u00b0C a 2000 m e -4\/-3 \u00b0C a 3000 m.<br \/>\n<b>Venti: <\/b>Nelle valli, deboli di direzione variabile; in quota dai quadranti nord-occidentali, moderati sulle Prealpi all&#8217;inizio e per il resto deboli, indicativamente 5\/10 km\/h a 2000 m e 10\/20 km\/h a 3000 m.<\/p>\n<hr \/>\n<p><center><b>Sabato 23<\/b><\/center>Cielo poco o a tratti parzialmente nuvoloso, con significativi spazi di sereno e qualche annuvolamento soprattutto dal pomeriggio sulle Prealpi, associato comunque ad una probabilit\u00e0 di precipitazioni piuttosto scarsa; per le temperature prevarr\u00e0 una diminuzione, localmente moderata.<\/p>\n<hr \/>\n<p><center><b>Domenica 24<\/b><\/center>Cielo in prevalenza sereno sulle zone dolomitiche e poco nuvoloso su quelle prealpine; le temperature subiranno contenute variazioni di carattere locale, tra cui prevarranno in quota sulle Dolomiti un rialzo e nelle valli prealpine una diminuzione. Previsore: AB<\/p>\n<p>&nbsp;<\/p>\n<hr \/>\n<p>&nbsp;<\/p>\n<div class=\"mkdf-post-text\">\n<div class=\"mkdf-post-text-inner\">\n<p><a href=\"https:\/\/www.radiopiu.net\/wordpress\/giornale-radiopiu-15-settembre-2018-direttore-mirko-mezzacasa\/sport-7\/\" rel=\"attachment wp-att-60761\"><img loading=\"lazy\" decoding=\"async\" class=\"wp-image-60761 size-full aligncenter\" src=\"https:\/\/www.radiopiu.net\/wordpress\/wp-content\/uploads\/2018\/09\/sport.jpg\" alt=\"\" width=\"800\" height=\"100\" srcset=\"https:\/\/www.radiopiu.net\/wordpress\/wp-content\/uploads\/2018\/09\/sport.jpg 800w, https:\/\/www.radiopiu.net\/wordpress\/wp-content\/uploads\/2018\/09\/sport-300x38.jpg 300w, https:\/\/www.radiopiu.net\/wordpress\/wp-content\/uploads\/2018\/09\/sport-768x96.jpg 768w\" sizes=\"auto, (max-width: 800px) 100vw, 800px\" \/><\/a><\/p>\n<\/div>\n<\/div>\n<p>&nbsp;<\/p>\n<blockquote>\n<h3>L&#8217;AGORDINA VIAGGIA A LUNGHI PASSI VERSO L&#8217;OBBIETTIVO SALVEZZA<\/h3>\n<\/blockquote>\n<p><strong><a href=\"https:\/\/www.radiopiu.net\/wordpress\/domani-il-primo-impegno-ufficiale-per-lagordina\/agordina-calcio\/\" rel=\"attachment wp-att-97575\"><img loading=\"lazy\" decoding=\"async\" class=\" wp-image-97575 alignleft\" src=\"https:\/\/www.radiopiu.net\/wordpress\/wp-content\/uploads\/2019\/09\/AGORDINA-CALCIO.jpeg\" alt=\"\" width=\"133\" height=\"133\" srcset=\"https:\/\/www.radiopiu.net\/wordpress\/wp-content\/uploads\/2019\/09\/AGORDINA-CALCIO.jpeg 225w, https:\/\/www.radiopiu.net\/wordpress\/wp-content\/uploads\/2019\/09\/AGORDINA-CALCIO-150x150.jpeg 150w\" sizes=\"auto, (max-width: 133px) 100vw, 133px\" \/><\/a>AGORDO<\/strong> Seconda vittoria consecutiva per la squadra di Lorenzi che domenica scorsa ha giocato contro il Lentiai vincendo di misura per 4 a 3. Un match emozionante con gli agordini che calano il poker ma subiscono nel finale gli avversari. Tre punti essenziali per raggiungere nel pi\u00f9 breve tempo possibile l&#8217;obbiettivo salvezza. Nel prossimo fine settimana la squadra di Agordo dovr\u00e0 affrontare l&#8217;Itlas Santa Giustina Serravalle, squadra di bassa classifica ma sempre stata ostica per i ragazzi agordini.<\/p>\n<p><strong>FILIPPO MORETTI, GIOCATORE DELL&#8217;AGORDINA<\/strong><\/p>\n<audio class=\"wp-audio-shortcode\" id=\"audio-237945-18\" preload=\"none\" style=\"width: 100%;\" controls=\"controls\"><source type=\"audio\/mpeg\" src=\"https:\/\/www.radiopiu.net\/wordpress\/wp-content\/uploads\/2021\/10\/FILIPPO-MORETTI.mp3?_=18\" \/><a href=\"https:\/\/www.radiopiu.net\/wordpress\/wp-content\/uploads\/2021\/10\/FILIPPO-MORETTI.mp3\">https:\/\/www.radiopiu.net\/wordpress\/wp-content\/uploads\/2021\/10\/FILIPPO-MORETTI.mp3<\/a><\/audio>\n<p>&nbsp;<\/p>\n<hr \/>\n<p>&nbsp;<\/p>\n<blockquote>\n<h2>SELVESTREL-MICHELETTO AL RALLY DELLE MARCHE<\/h2>\n<p>&nbsp;<\/p><\/blockquote>\n<p>&nbsp;<\/p>\n<p><strong><a href=\"https:\/\/www.radiopiu.net\/wordpress\/selvestrel-micheletto-al-rally-delle-marche\/pp-84\/\" rel=\"attachment wp-att-238002\"><img loading=\"lazy\" decoding=\"async\" class=\"wp-image-238002 alignleft\" src=\"https:\/\/www.radiopiu.net\/wordpress\/wp-content\/uploads\/2021\/10\/pp-4-300x300.jpg\" alt=\"\" width=\"73\" height=\"73\" srcset=\"https:\/\/www.radiopiu.net\/wordpress\/wp-content\/uploads\/2021\/10\/pp-4-300x300.jpg 300w, https:\/\/www.radiopiu.net\/wordpress\/wp-content\/uploads\/2021\/10\/pp-4-150x150.jpg 150w, https:\/\/www.radiopiu.net\/wordpress\/wp-content\/uploads\/2021\/10\/pp-4.jpg 640w\" sizes=\"auto, (max-width: 73px) 100vw, 73px\" \/><\/a><\/strong><\/p>\n<p>&nbsp;<\/p>\n<p><strong>BELLUNO<\/strong><\/p>\n<p><strong>di ROBERTO BONA\u00a0<\/strong><\/p>\n<audio class=\"wp-audio-shortcode\" id=\"audio-237945-19\" preload=\"none\" style=\"width: 100%;\" controls=\"controls\"><source type=\"audio\/mpeg\" src=\"https:\/\/www.radiopiu.net\/wordpress\/wp-content\/uploads\/2021\/10\/ROBERTO-BONA.mp3?_=19\" \/><a href=\"https:\/\/www.radiopiu.net\/wordpress\/wp-content\/uploads\/2021\/10\/ROBERTO-BONA.mp3\">https:\/\/www.radiopiu.net\/wordpress\/wp-content\/uploads\/2021\/10\/ROBERTO-BONA.mp3<\/a><\/audio>\n<p>&nbsp;<\/p>\n\n\t\t\t<style type='text\/css'>\n\t\t\t\t#gallery-8 {\n\t\t\t\t\tmargin: auto;\n\t\t\t\t}\n\t\t\t\t#gallery-8 .gallery-item {\n\t\t\t\t\tfloat: left;\n\t\t\t\t\tmargin-top: 10px;\n\t\t\t\t\ttext-align: center;\n\t\t\t\t\twidth: 25%;\n\t\t\t\t}\n\t\t\t\t#gallery-8 img {\n\t\t\t\t\tborder: 2px solid #cfcfcf;\n\t\t\t\t}\n\t\t\t\t#gallery-8 .gallery-caption {\n\t\t\t\t\tmargin-left: 0;\n\t\t\t\t}\n\t\t\t\t\/* see gallery_shortcode() in wp-includes\/media.php *\/\n\t\t\t<\/style>\n\t\t<div id='gallery-8' class='dt-gallery-container gallery galleryid-237945 gallery-columns-4 gallery-size-medium'><dl class='gallery-item'>\n\t\t\t\t<dt class='gallery-icon landscape'>\n\t\t\t\t\t<a class=\"rollover rollover-zoom dt-pswp-item\" title=\"assi\" data-dt-img-description=\"\" data-large_image_width=\"2000\" data-large_image_height=\"1500\"href='https:\/\/www.radiopiu.net\/wordpress\/wp-content\/uploads\/2021\/10\/assi.jpg'><img loading=\"lazy\" decoding=\"async\" width=\"300\" height=\"225\" src=\"https:\/\/www.radiopiu.net\/wordpress\/wp-content\/uploads\/2021\/10\/assi-300x225.jpg\" class=\"attachment-medium size-medium\" alt=\"\" srcset=\"https:\/\/www.radiopiu.net\/wordpress\/wp-content\/uploads\/2021\/10\/assi-300x225.jpg 300w, https:\/\/www.radiopiu.net\/wordpress\/wp-content\/uploads\/2021\/10\/assi-1024x768.jpg 1024w, https:\/\/www.radiopiu.net\/wordpress\/wp-content\/uploads\/2021\/10\/assi-768x576.jpg 768w, https:\/\/www.radiopiu.net\/wordpress\/wp-content\/uploads\/2021\/10\/assi-1536x1152.jpg 1536w, https:\/\/www.radiopiu.net\/wordpress\/wp-content\/uploads\/2021\/10\/assi.jpg 2000w\" sizes=\"auto, (max-width: 300px) 100vw, 300px\" \/><\/a>\n\t\t\t\t<\/dt><\/dl><dl class='gallery-item'>\n\t\t\t\t<dt class='gallery-icon landscape'>\n\t\t\t\t\t<a class=\"rollover rollover-zoom dt-pswp-item\" title=\"assi2\" data-dt-img-description=\"\" data-large_image_width=\"598\" data-large_image_height=\"317\"href='https:\/\/www.radiopiu.net\/wordpress\/wp-content\/uploads\/2021\/10\/assi2.jpg'><img loading=\"lazy\" decoding=\"async\" width=\"300\" height=\"159\" src=\"https:\/\/www.radiopiu.net\/wordpress\/wp-content\/uploads\/2021\/10\/assi2-300x159.jpg\" class=\"attachment-medium size-medium\" alt=\"\" srcset=\"https:\/\/www.radiopiu.net\/wordpress\/wp-content\/uploads\/2021\/10\/assi2-300x159.jpg 300w, https:\/\/www.radiopiu.net\/wordpress\/wp-content\/uploads\/2021\/10\/assi2.jpg 598w\" sizes=\"auto, (max-width: 300px) 100vw, 300px\" \/><\/a>\n\t\t\t\t<\/dt><\/dl><dl class='gallery-item'>\n\t\t\t\t<dt class='gallery-icon landscape'>\n\t\t\t\t\t<a class=\"rollover rollover-zoom dt-pswp-item\" title=\"assi1\" data-dt-img-description=\"\" data-large_image_width=\"1600\" data-large_image_height=\"1031\"href='https:\/\/www.radiopiu.net\/wordpress\/wp-content\/uploads\/2021\/10\/assi1.jpg'><img loading=\"lazy\" decoding=\"async\" width=\"300\" height=\"193\" src=\"https:\/\/www.radiopiu.net\/wordpress\/wp-content\/uploads\/2021\/10\/assi1-300x193.jpg\" class=\"attachment-medium size-medium\" alt=\"\" srcset=\"https:\/\/www.radiopiu.net\/wordpress\/wp-content\/uploads\/2021\/10\/assi1-300x193.jpg 300w, https:\/\/www.radiopiu.net\/wordpress\/wp-content\/uploads\/2021\/10\/assi1-1024x660.jpg 1024w, https:\/\/www.radiopiu.net\/wordpress\/wp-content\/uploads\/2021\/10\/assi1-768x495.jpg 768w, https:\/\/www.radiopiu.net\/wordpress\/wp-content\/uploads\/2021\/10\/assi1-1536x990.jpg 1536w, https:\/\/www.radiopiu.net\/wordpress\/wp-content\/uploads\/2021\/10\/assi1.jpg 1600w\" sizes=\"auto, (max-width: 300px) 100vw, 300px\" \/><\/a>\n\t\t\t\t<\/dt><\/dl><dl class='gallery-item'>\n\t\t\t\t<dt class='gallery-icon landscape'>\n\t\t\t\t\t<a class=\"rollover rollover-zoom dt-pswp-item\" title=\"Selvestrel-Micheletto\" data-dt-img-description=\"\" data-large_image_width=\"1600\" data-large_image_height=\"1024\"href='https:\/\/www.radiopiu.net\/wordpress\/wp-content\/uploads\/2021\/10\/Selvestrel-Micheletto.jpg'><img loading=\"lazy\" decoding=\"async\" width=\"300\" height=\"192\" src=\"https:\/\/www.radiopiu.net\/wordpress\/wp-content\/uploads\/2021\/10\/Selvestrel-Micheletto-300x192.jpg\" class=\"attachment-medium size-medium\" alt=\"\" srcset=\"https:\/\/www.radiopiu.net\/wordpress\/wp-content\/uploads\/2021\/10\/Selvestrel-Micheletto-300x192.jpg 300w, https:\/\/www.radiopiu.net\/wordpress\/wp-content\/uploads\/2021\/10\/Selvestrel-Micheletto-1024x655.jpg 1024w, https:\/\/www.radiopiu.net\/wordpress\/wp-content\/uploads\/2021\/10\/Selvestrel-Micheletto-768x492.jpg 768w, https:\/\/www.radiopiu.net\/wordpress\/wp-content\/uploads\/2021\/10\/Selvestrel-Micheletto-1536x983.jpg 1536w, https:\/\/www.radiopiu.net\/wordpress\/wp-content\/uploads\/2021\/10\/Selvestrel-Micheletto.jpg 1600w\" sizes=\"auto, (max-width: 300px) 100vw, 300px\" \/><\/a>\n\t\t\t\t<\/dt><\/dl><br style=\"clear: both\" \/>\n\t\t\t<\/div>\n\n<p>&nbsp;<\/p>\n<\/div>\n<\/div>\n<\/div>\n","protected":false},"excerpt":{"rendered":"<p>&nbsp; INFORMAZIONE il canale su TELEGRAM informazione di prima mano e in tempo reale. iscriviti ed aiutaci a farlo conoscere\u00a0 \u00a0\u00a0 &nbsp; &nbsp; RITROVATO SENZA VITA ESCURSIONISTA NON RIENTRATO DALLA FERRATA DIBONA \u00a0CORTINA\u00a0\u00a0\u00c8 stato purtroppo ritrovato senza vita R.A.G., il trentunenne tedesco non rientrato ieri dalla Ferrata Dibona. La squadra salita a piedi questa mattina,&hellip;<\/p>\n","protected":false},"author":4,"featured_media":238158,"comment_status":"closed","ping_status":"open","sticky":false,"template":"","format":"standard","meta":{"_monsterinsights_skip_tracking":false,"_monsterinsights_sitenote_active":false,"_monsterinsights_sitenote_note":"","_monsterinsights_sitenote_category":0,"footnotes":""},"categories":[104,86,49],"tags":[],"class_list":["post-237945","post","type-post","status-publish","format-standard","has-post-thumbnail","hentry","category-evidenza_3","category-gr","category-news-18","category-104","category-86","category-49","description-off"],"img_url":"https:\/\/www.radiopiu.net\/wordpress\/wp-content\/uploads\/2021\/10\/1-1.jpg","_links":{"self":[{"href":"https:\/\/www.radiopiu.net\/wordpress\/wp-json\/wp\/v2\/posts\/237945","targetHints":{"allow":["GET"]}}],"collection":[{"href":"https:\/\/www.radiopiu.net\/wordpress\/wp-json\/wp\/v2\/posts"}],"about":[{"href":"https:\/\/www.radiopiu.net\/wordpress\/wp-json\/wp\/v2\/types\/post"}],"author":[{"embeddable":true,"href":"https:\/\/www.radiopiu.net\/wordpress\/wp-json\/wp\/v2\/users\/4"}],"replies":[{"embeddable":true,"href":"https:\/\/www.radiopiu.net\/wordpress\/wp-json\/wp\/v2\/comments?post=237945"}],"version-history":[{"count":0,"href":"https:\/\/www.radiopiu.net\/wordpress\/wp-json\/wp\/v2\/posts\/237945\/revisions"}],"wp:featuredmedia":[{"embeddable":true,"href":"https:\/\/www.radiopiu.net\/wordpress\/wp-json\/wp\/v2\/media\/238158"}],"wp:attachment":[{"href":"https:\/\/www.radiopiu.net\/wordpress\/wp-json\/wp\/v2\/media?parent=237945"}],"wp:term":[{"taxonomy":"category","embeddable":true,"href":"https:\/\/www.radiopiu.net\/wordpress\/wp-json\/wp\/v2\/categories?post=237945"},{"taxonomy":"post_tag","embeddable":true,"href":"https:\/\/www.radiopiu.net\/wordpress\/wp-json\/wp\/v2\/tags?post=237945"}],"curies":[{"name":"wp","href":"https:\/\/api.w.org\/{rel}","templated":true}]}}