{"id":237948,"date":"2021-10-20T05:10:25","date_gmt":"2021-10-20T03:10:25","guid":{"rendered":"https:\/\/www.radiopiu.net\/wordpress\/?p=237948"},"modified":"2021-10-20T05:10:25","modified_gmt":"2021-10-20T03:10:25","slug":"approvata-la-legge-di-tutela-delle-minoranze-linguistiche","status":"publish","type":"post","link":"https:\/\/www.radiopiu.net\/wordpress\/approvata-la-legge-di-tutela-delle-minoranze-linguistiche\/","title":{"rendered":"APPROVATA LA LEGGE DI TUTELA DELLE MINORANZE LINGUISTICHE"},"content":{"rendered":"<div class=\"col-lg-12\">\n<div>\n<div>\n<p><b><img loading=\"lazy\" decoding=\"async\" class=\"alignleft\" src=\"https:\/\/www.radiopiu.net\/wordpress\/wp-content\/uploads\/2021\/10\/consiglieri019-scaled.jpg\" width=\"136\" height=\"198\" \/>VENEZIA\u00a0 <\/b>Il Consiglio regionale del Veneto ha approvato il progetto di legge del consigliere Silvia Cestaro per la tutela delle minoranze linguistiche cimbra, ladina e friulana.\u00a0 Per la provincia di Belluno \u00e8 un importante passo in avanti, perch\u00e9 si vede riconosciuta la possibilit\u00e0 di gestire, in accordo con la Federazione Ladina, i contributi che la Regione assegner\u00e0. Sar\u00e0 quindi Palazzo Piloni a coordinare tutte le iniziative finalizzate a valorizzare il patrimonio culturale ladino. Inoltre l\u2019ente, nel 2021, potr\u00e0 contare anche su un finanziamento speciale di 50 mila euro erogato da Venezia per l\u2019acquisizione del patrimonio bibliografico &#8211; culturale dell\u2019Istituto Ladin de la Dolomities di Borca di Cadore.<\/p>\n<p><strong>IL CONSIGLIERE REGIONALE SILVIA CESTARO<\/strong><\/p>\n<audio class=\"wp-audio-shortcode\" id=\"audio-237948-1\" preload=\"none\" style=\"width: 100%;\" controls=\"controls\"><source type=\"audio\/mpeg\" src=\"https:\/\/www.radiopiu.net\/wordpress\/wp-content\/uploads\/2021\/10\/CESTARO-1.mp3?_=1\" \/><a href=\"https:\/\/www.radiopiu.net\/wordpress\/wp-content\/uploads\/2021\/10\/CESTARO-1.mp3\">https:\/\/www.radiopiu.net\/wordpress\/wp-content\/uploads\/2021\/10\/CESTARO-1.mp3<\/a><\/audio>\n<p>&nbsp;<\/p>\n<\/div>\n<\/div>\n<\/div>\n","protected":false},"excerpt":{"rendered":"<p>VENEZIA\u00a0 Il Consiglio regionale del Veneto ha approvato il progetto di legge del consigliere Silvia Cestaro per la tutela delle minoranze linguistiche cimbra, ladina e friulana.\u00a0 Per la provincia di Belluno \u00e8 un importante passo in avanti, perch\u00e9 si vede riconosciuta la possibilit\u00e0 di gestire, in accordo con la Federazione Ladina, i contributi che la&hellip;<\/p>\n","protected":false},"author":4,"featured_media":214182,"comment_status":"closed","ping_status":"open","sticky":false,"template":"","format":"standard","meta":{"_monsterinsights_skip_tracking":false,"_monsterinsights_sitenote_active":false,"_monsterinsights_sitenote_note":"","_monsterinsights_sitenote_category":0,"footnotes":""},"categories":[51,49],"tags":[],"class_list":["post-237948","post","type-post","status-publish","format-standard","has-post-thumbnail","hentry","category-evidenza-top","category-news-18","category-51","category-49","description-off"],"img_url":"https:\/\/www.radiopiu.net\/wordpress\/wp-content\/uploads\/2021\/06\/Cestaro.jpeg","_links":{"self":[{"href":"https:\/\/www.radiopiu.net\/wordpress\/wp-json\/wp\/v2\/posts\/237948","targetHints":{"allow":["GET"]}}],"collection":[{"href":"https:\/\/www.radiopiu.net\/wordpress\/wp-json\/wp\/v2\/posts"}],"about":[{"href":"https:\/\/www.radiopiu.net\/wordpress\/wp-json\/wp\/v2\/types\/post"}],"author":[{"embeddable":true,"href":"https:\/\/www.radiopiu.net\/wordpress\/wp-json\/wp\/v2\/users\/4"}],"replies":[{"embeddable":true,"href":"https:\/\/www.radiopiu.net\/wordpress\/wp-json\/wp\/v2\/comments?post=237948"}],"version-history":[{"count":0,"href":"https:\/\/www.radiopiu.net\/wordpress\/wp-json\/wp\/v2\/posts\/237948\/revisions"}],"wp:featuredmedia":[{"embeddable":true,"href":"https:\/\/www.radiopiu.net\/wordpress\/wp-json\/wp\/v2\/media\/214182"}],"wp:attachment":[{"href":"https:\/\/www.radiopiu.net\/wordpress\/wp-json\/wp\/v2\/media?parent=237948"}],"wp:term":[{"taxonomy":"category","embeddable":true,"href":"https:\/\/www.radiopiu.net\/wordpress\/wp-json\/wp\/v2\/categories?post=237948"},{"taxonomy":"post_tag","embeddable":true,"href":"https:\/\/www.radiopiu.net\/wordpress\/wp-json\/wp\/v2\/tags?post=237948"}],"curies":[{"name":"wp","href":"https:\/\/api.w.org\/{rel}","templated":true}]}}