{"id":238055,"date":"2021-10-20T15:24:03","date_gmt":"2021-10-20T13:24:03","guid":{"rendered":"https:\/\/www.radiopiu.net\/wordpress\/?p=238055"},"modified":"2021-10-20T15:55:21","modified_gmt":"2021-10-20T13:55:21","slug":"la-risposta-al-presidente-della","status":"publish","type":"post","link":"https:\/\/www.radiopiu.net\/wordpress\/la-risposta-al-presidente-della\/","title":{"rendered":"LA RISPOSTA AL PRESIDENTE DELLA CAMERA DI COMMERCIO"},"content":{"rendered":"<p><strong>BELLUNO\u00a0\u00a0<\/strong><\/p>\n<p><strong>di FABIO SCOPEL_FAISA CISAL (DOLOMITIBUS)<\/strong><\/p>\n<p><strong>\u00a0<\/strong><\/p>\n<blockquote><p><strong><a href=\"https:\/\/www.radiopiu.net\/wordpress\/giornale-radiopiu-18-ottobre-2021-direttore-mirko-mezzacasa\/9396bbfc-2818-4225-b55d-9a56c39206f1\/\" rel=\"attachment wp-att-237486\"><img loading=\"lazy\" decoding=\"async\" class=\"size-medium wp-image-237486 alignleft\" src=\"https:\/\/www.radiopiu.net\/wordpress\/wp-content\/uploads\/2021\/10\/9396bbfc-2818-4225-b55d-9a56c39206f1-300x169.jpg\" alt=\"\" width=\"300\" height=\"169\" srcset=\"https:\/\/www.radiopiu.net\/wordpress\/wp-content\/uploads\/2021\/10\/9396bbfc-2818-4225-b55d-9a56c39206f1-300x169.jpg 300w, https:\/\/www.radiopiu.net\/wordpress\/wp-content\/uploads\/2021\/10\/9396bbfc-2818-4225-b55d-9a56c39206f1-1024x576.jpg 1024w, https:\/\/www.radiopiu.net\/wordpress\/wp-content\/uploads\/2021\/10\/9396bbfc-2818-4225-b55d-9a56c39206f1-768x432.jpg 768w, https:\/\/www.radiopiu.net\/wordpress\/wp-content\/uploads\/2021\/10\/9396bbfc-2818-4225-b55d-9a56c39206f1-1536x864.jpg 1536w, https:\/\/www.radiopiu.net\/wordpress\/wp-content\/uploads\/2021\/10\/9396bbfc-2818-4225-b55d-9a56c39206f1.jpg 1599w\" sizes=\"auto, (max-width: 300px) 100vw, 300px\" \/><\/a>BELLUNO\u00a0<\/strong> Leggiamo esterrefatti le dure dichiarazioni del Presidente della Camera di Commercio di Treviso \/Belluno. Riteniamo completamente fuori luogo nonch\u00e9 strumentali i suoi giudizi nei confronti dei colleghi della Dolomitibus che, sulla base di una legge che glielo consente, hanno deciso di non fare n\u00e9 vaccini n\u00e9 tamponi. Come gi\u00e0 detto in precedenza bisogna che tutti abbassino i toni! Crediamo forse che i No Green Pass, se aggrediti, cambino opinione? Non \u00e8 forse pi\u00f9 proficuo tenere un profilo basso? Se qualcuno ritiene vi sia in essere un illecito pu\u00f2 tranquillamente fare egli stesso un esposto in Procura. E se non piacciono le conseguenze di una legge, bisogna chiedere che questa venga <a href=\"https:\/\/www.radiopiu.net\/wordpress\/la-risposta-al-presidente-della\/pp-86\/\" rel=\"attachment wp-att-238077\"><img loading=\"lazy\" decoding=\"async\" class=\" wp-image-238077 alignright\" src=\"https:\/\/www.radiopiu.net\/wordpress\/wp-content\/uploads\/2021\/10\/pp-6-300x300.jpg\" alt=\"\" width=\"134\" height=\"134\" srcset=\"https:\/\/www.radiopiu.net\/wordpress\/wp-content\/uploads\/2021\/10\/pp-6-300x300.jpg 300w, https:\/\/www.radiopiu.net\/wordpress\/wp-content\/uploads\/2021\/10\/pp-6-150x150.jpg 150w, https:\/\/www.radiopiu.net\/wordpress\/wp-content\/uploads\/2021\/10\/pp-6.jpg 640w\" sizes=\"auto, (max-width: 134px) 100vw, 134px\" \/><\/a>cambiata. Inoltre, non si pu\u00f2 generalizzare mettendo in cattiva luce i dipendenti Dolomitibus, perch\u00e9 il 90% di questi \u00e8 vaccinato e si sta sobbarcando parte del servizio non coperto dai No Green Pass, appesantendo ulteriormente una condizione lavorativa gi\u00e0 al limite, dovuta a turni eccessivamente lunghi! Perch\u00e9 poi questi colleghi non potrebbero attenersi a quanto previsto dalla legge mentre le forze dell&#8217;Ordine (che \u00e8 lo Stato) e tutti gli altri lavoratori, dipendenti o Partite IVA (conosco chi ha chiuso il proprio negozio dal 15 ottobre) lo possono fare? \u00c8 perch\u00e9 adesso, dalle dichiarazioni dei pi\u00f9, si evince che il TPL sia la soluzione di tutti i mali? Dove erano tutti questi personaggi quando chiedevamo condizioni lavorative ed economiche migliori? Ora sembra che senza gli autisti di Dolomitibus la provincia sia morta! Ma quando si segnalava il continuo esodo dei colleghi, che preferiscono cambiar mestiere anzich\u00e9 lavorare sottopagati, con la conseguenza che ormai gli autisti in forza non riescono pi\u00f9 a coprire il normale servizio, perch\u00e9 nessuno ha preso posizione in nostro aiuto? \u00c8 evidente come taluni lavoratori, esasperati dalla situazione lavorativa infelice, non si siano sentiti in obbligo di forzare le loro posizioni. Va segnalato peraltro come questa situazione sia comune in tutta Italia, proprio perch\u00e9 \u00e8 il settore del T.P.L che necessita di seri investimenti a livello nazionale, dopo anni di tagli che hanno impoverito le aziende, e contestualmente i loro lavoratori. Diversamente, anche quando saremo usciti da questa emergenza, il servizio non sar\u00e0 comunque possibile garantirlo. Infatti in alcune province gi\u00e0 da prima del 15 ottobre le corse saltavano per mancanza di autisti, e anche in Dolomitibus la situazione era al limite.Perch\u00e9 non \u00e8 vero, come si asserisce, che basta licenziare gli autisti no vax e assumerne altri&#8230;nessuno vuole pi\u00f9 fare questo mestiere, e anche chi lo fa da tanti anni si licenzia per andare a lavorare in fabbrica o a fare l&#8217;autotrasportatore.<\/p><\/blockquote>\n","protected":false},"excerpt":{"rendered":"<p>BELLUNO\u00a0\u00a0 di FABIO SCOPEL_FAISA CISAL (DOLOMITIBUS) \u00a0 BELLUNO\u00a0 Leggiamo esterrefatti le dure dichiarazioni del Presidente della Camera di Commercio di Treviso \/Belluno. Riteniamo completamente fuori luogo nonch\u00e9 strumentali i suoi giudizi nei confronti dei colleghi della Dolomitibus che, sulla base di una legge che glielo consente, hanno deciso di non fare n\u00e9 vaccini n\u00e9 tamponi.&hellip;<\/p>\n","protected":false},"author":4,"featured_media":145520,"comment_status":"closed","ping_status":"open","sticky":false,"template":"","format":"standard","meta":{"_monsterinsights_skip_tracking":false,"_monsterinsights_sitenote_active":false,"_monsterinsights_sitenote_note":"","_monsterinsights_sitenote_category":0,"footnotes":""},"categories":[51,49],"tags":[],"class_list":["post-238055","post","type-post","status-publish","format-standard","has-post-thumbnail","hentry","category-evidenza-top","category-news-18","category-51","category-49","description-off"],"img_url":"https:\/\/www.radiopiu.net\/wordpress\/wp-content\/uploads\/2020\/06\/80c303ed-9a2e-49f0-8b20-3dd5e061bbf3.jpg","_links":{"self":[{"href":"https:\/\/www.radiopiu.net\/wordpress\/wp-json\/wp\/v2\/posts\/238055","targetHints":{"allow":["GET"]}}],"collection":[{"href":"https:\/\/www.radiopiu.net\/wordpress\/wp-json\/wp\/v2\/posts"}],"about":[{"href":"https:\/\/www.radiopiu.net\/wordpress\/wp-json\/wp\/v2\/types\/post"}],"author":[{"embeddable":true,"href":"https:\/\/www.radiopiu.net\/wordpress\/wp-json\/wp\/v2\/users\/4"}],"replies":[{"embeddable":true,"href":"https:\/\/www.radiopiu.net\/wordpress\/wp-json\/wp\/v2\/comments?post=238055"}],"version-history":[{"count":0,"href":"https:\/\/www.radiopiu.net\/wordpress\/wp-json\/wp\/v2\/posts\/238055\/revisions"}],"wp:featuredmedia":[{"embeddable":true,"href":"https:\/\/www.radiopiu.net\/wordpress\/wp-json\/wp\/v2\/media\/145520"}],"wp:attachment":[{"href":"https:\/\/www.radiopiu.net\/wordpress\/wp-json\/wp\/v2\/media?parent=238055"}],"wp:term":[{"taxonomy":"category","embeddable":true,"href":"https:\/\/www.radiopiu.net\/wordpress\/wp-json\/wp\/v2\/categories?post=238055"},{"taxonomy":"post_tag","embeddable":true,"href":"https:\/\/www.radiopiu.net\/wordpress\/wp-json\/wp\/v2\/tags?post=238055"}],"curies":[{"name":"wp","href":"https:\/\/api.w.org\/{rel}","templated":true}]}}