{"id":238069,"date":"2021-10-20T15:43:38","date_gmt":"2021-10-20T13:43:38","guid":{"rendered":"https:\/\/www.radiopiu.net\/wordpress\/?p=238069"},"modified":"2021-10-21T06:00:32","modified_gmt":"2021-10-21T04:00:32","slug":"superate-le-3-000-firme-della-petizione-contro-la-chiusura-della-psichiatria-di-feltre","status":"publish","type":"post","link":"https:\/\/www.radiopiu.net\/wordpress\/superate-le-3-000-firme-della-petizione-contro-la-chiusura-della-psichiatria-di-feltre\/","title":{"rendered":"SUPERATE LE 3.000 FIRME DELLA PETIZIONE CONTRO LA CHIUSURA DELLA PSICHIATRIA DI FELTRE"},"content":{"rendered":"<p><strong><a href=\"https:\/\/www.radiopiu.net\/wordpress\/sostegno-psicologico-covid-423-interventi-in-220-giorni\/psicologo-3\/\" rel=\"attachment wp-att-165569\"><img loading=\"lazy\" decoding=\"async\" class=\"size-medium wp-image-165569 alignleft\" src=\"https:\/\/www.radiopiu.net\/wordpress\/wp-content\/uploads\/2020\/10\/PSICOLOGO-300x192.jpg\" alt=\"\" width=\"300\" height=\"192\" srcset=\"https:\/\/www.radiopiu.net\/wordpress\/wp-content\/uploads\/2020\/10\/PSICOLOGO-300x192.jpg 300w, https:\/\/www.radiopiu.net\/wordpress\/wp-content\/uploads\/2020\/10\/PSICOLOGO-1024x655.jpg 1024w, https:\/\/www.radiopiu.net\/wordpress\/wp-content\/uploads\/2020\/10\/PSICOLOGO-768x492.jpg 768w, https:\/\/www.radiopiu.net\/wordpress\/wp-content\/uploads\/2020\/10\/PSICOLOGO-1536x983.jpg 1536w, https:\/\/www.radiopiu.net\/wordpress\/wp-content\/uploads\/2020\/10\/PSICOLOGO.jpg 1920w\" sizes=\"auto, (max-width: 300px) 100vw, 300px\" \/><\/a>FELTRE <\/strong>Il 10 ottobre alle ore 18.00 presso la Sala Parrocchiale San Felice, in piazza Tian Merlin a Trichiana, il comitato feltrino per il diritto alla salute ha organizzato un&#8217;assemblea per la costituzione di un coordinamento provinciale per la difesa dei servizi socio sanitari del territorio. Molti i cittadini presenti, provenienti da diverse parti della Provincia, tra quali anche i rappresentanti delle associazioni Tutti in Campo di Feltre (Salute Mentale), AITSaM di Belluno (Salute Mentale), AMA Dolimiti di Sedico (Promozioni gruppi auto mutuo aiuto), Margherita Fenice di Belluno (Disturbi comportamento alimentare) e ADOS di Feltre (prevenzione tumori al seno) e della CGIL.\u00a0 Il Gruppo Caratteri Atipi ha introdotto l\u2019assemblea con alcune letture ispirate alla giornata Mondiale della Salute Mentale; successivamente il comitato ha lanciato un appello alle associazioni per costruire insieme un percorso territoriale per la difesa del Diritto alla Salute e della Sanit\u00e0 Pubblica e ha invitato i presenti a collaborare con il comitato per diffondere la petizione di sensibilizzazione \u201cNo alla chiusura di Psichiatria a Feltre\u201d. La petizione \u201cNo alla chiusura di psichiatria a Feltre\u201d del comitato feltrino per il diritto alla salute ha raccolto pi\u00f9 di 2.000 firme on line e pi\u00f9 di 1.000 firme cartacee. Il comitato organizza un banco di raccolta firme gioved\u00ec 21 ottobre dalle ore 19:15 davanti al \u201cCinema Italia\u201d di Belluno, in occasione della presentazione del film \u201cWelcome Venice\u201d con il regista Andrea Segre.<\/p>\n<p>&nbsp;<\/p>\n<p>&nbsp;<\/p>\n<p>*****<\/p>\n","protected":false},"excerpt":{"rendered":"<p>FELTRE Il 10 ottobre alle ore 18.00 presso la Sala Parrocchiale San Felice, in piazza Tian Merlin a Trichiana, il comitato feltrino per il diritto alla salute ha organizzato un&#8217;assemblea per la costituzione di un coordinamento provinciale per la difesa dei servizi socio sanitari del territorio. Molti i cittadini presenti, provenienti da diverse parti della&hellip;<\/p>\n","protected":false},"author":4,"featured_media":165569,"comment_status":"closed","ping_status":"open","sticky":false,"template":"","format":"standard","meta":{"_monsterinsights_skip_tracking":false,"_monsterinsights_sitenote_active":false,"_monsterinsights_sitenote_note":"","_monsterinsights_sitenote_category":0,"footnotes":""},"categories":[51,49],"tags":[],"class_list":["post-238069","post","type-post","status-publish","format-standard","has-post-thumbnail","hentry","category-evidenza-top","category-news-18","category-51","category-49","description-off"],"img_url":"https:\/\/www.radiopiu.net\/wordpress\/wp-content\/uploads\/2020\/10\/PSICOLOGO.jpg","_links":{"self":[{"href":"https:\/\/www.radiopiu.net\/wordpress\/wp-json\/wp\/v2\/posts\/238069","targetHints":{"allow":["GET"]}}],"collection":[{"href":"https:\/\/www.radiopiu.net\/wordpress\/wp-json\/wp\/v2\/posts"}],"about":[{"href":"https:\/\/www.radiopiu.net\/wordpress\/wp-json\/wp\/v2\/types\/post"}],"author":[{"embeddable":true,"href":"https:\/\/www.radiopiu.net\/wordpress\/wp-json\/wp\/v2\/users\/4"}],"replies":[{"embeddable":true,"href":"https:\/\/www.radiopiu.net\/wordpress\/wp-json\/wp\/v2\/comments?post=238069"}],"version-history":[{"count":0,"href":"https:\/\/www.radiopiu.net\/wordpress\/wp-json\/wp\/v2\/posts\/238069\/revisions"}],"wp:featuredmedia":[{"embeddable":true,"href":"https:\/\/www.radiopiu.net\/wordpress\/wp-json\/wp\/v2\/media\/165569"}],"wp:attachment":[{"href":"https:\/\/www.radiopiu.net\/wordpress\/wp-json\/wp\/v2\/media?parent=238069"}],"wp:term":[{"taxonomy":"category","embeddable":true,"href":"https:\/\/www.radiopiu.net\/wordpress\/wp-json\/wp\/v2\/categories?post=238069"},{"taxonomy":"post_tag","embeddable":true,"href":"https:\/\/www.radiopiu.net\/wordpress\/wp-json\/wp\/v2\/tags?post=238069"}],"curies":[{"name":"wp","href":"https:\/\/api.w.org\/{rel}","templated":true}]}}