{"id":238155,"date":"2021-10-22T05:28:01","date_gmt":"2021-10-22T03:28:01","guid":{"rendered":"https:\/\/www.radiopiu.net\/wordpress\/?p=238155"},"modified":"2021-10-22T10:32:15","modified_gmt":"2021-10-22T08:32:15","slug":"giornale-radiopiu-22-ottobre-2021-direttore-mirko-mezzacasa","status":"publish","type":"post","link":"https:\/\/www.radiopiu.net\/wordpress\/giornale-radiopiu-22-ottobre-2021-direttore-mirko-mezzacasa\/","title":{"rendered":"GIORNALE RADIOPIU 22 OTTOBRE 2021 DIRETTORE MIRKO MEZZACASA"},"content":{"rendered":"<p>&nbsp;<\/p>\n<h3 class=\"kvgmc6g5 cxmmr5t8 oygrvhab hcukyx3x c1et5uql\"><span style=\"color: #0000ff;\">INFORMAZIONE il canale su TELEGRAM informazione di prima mano e in tempo reale. iscriviti ed aiutaci a farlo conoscere\u00a0 \u00a0<\/span><\/h3>\n<p>&nbsp;<\/p>\n<hr \/>\n<p>&nbsp;<\/p>\n<p><span style=\"color: #ff0000;\">ULTIM&#8217;ORA 5.30<\/span><\/p>\n<p><strong>IN FRIULI LA TERRA CONTINUA A TREMARE\u00a0<\/strong><br \/>\n<strong>Dopo le scosse di terremoto di ieri a Tolmezzo stamane alle 5.17 la replica 3,2 di magnitudo, profondit\u00e0 11.2 chilometri. La scossa registrata anche dal sismografo di Agordo<\/strong><\/p>\n\n\t\t\t<style type='text\/css'>\n\t\t\t\t#gallery-1 {\n\t\t\t\t\tmargin: auto;\n\t\t\t\t}\n\t\t\t\t#gallery-1 .gallery-item {\n\t\t\t\t\tfloat: left;\n\t\t\t\t\tmargin-top: 10px;\n\t\t\t\t\ttext-align: center;\n\t\t\t\t\twidth: 33%;\n\t\t\t\t}\n\t\t\t\t#gallery-1 img {\n\t\t\t\t\tborder: 2px solid #cfcfcf;\n\t\t\t\t}\n\t\t\t\t#gallery-1 .gallery-caption {\n\t\t\t\t\tmargin-left: 0;\n\t\t\t\t}\n\t\t\t\t\/* see gallery_shortcode() in wp-includes\/media.php *\/\n\t\t\t<\/style>\n\t\t<div id='gallery-1' class='dt-gallery-container gallery galleryid-238155 gallery-columns-3 gallery-size-thumbnail'><dl class='gallery-item'>\n\t\t\t\t<dt class='gallery-icon portrait'>\n\t\t\t\t\t<a class=\"rollover rollover-zoom dt-pswp-item\" title=\"3df23331-f137-490e-9389-d1e8b86029a7\" data-dt-img-description=\"\" data-large_image_width=\"1080\" data-large_image_height=\"1751\"href='https:\/\/www.radiopiu.net\/wordpress\/wp-content\/uploads\/2021\/10\/3df23331-f137-490e-9389-d1e8b86029a7.jpg'><img loading=\"lazy\" decoding=\"async\" width=\"150\" height=\"150\" src=\"https:\/\/www.radiopiu.net\/wordpress\/wp-content\/uploads\/2021\/10\/3df23331-f137-490e-9389-d1e8b86029a7-150x150.jpg\" class=\"attachment-thumbnail size-thumbnail\" alt=\"\" \/><\/a>\n\t\t\t\t<\/dt><\/dl><dl class='gallery-item'>\n\t\t\t\t<dt class='gallery-icon portrait'>\n\t\t\t\t\t<a class=\"rollover rollover-zoom dt-pswp-item\" title=\"5ab91e26-812d-4898-8c44-252717c6265e\" data-dt-img-description=\"\" data-large_image_width=\"955\" data-large_image_height=\"2048\"href='https:\/\/www.radiopiu.net\/wordpress\/wp-content\/uploads\/2021\/10\/5ab91e26-812d-4898-8c44-252717c6265e.jpg'><img loading=\"lazy\" decoding=\"async\" width=\"150\" height=\"150\" src=\"https:\/\/www.radiopiu.net\/wordpress\/wp-content\/uploads\/2021\/10\/5ab91e26-812d-4898-8c44-252717c6265e-150x150.jpg\" class=\"attachment-thumbnail size-thumbnail\" alt=\"\" \/><\/a>\n\t\t\t\t<\/dt><\/dl><dl class='gallery-item'>\n\t\t\t\t<dt class='gallery-icon landscape'>\n\t\t\t\t\t<a class=\"rollover rollover-zoom dt-pswp-item\" title=\"AGOR.HHZ\" data-dt-img-description=\"\" data-large_image_width=\"792\" data-large_image_height=\"612\"href='https:\/\/www.radiopiu.net\/wordpress\/wp-content\/uploads\/2021\/10\/AGOR.HHZ_-2.gif'><img loading=\"lazy\" decoding=\"async\" width=\"150\" height=\"150\" src=\"https:\/\/www.radiopiu.net\/wordpress\/wp-content\/uploads\/2021\/10\/AGOR.HHZ_-2-150x150.gif\" class=\"attachment-thumbnail size-thumbnail\" alt=\"\" \/><\/a>\n\t\t\t\t<\/dt><\/dl><br style=\"clear: both\" \/>\n\t\t\t<\/div>\n\n<p>&nbsp;<\/p>\n<p>&nbsp;<\/p>\n<p>&nbsp;<\/p>\n<p>&nbsp;<\/p>\n<blockquote>\n<h3>UNO DEI SOGNI DI RICCARDO TEGNER SI E&#8217; AVVERATO<\/h3>\n<\/blockquote>\n<p><strong>SOSPIROLO<\/strong> Uno dei sogni di Riccardo Tegner, il ragazzo di Sospirolo affetto dalla distrofia muscolare di Duchenne, si \u00e8 avverato. Negli ultimi giorni Riccardo \u00e8 andato a Perugia per vedere da vicino un circuito di motard assieme al gruppo Diversamente Disabili Onlus. Una bella esperienza per Riccardo che \u00e8 potuto salire anche su una moto. Intanto continua la raccolta fondi per acquistare u&#8217;auto ai genitori di Riccardo per poterlo accompagnare in giro. Fino ad ora sono stati raccolti 29.600 euro dei 35.000 che servono per finalizzare l&#8217;acquisto.<\/p>\n<h3><em><strong>CHI VOLESSE FARE UNA DONAZIONE DIRETTAMENTE ALLA FAMIGLIA DI RICCARDO LO PUO\u2019 FARE SU QUESTO IBAN INTESTATO ALLA MAMMA ANA MARIA STOIAN:\u00a0<\/strong><strong>IT40N0760111900000003558144<\/strong><\/em><\/h3>\n\n\t\t\t<style type='text\/css'>\n\t\t\t\t#gallery-2 {\n\t\t\t\t\tmargin: auto;\n\t\t\t\t}\n\t\t\t\t#gallery-2 .gallery-item {\n\t\t\t\t\tfloat: left;\n\t\t\t\t\tmargin-top: 10px;\n\t\t\t\t\ttext-align: center;\n\t\t\t\t\twidth: 33%;\n\t\t\t\t}\n\t\t\t\t#gallery-2 img {\n\t\t\t\t\tborder: 2px solid #cfcfcf;\n\t\t\t\t}\n\t\t\t\t#gallery-2 .gallery-caption {\n\t\t\t\t\tmargin-left: 0;\n\t\t\t\t}\n\t\t\t\t\/* see gallery_shortcode() in wp-includes\/media.php *\/\n\t\t\t<\/style>\n\t\t<div id='gallery-2' class='dt-gallery-container gallery galleryid-238155 gallery-columns-3 gallery-size-medium'><dl class='gallery-item'>\n\t\t\t\t<dt class='gallery-icon portrait'>\n\t\t\t\t\t<a class=\"rollover rollover-zoom dt-pswp-item\" title=\"1d833bb9-f8eb-4884-81a3-c11a7046bae5\" data-dt-img-description=\"\" data-large_image_width=\"600\" data-large_image_height=\"800\"href='https:\/\/www.radiopiu.net\/wordpress\/wp-content\/uploads\/2021\/10\/1d833bb9-f8eb-4884-81a3-c11a7046bae5.jpg'><img loading=\"lazy\" decoding=\"async\" width=\"225\" height=\"300\" src=\"https:\/\/www.radiopiu.net\/wordpress\/wp-content\/uploads\/2021\/10\/1d833bb9-f8eb-4884-81a3-c11a7046bae5-225x300.jpg\" class=\"attachment-medium size-medium\" alt=\"\" srcset=\"https:\/\/www.radiopiu.net\/wordpress\/wp-content\/uploads\/2021\/10\/1d833bb9-f8eb-4884-81a3-c11a7046bae5-225x300.jpg 225w, https:\/\/www.radiopiu.net\/wordpress\/wp-content\/uploads\/2021\/10\/1d833bb9-f8eb-4884-81a3-c11a7046bae5.jpg 600w\" sizes=\"auto, (max-width: 225px) 100vw, 225px\" \/><\/a>\n\t\t\t\t<\/dt><\/dl><dl class='gallery-item'>\n\t\t\t\t<dt class='gallery-icon landscape'>\n\t\t\t\t\t<a class=\"rollover rollover-zoom dt-pswp-item\" title=\"47aded31-d3e8-4736-bbf0-8cf88f8fe6ee\" data-dt-img-description=\"\" data-large_image_width=\"800\" data-large_image_height=\"674\"href='https:\/\/www.radiopiu.net\/wordpress\/wp-content\/uploads\/2021\/10\/47aded31-d3e8-4736-bbf0-8cf88f8fe6ee.jpg'><img loading=\"lazy\" decoding=\"async\" width=\"300\" height=\"253\" src=\"https:\/\/www.radiopiu.net\/wordpress\/wp-content\/uploads\/2021\/10\/47aded31-d3e8-4736-bbf0-8cf88f8fe6ee-300x253.jpg\" class=\"attachment-medium size-medium\" alt=\"\" srcset=\"https:\/\/www.radiopiu.net\/wordpress\/wp-content\/uploads\/2021\/10\/47aded31-d3e8-4736-bbf0-8cf88f8fe6ee-300x253.jpg 300w, https:\/\/www.radiopiu.net\/wordpress\/wp-content\/uploads\/2021\/10\/47aded31-d3e8-4736-bbf0-8cf88f8fe6ee-768x647.jpg 768w, https:\/\/www.radiopiu.net\/wordpress\/wp-content\/uploads\/2021\/10\/47aded31-d3e8-4736-bbf0-8cf88f8fe6ee.jpg 800w\" sizes=\"auto, (max-width: 300px) 100vw, 300px\" \/><\/a>\n\t\t\t\t<\/dt><\/dl><dl class='gallery-item'>\n\t\t\t\t<dt class='gallery-icon landscape'>\n\t\t\t\t\t<a class=\"rollover rollover-zoom dt-pswp-item\" title=\"Schermata 2021-10-21 alle 16.23.32\" data-dt-img-description=\"\" data-large_image_width=\"1082\" data-large_image_height=\"766\"href='https:\/\/www.radiopiu.net\/wordpress\/wp-content\/uploads\/2021\/10\/Schermata-2021-10-21-alle-16.23.32.png'><img loading=\"lazy\" decoding=\"async\" width=\"300\" height=\"212\" src=\"https:\/\/www.radiopiu.net\/wordpress\/wp-content\/uploads\/2021\/10\/Schermata-2021-10-21-alle-16.23.32-300x212.png\" class=\"attachment-medium size-medium\" alt=\"\" srcset=\"https:\/\/www.radiopiu.net\/wordpress\/wp-content\/uploads\/2021\/10\/Schermata-2021-10-21-alle-16.23.32-300x212.png 300w, https:\/\/www.radiopiu.net\/wordpress\/wp-content\/uploads\/2021\/10\/Schermata-2021-10-21-alle-16.23.32-1024x725.png 1024w, https:\/\/www.radiopiu.net\/wordpress\/wp-content\/uploads\/2021\/10\/Schermata-2021-10-21-alle-16.23.32-768x544.png 768w, https:\/\/www.radiopiu.net\/wordpress\/wp-content\/uploads\/2021\/10\/Schermata-2021-10-21-alle-16.23.32.png 1082w\" sizes=\"auto, (max-width: 300px) 100vw, 300px\" \/><\/a>\n\t\t\t\t<\/dt><\/dl><br style=\"clear: both\" \/>\n\t\t\t<\/div>\n\n<p>&nbsp;<\/p>\n<p>&nbsp;<\/p>\n<hr \/>\n<p>&nbsp;<\/p>\n<div class=\"q9uorilb\"><\/div>\n<div class=\"q9uorilb\"><\/div>\n<div class=\"q9uorilb\">Gestione Servizi Pubblici informa che a <strong>TAIBON AGORDINO<\/strong> nelle localit\u00e0 RONCH DE BOS e NOGAROLA l&#8217;acqua erogata dall&#8217;acquedotto \u00e8 di nuovo potabile\u00a0 e pu\u00f2 essere usata per scopi alimentari<\/div>\n<div class=\"ecm0bbzt e5nlhep0 a8c37x1j\">\n<div class=\"kvgmc6g5 cxmmr5t8 oygrvhab hcukyx3x c1et5uql\">\n<p>&nbsp;<\/p>\n<p><b>\u00a0<\/b><\/p>\n<p>&nbsp;<\/p>\n<hr \/>\n<p>&nbsp;<\/p>\n<blockquote>\n<h3><a href=\"https:\/\/www.radiopiu.net\/wordpress\/giornale-radiopiu-16-giugno-2021-direttore-mirko-mezzacasa\/th-140\/\" rel=\"attachment wp-att-216173\"><img loading=\"lazy\" decoding=\"async\" class=\"wp-image-216173 alignleft\" src=\"https:\/\/www.radiopiu.net\/wordpress\/wp-content\/uploads\/2021\/06\/th-13.jpg\" alt=\"\" width=\"126\" height=\"84\" \/><\/a>INTERRUZIONI ENEL PROGRAMMATE, PER LAVORI<\/h3>\n<\/blockquote>\n<\/div>\n<p><span style=\"color: #ff0000;\">OGGI<\/span>, dalle 8.30 alle 11.30 ad Agordo nelle vie Costa, IV Novembre, Insurrezione<\/p>\n<div class=\"kvgmc6g5 cxmmr5t8 oygrvhab hcukyx3x c1et5uql\">\n<p><span style=\"color: #ff0000;\">OGGI<\/span>, dalle 8.30 alle 14.30 a Canale d&#8217;Agordo nelle vie Fregona, Cant, Lagazzon<\/p>\n<p><span style=\"color: #ff0000;\">OGGI<\/span>, dalle 13 alle 16 a Selva di Cadore &#8211; Pescul<\/p>\n<p><span style=\"color: #ff0000;\">DOMANI,<\/span> dalle 8.30 alle 12.30 ad Alleghe nelle vie Coi, Monte Civetta, Casara, Fernazza<\/p>\n<p><span style=\"color: #ff0000;\">LUNEDI 25 OTTOBRE<\/span> dalle 10 alle 12 a Gosaldo vie Pette, Masoch e Nagarei<\/p>\n<p><span style=\"color: #ff0000;\">VENERDI 29 OTTOBRE<\/span>\u00a0 dalle 12 alle 14.30 a Gosaldo vie Pette, Masoch e Nagarei<\/p>\n<p>&nbsp;<\/p>\n<hr \/>\n<p>&nbsp;<\/p>\n<h2 style=\"text-align: center;\">203 AGORDINA APERTA\u00a0 347 DEL DURAN E CEREDA A FASCE ORARIE<\/h2>\n<blockquote>\n<blockquote>\n<blockquote>\n<blockquote><p><strong><img loading=\"lazy\" decoding=\"async\" class=\"alignleft\" src=\"https:\/\/www.radiopiu.net\/wordpress\/wp-content\/uploads\/2020\/05\/VENETO-STRADE-300x300.png\" width=\"121\" height=\"121\" \/><\/strong><\/p><\/blockquote>\n<\/blockquote>\n<blockquote><p>Dalle 12.30 di ieri revoca dell\u2019ordinanza numero 528<\/p>\n<p>Veneto Strade informa che i lavori della prima fase in localit\u00e0 La Stanga sono terminati in anticipo rispetto ai tempi previsti. Da ieri\u00a0 alle 12.30 la 203 agordina tra Agordo e Belluno non presenta alcuna limitazione, ovviamente anche oggi. Quindi si transita regolarmente senza pi\u00f9 interruzioni.<\/p><\/blockquote>\n<p><strong>FOTO CANTIERE, VENETO STRADE\u00a0<\/strong><\/p>\n\n\t\t\t<style type='text\/css'>\n\t\t\t\t#gallery-3 {\n\t\t\t\t\tmargin: auto;\n\t\t\t\t}\n\t\t\t\t#gallery-3 .gallery-item {\n\t\t\t\t\tfloat: left;\n\t\t\t\t\tmargin-top: 10px;\n\t\t\t\t\ttext-align: center;\n\t\t\t\t\twidth: 25%;\n\t\t\t\t}\n\t\t\t\t#gallery-3 img {\n\t\t\t\t\tborder: 2px solid #cfcfcf;\n\t\t\t\t}\n\t\t\t\t#gallery-3 .gallery-caption {\n\t\t\t\t\tmargin-left: 0;\n\t\t\t\t}\n\t\t\t\t\/* see gallery_shortcode() in wp-includes\/media.php *\/\n\t\t\t<\/style>\n\t\t<div id='gallery-3' class='dt-gallery-container gallery galleryid-238155 gallery-columns-4 gallery-size-thumbnail'><dl class='gallery-item'>\n\t\t\t\t<dt class='gallery-icon landscape'>\n\t\t\t\t\t<a class=\"rollover rollover-zoom dt-pswp-item\" title=\"247275894_4468181743250551_4433390875298734041_n\" data-dt-img-description=\"\" data-large_image_width=\"600\" data-large_image_height=\"450\"href='https:\/\/www.radiopiu.net\/wordpress\/wp-content\/uploads\/2021\/10\/247275894_4468181743250551_4433390875298734041_n.jpg'><img loading=\"lazy\" decoding=\"async\" width=\"150\" height=\"150\" src=\"https:\/\/www.radiopiu.net\/wordpress\/wp-content\/uploads\/2021\/10\/247275894_4468181743250551_4433390875298734041_n-150x150.jpg\" class=\"attachment-thumbnail size-thumbnail\" alt=\"\" \/><\/a>\n\t\t\t\t<\/dt><\/dl><dl class='gallery-item'>\n\t\t\t\t<dt class='gallery-icon landscape'>\n\t\t\t\t\t<a class=\"rollover rollover-zoom dt-pswp-item\" title=\"247574844_4468181736583885_412005706440515743_n\" data-dt-img-description=\"\" data-large_image_width=\"600\" data-large_image_height=\"450\"href='https:\/\/www.radiopiu.net\/wordpress\/wp-content\/uploads\/2021\/10\/247574844_4468181736583885_412005706440515743_n.jpg'><img loading=\"lazy\" decoding=\"async\" width=\"150\" height=\"150\" src=\"https:\/\/www.radiopiu.net\/wordpress\/wp-content\/uploads\/2021\/10\/247574844_4468181736583885_412005706440515743_n-150x150.jpg\" class=\"attachment-thumbnail size-thumbnail\" alt=\"\" \/><\/a>\n\t\t\t\t<\/dt><\/dl><dl class='gallery-item'>\n\t\t\t\t<dt class='gallery-icon portrait'>\n\t\t\t\t\t<a class=\"rollover rollover-zoom dt-pswp-item\" title=\"247262964_4468181559917236_3735421062835082843_n\" data-dt-img-description=\"\" data-large_image_width=\"450\" data-large_image_height=\"600\"href='https:\/\/www.radiopiu.net\/wordpress\/wp-content\/uploads\/2021\/10\/247262964_4468181559917236_3735421062835082843_n.jpg'><img loading=\"lazy\" decoding=\"async\" width=\"150\" height=\"150\" src=\"https:\/\/www.radiopiu.net\/wordpress\/wp-content\/uploads\/2021\/10\/247262964_4468181559917236_3735421062835082843_n-150x150.jpg\" class=\"attachment-thumbnail size-thumbnail\" alt=\"\" \/><\/a>\n\t\t\t\t<\/dt><\/dl><dl class='gallery-item'>\n\t\t\t\t<dt class='gallery-icon landscape'>\n\t\t\t\t\t<a class=\"rollover rollover-zoom dt-pswp-item\" title=\"247544954_4468181573250568_4376435188649078388_n\" data-dt-img-description=\"\" data-large_image_width=\"600\" data-large_image_height=\"450\"href='https:\/\/www.radiopiu.net\/wordpress\/wp-content\/uploads\/2021\/10\/247544954_4468181573250568_4376435188649078388_n.jpg'><img loading=\"lazy\" decoding=\"async\" width=\"150\" height=\"150\" src=\"https:\/\/www.radiopiu.net\/wordpress\/wp-content\/uploads\/2021\/10\/247544954_4468181573250568_4376435188649078388_n-150x150.jpg\" class=\"attachment-thumbnail size-thumbnail\" alt=\"\" \/><\/a>\n\t\t\t\t<\/dt><\/dl><br style=\"clear: both\" \/>\n\t\t\t<\/div>\n\n<p><span style=\"color: #ff0000;\"><strong>SP 347 DURAN E CEREDA<\/strong><\/span> Fino al 12 novembre chiusura totale in localit\u00e0 Caleda &#8211; comune di La Valle Agordina &#8211; dalle 8 alle 12 e dalle 13.30 alle 17.30<\/p><\/blockquote>\n<\/blockquote>\n<blockquote>\n<blockquote><p><strong>PROVINCIALE 3 DI VALLE IMPERINA, A GOSALDO<\/strong> Fino al 12 novembre chiusura a fasce orarie: dalle 8 alle 12.45, dalle 13.45 alle 16 e dalle 16.30 alle 18 escluso sabato e domenica<\/p>\n<blockquote>\n<h2><span style=\"font-size: 14px; font-weight: normal;\">\u00a0<\/span><\/h2>\n<\/blockquote>\n<\/blockquote>\n<\/blockquote>\n<hr \/>\n<blockquote>\n<h3><\/h3>\n<h3>ATTENZIONE ALLE TRUFFE VIA SMS E MESSENGER<\/h3>\n<\/blockquote>\n<p><strong>BELLUNO<\/strong> La Questura di Belluno informa i cittadini sulla sua pagina Facebook su delle truffe che possono arrivare tramite SMS o Messenger. Dei messaggi con all&#8217;interno un link che vi invita a cliccare per avere altre informazioni. Se dovesse arrivare un messaggio da un numero o persona che non si conosce con all&#8217;interno uno di questi link, l&#8217;invito \u00e8 quello di non aprire il messaggio e cancellarlo subito dal proprio dispositivo.<\/p>\n<p><a href=\"https:\/\/www.radiopiu.net\/wordpress\/giornale-radiopiu-21-ottobre-2021-direttore-mirko-mezzacasa\/schermata-2021-10-20-alle-19-38-26\/\" rel=\"attachment wp-att-238149\"><img loading=\"lazy\" decoding=\"async\" class=\"size-medium wp-image-238149 aligncenter\" src=\"https:\/\/www.radiopiu.net\/wordpress\/wp-content\/uploads\/2021\/10\/Schermata-2021-10-20-alle-19.38.26-300x300.png\" alt=\"\" width=\"300\" height=\"300\" srcset=\"https:\/\/www.radiopiu.net\/wordpress\/wp-content\/uploads\/2021\/10\/Schermata-2021-10-20-alle-19.38.26-300x300.png 300w, https:\/\/www.radiopiu.net\/wordpress\/wp-content\/uploads\/2021\/10\/Schermata-2021-10-20-alle-19.38.26-150x150.png 150w, https:\/\/www.radiopiu.net\/wordpress\/wp-content\/uploads\/2021\/10\/Schermata-2021-10-20-alle-19.38.26-768x766.png 768w, https:\/\/www.radiopiu.net\/wordpress\/wp-content\/uploads\/2021\/10\/Schermata-2021-10-20-alle-19.38.26.png 998w\" sizes=\"auto, (max-width: 300px) 100vw, 300px\" \/><\/a><\/p>\n<p>&nbsp;<\/p>\n<hr \/>\n<p>&nbsp;<\/p>\n<p>&nbsp;<\/p>\n<blockquote>\n<h2><strong><a href=\"https:\/\/www.radiopiu.net\/wordpress\/boscaiolo-perde-la-vita\/90250807_1109676832713041_7862343926349299712_n\/\" rel=\"attachment wp-att-237648\"><img loading=\"lazy\" decoding=\"async\" class=\"wp-image-237648 alignleft\" src=\"https:\/\/www.radiopiu.net\/wordpress\/wp-content\/uploads\/2021\/10\/90250807_1109676832713041_7862343926349299712_n-300x300.jpg\" alt=\"\" width=\"113\" height=\"113\" srcset=\"https:\/\/www.radiopiu.net\/wordpress\/wp-content\/uploads\/2021\/10\/90250807_1109676832713041_7862343926349299712_n-300x300.jpg 300w, https:\/\/www.radiopiu.net\/wordpress\/wp-content\/uploads\/2021\/10\/90250807_1109676832713041_7862343926349299712_n-150x150.jpg 150w, https:\/\/www.radiopiu.net\/wordpress\/wp-content\/uploads\/2021\/10\/90250807_1109676832713041_7862343926349299712_n-768x769.jpg 768w, https:\/\/www.radiopiu.net\/wordpress\/wp-content\/uploads\/2021\/10\/90250807_1109676832713041_7862343926349299712_n.jpg 844w\" sizes=\"auto, (max-width: 113px) 100vw, 113px\" \/><\/a>Aperto il conto corrente a sostegno della famiglia di Mustapha Manneh\u00a0<\/strong><\/h2>\n<\/blockquote>\n<p>\u00c8 stato aperto il conto corrente per raccogliere fondi da destinare alla famiglia di Mustapha Manneh, il 32enne gambiano morto sul lavoro luned\u00ec nei boschi della Val Visdende. Per donare, \u00e8 possibile effettuare un versamento sul conto IT 52 F 08511 61230 000000043883 &#8211; Agenzia Tai di Cadore di Cortinabanca Credito Cooperativo, con la causale \u201cPer i figli di Mustapha, perch\u00e9 i sogni non muoiono mai\u201d.<\/p>\n<p>&nbsp;<\/p>\n<hr \/>\n<p>&nbsp;<\/p>\n<blockquote>\n<h3>RITROVATO SENZA VITA ESCURSIONISTA NON RIENTRATO DALLA FERRATA DIBONA<\/h3>\n<\/blockquote>\n<p><strong><img loading=\"lazy\" decoding=\"async\" class=\"alignleft\" src=\"https:\/\/www.radiopiu.net\/wordpress\/wp-content\/uploads\/2021\/09\/salt_20210927_183518_810.jpg\" width=\"309\" height=\"232\" \/>CORTINA\u00a0<\/strong> \u00c8 stato purtroppo ritrovato senza vita R.A.G., il trentunenne tedesco non rientrato mercoledi sera dalla Ferrata Dibona. La squadra salita a piedi ieri mattina, si \u00e8 calata per oltre 100 metri nel canale tra il Vecio del Forame e Forcella Alta, dove il tracciamento del cellulare ne segnalava la probabile presenza dal pomeriggio. I soccorritori &#8211; Soccorso alpino di Cortina, della Guardia di finanza e dei Carabinieri &#8211; hanno attrezzato le calate nel punto sottostante il percorso attrezzato e hanno iniziato a scendere, ritrovando prima lo zaino poi il corpo, a circa 2.700 metri di quota.<\/p>\n<p>A causa della nebbia persistente non \u00e8 stato ancora possibile provvedere al recupero del corpo senza vita dell&#8217;escursionista tedesco,<\/p>\n\n\t\t\t<style type='text\/css'>\n\t\t\t\t#gallery-4 {\n\t\t\t\t\tmargin: auto;\n\t\t\t\t}\n\t\t\t\t#gallery-4 .gallery-item {\n\t\t\t\t\tfloat: left;\n\t\t\t\t\tmargin-top: 10px;\n\t\t\t\t\ttext-align: center;\n\t\t\t\t\twidth: 33%;\n\t\t\t\t}\n\t\t\t\t#gallery-4 img {\n\t\t\t\t\tborder: 2px solid #cfcfcf;\n\t\t\t\t}\n\t\t\t\t#gallery-4 .gallery-caption {\n\t\t\t\t\tmargin-left: 0;\n\t\t\t\t}\n\t\t\t\t\/* see gallery_shortcode() in wp-includes\/media.php *\/\n\t\t\t<\/style>\n\t\t<div id='gallery-4' class='dt-gallery-container gallery galleryid-238155 gallery-columns-3 gallery-size-medium'><dl class='gallery-item'>\n\t\t\t\t<dt class='gallery-icon landscape'>\n\t\t\t\t\t<a class=\"rollover rollover-zoom dt-pswp-item\" title=\"salt_20211021_171726_462\" data-dt-img-description=\"\" data-large_image_width=\"2364\" data-large_image_height=\"1773\"href='https:\/\/www.radiopiu.net\/wordpress\/wp-content\/uploads\/2021\/10\/salt_20211021_171726_462.jpg'><img loading=\"lazy\" decoding=\"async\" width=\"300\" height=\"225\" src=\"https:\/\/www.radiopiu.net\/wordpress\/wp-content\/uploads\/2021\/10\/salt_20211021_171726_462-300x225.jpg\" class=\"attachment-medium size-medium\" alt=\"\" srcset=\"https:\/\/www.radiopiu.net\/wordpress\/wp-content\/uploads\/2021\/10\/salt_20211021_171726_462-300x225.jpg 300w, https:\/\/www.radiopiu.net\/wordpress\/wp-content\/uploads\/2021\/10\/salt_20211021_171726_462-1024x768.jpg 1024w, https:\/\/www.radiopiu.net\/wordpress\/wp-content\/uploads\/2021\/10\/salt_20211021_171726_462-768x576.jpg 768w, https:\/\/www.radiopiu.net\/wordpress\/wp-content\/uploads\/2021\/10\/salt_20211021_171726_462-1536x1152.jpg 1536w, https:\/\/www.radiopiu.net\/wordpress\/wp-content\/uploads\/2021\/10\/salt_20211021_171726_462-2048x1536.jpg 2048w\" sizes=\"auto, (max-width: 300px) 100vw, 300px\" \/><\/a>\n\t\t\t\t<\/dt><\/dl><dl class='gallery-item'>\n\t\t\t\t<dt class='gallery-icon landscape'>\n\t\t\t\t\t<a class=\"rollover rollover-zoom dt-pswp-item\" title=\"salt_20211021_171742_790\" data-dt-img-description=\"\" data-large_image_width=\"2364\" data-large_image_height=\"1773\"href='https:\/\/www.radiopiu.net\/wordpress\/wp-content\/uploads\/2021\/10\/salt_20211021_171742_790.jpg'><img loading=\"lazy\" decoding=\"async\" width=\"300\" height=\"225\" src=\"https:\/\/www.radiopiu.net\/wordpress\/wp-content\/uploads\/2021\/10\/salt_20211021_171742_790-300x225.jpg\" class=\"attachment-medium size-medium\" alt=\"\" srcset=\"https:\/\/www.radiopiu.net\/wordpress\/wp-content\/uploads\/2021\/10\/salt_20211021_171742_790-300x225.jpg 300w, https:\/\/www.radiopiu.net\/wordpress\/wp-content\/uploads\/2021\/10\/salt_20211021_171742_790-1024x768.jpg 1024w, https:\/\/www.radiopiu.net\/wordpress\/wp-content\/uploads\/2021\/10\/salt_20211021_171742_790-768x576.jpg 768w, https:\/\/www.radiopiu.net\/wordpress\/wp-content\/uploads\/2021\/10\/salt_20211021_171742_790-1536x1152.jpg 1536w, https:\/\/www.radiopiu.net\/wordpress\/wp-content\/uploads\/2021\/10\/salt_20211021_171742_790-2048x1536.jpg 2048w\" sizes=\"auto, (max-width: 300px) 100vw, 300px\" \/><\/a>\n\t\t\t\t<\/dt><\/dl><dl class='gallery-item'>\n\t\t\t\t<dt class='gallery-icon landscape'>\n\t\t\t\t\t<a class=\"rollover rollover-zoom dt-pswp-item\" title=\"salt_20211021_171759_660\" data-dt-img-description=\"\" data-large_image_width=\"2364\" data-large_image_height=\"1773\"href='https:\/\/www.radiopiu.net\/wordpress\/wp-content\/uploads\/2021\/10\/salt_20211021_171759_660.jpg'><img loading=\"lazy\" decoding=\"async\" width=\"300\" height=\"225\" src=\"https:\/\/www.radiopiu.net\/wordpress\/wp-content\/uploads\/2021\/10\/salt_20211021_171759_660-300x225.jpg\" class=\"attachment-medium size-medium\" alt=\"\" srcset=\"https:\/\/www.radiopiu.net\/wordpress\/wp-content\/uploads\/2021\/10\/salt_20211021_171759_660-300x225.jpg 300w, https:\/\/www.radiopiu.net\/wordpress\/wp-content\/uploads\/2021\/10\/salt_20211021_171759_660-1024x768.jpg 1024w, https:\/\/www.radiopiu.net\/wordpress\/wp-content\/uploads\/2021\/10\/salt_20211021_171759_660-768x576.jpg 768w, https:\/\/www.radiopiu.net\/wordpress\/wp-content\/uploads\/2021\/10\/salt_20211021_171759_660-1536x1152.jpg 1536w, https:\/\/www.radiopiu.net\/wordpress\/wp-content\/uploads\/2021\/10\/salt_20211021_171759_660-2048x1536.jpg 2048w\" sizes=\"auto, (max-width: 300px) 100vw, 300px\" \/><\/a>\n\t\t\t\t<\/dt><\/dl><br style=\"clear: both\" \/>\n\t\t\t<\/div>\n\n<p>&nbsp;<\/p>\n<hr \/>\n<p>&nbsp;<\/p>\n<blockquote>\n<h3><\/h3>\n<h3><a href=\"https:\/\/www.radiopiu.net\/wordpress\/giornale-radiopiu-22-ottobre-2021-direttore-mirko-mezzacasa\/2824022_339\/\" rel=\"attachment wp-att-238385\"><img loading=\"lazy\" decoding=\"async\" class=\"wp-image-238385 alignleft\" src=\"https:\/\/www.radiopiu.net\/wordpress\/wp-content\/uploads\/2021\/10\/2824022_339-237x300.jpg\" alt=\"\" width=\"131\" height=\"166\" srcset=\"https:\/\/www.radiopiu.net\/wordpress\/wp-content\/uploads\/2021\/10\/2824022_339-237x300.jpg 237w, https:\/\/www.radiopiu.net\/wordpress\/wp-content\/uploads\/2021\/10\/2824022_339-810x1024.jpg 810w, https:\/\/www.radiopiu.net\/wordpress\/wp-content\/uploads\/2021\/10\/2824022_339-768x971.jpg 768w, https:\/\/www.radiopiu.net\/wordpress\/wp-content\/uploads\/2021\/10\/2824022_339.jpg 832w\" sizes=\"auto, (max-width: 131px) 100vw, 131px\" \/><\/a><\/h3>\n<h3>MUORE NEI CAMPI COLTO DA INFARTO<\/h3>\n<\/blockquote>\n<p><strong>BORGO VALBELLUNA<\/strong> Antonio Susanna, 65enne\u00a0 di Zottier, \u00e8 morto in seguito ad infarto mentre lavorava nel campo,\u00a0 trovato riverso a terra da un passante che ha dato l&#8217;allarme. La notizia della morte di &#8220;Toni Carlon&#8221;, si \u00e8 diffusa subito lasciando sgomento il paese. Lascia le sorelle Rita, Maria Giacinta e Pia. I funerali si terranno domani nella chiesa arcipretale di Mel alle ore 11.<\/p>\n<p>&nbsp;<\/p>\n<p>&nbsp;<\/p>\n<hr \/>\n<p>&nbsp;<\/p>\n<blockquote>\n<h3>SECONDO TAMPONAMENTO IN TRE GIORNI IN CENTRO AD AGORDO<\/h3>\n<\/blockquote>\n<p><strong><a href=\"https:\/\/www.radiopiu.net\/wordpress\/203-stop-ai-lavori-dalle-12-30-ultimati-i-lavori-della-prima-fase\/1c915191-2a89-4254-b684-35ee87f63135\/\" rel=\"attachment wp-att-238254\"><img loading=\"lazy\" decoding=\"async\" class=\"wp-image-238254 alignleft\" src=\"https:\/\/www.radiopiu.net\/wordpress\/wp-content\/uploads\/2021\/10\/1c915191-2a89-4254-b684-35ee87f63135-300x224.jpg\" alt=\"\" width=\"158\" height=\"118\" srcset=\"https:\/\/www.radiopiu.net\/wordpress\/wp-content\/uploads\/2021\/10\/1c915191-2a89-4254-b684-35ee87f63135-300x224.jpg 300w, https:\/\/www.radiopiu.net\/wordpress\/wp-content\/uploads\/2021\/10\/1c915191-2a89-4254-b684-35ee87f63135-1024x766.jpg 1024w, https:\/\/www.radiopiu.net\/wordpress\/wp-content\/uploads\/2021\/10\/1c915191-2a89-4254-b684-35ee87f63135-768x574.jpg 768w, https:\/\/www.radiopiu.net\/wordpress\/wp-content\/uploads\/2021\/10\/1c915191-2a89-4254-b684-35ee87f63135-1536x1149.jpg 1536w, https:\/\/www.radiopiu.net\/wordpress\/wp-content\/uploads\/2021\/10\/1c915191-2a89-4254-b684-35ee87f63135.jpg 2000w\" sizes=\"auto, (max-width: 158px) 100vw, 158px\" \/><\/a>AGORDO<\/strong> A due giorni di distanza dal tamponamento senza feriti che ha coinvolto quattro veicoli, ieri\u00a0 alla stessa ora, attorno alle 13,\u00a0 un secondo sinistro,\u00a0 simile al precedente, anche se nella direzione opposta, dal bivio di via Insurrezione verso la piazza di Agordo. Un furgone adibito alle spedizioni ha tamponato una Volvo, leggermente ferito al volto il conducente del furgone e immancabile colpo di frusta per l&#8217;uomo a bordo del mezzo tamponato. Sul posto in via 27 aprile difronte all&#8217;auto officina Paganin i Carabinieri di Agordo, l&#8217;agente di Polizia Locale e l&#8217;ambulanza del Pronto Soccorso dell&#8217;ospedale di Agordo.<\/p>\n\n\t\t\t<style type='text\/css'>\n\t\t\t\t#gallery-5 {\n\t\t\t\t\tmargin: auto;\n\t\t\t\t}\n\t\t\t\t#gallery-5 .gallery-item {\n\t\t\t\t\tfloat: left;\n\t\t\t\t\tmargin-top: 10px;\n\t\t\t\t\ttext-align: center;\n\t\t\t\t\twidth: 25%;\n\t\t\t\t}\n\t\t\t\t#gallery-5 img {\n\t\t\t\t\tborder: 2px solid #cfcfcf;\n\t\t\t\t}\n\t\t\t\t#gallery-5 .gallery-caption {\n\t\t\t\t\tmargin-left: 0;\n\t\t\t\t}\n\t\t\t\t\/* see gallery_shortcode() in wp-includes\/media.php *\/\n\t\t\t<\/style>\n\t\t<div id='gallery-5' class='dt-gallery-container gallery galleryid-238155 gallery-columns-4 gallery-size-thumbnail'><dl class='gallery-item'>\n\t\t\t\t<dt class='gallery-icon landscape'>\n\t\t\t\t\t<a class=\"rollover rollover-zoom dt-pswp-item\" title=\"6811906e-7151-4ee8-b7b9-c834ee9c8e0b\" data-dt-img-description=\"\" data-large_image_width=\"2000\" data-large_image_height=\"1496\"href='https:\/\/www.radiopiu.net\/wordpress\/wp-content\/uploads\/2021\/10\/6811906e-7151-4ee8-b7b9-c834ee9c8e0b.jpg'><img loading=\"lazy\" decoding=\"async\" width=\"150\" height=\"150\" src=\"https:\/\/www.radiopiu.net\/wordpress\/wp-content\/uploads\/2021\/10\/6811906e-7151-4ee8-b7b9-c834ee9c8e0b-150x150.jpg\" class=\"attachment-thumbnail size-thumbnail\" alt=\"\" \/><\/a>\n\t\t\t\t<\/dt><\/dl><dl class='gallery-item'>\n\t\t\t\t<dt class='gallery-icon landscape'>\n\t\t\t\t\t<a class=\"rollover rollover-zoom dt-pswp-item\" title=\"a202c834-0a45-4dfa-924d-b158e4c0a0ed\" data-dt-img-description=\"\" data-large_image_width=\"2000\" data-large_image_height=\"1496\"href='https:\/\/www.radiopiu.net\/wordpress\/wp-content\/uploads\/2021\/10\/a202c834-0a45-4dfa-924d-b158e4c0a0ed.jpg'><img loading=\"lazy\" decoding=\"async\" width=\"150\" height=\"150\" src=\"https:\/\/www.radiopiu.net\/wordpress\/wp-content\/uploads\/2021\/10\/a202c834-0a45-4dfa-924d-b158e4c0a0ed-150x150.jpg\" class=\"attachment-thumbnail size-thumbnail\" alt=\"\" \/><\/a>\n\t\t\t\t<\/dt><\/dl><dl class='gallery-item'>\n\t\t\t\t<dt class='gallery-icon landscape'>\n\t\t\t\t\t<a class=\"rollover rollover-zoom dt-pswp-item\" title=\"3ba95af3-86a6-483c-984c-5d67a04a3e57\" data-dt-img-description=\"\" data-large_image_width=\"2000\" data-large_image_height=\"1496\"href='https:\/\/www.radiopiu.net\/wordpress\/wp-content\/uploads\/2021\/10\/3ba95af3-86a6-483c-984c-5d67a04a3e57.jpg'><img loading=\"lazy\" decoding=\"async\" width=\"150\" height=\"150\" src=\"https:\/\/www.radiopiu.net\/wordpress\/wp-content\/uploads\/2021\/10\/3ba95af3-86a6-483c-984c-5d67a04a3e57-150x150.jpg\" class=\"attachment-thumbnail size-thumbnail\" alt=\"\" \/><\/a>\n\t\t\t\t<\/dt><\/dl><dl class='gallery-item'>\n\t\t\t\t<dt class='gallery-icon landscape'>\n\t\t\t\t\t<a class=\"rollover rollover-zoom dt-pswp-item\" title=\"5b1fbd07-9612-4f57-b51b-069f2f23d26f\" data-dt-img-description=\"\" data-large_image_width=\"2000\" data-large_image_height=\"1496\"href='https:\/\/www.radiopiu.net\/wordpress\/wp-content\/uploads\/2021\/10\/5b1fbd07-9612-4f57-b51b-069f2f23d26f.jpg'><img loading=\"lazy\" decoding=\"async\" width=\"150\" height=\"150\" src=\"https:\/\/www.radiopiu.net\/wordpress\/wp-content\/uploads\/2021\/10\/5b1fbd07-9612-4f57-b51b-069f2f23d26f-150x150.jpg\" class=\"attachment-thumbnail size-thumbnail\" alt=\"\" \/><\/a>\n\t\t\t\t<\/dt><\/dl><br style=\"clear: both\" \/>\n\t\t\t<\/div>\n\n<p>&nbsp;<\/p>\n<hr \/>\n<p>&nbsp;<\/p>\n<blockquote>\n<h3>OGGI SUL CORRIERE DELLE ALPI<\/h3>\n<p>Fin\u00ec all&#8217;ospedale dopo lo scontro con un capriolo: risarcimento negato<\/p><\/blockquote>\n<p><em>Per la Regione c&#8217;\u00e8 il cartello di pericolo a distanza regolare\u00a0<\/em><\/p>\n<p><strong>BORGO VALBELLUNA\u00a0\u00a0<\/strong> Per la Regione c&#8217;era il cartello di pericolo a distanza regolamentare sulla Sp 1 Bis e tanto basta per non risarcire un motociclista che, investendo un capriolo a Lentiai, si \u00e8 procurato lesioni fisiche pesanti, anche permanenti, e migliaia di euro di danni.\u00a0 La societ\u00e0\u00a0 specializzata nelle pratiche di risarcimento, si \u00e8 vista rifiutare dalla Regione la richiesta di rimborso dei danni presentata per conto del motociclista, il feltrino S.L.C., di 52 anni. Secondo la normativa regionale, per ottenere un risarcimento bisogna dimostrare che lo stesso ente regionale non ha adottato provvedimenti di sicurezza, come protezioni per bloccare la fauna selvatica o cartelli di pericolo a non pi\u00f9 di 500 metri dal punto dell&#8217;incidente&#8230;<\/p>\n<p>&nbsp;<\/p>\n<hr \/>\n<p>&nbsp;<\/p>\n<blockquote>\n<h3>MICHELE COSTA RISPONDE A DE BERNARDIN PER L&#8217;ESIGUO NUMERO DI CONFERENZE DEI SINDACI\u00a0 <span style=\"color: #ff0000;\">oggi alle 10.30 e 1900 lo speciale alla radio\u00a0<\/span><\/h3>\n<\/blockquote>\n<p><strong><a href=\"https:\/\/www.radiopiu.net\/wordpress\/pomeriggio-in-piscina-lo-speciale-alla-radio\/bc03a212-dd05-424e-8884-05a7959c32c4\/\" rel=\"attachment wp-att-238230\"><img loading=\"lazy\" decoding=\"async\" class=\"size-medium wp-image-238230 alignleft\" src=\"https:\/\/www.radiopiu.net\/wordpress\/wp-content\/uploads\/2021\/10\/bc03a212-dd05-424e-8884-05a7959c32c4-300x169.jpg\" alt=\"\" width=\"300\" height=\"169\" srcset=\"https:\/\/www.radiopiu.net\/wordpress\/wp-content\/uploads\/2021\/10\/bc03a212-dd05-424e-8884-05a7959c32c4-300x169.jpg 300w, https:\/\/www.radiopiu.net\/wordpress\/wp-content\/uploads\/2021\/10\/bc03a212-dd05-424e-8884-05a7959c32c4-1024x576.jpg 1024w, https:\/\/www.radiopiu.net\/wordpress\/wp-content\/uploads\/2021\/10\/bc03a212-dd05-424e-8884-05a7959c32c4-768x432.jpg 768w, https:\/\/www.radiopiu.net\/wordpress\/wp-content\/uploads\/2021\/10\/bc03a212-dd05-424e-8884-05a7959c32c4-1536x864.jpg 1536w, https:\/\/www.radiopiu.net\/wordpress\/wp-content\/uploads\/2021\/10\/bc03a212-dd05-424e-8884-05a7959c32c4.jpg 1920w\" sizes=\"auto, (max-width: 300px) 100vw, 300px\" \/><\/a>AGORDO<\/strong><\/p>\n<p>di Gianni Santomaso<\/p>\n<audio class=\"wp-audio-shortcode\" id=\"audio-238155-1\" preload=\"none\" style=\"width: 100%;\" controls=\"controls\"><source type=\"audio\/mpeg\" src=\"https:\/\/www.radiopiu.net\/wordpress\/wp-content\/uploads\/2021\/10\/GIANNI-MICHELE-COSTA-UNIONE-MONTANA.mp3?_=1\" \/><a href=\"https:\/\/www.radiopiu.net\/wordpress\/wp-content\/uploads\/2021\/10\/GIANNI-MICHELE-COSTA-UNIONE-MONTANA.mp3\">https:\/\/www.radiopiu.net\/wordpress\/wp-content\/uploads\/2021\/10\/GIANNI-MICHELE-COSTA-UNIONE-MONTANA.mp3<\/a><\/audio>\n<p>&nbsp;<\/p>\n<hr \/>\n<p>&nbsp;<\/p>\n<blockquote>\n<h3>IL CONSIGLIO COMUNALE DI VOLTAGO, &#8220;Come donna sono dispiaciuta che non ci sia una donna all&#8217;interno della Giunta&#8221;<\/h3>\n<\/blockquote>\n<p><strong>di Gianni Santomaso<\/strong><\/p>\n<audio class=\"wp-audio-shortcode\" id=\"audio-238155-2\" preload=\"none\" style=\"width: 100%;\" controls=\"controls\"><source type=\"audio\/mpeg\" src=\"https:\/\/www.radiopiu.net\/wordpress\/wp-content\/uploads\/2021\/10\/GIANNI-CONSIGLIO-VOLTAGO.mp3?_=2\" \/><a href=\"https:\/\/www.radiopiu.net\/wordpress\/wp-content\/uploads\/2021\/10\/GIANNI-CONSIGLIO-VOLTAGO.mp3\">https:\/\/www.radiopiu.net\/wordpress\/wp-content\/uploads\/2021\/10\/GIANNI-CONSIGLIO-VOLTAGO.mp3<\/a><\/audio>\n<p><strong>\u00a0\u00a0<\/strong><\/p>\n\n\t\t\t<style type='text\/css'>\n\t\t\t\t#gallery-6 {\n\t\t\t\t\tmargin: auto;\n\t\t\t\t}\n\t\t\t\t#gallery-6 .gallery-item {\n\t\t\t\t\tfloat: left;\n\t\t\t\t\tmargin-top: 10px;\n\t\t\t\t\ttext-align: center;\n\t\t\t\t\twidth: 25%;\n\t\t\t\t}\n\t\t\t\t#gallery-6 img {\n\t\t\t\t\tborder: 2px solid #cfcfcf;\n\t\t\t\t}\n\t\t\t\t#gallery-6 .gallery-caption {\n\t\t\t\t\tmargin-left: 0;\n\t\t\t\t}\n\t\t\t\t\/* see gallery_shortcode() in wp-includes\/media.php *\/\n\t\t\t<\/style>\n\t\t<div id='gallery-6' class='dt-gallery-container gallery galleryid-238155 gallery-columns-4 gallery-size-medium'><dl class='gallery-item'>\n\t\t\t\t<dt class='gallery-icon landscape'>\n\t\t\t\t\t<a class=\"rollover rollover-zoom dt-pswp-item\" title=\"47713247-0708-4b0b-85e9-9361ed768bb7\" data-dt-img-description=\"\" data-large_image_width=\"1600\" data-large_image_height=\"901\"href='https:\/\/www.radiopiu.net\/wordpress\/wp-content\/uploads\/2021\/10\/47713247-0708-4b0b-85e9-9361ed768bb7.jpg'><img loading=\"lazy\" decoding=\"async\" width=\"300\" height=\"169\" src=\"https:\/\/www.radiopiu.net\/wordpress\/wp-content\/uploads\/2021\/10\/47713247-0708-4b0b-85e9-9361ed768bb7-300x169.jpg\" class=\"attachment-medium size-medium\" alt=\"\" srcset=\"https:\/\/www.radiopiu.net\/wordpress\/wp-content\/uploads\/2021\/10\/47713247-0708-4b0b-85e9-9361ed768bb7-300x169.jpg 300w, https:\/\/www.radiopiu.net\/wordpress\/wp-content\/uploads\/2021\/10\/47713247-0708-4b0b-85e9-9361ed768bb7-1024x577.jpg 1024w, https:\/\/www.radiopiu.net\/wordpress\/wp-content\/uploads\/2021\/10\/47713247-0708-4b0b-85e9-9361ed768bb7-768x432.jpg 768w, https:\/\/www.radiopiu.net\/wordpress\/wp-content\/uploads\/2021\/10\/47713247-0708-4b0b-85e9-9361ed768bb7-1536x865.jpg 1536w, https:\/\/www.radiopiu.net\/wordpress\/wp-content\/uploads\/2021\/10\/47713247-0708-4b0b-85e9-9361ed768bb7.jpg 1600w\" sizes=\"auto, (max-width: 300px) 100vw, 300px\" \/><\/a>\n\t\t\t\t<\/dt><\/dl><dl class='gallery-item'>\n\t\t\t\t<dt class='gallery-icon landscape'>\n\t\t\t\t\t<a class=\"rollover rollover-zoom dt-pswp-item\" title=\"cf0cbbe4-4eaa-4275-a2c1-5fd16deb529d\" data-dt-img-description=\"\" data-large_image_width=\"1600\" data-large_image_height=\"901\"href='https:\/\/www.radiopiu.net\/wordpress\/wp-content\/uploads\/2021\/10\/cf0cbbe4-4eaa-4275-a2c1-5fd16deb529d.jpg'><img loading=\"lazy\" decoding=\"async\" width=\"300\" height=\"169\" src=\"https:\/\/www.radiopiu.net\/wordpress\/wp-content\/uploads\/2021\/10\/cf0cbbe4-4eaa-4275-a2c1-5fd16deb529d-300x169.jpg\" class=\"attachment-medium size-medium\" alt=\"\" srcset=\"https:\/\/www.radiopiu.net\/wordpress\/wp-content\/uploads\/2021\/10\/cf0cbbe4-4eaa-4275-a2c1-5fd16deb529d-300x169.jpg 300w, https:\/\/www.radiopiu.net\/wordpress\/wp-content\/uploads\/2021\/10\/cf0cbbe4-4eaa-4275-a2c1-5fd16deb529d-1024x577.jpg 1024w, https:\/\/www.radiopiu.net\/wordpress\/wp-content\/uploads\/2021\/10\/cf0cbbe4-4eaa-4275-a2c1-5fd16deb529d-768x432.jpg 768w, https:\/\/www.radiopiu.net\/wordpress\/wp-content\/uploads\/2021\/10\/cf0cbbe4-4eaa-4275-a2c1-5fd16deb529d-1536x865.jpg 1536w, https:\/\/www.radiopiu.net\/wordpress\/wp-content\/uploads\/2021\/10\/cf0cbbe4-4eaa-4275-a2c1-5fd16deb529d.jpg 1600w\" sizes=\"auto, (max-width: 300px) 100vw, 300px\" \/><\/a>\n\t\t\t\t<\/dt><\/dl><dl class='gallery-item'>\n\t\t\t\t<dt class='gallery-icon landscape'>\n\t\t\t\t\t<a class=\"rollover rollover-zoom dt-pswp-item\" title=\"f21bbd02-4181-40ea-97c4-41f5bf288d8a\" data-dt-img-description=\"\" data-large_image_width=\"1600\" data-large_image_height=\"901\"href='https:\/\/www.radiopiu.net\/wordpress\/wp-content\/uploads\/2021\/10\/f21bbd02-4181-40ea-97c4-41f5bf288d8a.jpg'><img loading=\"lazy\" decoding=\"async\" width=\"300\" height=\"169\" src=\"https:\/\/www.radiopiu.net\/wordpress\/wp-content\/uploads\/2021\/10\/f21bbd02-4181-40ea-97c4-41f5bf288d8a-300x169.jpg\" class=\"attachment-medium size-medium\" alt=\"\" srcset=\"https:\/\/www.radiopiu.net\/wordpress\/wp-content\/uploads\/2021\/10\/f21bbd02-4181-40ea-97c4-41f5bf288d8a-300x169.jpg 300w, https:\/\/www.radiopiu.net\/wordpress\/wp-content\/uploads\/2021\/10\/f21bbd02-4181-40ea-97c4-41f5bf288d8a-1024x577.jpg 1024w, https:\/\/www.radiopiu.net\/wordpress\/wp-content\/uploads\/2021\/10\/f21bbd02-4181-40ea-97c4-41f5bf288d8a-768x432.jpg 768w, https:\/\/www.radiopiu.net\/wordpress\/wp-content\/uploads\/2021\/10\/f21bbd02-4181-40ea-97c4-41f5bf288d8a-1536x865.jpg 1536w, https:\/\/www.radiopiu.net\/wordpress\/wp-content\/uploads\/2021\/10\/f21bbd02-4181-40ea-97c4-41f5bf288d8a.jpg 1600w\" sizes=\"auto, (max-width: 300px) 100vw, 300px\" \/><\/a>\n\t\t\t\t<\/dt><\/dl><dl class='gallery-item'>\n\t\t\t\t<dt class='gallery-icon landscape'>\n\t\t\t\t\t<a class=\"rollover rollover-zoom dt-pswp-item\" title=\"e21c4313-1993-428d-b696-dffcb786d373\" data-dt-img-description=\"\" data-large_image_width=\"1600\" data-large_image_height=\"901\"href='https:\/\/www.radiopiu.net\/wordpress\/wp-content\/uploads\/2021\/10\/e21c4313-1993-428d-b696-dffcb786d373.jpg'><img loading=\"lazy\" decoding=\"async\" width=\"300\" height=\"169\" src=\"https:\/\/www.radiopiu.net\/wordpress\/wp-content\/uploads\/2021\/10\/e21c4313-1993-428d-b696-dffcb786d373-300x169.jpg\" class=\"attachment-medium size-medium\" alt=\"\" srcset=\"https:\/\/www.radiopiu.net\/wordpress\/wp-content\/uploads\/2021\/10\/e21c4313-1993-428d-b696-dffcb786d373-300x169.jpg 300w, https:\/\/www.radiopiu.net\/wordpress\/wp-content\/uploads\/2021\/10\/e21c4313-1993-428d-b696-dffcb786d373-1024x577.jpg 1024w, https:\/\/www.radiopiu.net\/wordpress\/wp-content\/uploads\/2021\/10\/e21c4313-1993-428d-b696-dffcb786d373-768x432.jpg 768w, https:\/\/www.radiopiu.net\/wordpress\/wp-content\/uploads\/2021\/10\/e21c4313-1993-428d-b696-dffcb786d373-1536x865.jpg 1536w, https:\/\/www.radiopiu.net\/wordpress\/wp-content\/uploads\/2021\/10\/e21c4313-1993-428d-b696-dffcb786d373.jpg 1600w\" sizes=\"auto, (max-width: 300px) 100vw, 300px\" \/><\/a>\n\t\t\t\t<\/dt><\/dl><br style=\"clear: both\" \/>\n\t\t\t<\/div>\n\n<p>&nbsp;<\/p>\n<p><strong>LA DIRETTA DI RADIO PIU&#8217;\u00a0<\/strong><\/p>\n<p><strong>L&#8217;AUDIO DEL CONSIGLIO COMUNALE<\/strong><\/p>\n<audio class=\"wp-audio-shortcode\" id=\"audio-238155-3\" preload=\"none\" style=\"width: 100%;\" controls=\"controls\"><source type=\"audio\/mpeg\" src=\"https:\/\/www.radiopiu.net\/wordpress\/wp-content\/uploads\/2021\/10\/CONSIGLIO-VOLTAGO.mp3?_=3\" \/><a href=\"https:\/\/www.radiopiu.net\/wordpress\/wp-content\/uploads\/2021\/10\/CONSIGLIO-VOLTAGO.mp3\">https:\/\/www.radiopiu.net\/wordpress\/wp-content\/uploads\/2021\/10\/CONSIGLIO-VOLTAGO.mp3<\/a><\/audio>\n<p>&nbsp;<\/p>\n<p>https:\/\/www.facebook.com\/mirko.mezzacasa\/videos\/611062440016736<\/p>\n<p>&nbsp;<\/p>\n<hr \/>\n<p>&nbsp;<\/p>\n<p>&nbsp;<\/p>\n<blockquote>\n<h2>LILIA FREDELLA LASCIA BELLUNO PER LA SPEZIA, IN ARRIVO MAGGESE<\/h2>\n<p><a href=\"https:\/\/www.radiopiu.net\/wordpress\/giornale-radiopiu-22-ottobre-2021-direttore-mirko-mezzacasa\/th-224\/\" rel=\"attachment wp-att-238383\"><img loading=\"lazy\" decoding=\"async\" class=\"size-medium wp-image-238383 alignleft\" src=\"https:\/\/www.radiopiu.net\/wordpress\/wp-content\/uploads\/2021\/10\/th-21.jpg\" alt=\"\" width=\"296\" height=\"198\" \/><\/a><\/p>\n<h2>BELLUNO Cambio della guardia venerdi 29 in Questura\u00a0 a Belluno. Lilia Fredella partir\u00e0 per La Spezia. Al vertice della Quetura bellunese sieder\u00e0 Giuseppe Maggese, bolognese, esperto di ordine pubblico e immigrazione, dirigente superiore della polizia, attualmente dirigente del compartimento polizia stradale del Friuli Venezia Giulia.\u00a0 Lilia Fredella si era insediata il 2 settembre 2019. Il suo passato la ricorda per aver contribuito all&#8217;arresto di Massimo Bossetti, accusato dell&#8217;omicidio di Yara Gambirasio in Lombardia. In provincia non si \u00e8 fatta attendere per professionalit\u00e0 e capacit\u00e0 relazionali: la gestione dei Mondiali di sci di Cortina, in piena pandemia, oggi viene esportata come modello in tutto il mondo.<\/h2>\n<p>&nbsp;<\/p><\/blockquote>\n<p>&nbsp;<\/p>\n<p><span style=\"color: #ff0000;\">ARCHIVIO RADIO PIU 7 FEBBRAIO 2021<\/span><\/p>\n<p><strong>IL QUESTORE LILIA FREDELLA, TANTI ASPETTI DA CONSIDERARE AD INIZIARE DA QUELLO SANITARIO<\/strong><\/p>\n<blockquote><p><em> <a href=\"https:\/\/www.radiopiu.net\/wordpress\/il-questore-lilia-fredella-tanti-aspetti-da-considerare-ad-iniziare-da-quello-sanitario\/0e6f498f-acbe-434e-af9e-5274a311eff4\/\" rel=\"attachment wp-att-189515\"><img loading=\"lazy\" decoding=\"async\" class=\" wp-image-189515 alignleft\" src=\"https:\/\/www.radiopiu.net\/wordpress\/wp-content\/uploads\/2021\/02\/0e6f498f-acbe-434e-af9e-5274a311eff4-300x200.jpg\" alt=\"\" width=\"233\" height=\"155\" srcset=\"https:\/\/www.radiopiu.net\/wordpress\/wp-content\/uploads\/2021\/02\/0e6f498f-acbe-434e-af9e-5274a311eff4-300x200.jpg 300w, https:\/\/www.radiopiu.net\/wordpress\/wp-content\/uploads\/2021\/02\/0e6f498f-acbe-434e-af9e-5274a311eff4-768x512.jpg 768w, https:\/\/www.radiopiu.net\/wordpress\/wp-content\/uploads\/2021\/02\/0e6f498f-acbe-434e-af9e-5274a311eff4.jpg 1024w\" sizes=\"auto, (max-width: 233px) 100vw, 233px\" \/><\/a>Lilia Fredella, la voce del Questore, &#8220;Un paio d&#8217;anni di preparazione per un evento tanto importate tra le complicazioni della pandemia. Un lavoro un progressione tra tante\u00a0 variabili&#8230;&#8221;<\/em><\/p><\/blockquote>\n<p><span style=\"color: #0000ff;\">COLLABORAZIONE WIRNA TRICHES_BABARA BORTOLUZZI<\/span><\/p>\n<p>&nbsp;<\/p>\n<audio class=\"wp-audio-shortcode\" id=\"audio-238155-4\" preload=\"none\" style=\"width: 100%;\" controls=\"controls\"><source type=\"audio\/mpeg\" src=\"https:\/\/www.radiopiu.net\/wordpress\/wp-content\/uploads\/2021\/02\/FREDELLA.mp3?_=4\" \/><a href=\"https:\/\/www.radiopiu.net\/wordpress\/wp-content\/uploads\/2021\/02\/FREDELLA.mp3\">https:\/\/www.radiopiu.net\/wordpress\/wp-content\/uploads\/2021\/02\/FREDELLA.mp3<\/a><\/audio>\n<p><span style=\"color: #0000ff;\"><strong>CON LA POLIZIA DI STATO A CORTINA 2021<\/strong><\/span><\/p>\n<p><span style=\"color: #0000ff;\"><strong>CON LA POLIZIA DI STATO A CORTINA 2021<\/strong><\/span><br \/>\n<span style=\"color: #0000ff;\"><strong>RACCOLTA COMPLETA\u00a0<\/strong><\/span><\/p>\n<blockquote class=\"wp-embedded-content\" data-secret=\"hblPHYfS3b\"><p><a href=\"https:\/\/www.radiopiu.net\/wordpress\/la-polizia-di-stato-a-cortina-2021\/\">La Polizia di Stato a Cortina 2021<\/a><\/p><\/blockquote>\n<p><iframe loading=\"lazy\" class=\"wp-embedded-content\" sandbox=\"allow-scripts\" security=\"restricted\" style=\"position: absolute; clip: rect(1px, 1px, 1px, 1px);\" title=\"&#8220;La Polizia di Stato a Cortina 2021&#8221; &#8212; Radio Pi\u00f9\" src=\"https:\/\/www.radiopiu.net\/wordpress\/la-polizia-di-stato-a-cortina-2021\/embed\/#?secret=hblPHYfS3b\" data-secret=\"hblPHYfS3b\" width=\"600\" height=\"338\" frameborder=\"0\" marginwidth=\"0\" marginheight=\"0\" scrolling=\"no\"><\/iframe><\/p>\n<p>&nbsp;<\/p>\n<p>&nbsp;<\/p>\n<p>&nbsp;<\/p>\n<hr \/>\n<p>&nbsp;<\/p>\n<blockquote>\n<h3>MANCANO 30 GIORNI PER TROVARE UNA SOLUZIONE PER ACC<\/h3>\n<\/blockquote>\n<p><strong><a href=\"https:\/\/www.radiopiu.net\/wordpress\/acc-mel-lopinione-di-stefano-bona-fiom-cigl\/acc-mel-2\/\" rel=\"attachment wp-att-217731\"><img loading=\"lazy\" decoding=\"async\" class=\"size-medium wp-image-217731 alignleft\" src=\"https:\/\/www.radiopiu.net\/wordpress\/wp-content\/uploads\/2021\/06\/ACC-MEL-300x171.png\" alt=\"\" width=\"300\" height=\"171\" srcset=\"https:\/\/www.radiopiu.net\/wordpress\/wp-content\/uploads\/2021\/06\/ACC-MEL-300x171.png 300w, https:\/\/www.radiopiu.net\/wordpress\/wp-content\/uploads\/2021\/06\/ACC-MEL-1024x585.png 1024w, https:\/\/www.radiopiu.net\/wordpress\/wp-content\/uploads\/2021\/06\/ACC-MEL-768x439.png 768w, https:\/\/www.radiopiu.net\/wordpress\/wp-content\/uploads\/2021\/06\/ACC-MEL.png 1376w\" sizes=\"auto, (max-width: 300px) 100vw, 300px\" \/><\/a>BORGO VALBELLUNA<\/strong> Un mese per trovare una soluzione per ACC. A comunicarlo \u00e8 Stefano Bona della FIOM CGIL di Belluno. &#8220;<em>30 giorni. \u00c8 cominciata la conta finale per Acc, o si trova una soluzione oppure la pena capitale per Acc sar\u00e0 consumata. O succede qualcosa oppure il 20 Novembre prossimo Acc non esiste pi\u00f9. Cedere Acc ad un vero e spontaneo acquirente di mercato un impresa quasi disperata in tempi cos\u00ec compressi. Oppure fare quel che il MISE ed il Governo hanno sempre vanamente promesso, supportare finanziariamente Acc per consentire una cessione in tempi ragionevoli, entro l&#8217;estate del 2022, in condizioni meno penose, con pi\u00f9 volumi e con il nuovo prodotto industrializzato. Ora che il bluff sul 37 \u00e8 smascherato e al Governo restano due strade andare al 55 della Prodi senza l&#8217;ok di Bruxelles sfidando la procedura di infrazione oppure un salvataggio industriale, pilotato dalla mano pubblica, a tempo, con l&#8217;affitto del ramo d&#8217;azienda o a regime misto, con l&#8217;art.43 DL rilancio. Cosa aspetta il Ministero a convocare il tavolo? Dove sono tutti gli impegni e le promesse fatte a tutti i livelli istituzionali, provinciali, regionali, governativi e ministeriali? Davvero tutti pensano che le lavoratrici e i lavoratori e con loro le organizzazioni sindacali siano rassegnati alla chiusura, che non faremo nulla? Che non chiameremo a raccolta tutte le forze economiche e sociali della provincia che rischia e non solo per Acc una drammatica deindustrializzazione! 30 giorni, solo 30 giorni nei quali non mancherete di sentire le nostre voci<\/em>&#8220;.<\/p>\n<p>&nbsp;<\/p>\n<p>&nbsp;<\/p>\n<hr \/>\n<p>&nbsp;<\/p>\n<blockquote>\n<h3>IL CAI VENETO IN MARCIA PER LA DIFESA DELLE DOLOMITI<\/h3>\n<\/blockquote>\n<p><strong><a href=\"https:\/\/www.radiopiu.net\/wordpress\/adunanza-cai-a-la-marol\/cai-3\/\" rel=\"attachment wp-att-174710\"><img loading=\"lazy\" decoding=\"async\" class=\"size-full wp-image-174710 alignleft\" src=\"https:\/\/www.radiopiu.net\/wordpress\/wp-content\/uploads\/2020\/11\/cai.jpeg\" alt=\"\" width=\"225\" height=\"225\" srcset=\"https:\/\/www.radiopiu.net\/wordpress\/wp-content\/uploads\/2020\/11\/cai.jpeg 225w, https:\/\/www.radiopiu.net\/wordpress\/wp-content\/uploads\/2020\/11\/cai-150x150.jpeg 150w\" sizes=\"auto, (max-width: 225px) 100vw, 225px\" \/><\/a>VENEZIA<\/strong> Ci sara\u0300 anche il CAI Veneto alla manifestazione \u201cNON NEL MIO NOME\u201d promossa dalle piu\u0300 importanti associazioni ambientaliste in difesa delle Dolomiti. La marcia fissata per domenica 24 ottobre 2021 partira\u0300 da Cortina in piazza Venezia, ore 10:00, e ha lo scopo di sensibilizzare l\u2019opinione pubblica su quanto sta accadendo sulle montagne Venete, Trentine, Altoatesine e Friulane. Il CAI Veneto, con il supporto tecnico del Gruppo TAM Veneto Friulano Giuliano, ha da tempo manifestato la propria perplessita\u0300 e in alcuni casi la netta contrarieta\u0300 ai progetti di nuovi impianti e piste per collegare l\u2019Ampezzano con Arabba. Questo perche\u0301 si tratterebbe di un intervento massiccio, imponente e irreversibile che verrebbe realizzato su un\u2019area protetta dal delicato equilibrio ambientale. Inoltre la costruzione di edifici fortemente impattanti in alcune localita\u0300 quali passo Giau sarebbero un danno sia sul profilo paesaggistico che ambientale. Questi progetti non tengono conto dei principi di precauzione, cautela e rispetto dei beni comuni materiali e immateriali in luoghi Patrimonio dell\u2019Umanita\u0300 come le Dolomiti. Alla luce del cambiamento di tendenza delle richieste turistiche, il mercato sciistico negli ultimi anni e\u0300 in lento ma continuo declino, anche a fronte di un aumento dei costi di manutenzione (innevamento, bacini artificiali). Dati di fatto che devono far riflettere, specialmente nel contesto del cambiamento climatico. \u201c<em>Come CAI Veneto \u2013 sottolinea il Presidente Renato Frigo \u2013 pensiamo che il futuro del turismo in montagna debba cambiare strada, rendendo efficienti gli impianti esistenti e diversificando l\u2019offerta turistica. Bisogna che anche noi soci del CAI dimostriamo sensibilita\u0300 verso quei luoghi che da sempre frequentiamo e che ci regalano emozioni ineguagliabili ma che stanno correndo il rischio di essere snaturati da progetti insensati. Quindi, mai come in questo momento, e\u0300 importante partecipare a questa manifestazione facendo sentire la nostra voce di dissenso<\/em>\u201d.<\/p>\n<p>&nbsp;<\/p>\n<p>&nbsp;<\/p>\n<hr \/>\n<p>&nbsp;<\/p>\n<blockquote>\n<h3>POMPIERI VOLONTARI PRONTI PER L&#8217;EMERGENZA E PER L&#8217;ADDESTRAMENTO<\/h3>\n<\/blockquote>\n<p><strong>ALLEGHE<\/strong> Ben cinque vigili del fuoco effettivi del distaccamento di Caprile con due colleghi di Colle Santa Lucia e uno di Arabba di Livinallongo hanno partecipato e concluso un corso in tre giorni\u00a0 sull&#8217;utilizzo degli autoprotettori presso la scuola provinciale antincendi di Vilpiano in provincia di Bolzano<em> &#8220;Abbiamo svolto sia ore teoriche che pratiche che hanno testato e messo alla prova le nostre capacit\u00e0 organizzative e comportamentali da tenere durante l&#8217;utilizzo dell&#8217;autoprotettore&#8221;<\/em> confermano i partecipanti all&#8217;importante corso \u00a0in lingua italiana con pompieri volontari provenienti anche\u00a0 dal Trentino, Belluno, Milano, Trieste e Alto Adige<em>. &#8220;Auguriamo a tutti i partecipanti di tornare sempre a casa sani e salvi dagli interventi che in futuro svolgeranno per la sicurezza della popolazione&#8221;<\/em> concludono gli organizzatori alto atesini.<\/p>\n<p><span style=\"color: #ff0000;\">foto pagina facebook Pompieri Volontari Caprile<\/span><\/p>\n\n\t\t\t<style type='text\/css'>\n\t\t\t\t#gallery-7 {\n\t\t\t\t\tmargin: auto;\n\t\t\t\t}\n\t\t\t\t#gallery-7 .gallery-item {\n\t\t\t\t\tfloat: left;\n\t\t\t\t\tmargin-top: 10px;\n\t\t\t\t\ttext-align: center;\n\t\t\t\t\twidth: 33%;\n\t\t\t\t}\n\t\t\t\t#gallery-7 img {\n\t\t\t\t\tborder: 2px solid #cfcfcf;\n\t\t\t\t}\n\t\t\t\t#gallery-7 .gallery-caption {\n\t\t\t\t\tmargin-left: 0;\n\t\t\t\t}\n\t\t\t\t\/* see gallery_shortcode() in wp-includes\/media.php *\/\n\t\t\t<\/style>\n\t\t<div id='gallery-7' class='dt-gallery-container gallery galleryid-238155 gallery-columns-3 gallery-size-thumbnail'><dl class='gallery-item'>\n\t\t\t\t<dt class='gallery-icon landscape'>\n\t\t\t\t\t<a class=\"rollover rollover-zoom dt-pswp-item\" title=\"246482654_4590671080992901_8185468967803146319_n\" data-dt-img-description=\"\" data-large_image_width=\"592\" data-large_image_height=\"296\"href='https:\/\/www.radiopiu.net\/wordpress\/wp-content\/uploads\/2021\/10\/246482654_4590671080992901_8185468967803146319_n.jpg'><img loading=\"lazy\" decoding=\"async\" width=\"150\" height=\"150\" src=\"https:\/\/www.radiopiu.net\/wordpress\/wp-content\/uploads\/2021\/10\/246482654_4590671080992901_8185468967803146319_n-150x150.jpg\" class=\"attachment-thumbnail size-thumbnail\" alt=\"\" \/><\/a>\n\t\t\t\t<\/dt><\/dl><dl class='gallery-item'>\n\t\t\t\t<dt class='gallery-icon landscape'>\n\t\t\t\t\t<a class=\"rollover rollover-zoom dt-pswp-item\" title=\"246491050_4590670570992952_4745591173344224412_n\" data-dt-img-description=\"\" data-large_image_width=\"600\" data-large_image_height=\"367\"href='https:\/\/www.radiopiu.net\/wordpress\/wp-content\/uploads\/2021\/10\/246491050_4590670570992952_4745591173344224412_n.jpg'><img loading=\"lazy\" decoding=\"async\" width=\"150\" height=\"150\" src=\"https:\/\/www.radiopiu.net\/wordpress\/wp-content\/uploads\/2021\/10\/246491050_4590670570992952_4745591173344224412_n-150x150.jpg\" class=\"attachment-thumbnail size-thumbnail\" alt=\"\" \/><\/a>\n\t\t\t\t<\/dt><\/dl><dl class='gallery-item'>\n\t\t\t\t<dt class='gallery-icon landscape'>\n\t\t\t\t\t<a class=\"rollover rollover-zoom dt-pswp-item\" title=\"247136133_4590671587659517_1275983200052933531_n\" data-dt-img-description=\"\" data-large_image_width=\"598\" data-large_image_height=\"315\"href='https:\/\/www.radiopiu.net\/wordpress\/wp-content\/uploads\/2021\/10\/247136133_4590671587659517_1275983200052933531_n.jpg'><img loading=\"lazy\" decoding=\"async\" width=\"150\" height=\"150\" src=\"https:\/\/www.radiopiu.net\/wordpress\/wp-content\/uploads\/2021\/10\/247136133_4590671587659517_1275983200052933531_n-150x150.jpg\" class=\"attachment-thumbnail size-thumbnail\" alt=\"\" \/><\/a>\n\t\t\t\t<\/dt><\/dl><br style=\"clear: both\" \/>\n\t\t\t<\/div>\n\n<p>&nbsp;<\/p>\n<p>&nbsp;<\/p>\n<hr \/>\n<blockquote>\n<h3><strong>\u00a0<\/strong><\/h3>\n<h3><strong>FUOCHI DELL&#8217;AUTONOMIA 2021, APPUNTAMENTO PER\u00a0 <\/strong><strong>DOMENICA IN NEVEGAL 4\u00b0 GIORNATA DELL&#8217;AUTONOMIA<\/strong><\/h3>\n<\/blockquote>\n<p style=\"text-align: left;\"><strong><a href=\"https:\/\/www.radiopiu.net\/wordpress\/giornale-radiopiu-22-ottobre-2021-direttore-mirko-mezzacasa\/th-223\/\" rel=\"attachment wp-att-238217\"><img loading=\"lazy\" decoding=\"async\" class=\"size-full wp-image-238217 alignleft\" src=\"https:\/\/www.radiopiu.net\/wordpress\/wp-content\/uploads\/2021\/10\/th-20.jpg\" alt=\"\" width=\"154\" height=\"115\" \/><\/a>BELLUNO<\/strong>\u00a0 Compiono dieci anni i tradizionali \u201cfuochi dell&#8217;autonomia\u201d, organizzati dal movimento Belluno Autonoma Regione Dolomiti, che per questa edizione si accenderanno domani. Lo slogan per l&#8217;edizione 2021: \u201cL&#8217;autonomia non finisce con la pandemia\u201d. Domenica mattina a Belluno, al Ristoro Parco Pineta del Nevegal, 4^ Giornata dell&#8217;Autonomia. Interverranno\u00a0 Giancarlo Cor\u00f2 docente di economia applicata a Ca\u2019 Foscari, Renato Mason, Segretario della Cgia di Mestre,\u00a0 Gian Angelo Bellati presidente di Longarone Fiere Dolomiti,\u00a0 Silvia Conte esperta in economia del turismo Dario Stevanato docente di diritto tributario all\u2019Universit\u00e0 di Trieste, Silvia Muttoni avvocato, Diego Cason\u00a0 sociologo, Matteo Macilotti sindaco di Chiampo,\u00a0 Antonino Trimarchi, responsabile Centro Studi nazionale Card e Simonetta Rubinato del Bard. Per partecipare in presenza all&#8217;incontro \u00e8 richiesta la prenotazione entro le 12 di oggi\u00a0 alla mail <a href=\"mailto:venetoperleautonomie@gmail.com\">venetoperleautonomie@gmail.com<\/a>.<\/p>\n<p><strong>ANDREA BONA, PRESIDENTE DEL BARD<\/strong><\/p>\n<audio class=\"wp-audio-shortcode\" id=\"audio-238155-5\" preload=\"none\" style=\"width: 100%;\" controls=\"controls\"><source type=\"audio\/mpeg\" src=\"https:\/\/www.radiopiu.net\/wordpress\/wp-content\/uploads\/2021\/10\/ANDREA-BONA-BARD.mp3?_=5\" \/><a href=\"https:\/\/www.radiopiu.net\/wordpress\/wp-content\/uploads\/2021\/10\/ANDREA-BONA-BARD.mp3\">https:\/\/www.radiopiu.net\/wordpress\/wp-content\/uploads\/2021\/10\/ANDREA-BONA-BARD.mp3<\/a><\/audio>\n<p>&nbsp;<\/p>\n<hr \/>\n<p>&nbsp;<\/p>\n<p>&nbsp;<\/p>\n<blockquote>\n<h3>UNCEM AL GOVERNO E AL PARLAMENTO: PROLUNGARE AL 2025 TUTTI I BONUS PER LA RIGENERAZIONE DEL PATRIMONIO EDILIZIO.<\/h3>\n<\/blockquote>\n<p><strong><a href=\"https:\/\/www.radiopiu.net\/wordpress\/giornale-radiopiu-06-novembre-2020-direttore-mirko-mezzacasa\/logouncem_no_scritta-wdtr\/\" rel=\"attachment wp-att-170846\"><img loading=\"lazy\" decoding=\"async\" class=\" wp-image-170846 alignleft\" src=\"https:\/\/www.radiopiu.net\/wordpress\/wp-content\/uploads\/2020\/11\/logoUNCEM_no_scritta-wdtr-300x300.jpg\" alt=\"\" width=\"176\" height=\"176\" srcset=\"https:\/\/www.radiopiu.net\/wordpress\/wp-content\/uploads\/2020\/11\/logoUNCEM_no_scritta-wdtr-300x300.jpg 300w, https:\/\/www.radiopiu.net\/wordpress\/wp-content\/uploads\/2020\/11\/logoUNCEM_no_scritta-wdtr-150x150.jpg 150w, https:\/\/www.radiopiu.net\/wordpress\/wp-content\/uploads\/2020\/11\/logoUNCEM_no_scritta-wdtr.jpg 640w\" sizes=\"auto, (max-width: 176px) 100vw, 176px\" \/><\/a>ROMA<\/strong>\u00a0 \u00a0I bonus per l&#8217;edilizia devono essere prolungati sino al 2025. Sismabonus, Ecobonus, Bonus Facciate, Ristrutturazioni e 110% che rafforza i primi due. Uncem lo chiede al Parlamento e al Governo. No all&#8217;estensione solo ai condomini. Si all&#8217;estensione a tutti gli immobili, le unifamigliari in primis, comprese le seconde case e gli alberghi. <em>&#8220;Non basta la proroga, annunciata qualche ora fa per i condomini. Non devono essere escluse le unifamiliari. Significherebbe &#8211; evidenzia il Presidente nazionale Uncem Marco Bussone &#8211; escludere proprio i centri storici, specie nelle aree a rischio sismico e nelle aree montane dove invece vanno investite le risorse. Gli indicatori ci dicono che tutti i bonus, compresi quelli per gli interventi antisismici e per le facciate, stanno determinando un aumento del Pil riscontrando anche l\u2019apprezzamento delle famiglie, dalle associazioni di categoria e quelle che tutelano l\u2019ambiente. Per questo tutta Uncem chiede al Governo e al Parlamento di prorogare gli attuali bonus con efficacia e guardando a come \u00e8 fatto il Paese<\/em>. <em>Le propriet\u00e0 unifamigliari sono predominanti all&#8217;esterno dei centri urbani. Rafforzare i bonus, modello importante a livello comunitario, permette di rigenerare i patrimoni immobiliari dei nostri paesi, trasformandoli, e generando lavoro. Non si perda questa occasione. Uncem \u00e8 disponibile a lavorare con le Istituzioni su questo fronte&#8221;.<\/em><\/p>\n<p>&nbsp;<\/p>\n<hr \/>\n<p>&nbsp;<\/p>\n<blockquote>\n<h3>BONUS PER L&#8217;EDILIZIA: ERRORE GRAVISSIMO NON PREVEDERE LA PROROGA ANCHE PER LE ABITAZIONI FAMILIARI. SCOPEL: \u201cTERRITORI DI MONTAGNA E DECENTRATI ANCORA UNA VOLTA PENALIZZATI\u201d<\/h3>\n<\/blockquote>\n<p><strong><a href=\"https:\/\/www.radiopiu.net\/wordpress\/bonus-per-ledilizia-errore-gravissimo-non-prevedere-la-proroga-anche-per-le-abitazioni-familiari-scopel-territori-di-montagna-e-decentrati-ancora-una-volta-penalizzati\/3c7c506a-3abc-4bc2-a13b-fc889528eebb\/\" rel=\"attachment wp-att-238285\"><img loading=\"lazy\" decoding=\"async\" class=\"size-medium wp-image-238285 alignleft\" src=\"https:\/\/www.radiopiu.net\/wordpress\/wp-content\/uploads\/2021\/10\/3c7c506a-3abc-4bc2-a13b-fc889528eebb-300x170.jpg\" alt=\"\" width=\"300\" height=\"170\" srcset=\"https:\/\/www.radiopiu.net\/wordpress\/wp-content\/uploads\/2021\/10\/3c7c506a-3abc-4bc2-a13b-fc889528eebb-300x170.jpg 300w, https:\/\/www.radiopiu.net\/wordpress\/wp-content\/uploads\/2021\/10\/3c7c506a-3abc-4bc2-a13b-fc889528eebb.jpg 313w\" sizes=\"auto, (max-width: 300px) 100vw, 300px\" \/><\/a>BELLUNO<\/strong> C&#8217;\u00e8 una norma, all&#8217;interno della Manovra di Bilancio per il 2022, che potrebbe influire e non poco sulla salute dell&#8217;economia nazionale, ma anche di quelle locali, nonch\u00e9 sulle tasche di moltissimi cittadini e di un intero settore. Il riferimento \u00e8 alla proroga, che parrebbe solo parziale, di alcuni bonus per l&#8217;edilizia, che tanto impulso stanno dando in questi mesi alla ripresa. Una battaglia che \u00e8 dunque non solo di equit\u00e0 amministrativa e sociale, ma anche di evidente utilit\u00e0 sul piano della sicurezza e del recupero degli immobili esistenti, anche in chiave turistica e ambientale, e che \u00e8 gi\u00e0 stata fatta propria da molti enti, tra cui l&#8217;UNCEM.<\/p>\n<p><strong>DARIO SCOPEL, COORDINATORE PROVINCIALE DI FORZA ITALIA<\/strong><\/p>\n<audio class=\"wp-audio-shortcode\" id=\"audio-238155-6\" preload=\"none\" style=\"width: 100%;\" controls=\"controls\"><source type=\"audio\/mpeg\" src=\"https:\/\/www.radiopiu.net\/wordpress\/wp-content\/uploads\/2021\/10\/SCOPEL-EDILIZIA.mp3?_=6\" \/><a href=\"https:\/\/www.radiopiu.net\/wordpress\/wp-content\/uploads\/2021\/10\/SCOPEL-EDILIZIA.mp3\">https:\/\/www.radiopiu.net\/wordpress\/wp-content\/uploads\/2021\/10\/SCOPEL-EDILIZIA.mp3<\/a><\/audio>\n<p>&nbsp;<\/p>\n<hr \/>\n<p>&nbsp;<\/p>\n<blockquote>\n<h3>STRATEGIA \u201cFARM TO FORK\u201d IL PARLAMENTO APPROVA IL RAPPORTO DORFMANN<\/h3>\n<\/blockquote>\n<p><a href=\"https:\/\/www.radiopiu.net\/wordpress\/giornale-radiopiu-22-febbraio-2020-direttore-mirko-mezzacasa\/herbert-dorfmann-2-1\/\" rel=\"attachment wp-att-118435\"><img loading=\"lazy\" decoding=\"async\" class=\"wp-image-118435 alignleft\" src=\"https:\/\/www.radiopiu.net\/wordpress\/wp-content\/uploads\/2020\/02\/Herbert-Dorfmann-2-1-300x200.jpg\" alt=\"\" width=\"207\" height=\"138\" srcset=\"https:\/\/www.radiopiu.net\/wordpress\/wp-content\/uploads\/2020\/02\/Herbert-Dorfmann-2-1-300x200.jpg 300w, https:\/\/www.radiopiu.net\/wordpress\/wp-content\/uploads\/2020\/02\/Herbert-Dorfmann-2-1-1024x682.jpg 1024w, https:\/\/www.radiopiu.net\/wordpress\/wp-content\/uploads\/2020\/02\/Herbert-Dorfmann-2-1-768x512.jpg 768w, https:\/\/www.radiopiu.net\/wordpress\/wp-content\/uploads\/2020\/02\/Herbert-Dorfmann-2-1-1536x1024.jpg 1536w, https:\/\/www.radiopiu.net\/wordpress\/wp-content\/uploads\/2020\/02\/Herbert-Dorfmann-2-1.jpg 2000w\" sizes=\"auto, (max-width: 207px) 100vw, 207px\" \/><\/a><strong>BRUXELLES<\/strong> Il Parlamento Europeo approva il \u201cRapporto Dorfmann\u201d sulla strategia Farm To Fork, nota anche come strategia \u201cdal produttore al consumatore\u201d: \u00e8 stato infatti l\u2019europarlamentare Herbert Dorfmann il relatore per il Parlamento europeo di questa strategia. Il suo rapporto \u00e8 stato discusso luned\u00ec a Strasburgo ed approvato poi dalla plenaria. Il Green Deal \u00e8 il piano dell\u2019Unione europea per raggiungere la neutralit\u00e0 climatica entro il 2020: un elemento importante di questo progetto \u00e8 questa strategia agricola, con la quale l\u2019Unione Europea si impegna a rendere cibo e bevande pi\u00f9 sani, a continuare a garantire la sicurezza alimentare del continente, ad assicurare una giusta retribuzione agli agricoltori e, pi\u00f9 in generale, a perseguire un\u2019agricoltura sempre pi\u00f9 sostenibile.<\/p>\n<blockquote><p><strong>L&#8217;EUROPARLAMENTARE HERBERT DORFMANN AI MICROFONI DI RADIO PIU&#8217;<\/strong><\/p><\/blockquote>\n<audio class=\"wp-audio-shortcode\" id=\"audio-238155-7\" preload=\"none\" style=\"width: 100%;\" controls=\"controls\"><source type=\"audio\/mpeg\" src=\"https:\/\/www.radiopiu.net\/wordpress\/wp-content\/uploads\/2021\/10\/Dorfmann-Farm-to-Fork.mp3?_=7\" \/><a href=\"https:\/\/www.radiopiu.net\/wordpress\/wp-content\/uploads\/2021\/10\/Dorfmann-Farm-to-Fork.mp3\">https:\/\/www.radiopiu.net\/wordpress\/wp-content\/uploads\/2021\/10\/Dorfmann-Farm-to-Fork.mp3<\/a><\/audio>\n<p>&nbsp;<\/p>\n<p>&nbsp;<\/p>\n<hr \/>\n<p>&nbsp;<\/p>\n<blockquote>\n<h3>ALTRI 1,4 MILIONI DI EURO AL COMUNE DI BELLUNO PER IL PIANO DI RIGENERAZIONE URBANA<\/h3>\n<\/blockquote>\n<p>di Moreno Gioli<\/p>\n<audio class=\"wp-audio-shortcode\" id=\"audio-238155-8\" preload=\"none\" style=\"width: 100%;\" controls=\"controls\"><source type=\"audio\/mpeg\" src=\"https:\/\/www.radiopiu.net\/wordpress\/wp-content\/uploads\/2021\/10\/GIOLI-RIGENERAZIONE-URBANA-BELLUNO.mp3?_=8\" \/><a href=\"https:\/\/www.radiopiu.net\/wordpress\/wp-content\/uploads\/2021\/10\/GIOLI-RIGENERAZIONE-URBANA-BELLUNO.mp3\">https:\/\/www.radiopiu.net\/wordpress\/wp-content\/uploads\/2021\/10\/GIOLI-RIGENERAZIONE-URBANA-BELLUNO.mp3<\/a><\/audio>\n<p>&nbsp;<\/p>\n<p><strong><a href=\"https:\/\/www.radiopiu.net\/wordpress\/giornale-radiopiu-13-ottobre-2021-direttore-mirko-mezzacasa\/piazza-martiri-belluno-2\/\" rel=\"attachment wp-att-235813\"><img loading=\"lazy\" decoding=\"async\" class=\" wp-image-235813 alignleft\" src=\"https:\/\/www.radiopiu.net\/wordpress\/wp-content\/uploads\/2021\/10\/PIAZZA-MARTIRI-BELLUNO-300x200.jpg\" alt=\"\" width=\"197\" height=\"131\" srcset=\"https:\/\/www.radiopiu.net\/wordpress\/wp-content\/uploads\/2021\/10\/PIAZZA-MARTIRI-BELLUNO-300x200.jpg 300w, https:\/\/www.radiopiu.net\/wordpress\/wp-content\/uploads\/2021\/10\/PIAZZA-MARTIRI-BELLUNO-1024x682.jpg 1024w, https:\/\/www.radiopiu.net\/wordpress\/wp-content\/uploads\/2021\/10\/PIAZZA-MARTIRI-BELLUNO-768x511.jpg 768w, https:\/\/www.radiopiu.net\/wordpress\/wp-content\/uploads\/2021\/10\/PIAZZA-MARTIRI-BELLUNO.jpg 1364w\" sizes=\"auto, (max-width: 197px) 100vw, 197px\" \/><\/a>BELLUNO<\/strong> Buone notizie dal punto di vista economico per il piano di rigenerazione urbana del Comune di Belluno: all&#8217;annuncio del prossimo arrivo di 1,4 milioni di euro di rimborsi per le spese gi\u00e0 sostenute, si affianca quello del riconoscimento dei ribassi d&#8217;asta dei progetti gi\u00e0 avviati, per una cifra che si aggira attorno agli 1,4 milioni. Queste nuove risorse consentiranno di coprire i maggiori costi dei cantieri dovuti all&#8217;emergenza Covid e alle modifiche ai progetti in corso d&#8217;opera.<\/p>\n<p>&nbsp;<\/p>\n<p><strong>FRANCO FRISON, ASSESSORE ALLA RIGENERAZIONE URBANA DEL COMUNE DI BELLUNO<\/strong><\/p>\n<audio class=\"wp-audio-shortcode\" id=\"audio-238155-9\" preload=\"none\" style=\"width: 100%;\" controls=\"controls\"><source type=\"audio\/mpeg\" src=\"https:\/\/www.radiopiu.net\/wordpress\/wp-content\/uploads\/2021\/10\/FRANCO-FRISON-PIANO-RIGENERAZIONE-URBANA.mp3?_=9\" \/><a href=\"https:\/\/www.radiopiu.net\/wordpress\/wp-content\/uploads\/2021\/10\/FRANCO-FRISON-PIANO-RIGENERAZIONE-URBANA.mp3\">https:\/\/www.radiopiu.net\/wordpress\/wp-content\/uploads\/2021\/10\/FRANCO-FRISON-PIANO-RIGENERAZIONE-URBANA.mp3<\/a><\/audio>\n<p>&nbsp;<\/p>\n<hr \/>\n<p>&nbsp;<\/p>\n<blockquote>\n<h3><strong>SOCIALE. AI CONSULTORI FAMILIARI VENETI OLTRE 1.867.000 EURO PER IL SOSTEGNO A GENITORIALITA\u2019 E NATALITA\u2019<\/strong><\/h3>\n<\/blockquote>\n<p>&nbsp;<\/p>\n<p><strong><a href=\"https:\/\/www.radiopiu.net\/wordpress\/giornale-radiopiu-22-ottobre-2021-direttore-mirko-mezzacasa\/consultori-familiari\/\" rel=\"attachment wp-att-238270\"><img loading=\"lazy\" decoding=\"async\" class=\"size-medium wp-image-238270 alignleft\" src=\"https:\/\/www.radiopiu.net\/wordpress\/wp-content\/uploads\/2021\/10\/consultori-familiari-300x168.jpg\" alt=\"\" width=\"300\" height=\"168\" srcset=\"https:\/\/www.radiopiu.net\/wordpress\/wp-content\/uploads\/2021\/10\/consultori-familiari-300x168.jpg 300w, https:\/\/www.radiopiu.net\/wordpress\/wp-content\/uploads\/2021\/10\/consultori-familiari.jpg 640w\" sizes=\"auto, (max-width: 300px) 100vw, 300px\" \/><\/a>VENEZIA<\/strong>\u00a0 \u00a0La Giunta regionale ha adottato il piano operativo 2021 per il sostegno della natalit\u00e0 e della genitorialit\u00e0 nell\u2019ambito delle competenze dei consultori familiari. Il provvedimento destina a quest\u2019ultime strutture delle Aziende sanitarie del Veneto la somma di 1.867.352,39 euro, ripartito in modo proporzionale alla popolazione residente. Il programma di sostegno della natalit\u00e0 e della genitorialit\u00e0 nell\u2019ambito delle competenze sociali dei Consultori familiari delle 9 Aziende ULSS del Veneto si pone in continuit\u00e0 con le iniziative gi\u00e0 attivate nel territorio dalla Regione. Il piano, infatti, ha l\u2019obiettivo specifico di accompagnare la neo-genitorialit\u00e0 e la genitorialit\u00e0 nelle diverse fasi del ciclo di vita: sostenere il ruolo del genitore sul piano educativo e relazionale, nonch\u00e9 implementare le sue competenze nella gestione della quotidianit\u00e0 familiare e dei relativi conflitti; promuovere la capacit\u00e0 della figura materna di favorire l\u2019attaccamento del bambino quale suo bisogno primario alla nascita; prevenire o ridurre gli esiti negativi delle pi\u00f9 frequenti condizioni di criticit\u00e0 dei legami familiari, costituite: dal rischio di depressione post-partum nelle neo-mamme; dalle conflittualit\u00e0 e dalle contese sui figli durante la separazione coniugale; dalle crisi adolescenziali dei figli; dalla difficolt\u00e0 di integrazione per le famiglie immigrate; prevenire o ridurre forme di isolamento sociale dei nuclei familiari, esasperate dalla pandemia in corso.<\/p>\n<p>&nbsp;<\/p>\n<hr \/>\n<p>&nbsp;<\/p>\n<p><strong>FESTEGGIATI IERI I 101 ANNI DI FIORETTA ANCHE L&#8217;AMMINISTRAZIONE COMUNALE DI CANALE D&#8217;AGORDO HA INVIATO I MESSAGGI DI AUGURI ALLA NONNINA DI CANALE D&#8217;AGORDO<\/strong><\/p>\n<p><a href=\"https:\/\/www.radiopiu.net\/wordpress\/giornale-radiopiu-22-ottobre-2021-direttore-mirko-mezzacasa\/247555445_4838808119462485_1988654273627824860_n\/\" rel=\"attachment wp-att-238384\"><img loading=\"lazy\" decoding=\"async\" class=\"alignnone wp-image-238384\" src=\"https:\/\/www.radiopiu.net\/wordpress\/wp-content\/uploads\/2021\/10\/247555445_4838808119462485_1988654273627824860_n-225x300.jpg\" alt=\"\" width=\"164\" height=\"219\" srcset=\"https:\/\/www.radiopiu.net\/wordpress\/wp-content\/uploads\/2021\/10\/247555445_4838808119462485_1988654273627824860_n-225x300.jpg 225w, https:\/\/www.radiopiu.net\/wordpress\/wp-content\/uploads\/2021\/10\/247555445_4838808119462485_1988654273627824860_n.jpg 450w\" sizes=\"auto, (max-width: 164px) 100vw, 164px\" \/><\/a><\/p>\n<p>&nbsp;<\/p>\n<p>&nbsp;<\/p>\n<p>&nbsp;<\/p>\n<hr \/>\n<p>&nbsp;<\/p>\n<blockquote class=\"wp-embedded-content\" data-secret=\"9XHeRkW8tP\"><p><a href=\"https:\/\/www.radiopiu.net\/wordpress\/aggiornamentoott2111\/\">CORONAVIRUS: AGGIORNAMENTO NAZIONALE 21 OTTOBRE  2021<\/a><\/p><\/blockquote>\n<p><iframe loading=\"lazy\" class=\"wp-embedded-content\" sandbox=\"allow-scripts\" security=\"restricted\" style=\"position: absolute; clip: rect(1px, 1px, 1px, 1px);\" title=\"&#8220;CORONAVIRUS: AGGIORNAMENTO NAZIONALE 21 OTTOBRE  2021&#8221; &#8212; Radio Pi\u00f9\" src=\"https:\/\/www.radiopiu.net\/wordpress\/aggiornamentoott2111\/embed\/#?secret=9XHeRkW8tP\" data-secret=\"9XHeRkW8tP\" width=\"600\" height=\"338\" frameborder=\"0\" marginwidth=\"0\" marginheight=\"0\" scrolling=\"no\"><\/iframe><\/p>\n<p>&nbsp;<\/p>\n<blockquote class=\"wp-embedded-content\" data-secret=\"SC3JmsPUgy\"><p><a href=\"https:\/\/www.radiopiu.net\/wordpress\/covid2110\/\">QUATTRO DECESSI PER COVID NELLE ULTIME 24 ORE, A BELLUNO 6 NUOVI CASI, 6 I PAZIENTI IN OSPEDALE<\/a><\/p><\/blockquote>\n<p><iframe loading=\"lazy\" class=\"wp-embedded-content\" sandbox=\"allow-scripts\" security=\"restricted\" style=\"position: absolute; clip: rect(1px, 1px, 1px, 1px);\" title=\"&#8220;QUATTRO DECESSI PER COVID NELLE ULTIME 24 ORE, A BELLUNO 6 NUOVI CASI, 6 I PAZIENTI IN OSPEDALE&#8221; &#8212; Radio Pi\u00f9\" src=\"https:\/\/www.radiopiu.net\/wordpress\/covid2110\/embed\/#?secret=SC3JmsPUgy\" data-secret=\"SC3JmsPUgy\" width=\"600\" height=\"338\" frameborder=\"0\" marginwidth=\"0\" marginheight=\"0\" scrolling=\"no\"><\/iframe><\/p>\n<p>&nbsp;<\/p>\n<h2>I GRAFICI DI TIZIANO DE COL<\/h2>\n\n\t\t\t<style type='text\/css'>\n\t\t\t\t#gallery-8 {\n\t\t\t\t\tmargin: auto;\n\t\t\t\t}\n\t\t\t\t#gallery-8 .gallery-item {\n\t\t\t\t\tfloat: left;\n\t\t\t\t\tmargin-top: 10px;\n\t\t\t\t\ttext-align: center;\n\t\t\t\t\twidth: 20%;\n\t\t\t\t}\n\t\t\t\t#gallery-8 img {\n\t\t\t\t\tborder: 2px solid #cfcfcf;\n\t\t\t\t}\n\t\t\t\t#gallery-8 .gallery-caption {\n\t\t\t\t\tmargin-left: 0;\n\t\t\t\t}\n\t\t\t\t\/* see gallery_shortcode() in wp-includes\/media.php *\/\n\t\t\t<\/style>\n\t\t<div id='gallery-8' class='dt-gallery-container gallery galleryid-238155 gallery-columns-5 gallery-size-medium'><dl class='gallery-item'>\n\t\t\t\t<dt class='gallery-icon landscape'>\n\t\t\t\t\t<a class=\"rollover rollover-zoom dt-pswp-item\" title=\"fe2c61b6-c713-418a-bc40-07cec25112b8\" data-dt-img-description=\"\" data-large_image_width=\"590\" data-large_image_height=\"356\"href='https:\/\/www.radiopiu.net\/wordpress\/wp-content\/uploads\/2021\/10\/fe2c61b6-c713-418a-bc40-07cec25112b8.jpg'><img loading=\"lazy\" decoding=\"async\" width=\"300\" height=\"181\" src=\"https:\/\/www.radiopiu.net\/wordpress\/wp-content\/uploads\/2021\/10\/fe2c61b6-c713-418a-bc40-07cec25112b8-300x181.jpg\" class=\"attachment-medium size-medium\" alt=\"\" srcset=\"https:\/\/www.radiopiu.net\/wordpress\/wp-content\/uploads\/2021\/10\/fe2c61b6-c713-418a-bc40-07cec25112b8-300x181.jpg 300w, https:\/\/www.radiopiu.net\/wordpress\/wp-content\/uploads\/2021\/10\/fe2c61b6-c713-418a-bc40-07cec25112b8.jpg 590w\" sizes=\"auto, (max-width: 300px) 100vw, 300px\" \/><\/a>\n\t\t\t\t<\/dt><\/dl><dl class='gallery-item'>\n\t\t\t\t<dt class='gallery-icon landscape'>\n\t\t\t\t\t<a class=\"rollover rollover-zoom dt-pswp-item\" title=\"c2083479-93a1-4740-95d0-56779a668ebf\" data-dt-img-description=\"\" data-large_image_width=\"612\" data-large_image_height=\"366\"href='https:\/\/www.radiopiu.net\/wordpress\/wp-content\/uploads\/2021\/10\/c2083479-93a1-4740-95d0-56779a668ebf.jpg'><img loading=\"lazy\" decoding=\"async\" width=\"300\" height=\"179\" src=\"https:\/\/www.radiopiu.net\/wordpress\/wp-content\/uploads\/2021\/10\/c2083479-93a1-4740-95d0-56779a668ebf-300x179.jpg\" class=\"attachment-medium size-medium\" alt=\"\" srcset=\"https:\/\/www.radiopiu.net\/wordpress\/wp-content\/uploads\/2021\/10\/c2083479-93a1-4740-95d0-56779a668ebf-300x179.jpg 300w, https:\/\/www.radiopiu.net\/wordpress\/wp-content\/uploads\/2021\/10\/c2083479-93a1-4740-95d0-56779a668ebf.jpg 612w\" sizes=\"auto, (max-width: 300px) 100vw, 300px\" \/><\/a>\n\t\t\t\t<\/dt><\/dl><dl class='gallery-item'>\n\t\t\t\t<dt class='gallery-icon landscape'>\n\t\t\t\t\t<a class=\"rollover rollover-zoom dt-pswp-item\" title=\"9a75c0b5-dfbe-4a4a-8eba-21b992d0e4ec\" data-dt-img-description=\"\" data-large_image_width=\"612\" data-large_image_height=\"355\"href='https:\/\/www.radiopiu.net\/wordpress\/wp-content\/uploads\/2021\/10\/9a75c0b5-dfbe-4a4a-8eba-21b992d0e4ec.jpg'><img loading=\"lazy\" decoding=\"async\" width=\"300\" height=\"174\" src=\"https:\/\/www.radiopiu.net\/wordpress\/wp-content\/uploads\/2021\/10\/9a75c0b5-dfbe-4a4a-8eba-21b992d0e4ec-300x174.jpg\" class=\"attachment-medium size-medium\" alt=\"\" srcset=\"https:\/\/www.radiopiu.net\/wordpress\/wp-content\/uploads\/2021\/10\/9a75c0b5-dfbe-4a4a-8eba-21b992d0e4ec-300x174.jpg 300w, https:\/\/www.radiopiu.net\/wordpress\/wp-content\/uploads\/2021\/10\/9a75c0b5-dfbe-4a4a-8eba-21b992d0e4ec.jpg 612w\" sizes=\"auto, (max-width: 300px) 100vw, 300px\" \/><\/a>\n\t\t\t\t<\/dt><\/dl><dl class='gallery-item'>\n\t\t\t\t<dt class='gallery-icon landscape'>\n\t\t\t\t\t<a class=\"rollover rollover-zoom dt-pswp-item\" title=\"46d50894-6d4e-4370-8a59-d378c1bb2282\" data-dt-img-description=\"\" data-large_image_width=\"600\" data-large_image_height=\"358\"href='https:\/\/www.radiopiu.net\/wordpress\/wp-content\/uploads\/2021\/10\/46d50894-6d4e-4370-8a59-d378c1bb2282.jpg'><img loading=\"lazy\" decoding=\"async\" width=\"300\" height=\"179\" src=\"https:\/\/www.radiopiu.net\/wordpress\/wp-content\/uploads\/2021\/10\/46d50894-6d4e-4370-8a59-d378c1bb2282-300x179.jpg\" class=\"attachment-medium size-medium\" alt=\"\" srcset=\"https:\/\/www.radiopiu.net\/wordpress\/wp-content\/uploads\/2021\/10\/46d50894-6d4e-4370-8a59-d378c1bb2282-300x179.jpg 300w, https:\/\/www.radiopiu.net\/wordpress\/wp-content\/uploads\/2021\/10\/46d50894-6d4e-4370-8a59-d378c1bb2282.jpg 600w\" sizes=\"auto, (max-width: 300px) 100vw, 300px\" \/><\/a>\n\t\t\t\t<\/dt><\/dl><dl class='gallery-item'>\n\t\t\t\t<dt class='gallery-icon landscape'>\n\t\t\t\t\t<a class=\"rollover rollover-zoom dt-pswp-item\" title=\"d50e4382-63e3-45a8-80c4-08a21cb92ca4\" data-dt-img-description=\"\" data-large_image_width=\"600\" data-large_image_height=\"358\"href='https:\/\/www.radiopiu.net\/wordpress\/wp-content\/uploads\/2021\/10\/d50e4382-63e3-45a8-80c4-08a21cb92ca4.jpg'><img loading=\"lazy\" decoding=\"async\" width=\"300\" height=\"179\" src=\"https:\/\/www.radiopiu.net\/wordpress\/wp-content\/uploads\/2021\/10\/d50e4382-63e3-45a8-80c4-08a21cb92ca4-300x179.jpg\" class=\"attachment-medium size-medium\" alt=\"\" srcset=\"https:\/\/www.radiopiu.net\/wordpress\/wp-content\/uploads\/2021\/10\/d50e4382-63e3-45a8-80c4-08a21cb92ca4-300x179.jpg 300w, https:\/\/www.radiopiu.net\/wordpress\/wp-content\/uploads\/2021\/10\/d50e4382-63e3-45a8-80c4-08a21cb92ca4.jpg 600w\" sizes=\"auto, (max-width: 300px) 100vw, 300px\" \/><\/a>\n\t\t\t\t<\/dt><\/dl><br style=\"clear: both\" \/>\n\t\t\t<\/div>\n\n<p>&nbsp;<\/p>\n<hr \/>\n<p>&nbsp;<\/p>\n<blockquote>\n<h3>ULSS 1 DOLOMITI: CONVENZIONE CON L\u2019AZIENDA OSPEDALIERA DI PADOVA PER PRESTAZIONI DI NEUROLOGIA E POTENZIAMENTO DELLA PNEUMOLOGIA<\/h3>\n<\/blockquote>\n<p><strong><a href=\"https:\/\/www.radiopiu.net\/wordpress\/monoclonali-pronti-per-la-somministrazione-in-ulss-1-dolomiti\/ulss-1-2\/\" rel=\"attachment wp-att-198838\"><img loading=\"lazy\" decoding=\"async\" class=\"size-medium wp-image-198838 alignleft\" src=\"https:\/\/www.radiopiu.net\/wordpress\/wp-content\/uploads\/2021\/03\/ULSS-1-300x158.jpg\" alt=\"\" width=\"300\" height=\"158\" srcset=\"https:\/\/www.radiopiu.net\/wordpress\/wp-content\/uploads\/2021\/03\/ULSS-1-300x158.jpg 300w, https:\/\/www.radiopiu.net\/wordpress\/wp-content\/uploads\/2021\/03\/ULSS-1-768x404.jpg 768w, https:\/\/www.radiopiu.net\/wordpress\/wp-content\/uploads\/2021\/03\/ULSS-1.jpg 776w\" sizes=\"auto, (max-width: 300px) 100vw, 300px\" \/><\/a>BELLUNO <\/strong>L\u2019Ulss Dolomiti ha attivato una convenzione con l\u2019Azienda Ospedaliera Padova per potenziare negli ospedali bellunesi l\u2019attivit\u00e0 di medici specialisti in neurologia. I medici padovani presteranno servizio con 1- 2 accessi mensili di 1 ora ciascuno, che potranno essere svolti in entrambe le Neurologie dell\u2019Ulss Dolomiti. La convenzione con l\u2019Azienda Ospedaliera, oltre a garantire la copertura dei turni, sar\u00e0 occasione di scambio di competenze e di esperienze oltre che di confronto con altri professionisti che apporta sempre una crescita professionale. Nell\u2019ambito del piano per il potenziamento della rete ospedaliera presentato in attuazione delle indicazioni del Commissario Straordinario all\u2019emergenza Covid, \u00e8 stato approvato il progetto esecutivo per l\u2019adeguamento di 20 posti letto a terapia semi intensiva della Pneumologia di Belluno. L\u2019unit\u00e0 operativa, che ha affrontato in prima linea l\u2019emergenza Covid, \u00a0curando anche in questi mesi i pazienti che necessitavano di ventilazione non invasiva, vedr\u00e0 cos\u00ec migliorata e modernizzata la dotazione tecnologica con ulteriore beneficio\/confort per i pazienti. L\u2019intervento, nel suo complesso, prevede un investimento di oltre 815 mila euro per l\u2019adeguamento impiantistico e strutturale e la direzione lavori. Inoltre, \u00e8 stata indetta una procedura negoziata per l\u2019acquisto di\u00a0 19 letti elettrici per le Terapie Intensive dell\u2019Ulss Dolomiti. L\u2019importo a base d\u2019asta \u00e8 342 mila euro, a cui si aggiunge l\u2019opzione di acquisto di accessori e ulteriori 10 letti per un importo complessivo di 248 mila euro. I particolari letti elettrici, progettati in modo specifico per le Terapie Intensive, dovranno avere particolari caratteristiche tecniche per la maggiore sicurezza e beneficio per il paziente e\u00a0 gli operatori.<\/p>\n<p>&nbsp;<\/p>\n<p>&nbsp;<\/p>\n<hr \/>\n<p>&nbsp;<\/p>\n<blockquote>\n<h3>SOPRALLUOGO DI PROVINCIA E PROTEZIONE CIVILE SUI TERRITORI COLPITI DAL MALTEMPO DEL DICEMBRE 2020<\/h3>\n<\/blockquote>\n<p><strong>BELLUNO<\/strong> Ieri\u00a0 mattina in Alpago i tecnici del Dipartimento nazionale e regionale di Protezione Civile hanno verificato gli effetti del maltempo del 5-9 dicembre 2020 e constatato l\u2019avanzamento dei lavori di ripristino messi in campo negli ultimi mesi. Nel sopralluogo, sono stati accompagnati dai tecnici della Provincia, insieme al consigliere provinciale delegato alla difesa del suolo e alla Protezione Civile Massimo Bortoluzzi.<\/p>\n<p><strong>IL CONSIGLIERE PROVINCIALE MASSIMO BORTOLUZZI<\/strong><\/p>\n<audio class=\"wp-audio-shortcode\" id=\"audio-238155-10\" preload=\"none\" style=\"width: 100%;\" controls=\"controls\"><source type=\"audio\/mpeg\" src=\"https:\/\/www.radiopiu.net\/wordpress\/wp-content\/uploads\/2021\/10\/MASSIMO-BORTOLUZZI.mp3?_=10\" \/><a href=\"https:\/\/www.radiopiu.net\/wordpress\/wp-content\/uploads\/2021\/10\/MASSIMO-BORTOLUZZI.mp3\">https:\/\/www.radiopiu.net\/wordpress\/wp-content\/uploads\/2021\/10\/MASSIMO-BORTOLUZZI.mp3<\/a><\/audio>\n<p>&nbsp;<\/p>\n\n\t\t\t<style type='text\/css'>\n\t\t\t\t#gallery-9 {\n\t\t\t\t\tmargin: auto;\n\t\t\t\t}\n\t\t\t\t#gallery-9 .gallery-item {\n\t\t\t\t\tfloat: left;\n\t\t\t\t\tmargin-top: 10px;\n\t\t\t\t\ttext-align: center;\n\t\t\t\t\twidth: 25%;\n\t\t\t\t}\n\t\t\t\t#gallery-9 img {\n\t\t\t\t\tborder: 2px solid #cfcfcf;\n\t\t\t\t}\n\t\t\t\t#gallery-9 .gallery-caption {\n\t\t\t\t\tmargin-left: 0;\n\t\t\t\t}\n\t\t\t\t\/* see gallery_shortcode() in wp-includes\/media.php *\/\n\t\t\t<\/style>\n\t\t<div id='gallery-9' class='dt-gallery-container gallery galleryid-238155 gallery-columns-4 gallery-size-thumbnail'><dl class='gallery-item'>\n\t\t\t\t<dt class='gallery-icon portrait'>\n\t\t\t\t\t<a class=\"rollover rollover-zoom dt-pswp-item\" title=\"ef901748-f65a-4071-9efe-e14bba0d0b1b\" data-dt-img-description=\"\" data-large_image_width=\"768\" data-large_image_height=\"1024\"href='https:\/\/www.radiopiu.net\/wordpress\/wp-content\/uploads\/2021\/10\/ef901748-f65a-4071-9efe-e14bba0d0b1b.jpg'><img loading=\"lazy\" decoding=\"async\" width=\"150\" height=\"150\" src=\"https:\/\/www.radiopiu.net\/wordpress\/wp-content\/uploads\/2021\/10\/ef901748-f65a-4071-9efe-e14bba0d0b1b-150x150.jpg\" class=\"attachment-thumbnail size-thumbnail\" alt=\"\" \/><\/a>\n\t\t\t\t<\/dt><\/dl><dl class='gallery-item'>\n\t\t\t\t<dt class='gallery-icon portrait'>\n\t\t\t\t\t<a class=\"rollover rollover-zoom dt-pswp-item\" title=\"83f9dc65-1567-46f5-91d5-2475f55fafe8\" data-dt-img-description=\"\" data-large_image_width=\"768\" data-large_image_height=\"1024\"href='https:\/\/www.radiopiu.net\/wordpress\/wp-content\/uploads\/2021\/10\/83f9dc65-1567-46f5-91d5-2475f55fafe8.jpg'><img loading=\"lazy\" decoding=\"async\" width=\"150\" height=\"150\" src=\"https:\/\/www.radiopiu.net\/wordpress\/wp-content\/uploads\/2021\/10\/83f9dc65-1567-46f5-91d5-2475f55fafe8-150x150.jpg\" class=\"attachment-thumbnail size-thumbnail\" alt=\"\" \/><\/a>\n\t\t\t\t<\/dt><\/dl><dl class='gallery-item'>\n\t\t\t\t<dt class='gallery-icon portrait'>\n\t\t\t\t\t<a class=\"rollover rollover-zoom dt-pswp-item\" title=\"30830448-10f2-46a7-8b8a-c2bb0823a502\" data-dt-img-description=\"\" data-large_image_width=\"768\" data-large_image_height=\"1024\"href='https:\/\/www.radiopiu.net\/wordpress\/wp-content\/uploads\/2021\/10\/30830448-10f2-46a7-8b8a-c2bb0823a502.jpg'><img loading=\"lazy\" decoding=\"async\" width=\"150\" height=\"150\" src=\"https:\/\/www.radiopiu.net\/wordpress\/wp-content\/uploads\/2021\/10\/30830448-10f2-46a7-8b8a-c2bb0823a502-150x150.jpg\" class=\"attachment-thumbnail size-thumbnail\" alt=\"\" \/><\/a>\n\t\t\t\t<\/dt><\/dl><dl class='gallery-item'>\n\t\t\t\t<dt class='gallery-icon portrait'>\n\t\t\t\t\t<a class=\"rollover rollover-zoom dt-pswp-item\" title=\"a69ff327-bdf0-4966-ba2f-5490d328934a\" data-dt-img-description=\"\" data-large_image_width=\"768\" data-large_image_height=\"1024\"href='https:\/\/www.radiopiu.net\/wordpress\/wp-content\/uploads\/2021\/10\/a69ff327-bdf0-4966-ba2f-5490d328934a.jpg'><img loading=\"lazy\" decoding=\"async\" width=\"150\" height=\"150\" src=\"https:\/\/www.radiopiu.net\/wordpress\/wp-content\/uploads\/2021\/10\/a69ff327-bdf0-4966-ba2f-5490d328934a-150x150.jpg\" class=\"attachment-thumbnail size-thumbnail\" alt=\"\" \/><\/a>\n\t\t\t\t<\/dt><\/dl><br style=\"clear: both\" \/><dl class='gallery-item'>\n\t\t\t\t<dt class='gallery-icon portrait'>\n\t\t\t\t\t<a class=\"rollover rollover-zoom dt-pswp-item\" title=\"02ece197-79c5-47b2-982c-a986ab19b2ed\" data-dt-img-description=\"\" data-large_image_width=\"768\" data-large_image_height=\"1024\"href='https:\/\/www.radiopiu.net\/wordpress\/wp-content\/uploads\/2021\/10\/02ece197-79c5-47b2-982c-a986ab19b2ed.jpg'><img loading=\"lazy\" decoding=\"async\" width=\"150\" height=\"150\" src=\"https:\/\/www.radiopiu.net\/wordpress\/wp-content\/uploads\/2021\/10\/02ece197-79c5-47b2-982c-a986ab19b2ed-150x150.jpg\" class=\"attachment-thumbnail size-thumbnail\" alt=\"\" \/><\/a>\n\t\t\t\t<\/dt><\/dl><dl class='gallery-item'>\n\t\t\t\t<dt class='gallery-icon portrait'>\n\t\t\t\t\t<a class=\"rollover rollover-zoom dt-pswp-item\" title=\"23799d1b-6484-4ac5-b305-c25fd215d722\" data-dt-img-description=\"\" data-large_image_width=\"768\" data-large_image_height=\"1024\"href='https:\/\/www.radiopiu.net\/wordpress\/wp-content\/uploads\/2021\/10\/23799d1b-6484-4ac5-b305-c25fd215d722.jpg'><img loading=\"lazy\" decoding=\"async\" width=\"150\" height=\"150\" src=\"https:\/\/www.radiopiu.net\/wordpress\/wp-content\/uploads\/2021\/10\/23799d1b-6484-4ac5-b305-c25fd215d722-150x150.jpg\" class=\"attachment-thumbnail size-thumbnail\" alt=\"\" \/><\/a>\n\t\t\t\t<\/dt><\/dl><dl class='gallery-item'>\n\t\t\t\t<dt class='gallery-icon portrait'>\n\t\t\t\t\t<a class=\"rollover rollover-zoom dt-pswp-item\" title=\"353af638-396e-438e-b8f9-da1a9a13c2e0\" data-dt-img-description=\"\" data-large_image_width=\"768\" data-large_image_height=\"1024\"href='https:\/\/www.radiopiu.net\/wordpress\/wp-content\/uploads\/2021\/10\/353af638-396e-438e-b8f9-da1a9a13c2e0.jpg'><img loading=\"lazy\" decoding=\"async\" width=\"150\" height=\"150\" src=\"https:\/\/www.radiopiu.net\/wordpress\/wp-content\/uploads\/2021\/10\/353af638-396e-438e-b8f9-da1a9a13c2e0-150x150.jpg\" class=\"attachment-thumbnail size-thumbnail\" alt=\"\" \/><\/a>\n\t\t\t\t<\/dt><\/dl>\n\t\t\t\t<br style='clear: both' \/>\n\t\t\t<\/div>\n\n<p>&nbsp;<\/p>\n<p>&nbsp;<\/p>\n<hr \/>\n<p>&nbsp;<\/p>\n<blockquote>\n<h3>DILLO A RADIO PIU&#8217;&#8230; ASSEMBRAMENTI E VIAGGI IN PIEDI TRA CURVE, SASSI, CERVI<\/h3>\n<\/blockquote>\n<p><strong>REDAZIONE<\/strong> Sono note le criticit\u00e0 delle strade da e per l&#8217;Agordino, ungulati a spasso, curve a gomito, sassi improvvisamente sulla sede stradale e via discorrendo. Chi si ritrova sul pullman senza un posto a sedere spesso diventa l&#8217;equilibrista del momento pur pagando il normale biglietto (o abbonamento) senza un servizio puntuale. Per non parlare dell&#8217;uno&#8230; sull&#8217;altro altro <a href=\"https:\/\/www.radiopiu.net\/wordpress\/dillo-a-radio-piu-assembramenti-e-viaggi-in-piedi-tra-curve-sassi-cervi\/bf599aee-5592-4dd3-8e03-3f34add09d33\/\" rel=\"attachment wp-att-238232\"><img loading=\"lazy\" decoding=\"async\" class=\"size-medium wp-image-238232 alignleft\" src=\"https:\/\/www.radiopiu.net\/wordpress\/wp-content\/uploads\/2021\/10\/bf599aee-5592-4dd3-8e03-3f34add09d33-225x300.jpg\" alt=\"\" width=\"225\" height=\"300\" srcset=\"https:\/\/www.radiopiu.net\/wordpress\/wp-content\/uploads\/2021\/10\/bf599aee-5592-4dd3-8e03-3f34add09d33-225x300.jpg 225w, https:\/\/www.radiopiu.net\/wordpress\/wp-content\/uploads\/2021\/10\/bf599aee-5592-4dd3-8e03-3f34add09d33-768x1024.jpg 768w, https:\/\/www.radiopiu.net\/wordpress\/wp-content\/uploads\/2021\/10\/bf599aee-5592-4dd3-8e03-3f34add09d33-1152x1536.jpg 1152w, https:\/\/www.radiopiu.net\/wordpress\/wp-content\/uploads\/2021\/10\/bf599aee-5592-4dd3-8e03-3f34add09d33.jpg 1200w\" sizes=\"auto, (max-width: 225px) 100vw, 225px\" \/><\/a>che distanza di un metro per\u00a0 covid. Eppure nessuno interviene, silenzio completo. Fortunatamente\u00a0 qualcuno ha il coraggio di denunciare la situazione come quella di ieri (foto) sulla corsa che da Agordo alle 12.50 sale verso la Valle del Biois.<br \/>\nUna mamma giustamente preoccupata ci scrive:<\/p>\n<blockquote><p><em>Questa la situazione ieri nel primo pomeriggio ed al mattino tutto questo ripete con cadenza quotidiana.\u00a0 Quando mia figlia sale a\u00a0 Vallada\u00a0 la corriera che arriva da Falcade \u00e8 gi\u00e0 piena.\u00a0 Non trovo sicuro viaggiare in piedi su tratti di strada provinciale (limite\u00a0 90 chilometri orari)\u00a0 dov&#8217;\u00e8 la sicurezza? E le norme covid? Per mia figlia pago un abbonamento ed esigo che il servizio sia quello che ci aspettiamo non un viaggio in piedi sballottati qua e l\u00e0.\u00a0 \u00a0E&#8217; una questione di sicurezza, altro che prevenzione qui si rischia di contare i danni. La cosa ridicola \u00e8 quella di predisporre posti a sedere con le cinture si sicurezza&#8230;e poi la legge permette di viaggiare in piedi, in caso di frenata brusca che succeder\u00e0?\u00a0\u00a0<\/em><\/p><\/blockquote>\n<p>&nbsp;<\/p>\n<hr \/>\n<p>&nbsp;<\/p>\n<blockquote>\n<h3>DILLO A RADIO PIU&#8217;&#8230; LAVORI A REGOLA D&#8217;ARTE<\/h3>\n<\/blockquote>\n<p><strong>CENCENIGHE\u00a0 <\/strong>Pista ciclabile in prossimit\u00e0 del cartello che indica il paese.\u00a0 Quanto resister\u00e0? Le scommesse sono aperte.<\/p>\n<p><a href=\"https:\/\/www.radiopiu.net\/wordpress\/dillo-a-radio-piu-lavori-a-regola-darte\/f1e8fd0e-7c11-4276-b4c7-3a3bc6782edb\/\" rel=\"attachment wp-att-238237\"><img loading=\"lazy\" decoding=\"async\" class=\"alignnone wp-image-238237 \" src=\"https:\/\/www.radiopiu.net\/wordpress\/wp-content\/uploads\/2021\/10\/f1e8fd0e-7c11-4276-b4c7-3a3bc6782edb-768x1024.jpg\" alt=\"\" width=\"130\" height=\"173\" srcset=\"https:\/\/www.radiopiu.net\/wordpress\/wp-content\/uploads\/2021\/10\/f1e8fd0e-7c11-4276-b4c7-3a3bc6782edb-768x1024.jpg 768w, https:\/\/www.radiopiu.net\/wordpress\/wp-content\/uploads\/2021\/10\/f1e8fd0e-7c11-4276-b4c7-3a3bc6782edb-225x300.jpg 225w, https:\/\/www.radiopiu.net\/wordpress\/wp-content\/uploads\/2021\/10\/f1e8fd0e-7c11-4276-b4c7-3a3bc6782edb-1152x1536.jpg 1152w, https:\/\/www.radiopiu.net\/wordpress\/wp-content\/uploads\/2021\/10\/f1e8fd0e-7c11-4276-b4c7-3a3bc6782edb.jpg 1536w\" sizes=\"auto, (max-width: 130px) 100vw, 130px\" \/><\/a><\/p>\n<p>&nbsp;<\/p>\n<p>&nbsp;<\/p>\n<hr \/>\n<p>&nbsp;<\/p>\n<blockquote>\n<h3><b>VALORIZZAZIONE DI TURISMO E CULTURA NEI BORGHI: LE ASSOCIAZIONI SIGLANO UN PROTOCOLLO D\u2019INTESA<\/b><\/h3>\n<\/blockquote>\n<p><strong><a href=\"https:\/\/www.radiopiu.net\/wordpress\/sottoguda-diventa-borgo-dog-ditalia\/chiesa-sottoguda-consorzio-turistico-marmolada-1\/\" rel=\"attachment wp-att-222102\"><img loading=\"lazy\" decoding=\"async\" class=\"size-medium wp-image-222102 alignleft\" src=\"https:\/\/www.radiopiu.net\/wordpress\/wp-content\/uploads\/2021\/07\/Chiesa-Sottoguda-Consorzio-Turistico-Marmolada-1-300x225.jpg\" alt=\"\" width=\"300\" height=\"225\" srcset=\"https:\/\/www.radiopiu.net\/wordpress\/wp-content\/uploads\/2021\/07\/Chiesa-Sottoguda-Consorzio-Turistico-Marmolada-1-300x225.jpg 300w, https:\/\/www.radiopiu.net\/wordpress\/wp-content\/uploads\/2021\/07\/Chiesa-Sottoguda-Consorzio-Turistico-Marmolada-1-768x576.jpg 768w, https:\/\/www.radiopiu.net\/wordpress\/wp-content\/uploads\/2021\/07\/Chiesa-Sottoguda-Consorzio-Turistico-Marmolada-1.jpg 1024w\" sizes=\"auto, (max-width: 300px) 100vw, 300px\" \/><\/a>ROMA <\/strong>Un tavolo di lavoro nazionale per la valorizzazione di turismo e cultura nei borghi promosso da ANCI, Borghi pi\u00f9 belli d\u2019Italia, Legambiente, Unione Nazionale Pro Loco d\u2019Italia e Touring Club Italiano, per unire i soggetti che da sempre si occupano di territorio e di promuovere politiche e azioni a favore dei borghi e dei piccoli comuni italiani. La piattaforma, attivata con un protocollo di intesa nato dal lavoro svolto in sinergia su molti temi inerenti borghi e piccoli comuni, nasce per rafforzare la collaborazione condividendo esperienze e conoscenze da mettere al servizio di una strategia e di progettazioni che rispondano alle esigenze che emergono dai territori, in un momento di forte sollecitazione di orientamento di fondi e policy che mancano di azioni di governance chiare e delineate. Il protocollo firmato dalle associazioni di riferimento \u00e8 stato presentato in conferenza stampa a Roma oggi gioved\u00ec 21 ottobre, presso la Sala Nassirya del Senato della Repubblica, alla presenza, tra gli altri del Sen. Questore Antonio De Poli, del Vice Presidente di ANCI, Roberto Pella, Luca Pastorino, Presidente della Commissione Turismo di ANCI, del Presidente di Borghi pi\u00f9 Belli di Italia, Fiorello Primi, del Direttore Generale di Legambiente Giorgio Zampetti, del Presidente di Unpli Antonino La Spina e di Giuseppe Roma, Vice Presidente Touring Club Italiano. Le organizzazioni firmatarie intendono collaborare, ognuna secondo le sue competenze e specificit\u00e0, per la creazione di un coordinamento sul tema dei borghi, dandosi come missione istituzionale di favorire politiche e azioni tese allo sviluppo economico e sociale delle comunit\u00e0 che vivono e lavorano nei borghi e nei piccoli comuni, direttamente o con specifici programmi.<\/p>\n<p>&nbsp;<\/p>\n<p>&nbsp;<\/p>\n<hr \/>\n<p>&nbsp;<\/p>\n<blockquote>\n<h3>DAL 1976 LA MESSA PER I CADUTI DELLA MONTAGNA, DOMENICA 31 OTTOBRE AD AGORDO<\/h3>\n<\/blockquote>\n<p><strong>AGORDO<\/strong>\u00a0 Anche quest&#8217;anno per iniziativa del Coro Agordo i Caduti in montagna saranno ricordati con una celebrazione religiosa accompagnata dai canti del Coro Agordo (che organizza il ricordo) nell&#8217;Arcidiaconale della citt\u00e0. Anche quest&#8217;anno la celebrazione sar\u00e0 trasmessa in tutto il mondo sulle frequenze FM e sullo streaming di Radio Pi\u00f9, in video sui canali facebook e telegram (RADIO PIU INFORMAZIONE). I posti a sedere in chiesa saranno distanziati come da norme anti covid, ridotti nel numero disponibile. E&#8217; dunque importante la comunicazione anticipata di quanti vorranno partecipare (347 8883140, mail coroagordo@libero.it). A causa della pandemia il consueto ritrovato al termine della messa nella sede del Coro non si terr\u00e0.<\/p>\n<p>&nbsp;<\/p>\n<p>&nbsp;<\/p>\n<hr \/>\n<p>&nbsp;<\/p>\n<blockquote>\n<h3>LAMON, DALLE ORIGINI ANTICHISSIME E PEDAVENA CON BIRRERIA E LE VILLE<\/h3>\n<\/blockquote>\n<p><strong>di RENATO BONA<\/strong><\/p>\n<p>Ci siamo occupati nei giorni scorsi &#8211; dopo l\u2019esordio con \u201cFeltre piccola citt\u00e0 degli uomini grandi\u201d &#8211; di Alano di Piave, e, sempre in ordine alfabetico &#8211; di Arsi\u00e8, Cesiomaggiore e Fonzaso. In questa occasione ci soffermiamo sui comuni di Arsi\u00e8 e Pedavena, accompagnati in questo viaggio sui generis dal libro-guida \u201cFeltre e il feltrino\u201d con i testi di Sergio Claut e Gigi Bertoldin e la grafica dello studio Scottini, edito anni fa dall\u2019Azienda di promozione turistica del Feltrino con la \u201cPanfilo Castaldi srl\u201d (fotolito di Artistudio, fotografie di: Scottini, Frescura, Dalla Corte, Resegatti, Fuss, Nicolao, Claut, Merli, Bortolot, Facchinato, Passarella, Perco, Zandonella, Doglioni, Lasen, Svegliado, Callegaro, Vaccari, Bertoldin e Quick Time). Eccoci dunque a Lamon dove l\u2019abitato &#8211; puntualizzano gli autori &#8211; \u201csi sviluppa sulla terrazza prativa compresa tra i solchi tracciati dai torrenti Senaiga e Cismon, sotto la piatta cresta rocciosa del monte Coppolo\u201d che si eleva a quota 2058. Quanto agli abitanti, circa la met\u00e0 \u00e8 distribuita nel centro, il resto nelle frazioni, una ventina, alcune anche parecchio distanti dal paese come nel caso di Arina e San Donato, a circa nove chilometri dal capoluogo, \u201cricordate per le loro peculiari caratteristiche tipologie architettoniche e organizzazione urbanistica, con abitazioni ancora ben conservate\u201d, come pu\u00f2 notare il visitatore. Da segnalare, a pochi chilometri da San Donato, le grotte carsiche della localit\u00e0 Val Nuvola, al confine tra le province di Belluno e Trento. Proprio in queste grotte &#8211; viene opportunamente segnalato &#8211; \u201cPochi anni fa venne ritrovato uno scheletro intatto dell\u2019Ursus spelaeus attualmente esposto nell\u2019atrio del Municipio\u201d. Quanto alle origini dell\u2019abitato lamonese si legge che \u201crisalgono ad epoche antichissime, forse pre-romane. In et\u00e0 imperiale Lamon era attraversato dalla via Claudia Augusta Altinate, strada militare che collegava l\u2019emporio adriatico di Quarto d\u2019Altino con il Danubio, costruita nel primo secolo dopo Cristo, della quale sono visibili ancor oggi alcuni tratti\u201d. Si specifica quindi che \u201cDue sono gli edifici di particolare interesse artistico: le chiese di san Pietro e di san Daniele\u201d. La prima, sul colle omonimo sarebbe sorta sulle rovine di un accampamento romano. All\u2019interno furono rinvenuti affreschi cinquecenteschi probabilmente opera di Marco da Mel, e vi sono tele di Pietro Marascalchi, Frigimelica, Zocco e Zigantello. E vi \u00e8 conservato un prezioso organo settecentesco. La chiesa di San Daniele sorge invece al centro del paese. Risale al \u2018600 e fu eretta su una preesistente cappella; caratteristico il campanile a guglia. L\u2019interno era impreziosito da tele che oggi sono custodite nella nuova parrocchiale e nella casa canonica. Fra gli autori, il bassanese G.B. Volpato ed il bellunese Giroalmo Moech. Non pi\u00f9 luogo di culto, l\u2019ex edificio sacro \u00e8 utilizzato per concerti, conferenze, esposizioni. La Canonica conserva il prezioso calice argenteo del Diacono Orso, uno dei pi\u00f9 antichi dell\u2019Occidente, risalente al V-VI secolo e \u201cfortunosamente ritrovato nel 1836 in un anfratto roccioso nei pressi di San Donato, ma forse di provenienza esterna a quest\u2019area\u201d. Di notevole interesse dal punto di vista turistico, la Grotta di San Donato, visitabile solo con accompagnatori esperti del posto che illustreranno in un\u2019ora e mezza le caratteristiche concrezioni calcaree dagli affascinanti colori, gli stretti passaggi, ruscelli, laghetti, saloni, sifoni e quant\u2019altro. Concludiamo la tappa sottolineando che Lamon, in passato quarto paese della provincia di Belluno, in conseguenza del continuo calo di popolazione col passaggio dalla realt\u00e0 agricola a quella industriale ha registrato l\u2019abbandono di una storica attivit\u00e0 come la pastorizia. E la stessa produzione del famoso fagiolo nelle variet\u00e0 \u201ccalonega\u201d e \u201cspagnolet\u201d \u00e8 praticata su scala molto ridotta. Ed eccoci a Pedavena dove ricche e nobili famiglie feltrine eressero sui colli la propria residenza costruendovi case padronali e sontuose ville nelle quali tra \u2018600 e \u2018700 \u201csi svolse una fervida vita mondana e culturale che attrasse anche la nobilt\u00e0 veneta oltre a quella locale\u201d. Su tutte \u201cpretende una visita la Villa Pas\u00f2le eretta nel XVII in forme grandiose, inconsuete nel bellunese, da una delle pi\u00f9 influenti famiglie feltrine che proprio sulle montagne sopra Pedavena possedevano boschi e terre. Vi ebbe sede l\u2019Accademia degli Erranti che nei saloni e nel parco della residenza discussero d\u2019arte, filosofia e letteratura. La villa \u00e8 circondata da un grande parco-giardino con peschiera\u201d. La guida ricorda poi che \u201cPedavena \u00e8 anche meta turistica per al vicina Birreria, attiva dal secolo scorso, cui sono annessi vasti e singolari locali dalle pareti grandiosamente dipinte, scaloni, colonne, banconi di mescita in rame. Di sicuro interesse il grandioso affresco del \u201cGiardino d\u2019inverno\u201d opera di Walter Resenterra, ispirata alle leggende dolomitiche narrate da Wolf. L\u2019offerta turistica \u00e8 rappresentata anche da \u201cuna trama continua di strade consente di visitare le colline circostanti con villaggi, rustici e ville; le chiese conservano qualche opera d\u2019interesse locale\u201d. E poi ecco il Monte Avena (1454 metri) o il Col Melon dove sono installati impianti di risalita a servire piste di discesa. D\u2019estate poi funzionano alcune malghe con alpeggio mentre facili sentieri consentono riposanti passeggiate tra le praterie ed i boschi con vista continua sulla vallata del Piave e le Vette Feltrine.<\/p>\n<p>&nbsp;<\/p>\n<p>&nbsp;<\/p>\n\n\t\t\t<style type='text\/css'>\n\t\t\t\t#gallery-10 {\n\t\t\t\t\tmargin: auto;\n\t\t\t\t}\n\t\t\t\t#gallery-10 .gallery-item {\n\t\t\t\t\tfloat: left;\n\t\t\t\t\tmargin-top: 10px;\n\t\t\t\t\ttext-align: center;\n\t\t\t\t\twidth: 14%;\n\t\t\t\t}\n\t\t\t\t#gallery-10 img {\n\t\t\t\t\tborder: 2px solid #cfcfcf;\n\t\t\t\t}\n\t\t\t\t#gallery-10 .gallery-caption {\n\t\t\t\t\tmargin-left: 0;\n\t\t\t\t}\n\t\t\t\t\/* see gallery_shortcode() in wp-includes\/media.php *\/\n\t\t\t<\/style>\n\t\t<div id='gallery-10' class='dt-gallery-container gallery galleryid-238155 gallery-columns-7 gallery-size-thumbnail'><dl class='gallery-item'>\n\t\t\t\t<dt class='gallery-icon landscape'>\n\t\t\t\t\t<a class=\"rollover rollover-zoom dt-pswp-item\" title=\"246854647_283748020337046_6233980951556848928_n\" data-dt-img-description=\"\" data-large_image_width=\"228\" data-large_image_height=\"200\"href='https:\/\/www.radiopiu.net\/wordpress\/wp-content\/uploads\/2021\/10\/246854647_283748020337046_6233980951556848928_n.jpg'><img loading=\"lazy\" decoding=\"async\" width=\"150\" height=\"150\" src=\"https:\/\/www.radiopiu.net\/wordpress\/wp-content\/uploads\/2021\/10\/246854647_283748020337046_6233980951556848928_n-150x150.jpg\" class=\"attachment-thumbnail size-thumbnail\" alt=\"\" \/><\/a>\n\t\t\t\t<\/dt><\/dl><dl class='gallery-item'>\n\t\t\t\t<dt class='gallery-icon portrait'>\n\t\t\t\t\t<a class=\"rollover rollover-zoom dt-pswp-item\" title=\"247223002_2704715466488006_827295822851774937_n\" data-dt-img-description=\"\" data-large_image_width=\"153\" data-large_image_height=\"315\"href='https:\/\/www.radiopiu.net\/wordpress\/wp-content\/uploads\/2021\/10\/247223002_2704715466488006_827295822851774937_n.jpg'><img loading=\"lazy\" decoding=\"async\" width=\"150\" height=\"150\" src=\"https:\/\/www.radiopiu.net\/wordpress\/wp-content\/uploads\/2021\/10\/247223002_2704715466488006_827295822851774937_n-150x150.jpg\" class=\"attachment-thumbnail size-thumbnail\" alt=\"\" \/><\/a>\n\t\t\t\t<\/dt><\/dl><dl class='gallery-item'>\n\t\t\t\t<dt class='gallery-icon portrait'>\n\t\t\t\t\t<a class=\"rollover rollover-zoom dt-pswp-item\" title=\"247092107_1015980255801414_2977039035415984586_n\" data-dt-img-description=\"\" data-large_image_width=\"160\" data-large_image_height=\"534\"href='https:\/\/www.radiopiu.net\/wordpress\/wp-content\/uploads\/2021\/10\/247092107_1015980255801414_2977039035415984586_n.jpg'><img loading=\"lazy\" decoding=\"async\" width=\"150\" height=\"150\" src=\"https:\/\/www.radiopiu.net\/wordpress\/wp-content\/uploads\/2021\/10\/247092107_1015980255801414_2977039035415984586_n-150x150.jpg\" class=\"attachment-thumbnail size-thumbnail\" alt=\"\" \/><\/a>\n\t\t\t\t<\/dt><\/dl><dl class='gallery-item'>\n\t\t\t\t<dt class='gallery-icon portrait'>\n\t\t\t\t\t<a class=\"rollover rollover-zoom dt-pswp-item\" title=\"247183992_313134813484542_6891608603329853053_n\" data-dt-img-description=\"\" data-large_image_width=\"155\" data-large_image_height=\"260\"href='https:\/\/www.radiopiu.net\/wordpress\/wp-content\/uploads\/2021\/10\/247183992_313134813484542_6891608603329853053_n.jpg'><img loading=\"lazy\" decoding=\"async\" width=\"150\" height=\"150\" src=\"https:\/\/www.radiopiu.net\/wordpress\/wp-content\/uploads\/2021\/10\/247183992_313134813484542_6891608603329853053_n-150x150.jpg\" class=\"attachment-thumbnail size-thumbnail\" alt=\"\" \/><\/a>\n\t\t\t\t<\/dt><\/dl><dl class='gallery-item'>\n\t\t\t\t<dt class='gallery-icon landscape'>\n\t\t\t\t\t<a class=\"rollover rollover-zoom dt-pswp-item\" title=\"247100226_457125359067874_434495590764007451_n\" data-dt-img-description=\"\" data-large_image_width=\"322\" data-large_image_height=\"206\"href='https:\/\/www.radiopiu.net\/wordpress\/wp-content\/uploads\/2021\/10\/247100226_457125359067874_434495590764007451_n.jpg'><img loading=\"lazy\" decoding=\"async\" width=\"150\" height=\"150\" src=\"https:\/\/www.radiopiu.net\/wordpress\/wp-content\/uploads\/2021\/10\/247100226_457125359067874_434495590764007451_n-150x150.jpg\" class=\"attachment-thumbnail size-thumbnail\" alt=\"\" \/><\/a>\n\t\t\t\t<\/dt><\/dl><dl class='gallery-item'>\n\t\t\t\t<dt class='gallery-icon landscape'>\n\t\t\t\t\t<a class=\"rollover rollover-zoom dt-pswp-item\" title=\"247487472_2935181676730604_1186343090631239744_n\" data-dt-img-description=\"\" data-large_image_width=\"400\" data-large_image_height=\"206\"href='https:\/\/www.radiopiu.net\/wordpress\/wp-content\/uploads\/2021\/10\/247487472_2935181676730604_1186343090631239744_n.jpg'><img loading=\"lazy\" decoding=\"async\" width=\"150\" height=\"150\" src=\"https:\/\/www.radiopiu.net\/wordpress\/wp-content\/uploads\/2021\/10\/247487472_2935181676730604_1186343090631239744_n-150x150.jpg\" class=\"attachment-thumbnail size-thumbnail\" alt=\"\" \/><\/a>\n\t\t\t\t<\/dt><\/dl><dl class='gallery-item'>\n\t\t\t\t<dt class='gallery-icon landscape'>\n\t\t\t\t\t<a class=\"rollover rollover-zoom dt-pswp-item\" title=\"247085040_1018540002276990_8375412579028026243_n\" data-dt-img-description=\"\" data-large_image_width=\"255\" data-large_image_height=\"206\"href='https:\/\/www.radiopiu.net\/wordpress\/wp-content\/uploads\/2021\/10\/247085040_1018540002276990_8375412579028026243_n.jpg'><img loading=\"lazy\" decoding=\"async\" width=\"150\" height=\"150\" src=\"https:\/\/www.radiopiu.net\/wordpress\/wp-content\/uploads\/2021\/10\/247085040_1018540002276990_8375412579028026243_n-150x150.jpg\" class=\"attachment-thumbnail size-thumbnail\" alt=\"\" \/><\/a>\n\t\t\t\t<\/dt><\/dl><br style=\"clear: both\" \/><dl class='gallery-item'>\n\t\t\t\t<dt class='gallery-icon portrait'>\n\t\t\t\t\t<a class=\"rollover rollover-zoom dt-pswp-item\" title=\"247049061_262930312287813_2946263308847761169_n\" data-dt-img-description=\"\" data-large_image_width=\"153\" data-large_image_height=\"225\"href='https:\/\/www.radiopiu.net\/wordpress\/wp-content\/uploads\/2021\/10\/247049061_262930312287813_2946263308847761169_n.jpg'><img loading=\"lazy\" decoding=\"async\" width=\"150\" height=\"150\" src=\"https:\/\/www.radiopiu.net\/wordpress\/wp-content\/uploads\/2021\/10\/247049061_262930312287813_2946263308847761169_n-150x150.jpg\" class=\"attachment-thumbnail size-thumbnail\" alt=\"\" \/><\/a>\n\t\t\t\t<\/dt><\/dl><dl class='gallery-item'>\n\t\t\t\t<dt class='gallery-icon portrait'>\n\t\t\t\t\t<a class=\"rollover rollover-zoom dt-pswp-item\" title=\"247590805_646497280089001_3543711949390955332_n\" data-dt-img-description=\"\" data-large_image_width=\"201\" data-large_image_height=\"206\"href='https:\/\/www.radiopiu.net\/wordpress\/wp-content\/uploads\/2021\/10\/247590805_646497280089001_3543711949390955332_n.jpg'><img loading=\"lazy\" decoding=\"async\" width=\"150\" height=\"150\" src=\"https:\/\/www.radiopiu.net\/wordpress\/wp-content\/uploads\/2021\/10\/247590805_646497280089001_3543711949390955332_n-150x150.jpg\" class=\"attachment-thumbnail size-thumbnail\" alt=\"\" \/><\/a>\n\t\t\t\t<\/dt><\/dl><dl class='gallery-item'>\n\t\t\t\t<dt class='gallery-icon landscape'>\n\t\t\t\t\t<a class=\"rollover rollover-zoom dt-pswp-item\" title=\"247185221_912675626037006_8960405884146167243_n\" data-dt-img-description=\"\" data-large_image_width=\"337\" data-large_image_height=\"206\"href='https:\/\/www.radiopiu.net\/wordpress\/wp-content\/uploads\/2021\/10\/247185221_912675626037006_8960405884146167243_n.jpg'><img loading=\"lazy\" decoding=\"async\" width=\"150\" height=\"150\" src=\"https:\/\/www.radiopiu.net\/wordpress\/wp-content\/uploads\/2021\/10\/247185221_912675626037006_8960405884146167243_n-150x150.jpg\" class=\"attachment-thumbnail size-thumbnail\" alt=\"\" \/><\/a>\n\t\t\t\t<\/dt><\/dl><dl class='gallery-item'>\n\t\t\t\t<dt class='gallery-icon landscape'>\n\t\t\t\t\t<a class=\"rollover rollover-zoom dt-pswp-item\" title=\"247454099_254696743263668_1926411117993264438_n\" data-dt-img-description=\"\" data-large_image_width=\"315\" data-large_image_height=\"206\"href='https:\/\/www.radiopiu.net\/wordpress\/wp-content\/uploads\/2021\/10\/247454099_254696743263668_1926411117993264438_n.jpg'><img loading=\"lazy\" decoding=\"async\" width=\"150\" height=\"150\" src=\"https:\/\/www.radiopiu.net\/wordpress\/wp-content\/uploads\/2021\/10\/247454099_254696743263668_1926411117993264438_n-150x150.jpg\" class=\"attachment-thumbnail size-thumbnail\" alt=\"\" \/><\/a>\n\t\t\t\t<\/dt><\/dl><dl class='gallery-item'>\n\t\t\t\t<dt class='gallery-icon landscape'>\n\t\t\t\t\t<a class=\"rollover rollover-zoom dt-pswp-item\" title=\"246884535_3054285874891127_4199090538441855547_n\" data-dt-img-description=\"\" data-large_image_width=\"260\" data-large_image_height=\"206\"href='https:\/\/www.radiopiu.net\/wordpress\/wp-content\/uploads\/2021\/10\/246884535_3054285874891127_4199090538441855547_n.jpg'><img loading=\"lazy\" decoding=\"async\" width=\"150\" height=\"150\" src=\"https:\/\/www.radiopiu.net\/wordpress\/wp-content\/uploads\/2021\/10\/246884535_3054285874891127_4199090538441855547_n-150x150.jpg\" class=\"attachment-thumbnail size-thumbnail\" alt=\"\" \/><\/a>\n\t\t\t\t<\/dt><\/dl><dl class='gallery-item'>\n\t\t\t\t<dt class='gallery-icon portrait'>\n\t\t\t\t\t<a class=\"rollover rollover-zoom dt-pswp-item\" title=\"246874364_167127395619608_8892207773393820600_n\" data-dt-img-description=\"\" data-large_image_width=\"150\" data-large_image_height=\"225\"href='https:\/\/www.radiopiu.net\/wordpress\/wp-content\/uploads\/2021\/10\/246874364_167127395619608_8892207773393820600_n.jpg'><img loading=\"lazy\" decoding=\"async\" width=\"150\" height=\"150\" src=\"https:\/\/www.radiopiu.net\/wordpress\/wp-content\/uploads\/2021\/10\/246874364_167127395619608_8892207773393820600_n-150x150.jpg\" class=\"attachment-thumbnail size-thumbnail\" alt=\"\" \/><\/a>\n\t\t\t\t<\/dt><\/dl><dl class='gallery-item'>\n\t\t\t\t<dt class='gallery-icon landscape'>\n\t\t\t\t\t<a class=\"rollover rollover-zoom dt-pswp-item\" title=\"247190410_345309607392310_2307756332603192985_n\" data-dt-img-description=\"\" data-large_image_width=\"387\" data-large_image_height=\"206\"href='https:\/\/www.radiopiu.net\/wordpress\/wp-content\/uploads\/2021\/10\/247190410_345309607392310_2307756332603192985_n.jpg'><img loading=\"lazy\" decoding=\"async\" width=\"150\" height=\"150\" src=\"https:\/\/www.radiopiu.net\/wordpress\/wp-content\/uploads\/2021\/10\/247190410_345309607392310_2307756332603192985_n-150x150.jpg\" class=\"attachment-thumbnail size-thumbnail\" alt=\"\" \/><\/a>\n\t\t\t\t<\/dt><\/dl><br style=\"clear: both\" \/>\n\t\t\t<\/div>\n\n<p>&nbsp;<\/p>\n<p>NELLE FOTO (riproduzioni dalla Guida \u201cFeltre e il Feltrino\u201d): dall\u2019alto, panoramica di Lamon; la chiesa di san Daniele; la chiesa di san Pietro; il fagiolo, simbolo di Lamon; scorcio della grotta di san Donato; e quello del lago del Senaiga; panoramica di Pedavena; la facciata di Villa Pasole; lo stabilimento della Birreria; l\u2019interno; particolare del giardino; Pedavena vista dall\u2019alto; Monte vena in versione invernale; obiettivo su Passo Croce d\u2019Aune.<\/p>\n<p>&nbsp;<\/p>\n<p>&nbsp;<\/p>\n<hr \/>\n<p>&nbsp;<\/p>\n<blockquote>\n<blockquote>\n<h3><a href=\"https:\/\/www.radiopiu.net\/wordpress\/giornale-radiopiu-08-ottobre-2021-direttore-mirko-mezzacasa\/museo-etnografico-attivita-gioco-1\/\" rel=\"attachment wp-att-235875\"><img loading=\"lazy\" decoding=\"async\" class=\"wp-image-235875 alignleft\" src=\"https:\/\/www.radiopiu.net\/wordpress\/wp-content\/uploads\/2021\/10\/museo-etnografico-attivita-gioco-1-300x225.jpg\" alt=\"\" width=\"177\" height=\"133\" srcset=\"https:\/\/www.radiopiu.net\/wordpress\/wp-content\/uploads\/2021\/10\/museo-etnografico-attivita-gioco-1-300x225.jpg 300w, https:\/\/www.radiopiu.net\/wordpress\/wp-content\/uploads\/2021\/10\/museo-etnografico-attivita-gioco-1-768x576.jpg 768w, https:\/\/www.radiopiu.net\/wordpress\/wp-content\/uploads\/2021\/10\/museo-etnografico-attivita-gioco-1.jpg 960w\" sizes=\"auto, (max-width: 177px) 100vw, 177px\" \/><\/a>INIZIATIVE, LE MUSE E LE DOLOMITI<\/h3>\n<p><strong>CORSO COLLETTIVO PER BAMBINI E RAGAZZI&#8230; CANTARE INSIEME E&#8217; DIVERTENTE E SALUTARE<\/strong><\/p>\n<p><span style=\"color: #ff0000;\">tel. 342 914 7711<\/span><\/p><\/blockquote>\n<audio class=\"wp-audio-shortcode\" id=\"audio-238155-11\" preload=\"none\" style=\"width: 100%;\" controls=\"controls\"><source type=\"audio\/mpeg\" src=\"https:\/\/www.radiopiu.net\/wordpress\/wp-content\/uploads\/2021\/10\/MUSE-OTTOBRE-2021.mp3?_=11\" \/><a href=\"https:\/\/www.radiopiu.net\/wordpress\/wp-content\/uploads\/2021\/10\/MUSE-OTTOBRE-2021.mp3\">https:\/\/www.radiopiu.net\/wordpress\/wp-content\/uploads\/2021\/10\/MUSE-OTTOBRE-2021.mp3<\/a><\/audio>\n<p>&nbsp;<\/p><\/blockquote>\n<p>&nbsp;<\/p>\n<p>&nbsp;<\/p>\n<hr \/>\n<p>&nbsp;<\/p>\n<p>&nbsp;<\/p>\n<blockquote>\n<h2><strong>\u00a0\u201cI miracoli di Val Canzoi\u201d<\/strong><\/h2>\n<\/blockquote>\n<p><strong>FELTRE<\/strong>\u00a0 Questa sera alle 20.30, al\u00a0 Museo Diocesano di Arte Sacra spazio alle suggestioni de \u201cI miracoli di Val Canzoi\u201d.\u00a0 Un poeta e scrittore, Giovanni Trimeri, e\u00a0 un pittore, Giantantonio Cecchin, raccontano\u00a0 una valle bellissima: nasce da questo incontro il libro in cui trovano posto 25 racconti in cui leggende e tradizioni del luogo si mescolano in chiave onirica. Un&#8217;iniziativa che intende rendere omaggio anche a Dino Buzzati (il richiamo a \u201cI miracoli di\u00a0 Valmorel\u201d \u00e8 ben pi\u00f9 che una suggestione) , nell&#8217;approssimarsi del 50esimo anniversario dalla scomparsa. Accesso libero previa esibizione green pass.<\/p>\n<p>&nbsp;<\/p>\n<p>&nbsp;<\/p>\n<hr \/>\n<blockquote>\n<h3><\/h3>\n<h3>SAN PATRIGNANO A FELTRE<\/h3>\n<\/blockquote>\n<p class=\"kvgmc6g5 cxmmr5t8 oygrvhab hcukyx3x c1et5uql\"><a href=\"https:\/\/www.radiopiu.net\/wordpress\/giornale-radiopiu-15-ottobre-2021-direttore-mirko-mezzacasa\/245316959_10158538616854503_8387571088789690524_n\/\" rel=\"attachment wp-att-237072\"><img loading=\"lazy\" decoding=\"async\" class=\"size-medium wp-image-237072 alignleft\" src=\"https:\/\/www.radiopiu.net\/wordpress\/wp-content\/uploads\/2021\/10\/245316959_10158538616854503_8387571088789690524_n-300x157.jpg\" alt=\"\" width=\"300\" height=\"157\" srcset=\"https:\/\/www.radiopiu.net\/wordpress\/wp-content\/uploads\/2021\/10\/245316959_10158538616854503_8387571088789690524_n-300x157.jpg 300w, https:\/\/www.radiopiu.net\/wordpress\/wp-content\/uploads\/2021\/10\/245316959_10158538616854503_8387571088789690524_n-768x402.jpg 768w, https:\/\/www.radiopiu.net\/wordpress\/wp-content\/uploads\/2021\/10\/245316959_10158538616854503_8387571088789690524_n.jpg 960w\" sizes=\"auto, (max-width: 300px) 100vw, 300px\" \/><\/a><strong>FELTRE<\/strong> Domenica 24 ottobre, a partire dalle 18.00, presso il Museo Diocesano di Feltre si affronter\u00e0 il tema delle dipendenze attraverso la voce di chi ha vissuto la comunit\u00e0 di San Patrignano.<\/p>\n<p class=\"o9v6fnle cxmmr5t8 oygrvhab hcukyx3x c1et5uql\">Walter Delogu, ospite per anni della comunit\u00e0, autista e guardia del corpo del fondatore Vincenzo Muccioli, autore del libro \u201cIl Braccio Destro\u201d e tra i protagonisti della la docu-serie \u201cSanPa. Luci e tenebre di San Patrignano\u201d prodotta da Netflix.<\/p>\n<p class=\"o9v6fnle cxmmr5t8 oygrvhab hcukyx3x c1et5uql\">Prenota ora il tuo biglietto:\u00a0<a class=\"oajrlxb2 g5ia77u1 qu0x051f esr5mh6w e9989ue4 r7d6kgcz rq0escxv nhd2j8a9 nc684nl6 p7hjln8o kvgmc6g5 cxmmr5t8 oygrvhab hcukyx3x jb3vyjys rz4wbd8a qt6c0cv9 a8nywdso i1ao9s8h esuyzwwr f1sip0of lzcic4wl py34i1dx gpro0wi8\" tabindex=\"0\" role=\"link\" href=\"https:\/\/la-parola-a-walter-delogu.eventbrite.it\/?fbclid=IwAR1tV-kG2HWho-2VG775XrTWwEfr8vnzKuCUJL5rKAasaecVBJn0WndXJbQ\" target=\"_blank\" rel=\"nofollow noopener\">https:\/\/la-parola-a-walter-delogu.eventbrite.it\u00a0<\/a><\/p>\n<p>&nbsp;<\/p>\n<p>&nbsp;<\/p>\n<hr \/>\n<p>&nbsp;<\/p>\n<blockquote>\n<h3>VALLESINA PAESAGGIO IM MOBILE, OGGI LA PRESENTAZIONE<\/h3>\n<\/blockquote>\n<p><strong>VALLE DI CADORE\u00a0<\/strong> Si terr\u00e0 oggi alle 11\u00a0 nella Sala Polifunzionale de La Tappa, a Valle di Cadore, l&#8217;evento finale del progetto\u00a0 \u201cConcetto per lo sviluppo del paesaggio \u2013 Battere nuove strade per conservare e sviluppare il territorio e il paesaggio\u201d. L&#8217;evento \u00e8 aperto alla popolazione e per partecipare sar\u00e0 richiesto di esibire il Green Pass. <em>\u00a0&#8220;Responsabilizzare gli abitanti verso una cultura della manutenzione ordinaria del territorio. &#8211; spiega il responsabile del settore progettazione della Cadore s.c.s. Michele Pellegrini \u2013 Vogliamo in questo modo dare un futuro al progetto e alle attivit\u00e0 che da questo sono nate&#8221;\u00a0<\/em><\/p>\n<p>&nbsp;<\/p>\n<p>&nbsp;<\/p>\n<hr \/>\n<p>&nbsp;<\/p>\n<p><strong>TORNANO GLI SPETTACOLI DI MISTERO<\/strong><\/p>\n<p><strong>La prima data bellunese il domani nel Capoluogo<\/strong><\/p>\n<p><strong><a href=\"https:\/\/www.radiopiu.net\/wordpress\/giornale-radiopiu-21-ottobre-2021-direttore-mirko-mezzacasa\/sedico-8\/\" rel=\"attachment wp-att-238042\"><img loading=\"lazy\" decoding=\"async\" class=\"wp-image-238042 alignleft\" src=\"https:\/\/www.radiopiu.net\/wordpress\/wp-content\/uploads\/2021\/10\/SEDICO-225x300.jpg\" alt=\"\" width=\"119\" height=\"159\" srcset=\"https:\/\/www.radiopiu.net\/wordpress\/wp-content\/uploads\/2021\/10\/SEDICO-225x300.jpg 225w, https:\/\/www.radiopiu.net\/wordpress\/wp-content\/uploads\/2021\/10\/SEDICO.jpg 510w\" sizes=\"auto, (max-width: 119px) 100vw, 119px\" \/><\/a>BELLUNO<\/strong> Domani nel centro della Citt\u00e0 di Belluno dalle 17.30 alle 19 passeggiata serale per le vie del centro con la consulenza storica di Marco Perale. Gli altri eventi sabato 30 ottobre a <strong>Soranzen<\/strong>\u00a0 spettacolo teatrale all\u2019aperto, a <strong>Melere di Borgo Valbelluna<\/strong> tradizionale passeggiata animata. Domenica 31\u00a0 a <strong>Sedico\u00a0<\/strong> alla scoperta del misterioso sito archeologico del Castelliere di Noal con rappresentazione teatrale a cura dell&#8217;attivissima proloco presieduta da Claudio Mezzavilla. Venerd\u00ec 5 a <strong>Mel<\/strong> \u201cQuattro ciacole al fil\u00f2\u201d presso l\u2019ex chiesa di San Pietro, sabato 6<strong> a Gron di Sospirolo\u00a0 ed Alano di Piave<\/strong> passeggiata guidata e animata,\u00a0 domenica 7 transumanza delle capre\u00a0 da <strong>Caralte<\/strong> a Valle di Cadore.<\/p>\n<p>&nbsp;<\/p>\n<p>&nbsp;<\/p>\n<hr \/>\n<p>&nbsp;<\/p>\n<blockquote>\n<h3>C\u2019\u00c8 TEMPO FINO AL 25 OTTOBRE PER PARTECIPARE AL PREMIO STRIKE! STORIE DI GIOVANI CHE CAMBIANO LE COSE,<\/h3>\n<\/blockquote>\n<p><strong>VENEZIA<\/strong>\u00a0 C\u2019\u00e8 tempo\u00a0 fino al 25 ottobre per partecipare al premio \u201cStrike! Storie di giovani che cambiano le cose\u201d, dedicato ai giovani tra i 18 e i 35 anni, che quest\u2019anno, nella sua sesta edizione, dal Trentino- Alto Adige si allarga in via sperimentale anche a Veneto e Lombardia. Per partecipare va compilato il form sul sito www.strikestories.com.<\/p>\n<p>&nbsp;<\/p>\n<hr \/>\n<p>&nbsp;<\/p>\n<blockquote>\n<h3>A TAIBON CONSIGLIO COMUNALE A PORTE CHIUSE, PER GLI INTERESSATI IN VIDEO CONFERENZA<\/h3>\n<\/blockquote>\n<p><strong>TAIBON<\/strong> Domani alle 10 consiglio comunale convocato dal sindaco Silvia Tormen. All&#8217;ordine del giorno: variazione al bilancio, approvazione Documento Unico di Programmazione, affidamento servizio di tesoreria, individuazione zona di degrado per il recupero per patrimonio edilizio in via Vaticano a Forno Val. Il link attraverso il quale la cittadinanza pu\u00f2 accedere alla piattaforma telematica Google Meet e assistere alla seduta del Consiglio \u00e8 il seguente: https:\/\/meet.google.com\/ftn-widx-kwi In alternativa, \u00e8 possibile collegarsi al sito https:\/\/apps.google.com\/meet e inserire il seguente codice riunione: ftn-widx-kwi<\/p>\n<p>&nbsp;<\/p>\n<hr \/>\n<p>&nbsp;<\/p>\n<blockquote>\n<h3 class=\"gmail-MsoBodyText\"><b><span style=\"font-family: verdana, sans-serif; font-size: large;\">PREMIO GIORNALISTICO \u201cBEPI ZANFRON\u201d<\/span><\/b><\/h3>\n<\/blockquote>\n<p><a href=\"https:\/\/www.radiopiu.net\/wordpress\/giornale-radiopiu-21-ottobre-2021-direttore-mirko-mezzacasa\/autosave-file-vom-d-lab2-3-der-agfaphoto-gmbh\/\" rel=\"attachment wp-att-238043\"><img loading=\"lazy\" decoding=\"async\" class=\" wp-image-238043 alignleft\" src=\"https:\/\/www.radiopiu.net\/wordpress\/wp-content\/uploads\/2021\/10\/Bepi-Zanfron-alle-Olimpiadi-di-Lillehammer-1994-foto-archivio-AGENZIA-FOTOGRAFICA-ZANFRON-300x200.jpg\" alt=\"\" width=\"170\" height=\"113\" srcset=\"https:\/\/www.radiopiu.net\/wordpress\/wp-content\/uploads\/2021\/10\/Bepi-Zanfron-alle-Olimpiadi-di-Lillehammer-1994-foto-archivio-AGENZIA-FOTOGRAFICA-ZANFRON-300x200.jpg 300w, https:\/\/www.radiopiu.net\/wordpress\/wp-content\/uploads\/2021\/10\/Bepi-Zanfron-alle-Olimpiadi-di-Lillehammer-1994-foto-archivio-AGENZIA-FOTOGRAFICA-ZANFRON-1024x684.jpg 1024w, https:\/\/www.radiopiu.net\/wordpress\/wp-content\/uploads\/2021\/10\/Bepi-Zanfron-alle-Olimpiadi-di-Lillehammer-1994-foto-archivio-AGENZIA-FOTOGRAFICA-ZANFRON-768x513.jpg 768w, https:\/\/www.radiopiu.net\/wordpress\/wp-content\/uploads\/2021\/10\/Bepi-Zanfron-alle-Olimpiadi-di-Lillehammer-1994-foto-archivio-AGENZIA-FOTOGRAFICA-ZANFRON-1536x1025.jpg 1536w, https:\/\/www.radiopiu.net\/wordpress\/wp-content\/uploads\/2021\/10\/Bepi-Zanfron-alle-Olimpiadi-di-Lillehammer-1994-foto-archivio-AGENZIA-FOTOGRAFICA-ZANFRON-2048x1367.jpg 2048w\" sizes=\"auto, (max-width: 170px) 100vw, 170px\" \/><\/a><\/p>\n<p class=\"gmail-MsoBodyText\"><span style=\"font-family: verdana, sans-serif;\"><strong>LONGARONE<\/strong> Si svolger\u00e0 domani\u00a0 nella sala consiliare del Municipio di Longarone, con inizio alle 18, la cerimonia di premiazione della quarta edizione del premio giornalistico intitolato alla memoria di Giuseppe \u201cBepi\u201d Zanfron (foto)<\/span><span style=\"font-family: verdana, sans-serif;\">\u00a0<\/span><span style=\"font-family: verdana, sans-serif;\">A realizzare i lavori pi\u00f9 apprezzati dalla giuria sono stati \u2013 in rigoroso ordine alfabetico \u2013 Paola Cecchini, Ludovico Fontana e Paolo Riva.\u00a0 <\/span><span style=\"font-family: verdana, sans-serif;\">Il vincitore verr\u00e0 proclamato solamente nel corso della cerimonia di sabato.\u00a0<\/span><\/p>\n<p>&nbsp;<\/p>\n<p>&nbsp;<\/p>\n<hr \/>\n<blockquote>\n<h3><\/h3>\n<h3>OGGI\u00a0 IN SALA DON TAMIS LA PRESENTAZIONE DEL LIBRO SU POMPEO DE POLI<\/h3>\n<\/blockquote>\n<p><a href=\"https:\/\/www.radiopiu.net\/wordpress\/venerdi-in-sala-don-tamis-la-presentazione-del-libro-su-pompeo-de-poli\/epson-mfp-image\/\" rel=\"attachment wp-att-237942\"><img loading=\"lazy\" decoding=\"async\" class=\"alignleft wp-image-237942 size-medium\" src=\"https:\/\/www.radiopiu.net\/wordpress\/wp-content\/uploads\/2021\/10\/POMPEO-DE-POLI-CASON-208x300.jpg\" alt=\"\" width=\"208\" height=\"300\" srcset=\"https:\/\/www.radiopiu.net\/wordpress\/wp-content\/uploads\/2021\/10\/POMPEO-DE-POLI-CASON-208x300.jpg 208w, https:\/\/www.radiopiu.net\/wordpress\/wp-content\/uploads\/2021\/10\/POMPEO-DE-POLI-CASON-710x1024.jpg 710w, https:\/\/www.radiopiu.net\/wordpress\/wp-content\/uploads\/2021\/10\/POMPEO-DE-POLI-CASON-768x1108.jpg 768w, https:\/\/www.radiopiu.net\/wordpress\/wp-content\/uploads\/2021\/10\/POMPEO-DE-POLI-CASON-1065x1536.jpg 1065w, https:\/\/www.radiopiu.net\/wordpress\/wp-content\/uploads\/2021\/10\/POMPEO-DE-POLI-CASON-1420x2048.jpg 1420w, https:\/\/www.radiopiu.net\/wordpress\/wp-content\/uploads\/2021\/10\/POMPEO-DE-POLI-CASON-scaled.jpg 1775w\" sizes=\"auto, (max-width: 208px) 100vw, 208px\" \/><\/a><\/p>\n<p><strong>AGORDO<\/strong><\/p>\n<p>di Gianni Santomaso<\/p>\n<audio class=\"wp-audio-shortcode\" id=\"audio-238155-12\" preload=\"none\" style=\"width: 100%;\" controls=\"controls\"><source type=\"audio\/mpeg\" src=\"https:\/\/www.radiopiu.net\/wordpress\/wp-content\/uploads\/2021\/10\/GIANNI-LIBRO-POMPEO-DE-POLI.mp3?_=12\" \/><a href=\"https:\/\/www.radiopiu.net\/wordpress\/wp-content\/uploads\/2021\/10\/GIANNI-LIBRO-POMPEO-DE-POLI.mp3\">https:\/\/www.radiopiu.net\/wordpress\/wp-content\/uploads\/2021\/10\/GIANNI-LIBRO-POMPEO-DE-POLI.mp3<\/a><\/audio>\n<p>&nbsp;<\/p>\n<p>&nbsp;<\/p>\n<hr \/>\n<p>&nbsp;<\/p>\n<blockquote>\n<h3>GLI APPUNTAMENTI DI OTTOBRE ROSA DELL&#8217;ULSS 1 DOLOMITI<\/h3>\n<\/blockquote>\n<p class=\"gmail-o9v6fnle gmail-cxmmr5t8 gmail-oygrvhab gmail-hcukyx3x gmail-c1et5uql gmail-ii04i59q\"><strong><a href=\"https:\/\/www.radiopiu.net\/wordpress\/giornale-radiopiu-09-ottobre-2021-direttore-mirko-mezzacasa\/ottobre-rosa\/\" rel=\"attachment wp-att-236082\"><img loading=\"lazy\" decoding=\"async\" class=\" wp-image-236082 alignleft\" src=\"https:\/\/www.radiopiu.net\/wordpress\/wp-content\/uploads\/2021\/10\/ottobre-rosa-212x300.png\" alt=\"\" width=\"134\" height=\"190\" srcset=\"https:\/\/www.radiopiu.net\/wordpress\/wp-content\/uploads\/2021\/10\/ottobre-rosa-212x300.png 212w, https:\/\/www.radiopiu.net\/wordpress\/wp-content\/uploads\/2021\/10\/ottobre-rosa-724x1024.png 724w, https:\/\/www.radiopiu.net\/wordpress\/wp-content\/uploads\/2021\/10\/ottobre-rosa-768x1086.png 768w, https:\/\/www.radiopiu.net\/wordpress\/wp-content\/uploads\/2021\/10\/ottobre-rosa-1086x1536.png 1086w, https:\/\/www.radiopiu.net\/wordpress\/wp-content\/uploads\/2021\/10\/ottobre-rosa.png 1414w\" sizes=\"auto, (max-width: 134px) 100vw, 134px\" \/><\/a>BELLUNO <\/strong>In occasione del mese dedicato alla sensibilizzazione sui tumori al seno, l&#8217;Ulss Dolomiti propone una serie di incontri di Gmeet aperti alla cittadinanza con l&#8217;obiettivo di favorire il dialogo con e tra le donne. Si parler\u00e0 di prevenzione, cura chirurgica, terapie oncologiche e radioterapiche e di come ricominciare a prendersi cura di s\u00e9 partendo da una lezione di trucco. Ecco il calendario: Un appuntamento speciale: la mammografia (senza segreti), Ho un tumore al seno. E adesso cosa succede?<\/p>\n<p class=\"gmail-o9v6fnle gmail-cxmmr5t8 gmail-oygrvhab gmail-hcukyx3x gmail-c1et5uql gmail-ii04i59q\">Luned\u00ec 25 ottobre ore 18.00 &#8211; 19.00, Incontro con: Fable Zustovich (oncologo) e Filippo De Renzi (radioterapista). Ricomincio da me. Incontro con make up artist, Mercoled\u00ec 27 ottobre ore 18.00 &#8211; 19.00, Incontro con: Serena Zatta (make up artist)<\/p>\n<div class=\"gmail-kvgmc6g5 gmail-cxmmr5t8 gmail-oygrvhab gmail-hcukyx3x gmail-c1et5uql gmail-ii04i59q\">\n<blockquote>\n<p dir=\"auto\"><em>Ho un tumore della mammella\u2026 e adesso cosa succede? SECONDO APPUNTAMENTO CON LA RASSEGNA OTTOBRE ROSA Per iscriversi e ricevere il link inviare una mail a <a href=\"mailto:guadagnare.salute@aulss1.veneto.it\">guadagnare.salute@aulss1.veneto.it\u00a0<\/a><\/em><\/p>\n<\/blockquote>\n<hr \/>\n<div dir=\"auto\">\n<blockquote>\n<h3><\/h3>\n<h3>I COLORI DELL&#8217;AUTUNNO, IL CONCORSO FOTOGRAFICO<\/h3>\n<\/blockquote>\n<p><strong><a href=\"https:\/\/www.radiopiu.net\/wordpress\/giornale-radiopiu-05-ottobre-2021-direttore-mirko-mezzacasa\/11872114_851463808295033_304473982179215535_o\/\" rel=\"attachment wp-att-235245\"><img loading=\"lazy\" decoding=\"async\" class=\"wp-image-235245 alignleft\" src=\"https:\/\/www.radiopiu.net\/wordpress\/wp-content\/uploads\/2021\/10\/11872114_851463808295033_304473982179215535_o-300x225.jpg\" alt=\"\" width=\"156\" height=\"117\" srcset=\"https:\/\/www.radiopiu.net\/wordpress\/wp-content\/uploads\/2021\/10\/11872114_851463808295033_304473982179215535_o-300x225.jpg 300w, https:\/\/www.radiopiu.net\/wordpress\/wp-content\/uploads\/2021\/10\/11872114_851463808295033_304473982179215535_o-1024x768.jpg 1024w, https:\/\/www.radiopiu.net\/wordpress\/wp-content\/uploads\/2021\/10\/11872114_851463808295033_304473982179215535_o-768x576.jpg 768w, https:\/\/www.radiopiu.net\/wordpress\/wp-content\/uploads\/2021\/10\/11872114_851463808295033_304473982179215535_o-1536x1152.jpg 1536w, https:\/\/www.radiopiu.net\/wordpress\/wp-content\/uploads\/2021\/10\/11872114_851463808295033_304473982179215535_o.jpg 2048w\" sizes=\"auto, (max-width: 156px) 100vw, 156px\" \/><\/a> <\/strong><\/p>\n<p><strong>\u00a0<\/strong><\/p>\n<p><strong>CENCENIGHE<\/strong> La proloco ha indetto un concorso fotografico sui colori della stagione appena iniziata. Le fotografie dovranno pervenire entro il 31 ottobre all&#8217;indirizzo: concorsocoloriautunno@gmail.com. Sabato 13 novembre alle 15 la premiazione con l&#8217;esposizione delle foto al Nof Filo&#8217;. Il regolamento sul sito www.prolococencenighe.it<\/p>\n<p>&nbsp;<\/p>\n<p>&nbsp;<\/p>\n<hr \/>\n<p>&nbsp;<\/p>\n<h3 style=\"text-align: center;\">SEMPRE CONNESSI, TERZA STAGIONE<\/h3>\n<p><strong><a href=\"https:\/\/www.radiopiu.net\/wordpress\/la-rassegna-stampa-da-lamico-del-popolo-26-dicembre-2020\/luisa-manfroi-2\/\" rel=\"attachment wp-att-181500\"><img loading=\"lazy\" decoding=\"async\" class=\"wp-image-181500 alignleft\" src=\"https:\/\/www.radiopiu.net\/wordpress\/wp-content\/uploads\/2020\/12\/LUISA-MANFROI-300x300.jpg\" alt=\"\" width=\"118\" height=\"118\" srcset=\"https:\/\/www.radiopiu.net\/wordpress\/wp-content\/uploads\/2020\/12\/LUISA-MANFROI-300x300.jpg 300w, https:\/\/www.radiopiu.net\/wordpress\/wp-content\/uploads\/2020\/12\/LUISA-MANFROI-150x150.jpg 150w, https:\/\/www.radiopiu.net\/wordpress\/wp-content\/uploads\/2020\/12\/LUISA-MANFROI-768x770.jpg 768w, https:\/\/www.radiopiu.net\/wordpress\/wp-content\/uploads\/2020\/12\/LUISA-MANFROI.jpg 958w\" sizes=\"auto, (max-width: 118px) 100vw, 118px\" \/><\/a>REDAZIONE<\/strong><\/p>\n<p><b>\u00a0<\/b><\/p>\n<p><b>LA PRIMA PUNTATA DI SEMPRE CONNESSI DI LUISA MANFROI<br \/>\n<\/b><\/p>\n<audio class=\"wp-audio-shortcode\" id=\"audio-238155-13\" preload=\"none\" style=\"width: 100%;\" controls=\"controls\"><source type=\"audio\/mpeg\" src=\"https:\/\/www.radiopiu.net\/wordpress\/wp-content\/uploads\/2021\/10\/CONNESSI.mp3?_=13\" \/><a href=\"https:\/\/www.radiopiu.net\/wordpress\/wp-content\/uploads\/2021\/10\/CONNESSI.mp3\">https:\/\/www.radiopiu.net\/wordpress\/wp-content\/uploads\/2021\/10\/CONNESSI.mp3<\/a><\/audio>\n<p><b>LA RACCOLTA COMPLETA<br \/>\n<\/b><\/p>\n<p>&nbsp;<\/p>\n<blockquote class=\"wp-embedded-content\" data-secret=\"tLIvb4iPNL\"><p><a href=\"https:\/\/www.radiopiu.net\/wordpress\/connessi-2\/\">Connessi<\/a><\/p><\/blockquote>\n<p><iframe loading=\"lazy\" class=\"wp-embedded-content\" sandbox=\"allow-scripts\" security=\"restricted\" style=\"position: absolute; clip: rect(1px, 1px, 1px, 1px);\" title=\"&#8220;Connessi&#8221; &#8212; Radio Pi\u00f9\" src=\"https:\/\/www.radiopiu.net\/wordpress\/connessi-2\/embed\/#?secret=tLIvb4iPNL\" data-secret=\"tLIvb4iPNL\" width=\"600\" height=\"338\" frameborder=\"0\" marginwidth=\"0\" marginheight=\"0\" scrolling=\"no\"><\/iframe><\/p>\n<p>&nbsp;<\/p>\n<hr \/>\n<p>&nbsp;<\/p>\n<p>&nbsp;<\/p>\n<blockquote>\n<h2>PLASTIC FREE- SETTIMA PUNTATA<\/h2>\n<\/blockquote>\n<h3 class=\"entry-title\"><\/h3>\n<div class=\"entry-meta\">\n<p><a href=\"https:\/\/www.radiopiu.net\/wordpress\/giornale-radiopiu-15-settembre-2020-direttore-mirko-mezzacasa\/medie-canale-1\/\" rel=\"attachment wp-att-160624\"><img loading=\"lazy\" decoding=\"async\" class=\"wp-image-160624 alignleft\" src=\"https:\/\/www.radiopiu.net\/wordpress\/wp-content\/uploads\/2020\/09\/medie-canale-1-225x300.jpg\" alt=\"\" width=\"135\" height=\"180\" srcset=\"https:\/\/www.radiopiu.net\/wordpress\/wp-content\/uploads\/2020\/09\/medie-canale-1-225x300.jpg 225w, https:\/\/www.radiopiu.net\/wordpress\/wp-content\/uploads\/2020\/09\/medie-canale-1-768x1024.jpg 768w, https:\/\/www.radiopiu.net\/wordpress\/wp-content\/uploads\/2020\/09\/medie-canale-1-1152x1536.jpg 1152w, https:\/\/www.radiopiu.net\/wordpress\/wp-content\/uploads\/2020\/09\/medie-canale-1-360x480.jpg 360w, https:\/\/www.radiopiu.net\/wordpress\/wp-content\/uploads\/2020\/09\/medie-canale-1.jpg 1200w\" sizes=\"auto, (max-width: 135px) 100vw, 135px\" \/><\/a><\/p>\n<p><strong>Con la collaborazione di Martina Smaniotto \u00a0 \u00a0 \u00a0<\/strong><\/p>\n<\/div>\n<div class=\"entry-meta\"><strong> PLASTIC FREE, LA NUOVA PUNTATA\u00a0<\/strong><\/div>\n<div><\/div>\n<div>\n<audio class=\"wp-audio-shortcode\" id=\"audio-238155-14\" preload=\"none\" style=\"width: 100%;\" controls=\"controls\"><source type=\"audio\/mpeg\" src=\"https:\/\/www.radiopiu.net\/wordpress\/wp-content\/uploads\/2021\/10\/SIGLA-PLASTIC-FREE-21-ottobre.mp3?_=14\" \/><a href=\"https:\/\/www.radiopiu.net\/wordpress\/wp-content\/uploads\/2021\/10\/SIGLA-PLASTIC-FREE-21-ottobre.mp3\">https:\/\/www.radiopiu.net\/wordpress\/wp-content\/uploads\/2021\/10\/SIGLA-PLASTIC-FREE-21-ottobre.mp3<\/a><\/audio>\n<\/div>\n<div>\n<h2>LA RACCOLTA COMPLETA<\/h2>\n<p>&nbsp;<\/p>\n<p>&nbsp;<\/p>\n<blockquote class=\"wp-embedded-content\" data-secret=\"JCBvQ0MLrC\"><p><a href=\"https:\/\/www.radiopiu.net\/wordpress\/plastic-free-per-un-mondo-senza-plastica\/\">PLASTIC FREE per un mondo senza plastica<\/a><\/p><\/blockquote>\n<p><iframe loading=\"lazy\" class=\"wp-embedded-content\" sandbox=\"allow-scripts\" security=\"restricted\" style=\"position: absolute; clip: rect(1px, 1px, 1px, 1px);\" title=\"&#8220;PLASTIC FREE per un mondo senza plastica&#8221; &#8212; Radio Pi\u00f9\" src=\"https:\/\/www.radiopiu.net\/wordpress\/plastic-free-per-un-mondo-senza-plastica\/embed\/#?secret=JCBvQ0MLrC\" data-secret=\"JCBvQ0MLrC\" width=\"600\" height=\"338\" frameborder=\"0\" marginwidth=\"0\" marginheight=\"0\" scrolling=\"no\"><\/iframe><\/p>\n<\/div>\n<p>&nbsp;<\/p>\n<\/div>\n<p>&nbsp;<\/p>\n<hr \/>\n<p>&nbsp;<\/p>\n<div dir=\"auto\"><\/div>\n<blockquote>\n<h3 dir=\"auto\">UNA CACCIA AL TESORO PER LE VIE DI AGORDO IN TEMA HALLOWEEN<\/h3>\n<\/blockquote>\n<div dir=\"auto\">\n<h1><span style=\"color: #ff0000;\">IERI ALLA RADIO<\/span><\/h1>\n<p>&nbsp;<\/p>\n<p><a href=\"https:\/\/www.radiopiu.net\/wordpress\/prosecchizzazione\/b7b5141e-70e7-4330-936c-04a399543206\/\" rel=\"attachment wp-att-238007\"><img loading=\"lazy\" decoding=\"async\" class=\"size-medium wp-image-238007 alignleft\" src=\"https:\/\/www.radiopiu.net\/wordpress\/wp-content\/uploads\/2021\/10\/b7b5141e-70e7-4330-936c-04a399543206-300x135.jpg\" alt=\"\" width=\"300\" height=\"135\" srcset=\"https:\/\/www.radiopiu.net\/wordpress\/wp-content\/uploads\/2021\/10\/b7b5141e-70e7-4330-936c-04a399543206-300x135.jpg 300w, https:\/\/www.radiopiu.net\/wordpress\/wp-content\/uploads\/2021\/10\/b7b5141e-70e7-4330-936c-04a399543206-1024x461.jpg 1024w, https:\/\/www.radiopiu.net\/wordpress\/wp-content\/uploads\/2021\/10\/b7b5141e-70e7-4330-936c-04a399543206-768x345.jpg 768w, https:\/\/www.radiopiu.net\/wordpress\/wp-content\/uploads\/2021\/10\/b7b5141e-70e7-4330-936c-04a399543206-1536x691.jpg 1536w, https:\/\/www.radiopiu.net\/wordpress\/wp-content\/uploads\/2021\/10\/b7b5141e-70e7-4330-936c-04a399543206.jpg 2048w\" sizes=\"auto, (max-width: 300px) 100vw, 300px\" \/><\/a><strong>OSPITI FRANCESCO CORAZZA, GLORIA CASOT, GIADA RAGAZZO<\/strong><\/p>\n<p><strong>di Mirko Mezzacasa\u00a0<\/strong><\/p>\n<audio class=\"wp-audio-shortcode\" id=\"audio-238155-15\" preload=\"none\" style=\"width: 100%;\" controls=\"controls\"><source type=\"audio\/mpeg\" src=\"https:\/\/www.radiopiu.net\/wordpress\/wp-content\/uploads\/2021\/10\/francesco_gloria_giada.mp3?_=15\" \/><a href=\"https:\/\/www.radiopiu.net\/wordpress\/wp-content\/uploads\/2021\/10\/francesco_gloria_giada.mp3\">https:\/\/www.radiopiu.net\/wordpress\/wp-content\/uploads\/2021\/10\/francesco_gloria_giada.mp3<\/a><\/audio>\n<p>&nbsp;<\/p>\n<\/div>\n<p>&nbsp;<\/p>\n<hr \/>\n<p>&nbsp;<\/p>\n<p>&nbsp;<\/p>\n<h2><span style=\"color: #ff0000;\">IERI ALLA RADIO&#8230;\u00a0\u00a0<\/span><\/h2>\n<p><strong>ospiti Cristiana Carazzai e Roberto Broglio\u00a0<\/strong><\/p>\n<p><strong>SPECIALE PISCINA DI AGORDO<\/strong><\/p>\n<p><strong>di Claudio Fontanive<\/strong><\/p>\n<audio class=\"wp-audio-shortcode\" id=\"audio-238155-16\" preload=\"none\" style=\"width: 100%;\" controls=\"controls\"><source type=\"audio\/mpeg\" src=\"https:\/\/www.radiopiu.net\/wordpress\/wp-content\/uploads\/2021\/10\/piscina-21-ottobre.mp3?_=16\" \/><a href=\"https:\/\/www.radiopiu.net\/wordpress\/wp-content\/uploads\/2021\/10\/piscina-21-ottobre.mp3\">https:\/\/www.radiopiu.net\/wordpress\/wp-content\/uploads\/2021\/10\/piscina-21-ottobre.mp3<\/a><\/audio>\n<blockquote>\n<h3><\/h3>\n<h3>IDROKINESITERAPIA IN ACQUA ALLA PISCINA DI AGORDO<\/h3>\n<\/blockquote>\n<p><strong><a href=\"https:\/\/www.radiopiu.net\/wordpress\/giornale-radiopiu-20-ottobre-2021-direttore-mirko-mezzacasa\/idrokinesitera\/\" rel=\"attachment wp-att-237849\"><img loading=\"lazy\" decoding=\"async\" class=\" wp-image-237849 alignleft\" src=\"https:\/\/www.radiopiu.net\/wordpress\/wp-content\/uploads\/2021\/10\/Idrokinesitera-300x200.png\" alt=\"\" width=\"162\" height=\"108\" srcset=\"https:\/\/www.radiopiu.net\/wordpress\/wp-content\/uploads\/2021\/10\/Idrokinesitera-300x200.png 300w, https:\/\/www.radiopiu.net\/wordpress\/wp-content\/uploads\/2021\/10\/Idrokinesitera-768x511.png 768w, https:\/\/www.radiopiu.net\/wordpress\/wp-content\/uploads\/2021\/10\/Idrokinesitera.png 1000w\" sizes=\"auto, (max-width: 162px) 100vw, 162px\" \/><\/a>AGORDO\u00a0 <\/strong>Dal mese di novembre, per tutti i sabati mattina, presso la Piscina Comprensoriale di Agordo sar\u00e0 possibile iscriversi a una nuova attivit\u00e0 seguiti da un fisioterapista: l\u2019idrokinesiterapia. Un insieme di tecniche di trattamento eseguite in acqua riscaldata a fini terapeutici e riabilitativi, utile nel recupero post traumatico e chirurgico, in caso di dolori articolari, lesioni o malattie neurologiche. Sfruttando la microgravit\u00e0 e le propriet\u00e0 fisiche dell&#8217;acqua, l&#8217;attivit\u00e0 presenta molteplici vantaggi tra i quali la riduzione del carico su ossa, muscoli e articolazioni, un maggior rilassamento muscolare e una mobilizzazione facilitata precoce e maggior ritorno linfatico e venoso. La terapia \u00e8 adatta anche per chi ha poca confidenza con l\u2019acqua: l\u2019ambiente \u00e8 reso piacevole e sicuro adattando l\u2019altezza dell\u2019acqua ed usando appositi galleggianti. All\u2019inizio di ogni percorso riabilitativo in acqua viene effettuata una valutazione a secco per determinare le necessit\u00e0 del singolo paziente. Sar\u00e0 possibile chiedere informazioni e prenotarsi contattando la segreteria allo 0437\/62406.<\/p>\n<p>&nbsp;<\/p>\n<hr \/>\n<p>&nbsp;<\/p>\n<blockquote>\n<h3>LINUX DAY 2021<\/h3>\n<\/blockquote>\n<p><strong><a href=\"https:\/\/www.radiopiu.net\/wordpress\/giornale-radiopiu-19-ottobre-2021-direttore-mirko-mezzacasa\/banner_2021_300x250\/\" rel=\"attachment wp-att-237738\"><img loading=\"lazy\" decoding=\"async\" class=\" wp-image-237738 alignleft\" src=\"https:\/\/www.radiopiu.net\/wordpress\/wp-content\/uploads\/2021\/10\/banner_2021_300x250.png\" alt=\"\" width=\"240\" height=\"200\" \/><\/a>FELTRE<\/strong> Anche quest\u2019anno l\u2019associazione bellunese LugAnegA aderisce con entusiasmo al Linux Day, la giornata nazionale dedicata al software libero, promossa da Italian Linux Society. Il tema di questa edizione \u00e8: \u201cDati a chi?\u201d Dopo l\u2019edizione solo online dello scorso anno, ritorniamo a proporre 5 mini-conferenze dal vivo grazie alla collaborazione dell\u2019<strong>Istituto Superiore di Feltre<\/strong>, <strong>sede Negrelli-Forcellini in via Colombo 11<\/strong>. L\u2019evento si terr\u00e0 <strong>domani<\/strong> tra le 15:00 e le 18:00. La partecipazione \u00e8 gratuita, ma per le attuali normative <strong>sar\u00e0 aperta solo a chi si prenoter\u00e0<\/strong> anticipatamente tramite il sito <u><a class=\"moz-txt-link-abbreviated\" href=\"http:\/\/www.luganega.org\">www.luganega.org<\/a><\/u>. Sar\u00e0 necessario mostrare il green pass all\u2019ingresso della scuola. Questo il programma della giornata: 15:00 Introduzione al Linux Day 2021 15:10 <em>Home assistant<\/em> \u2013 la domotica opensource \u2014 a cura di Daniele Corte 15:40 <em>Octoprint<\/em> e alternative per la stampa 3d online \u2014 a cura di Simone Klinkon 16:10 <em>Syncthing<\/em> \u2013 dati a tutti ma a nessuno \u2014 a cura di Marco Londero 16:40 \u2013 17:00 Pausa\u00a0 17:00 Stazioni meteo e opendata \u2014 a cura di Fabio Da Rolt 17:30 <em>Otto<\/em> \u2013 il robot ballerino pilotato da Arduino \u2014 a cura di Daniele Corte<\/p>\n<p>&nbsp;<\/p>\n<p>&nbsp;<\/p>\n<p>&nbsp;<\/p>\n<hr \/>\n<p>&nbsp;<\/p>\n<blockquote>\n<h3>RITORNA IL MERCATINO DI SAN MARTINO<\/h3>\n<\/blockquote>\n<p><strong><a href=\"https:\/\/www.radiopiu.net\/wordpress\/giornale-radiopiu-20-ottobre-2021-direttore-mirko-mezzacasa\/b36cfb00-fd3d-49a9-8539-460df52a21aa\/\" rel=\"attachment wp-att-237824\"><img loading=\"lazy\" decoding=\"async\" class=\"wp-image-237824 alignleft\" src=\"https:\/\/www.radiopiu.net\/wordpress\/wp-content\/uploads\/2021\/10\/b36cfb00-fd3d-49a9-8539-460df52a21aa-215x300.jpg\" alt=\"\" width=\"131\" height=\"183\" srcset=\"https:\/\/www.radiopiu.net\/wordpress\/wp-content\/uploads\/2021\/10\/b36cfb00-fd3d-49a9-8539-460df52a21aa-215x300.jpg 215w, https:\/\/www.radiopiu.net\/wordpress\/wp-content\/uploads\/2021\/10\/b36cfb00-fd3d-49a9-8539-460df52a21aa.jpg 574w\" sizes=\"auto, (max-width: 131px) 100vw, 131px\" \/><\/a>BELLUNO<\/strong> Ritorna a Salce dopo un anno di arresto forzato dovuto alla pandemia Covid il \u201cMercatino di San Martino\u201d, che rappresenta non solo un&#8217;opportunit\u00e0 di solidariet\u00e0, ma anche una delle pi\u00f9 belle feste paesane del periodo autunnale. In oltre 30 anni di storia il mercatino continua ancor oggi ad unire occasioni di intrattenimento e fratellanza. L\u2019appuntamento, nel rispetto delle normative anti contagio, in questo 2021 \u00e8 per domenica 7 novembre presso il campo sportivo di Salce \u2013 \u201ccasetta degli Alpini\u201d con inizio alle ore 9.00. Saranno a disposizione dei visitatori non solo prodotti ortofrutticoli locali, ma anche prodotti dolciari come i tipici crostoli, le torte, i biscotti e gli oggetti frutto dell\u2019artigianato locale. Una delle chicche pi\u00f9 apprezzate dai visitatori sono i prodotti \u201ctake-away\u201d come i pasticci pronti da infornare, le trippe, i canederli e molto altro ancora. Per facilitare la vendita ed evitare assembramenti alcuni prodotti sono pre ordinabili al telefono o online: tutte le informazioni utili nel sito www.parrocchiadisalce.it.<\/p>\n<p>&nbsp;<\/p>\n<p>&nbsp;<\/p>\n<p>&nbsp;<\/p>\n<p>&nbsp;<\/p>\n<hr \/>\n<p>&nbsp;<\/p>\n<blockquote>\n<h3>GLI SPECIALI DI RADIO PIU, UNA SETTIMANA FA&#8230;TRA GLI ARTICOLI PIU&#8217; VISUALIZZATI<\/h3>\n<\/blockquote>\n<p><span style=\"color: #ff0000;\">LA COOPERATIVA LATTERIA DI VALLATA INAUGURA IL NUOVO MAGAZZINO DI STAGIONATURA A RIVAMONTE<\/span><\/p>\n<p>&nbsp;<\/p>\n<p><em><a href=\"https:\/\/www.radiopiu.net\/wordpress\/cooperativa-agordino-latteria-di-vallata-il-punto-con-il-presidente-roberto-chissale\/cooperativa-latteria-agordino\/\" rel=\"attachment wp-att-194321\"><img loading=\"lazy\" decoding=\"async\" class=\"size-full wp-image-194321 alignleft\" src=\"https:\/\/www.radiopiu.net\/wordpress\/wp-content\/uploads\/2021\/03\/COOPERATIVA-LATTERIA-AGORDINO.png\" alt=\"\" width=\"300\" height=\"200\" \/><\/a>La Cooperativa Agordino Latteria di Vallata sabato 23 ottobre alle 10.30 inaugura il nuovo magazzino di stagionatura in via Rosson a Rivamonte Agordino.\u00a0<\/em><\/p>\n<p><strong>di Claudio Fontanive<\/strong><\/p>\n<p>OSPITE: Roberto Chissal\u00e8, Presidente della Cooperativa Agordino Latteria di Vallata<\/p>\n<audio class=\"wp-audio-shortcode\" id=\"audio-238155-17\" preload=\"none\" style=\"width: 100%;\" controls=\"controls\"><source type=\"audio\/mpeg\" src=\"https:\/\/www.radiopiu.net\/wordpress\/wp-content\/uploads\/2021\/10\/roberto-chissale-15-ottobre.mp3?_=17\" \/><a href=\"https:\/\/www.radiopiu.net\/wordpress\/wp-content\/uploads\/2021\/10\/roberto-chissale-15-ottobre.mp3\">https:\/\/www.radiopiu.net\/wordpress\/wp-content\/uploads\/2021\/10\/roberto-chissale-15-ottobre.mp3<\/a><\/audio>\n<p>&nbsp;<\/p>\n<p>&nbsp;<\/p>\n<hr \/>\n<p>&nbsp;<\/p>\n<h3><span style=\"color: #ff0000;\">L&#8217;OPINIONE\u00a0<\/span><\/h3>\n<p>di Franco Piacentini_Feltre<\/p>\n<p><strong>&#8220;La nostra cara Italia deve trovare serenit\u00e0 sociale e politica&#8221;<\/strong><\/p>\n<blockquote><p><em><strong>FELTRE<\/strong> Molto opportuno e condivisibile il richiamo al Paese del Presidente della Repubblica, fortemente addolorato per le inaudite violenze di piazza dei giorni scorsi e per la devastazione di alcuni uffici della sede Cgil nazionale. Dopo questi condannabili atti di violenza, recentemente anche alcune sedi sindacali e del Terzo Settore (ultimo caso agli uffici Anteas di Rimini) sono state sporcate con frasi minacciose da anonimi sconsiderati personaggi. Purtroppo la pandemia <span aria-haspopup=\"true\">Covid<\/span>, oltre ad aver provocato la morte\u00a0 di miglia di persone, ha fatto emergere una pericolosa \u201cfollia sociale e politica\u201d che sta prevalendo sul buon senso e sul democratico e civile confronto sulle idee e sulle proposte da mettere in campo per il benessere di tutti. Spargere a destra e a manca odio e rabbia, calpestando la Costituzione, il Paese viene pericolosamente spinto verso una violenta anarchia. Sar\u00e0 bene e opportuno che anche alcuni politici, molti con incarichi istituzionali, si diano una calmata. L&#8217; Italia ha un grandissimo bisogno di: seriet\u00e0, sobriet\u00e0, serenit\u00e0, e soprattutto di grandi riforme, condivise e concertate, per: \u00a0dare certezze occupazionali; migliorare la sanit\u00e0 pubblica;\u00a0 sostenere convintamente il fondamentale ruolo del Volontariato; aumentare\u00a0il potere d&#8217;acquisto delle retribuzioni e delle pensioni; garantire il diritto alla assistenza alle persone disabili e non autosufficienti; riformare radicalmente la previdenza. Le piazze vanno riempite dai pacifisti e non dai violenti, dai volontari e non dai portatori di odio.<\/em><\/p><\/blockquote>\n<p>&nbsp;<\/p>\n<hr \/>\n<p>&nbsp;<\/p>\n<div class=\"ecm0bbzt e5nlhep0 a8c37x1j\">\n<div class=\"kvgmc6g5 cxmmr5t8 oygrvhab hcukyx3x c1et5uql\">\n<div class=\"gmail-kvgmc6g5 gmail-cxmmr5t8 gmail-oygrvhab gmail-hcukyx3x gmail-c1et5uql gmail-ii04i59q\">\n<div>\n<div class=\"b654a4as d2edcug0\">\n<div class=\"rq0escxv hkbzh7o3 jwdofwj8 n8tt0mok r8blr3vg hyh9befq\">\n<p><a class=\"dt-pswp-item\" href=\"https:\/\/www.radiopiu.net\/wordpress\/wp-content\/uploads\/2020\/10\/pp.jpg\" data-dt-img-description=\"\" data-large_image_width=\"640\" data-large_image_height=\"640\"><img loading=\"lazy\" decoding=\"async\" class=\"wp-image-163678 alignleft\" src=\"https:\/\/www.radiopiu.net\/wordpress\/wp-content\/uploads\/2020\/10\/pp-300x300.jpg\" alt=\"\" width=\"106\" height=\"106\" srcset=\"https:\/\/www.radiopiu.net\/wordpress\/wp-content\/uploads\/2020\/10\/pp-300x300.jpg 300w, https:\/\/www.radiopiu.net\/wordpress\/wp-content\/uploads\/2020\/10\/pp-150x150.jpg 150w, https:\/\/www.radiopiu.net\/wordpress\/wp-content\/uploads\/2020\/10\/pp-125x125.jpg 125w, https:\/\/www.radiopiu.net\/wordpress\/wp-content\/uploads\/2020\/10\/pp-200x200.jpg 200w, https:\/\/www.radiopiu.net\/wordpress\/wp-content\/uploads\/2020\/10\/pp-80x80.jpg 80w, https:\/\/www.radiopiu.net\/wordpress\/wp-content\/uploads\/2020\/10\/pp-480x480.jpg 480w, https:\/\/www.radiopiu.net\/wordpress\/wp-content\/uploads\/2020\/10\/pp.jpg 640w\" sizes=\"auto, (max-width: 106px) 100vw, 106px\" \/><\/a><\/p>\n<\/div>\n<\/div>\n<\/div>\n<div>\n<div class=\"page-title-head hgroup\">\n<div class=\"page-title-head hgroup\">\n<div class=\"b654a4as d2edcug0\">\n<div class=\"j83agx80 btwxx1t3 lhclo0ds hop8lmos nkwizq5d scwd0bx6 roh60bw9\">\n<div class=\"rq0escxv hkbzh7o3 jwdofwj8 n8tt0mok r8blr3vg hyh9befq\">\n<div class=\"do00u71z l9j0dhe7 k4urcfbm\">\n<h2><span style=\"color: #000080;\">DON CESARE, IL PENSIERO DEL GIORNO. ALLA RADIO ALLE 7 DEL MATTINO E ALLE 19.30 DELLA SERA.\u00a0\u00a0<\/span><\/h2>\n<p>&nbsp;<\/p>\n<p>&nbsp;<\/p>\n<audio class=\"wp-audio-shortcode\" id=\"audio-238155-18\" preload=\"none\" style=\"width: 100%;\" controls=\"controls\"><source type=\"audio\/mpeg\" src=\"https:\/\/www.radiopiu.net\/wordpress\/wp-content\/uploads\/2021\/10\/cesare-6.mp3?_=18\" \/><a href=\"https:\/\/www.radiopiu.net\/wordpress\/wp-content\/uploads\/2021\/10\/cesare-6.mp3\">https:\/\/www.radiopiu.net\/wordpress\/wp-content\/uploads\/2021\/10\/cesare-6.mp3<\/a><\/audio>\n<hr \/>\n<p>&nbsp;<\/p>\n<h2><span style=\"color: #ff6600;\">LA GIORNATA MISSIONARIA MONDIALE<\/span><\/h2>\n<p><em><strong>IL MESSAGGIO DI DON LUIGI CANAL, PARROCO DI CENCENIGHE E SAN TOMASO<\/strong><\/em><\/p>\n<audio class=\"wp-audio-shortcode\" id=\"audio-238155-19\" preload=\"none\" style=\"width: 100%;\" controls=\"controls\"><source type=\"audio\/mpeg\" src=\"https:\/\/www.radiopiu.net\/wordpress\/wp-content\/uploads\/2021\/10\/DON-LUIGI-CANAL.mp3?_=19\" \/><a href=\"https:\/\/www.radiopiu.net\/wordpress\/wp-content\/uploads\/2021\/10\/DON-LUIGI-CANAL.mp3\">https:\/\/www.radiopiu.net\/wordpress\/wp-content\/uploads\/2021\/10\/DON-LUIGI-CANAL.mp3<\/a><\/audio>\n<p>&nbsp;<\/p>\n<hr \/>\n<p>&nbsp;<\/p>\n<div>\n<div>\n<h3 class=\"kvgmc6g5 cxmmr5t8 oygrvhab hcukyx3x c1et5uql\"><span style=\"color: #0000ff;\">INFORMAZIONE il canale su TELEGRAM informazione di prima mano e in tempo reale. iscriviti ed aiutaci a farlo conoscere\u00a0\u00a0<\/span><\/h3>\n<\/div>\n<div>\n<div class=\"page-title-head hgroup\">\n<div class=\"page-title-head hgroup\">\n<div class=\"page-title-head hgroup\">\n<div class=\"page-title-head hgroup\">\n<div class=\"b654a4as d2edcug0\">\n<div class=\"page-title-head hgroup\">\n<div class=\"page-title-head hgroup\">\n<div class=\"page-title-head hgroup\">\n<div class=\"page-title-head hgroup\">\n<div class=\"b654a4as d2edcug0\">\n<div>\n<p>&nbsp;<\/p>\n<\/div>\n<div>\n<div class=\"page-title-head hgroup\">\n<div class=\"page-title-head hgroup\">\n<div class=\"page-title-head hgroup\">\n<div class=\"page-title-head hgroup\">\n<div class=\"page-title-head hgroup\">\n<div class=\"b654a4as d2edcug0\">\n<div>\n<hr \/>\n<\/div>\n<\/div>\n<div>\n<div>\n<div>\n<p>&nbsp;<\/p>\n<\/div>\n<div>\n<div>\n<p>&nbsp;<\/p>\n<p><strong>\u00a0<\/strong><\/p>\n<p><strong>DUE MINUTI UN LIBRO, TUTTI I GIORNI ALLA RADIO ALLE 9.40 E ALLE 17.50<\/strong><\/p>\n<div>\n<div>\n<p><strong>LA RACCOLTA COMPLETA\u00a0\u00a0<\/strong><\/p>\n<\/div>\n<div>\n<blockquote class=\"wp-embedded-content\" data-secret=\"gKgSBN4Mjl\"><p><a href=\"https:\/\/www.radiopiu.net\/wordpress\/due-minuti-un-libro\/\">Due minuti un libro<\/a><\/p><\/blockquote>\n<p><iframe loading=\"lazy\" class=\"wp-embedded-content\" sandbox=\"allow-scripts\" security=\"restricted\" style=\"position: absolute; clip: rect(1px, 1px, 1px, 1px);\" title=\"&#8220;Due minuti un libro&#8221; &#8212; Radio Pi\u00f9\" src=\"https:\/\/www.radiopiu.net\/wordpress\/due-minuti-un-libro\/embed\/#?secret=gKgSBN4Mjl\" data-secret=\"gKgSBN4Mjl\" width=\"600\" height=\"338\" frameborder=\"0\" marginwidth=\"0\" marginheight=\"0\" scrolling=\"no\"><\/iframe><\/p>\n<p>&nbsp;<\/p>\n<\/div>\n<\/div>\n<\/div>\n<div class=\"mkdf-post-text\">\n<div class=\"mkdf-post-text-inner\">\n<div class=\"mkdf-post-text-main\">\n<div class=\"mkdf-post-text\">\n<div class=\"mkdf-post-text-inner\">\n<div class=\"mkdf-post-text-main\">\n<div class=\"mkdf-post-text\">\n<div class=\"mkdf-post-text-inner\">\n<div class=\"mkdf-post-text-main\">\n<div class=\"page-title-head hgroup\">\n<div class=\"page-title-head hgroup\">\n<div class=\"mkdf-post-text\">\n<div class=\"mkdf-post-text-inner\">\n<div class=\"mkdf-post-text-main\">\n<div class=\"mkdf-post-text\">\n<div class=\"mkdf-post-text-inner\">\n<div class=\"mkdf-post-text-main\">\n<div class=\"page-title-head hgroup\">\n<div class=\"page-title-head hgroup\">\n<div class=\"page-title-head hgroup\">\n<div class=\"page-title-head hgroup\">\n<div class=\"b654a4as d2edcug0\">\n<div class=\"page-title-head hgroup\">\n<div class=\"page-title-head hgroup\">\n<div class=\"page-title-head hgroup\">\n<div class=\"page-title-head hgroup\">\n<div class=\"b654a4as d2edcug0\">\n<div class=\"page-title-head hgroup\">\n<div class=\"page-title-head hgroup\">\n<div class=\"page-title-head hgroup\">\n<div class=\"page-title-head hgroup\">\n<div class=\"b654a4as d2edcug0\">\n<div>\n<p>&nbsp;<\/p>\n<p>&nbsp;<\/p>\n<\/div>\n<div>\n<hr \/>\n<p>&nbsp;<\/p>\n<\/div>\n<div>\n<div>\n<h2><span style=\"color: #808000;\">L&#8217;ALMANACCO LADINO\u00a0 <\/span><\/h2>\n<p><strong>LA RACCOLTA<\/strong><\/p>\n<blockquote class=\"wp-embedded-content\" data-secret=\"kt0nK0J1VG\"><p><a href=\"https:\/\/www.radiopiu.net\/wordpress\/almanacco-ladino\/\">Almanacco Ladino<\/a><\/p><\/blockquote>\n<p><iframe loading=\"lazy\" class=\"wp-embedded-content\" sandbox=\"allow-scripts\" security=\"restricted\" style=\"position: absolute; clip: rect(1px, 1px, 1px, 1px);\" title=\"&#8220;Almanacco Ladino&#8221; &#8212; Radio Pi\u00f9\" src=\"https:\/\/www.radiopiu.net\/wordpress\/almanacco-ladino\/embed\/#?secret=kt0nK0J1VG\" data-secret=\"kt0nK0J1VG\" width=\"600\" height=\"338\" frameborder=\"0\" marginwidth=\"0\" marginheight=\"0\" scrolling=\"no\"><\/iframe><\/p>\n<hr \/>\n<p>&nbsp;<\/p>\n<p><strong>IL SABATO ALLE 10.30 E ALLE 19. LA DOMENICA ALLE 12.30 LA RASSEGNA STAMPA DI GIANNI SANTOMASO<\/strong><\/p>\n<blockquote>\n<blockquote>\n<h3>LA RACCOLTA COMPLETA<\/h3>\n<\/blockquote>\n<\/blockquote>\n<p>&nbsp;<\/p>\n<blockquote class=\"wp-embedded-content\" data-secret=\"T0Arcg9G4g\"><p><a href=\"https:\/\/www.radiopiu.net\/wordpress\/rassegna-stampa-di-gianni-santomaso\/\">Rassegna stampa da l&#8217;amico del popolo &#8211; di Gianni Santomaso<\/a><\/p><\/blockquote>\n<p><iframe loading=\"lazy\" class=\"wp-embedded-content\" sandbox=\"allow-scripts\" security=\"restricted\" style=\"position: absolute; clip: rect(1px, 1px, 1px, 1px);\" title=\"&#8220;Rassegna stampa da l&#8217;amico del popolo &#8211; di Gianni Santomaso&#8221; &#8212; Radio Pi\u00f9\" src=\"https:\/\/www.radiopiu.net\/wordpress\/rassegna-stampa-di-gianni-santomaso\/embed\/#?secret=T0Arcg9G4g\" data-secret=\"T0Arcg9G4g\" width=\"600\" height=\"338\" frameborder=\"0\" marginwidth=\"0\" marginheight=\"0\" scrolling=\"no\"><\/iframe><\/p>\n<p>&nbsp;<\/p>\n<\/div>\n<\/div>\n<\/div>\n<\/div>\n<\/div>\n<\/div>\n<\/div>\n<\/div>\n<\/div>\n<\/div>\n<\/div>\n<\/div>\n<\/div>\n<\/div>\n<\/div>\n<\/div>\n<\/div>\n<\/div>\n<\/div>\n<\/div>\n<\/div>\n<\/div>\n<\/div>\n<\/div>\n<\/div>\n<\/div>\n<\/div>\n<\/div>\n<\/div>\n<\/div>\n<\/div>\n<\/div>\n<\/div>\n<\/div>\n<\/div>\n<\/div>\n<\/div>\n<div class=\"mkdf-post-text\">\n<div class=\"mkdf-post-text-inner\">\n<div class=\"mkdf-post-text-main\">\n<div class=\"mkdf-post-text\">\n<div class=\"mkdf-post-text-inner\">\n<div class=\"mkdf-post-text-main\">\n<div class=\"mkdf-post-text\">\n<div class=\"mkdf-post-text-inner\">\n<div class=\"mkdf-post-text-main\">\n<div class=\"page-title-head hgroup\">\n<div class=\"page-title-head hgroup\">\n<div class=\"mkdf-post-text\">\n<div class=\"mkdf-post-text-inner\">\n<div class=\"mkdf-post-text-main\">\n<div class=\"mkdf-post-text\">\n<div class=\"mkdf-post-text-inner\">\n<div class=\"mkdf-post-text-main\">\n<div class=\"page-title-head hgroup\">\n<div class=\"page-title-head hgroup\">\n<div class=\"page-title-head hgroup\">\n<div class=\"page-title-head hgroup\">\n<div class=\"b654a4as d2edcug0\">\n<div class=\"page-title-head hgroup\">\n<div class=\"page-title-head hgroup\">\n<div class=\"page-title-head hgroup\">\n<div class=\"page-title-head hgroup\">\n<div class=\"b654a4as d2edcug0\">\n<div class=\"page-title-head hgroup\">\n<div class=\"page-title-head hgroup\">\n<div class=\"page-title-head hgroup\">\n<div class=\"page-title-head hgroup\">\n<div class=\"b654a4as d2edcug0\">\n<div>\n<div>\n<blockquote>\n<blockquote>\n<h3><\/h3>\n<\/blockquote>\n<\/blockquote>\n<hr \/>\n<p>&nbsp;<\/p>\n<\/div>\n<h4><span style=\"color: #ff0000;\">MUSICA ALLA RADIO<\/span><\/h4>\n<div><a href=\"https:\/\/www.radiopiu.net\/wordpress\/giornale-radiopiu-20-settembre-2021-direttore-mirko-mezzacasa\/pp-79\/\" rel=\"attachment wp-att-232921\"><img loading=\"lazy\" decoding=\"async\" class=\"wp-image-232921 alignleft\" src=\"https:\/\/www.radiopiu.net\/wordpress\/wp-content\/uploads\/2021\/09\/pp-1-300x300.jpg\" alt=\"\" width=\"135\" height=\"135\" srcset=\"https:\/\/www.radiopiu.net\/wordpress\/wp-content\/uploads\/2021\/09\/pp-1-300x300.jpg 300w, https:\/\/www.radiopiu.net\/wordpress\/wp-content\/uploads\/2021\/09\/pp-1-150x150.jpg 150w, https:\/\/www.radiopiu.net\/wordpress\/wp-content\/uploads\/2021\/09\/pp-1.jpg 640w\" sizes=\"auto, (max-width: 135px) 100vw, 135px\" \/><\/a><\/div>\n<div><\/div>\n<div><\/div>\n<div>\n<p><strong>MUSICA ALLA RADIO, IL PROGRAMMA DI LORIS SCUSSEL &#8220;COLLAGE OPERAZIONE NOSTALGIA&#8221; DAL LUNEDI AL VENERDI ALLE 16.00\u00a0 E ALLE 23\u00a0<\/strong><\/p>\n<p>&nbsp;<\/p>\n<p><span style=\"color: #ff0000;\">PUNTATA NUMERO 459 DEL 21 OTTOBRE 2021\u00a0 \u00a0<\/span><\/p>\n<\/div>\n<audio class=\"wp-audio-shortcode\" id=\"audio-238155-20\" preload=\"none\" style=\"width: 100%;\" controls=\"controls\"><source type=\"audio\/mpeg\" src=\"https:\/\/www.radiopiu.net\/wordpress\/wp-content\/uploads\/2021\/10\/Collage-459.mp3?_=20\" \/><a href=\"https:\/\/www.radiopiu.net\/wordpress\/wp-content\/uploads\/2021\/10\/Collage-459.mp3\">https:\/\/www.radiopiu.net\/wordpress\/wp-content\/uploads\/2021\/10\/Collage-459.mp3<\/a><\/audio>\n<p>&nbsp;<\/p>\n<p>&nbsp;<\/p>\n<hr \/>\n<p>&nbsp;<\/p>\n<p>&nbsp;<\/p>\n<blockquote>\n<h3>IL LUNEDI ALLE 9.30 E 18.30 I RACCONTI DI PAOLO SOPPELSA<\/h3>\n<p><strong>LA RACCONTA COMPLETA\u00a0\u00a0<\/strong><\/p><\/blockquote>\n<blockquote class=\"wp-embedded-content\" data-secret=\"oqbtUbWoFX\"><p><a href=\"https:\/\/www.radiopiu.net\/wordpress\/i-racconti-di-paolo-soppelsa\/\">I racconti di Paolo Soppelsa<\/a><\/p><\/blockquote>\n<p><iframe loading=\"lazy\" class=\"wp-embedded-content\" sandbox=\"allow-scripts\" security=\"restricted\" style=\"position: absolute; clip: rect(1px, 1px, 1px, 1px);\" title=\"&#8220;I racconti di Paolo Soppelsa&#8221; &#8212; Radio Pi\u00f9\" src=\"https:\/\/www.radiopiu.net\/wordpress\/i-racconti-di-paolo-soppelsa\/embed\/#?secret=oqbtUbWoFX\" data-secret=\"oqbtUbWoFX\" width=\"600\" height=\"338\" frameborder=\"0\" marginwidth=\"0\" marginheight=\"0\" scrolling=\"no\"><\/iframe><\/p>\n<p>&nbsp;<\/p>\n<p>&nbsp;<\/p>\n<div>\n<hr \/>\n<p>&nbsp;<\/p>\n<p><a href=\"https:\/\/www.radiopiu.net\/wordpress\/giornale-radiopiu-26-settembre-2018-direttore-mirko-mezzacasa\/viabilita-2\/\" rel=\"attachment wp-att-61954\"><img loading=\"lazy\" decoding=\"async\" class=\"wp-image-61954 size-full aligncenter\" src=\"https:\/\/www.radiopiu.net\/wordpress\/wp-content\/uploads\/2018\/09\/viabilita.jpeg\" alt=\"\" width=\"800\" height=\"100\" srcset=\"https:\/\/www.radiopiu.net\/wordpress\/wp-content\/uploads\/2018\/09\/viabilita.jpeg 800w, https:\/\/www.radiopiu.net\/wordpress\/wp-content\/uploads\/2018\/09\/viabilita-300x38.jpeg 300w, https:\/\/www.radiopiu.net\/wordpress\/wp-content\/uploads\/2018\/09\/viabilita-768x96.jpeg 768w\" sizes=\"auto, (max-width: 800px) 100vw, 800px\" \/><\/a><\/p>\n<p>&nbsp;<\/p>\n<p><strong><a href=\"https:\/\/www.radiopiu.net\/wordpress\/veneto-strade-interdizione-al-traffico\/veneto-strade-2\/\" rel=\"attachment wp-att-135574\"><img loading=\"lazy\" decoding=\"async\" class=\"wp-image-135574 alignleft\" src=\"https:\/\/www.radiopiu.net\/wordpress\/wp-content\/uploads\/2020\/05\/VENETO-STRADE-300x300.png\" alt=\"\" width=\"100\" height=\"100\" srcset=\"https:\/\/www.radiopiu.net\/wordpress\/wp-content\/uploads\/2020\/05\/VENETO-STRADE-300x300.png 300w, https:\/\/www.radiopiu.net\/wordpress\/wp-content\/uploads\/2020\/05\/VENETO-STRADE-150x150.png 150w, https:\/\/www.radiopiu.net\/wordpress\/wp-content\/uploads\/2020\/05\/VENETO-STRADE.png 400w\" sizes=\"auto, (max-width: 100px) 100vw, 100px\" \/><\/a><\/strong><\/p>\n<p><strong>REGIONALE 48 DELLE DOLOMITI PASSO FALZAREGO<\/strong>\u00a0 fino\u00a0 al 26 novembre interruzioni della durata massima di 15 minuti in localit\u00e0 Pian di Falzarego <strong>REGIONALE 48 DOLOMITI<\/strong> dall&#8217;11 ottobre al 3 dicembre senso unico localit\u00e0 Andraz.<\/p>\n<p>&nbsp;<\/p>\n<\/div>\n<\/div>\n<div>\n<p>&nbsp;<\/p>\n<hr \/>\n<p>&nbsp;<\/p>\n<p>&nbsp;<\/p>\n<p>&nbsp;<\/p>\n<blockquote>\n<h3>SPECIALE DARWIN GARDEN, L&#8217;INTERVISTA A CLAUDIO FARENZENA<\/h3>\n<\/blockquote>\n<p><strong>di Mirko Mezzacasa\u00a0<\/strong><\/p>\n<p><iframe loading=\"lazy\" title=\"DARWIN GARDEN intervista a Claudio Farenzena\" width=\"1200\" height=\"675\" src=\"https:\/\/www.youtube.com\/embed\/jSqOsflDUf8?feature=oembed\" frameborder=\"0\" allow=\"accelerometer; autoplay; clipboard-write; encrypted-media; gyroscope; picture-in-picture\" allowfullscreen><\/iframe><\/p>\n<p><iframe loading=\"lazy\" title=\"DARWIN GARDEN la panca che si trasforma in set pic nic\" width=\"1200\" height=\"675\" src=\"https:\/\/www.youtube.com\/embed\/fXNh4d_0VK4?feature=oembed\" frameborder=\"0\" allow=\"accelerometer; autoplay; clipboard-write; encrypted-media; gyroscope; picture-in-picture\" allowfullscreen><\/iframe><\/p>\n<p>&nbsp;<\/p>\n<h3>DALLA FIERA DI BOLZANO<\/h3>\n\n\t\t\t<style type='text\/css'>\n\t\t\t\t#gallery-11 {\n\t\t\t\t\tmargin: auto;\n\t\t\t\t}\n\t\t\t\t#gallery-11 .gallery-item {\n\t\t\t\t\tfloat: left;\n\t\t\t\t\tmargin-top: 10px;\n\t\t\t\t\ttext-align: center;\n\t\t\t\t\twidth: 14%;\n\t\t\t\t}\n\t\t\t\t#gallery-11 img {\n\t\t\t\t\tborder: 2px solid #cfcfcf;\n\t\t\t\t}\n\t\t\t\t#gallery-11 .gallery-caption {\n\t\t\t\t\tmargin-left: 0;\n\t\t\t\t}\n\t\t\t\t\/* see gallery_shortcode() in wp-includes\/media.php *\/\n\t\t\t<\/style>\n\t\t<div id='gallery-11' class='dt-gallery-container gallery galleryid-238155 gallery-columns-7 gallery-size-thumbnail'><dl class='gallery-item'>\n\t\t\t\t<dt class='gallery-icon landscape'>\n\t\t\t\t\t<a class=\"rollover rollover-zoom dt-pswp-item\" title=\"2c848653-c106-4cbf-8118-48c52263acae\" data-dt-img-description=\"\" data-large_image_width=\"1600\" data-large_image_height=\"1200\"href='https:\/\/www.radiopiu.net\/wordpress\/wp-content\/uploads\/2021\/10\/2c848653-c106-4cbf-8118-48c52263acae-1.jpg'><img loading=\"lazy\" decoding=\"async\" width=\"150\" height=\"150\" src=\"https:\/\/www.radiopiu.net\/wordpress\/wp-content\/uploads\/2021\/10\/2c848653-c106-4cbf-8118-48c52263acae-1-150x150.jpg\" class=\"attachment-thumbnail size-thumbnail\" alt=\"\" \/><\/a>\n\t\t\t\t<\/dt><\/dl><dl class='gallery-item'>\n\t\t\t\t<dt class='gallery-icon landscape'>\n\t\t\t\t\t<a class=\"rollover rollover-zoom dt-pswp-item\" title=\"3ca4bfb5-902a-422a-b1b8-b7a6a6cc0702\" data-dt-img-description=\"\" data-large_image_width=\"1600\" data-large_image_height=\"1200\"href='https:\/\/www.radiopiu.net\/wordpress\/wp-content\/uploads\/2021\/10\/3ca4bfb5-902a-422a-b1b8-b7a6a6cc0702.jpg'><img loading=\"lazy\" decoding=\"async\" width=\"150\" height=\"150\" src=\"https:\/\/www.radiopiu.net\/wordpress\/wp-content\/uploads\/2021\/10\/3ca4bfb5-902a-422a-b1b8-b7a6a6cc0702-150x150.jpg\" class=\"attachment-thumbnail size-thumbnail\" alt=\"\" \/><\/a>\n\t\t\t\t<\/dt><\/dl><dl class='gallery-item'>\n\t\t\t\t<dt class='gallery-icon portrait'>\n\t\t\t\t\t<a class=\"rollover rollover-zoom dt-pswp-item\" title=\"7c42d6cb-9792-45b3-abb3-0a2ead4e9cb7\" data-dt-img-description=\"\" data-large_image_width=\"1200\" data-large_image_height=\"1600\"href='https:\/\/www.radiopiu.net\/wordpress\/wp-content\/uploads\/2021\/10\/7c42d6cb-9792-45b3-abb3-0a2ead4e9cb7-1.jpg'><img loading=\"lazy\" decoding=\"async\" width=\"150\" height=\"150\" src=\"https:\/\/www.radiopiu.net\/wordpress\/wp-content\/uploads\/2021\/10\/7c42d6cb-9792-45b3-abb3-0a2ead4e9cb7-1-150x150.jpg\" class=\"attachment-thumbnail size-thumbnail\" alt=\"\" \/><\/a>\n\t\t\t\t<\/dt><\/dl><dl class='gallery-item'>\n\t\t\t\t<dt class='gallery-icon landscape'>\n\t\t\t\t\t<a class=\"rollover rollover-zoom dt-pswp-item\" title=\"294f1b50-9f9f-4743-b100-9e45461ebc63\" data-dt-img-description=\"\" data-large_image_width=\"1600\" data-large_image_height=\"1200\"href='https:\/\/www.radiopiu.net\/wordpress\/wp-content\/uploads\/2021\/10\/294f1b50-9f9f-4743-b100-9e45461ebc63.jpg'><img loading=\"lazy\" decoding=\"async\" width=\"150\" height=\"150\" src=\"https:\/\/www.radiopiu.net\/wordpress\/wp-content\/uploads\/2021\/10\/294f1b50-9f9f-4743-b100-9e45461ebc63-150x150.jpg\" class=\"attachment-thumbnail size-thumbnail\" alt=\"\" \/><\/a>\n\t\t\t\t<\/dt><\/dl><dl class='gallery-item'>\n\t\t\t\t<dt class='gallery-icon landscape'>\n\t\t\t\t\t<a class=\"rollover rollover-zoom dt-pswp-item\" title=\"7770dda7-1aaa-44ca-be57-3b504554bd71\" data-dt-img-description=\"\" data-large_image_width=\"1600\" data-large_image_height=\"1200\"href='https:\/\/www.radiopiu.net\/wordpress\/wp-content\/uploads\/2021\/10\/7770dda7-1aaa-44ca-be57-3b504554bd71.jpg'><img loading=\"lazy\" decoding=\"async\" width=\"150\" height=\"150\" src=\"https:\/\/www.radiopiu.net\/wordpress\/wp-content\/uploads\/2021\/10\/7770dda7-1aaa-44ca-be57-3b504554bd71-150x150.jpg\" class=\"attachment-thumbnail size-thumbnail\" alt=\"\" \/><\/a>\n\t\t\t\t<\/dt><\/dl><dl class='gallery-item'>\n\t\t\t\t<dt class='gallery-icon landscape'>\n\t\t\t\t\t<a class=\"rollover rollover-zoom dt-pswp-item\" title=\"d8b3564e-30e6-468e-9854-d90d2bfc50a9\" data-dt-img-description=\"\" data-large_image_width=\"1600\" data-large_image_height=\"1200\"href='https:\/\/www.radiopiu.net\/wordpress\/wp-content\/uploads\/2021\/10\/d8b3564e-30e6-468e-9854-d90d2bfc50a9.jpg'><img loading=\"lazy\" decoding=\"async\" width=\"150\" height=\"150\" src=\"https:\/\/www.radiopiu.net\/wordpress\/wp-content\/uploads\/2021\/10\/d8b3564e-30e6-468e-9854-d90d2bfc50a9-150x150.jpg\" class=\"attachment-thumbnail size-thumbnail\" alt=\"\" \/><\/a>\n\t\t\t\t<\/dt><\/dl><dl class='gallery-item'>\n\t\t\t\t<dt class='gallery-icon landscape'>\n\t\t\t\t\t<a class=\"rollover rollover-zoom dt-pswp-item\" title=\"f4b7e0d6-6de2-4708-8256-0f2f87326e90\" data-dt-img-description=\"\" data-large_image_width=\"1600\" data-large_image_height=\"1200\"href='https:\/\/www.radiopiu.net\/wordpress\/wp-content\/uploads\/2021\/10\/f4b7e0d6-6de2-4708-8256-0f2f87326e90.jpg'><img loading=\"lazy\" decoding=\"async\" width=\"150\" height=\"150\" src=\"https:\/\/www.radiopiu.net\/wordpress\/wp-content\/uploads\/2021\/10\/f4b7e0d6-6de2-4708-8256-0f2f87326e90-150x150.jpg\" class=\"attachment-thumbnail size-thumbnail\" alt=\"\" \/><\/a>\n\t\t\t\t<\/dt><\/dl><br style=\"clear: both\" \/>\n\t\t\t<\/div>\n\n<p>&nbsp;<\/p>\n<p>&nbsp;<\/p>\n<hr \/>\n<p>&nbsp;<\/p>\n<p>&nbsp;<\/p>\n<\/div>\n<\/div>\n<\/div>\n<\/div>\n<\/div>\n<\/div>\n<\/div>\n<\/div>\n<\/div>\n<\/div>\n<\/div>\n<\/div>\n<\/div>\n<\/div>\n<\/div>\n<\/div>\n<\/div>\n<\/div>\n<\/div>\n<\/div>\n<\/div>\n<\/div>\n<\/div>\n<\/div>\n<\/div>\n<\/div>\n<\/div>\n<\/div>\n<\/div>\n<\/div>\n<\/div>\n<\/div>\n<\/div>\n<\/div>\n<\/div>\n<\/div>\n<\/div>\n<\/div>\n<\/div>\n<\/div>\n<\/div>\n<\/div>\n<\/div>\n<\/div>\n<\/div>\n<\/div>\n<\/div>\n<\/div>\n<\/div>\n<\/div>\n<\/div>\n<div>\n<div class=\"page-title-head hgroup\">\n<div class=\"page-title-head hgroup\">\n<div class=\"page-title-head hgroup\">\n<div class=\"page-title-head hgroup\">\n<div class=\"b654a4as d2edcug0\">\n<div class=\"page-title-head hgroup\">\n<div class=\"page-title-head hgroup\">\n<div class=\"page-title-head hgroup\">\n<div class=\"page-title-head hgroup\">\n<div class=\"b654a4as d2edcug0\">\n<div class=\"page-title-head hgroup\">\n<div class=\"page-title-head hgroup\">\n<div class=\"page-title-head hgroup\">\n<div class=\"page-title-head hgroup\">\n<div class=\"page-title-head hgroup\">\n<div class=\"mkdf-post-text\">\n<div class=\"mkdf-post-text-inner\">\n<div class=\"mkdf-post-text-main\">\n<div class=\"mkdf-post-text\">\n<div class=\"mkdf-post-text-inner\">\n<div class=\"mkdf-post-text-main\">\n<div class=\"mkdf-post-text\">\n<div class=\"mkdf-post-text-inner\">\n<div class=\"mkdf-post-text-main\">\n<div class=\"page-title-head hgroup\">\n<div class=\"page-title-head hgroup\">\n<div class=\"mkdf-post-text\">\n<div class=\"mkdf-post-text-inner\">\n<div class=\"mkdf-post-text-main\">\n<div class=\"mkdf-post-text\">\n<div class=\"mkdf-post-text-inner\">\n<div class=\"mkdf-post-text-main\">\n<div>\n<div class=\"page-title-head hgroup\">\n<div class=\"page-title-head hgroup\">\n<div>\n<div class=\"page-title-head hgroup\">\n<div class=\"page-title-head hgroup\">\n<div class=\"b654a4as d2edcug0\">\n<div>\n<div class=\"page-title-head hgroup\" style=\"text-align: left;\">\n<div class=\"page-title-head hgroup\">\n<div dir=\"auto\">\n<p><a class=\"dt-pswp-item pspw-wrap-ready\" href=\"https:\/\/i0.wp.com\/www.radiopiu.net\/wordpress\/wp-content\/uploads\/2018\/09\/WhatsApp-Image-2018-09-20-at-16.04.06.jpeg?ssl=1\" data-dt-img-description=\"\" data-large_image_width=\"800\" data-large_image_height=\"100\"><img loading=\"lazy\" decoding=\"async\" class=\"aligncenter wp-image-61378 size-full jetpack-lazy-image jetpack-lazy-image--handled\" src=\"https:\/\/i0.wp.com\/www.radiopiu.net\/wordpress\/wp-content\/uploads\/2018\/09\/WhatsApp-Image-2018-09-20-at-16.04.06.jpeg?resize=800%2C100&amp;ssl=1\" sizes=\"auto, (max-width: 800px) 100vw, 800px\" srcset=\"https:\/\/i0.wp.com\/www.radiopiu.net\/wordpress\/wp-content\/uploads\/2018\/09\/WhatsApp-Image-2018-09-20-at-16.04.06.jpeg?w=800&amp;ssl=1 800w, https:\/\/i0.wp.com\/www.radiopiu.net\/wordpress\/wp-content\/uploads\/2018\/09\/WhatsApp-Image-2018-09-20-at-16.04.06.jpeg?resize=300%2C38&amp;ssl=1 300w, https:\/\/i0.wp.com\/www.radiopiu.net\/wordpress\/wp-content\/uploads\/2018\/09\/WhatsApp-Image-2018-09-20-at-16.04.06.jpeg?resize=768%2C96&amp;ssl=1 768w\" alt=\"\" width=\"800\" height=\"100\" data-lazy-loaded=\"1\" \/><\/a><\/p>\n<\/div>\n<\/div>\n<\/div>\n<\/div>\n<\/div>\n<\/div>\n<\/div>\n<\/div>\n<\/div>\n<\/div>\n<\/div>\n<\/div>\n<\/div>\n<\/div>\n<\/div>\n<\/div>\n<\/div>\n<\/div>\n<\/div>\n<\/div>\n<\/div>\n<\/div>\n<\/div>\n<\/div>\n<\/div>\n<\/div>\n<\/div>\n<\/div>\n<\/div>\n<\/div>\n<\/div>\n<\/div>\n<\/div>\n<\/div>\n<\/div>\n<\/div>\n<\/div>\n<\/div>\n<\/div>\n<\/div>\n<\/div>\n<\/div>\n<\/div>\n<\/div>\n<p>&nbsp;<\/p>\n<\/div>\n<\/div>\n<\/div>\n<\/div>\n<\/div>\n<\/div>\n<\/div>\n<\/div>\n<\/div>\n<\/div>\n<p><center><b>Venerdi 22<\/b><\/center><b>Tempo atteso: <\/b>Riduzione della nuvolosit\u00e0 nella notte e miglioramento del tempo che torner\u00e0 a essere soleggiato a partire dalle Dolomiti e dalle Prealpi occidentali, eccetto residue nubi basse su alcuni settori prealpini, in lento diradamento, specie in Valbelluna. Al pomeriggio ampi tratti di sereno e comparsa di stratocumuli, la cui presenza sar\u00e0 maggiore sulle Prealpi rispetto alle Dolomiti. Contesto termico fresco nelle ore notturne, mentre il ritorno del sole garantir\u00e0 un maggior confort termico in giornata, almeno nelle valli.<br \/>\n<b>Precipitazioni: <\/b>Assenti (0%) o molto sporadiche sulle Prealpi (10%) al pomeriggio per qualche goccia.<br \/>\n<b>Temperature: <\/b>Minime in generale calo; massime in ripresa in quota e nelle valli pi\u00f9 assolate, eccetto sulle cime pi\u00f9 alte e nelle conche interessate da nubi basse, dove si avr\u00e0 una lieve diminuzione. Sono previste punte di 10\/14\u00b0C nei fondovalle prealpini, anche meno in caso di nubi basse, e di 9\/12\u00b0C a 1000-1200 m. Su Prealpi a 1500 m min 6\u00b0C max 9\u00b0C, a 2000 m min 3\u00b0C max 5\u00b0C. Su Dolomiti a 2000 m min 2\u00b0C max 5\u00b0C, a 3000 m min -4\u00b0C max -2\u00b0C.<br \/>\n<b>Venti: <\/b>Nelle valli perlopi\u00f9 deboli per brezze; in quota moderati da sud-ovest nella notte, poi da nord-ovest in giornata con tendenza a scemare leggermente al pomeriggio, a 5-15 km\/h a 2000 m e 15-30 km\/h a 3000 m.<\/p>\n<hr \/>\n<p><center><b>Sabato 23<\/b><\/center><b>Tempo atteso: <\/b>Bel tempo autunnale con sole, cielo sereno, aria tersa e ottima visibilit\u00e0 in montagna. Maggiore insidia nubi basse su alcuni settori prealpini nelle ore pi\u00f9 fredde, in parziale diradamento, lasciando spazio al sole, prima del riformarsi delle stesse in serata. Contesto termico tipico delle belle giornate autunnale con freddo notturno e mitezza diurna, diversamente andr\u00e0 nei settori interessati da nubi basse con notti meno fresche e assenza di mitezza diurna.<br \/>\n<b>Precipitazioni: <\/b>Assenti (0%).<br \/>\n<b>Temperature: <\/b>In generale calo con ritorno delle gelate fino sui 1000\/1200 m m, ma sar\u00e0 qualche rialzo delle massime nelle valli pi\u00f9 assolate. L&#8217;andamento termcico sar\u00e0 pi\u00f9 incerto nei settori prealpini interessati da nubi basse. Sono previste punte di 10\/14\u00b0C nei fondovalle prealpini e di 9\/12\u00b0C a 1000-1200 m. Su Prealpi a 1500 m min 4\u00b0C max 8\u00b0C, a 2000 m min 0\u00b0C max 4\u00b0C. Su Dolomiti a 2000 m min -1\u00b0C max 4\u00b0C, a 3000 m min -6\u00b0C max -1\u00b0C.<br \/>\n<b>Venti: <\/b>Nelle valli perlopi\u00f9 deboli per brezze, localmente e a tratti moderati nei settori solitamente pi\u00f9 ventilati; in quota deboli\/moderati da nord-ovest, a 5-10 km\/h a 2000 m e 15-25 km\/h a 3000 m.<\/p>\n<hr \/>\n<p><center><b>Domenica 24<\/b><\/center>Bel tempo autunnale con sole e cielo sereno, aria tersa e ottima visibilit\u00e0 sulle Dolomiti, mentre l&#8217;insidia nubi basse potrebbe limitare il soleggiamento su alcuni settori prealpini, specie a bassa quota. Temperature in generale rialzo, salvo stazionariet\u00e0 delle minime nei fondovalle prealpini. Venti perlopi\u00f9 deboli a regime di brezza nelle valli, localmente e a tratti moderati nei settori pi\u00f9 ventilati; in quota deboli\/moderati da sud sud-est.<\/p>\n<hr \/>\n<p><center><b>Lunedi 25<\/b><\/center>Estesa presenza di nubi alte e medio-alte in grado di filtrare o mascherare del tutto il sole. Minore insidia nubi basse sulla fascia prealpina. Temperature minime in rialzo e massime in leggera flessione. Venti deboli di direzione variabile nelle valli, deboli\/moderati dai quadranti meridionali in quota. Previsore: R.L.Th.<\/p>\n<p>&nbsp;<\/p>\n<hr \/>\n<p>&nbsp;<\/p>\n<div class=\"mkdf-post-text\">\n<div class=\"mkdf-post-text-inner\">\n<p><a href=\"https:\/\/www.radiopiu.net\/wordpress\/giornale-radiopiu-15-settembre-2018-direttore-mirko-mezzacasa\/sport-7\/\" rel=\"attachment wp-att-60761\"><img loading=\"lazy\" decoding=\"async\" class=\"wp-image-60761 size-full aligncenter\" src=\"https:\/\/www.radiopiu.net\/wordpress\/wp-content\/uploads\/2018\/09\/sport.jpg\" alt=\"\" width=\"800\" height=\"100\" srcset=\"https:\/\/www.radiopiu.net\/wordpress\/wp-content\/uploads\/2018\/09\/sport.jpg 800w, https:\/\/www.radiopiu.net\/wordpress\/wp-content\/uploads\/2018\/09\/sport-300x38.jpg 300w, https:\/\/www.radiopiu.net\/wordpress\/wp-content\/uploads\/2018\/09\/sport-768x96.jpg 768w\" sizes=\"auto, (max-width: 800px) 100vw, 800px\" \/><\/a><\/p>\n<\/div>\n<\/div>\n<p>&nbsp;<\/p>\n<blockquote>\n<h3>IL 24 OTTOBRE PRENDE IL VIA IL CAMPIONATO PROVINCIALE CSI DI CORSA CAMPESTRE<\/h3>\n<\/blockquote>\n<p><strong><a href=\"https:\/\/www.radiopiu.net\/wordpress\/giornale-radiopiu-22-ottobre-2021-direttore-mirko-mezzacasa\/csi-provinciale-2018\/\" rel=\"attachment wp-att-238281\"><img loading=\"lazy\" decoding=\"async\" class=\"size-medium wp-image-238281 alignleft\" src=\"https:\/\/www.radiopiu.net\/wordpress\/wp-content\/uploads\/2021\/10\/csi-provinciale-2018-300x200.jpg\" alt=\"\" width=\"300\" height=\"200\" srcset=\"https:\/\/www.radiopiu.net\/wordpress\/wp-content\/uploads\/2021\/10\/csi-provinciale-2018-300x200.jpg 300w, https:\/\/www.radiopiu.net\/wordpress\/wp-content\/uploads\/2021\/10\/csi-provinciale-2018-1024x683.jpg 1024w, https:\/\/www.radiopiu.net\/wordpress\/wp-content\/uploads\/2021\/10\/csi-provinciale-2018-768x512.jpg 768w, https:\/\/www.radiopiu.net\/wordpress\/wp-content\/uploads\/2021\/10\/csi-provinciale-2018-1536x1024.jpg 1536w, https:\/\/www.radiopiu.net\/wordpress\/wp-content\/uploads\/2021\/10\/csi-provinciale-2018-2048x1365.jpg 2048w\" sizes=\"auto, (max-width: 300px) 100vw, 300px\" \/><\/a>BELLUNO <\/strong><span class=\"s1\">Prender\u00e0 il via domenica 24 ottobre il Gran premio provinciale Csi di corsa campestre 2021, evento proposto dal comitato di Belluno del Centro sportivo italiano in sinergia con quello di Feltre e valevole per il 23.mo Trofeo giovanile Serafino Barp e per i trofei Kiwi Sport (categorie assolute) e Alpen Plus (classifica generale). La manifestazione si articoler\u00e0 su cinque prove: il 24 ottobre a Vallesella di Domegge di Cadore, a cura del Gruppo Marciatori Calalzo e dell\u2019As Pozzale, il 31 ottobre a Ronchena di Lentiai (Borgo Valbelluna), a cura del Gs La Piave 2000, il 14 novembre a Boscherai \u2013 Pedavena, per l\u2019organizzazione della Polisportiva Csi Feltre, il 21 novembre a Bribano di Sedico, ancora a cura del Gs La Piave 2000, e il 5 dicembre a Quero-Vas, per l\u2019organizzazione del Gs Astra Quero. Per il 28 novembre \u00e8 prevista la prima prova del Campionato regionale: si svolger\u00e0 a Modolo di Castion \u2013 Belluno e sar\u00e0 organizzata dal Gs Castionese.<\/span><\/p>\n<p>&nbsp;<\/p>\n<p>&nbsp;<\/p>\n<hr \/>\n<p>&nbsp;<\/p>\n<blockquote>\n<h3>LA JUNIORES DEL FIORI BARP INCAMERA 3 PUNTI CONTRO LA JUVENTINA<\/h3>\n<\/blockquote>\n<p><strong><a href=\"https:\/\/www.radiopiu.net\/wordpress\/calcio-hockey-il-fine-settimana-seguito-da-radio-piu\/calcio-gol\/\" rel=\"attachment wp-att-73083\"><img loading=\"lazy\" decoding=\"async\" class=\"size-medium wp-image-73083 alignleft\" src=\"https:\/\/www.radiopiu.net\/wordpress\/wp-content\/uploads\/2019\/01\/CALCIO-GOL-300x150.jpg\" alt=\"\" width=\"300\" height=\"150\" srcset=\"https:\/\/www.radiopiu.net\/wordpress\/wp-content\/uploads\/2019\/01\/CALCIO-GOL-300x150.jpg 300w, https:\/\/www.radiopiu.net\/wordpress\/wp-content\/uploads\/2019\/01\/CALCIO-GOL-768x384.jpg 768w, https:\/\/www.radiopiu.net\/wordpress\/wp-content\/uploads\/2019\/01\/CALCIO-GOL.jpg 800w\" sizes=\"auto, (max-width: 300px) 100vw, 300px\" \/><\/a>JUNIORES PROVINCIALI \/ FIORI BARP &#8211; JUVENTINA 4-1<\/strong><\/p>\n<p>Si \u00e8 giocato mercoled\u00ec sera il recupero della partita tra Fiori Barp e Juventina valida per il campionato provinciale Juniores. Dopo pi\u00f9 di un anno e mezzo la squadra sedicense \u00e8 tornata a giocare sul campo di Mas e l&#8217;emozione per i ragazzi non \u00e8 mancata. Subito avanti i padroni di casa che dopo neanche un minuto trovano la rete del vantaggio dopo una bella triangolazione tra Palman, Fadda e Dall&#8217;\u00d2 con quest&#8217;ultimo che insacca. La risposta della Juventina non si fa attendere e al 4&#8242; pareggia i conti grazie ad uno svarione difensivo. Al 26&#8242; \u00e8 Fadda che riporta in vantaggio il Fiori Barp dopo essere scappato alla difesa. A pochi minuti dal termine della prima frazione Fadda sigla la doppietta personale in contropiede battendo l&#8217;estremo difensore dopo essere partito sul filo del fuori gioco. Ad inizio ripresa il poker della squadra di Mas \u00e8 a firma di Sovilla che spedisce il pallone in fondo al sacco con un tiro cross diagonale. Da segnalare anche un rigore sbagliato della squadra di casa.<\/p>\n<\/div>\n<\/div>\n<\/div>\n","protected":false},"excerpt":{"rendered":"<p>&nbsp; INFORMAZIONE il canale su TELEGRAM informazione di prima mano e in tempo reale. iscriviti ed aiutaci a farlo conoscere\u00a0 \u00a0 &nbsp; &nbsp; ULTIM&#8217;ORA 5.30 IN FRIULI LA TERRA CONTINUA A TREMARE\u00a0 Dopo le scosse di terremoto di ieri a Tolmezzo stamane alle 5.17 la replica 3,2 di magnitudo, profondit\u00e0 11.2 chilometri. La scossa registrata&hellip;<\/p>\n","protected":false},"author":4,"featured_media":238383,"comment_status":"closed","ping_status":"open","sticky":false,"template":"","format":"standard","meta":{"_monsterinsights_skip_tracking":false,"_monsterinsights_sitenote_active":false,"_monsterinsights_sitenote_note":"","_monsterinsights_sitenote_category":0,"footnotes":""},"categories":[104,86,49],"tags":[],"class_list":["post-238155","post","type-post","status-publish","format-standard","has-post-thumbnail","hentry","category-evidenza_3","category-gr","category-news-18","category-104","category-86","category-49","description-off"],"img_url":"https:\/\/www.radiopiu.net\/wordpress\/wp-content\/uploads\/2021\/10\/th-21.jpg","_links":{"self":[{"href":"https:\/\/www.radiopiu.net\/wordpress\/wp-json\/wp\/v2\/posts\/238155","targetHints":{"allow":["GET"]}}],"collection":[{"href":"https:\/\/www.radiopiu.net\/wordpress\/wp-json\/wp\/v2\/posts"}],"about":[{"href":"https:\/\/www.radiopiu.net\/wordpress\/wp-json\/wp\/v2\/types\/post"}],"author":[{"embeddable":true,"href":"https:\/\/www.radiopiu.net\/wordpress\/wp-json\/wp\/v2\/users\/4"}],"replies":[{"embeddable":true,"href":"https:\/\/www.radiopiu.net\/wordpress\/wp-json\/wp\/v2\/comments?post=238155"}],"version-history":[{"count":0,"href":"https:\/\/www.radiopiu.net\/wordpress\/wp-json\/wp\/v2\/posts\/238155\/revisions"}],"wp:featuredmedia":[{"embeddable":true,"href":"https:\/\/www.radiopiu.net\/wordpress\/wp-json\/wp\/v2\/media\/238383"}],"wp:attachment":[{"href":"https:\/\/www.radiopiu.net\/wordpress\/wp-json\/wp\/v2\/media?parent=238155"}],"wp:term":[{"taxonomy":"category","embeddable":true,"href":"https:\/\/www.radiopiu.net\/wordpress\/wp-json\/wp\/v2\/categories?post=238155"},{"taxonomy":"post_tag","embeddable":true,"href":"https:\/\/www.radiopiu.net\/wordpress\/wp-json\/wp\/v2\/tags?post=238155"}],"curies":[{"name":"wp","href":"https:\/\/api.w.org\/{rel}","templated":true}]}}