{"id":238356,"date":"2021-10-23T05:35:32","date_gmt":"2021-10-23T03:35:32","guid":{"rendered":"https:\/\/www.radiopiu.net\/wordpress\/?p=238356"},"modified":"2021-10-23T07:15:23","modified_gmt":"2021-10-23T05:15:23","slug":"giornale-radiopiu-23-ottobre-2021-direttore-mirko-mezzacasa","status":"publish","type":"post","link":"https:\/\/www.radiopiu.net\/wordpress\/giornale-radiopiu-23-ottobre-2021-direttore-mirko-mezzacasa\/","title":{"rendered":"GIORNALE RADIOPIU 23 OTTOBRE 2021 DIRETTORE MIRKO MEZZACASA"},"content":{"rendered":"<p>&nbsp;<\/p>\n<h3 class=\"kvgmc6g5 cxmmr5t8 oygrvhab hcukyx3x c1et5uql\"><span style=\"color: #0000ff;\">INFORMAZIONE il canale su TELEGRAM informazione di prima mano e in tempo reale. iscriviti ed aiutaci a farlo conoscere\u00a0 \u00a0<\/span><\/h3>\n<p>&nbsp;<\/p>\n<blockquote>\n<h3>STRADA DEL DURAN, OLTRE UN MESE DI DISAGI<\/h3>\n<\/blockquote>\n<div class=\"bubble is-read hide-name is-out can-have-tail is-group-first\" data-mid=\"5233770495\" data-peer-id=\"-1478820725\" data-timestamp=\"1634889909\">\n<div class=\"bubble-content-wrapper\">\n<div class=\"bubble-content\">\n<div class=\"message\" dir=\"auto\">\n<p><span style=\"color: #ff0000;\">PROVINCIALE 347 PASSO DURAN<\/span> interdizione totale dalle 8 alle 12 e dalle 13.30 alle 17.30 esclusi sabati e domeniche, fino ale 04 dicembre, nelle altre fasce orarie senso unico alternato, in localit\u00e0 Dont SP 347 DURAN E CEREDA Fino al 12 novembre chiusura totale in localit\u00e0 Caleda &#8211; comune di La Valle Agordina &#8211; dalle 8 alle 12 e dalle 13.30 alle 17.30 esclusi festivi e prefestivi, in tutti gli altri orari senso unico alternato<\/p>\n<div class=\"inner tgico\" title=\"22 October 2021, 10:05:09\">10:05<\/div>\n<\/div>\n<\/div>\n<\/div>\n<\/div>\n<div class=\"bubble is-read hide-name is-out can-have-tail is-group-last\" data-mid=\"5233836031\" data-peer-id=\"-1478820725\" data-timestamp=\"1634889998\">\n<div class=\"bubble-content-wrapper\">\n<div class=\"bubble-content\">\n<div class=\"message\" dir=\"auto\"><span style=\"color: #ff0000;\">PROVINCIALE 635 SAN BOLDO<\/span> interdizione totale in localit\u00e0 Ponte Tuora (Trichiana) dal 26 al 29 ottobre, dalle 845 alle 11.30 e dalle 14.45 alle 17.30<\/div>\n<div dir=\"auto\"><\/div>\n<\/div>\n<\/div>\n<\/div>\n<p>&nbsp;<\/p>\n<hr \/>\n<div class=\"q9uorilb\"><\/div>\n<div class=\"q9uorilb\"><\/div>\n<blockquote>\n<h3 class=\"q9uorilb\">Gestione Servizi Pubblici informa che a <strong>TAIBON AGORDINO<\/strong> nelle localit\u00e0 RONCH DE BOS e NOGAROLA l&#8217;acqua erogata dall&#8217;acquedotto\u00a0 \u00e8 di nuovo potabile e pu\u00f2 essere usata per scopi alimentari<\/h3>\n<\/blockquote>\n<div class=\"ecm0bbzt e5nlhep0 a8c37x1j\">\n<div class=\"kvgmc6g5 cxmmr5t8 oygrvhab hcukyx3x c1et5uql\">\n<p>&nbsp;<\/p>\n<hr \/>\n<div dir=\"auto\"><span style=\"color: #ff0000;\">\u00a0\u00a0<\/span><\/div>\n<blockquote>\n<h2 dir=\"auto\">dalla pagina facebook SEI DI AGORDO SE<\/h2>\n<\/blockquote>\n<div dir=\"auto\"><strong>di Manuela Da Ronch<\/strong><\/div>\n<div dir=\"auto\">\n\n\t\t\t<style type='text\/css'>\n\t\t\t\t#gallery-1 {\n\t\t\t\t\tmargin: auto;\n\t\t\t\t}\n\t\t\t\t#gallery-1 .gallery-item {\n\t\t\t\t\tfloat: left;\n\t\t\t\t\tmargin-top: 10px;\n\t\t\t\t\ttext-align: center;\n\t\t\t\t\twidth: 50%;\n\t\t\t\t}\n\t\t\t\t#gallery-1 img {\n\t\t\t\t\tborder: 2px solid #cfcfcf;\n\t\t\t\t}\n\t\t\t\t#gallery-1 .gallery-caption {\n\t\t\t\t\tmargin-left: 0;\n\t\t\t\t}\n\t\t\t\t\/* see gallery_shortcode() in wp-includes\/media.php *\/\n\t\t\t<\/style>\n\t\t<div id='gallery-1' class='dt-gallery-container gallery galleryid-238356 gallery-columns-2 gallery-size-medium'><dl class='gallery-item'>\n\t\t\t\t<dt class='gallery-icon landscape'>\n\t\t\t\t\t<a class=\"rollover rollover-zoom dt-pswp-item\" title=\"ca76cff6-5108-4e0b-932b-e16943c213f3\" data-dt-img-description=\"\" data-large_image_width=\"600\" data-large_image_height=\"450\"href='https:\/\/www.radiopiu.net\/wordpress\/wp-content\/uploads\/2021\/10\/ca76cff6-5108-4e0b-932b-e16943c213f3.jpg'><img loading=\"lazy\" decoding=\"async\" width=\"300\" height=\"225\" src=\"https:\/\/www.radiopiu.net\/wordpress\/wp-content\/uploads\/2021\/10\/ca76cff6-5108-4e0b-932b-e16943c213f3-300x225.jpg\" class=\"attachment-medium size-medium\" alt=\"\" srcset=\"https:\/\/www.radiopiu.net\/wordpress\/wp-content\/uploads\/2021\/10\/ca76cff6-5108-4e0b-932b-e16943c213f3-300x225.jpg 300w, https:\/\/www.radiopiu.net\/wordpress\/wp-content\/uploads\/2021\/10\/ca76cff6-5108-4e0b-932b-e16943c213f3.jpg 600w\" sizes=\"auto, (max-width: 300px) 100vw, 300px\" \/><\/a>\n\t\t\t\t<\/dt><\/dl><dl class='gallery-item'>\n\t\t\t\t<dt class='gallery-icon landscape'>\n\t\t\t\t\t<a class=\"rollover rollover-zoom dt-pswp-item\" title=\"ebc2c1fa-4907-4e0d-a8bd-c7b15a33971d\" data-dt-img-description=\"\" data-large_image_width=\"600\" data-large_image_height=\"450\"href='https:\/\/www.radiopiu.net\/wordpress\/wp-content\/uploads\/2021\/10\/ebc2c1fa-4907-4e0d-a8bd-c7b15a33971d.jpg'><img loading=\"lazy\" decoding=\"async\" width=\"300\" height=\"225\" src=\"https:\/\/www.radiopiu.net\/wordpress\/wp-content\/uploads\/2021\/10\/ebc2c1fa-4907-4e0d-a8bd-c7b15a33971d-300x225.jpg\" class=\"attachment-medium size-medium\" alt=\"\" srcset=\"https:\/\/www.radiopiu.net\/wordpress\/wp-content\/uploads\/2021\/10\/ebc2c1fa-4907-4e0d-a8bd-c7b15a33971d-300x225.jpg 300w, https:\/\/www.radiopiu.net\/wordpress\/wp-content\/uploads\/2021\/10\/ebc2c1fa-4907-4e0d-a8bd-c7b15a33971d.jpg 600w\" sizes=\"auto, (max-width: 300px) 100vw, 300px\" \/><\/a>\n\t\t\t\t<\/dt><\/dl><br style=\"clear: both\" \/>\n\t\t\t<\/div>\n\n<p>&#8230; Ex Caserma degli alpini di Agordo E da qui iniziano i ricordi<\/p>\n<\/div>\n<p>&nbsp;<\/p>\n<p>&nbsp;<\/p>\n<p>&nbsp;<\/p>\n<hr \/>\n<p>&nbsp;<\/p>\n<blockquote>\n<h3><span style=\"color: #ff0000;\">L&#8217;EVENTO\u00a0<\/span><\/h3>\n<p>OGGI ALLE 10.30 L&#8217;INAUGURAZIONE DEI NUOVI LOCALI DEL MAGAZZINO DI STAGIONATURA DELLA COOPERATIVA LATTERIA DI VALLATA AGORDINO<\/p>\n<p>di Gianni Santomaso<\/p><\/blockquote>\n<audio class=\"wp-audio-shortcode\" id=\"audio-238356-1\" preload=\"none\" style=\"width: 100%;\" controls=\"controls\"><source type=\"audio\/mpeg\" src=\"https:\/\/www.radiopiu.net\/wordpress\/wp-content\/uploads\/2021\/10\/latteria.mp3?_=1\" \/><a href=\"https:\/\/www.radiopiu.net\/wordpress\/wp-content\/uploads\/2021\/10\/latteria.mp3\">https:\/\/www.radiopiu.net\/wordpress\/wp-content\/uploads\/2021\/10\/latteria.mp3<\/a><\/audio>\n<p>&nbsp;<\/p>\n<p>&nbsp;<\/p>\n<p><em><a href=\"https:\/\/www.radiopiu.net\/wordpress\/cooperativa-agordino-latteria-di-vallata-il-punto-con-il-presidente-roberto-chissale\/cooperativa-latteria-agordino\/\" rel=\"attachment wp-att-194321\"><img loading=\"lazy\" decoding=\"async\" class=\"size-full wp-image-194321 alignleft\" src=\"https:\/\/www.radiopiu.net\/wordpress\/wp-content\/uploads\/2021\/03\/COOPERATIVA-LATTERIA-AGORDINO.png\" alt=\"\" width=\"300\" height=\"200\" \/><\/a>La Cooperativa Agordino Latteria di Vallata sabato 23 ottobre alle 10.30 inaugura il nuovo magazzino di stagionatura in via Rosson a Rivamonte Agordino.\u00a0<\/em><\/p>\n<p><strong>di Claudio Fontanive<\/strong><\/p>\n<p>OSPITE: Roberto Chissal\u00e8, Presidente della Cooperativa Agordino Latteria di Vallata<\/p>\n<audio class=\"wp-audio-shortcode\" id=\"audio-238356-2\" preload=\"none\" style=\"width: 100%;\" controls=\"controls\"><source type=\"audio\/mpeg\" src=\"https:\/\/www.radiopiu.net\/wordpress\/wp-content\/uploads\/2021\/10\/roberto-chissale-15-ottobre.mp3?_=2\" \/><a href=\"https:\/\/www.radiopiu.net\/wordpress\/wp-content\/uploads\/2021\/10\/roberto-chissale-15-ottobre.mp3\">https:\/\/www.radiopiu.net\/wordpress\/wp-content\/uploads\/2021\/10\/roberto-chissale-15-ottobre.mp3<\/a><\/audio>\n<p>&nbsp;<\/p>\n<p>&nbsp;<\/p>\n<p>&nbsp;<\/p>\n<hr \/>\n<p>&nbsp;<\/p>\n<p>&nbsp;<\/p>\n<blockquote>\n<h3><a href=\"https:\/\/www.radiopiu.net\/wordpress\/giornale-radiopiu-16-giugno-2021-direttore-mirko-mezzacasa\/th-140\/\" rel=\"attachment wp-att-216173\"><img loading=\"lazy\" decoding=\"async\" class=\"wp-image-216173 alignleft\" src=\"https:\/\/www.radiopiu.net\/wordpress\/wp-content\/uploads\/2021\/06\/th-13.jpg\" alt=\"\" width=\"126\" height=\"84\" \/><\/a>INTERRUZIONI ENEL PROGRAMMATE, PER LAVORI<\/h3>\n<\/blockquote>\n<\/div>\n<div class=\"kvgmc6g5 cxmmr5t8 oygrvhab hcukyx3x c1et5uql\">\n<p><span style=\"color: #ff0000;\">OGGI,<\/span> dalle 8.30 alle 12.30 ad Alleghe nelle vie Coi, Monte Civetta, Casara, Fernazza<\/p>\n<p><span style=\"color: #ff0000;\">LUNEDI 25 OTTOBRE<\/span> dalle 10 alle 12 a Gosaldo vie Pette, Masoch e Nagarei<\/p>\n<p><span style=\"color: #ff0000;\">VENERDI 29 OTTOBRE<\/span>\u00a0 dalle 12 alle 14.30 a Gosaldo vie Pette, Masoch e Nagarei<\/p>\n<p>&nbsp;<\/p>\n<hr \/>\n<p>&nbsp;<\/p>\n<p>&nbsp;<\/p>\n<p>&nbsp;<\/p>\n<blockquote>\n<h2><strong><a href=\"https:\/\/www.radiopiu.net\/wordpress\/boscaiolo-perde-la-vita\/90250807_1109676832713041_7862343926349299712_n\/\" rel=\"attachment wp-att-237648\"><img loading=\"lazy\" decoding=\"async\" class=\"wp-image-237648 alignleft\" src=\"https:\/\/www.radiopiu.net\/wordpress\/wp-content\/uploads\/2021\/10\/90250807_1109676832713041_7862343926349299712_n-300x300.jpg\" alt=\"\" width=\"91\" height=\"91\" srcset=\"https:\/\/www.radiopiu.net\/wordpress\/wp-content\/uploads\/2021\/10\/90250807_1109676832713041_7862343926349299712_n-300x300.jpg 300w, https:\/\/www.radiopiu.net\/wordpress\/wp-content\/uploads\/2021\/10\/90250807_1109676832713041_7862343926349299712_n-150x150.jpg 150w, https:\/\/www.radiopiu.net\/wordpress\/wp-content\/uploads\/2021\/10\/90250807_1109676832713041_7862343926349299712_n-768x769.jpg 768w, https:\/\/www.radiopiu.net\/wordpress\/wp-content\/uploads\/2021\/10\/90250807_1109676832713041_7862343926349299712_n.jpg 844w\" sizes=\"auto, (max-width: 91px) 100vw, 91px\" \/><\/a>Aperto il conto corrente a sostegno della famiglia di Mustapha Manneh\u00a0<\/strong><\/h2>\n<\/blockquote>\n<p>\u00c8 stato aperto il conto corrente per raccogliere fondi da destinare alla famiglia di Mustapha Manneh, il 32enne gambiano morto sul lavoro luned\u00ec nei boschi della Val Visdende. Per donare, \u00e8 possibile effettuare un versamento sul conto IT 52 F 08511 61230 000000043883 &#8211; Agenzia Tai di Cadore di Cortinabanca Credito Cooperativo, con la causale \u201cPer i figli di Mustapha, perch\u00e9 i sogni non muoiono mai\u201d.<\/p>\n<p>&nbsp;<\/p>\n<p>&nbsp;<\/p>\n<hr \/>\n<p>&nbsp;<\/p>\n<div dir=\"auto\"><\/div>\n<div dir=\"auto\"><\/div>\n<blockquote>\n<h2 dir=\"auto\">LADRI A CASTION E MIER, I CARABINIERI INTENSIFICANO I CONTROLLI<\/h2>\n<\/blockquote>\n<p>&nbsp;<\/p>\n<p><strong><a href=\"https:\/\/www.radiopiu.net\/wordpress\/ladri-e-restano-i-danni-e-il-malessere\/ladri-e-vandali-a-borca-1\/\" rel=\"attachment wp-att-188365\"><img loading=\"lazy\" decoding=\"async\" class=\"size-full wp-image-188365 alignleft\" src=\"https:\/\/www.radiopiu.net\/wordpress\/wp-content\/uploads\/2021\/02\/Ladri-e-vandali-a-Borca-1.jpg\" alt=\"\" width=\"250\" height=\"150\" \/><\/a>BELLUNO\u00a0<\/strong> Tre furti in una sera a Castion e altri quattro colpi\u00a0 tra riusciti e solo tentati a Mier. I malviventi sono tornati a colpire gioved\u00ec sera. I Carabinieri hanno dato il via alla caccia ai ladri, anche con auto civetta e personale in borghese del Nucleo operativo e radiomobile, ma senza esito. Nel fine settimana sono stati previsti servizi molto pi\u00f9 intensi, con altri pattugliamenti. Rubati preziosi, monili, orologi, catenine per valori di diverse migliaia di euro. Nel bottino anche i soldi in contanti che sono stai trovati nei vari cassetti.\u00a0 Le tre abitazioni violate si trovano nella zona a ridosso del campo sportivo. A Mier, tra il weekend e l&#8217;inizio di settimana, almeno quattro i colpi: due sono stati denunciati ai carabinieri, altrettanti alla polizia.<\/p>\n<p>&nbsp;<\/p>\n<hr \/>\n<p>&nbsp;<\/p>\n<blockquote>\n<h3>SI ROVESCIA CON IL TRATTORE, TRAUMA ALLA GAMBA<\/h3>\n<\/blockquote>\n<p><strong>FELTRE<\/strong> ieri attorno alle 15.20, su segnalazione di un passante, l&#8217;elicottero del Suem di Pieve di Cadore \u00e8 decollato in direzione dell&#8217;imbocco della Valle di Lamen, dove, sul Monte Pafagai a quota 800, un uomo che stava facendo legna nel bosco si era rovesciato con il trattore sotto strada. Dopo aver caricato a bordo un tecnico del Soccorso alpino di Feltre in supporto alle operazioni, l&#8217;eliambulanza ha calato nelle vicinanze con un verricello di 60 metri soccorritore, tecnico di elisoccorso ed equipe medica, che hanno prestato le prime cure a G.B., 80 anni, di Feltre (BL), a seguito della possibile frattura a una gamba riportata. L&#8217;infortunato \u00e8 stato imbarellato, recuperato con il verricello e trasportato all&#8217;ospedale di Belluno.<\/p>\n\n\t\t\t<style type='text\/css'>\n\t\t\t\t#gallery-2 {\n\t\t\t\t\tmargin: auto;\n\t\t\t\t}\n\t\t\t\t#gallery-2 .gallery-item {\n\t\t\t\t\tfloat: left;\n\t\t\t\t\tmargin-top: 10px;\n\t\t\t\t\ttext-align: center;\n\t\t\t\t\twidth: 50%;\n\t\t\t\t}\n\t\t\t\t#gallery-2 img {\n\t\t\t\t\tborder: 2px solid #cfcfcf;\n\t\t\t\t}\n\t\t\t\t#gallery-2 .gallery-caption {\n\t\t\t\t\tmargin-left: 0;\n\t\t\t\t}\n\t\t\t\t\/* see gallery_shortcode() in wp-includes\/media.php *\/\n\t\t\t<\/style>\n\t\t<div id='gallery-2' class='dt-gallery-container gallery galleryid-238356 gallery-columns-2 gallery-size-medium'><dl class='gallery-item'>\n\t\t\t\t<dt class='gallery-icon landscape'>\n\t\t\t\t\t<a class=\"rollover rollover-zoom dt-pswp-item\" title=\"salt_20211022_181543_727\" data-dt-img-description=\"\" data-large_image_width=\"2364\" data-large_image_height=\"1773\"href='https:\/\/www.radiopiu.net\/wordpress\/wp-content\/uploads\/2021\/10\/salt_20211022_181543_727.jpg'><img loading=\"lazy\" decoding=\"async\" width=\"300\" height=\"225\" src=\"https:\/\/www.radiopiu.net\/wordpress\/wp-content\/uploads\/2021\/10\/salt_20211022_181543_727-300x225.jpg\" class=\"attachment-medium size-medium\" alt=\"\" srcset=\"https:\/\/www.radiopiu.net\/wordpress\/wp-content\/uploads\/2021\/10\/salt_20211022_181543_727-300x225.jpg 300w, https:\/\/www.radiopiu.net\/wordpress\/wp-content\/uploads\/2021\/10\/salt_20211022_181543_727-1024x768.jpg 1024w, https:\/\/www.radiopiu.net\/wordpress\/wp-content\/uploads\/2021\/10\/salt_20211022_181543_727-768x576.jpg 768w, https:\/\/www.radiopiu.net\/wordpress\/wp-content\/uploads\/2021\/10\/salt_20211022_181543_727-1536x1152.jpg 1536w, https:\/\/www.radiopiu.net\/wordpress\/wp-content\/uploads\/2021\/10\/salt_20211022_181543_727-2048x1536.jpg 2048w\" sizes=\"auto, (max-width: 300px) 100vw, 300px\" \/><\/a>\n\t\t\t\t<\/dt><\/dl><dl class='gallery-item'>\n\t\t\t\t<dt class='gallery-icon landscape'>\n\t\t\t\t\t<a class=\"rollover rollover-zoom dt-pswp-item\" title=\"salt_20211022_181534_590\" data-dt-img-description=\"\" data-large_image_width=\"2364\" data-large_image_height=\"1773\"href='https:\/\/www.radiopiu.net\/wordpress\/wp-content\/uploads\/2021\/10\/salt_20211022_181534_590.jpg'><img loading=\"lazy\" decoding=\"async\" width=\"300\" height=\"225\" src=\"https:\/\/www.radiopiu.net\/wordpress\/wp-content\/uploads\/2021\/10\/salt_20211022_181534_590-300x225.jpg\" class=\"attachment-medium size-medium\" alt=\"\" srcset=\"https:\/\/www.radiopiu.net\/wordpress\/wp-content\/uploads\/2021\/10\/salt_20211022_181534_590-300x225.jpg 300w, https:\/\/www.radiopiu.net\/wordpress\/wp-content\/uploads\/2021\/10\/salt_20211022_181534_590-1024x768.jpg 1024w, https:\/\/www.radiopiu.net\/wordpress\/wp-content\/uploads\/2021\/10\/salt_20211022_181534_590-768x576.jpg 768w, https:\/\/www.radiopiu.net\/wordpress\/wp-content\/uploads\/2021\/10\/salt_20211022_181534_590-1536x1152.jpg 1536w, https:\/\/www.radiopiu.net\/wordpress\/wp-content\/uploads\/2021\/10\/salt_20211022_181534_590-2048x1536.jpg 2048w\" sizes=\"auto, (max-width: 300px) 100vw, 300px\" \/><\/a>\n\t\t\t\t<\/dt><\/dl><br style=\"clear: both\" \/>\n\t\t\t<\/div>\n\n<p>&nbsp;<\/p>\n<hr \/>\n<p>&nbsp;<\/p>\n<blockquote>\n<h2>RECUPERATO SUL CRISTALLO IL CORPO DELL&#8217;ESCURSIONISTA PRECIPITATO MERCOLED\u00cc<\/h2>\n<\/blockquote>\n<p><strong>CORTINA <\/strong>Non appena la visibilit\u00e0 lo ha permesso, nella mattinata di ieri\u00a0 l&#8217;elicottero del Suem di Pieve di Cadore \u00e8 intervenuto sul Cristallo per recuperare il corpo senza vita dell&#8217;escursionista tedesco R.A.G., di 31 anni, precipitato mercoled\u00ec in un\u00a0 canale mentre stava percorrendo la Ferrata Dibona. Imbarcati due tecnici del Soccorso alpino e del Sagf di Cortina in supporto alle operazioni, l&#8217;eliambulanza li ha calati con il verricello in parete. Giovedi la squadra era salita a piedi, si era\u00a0 calata per oltre 100 metri nel canale tra il Vecio del Forame e Forcella Alta, dove il tracciamento del cellulare ne segnalava la probabile presenza dal pomeriggio. I soccorritori \u2013 Soccorso alpino di Cortina, della Guardia di finanza e dei Carabinieri \u2013\u00a0 avevano poi\u00a0 attrezzato le calate nel punto sottostante il percorso attrezzato e iniziando\u00a0 a scendere, ritrovando prima lo zaino poi il corpo, a circa 2.700 metri di quota.<span style=\"color: #ff0000;\"><strong>\u00a0<\/strong><\/span><\/p>\n<div dir=\"auto\">\n\n\t\t\t<style type='text\/css'>\n\t\t\t\t#gallery-3 {\n\t\t\t\t\tmargin: auto;\n\t\t\t\t}\n\t\t\t\t#gallery-3 .gallery-item {\n\t\t\t\t\tfloat: left;\n\t\t\t\t\tmargin-top: 10px;\n\t\t\t\t\ttext-align: center;\n\t\t\t\t\twidth: 50%;\n\t\t\t\t}\n\t\t\t\t#gallery-3 img {\n\t\t\t\t\tborder: 2px solid #cfcfcf;\n\t\t\t\t}\n\t\t\t\t#gallery-3 .gallery-caption {\n\t\t\t\t\tmargin-left: 0;\n\t\t\t\t}\n\t\t\t\t\/* see gallery_shortcode() in wp-includes\/media.php *\/\n\t\t\t<\/style>\n\t\t<div id='gallery-3' class='dt-gallery-container gallery galleryid-238356 gallery-columns-2 gallery-size-medium'><dl class='gallery-item'>\n\t\t\t\t<dt class='gallery-icon portrait'>\n\t\t\t\t\t<a class=\"rollover rollover-zoom dt-pswp-item\" title=\"salt_20211022_110444_207\" data-dt-img-description=\"\" data-large_image_width=\"1773\" data-large_image_height=\"2364\"href='https:\/\/www.radiopiu.net\/wordpress\/wp-content\/uploads\/2021\/10\/salt_20211022_110444_207.jpg'><img loading=\"lazy\" decoding=\"async\" width=\"225\" height=\"300\" src=\"https:\/\/www.radiopiu.net\/wordpress\/wp-content\/uploads\/2021\/10\/salt_20211022_110444_207-225x300.jpg\" class=\"attachment-medium size-medium\" alt=\"\" srcset=\"https:\/\/www.radiopiu.net\/wordpress\/wp-content\/uploads\/2021\/10\/salt_20211022_110444_207-225x300.jpg 225w, https:\/\/www.radiopiu.net\/wordpress\/wp-content\/uploads\/2021\/10\/salt_20211022_110444_207-768x1024.jpg 768w, https:\/\/www.radiopiu.net\/wordpress\/wp-content\/uploads\/2021\/10\/salt_20211022_110444_207-1152x1536.jpg 1152w, https:\/\/www.radiopiu.net\/wordpress\/wp-content\/uploads\/2021\/10\/salt_20211022_110444_207-1536x2048.jpg 1536w, https:\/\/www.radiopiu.net\/wordpress\/wp-content\/uploads\/2021\/10\/salt_20211022_110444_207.jpg 1773w\" sizes=\"auto, (max-width: 225px) 100vw, 225px\" \/><\/a>\n\t\t\t\t<\/dt><\/dl><dl class='gallery-item'>\n\t\t\t\t<dt class='gallery-icon portrait'>\n\t\t\t\t\t<a class=\"rollover rollover-zoom dt-pswp-item\" title=\"salt_20211022_110431_667\" data-dt-img-description=\"\" data-large_image_width=\"1773\" data-large_image_height=\"2364\"href='https:\/\/www.radiopiu.net\/wordpress\/wp-content\/uploads\/2021\/10\/salt_20211022_110431_667.jpg'><img loading=\"lazy\" decoding=\"async\" width=\"225\" height=\"300\" src=\"https:\/\/www.radiopiu.net\/wordpress\/wp-content\/uploads\/2021\/10\/salt_20211022_110431_667-225x300.jpg\" class=\"attachment-medium size-medium\" alt=\"\" srcset=\"https:\/\/www.radiopiu.net\/wordpress\/wp-content\/uploads\/2021\/10\/salt_20211022_110431_667-225x300.jpg 225w, https:\/\/www.radiopiu.net\/wordpress\/wp-content\/uploads\/2021\/10\/salt_20211022_110431_667-768x1024.jpg 768w, https:\/\/www.radiopiu.net\/wordpress\/wp-content\/uploads\/2021\/10\/salt_20211022_110431_667-1152x1536.jpg 1152w, https:\/\/www.radiopiu.net\/wordpress\/wp-content\/uploads\/2021\/10\/salt_20211022_110431_667-1536x2048.jpg 1536w, https:\/\/www.radiopiu.net\/wordpress\/wp-content\/uploads\/2021\/10\/salt_20211022_110431_667.jpg 1773w\" sizes=\"auto, (max-width: 225px) 100vw, 225px\" \/><\/a>\n\t\t\t\t<\/dt><\/dl><br style=\"clear: both\" \/>\n\t\t\t<\/div>\n\n<\/div>\n<div dir=\"auto\"><\/div>\n<p>&nbsp;<\/p>\n<div dir=\"auto\"><\/div>\n<div dir=\"auto\"><\/div>\n<div dir=\"auto\">\n<hr \/>\n<\/div>\n<blockquote>\n<div dir=\"auto\"><\/div>\n<\/blockquote>\n<div dir=\"auto\"><\/div>\n<div dir=\"auto\"><\/div>\n<div dir=\"auto\"><\/div>\n<div dir=\"auto\">\n<hr \/>\n<\/div>\n<blockquote>\n<h3 dir=\"auto\"><\/h3>\n<h3 dir=\"auto\">LUXOTTICA NELL&#8217;AREA CAMPER 120 NUOVI PARCHEGGI, PALALUXOTTICA STOP ALLA PRODUZIONE MASCHERINE<\/h3>\n<p><strong><a href=\"https:\/\/www.radiopiu.net\/wordpress\/luxottica-e-fameccanica-avviano-la-produzione-nazionale-di-mascherine-al-palaluxottica-di-agordo\/1-palaluxottica\/\" rel=\"attachment wp-att-159859\"><img loading=\"lazy\" decoding=\"async\" class=\"size-medium wp-image-159859 alignleft\" src=\"https:\/\/www.radiopiu.net\/wordpress\/wp-content\/uploads\/2020\/09\/1.-PalaLuxottica-300x169.jpg\" alt=\"\" width=\"300\" height=\"169\" srcset=\"https:\/\/www.radiopiu.net\/wordpress\/wp-content\/uploads\/2020\/09\/1.-PalaLuxottica-300x169.jpg 300w, https:\/\/www.radiopiu.net\/wordpress\/wp-content\/uploads\/2020\/09\/1.-PalaLuxottica-1024x576.jpg 1024w, https:\/\/www.radiopiu.net\/wordpress\/wp-content\/uploads\/2020\/09\/1.-PalaLuxottica-768x432.jpg 768w, https:\/\/www.radiopiu.net\/wordpress\/wp-content\/uploads\/2020\/09\/1.-PalaLuxottica-1536x864.jpg 1536w, https:\/\/www.radiopiu.net\/wordpress\/wp-content\/uploads\/2020\/09\/1.-PalaLuxottica-640x360.jpg 640w, https:\/\/www.radiopiu.net\/wordpress\/wp-content\/uploads\/2020\/09\/1.-PalaLuxottica.jpg 1920w\" sizes=\"auto, (max-width: 300px) 100vw, 300px\" \/><\/a>AGORDO<\/strong><\/p>\n<p>di Gianni Santomaso<\/p>\n<p>&nbsp;<\/p>\n<p>&nbsp;<\/p>\n<p>&nbsp;<\/p>\n<p>&nbsp;<\/p>\n<p>&nbsp;<\/p>\n<audio class=\"wp-audio-shortcode\" id=\"audio-238356-3\" preload=\"none\" style=\"width: 100%;\" controls=\"controls\"><source type=\"audio\/mpeg\" src=\"https:\/\/www.radiopiu.net\/wordpress\/wp-content\/uploads\/2021\/10\/luxottica-stop-mascherina-via-ai-nuovi-parcheggi.mp3?_=3\" \/><a href=\"https:\/\/www.radiopiu.net\/wordpress\/wp-content\/uploads\/2021\/10\/luxottica-stop-mascherina-via-ai-nuovi-parcheggi.mp3\">https:\/\/www.radiopiu.net\/wordpress\/wp-content\/uploads\/2021\/10\/luxottica-stop-mascherina-via-ai-nuovi-parcheggi.mp3<\/a><\/audio>\n<p>&nbsp;<\/p>\n<h3 dir=\"auto\"><\/h3>\n<hr \/>\n<h3 dir=\"auto\"><\/h3>\n<h3 dir=\"auto\"><\/h3>\n<h3 dir=\"auto\">COMMISSIONE TRASPORTI RSU &#8220;CHE LUXOTTICA RIPRISTINI IL SERVIZIO NAVETTA&#8221;<\/h3>\n<\/blockquote>\n<div dir=\"auto\">\n<p><strong><img loading=\"lazy\" decoding=\"async\" class=\"alignleft\" src=\"https:\/\/www.radiopiu.net\/wordpress\/wp-content\/uploads\/2021\/10\/d9aec963-3a78-43c3-b8cb-9d7cb5a0fde9.jpg\" width=\"222\" height=\"166\" \/>AGORDO<\/strong> In un incontro urgente sul tema trasporto la Commissione Trasporti della Rsu Luxottica ha chiesto a Luxottica di ripristinare il servizio navetta per il pomeriggio, anche solo utlizzando il parcheggio di Polane e gi\u00e0 dalla prossima settimana.\u00a0 In quanto a Trentino Trasporti per le tratte del trentino (giornata e turno) da notizie dell&#8217;ultim&#8217;ora l&#8217;azienda ha comunicato che da luned\u00ec 25\u00a0 riprender\u00e0 parzialmente il servizio dal Primiero, solamente sul turno mattina 6-14. Sia la Dolomitibus che Trentino Trasporti dal 15 ottobre hanno soppresso diverse corse nei rispetti territori, l&#8217;azienda bellunese fino a 100 corse al giorno.<\/p>\n<blockquote><p><em>&#8220;Va detto &#8211; precisa la Commissione Trasporti Rsu &#8211; che eventuali rimborsi vanno chiesti direttamente dai lavoratori alle aziende di trasporto pubblico&#8221;.<\/em><\/p><\/blockquote>\n<p>Infine \u00e8 stato chiesto e ottenuto dall&#8217;azienda che l&#8217;apertura dei tornelli sia anticipata di cinque minuti per permettere sia a chi arriva in corriere che in auto di entrare per tempo e timbrare in orario.<\/p>\n<\/div>\n<div dir=\"auto\"><\/div>\n<div dir=\"auto\"><\/div>\n<div dir=\"auto\">\n<hr \/>\n<\/div>\n<div dir=\"auto\"><\/div>\n<div dir=\"auto\"><\/div>\n<div dir=\"auto\"><\/div>\n<blockquote>\n<div dir=\"auto\">\n<hr \/>\n<\/div>\n<div dir=\"auto\">\n<p>&nbsp;<\/p>\n<blockquote>\n<h3>OLIMPIADI E SCI ALPINISMO, OSCAR ANGELONI &#8220;OCCASIONI PERSE TRA L&#8217;INDIFFERENZA DEI POLITICI DI REGIONE E PROVINCIA&#8221;<\/h3>\n<\/blockquote>\n<p><strong>REDAZIONE\u00a0<\/strong><\/p>\n<p><strong>di Claudio Fontanive\u00a0<\/strong><\/p>\n<blockquote><p><strong><em><img loading=\"lazy\" decoding=\"async\" class=\"alignleft\" src=\"https:\/\/www.radiopiu.net\/wordpress\/wp-content\/uploads\/2021\/10\/221955501_10222898043511965_484376800755843665_n.jpg\" width=\"150\" height=\"100\" \/> <\/em><\/strong><\/p>\n<p><strong><em>Ecco uno stralcio della lunga intervista che RADIO PIU&#8217; trasmetter\u00e0 lunedi pomeriggio alle 15.10 in Carpe Diem. Ospite Oscar Angeloni,\u00a0 gi\u00e0 commissario tecnico\u00a0 della nazionale di Ski Alp Italiana, da qualche anno passato in svizzera con analogo incarico.<\/em><\/strong><\/p><\/blockquote>\n<p>&nbsp;<\/p>\n<audio class=\"wp-audio-shortcode\" id=\"audio-238356-4\" preload=\"none\" style=\"width: 100%;\" controls=\"controls\"><source type=\"audio\/mpeg\" src=\"https:\/\/www.radiopiu.net\/wordpress\/wp-content\/uploads\/2021\/10\/oscar-angeloni-gr.mp3?_=4\" \/><a href=\"https:\/\/www.radiopiu.net\/wordpress\/wp-content\/uploads\/2021\/10\/oscar-angeloni-gr.mp3\">https:\/\/www.radiopiu.net\/wordpress\/wp-content\/uploads\/2021\/10\/oscar-angeloni-gr.mp3<\/a><\/audio>\n<p>&nbsp;<\/p>\n<\/div>\n<div dir=\"auto\"><\/div>\n<div dir=\"auto\"><\/div>\n<\/blockquote>\n<p>&nbsp;<\/p>\n<hr \/>\n<p>&nbsp;<\/p>\n<h3><\/h3>\n<div dir=\"auto\"><\/div>\n<div dir=\"auto\"><\/div>\n<blockquote>\n<h3 dir=\"auto\">NUOVE SOSPENSIONI DALL&#8217;ORDINE DEI MEDICI, IL PUNTO IN PROVINCIA<\/h3>\n<\/blockquote>\n<div dir=\"auto\"><a href=\"https:\/\/www.radiopiu.net\/wordpress\/nuove-sospensioni-dallordine-dei-medici-il-punto-in-provincia\/pp-87\/\" rel=\"attachment wp-att-238457\"><img loading=\"lazy\" decoding=\"async\" class=\"size-full wp-image-238457 alignleft\" src=\"https:\/\/www.radiopiu.net\/wordpress\/wp-content\/uploads\/2021\/10\/pp-7.jpg\" alt=\"\" width=\"192\" height=\"192\" srcset=\"https:\/\/www.radiopiu.net\/wordpress\/wp-content\/uploads\/2021\/10\/pp-7.jpg 192w, https:\/\/www.radiopiu.net\/wordpress\/wp-content\/uploads\/2021\/10\/pp-7-150x150.jpg 150w\" sizes=\"auto, (max-width: 192px) 100vw, 192px\" \/><\/a><strong>BELLUNO<\/strong> Ieri\u00a0 il Presidente dell&#8217;Ordine de Medici e Odontoriatri della Provincia ha assunto il provvedimento di sospensione di\u00a0 un\u00a0 medico iscritto all&#8217;Ordine di Belluno e residente in altra provincia, infatti provincia di residenza e iscrizione all&#8217;ordine non sono obbligatoriamente\u00a0 insistenti nello stesso territorio. Al momento sono stati sospesi un dentista e 4 medici; di questi l&#8217;odontoiatra e due medici hanno regolarizzato la propria posizione e conseguentemente il relativo provvedimento di sospensione \u00e8 stato revocato. Al momento sono pertanto attive le sospensioni di tre medici.<\/div>\n<blockquote>\n<h3><\/h3>\n<p>&nbsp;<\/p>\n<p>&nbsp;<\/p><\/blockquote>\n<hr \/>\n<h3><\/h3>\n<blockquote>\n<h3><\/h3>\n<h3>ULSS 1: IL REPORT SETTIMANALE SUI CONTAGI NELLE SCUOLE DEL BELLUNESE<\/h3>\n<\/blockquote>\n<p><strong>BELLUNO<\/strong> Punto settimanale sulla situazione contagi nelle scuole del bellunese con Il team scuole, del Dipartimento di Prevenzione della Ulss1 Dolomiti<\/p>\n<blockquote><p><span style=\"color: #ff0000;\"><strong>TOTALE SOGGETTI ATTUALMENTE IN CARICO: 231<\/strong><\/span><\/p><\/blockquote>\n<p>Incremento (+5) delle classi in sorveglianza scolastica rispetto alla precedente settimana. Dai tamponi di screening di una classe di una scuola superiore sono emerse nuove positivit\u00e0 che hanno determinato il passaggio della classe da monitoraggio scolastico a quarantena. Si sottolinea inoltre la presa in carico di due gruppi di alunni del doposcuola. Si nota la prevalenza di classi appartenenti a scuole primarie (5 su 14). Le classi sono localizzate nelle zone del bellunese e del feltrino.<\/p>\n<table style=\"height: 344px;\" width=\"881\">\n<tbody>\n<tr>\n<td width=\"226\"><strong>ORDINE E GRADO<\/strong><\/td>\n<td colspan=\"3\" width=\"322\"><strong>NUMERO CLASSI IN CARICO<\/strong><\/td>\n<td colspan=\"3\" width=\"387\"><strong>VARIAZIONI <\/strong><\/td>\n<\/tr>\n<tr>\n<td width=\"226\"><\/td>\n<td width=\"119\">*Monitoraggio<\/td>\n<td width=\"112\">**Quarantena<\/td>\n<td width=\"91\">Totale<\/td>\n<td width=\"170\">Nuove prese in carico<\/td>\n<td width=\"146\">Episodio concluso<\/td>\n<td width=\"71\">Totale<\/td>\n<\/tr>\n<tr>\n<td width=\"226\">Asili e Infanzie<\/td>\n<td width=\"119\">\/<\/td>\n<td width=\"112\">1<\/td>\n<td width=\"91\">1<\/td>\n<td width=\"170\">\/<\/td>\n<td width=\"146\">1<\/td>\n<td width=\"71\">-1<\/td>\n<\/tr>\n<tr>\n<td width=\"226\">Primarie<\/td>\n<td width=\"119\">5<\/td>\n<td width=\"112\">\/<\/td>\n<td width=\"91\">5<\/td>\n<td width=\"170\">5<\/td>\n<td width=\"146\">1<\/td>\n<td width=\"71\">4<\/td>\n<\/tr>\n<tr>\n<td width=\"226\">Secondaria di primo grado<\/td>\n<td width=\"119\">2<\/td>\n<td width=\"112\">\/<\/td>\n<td width=\"91\">2<\/td>\n<td width=\"170\">2<\/td>\n<td width=\"146\">\/<\/td>\n<td width=\"71\">2<\/td>\n<\/tr>\n<tr>\n<td width=\"226\">Secondaria di secondo grado<\/td>\n<td width=\"119\">3<\/td>\n<td width=\"112\">1<\/td>\n<td width=\"91\">4<\/td>\n<td width=\"170\">4<\/td>\n<td width=\"146\">5<\/td>\n<td width=\"71\">-1<\/td>\n<\/tr>\n<tr>\n<td width=\"226\">Convitto<\/td>\n<td width=\"119\">\/<\/td>\n<td width=\"112\">\/<\/td>\n<td width=\"91\">\/<\/td>\n<td width=\"170\">\/<\/td>\n<td width=\"146\">\/<\/td>\n<td width=\"71\">\/<\/td>\n<\/tr>\n<tr>\n<td width=\"226\">Doposcuola<\/td>\n<td width=\"119\">2<\/td>\n<td width=\"112\">\/<\/td>\n<td width=\"91\">2<\/td>\n<td width=\"170\">2<\/td>\n<td width=\"146\">1<\/td>\n<td width=\"71\">1<\/td>\n<\/tr>\n<tr>\n<td width=\"226\"><strong>TOTALE<\/strong><\/td>\n<td width=\"119\"><strong>12<\/strong><\/td>\n<td width=\"112\"><strong>2<\/strong><\/td>\n<td width=\"91\"><strong>14<\/strong><\/td>\n<td width=\"170\"><strong>13<\/strong><\/td>\n<td width=\"146\"><strong>8<\/strong><\/td>\n<td width=\"71\"><strong>+5<\/strong><\/td>\n<\/tr>\n<\/tbody>\n<\/table>\n<p><strong>\u00a0<\/strong><\/p>\n<p><strong><u>NOTE<\/u><\/strong><strong>: <\/strong><strong>* <u>Monitoraggio scolastico o sorveglianza stretta con frequenza scolastica<\/u>: <\/strong>si applica a tutti i contatti scolastici individuati a seguito di caso positivo COVID 19 a scuola, ad eccezione dei casi nei quali sia disposto il provvedimento di quarantena da parte del Servizio di Igiene e Sanit\u00e0 Pubblica (contatti negli Asili e Infanzie o classi in cui emergono almeno due casi di positivit\u00e0). <strong>** <u>Quarantena<\/u><\/strong>: si attua nei confronti degli alunni e docenti degli asili e delle scuole dell\u2019infanzia che sono stati a contatto\u00a0\u00a0 (stretto) con un caso positivo COVID 19 a scuola e nei confronti degli alunni e docente delle altre scuole qualora siano riscontrate pi\u00f9 di una positivit\u00e0 nella medesima classe.<\/p>\n<p>&nbsp;<\/p>\n<p>&nbsp;<\/p>\n<hr \/>\n<p>&nbsp;<\/p>\n<p>&nbsp;<\/p>\n<blockquote>\n<h2><span style=\"color: #ff6600;\">OGGI SUL CORRIERE DELLE ALPI\u00a0<\/span><\/h2>\n<p><a href=\"https:\/\/www.radiopiu.net\/wordpress\/giornale-radiopiu-22-gennaio-2020-direttore-mirko-mezzacasa\/autovelox111-jpg_997313609\/\" rel=\"attachment wp-att-114059\"><img loading=\"lazy\" decoding=\"async\" class=\"wp-image-114059 alignleft\" src=\"https:\/\/www.radiopiu.net\/wordpress\/wp-content\/uploads\/2020\/01\/autovelox111.jpg_997313609-300x202.jpg\" alt=\"\" width=\"181\" height=\"122\" srcset=\"https:\/\/www.radiopiu.net\/wordpress\/wp-content\/uploads\/2020\/01\/autovelox111.jpg_997313609-300x202.jpg 300w, https:\/\/www.radiopiu.net\/wordpress\/wp-content\/uploads\/2020\/01\/autovelox111.jpg_997313609.jpg 750w\" sizes=\"auto, (max-width: 181px) 100vw, 181px\" \/><\/a>Senza cartelli la multa dello Scout speed \u00e8 da stracciare<\/p><\/blockquote>\n<p><strong>FELTRE\u00a0<\/strong> Quella multa per eccesso di velocit\u00e0 elevata dalla polizia locale di Feltre il 18 dicembre 2015 con lo Scout speed \u00e8 definitivamente annullata. Cos\u00ec ha deciso la Corte di Cassazione alla quale il Comune di Feltre si era rivolto per dirimere il braccio di ferro con il trevigiano Claudio Lax\u00a0 pescato dall&#8217;apparecchio ad andare a 85 chilometri l&#8217;ora dove c&#8217;era il limite di 70. L&#8217;automobilista aveva ottenuto soddisfazione gi\u00e0 nei due precedenti gradi di giudizio &#8211; giudice di pace e Tribunale di Belluno &#8211; che avevano ribadito come la discriminante decisiva fosse l&#8217;assenza di un&#8217;adeguata segnaletica che indicava il controllo elettronico della velocit\u00e0, sancita dall&#8217;articolo 142 del Codice della strada. Insomma, nessuna deroga per lo Scout speed montato sull&#8217;auto in movimento della polizia locale.<\/p>\n<p>&nbsp;<\/p>\n<p>&nbsp;<\/p>\n<hr \/>\n<blockquote>\n<h3><\/h3>\n<h3>ASSOCIAZIONE &#8220;CITTA&#8217; ALPINA DELL&#8217;ANNO&#8221; NEL 2022 ASSEMBLEA GENERALE A BELLUNO<\/h3>\n<\/blockquote>\n<div class=\"kvgmc6g5 cxmmr5t8 oygrvhab hcukyx3x c1et5uql\">\n<p><strong><img loading=\"lazy\" decoding=\"async\" class=\"alignleft\" src=\"https:\/\/www.radiopiu.net\/wordpress\/wp-content\/uploads\/2020\/07\/Assessore-Yuki-dEmilia-scaled.jpg\" width=\"218\" height=\"145\" \/>BELLUNO<\/strong> Trasferta francese ricca di risultati positivi per l&#8217;amministrazione Massaro, quella che nei giorni scorsi ha visto lo stesso primo cittadino Jacopo Massaro e l&#8217;assessora Yuki d&#8217;Emilia partecipare all&#8217;assemblea generale dell&#8217;Associazione Citt\u00e0 Alpina dell&#8217;Anno a Chamonix. La prima novit\u00e0 arriva dal nuovo comitato direttivo, che ha visto\u00a0 riconfermati i cinque componenti uscenti: per la prima volta, Belluno ottiene un ruolo di grande rilievo negli organi di governo dell&#8217;associazione, con l&#8217;incarico di vicepresidente che \u00e8 andato alla bellunese d&#8217;Emilia, che affianca i co-presidenti Uro\u0161 Bre\u017ean e Ingrid Fischer, rispettivamente sindaco di Tolmino, in Slovenia, e vicesindaca di Sonthofen, in Germania. L&#8217;altra buona notizia \u00e8 l&#8217;annuncio della sede dell&#8217;assemblea generale dell&#8217;Associazione per il 2022: sar\u00e0 infatti Belluno, nel mese di marzo, ad ospitare la riunione dei rappresentanti delle Citt\u00e0 Alpine, 12 anni dopo l&#8217;ultima occasione. L&#8217;assemblea generale ha visto poi aggiornamenti sui progetti che vedono l&#8217;Associazione impegnata nelle varie realt\u00e0 (a Belluno con \u201cClimate actions in Alpine Towns\u201d nelle scuole, oltre ad Alps 2030) e tavoli rotondi tematici,\u00a0 dove per il turismo ed eventi ha ben impressionato l&#8217;esperienza bellunese dei \u201cGreen Events Belluno\u201d tanto che altre realt\u00e0 hanno chiesto di poter riproporre l&#8217;iniziativa e le linee guida nei propri territori; spazio infine anche ai giovani, che per la prima volta hanno partecipato all&#8217;incontro per poter \u201cdire la loro\u201d sul coinvolgimento dei ragazzi nell&#8217;associazione: oltre ai giovani francesi, presenti anche Alice, Matilde e Mariachiara, le studentesse bellunesi che partecipano ad Alps 2030, progetto preso ad esempio come buona pratica per il coinvolgimento dei ragazzi.<\/p>\n<\/div>\n<p><strong>L&#8217;ASSESSORE YUKI D&#8217;EMILIA<\/strong><\/p>\n<div style=\"width: 1200px;\" class=\"wp-video\"><video class=\"wp-video-shortcode\" id=\"video-238356-1\" width=\"1200\" height=\"675\" preload=\"metadata\" controls=\"controls\"><source type=\"video\/mp4\" src=\"https:\/\/www.radiopiu.net\/wordpress\/wp-content\/uploads\/2021\/10\/dEmilia-Citta-Alpine-assemblea-2022-a-Belluno.mp4?_=1\" \/><a href=\"https:\/\/www.radiopiu.net\/wordpress\/wp-content\/uploads\/2021\/10\/dEmilia-Citta-Alpine-assemblea-2022-a-Belluno.mp4\">https:\/\/www.radiopiu.net\/wordpress\/wp-content\/uploads\/2021\/10\/dEmilia-Citta-Alpine-assemblea-2022-a-Belluno.mp4<\/a><\/video><\/div>\n<div class=\"kvgmc6g5 cxmmr5t8 oygrvhab hcukyx3x c1et5uql\">\n<p>&nbsp;<\/p>\n<p><strong>L&#8217;INTERROGAZIONE DEL CONSIGLIERE DELLA LEGA NORD\u00a0\u00a0<\/strong><\/p>\n<p><strong>BELLUNO<\/strong> <em>\u201cQuanto costano le trasferte dell&#8217;assessore al turismo nell&#8217;ambito dei convegni internazionali di \u201cAlpine Town of the year\u201d e quale soggetto si \u00e8 fatto carico delle spese sostenute?\u201d<\/em>. A chiederlo \u00e8 il consigliere comunale della Lega Marzio Sovilla, relativamente ai viaggi all&#8217;estero dell&#8217;assessore, dei quali poco si sa in Consiglio comunale.<\/p>\n<p>&nbsp;<\/p>\n<hr \/>\n<p>&nbsp;<\/p>\n<blockquote>\n<h3>BOCCIODROMO DI VIA NUOVA ERTO,\u00a0 RICHIESTA INFORMAZIONI<\/h3>\n<\/blockquote>\n<p><strong><a href=\"https:\/\/www.radiopiu.net\/wordpress\/giornale-radiopiu-31-luglio-2021-direttore-mirko-mezzacasa\/municipio_ponte_nelle_alpi\/\" rel=\"attachment wp-att-225125\"><img loading=\"lazy\" decoding=\"async\" class=\"wp-image-225125 alignleft\" src=\"https:\/\/www.radiopiu.net\/wordpress\/wp-content\/uploads\/2021\/07\/Municipio_Ponte_nelle_Alpi-300x225.jpg\" alt=\"\" width=\"268\" height=\"201\" srcset=\"https:\/\/www.radiopiu.net\/wordpress\/wp-content\/uploads\/2021\/07\/Municipio_Ponte_nelle_Alpi-300x225.jpg 300w, https:\/\/www.radiopiu.net\/wordpress\/wp-content\/uploads\/2021\/07\/Municipio_Ponte_nelle_Alpi-768x576.jpg 768w, https:\/\/www.radiopiu.net\/wordpress\/wp-content\/uploads\/2021\/07\/Municipio_Ponte_nelle_Alpi.jpg 854w\" sizes=\"auto, (max-width: 268px) 100vw, 268px\" \/><\/a>PONTE NELLE ALPI<\/strong>\u00a0 E\u2019 iscritta al campionato nazionale in serie A2, ma non ha un campo ben coperto e riscaldato dove allenarsi. \u00c8 la situazione della squadra di bocce di Ponte nelle Alpi, la Societ\u00e0\u2019 Dolada, secondo i gruppi di minoranza seduti in Consiglio comunale, non sufficientemente considerata. Ed \u00e8 proprio questo l&#8217;oggetto della mozione depositata nei giorni scorsi in Comune, a firma dei consiglieri della Lega Sindy Bindella, Angelo Levis, Paolo De Vettor e del capogruppo di X Ponte, Enrico Collarin.\u00a0 La richiesta all\u2019amministrazione Vendramini \u00e8 chiara: prevedere un investimento per dotare di una copertura tutto il campo, per installare un impianto di riscaldamento e completare l&#8217;area di servizi igienici. Questo dar\u00e0 la possibilit\u00e0 alla Dolada Seribell di allenarsi in loco, di puntare sempre di pi\u00f9 sulla formazione dei giovani atleti e di ospitare, questo sarebbe un vero salto di qualit\u00e0, anche gare.\u00a0 Il progetto richiederebbe un investimento di circa 200 mila euro, da attuare con fondi comunali e in parte esterni, e darebbe grande respiro all&#8217;attivit\u00e0 sportiva pontalpina. Negli ultimi 10 anni la Societ\u00e0 Dolada ha vinto 37 medaglie ai campionati italiani della Federazione italiana bocce e una medaglia di bronzo ai Mondiali giovanili. Ma non solo, il medagliere conta anche 9 titoli italiani, 11 medaglie d&#8217;argento e 17 bronzi. Al momento \u00e8 iscritta al campionato nazionale di serie A2 e nelle ultime due stagioni si \u00e8 qualificata per le final four scudetto, conclusesi con un argento nel 2020 e un bronzo nel 2021.<\/p>\n<p><strong>ENRICO COLLARIN<\/strong><\/p>\n<div>\n<audio class=\"wp-audio-shortcode\" id=\"audio-238356-5\" preload=\"none\" style=\"width: 100%;\" controls=\"controls\"><source type=\"audio\/mpeg\" src=\"https:\/\/www.radiopiu.net\/wordpress\/wp-content\/uploads\/2021\/10\/MARZIO-2.mp3?_=5\" \/><a href=\"https:\/\/www.radiopiu.net\/wordpress\/wp-content\/uploads\/2021\/10\/MARZIO-2.mp3\">https:\/\/www.radiopiu.net\/wordpress\/wp-content\/uploads\/2021\/10\/MARZIO-2.mp3<\/a><\/audio>\n<\/div>\n<div><\/div>\n<\/div>\n<hr \/>\n<p>&nbsp;<\/p>\n<blockquote>\n<h3>IL PIANO DI OPERE PUBBLICHE DEL COMUNE DI FELTRE<\/h3>\n<\/blockquote>\n<p><strong><a href=\"https:\/\/www.radiopiu.net\/wordpress\/il-piano-di-opere-pubbliche-del-comune-di-feltre\/48aaf1ff-f7fd-411a-ac4f-f7648670f19e\/\" rel=\"attachment wp-att-238538\"><img loading=\"lazy\" decoding=\"async\" class=\"size-medium wp-image-238538 alignleft\" src=\"https:\/\/www.radiopiu.net\/wordpress\/wp-content\/uploads\/2021\/10\/48aaf1ff-f7fd-411a-ac4f-f7648670f19e-300x225.jpg\" alt=\"\" width=\"300\" height=\"225\" srcset=\"https:\/\/www.radiopiu.net\/wordpress\/wp-content\/uploads\/2021\/10\/48aaf1ff-f7fd-411a-ac4f-f7648670f19e-300x225.jpg 300w, https:\/\/www.radiopiu.net\/wordpress\/wp-content\/uploads\/2021\/10\/48aaf1ff-f7fd-411a-ac4f-f7648670f19e-1024x768.jpg 1024w, https:\/\/www.radiopiu.net\/wordpress\/wp-content\/uploads\/2021\/10\/48aaf1ff-f7fd-411a-ac4f-f7648670f19e-768x576.jpg 768w, https:\/\/www.radiopiu.net\/wordpress\/wp-content\/uploads\/2021\/10\/48aaf1ff-f7fd-411a-ac4f-f7648670f19e-1536x1152.jpg 1536w, https:\/\/www.radiopiu.net\/wordpress\/wp-content\/uploads\/2021\/10\/48aaf1ff-f7fd-411a-ac4f-f7648670f19e.jpg 1600w\" sizes=\"auto, (max-width: 300px) 100vw, 300px\" \/><\/a>FELTRE<\/strong><\/p>\n<p>di Moreno Gioli<\/p>\n<audio class=\"wp-audio-shortcode\" id=\"audio-238356-6\" preload=\"none\" style=\"width: 100%;\" controls=\"controls\"><source type=\"audio\/mpeg\" src=\"https:\/\/www.radiopiu.net\/wordpress\/wp-content\/uploads\/2021\/10\/GIOLI-FELTRE-OPERE-PUBBLICHE.mp3?_=6\" \/><a href=\"https:\/\/www.radiopiu.net\/wordpress\/wp-content\/uploads\/2021\/10\/GIOLI-FELTRE-OPERE-PUBBLICHE.mp3\">https:\/\/www.radiopiu.net\/wordpress\/wp-content\/uploads\/2021\/10\/GIOLI-FELTRE-OPERE-PUBBLICHE.mp3<\/a><\/audio>\n<p>&nbsp;<\/p>\n<p><strong>ADIS ZATTA, ASSESSORE AI LAVORI PUBBLICI DEL COMUNE DI FELTRE<\/strong><\/p>\n<audio class=\"wp-audio-shortcode\" id=\"audio-238356-7\" preload=\"none\" style=\"width: 100%;\" controls=\"controls\"><source type=\"audio\/mpeg\" src=\"https:\/\/www.radiopiu.net\/wordpress\/wp-content\/uploads\/2021\/10\/ADIS-ZATTA-OPERE-PUBBLICHE.mp3?_=7\" \/><a href=\"https:\/\/www.radiopiu.net\/wordpress\/wp-content\/uploads\/2021\/10\/ADIS-ZATTA-OPERE-PUBBLICHE.mp3\">https:\/\/www.radiopiu.net\/wordpress\/wp-content\/uploads\/2021\/10\/ADIS-ZATTA-OPERE-PUBBLICHE.mp3<\/a><\/audio>\n<p>&nbsp;<\/p>\n<p>&nbsp;<\/p>\n<hr \/>\n<p>&nbsp;<\/p>\n<p>&nbsp;<\/p>\n<blockquote>\n<h3>CONVERSIONE DELLE EX OFFICINE C&#8217;E&#8217; LO STUDIO DI FATTIBILITA&#8217;, NON ANCORA I FINANZIAMENTI<\/h3>\n<\/blockquote>\n<p><strong><img loading=\"lazy\" decoding=\"async\" class=\"alignleft\" src=\"https:\/\/www.radiopiu.net\/wordpress\/wp-content\/uploads\/2021\/10\/th-22.jpg\" width=\"168\" height=\"110\" \/>AGORDO\u00a0<\/strong><\/p>\n<p><strong>DI GIANNI SANTOMASO<\/strong><\/p>\n<audio class=\"wp-audio-shortcode\" id=\"audio-238356-8\" preload=\"none\" style=\"width: 100%;\" controls=\"controls\"><source type=\"audio\/mpeg\" src=\"https:\/\/www.radiopiu.net\/wordpress\/wp-content\/uploads\/2021\/10\/gianni-officine-825-mila-euro.mp3?_=8\" \/><a href=\"https:\/\/www.radiopiu.net\/wordpress\/wp-content\/uploads\/2021\/10\/gianni-officine-825-mila-euro.mp3\">https:\/\/www.radiopiu.net\/wordpress\/wp-content\/uploads\/2021\/10\/gianni-officine-825-mila-euro.mp3<\/a><\/audio>\n<p>&nbsp;<\/p>\n<p>&nbsp;<\/p>\n<p>&nbsp;<\/p>\n<p>&nbsp;<\/p>\n<p>&nbsp;<\/p>\n<hr \/>\n<p>&nbsp;<\/p>\n<p><strong><span style=\"color: #ff0000;\">IERI ALLA RADIO\u00a0<\/span><\/strong><\/p>\n<blockquote>\n<h3>MICHELE COSTA RISPONDE A DE BERNARDIN PER L&#8217;ESIGUO NUMERO DI CONFERENZE DEI SINDACI<\/h3>\n<\/blockquote>\n<p><strong>L&#8217;INTERVENTO DEL PRESIDENTE DELL&#8217;UNIONE MONTANA NEL REPORTER DI RADIO PIU\u00a0\u00a0<\/strong><br \/>\n<strong>di Mirko Mezzacasa\u00a0 \u00a0<\/strong><\/p>\n<audio class=\"wp-audio-shortcode\" id=\"audio-238356-9\" preload=\"none\" style=\"width: 100%;\" controls=\"controls\"><source type=\"audio\/mpeg\" src=\"https:\/\/www.radiopiu.net\/wordpress\/wp-content\/uploads\/2021\/10\/MICELE-COSTA.mp3?_=9\" \/><a href=\"https:\/\/www.radiopiu.net\/wordpress\/wp-content\/uploads\/2021\/10\/MICELE-COSTA.mp3\">https:\/\/www.radiopiu.net\/wordpress\/wp-content\/uploads\/2021\/10\/MICELE-COSTA.mp3<\/a><\/audio>\n<p>&nbsp;<\/p>\n<p>&nbsp;<\/p>\n<p><strong><a href=\"https:\/\/www.radiopiu.net\/wordpress\/pomeriggio-in-piscina-lo-speciale-alla-radio\/bc03a212-dd05-424e-8884-05a7959c32c4\/\" rel=\"attachment wp-att-238230\"><img loading=\"lazy\" decoding=\"async\" class=\"size-medium wp-image-238230 alignleft\" src=\"https:\/\/www.radiopiu.net\/wordpress\/wp-content\/uploads\/2021\/10\/bc03a212-dd05-424e-8884-05a7959c32c4-300x169.jpg\" alt=\"\" width=\"300\" height=\"169\" srcset=\"https:\/\/www.radiopiu.net\/wordpress\/wp-content\/uploads\/2021\/10\/bc03a212-dd05-424e-8884-05a7959c32c4-300x169.jpg 300w, https:\/\/www.radiopiu.net\/wordpress\/wp-content\/uploads\/2021\/10\/bc03a212-dd05-424e-8884-05a7959c32c4-1024x576.jpg 1024w, https:\/\/www.radiopiu.net\/wordpress\/wp-content\/uploads\/2021\/10\/bc03a212-dd05-424e-8884-05a7959c32c4-768x432.jpg 768w, https:\/\/www.radiopiu.net\/wordpress\/wp-content\/uploads\/2021\/10\/bc03a212-dd05-424e-8884-05a7959c32c4-1536x864.jpg 1536w, https:\/\/www.radiopiu.net\/wordpress\/wp-content\/uploads\/2021\/10\/bc03a212-dd05-424e-8884-05a7959c32c4.jpg 1920w\" sizes=\"auto, (max-width: 300px) 100vw, 300px\" \/><\/a> <\/strong><\/p>\n<p><strong>\u00a0<\/strong><\/p>\n<p><strong>\u00a0<\/strong><\/p>\n<p><strong>\u00a0<\/strong><\/p>\n<p><strong>\u00a0<\/strong><\/p>\n<p><strong>\u00a0<\/strong><\/p>\n<p><strong>\u00a0<\/strong><\/p>\n<p><strong>\u00a0<\/strong><\/p>\n<p><strong>AGORDO<\/strong><\/p>\n<p>di Gianni Santomaso<\/p>\n<audio class=\"wp-audio-shortcode\" id=\"audio-238356-10\" preload=\"none\" style=\"width: 100%;\" controls=\"controls\"><source type=\"audio\/mpeg\" src=\"https:\/\/www.radiopiu.net\/wordpress\/wp-content\/uploads\/2021\/10\/GIANNI-MICHELE-COSTA-UNIONE-MONTANA.mp3?_=10\" \/><a href=\"https:\/\/www.radiopiu.net\/wordpress\/wp-content\/uploads\/2021\/10\/GIANNI-MICHELE-COSTA-UNIONE-MONTANA.mp3\">https:\/\/www.radiopiu.net\/wordpress\/wp-content\/uploads\/2021\/10\/GIANNI-MICHELE-COSTA-UNIONE-MONTANA.mp3<\/a><\/audio>\n<p>&nbsp;<\/p>\n<p><strong>DAL NOTIZIARIO DEL 14 OTTOBRE<\/strong><\/p>\n<p>&nbsp;<\/p>\n<blockquote>\n<h3>EQUILIBRI IN UNIONE MONTANA A RISCHIO? DE BERNARDIN &#8220;ANCHE NO&#8221;<\/h3>\n<\/blockquote>\n<p><img loading=\"lazy\" decoding=\"async\" class=\"alignleft\" src=\"https:\/\/www.radiopiu.net\/wordpress\/wp-content\/uploads\/2018\/12\/WhatsApp-Image-2018-12-05-at-04.50.34.jpeg\" width=\"212\" height=\"159\" \/><strong>AGORDO\u00a0<\/strong><\/p>\n<p>&nbsp;<\/p>\n<p><strong>GIANNI SANTOMASO<\/strong><\/p>\n<p>&nbsp;<\/p>\n<audio class=\"wp-audio-shortcode\" id=\"audio-238356-11\" preload=\"none\" style=\"width: 100%;\" controls=\"controls\"><source type=\"audio\/mpeg\" src=\"https:\/\/www.radiopiu.net\/wordpress\/wp-content\/uploads\/2021\/10\/GIANNI2.mp3?_=11\" \/><a href=\"https:\/\/www.radiopiu.net\/wordpress\/wp-content\/uploads\/2021\/10\/GIANNI2.mp3\">https:\/\/www.radiopiu.net\/wordpress\/wp-content\/uploads\/2021\/10\/GIANNI2.mp3<\/a><\/audio>\n<p>&nbsp;<\/p>\n<p>&nbsp;<\/p>\n<hr \/>\n<p>&nbsp;<\/p>\n<p>&nbsp;<\/p>\n<p>&nbsp;<\/p>\n<p><strong>LA DIRETTA DI RADIO PIU&#8217;, IL CONSIGLIO COMUNALE DI VOLTAGO, GIURAMENTO DEL SINDACO GIUSEPPE SCHENA E L&#8217;INTERVENTO DI FRANCESCA DELLA LUCIA.<\/strong><\/p>\n<p>&nbsp;<\/p>\n<p>https:\/\/www.facebook.com\/mirko.mezzacasa\/videos\/611062440016736<\/p>\n<p>&nbsp;<\/p>\n<p>&nbsp;<\/p>\n<p>&nbsp;<\/p>\n<p>&nbsp;<\/p>\n<hr \/>\n<p>&nbsp;<\/p>\n<blockquote>\n<h3 class=\"p1\"><span class=\"s1\">FONDO COMUNI DI CONFINE, PRESENTATI AI SINDACI BELLUNESI IL NUOVO REGOLAMENTO E LA PROGRAMMAZIONE 2019-2024<\/span><\/h3>\n<\/blockquote>\n<p class=\"p1\"><span class=\"s1\"><strong>BELLUNO<\/strong> Ieri mattina a Villa Pat di Sedico il presidente del Comitato paritetico Fcc, Dario Bond, ha presentato ai sindaci bellunesi le novit\u00e0 rispetto al Fondo Comuni confinanti, approvate il 1\u00b0 ottobre scorso. Erano presenti l\u2019assessore regionale Federico Caner con la struttura regionale, la consigliera regionale Silvia Cestaro, il consigliere del Comitato paritetico Roger De Menech, il presidente della Provincia di Belluno Roberto Padrin e il consigliere provinciale nonch\u00e9 presidente del coordinamento dei sindaci Fcc Roger De Menech. <\/span><span class=\"s1\">\u00c8 stato presentato il nuovo regolamento del Fondo Comuni confinanti approvato il 1\u00b0 ottobre, con alcune importanti novit\u00e0, tra cui lo snellimento dell\u2019iter amministrativo in capo ai Comuni, la creazione di un plafond per progetti di particolare valenza presentati dal Comitato paritetico stesso, e il potenziamento degli sportelli provinciali. Nell\u2019occasione \u00e8 stata presentata anche la programmazione d\u2019area vasta 2019-2024, valevole sei anni anzich\u00e9 cinque come inizialmente previsto. <\/span><span class=\"s1\">Durante la riunione, il presidente Bond ha anche aggiornato i presenti sullo stato d\u2019attuazione del Pnrr, sollecitando il territorio a produrre progettualit\u00e0.\u00a0<\/span><\/p>\n<p><strong>AI MICROFONI DI RADIO PIU&#8217; DARIO BOND<\/strong><\/p>\n<audio class=\"wp-audio-shortcode\" id=\"audio-238356-12\" preload=\"none\" style=\"width: 100%;\" controls=\"controls\"><source type=\"audio\/mpeg\" src=\"https:\/\/www.radiopiu.net\/wordpress\/wp-content\/uploads\/2021\/10\/BOND-FCC.mp3?_=12\" \/><a href=\"https:\/\/www.radiopiu.net\/wordpress\/wp-content\/uploads\/2021\/10\/BOND-FCC.mp3\">https:\/\/www.radiopiu.net\/wordpress\/wp-content\/uploads\/2021\/10\/BOND-FCC.mp3<\/a><\/audio>\n<p>&nbsp;<\/p>\n<hr \/>\n<p>&nbsp;<\/p>\n<blockquote class=\"wp-embedded-content\" data-secret=\"ssgbSQErVR\"><p><a href=\"https:\/\/www.radiopiu.net\/wordpress\/aggiornamentoott22\/\">CORONAVIRUS: AGGIORNAMENTO NAZIONALE 22 OTTOBRE  2021<\/a><\/p><\/blockquote>\n<p><iframe loading=\"lazy\" class=\"wp-embedded-content\" sandbox=\"allow-scripts\" security=\"restricted\" style=\"position: absolute; clip: rect(1px, 1px, 1px, 1px);\" title=\"&#8220;CORONAVIRUS: AGGIORNAMENTO NAZIONALE 22 OTTOBRE  2021&#8221; &#8212; Radio Pi\u00f9\" src=\"https:\/\/www.radiopiu.net\/wordpress\/aggiornamentoott22\/embed\/#?secret=ssgbSQErVR\" data-secret=\"ssgbSQErVR\" width=\"600\" height=\"338\" frameborder=\"0\" marginwidth=\"0\" marginheight=\"0\" scrolling=\"no\"><\/iframe><\/p>\n<p>&nbsp;<\/p>\n<blockquote class=\"wp-embedded-content\" data-secret=\"u7lcnxK30m\"><p><a href=\"https:\/\/www.radiopiu.net\/wordpress\/covid21101\/\">TORNANO A SALIRE GLI ATTUALMENTE POSITIVI SOPRA QUOTA 9000, NELLE ULTIME 24 ORE 12 RICOVERI IN AREA NON CRITICA E UN DECESSO<\/a><\/p><\/blockquote>\n<p><iframe loading=\"lazy\" class=\"wp-embedded-content\" sandbox=\"allow-scripts\" security=\"restricted\" style=\"position: absolute; clip: rect(1px, 1px, 1px, 1px);\" title=\"&#8220;TORNANO A SALIRE GLI ATTUALMENTE POSITIVI SOPRA QUOTA 9000, NELLE ULTIME 24 ORE 12 RICOVERI IN AREA NON CRITICA E UN DECESSO&#8221; &#8212; Radio Pi\u00f9\" src=\"https:\/\/www.radiopiu.net\/wordpress\/covid21101\/embed\/#?secret=u7lcnxK30m\" data-secret=\"u7lcnxK30m\" width=\"600\" height=\"338\" frameborder=\"0\" marginwidth=\"0\" marginheight=\"0\" scrolling=\"no\"><\/iframe><\/p>\n<p>&nbsp;<\/p>\n<h2>I GRAFICI DI TIZIANO DE COL<\/h2>\n\n\t\t\t<style type='text\/css'>\n\t\t\t\t#gallery-4 {\n\t\t\t\t\tmargin: auto;\n\t\t\t\t}\n\t\t\t\t#gallery-4 .gallery-item {\n\t\t\t\t\tfloat: left;\n\t\t\t\t\tmargin-top: 10px;\n\t\t\t\t\ttext-align: center;\n\t\t\t\t\twidth: 20%;\n\t\t\t\t}\n\t\t\t\t#gallery-4 img {\n\t\t\t\t\tborder: 2px solid #cfcfcf;\n\t\t\t\t}\n\t\t\t\t#gallery-4 .gallery-caption {\n\t\t\t\t\tmargin-left: 0;\n\t\t\t\t}\n\t\t\t\t\/* see gallery_shortcode() in wp-includes\/media.php *\/\n\t\t\t<\/style>\n\t\t<div id='gallery-4' class='dt-gallery-container gallery galleryid-238356 gallery-columns-5 gallery-size-thumbnail'><dl class='gallery-item'>\n\t\t\t\t<dt class='gallery-icon landscape'>\n\t\t\t\t\t<a class=\"rollover rollover-zoom dt-pswp-item\" title=\"75226cd5-e807-4a9d-85e5-ebf1c1c6db52\" data-dt-img-description=\"\" data-large_image_width=\"585\" data-large_image_height=\"360\"href='https:\/\/www.radiopiu.net\/wordpress\/wp-content\/uploads\/2021\/10\/75226cd5-e807-4a9d-85e5-ebf1c1c6db52.jpg'><img loading=\"lazy\" decoding=\"async\" width=\"150\" height=\"150\" src=\"https:\/\/www.radiopiu.net\/wordpress\/wp-content\/uploads\/2021\/10\/75226cd5-e807-4a9d-85e5-ebf1c1c6db52-150x150.jpg\" class=\"attachment-thumbnail size-thumbnail\" alt=\"\" \/><\/a>\n\t\t\t\t<\/dt><\/dl><dl class='gallery-item'>\n\t\t\t\t<dt class='gallery-icon landscape'>\n\t\t\t\t\t<a class=\"rollover rollover-zoom dt-pswp-item\" title=\"0a0b2c30-caf2-4297-a088-adce96550447\" data-dt-img-description=\"\" data-large_image_width=\"606\" data-large_image_height=\"363\"href='https:\/\/www.radiopiu.net\/wordpress\/wp-content\/uploads\/2021\/10\/0a0b2c30-caf2-4297-a088-adce96550447.jpg'><img loading=\"lazy\" decoding=\"async\" width=\"150\" height=\"150\" src=\"https:\/\/www.radiopiu.net\/wordpress\/wp-content\/uploads\/2021\/10\/0a0b2c30-caf2-4297-a088-adce96550447-150x150.jpg\" class=\"attachment-thumbnail size-thumbnail\" alt=\"\" \/><\/a>\n\t\t\t\t<\/dt><\/dl><dl class='gallery-item'>\n\t\t\t\t<dt class='gallery-icon landscape'>\n\t\t\t\t\t<a class=\"rollover rollover-zoom dt-pswp-item\" title=\"b15f12c9-a151-4748-85a3-3a1f0b4e5e9f\" data-dt-img-description=\"\" data-large_image_width=\"604\" data-large_image_height=\"357\"href='https:\/\/www.radiopiu.net\/wordpress\/wp-content\/uploads\/2021\/10\/b15f12c9-a151-4748-85a3-3a1f0b4e5e9f.jpg'><img loading=\"lazy\" decoding=\"async\" width=\"150\" height=\"150\" src=\"https:\/\/www.radiopiu.net\/wordpress\/wp-content\/uploads\/2021\/10\/b15f12c9-a151-4748-85a3-3a1f0b4e5e9f-150x150.jpg\" class=\"attachment-thumbnail size-thumbnail\" alt=\"\" \/><\/a>\n\t\t\t\t<\/dt><\/dl><dl class='gallery-item'>\n\t\t\t\t<dt class='gallery-icon landscape'>\n\t\t\t\t\t<a class=\"rollover rollover-zoom dt-pswp-item\" title=\"e376b1e2-79aa-42b0-a7d6-30cee259db17\" data-dt-img-description=\"\" data-large_image_width=\"612\" data-large_image_height=\"356\"href='https:\/\/www.radiopiu.net\/wordpress\/wp-content\/uploads\/2021\/10\/e376b1e2-79aa-42b0-a7d6-30cee259db17.jpg'><img loading=\"lazy\" decoding=\"async\" width=\"150\" height=\"150\" src=\"https:\/\/www.radiopiu.net\/wordpress\/wp-content\/uploads\/2021\/10\/e376b1e2-79aa-42b0-a7d6-30cee259db17-150x150.jpg\" class=\"attachment-thumbnail size-thumbnail\" alt=\"\" \/><\/a>\n\t\t\t\t<\/dt><\/dl><dl class='gallery-item'>\n\t\t\t\t<dt class='gallery-icon landscape'>\n\t\t\t\t\t<a class=\"rollover rollover-zoom dt-pswp-item\" title=\"e776d23d-a7e2-4a9a-9c31-b9b198b67bae\" data-dt-img-description=\"\" data-large_image_width=\"608\" data-large_image_height=\"357\"href='https:\/\/www.radiopiu.net\/wordpress\/wp-content\/uploads\/2021\/10\/e776d23d-a7e2-4a9a-9c31-b9b198b67bae.jpg'><img loading=\"lazy\" decoding=\"async\" width=\"150\" height=\"150\" src=\"https:\/\/www.radiopiu.net\/wordpress\/wp-content\/uploads\/2021\/10\/e776d23d-a7e2-4a9a-9c31-b9b198b67bae-150x150.jpg\" class=\"attachment-thumbnail size-thumbnail\" alt=\"\" \/><\/a>\n\t\t\t\t<\/dt><\/dl><br style=\"clear: both\" \/>\n\t\t\t<\/div>\n\n<p>&nbsp;<\/p>\n<hr \/>\n<p>&nbsp;<\/p>\n<blockquote>\n<h3>TAMPONI: ACCESSO LIBERO AGGIUNTIVO DEDICATO AI BAMBINI SINTOMATICI<\/h3>\n<\/blockquote>\n<p><strong><a href=\"https:\/\/www.radiopiu.net\/wordpress\/?attachment_id=238484\" rel=\"attachment wp-att-238484\"><img loading=\"lazy\" decoding=\"async\" class=\"size-medium wp-image-238484 alignleft\" src=\"https:\/\/www.radiopiu.net\/wordpress\/wp-content\/uploads\/2021\/10\/PUNTI-TAMPONE-AD-ACCESSO-LIBERO-PER-BAMBINI-SINTOMATICI-300x251.png\" alt=\"\" width=\"300\" height=\"251\" srcset=\"https:\/\/www.radiopiu.net\/wordpress\/wp-content\/uploads\/2021\/10\/PUNTI-TAMPONE-AD-ACCESSO-LIBERO-PER-BAMBINI-SINTOMATICI-300x251.png 300w, https:\/\/www.radiopiu.net\/wordpress\/wp-content\/uploads\/2021\/10\/PUNTI-TAMPONE-AD-ACCESSO-LIBERO-PER-BAMBINI-SINTOMATICI-768x644.png 768w, https:\/\/www.radiopiu.net\/wordpress\/wp-content\/uploads\/2021\/10\/PUNTI-TAMPONE-AD-ACCESSO-LIBERO-PER-BAMBINI-SINTOMATICI.png 940w\" sizes=\"auto, (max-width: 300px) 100vw, 300px\" \/><\/a>BELLUNO <\/strong>L&#8217;avvio dell&#8217;offerta tamponi con finalit\u00e0 Green Pass ha reso spesso difficoltosa la gestione dei tamponi per le classi in carico al Team Scuola-Covid nonch\u00e8 per i bambini con sintomatologia simil-covid che necessitano di diagnosi laboratoristica. Alla luce di ci\u00f2, il Team scuola covid del Dipartimento di Prevenzione convocher\u00e0, di regola, gli alunni delle classi sottoposte a sorveglianza Covid per l\u2019esecuzione del tampone di controllo in sedute dedicate, separate dai normali percorsi di offerta tamponi green pass. Inoltre, a partire da luned\u00ec 25 ottobre i bambini di et\u00e0 inferiore a 12 anni con sintomatologia simil covid che a giudizio del pediatra devono eseguire un tampone diagnostico potranno accedere senza prenotazione anche ogni luned\u00ec, mercoled\u00ec e venerd\u00ec dalle 14.00 alle 16.00 presso il drive in ospedaliero di Belluno, area san Gervasio. Rimane costante la possibilit\u00e0 per i bambini con sintomatologia simil covid di accedere negli orari dedicati all\u2019accesso libero in tutti i drive in territoriali: <strong>Drive-in Alpago Paludi <\/strong>tutti i giorni dalle 10.00 alle 12.00, <strong>Drive-in Feltre<\/strong> \u2013 loc. Peschiera (ex Marangoni) dal luned\u00ec al sabato dalle 10.00 alle 12.00 e <strong>domenica dalle 14.00 alle 15.00, <\/strong><strong>Drive-in Agordo<\/strong> \u2013 Piazzale Tamonich marted\u00ec, gioved\u00ec, sabato dalle 9.00 alle 10.00, <strong>Drive-in Tai di Cadore<\/strong> \u2013 Piazzale Dolomiti marted\u00ec, gioved\u00ec e sabato dalle 13.00 alle 15.00.<\/p>\n<p>&nbsp;<\/p>\n<p>&nbsp;<\/p>\n<hr \/>\n<p>&nbsp;<\/p>\n<blockquote>\n<h3>PARCHEGGI OSPEDALE DI PIEVE DI CADORE: DA LUNED\u00cc SUL LATO NORD EST<\/h3>\n<\/blockquote>\n<p><strong>PIEVE DI CADORE <\/strong>Da luned\u00ec 25 alcuni parcheggi situati nel piazzale antistante l\u2019entrata principale \u00a0dell\u2019ospedale di Pieve di Cadore saranno temporaneamente inutilizzabili, per circa 2 mesi, per consentire il proseguimento del cantiere della nuova base HEMS. Resta disponibile per l\u2019utenza il parcheggio situato sul lato nord est. Si invita l\u2019utenza ad utilizzare gli stalli disponibili con rigoroso rispetto della segnaletica orizzontale, per non intralciare i mezzi di soccorso in transito nell\u2019area. L\u2019Ulss Dolomiti si scusa con l\u2019utenza per il disagio, strettamente necessario per l\u2019avvio di una nuova fase del cantiere della base dell\u2019elisoccorso, che porter\u00e0 un significativo potenziamento del presidio di Pieve.<\/p>\n<p>&nbsp;<\/p>\n<p>&nbsp;<\/p>\n<hr \/>\n<p>&nbsp;<\/p>\n<blockquote>\n<h3>AGGIORNAMENTO CAMPAGNA VACCINALE ULSS 1 DOLOMITI<\/h3>\n<\/blockquote>\n<p><strong><a href=\"https:\/\/www.radiopiu.net\/wordpress\/giornale-radiopiu-11-aprile-2021-direttore-mirko-mezzacasa\/vaccino-covid-2\/\" rel=\"attachment wp-att-202577\"><img loading=\"lazy\" decoding=\"async\" class=\"size-medium wp-image-202577 alignleft\" src=\"https:\/\/www.radiopiu.net\/wordpress\/wp-content\/uploads\/2021\/04\/vaccino-covid-300x200.jpg\" alt=\"\" width=\"300\" height=\"200\" srcset=\"https:\/\/www.radiopiu.net\/wordpress\/wp-content\/uploads\/2021\/04\/vaccino-covid-300x200.jpg 300w, https:\/\/www.radiopiu.net\/wordpress\/wp-content\/uploads\/2021\/04\/vaccino-covid-1024x682.jpg 1024w, https:\/\/www.radiopiu.net\/wordpress\/wp-content\/uploads\/2021\/04\/vaccino-covid-768x511.jpg 768w, https:\/\/www.radiopiu.net\/wordpress\/wp-content\/uploads\/2021\/04\/vaccino-covid-1536x1022.jpg 1536w, https:\/\/www.radiopiu.net\/wordpress\/wp-content\/uploads\/2021\/04\/vaccino-covid.jpg 1920w\" sizes=\"auto, (max-width: 300px) 100vw, 300px\" \/><\/a>BELLUNO <\/strong>La nuova organizzazione dei punti tamponi ha reso necessaria una revisione delle sedute vaccinale per seconde dosi programmate. In particolare: I cittadini che avevano appuntamento per la seconda dose di vaccino anti covid per SABATO 23 e SABATO 30 ottobre al drive in di PALUDI sono attesi nelle stesse date e orari al drive in di BELLUNO OSPEDALE- area San Gervasio. I cittadini che avevano appuntamento per la seconda dose di vaccino anti covid tra il 25 e il 30 ottobre al drive in di FELTRE sono attesi DOMENICA 31 ottobre al drive in di FELTRE ex Marangoni tra le 9.30 e le 13.00. Gli utenti sono stati avvisati telefonicamente. Sono state aperte ulteriori agende per la prenotazione della dose di richiamo prenotabili dal sito <a href=\"http:\/\/www.aulss1.veneto.it\">www.aulss1.veneto.it<\/a> per le persone con 60 e pi\u00f9 anni che hanno completato il ciclo di immunizzazione da almeno 6 mesi.<\/p>\n<p>&nbsp;<\/p>\n<p>&nbsp;<\/p>\n<hr \/>\n<p>&nbsp;<\/p>\n<blockquote>\n<h3>TUMORI UROLOGICI: CONVEGNO IN ULSS DLOMITI<\/h3>\n<\/blockquote>\n<p><strong>BELLUNO <\/strong>Il trattamento dei principali tumori urologici, prostata, rene e vescica, ha subito in tempi pi\u00f9 recenti un\u2019evoluzione importante per l\u2019allargamento di indicazioni di trattamenti gi\u00f9 esistenti in linee di terapia per stadi di malattia sempre pi\u00f9 precoci e l\u2019offerta di nuovi farmaci. Il Dipartimento di oncologia dell\u2019Ulss Dolomiti ha organizzato per oggi un convegno sul tema con l\u2019obiettivo di eseguire una disamina di quelli che sono gli approcci di terapia medica pi\u00f9 tradizionali per neoplasie urologiche pi\u00f9 diffuse e di illustrare come le evoluzioni pi\u00f9 recenti hanno impattato sulla prognosi e la qualit\u00e0 di vita dei pazienti che ne sono affetti, con un focus su coloro con fattori prognostici particolarmente favorevoli pur nell\u2019ambito di una malattia metastatica. Le Urologie dell\u2019Ulss Dolomiti eseguono all\u2019anno circa 180 interventi maggiori all\u2019anno per tumori alla prostata, rene o vescica. In Radioterapia sono seguiti circa 80 pazienti all\u2019anno per terapia adiuvante per tumori alla prostata. Le Oncologie si prendono cura di circa 110 pazienti in terapia medica all\u2019anno per tumore alla prostata, rene e vescica in fase localmente avanzata o avanzata. Al convegno, organizzato nell\u2019ormai consolidata modalit\u00e0 online, hanno partecipato 85 professionisti da tutto il Veneto e anche da fuori regione, apprezzando la qualit\u00e0 degli interventi proposti e il dibattito che ne \u00e8 scaturito. \u00ab<em>La nostra collaborazione sia assistenziale che scientifica con il centro hub regionale dello IOV-IRCCS di Padova e Castelfranco Veneto nell&#8217;ambito della Rete Oncologica Veneta che ci pone in grado di affrontare con successo anche le situazioni oncologiche pi\u00f9 complesse<\/em>\u00bb, commenta il coordinatore del Dipartimento Oncologico Fable Zustovich, responsabile scientifico dell\u2019evento.<\/p>\n<p>&nbsp;<\/p>\n<p>&nbsp;<\/p>\n<hr \/>\n<p>&nbsp;<\/p>\n<p>&nbsp;<\/p>\n<h2><span style=\"color: #ff0000;\">IERI SERA AD AGORDO\u00a0 LE DIRETTE DI RADIO PIU&#8217;\u00a0<\/span><\/h2>\n<p>https:\/\/www.facebook.com\/mirko.mezzacasa\/videos\/1029462801121792<\/p>\n<p>&nbsp;<\/p>\n<p>&nbsp;<\/p>\n<p>&nbsp;<\/p>\n<p>&nbsp;<\/p>\n<hr \/>\n<blockquote>\n<h3><\/h3>\n<h3>VAIA, UNO SGUARDO ANTROPOLOGICO, IL 29 SETTEMBRE LA PRESENTAZIONE AL MUSEO DI SERAVELLA<\/h3>\n<\/blockquote>\n<p><strong><a href=\"https:\/\/www.radiopiu.net\/wordpress\/valle-imperina-la-situazione-dopo-lalluvione-con-la-collaborazione-di-manuel-conedera\/cb7eb94f-1516-45fd-ab8e-a1bfd0cd90b2\/\" rel=\"attachment wp-att-67808\"><img loading=\"lazy\" decoding=\"async\" class=\" wp-image-67808 alignleft\" src=\"https:\/\/www.radiopiu.net\/wordpress\/wp-content\/uploads\/2018\/11\/cb7eb94f-1516-45fd-ab8e-a1bfd0cd90b2-300x200.jpg\" alt=\"\" width=\"273\" height=\"182\" srcset=\"https:\/\/www.radiopiu.net\/wordpress\/wp-content\/uploads\/2018\/11\/cb7eb94f-1516-45fd-ab8e-a1bfd0cd90b2-300x200.jpg 300w, https:\/\/www.radiopiu.net\/wordpress\/wp-content\/uploads\/2018\/11\/cb7eb94f-1516-45fd-ab8e-a1bfd0cd90b2-768x512.jpg 768w, https:\/\/www.radiopiu.net\/wordpress\/wp-content\/uploads\/2018\/11\/cb7eb94f-1516-45fd-ab8e-a1bfd0cd90b2-1024x682.jpg 1024w, https:\/\/www.radiopiu.net\/wordpress\/wp-content\/uploads\/2018\/11\/cb7eb94f-1516-45fd-ab8e-a1bfd0cd90b2.jpg 1600w\" sizes=\"auto, (max-width: 273px) 100vw, 273px\" \/><\/a>CESIOMAGGIORE<\/strong>\u00a0 A tre anni da Vaia, il Museo etnografico della Provincia di Belluno presenta l&#8217;esito del progetto di ricerca antropologica condotto quest\u2019anno sugli effetti della tempesta all\u2019interno delle comunit\u00e0 bellunesi. Due ricercatrici &#8211; Iolanda Da Deppo e Daniela Perco &#8211; hanno raccolto nel corso della loro campagna di indagine alcune interviste antropologiche, partendo da alcune domande guida.\u00a0 Le risposte sono arrivate ascoltando le persone che hanno vissuto sulla loro pelle gli effetti del maltempo di fine ottobre 2018. Dal Comelico al Feltrino, dove maggiori sono stati gli effetti distruttivi del vento; passando per l\u2019Alto Agordino, dove \u00e8 stata la furia dell\u2019acqua a lasciare i segni pi\u00f9 importanti. Il lavoro di ricerca si \u00e8 concluso qualche settimana fa e verr\u00e0 presentato in una serata-convegno nella sala conferenze del Museo di Seravella (Cesiomaggiore).\u00a0 La serata inizier\u00e0 alle 20.30. Verranno proiettati anche alcuni contributi video del regista e antropologo visivo Michele Trentini, tra cui il documentario \u201cVaia\/due racconti\u201d, con Fermo Pomar\u00e8 (guardia boschiva) e Matteo Melchiorre (storico e scrittore). Alla sala conferenze si pu\u00f2 accedere solo con Green Pass e mascherina. Prenotazioni all\u2019indirizzo mail museoseravella@provincia.belluno.it<\/p>\n<p>&nbsp;<\/p>\n<p>&nbsp;<\/p>\n<hr \/>\n<p>&nbsp;<\/p>\n<blockquote>\n<h3>MILANO-CORTINA 2026. TAVOLO TECNICO IN REGIONE SULLA MOBILIT\u00c0 IN VISTA DEI GIOCHI OLIMPICI<\/h3>\n<\/blockquote>\n<p><strong><a href=\"https:\/\/www.radiopiu.net\/wordpress\/il-simbolo-di-milano-cortina\/logo-milano-cortina-2026\/\" rel=\"attachment wp-att-200160\"><img loading=\"lazy\" decoding=\"async\" class=\"size-medium wp-image-200160 alignleft\" src=\"https:\/\/www.radiopiu.net\/wordpress\/wp-content\/uploads\/2021\/03\/LOGO-MILANO-CORTINA-2026-300x279.jpg\" alt=\"\" width=\"300\" height=\"279\" \/><\/a>VENEZIA<\/strong> Incontro in Regione con l&#8217;obiettivo di condividere in maniera sinergica e unitaria le iniziative in programmazione e il piano di gestione della mobilit\u00e0 verso Verona e Cortina durante l\u2019evento olimpico. Occasione importante per fare il punto su un complesso di interventi che coinvolgono una serie di attori il cui ruolo \u00e8 significativo per continuare a lavorare in modo ottimale e sinergico in vista del 2026. Il valore delle opere non si esaurisce tuttavia con le Olimpiadi, ma rappresenta un\u2019occasione per la realizzazione di una pi\u00f9 generale riqualificazione dei collegamenti e del trasporto regionale. Il quadrante pi\u00f9 delicato \u00e8 certamente quello che riguarda le Varianti di Cortina e Longarone ma di fondamentale importanza, in un quadro pi\u00f9 ampio, \u00e8 il completamento della Superstrada Pedemontana Veneta. Un lavoro in prospettiva che inserisce le opere in un contesto che consenta di avere ricadute positive sull\u2019intera viabilit\u00e0 della Regione. La Fondazione Milano Cortina 2026 ha sottolineato l\u2019assoluta e piena collaborazione con Regione e gli Enti Locali sui temi centrali che riguardano il percorso di avvicinamento al 2026 soprattutto attraverso il coinvolgimento e l\u2019ascolto dei territori. All\u2019incontro hanno partecipato anche la Provincia di Belluno, Infrastrutture Venete, Rfi, Trenitalia, Anas e Veneto Strade.<\/p>\n<p>&nbsp;<\/p>\n<p>&nbsp;<\/p>\n<p>&nbsp;<\/p>\n<hr \/>\n<p>&nbsp;<\/p>\n<blockquote>\n<h3 class=\"p1\"><span class=\"s1\"><b>GUARDA (VERDI)\u201cI 60 MILIONI PER LA PISTA DA BOB DELLE OLIMPIADI UTILIZZATELI PER RISOLVERE LE EMERGENZE DELLA MONTAGNA VENETA\u201d<\/b><\/span><\/h3>\n<\/blockquote>\n<p class=\"p1\"><span class=\"s1\"><strong><a href=\"https:\/\/www.radiopiu.net\/wordpress\/zaia-e-la-pista-da-bob-a-cortina-lintervento-in-conferenza-stampa\/cortina_guide_bob-3\/\" rel=\"attachment wp-att-204667\"><img loading=\"lazy\" decoding=\"async\" class=\"size-medium wp-image-204667 alignleft\" src=\"https:\/\/www.radiopiu.net\/wordpress\/wp-content\/uploads\/2021\/04\/cortina_guide_bob-1-300x150.jpg\" alt=\"\" width=\"300\" height=\"150\" srcset=\"https:\/\/www.radiopiu.net\/wordpress\/wp-content\/uploads\/2021\/04\/cortina_guide_bob-1-300x150.jpg 300w, https:\/\/www.radiopiu.net\/wordpress\/wp-content\/uploads\/2021\/04\/cortina_guide_bob-1.jpg 600w\" sizes=\"auto, (max-width: 300px) 100vw, 300px\" \/><\/a>VENEZIA <\/strong>La Consigliera regionale Cristina Guarda (Europa Verde) annuncia la partecipazione alla manifestazione \u201cNon nel mio nome\u201d, indetta da una schiera di associazioni ambientaliste, che si terr\u00e0 a Cortina domenica 24 ottobre. La Consigliera, gi\u00e0 intervenuta in passato sulle questioni sollevate dagli organizzatori dell\u2019evento, motiva la sua adesione dichiarando: \u201cLa montagna merita rispetto, non pu\u00f2 essere devastata da progetti faraonici discutibili e non necessari, vedi la famosa pista da bob da 60 milioni che la Regione Veneto vorrebbe sfoggiare in vista delle Olimpiadi. Mai si \u00e8 visto la Regione Veneto di Zaia spendere cos\u00ec tanti fondi per la montagna veneta e le sue reali problematiche: spopolamento, emergenza boschi o almeno per rendere pi\u00f9 accessibili servizi essenziali, sanitari e sociali. <\/span><span class=\"s1\">Per una volta vorrei fossero investiti fondi e risorse in progetti realmente utili alla montagna e a chi ci abita, piuttosto che per opere spot. <\/span><span class=\"s1\">Ho avuto modo di confrontarmi pi\u00f9 volte con cittadini e associazioni del territorio, ho ascoltato le loro preoccupazioni e raccolto la loro rabbia. Per questo ho deciso di partecipare assieme a molti cittadini alla manifestazione NON NEL MIO NOME che si terr\u00e0 a Cortina domenica prossima. Io sto dalla parte di chi vive, valorizza e protegge la nostra montagna, sempre. Per ora l\u2019unica medaglia olimpica da assegnare alla nostra Regione sembra essere quella dell\u2019abbandono e della scarsa cura dei territori montani.\u201d<\/span><\/p>\n<p>&nbsp;<\/p>\n<p>&nbsp;<\/p>\n<hr \/>\n<p>&nbsp;<\/p>\n<blockquote>\n<h3>PNRR, 1 MILIARDO PER I BORGHI. UNCEM: NON A RESORT TURISTICI E A RESTAURO SENZA RIGENERAZIONE SOCIALE ED ECONOMICA<\/h3>\n<\/blockquote>\n<p><strong><a href=\"https:\/\/www.radiopiu.net\/wordpress\/giornale-radiopiu-06-novembre-2020-direttore-mirko-mezzacasa\/logouncem_no_scritta-wdtr\/\" rel=\"attachment wp-att-170846\"><img loading=\"lazy\" decoding=\"async\" class=\"size-medium wp-image-170846 alignleft\" src=\"https:\/\/www.radiopiu.net\/wordpress\/wp-content\/uploads\/2020\/11\/logoUNCEM_no_scritta-wdtr-300x300.jpg\" alt=\"\" width=\"300\" height=\"300\" srcset=\"https:\/\/www.radiopiu.net\/wordpress\/wp-content\/uploads\/2020\/11\/logoUNCEM_no_scritta-wdtr-300x300.jpg 300w, https:\/\/www.radiopiu.net\/wordpress\/wp-content\/uploads\/2020\/11\/logoUNCEM_no_scritta-wdtr-150x150.jpg 150w, https:\/\/www.radiopiu.net\/wordpress\/wp-content\/uploads\/2020\/11\/logoUNCEM_no_scritta-wdtr.jpg 640w\" sizes=\"auto, (max-width: 300px) 100vw, 300px\" \/><\/a>ROMA<\/strong> &#8220;<em>Il Piano nazionale di Ripresa e Resilienza prevede di investire 1 miliardo per i borghi. Abbiamo chiesto come Uncem al Ministro Franceschini di vedere le bozze del bando. E non siamo d&#8217;accordo con l&#8217;investimento di 20 milioni di euro per ciascuno dei 20 borghi individuati dalle Regioni. Lo avrebbero deciso dal Ministero della Cultura, probabilmente con l&#8217;obiettivo di restaurare qualche museo e qualche casa colonica, piuttosto che fare qualche intervento di recupero di edifici, senza un chiaro destino e una vera strategia. 20 borghi, 400 milioni. Poi altre risorse dovranno andare su 230 borghi. Non \u00e8 chiaro come verranno selezionati, e come verranno coinvolte le imprese, per le quali sono previste ulteriori risorse del Piano compreso nel PNRR. Rischiamo confusione, spesa senza efficacia, tantopi\u00f9 se \u00e8 vero che potrebbero essere ammessi, tra i borghi, i centri storici di grandi citt\u00e0. Che borghi non sono. Ma a qualcuno, con deficit di conoscenza rispetto all&#8217;organizzazione dei paesi che fanno il Paese, potrebbero far comodo. Auspico con tutta Uncem che il Ministro Franceschini ci mostri il piano che ha in mente e il bando, cos\u00ec da correggere storture e prevedere interventi nei quali le comunit\u00e0 siano protagoniste, con una rigenerazione vera del territorio, economica e sociale, nel quadro delle sfide poste dalla crisi climatica<\/em>&#8220;. Lo afferma Marco Bussone, Presidente nazionale Uncem.<\/p>\n<p>&nbsp;<\/p>\n<p>&nbsp;<\/p>\n<hr \/>\n<p>&nbsp;<\/p>\n<blockquote>\n<h3>PRESENTATA IERI LA 43\u00aa EDIZIONE DI ARREDAMONT<\/h3>\n<\/blockquote>\n<p><strong><a href=\"https:\/\/www.radiopiu.net\/wordpress\/giornale-radiopiu-23-ottobre-2021-direttore-mirko-mezzacasa\/arredamont\/\" rel=\"attachment wp-att-238540\"><img loading=\"lazy\" decoding=\"async\" class=\"size-medium wp-image-238540 alignleft\" src=\"https:\/\/www.radiopiu.net\/wordpress\/wp-content\/uploads\/2021\/10\/arredamont-300x99.png\" alt=\"\" width=\"300\" height=\"99\" srcset=\"https:\/\/www.radiopiu.net\/wordpress\/wp-content\/uploads\/2021\/10\/arredamont-300x99.png 300w, https:\/\/www.radiopiu.net\/wordpress\/wp-content\/uploads\/2021\/10\/arredamont-1024x337.png 1024w, https:\/\/www.radiopiu.net\/wordpress\/wp-content\/uploads\/2021\/10\/arredamont-768x253.png 768w, https:\/\/www.radiopiu.net\/wordpress\/wp-content\/uploads\/2021\/10\/arredamont.png 1028w\" sizes=\"auto, (max-width: 300px) 100vw, 300px\" \/><\/a>LONGARONE <\/strong>E&#8217; stata presentata ieri la 43\u00aa edizione di Arredamont che a partire dal 30 ottobre e fino al 7 novembre sar\u00e0 vitabile a Longarone Fiere. Per il Presidente della Provincia di Belluno e Sindaco di Longarone, Roberto Padrin \u201c<em>Sabato prossimo inaugureremo questa edizione di Arredamont con grande entusiasmo ed emozione. Anche in virt\u00f9 del fatto che siamo riusciti a far approvare il bilancio di Longarone Fiere Dolomiti in positivo. Ci\u00f2 testimonia il duro lavoro intrapreso da tutti noi con grande dedizione e che ci ha permesso di affrontare le sfide poste dalla nostra struttura. Quindi colgo l\u2019occasione per ringraziare tutti per il prezioso contributo alla realizzazione di questa unica fiera della montagna<\/em>\u201d. Anche il Presidente di Longarone Fiere Dolomiti, Gian Angelo Bellati, condivide l\u2019emozione di Roberto Padrin.<\/p>\n<p><strong>IL PRESIDENTE DI LONGARONE FIERE GIAN ANGELO BELLATI<\/strong><\/p>\n<div style=\"width: 1200px;\" class=\"wp-video\"><video class=\"wp-video-shortcode\" id=\"video-238356-2\" width=\"1200\" height=\"675\" preload=\"metadata\" controls=\"controls\"><source type=\"video\/mp4\" src=\"https:\/\/www.radiopiu.net\/wordpress\/wp-content\/uploads\/2021\/10\/02-Gian-Angelo-Bellati-Presidente-Longarone-Fiere-Dolomiti.mp4?_=2\" \/><a href=\"https:\/\/www.radiopiu.net\/wordpress\/wp-content\/uploads\/2021\/10\/02-Gian-Angelo-Bellati-Presidente-Longarone-Fiere-Dolomiti.mp4\">https:\/\/www.radiopiu.net\/wordpress\/wp-content\/uploads\/2021\/10\/02-Gian-Angelo-Bellati-Presidente-Longarone-Fiere-Dolomiti.mp4<\/a><\/video><\/div>\n<p>&nbsp;<\/p>\n<hr \/>\n<p>&nbsp;<\/p>\n<blockquote>\n<h3>IL COMUNE DI ALLEGHE APRE UN BANDO PER L&#8217;ASSEGNAZIONE DELLE BORSE DI STUDIO<\/h3>\n<\/blockquote>\n<p><strong>ALLEGHE<\/strong> Si porta a conoscenza del fatto che il Comune di Alleghe ha pubblicato il bando per l\u2019assegnazione di borse di studio comunali agli studenti, residenti, frequentanti le scuole superiori, che hanno conseguito il diploma di maturita\u0300 nel 2021 o laureatesi entro il mese di ottobre 2021. Il modulo di domanda si puo\u0300 reperire sul sito del Comune di Alleghe o richiedere direttamente all\u2019Ufficio Servizi Demografici; le domande potranno essere inoltrate fino al 19 dicembre 2021<\/p>\n<p>&nbsp;<\/p>\n<p>&nbsp;<\/p>\n<hr \/>\n<p>&nbsp;<\/p>\n<blockquote>\n<h3>LA CURIOSITA&#8217;&#8230; UN DISTRIBUTORE SOPRA LE NOSTRE TESTE<\/h3>\n<\/blockquote>\n<p><span style=\"color: #ff0000;\">Ieri mattina&#8230;<\/span><br \/>\n<strong>TAIBON<\/strong>\u00a0 Ieri ore 11.39: Aereo cisterna in zona,\u00a0 possibili avvistamenti di aerei che si\u00a0 riforniscono sopra le nostre teste<\/p>\n\n\t\t\t<style type='text\/css'>\n\t\t\t\t#gallery-5 {\n\t\t\t\t\tmargin: auto;\n\t\t\t\t}\n\t\t\t\t#gallery-5 .gallery-item {\n\t\t\t\t\tfloat: left;\n\t\t\t\t\tmargin-top: 10px;\n\t\t\t\t\ttext-align: center;\n\t\t\t\t\twidth: 50%;\n\t\t\t\t}\n\t\t\t\t#gallery-5 img {\n\t\t\t\t\tborder: 2px solid #cfcfcf;\n\t\t\t\t}\n\t\t\t\t#gallery-5 .gallery-caption {\n\t\t\t\t\tmargin-left: 0;\n\t\t\t\t}\n\t\t\t\t\/* see gallery_shortcode() in wp-includes\/media.php *\/\n\t\t\t<\/style>\n\t\t<div id='gallery-5' class='dt-gallery-container gallery galleryid-238356 gallery-columns-2 gallery-size-thumbnail'><dl class='gallery-item'>\n\t\t\t\t<dt class='gallery-icon portrait'>\n\t\t\t\t\t<a class=\"rollover rollover-zoom dt-pswp-item\" title=\"9f193d87-98d9-42ed-8cd4-a4bd5e85b2d5\" data-dt-img-description=\"\" data-large_image_width=\"955\" data-large_image_height=\"2048\"href='https:\/\/www.radiopiu.net\/wordpress\/wp-content\/uploads\/2021\/10\/9f193d87-98d9-42ed-8cd4-a4bd5e85b2d5.jpg'><img loading=\"lazy\" decoding=\"async\" width=\"150\" height=\"150\" src=\"https:\/\/www.radiopiu.net\/wordpress\/wp-content\/uploads\/2021\/10\/9f193d87-98d9-42ed-8cd4-a4bd5e85b2d5-150x150.jpg\" class=\"attachment-thumbnail size-thumbnail\" alt=\"\" \/><\/a>\n\t\t\t\t<\/dt><\/dl><dl class='gallery-item'>\n\t\t\t\t<dt class='gallery-icon portrait'>\n\t\t\t\t\t<a class=\"rollover rollover-zoom dt-pswp-item\" title=\"edb1d93c-6e01-402e-bfbb-9f8680f43eb5\" data-dt-img-description=\"\" data-large_image_width=\"955\" data-large_image_height=\"2048\"href='https:\/\/www.radiopiu.net\/wordpress\/wp-content\/uploads\/2021\/10\/edb1d93c-6e01-402e-bfbb-9f8680f43eb5.jpg'><img loading=\"lazy\" decoding=\"async\" width=\"150\" height=\"150\" src=\"https:\/\/www.radiopiu.net\/wordpress\/wp-content\/uploads\/2021\/10\/edb1d93c-6e01-402e-bfbb-9f8680f43eb5-150x150.jpg\" class=\"attachment-thumbnail size-thumbnail\" alt=\"\" \/><\/a>\n\t\t\t\t<\/dt><\/dl><br style=\"clear: both\" \/>\n\t\t\t<\/div>\n\n<p>&nbsp;<\/p>\n<hr \/>\n<p>&nbsp;<\/p>\n<blockquote>\n<h3>LA PRESENTAZIONE DEL LIBRO DI DIEGO CASON IN DIRETTA DALLA SALA DON TAMIS<\/h3>\n<\/blockquote>\n<p><strong>LA DIRETTA RADIO PIU&#8217;<\/strong><\/p>\n<p>https:\/\/www.facebook.com\/mirko.mezzacasa\/videos\/1029462801121792<\/p>\n<p>&nbsp;<\/p>\n<hr \/>\n<p>&nbsp;<\/p>\n<blockquote>\n<h3>IL CORO DEGLI ALPINI E GLI AUGURI PER I COMPLEANNI IN ASCA<\/h3>\n<\/blockquote>\n<p><strong>AGORDO<\/strong> Sono stati gli Alpini di Belluno con il loro coro ad allietare gli ospiti dell&#8217;ASCA, in particolarmodo coloro che hanno compiuto gli anni.<\/p>\n<div style=\"width: 640px;\" class=\"wp-video\"><video class=\"wp-video-shortcode\" id=\"video-238356-3\" width=\"640\" height=\"352\" preload=\"metadata\" controls=\"controls\"><source type=\"video\/mp4\" src=\"https:\/\/www.radiopiu.net\/wordpress\/wp-content\/uploads\/2021\/10\/WhatsApp-Video-2021-10-22-at-17.16.43.mp4?_=3\" \/><a href=\"https:\/\/www.radiopiu.net\/wordpress\/wp-content\/uploads\/2021\/10\/WhatsApp-Video-2021-10-22-at-17.16.43.mp4\">https:\/\/www.radiopiu.net\/wordpress\/wp-content\/uploads\/2021\/10\/WhatsApp-Video-2021-10-22-at-17.16.43.mp4<\/a><\/video><\/div>\n<p>&nbsp;<\/p>\n<hr \/>\n<p>&nbsp;<\/p>\n<blockquote>\n<h3><strong>FUOCHI DELL&#8217;AUTONOMIA 2021 con il Bard<\/strong><\/h3>\n<\/blockquote>\n<p style=\"text-align: left;\"><strong><a href=\"https:\/\/www.radiopiu.net\/wordpress\/giornale-radiopiu-22-ottobre-2021-direttore-mirko-mezzacasa\/th-223\/\" rel=\"attachment wp-att-238217\"><img loading=\"lazy\" decoding=\"async\" class=\"size-full wp-image-238217 alignleft\" src=\"https:\/\/www.radiopiu.net\/wordpress\/wp-content\/uploads\/2021\/10\/th-20.jpg\" alt=\"\" width=\"154\" height=\"115\" \/><\/a>BELLUNO <\/strong>Sono in programma per questa sera \u00a0Lo slogan per l&#8217;edizione 2021: \u201cL&#8217;autonomia non finisce con la pandemia\u201d. Domani mattina a Belluno, al Ristoro Parco Pineta del Nevegal, 4^ Giornata dell&#8217;Autonomia.<\/p>\n<p>&nbsp;<\/p>\n<p><strong>ANDREA BONA, PRESIDENTE DEL BARD<\/strong><\/p>\n<audio class=\"wp-audio-shortcode\" id=\"audio-238356-13\" preload=\"none\" style=\"width: 100%;\" controls=\"controls\"><source type=\"audio\/mpeg\" src=\"https:\/\/www.radiopiu.net\/wordpress\/wp-content\/uploads\/2021\/10\/ANDREA-BONA-BARD.mp3?_=13\" \/><a href=\"https:\/\/www.radiopiu.net\/wordpress\/wp-content\/uploads\/2021\/10\/ANDREA-BONA-BARD.mp3\">https:\/\/www.radiopiu.net\/wordpress\/wp-content\/uploads\/2021\/10\/ANDREA-BONA-BARD.mp3<\/a><\/audio>\n<p>&nbsp;<\/p>\n<p>&nbsp;<\/p>\n<hr \/>\n<p>&nbsp;<\/p>\n<blockquote>\n<h3>CERTOTTICA FORMA L\u2019ADDETTO COMMERCIALE ESTERO: APERTE LE ISCRIZIONI<\/h3>\n<\/blockquote>\n<p><strong><a href=\"https:\/\/www.radiopiu.net\/wordpress\/giornale-radiopiu-31-01-2018-direttore-mirko-mezzacasa\/da-certottica-2-corsi-specialistici-richiesti-dalle-aziende_platform_optic\/\" rel=\"attachment wp-att-42612\"><img loading=\"lazy\" decoding=\"async\" class=\" wp-image-42612 alignleft\" src=\"https:\/\/www.radiopiu.net\/wordpress\/wp-content\/uploads\/2018\/01\/da-certottica-2-corsi-specialistici-richiesti-dalle-aziende_Platform_Optic-300x174.jpg\" alt=\"\" width=\"202\" height=\"117\" srcset=\"https:\/\/www.radiopiu.net\/wordpress\/wp-content\/uploads\/2018\/01\/da-certottica-2-corsi-specialistici-richiesti-dalle-aziende_Platform_Optic-300x174.jpg 300w, https:\/\/www.radiopiu.net\/wordpress\/wp-content\/uploads\/2018\/01\/da-certottica-2-corsi-specialistici-richiesti-dalle-aziende_Platform_Optic-768x444.jpg 768w, https:\/\/www.radiopiu.net\/wordpress\/wp-content\/uploads\/2018\/01\/da-certottica-2-corsi-specialistici-richiesti-dalle-aziende_Platform_Optic.jpg 785w\" sizes=\"auto, (max-width: 202px) 100vw, 202px\" \/><\/a>LONGARONE <\/strong>Dalle tecniche di vendita al customer care, dall\u2019inglese commerciale al problem solving: queste sono solo alcune delle tematiche del percorso formativo per ADDETTO COMMERCIALE ESTERO E RELAZIONI INTERNAZIONALI PER IL SETTORE OCCHIALERIA promosso dall\u2019Area Formazione di Certottica. Per scoprire tutti i dettagli del corso, i requisiti di ammissione, le indennit\u00e0 ed i benefit di partecipazione, Vi invitiamo a consultare il sito <a href=\"http:\/\/www.certottica.it\">www.certottica.it<\/a> &#8211; dove \u00e8 possibile compilare anche il <strong>form di iscrizione &#8211;<\/strong> o a contattare direttamente lo staff dell\u2019Area (0437\/573157 \u2013 <a href=\"mailto:formazione@certottica.it\">formazione@certottica.it<\/a>).<\/p>\n<p>&nbsp;<\/p>\n<p>&nbsp;<\/p>\n<hr \/>\n<p>&nbsp;<\/p>\n<blockquote>\n<h3>L&#8217;INPS CERCA CONSULENTI DI PROTEZIONE SOCIALE<\/h3>\n<\/blockquote>\n<p><strong><a href=\"https:\/\/www.radiopiu.net\/wordpress\/giornale-radiopiu-07-agosto-2020-direttore-mirko-mezzacasa\/inps-logo\/\" rel=\"attachment wp-att-153598\"><img loading=\"lazy\" decoding=\"async\" class=\" wp-image-153598 alignleft\" src=\"https:\/\/www.radiopiu.net\/wordpress\/wp-content\/uploads\/2020\/08\/INPS-LOGO-300x200.jpg\" alt=\"\" width=\"278\" height=\"185\" srcset=\"https:\/\/www.radiopiu.net\/wordpress\/wp-content\/uploads\/2020\/08\/INPS-LOGO-300x200.jpg 300w, https:\/\/www.radiopiu.net\/wordpress\/wp-content\/uploads\/2020\/08\/INPS-LOGO-768x512.jpg 768w, https:\/\/www.radiopiu.net\/wordpress\/wp-content\/uploads\/2020\/08\/INPS-LOGO.jpg 900w\" sizes=\"auto, (max-width: 278px) 100vw, 278px\" \/><\/a>BELLUNO<\/strong> Il prossimo 31 ottobre scadr\u00e0 il termine per la presentazione delle domande di partecipazione al concorso indetto dall\u2019I.N.P.S. per l\u2019assunzione, con contratto a tempo indeterminato, di 1858 CONSULENTE DI PROTEZIONE SOCIALE, profilo per il quale sono ottime le prospettive di crescita professionale, anche in ragione del ruolo sempre pi\u00f9 centrale e rilevante dell\u2019Istituto nell\u2019ambito del welfare italiano. Il bando del concorso \u00e8 reperibile sul sito <a title=\"http:\/\/www.inps.it\/\" href=\"http:\/\/www.inps.it\/\">www.inps.it<\/a> ed \u00e8 stato pubblicato nella Gazzetta Ufficiale, IV serie speciale \u201cconcorsi ed esami\u201d, del 1 ottobre 2021. Le domande di partecipazione devono essere trasmesse in via telematica tramite il portale www.inps.it. Per ogni chiarimento o informazione \u00e8 possibile scrivere all\u2019indirizzo di posta elettronica <a href=\"mailto:direzione.belluno@inps.it\">direzione.belluno@inps.it<\/a><\/p>\n<p>&nbsp;<\/p>\n<p>&nbsp;<\/p>\n<hr \/>\n<p>&nbsp;<\/p>\n<blockquote>\n<h3>DAL 1976 LA MESSA PER I CADUTI DELLA MONTAGNA, DOMENICA 31 OTTOBRE AD AGORDO<\/h3>\n<\/blockquote>\n<p><strong>AGORDO<\/strong>\u00a0 Anche quest&#8217;anno per iniziativa del Coro Agordo i Caduti in montagna saranno ricordati con una celebrazione religiosa accompagnata dai canti del Coro Agordo (che organizza il ricordo) nell&#8217;Arcidiaconale della citt\u00e0. Anche quest&#8217;anno la celebrazione sar\u00e0 trasmessa in tutto il mondo sulle frequenze FM e sullo streaming di Radio Pi\u00f9, in video sui canali facebook e telegram (RADIO PIU INFORMAZIONE). I posti a sedere in chiesa saranno distanziati come da norme anti covid, ridotti nel numero disponibile. E&#8217; dunque importante la comunicazione anticipata di quanti vorranno partecipare (347 8883140, mail coroagordo@libero.it). A causa della pandemia il consueto ritrovato al termine della messa nella sede del Coro non si terr\u00e0.<\/p>\n<p>&nbsp;<\/p>\n<p>&nbsp;<\/p>\n<hr \/>\n<p>&nbsp;<\/p>\n<blockquote>\n<blockquote>\n<h3><a href=\"https:\/\/www.radiopiu.net\/wordpress\/giornale-radiopiu-08-ottobre-2021-direttore-mirko-mezzacasa\/museo-etnografico-attivita-gioco-1\/\" rel=\"attachment wp-att-235875\"><img loading=\"lazy\" decoding=\"async\" class=\"wp-image-235875 alignleft\" src=\"https:\/\/www.radiopiu.net\/wordpress\/wp-content\/uploads\/2021\/10\/museo-etnografico-attivita-gioco-1-300x225.jpg\" alt=\"\" width=\"177\" height=\"133\" srcset=\"https:\/\/www.radiopiu.net\/wordpress\/wp-content\/uploads\/2021\/10\/museo-etnografico-attivita-gioco-1-300x225.jpg 300w, https:\/\/www.radiopiu.net\/wordpress\/wp-content\/uploads\/2021\/10\/museo-etnografico-attivita-gioco-1-768x576.jpg 768w, https:\/\/www.radiopiu.net\/wordpress\/wp-content\/uploads\/2021\/10\/museo-etnografico-attivita-gioco-1.jpg 960w\" sizes=\"auto, (max-width: 177px) 100vw, 177px\" \/><\/a>INIZIATIVE, LE MUSE E LE DOLOMITI<\/h3>\n<p><strong>CORSO COLLETTIVO PER BAMBINI E RAGAZZI&#8230; CANTARE INSIEME E&#8217; DIVERTENTE E SALUTARE<\/strong><\/p>\n<p><span style=\"color: #ff0000;\">tel. 342 914 7711<\/span><\/p><\/blockquote>\n<audio class=\"wp-audio-shortcode\" id=\"audio-238356-14\" preload=\"none\" style=\"width: 100%;\" controls=\"controls\"><source type=\"audio\/mpeg\" src=\"https:\/\/www.radiopiu.net\/wordpress\/wp-content\/uploads\/2021\/10\/MUSE-OTTOBRE-2021.mp3?_=14\" \/><a href=\"https:\/\/www.radiopiu.net\/wordpress\/wp-content\/uploads\/2021\/10\/MUSE-OTTOBRE-2021.mp3\">https:\/\/www.radiopiu.net\/wordpress\/wp-content\/uploads\/2021\/10\/MUSE-OTTOBRE-2021.mp3<\/a><\/audio><\/blockquote>\n<p>&nbsp;<\/p>\n<p>&nbsp;<\/p>\n<hr \/>\n<blockquote>\n<h3><\/h3>\n<h3>SAN PATRIGNANO A FELTRE<\/h3>\n<\/blockquote>\n<p class=\"kvgmc6g5 cxmmr5t8 oygrvhab hcukyx3x c1et5uql\"><a href=\"https:\/\/www.radiopiu.net\/wordpress\/giornale-radiopiu-15-ottobre-2021-direttore-mirko-mezzacasa\/245316959_10158538616854503_8387571088789690524_n\/\" rel=\"attachment wp-att-237072\"><img loading=\"lazy\" decoding=\"async\" class=\"size-medium wp-image-237072 alignleft\" src=\"https:\/\/www.radiopiu.net\/wordpress\/wp-content\/uploads\/2021\/10\/245316959_10158538616854503_8387571088789690524_n-300x157.jpg\" alt=\"\" width=\"300\" height=\"157\" srcset=\"https:\/\/www.radiopiu.net\/wordpress\/wp-content\/uploads\/2021\/10\/245316959_10158538616854503_8387571088789690524_n-300x157.jpg 300w, https:\/\/www.radiopiu.net\/wordpress\/wp-content\/uploads\/2021\/10\/245316959_10158538616854503_8387571088789690524_n-768x402.jpg 768w, https:\/\/www.radiopiu.net\/wordpress\/wp-content\/uploads\/2021\/10\/245316959_10158538616854503_8387571088789690524_n.jpg 960w\" sizes=\"auto, (max-width: 300px) 100vw, 300px\" \/><\/a><strong>FELTRE<\/strong> Domani, a partire dalle 18.00, presso il Museo Diocesano di Feltre si affronter\u00e0 il tema delle dipendenze attraverso la voce di chi ha vissuto la comunit\u00e0 di San Patrignano.<\/p>\n<p class=\"o9v6fnle cxmmr5t8 oygrvhab hcukyx3x c1et5uql\">Walter Delogu, ospite per anni della comunit\u00e0, autista e guardia del corpo del fondatore Vincenzo Muccioli, autore del libro \u201cIl Braccio Destro\u201d e tra i protagonisti della la docu-serie \u201cSanPa. Luci e tenebre di San Patrignano\u201d prodotta da Netflix.<\/p>\n<p class=\"o9v6fnle cxmmr5t8 oygrvhab hcukyx3x c1et5uql\">Prenota ora il tuo biglietto:\u00a0<a class=\"oajrlxb2 g5ia77u1 qu0x051f esr5mh6w e9989ue4 r7d6kgcz rq0escxv nhd2j8a9 nc684nl6 p7hjln8o kvgmc6g5 cxmmr5t8 oygrvhab hcukyx3x jb3vyjys rz4wbd8a qt6c0cv9 a8nywdso i1ao9s8h esuyzwwr f1sip0of lzcic4wl py34i1dx gpro0wi8\" tabindex=\"0\" role=\"link\" href=\"https:\/\/la-parola-a-walter-delogu.eventbrite.it\/?fbclid=IwAR1tV-kG2HWho-2VG775XrTWwEfr8vnzKuCUJL5rKAasaecVBJn0WndXJbQ\" target=\"_blank\" rel=\"nofollow noopener\">https:\/\/la-parola-a-walter-delogu.eventbrite.it\u00a0<\/a><\/p>\n<p>&nbsp;<\/p>\n<p>&nbsp;<\/p>\n<hr \/>\n<p>&nbsp;<\/p>\n<p><strong>TORNANO GLI SPETTACOLI DI MISTERO<\/strong><\/p>\n<p><strong>La prima data bellunese nel Capoluogo<\/strong><\/p>\n<p><strong><a href=\"https:\/\/www.radiopiu.net\/wordpress\/giornale-radiopiu-21-ottobre-2021-direttore-mirko-mezzacasa\/sedico-8\/\" rel=\"attachment wp-att-238042\"><img loading=\"lazy\" decoding=\"async\" class=\"wp-image-238042 alignleft\" src=\"https:\/\/www.radiopiu.net\/wordpress\/wp-content\/uploads\/2021\/10\/SEDICO-225x300.jpg\" alt=\"\" width=\"119\" height=\"159\" srcset=\"https:\/\/www.radiopiu.net\/wordpress\/wp-content\/uploads\/2021\/10\/SEDICO-225x300.jpg 225w, https:\/\/www.radiopiu.net\/wordpress\/wp-content\/uploads\/2021\/10\/SEDICO.jpg 510w\" sizes=\"auto, (max-width: 119px) 100vw, 119px\" \/><\/a>BELLUNO<\/strong> Oggi nel centro della Citt\u00e0 di Belluno dalle 17.30 alle 19 passeggiata serale per le vie del centro con la consulenza storica di Marco Perale. Gli altri eventi sabato 30 ottobre a <strong>Soranzen<\/strong>\u00a0 spettacolo teatrale all\u2019aperto, a <strong>Melere di Borgo Valbelluna<\/strong> tradizionale passeggiata animata. Domenica 31\u00a0 a <strong>Sedico\u00a0<\/strong> alla scoperta del misterioso sito archeologico del Castelliere di Noal con rappresentazione teatrale a cura dell&#8217;attivissima proloco presieduta da Claudio Mezzavilla. Venerd\u00ec 5 a <strong>Mel<\/strong> \u201cQuattro ciacole al fil\u00f2\u201d presso l\u2019ex chiesa di San Pietro, sabato 6<strong> a Gron di Sospirolo\u00a0 ed Alano di Piave<\/strong> passeggiata guidata e animata,\u00a0 domenica 7 transumanza delle capre\u00a0 da <strong>Caralte<\/strong> a Valle di Cadore.<\/p>\n<p>&nbsp;<\/p>\n<p>&nbsp;<\/p>\n<hr \/>\n<p>&nbsp;<\/p>\n<blockquote>\n<h3>C\u2019\u00c8 TEMPO FINO AL 25 OTTOBRE PER PARTECIPARE AL PREMIO STRIKE! STORIE DI GIOVANI CHE CAMBIANO LE COSE,<\/h3>\n<\/blockquote>\n<p><strong>VENEZIA<\/strong>\u00a0 C\u2019\u00e8 tempo\u00a0 fino al 25 ottobre per partecipare al premio \u201cStrike! Storie di giovani che cambiano le cose\u201d, dedicato ai giovani tra i 18 e i 35 anni, che quest\u2019anno, nella sua sesta edizione, dal Trentino- Alto Adige si allarga in via sperimentale anche a Veneto e Lombardia. Per partecipare va compilato il form sul sito www.strikestories.com.<\/p>\n<p>&nbsp;<\/p>\n<hr \/>\n<p>&nbsp;<\/p>\n<blockquote>\n<h3>A TAIBON CONSIGLIO COMUNALE A PORTE CHIUSE, PER GLI INTERESSATI IN VIDEO CONFERENZA<\/h3>\n<\/blockquote>\n<p><strong>TAIBON<\/strong> Oggi alle 10 consiglio comunale convocato dal sindaco Silvia Tormen. All&#8217;ordine del giorno: variazione al bilancio, approvazione Documento Unico di Programmazione, affidamento servizio di tesoreria, individuazione zona di degrado per il recupero per patrimonio edilizio in via Vaticano a Forno Val. Il link attraverso il quale la cittadinanza pu\u00f2 accedere alla piattaforma telematica Google Meet e assistere alla seduta del Consiglio \u00e8 il seguente: https:\/\/meet.google.com\/ftn-widx-kwi In alternativa, \u00e8 possibile collegarsi al sito https:\/\/apps.google.com\/meet e inserire il seguente codice riunione: ftn-widx-kwi<\/p>\n<p>&nbsp;<\/p>\n<hr \/>\n<p>&nbsp;<\/p>\n<blockquote>\n<h3 class=\"gmail-MsoBodyText\"><b><span style=\"font-family: verdana, sans-serif; font-size: large;\">PREMIO GIORNALISTICO \u201cBEPI ZANFRON\u201d\u00a0<\/span><\/b><\/h3>\n<p><em>Sar\u00e0 il Ministro per i rapporti con il Parlamento, Federico D\u2019Inc\u00e0, a premiare il vincitore<\/em><\/p><\/blockquote>\n<p><a href=\"https:\/\/www.radiopiu.net\/wordpress\/giornale-radiopiu-21-ottobre-2021-direttore-mirko-mezzacasa\/autosave-file-vom-d-lab2-3-der-agfaphoto-gmbh\/\" rel=\"attachment wp-att-238043\"><img loading=\"lazy\" decoding=\"async\" class=\" wp-image-238043 alignleft\" src=\"https:\/\/www.radiopiu.net\/wordpress\/wp-content\/uploads\/2021\/10\/Bepi-Zanfron-alle-Olimpiadi-di-Lillehammer-1994-foto-archivio-AGENZIA-FOTOGRAFICA-ZANFRON-300x200.jpg\" alt=\"\" width=\"170\" height=\"113\" srcset=\"https:\/\/www.radiopiu.net\/wordpress\/wp-content\/uploads\/2021\/10\/Bepi-Zanfron-alle-Olimpiadi-di-Lillehammer-1994-foto-archivio-AGENZIA-FOTOGRAFICA-ZANFRON-300x200.jpg 300w, https:\/\/www.radiopiu.net\/wordpress\/wp-content\/uploads\/2021\/10\/Bepi-Zanfron-alle-Olimpiadi-di-Lillehammer-1994-foto-archivio-AGENZIA-FOTOGRAFICA-ZANFRON-1024x684.jpg 1024w, https:\/\/www.radiopiu.net\/wordpress\/wp-content\/uploads\/2021\/10\/Bepi-Zanfron-alle-Olimpiadi-di-Lillehammer-1994-foto-archivio-AGENZIA-FOTOGRAFICA-ZANFRON-768x513.jpg 768w, https:\/\/www.radiopiu.net\/wordpress\/wp-content\/uploads\/2021\/10\/Bepi-Zanfron-alle-Olimpiadi-di-Lillehammer-1994-foto-archivio-AGENZIA-FOTOGRAFICA-ZANFRON-1536x1025.jpg 1536w, https:\/\/www.radiopiu.net\/wordpress\/wp-content\/uploads\/2021\/10\/Bepi-Zanfron-alle-Olimpiadi-di-Lillehammer-1994-foto-archivio-AGENZIA-FOTOGRAFICA-ZANFRON-2048x1367.jpg 2048w\" sizes=\"auto, (max-width: 170px) 100vw, 170px\" \/><\/a><\/p>\n<p class=\"gmail-MsoBodyText\"><span style=\"font-family: verdana, sans-serif;\"><strong>LONGARONE<\/strong> Si svolger\u00e0 oggi\u00a0 nella sala consiliare del Municipio di Longarone, con inizio alle 18, la cerimonia di premiazione della quarta edizione del premio giornalistico intitolato alla memoria di Giuseppe \u201cBepi\u201d Zanfron (foto)<\/span><span style=\"font-family: verdana, sans-serif;\">\u00a0<\/span><span style=\"font-family: verdana, sans-serif;\">A realizzare i lavori pi\u00f9 apprezzati dalla giuria sono stati \u2013 in rigoroso ordine alfabetico \u2013 Paola Cecchini, Ludovico Fontana e Paolo Riva.\u00a0 <\/span><span style=\"font-family: verdana, sans-serif;\">Il vincitore verr\u00e0 proclamato solamente nel corso della cerimonia di oggi.\u00a0<\/span><\/p>\n<p>&nbsp;<\/p>\n<p>&nbsp;<\/p>\n<hr \/>\n<p>&nbsp;<\/p>\n<blockquote>\n<h3>GLI APPUNTAMENTI DI OTTOBRE ROSA DELL&#8217;ULSS 1 DOLOMITI<\/h3>\n<\/blockquote>\n<p class=\"gmail-o9v6fnle gmail-cxmmr5t8 gmail-oygrvhab gmail-hcukyx3x gmail-c1et5uql gmail-ii04i59q\"><strong><a href=\"https:\/\/www.radiopiu.net\/wordpress\/giornale-radiopiu-09-ottobre-2021-direttore-mirko-mezzacasa\/ottobre-rosa\/\" rel=\"attachment wp-att-236082\"><img loading=\"lazy\" decoding=\"async\" class=\" wp-image-236082 alignleft\" src=\"https:\/\/www.radiopiu.net\/wordpress\/wp-content\/uploads\/2021\/10\/ottobre-rosa-212x300.png\" alt=\"\" width=\"134\" height=\"190\" srcset=\"https:\/\/www.radiopiu.net\/wordpress\/wp-content\/uploads\/2021\/10\/ottobre-rosa-212x300.png 212w, https:\/\/www.radiopiu.net\/wordpress\/wp-content\/uploads\/2021\/10\/ottobre-rosa-724x1024.png 724w, https:\/\/www.radiopiu.net\/wordpress\/wp-content\/uploads\/2021\/10\/ottobre-rosa-768x1086.png 768w, https:\/\/www.radiopiu.net\/wordpress\/wp-content\/uploads\/2021\/10\/ottobre-rosa-1086x1536.png 1086w, https:\/\/www.radiopiu.net\/wordpress\/wp-content\/uploads\/2021\/10\/ottobre-rosa.png 1414w\" sizes=\"auto, (max-width: 134px) 100vw, 134px\" \/><\/a> <\/strong><\/p>\n<p class=\"gmail-o9v6fnle gmail-cxmmr5t8 gmail-oygrvhab gmail-hcukyx3x gmail-c1et5uql gmail-ii04i59q\"><strong>\u00a0<\/strong><\/p>\n<p class=\"gmail-o9v6fnle gmail-cxmmr5t8 gmail-oygrvhab gmail-hcukyx3x gmail-c1et5uql gmail-ii04i59q\"><strong>BELLUNO <\/strong>Luned\u00ec 25 ottobre ore 18.00 &#8211; 19.00, Incontro con: Fable Zustovich (oncologo) e Filippo De Renzi (radioterapista). Ricomincio da me. Incontro con make up artist, Mercoled\u00ec 27 ottobre ore 18.00 &#8211; 19.00, Incontro con: Serena Zatta (make up artist)<\/p>\n<div class=\"gmail-kvgmc6g5 gmail-cxmmr5t8 gmail-oygrvhab gmail-hcukyx3x gmail-c1et5uql gmail-ii04i59q\">\n<blockquote>\n<p dir=\"auto\"><em>Ho un tumore della mammella\u2026 e adesso cosa succede? SECONDO APPUNTAMENTO CON LA RASSEGNA OTTOBRE ROSA Per iscriversi e ricevere il link inviare una mail a <a href=\"mailto:guadagnare.salute@aulss1.veneto.it\">guadagnare.salute@aulss1.veneto.it\u00a0\u00a0<\/a><\/em><\/p>\n<p dir=\"auto\">\n<\/blockquote>\n<hr \/>\n<div dir=\"auto\">\n<blockquote>\n<h3><\/h3>\n<h3>I COLORI DELL&#8217;AUTUNNO, IL CONCORSO FOTOGRAFICO<\/h3>\n<\/blockquote>\n<p><strong><a href=\"https:\/\/www.radiopiu.net\/wordpress\/giornale-radiopiu-05-ottobre-2021-direttore-mirko-mezzacasa\/11872114_851463808295033_304473982179215535_o\/\" rel=\"attachment wp-att-235245\"><img loading=\"lazy\" decoding=\"async\" class=\"wp-image-235245 alignleft\" src=\"https:\/\/www.radiopiu.net\/wordpress\/wp-content\/uploads\/2021\/10\/11872114_851463808295033_304473982179215535_o-300x225.jpg\" alt=\"\" width=\"156\" height=\"117\" srcset=\"https:\/\/www.radiopiu.net\/wordpress\/wp-content\/uploads\/2021\/10\/11872114_851463808295033_304473982179215535_o-300x225.jpg 300w, https:\/\/www.radiopiu.net\/wordpress\/wp-content\/uploads\/2021\/10\/11872114_851463808295033_304473982179215535_o-1024x768.jpg 1024w, https:\/\/www.radiopiu.net\/wordpress\/wp-content\/uploads\/2021\/10\/11872114_851463808295033_304473982179215535_o-768x576.jpg 768w, https:\/\/www.radiopiu.net\/wordpress\/wp-content\/uploads\/2021\/10\/11872114_851463808295033_304473982179215535_o-1536x1152.jpg 1536w, https:\/\/www.radiopiu.net\/wordpress\/wp-content\/uploads\/2021\/10\/11872114_851463808295033_304473982179215535_o.jpg 2048w\" sizes=\"auto, (max-width: 156px) 100vw, 156px\" \/><\/a> <\/strong><\/p>\n<p><strong>\u00a0<\/strong><\/p>\n<p><strong>CENCENIGHE<\/strong> La proloco ha indetto un concorso fotografico sui colori della stagione appena iniziata. Le fotografie dovranno pervenire entro il 31 ottobre all&#8217;indirizzo: concorsocoloriautunno@gmail.com. Sabato 13 novembre alle 15 la premiazione con l&#8217;esposizione delle foto al Nof Filo&#8217;. Il regolamento sul sito www.prolococencenighe.it<\/p>\n<p>&nbsp;<\/p>\n<p>&nbsp;<\/p>\n<hr \/>\n<p>&nbsp;<\/p>\n<p>&nbsp;<\/p>\n<blockquote class=\"wp-embedded-content\" data-secret=\"SsKhgXVQs5\"><p><a href=\"https:\/\/www.radiopiu.net\/wordpress\/connessi-2\/\">Connessi<\/a><\/p><\/blockquote>\n<p><iframe loading=\"lazy\" class=\"wp-embedded-content\" sandbox=\"allow-scripts\" security=\"restricted\" style=\"position: absolute; clip: rect(1px, 1px, 1px, 1px);\" title=\"&#8220;Connessi&#8221; &#8212; Radio Pi\u00f9\" src=\"https:\/\/www.radiopiu.net\/wordpress\/connessi-2\/embed\/#?secret=SsKhgXVQs5\" data-secret=\"SsKhgXVQs5\" width=\"600\" height=\"338\" frameborder=\"0\" marginwidth=\"0\" marginheight=\"0\" scrolling=\"no\"><\/iframe><\/p>\n<p>&nbsp;<\/p>\n<p>&nbsp;<\/p>\n<hr \/>\n<p>&nbsp;<\/p>\n<div>\n<p>&nbsp;<\/p>\n<p><iframe loading=\"lazy\" class=\"wp-embedded-content\" title=\"\u201cPLASTIC FREE per un mondo senza plastica\u201d \u2014 Radio Pi\u00f9\" src=\"https:\/\/www.radiopiu.net\/wordpress\/plastic-free-per-un-mondo-senza-plastica\/embed\/#?secret=UgbsP836Lc\" width=\"600\" height=\"252\" frameborder=\"0\" marginwidth=\"0\" marginheight=\"0\" scrolling=\"no\" sandbox=\"allow-scripts\" data-secret=\"UgbsP836Lc\" data-mce-fragment=\"1\"><\/iframe><\/p>\n<p>&nbsp;<\/p>\n<p>&nbsp;<\/p>\n<\/div>\n<hr \/>\n<p>&nbsp;<\/p>\n<h2><span style=\"color: #ff0000;\">ALLA RADIO&#8230;\u00a0\u00a0<\/span><\/h2>\n<p><strong><a href=\"https:\/\/www.radiopiu.net\/wordpress\/collage-di-loris-scussel-dal-lunedi-al-venerdi-alle-16-e-alle-23-su-radio-piu\/piscina_agordo\/\" rel=\"attachment wp-att-213759\"><img loading=\"lazy\" decoding=\"async\" class=\"wp-image-213759 alignleft\" src=\"https:\/\/www.radiopiu.net\/wordpress\/wp-content\/uploads\/2021\/06\/piscina_agordo-300x200.jpg\" alt=\"\" width=\"152\" height=\"101\" srcset=\"https:\/\/www.radiopiu.net\/wordpress\/wp-content\/uploads\/2021\/06\/piscina_agordo-300x200.jpg 300w, https:\/\/www.radiopiu.net\/wordpress\/wp-content\/uploads\/2021\/06\/piscina_agordo-1024x684.jpg 1024w, https:\/\/www.radiopiu.net\/wordpress\/wp-content\/uploads\/2021\/06\/piscina_agordo-768x513.jpg 768w, https:\/\/www.radiopiu.net\/wordpress\/wp-content\/uploads\/2021\/06\/piscina_agordo-1536x1026.jpg 1536w, https:\/\/www.radiopiu.net\/wordpress\/wp-content\/uploads\/2021\/06\/piscina_agordo-2048x1368.jpg 2048w\" sizes=\"auto, (max-width: 152px) 100vw, 152px\" \/><\/a>ospiti Cristiana Carazzai e Roberto Broglio\u00a0<\/strong><\/p>\n<p><strong>SPECIALE PISCINA DI AGORDO<\/strong><\/p>\n<p><strong>di Claudio Fontanive<\/strong><\/p>\n<audio class=\"wp-audio-shortcode\" id=\"audio-238356-15\" preload=\"none\" style=\"width: 100%;\" controls=\"controls\"><source type=\"audio\/mpeg\" src=\"https:\/\/www.radiopiu.net\/wordpress\/wp-content\/uploads\/2021\/10\/piscina-21-ottobre.mp3?_=15\" \/><a href=\"https:\/\/www.radiopiu.net\/wordpress\/wp-content\/uploads\/2021\/10\/piscina-21-ottobre.mp3\">https:\/\/www.radiopiu.net\/wordpress\/wp-content\/uploads\/2021\/10\/piscina-21-ottobre.mp3<\/a><\/audio>\n<p>&nbsp;<\/p>\n<p>&nbsp;<\/p>\n<p>&nbsp;<\/p>\n<hr \/>\n<p>&nbsp;<\/p>\n<blockquote>\n<h3>RITORNA IL MERCATINO DI SAN MARTINO<\/h3>\n<\/blockquote>\n<p><strong><a href=\"https:\/\/www.radiopiu.net\/wordpress\/giornale-radiopiu-20-ottobre-2021-direttore-mirko-mezzacasa\/b36cfb00-fd3d-49a9-8539-460df52a21aa\/\" rel=\"attachment wp-att-237824\"><img loading=\"lazy\" decoding=\"async\" class=\"wp-image-237824 alignleft\" src=\"https:\/\/www.radiopiu.net\/wordpress\/wp-content\/uploads\/2021\/10\/b36cfb00-fd3d-49a9-8539-460df52a21aa-215x300.jpg\" alt=\"\" width=\"131\" height=\"183\" srcset=\"https:\/\/www.radiopiu.net\/wordpress\/wp-content\/uploads\/2021\/10\/b36cfb00-fd3d-49a9-8539-460df52a21aa-215x300.jpg 215w, https:\/\/www.radiopiu.net\/wordpress\/wp-content\/uploads\/2021\/10\/b36cfb00-fd3d-49a9-8539-460df52a21aa.jpg 574w\" sizes=\"auto, (max-width: 131px) 100vw, 131px\" \/><\/a>BELLUNO<\/strong> Ritorna a Salce dopo un anno di arresto forzato dovuto alla pandemia Covid il \u201cMercatino di San Martino\u201d, che rappresenta non solo un&#8217;opportunit\u00e0 di solidariet\u00e0, ma anche una delle pi\u00f9 belle feste paesane del periodo autunnale. In oltre 30 anni di storia il mercatino continua ancor oggi ad unire occasioni di intrattenimento e fratellanza. L\u2019appuntamento, nel rispetto delle normative anti contagio, in questo 2021 \u00e8 per domenica 7 novembre presso il campo sportivo di Salce \u2013 \u201ccasetta degli Alpini\u201d con inizio alle ore 9.00. Saranno a disposizione dei visitatori non solo prodotti ortofrutticoli locali, ma anche prodotti dolciari come i tipici crostoli, le torte, i biscotti e gli oggetti frutto dell\u2019artigianato locale. Una delle chicche pi\u00f9 apprezzate dai visitatori sono i prodotti \u201ctake-away\u201d come i pasticci pronti da infornare, le trippe, i canederli e molto altro ancora. Per facilitare la vendita ed evitare assembramenti alcuni prodotti sono pre ordinabili al telefono o online: tutte le informazioni utili nel sito www.parrocchiadisalce.it.<\/p>\n<p>&nbsp;<\/p>\n<p>&nbsp;<\/p>\n<p>&nbsp;<\/p>\n<hr \/>\n<p>&nbsp;<\/p>\n<div class=\"ecm0bbzt e5nlhep0 a8c37x1j\">\n<div class=\"kvgmc6g5 cxmmr5t8 oygrvhab hcukyx3x c1et5uql\">\n<div class=\"gmail-kvgmc6g5 gmail-cxmmr5t8 gmail-oygrvhab gmail-hcukyx3x gmail-c1et5uql gmail-ii04i59q\">\n<div>\n<div class=\"b654a4as d2edcug0\">\n<div class=\"rq0escxv hkbzh7o3 jwdofwj8 n8tt0mok r8blr3vg hyh9befq\">\n<p><a class=\"dt-pswp-item\" href=\"https:\/\/www.radiopiu.net\/wordpress\/wp-content\/uploads\/2020\/10\/pp.jpg\" data-dt-img-description=\"\" data-large_image_width=\"640\" data-large_image_height=\"640\"><img loading=\"lazy\" decoding=\"async\" class=\"wp-image-163678 alignleft\" src=\"https:\/\/www.radiopiu.net\/wordpress\/wp-content\/uploads\/2020\/10\/pp-300x300.jpg\" alt=\"\" width=\"106\" height=\"106\" srcset=\"https:\/\/www.radiopiu.net\/wordpress\/wp-content\/uploads\/2020\/10\/pp-300x300.jpg 300w, https:\/\/www.radiopiu.net\/wordpress\/wp-content\/uploads\/2020\/10\/pp-150x150.jpg 150w, https:\/\/www.radiopiu.net\/wordpress\/wp-content\/uploads\/2020\/10\/pp-125x125.jpg 125w, https:\/\/www.radiopiu.net\/wordpress\/wp-content\/uploads\/2020\/10\/pp-200x200.jpg 200w, https:\/\/www.radiopiu.net\/wordpress\/wp-content\/uploads\/2020\/10\/pp-80x80.jpg 80w, https:\/\/www.radiopiu.net\/wordpress\/wp-content\/uploads\/2020\/10\/pp-480x480.jpg 480w, https:\/\/www.radiopiu.net\/wordpress\/wp-content\/uploads\/2020\/10\/pp.jpg 640w\" sizes=\"auto, (max-width: 106px) 100vw, 106px\" \/><\/a><\/p>\n<\/div>\n<\/div>\n<\/div>\n<div>\n<div class=\"page-title-head hgroup\">\n<div class=\"page-title-head hgroup\">\n<div class=\"b654a4as d2edcug0\">\n<div class=\"j83agx80 btwxx1t3 lhclo0ds hop8lmos nkwizq5d scwd0bx6 roh60bw9\">\n<div class=\"rq0escxv hkbzh7o3 jwdofwj8 n8tt0mok r8blr3vg hyh9befq\">\n<div class=\"do00u71z l9j0dhe7 k4urcfbm\">\n<h2><span style=\"color: #000080;\">DON CESARE, IL PENSIERO DEL GIORNO. ALLA RADIO ALLE 7 DEL MATTINO E ALLE 19.30 DELLA SERA.\u00a0\u00a0<\/span><\/h2>\n<p>&nbsp;<\/p>\n<p>&nbsp;<\/p>\n<audio class=\"wp-audio-shortcode\" id=\"audio-238356-16\" preload=\"none\" style=\"width: 100%;\" controls=\"controls\"><source type=\"audio\/mpeg\" src=\"https:\/\/www.radiopiu.net\/wordpress\/wp-content\/uploads\/2021\/10\/cesare-7.mp3?_=16\" \/><a href=\"https:\/\/www.radiopiu.net\/wordpress\/wp-content\/uploads\/2021\/10\/cesare-7.mp3\">https:\/\/www.radiopiu.net\/wordpress\/wp-content\/uploads\/2021\/10\/cesare-7.mp3<\/a><\/audio>\n<p>&nbsp;<\/p>\n<p>&nbsp;<\/p>\n<hr \/>\n<p>&nbsp;<\/p>\n<p>&nbsp;<\/p>\n<div>\n<div>\n<h3 class=\"kvgmc6g5 cxmmr5t8 oygrvhab hcukyx3x c1et5uql\"><span style=\"color: #0000ff;\">INFORMAZIONE il canale su TELEGRAM informazione di prima mano e in tempo reale. iscriviti ed aiutaci a farlo conoscere\u00a0\u00a0<\/span><\/h3>\n<\/div>\n<div>\n<div class=\"page-title-head hgroup\">\n<div class=\"page-title-head hgroup\">\n<div class=\"page-title-head hgroup\">\n<div class=\"page-title-head hgroup\">\n<div class=\"b654a4as d2edcug0\">\n<div class=\"page-title-head hgroup\">\n<div class=\"page-title-head hgroup\">\n<div class=\"page-title-head hgroup\">\n<div class=\"page-title-head hgroup\">\n<div class=\"b654a4as d2edcug0\">\n<div>\n<p>&nbsp;<\/p>\n<\/div>\n<div>\n<div class=\"page-title-head hgroup\">\n<div class=\"page-title-head hgroup\">\n<div class=\"page-title-head hgroup\">\n<div class=\"page-title-head hgroup\">\n<div class=\"page-title-head hgroup\">\n<div class=\"b654a4as d2edcug0\">\n<div>\n<hr \/>\n<\/div>\n<\/div>\n<div>\n<div>\n<div>\n<p>&nbsp;<\/p>\n<\/div>\n<div>\n<div>\n<p>&nbsp;<\/p>\n<p><strong>\u00a0<\/strong><\/p>\n<p><strong>DUE MINUTI UN LIBRO, TUTTI I GIORNI ALLA RADIO ALLE 9.40 E ALLE 17.50<\/strong><\/p>\n<div>\n<div>\n<p><strong>LA RACCOLTA COMPLETA\u00a0\u00a0<\/strong><\/p>\n<\/div>\n<div>\n<blockquote class=\"wp-embedded-content\" data-secret=\"go7qJwxDT2\"><p><a href=\"https:\/\/www.radiopiu.net\/wordpress\/due-minuti-un-libro\/\">Due minuti un libro<\/a><\/p><\/blockquote>\n<p><iframe loading=\"lazy\" class=\"wp-embedded-content\" sandbox=\"allow-scripts\" security=\"restricted\" style=\"position: absolute; clip: rect(1px, 1px, 1px, 1px);\" title=\"&#8220;Due minuti un libro&#8221; &#8212; Radio Pi\u00f9\" src=\"https:\/\/www.radiopiu.net\/wordpress\/due-minuti-un-libro\/embed\/#?secret=go7qJwxDT2\" data-secret=\"go7qJwxDT2\" width=\"600\" height=\"338\" frameborder=\"0\" marginwidth=\"0\" marginheight=\"0\" scrolling=\"no\"><\/iframe><\/p>\n<p>&nbsp;<\/p>\n<\/div>\n<\/div>\n<\/div>\n<div class=\"mkdf-post-text\">\n<div class=\"mkdf-post-text-inner\">\n<div class=\"mkdf-post-text-main\">\n<div class=\"mkdf-post-text\">\n<div class=\"mkdf-post-text-inner\">\n<div class=\"mkdf-post-text-main\">\n<div class=\"mkdf-post-text\">\n<div class=\"mkdf-post-text-inner\">\n<div class=\"mkdf-post-text-main\">\n<div class=\"page-title-head hgroup\">\n<div class=\"page-title-head hgroup\">\n<div class=\"mkdf-post-text\">\n<div class=\"mkdf-post-text-inner\">\n<div class=\"mkdf-post-text-main\">\n<div class=\"mkdf-post-text\">\n<div class=\"mkdf-post-text-inner\">\n<div class=\"mkdf-post-text-main\">\n<div class=\"page-title-head hgroup\">\n<div class=\"page-title-head hgroup\">\n<div class=\"page-title-head hgroup\">\n<div class=\"page-title-head hgroup\">\n<div class=\"b654a4as d2edcug0\">\n<div class=\"page-title-head hgroup\">\n<div class=\"page-title-head hgroup\">\n<div class=\"page-title-head hgroup\">\n<div class=\"page-title-head hgroup\">\n<div class=\"b654a4as d2edcug0\">\n<div class=\"page-title-head hgroup\">\n<div class=\"page-title-head hgroup\">\n<div class=\"page-title-head hgroup\">\n<div class=\"page-title-head hgroup\">\n<div class=\"b654a4as d2edcug0\">\n<div>\n<p>&nbsp;<\/p>\n<p>&nbsp;<\/p>\n<\/div>\n<div>\n<hr \/>\n<p>&nbsp;<\/p>\n<\/div>\n<div>\n<div>\n<h2><span style=\"color: #808000;\">L&#8217;ALMANACCO LADINO\u00a0 <\/span><\/h2>\n<p><strong>LA RACCOLTA<\/strong><\/p>\n<blockquote class=\"wp-embedded-content\" data-secret=\"mNbm3FdjWO\"><p><a href=\"https:\/\/www.radiopiu.net\/wordpress\/almanacco-ladino\/\">Almanacco Ladino<\/a><\/p><\/blockquote>\n<p><iframe loading=\"lazy\" class=\"wp-embedded-content\" sandbox=\"allow-scripts\" security=\"restricted\" style=\"position: absolute; clip: rect(1px, 1px, 1px, 1px);\" title=\"&#8220;Almanacco Ladino&#8221; &#8212; Radio Pi\u00f9\" src=\"https:\/\/www.radiopiu.net\/wordpress\/almanacco-ladino\/embed\/#?secret=mNbm3FdjWO\" data-secret=\"mNbm3FdjWO\" width=\"600\" height=\"338\" frameborder=\"0\" marginwidth=\"0\" marginheight=\"0\" scrolling=\"no\"><\/iframe><\/p>\n<hr \/>\n<p>&nbsp;<\/p>\n<p><strong>IL SABATO ALLE 10.30 E ALLE 19. LA DOMENICA ALLE 12.30 LA RASSEGNA STAMPA DI GIANNI SANTOMASO<\/strong><\/p>\n<blockquote>\n<blockquote>\n<h3>LA RACCOLTA COMPLETA<\/h3>\n<\/blockquote>\n<\/blockquote>\n<p>&nbsp;<\/p>\n<blockquote class=\"wp-embedded-content\" data-secret=\"RLz4K8ABJh\"><p><a href=\"https:\/\/www.radiopiu.net\/wordpress\/rassegna-stampa-di-gianni-santomaso\/\">Rassegna stampa da l&#8217;amico del popolo &#8211; di Gianni Santomaso<\/a><\/p><\/blockquote>\n<p><iframe loading=\"lazy\" class=\"wp-embedded-content\" sandbox=\"allow-scripts\" security=\"restricted\" style=\"position: absolute; clip: rect(1px, 1px, 1px, 1px);\" title=\"&#8220;Rassegna stampa da l&#8217;amico del popolo &#8211; di Gianni Santomaso&#8221; &#8212; Radio Pi\u00f9\" src=\"https:\/\/www.radiopiu.net\/wordpress\/rassegna-stampa-di-gianni-santomaso\/embed\/#?secret=RLz4K8ABJh\" data-secret=\"RLz4K8ABJh\" width=\"600\" height=\"338\" frameborder=\"0\" marginwidth=\"0\" marginheight=\"0\" scrolling=\"no\"><\/iframe><\/p>\n<p>&nbsp;<\/p>\n<\/div>\n<\/div>\n<\/div>\n<\/div>\n<\/div>\n<\/div>\n<\/div>\n<\/div>\n<\/div>\n<\/div>\n<\/div>\n<\/div>\n<\/div>\n<\/div>\n<\/div>\n<\/div>\n<\/div>\n<\/div>\n<\/div>\n<\/div>\n<\/div>\n<\/div>\n<\/div>\n<\/div>\n<\/div>\n<\/div>\n<\/div>\n<\/div>\n<\/div>\n<\/div>\n<\/div>\n<\/div>\n<\/div>\n<\/div>\n<\/div>\n<\/div>\n<\/div>\n<div class=\"mkdf-post-text\">\n<div class=\"mkdf-post-text-inner\">\n<div class=\"mkdf-post-text-main\">\n<div class=\"mkdf-post-text\">\n<div class=\"mkdf-post-text-inner\">\n<div class=\"mkdf-post-text-main\">\n<div class=\"mkdf-post-text\">\n<div class=\"mkdf-post-text-inner\">\n<div class=\"mkdf-post-text-main\">\n<div class=\"page-title-head hgroup\">\n<div class=\"page-title-head hgroup\">\n<div class=\"mkdf-post-text\">\n<div class=\"mkdf-post-text-inner\">\n<div class=\"mkdf-post-text-main\">\n<div class=\"mkdf-post-text\">\n<div class=\"mkdf-post-text-inner\">\n<div class=\"mkdf-post-text-main\">\n<div class=\"page-title-head hgroup\">\n<div class=\"page-title-head hgroup\">\n<div class=\"page-title-head hgroup\">\n<div class=\"page-title-head hgroup\">\n<div class=\"b654a4as d2edcug0\">\n<div class=\"page-title-head hgroup\">\n<div class=\"page-title-head hgroup\">\n<div class=\"page-title-head hgroup\">\n<div class=\"page-title-head hgroup\">\n<div class=\"b654a4as d2edcug0\">\n<div class=\"page-title-head hgroup\">\n<div class=\"page-title-head hgroup\">\n<div class=\"page-title-head hgroup\">\n<div class=\"page-title-head hgroup\">\n<div class=\"b654a4as d2edcug0\">\n<div>\n<div>\n<blockquote>\n<blockquote>\n<h3><\/h3>\n<\/blockquote>\n<\/blockquote>\n<hr \/>\n<p>&nbsp;<\/p>\n<\/div>\n<h4><span style=\"color: #ff0000;\">MUSICA ALLA RADIO<\/span><\/h4>\n<div><a href=\"https:\/\/www.radiopiu.net\/wordpress\/giornale-radiopiu-20-settembre-2021-direttore-mirko-mezzacasa\/pp-79\/\" rel=\"attachment wp-att-232921\"><img loading=\"lazy\" decoding=\"async\" class=\"wp-image-232921 alignleft\" src=\"https:\/\/www.radiopiu.net\/wordpress\/wp-content\/uploads\/2021\/09\/pp-1-300x300.jpg\" alt=\"\" width=\"135\" height=\"135\" srcset=\"https:\/\/www.radiopiu.net\/wordpress\/wp-content\/uploads\/2021\/09\/pp-1-300x300.jpg 300w, https:\/\/www.radiopiu.net\/wordpress\/wp-content\/uploads\/2021\/09\/pp-1-150x150.jpg 150w, https:\/\/www.radiopiu.net\/wordpress\/wp-content\/uploads\/2021\/09\/pp-1.jpg 640w\" sizes=\"auto, (max-width: 135px) 100vw, 135px\" \/><\/a><\/div>\n<div><\/div>\n<div><\/div>\n<div>\n<p><strong>MUSICA ALLA RADIO, IL PROGRAMMA DI LORIS SCUSSEL &#8220;COLLAGE OPERAZIONE NOSTALGIA&#8221; DAL LUNEDI AL VENERDI ALLE 16.00\u00a0 E ALLE 23\u00a0<\/strong><\/p>\n<p>&nbsp;<\/p>\n<p><span style=\"color: #ff0000;\">PUNTATA NUMERO 460 DEL 22 OTTOBRE 2021\u00a0 \u00a0<\/span><\/p>\n<\/div>\n<audio class=\"wp-audio-shortcode\" id=\"audio-238356-17\" preload=\"none\" style=\"width: 100%;\" controls=\"controls\"><source type=\"audio\/mpeg\" src=\"https:\/\/www.radiopiu.net\/wordpress\/wp-content\/uploads\/2021\/10\/Collage-460.mp3?_=17\" \/><a href=\"https:\/\/www.radiopiu.net\/wordpress\/wp-content\/uploads\/2021\/10\/Collage-460.mp3\">https:\/\/www.radiopiu.net\/wordpress\/wp-content\/uploads\/2021\/10\/Collage-460.mp3<\/a><\/audio>\n<p>&nbsp;<\/p>\n<p>&nbsp;<\/p>\n<p>&nbsp;<\/p>\n<div>\n<hr \/>\n<p>&nbsp;<\/p>\n<p><a href=\"https:\/\/www.radiopiu.net\/wordpress\/giornale-radiopiu-26-settembre-2018-direttore-mirko-mezzacasa\/viabilita-2\/\" rel=\"attachment wp-att-61954\"><img loading=\"lazy\" decoding=\"async\" class=\"wp-image-61954 size-full aligncenter\" src=\"https:\/\/www.radiopiu.net\/wordpress\/wp-content\/uploads\/2018\/09\/viabilita.jpeg\" alt=\"\" width=\"800\" height=\"100\" srcset=\"https:\/\/www.radiopiu.net\/wordpress\/wp-content\/uploads\/2018\/09\/viabilita.jpeg 800w, https:\/\/www.radiopiu.net\/wordpress\/wp-content\/uploads\/2018\/09\/viabilita-300x38.jpeg 300w, https:\/\/www.radiopiu.net\/wordpress\/wp-content\/uploads\/2018\/09\/viabilita-768x96.jpeg 768w\" sizes=\"auto, (max-width: 800px) 100vw, 800px\" \/><\/a><\/p>\n<p>&nbsp;<\/p>\n<p>&nbsp;<\/p>\n<p><strong><a href=\"https:\/\/www.radiopiu.net\/wordpress\/veneto-strade-interdizione-al-traffico\/veneto-strade-2\/\" rel=\"attachment wp-att-135574\"><img loading=\"lazy\" decoding=\"async\" class=\"wp-image-135574 alignleft\" src=\"https:\/\/www.radiopiu.net\/wordpress\/wp-content\/uploads\/2020\/05\/VENETO-STRADE-300x300.png\" alt=\"\" width=\"100\" height=\"100\" srcset=\"https:\/\/www.radiopiu.net\/wordpress\/wp-content\/uploads\/2020\/05\/VENETO-STRADE-300x300.png 300w, https:\/\/www.radiopiu.net\/wordpress\/wp-content\/uploads\/2020\/05\/VENETO-STRADE-150x150.png 150w, https:\/\/www.radiopiu.net\/wordpress\/wp-content\/uploads\/2020\/05\/VENETO-STRADE.png 400w\" sizes=\"auto, (max-width: 100px) 100vw, 100px\" \/><\/a><\/strong><\/p>\n<p><strong>REGIONALE 48 DELLE DOLOMITI PASSO FALZAREGO<\/strong>\u00a0 fino\u00a0 al 26 novembre interruzioni della durata massima di 15 minuti in localit\u00e0 Pian di Falzarego <strong>REGIONALE 48 DOLOMITI<\/strong> dall&#8217;11 ottobre al 3 dicembre senso unico localit\u00e0 Andraz.<\/p>\n<p>&nbsp;<\/p>\n<\/div>\n<\/div>\n<div>\n<p>&nbsp;<\/p>\n<hr \/>\n<p>&nbsp;<\/p>\n<p>&nbsp;<\/p>\n<p>&nbsp;<\/p>\n<blockquote>\n<h3>SPECIALE DARWIN GARDEN, L&#8217;INTERVISTA A CLAUDIO FARENZENA<\/h3>\n<\/blockquote>\n<p><strong>di Mirko Mezzacasa\u00a0<\/strong><\/p>\n<p><iframe loading=\"lazy\" title=\"DARWIN GARDEN intervista a Claudio Farenzena\" width=\"1200\" height=\"675\" src=\"https:\/\/www.youtube.com\/embed\/jSqOsflDUf8?feature=oembed\" frameborder=\"0\" allow=\"accelerometer; autoplay; clipboard-write; encrypted-media; gyroscope; picture-in-picture\" allowfullscreen><\/iframe><\/p>\n<p>&nbsp;<\/p>\n<p>&nbsp;<\/p>\n<hr \/>\n<p>&nbsp;<\/p>\n<p>&nbsp;<\/p>\n<\/div>\n<\/div>\n<\/div>\n<\/div>\n<\/div>\n<\/div>\n<\/div>\n<\/div>\n<\/div>\n<\/div>\n<\/div>\n<\/div>\n<\/div>\n<\/div>\n<\/div>\n<\/div>\n<\/div>\n<\/div>\n<\/div>\n<\/div>\n<\/div>\n<\/div>\n<\/div>\n<\/div>\n<\/div>\n<\/div>\n<\/div>\n<\/div>\n<\/div>\n<\/div>\n<\/div>\n<\/div>\n<\/div>\n<\/div>\n<\/div>\n<\/div>\n<\/div>\n<\/div>\n<\/div>\n<\/div>\n<\/div>\n<\/div>\n<\/div>\n<\/div>\n<\/div>\n<\/div>\n<\/div>\n<\/div>\n<\/div>\n<\/div>\n<\/div>\n<div>\n<div class=\"page-title-head hgroup\">\n<div class=\"page-title-head hgroup\">\n<div class=\"page-title-head hgroup\">\n<div class=\"page-title-head hgroup\">\n<div class=\"b654a4as d2edcug0\">\n<div class=\"page-title-head hgroup\">\n<div class=\"page-title-head hgroup\">\n<div class=\"page-title-head hgroup\">\n<div class=\"page-title-head hgroup\">\n<div class=\"b654a4as d2edcug0\">\n<div class=\"page-title-head hgroup\">\n<div class=\"page-title-head hgroup\">\n<div class=\"page-title-head hgroup\">\n<div class=\"page-title-head hgroup\">\n<div class=\"page-title-head hgroup\">\n<div class=\"mkdf-post-text\">\n<div class=\"mkdf-post-text-inner\">\n<div class=\"mkdf-post-text-main\">\n<div class=\"mkdf-post-text\">\n<div class=\"mkdf-post-text-inner\">\n<div class=\"mkdf-post-text-main\">\n<div class=\"mkdf-post-text\">\n<div class=\"mkdf-post-text-inner\">\n<div class=\"mkdf-post-text-main\">\n<div class=\"page-title-head hgroup\">\n<div class=\"page-title-head hgroup\">\n<div class=\"mkdf-post-text\">\n<div class=\"mkdf-post-text-inner\">\n<div class=\"mkdf-post-text-main\">\n<div class=\"mkdf-post-text\">\n<div class=\"mkdf-post-text-inner\">\n<div class=\"mkdf-post-text-main\">\n<div>\n<div class=\"page-title-head hgroup\">\n<div class=\"page-title-head hgroup\">\n<div>\n<div class=\"page-title-head hgroup\">\n<div class=\"page-title-head hgroup\">\n<div class=\"b654a4as d2edcug0\">\n<div>\n<div class=\"page-title-head hgroup\" style=\"text-align: left;\">\n<div class=\"page-title-head hgroup\">\n<div dir=\"auto\">\n<p><a class=\"dt-pswp-item pspw-wrap-ready\" href=\"https:\/\/i0.wp.com\/www.radiopiu.net\/wordpress\/wp-content\/uploads\/2018\/09\/WhatsApp-Image-2018-09-20-at-16.04.06.jpeg?ssl=1\" data-dt-img-description=\"\" data-large_image_width=\"800\" data-large_image_height=\"100\"><img loading=\"lazy\" decoding=\"async\" class=\"aligncenter wp-image-61378 size-full jetpack-lazy-image jetpack-lazy-image--handled\" src=\"https:\/\/i0.wp.com\/www.radiopiu.net\/wordpress\/wp-content\/uploads\/2018\/09\/WhatsApp-Image-2018-09-20-at-16.04.06.jpeg?resize=800%2C100&amp;ssl=1\" sizes=\"auto, (max-width: 800px) 100vw, 800px\" srcset=\"https:\/\/i0.wp.com\/www.radiopiu.net\/wordpress\/wp-content\/uploads\/2018\/09\/WhatsApp-Image-2018-09-20-at-16.04.06.jpeg?w=800&amp;ssl=1 800w, https:\/\/i0.wp.com\/www.radiopiu.net\/wordpress\/wp-content\/uploads\/2018\/09\/WhatsApp-Image-2018-09-20-at-16.04.06.jpeg?resize=300%2C38&amp;ssl=1 300w, https:\/\/i0.wp.com\/www.radiopiu.net\/wordpress\/wp-content\/uploads\/2018\/09\/WhatsApp-Image-2018-09-20-at-16.04.06.jpeg?resize=768%2C96&amp;ssl=1 768w\" alt=\"\" width=\"800\" height=\"100\" data-lazy-loaded=\"1\" \/><\/a><\/p>\n<\/div>\n<\/div>\n<\/div>\n<\/div>\n<\/div>\n<\/div>\n<\/div>\n<\/div>\n<\/div>\n<\/div>\n<\/div>\n<\/div>\n<\/div>\n<\/div>\n<\/div>\n<\/div>\n<\/div>\n<\/div>\n<\/div>\n<\/div>\n<\/div>\n<\/div>\n<\/div>\n<\/div>\n<\/div>\n<\/div>\n<\/div>\n<\/div>\n<\/div>\n<\/div>\n<\/div>\n<\/div>\n<\/div>\n<\/div>\n<\/div>\n<\/div>\n<\/div>\n<\/div>\n<\/div>\n<\/div>\n<\/div>\n<\/div>\n<\/div>\n<\/div>\n<p>&nbsp;<\/p>\n<\/div>\n<\/div>\n<\/div>\n<\/div>\n<\/div>\n<\/div>\n<\/div>\n<\/div>\n<\/div>\n<\/div>\n<p>&nbsp;<\/p>\n<p><center><b>Sabato 23<\/b><\/center><b>Tempo atteso: <\/b>Bel tempo autunnale con sole, cielo sereno, aria tersa e ottima visibilit\u00e0 in montagna. Maggiore insidia nubi basse su alcuni settori prealpini nelle ore pi\u00f9 fredde, in parziale diradamento, lasciando spazio al sole, prima del riformarsi delle stesse in serata. Contesto termico tipico delle belle giornate autunnale con freddo notturno e mitezza diurna, diversamente andr\u00e0 nei settori interessati da nubi basse con notti meno fresche e assenza di mitezza diurna.<br \/>\n<b>Precipitazioni: <\/b>Assenti (0%).<br \/>\n<b>Temperature: <\/b>Minime in generale calo con ritorno delle gelate fino sugli 800\/1000 m; massime in diminuzione in quota e senza notevoli variazioni nelle valli nelle valli assolate. Invece l&#8217;andamento termico sar\u00e0 pi\u00f9 incerto nei settori prealpini interessati da nubi basse. Sono previste punte di 11\/15\u00b0C nei fondovalle prealpini e di 9\/13\u00b0C a 1000-1200 m. Su Prealpi a 1500 m min 3\u00b0C max 8\u00b0C, a 2000 m min 0\u00b0C max 5\u00b0C. Su Dolomiti a 2000 m min -1\u00b0C max 5\u00b0C, a 3000 m min -6\u00b0C max -2\u00b0C.<br \/>\n<b>Venti: <\/b>Nelle valli perlopi\u00f9 deboli per brezze, localmente e a tratti moderati nei settori solitamente pi\u00f9 ventilati; in quota deboli\/moderati da nord-ovest, a 5-10 km\/h a 2000 m e 15-25 km\/h a 3000 m.<\/p>\n<hr \/>\n<p><center><b>Domenica 24<\/b><\/center><b>Tempo atteso: <\/b>Bel tempo autunnale con sole e cielo sereno, aria tersa e ottima visibilit\u00e0 sulle Dolomiti. L&#8217;insidia nubi basse sar\u00e0 minore o assente sulle Prealpi, ma in Valbelluna alcuni banchi di nebbia potrebbero ritardare la comparsa del sole nelle prime ore del giorno. Condizioni termiche simili a sabato con forte contrasto termico tra notte e giorno e accentuazione dell&#8217;escursione termica giornaliera nelle valli.<br \/>\n<b>Precipitazioni: <\/b>Assenti (0%).<br \/>\n<b>Temperature: <\/b>In generale rialzo in quota, mentre nelle valli le minime saranno in ulteriore lieve flessione con diffuse brinate o gelate, localmente anche in Valbelluna, e le massime risulteranno pressoch\u00e9 stazionarie rispetto a sabato. Su Prealpi a 1500 m min 4\u00b0C max 9\u00b0C, a 2000 m min 1\u00b0C max 6\u00b0C. Su Dolomiti a 2000 m min 1\u00b0C max 7\u00b0C, a 3000 m min -1\u00b0C max 2\u00b0C.<br \/>\n<b>Venti: <\/b>Nelle valli perlopi\u00f9 deboli a regime di brezza, localmente e a tratti moderati nei settori pi\u00f9 ventilati; in quota deboli da sud sud-est, a 5-10 km\/h a 2000 m e 5-15 km\/h a 3000 m.<\/p>\n<hr \/>\n<p><center><b>Lunedi 25<\/b><\/center>Bel tempo autunnale con sole, cielo sereno o poco nuvoloso per velature del cielo, aria nitida e ottima visibilit\u00e0, senza escludere qualche nebbia notturna in alcune conche prealpine, in rapido dissolvimento dopo il sorgere del sole. Alla sera arrivo di nubi alte. Temperature minime senza notevoli variazioni; massime stazionarie nelle valli e in leggera flessione in alta quota. Nelle valli venti perlopi\u00f9 deboli per brezze, localmente e a tratti moderati nei settori solitamente pi\u00f9 ventilati; in quota deboli\/moderati sud-orientali, anche tesi sulle cime dolomitiche pi\u00f9 alte.<\/p>\n<hr \/>\n<p><center><b>Martedi 26<\/b><\/center>Eventuali velature del cielo durante la notte, poi il sole torner\u00e0 a predominare con eventuali innocue e modeste nuvole pomeridiane a ridosso dei rilievi. Temperature in generale lieve flessione eccetto aumento delle minime nelle valli. Venti perlopi\u00f9 deboli per brezze nelle valli, localmente e a tratti moderati nei settori solitamente pi\u00f9 ventilati; in quota deboli\/moderati da nord-est. Previsore: R.L.Th.<\/p>\n<hr \/>\n<p>&nbsp;<\/p>\n<div class=\"mkdf-post-text\">\n<div class=\"mkdf-post-text-inner\">\n<p><a href=\"https:\/\/www.radiopiu.net\/wordpress\/giornale-radiopiu-15-settembre-2018-direttore-mirko-mezzacasa\/sport-7\/\" rel=\"attachment wp-att-60761\"><img loading=\"lazy\" decoding=\"async\" class=\"wp-image-60761 size-full aligncenter\" src=\"https:\/\/www.radiopiu.net\/wordpress\/wp-content\/uploads\/2018\/09\/sport.jpg\" alt=\"\" width=\"800\" height=\"100\" srcset=\"https:\/\/www.radiopiu.net\/wordpress\/wp-content\/uploads\/2018\/09\/sport.jpg 800w, https:\/\/www.radiopiu.net\/wordpress\/wp-content\/uploads\/2018\/09\/sport-300x38.jpg 300w, https:\/\/www.radiopiu.net\/wordpress\/wp-content\/uploads\/2018\/09\/sport-768x96.jpg 768w\" sizes=\"auto, (max-width: 800px) 100vw, 800px\" \/><\/a><\/p>\n<\/div>\n<\/div>\n<p>&nbsp;<\/p>\n<blockquote>\n<h3>AGORDINA E KERALPEN IN CAMPO NEL FINE SETTIMANA<\/h3>\n<\/blockquote>\n<p><strong><a href=\"https:\/\/www.radiopiu.net\/wordpress\/calcio-pareggio-per-lagordina-e-sconfitta-per-il-fiori-barp-mas\/calcio-vintage\/\" rel=\"attachment wp-att-69635\"><img loading=\"lazy\" decoding=\"async\" class=\"size-medium wp-image-69635 alignleft\" src=\"https:\/\/www.radiopiu.net\/wordpress\/wp-content\/uploads\/2018\/12\/CALCIO-VINTAGE-300x188.jpg\" alt=\"\" width=\"300\" height=\"188\" srcset=\"https:\/\/www.radiopiu.net\/wordpress\/wp-content\/uploads\/2018\/12\/CALCIO-VINTAGE-300x188.jpg 300w, https:\/\/www.radiopiu.net\/wordpress\/wp-content\/uploads\/2018\/12\/CALCIO-VINTAGE-768x480.jpg 768w, https:\/\/www.radiopiu.net\/wordpress\/wp-content\/uploads\/2018\/12\/CALCIO-VINTAGE.jpg 800w\" sizes=\"auto, (max-width: 300px) 100vw, 300px\" \/><\/a>AGORDO <\/strong>Continuano i campionati di calcio FIGC dove militano Agordina e Keralpen. La squadra di Agordo partecipa anche con il settore giovanile che sar\u00e0 impegnato in tre categorie. I Giovanissimi Proviciali allenati da De Bastiani scenderanno in campo luned\u00ec sera all\u2019Ivano Dorigo per affrontare il Valbelluna alle 19. Oggi alle 15:30 la Juniores Regionale di Fontanive giocher\u00e0 in casa contro il San Vendemmiano. Domani sar\u00e0 il turno degli Allievi Regionali dell\u2019Agordina che sempre ad Agordo giocher\u00e0 contro il Lovispresiano alle 10:30. La prima squadra allenata da Marco Lorenzi giocher\u00e0 domani alle 15:30 la sesta giornata della Seconda Categoria Girone T del Veneto. I ragazzi di Agordo, dopo due vittorie consecutive, scenderanno a Vittorio Veneto per scontrarsi con l\u2019Itlas Santa Giustina Serravalle. Sulla carta gli agordini sono favoriti. Le ragazze del Keralpen, dopo le 3 sconfitte di inizio stagione, domani sempre alle 15:30 giocher\u00e0 a Gron di Sospirolo contro il Vittorio Veneto. Domani l\u2019appuntamento con il calcio in diretta sulle frequenze di Radio Pi\u00f9 con \u201cDomenica Pi\u00f9 Sport\u201d per seguire in diretta le partite di Agordina e Keralpen.<\/p>\n<p>&nbsp;<\/p>\n<p>&nbsp;<\/p>\n<hr \/>\n<p>&nbsp;<\/p>\n<blockquote>\n<h2>ANDREA FONTANA AL VIA LA STAGIONE CON LA TESLA<\/h2>\n<\/blockquote>\n<blockquote>\n<h3><a href=\"https:\/\/www.radiopiu.net\/wordpress\/giornale-radiopiu-15-marzo-2019-direttore-mirko-mezzacasa\/andreafontana\/\" rel=\"attachment wp-att-79158\"><img loading=\"lazy\" decoding=\"async\" class=\"wp-image-79158 alignleft\" src=\"https:\/\/www.radiopiu.net\/wordpress\/wp-content\/uploads\/2019\/03\/AndreaFontana-300x300.jpg\" alt=\"\" width=\"137\" height=\"137\" srcset=\"https:\/\/www.radiopiu.net\/wordpress\/wp-content\/uploads\/2019\/03\/AndreaFontana-300x300.jpg 300w, https:\/\/www.radiopiu.net\/wordpress\/wp-content\/uploads\/2019\/03\/AndreaFontana-150x150.jpg 150w, https:\/\/www.radiopiu.net\/wordpress\/wp-content\/uploads\/2019\/03\/AndreaFontana-768x767.jpg 768w, https:\/\/www.radiopiu.net\/wordpress\/wp-content\/uploads\/2019\/03\/AndreaFontana.jpg 960w\" sizes=\"auto, (max-width: 137px) 100vw, 137px\" \/><\/a><span style=\"color: #ff0000;\"><strong>IERI ALLA RADIO<\/strong><\/span><\/h3>\n<p><strong>OSPITE Il pilota di Ponte nelle Alpi Andrea Fontana\u00a0<\/strong><\/p>\n<p><strong>di Claudio Fontanive\u00a0<\/strong><\/p><\/blockquote>\n<audio class=\"wp-audio-shortcode\" id=\"audio-238356-18\" preload=\"none\" style=\"width: 100%;\" controls=\"controls\"><source type=\"audio\/mpeg\" src=\"https:\/\/www.radiopiu.net\/wordpress\/wp-content\/uploads\/2021\/10\/andrea-fontna-22-ottobre.mp3?_=18\" \/><a href=\"https:\/\/www.radiopiu.net\/wordpress\/wp-content\/uploads\/2021\/10\/andrea-fontna-22-ottobre.mp3\">https:\/\/www.radiopiu.net\/wordpress\/wp-content\/uploads\/2021\/10\/andrea-fontna-22-ottobre.mp3<\/a><\/audio>\n<p>&nbsp;<\/p>\n\n\t\t\t<style type='text\/css'>\n\t\t\t\t#gallery-6 {\n\t\t\t\t\tmargin: auto;\n\t\t\t\t}\n\t\t\t\t#gallery-6 .gallery-item {\n\t\t\t\t\tfloat: left;\n\t\t\t\t\tmargin-top: 10px;\n\t\t\t\t\ttext-align: center;\n\t\t\t\t\twidth: 25%;\n\t\t\t\t}\n\t\t\t\t#gallery-6 img {\n\t\t\t\t\tborder: 2px solid #cfcfcf;\n\t\t\t\t}\n\t\t\t\t#gallery-6 .gallery-caption {\n\t\t\t\t\tmargin-left: 0;\n\t\t\t\t}\n\t\t\t\t\/* see gallery_shortcode() in wp-includes\/media.php *\/\n\t\t\t<\/style>\n\t\t<div id='gallery-6' class='dt-gallery-container gallery galleryid-238356 gallery-columns-4 gallery-size-thumbnail'><dl class='gallery-item'>\n\t\t\t\t<dt class='gallery-icon landscape'>\n\t\t\t\t\t<a class=\"rollover rollover-zoom dt-pswp-item\" title=\"01068c0c-98a6-40c5-b9a7-b1044448b679\" data-dt-img-description=\"\" data-large_image_width=\"2048\" data-large_image_height=\"1364\"href='https:\/\/www.radiopiu.net\/wordpress\/wp-content\/uploads\/2021\/10\/01068c0c-98a6-40c5-b9a7-b1044448b679.jpg'><img loading=\"lazy\" decoding=\"async\" width=\"150\" height=\"150\" src=\"https:\/\/www.radiopiu.net\/wordpress\/wp-content\/uploads\/2021\/10\/01068c0c-98a6-40c5-b9a7-b1044448b679-150x150.jpg\" class=\"attachment-thumbnail size-thumbnail\" alt=\"\" \/><\/a>\n\t\t\t\t<\/dt><\/dl><dl class='gallery-item'>\n\t\t\t\t<dt class='gallery-icon landscape'>\n\t\t\t\t\t<a class=\"rollover rollover-zoom dt-pswp-item\" title=\"50031925-f004-4d66-b812-653b9f3dbe5a\" data-dt-img-description=\"\" data-large_image_width=\"2048\" data-large_image_height=\"1366\"href='https:\/\/www.radiopiu.net\/wordpress\/wp-content\/uploads\/2021\/10\/50031925-f004-4d66-b812-653b9f3dbe5a.jpg'><img loading=\"lazy\" decoding=\"async\" width=\"150\" height=\"150\" src=\"https:\/\/www.radiopiu.net\/wordpress\/wp-content\/uploads\/2021\/10\/50031925-f004-4d66-b812-653b9f3dbe5a-150x150.jpg\" class=\"attachment-thumbnail size-thumbnail\" alt=\"\" \/><\/a>\n\t\t\t\t<\/dt><\/dl><dl class='gallery-item'>\n\t\t\t\t<dt class='gallery-icon landscape'>\n\t\t\t\t\t<a class=\"rollover rollover-zoom dt-pswp-item\" title=\"ee439aab-a959-4c24-860a-5a5860b04e8b\" data-dt-img-description=\"\" data-large_image_width=\"2048\" data-large_image_height=\"1364\"href='https:\/\/www.radiopiu.net\/wordpress\/wp-content\/uploads\/2021\/10\/ee439aab-a959-4c24-860a-5a5860b04e8b.jpg'><img loading=\"lazy\" decoding=\"async\" width=\"150\" height=\"150\" src=\"https:\/\/www.radiopiu.net\/wordpress\/wp-content\/uploads\/2021\/10\/ee439aab-a959-4c24-860a-5a5860b04e8b-150x150.jpg\" class=\"attachment-thumbnail size-thumbnail\" alt=\"\" \/><\/a>\n\t\t\t\t<\/dt><\/dl><dl class='gallery-item'>\n\t\t\t\t<dt class='gallery-icon landscape'>\n\t\t\t\t\t<a class=\"rollover rollover-zoom dt-pswp-item\" title=\"eca51b6c-d61f-4949-93fc-b94401131d9c\" data-dt-img-description=\"\" data-large_image_width=\"2048\" data-large_image_height=\"1366\"href='https:\/\/www.radiopiu.net\/wordpress\/wp-content\/uploads\/2021\/10\/eca51b6c-d61f-4949-93fc-b94401131d9c.jpg'><img loading=\"lazy\" decoding=\"async\" width=\"150\" height=\"150\" src=\"https:\/\/www.radiopiu.net\/wordpress\/wp-content\/uploads\/2021\/10\/eca51b6c-d61f-4949-93fc-b94401131d9c-150x150.jpg\" class=\"attachment-thumbnail size-thumbnail\" alt=\"\" \/><\/a>\n\t\t\t\t<\/dt><\/dl><br style=\"clear: both\" \/>\n\t\t\t<\/div>\n\n<p>&nbsp;<\/p>\n<p>&nbsp;<\/p>\n<hr \/>\n<p>&nbsp;<\/p>\n<p>&nbsp;<\/p>\n<blockquote>\n<h3>IHL: AD ALLEGHE ARRIVANO I LUCCI DI CALDARO<\/h3>\n<\/blockquote>\n<p><strong><a href=\"https:\/\/www.radiopiu.net\/wordpress\/il-merano-vince-gara-1-dei-quarti-di-finale-ma-lalleghe-torna-a-casa-a-testa-alta\/hockey-2744905_1920\/\" rel=\"attachment wp-att-197447\"><img loading=\"lazy\" decoding=\"async\" class=\"size-medium wp-image-197447 alignleft\" src=\"https:\/\/www.radiopiu.net\/wordpress\/wp-content\/uploads\/2021\/03\/hockey-2744905_1920-300x200.jpg\" alt=\"\" width=\"300\" height=\"200\" srcset=\"https:\/\/www.radiopiu.net\/wordpress\/wp-content\/uploads\/2021\/03\/hockey-2744905_1920-300x200.jpg 300w, https:\/\/www.radiopiu.net\/wordpress\/wp-content\/uploads\/2021\/03\/hockey-2744905_1920-1024x682.jpg 1024w, https:\/\/www.radiopiu.net\/wordpress\/wp-content\/uploads\/2021\/03\/hockey-2744905_1920-768x512.jpg 768w, https:\/\/www.radiopiu.net\/wordpress\/wp-content\/uploads\/2021\/03\/hockey-2744905_1920-1536x1023.jpg 1536w, https:\/\/www.radiopiu.net\/wordpress\/wp-content\/uploads\/2021\/03\/hockey-2744905_1920.jpg 1920w\" sizes=\"auto, (max-width: 300px) 100vw, 300px\" \/><\/a>ALLEGHE<\/strong> Sesta giornata del campionato di Italian Hockey League. Sabato 23 ottobre alle ore 19:30 le Civette ospitano il Caldaro. <strong>ALLEGHE<\/strong>: le Civette sono tornate dalla trasferta lombarda con i tre punti in tasca, dopo la convincente vittoria 3-1 sul Varese. I biancorossi, al Pala Agor\u00e0, hanno messo in mostra buona tenuta fisica, una difesa attenta e un attacco cinico, evidenziando un grande spirito di squadra. Marcatori della serata lo svedese Berger (al suo secondo centro stagionale) e gli agordini De Toni e Testori, questi ultimi a sfruttare egregiamente altrettanti power play. Contro il Caldaro, sabato sera ad Alleghe, alle Civette servir\u00e0 un&#8217;altra prestazione di rilievo, per proseguire la serie positiva iniziata contro il Valdifiemme e continuata con il Varese che ha permesso ai ragazzi di coach Fontana di risalire la classifica, che in caso di ulteriore risultato positivo potrebbe farsi interessante. In casa Alleghe non saranno ancora a disposizione sia Thomas De Silvestro che Marco Lorenzini. <strong>CALDARO<\/strong>: la squadra della bassa atesina si presenta ad Alleghe da capolista in coabitazione con Valdifiemme ed Unterland. Nell&#8217;ultima gara disputata ha dovuto cedere il passo 2-3 all&#8217;Unterland, ma solo all&#8217;overtime, dopo che i tempi regolamentari erano terminati 2-2 con doppietta per i padroni di casa del finlandese Virtala, tra i giocatori pi\u00f9 pericolosi nelle file del Caldaro assieme a Felderer e De Don\u00e0. I Lucci sono l&#8217;unica squadra a non aver mai perso nei sessanta minuti regolamentari, facendo registrare 3 vittorie, una sconfitta agli shootout contro il Valdifiemme e una all&#8217;overtime contro all&#8217;Unterland, dimostrandosi cos\u00ec una delle squadre pi\u00f9 solide e temibili del torneo. Degno di nota il goalie bolzanino Alex Andergassen, estremo difensore del Caldaro, che con il 95% di parate si sta dimostrato uno dei migliori nel ruolo. <strong>STATISTICHE<\/strong> Alleghe vs Caldaro: dalla stagione 2015\/2016, da quando Alleghe e Caldaro si affrontano nel campionato di serie B di hockey su ghiaccio (IHL), le Civette hanno incrociato le stecche con i Lucci 14 volte. Il bilancio generale \u00e8 a favore degli ospiti con 10 successi contro 4 Alleghesi. Se prendiamo in considerazione le sole gare disputate al \u201cDe Toni\u201d di Alleghe, nelle sette sfide giocate, 1 sola vittoria biancorossa contro 6 successi degli avversari. La passata stagione, in riva al lago, si \u00e8 imposto il Caldaro 2-1 all&#8217;overtime. L&#8217;unica vittoria casalinga delle Civette sui Lucci \u00e8 il 3-2 dell&#8217;ottobre 2018. Conteggiando le reti totali tra le due squadre l\u2019Alleghe ha segnato 33 marcature contro 55 del Caldaro. <strong>Alleghe Hockey &#8211; SV Kaltern Caldaro <\/strong>Sabato 23 ottobre ore 19:30 \u2013 Stadio \u201cAlvise De Toni\u201d di Alleghe (BL) Arbitri: Luca Cassol e Luca Zatta con giudici di linea Cristiano Biacoli e Fabrizio de Toni PARTITA APERTA AL PUBBLICO Come da disposizioni governative ingresso con GREEN PASS Collegamenti in DIRETTA RADIOFONICA su Radio Pi\u00f9 (www.radiopiu.net) con \u201cHockey al punto giusto\u201d in studio Marco Gaz e dal &#8220;De Toni&#8221; interventi di Federico Paganin<\/p>\n<p>&nbsp;<\/p>\n<p>&nbsp;<\/p>\n<p>&nbsp;<\/p>\n<hr \/>\n<p>&nbsp;<\/p>\n<blockquote>\n<h3>AD ORVIETO LA FINALE NAZIONALE DEL TROFEO ITALIANO VELOCITA&#8217; MONTAGNA. CI SARA&#8217; ANCHE DENIS MEZZACASA<\/h3>\n<\/blockquote>\n<p><strong><a href=\"https:\/\/www.radiopiu.net\/wordpress\/ad-orvieto-la-finale-nazionale-del-trofeo-italiano-velocita-montagna-ci-sara-anche-denis-mezzacasa\/denismezzacasa-4\/\" rel=\"attachment wp-att-238533\"><img loading=\"lazy\" decoding=\"async\" class=\"size-medium wp-image-238533 alignleft\" src=\"https:\/\/www.radiopiu.net\/wordpress\/wp-content\/uploads\/2021\/10\/DenisMezzacasa-300x169.jpg\" alt=\"\" width=\"300\" height=\"169\" srcset=\"https:\/\/www.radiopiu.net\/wordpress\/wp-content\/uploads\/2021\/10\/DenisMezzacasa-300x169.jpg 300w, https:\/\/www.radiopiu.net\/wordpress\/wp-content\/uploads\/2021\/10\/DenisMezzacasa-1024x576.jpg 1024w, https:\/\/www.radiopiu.net\/wordpress\/wp-content\/uploads\/2021\/10\/DenisMezzacasa-768x432.jpg 768w, https:\/\/www.radiopiu.net\/wordpress\/wp-content\/uploads\/2021\/10\/DenisMezzacasa-1536x864.jpg 1536w, https:\/\/www.radiopiu.net\/wordpress\/wp-content\/uploads\/2021\/10\/DenisMezzacasa.jpg 2048w\" sizes=\"auto, (max-width: 300px) 100vw, 300px\" \/><\/a>BELLUNO<\/strong><\/p>\n<p>di Roberto Bona<\/p>\n<audio class=\"wp-audio-shortcode\" id=\"audio-238356-19\" preload=\"none\" style=\"width: 100%;\" controls=\"controls\"><source type=\"audio\/mpeg\" src=\"https:\/\/www.radiopiu.net\/wordpress\/wp-content\/uploads\/2021\/10\/bona-motori.mp3?_=19\" \/><a href=\"https:\/\/www.radiopiu.net\/wordpress\/wp-content\/uploads\/2021\/10\/bona-motori.mp3\">https:\/\/www.radiopiu.net\/wordpress\/wp-content\/uploads\/2021\/10\/bona-motori.mp3<\/a><\/audio>\n<p>&nbsp;<\/p>\n<hr \/>\n<p>&nbsp;<\/p>\n<blockquote>\n<h2>LUPE IN CRESCITA, VINTI 3 SET SU 4 NEL TURNO INFRASETTIMANALE<\/h2>\n<\/blockquote>\n<p><strong><a href=\"https:\/\/www.radiopiu.net\/wordpress\/giornale-radiopiu-23-ottobre-2021-direttore-mirko-mezzacasa\/test_a_sedico\/\" rel=\"attachment wp-att-238452\"><img loading=\"lazy\" decoding=\"async\" class=\"alignnone wp-image-238452 size-large\" src=\"https:\/\/www.radiopiu.net\/wordpress\/wp-content\/uploads\/2021\/10\/Test_a_Sedico-1024x512.jpg\" alt=\"\" width=\"1024\" height=\"512\" srcset=\"https:\/\/www.radiopiu.net\/wordpress\/wp-content\/uploads\/2021\/10\/Test_a_Sedico-1024x512.jpg 1024w, https:\/\/www.radiopiu.net\/wordpress\/wp-content\/uploads\/2021\/10\/Test_a_Sedico-300x150.jpg 300w, https:\/\/www.radiopiu.net\/wordpress\/wp-content\/uploads\/2021\/10\/Test_a_Sedico-768x384.jpg 768w, https:\/\/www.radiopiu.net\/wordpress\/wp-content\/uploads\/2021\/10\/Test_a_Sedico.jpg 1083w\" sizes=\"auto, (max-width: 1024px) 100vw, 1024px\" \/><\/a> BELLUNO <\/strong>La Pallavolo Belluno femminile esce con tante certezze in pi\u00f9 dall\u2019allenamento congiunto di gioved\u00ec scorso, a\u00a0Sedico: al cospetto del Giesse &#8211; ambizioso sestetto di serie C &#8211; il gruppo di coach Dario Pavei conquista tre parziali sui quattro disputati. E registra ulteriori progressi sotto il profilo del gioco e della continuit\u00e0: <em>\u00abMolto bene &#8211; afferma il tecnico bellunese &#8211; le ragazze sono state ordinate, precise e hanno messo in pratica quanto preparato in palestra\u00bb.\u00a0 <\/em>Vinti i primi due set con i parziali di 25-21 e 25-22, le lupe hanno poi perso il terzo round (25-22), salvo poi riprendersi nel finale con la conquista del quarto e ultimo atto (25-19). Da evidenziare pure il rientro di Miriana Casagrande, dopo i problemi fisici: la giovane schiacciatrice \u00e8 prontissima a offrire il suo contributo. Va ricordato che, in questo weekend, le lupe osserveranno un turno di riposo nel campionato femminile di B2. E torneranno sotto rete sabato 30, a Chions.<\/p>\n<\/div>\n<\/div>\n<\/div>\n<\/div>\n","protected":false},"excerpt":{"rendered":"<p>&nbsp; INFORMAZIONE il canale su TELEGRAM informazione di prima mano e in tempo reale. iscriviti ed aiutaci a farlo conoscere\u00a0 \u00a0 &nbsp; STRADA DEL DURAN, OLTRE UN MESE DI DISAGI PROVINCIALE 347 PASSO DURAN interdizione totale dalle 8 alle 12 e dalle 13.30 alle 17.30 esclusi sabati e domeniche, fino ale 04 dicembre, nelle altre&hellip;<\/p>\n","protected":false},"author":4,"featured_media":238557,"comment_status":"closed","ping_status":"open","sticky":false,"template":"","format":"standard","meta":{"_monsterinsights_skip_tracking":false,"_monsterinsights_sitenote_active":false,"_monsterinsights_sitenote_note":"","_monsterinsights_sitenote_category":0,"footnotes":""},"categories":[51,86,49],"tags":[],"class_list":["post-238356","post","type-post","status-publish","format-standard","has-post-thumbnail","hentry","category-evidenza-top","category-gr","category-news-18","category-51","category-86","category-49","description-off"],"img_url":"https:\/\/www.radiopiu.net\/wordpress\/wp-content\/uploads\/2021\/10\/salt_20211022_181534_590.jpg","_links":{"self":[{"href":"https:\/\/www.radiopiu.net\/wordpress\/wp-json\/wp\/v2\/posts\/238356","targetHints":{"allow":["GET"]}}],"collection":[{"href":"https:\/\/www.radiopiu.net\/wordpress\/wp-json\/wp\/v2\/posts"}],"about":[{"href":"https:\/\/www.radiopiu.net\/wordpress\/wp-json\/wp\/v2\/types\/post"}],"author":[{"embeddable":true,"href":"https:\/\/www.radiopiu.net\/wordpress\/wp-json\/wp\/v2\/users\/4"}],"replies":[{"embeddable":true,"href":"https:\/\/www.radiopiu.net\/wordpress\/wp-json\/wp\/v2\/comments?post=238356"}],"version-history":[{"count":0,"href":"https:\/\/www.radiopiu.net\/wordpress\/wp-json\/wp\/v2\/posts\/238356\/revisions"}],"wp:featuredmedia":[{"embeddable":true,"href":"https:\/\/www.radiopiu.net\/wordpress\/wp-json\/wp\/v2\/media\/238557"}],"wp:attachment":[{"href":"https:\/\/www.radiopiu.net\/wordpress\/wp-json\/wp\/v2\/media?parent=238356"}],"wp:term":[{"taxonomy":"category","embeddable":true,"href":"https:\/\/www.radiopiu.net\/wordpress\/wp-json\/wp\/v2\/categories?post=238356"},{"taxonomy":"post_tag","embeddable":true,"href":"https:\/\/www.radiopiu.net\/wordpress\/wp-json\/wp\/v2\/tags?post=238356"}],"curies":[{"name":"wp","href":"https:\/\/api.w.org\/{rel}","templated":true}]}}