{"id":238438,"date":"2021-10-23T05:25:24","date_gmt":"2021-10-23T03:25:24","guid":{"rendered":"https:\/\/www.radiopiu.net\/wordpress\/?p=238438"},"modified":"2021-10-23T05:53:44","modified_gmt":"2021-10-23T03:53:44","slug":"associazione-citta-alpina-dellanno-nel-2022-assemblea-generale-a-belluno","status":"publish","type":"post","link":"https:\/\/www.radiopiu.net\/wordpress\/associazione-citta-alpina-dellanno-nel-2022-assemblea-generale-a-belluno\/","title":{"rendered":"ASSOCIAZIONE &#8220;CITTA&#8217; ALPINA DELL&#8217;ANNO&#8221; NEL 2022 ASSEMBLEA GENERALE A BELLUNO\u00a0"},"content":{"rendered":"<div class=\"kvgmc6g5 cxmmr5t8 oygrvhab hcukyx3x c1et5uql\">\n<p><strong><img loading=\"lazy\" decoding=\"async\" class=\"alignleft\" src=\"https:\/\/www.radiopiu.net\/wordpress\/wp-content\/uploads\/2020\/07\/Assessore-Yuki-dEmilia-scaled.jpg\" width=\"218\" height=\"145\" \/>BELLUNO<\/strong> Trasferta francese ricca di risultati positivi per l&#8217;amministrazione Massaro, quella che nei giorni scorsi ha visto lo stesso primo cittadino Jacopo Massaro e l&#8217;assessora Yuki d&#8217;Emilia partecipare all&#8217;assemblea generale dell&#8217;Associazione Citt\u00e0 Alpina dell&#8217;Anno a Chamonix. La prima novit\u00e0 arriva dal nuovo comitato direttivo, che ha visto\u00a0 riconfermati i cinque componenti uscenti: per la prima volta, Belluno ottiene un ruolo di grande rilievo negli organi di governo dell&#8217;associazione, con l&#8217;incarico di vicepresidente che \u00e8 andato alla bellunese d&#8217;Emilia, che affianca i co-presidenti Uro\u0161 Bre\u017ean e Ingrid Fischer, rispettivamente sindaco di Tolmino, in Slovenia, e vicesindaca di Sonthofen, in Germania. L&#8217;altra buona notizia \u00e8 l&#8217;annuncio della sede dell&#8217;assemblea generale dell&#8217;Associazione per il 2022: sar\u00e0 infatti Belluno, nel mese di marzo, ad ospitare la riunione dei rappresentanti delle Citt\u00e0 Alpine, 12 anni dopo l&#8217;ultima occasione. L&#8217;assemblea generale ha visto poi aggiornamenti sui progetti che vedono l&#8217;Associazione impegnata nelle varie realt\u00e0 (a Belluno con \u201cClimate actions in Alpine Towns\u201d nelle scuole, oltre ad Alps 2030) e tavoli rotondi tematici,\u00a0 dove per il turismo ed eventi ha ben impressionato l&#8217;esperienza bellunese dei \u201cGreen Events Belluno\u201d tanto che altre realt\u00e0 hanno chiesto di poter riproporre l&#8217;iniziativa e le linee guida nei propri territori; spazio infine anche ai giovani, che per la prima volta hanno partecipato all&#8217;incontro per poter \u201cdire la loro\u201d sul coinvolgimento dei ragazzi nell&#8217;associazione: oltre ai giovani francesi, presenti anche Alice, Matilde e Mariachiara, le studentesse bellunesi che partecipano ad Alps 2030, progetto preso ad esempio come buona pratica per il coinvolgimento dei ragazzi.<\/p>\n<\/div>\n<p>L&#8217;ASSESSORE YUKI D&#8217;EMILIA<\/p>\n<div style=\"width: 1200px;\" class=\"wp-video\"><video class=\"wp-video-shortcode\" id=\"video-238438-1\" width=\"1200\" height=\"675\" preload=\"metadata\" controls=\"controls\"><source type=\"video\/mp4\" src=\"https:\/\/www.radiopiu.net\/wordpress\/wp-content\/uploads\/2021\/10\/dEmilia-Citta-Alpine-assemblea-2022-a-Belluno.mp4?_=1\" \/><a href=\"https:\/\/www.radiopiu.net\/wordpress\/wp-content\/uploads\/2021\/10\/dEmilia-Citta-Alpine-assemblea-2022-a-Belluno.mp4\">https:\/\/www.radiopiu.net\/wordpress\/wp-content\/uploads\/2021\/10\/dEmilia-Citta-Alpine-assemblea-2022-a-Belluno.mp4<\/a><\/video><\/div>\n<div class=\"kvgmc6g5 cxmmr5t8 oygrvhab hcukyx3x c1et5uql\">\n<p>&nbsp;<\/p>\n<p><strong>L&#8217;INTERROGAZIONE DEL CONSIGLIERE DELLA LEGA NORD\u00a0\u00a0<\/strong><\/p>\n<p><strong>BELLUNO<\/strong> <em>\u201cQuanto costano le trasferte dell&#8217;assessore al turismo nell&#8217;ambito dei convegni internazionali di \u201cAlpine Town of the year\u201d e quale soggetto si \u00e8 fatto carico delle spese sostenute?\u201d<\/em>. A chiederlo \u00e8 il consigliere comunale della Lega Marzio Sovilla, relativamente ai viaggi all&#8217;estero dell&#8217;assessore, dei quali poco si sa in Consiglio comunale.<\/p>\n<p>&nbsp;<\/p>\n<p>***<\/p>\n<\/div>\n","protected":false},"excerpt":{"rendered":"<p>BELLUNO Trasferta francese ricca di risultati positivi per l&#8217;amministrazione Massaro, quella che nei giorni scorsi ha visto lo stesso primo cittadino Jacopo Massaro e l&#8217;assessora Yuki d&#8217;Emilia partecipare all&#8217;assemblea generale dell&#8217;Associazione Citt\u00e0 Alpina dell&#8217;Anno a Chamonix. La prima novit\u00e0 arriva dal nuovo comitato direttivo, che ha visto\u00a0 riconfermati i cinque componenti uscenti: per la prima&hellip;<\/p>\n","protected":false},"author":4,"featured_media":148231,"comment_status":"closed","ping_status":"open","sticky":false,"template":"","format":"standard","meta":{"_monsterinsights_skip_tracking":false,"_monsterinsights_sitenote_active":false,"_monsterinsights_sitenote_note":"","_monsterinsights_sitenote_category":0,"footnotes":""},"categories":[51,49],"tags":[],"class_list":["post-238438","post","type-post","status-publish","format-standard","has-post-thumbnail","hentry","category-evidenza-top","category-news-18","category-51","category-49","description-off"],"img_url":"https:\/\/www.radiopiu.net\/wordpress\/wp-content\/uploads\/2020\/07\/Assessore-Yuki-dEmilia-scaled.jpg","_links":{"self":[{"href":"https:\/\/www.radiopiu.net\/wordpress\/wp-json\/wp\/v2\/posts\/238438","targetHints":{"allow":["GET"]}}],"collection":[{"href":"https:\/\/www.radiopiu.net\/wordpress\/wp-json\/wp\/v2\/posts"}],"about":[{"href":"https:\/\/www.radiopiu.net\/wordpress\/wp-json\/wp\/v2\/types\/post"}],"author":[{"embeddable":true,"href":"https:\/\/www.radiopiu.net\/wordpress\/wp-json\/wp\/v2\/users\/4"}],"replies":[{"embeddable":true,"href":"https:\/\/www.radiopiu.net\/wordpress\/wp-json\/wp\/v2\/comments?post=238438"}],"version-history":[{"count":0,"href":"https:\/\/www.radiopiu.net\/wordpress\/wp-json\/wp\/v2\/posts\/238438\/revisions"}],"wp:featuredmedia":[{"embeddable":true,"href":"https:\/\/www.radiopiu.net\/wordpress\/wp-json\/wp\/v2\/media\/148231"}],"wp:attachment":[{"href":"https:\/\/www.radiopiu.net\/wordpress\/wp-json\/wp\/v2\/media?parent=238438"}],"wp:term":[{"taxonomy":"category","embeddable":true,"href":"https:\/\/www.radiopiu.net\/wordpress\/wp-json\/wp\/v2\/categories?post=238438"},{"taxonomy":"post_tag","embeddable":true,"href":"https:\/\/www.radiopiu.net\/wordpress\/wp-json\/wp\/v2\/tags?post=238438"}],"curies":[{"name":"wp","href":"https:\/\/api.w.org\/{rel}","templated":true}]}}