{"id":238599,"date":"2021-10-23T09:35:05","date_gmt":"2021-10-23T07:35:05","guid":{"rendered":"https:\/\/www.radiopiu.net\/wordpress\/?p=238599"},"modified":"2021-10-23T20:56:35","modified_gmt":"2021-10-23T18:56:35","slug":"i-lavoratori-veneti-senza-green-pass-sarebbero-53-mila","status":"publish","type":"post","link":"https:\/\/www.radiopiu.net\/wordpress\/i-lavoratori-veneti-senza-green-pass-sarebbero-53-mila\/","title":{"rendered":"I LAVORATORI VENETI SENZA GREEN PASS SAREBBERO 53 MILA"},"content":{"rendered":"<p><a class=\"dt-pswp-item\" href=\"https:\/\/www.radiopiu.net\/wordpress\/wp-content\/uploads\/2021\/10\/Schermata-2021-10-23-alle-09.26.58.png\" data-dt-img-description=\"\" data-large_image_width=\"1246\" data-large_image_height=\"730\"><img loading=\"lazy\" decoding=\"async\" class=\"size-medium wp-image-238601 alignleft\" src=\"https:\/\/www.radiopiu.net\/wordpress\/wp-content\/uploads\/2021\/10\/Schermata-2021-10-23-alle-09.26.58-300x176.png\" alt=\"\" width=\"300\" height=\"176\" srcset=\"https:\/\/www.radiopiu.net\/wordpress\/wp-content\/uploads\/2021\/10\/Schermata-2021-10-23-alle-09.26.58-300x176.png 300w, https:\/\/www.radiopiu.net\/wordpress\/wp-content\/uploads\/2021\/10\/Schermata-2021-10-23-alle-09.26.58-1024x600.png 1024w, https:\/\/www.radiopiu.net\/wordpress\/wp-content\/uploads\/2021\/10\/Schermata-2021-10-23-alle-09.26.58-768x450.png 768w, https:\/\/www.radiopiu.net\/wordpress\/wp-content\/uploads\/2021\/10\/Schermata-2021-10-23-alle-09.26.58.png 1246w\" sizes=\"auto, (max-width: 300px) 100vw, 300px\" \/><\/a>Ieri i lavoratori veneti senza alcun vaccino sarebbero scesi a poco meno di 273 mila (pari al 13,3 per cento del totale occupati). Se a questi ultimi togliamo 220 mila occupati che regolarmente si sono sottoposti al tampone durante la settimana, in linea teorica rimarrebbero \u201cscoperti\u201d, ovvero senza Green pass, 53 mila occupati. Le stime sono state calcolate dall\u2019Ufficio studi della CGIA.<\/p>\n<p>Pur non essendo tantissimi, l\u2019assenza di 53 mila lavoratori dovrebbe aver comunque arrecato qualche problema organizzativo alle aziende venete. Invece, gli imprenditori non hanno denunciato alcunch\u00e9. Forse perch\u00e9 le cose sono andate diversamente ? Pare di s\u00ec, la sensazione \u00e8 che molti dipendenti senza Green pass abbiano \u201caggirato\u201d la disposizioni previste dal decreto legge, recandosi comunque in fabbrica o in ufficio. I controlli, infatti, non sarebbero particolarmente stringenti.<\/p>\n<p><strong>Tamponi insufficienti per far fronte alla domanda<\/strong><br \/>\nSebbene in questa ultima settimana ci sia stata una forte crescita (vedi Graf. 1), risulta evidente a tutti che il numero dei tamponi eseguibili ogni giorno dalle farmacie e dalle strutture pubbliche e private presenti nel Veneto \u00e8 inferiore alle richieste avanzate dai lavoratori. Per fronteggiare questa situazione \u00e8 intervenuto anche il Commissario straordinario per l\u2019emergenza Covid. Nei giorni scorsi, infatti, il generale Figliuolo ha chiesto alle Regioni di consentire alle farmacie la realizzazione dei tamponi oltre l\u2019orario di apertura e anche nei giorni di chiusura di queste attivit\u00e0.<\/p>\n<p><strong><a class=\"dt-pswp-item\" href=\"https:\/\/www.radiopiu.net\/wordpress\/wp-content\/uploads\/2021\/10\/Schermata-2021-10-23-alle-09.27.43.png\" data-dt-img-description=\"\" data-large_image_width=\"938\" data-large_image_height=\"1468\"><img loading=\"lazy\" decoding=\"async\" class=\"size-medium wp-image-238600 alignleft\" src=\"https:\/\/www.radiopiu.net\/wordpress\/wp-content\/uploads\/2021\/10\/Schermata-2021-10-23-alle-09.27.43-192x300.png\" alt=\"\" width=\"192\" height=\"300\" srcset=\"https:\/\/www.radiopiu.net\/wordpress\/wp-content\/uploads\/2021\/10\/Schermata-2021-10-23-alle-09.27.43-192x300.png 192w, https:\/\/www.radiopiu.net\/wordpress\/wp-content\/uploads\/2021\/10\/Schermata-2021-10-23-alle-09.27.43-654x1024.png 654w, https:\/\/www.radiopiu.net\/wordpress\/wp-content\/uploads\/2021\/10\/Schermata-2021-10-23-alle-09.27.43-768x1202.png 768w, https:\/\/www.radiopiu.net\/wordpress\/wp-content\/uploads\/2021\/10\/Schermata-2021-10-23-alle-09.27.43.png 938w\" sizes=\"auto, (max-width: 192px) 100vw, 192px\" \/><\/a>Lavoratori no vax: Bolzano, Marche, Aosta e Sud le situazioni pi\u00f9 critiche<\/strong><br \/>\nNel ribadire con forza che solo attraverso l\u2019incremento del numero dei vaccinati possiamo sconfiggere la pandemia e agganciare stabilmente la ripresa economica, l\u2019Ufficio studi della CGIA segnala che a livello regionale la stima del numero degli occupati non ancora vaccinati vede la Provincia Autonoma di Bolzano guidare la graduatoria con 42.150 no vax, pari al 17,5 per cento sul totale occupati. Seguono la Sicilia con 204.605 addetti senza alcun vaccino (15,7 per cento del totale), le Marche con 91.105 lavoratori senza alcuna immunizzazione (15,1 per cento del totale) e la Valle d\u2019Aosta con 7.872 (15 per cento del totale). Il Veneto con quasi 273 mila no vax, si colloca, su base nazionale, a met\u00e0 classifica. La macro area dove la situazione \u00e8 pi\u00f9 critica \u00e8 il Mezzogiorno: la stima degli addetti senza alcun vaccino sfiora i 767mila occupati, pari al 13,1 per cento del totale (vedi Tab.1).<\/p>\n<p><em>Nota metodologica<\/em><br \/>\n<em>La stima degli occupati non ancora vaccinati (nessuna prima dose) \u00e8 stata costruita a partire dai dati settimanali pubblicati dalla Presidenza del Consiglio dei Ministri e relativi alla fascia d\u2019et\u00e0 20-59 anni (la larga maggioranza delle persone in et\u00e0 lavorativa, circa il 90%). Ipotizzando che gli occupati non vaccinati si ripartiscano nella medesima proporzione rispetto alla popolazione non vaccinata, alla platea della popolazione non vaccinata si \u00e8 decurtata la quota di soggetti disoccupati ed inattivi, ottenendo cos\u00ec una stima degli occupati non vaccinati. Dal momento che le informazioni sui disoccupati e sugli inattivi erano disponibili per una fascia d\u2019et\u00e0 (20-64 anni) leggermente pi\u00f9 ampia rispetto al dato considerato dei soggetti non vaccinati (20-59 anni) la stima finale sul totale degli occupati non vaccinati potrebbe risultare un po\u2019 sottostimata; d\u2019altro canto bisogna tuttavia considerare che mancano le informazioni relative agli occupati over 60 e di quelli tra 15 e 19 anni che tenderebbero ad elevare, anche se non di molto, la platea di tutti gli occupati e di conseguenza anche di quelli non vaccinati. Per queste ragioni la stima \u00e8 quindi sostanzialmente bilanciata. <\/em><\/p>\n","protected":false},"excerpt":{"rendered":"<p>Ieri i lavoratori veneti senza alcun vaccino sarebbero scesi a poco meno di 273 mila (pari al 13,3 per cento del totale occupati). Se a questi ultimi togliamo 220 mila occupati che regolarmente si sono sottoposti al tampone durante la settimana, in linea teorica rimarrebbero \u201cscoperti\u201d, ovvero senza Green pass, 53 mila occupati. Le stime&hellip;<\/p>\n","protected":false},"author":2,"featured_media":238602,"comment_status":"closed","ping_status":"open","sticky":false,"template":"","format":"standard","meta":{"_monsterinsights_skip_tracking":false,"_monsterinsights_sitenote_active":false,"_monsterinsights_sitenote_note":"","_monsterinsights_sitenote_category":0,"footnotes":""},"categories":[51,49],"tags":[],"class_list":["post-238599","post","type-post","status-publish","format-standard","has-post-thumbnail","hentry","category-evidenza-top","category-news-18","category-51","category-49","description-off"],"img_url":"https:\/\/www.radiopiu.net\/wordpress\/wp-content\/uploads\/2021\/10\/stop-work2.jpeg","_links":{"self":[{"href":"https:\/\/www.radiopiu.net\/wordpress\/wp-json\/wp\/v2\/posts\/238599","targetHints":{"allow":["GET"]}}],"collection":[{"href":"https:\/\/www.radiopiu.net\/wordpress\/wp-json\/wp\/v2\/posts"}],"about":[{"href":"https:\/\/www.radiopiu.net\/wordpress\/wp-json\/wp\/v2\/types\/post"}],"author":[{"embeddable":true,"href":"https:\/\/www.radiopiu.net\/wordpress\/wp-json\/wp\/v2\/users\/2"}],"replies":[{"embeddable":true,"href":"https:\/\/www.radiopiu.net\/wordpress\/wp-json\/wp\/v2\/comments?post=238599"}],"version-history":[{"count":0,"href":"https:\/\/www.radiopiu.net\/wordpress\/wp-json\/wp\/v2\/posts\/238599\/revisions"}],"wp:featuredmedia":[{"embeddable":true,"href":"https:\/\/www.radiopiu.net\/wordpress\/wp-json\/wp\/v2\/media\/238602"}],"wp:attachment":[{"href":"https:\/\/www.radiopiu.net\/wordpress\/wp-json\/wp\/v2\/media?parent=238599"}],"wp:term":[{"taxonomy":"category","embeddable":true,"href":"https:\/\/www.radiopiu.net\/wordpress\/wp-json\/wp\/v2\/categories?post=238599"},{"taxonomy":"post_tag","embeddable":true,"href":"https:\/\/www.radiopiu.net\/wordpress\/wp-json\/wp\/v2\/tags?post=238599"}],"curies":[{"name":"wp","href":"https:\/\/api.w.org\/{rel}","templated":true}]}}