{"id":238606,"date":"2021-10-23T09:57:06","date_gmt":"2021-10-23T07:57:06","guid":{"rendered":"https:\/\/www.radiopiu.net\/wordpress\/?p=238606"},"modified":"2021-10-23T09:57:07","modified_gmt":"2021-10-23T07:57:07","slug":"pallavolo-bologna-belluno-il-duello-si-sposta-in-a3","status":"publish","type":"post","link":"https:\/\/www.radiopiu.net\/wordpress\/pallavolo-bologna-belluno-il-duello-si-sposta-in-a3\/","title":{"rendered":"PALLAVOLO, Bologna-Belluno, il duello si sposta in A3"},"content":{"rendered":"<p><strong>BELLUNO<\/strong> \u00c8 il terzo incrocio nell\u2019arco di quattro mesi: i primi due atti hanno scritto l\u2019epilogo della scorsa stagione di serie B, con una finale playoff decisa al Golden set. Ora cambia il palcoscenico, ma le sfidanti sono sempre le stesse: Bologna da una parte,\u00a0Belluno dall\u2019altra. In B l\u2019hanno spuntata gli emiliani e ora i rinoceronti proveranno a prendersi la rivincita. Domani, a San Lazzaro di Savena, si gioca per la terza giornata del campionato di Serie A3 Credem Banca.<span class=\"gmail-Apple-converted-space\"> \u00a0<\/span><em>\u00a0\u00abMi aspetto un avversario combattivo &#8211; afferma l&#8217;allenatore della Drl, Diego Poletto &#8211; anche se, rispetto alle prime due giornate con Pineto e Macerata, il livello tecnico dovrebbe avvicinarsi maggiormente ai nostri standard. L\u2019importante sar\u00e0 riuscire a portare sul campo, con serenit\u00e0, ci\u00f2 che di buono produciamo in palestra durante la settimana\u00bb.<span class=\"gmail-Apple-converted-space\">\u00a0<\/span><\/em><\/p>\n<p><a href=\"https:\/\/www.radiopiu.net\/wordpress\/pallavolo-bologna-belluno-il-duello-si-sposta-in-a3\/drl_timeout_a_macerata\/\" rel=\"attachment wp-att-238607\"><img loading=\"lazy\" decoding=\"async\" class=\"alignnone size-medium wp-image-238607\" src=\"https:\/\/www.radiopiu.net\/wordpress\/wp-content\/uploads\/2021\/10\/Drl_timeout_a_Macerata-300x193.jpg\" alt=\"\" width=\"300\" height=\"193\" srcset=\"https:\/\/www.radiopiu.net\/wordpress\/wp-content\/uploads\/2021\/10\/Drl_timeout_a_Macerata-300x193.jpg 300w, https:\/\/www.radiopiu.net\/wordpress\/wp-content\/uploads\/2021\/10\/Drl_timeout_a_Macerata-1024x657.jpg 1024w, https:\/\/www.radiopiu.net\/wordpress\/wp-content\/uploads\/2021\/10\/Drl_timeout_a_Macerata-768x493.jpg 768w, https:\/\/www.radiopiu.net\/wordpress\/wp-content\/uploads\/2021\/10\/Drl_timeout_a_Macerata-1536x986.jpg 1536w, https:\/\/www.radiopiu.net\/wordpress\/wp-content\/uploads\/2021\/10\/Drl_timeout_a_Macerata-2048x1315.jpg 2048w\" sizes=\"auto, (max-width: 300px) 100vw, 300px\" \/><\/a><\/p>\n<p>&nbsp;<\/p>\n","protected":false},"excerpt":{"rendered":"<p>BELLUNO \u00c8 il terzo incrocio nell\u2019arco di quattro mesi: i primi due atti hanno scritto l\u2019epilogo della scorsa stagione di serie B, con una finale playoff decisa al Golden set. Ora cambia il palcoscenico, ma le sfidanti sono sempre le stesse: Bologna da una parte,\u00a0Belluno dall\u2019altra. In B l\u2019hanno spuntata gli emiliani e ora i&hellip;<\/p>\n","protected":false},"author":4,"featured_media":238607,"comment_status":"closed","ping_status":"open","sticky":false,"template":"","format":"standard","meta":{"_monsterinsights_skip_tracking":false,"_monsterinsights_sitenote_active":false,"_monsterinsights_sitenote_note":"","_monsterinsights_sitenote_category":0,"footnotes":""},"categories":[49],"tags":[],"class_list":["post-238606","post","type-post","status-publish","format-standard","has-post-thumbnail","hentry","category-news-18","category-49","description-off"],"img_url":"https:\/\/www.radiopiu.net\/wordpress\/wp-content\/uploads\/2021\/10\/Drl_timeout_a_Macerata.jpg","_links":{"self":[{"href":"https:\/\/www.radiopiu.net\/wordpress\/wp-json\/wp\/v2\/posts\/238606","targetHints":{"allow":["GET"]}}],"collection":[{"href":"https:\/\/www.radiopiu.net\/wordpress\/wp-json\/wp\/v2\/posts"}],"about":[{"href":"https:\/\/www.radiopiu.net\/wordpress\/wp-json\/wp\/v2\/types\/post"}],"author":[{"embeddable":true,"href":"https:\/\/www.radiopiu.net\/wordpress\/wp-json\/wp\/v2\/users\/4"}],"replies":[{"embeddable":true,"href":"https:\/\/www.radiopiu.net\/wordpress\/wp-json\/wp\/v2\/comments?post=238606"}],"version-history":[{"count":0,"href":"https:\/\/www.radiopiu.net\/wordpress\/wp-json\/wp\/v2\/posts\/238606\/revisions"}],"wp:featuredmedia":[{"embeddable":true,"href":"https:\/\/www.radiopiu.net\/wordpress\/wp-json\/wp\/v2\/media\/238607"}],"wp:attachment":[{"href":"https:\/\/www.radiopiu.net\/wordpress\/wp-json\/wp\/v2\/media?parent=238606"}],"wp:term":[{"taxonomy":"category","embeddable":true,"href":"https:\/\/www.radiopiu.net\/wordpress\/wp-json\/wp\/v2\/categories?post=238606"},{"taxonomy":"post_tag","embeddable":true,"href":"https:\/\/www.radiopiu.net\/wordpress\/wp-json\/wp\/v2\/tags?post=238606"}],"curies":[{"name":"wp","href":"https:\/\/api.w.org\/{rel}","templated":true}]}}