{"id":238693,"date":"2021-10-23T18:28:08","date_gmt":"2021-10-23T16:28:08","guid":{"rendered":"https:\/\/www.radiopiu.net\/wordpress\/?p=238693"},"modified":"2021-10-23T18:42:12","modified_gmt":"2021-10-23T16:42:12","slug":"ventenne-alle-3-di-notte-danneggia-le-auto-in-centro-anche-quella-della-polizia","status":"publish","type":"post","link":"https:\/\/www.radiopiu.net\/wordpress\/ventenne-alle-3-di-notte-danneggia-le-auto-in-centro-anche-quella-della-polizia\/","title":{"rendered":"VENTENNE ALLE 3 DI NOTTE DANNEGGIA LE AUTO IN CENTRO, ANCHE QUELLA DELLA POLIZIA"},"content":{"rendered":"<p><strong>BELLUNO<\/strong> Un giovane l&#8217;altra sera \u00e8 finito in Questura, agli agenti ha dovuto spiegare il perch\u00e9 del colpo di testa che lo ha portato a prendere a sassate due auto. Il ventenne \u00e8 stato pizzicato dagli uomini della volante mentre con violenza scagliava contro la carrozzeria delle auto cubetti di porfIdo. Tutto questo attorno alle tre di notte in pieno centro. Gli agenti chiamati sul posto hanno provato a riportare alla calma il giovane che per tutta risposta ha scagliato i cubetti di porfido anche contro l&#8217;auto azzurra.<\/p>\n<blockquote><p><em>Il commissario capo della Polizia di Stato dottor Federico Farris: &#8220;E&#8217; successo davanti alla Pizzeria F40, due auto sono state danneggiate pesantemente, cos\u00ec come la volante della Polizia. Per questo il giovane \u00e8 stato portato in Questura e indagato per danneggiamenti e resistenza a pubblico ufficiale. L&#8217;Autorit\u00e0 Giudiziaria decider\u00e0 come procedere&#8221;.<\/em><\/p><\/blockquote>\n","protected":false},"excerpt":{"rendered":"<p>BELLUNO Un giovane l&#8217;altra sera \u00e8 finito in Questura, agli agenti ha dovuto spiegare il perch\u00e9 del colpo di testa che lo ha portato a prendere a sassate due auto. Il ventenne \u00e8 stato pizzicato dagli uomini della volante mentre con violenza scagliava contro la carrozzeria delle auto cubetti di porfIdo. Tutto questo attorno alle&hellip;<\/p>\n","protected":false},"author":4,"featured_media":60260,"comment_status":"closed","ping_status":"open","sticky":false,"template":"","format":"standard","meta":{"_monsterinsights_skip_tracking":false,"_monsterinsights_sitenote_active":false,"_monsterinsights_sitenote_note":"","_monsterinsights_sitenote_category":0,"footnotes":""},"categories":[51,49],"tags":[],"class_list":["post-238693","post","type-post","status-publish","format-standard","has-post-thumbnail","hentry","category-evidenza-top","category-news-18","category-51","category-49","description-off"],"img_url":"https:\/\/www.radiopiu.net\/wordpress\/wp-content\/uploads\/2018\/09\/POLIZIA-3.jpg","_links":{"self":[{"href":"https:\/\/www.radiopiu.net\/wordpress\/wp-json\/wp\/v2\/posts\/238693","targetHints":{"allow":["GET"]}}],"collection":[{"href":"https:\/\/www.radiopiu.net\/wordpress\/wp-json\/wp\/v2\/posts"}],"about":[{"href":"https:\/\/www.radiopiu.net\/wordpress\/wp-json\/wp\/v2\/types\/post"}],"author":[{"embeddable":true,"href":"https:\/\/www.radiopiu.net\/wordpress\/wp-json\/wp\/v2\/users\/4"}],"replies":[{"embeddable":true,"href":"https:\/\/www.radiopiu.net\/wordpress\/wp-json\/wp\/v2\/comments?post=238693"}],"version-history":[{"count":0,"href":"https:\/\/www.radiopiu.net\/wordpress\/wp-json\/wp\/v2\/posts\/238693\/revisions"}],"wp:featuredmedia":[{"embeddable":true,"href":"https:\/\/www.radiopiu.net\/wordpress\/wp-json\/wp\/v2\/media\/60260"}],"wp:attachment":[{"href":"https:\/\/www.radiopiu.net\/wordpress\/wp-json\/wp\/v2\/media?parent=238693"}],"wp:term":[{"taxonomy":"category","embeddable":true,"href":"https:\/\/www.radiopiu.net\/wordpress\/wp-json\/wp\/v2\/categories?post=238693"},{"taxonomy":"post_tag","embeddable":true,"href":"https:\/\/www.radiopiu.net\/wordpress\/wp-json\/wp\/v2\/tags?post=238693"}],"curies":[{"name":"wp","href":"https:\/\/api.w.org\/{rel}","templated":true}]}}