{"id":238763,"date":"2021-10-24T08:35:37","date_gmt":"2021-10-24T06:35:37","guid":{"rendered":"https:\/\/www.radiopiu.net\/wordpress\/?p=238763"},"modified":"2021-10-24T08:39:56","modified_gmt":"2021-10-24T06:39:56","slug":"24-ottobre-2018-lincendio-sulle-pale-di-san-lucano","status":"publish","type":"post","link":"https:\/\/www.radiopiu.net\/wordpress\/24-ottobre-2018-lincendio-sulle-pale-di-san-lucano\/","title":{"rendered":"24 OTTOBRE 2018, L&#8217;INCENDIO SULLE PALE DI SAN LUCANO"},"content":{"rendered":"<p><strong>TAIBON\u00a0<\/strong> Tre anni fa, un cavo dell&#8217;energia elettrica che si spezza per il vento fortissimo, le fiamme in un attimo hanno divorato ettari di bosco e per giorni il patrimonio boschivo tra Listolade di Cencenighe e la Valle di San Lucano si \u00e8 trasformato in cenere e le conseguenze sono ancora visibili. Giorni di fuoco e fumo (fino alla pianura veneta) con un sforzo immane dei Vigili del Fuoco, Volontari della Protezione Civile, Forze dell&#8217;Ordine per contenere le fiamme che sono arrivate a pochi metri dalle abitazioni.<br \/>\nPer non dimenticare una foto, di Mara Scola scattata il 24 ottobre 2018 al Parco Bologna di Belluno<\/p>\n<p><a href=\"https:\/\/www.radiopiu.net\/wordpress\/24-ottobre-2018-lincendio-sulle-pale-di-san-lucano\/546ff762-4b3a-4fc3-b0a6-f80f9cd75312\/\" rel=\"attachment wp-att-238764\"><img loading=\"lazy\" decoding=\"async\" class=\"alignnone wp-image-238764 \" src=\"https:\/\/www.radiopiu.net\/wordpress\/wp-content\/uploads\/2021\/10\/546ff762-4b3a-4fc3-b0a6-f80f9cd75312.jpg\" alt=\"\" width=\"230\" height=\"414\" srcset=\"https:\/\/www.radiopiu.net\/wordpress\/wp-content\/uploads\/2021\/10\/546ff762-4b3a-4fc3-b0a6-f80f9cd75312.jpg 800w, https:\/\/www.radiopiu.net\/wordpress\/wp-content\/uploads\/2021\/10\/546ff762-4b3a-4fc3-b0a6-f80f9cd75312-167x300.jpg 167w, https:\/\/www.radiopiu.net\/wordpress\/wp-content\/uploads\/2021\/10\/546ff762-4b3a-4fc3-b0a6-f80f9cd75312-569x1024.jpg 569w, https:\/\/www.radiopiu.net\/wordpress\/wp-content\/uploads\/2021\/10\/546ff762-4b3a-4fc3-b0a6-f80f9cd75312-768x1382.jpg 768w\" sizes=\"auto, (max-width: 230px) 100vw, 230px\" \/><\/a><\/p>\n<p>&nbsp;<\/p>\n<h2>24 OTTOBRE 2018 &#8230; L&#8217;INCENDIO<\/h2>\n<p><strong><a class=\"dt-pswp-item\" href=\"http:\/\/www.radiopiu.net\/wordpress\/wp-content\/uploads\/2018\/10\/RZCCTPG.jpg\" data-dt-img-description=\"\" data-large_image_width=\"720\" data-large_image_height=\"600\"><img loading=\"lazy\" decoding=\"async\" class=\"size-medium wp-image-65179 alignleft\" src=\"http:\/\/www.radiopiu.net\/wordpress\/wp-content\/uploads\/2018\/10\/RZCCTPG-300x250.jpg\" alt=\"\" width=\"300\" height=\"250\" srcset=\"https:\/\/www.radiopiu.net\/wordpress\/wp-content\/uploads\/2018\/10\/RZCCTPG-300x250.jpg 300w, https:\/\/www.radiopiu.net\/wordpress\/wp-content\/uploads\/2018\/10\/RZCCTPG.jpg 720w\" sizes=\"auto, (max-width: 300px) 100vw, 300px\" \/><\/a>TAIBON<\/strong> Primo pomeriggio del 24 ottobre 2018, tirava forte il vento fino a rompere (probabilmente) un cavo dell&#8217;alta tensione anche se le cause di quell&#8217;incendio non sono mai state rivelate, forse valutate. Questa era per\u00f2 l&#8217;ipotesi di prima battuta. Le fiamme, al confine tra Listolade di Taibon (galleria) e Morbiach di Cencenighe hanno interessato il bosco, secco, perch\u00e9 non pioveva da giorni. In un attimo si sono diffuse lungo tutto il versante della Pale di San Lucano raggiungendo in serata Forno Val di Taibon Agordino e la chiesetta in Valle di San Lucano mettendo pericolosamente a rischio residenti e infrastrutture. Notevole il lavoro dei vigili del fuoco, impegnati per giorni nel bosco, a bordo strada. Elicotteri e Canadair hanno continuato a fare la spola in mezzo a dense colonne di fumo visibili fino dalla pianura veneta. La cenere, tipo nevicata la ricordiamo ancora, su gran parte della provincia. Giornate terribili, notti di fuoco con due ragazzi bloccati sulle Pale di San Lucano, in un bivacco in attesa dei soccorsi. Oggi ricordiamo quei giorni che precedettero il peggio: l&#8217;uragano Vaia. (mm)<\/p>\n<p>&nbsp;<\/p>\n<p>&nbsp;<\/p>\n<p>&nbsp;<\/p>\n<p>&nbsp;<\/p>\n<h2><a href=\"https:\/\/www.facebook.com\/localteamtv\/videos\/693488457685759\/\"><span style=\"color: #0000ff;\">INCENDIO IN DIRETTA CLICCA QUI<\/span><\/a><\/h2>\n<p>&nbsp;<\/p>\n<p>&nbsp;<\/p>\n<h2>IL FUOCO E L\u2019ACQUA CHE NON TI ASPETTI, di GIULIANA DA RONCH<\/h2>\n<p><span style=\"color: #ff0000;\">AUDIO<\/span><\/p>\n<audio class=\"wp-audio-shortcode\" id=\"audio-238763-1\" preload=\"none\" style=\"width: 100%;\" controls=\"controls\"><source type=\"audio\/mpeg\" src=\"http:\/\/www.radiopiu.net\/wordpress\/wp-content\/uploads\/2019\/10\/GIULIANA-VINTO-CONCORSO-ACQUA-SEZIONE-ADULTI-TAIBON-24-OTTOBRE.mp3?_=1\" \/><a href=\"http:\/\/www.radiopiu.net\/wordpress\/wp-content\/uploads\/2019\/10\/GIULIANA-VINTO-CONCORSO-ACQUA-SEZIONE-ADULTI-TAIBON-24-OTTOBRE.mp3\">http:\/\/www.radiopiu.net\/wordpress\/wp-content\/uploads\/2019\/10\/GIULIANA-VINTO-CONCORSO-ACQUA-SEZIONE-ADULTI-TAIBON-24-OTTOBRE.mp3<\/a><\/audio>\n<blockquote><p><strong><a class=\"dt-pswp-item\" href=\"http:\/\/www.radiopiu.net\/wordpress\/wp-content\/uploads\/2019\/10\/46456246_883303168543412_3539537249337081856_n.jpg\" data-dt-img-description=\"\" data-large_image_width=\"714\" data-large_image_height=\"960\"><img loading=\"lazy\" decoding=\"async\" class=\"alignleft size-medium wp-image-103510\" src=\"http:\/\/www.radiopiu.net\/wordpress\/wp-content\/uploads\/2019\/10\/46456246_883303168543412_3539537249337081856_n-223x300.jpg\" alt=\"\" width=\"223\" height=\"300\" srcset=\"https:\/\/www.radiopiu.net\/wordpress\/wp-content\/uploads\/2019\/10\/46456246_883303168543412_3539537249337081856_n-223x300.jpg 223w, https:\/\/www.radiopiu.net\/wordpress\/wp-content\/uploads\/2019\/10\/46456246_883303168543412_3539537249337081856_n.jpg 714w\" sizes=\"auto, (max-width: 223px) 100vw, 223px\" \/><\/a>TAIBON<\/strong> Era marted\u00ec 23 ottobre e me ne stavo seduta sul crinale di una montagna a contemplare la bellezza della mia terra. Armonia ed equilibrio erano ovunque, dentro e fuori di me. Non avrei mai immaginato che nei giorni seguenti le nostre vite fossero travolte da fuoco, acqua e vento, che con violenza hanno completamente stravolto l\u2019ambiente che ci circonda. <strong>Mercoled\u00ec 24 ottobre<\/strong> nel pomeriggio, nei boschi sopra Listolade, si \u00e8 scatenato un incendio che, complice la forza del vento e il secco delle carenti piogge autunnali, si \u00e8 propagato velocemente per molti km, arrivando fin sopra casa mia. Gi\u00e0 dal pomeriggio un forte fumo ci impediva di respirare bene e al fumo si \u00e8 aggiunta una sensazione di insicurezza e ansia. Con lo scendere della notte, \u00e8 scesa in me anche una forte paura, perch\u00e9 con l\u2019avvento del buio ho potuto rendermi conto della dimensione e della vicinanza delle fiamme che si vedevano alte e vicine alle case. Le Pale di San Lucano sembravano un vulcano in eruzione, di quelli che si vedono alla tv in posti lontani da noi. Quella notte \u00e8 stata lunghissima, interminabile passata con la paura, il fumo, che era percettibile anche all\u2019interno delle abitazioni, e la consapevolezza che fra l\u2019avere tutto e l\u2019avere niente il filo e davvero sottile. Poi \u00e8 arrivata anche la tristezza e il magone nel pensare che non stava bruciando solo il versante di una montagna, ma anche una parte della nostra identit\u00e0. Unica consolazione la presenza costante dei Vigli del Fuoco che sono diventati una presenza fissa sul <a class=\"dt-pswp-item\" href=\"http:\/\/www.radiopiu.net\/wordpress\/wp-content\/uploads\/2019\/10\/20181025_090134.jpg\" data-dt-img-description=\"\" data-large_image_width=\"4128\" data-large_image_height=\"3096\"><img loading=\"lazy\" decoding=\"async\" class=\"size-medium wp-image-103511 alignright\" src=\"http:\/\/www.radiopiu.net\/wordpress\/wp-content\/uploads\/2019\/10\/20181025_090134-300x225.jpg\" alt=\"\" width=\"300\" height=\"225\" srcset=\"https:\/\/www.radiopiu.net\/wordpress\/wp-content\/uploads\/2019\/10\/20181025_090134-300x225.jpg 300w, https:\/\/www.radiopiu.net\/wordpress\/wp-content\/uploads\/2019\/10\/20181025_090134-768x576.jpg 768w, https:\/\/www.radiopiu.net\/wordpress\/wp-content\/uploads\/2019\/10\/20181025_090134-1024x768.jpg 1024w\" sizes=\"auto, (max-width: 300px) 100vw, 300px\" \/><\/a>territorio. Al mattino l\u2019arrivo dei canadair e quando ho sentito il primo alle 7.30 del mattino ho pianto, un pianto liberatorio. Ho pensato che finalmente era finita. Il cielo dei giorni seguenti \u00e8 stato trafficato da elicotteri e aerei che spegnevano il fuoco e il loro rumore era una consolazione e una sicurezza. Nei giorni seguenti abbiamo invocato la pioggia che scendesse lenta su di noi, sulla nostra terra spegnendo gli ultimi focolai rimasti, lavando l\u2019aria e rigenerando il nostro paese, i nostri pensieri e i nostri corpi. Di sicuro non ci aspettavamo cos\u00ec tanta acqua. Una pioggia prima leggera, poi sempre pi\u00f9 forte ha ingrossato torrenti, poi i fiumi fino a farli diventare minacciosi e aggressivi. Non dimenticher\u00f2 mai l\u2019odore acre di terra mossa che c\u2019era nell\u2019aria la sera del 29 ottobre. L\u2019urlo dell\u2019acqua si \u00e8 presto unito all\u2019urlo del vento che soffiava fortissimo, come non lo avevamo mai sentito. Dalle finestre si vedeva passare di tutto e le strade comunali sono ben presto diventate torrenti di ghiaia. Dall\u2019interno delle abitazioni abbiamo capito che la situazione era grave, ma la misura di quello che stava succedendo l\u2019avremmo capita solo nei giorni successivi. Poi \u00e8 sparita la luce e con essa i contatti telefonici e internet. Questa mancanza ci ha reso pi\u00f9 vulnerabili e pi\u00f9 insicuri e paura e inquietudine sono aumentate rendendoci ancora pi\u00f9 fragili. <a class=\"dt-pswp-item\" href=\"http:\/\/www.radiopiu.net\/wordpress\/wp-content\/uploads\/2019\/10\/20181102_160030.jpg\" data-dt-img-description=\"\" data-large_image_width=\"4128\" data-large_image_height=\"3096\"><img loading=\"lazy\" decoding=\"async\" class=\"alignleft size-medium wp-image-103512\" src=\"http:\/\/www.radiopiu.net\/wordpress\/wp-content\/uploads\/2019\/10\/20181102_160030-300x225.jpg\" alt=\"\" width=\"300\" height=\"225\" srcset=\"https:\/\/www.radiopiu.net\/wordpress\/wp-content\/uploads\/2019\/10\/20181102_160030-300x225.jpg 300w, https:\/\/www.radiopiu.net\/wordpress\/wp-content\/uploads\/2019\/10\/20181102_160030-768x576.jpg 768w, https:\/\/www.radiopiu.net\/wordpress\/wp-content\/uploads\/2019\/10\/20181102_160030-1024x768.jpg 1024w\" sizes=\"auto, (max-width: 300px) 100vw, 300px\" \/><\/a>Dopo alcuni giorni di ansia e trepidazione, siamo usciti e ci siamo guardati attorno, attoniti e scoraggiati abbiamo fatto la conta dei danni personali e comunitari. Sono stati giorni di silenzio, di tristezza e della consapevolezza che niente sarebbe mai stato pi\u00f9 come prima. Il fuoco, l\u2019acqua e il vento che non mi aspettavo hanno devastato e cambiato la morfologia dei nostri territori e delle nostre anime. La valle di San Lucano che mi si \u00e8 presentata davanti i primi giorni di novembre non sembrava pi\u00f9 la valle che conoscevo. Alberi a tappeto, strade interrotte, ponti e briglie spazzati via dalla furia dell\u2019acqua, disordine e un silenzio tombale mi hanno fatto capire quanto piccolo \u00e8 l\u2019uomo di fronte alla forza della Natura. Ci sar\u00e0 molto da lavorare per sistemare la nostra terra e sar\u00e0 il lavoro di un\u2019intera comunit\u00e0 che in questi tristi eventi si \u00e8 unita pi\u00f9 che mai. Credo che presto salir\u00f2 sul crinale di qualche montagna, come ho fatto il giorno prima del fuoco. Salir\u00f2 per trovare l\u2019armonia e l\u2019equilibrio che si trovano solo lass\u00f9 e dal crinale guarder\u00f2 la mia terra, la guarder\u00f2 con occhi nuovi, con gli occhi della speranza e cercher\u00f2 di vedere tutta la bellezza e le emozioni che ancora sa donarmi. Riportarla al suo splendore \u00e8 un compito che spetta anche a tutti noi che dobbiamo essere responsabili verso l\u2019ambiente che ci ospita.<\/p><\/blockquote>\n<p>&nbsp;<\/p>\n<p>&nbsp;<\/p>\n<h3><span style=\"color: #ff0000;\">GIORNALE RADIOPIU 25 OTTOBRE 2018 DIRETTORE MIRKO MEZZACASA<\/span><\/h3>\n<h4>ESCURSIONISTI BLOCCATI SULLE PALE DI SAN LUCANO<\/h4>\n\n\t\t\t<style type='text\/css'>\n\t\t\t\t#gallery-1 {\n\t\t\t\t\tmargin: auto;\n\t\t\t\t}\n\t\t\t\t#gallery-1 .gallery-item {\n\t\t\t\t\tfloat: left;\n\t\t\t\t\tmargin-top: 10px;\n\t\t\t\t\ttext-align: center;\n\t\t\t\t\twidth: 33%;\n\t\t\t\t}\n\t\t\t\t#gallery-1 img {\n\t\t\t\t\tborder: 2px solid #cfcfcf;\n\t\t\t\t}\n\t\t\t\t#gallery-1 .gallery-caption {\n\t\t\t\t\tmargin-left: 0;\n\t\t\t\t}\n\t\t\t\t\/* see gallery_shortcode() in wp-includes\/media.php *\/\n\t\t\t<\/style>\n\t\t<div id='gallery-1' class='dt-gallery-container gallery galleryid-238763 gallery-columns-3 gallery-size-thumbnail'><dl class='gallery-item'>\n\t\t\t\t<dt class='gallery-icon landscape'>\n\t\t\t\t\t<a class=\"rollover\" href='https:\/\/www.radiopiu.net\/wordpress\/giornale-radiopiu-25-ottobre-2018-direttore-mirko-mezzacasa\/img-20181024-wa0010-2\/'><img loading=\"lazy\" decoding=\"async\" width=\"150\" height=\"150\" src=\"https:\/\/www.radiopiu.net\/wordpress\/wp-content\/uploads\/2018\/10\/IMG-20181024-WA0010-1-150x150.jpg\" class=\"attachment-thumbnail size-thumbnail\" alt=\"\" \/><\/a>\n\t\t\t\t<\/dt><\/dl><dl class='gallery-item'>\n\t\t\t\t<dt class='gallery-icon landscape'>\n\t\t\t\t\t<a class=\"rollover\" href='https:\/\/www.radiopiu.net\/wordpress\/giornale-radiopiu-25-ottobre-2018-direttore-mirko-mezzacasa\/img-20181024-wa0008-2\/'><img loading=\"lazy\" decoding=\"async\" width=\"150\" height=\"150\" src=\"https:\/\/www.radiopiu.net\/wordpress\/wp-content\/uploads\/2018\/10\/IMG-20181024-WA0008-1-150x150.jpg\" class=\"attachment-thumbnail size-thumbnail\" alt=\"\" \/><\/a>\n\t\t\t\t<\/dt><\/dl><dl class='gallery-item'>\n\t\t\t\t<dt class='gallery-icon portrait'>\n\t\t\t\t\t<a class=\"rollover\" href='https:\/\/www.radiopiu.net\/wordpress\/giornale-radiopiu-25-ottobre-2018-direttore-mirko-mezzacasa\/img-20181024-wa0007\/'><img loading=\"lazy\" decoding=\"async\" width=\"150\" height=\"150\" src=\"https:\/\/www.radiopiu.net\/wordpress\/wp-content\/uploads\/2018\/10\/IMG-20181024-WA0007-150x150.jpg\" class=\"attachment-thumbnail size-thumbnail\" alt=\"\" \/><\/a>\n\t\t\t\t<\/dt><\/dl><br style=\"clear: both\" \/>\n\t\t\t<\/div>\n\n<div class=\"\" data-block=\"true\" data-editor=\"cauks\" data-offset-key=\"eikg-0-0\">\n<div class=\"_1mf _1mj\" data-offset-key=\"eikg-0-0\">\n<p><strong>INTERVENTO CONCLUSO, IN SALVO I DUE RAGAZZI<\/strong><\/p>\n<p>Taibon Agordino (BL), 25 &#8211; 10 &#8211; 18<br \/>\nIeri stavano scendeno dal sentiero del Canale della Besausega quando hanno sentito un rombo e in un istante le fiamme erano a 50 metri di distanza. Per mettersi in salvo si sono spostati al centro del canalone roccioso e hanno dato l&#8217;allarme. \u00c8 iniziata cos\u00ec la corsa contro il tempo per portare in salvo Michel e Andrea, i due ragazzi agordini rimasti bloccati nel pomeriggio dall&#8217;incendio divampato sulle Pale di San Lucano. Alle 21.30 circa una squadra del Soccorso alpino di Agordo e dei Vigili del fuoco, con un carico di attrezzatura e respiratori, \u00e8 partita dalla parte di Cencenighe da Pradimezzo ed \u00e8 salita fino a Malga Ambrosogn per poi arrivare al Bivacco Bedin alle 6, dopo 1.400 metri di dislivello. I due ragazzi dovevano trovarsi 500 metri pi\u00f9 in basso, non pi\u00f9 raggiungibili al cellulare, sotto la cengia della Seconda Pala. Non appena ha albeggiato 4 soccorritori con le corde e altro materiale si sono preparati per essere elitrasportati in quota in supporto alla squadra. Quando l&#8217;elicottero \u00e8 passato nel tratto del canale dove i due escursionisti potevano trovarsi, i ragazzi hanno fatto segnali con le frontali, poco prima delle 8. In velocit\u00e0, col timore che le fiamme e il fumo potessero ricomparire all&#8217;improvviso, i soccorritori li hanno imbarcati in hovering e portati a valle.<\/p>\n<\/div>\n<\/div>\n<p>&nbsp;<\/p>\n<h2><\/h2>\n","protected":false},"excerpt":{"rendered":"<p>TAIBON\u00a0 Tre anni fa, un cavo dell&#8217;energia elettrica che si spezza per il vento fortissimo, le fiamme in un attimo hanno divorato ettari di bosco e per giorni il patrimonio boschivo tra Listolade di Cencenighe e la Valle di San Lucano si \u00e8 trasformato in cenere e le conseguenze sono ancora visibili. Giorni di fuoco&hellip;<\/p>\n","protected":false},"author":4,"featured_media":238765,"comment_status":"closed","ping_status":"open","sticky":false,"template":"","format":"standard","meta":{"_monsterinsights_skip_tracking":false,"_monsterinsights_sitenote_active":false,"_monsterinsights_sitenote_note":"","_monsterinsights_sitenote_category":0,"footnotes":""},"categories":[51,86,49],"tags":[],"class_list":["post-238763","post","type-post","status-publish","format-standard","has-post-thumbnail","hentry","category-evidenza-top","category-gr","category-news-18","category-51","category-86","category-49","description-off"],"img_url":"https:\/\/www.radiopiu.net\/wordpress\/wp-content\/uploads\/2021\/10\/RZCCTPG-300x250-1.jpg","_links":{"self":[{"href":"https:\/\/www.radiopiu.net\/wordpress\/wp-json\/wp\/v2\/posts\/238763","targetHints":{"allow":["GET"]}}],"collection":[{"href":"https:\/\/www.radiopiu.net\/wordpress\/wp-json\/wp\/v2\/posts"}],"about":[{"href":"https:\/\/www.radiopiu.net\/wordpress\/wp-json\/wp\/v2\/types\/post"}],"author":[{"embeddable":true,"href":"https:\/\/www.radiopiu.net\/wordpress\/wp-json\/wp\/v2\/users\/4"}],"replies":[{"embeddable":true,"href":"https:\/\/www.radiopiu.net\/wordpress\/wp-json\/wp\/v2\/comments?post=238763"}],"version-history":[{"count":0,"href":"https:\/\/www.radiopiu.net\/wordpress\/wp-json\/wp\/v2\/posts\/238763\/revisions"}],"wp:featuredmedia":[{"embeddable":true,"href":"https:\/\/www.radiopiu.net\/wordpress\/wp-json\/wp\/v2\/media\/238765"}],"wp:attachment":[{"href":"https:\/\/www.radiopiu.net\/wordpress\/wp-json\/wp\/v2\/media?parent=238763"}],"wp:term":[{"taxonomy":"category","embeddable":true,"href":"https:\/\/www.radiopiu.net\/wordpress\/wp-json\/wp\/v2\/categories?post=238763"},{"taxonomy":"post_tag","embeddable":true,"href":"https:\/\/www.radiopiu.net\/wordpress\/wp-json\/wp\/v2\/tags?post=238763"}],"curies":[{"name":"wp","href":"https:\/\/api.w.org\/{rel}","templated":true}]}}