{"id":238870,"date":"2021-10-25T04:59:59","date_gmt":"2021-10-25T02:59:59","guid":{"rendered":"https:\/\/www.radiopiu.net\/wordpress\/?p=238870"},"modified":"2021-10-25T05:53:48","modified_gmt":"2021-10-25T03:53:48","slug":"mansarda-a-fuoco-il-figlio-salva-la-famiglia","status":"publish","type":"post","link":"https:\/\/www.radiopiu.net\/wordpress\/mansarda-a-fuoco-il-figlio-salva-la-famiglia\/","title":{"rendered":"MANSARDA A FUOCO, IL FIGLIO SALVA LA FAMIGLIA"},"content":{"rendered":"<blockquote>\n<h3><\/h3>\n<\/blockquote>\n<p><strong><a href=\"https:\/\/www.radiopiu.net\/wordpress\/7b3b4c7a-9421-4e33-96b9-7161270ef358\/\"><img loading=\"lazy\" decoding=\"async\" class=\"wp-image-222509 alignleft\" src=\"https:\/\/www.radiopiu.net\/wordpress\/wp-content\/uploads\/2021\/07\/7b3b4c7a-9421-4e33-96b9-7161270ef358-260x300.jpg\" alt=\"\" width=\"143\" height=\"165\" srcset=\"https:\/\/www.radiopiu.net\/wordpress\/wp-content\/uploads\/2021\/07\/7b3b4c7a-9421-4e33-96b9-7161270ef358-260x300.jpg 260w, https:\/\/www.radiopiu.net\/wordpress\/wp-content\/uploads\/2021\/07\/7b3b4c7a-9421-4e33-96b9-7161270ef358-888x1024.jpg 888w, https:\/\/www.radiopiu.net\/wordpress\/wp-content\/uploads\/2021\/07\/7b3b4c7a-9421-4e33-96b9-7161270ef358-768x886.jpg 768w, https:\/\/www.radiopiu.net\/wordpress\/wp-content\/uploads\/2021\/07\/7b3b4c7a-9421-4e33-96b9-7161270ef358.jpg 1080w\" sizes=\"auto, (max-width: 143px) 100vw, 143px\" \/><\/a>FELTRE<\/strong> Nella notte tra sabato e ieri in via Nassa\u00a0 un incendio \u00e8 divampato nel sottotetto dell&#8217;abitazione di Gianvittore De Boni che dormiva in una stanza e, in un altro locale, dormivano la compagna e i due bambini di 6 e 8. \u00c8 stato\u00a0 il figlio del docente di inglese del liceo Dal Piaz, Lorenzo De Boni, in quel momento ancora sveglio, ad accorgersi di quello che stava succedendo e a portare in salvo i congiunti. Da una casa vicina, negli stessi istanti, i residenti si erano accorti del bagliore delle fiamme ed erano scesi in strada per suonare il campanello della famiglia De Boni e lanciare l&#8217;allarme ai vigili del fuoco. La famiglia \u00e8 riuscita a mettersi in salvo senza danni ed \u00e8 rimasta in strada, con i bimbi di 6 e 8 anni avvolti nelle coperte. La rapidit\u00e0 dell&#8217;intervento, grazie anche alla vicinanza del distaccamento di via Bagnols, ha permesso ai pompieri di bloccare in pochi minuti il rogo prima che potesse allargarsi a tutto il tetto e alla porzione adiacente di edificio. I pompieri hanno comunque lavorato fino alle tre inoltrate per completare la bonifica (foto archivio rpiu)<\/p>\n<p>&nbsp;<\/p>\n","protected":false},"excerpt":{"rendered":"<p>FELTRE Nella notte tra sabato e ieri in via Nassa\u00a0 un incendio \u00e8 divampato nel sottotetto dell&#8217;abitazione di Gianvittore De Boni che dormiva in una stanza e, in un altro locale, dormivano la compagna e i due bambini di 6 e 8. \u00c8 stato\u00a0 il figlio del docente di inglese del liceo Dal Piaz, Lorenzo&hellip;<\/p>\n","protected":false},"author":4,"featured_media":222509,"comment_status":"closed","ping_status":"open","sticky":false,"template":"","format":"standard","meta":{"_monsterinsights_skip_tracking":false,"_monsterinsights_sitenote_active":false,"_monsterinsights_sitenote_note":"","_monsterinsights_sitenote_category":0,"footnotes":""},"categories":[51,49],"tags":[],"class_list":["post-238870","post","type-post","status-publish","format-standard","has-post-thumbnail","hentry","category-evidenza-top","category-news-18","category-51","category-49","description-off"],"img_url":"https:\/\/www.radiopiu.net\/wordpress\/wp-content\/uploads\/2021\/07\/7b3b4c7a-9421-4e33-96b9-7161270ef358.jpg","_links":{"self":[{"href":"https:\/\/www.radiopiu.net\/wordpress\/wp-json\/wp\/v2\/posts\/238870","targetHints":{"allow":["GET"]}}],"collection":[{"href":"https:\/\/www.radiopiu.net\/wordpress\/wp-json\/wp\/v2\/posts"}],"about":[{"href":"https:\/\/www.radiopiu.net\/wordpress\/wp-json\/wp\/v2\/types\/post"}],"author":[{"embeddable":true,"href":"https:\/\/www.radiopiu.net\/wordpress\/wp-json\/wp\/v2\/users\/4"}],"replies":[{"embeddable":true,"href":"https:\/\/www.radiopiu.net\/wordpress\/wp-json\/wp\/v2\/comments?post=238870"}],"version-history":[{"count":0,"href":"https:\/\/www.radiopiu.net\/wordpress\/wp-json\/wp\/v2\/posts\/238870\/revisions"}],"wp:featuredmedia":[{"embeddable":true,"href":"https:\/\/www.radiopiu.net\/wordpress\/wp-json\/wp\/v2\/media\/222509"}],"wp:attachment":[{"href":"https:\/\/www.radiopiu.net\/wordpress\/wp-json\/wp\/v2\/media?parent=238870"}],"wp:term":[{"taxonomy":"category","embeddable":true,"href":"https:\/\/www.radiopiu.net\/wordpress\/wp-json\/wp\/v2\/categories?post=238870"},{"taxonomy":"post_tag","embeddable":true,"href":"https:\/\/www.radiopiu.net\/wordpress\/wp-json\/wp\/v2\/tags?post=238870"}],"curies":[{"name":"wp","href":"https:\/\/api.w.org\/{rel}","templated":true}]}}