{"id":238991,"date":"2021-10-26T04:59:01","date_gmt":"2021-10-26T02:59:01","guid":{"rendered":"https:\/\/www.radiopiu.net\/wordpress\/?p=238991"},"modified":"2021-10-26T05:41:13","modified_gmt":"2021-10-26T03:41:13","slug":"focolaio-covid-nel-comune-di-longarone-incidenza-285-su-100-mila-abitanti","status":"publish","type":"post","link":"https:\/\/www.radiopiu.net\/wordpress\/focolaio-covid-nel-comune-di-longarone-incidenza-285-su-100-mila-abitanti\/","title":{"rendered":"FOCOLAIO COVID NEL COMUNE DI LONGARONE, INCIDENZA 28,5 SU 100 MILA ABITANTI"},"content":{"rendered":"<blockquote><p><em><span style=\"font-size: medium; color: #000000; font-family: Calibri, serif;\">l\u2019intera scuola primaria di Castellavazzo \u00e8 stata disposta la sospensione temporanea delle attivit\u00e0 della struttura.<\/span><\/em><\/p>\n<p><strong>Nuovi casi a Longarone (piu&#8217; di 200), Auronzo, Sovramonte, Feltre, Limana, Seren del Grappa (51-100), Val di Zoldo, Sedico, Belluno, Santa Giustina, Borgo Valbelluna, Ponte nelle Alpi, Fonzaaso e Alpago (1-50)<\/strong><\/p><\/blockquote>\n<p><strong><a href=\"https:\/\/www.radiopiu.net\/wordpress\/focolaio-covid-nel-comune-di-longarone-incidenza-285-su-100-mila-abitanti\/2222-5\/\" rel=\"attachment wp-att-238992\"><img loading=\"lazy\" decoding=\"async\" class=\"size-medium wp-image-238992 alignleft\" src=\"https:\/\/www.radiopiu.net\/wordpress\/wp-content\/uploads\/2021\/10\/2222-290x300.jpg\" alt=\"\" width=\"290\" height=\"300\" srcset=\"https:\/\/www.radiopiu.net\/wordpress\/wp-content\/uploads\/2021\/10\/2222-290x300.jpg 290w, https:\/\/www.radiopiu.net\/wordpress\/wp-content\/uploads\/2021\/10\/2222-991x1024.jpg 991w, https:\/\/www.radiopiu.net\/wordpress\/wp-content\/uploads\/2021\/10\/2222-768x794.jpg 768w, https:\/\/www.radiopiu.net\/wordpress\/wp-content\/uploads\/2021\/10\/2222-1486x1536.jpg 1486w, https:\/\/www.radiopiu.net\/wordpress\/wp-content\/uploads\/2021\/10\/2222.jpg 1548w\" sizes=\"auto, (max-width: 290px) 100vw, 290px\" \/><\/a>BELLUNO<\/strong> Consueto aggiornamento settimanale dalla Ulss1 Dolomiti,\u00a0 145 gli attualmente positivi, 367 le persone in quarantena. <span style=\"color: #00000a;\"><span style=\"font-family: Calibri, serif;\"><span style=\"font-size: small;\"><span style=\"color: #000000;\"><span style=\"font-size: medium;\">Nell\u2019ultima settimana la casistica ha registrato un lieve calo rispetto alla settimana precedente (57 casi contro 66). <\/span><\/span><\/span><\/span><\/span><span style=\"font-size: medium; color: #000000; font-family: Calibri, serif;\">Significativa appare l\u2019incidenza dei nuovi casi fra i giovanissimi 0-14. Ci\u00f2 in relazione ad alcune positivit\u00e0 emergenti in ambito scolastico. A queste positivit\u00e0 emergenti si associano ulteriori positivit\u00e0 derivanti dalla sorveglianza nelle classi coinvolte, attivata in adesione al protocollo nazionale, con emersione di alcuni casi asintomatici. <\/span><span style=\"color: #00000a;\"><span style=\"font-family: Calibri, serif;\"><span style=\"font-size: small;\"><span style=\"color: #c9211e;\"><span style=\"font-size: large;\"><u><b>Incidenza settimanale\u00a0 <\/b><\/u><\/span><\/span><\/span><\/span><\/span><span style=\"font-size: medium; color: #000000; font-family: Calibri, serif;\">28,5 casi su 100 mila abitanti, inferiore all&#8217;incidenza nazionale (37,4 su 100 mila abitanti). <\/span><span style=\"color: #00000a;\"><span style=\"font-family: Calibri, serif;\"><span style=\"font-size: small;\"><span style=\"color: #c9211e;\"><span style=\"font-size: medium;\"><u><b>Focolaio nel Comune di Longarone <\/b><\/u><\/span><\/span><\/span><\/span><\/span><span style=\"color: #00000a;\"><span style=\"font-family: Calibri, serif;\"><span style=\"font-size: small;\"><span style=\"color: #000000;\"><span style=\"font-size: medium;\">La cartina tematica\u00a0 mette in evidenza, per il Comune di Longarone, un\u2019incidenza particolarmente significativa determinata da un focolaio epidemico giovanile insorto in ambito scolastico e diffuso ad altri contesti. Pi\u00f9 in dettaglio, venerd\u00ec 22 ottobre \u00e8 emersa una positivit\u00e0 covid in un bambino con sintomatologia respiratoria minore sottoposta a tampone. Come di prassi, tutti i compagni di classe (scuola elementare di Catellavazzo) sono stati presi in carico e controllati, in adesione ai protocolli di settore. I controlli hanno messo in evidenza 9 ulteriori positivit\u00e0 afferenti alla classe frequentata \u201cdal caso indice\u201d . Gli ulteriori controlli, a cerchi concentrici, dei contesti frequentati da questi 9 nuovi positivi covid hanno fatto emergere altre 11 positivit\u00e0 (alcune evidenziate stamane). Sono in corso indagini epidemiologiche approfondite finalizzate a valutare l\u2019effettiva riconducibilit\u00e0 di tutta la casistica al caso indice sopraindicato (non \u00e8 escluso un doppio focolaio parallelo con due casi indice). <\/span><\/span><\/span><\/span><\/span><span style=\"color: #00000a;\"><span style=\"font-family: Calibri, serif;\"><span style=\"font-size: small;\"><span style=\"color: #c9211e;\"><span style=\"font-size: medium;\"><u><b>Tamponi <\/b><\/u><\/span><\/span><\/span><\/span><\/span><span style=\"color: #00000a;\"><span style=\"font-family: Calibri, serif;\"><span style=\"font-size: small;\"><span style=\"color: #000000;\"><span style=\"font-size: medium;\">Dall\u2019inizio dell\u2019epidemia, dell\u2019Ulss Dolomiti ha eseguito: <\/span><\/span><\/span><\/span><\/span><span style=\"font-size: medium; color: #000000; font-family: Calibri, serif;\">352 mila tamponi molecolari, <\/span><span style=\"font-size: small; font-family: Calibri, serif; color: #000000;\"><span style=\"font-size: medium;\">254 mila tamponi antigenici<\/span><\/span><span style=\"font-size: small; font-family: Calibri, serif; color: #00000a;\"> (<\/span><span style=\"font-size: small; font-family: Calibri, serif; color: #000000;\"><span style=\"font-size: medium;\">non ancora registrati i tamponi antigenici eseguiti nel weekend)\u00a0<\/span><\/span><span style=\"color: #00000a;\"><span style=\"font-family: Calibri, serif;\"><span style=\"font-size: small;\"><span style=\"color: #c9211e;\"><span style=\"font-size: medium;\"><b>Terapia con anticorpi monoclonali\u00a0 <\/b><\/span><\/span><\/span><\/span><\/span><span style=\"color: #00000a;\"><span style=\"font-family: Calibri, serif;\"><span style=\"font-size: small;\"><span style=\"font-size: medium;\">sono state trattate con anticorpi monoclonali dall\u2019Unit\u00e0 Operativa di Malattie Infettive di Belluno <\/span><span style=\"color: #000000;\"><span style=\"font-size: medium;\"><b>96<\/b><\/span><\/span><span style=\"font-size: medium;\"> persone. <\/span><\/span><\/span><\/span><span style=\"font-family: Calibri, serif; color: #00000a; font-size: medium;\">Nella settimana qui analizzata sono stati somministrati <\/span><span style=\"font-family: Calibri, serif; color: #00000a; font-size: medium;\"><b>4<\/b><\/span><span style=\"font-family: Calibri, serif; color: #00000a; font-size: medium;\"> trattamenti con monoclonali. <\/span><span style=\"color: #00000a;\"><span style=\"font-family: Calibri, serif;\"><span style=\"font-size: small;\"><span style=\"color: #c9211e;\"><span style=\"font-size: medium;\"><b>Ricoveri <\/b><\/span><\/span><\/span><\/span><\/span><span style=\"color: #00000a;\"><span style=\"font-family: Calibri, serif;\"><span style=\"font-size: small;\"><span style=\"color: #000000;\"><span style=\"font-size: medium;\">Sono attualmente ricoverati al San Martino di Belluno 5 pazienti attualmente Covid positivi <\/span><\/span><span style=\"font-size: medium;\">in area non critica di anni 51, 70, 73, 84, 84. <\/span><\/span><\/span><\/span><span style=\"color: #00000a;\"><span style=\"font-family: Calibri, serif;\"><span style=\"font-size: small;\"><span style=\"font-size: medium;\">Al momento le terapie intensive non hanno persone covid positive ricoverate.\u00a0<\/span><\/span><\/span><\/span><\/p>\n\n\t\t\t<style type='text\/css'>\n\t\t\t\t#gallery-1 {\n\t\t\t\t\tmargin: auto;\n\t\t\t\t}\n\t\t\t\t#gallery-1 .gallery-item {\n\t\t\t\t\tfloat: left;\n\t\t\t\t\tmargin-top: 10px;\n\t\t\t\t\ttext-align: center;\n\t\t\t\t\twidth: 50%;\n\t\t\t\t}\n\t\t\t\t#gallery-1 img {\n\t\t\t\t\tborder: 2px solid #cfcfcf;\n\t\t\t\t}\n\t\t\t\t#gallery-1 .gallery-caption {\n\t\t\t\t\tmargin-left: 0;\n\t\t\t\t}\n\t\t\t\t\/* see gallery_shortcode() in wp-includes\/media.php *\/\n\t\t\t<\/style>\n\t\t<div id='gallery-1' class='dt-gallery-container gallery galleryid-238991 gallery-columns-2 gallery-size-medium'><dl class='gallery-item'>\n\t\t\t\t<dt class='gallery-icon landscape'>\n\t\t\t\t\t<a class=\"rollover\" href='https:\/\/www.radiopiu.net\/wordpress\/focolaio-covid-nel-comune-di-longarone-incidenza-285-su-100-mila-abitanti\/111-8\/'><img loading=\"lazy\" decoding=\"async\" width=\"300\" height=\"131\" src=\"https:\/\/www.radiopiu.net\/wordpress\/wp-content\/uploads\/2021\/10\/111-300x131.jpg\" class=\"attachment-medium size-medium\" alt=\"\" srcset=\"https:\/\/www.radiopiu.net\/wordpress\/wp-content\/uploads\/2021\/10\/111-300x131.jpg 300w, https:\/\/www.radiopiu.net\/wordpress\/wp-content\/uploads\/2021\/10\/111-1024x447.jpg 1024w, https:\/\/www.radiopiu.net\/wordpress\/wp-content\/uploads\/2021\/10\/111-768x336.jpg 768w, https:\/\/www.radiopiu.net\/wordpress\/wp-content\/uploads\/2021\/10\/111.jpg 1069w\" sizes=\"auto, (max-width: 300px) 100vw, 300px\" \/><\/a>\n\t\t\t\t<\/dt><\/dl><dl class='gallery-item'>\n\t\t\t\t<dt class='gallery-icon landscape'>\n\t\t\t\t\t<a class=\"rollover\" href='https:\/\/www.radiopiu.net\/wordpress\/focolaio-covid-nel-comune-di-longarone-incidenza-285-su-100-mila-abitanti\/3333-4\/'><img loading=\"lazy\" decoding=\"async\" width=\"300\" height=\"194\" src=\"https:\/\/www.radiopiu.net\/wordpress\/wp-content\/uploads\/2021\/10\/3333-300x194.jpg\" class=\"attachment-medium size-medium\" alt=\"\" srcset=\"https:\/\/www.radiopiu.net\/wordpress\/wp-content\/uploads\/2021\/10\/3333-300x194.jpg 300w, https:\/\/www.radiopiu.net\/wordpress\/wp-content\/uploads\/2021\/10\/3333-768x497.jpg 768w, https:\/\/www.radiopiu.net\/wordpress\/wp-content\/uploads\/2021\/10\/3333.jpg 1024w\" sizes=\"auto, (max-width: 300px) 100vw, 300px\" \/><\/a>\n\t\t\t\t<\/dt><\/dl><br style=\"clear: both\" \/>\n\t\t\t<\/div>\n\n","protected":false},"excerpt":{"rendered":"<p>l\u2019intera scuola primaria di Castellavazzo \u00e8 stata disposta la sospensione temporanea delle attivit\u00e0 della struttura. Nuovi casi a Longarone (piu&#8217; di 200), Auronzo, Sovramonte, Feltre, Limana, Seren del Grappa (51-100), Val di Zoldo, Sedico, Belluno, Santa Giustina, Borgo Valbelluna, Ponte nelle Alpi, Fonzaaso e Alpago (1-50) BELLUNO Consueto aggiornamento settimanale dalla Ulss1 Dolomiti,\u00a0 145 gli&hellip;<\/p>\n","protected":false},"author":4,"featured_media":238992,"comment_status":"closed","ping_status":"open","sticky":false,"template":"","format":"standard","meta":{"_monsterinsights_skip_tracking":false,"_monsterinsights_sitenote_active":false,"_monsterinsights_sitenote_note":"","_monsterinsights_sitenote_category":0,"footnotes":""},"categories":[51,49],"tags":[],"class_list":["post-238991","post","type-post","status-publish","format-standard","has-post-thumbnail","hentry","category-evidenza-top","category-news-18","category-51","category-49","description-off"],"img_url":"https:\/\/www.radiopiu.net\/wordpress\/wp-content\/uploads\/2021\/10\/2222.jpg","_links":{"self":[{"href":"https:\/\/www.radiopiu.net\/wordpress\/wp-json\/wp\/v2\/posts\/238991","targetHints":{"allow":["GET"]}}],"collection":[{"href":"https:\/\/www.radiopiu.net\/wordpress\/wp-json\/wp\/v2\/posts"}],"about":[{"href":"https:\/\/www.radiopiu.net\/wordpress\/wp-json\/wp\/v2\/types\/post"}],"author":[{"embeddable":true,"href":"https:\/\/www.radiopiu.net\/wordpress\/wp-json\/wp\/v2\/users\/4"}],"replies":[{"embeddable":true,"href":"https:\/\/www.radiopiu.net\/wordpress\/wp-json\/wp\/v2\/comments?post=238991"}],"version-history":[{"count":0,"href":"https:\/\/www.radiopiu.net\/wordpress\/wp-json\/wp\/v2\/posts\/238991\/revisions"}],"wp:featuredmedia":[{"embeddable":true,"href":"https:\/\/www.radiopiu.net\/wordpress\/wp-json\/wp\/v2\/media\/238992"}],"wp:attachment":[{"href":"https:\/\/www.radiopiu.net\/wordpress\/wp-json\/wp\/v2\/media?parent=238991"}],"wp:term":[{"taxonomy":"category","embeddable":true,"href":"https:\/\/www.radiopiu.net\/wordpress\/wp-json\/wp\/v2\/categories?post=238991"},{"taxonomy":"post_tag","embeddable":true,"href":"https:\/\/www.radiopiu.net\/wordpress\/wp-json\/wp\/v2\/tags?post=238991"}],"curies":[{"name":"wp","href":"https:\/\/api.w.org\/{rel}","templated":true}]}}