{"id":239036,"date":"2021-10-27T13:01:35","date_gmt":"2021-10-27T11:01:35","guid":{"rendered":"https:\/\/www.radiopiu.net\/wordpress\/?p=239036"},"modified":"2021-10-28T06:08:16","modified_gmt":"2021-10-28T04:08:16","slug":"ilgraziedeigenitori","status":"publish","type":"post","link":"https:\/\/www.radiopiu.net\/wordpress\/ilgraziedeigenitori\/","title":{"rendered":"ANDREA RIPOSERA&#8217; NELLA SUA CANALE D&#8217;AGORDO, la famiglia ringrazia per la tanta solidariet\u00e0 dimostrata"},"content":{"rendered":"<p>&nbsp;<\/p>\n<p><strong><a href=\"https:\/\/www.radiopiu.net\/wordpress\/andrea-riposera-nella-sua-canale-dagordo\/29541297_10155182675430824_7415220302643166329_n\/\" rel=\"attachment wp-att-239373\"><img loading=\"lazy\" decoding=\"async\" class=\" wp-image-239373 alignleft\" src=\"https:\/\/www.radiopiu.net\/wordpress\/wp-content\/uploads\/2021\/10\/29541297_10155182675430824_7415220302643166329_n-300x300.jpg\" alt=\"\" width=\"221\" height=\"221\" srcset=\"https:\/\/www.radiopiu.net\/wordpress\/wp-content\/uploads\/2021\/10\/29541297_10155182675430824_7415220302643166329_n-300x300.jpg 300w, https:\/\/www.radiopiu.net\/wordpress\/wp-content\/uploads\/2021\/10\/29541297_10155182675430824_7415220302643166329_n-150x150.jpg 150w, https:\/\/www.radiopiu.net\/wordpress\/wp-content\/uploads\/2021\/10\/29541297_10155182675430824_7415220302643166329_n.jpg 542w\" sizes=\"auto, (max-width: 221px) 100vw, 221px\" \/><\/a>CANALE D&#8217;AGORDO<\/strong> Ieri nella chiesa di San Gervasio a Belluno \u00e8 stata celebrata la messa per Andrea Fiocco, nei prossimi giorni, gi\u00e0 la prossima settimana a cremazione avvenuta,\u00a0 le ceneri verranno tumulate nel cimitero di Canale d&#8217;Agordo come comunicato dalla famiglia. In questi giorni di grande dolore a Canale d&#8217;Agordo sono arrivati tanti messaggi di cordoglio, di solidariet\u00e0 umana, un abbraccio al cuore importante che aiuta. Il pap\u00e0 Gianni e la mamma Lucia nell&#8217;impossibilit\u00e0 di farlo personalmente rivolgono a tutti voi il grazie per l&#8217;affetto dimostrato verso Andrea, per i ricordi che vi portate nel cuore accompagnando un amico nel lungo viaggio. Un messaggio per tutti, di Roberto: <em>&#8220;Ciao amico mio\u2026 spero che tu ora abbia trovato la tua pace.\u00a0 Ti ricorder\u00f2 buono e solare come ti ho conosciuto tanti anni fa, riposa in pace.&#8221;<\/em><\/p>\n<p>&nbsp;<\/p>\n<p>&nbsp;<\/p>\n<p>&nbsp;<\/p>\n<p>&nbsp;<\/p>\n<p>&nbsp;<\/p>\n<p>&#8212;&#8212;<\/p>\n<p>notiziario del 26 ottobre 2021<\/p>\n<p><strong>CANALE D&#8217;AGORDO<\/strong> Il pap\u00e0, la mamma e tutti coloro che hanno saputo volergli bene accompagneranno oggi nell&#8217;ultimo viaggio Andrea Fiocco, mancato improvvisamente a soli 49 anni. Un paese si stringe ai famigliari in giorni di grande dolore. Il funerale alle 14 nella chiesa di San Gervasio a Belluno, le spoglie proseguiranno poi per la cremazione, quindi saranno tumulate nel cimitero di Canale d&#8217;Agordo. Nel rispetto delle norme covid la famiglia chiede di lasciare la precedenza ai parenti con un grazie a tutti coloro che in ogni forma e modo sapranno unirsi all&#8217;immenso dolore per onorarne la memoria. Che la terra ti sia lieve, Andrea.<\/p>\n<p><a href=\"https:\/\/www.radiopiu.net\/wordpress\/andrea-riposera-nella-sua-canale-dagordo\/238c941b-b578-4f7e-a4df-c0682bfa0a8c\/\" rel=\"attachment wp-att-239037\"><img loading=\"lazy\" decoding=\"async\" class=\"alignnone size-medium wp-image-239037\" src=\"https:\/\/www.radiopiu.net\/wordpress\/wp-content\/uploads\/2021\/10\/238c941b-b578-4f7e-a4df-c0682bfa0a8c-169x300.jpg\" alt=\"\" width=\"169\" height=\"300\" srcset=\"https:\/\/www.radiopiu.net\/wordpress\/wp-content\/uploads\/2021\/10\/238c941b-b578-4f7e-a4df-c0682bfa0a8c-169x300.jpg 169w, https:\/\/www.radiopiu.net\/wordpress\/wp-content\/uploads\/2021\/10\/238c941b-b578-4f7e-a4df-c0682bfa0a8c-576x1024.jpg 576w, https:\/\/www.radiopiu.net\/wordpress\/wp-content\/uploads\/2021\/10\/238c941b-b578-4f7e-a4df-c0682bfa0a8c-768x1365.jpg 768w, https:\/\/www.radiopiu.net\/wordpress\/wp-content\/uploads\/2021\/10\/238c941b-b578-4f7e-a4df-c0682bfa0a8c-864x1536.jpg 864w, https:\/\/www.radiopiu.net\/wordpress\/wp-content\/uploads\/2021\/10\/238c941b-b578-4f7e-a4df-c0682bfa0a8c.jpg 1080w\" sizes=\"auto, (max-width: 169px) 100vw, 169px\" \/><\/a><\/p>\n","protected":false},"excerpt":{"rendered":"<p>&nbsp; CANALE D&#8217;AGORDO Ieri nella chiesa di San Gervasio a Belluno \u00e8 stata celebrata la messa per Andrea Fiocco, nei prossimi giorni, gi\u00e0 la prossima settimana a cremazione avvenuta,\u00a0 le ceneri verranno tumulate nel cimitero di Canale d&#8217;Agordo come comunicato dalla famiglia. In questi giorni di grande dolore a Canale d&#8217;Agordo sono arrivati tanti messaggi&hellip;<\/p>\n","protected":false},"author":4,"featured_media":239373,"comment_status":"closed","ping_status":"open","sticky":false,"template":"","format":"standard","meta":{"_monsterinsights_skip_tracking":false,"_monsterinsights_sitenote_active":false,"_monsterinsights_sitenote_note":"","_monsterinsights_sitenote_category":0,"footnotes":""},"categories":[49],"tags":[],"class_list":["post-239036","post","type-post","status-publish","format-standard","has-post-thumbnail","hentry","category-news-18","category-49","description-off"],"img_url":"https:\/\/www.radiopiu.net\/wordpress\/wp-content\/uploads\/2021\/10\/29541297_10155182675430824_7415220302643166329_n.jpg","_links":{"self":[{"href":"https:\/\/www.radiopiu.net\/wordpress\/wp-json\/wp\/v2\/posts\/239036","targetHints":{"allow":["GET"]}}],"collection":[{"href":"https:\/\/www.radiopiu.net\/wordpress\/wp-json\/wp\/v2\/posts"}],"about":[{"href":"https:\/\/www.radiopiu.net\/wordpress\/wp-json\/wp\/v2\/types\/post"}],"author":[{"embeddable":true,"href":"https:\/\/www.radiopiu.net\/wordpress\/wp-json\/wp\/v2\/users\/4"}],"replies":[{"embeddable":true,"href":"https:\/\/www.radiopiu.net\/wordpress\/wp-json\/wp\/v2\/comments?post=239036"}],"version-history":[{"count":0,"href":"https:\/\/www.radiopiu.net\/wordpress\/wp-json\/wp\/v2\/posts\/239036\/revisions"}],"wp:featuredmedia":[{"embeddable":true,"href":"https:\/\/www.radiopiu.net\/wordpress\/wp-json\/wp\/v2\/media\/239373"}],"wp:attachment":[{"href":"https:\/\/www.radiopiu.net\/wordpress\/wp-json\/wp\/v2\/media?parent=239036"}],"wp:term":[{"taxonomy":"category","embeddable":true,"href":"https:\/\/www.radiopiu.net\/wordpress\/wp-json\/wp\/v2\/categories?post=239036"},{"taxonomy":"post_tag","embeddable":true,"href":"https:\/\/www.radiopiu.net\/wordpress\/wp-json\/wp\/v2\/tags?post=239036"}],"curies":[{"name":"wp","href":"https:\/\/api.w.org\/{rel}","templated":true}]}}