{"id":239081,"date":"2021-10-27T05:30:14","date_gmt":"2021-10-27T03:30:14","guid":{"rendered":"https:\/\/www.radiopiu.net\/wordpress\/?p=239081"},"modified":"2021-10-27T09:46:56","modified_gmt":"2021-10-27T07:46:56","slug":"giornale-radiopiu-27-ottobre-2021-direttore-mirko-mezzacasa","status":"publish","type":"post","link":"https:\/\/www.radiopiu.net\/wordpress\/giornale-radiopiu-27-ottobre-2021-direttore-mirko-mezzacasa\/","title":{"rendered":"GIORNALE RADIOPIU 27 OTTOBRE 2021 DIRETTORE MIRKO MEZZACASA"},"content":{"rendered":"<h3 class=\"kvgmc6g5 cxmmr5t8 oygrvhab hcukyx3x c1et5uql\"><span style=\"color: #0000ff;\">INFORMAZIONE il canale su TELEGRAM informazione di prima mano e in tempo reale. iscriviti ed aiutaci a farlo conoscere\u00a0 \u00a0<\/span><\/h3>\n<p>&nbsp;<\/p>\n<hr \/>\n<p>&nbsp;<\/p>\n<blockquote>\n<h3>STRADA DEL DURAN, OLTRE UN MESE DI DISAGI<\/h3>\n<\/blockquote>\n<div class=\"bubble is-read hide-name is-out can-have-tail is-group-first\" data-mid=\"5233770495\" data-peer-id=\"-1478820725\" data-timestamp=\"1634889909\">\n<div class=\"bubble-content-wrapper\">\n<div class=\"bubble-content\">\n<p class=\"message\" dir=\"auto\"><span style=\"color: #ff0000;\">PROVINCIALE 347 PASSO DURAN<\/span> interdizione totale dalle 8 alle 12 e dalle 13.30 alle 17.30 esclusi sabati e domeniche, fino ale 04 dicembre, nelle altre fasce orarie senso unico alternato, in localit\u00e0 Dont SP 347 DURAN E CEREDA Fino al 12 novembre chiusura totale in localit\u00e0 Caleda &#8211; comune di La Valle Agordina &#8211; dalle 8 alle 12 e dalle 13.30 alle 17.30 esclusi festivi e prefestivi, in tutti gli altri orari senso unico alternato<\/p>\n<\/div>\n<\/div>\n<\/div>\n<div class=\"bubble is-read hide-name is-out can-have-tail is-group-last\" data-mid=\"5233836031\" data-peer-id=\"-1478820725\" data-timestamp=\"1634889998\">\n<div class=\"bubble-content-wrapper\">\n<div class=\"bubble-content\">\n<p class=\"message\" dir=\"auto\"><span style=\"color: #ff0000;\">PROVINCIALE 635 SAN BOLDO<\/span> interdizione totale in localit\u00e0 Ponte Tuora (Trichiana) dal 26 al 29 ottobre, dalle 845 alle 11.30 e dalle 14.45 alle 17.30<\/p>\n<hr \/>\n<div class=\"kvgmc6g5 cxmmr5t8 oygrvhab hcukyx3x c1et5uql\">\n<blockquote>\n<h3><a href=\"https:\/\/www.radiopiu.net\/wordpress\/giornale-radiopiu-16-giugno-2021-direttore-mirko-mezzacasa\/th-140\/\" rel=\"attachment wp-att-216173\"><img loading=\"lazy\" decoding=\"async\" class=\"wp-image-216173 alignleft\" src=\"https:\/\/www.radiopiu.net\/wordpress\/wp-content\/uploads\/2021\/06\/th-13.jpg\" alt=\"\" width=\"126\" height=\"84\" \/><\/a><\/h3>\n<h3><\/h3>\n<h3>INTERRUZIONI ENEL PROGRAMMATE, PER LAVORI<\/h3>\n<\/blockquote>\n<\/div>\n<p><span style=\"color: #ff0000;\">VENERDI 29 OTTOBRE<\/span>\u00a0 dalle 12 alle 14.30 a Gosaldo vie Pette, Masoch e Nagarei<\/p>\n<p><span style=\"color: #ff0000;\">SABATO 30 OTTOBRE<\/span> dalle 9 alle 13 a Selva di Cadore nelle localit\u00e0 Palui di Pescul (civici 2-1 e sinistra) Peronaz (sinistra) e Pescul (sinistra)<\/p>\n<p>&nbsp;<\/p>\n<hr \/>\n<p>&nbsp;<\/p>\n<p><a class=\"dt-pswp-item\" href=\"https:\/\/www.radiopiu.net\/wordpress\/wp-content\/uploads\/2021\/10\/248992257_4824054937618843_5433078902079404836_n.jpg\" data-dt-img-description=\"\" data-large_image_width=\"556\" data-large_image_height=\"794\"><img loading=\"lazy\" decoding=\"async\" class=\"size-thumbnail wp-image-239322 alignleft\" src=\"https:\/\/www.radiopiu.net\/wordpress\/wp-content\/uploads\/2021\/10\/248992257_4824054937618843_5433078902079404836_n-150x150.jpg\" alt=\"\" width=\"150\" height=\"150\" \/><\/a><strong>LA CURIOSITA&#8217; 1<\/strong><\/p>\n<p><strong>VENEZIA_FALCADE<\/strong> Alla Scuola Grande di San Rocco continua l\u2019esposizione di Franco Murer I Protagonisti della battaglia per ricordare i 450 anni della battaglia di Lepanto, sar\u00e0 possibile visitarla fino al 1 Novembre 2021.<\/p>\n<p>&nbsp;<\/p>\n<p>&nbsp;<\/p>\n<p><a class=\"dt-pswp-item\" href=\"https:\/\/www.radiopiu.net\/wordpress\/wp-content\/uploads\/2021\/10\/249196495_4594465960613963_238630452852682029_n.jpg\" data-dt-img-description=\"\" data-large_image_width=\"960\" data-large_image_height=\"706\"><img loading=\"lazy\" decoding=\"async\" class=\"size-thumbnail wp-image-239324 alignleft\" src=\"https:\/\/www.radiopiu.net\/wordpress\/wp-content\/uploads\/2021\/10\/249196495_4594465960613963_238630452852682029_n-150x150.jpg\" alt=\"\" width=\"150\" height=\"150\" \/><\/a><strong>LA CURIOSITA&#8217; 2\u00a0<\/strong><\/p>\n<p><strong>TRENTO AGORDO<\/strong> Mentre il film \u00e8 in selezione ufficiale al Castel Volturno Filmfestival, l\u2019anteprima di \u201cFra due Battiti\u201d al cinema di Trento ha dato il via al viaggio tra molti altri grandi schermi\u2026<\/p>\n<p>&nbsp;<\/p>\n<p>&nbsp;<\/p>\n<p>&nbsp;<\/p>\n<p><strong><a class=\"dt-pswp-item\" href=\"https:\/\/www.radiopiu.net\/wordpress\/wp-content\/uploads\/2021\/10\/247541021_2073643099458134_3461690371403487119_n.jpg\" data-dt-img-description=\"\" data-large_image_width=\"1445\" data-large_image_height=\"960\"><img loading=\"lazy\" decoding=\"async\" class=\"size-thumbnail wp-image-239326 alignleft\" src=\"https:\/\/www.radiopiu.net\/wordpress\/wp-content\/uploads\/2021\/10\/247541021_2073643099458134_3461690371403487119_n-150x150.jpg\" alt=\"\" width=\"150\" height=\"150\" \/><\/a>LA CURIOSITA&#8217; 3\u00a0<\/strong><\/p>\n<div dir=\"auto\"><strong>CANALE D&#8217;AGORDO<\/strong> Il giardino di casa Luciani cambia aspetto per accogliere al meglio i suoi visitatori, \u00a0il Museo Albino Luciani e la Casa Natale saranno aperti su orario solo fino al 31 ottobre (successivamente solo previa prenotazione). Chiusi il 1 novembre.<\/div>\n<div dir=\"auto\"><\/div>\n<p>&nbsp;<\/p>\n<p>&nbsp;<\/p>\n<p><a class=\"dt-pswp-item\" href=\"https:\/\/www.radiopiu.net\/wordpress\/wp-content\/uploads\/2021\/10\/248377760_1470218983347347_2661002696649458562_n.jpg\" data-dt-img-description=\"\" data-large_image_width=\"843\" data-large_image_height=\"1124\"><img loading=\"lazy\" decoding=\"async\" class=\"size-thumbnail wp-image-239328 alignleft\" src=\"https:\/\/www.radiopiu.net\/wordpress\/wp-content\/uploads\/2021\/10\/248377760_1470218983347347_2661002696649458562_n-150x150.jpg\" alt=\"\" width=\"150\" height=\"150\" \/><\/a><strong>LA CURIOSITA&#8217; 4<\/strong><\/p>\n<p>FOTO DI ROBERTO SUDIERO<br \/>\n<strong>QUERO<\/strong> \u00a0fauna del Piave<\/p>\n<p>&nbsp;<\/p>\n<p>&nbsp;<\/p>\n<p>&nbsp;<\/p>\n<p>&nbsp;<\/p>\n<p>&nbsp;<\/p>\n<hr \/>\n<p>&nbsp;<\/p>\n<p><strong><a href=\"https:\/\/www.radiopiu.net\/wordpress\/giornale-radiopiu-16-giugno-2021-direttore-mirko-mezzacasa\/th-139\/\" rel=\"attachment wp-att-216172\"><img loading=\"lazy\" decoding=\"async\" class=\"wp-image-216172 alignleft\" src=\"https:\/\/www.radiopiu.net\/wordpress\/wp-content\/uploads\/2021\/06\/th-12.jpg\" alt=\"\" width=\"220\" height=\"146\" \/><\/a> <\/strong><\/p>\n<p><strong>\u00a0<\/strong><\/p>\n<p><strong>CENCENIGHE<\/strong> Gestione Servizi Pubblici informa che, per lavori alla rete idrica comunale, DOMANI dalle\u00a0 08:00 alle 17:00 potrebbe mancare l&#8217;acqua a CENCENIGHE AGORDINO, nelle loc. BOGO, MARTIN, CAVARZAN, COLESIN e PASCOLI. Il personale addetto operer\u00e0 per limitare il pi\u00f9 possibile i disagi alla popolazione<\/p>\n<p>&nbsp;<\/p>\n<p>&nbsp;<\/p>\n<hr \/>\n<p>&nbsp;<\/p>\n<blockquote>\n<h3>PISOLIVA DIMENTICATA, IERI COME OGGI E TRE ANNI DI PROMESSE<\/h3>\n<p>&nbsp;<\/p><\/blockquote>\n<p><b><a href=\"https:\/\/www.radiopiu.net\/wordpress\/giornale-radiopiu-27-ottobre-2021-direttore-mirko-mezzacasa\/32d97d62-7f0f-4ec3-a55a-e3de3b1327c2-2\/\" rel=\"attachment wp-att-239207\"><img loading=\"lazy\" decoding=\"async\" class=\" wp-image-239207 alignleft\" src=\"https:\/\/www.radiopiu.net\/wordpress\/wp-content\/uploads\/2021\/10\/32d97d62-7f0f-4ec3-a55a-e3de3b1327c2-1-300x225.jpg\" alt=\"\" width=\"273\" height=\"205\" srcset=\"https:\/\/www.radiopiu.net\/wordpress\/wp-content\/uploads\/2021\/10\/32d97d62-7f0f-4ec3-a55a-e3de3b1327c2-1-300x225.jpg 300w, https:\/\/www.radiopiu.net\/wordpress\/wp-content\/uploads\/2021\/10\/32d97d62-7f0f-4ec3-a55a-e3de3b1327c2-1-1024x768.jpg 1024w, https:\/\/www.radiopiu.net\/wordpress\/wp-content\/uploads\/2021\/10\/32d97d62-7f0f-4ec3-a55a-e3de3b1327c2-1-768x576.jpg 768w, https:\/\/www.radiopiu.net\/wordpress\/wp-content\/uploads\/2021\/10\/32d97d62-7f0f-4ec3-a55a-e3de3b1327c2-1-1536x1152.jpg 1536w, https:\/\/www.radiopiu.net\/wordpress\/wp-content\/uploads\/2021\/10\/32d97d62-7f0f-4ec3-a55a-e3de3b1327c2-1.jpg 1600w\" sizes=\"auto, (max-width: 273px) 100vw, 273px\" \/><\/a>CANALE D&#8217;AGORDO <\/b>Quando Fabio Fenti l&#8217;ultima volta a Pisoliva ci disse <em>&#8220;ci risentiamo alla prossima puntata&#8221;<\/em> la risposta fu <em>&#8220;speriamo di no&#8221;<\/em>.\u00a0 Purtroppo con Fabio ci siamo risentiti ma non per brindare ad una situazione risolta, piuttosto per ribadire il nulla di fatto a tre anni da Vaia. Mancano pochi giorni all&#8217;anniversario e la constatazione \u00e8 di quelle da masticare amaro <em>&#8220;Per l&#8217; ormai imminente anniversario di Vaia ecco l&#8217;aggiornamento sullo stato d&#8217;avanzamento dei lavori, un cartello a memoria con riportato VAIA 2018-2021 E POI SOLO PROMESSE. Sollevare polvere serve a ben poco ma non \u00e8 giusto stare sempre zitti. Forse potrei rivolgermi a Babbo Natale, ci sto pensando seriamente chiss\u00e0 che non\u00a0 riesca a provvedere dove altri si sono limitati a tristi promesse&#8221;.<\/em><\/p>\n<p><strong>MAGGIO 2021<\/strong><\/p>\n<p>L&#8217;ultima volta dicevamo. Con Fabio c&#8217;eravamo sentiti A Pisoliva che era estate, a maggio, allora avevamo colto tanta delusione per una storia infinita perch\u00e9 in quella casa ieri come oggi dai giorni di Vaia non \u00e8 cambiato nulla. Nei mesi subito successivi era stato fatto un primo intervento con la collocazione di grossi sassi, creando una scogliera a protezione della strada comunale che sale verso le frazioni. Dopo d&#8217;allora sono stati fatti\u00a0 sopralluoghi, rilievi, si sono attivati gli enti competenti e sono stati stanziati i soldi per i lavori. Sono seguite tante chiacchiere e promesse fino ad arrivare alla primavera 2020, quando tutto sembrava ad una svolta. La Provincia avendo difficolt\u00e0 a seguire e a far eseguire i lavori chiese al Comune di Canale d&#8217;Agordo di farsi carico dell&#8217; incombenza. A maggio 2020 sembrava tutto incanalato per il verso giusto compreso\u00a0 progetto e\u00a0 finanziamento,\u00a0 sembrava\u00a0 tutto semplice.\u00a0 \u00a0Invece l&#8217;ufficio complicazioni \u00e8 entrato in azione.<em> &#8220;Mi hanno detto &#8211; dice Fabio Fenti &#8211; che era necessario aspettare\u00a0 le elezioni regionali\u00a0 con la nuova Giunta e un nuovo responsabile ma colpo di scena, sono spariti i soldi ed \u00e8\u00a0 passato un&#8217; altro inverno,\u00a0 il Comune ha sollecitato scrivendo e documentando la situazione visto che il pendio era ed \u00e8\u00a0 in movimento. Alla presa d&#8217; atto del sollecito qualcuno in Regione, si sarebbe arrabbiato credendo che la Provincia l&#8217; intervento l&#8217;avesse gi\u00e0 ultimato&#8221;.<\/em> Da qui la decisione di procedere in somma urgenza. Per questo Fabio Fenti e la sua famiglia hanno atteso con fiducia l&#8217; inizio dei lavori previsto per fine maggio, ma immancabile un altro colpo di scena: intervento da finanziare attraverso la Regione con fondi Vaia pertanto addio alla somma urgenza.\u00a0 E&#8217; passata un&#8217;altra estate con inevitabili colate di acqua, fango e sassi. <em>&#8220;Fino ad ora\u00a0 &#8211; ci spiega Fabio &#8211; mi sono salvato\u00a0 solo grazie ad un riparo con tavolini e un canale fatto con pala e piccone,\u00a0 servir\u00e0 ben poco se dovesse scendere il materiale gi\u00e0 in movimento. Specifico che per una questione di scadenza dei termini abbiamo dovuto provvedere al rifacimento della facciata dell&#8217;abitazione e alla sostituzione del mio portone d&#8217; ingresso, sfondato dall&#8217; evento Vaia. Io sono stufo, demoralizzato e mi chiedo cosa si aspetti ancora. Sono tre anni che convivo con questa situazione e vorrei si arrivasse ad una soluzione&#8221;.<\/em><\/p>\n<div class=\"l9j0dhe7\" role=\"row\">\n<div class=\"\">\n<div class=\"j83agx80 cbu4d94t l9j0dhe7\" tabindex=\"0\" role=\"gridcell\" data-scope=\"messages_table\" data-release-focus-from=\"CLICK\">\n<div class=\"j83agx80\" role=\"none\">\n<div class=\"j83agx80 buofh1pr e409flbk\" role=\"none\" data-testid=\"message-container\">\n<div class=\"ns4p8fja j83agx80 cbu4d94t a6sixzi8 bkfpd7mw a1xu1aao nred35xi\" role=\"none\">\n<div class=\"ns4p8fja j83agx80 cbu4d94t a6sixzi8 bkfpd7mw d2edcug0 kb5gq1qc nred35xi\" role=\"none\"><\/div>\n<div role=\"none\">\n\n\t\t\t<style type='text\/css'>\n\t\t\t\t#gallery-1 {\n\t\t\t\t\tmargin: auto;\n\t\t\t\t}\n\t\t\t\t#gallery-1 .gallery-item {\n\t\t\t\t\tfloat: left;\n\t\t\t\t\tmargin-top: 10px;\n\t\t\t\t\ttext-align: center;\n\t\t\t\t\twidth: 33%;\n\t\t\t\t}\n\t\t\t\t#gallery-1 img {\n\t\t\t\t\tborder: 2px solid #cfcfcf;\n\t\t\t\t}\n\t\t\t\t#gallery-1 .gallery-caption {\n\t\t\t\t\tmargin-left: 0;\n\t\t\t\t}\n\t\t\t\t\/* see gallery_shortcode() in wp-includes\/media.php *\/\n\t\t\t<\/style>\n\t\t<div id='gallery-1' class='dt-gallery-container gallery galleryid-239081 gallery-columns-3 gallery-size-medium'><dl class='gallery-item'>\n\t\t\t\t<dt class='gallery-icon landscape'>\n\t\t\t\t\t<a class=\"rollover rollover-zoom dt-pswp-item\" title=\"191169351_308700514200255_300833108349920521_n\" data-dt-img-description=\"\" data-large_image_width=\"396\" data-large_image_height=\"206\"href='https:\/\/www.radiopiu.net\/wordpress\/wp-content\/uploads\/2021\/10\/191169351_308700514200255_300833108349920521_n.jpg'><img loading=\"lazy\" decoding=\"async\" width=\"300\" height=\"156\" src=\"https:\/\/www.radiopiu.net\/wordpress\/wp-content\/uploads\/2021\/10\/191169351_308700514200255_300833108349920521_n-300x156.jpg\" class=\"attachment-medium size-medium\" alt=\"\" srcset=\"https:\/\/www.radiopiu.net\/wordpress\/wp-content\/uploads\/2021\/10\/191169351_308700514200255_300833108349920521_n-300x156.jpg 300w, https:\/\/www.radiopiu.net\/wordpress\/wp-content\/uploads\/2021\/10\/191169351_308700514200255_300833108349920521_n.jpg 396w\" sizes=\"auto, (max-width: 300px) 100vw, 300px\" \/><\/a>\n\t\t\t\t<\/dt><\/dl><dl class='gallery-item'>\n\t\t\t\t<dt class='gallery-icon portrait'>\n\t\t\t\t\t<a class=\"rollover rollover-zoom dt-pswp-item\" title=\"191245967_1196040457485210_9071252037687422882_n\" data-dt-img-description=\"\" data-large_image_width=\"154\" data-large_image_height=\"280\"href='https:\/\/www.radiopiu.net\/wordpress\/wp-content\/uploads\/2021\/10\/191245967_1196040457485210_9071252037687422882_n.jpg'><img loading=\"lazy\" decoding=\"async\" width=\"154\" height=\"280\" src=\"https:\/\/www.radiopiu.net\/wordpress\/wp-content\/uploads\/2021\/10\/191245967_1196040457485210_9071252037687422882_n.jpg\" class=\"attachment-medium size-medium\" alt=\"\" \/><\/a>\n\t\t\t\t<\/dt><\/dl><dl class='gallery-item'>\n\t\t\t\t<dt class='gallery-icon landscape'>\n\t\t\t\t\t<a class=\"rollover rollover-zoom dt-pswp-item\" title=\"190033683_857492795122412_3612594199360657869_n\" data-dt-img-description=\"\" data-large_image_width=\"366\" data-large_image_height=\"206\"href='https:\/\/www.radiopiu.net\/wordpress\/wp-content\/uploads\/2021\/10\/190033683_857492795122412_3612594199360657869_n.jpg'><img loading=\"lazy\" decoding=\"async\" width=\"300\" height=\"169\" src=\"https:\/\/www.radiopiu.net\/wordpress\/wp-content\/uploads\/2021\/10\/190033683_857492795122412_3612594199360657869_n-300x169.jpg\" class=\"attachment-medium size-medium\" alt=\"\" srcset=\"https:\/\/www.radiopiu.net\/wordpress\/wp-content\/uploads\/2021\/10\/190033683_857492795122412_3612594199360657869_n-300x169.jpg 300w, https:\/\/www.radiopiu.net\/wordpress\/wp-content\/uploads\/2021\/10\/190033683_857492795122412_3612594199360657869_n.jpg 366w\" sizes=\"auto, (max-width: 300px) 100vw, 300px\" \/><\/a>\n\t\t\t\t<\/dt><\/dl><br style=\"clear: both\" \/><dl class='gallery-item'>\n\t\t\t\t<dt class='gallery-icon landscape'>\n\t\t\t\t\t<a class=\"rollover rollover-zoom dt-pswp-item\" title=\"192282136_545544589912866_6593810458232508600_n\" data-dt-img-description=\"\" data-large_image_width=\"366\" data-large_image_height=\"206\"href='https:\/\/www.radiopiu.net\/wordpress\/wp-content\/uploads\/2021\/10\/192282136_545544589912866_6593810458232508600_n.jpg'><img loading=\"lazy\" decoding=\"async\" width=\"300\" height=\"169\" src=\"https:\/\/www.radiopiu.net\/wordpress\/wp-content\/uploads\/2021\/10\/192282136_545544589912866_6593810458232508600_n-300x169.jpg\" class=\"attachment-medium size-medium\" alt=\"\" srcset=\"https:\/\/www.radiopiu.net\/wordpress\/wp-content\/uploads\/2021\/10\/192282136_545544589912866_6593810458232508600_n-300x169.jpg 300w, https:\/\/www.radiopiu.net\/wordpress\/wp-content\/uploads\/2021\/10\/192282136_545544589912866_6593810458232508600_n.jpg 366w\" sizes=\"auto, (max-width: 300px) 100vw, 300px\" \/><\/a>\n\t\t\t\t<\/dt><\/dl><dl class='gallery-item'>\n\t\t\t\t<dt class='gallery-icon portrait'>\n\t\t\t\t\t<a class=\"rollover rollover-zoom dt-pswp-item\" title=\"192272105_3027163337503604_9120728568692281036_n\" data-dt-img-description=\"\" data-large_image_width=\"154\" data-large_image_height=\"280\"href='https:\/\/www.radiopiu.net\/wordpress\/wp-content\/uploads\/2021\/10\/192272105_3027163337503604_9120728568692281036_n.jpg'><img loading=\"lazy\" decoding=\"async\" width=\"154\" height=\"280\" src=\"https:\/\/www.radiopiu.net\/wordpress\/wp-content\/uploads\/2021\/10\/192272105_3027163337503604_9120728568692281036_n.jpg\" class=\"attachment-medium size-medium\" alt=\"\" \/><\/a>\n\t\t\t\t<\/dt><\/dl><dl class='gallery-item'>\n\t\t\t\t<dt class='gallery-icon portrait'>\n\t\t\t\t\t<a class=\"rollover rollover-zoom dt-pswp-item\" title=\"191218982_3996490887109645_7610813491385082934_n\" data-dt-img-description=\"\" data-large_image_width=\"154\" data-large_image_height=\"280\"href='https:\/\/www.radiopiu.net\/wordpress\/wp-content\/uploads\/2021\/10\/191218982_3996490887109645_7610813491385082934_n.jpg'><img loading=\"lazy\" decoding=\"async\" width=\"154\" height=\"280\" src=\"https:\/\/www.radiopiu.net\/wordpress\/wp-content\/uploads\/2021\/10\/191218982_3996490887109645_7610813491385082934_n.jpg\" class=\"attachment-medium size-medium\" alt=\"\" \/><\/a>\n\t\t\t\t<\/dt><\/dl><br style=\"clear: both\" \/>\n\t\t\t<\/div>\n\n<\/div>\n<\/div>\n<div class=\"ns4p8fja j83agx80 cbu4d94t a6sixzi8 bkfpd7mw d2edcug0 kb5gq1qc nred35xi\" role=\"none\">\n<div class=\"pfnyh3mw j83agx80 cbu4d94t jcr6t5e3 taijpn5t buofh1pr l9j0dhe7 s90hwng2 qnrpqo6b\" aria-hidden=\"true\">\n<div class=\"bp9cbjyn jcr6t5e3 j83agx80 btwxx1t3\" role=\"none\"><\/div>\n<\/div>\n<\/div>\n<div class=\"ns4p8fja j83agx80 cbu4d94t a6sixzi8 bkfpd7mw d2edcug0 buofh1pr nred35xi\" role=\"none\">\n<div class=\"buofh1pr rj1gh0hx\" role=\"none\"><span style=\"color: #0000ff;\"><strong>LO SCARICABARILE\u00a0<\/strong><\/span><\/div>\n<\/div>\n<\/div>\n<div class=\"ns4p8fja j83agx80 cbu4d94t a6sixzi8 bkfpd7mw d2edcug0 kb5gq1qc nred35xi\" role=\"none\">\n<div id=\"\" class=\"j83agx80 aovydwv3 ni8dbmo4 stjgntxs odw8uiq3\" role=\"none\" data-testid=\"messenger_delivery_status\">\n<blockquote>\n<div class=\"pfnyh3mw pgctjfs5\"><strong><em>IL 28 MAGGIO 2021 AVEVAMO INTERESSATO IL CONSIGLIERE PROVINCIALE MASSIMO BORTOLUZZI, AL PROPOSITO RIPROPONIAMO IL SUO INTERVENTO<\/em><\/strong><\/div>\n<\/blockquote>\n<div class=\"pfnyh3mw pgctjfs5\"><strong>Il Consigliere provinciale Massimo Bortoluzzi<\/strong> <em>&#8220;Con\u00a0 Fabio Fenti ho e hanno avuto numerose interlocuzioni anche i tecnici della provincia, questo smottamento \u00e8 stato provocato dall&#8217;evento di Vaia e subito ci siamo attivati per chiedere il finanziamento, ma non \u00e8 mai successo, da indiscrezioni dovrebbero accadere con questa annualit\u00e0, non \u00e8 colpa mia se il\u00a0 Commissario non lo ha finanziato. Certo \u00e8 che se le condizioni di sicurezza dovessero venire a mancare a quel punto si interverrebbe in somma urgenza. Mi dispiace per le persone che ancor oggi hanno delle situazioni difficili nonostante siano passati anni, ma nonostante non sia una mia responsabilit\u00e0 l&#8217;approvazione del piano di\u00a0 Vaia con la priorit\u00e0 degli interventi, mi scuso per il disagio che hanno <a href=\"https:\/\/www.radiopiu.net\/wordpress\/pisoliva-dimenticata-ieri-come-oggi-e-tre-anni-di-promesse\/190033683_857492795122412_3612594199360657869_n-300x169\/\" rel=\"attachment wp-att-239158\"><img loading=\"lazy\" decoding=\"async\" class=\"size-full wp-image-239158 alignleft\" src=\"https:\/\/www.radiopiu.net\/wordpress\/wp-content\/uploads\/2021\/10\/190033683_857492795122412_3612594199360657869_n-300x169-1.jpg\" alt=\"\" width=\"300\" height=\"169\" \/><\/a>queste persone, facendo anche presente che i danni sul nostro territorio sono tanti e le risorse umane e finanziare molto meno, perci\u00f2 anche se la volont\u00e0 sarebbe quella di aiutare tutti subito, alle volte non si riesce&#8221;. <\/em><\/div>\n<div><\/div>\n<\/div>\n<\/div>\n<\/div>\n<\/div>\n<\/div>\n<\/div>\n<div class=\"l9j0dhe7\" role=\"row\">\n<div class=\"\">\n<div class=\"j83agx80 cbu4d94t l9j0dhe7\" tabindex=\"0\" role=\"gridcell\" data-scope=\"messages_table\" data-release-focus-from=\"CLICK\">\n<div class=\"oajrlxb2 gs1a9yip ms7hmo2b mtkw9kbi tlpljxtp qensuy8j ppp5ayq2 goun2846 ccm00jje s44p3ltw mk2mc5f4 rt8b4zig n8ej3o3l agehan2d sk4xxmp2 rq0escxv nhd2j8a9 pq6dq46d mg4g778l btwxx1t3 pfnyh3mw p7hjln8o kvgmc6g5 cxmmr5t8 oygrvhab hcukyx3x tgvbjcpo hpfvmrgz pybr56ya d1544ag0 f10w8fjw tw6a2znq s8sjc6am i1ao9s8h esuyzwwr f1sip0of tkr6xdv7 lzcic4wl ue3kfks5 pw54ja7n uo3d90p7 l82x9zwi abiwlrkh p8dawk7l __fb-dark-mode hhcrnkbu ormqv51v i9k17dj3 r92hip7p spvqvc9t ikw5e13s ebnioo9u lq84ybu9 hf30pyar rfd0zzc9\" tabindex=\"-1\" role=\"button\" aria-label=\"Dettagli e azioni\">\n<blockquote>\n<div class=\"j83agx80 cbu4d94t ew0dbk1b irj2b8pg\"><span style=\"color: #0000ff;\"><strong>ARCHIVIO RADIO PIU&#8217;, 18 NOVEMBRE 2019<\/strong><\/span><\/div>\n<\/blockquote>\n<div>\n<h3>SE PIOVE LA MONTAGNA FRANA.<\/h3>\n<p>Giorni di attesa preparando i sacchi si sabbia vicino a porte e finestre, poi la pioggia e le folate di vento fin dall\u2019altra notte. Negli occhi le paure di Vaia 2018 e negli orecchi le informazioni continue sulla viabilit\u00e0 a rischio, sui pendi sempre pi\u00f9 fragili e sui corsi d\u2019acqua pieni di ghiaia che mettono a rischio le strade&#8230;. Una frana di grandi dimensioni\u00a0 interessa la comunale per Carfon di Canale d\u2019Agordo e la sottostante 346 del San Pellegrino. Le decisioni vengono rimandate ai prossimi giorni quando cesser\u00e0 l\u2019ondata di maltempo. Anche la frana di Pisoliva, staccatasi nell\u2019ottobre scorso e che aveva sfiorato l\u2019 abitazione di Fabio Fenti e la sottostante strada comunale per Fregona \u00e8 sotto stretta sorveglianza&#8230;.<\/p>\n<p>DAL CORRIERE DELLE ALPI DI OGGI GIANNI SANTOMASO<\/p>\n<audio class=\"wp-audio-shortcode\" id=\"audio-239081-1\" preload=\"none\" style=\"width: 100%;\" controls=\"controls\"><source type=\"audio\/mpeg\" src=\"https:\/\/www.radiopiu.net\/wordpress\/wp-content\/uploads\/2021\/10\/gianni-fenti.mp3?_=1\" \/><a href=\"https:\/\/www.radiopiu.net\/wordpress\/wp-content\/uploads\/2021\/10\/gianni-fenti.mp3\">https:\/\/www.radiopiu.net\/wordpress\/wp-content\/uploads\/2021\/10\/gianni-fenti.mp3<\/a><\/audio>\n<blockquote><p>&nbsp;<\/p>\n<p>&nbsp;<\/p>\n<p>&nbsp;<\/p>\n<p>&nbsp;<\/p>\n<p>&nbsp;<\/p><\/blockquote>\n<\/div>\n<\/div>\n<\/div>\n<\/div>\n<\/div>\n<div class=\"l9j0dhe7\" role=\"row\">\n<div class=\"\">\n<div class=\"j83agx80 cbu4d94t l9j0dhe7\" tabindex=\"0\" role=\"gridcell\" data-scope=\"messages_table\" data-release-focus-from=\"CLICK\">\n<div class=\"j83agx80\" role=\"none\">\n<div class=\"j83agx80 buofh1pr rl25f0pe o6b9zlra\" role=\"none\" data-testid=\"message-container\">\n<div class=\"ns4p8fja j83agx80 cbu4d94t a6sixzi8 bkfpd7mw a1xu1aao\" role=\"none\">\n<div class=\"ns4p8fja j83agx80 cbu4d94t a6sixzi8 bkfpd7mw d2edcug0 kb5gq1qc nred35xi\" role=\"none\">\n<hr \/>\n<\/div>\n<div role=\"none\"><\/div>\n<div role=\"none\"><\/div>\n<h3 role=\"none\">LA PROCURA DI BELLUNO FAVOREVOLE PER IL FINE VITA DI SAMANTHA<\/h3>\n<div role=\"none\"><strong><a href=\"https:\/\/www.radiopiu.net\/wordpress\/il-presidente-della-provincia-a-falcade-per-parlare-di-turismo\/3-samantha_d_inca_eutanasia_eluana_englaro_cosa_succede_ultima_ora_26_maggio_2021-750x375\/\" rel=\"attachment wp-att-239284\"><img loading=\"lazy\" decoding=\"async\" class=\"size-medium wp-image-239284 alignleft\" src=\"https:\/\/www.radiopiu.net\/wordpress\/wp-content\/uploads\/2021\/10\/3-samantha_d_inca_eutanasia_eluana_englaro_cosa_succede_ultima_ora_26_maggio_2021-750x375-1-300x150.jpg\" alt=\"\" width=\"300\" height=\"150\" srcset=\"https:\/\/www.radiopiu.net\/wordpress\/wp-content\/uploads\/2021\/10\/3-samantha_d_inca_eutanasia_eluana_englaro_cosa_succede_ultima_ora_26_maggio_2021-750x375-1-300x150.jpg 300w, https:\/\/www.radiopiu.net\/wordpress\/wp-content\/uploads\/2021\/10\/3-samantha_d_inca_eutanasia_eluana_englaro_cosa_succede_ultima_ora_26_maggio_2021-750x375-1.jpg 750w\" sizes=\"auto, (max-width: 300px) 100vw, 300px\" \/><\/a>BELLUNO<\/strong> In Tribunale a Belluno\u00a0 \u00e8 stato espresso un parere, favorevole a porre fine alle sofferenze della giovane feltrina, Samantha D&#8217;Inc\u00e0 costretta allo stato vegetativo. L&#8217;indicazione \u00e8 arrivata dal procuratore Paolo Luca,\u00a0 cos\u00ec come gi\u00e0 si era espresso in proposito il Comitato Etico del&#8217;Ulss1 Dolomiti. No dunque all&#8217;accanimento terapeutico come chiesto pi\u00f9 volte a gran voce e tante lacrime dalla famiglia della trentenne. Ora toccher\u00e0 al Giudice del Tribunale, Umberto Giacomelli prendere l&#8217;impegnativa decisione.<\/div>\n<div role=\"none\"><\/div>\n<div role=\"none\"><em>Una dolorosa vicenda quella di Samantha D\u2019Inc\u00e0, la giovane donna di trent\u2019anni che dopo un banale incidente si trova da 11 mesi in uno stato vegetativo che mai e poi mai avrebbe accettato di subire. La famiglia \u00e8 ricorsa al giudice tutelare per ottenere ci\u00f2 che Samantha avrebbe voluto: il distacco da quell\u2019alimentazione artificiale che\u00a0 la tiene in vita contro la sua volont\u00e0.\u00a0\u00a0Alla famiglia non \u00e8 rimasto che ricorrere per le vie legali, impugnare il decreto del giudice tutelare, appellarsi per avere Giustizia.<\/em><\/div>\n<div role=\"none\"><\/div>\n<div role=\"none\"><\/div>\n<div role=\"none\">\n<hr \/>\n<\/div>\n<div role=\"none\"><\/div>\n<div role=\"none\">\n<p>&nbsp;<\/p>\n<p>&nbsp;<\/p>\n<p>&nbsp;<\/p>\n<hr \/>\n<p>&nbsp;<\/p>\n<h3><a href=\"https:\/\/www.radiopiu.net\/wordpress\/lo-speciale-di-gianni-santomaso-sul-comune-di-gosaldo\/dav-131\/\" rel=\"attachment wp-att-154292\"><img loading=\"lazy\" decoding=\"async\" class=\"size-medium wp-image-154292 alignleft\" src=\"https:\/\/www.radiopiu.net\/wordpress\/wp-content\/uploads\/2020\/08\/Legname-fermo-a-Forcella-Aurine-3-300x169.jpg\" alt=\"\" width=\"300\" height=\"169\" srcset=\"https:\/\/www.radiopiu.net\/wordpress\/wp-content\/uploads\/2020\/08\/Legname-fermo-a-Forcella-Aurine-3-300x169.jpg 300w, https:\/\/www.radiopiu.net\/wordpress\/wp-content\/uploads\/2020\/08\/Legname-fermo-a-Forcella-Aurine-3-1024x578.jpg 1024w, https:\/\/www.radiopiu.net\/wordpress\/wp-content\/uploads\/2020\/08\/Legname-fermo-a-Forcella-Aurine-3-768x434.jpg 768w, https:\/\/www.radiopiu.net\/wordpress\/wp-content\/uploads\/2020\/08\/Legname-fermo-a-Forcella-Aurine-3-1536x867.jpg 1536w, https:\/\/www.radiopiu.net\/wordpress\/wp-content\/uploads\/2020\/08\/Legname-fermo-a-Forcella-Aurine-3-2048x1156.jpg 2048w\" sizes=\"auto, (max-width: 300px) 100vw, 300px\" \/><\/a>IN GRAVI CONDIZIONI IL BOSCAIOLO TRAVOLTO DA UN ALBERO<\/h3>\n<p><strong>GOSALDO<\/strong>\u00a0 Un boscaiolo \u00e8 stato travolto da una pianta, \u00e8 ricoverato in gravi condizioni all&#8217;ospedale di Treviso. L&#8217;incidente ieri mattina a\u00a0 Forcella Aurine. A.D., 35 anni, dipendente di un&#8217;impresa boschiva di Brunico \u00e8 in prognosi riservata, ma\u00a0 non\u00a0 in pericolo di vita. L&#8217;uomo romeno \u00e8 stato colpito al torace mentre\u00a0 stava tagliando l&#8217;albero. \u00c8 stato colpito in diverse parti del corpo e trascinato per qualche metro.I primi a soccorrerlo sono stati i suoi colleghi, sul posto, \u00e8 arrivato l&#8217;elicottero con base a Pieve di Cadore. Coinvolti anche i carabinieri della stazione di Cencenighe e i tecnici dello Spisal, il Servizio prevenzione igiene e sicurezza negli ambienti di lavoro.<\/p>\n<p>&nbsp;<\/p>\n<p>&nbsp;<\/p>\n<hr \/>\n<p>&nbsp;<\/p>\n<p>&nbsp;<\/p>\n<p>&nbsp;<\/p>\n<blockquote>\n<h3>DUE FERITI GRAVI NEL FRONTALE DI IERI SERA, MOTOCICLISTA FERITO ALLA ROTONDA DI LIMANA<\/h3>\n<\/blockquote>\n<p><strong>BORGO VALBELLUNA<\/strong>\u00a0 Frontale \u00a0lungo la strada per Sant&#8217;Antonio in Tortal, ieri sera intorno alle 20.30: due i feriti trasferiti all&#8217;ospedale di Belluno, non in pericolo di vita. L&#8217;incidente\u00a0 ad una curva della strada provinciale 635 che porta al San Boldo, a met\u00e0 fra Trichiana e Sant&#8217;Antonio in Tortal. Le auto: Hunday Jetz condotta da M.S. di 45 anni della zona, e di una Fiat Panda condotta da D.C. di 25 anni, il ferito pi\u00f9 grave.\u00a0 I conducenti hanno accusato il colpo violento ma alla fine le diagnosi ospedaliere al San Martino sono state meno preoccupanti del previsto. Sul posto i vigili del fuoco, i sanitari del Suem e i carabinieri del Radiomobile della Compagnia di Feltre. La chiusura della strada si \u00e8 protratta per oltre un paio di ore e il traffico da e per il Passo San Boldo \u00e8 stato deviato per la frazione di Niccia.<\/p>\n<p><strong>LIMANA<\/strong> Ferito lievemente\u00a0 il motociclista\u00a0 uscito di strada alla rotatoria di Limana. Trasferito in ospedale, ma solo per accertamenti<\/p>\n\n\t\t\t<style type='text\/css'>\n\t\t\t\t#gallery-2 {\n\t\t\t\t\tmargin: auto;\n\t\t\t\t}\n\t\t\t\t#gallery-2 .gallery-item {\n\t\t\t\t\tfloat: left;\n\t\t\t\t\tmargin-top: 10px;\n\t\t\t\t\ttext-align: center;\n\t\t\t\t\twidth: 50%;\n\t\t\t\t}\n\t\t\t\t#gallery-2 img {\n\t\t\t\t\tborder: 2px solid #cfcfcf;\n\t\t\t\t}\n\t\t\t\t#gallery-2 .gallery-caption {\n\t\t\t\t\tmargin-left: 0;\n\t\t\t\t}\n\t\t\t\t\/* see gallery_shortcode() in wp-includes\/media.php *\/\n\t\t\t<\/style>\n\t\t<div id='gallery-2' class='dt-gallery-container gallery galleryid-239081 gallery-columns-2 gallery-size-medium'><dl class='gallery-item'>\n\t\t\t\t<dt class='gallery-icon landscape'>\n\t\t\t\t\t<a class=\"rollover rollover-zoom dt-pswp-item\" title=\"579b2635-38f3-40f7-aaf4-7d5cd55df7c3\" data-dt-img-description=\"\" data-large_image_width=\"1280\" data-large_image_height=\"958\"href='https:\/\/www.radiopiu.net\/wordpress\/wp-content\/uploads\/2021\/10\/579b2635-38f3-40f7-aaf4-7d5cd55df7c3.jpg'><img loading=\"lazy\" decoding=\"async\" width=\"300\" height=\"225\" src=\"https:\/\/www.radiopiu.net\/wordpress\/wp-content\/uploads\/2021\/10\/579b2635-38f3-40f7-aaf4-7d5cd55df7c3-300x225.jpg\" class=\"attachment-medium size-medium\" alt=\"\" srcset=\"https:\/\/www.radiopiu.net\/wordpress\/wp-content\/uploads\/2021\/10\/579b2635-38f3-40f7-aaf4-7d5cd55df7c3-300x225.jpg 300w, https:\/\/www.radiopiu.net\/wordpress\/wp-content\/uploads\/2021\/10\/579b2635-38f3-40f7-aaf4-7d5cd55df7c3-1024x766.jpg 1024w, https:\/\/www.radiopiu.net\/wordpress\/wp-content\/uploads\/2021\/10\/579b2635-38f3-40f7-aaf4-7d5cd55df7c3-768x575.jpg 768w, https:\/\/www.radiopiu.net\/wordpress\/wp-content\/uploads\/2021\/10\/579b2635-38f3-40f7-aaf4-7d5cd55df7c3.jpg 1280w\" sizes=\"auto, (max-width: 300px) 100vw, 300px\" \/><\/a>\n\t\t\t\t<\/dt><\/dl><dl class='gallery-item'>\n\t\t\t\t<dt class='gallery-icon landscape'>\n\t\t\t\t\t<a class=\"rollover rollover-zoom dt-pswp-item\" title=\"7db7ab1d-33e8-4ab2-b5ca-6a2574d5e3ca\" data-dt-img-description=\"\" data-large_image_width=\"1280\" data-large_image_height=\"1280\"href='https:\/\/www.radiopiu.net\/wordpress\/wp-content\/uploads\/2021\/10\/7db7ab1d-33e8-4ab2-b5ca-6a2574d5e3ca.jpg'><img loading=\"lazy\" decoding=\"async\" width=\"300\" height=\"300\" src=\"https:\/\/www.radiopiu.net\/wordpress\/wp-content\/uploads\/2021\/10\/7db7ab1d-33e8-4ab2-b5ca-6a2574d5e3ca-300x300.jpg\" class=\"attachment-medium size-medium\" alt=\"\" srcset=\"https:\/\/www.radiopiu.net\/wordpress\/wp-content\/uploads\/2021\/10\/7db7ab1d-33e8-4ab2-b5ca-6a2574d5e3ca-300x300.jpg 300w, https:\/\/www.radiopiu.net\/wordpress\/wp-content\/uploads\/2021\/10\/7db7ab1d-33e8-4ab2-b5ca-6a2574d5e3ca-1024x1024.jpg 1024w, https:\/\/www.radiopiu.net\/wordpress\/wp-content\/uploads\/2021\/10\/7db7ab1d-33e8-4ab2-b5ca-6a2574d5e3ca-150x150.jpg 150w, https:\/\/www.radiopiu.net\/wordpress\/wp-content\/uploads\/2021\/10\/7db7ab1d-33e8-4ab2-b5ca-6a2574d5e3ca-768x768.jpg 768w, https:\/\/www.radiopiu.net\/wordpress\/wp-content\/uploads\/2021\/10\/7db7ab1d-33e8-4ab2-b5ca-6a2574d5e3ca.jpg 1280w\" sizes=\"auto, (max-width: 300px) 100vw, 300px\" \/><\/a>\n\t\t\t\t<\/dt><\/dl><br style=\"clear: both\" \/>\n\t\t\t<\/div>\n\n<p>&nbsp;<\/p>\n<p>&nbsp;<\/p>\n<hr \/>\n<p>&nbsp;<\/p>\n<p>&nbsp;<\/p>\n<blockquote>\n<h3>ANCHE GLI EMIGRANTI AGORDINI PIANGONO SESTA<\/h3>\n<\/blockquote>\n<p><strong><a href=\"https:\/\/www.radiopiu.net\/wordpress\/anche-gli-emigranti-agordini-piangono-sesta\/fffd7f0e-0948-44a6-b583-047799de7281\/\" rel=\"attachment wp-att-239307\"><img loading=\"lazy\" decoding=\"async\" class=\"size-medium wp-image-239307 alignleft\" src=\"https:\/\/www.radiopiu.net\/wordpress\/wp-content\/uploads\/2021\/10\/fffd7f0e-0948-44a6-b583-047799de7281-300x169.jpg\" alt=\"\" width=\"300\" height=\"169\" srcset=\"https:\/\/www.radiopiu.net\/wordpress\/wp-content\/uploads\/2021\/10\/fffd7f0e-0948-44a6-b583-047799de7281-300x169.jpg 300w, https:\/\/www.radiopiu.net\/wordpress\/wp-content\/uploads\/2021\/10\/fffd7f0e-0948-44a6-b583-047799de7281-1024x576.jpg 1024w, https:\/\/www.radiopiu.net\/wordpress\/wp-content\/uploads\/2021\/10\/fffd7f0e-0948-44a6-b583-047799de7281-768x432.jpg 768w, https:\/\/www.radiopiu.net\/wordpress\/wp-content\/uploads\/2021\/10\/fffd7f0e-0948-44a6-b583-047799de7281-1536x864.jpg 1536w, https:\/\/www.radiopiu.net\/wordpress\/wp-content\/uploads\/2021\/10\/fffd7f0e-0948-44a6-b583-047799de7281.jpg 1920w\" sizes=\"auto, (max-width: 300px) 100vw, 300px\" \/><\/a>CENCENIGHE<\/strong> Serenamente si \u00e8 spenta all&#8217;et\u00e0 di 100 anni Sesta Manfroi, vedova De Biasio. I funerali si svolgeranno oggi alle 14.30 nella chiesa Parrocchiale di Cencenighe. Sesta lascia i figli Cesare, Nori e Arnes, le nuore, i nipoti e pronipoti.<\/p>\n<p>Un messaggio di cordoglio \u00e8 stato espresso da Lucia Macutan a nome dell&#8217;associazione Famiglia Agordina ex emigranti.<br \/>\n<em>foto, onoranze funebri Cassol\u00a0<\/em><\/p>\n<p>&nbsp;<\/p>\n<p>&nbsp;<\/p>\n<p>&nbsp;<\/p>\n<hr \/>\n<p>&nbsp;<\/p>\n<p>&nbsp;<\/p>\n<div class=\"pfnyh3mw j83agx80 cbu4d94t jcr6t5e3 taijpn5t buofh1pr l9j0dhe7 s90hwng2 jxrgncrl\" aria-hidden=\"true\">\n<div role=\"none\"><\/div>\n<blockquote>\n<h3 role=\"none\">\u00a0L&#8217;AGGIORNAMENTO DEL FOCOLAIO COVID NEL COMUNE DI LONGARONE<\/h3>\n<\/blockquote>\n<\/div>\n<div role=\"none\"><\/div>\n<div class=\"pfnyh3mw j83agx80 cbu4d94t jcr6t5e3 taijpn5t buofh1pr l9j0dhe7 s90hwng2 jxrgncrl\" aria-hidden=\"true\">\n<div role=\"none\"><span style=\"color: #000000;\"><span style=\"font-family: Calibri, serif;\"><span style=\"font-size: medium;\"><img loading=\"lazy\" decoding=\"async\" class=\"alignleft\" src=\"https:\/\/www.radiopiu.net\/wordpress\/wp-content\/uploads\/2021\/06\/COVID.jpg\" width=\"187\" height=\"124\" \/><strong>LONGARONE<\/strong> Il focolaio scolastico segnalato ieri nel comune di Longarone, con 21 positivit\u00e0 complessive tra alunni e insegnanti della scuola elementare di Castellavazzo, ha registrato oggi 3 nuove positivit\u00e0 emergenti a carico di alunni. <\/span><\/span><\/span><span style=\"font-size: medium; font-family: Calibri, serif; color: #000000;\">Le indagini delle catene epidemiologiche correlate a queste 24 positivit\u00e0 consentono di riferire a posteriori di fatto a questo focolaio anche le seguenti positivit\u00e0 nell\u2019ambito comunale studiato: 8 riferite a familiari dei bambini covid positivi e 3 riferite alla scuola materna di Castellavazzo. <\/span><span style=\"color: #000000;\"><span style=\"font-family: Calibri, serif;\"><span style=\"font-size: medium;\">Il focolaio qui descritto nasce dal monitoraggio complessivo di 220 persone (alcune con esito ancora pendente). Ulteriori tamponi di controllo saranno programmati nei prossimi giorni in relazione ai dati di sorveglianza e ai provvedimenti di contumaciali (isolamento-quarantena). <\/span><\/span><\/span><span style=\"color: #000000;\"><span style=\"font-family: Calibri, serif;\"><span style=\"font-size: medium;\">Il comune di Longarone conta attualmente per effetto del focolaio scolastico qui descritto e di altre singole situazioni, un totale di 143 persone soggette a isolamento e quarantena.\u00a0<\/span><\/span><\/span><\/div>\n<\/div>\n<h3 role=\"none\"><\/h3>\n<h3 role=\"none\"><\/h3>\n<p>&nbsp;<\/p>\n<p>&nbsp;<\/p>\n<p>&nbsp;<\/p>\n<hr \/>\n<blockquote>\n<h3><\/h3>\n<h3>UNICREDIT SEMPRE PIU&#8217; LONTANA DAI CLIENTI\u00a0 MA NON E&#8217; L&#8217;UNICA BANCA DEL TERRITORIO<\/h3>\n<p><strong>ALPAGO<\/strong> Prima Tambre e poi\u00a0 Puos in Alpago, esattamente come successo nell&#8217;Agordino e sono solo due esempi di zone importanti. Unicredit\u00a0 chiude con un<em> &#8220;sani e grazie&#8221;.<\/em> Se l&#8217;Istituto di Credito per anni \u00e8 risultato importante per i clienti altrettanto non si pu\u00f2 dire dell&#8217;Istituto verso coloro che a quelli sportelli si erano rivolti. Si presume ci sar\u00e0 un accorpamento con Farra, fortunatamente non \u00e8 l&#8217;unica banca del territorio.<\/p><\/blockquote>\n<p>&nbsp;<\/p>\n<p>&nbsp;<\/p>\n<p>&nbsp;<\/p>\n<\/div>\n<\/div>\n<div class=\"ns4p8fja j83agx80 cbu4d94t a6sixzi8 bkfpd7mw d2edcug0 kb5gq1qc nred35xi\" role=\"none\">\n<div class=\"pfnyh3mw j83agx80 cbu4d94t jcr6t5e3 taijpn5t buofh1pr l9j0dhe7 s90hwng2 jxrgncrl\" aria-hidden=\"true\">\n<div role=\"none\">\n<hr \/>\n<\/div>\n<blockquote>\n<h2 role=\"none\"><\/h2>\n<h2 role=\"none\"><\/h2>\n<h3>UBRIACO IN BICICLETTA ELETTRICA CONTRO LA SBARRA D&#8217;INGRESSO DELL&#8217;OSPEDALE, PATENTE SALVA<\/h3>\n<\/blockquote>\n<p><strong>FELTRE<\/strong> In sella alla bicicletta ubriaco (tasso alcoolemico 2,86) per questo il Pubblico Ministero del Tribunale ha chiesto 12 mesi di arresto e 4 mila euro di multa con revoca della patente. L&#8217;uomo era finito contro la sbarra d&#8217;ingresso del Santa Maria del Prato. Secondo l&#8217;avvocato della difesa l&#8217;uomo non era in sella al mezzo bens\u00ec lo stava spingendo. Il giudice Berletti anche sulla scorta della testimonianza dell&#8217;addetto ai monitor della sorveglianza, che non ha visto l&#8217;uomo in bicicletta ma \u00e8 arrivato sul posto dopo la caduta, ha sentenziato l&#8217;assoluzione per prove insufficienti e contraddittorie.<\/p>\n<blockquote><p>&nbsp;<\/p>\n<h2 role=\"none\"><\/h2>\n<\/blockquote>\n<hr \/>\n<h2 role=\"none\"><\/h2>\n<blockquote>\n<h2 role=\"none\"><\/h2>\n<\/blockquote>\n<p>&nbsp;<\/p>\n<hr \/>\n<blockquote>\n<h2 role=\"none\"><\/h2>\n<h2 role=\"none\">DEMOLITA L&#8217;EX BASE NATO &#8211; VIDEO &#8211; DIRETTA<\/h2>\n<\/blockquote>\n<div role=\"none\">\n<p><b>CIMA GRAPPA <\/b>Sono cominciati\u00a0 i lavori di demolizione della vecchia base Nato, come da programma. Una partita che si prolunga da quasi dieci anni, nonostante il forte interessamento e l\u2019impegno dei sindaci dell\u2019area, in particolare di Annalisa Rampin, prima cittadina di Pieve del Grappa, sul cui territorio ricade la struttura in via di demolizione.<\/p>\n<p><strong>IL SINDACO DI SEREN DEL GRAPPA E CONSIGLIERE PROVINCIALE DARIO SCOPEL\u00a0<\/strong><\/p>\n<div style=\"width: 848px;\" class=\"wp-video\"><video class=\"wp-video-shortcode\" id=\"video-239081-1\" width=\"848\" height=\"480\" preload=\"metadata\" controls=\"controls\"><source type=\"video\/mp4\" src=\"https:\/\/www.radiopiu.net\/wordpress\/wp-content\/uploads\/2021\/10\/WhatsApp-Video-2021-10-26-at-13.50.50.mp4?_=1\" \/><a href=\"https:\/\/www.radiopiu.net\/wordpress\/wp-content\/uploads\/2021\/10\/WhatsApp-Video-2021-10-26-at-13.50.50.mp4\">https:\/\/www.radiopiu.net\/wordpress\/wp-content\/uploads\/2021\/10\/WhatsApp-Video-2021-10-26-at-13.50.50.mp4<\/a><\/video><\/div>\n<p><strong>\u00a0<\/strong><\/p>\n<p><strong>DARIO BOND <em>&#8220;<\/em><\/strong><em>Ora bisogna concludere l\u2019altra partita, quella portata avanti dai sindaci e sollecitatami da Dario Scopel. Vale a dire il recupero e valorizzazione del sacrario, un\u2019operazione da 5 milioni di euro che prevede la sistemazione della caserma Milano e delle gallerie che portano al Portale Roma e al viale eroico&#8221;\u00a0<\/em><\/p>\n<p>&nbsp;<\/p>\n<p><strong>IL MINISTRO FEDERICO D&#8217;INCA&#8217; <\/strong><em>&#8220;E&#8217; un risultato estremamente importante per l\u2019intero territorio, soprattutto in funzione del recente e prestigioso inserimento dell&#8217;area nelle liste dell\u2019Unesco come riserva della biosfera. I lavori sono articolati in due fasi, quella di demolizione della ex base e degli edifici collegati e una seconda relativa alla rimozione dei detriti&#8221; <\/em><\/p>\n<p>&nbsp;<\/p>\n<p>&nbsp;<\/p>\n<p>&nbsp;<\/p>\n<hr \/>\n<p>&nbsp;<\/p>\n<p>&nbsp;<\/p>\n<p><strong>IL PRESIDENTE DELL&#8217;AUSER EL BROI SI APELLA AI GIOVANI &#8220;CERCHIAMO VOLONTARI A VANTAGGIO DELLE PERSONE PIU&#8217; DEBOLI&#8221;<\/strong><\/p>\n<\/div>\n<\/div>\n<div class=\"pfnyh3mw j83agx80 cbu4d94t jcr6t5e3 taijpn5t buofh1pr l9j0dhe7 s90hwng2 jxrgncrl\" aria-hidden=\"true\">\n<div role=\"none\">\n<p>&nbsp;<\/p>\n<p><strong>AGORDO<\/strong><\/p>\n<p><strong>DI GIANNI SANTOMASO<\/strong><\/p>\n<p>&nbsp;<\/p>\n<audio class=\"wp-audio-shortcode\" id=\"audio-239081-2\" preload=\"none\" style=\"width: 100%;\" controls=\"controls\"><source type=\"audio\/mpeg\" src=\"https:\/\/www.radiopiu.net\/wordpress\/wp-content\/uploads\/2021\/10\/auser.mp3?_=2\" \/><a href=\"https:\/\/www.radiopiu.net\/wordpress\/wp-content\/uploads\/2021\/10\/auser.mp3\">https:\/\/www.radiopiu.net\/wordpress\/wp-content\/uploads\/2021\/10\/auser.mp3<\/a><\/audio>\n<p>&nbsp;<\/p>\n\n\t\t\t<style type='text\/css'>\n\t\t\t\t#gallery-3 {\n\t\t\t\t\tmargin: auto;\n\t\t\t\t}\n\t\t\t\t#gallery-3 .gallery-item {\n\t\t\t\t\tfloat: left;\n\t\t\t\t\tmargin-top: 10px;\n\t\t\t\t\ttext-align: center;\n\t\t\t\t\twidth: 33%;\n\t\t\t\t}\n\t\t\t\t#gallery-3 img {\n\t\t\t\t\tborder: 2px solid #cfcfcf;\n\t\t\t\t}\n\t\t\t\t#gallery-3 .gallery-caption {\n\t\t\t\t\tmargin-left: 0;\n\t\t\t\t}\n\t\t\t\t\/* see gallery_shortcode() in wp-includes\/media.php *\/\n\t\t\t<\/style>\n\t\t<div id='gallery-3' class='dt-gallery-container gallery galleryid-239081 gallery-columns-3 gallery-size-medium'><dl class='gallery-item'>\n\t\t\t\t<dt class='gallery-icon landscape'>\n\t\t\t\t\t<a class=\"rollover rollover-zoom dt-pswp-item\" title=\"7f985e9b-f195-49f0-be55-328f316229d8\" data-dt-img-description=\"\" data-large_image_width=\"1600\" data-large_image_height=\"1200\"href='https:\/\/www.radiopiu.net\/wordpress\/wp-content\/uploads\/2021\/10\/7f985e9b-f195-49f0-be55-328f316229d8.jpg'><img loading=\"lazy\" decoding=\"async\" width=\"300\" height=\"225\" src=\"https:\/\/www.radiopiu.net\/wordpress\/wp-content\/uploads\/2021\/10\/7f985e9b-f195-49f0-be55-328f316229d8-300x225.jpg\" class=\"attachment-medium size-medium\" alt=\"\" srcset=\"https:\/\/www.radiopiu.net\/wordpress\/wp-content\/uploads\/2021\/10\/7f985e9b-f195-49f0-be55-328f316229d8-300x225.jpg 300w, https:\/\/www.radiopiu.net\/wordpress\/wp-content\/uploads\/2021\/10\/7f985e9b-f195-49f0-be55-328f316229d8-1024x768.jpg 1024w, https:\/\/www.radiopiu.net\/wordpress\/wp-content\/uploads\/2021\/10\/7f985e9b-f195-49f0-be55-328f316229d8-768x576.jpg 768w, https:\/\/www.radiopiu.net\/wordpress\/wp-content\/uploads\/2021\/10\/7f985e9b-f195-49f0-be55-328f316229d8-1536x1152.jpg 1536w, https:\/\/www.radiopiu.net\/wordpress\/wp-content\/uploads\/2021\/10\/7f985e9b-f195-49f0-be55-328f316229d8.jpg 1600w\" sizes=\"auto, (max-width: 300px) 100vw, 300px\" \/><\/a>\n\t\t\t\t<\/dt><\/dl><dl class='gallery-item'>\n\t\t\t\t<dt class='gallery-icon landscape'>\n\t\t\t\t\t<a class=\"rollover rollover-zoom dt-pswp-item\" title=\"85d6f7a2-de3b-46c5-93a0-c5cc5bb41472\" data-dt-img-description=\"\" data-large_image_width=\"1984\" data-large_image_height=\"1488\"href='https:\/\/www.radiopiu.net\/wordpress\/wp-content\/uploads\/2021\/10\/85d6f7a2-de3b-46c5-93a0-c5cc5bb41472.jpg'><img loading=\"lazy\" decoding=\"async\" width=\"300\" height=\"225\" src=\"https:\/\/www.radiopiu.net\/wordpress\/wp-content\/uploads\/2021\/10\/85d6f7a2-de3b-46c5-93a0-c5cc5bb41472-300x225.jpg\" class=\"attachment-medium size-medium\" alt=\"\" srcset=\"https:\/\/www.radiopiu.net\/wordpress\/wp-content\/uploads\/2021\/10\/85d6f7a2-de3b-46c5-93a0-c5cc5bb41472-300x225.jpg 300w, https:\/\/www.radiopiu.net\/wordpress\/wp-content\/uploads\/2021\/10\/85d6f7a2-de3b-46c5-93a0-c5cc5bb41472-1024x768.jpg 1024w, https:\/\/www.radiopiu.net\/wordpress\/wp-content\/uploads\/2021\/10\/85d6f7a2-de3b-46c5-93a0-c5cc5bb41472-768x576.jpg 768w, https:\/\/www.radiopiu.net\/wordpress\/wp-content\/uploads\/2021\/10\/85d6f7a2-de3b-46c5-93a0-c5cc5bb41472-1536x1152.jpg 1536w, https:\/\/www.radiopiu.net\/wordpress\/wp-content\/uploads\/2021\/10\/85d6f7a2-de3b-46c5-93a0-c5cc5bb41472.jpg 1984w\" sizes=\"auto, (max-width: 300px) 100vw, 300px\" \/><\/a>\n\t\t\t\t<\/dt><\/dl><dl class='gallery-item'>\n\t\t\t\t<dt class='gallery-icon portrait'>\n\t\t\t\t\t<a class=\"rollover rollover-zoom dt-pswp-item\" title=\"e9441ea0-0764-431f-b81a-9c4de276e555\" data-dt-img-description=\"\" data-large_image_width=\"1488\" data-large_image_height=\"1984\"href='https:\/\/www.radiopiu.net\/wordpress\/wp-content\/uploads\/2021\/10\/e9441ea0-0764-431f-b81a-9c4de276e555.jpg'><img loading=\"lazy\" decoding=\"async\" width=\"225\" height=\"300\" src=\"https:\/\/www.radiopiu.net\/wordpress\/wp-content\/uploads\/2021\/10\/e9441ea0-0764-431f-b81a-9c4de276e555-225x300.jpg\" class=\"attachment-medium size-medium\" alt=\"\" srcset=\"https:\/\/www.radiopiu.net\/wordpress\/wp-content\/uploads\/2021\/10\/e9441ea0-0764-431f-b81a-9c4de276e555-225x300.jpg 225w, https:\/\/www.radiopiu.net\/wordpress\/wp-content\/uploads\/2021\/10\/e9441ea0-0764-431f-b81a-9c4de276e555-768x1024.jpg 768w, https:\/\/www.radiopiu.net\/wordpress\/wp-content\/uploads\/2021\/10\/e9441ea0-0764-431f-b81a-9c4de276e555-1152x1536.jpg 1152w, https:\/\/www.radiopiu.net\/wordpress\/wp-content\/uploads\/2021\/10\/e9441ea0-0764-431f-b81a-9c4de276e555.jpg 1488w\" sizes=\"auto, (max-width: 225px) 100vw, 225px\" \/><\/a>\n\t\t\t\t<\/dt><\/dl><br style=\"clear: both\" \/>\n\t\t\t<\/div>\n\n<p>&nbsp;<\/p>\n<\/div>\n<div role=\"none\"><\/div>\n<div role=\"none\"><\/div>\n<div role=\"none\">\n<hr \/>\n<\/div>\n<div role=\"none\"><\/div>\n<div role=\"none\"><\/div>\n<div role=\"none\"><\/div>\n<div role=\"none\"><\/div>\n<div role=\"none\">\n<hr \/>\n<\/div>\n<blockquote><p>&nbsp;<\/p>\n<p>&nbsp;<\/p><\/blockquote>\n<h2>CAMPAGNA VACCINALE, I NUMERI IN PROVINCIA<\/h2>\n<div role=\"none\"><\/div>\n<div role=\"none\"><\/div>\n<div role=\"none\">\n<div role=\"none\"><strong><a href=\"https:\/\/www.radiopiu.net\/wordpress\/?attachment_id=214841\" rel=\"attachment wp-att-214841\"><img loading=\"lazy\" decoding=\"async\" class=\" wp-image-214841 alignleft\" src=\"https:\/\/www.radiopiu.net\/wordpress\/wp-content\/uploads\/2021\/06\/punti-vaccinali-8-12-giugno-300x251.png\" alt=\"\" width=\"194\" height=\"162\" srcset=\"https:\/\/www.radiopiu.net\/wordpress\/wp-content\/uploads\/2021\/06\/punti-vaccinali-8-12-giugno-300x251.png 300w, https:\/\/www.radiopiu.net\/wordpress\/wp-content\/uploads\/2021\/06\/punti-vaccinali-8-12-giugno-768x644.png 768w, https:\/\/www.radiopiu.net\/wordpress\/wp-content\/uploads\/2021\/06\/punti-vaccinali-8-12-giugno.png 940w\" sizes=\"auto, (max-width: 194px) 100vw, 194px\" \/><\/a>BELLUNO\u00a0<\/strong> Oltre l\u201983% dei residenti in provincia di Belluno con pi\u00f9 di 12 anni ha ricevuto almeno una dose di vaccino anti covid. Il 80,1 %della popolazione ha ricevuto il ciclo completo di vaccinazione.\u00a0 Le dosi somministrate in Ulss Dolomiti sono oltre 290 mila. Risultano vaccinati con almeno una dose: il 66,7 % dei 12- 19 enni il 79,3% dei 20-29enni il 74,7 % dei 30-39enni il 76,2% dei 40-49enni l\u201983,5% dei 50-59enni l\u201987,2 % dei 60-69enni il 92,3% dei 70-79enni circa il 100% degli over 80\u00a0 Risultano da vaccinare ancora circa 31.021 Bellunesi cos\u00ec suddivisi:\u00a0 \u00a012-19 anni: 4.730 20-29 anni: 3.913 30-39 anni: 5.025 40-49 anni: 6.547 50-59 anni: 5.490 60-69 anni: 3.587 70 79 anni: 1.829<\/div>\n<div role=\"none\">\n<p><span style=\"color: #c9211e;\"><span style=\"font-family: Calibri, serif;\"><b>SEDUTE VACCINALI TERRITORIALI\u00a0 Sedico palaskating oggi dalle 12.30 alle 20, Tai di Cadore Piazzale Dolomiti dalle 15 alle 18.\u00a0 Domani Sedico dalle 12.30 alle 20, Feltre centro prelievi dalle 17 alle 19. Venerdi ad Agordo Tamonich dalle 10 alle 15 a Santo Stefano Palasport dalle 14.30 alle 18. <\/b><\/span><\/span><\/p>\n<p><strong><span style=\"color: #c9211e; font-family: Calibri, serif;\">\u00a0<\/span><\/strong><\/p>\n<p><strong>TERZE DOSI\u00a0<\/strong> <span style=\"color: #0000ff;\"><span lang=\"zxx\"><span style=\"color: #000000;\"><span style=\"font-family: Calibri, serif;\">Ad oggi le terze dosi somministrate in Ulss Dolomiti sono circa 4 mila. <\/span><\/span><\/span><\/span><span style=\"color: #0000ff;\"><span lang=\"zxx\"><span style=\"color: #000000;\"><span style=\"font-family: Calibri, serif;\">Pur essendo attiva la possibilit\u00e0 di prenotare dal sito <\/span><\/span><\/span><\/span><a href=\"http:\/\/www.aulss1.veneto.it\"><span style=\"font-family: Calibri, serif;\">www.aulss1.veneto.it<\/span><\/a><span style=\"color: #0000ff;\"><span lang=\"zxx\"><span style=\"color: #000000;\"><span style=\"font-family: Calibri, serif;\"> la terza dose di vaccino per le persone over 60 che hanno completato il ciclo primario da almeno sei mesi<\/span><\/span><\/span><\/span><span style=\"color: #0000ff;\"><span lang=\"zxx\"><span style=\"color: #000000;\"><span style=\"font-family: Calibri, serif;\">, l\u2019ulss Dolomiti spedir\u00e0 a tutte le persone di questa fascia d\u2019et\u00e0 (esclusi i gi\u00e0 vaccinati con terza dose e i gi\u00e0 prenotati) una lettera invito<\/span><\/span><\/span><\/span><span style=\"color: #0000ff;\"><span lang=\"zxx\"><span style=\"color: #000000;\"><span style=\"font-family: Calibri, serif;\"> con appuntamento preciso presso un centro vaccinale territorialmente accessibile. Si raccomanda l\u2019adesione a questo invito, essendo ormai evidente la necessit\u00e0 di consolidare la risposta immunitaria anti covid in vista di una possibile ripresa epidemica della quale si registrano alcune iniziali avvisaglie. <\/span><\/span><\/span><\/span><\/p>\n<p>&nbsp;<\/p>\n<p>&nbsp;<\/p>\n<p>&nbsp;<\/p>\n<hr \/>\n<p>&nbsp;<\/p>\n<p>&nbsp;<\/p>\n<h2>DISSACRANTI &#8220;DEAD KENNEDYS&#8221;, CHE C&#8217;ENTRA PAPA LUCIANI?<\/h2>\n<p><em>Dead Kennedys <span class=\"intromonografie\">Violenti e rabbiosi,\u00a0 devastatori musicali, i Dead Kennedys di Jello Biafra sono\u00a0 l\u2019altra faccia del punk, non meno furibonda e iconoclasta,\u00a0 il punto di passaggio dal punk all&#8217;hardcore<\/span><\/em><\/p>\n<\/div>\n<\/div>\n<div role=\"none\"><\/div>\n<div role=\"none\">\n<p>La band Californiana ha\u00a0 ri-messo in distribuzione il disco che nel manifesto di copertina propone\u00a0 ritagli di giornale, foto di personaggi pi\u00f9 o meno famosi e&#8230; Papa Albino Luciani.\u00a0 Il vinile dei Dead Kennedys\u00a0 &#8211; precisa Stefano che lo considera un capolavoro della cultura alternativa anni 70-80 &#8211; \u00e8 una ristampa. Il disco originale \u00e8 del 1980, la foto richiama l&#8217;ipotesi di congiura al momento della morte.<\/p>\n<\/div>\n<div role=\"none\">\n\n\t\t\t<style type='text\/css'>\n\t\t\t\t#gallery-4 {\n\t\t\t\t\tmargin: auto;\n\t\t\t\t}\n\t\t\t\t#gallery-4 .gallery-item {\n\t\t\t\t\tfloat: left;\n\t\t\t\t\tmargin-top: 10px;\n\t\t\t\t\ttext-align: center;\n\t\t\t\t\twidth: 25%;\n\t\t\t\t}\n\t\t\t\t#gallery-4 img {\n\t\t\t\t\tborder: 2px solid #cfcfcf;\n\t\t\t\t}\n\t\t\t\t#gallery-4 .gallery-caption {\n\t\t\t\t\tmargin-left: 0;\n\t\t\t\t}\n\t\t\t\t\/* see gallery_shortcode() in wp-includes\/media.php *\/\n\t\t\t<\/style>\n\t\t<div id='gallery-4' class='dt-gallery-container gallery galleryid-239081 gallery-columns-4 gallery-size-medium'><dl class='gallery-item'>\n\t\t\t\t<dt class='gallery-icon landscape'>\n\t\t\t\t\t<a class=\"rollover rollover-zoom dt-pswp-item\" title=\"708760b8-80ac-49f6-a7bc-096db488fc22\" data-dt-img-description=\"\" data-large_image_width=\"1920\" data-large_image_height=\"1080\"href='https:\/\/www.radiopiu.net\/wordpress\/wp-content\/uploads\/2021\/10\/708760b8-80ac-49f6-a7bc-096db488fc22.jpg'><img loading=\"lazy\" decoding=\"async\" width=\"300\" height=\"169\" src=\"https:\/\/www.radiopiu.net\/wordpress\/wp-content\/uploads\/2021\/10\/708760b8-80ac-49f6-a7bc-096db488fc22-300x169.jpg\" class=\"attachment-medium size-medium\" alt=\"\" srcset=\"https:\/\/www.radiopiu.net\/wordpress\/wp-content\/uploads\/2021\/10\/708760b8-80ac-49f6-a7bc-096db488fc22-300x169.jpg 300w, https:\/\/www.radiopiu.net\/wordpress\/wp-content\/uploads\/2021\/10\/708760b8-80ac-49f6-a7bc-096db488fc22-1024x576.jpg 1024w, https:\/\/www.radiopiu.net\/wordpress\/wp-content\/uploads\/2021\/10\/708760b8-80ac-49f6-a7bc-096db488fc22-768x432.jpg 768w, https:\/\/www.radiopiu.net\/wordpress\/wp-content\/uploads\/2021\/10\/708760b8-80ac-49f6-a7bc-096db488fc22-1536x864.jpg 1536w, https:\/\/www.radiopiu.net\/wordpress\/wp-content\/uploads\/2021\/10\/708760b8-80ac-49f6-a7bc-096db488fc22.jpg 1920w\" sizes=\"auto, (max-width: 300px) 100vw, 300px\" \/><\/a>\n\t\t\t\t<\/dt><\/dl><dl class='gallery-item'>\n\t\t\t\t<dt class='gallery-icon landscape'>\n\t\t\t\t\t<a class=\"rollover rollover-zoom dt-pswp-item\" title=\"9953bf87-be5c-42a2-b2b1-f1e6ad332254\" data-dt-img-description=\"\" data-large_image_width=\"2048\" data-large_image_height=\"1536\"href='https:\/\/www.radiopiu.net\/wordpress\/wp-content\/uploads\/2021\/10\/9953bf87-be5c-42a2-b2b1-f1e6ad332254-1.jpg'><img loading=\"lazy\" decoding=\"async\" width=\"300\" height=\"225\" src=\"https:\/\/www.radiopiu.net\/wordpress\/wp-content\/uploads\/2021\/10\/9953bf87-be5c-42a2-b2b1-f1e6ad332254-1-300x225.jpg\" class=\"attachment-medium size-medium\" alt=\"\" srcset=\"https:\/\/www.radiopiu.net\/wordpress\/wp-content\/uploads\/2021\/10\/9953bf87-be5c-42a2-b2b1-f1e6ad332254-1-300x225.jpg 300w, https:\/\/www.radiopiu.net\/wordpress\/wp-content\/uploads\/2021\/10\/9953bf87-be5c-42a2-b2b1-f1e6ad332254-1-1024x768.jpg 1024w, https:\/\/www.radiopiu.net\/wordpress\/wp-content\/uploads\/2021\/10\/9953bf87-be5c-42a2-b2b1-f1e6ad332254-1-768x576.jpg 768w, https:\/\/www.radiopiu.net\/wordpress\/wp-content\/uploads\/2021\/10\/9953bf87-be5c-42a2-b2b1-f1e6ad332254-1-1536x1152.jpg 1536w, https:\/\/www.radiopiu.net\/wordpress\/wp-content\/uploads\/2021\/10\/9953bf87-be5c-42a2-b2b1-f1e6ad332254-1.jpg 2048w\" sizes=\"auto, (max-width: 300px) 100vw, 300px\" \/><\/a>\n\t\t\t\t<\/dt><\/dl><dl class='gallery-item'>\n\t\t\t\t<dt class='gallery-icon portrait'>\n\t\t\t\t\t<a class=\"rollover rollover-zoom dt-pswp-item\" title=\"70a418ab-a583-46ff-ac21-129e21ebfeef\" data-dt-img-description=\"\" data-large_image_width=\"1536\" data-large_image_height=\"2048\"href='https:\/\/www.radiopiu.net\/wordpress\/wp-content\/uploads\/2021\/10\/70a418ab-a583-46ff-ac21-129e21ebfeef-1.jpg'><img loading=\"lazy\" decoding=\"async\" width=\"225\" height=\"300\" src=\"https:\/\/www.radiopiu.net\/wordpress\/wp-content\/uploads\/2021\/10\/70a418ab-a583-46ff-ac21-129e21ebfeef-1-225x300.jpg\" class=\"attachment-medium size-medium\" alt=\"\" srcset=\"https:\/\/www.radiopiu.net\/wordpress\/wp-content\/uploads\/2021\/10\/70a418ab-a583-46ff-ac21-129e21ebfeef-1-225x300.jpg 225w, https:\/\/www.radiopiu.net\/wordpress\/wp-content\/uploads\/2021\/10\/70a418ab-a583-46ff-ac21-129e21ebfeef-1-768x1024.jpg 768w, https:\/\/www.radiopiu.net\/wordpress\/wp-content\/uploads\/2021\/10\/70a418ab-a583-46ff-ac21-129e21ebfeef-1-1152x1536.jpg 1152w, https:\/\/www.radiopiu.net\/wordpress\/wp-content\/uploads\/2021\/10\/70a418ab-a583-46ff-ac21-129e21ebfeef-1.jpg 1536w\" sizes=\"auto, (max-width: 225px) 100vw, 225px\" \/><\/a>\n\t\t\t\t<\/dt><\/dl><dl class='gallery-item'>\n\t\t\t\t<dt class='gallery-icon landscape'>\n\t\t\t\t\t<a class=\"rollover rollover-zoom dt-pswp-item\" title=\"deadkennedys_1_1354989002\" data-dt-img-description=\"\" data-large_image_width=\"619\" data-large_image_height=\"320\"href='https:\/\/www.radiopiu.net\/wordpress\/wp-content\/uploads\/2021\/10\/deadkennedys_1_1354989002-1.jpg'><img loading=\"lazy\" decoding=\"async\" width=\"300\" height=\"155\" src=\"https:\/\/www.radiopiu.net\/wordpress\/wp-content\/uploads\/2021\/10\/deadkennedys_1_1354989002-1-300x155.jpg\" class=\"attachment-medium size-medium\" alt=\"\" srcset=\"https:\/\/www.radiopiu.net\/wordpress\/wp-content\/uploads\/2021\/10\/deadkennedys_1_1354989002-1-300x155.jpg 300w, https:\/\/www.radiopiu.net\/wordpress\/wp-content\/uploads\/2021\/10\/deadkennedys_1_1354989002-1.jpg 619w\" sizes=\"auto, (max-width: 300px) 100vw, 300px\" \/><\/a>\n\t\t\t\t<\/dt><\/dl><br style=\"clear: both\" \/>\n\t\t\t<\/div>\n\n<p>&nbsp;<\/p>\n<p>&nbsp;<\/p>\n<hr \/>\n<p>&nbsp;<\/p>\n<p>&nbsp;<\/p>\n<blockquote>\n<h2>LA STAGIONE TURISTICA FELTRINA, ESTATE AL RIALZO COME DUE ANNI FA<\/h2>\n<\/blockquote>\n<\/div>\n<p>&nbsp;<\/p>\n<p><strong><img loading=\"lazy\" decoding=\"async\" class=\"alignleft\" src=\"https:\/\/www.radiopiu.net\/wordpress\/wp-content\/uploads\/2021\/10\/WhatsApp-Image-2021-10-26-at-12.40.17.jpeg\" width=\"223\" height=\"167\" \/><\/strong><\/p>\n<p>&nbsp;<\/p>\n<p>&nbsp;<\/p>\n<p><strong>FELTRE\u00a0<\/strong><\/p>\n<p><strong>DI MORENO GIOLI<\/strong><\/p>\n<audio class=\"wp-audio-shortcode\" id=\"audio-239081-3\" preload=\"none\" style=\"width: 100%;\" controls=\"controls\"><source type=\"audio\/mpeg\" src=\"https:\/\/www.radiopiu.net\/wordpress\/wp-content\/uploads\/2021\/10\/MORENO-GIORLI.mp3?_=3\" \/><a href=\"https:\/\/www.radiopiu.net\/wordpress\/wp-content\/uploads\/2021\/10\/MORENO-GIORLI.mp3\">https:\/\/www.radiopiu.net\/wordpress\/wp-content\/uploads\/2021\/10\/MORENO-GIORLI.mp3<\/a><\/audio>\n<p>&nbsp;<\/p>\n<p><strong>L&#8217;ASSESSORE AL TURISMO ALESSANDRO DEL BIANCO<\/strong><\/p>\n<audio class=\"wp-audio-shortcode\" id=\"audio-239081-4\" preload=\"none\" style=\"width: 100%;\" controls=\"controls\"><source type=\"audio\/mpeg\" src=\"https:\/\/www.radiopiu.net\/wordpress\/wp-content\/uploads\/2021\/10\/BIANCO.mp3?_=4\" \/><a href=\"https:\/\/www.radiopiu.net\/wordpress\/wp-content\/uploads\/2021\/10\/BIANCO.mp3\">https:\/\/www.radiopiu.net\/wordpress\/wp-content\/uploads\/2021\/10\/BIANCO.mp3<\/a><\/audio>\n<p>&nbsp;<\/p>\n<p><strong>IL PRESIDENTE DEL CONSORZIO DOLOMITI PREALPI\u00a0 LIONELLO GORZA<\/strong><\/p>\n<audio class=\"wp-audio-shortcode\" id=\"audio-239081-5\" preload=\"none\" style=\"width: 100%;\" controls=\"controls\"><source type=\"audio\/mpeg\" src=\"https:\/\/www.radiopiu.net\/wordpress\/wp-content\/uploads\/2021\/10\/LIONELLO-GORZA.mp3?_=5\" \/><a href=\"https:\/\/www.radiopiu.net\/wordpress\/wp-content\/uploads\/2021\/10\/LIONELLO-GORZA.mp3\">https:\/\/www.radiopiu.net\/wordpress\/wp-content\/uploads\/2021\/10\/LIONELLO-GORZA.mp3<\/a><\/audio>\n<p>&nbsp;<\/p>\n<p>&nbsp;<\/p>\n<p>&nbsp;<\/p>\n<p>&nbsp;<\/p>\n<hr \/>\n<p>&nbsp;<\/p>\n<blockquote>\n<h3>PROS\u011aK \u00abNO AL RICONOSCIMENTO, C&#8217;\u00c8 RISCHIO CONFUSIONE\u00bb<\/h3>\n<\/blockquote>\n<p><strong>BRUXELLES<\/strong>\u00a0 <em>\u00abAnche la Commissione Europea riconosce che c&#8217;\u00e8 un rischio confusione tra le denominazioni Pros\u011bk e Prosecco. Ribadiamo il nostro no al riconoscimento del Pros\u011bk per tutelare un&#8217;eccellenza italiana nota in tutto il mondo\u00bb<\/em>: cos\u00ec l&#8217;europarlamentare Herbert Dorfmann questo pomeriggio in Commissione Agricoltura al Parlamento Europeo dove, assieme al collega Paolo De Castro, ha acceso il dibattito sul \u201ccaso Pros\u011bk\u201d. La questione ha fatto parlare molto in Italia, e sappiamo che non \u00e8 una novit\u00e0, visto che se ne parla dal 2013, dall&#8217;ingresso della Croazia nell&#8217;Unione Europea. Il 22 settembre scorso sono scattati i 60 giorni a disposizione degli Stati membri e i produttori per presentare le proprie opposizioni.<\/p>\n<p>&nbsp;<\/p>\n<div style=\"width: 1200px;\" class=\"wp-video\"><video class=\"wp-video-shortcode\" id=\"video-239081-2\" width=\"1200\" height=\"675\" preload=\"metadata\" controls=\"controls\"><source type=\"video\/mp4\" src=\"https:\/\/www.radiopiu.net\/wordpress\/wp-content\/uploads\/2021\/10\/Dorfmann-Commissione-agricoltura-Prosek-resoconto.mp4?_=2\" \/><a href=\"https:\/\/www.radiopiu.net\/wordpress\/wp-content\/uploads\/2021\/10\/Dorfmann-Commissione-agricoltura-Prosek-resoconto.mp4\">https:\/\/www.radiopiu.net\/wordpress\/wp-content\/uploads\/2021\/10\/Dorfmann-Commissione-agricoltura-Prosek-resoconto.mp4<\/a><\/video><\/div>\n<p>&nbsp;<\/p>\n<hr \/>\n<p>&nbsp;<\/p>\n<blockquote>\n<h3>IL LEGNAME DEGLI SCHIANTI DI VAIA IN NEVEGAL, QUALE LA SITUAZIONE?<\/h3>\n<\/blockquote>\n<p>&nbsp;<\/p>\n<p align=\"JUSTIFY\"><strong><a href=\"https:\/\/www.radiopiu.net\/wordpress\/giornale-radiopiu-09-gennaio-2021-direttore-mirko-mezzacasa\/sentieri_nevegal_lavori-2\/\" rel=\"attachment wp-att-183743\"><img loading=\"lazy\" decoding=\"async\" class=\"size-medium wp-image-183743 alignleft\" src=\"https:\/\/www.radiopiu.net\/wordpress\/wp-content\/uploads\/2021\/01\/Sentieri_Nevegal_lavori-1-300x204.jpg\" alt=\"\" width=\"300\" height=\"204\" srcset=\"https:\/\/www.radiopiu.net\/wordpress\/wp-content\/uploads\/2021\/01\/Sentieri_Nevegal_lavori-1-300x204.jpg 300w, https:\/\/www.radiopiu.net\/wordpress\/wp-content\/uploads\/2021\/01\/Sentieri_Nevegal_lavori-1-1024x697.jpg 1024w, https:\/\/www.radiopiu.net\/wordpress\/wp-content\/uploads\/2021\/01\/Sentieri_Nevegal_lavori-1-768x522.jpg 768w, https:\/\/www.radiopiu.net\/wordpress\/wp-content\/uploads\/2021\/01\/Sentieri_Nevegal_lavori-1.jpg 1523w\" sizes=\"auto, (max-width: 300px) 100vw, 300px\" \/><\/a>BELLUNO<\/strong> Il Comune di Belluno ha venduto gli schianti di Vaia alla ditta alto atesina \u00a0Waldprofi Sudtirol, inizialmente era previsto un vantaggio per le casse comunali di oltre 625mila euro. Per questo i consiglieri comunali di Obiettivo Belluno, Raffaele Addamiano e Andrea Stella, chiedono chiarimenti, soprattutto la convocazione della I e II Commissione Consiliare Permanente. L&#8217;intento: discutere con il Sindaco e gli assessori competenti il\u00a0 tema ambientale-economico-turistico sul colle<b>. <\/b>Nella prima determinazione ricordano i consiglieri\u00a0 era stata tra l&#8217;altro assicurata a fine operazioni la percorribilit\u00e0 del bosco\u00a0 e la pulizia integrale dei sentieri e delle piste da sci e da mountain bike,\u00a0 ma anche\u00a0 l&#8217;eventuale risarcimento di\u00a0 tutti i danni\u00a0 valutati alla chiusura dei cantieri, sia all\u2019interno del bosco sia sulla viabilit\u00e0 di accesso, che sulle piste da sci. Alla prima determinazione sono\u00a0 seguite\u00a0 ulteriori scritture di modifica<\/p>\n<p align=\"JUSTIFY\"><em>&#8220;Per questo &#8211; concludono i consiglieri Addamiano e Stella &#8211; chiediamo di indire a breve una riunione congiunta della I e della II Commissione Consiliare Permanente per conoscere l\u2019effettivo stato dell\u2019arte dell\u2019appalto in esame e per discutere con la massima trasparenza delle rilevantissime tematiche \u00a0che coinvolgono, a tutta evidenza, sotto molteplici aspetti il Colle dei Bellunesi, nonch\u00e8, di riflesso, sia il prezioso patrimonio naturale del nostro territorio che l\u2019economia dell\u2019intera Provincia&#8221;.<\/em><\/p>\n<p>&nbsp;<\/p>\n<p>&nbsp;<\/p>\n<hr \/>\n<blockquote>\n<h3><strong>IN VENETO QUASI 4 MILIONI A SOSTEGNO DELLE FAMIGLIE<\/strong><\/h3>\n<\/blockquote>\n<p><strong>VENEZIA<\/strong>\u00a0 Via libera definitivo da parte della Giunta regionale al programma 2021 a favore delle \u201cfamiglie fragili\u201d, dotato di un totale di 3 milioni 980 mila euro di contributi. Gli \u201caventi titolo\u201d sono individuati nelle fattispecie <a href=\"https:\/\/www.radiopiu.net\/wordpress\/manuela-lanzarin-parla-dei-test-nelle-imprese\/lanzarin-6\/\" rel=\"attachment wp-att-136601\"><img loading=\"lazy\" decoding=\"async\" class=\"wp-image-136601 alignleft\" src=\"https:\/\/www.radiopiu.net\/wordpress\/wp-content\/uploads\/2020\/05\/LANZARIN-300x225.jpg\" alt=\"\" width=\"205\" height=\"154\" srcset=\"https:\/\/www.radiopiu.net\/wordpress\/wp-content\/uploads\/2020\/05\/LANZARIN-300x225.jpg 300w, https:\/\/www.radiopiu.net\/wordpress\/wp-content\/uploads\/2020\/05\/LANZARIN-768x576.jpg 768w, https:\/\/www.radiopiu.net\/wordpress\/wp-content\/uploads\/2020\/05\/LANZARIN.jpg 960w\" sizes=\"auto, (max-width: 205px) 100vw, 205px\" \/><\/a>previste dalla stessa legge regionale. Agli \u201cAmbiti territoriali sociali\u201d vengono assegnate le risorse economiche previste dalla deliberazione. All\u2019Ambito Sociale di Belluno (Comune di Belluno) vanno 85.839 euro.<\/p>\n<blockquote><p><em>\u201cSostenere la fragilit\u00e0 \u2013 sottolinea L&#8217;assessore Manuela\u00a0 Lanzarin \u2013 \u00e8 una delle azioni pi\u00f9 qualificanti dell\u2019intera attivit\u00e0 regionale sul fronte del sociale. In questo caso si tratta di famiglie che, per precise caratteristiche di difficolt\u00e0, non ce la farebbero a tirare avanti con le sole loro forze ed un aiuto pu\u00f2 fare la differenza. La volont\u00e0 \u00e8 di aiutare quelle famiglie con figli che hanno maggior necessit\u00e0 di supporto. Ci rivolgiamo infatti a famiglie con figli minori rimasti orfani di uno o entrambi i genitori; a famiglie monoparentali e genitori separati o divorziati in situazioni di difficolt\u00e0 economica; a famiglie con parti trigemellari e famiglie con numero di figli pari o superiori a quattro\u201d.<\/em><\/p><\/blockquote>\n<\/div>\n<\/div>\n<\/div>\n<\/div>\n<\/div>\n<\/div>\n<\/div>\n<p>&nbsp;<\/p>\n<hr \/>\n<p>&nbsp;<\/p>\n<blockquote>\n<h3>IL PRESIDENTE DELLA PROVINCIA A FALCADE PER PARLARE DI TURISMO<\/h3>\n<\/blockquote>\n<p><img loading=\"lazy\" decoding=\"async\" class=\"alignleft\" src=\"https:\/\/www.radiopiu.net\/wordpress\/wp-content\/uploads\/2021\/10\/43f4dcb0-149a-461d-aa8d-a5cc72e503c7.jpg\" width=\"273\" height=\"205\" \/><\/p>\n<p><strong>\u00a0<\/strong><\/p>\n<p><strong>FALCADE<\/strong> Gradita visita del Presidente Roberto Padrin ieri in Valle del Biois con il sindaco Michele Costa, la Presidente di Promo Falcade Antonella Schena con il suo staff, il maestro di sci Fulvio Valt e Renzo Minella. L&#8217;occasione\u00a0 per conoscere \u00a0la realt\u00e0 di Promo Fakcade con le sue elasticit\u00e0 e i progetti futuri,\u00a0 un punto di\u00a0 riferimento turistico per tutta la Valle del Biois.<\/p>\n<p>&nbsp;<\/p>\n<p>&nbsp;<\/p>\n<p><strong>\u00a0<\/strong><\/p>\n<p><strong>ANTONELLA SCHENA PRESIDENTE PROMO FALCADE\u00a0\u00a0<\/strong><\/p>\n<audio class=\"wp-audio-shortcode\" id=\"audio-239081-6\" preload=\"none\" style=\"width: 100%;\" controls=\"controls\"><source type=\"audio\/mpeg\" src=\"https:\/\/www.radiopiu.net\/wordpress\/wp-content\/uploads\/2021\/10\/anto.mp3?_=6\" \/><a href=\"https:\/\/www.radiopiu.net\/wordpress\/wp-content\/uploads\/2021\/10\/anto.mp3\">https:\/\/www.radiopiu.net\/wordpress\/wp-content\/uploads\/2021\/10\/anto.mp3<\/a><\/audio>\n<p>&nbsp;<\/p>\n<p><strong>FULVIO VALT, MAESTRO DI SCI SUOLA EQUIPE FALCADE<\/strong><\/p>\n<audio class=\"wp-audio-shortcode\" id=\"audio-239081-7\" preload=\"none\" style=\"width: 100%;\" controls=\"controls\"><source type=\"audio\/mpeg\" src=\"https:\/\/www.radiopiu.net\/wordpress\/wp-content\/uploads\/2021\/10\/FULVIO-VALT.mp3?_=7\" \/><a href=\"https:\/\/www.radiopiu.net\/wordpress\/wp-content\/uploads\/2021\/10\/FULVIO-VALT.mp3\">https:\/\/www.radiopiu.net\/wordpress\/wp-content\/uploads\/2021\/10\/FULVIO-VALT.mp3<\/a><\/audio>\n<p>&nbsp;<\/p>\n<p><strong>RENZO MINELLA RESPONSABILE MARKETING AREA SAN PELLEGRINO-FALCADE\u00a0<\/strong><\/p>\n<audio class=\"wp-audio-shortcode\" id=\"audio-239081-8\" preload=\"none\" style=\"width: 100%;\" controls=\"controls\"><source type=\"audio\/mpeg\" src=\"https:\/\/www.radiopiu.net\/wordpress\/wp-content\/uploads\/2021\/10\/PADRN.mp3?_=8\" \/><a href=\"https:\/\/www.radiopiu.net\/wordpress\/wp-content\/uploads\/2021\/10\/PADRN.mp3\">https:\/\/www.radiopiu.net\/wordpress\/wp-content\/uploads\/2021\/10\/PADRN.mp3<\/a><\/audio>\n<p>&nbsp;<\/p>\n<p><strong>IL PRESIDENTE DELLA PROVINCIA ROBERTO PADRIN\u00a0<\/strong><\/p>\n<audio class=\"wp-audio-shortcode\" id=\"audio-239081-9\" preload=\"none\" style=\"width: 100%;\" controls=\"controls\"><source type=\"audio\/mpeg\" src=\"https:\/\/www.radiopiu.net\/wordpress\/wp-content\/uploads\/2021\/10\/roberto-padrin.mp3?_=9\" \/><a href=\"https:\/\/www.radiopiu.net\/wordpress\/wp-content\/uploads\/2021\/10\/roberto-padrin.mp3\">https:\/\/www.radiopiu.net\/wordpress\/wp-content\/uploads\/2021\/10\/roberto-padrin.mp3<\/a><\/audio>\n<p>&nbsp;<\/p>\n<p>&nbsp;<\/p>\n<hr \/>\n<blockquote>\n<h3><\/h3>\n<h3>VIVERE LE DOLOMITI, I NUOVI BANDI PER LE ATTIVITA&#8217; DI PROMOZIONE DEI TERRITORI\u00a0\u00a0<b><\/b><\/h3>\n<p><em>\u00abBisogna lavorare insieme\u00a0 &#8211; dice Danilo De Toni &#8211; per arrivare all\u2019obiettivo, soprattutto dopo che il Covid ha stravolto il settore del turismo, con la Dmo come braccio operativo fondamentale nel ruolo di coordinamento dei consorzi\u00bb<\/em><\/p><\/blockquote>\n<p><strong>BELLUNO\u00a0<\/strong><i> <\/i>Nei prossimi mesi saranno pubblicati alcuni bandi per finanziare le attivit\u00e0 di promozione della destinazione turistica del Bellunese. \u00c8 quanto previsto dal piano \u201cVivere le Dolomiti\u201d, finanziato con Fondo Comuni confinanti gestito dalla Provincia di Belluno con la Dmo come stakeholder principale.<span class=\"gmail-Apple-converted-space\"> \u00a0<\/span>L\u2019importante novit\u00e0 \u00e8 gi\u00e0 stata comunicata ai consorzi di vallata soci privati della Dmo, all\u2019interno del percorso di condivisione delle <a href=\"https:\/\/www.radiopiu.net\/wordpress\/elezioni-comunali-2019-alleghe\/alleghe-danilo-de-toni\/\" rel=\"attachment wp-att-86463\"><img loading=\"lazy\" decoding=\"async\" class=\"wp-image-86463 alignleft\" src=\"https:\/\/www.radiopiu.net\/wordpress\/wp-content\/uploads\/2019\/05\/ALLEGHE-DANILO-DE-TONI-257x300.jpeg\" alt=\"\" width=\"161\" height=\"188\" srcset=\"https:\/\/www.radiopiu.net\/wordpress\/wp-content\/uploads\/2019\/05\/ALLEGHE-DANILO-DE-TONI-257x300.jpeg 257w, https:\/\/www.radiopiu.net\/wordpress\/wp-content\/uploads\/2019\/05\/ALLEGHE-DANILO-DE-TONI-768x895.jpeg 768w, https:\/\/www.radiopiu.net\/wordpress\/wp-content\/uploads\/2019\/05\/ALLEGHE-DANILO-DE-TONI-879x1024.jpeg 879w, https:\/\/www.radiopiu.net\/wordpress\/wp-content\/uploads\/2019\/05\/ALLEGHE-DANILO-DE-TONI.jpeg 1373w\" sizes=\"auto, (max-width: 161px) 100vw, 161px\" \/><\/a>nuove strategie, varate per la ripartenza post-Covid del turismo bellunese.\u00a0 Oltre ai bandi, continuer\u00e0 in maniera parallela &#8211; e sar\u00e0 rafforzata &#8211; l\u2019attivit\u00e0 di confronto con gli operatori. \u00c8 inoltre previsto un workshop iniziale il 2 novembre prossimo, per illustrare nel dettaglio l&#8217;indagine svolta su pi\u00f9 di 2.000 turisti nazionali ed esteri per\u00a0comprendere pi\u00f9 a fondo la loro percezione su ci\u00f2 che pu\u00f2 attrarre i potenziali visitatori nella destinazione per lo sviluppo di future azioni di marketing.<\/p>\n<p><em>\u00abSaranno attivati durante il mese di novembre alcuni tavoli tematici rivolti in particolare agli operatori dei consorzi &#8211; spiega il consigliere De Toni -. L\u2019obiettivo \u00e8 aumentare la reciproca collaborazione e la competitivit\u00e0 dell&#8217;organizzazione turistica di destinazione, su tre temi in particolare: accoglienza e coordinamento uffici Iat; design del prodotto turistico; strategia e strumenti per la diffusione della branding strategy nel web\u00bb.<span class=\"gmail-Apple-converted-space\">\u00a0<\/span><\/em><\/p>\n<p><strong>IL CONSIGLIERE PROVINCIALE DANILO DE TONI\u00a0\u00a0<\/strong><\/p>\n<audio class=\"wp-audio-shortcode\" id=\"audio-239081-10\" preload=\"none\" style=\"width: 100%;\" controls=\"controls\"><source type=\"audio\/mpeg\" src=\"https:\/\/www.radiopiu.net\/wordpress\/wp-content\/uploads\/2021\/10\/DANILO.mp3?_=10\" \/><a href=\"https:\/\/www.radiopiu.net\/wordpress\/wp-content\/uploads\/2021\/10\/DANILO.mp3\">https:\/\/www.radiopiu.net\/wordpress\/wp-content\/uploads\/2021\/10\/DANILO.mp3<\/a><\/audio>\n<p>&nbsp;<\/p>\n<hr \/>\n<p>&nbsp;<\/p>\n<blockquote>\n<h3>LATTE, AZIENDE VENETE A RISCHIO CHIUSURA &#8220;RIPARTA IL TAVOLO DI CRISI&#8221;<\/h3>\n<p><em>In Veneto sono circa 2.950 gli allevamenti di vacche da latte, con 1,2 milioni di tonnellate di latte munti ogni anno, Belluno 51.500<\/em><\/p><\/blockquote>\n<p><strong><a href=\"https:\/\/www.radiopiu.net\/wordpress\/giornale-radiopiu-27-ottobre-2021-direttore-mirko-mezzacasa\/stalla2\/\" rel=\"attachment wp-att-239198\"><img loading=\"lazy\" decoding=\"async\" class=\" wp-image-239198 alignleft\" src=\"https:\/\/www.radiopiu.net\/wordpress\/wp-content\/uploads\/2021\/10\/stalla2-300x224.jpg\" alt=\"\" width=\"261\" height=\"195\" srcset=\"https:\/\/www.radiopiu.net\/wordpress\/wp-content\/uploads\/2021\/10\/stalla2-300x224.jpg 300w, https:\/\/www.radiopiu.net\/wordpress\/wp-content\/uploads\/2021\/10\/stalla2-1024x765.jpg 1024w, https:\/\/www.radiopiu.net\/wordpress\/wp-content\/uploads\/2021\/10\/stalla2-768x574.jpg 768w, https:\/\/www.radiopiu.net\/wordpress\/wp-content\/uploads\/2021\/10\/stalla2.jpg 1296w\" sizes=\"auto, (max-width: 261px) 100vw, 261px\" \/><\/a>VENEZIA<\/strong>\u00a0 <em>\u201cRiparta il tavolo di emergenza su latte o a fine anno molti allevamenti chiuderanno i battenti\u201d<\/em>. \u00c8 l\u2019appello lanciato da Confagricoltura Veneto dopo che si sono interrotte le trattative con tutti gli attori della filiera, mirate a definire un intervento straordinario a tutela degli allevatori alla luce dei rincari dell\u2019energia e dei costi di produzione. <em>\u201cSollecitiamo l\u2019assessore regionale all\u2019agricoltura, Federico Caner, a fare pressing come coordinatore nella conferenza Stato Regioni affinch\u00e9 le trattative ripartano \u2013 sottolinea Fabio Curto, presidente del settore lattiero-caseario di Confagricoltura Veneto -. L\u2019ultima riunione, indetta dal ministero delle Politiche agricole, si \u00e8 svolta a fine settembre ed era mirata a definire un protocollo d\u2019intesa in cui le imprese di trasformazione e la grande distribuzione riconoscessero una valorizzazione dei prodotti lattiero-caseari con latte italiano e un prezzo minimo del latte. Interventi strutturali per il settore sono irrinunciabili alla luce di una crisi gravissima, che ci vede con prezzi fermi a 25 anni fa di 36-37 centesimi al litro ma con costi di produzione aumentati del 30 per cento tra mais, soia, foraggi ed energia. Gi\u00e0 prima avevamo un deficit di marginalit\u00e0, ma ora siamo a un punto di non ritorno. C\u2019\u00e8 gi\u00e0 sentore di allevamenti che a fine anno chiuderanno l\u2019attivit\u00e0, che una volta interrotta non sar\u00e0 mai pi\u00f9 ripresa. Non ci sar\u00e0 futuro per il settore se non verr\u00e0 ridistribuita la ricchezza all\u2019interno della filiera\u201d.<\/em><\/p>\n<p>&nbsp;<\/p>\n<hr \/>\n<p>&nbsp;<\/p>\n<p>&nbsp;<\/p>\n<blockquote>\n<h3>DAL 1976 LA MESSA PER I CADUTI DELLA MONTAGNA, DOMENICA 31 OTTOBRE AD AGORDO<\/h3>\n<\/blockquote>\n<p><strong><a href=\"https:\/\/www.radiopiu.net\/wordpress\/giornale-radiopiu-27-ottobre-2021-direttore-mirko-mezzacasa\/c7861961-b74d-4fcd-978b-de53f76cad66\/\" rel=\"attachment wp-att-239280\"><img loading=\"lazy\" decoding=\"async\" class=\"size-medium wp-image-239280 alignleft\" src=\"https:\/\/www.radiopiu.net\/wordpress\/wp-content\/uploads\/2021\/10\/c7861961-b74d-4fcd-978b-de53f76cad66-210x300.jpg\" alt=\"\" width=\"210\" height=\"300\" srcset=\"https:\/\/www.radiopiu.net\/wordpress\/wp-content\/uploads\/2021\/10\/c7861961-b74d-4fcd-978b-de53f76cad66-210x300.jpg 210w, https:\/\/www.radiopiu.net\/wordpress\/wp-content\/uploads\/2021\/10\/c7861961-b74d-4fcd-978b-de53f76cad66.jpg 718w\" sizes=\"auto, (max-width: 210px) 100vw, 210px\" \/><\/a>AGORDO<\/strong>\u00a0 Anche quest&#8217;anno per iniziativa del Coro Agordo i Caduti in montagna saranno ricordati con una celebrazione religiosa accompagnata dai canti del Coro Agordo (che organizza il ricordo) nell&#8217;Arcidiaconale della citt\u00e0. Anche quest&#8217;anno la celebrazione sar\u00e0 trasmessa in tutto il mondo sulle frequenze FM e sullo streaming di Radio Pi\u00f9, in video sui canali facebook e telegram (RADIO PIU INFORMAZIONE). I posti a sedere in chiesa saranno distanziati come da norme anti covid, ridotti nel numero disponibile. E&#8217; dunque importante la comunicazione anticipata di quanti vorranno partecipare (347 8883140, mail coroagordo@libero.it). A causa della pandemia il consueto ritrovato al termine della messa nella sede del Coro non si terr\u00e0.<\/p>\n<blockquote>\n<h3><\/h3>\n<h3>IL PRESIDENTE DEL CORO AGORDO, GABRIELE RIVA<\/h3>\n<\/blockquote>\n<audio class=\"wp-audio-shortcode\" id=\"audio-239081-11\" preload=\"none\" style=\"width: 100%;\" controls=\"controls\"><source type=\"audio\/mpeg\" src=\"https:\/\/www.radiopiu.net\/wordpress\/wp-content\/uploads\/2021\/10\/gabry.mp3?_=11\" \/><a href=\"https:\/\/www.radiopiu.net\/wordpress\/wp-content\/uploads\/2021\/10\/gabry.mp3\">https:\/\/www.radiopiu.net\/wordpress\/wp-content\/uploads\/2021\/10\/gabry.mp3<\/a><\/audio>\n<p>&nbsp;<\/p>\n<p>&nbsp;<\/p>\n<p>&nbsp;<\/p>\n<hr \/>\n<p>&nbsp;<\/p>\n<blockquote class=\"wp-embedded-content\" data-secret=\"hd80AW77qw\"><p><a href=\"https:\/\/www.radiopiu.net\/wordpress\/aggiornamentoott26\/\">CORONAVIRUS: AGGIORNAMENTO NAZIONALE 26OTTOBRE  2021<\/a><\/p><\/blockquote>\n<p><iframe loading=\"lazy\" class=\"wp-embedded-content\" sandbox=\"allow-scripts\" security=\"restricted\" style=\"position: absolute; clip: rect(1px, 1px, 1px, 1px);\" title=\"&#8220;CORONAVIRUS: AGGIORNAMENTO NAZIONALE 26OTTOBRE  2021&#8221; &#8212; Radio Pi\u00f9\" src=\"https:\/\/www.radiopiu.net\/wordpress\/aggiornamentoott26\/embed\/#?secret=hd80AW77qw\" data-secret=\"hd80AW77qw\" width=\"600\" height=\"338\" frameborder=\"0\" marginwidth=\"0\" marginheight=\"0\" scrolling=\"no\"><\/iframe><\/p>\n<p>&nbsp;<\/p>\n<p>&nbsp;<\/p>\n<blockquote class=\"wp-embedded-content\" data-secret=\"IhG3Pul1l5\"><p><a href=\"https:\/\/www.radiopiu.net\/wordpress\/due-decessi-covid-in-veneto-nelle-ultime-24-ore-i-nuovi-positivi-sono-475\/\">DUE DECESSI COVID IN VENETO NELLE ULTIME 24 ORE. I NUOVI POSITIVI SONO 475<\/a><\/p><\/blockquote>\n<p><iframe loading=\"lazy\" class=\"wp-embedded-content\" sandbox=\"allow-scripts\" security=\"restricted\" style=\"position: absolute; clip: rect(1px, 1px, 1px, 1px);\" title=\"&#8220;DUE DECESSI COVID IN VENETO NELLE ULTIME 24 ORE. I NUOVI POSITIVI SONO 475&#8221; &#8212; Radio Pi\u00f9\" src=\"https:\/\/www.radiopiu.net\/wordpress\/due-decessi-covid-in-veneto-nelle-ultime-24-ore-i-nuovi-positivi-sono-475\/embed\/#?secret=IhG3Pul1l5\" data-secret=\"IhG3Pul1l5\" width=\"600\" height=\"338\" frameborder=\"0\" marginwidth=\"0\" marginheight=\"0\" scrolling=\"no\"><\/iframe><\/p>\n<p>&nbsp;<\/p>\n<h2>I GRAFICI DI TIZIANO DE COL<\/h2>\n\n\t\t\t<style type='text\/css'>\n\t\t\t\t#gallery-5 {\n\t\t\t\t\tmargin: auto;\n\t\t\t\t}\n\t\t\t\t#gallery-5 .gallery-item {\n\t\t\t\t\tfloat: left;\n\t\t\t\t\tmargin-top: 10px;\n\t\t\t\t\ttext-align: center;\n\t\t\t\t\twidth: 33%;\n\t\t\t\t}\n\t\t\t\t#gallery-5 img {\n\t\t\t\t\tborder: 2px solid #cfcfcf;\n\t\t\t\t}\n\t\t\t\t#gallery-5 .gallery-caption {\n\t\t\t\t\tmargin-left: 0;\n\t\t\t\t}\n\t\t\t\t\/* see gallery_shortcode() in wp-includes\/media.php *\/\n\t\t\t<\/style>\n\t\t<div id='gallery-5' class='dt-gallery-container gallery galleryid-239081 gallery-columns-3 gallery-size-thumbnail'><dl class='gallery-item'>\n\t\t\t\t<dt class='gallery-icon landscape'>\n\t\t\t\t\t<a class=\"rollover rollover-zoom dt-pswp-item\" title=\"1f54c281-8a96-48db-af92-24635e06e958\" data-dt-img-description=\"\" data-large_image_width=\"603\" data-large_image_height=\"355\"href='https:\/\/www.radiopiu.net\/wordpress\/wp-content\/uploads\/2021\/10\/1f54c281-8a96-48db-af92-24635e06e958.jpg'><img loading=\"lazy\" decoding=\"async\" width=\"150\" height=\"150\" src=\"https:\/\/www.radiopiu.net\/wordpress\/wp-content\/uploads\/2021\/10\/1f54c281-8a96-48db-af92-24635e06e958-150x150.jpg\" class=\"attachment-thumbnail size-thumbnail\" alt=\"\" \/><\/a>\n\t\t\t\t<\/dt><\/dl><dl class='gallery-item'>\n\t\t\t\t<dt class='gallery-icon landscape'>\n\t\t\t\t\t<a class=\"rollover rollover-zoom dt-pswp-item\" title=\"4f626cda-333b-4d74-8e0d-16bce9c91eb3\" data-dt-img-description=\"\" data-large_image_width=\"608\" data-large_image_height=\"365\"href='https:\/\/www.radiopiu.net\/wordpress\/wp-content\/uploads\/2021\/10\/4f626cda-333b-4d74-8e0d-16bce9c91eb3.jpg'><img loading=\"lazy\" decoding=\"async\" width=\"150\" height=\"150\" src=\"https:\/\/www.radiopiu.net\/wordpress\/wp-content\/uploads\/2021\/10\/4f626cda-333b-4d74-8e0d-16bce9c91eb3-150x150.jpg\" class=\"attachment-thumbnail size-thumbnail\" alt=\"\" \/><\/a>\n\t\t\t\t<\/dt><\/dl><dl class='gallery-item'>\n\t\t\t\t<dt class='gallery-icon landscape'>\n\t\t\t\t\t<a class=\"rollover rollover-zoom dt-pswp-item\" title=\"9348a39c-152c-4600-9b79-09de7c47cfb5\" data-dt-img-description=\"\" data-large_image_width=\"604\" data-large_image_height=\"354\"href='https:\/\/www.radiopiu.net\/wordpress\/wp-content\/uploads\/2021\/10\/9348a39c-152c-4600-9b79-09de7c47cfb5.jpg'><img loading=\"lazy\" decoding=\"async\" width=\"150\" height=\"150\" src=\"https:\/\/www.radiopiu.net\/wordpress\/wp-content\/uploads\/2021\/10\/9348a39c-152c-4600-9b79-09de7c47cfb5-150x150.jpg\" class=\"attachment-thumbnail size-thumbnail\" alt=\"\" \/><\/a>\n\t\t\t\t<\/dt><\/dl><br style=\"clear: both\" \/><dl class='gallery-item'>\n\t\t\t\t<dt class='gallery-icon landscape'>\n\t\t\t\t\t<a class=\"rollover rollover-zoom dt-pswp-item\" title=\"4c39b5bb-c576-4051-a65d-fe97d71f4ada\" data-dt-img-description=\"\" data-large_image_width=\"616\" data-large_image_height=\"351\"href='https:\/\/www.radiopiu.net\/wordpress\/wp-content\/uploads\/2021\/10\/4c39b5bb-c576-4051-a65d-fe97d71f4ada.jpg'><img loading=\"lazy\" decoding=\"async\" width=\"150\" height=\"150\" src=\"https:\/\/www.radiopiu.net\/wordpress\/wp-content\/uploads\/2021\/10\/4c39b5bb-c576-4051-a65d-fe97d71f4ada-150x150.jpg\" class=\"attachment-thumbnail size-thumbnail\" alt=\"\" \/><\/a>\n\t\t\t\t<\/dt><\/dl><dl class='gallery-item'>\n\t\t\t\t<dt class='gallery-icon landscape'>\n\t\t\t\t\t<a class=\"rollover rollover-zoom dt-pswp-item\" title=\"9fc23198-9759-4e54-bdc3-8d3205f23848\" data-dt-img-description=\"\" data-large_image_width=\"604\" data-large_image_height=\"367\"href='https:\/\/www.radiopiu.net\/wordpress\/wp-content\/uploads\/2021\/10\/9fc23198-9759-4e54-bdc3-8d3205f23848.jpg'><img loading=\"lazy\" decoding=\"async\" width=\"150\" height=\"150\" src=\"https:\/\/www.radiopiu.net\/wordpress\/wp-content\/uploads\/2021\/10\/9fc23198-9759-4e54-bdc3-8d3205f23848-150x150.jpg\" class=\"attachment-thumbnail size-thumbnail\" alt=\"\" \/><\/a>\n\t\t\t\t<\/dt><\/dl>\n\t\t\t\t<br style='clear: both' \/>\n\t\t\t<\/div>\n\n<p>&nbsp;<\/p>\n<hr \/>\n<p>&nbsp;<\/p>\n<p>&nbsp;<\/p>\n<blockquote>\n<h3>COME PREVENIRE L&#8217;ICTUS E COME RICONOSCERLO<\/h3>\n<\/blockquote>\n<p><strong><a href=\"https:\/\/www.radiopiu.net\/wordpress\/monoclonali-pronti-per-la-somministrazione-in-ulss-1-dolomiti\/ulss-1-2\/\" rel=\"attachment wp-att-198838\"><img loading=\"lazy\" decoding=\"async\" class=\" wp-image-198838 alignleft\" src=\"https:\/\/www.radiopiu.net\/wordpress\/wp-content\/uploads\/2021\/03\/ULSS-1-300x158.jpg\" alt=\"\" width=\"247\" height=\"130\" srcset=\"https:\/\/www.radiopiu.net\/wordpress\/wp-content\/uploads\/2021\/03\/ULSS-1-300x158.jpg 300w, https:\/\/www.radiopiu.net\/wordpress\/wp-content\/uploads\/2021\/03\/ULSS-1-768x404.jpg 768w, https:\/\/www.radiopiu.net\/wordpress\/wp-content\/uploads\/2021\/03\/ULSS-1.jpg 776w\" sizes=\"auto, (max-width: 247px) 100vw, 247px\" \/><\/a>BELLUNO<\/strong> In occasione della giornata mondiale contro l\u2019ictus in programma il 29 ottobre, le Neurologie dell\u2019Ulss Dolomiti hanno organizzato un incontro online per sensibilizzare sul tema.\u00a0 Nei Paesi industrializzati \u00e8 la prima causa di disabilit\u00e0, la seconda causa di demenza. In Italia si registrano circa. 660 casi al giorno I principali fattori di rischio sono l\u2019ipertensione arteriosa, il diabete mellito, il colesterolo alto, il fumo, l\u2019eccesso di alcool e l\u2019 obesit\u00e0. Un aspetto molto importante \u00e8 il riconoscimento precoce dei sintomi per l\u2019attivazione immediata della rete di emergenza urgenza. Cure tempestive, infatti, migliorano in modo significativo gli esiti della patologia. Questi temi saranno approfonditi in un incontro online in Gmeet che si terr\u00e0 venerd\u00ec dalle 18.00 alle 19.00. Interverranno Gessica Canal, medico neurologo di Feltre e Franco Ferracci, direttore della Neurologia di Belluno. Per iscrizioni inviare una mail a guadagnare.salute@aulss1.veneto.it<\/p>\n<p>&nbsp;<\/p>\n<p>&nbsp;<\/p>\n<p>&nbsp;<\/p>\n<hr \/>\n<p>&nbsp;<\/p>\n<blockquote>\n<h3>PRODUTTORI DI COMPOST RISCHIANO LA CHIUSURA<\/h3>\n<\/blockquote>\n<p><strong><a href=\"https:\/\/www.radiopiu.net\/wordpress\/giornale-radiopiu-27-ottobre-2021-direttore-mirko-mezzacasa\/stalla2\/\" rel=\"attachment wp-att-239198\"><img loading=\"lazy\" decoding=\"async\" class=\"size-medium wp-image-239198 alignleft\" src=\"https:\/\/www.radiopiu.net\/wordpress\/wp-content\/uploads\/2021\/10\/stalla2-300x224.jpg\" alt=\"\" width=\"300\" height=\"224\" srcset=\"https:\/\/www.radiopiu.net\/wordpress\/wp-content\/uploads\/2021\/10\/stalla2-300x224.jpg 300w, https:\/\/www.radiopiu.net\/wordpress\/wp-content\/uploads\/2021\/10\/stalla2-1024x765.jpg 1024w, https:\/\/www.radiopiu.net\/wordpress\/wp-content\/uploads\/2021\/10\/stalla2-768x574.jpg 768w, https:\/\/www.radiopiu.net\/wordpress\/wp-content\/uploads\/2021\/10\/stalla2.jpg 1296w\" sizes=\"auto, (max-width: 300px) 100vw, 300px\" \/><\/a>VENEZIA <\/strong>Con l\u2019introduzione, da parte della Regione Veneto, del IV Programma d\u2019Azione Nitrati, dall\u20191 gennaio 2022 gli Ammendanti Compostati con Fanghi (ACF) e i fanghi derivanti da processi di depurazione delle acque reflue non potranno pi\u00f9 essere utilizzati come fertilizzanti in agricoltura, di fatto interrompendo una parte di quel percorso di economia circolare in cui il Veneto \u00e8 leader.\u00a0 Questo comporter\u00e0 un grave danno economico sia per le aziende pubbliche che si occupano della depurazione delle acque (le societ\u00e0 multiservizi) sia per quelle private che lavorano i fanghi, producendo ammendanti compostati che poi cedono agli agricoltori; ma anche per questi ultimi gli effetti economici rischiano di essere pesanti; dall\u2019anno prossimo, infatti, vi sar\u00e0 meno disponibilit\u00e0 di compost e di conseguenza un maggior ricorso ai fertilizzanti chimici e ci\u00f2 provocher\u00e0 un forte aumento dei costi aziendali. Insomma, in Veneto la filiera del compost \u00e8 a rischio, con il pericolo di far saltare uno straordinario esempio di economia circolare e di valorizzazione e trasformazione dei rifiuti. In Veneto le aziende private che producono ammendanti compostati, generano un fatturato annuo di oltre 40 milioni di euro, effettuano investimenti tecnologici innovativi e danno lavoro complessivamente a 100 addetti; lavoratori, molti dei quali, dal prossimo 1\u00b0\u00a0 gennaio rischiano il posto di lavoro. \u201c<em>La complessit\u00e0 tecnica e la novit\u00e0 della materia \u2013 puntualizza Marco Marcello di Biocalos Srl che insieme ad altri produttori di compost hanno presentato ricorso al Tribunale Amministrativo Regionale del Veneto \u2013 \u00e8 stata prontamente riconosciuta dai giudici amministrativi che hanno fissato per il 24 febbraio 2022 la trattazione di merito del ricorso, aprendo quindi di fatto ad un confronto tecnico che getta anche le basi per un dialogo costruttivo tra produttori e Regione del Veneto<\/em>\u201d<\/p>\n<p>&nbsp;<\/p>\n<p>&nbsp;<\/p>\n<hr \/>\n<p>&nbsp;<\/p>\n<blockquote>\n<h3>LE NOVITA&#8217; DEL NUOVO DECRETO FISCALE DEL 22 OTTOBRE<\/h3>\n<\/blockquote>\n<p><strong>ROMA<\/strong> La Uil ha distribuito un documento dove elenca le novit\u00e0 del nuovo &#8220;Decreto Fiscale&#8221; del 22 ottobre 2021. Tanti i punti toccati dalla sigla sindacale sui quali prova a fare chiarezza.<\/p>\n<p><strong>IL DOCUMENTO DELLA UIL (7 pagine)<\/strong><\/p>\n<a href=\"https:\/\/www.radiopiu.net\/wordpress\/wp-content\/uploads\/2021\/10\/Nota-UIL-Decreto-21-Ottobre-2021-n.-146-Decreto-Fiscale-.pdf\" class=\"pdfemb-viewer\" style=\"\" data-width=\"max\" data-height=\"max\" data-toolbar=\"top\" data-toolbar-fixed=\"on\">Nota UIL Decreto 21 Ottobre 2021, n. 146 (Decreto Fiscale)<\/a>\n<p>&nbsp;<\/p>\n<hr \/>\n<p>&nbsp;<\/p>\n<blockquote>\n<h3>DALLA FRATERNIT\u00c9 AL WELFARE<\/h3>\n<\/blockquote>\n<p><strong><a href=\"https:\/\/www.radiopiu.net\/wordpress\/giornale-radiopiu-10-agosto-2018-direttore-mirko-mezzacasa\/csv\/\" rel=\"attachment wp-att-57221\"><img loading=\"lazy\" decoding=\"async\" class=\"size-full wp-image-57221 alignleft\" src=\"https:\/\/www.radiopiu.net\/wordpress\/wp-content\/uploads\/2018\/08\/CSV.png\" alt=\"\" width=\"296\" height=\"170\" \/><\/a>BELLUNO <\/strong>&#8220;Dalla Fraternit\u00e9 al Welfare, le Societ\u00e0 di Mutuo Soccorso a Belluno e Treviso ieri, oggi e domani&#8221; \u00e8 questo il titolo e il tema del convegno dedicato al racconto del fenomeno delle Societ\u00e0 di Mutuo Soccorso, promosso da Csv Belluno Treviso insieme a Fimiv (Federazione italiana della mutualit\u00e0 integrativa volontaria), Crevesmus (Comitato regionale Veneto delle Societ\u00e0 di Mutuo Soccorso), Soms di Lentiai, Soms di Crocetta del Montello, Isbrec (Istituto storico bellunese della resistenza e dell&#8217;et\u00e0 contemporanea). L&#8217;incontro si terr\u00e0, in modalit\u00e0 online, venerd\u00ec alle 18.30. In particolare, durante l&#8217;appuntamento, si far\u00e0 riferimento alla dimensione bellunese e trevigiana delle Sms, lasciando spazio a delle riflessioni sul Welfare odierno, sulla situazione attuale del movimento e sulle societ\u00e0 stesse nella Riforma del Terzo Settore. Iscrizione obbligatoria entro gioved\u00ec 28\u00a0a partire dalla home page del sito www.csvbelluno.it; agli iscritti sar\u00e0 inviato il link per la partecipazione; per informazioni\u00a0cendoc@csvbelluno.it, 0437 950374.<\/p>\n<p>&nbsp;<\/p>\n<p>&nbsp;<\/p>\n<hr \/>\n<p>&nbsp;<\/p>\n<blockquote>\n<h3>ULSS 1 ALLA RICERCA DI UN AMMINISTRATIVO A TEMPO DETERMINATO PER IL DISTRETTO DI FELTRE<\/h3>\n<\/blockquote>\n<p><strong>BELLUNO<\/strong>\u00a0 L\u2019Ulss 1 \u201cDolomiti\u201d ha indetto un concorso per una figura amministrativa a tempo determinato per 1 anno, prorogabile per altri 2 anni, da destinare all\u2019Ambito territoriale Feltrino per garantire l\u2019attivit\u00e0 rendicontativa, amministrativa, gestionale delle varie attivit\u00e0 progettuali. Il bando per la ricerca della figura amministrativa \u00e8 pubblicato nel sito www.aulss1.veneto.it nella sezione \u201cConcorsi e avvisi\u201d . \u00a0Il termine di presentazione delle domande \u00e8 il 30 ottobre.<\/p>\n<p>&nbsp;<\/p>\n<p>&nbsp;<\/p>\n<hr \/>\n<p>&nbsp;<\/p>\n<blockquote>\n<h3><a href=\"https:\/\/www.radiopiu.net\/wordpress\/giornale-radiopiu-26-ottobre-2021-direttore-mirko-mezzacasa\/locandina-1-3\/\" rel=\"attachment wp-att-238980\"><img loading=\"lazy\" decoding=\"async\" class=\"wp-image-238980 alignleft\" src=\"https:\/\/www.radiopiu.net\/wordpress\/wp-content\/uploads\/2021\/10\/locandina-1-212x300.png\" alt=\"\" width=\"153\" height=\"217\" srcset=\"https:\/\/www.radiopiu.net\/wordpress\/wp-content\/uploads\/2021\/10\/locandina-1-212x300.png 212w, https:\/\/www.radiopiu.net\/wordpress\/wp-content\/uploads\/2021\/10\/locandina-1-724x1024.png 724w, https:\/\/www.radiopiu.net\/wordpress\/wp-content\/uploads\/2021\/10\/locandina-1-768x1086.png 768w, https:\/\/www.radiopiu.net\/wordpress\/wp-content\/uploads\/2021\/10\/locandina-1-1086x1536.png 1086w, https:\/\/www.radiopiu.net\/wordpress\/wp-content\/uploads\/2021\/10\/locandina-1.png 1414w\" sizes=\"auto, (max-width: 153px) 100vw, 153px\" \/><\/a>VENERDI&#8217; AD AGORDO IL CONVEGNO SULLA MALATTIA MENTALE<\/h3>\n<p><em>Il convegno vuole essere un momento di condivisione e di riflessione sul tema del recovery dalla malattia mentale con l&#8217;esplorazione di nuove possibilit\u00e0 e strumenti.<\/em><\/p><\/blockquote>\n<p><strong>AGORDO<\/strong> Venerd\u00ec presso il centro parrocchiale di Agordo, Societ\u00e0 Nuova assieme a Ulss 1 Dolomiti e SIRP organizzano un convegno dedicato a famigliari, educatori, medici e operatori del settore dal titolo &#8220;Il recovery della malattia mentale: una vita degna di essere vissuta. L&#8217;incontro si svolger\u00e0 dalle 9 alle 16 e per partecipare sar\u00e0 obbligatorio il Green Pass e la prenotazione tramite telefono al numero 0437646319 o mail a cd.psichiatrici@societanuova.eu<\/p>\n<p>Interverranno\u00a0 il dottor Lamonaca e la dottoressa Merlin del Centro SIRP, coadiuvati da una signora &#8220;esperta per esperienza&#8221;, che porter\u00e0 la sua testimonianza. Saranno presenti in rappresentanza del Comune di Agordo il sidnaco Roberto Chissal\u00e8,\u00a0 dell&#8217;ULSS 1-Dolomiti dottor Matarrese di PSichiatria, la Presidente dell&#8217;AiTSaM Paola Agostini e i rappresentanti della Cooperativa con il Presidente Bristot e Coordinatrice del Centro dottoressa Zardin.<\/p>\n<p>&nbsp;<\/p>\n<p>&nbsp;<\/p>\n<hr \/>\n<p>&nbsp;<\/p>\n<blockquote>\n<h3>IL COMUNE DI ALLEGHE APRE UN BANDO PER L&#8217;ASSEGNAZIONE DELLE BORSE DI STUDIO<\/h3>\n<\/blockquote>\n<p><strong>ALLEGHE<\/strong> Si porta a conoscenza del fatto che il Comune di Alleghe ha pubblicato il bando per l\u2019assegnazione di borse di studio comunali agli studenti, residenti, frequentanti le scuole superiori, che hanno conseguito il diploma di maturita\u0300 nel 2021 o laureatesi entro il mese di ottobre 2021. Il modulo di domanda si puo\u0300 reperire sul sito del Comune di Alleghe o richiedere direttamente all\u2019Ufficio Servizi Demografici; le domande potranno essere inoltrate fino al 19 dicembre 2021<\/p>\n<p>&nbsp;<\/p>\n<p>&nbsp;<\/p>\n<hr \/>\n<p>&nbsp;<\/p>\n<blockquote>\n<h3>CERTOTTICA FORMA L\u2019ADDETTO COMMERCIALE ESTERO: APERTE LE ISCRIZIONI<\/h3>\n<\/blockquote>\n<p><strong><a href=\"https:\/\/www.radiopiu.net\/wordpress\/giornale-radiopiu-31-01-2018-direttore-mirko-mezzacasa\/da-certottica-2-corsi-specialistici-richiesti-dalle-aziende_platform_optic\/\" rel=\"attachment wp-att-42612\"><img loading=\"lazy\" decoding=\"async\" class=\" wp-image-42612 alignleft\" src=\"https:\/\/www.radiopiu.net\/wordpress\/wp-content\/uploads\/2018\/01\/da-certottica-2-corsi-specialistici-richiesti-dalle-aziende_Platform_Optic-300x174.jpg\" alt=\"\" width=\"202\" height=\"117\" srcset=\"https:\/\/www.radiopiu.net\/wordpress\/wp-content\/uploads\/2018\/01\/da-certottica-2-corsi-specialistici-richiesti-dalle-aziende_Platform_Optic-300x174.jpg 300w, https:\/\/www.radiopiu.net\/wordpress\/wp-content\/uploads\/2018\/01\/da-certottica-2-corsi-specialistici-richiesti-dalle-aziende_Platform_Optic-768x444.jpg 768w, https:\/\/www.radiopiu.net\/wordpress\/wp-content\/uploads\/2018\/01\/da-certottica-2-corsi-specialistici-richiesti-dalle-aziende_Platform_Optic.jpg 785w\" sizes=\"auto, (max-width: 202px) 100vw, 202px\" \/><\/a>LONGARONE <\/strong>Dalle tecniche di vendita al customer care, dall\u2019inglese commerciale al problem solving: queste sono solo alcune delle tematiche del percorso formativo per ADDETTO COMMERCIALE ESTERO E RELAZIONI INTERNAZIONALI PER IL SETTORE OCCHIALERIA promosso dall\u2019Area Formazione di Certottica. Per scoprire tutti i dettagli del corso, i requisiti di ammissione, le indennit\u00e0 ed i benefit di partecipazione, Vi invitiamo a consultare il sito <a href=\"http:\/\/www.certottica.it\">www.certottica.it<\/a> &#8211; dove \u00e8 possibile compilare anche il <strong>form di iscrizione &#8211;<\/strong> o a contattare direttamente lo staff dell\u2019Area (0437\/573157 \u2013 <a href=\"mailto:formazione@certottica.it\">formazione@certottica.it<\/a>).<\/p>\n<p>&nbsp;<\/p>\n<p>&nbsp;<\/p>\n<hr \/>\n<p>&nbsp;<\/p>\n<blockquote>\n<h3>L&#8217;INPS CERCA CONSULENTI DI PROTEZIONE SOCIALE<\/h3>\n<\/blockquote>\n<p><strong><a href=\"https:\/\/www.radiopiu.net\/wordpress\/giornale-radiopiu-07-agosto-2020-direttore-mirko-mezzacasa\/inps-logo\/\" rel=\"attachment wp-att-153598\"><img loading=\"lazy\" decoding=\"async\" class=\" wp-image-153598 alignleft\" src=\"https:\/\/www.radiopiu.net\/wordpress\/wp-content\/uploads\/2020\/08\/INPS-LOGO-300x200.jpg\" alt=\"\" width=\"278\" height=\"185\" srcset=\"https:\/\/www.radiopiu.net\/wordpress\/wp-content\/uploads\/2020\/08\/INPS-LOGO-300x200.jpg 300w, https:\/\/www.radiopiu.net\/wordpress\/wp-content\/uploads\/2020\/08\/INPS-LOGO-768x512.jpg 768w, https:\/\/www.radiopiu.net\/wordpress\/wp-content\/uploads\/2020\/08\/INPS-LOGO.jpg 900w\" sizes=\"auto, (max-width: 278px) 100vw, 278px\" \/><\/a>BELLUNO<\/strong> Il prossimo 31 ottobre scadr\u00e0 il termine per la presentazione delle domande di partecipazione al concorso indetto dall\u2019I.N.P.S. per l\u2019assunzione, con contratto a tempo indeterminato, di 1858 CONSULENTE DI PROTEZIONE SOCIALE, profilo per il quale sono ottime le prospettive di crescita professionale, anche in ragione del ruolo sempre pi\u00f9 centrale e rilevante dell\u2019Istituto nell\u2019ambito del welfare italiano. Il bando del concorso \u00e8 reperibile sul sito <a title=\"http:\/\/www.inps.it\/\" href=\"http:\/\/www.inps.it\/\">www.inps.it<\/a> ed \u00e8 stato pubblicato nella Gazzetta Ufficiale, IV serie speciale \u201cconcorsi ed esami\u201d, del 1 ottobre 2021. Le domande di partecipazione devono essere trasmesse in via telematica tramite il portale www.inps.it. Per ogni chiarimento o informazione \u00e8 possibile scrivere all\u2019indirizzo di posta elettronica <a href=\"mailto:direzione.belluno@inps.it\">direzione.belluno@inps.it<\/a><\/p>\n<p>&nbsp;<\/p>\n<p>&nbsp;<\/p>\n<hr \/>\n<p>&nbsp;<\/p>\n<blockquote>\n<h3>IL 5 NOVEMBRE LA PRESENTAZIONE DELL&#8217;ERBARIO SANDI AL MUSEO DI SERRAVELLA<\/h3>\n<\/blockquote>\n<p><strong>BELLUNO <\/strong>L\u2019erbario di Alessandro Francesco Sandi (1794-1849), come quello di Francesco Caldart, sono di propriet\u00e0 del Comune di Belluno che li ha affidati in custodia dal 2017 all\u2019Ente Parco delle Dolomiti per garantirne un\u2019adeguata conservazione presso il Museo Naturalistico Dolomiti Bellunesi, in Piazza Piloni a Belluno. Ecco un secondo volume della collana \u201cQuaderni del Museo Naturalistico Dolomiti Bellunesi\u201d dedicato appunto all\u2019Erbario Sandi,\u00a0 sar\u00e0 presentato al Museo Etnografico della Provincia di Belluno e del Parco Nazionale Dolomiti Bellunesi, a Seravella di Cesiomaggiore, venerd\u00ec 5 novembre alle\u00a0 18.<\/p>\n<p>&nbsp;<\/p>\n<p>&nbsp;<\/p>\n<hr \/>\n<p>&nbsp;<\/p>\n<blockquote>\n<h3>UN CONCERTO GRATUITO CON PRENOTAZIONE AL TEATRO COMUNALE DI BELLUNO<\/h3>\n<\/blockquote>\n<p><strong>BELLUNO<\/strong> Sar\u00e0 la Commissaria Europea per l&#8217;innovazione, la ricerca, la cultura, l&#8217;istruzione e la giovent\u00f9, la bulgara Mariya Gabriel, l&#8217;ospite d&#8217;onore del concerto lirico ospitato in Teatro Comunale a Belluno luned\u00ec 1 novembre ed organizzato dal Comune di Belluno e dall&#8217;Accademia d&#8217;Arte e Cultura Bulgara \u201cBoris Hristov\u201d.\u00a0 <em>\u00abCon questo concerto, che segue di poche settimane quello svoltosi in settembre e dedicato all&#8217;opera italiana, rafforziamo il legame con l&#8217;Accademia \u201cBoris Hristov\u201d. &#8211; ha spiegato Perale \u2013 Il nostro obbiettivo \u00e8 rendere stabile questa collaborazione, portando a Belluno una vera e propria scuola internazionale di lirica che parta dal canto e approfondisca tutti gli aspetti dell&#8217;opera lirica come la scenografia o i costumi\u00bb. <\/em>Il concerto avr\u00e0 inizio alle 20.30 sotto la direzione di Kamdzhalov; la serata \u00e8 gratuita ed \u00e8 richiesta la prenotazione via mail all&#8217;indirizzo museo.belluno@gmail.com, per telefono allo 0437\/956305 o direttamente agli sportelli di Palazzo Fulcis.<\/p>\n<p>&nbsp;<\/p>\n<p>&nbsp;<\/p>\n<p>&nbsp;<\/p>\n<hr \/>\n<p>&nbsp;<\/p>\n<blockquote>\n<blockquote>\n<h3><a href=\"https:\/\/www.radiopiu.net\/wordpress\/giornale-radiopiu-08-ottobre-2021-direttore-mirko-mezzacasa\/museo-etnografico-attivita-gioco-1\/\" rel=\"attachment wp-att-235875\"><img loading=\"lazy\" decoding=\"async\" class=\"wp-image-235875 alignleft\" src=\"https:\/\/www.radiopiu.net\/wordpress\/wp-content\/uploads\/2021\/10\/museo-etnografico-attivita-gioco-1-300x225.jpg\" alt=\"\" width=\"177\" height=\"133\" srcset=\"https:\/\/www.radiopiu.net\/wordpress\/wp-content\/uploads\/2021\/10\/museo-etnografico-attivita-gioco-1-300x225.jpg 300w, https:\/\/www.radiopiu.net\/wordpress\/wp-content\/uploads\/2021\/10\/museo-etnografico-attivita-gioco-1-768x576.jpg 768w, https:\/\/www.radiopiu.net\/wordpress\/wp-content\/uploads\/2021\/10\/museo-etnografico-attivita-gioco-1.jpg 960w\" sizes=\"auto, (max-width: 177px) 100vw, 177px\" \/><\/a>INIZIATIVE, LE MUSE E LE DOLOMITI<\/h3>\n<p><strong>CORSO COLLETTIVO PER BAMBINI E RAGAZZI&#8230; CANTARE INSIEME E&#8217; DIVERTENTE E SALUTARE<\/strong><\/p>\n<p><span style=\"color: #ff0000;\">tel. 342 914 7711<\/span><\/p><\/blockquote>\n<audio class=\"wp-audio-shortcode\" id=\"audio-239081-12\" preload=\"none\" style=\"width: 100%;\" controls=\"controls\"><source type=\"audio\/mpeg\" src=\"https:\/\/www.radiopiu.net\/wordpress\/wp-content\/uploads\/2021\/10\/MUSE-OTTOBRE-2021.mp3?_=12\" \/><a href=\"https:\/\/www.radiopiu.net\/wordpress\/wp-content\/uploads\/2021\/10\/MUSE-OTTOBRE-2021.mp3\">https:\/\/www.radiopiu.net\/wordpress\/wp-content\/uploads\/2021\/10\/MUSE-OTTOBRE-2021.mp3<\/a><\/audio><\/blockquote>\n<p>&nbsp;<\/p>\n<p>&nbsp;<\/p>\n<hr \/>\n<h3><\/h3>\n<p><strong>TORNANO GLI SPETTACOLI DI MISTERO<\/strong><\/p>\n<p><strong><a href=\"https:\/\/www.radiopiu.net\/wordpress\/giornale-radiopiu-21-ottobre-2021-direttore-mirko-mezzacasa\/sedico-8\/\" rel=\"attachment wp-att-238042\"><img loading=\"lazy\" decoding=\"async\" class=\"wp-image-238042 alignleft\" src=\"https:\/\/www.radiopiu.net\/wordpress\/wp-content\/uploads\/2021\/10\/SEDICO-225x300.jpg\" alt=\"\" width=\"119\" height=\"159\" srcset=\"https:\/\/www.radiopiu.net\/wordpress\/wp-content\/uploads\/2021\/10\/SEDICO-225x300.jpg 225w, https:\/\/www.radiopiu.net\/wordpress\/wp-content\/uploads\/2021\/10\/SEDICO.jpg 510w\" sizes=\"auto, (max-width: 119px) 100vw, 119px\" \/><\/a> <\/strong><\/p>\n<p><strong>\u00a0<\/strong><\/p>\n<p><strong>BELLUNO<\/strong> Gli eventi sabato 30 ottobre a <strong>Soranzen<\/strong>\u00a0 spettacolo teatrale all\u2019aperto, a <strong>Melere di Borgo Valbelluna<\/strong> tradizionale passeggiata animata. Domenica 31\u00a0 a <strong>Sedico\u00a0<\/strong> alla scoperta del misterioso sito archeologico del Castelliere di Noal con rappresentazione teatrale a cura dell&#8217;attivissima proloco presieduta da Claudio Mezzavilla. Venerd\u00ec 5 a <strong>Mel<\/strong> \u201cQuattro ciacole al fil\u00f2\u201d presso l\u2019ex chiesa di San Pietro, sabato 6<strong> a Gron di Sospirolo\u00a0 ed Alano di Piave<\/strong> passeggiata guidata e animata,\u00a0 domenica 7 transumanza delle capre\u00a0 da <strong>Caralte<\/strong> a Valle di Cadore.<\/p>\n<p>&nbsp;<\/p>\n<p>&nbsp;<\/p>\n<hr \/>\n<p>&nbsp;<\/p>\n<blockquote>\n<h3>DA DIFENDERE NON SOLO IL PROSECCO&#8230;<\/h3>\n<p><strong>REDAZIONE<\/strong> L&#8217;europarlamentare alto atesino Herbert Dorfman come ricordavamo ieri nei notiziari ha portato in Parlamento a Bruxelles il prosecco e il prosek&#8230; non per brindare ma per difendere un nome, una storia, una qualit\u00e0. Chiss\u00e0 se mai qualcuno porter\u00e0 in qualche sede &#8211; non necessariamente al Parlamento Europeo &#8211; i continui errori ai danni delle Dolomiti Agordine. L&#8217;ultimo esempio: <strong>Colle S Lucia sar\u00e0 anche zona Ladina, non si discute ma \u00e8 sempre nel Veneto in provincia di Belluno.<\/strong><\/p><\/blockquote>\n<p><a class=\"dt-pswp-item\" href=\"https:\/\/www.radiopiu.net\/wordpress\/wp-content\/uploads\/2021\/10\/f72eee08-c925-4f8d-8e08-ba771564bd65.jpg\" data-dt-img-description=\"\" data-large_image_width=\"1599\" data-large_image_height=\"899\"><img loading=\"lazy\" decoding=\"async\" class=\"alignnone wp-image-239115 size-full\" src=\"https:\/\/www.radiopiu.net\/wordpress\/wp-content\/uploads\/2021\/10\/f72eee08-c925-4f8d-8e08-ba771564bd65.jpg\" alt=\"\" width=\"1599\" height=\"899\" srcset=\"https:\/\/www.radiopiu.net\/wordpress\/wp-content\/uploads\/2021\/10\/f72eee08-c925-4f8d-8e08-ba771564bd65.jpg 1599w, https:\/\/www.radiopiu.net\/wordpress\/wp-content\/uploads\/2021\/10\/f72eee08-c925-4f8d-8e08-ba771564bd65-300x169.jpg 300w, https:\/\/www.radiopiu.net\/wordpress\/wp-content\/uploads\/2021\/10\/f72eee08-c925-4f8d-8e08-ba771564bd65-1024x576.jpg 1024w, https:\/\/www.radiopiu.net\/wordpress\/wp-content\/uploads\/2021\/10\/f72eee08-c925-4f8d-8e08-ba771564bd65-768x432.jpg 768w, https:\/\/www.radiopiu.net\/wordpress\/wp-content\/uploads\/2021\/10\/f72eee08-c925-4f8d-8e08-ba771564bd65-1536x864.jpg 1536w\" sizes=\"auto, (max-width: 1599px) 100vw, 1599px\" \/><\/a><\/p>\n<p><strong>REDAZIONE<\/strong> L&#8217;europarlamentare alto atesino Herbert Dorfman come ricordiamo oggi nei notiziari porter\u00e0 in Parlamento a Bruxelles il prosecco e il prosek&#8230; non per brindare ma per difendere un nome, una storia, una qualit\u00e0. Chiss\u00e0 se mai qualcuno porter\u00e0 in qualche sede &#8211; non necessariamente al Parlamento Europeo &#8211; i continui errori ai danni delle Dolomiti Agordine. L&#8217;ultimo esempio: <strong>Colle S Lucia sar\u00e0 anche zona Ladina, non si discute ma \u00e8 sempre nel Veneto in provincia di Belluno.<\/strong><\/p>\n<p>&nbsp;<\/p>\n<p>&nbsp;<\/p>\n<p>&nbsp;<\/p>\n<hr \/>\n<p>&nbsp;<\/p>\n<p>&nbsp;<\/p>\n<blockquote>\n<h3>DOMENICA DI COCCOLE AL COMUNALE DI BELLUNO CON GIORGIA POLLONI<\/h3>\n<\/blockquote>\n<p><strong>25 OTTOBRE 2021<\/strong><\/p>\n<blockquote>\n<h3><a href=\"https:\/\/www.radiopiu.net\/wordpress\/giornale-radiopiu-06-ottobre-2021-direttore-mirko-mezzacasa\/th-208\/\" rel=\"attachment wp-att-235503\"><img loading=\"lazy\" decoding=\"async\" class=\"size-full wp-image-235503 alignleft\" src=\"https:\/\/www.radiopiu.net\/wordpress\/wp-content\/uploads\/2021\/10\/th-5.jpg\" alt=\"\" width=\"203\" height=\"163\" \/><\/a>INTERVISTA A DANIELA NICOSIA, DIRETTRICE ARTISTICA &#8220;COMINCIO DAI 3&#8221;<\/h3>\n<p>&nbsp;<\/p>\n<p>di Mirko Mezzacasa<\/p><\/blockquote>\n<audio class=\"wp-audio-shortcode\" id=\"audio-239081-13\" preload=\"none\" style=\"width: 100%;\" controls=\"controls\"><source type=\"audio\/mpeg\" src=\"https:\/\/www.radiopiu.net\/wordpress\/wp-content\/uploads\/2021\/10\/DANIELA-NICOSIA.mp3?_=13\" \/><a href=\"https:\/\/www.radiopiu.net\/wordpress\/wp-content\/uploads\/2021\/10\/DANIELA-NICOSIA.mp3\">https:\/\/www.radiopiu.net\/wordpress\/wp-content\/uploads\/2021\/10\/DANIELA-NICOSIA.mp3<\/a><\/audio>\n<p>&nbsp;<\/p>\n<p>&nbsp;<\/p>\n<p>&nbsp;<\/p>\n<p>&nbsp;<\/p>\n<hr \/>\n<p>&nbsp;<\/p>\n<blockquote>\n<h3>UNA CACCIA AL TESORO PER LE VIE DI AGORDO IN TEMA HALLOWEEN<\/h3>\n<\/blockquote>\n<p>&nbsp;<\/p>\n<p><a href=\"https:\/\/www.radiopiu.net\/wordpress\/prosecchizzazione\/b7b5141e-70e7-4330-936c-04a399543206\/\" rel=\"attachment wp-att-238007\"><img loading=\"lazy\" decoding=\"async\" class=\"size-medium wp-image-238007 alignleft\" src=\"https:\/\/www.radiopiu.net\/wordpress\/wp-content\/uploads\/2021\/10\/b7b5141e-70e7-4330-936c-04a399543206-300x135.jpg\" alt=\"\" width=\"300\" height=\"135\" srcset=\"https:\/\/www.radiopiu.net\/wordpress\/wp-content\/uploads\/2021\/10\/b7b5141e-70e7-4330-936c-04a399543206-300x135.jpg 300w, https:\/\/www.radiopiu.net\/wordpress\/wp-content\/uploads\/2021\/10\/b7b5141e-70e7-4330-936c-04a399543206-1024x461.jpg 1024w, https:\/\/www.radiopiu.net\/wordpress\/wp-content\/uploads\/2021\/10\/b7b5141e-70e7-4330-936c-04a399543206-768x345.jpg 768w, https:\/\/www.radiopiu.net\/wordpress\/wp-content\/uploads\/2021\/10\/b7b5141e-70e7-4330-936c-04a399543206-1536x691.jpg 1536w, https:\/\/www.radiopiu.net\/wordpress\/wp-content\/uploads\/2021\/10\/b7b5141e-70e7-4330-936c-04a399543206.jpg 2048w\" sizes=\"auto, (max-width: 300px) 100vw, 300px\" \/><\/a><strong>OSPITI FRANCESCO CORAZZA, GLORIA CASOT, GIADA RAGAZZO<\/strong><\/p>\n<p><strong>di Mirko Mezzacasa\u00a0<\/strong><\/p>\n<audio class=\"wp-audio-shortcode\" id=\"audio-239081-14\" preload=\"none\" style=\"width: 100%;\" controls=\"controls\"><source type=\"audio\/mpeg\" src=\"https:\/\/www.radiopiu.net\/wordpress\/wp-content\/uploads\/2021\/10\/francesco_gloria_giada.mp3?_=14\" \/><a href=\"https:\/\/www.radiopiu.net\/wordpress\/wp-content\/uploads\/2021\/10\/francesco_gloria_giada.mp3\">https:\/\/www.radiopiu.net\/wordpress\/wp-content\/uploads\/2021\/10\/francesco_gloria_giada.mp3<\/a><\/audio>\n<p>&nbsp;<\/p>\n<p><a href=\"https:\/\/www.radiopiu.net\/wordpress\/una-caccia-al-tesoro-per-le-vie-di-agordo-in-tema-halloween\/0a5d2275-9ec6-44ae-9326-556b0ea97dae\/\" rel=\"attachment wp-att-238010\"><img loading=\"lazy\" decoding=\"async\" class=\"size-medium wp-image-238010 aligncenter\" src=\"https:\/\/www.radiopiu.net\/wordpress\/wp-content\/uploads\/2021\/10\/0a5d2275-9ec6-44ae-9326-556b0ea97dae-240x300.jpg\" alt=\"\" width=\"240\" height=\"300\" srcset=\"https:\/\/www.radiopiu.net\/wordpress\/wp-content\/uploads\/2021\/10\/0a5d2275-9ec6-44ae-9326-556b0ea97dae-240x300.jpg 240w, https:\/\/www.radiopiu.net\/wordpress\/wp-content\/uploads\/2021\/10\/0a5d2275-9ec6-44ae-9326-556b0ea97dae-819x1024.jpg 819w, https:\/\/www.radiopiu.net\/wordpress\/wp-content\/uploads\/2021\/10\/0a5d2275-9ec6-44ae-9326-556b0ea97dae-768x960.jpg 768w, https:\/\/www.radiopiu.net\/wordpress\/wp-content\/uploads\/2021\/10\/0a5d2275-9ec6-44ae-9326-556b0ea97dae-1229x1536.jpg 1229w, https:\/\/www.radiopiu.net\/wordpress\/wp-content\/uploads\/2021\/10\/0a5d2275-9ec6-44ae-9326-556b0ea97dae.jpg 1638w\" sizes=\"auto, (max-width: 240px) 100vw, 240px\" \/><\/a><\/p>\n<p>&nbsp;<\/p>\n<p>&nbsp;<\/p>\n<hr \/>\n<p>&nbsp;<\/p>\n<blockquote>\n<h3>GLI APPUNTAMENTI DI OTTOBRE ROSA DELL&#8217;ULSS 1 DOLOMITI<\/h3>\n<\/blockquote>\n<p class=\"gmail-o9v6fnle gmail-cxmmr5t8 gmail-oygrvhab gmail-hcukyx3x gmail-c1et5uql gmail-ii04i59q\"><strong><a href=\"https:\/\/www.radiopiu.net\/wordpress\/giornale-radiopiu-09-ottobre-2021-direttore-mirko-mezzacasa\/ottobre-rosa\/\" rel=\"attachment wp-att-236082\"><img loading=\"lazy\" decoding=\"async\" class=\" wp-image-236082 alignleft\" src=\"https:\/\/www.radiopiu.net\/wordpress\/wp-content\/uploads\/2021\/10\/ottobre-rosa-212x300.png\" alt=\"\" width=\"134\" height=\"190\" srcset=\"https:\/\/www.radiopiu.net\/wordpress\/wp-content\/uploads\/2021\/10\/ottobre-rosa-212x300.png 212w, https:\/\/www.radiopiu.net\/wordpress\/wp-content\/uploads\/2021\/10\/ottobre-rosa-724x1024.png 724w, https:\/\/www.radiopiu.net\/wordpress\/wp-content\/uploads\/2021\/10\/ottobre-rosa-768x1086.png 768w, https:\/\/www.radiopiu.net\/wordpress\/wp-content\/uploads\/2021\/10\/ottobre-rosa-1086x1536.png 1086w, https:\/\/www.radiopiu.net\/wordpress\/wp-content\/uploads\/2021\/10\/ottobre-rosa.png 1414w\" sizes=\"auto, (max-width: 134px) 100vw, 134px\" \/><\/a> <\/strong><\/p>\n<p class=\"gmail-o9v6fnle gmail-cxmmr5t8 gmail-oygrvhab gmail-hcukyx3x gmail-c1et5uql gmail-ii04i59q\"><strong>\u00a0<\/strong><\/p>\n<p class=\"kvgmc6g5 cxmmr5t8 oygrvhab hcukyx3x c1et5uql\"><strong>\u00a0<\/strong><\/p>\n<p class=\"kvgmc6g5 cxmmr5t8 oygrvhab hcukyx3x c1et5uql\"><strong>BELLUNO <\/strong>Ottobre in rosa con l&#8217;Ulss 1 Dolomiti. Domani ore 18.00 &#8211; 19.00, Incontro con: Serena Zatta (make up artist)<em>Ho un tumore della mammella\u2026 e adesso cosa succede? QUARTO APPUNTAMENTO CON LA RASSEGNA OTTOBRE ROSA Per iscriversi e ricevere il link inviare una mail a <a href=\"mailto:guadagnare.salute@aulss1.veneto.it\">guadagnare.salute@aulss1.veneto.it<\/a><\/em><\/p>\n<p>&nbsp;<\/p>\n<p>&nbsp;<\/p>\n<p>&nbsp;<\/p>\n<hr \/>\n<div dir=\"auto\">\n<h3><\/h3>\n<blockquote>\n<h3>INCONTRO A CORTINA CON LA LILT BELLUNO<\/h3>\n<\/blockquote>\n<p><strong>BELLUNO <\/strong>Nell\u2019ambito delle iniziative <em>L.I.L.T. for Women \u2013 Prevenire \u00e8 vivere \u2013 Campagnanastrorosa<\/em>, la Lega Italiana per la Lotta contro i tumori di Belluno segnala la conferenza su \u201cTumore al seno, parliamo insieme di prevenzione\u201d, a cura della dott.ssa Elisa Bordin, Radiologa e Senologa presso l\u2019U.L.S.S. 1 Belluno-Dolomiti, che si terr\u00e0 <strong>a Cortina d\u2019Ampezzo, Sala Cultura \u201cDon Pietro Alver\u00e0\u201d &#8211; Largo Poste,<\/strong><strong>venerd\u00ec 29 ottobre 2021, alle 17.30.<\/strong>\u00a0Ingresso libero, consentito con l\u2019esibizione del Green Pass a norma di legge.<\/p>\n<p>&nbsp;<\/p>\n<p>&nbsp;<\/p>\n<hr \/>\n<p>&nbsp;<\/p>\n<p>&nbsp;<\/p>\n<blockquote>\n<h3>GRATITUDINE DEI FEDELI AI FRATI MINORI CHE HANNO OPERATO DAL LONTANO 1945 NEL SANTUARIO DI S. MARIA DELLE GRAZIE<\/h3>\n<\/blockquote>\n<p><strong>\u00a0di RENATO BONA<\/strong><\/p>\n<p>Il portalettere mi ha recapitato oggi, marted\u00ec 26 ottobre, il bollettino \u201cS. Maria delle Grazie\u201d eco trimestrale dell\u2019omonimo Santuario di Rocca Pietore. Ho molto gradito anche perch\u00e9 la pubblicazione \u00e8 un autentico prezioso reperto in quanto conferma la cessazione dell\u2019attivit\u00e0 a Santa Maria delle Grazie dei frati minori che, come scrive nella tradizionale \u201cLettera\u201d di ogni numero con la quale proponeva riflessioni di carattere spirituale, il Padre Rettore, Pietro Viscolani, scrive che: \u201cOra contiene un annuncio poco simpatico per il sottoscritto e sono convinto anche per voi che lo leggete: i frati presenti in questo santuario dal lontano 1945 lasciano, se ne andranno altrove. Questo \u00e8 quindi l\u2019ultimo numero del \u2018trimestrale gestito dai frati\u201d, ed aggiunge: \u201cNon avrei mai pensato di arrivare a questo punto\u2026 L\u2019avvicendamento dei frati lungo questo periodo c\u2019\u00e8 stato, ma arrivare alla chiusura definitiva \u00e8 una sofferenza che fa male al cuore! Questa sofferenza \u00e8 un po\u2019 mitigata dal fatto che non verr\u00e0 \u2018chiuso\u2019 perch\u00e9 il vescovo diocesano ha gi\u00e0 provveduto con la presenza di un sacerdote che lo \u2018gestir\u00e0\u2019 in sostituzione dei frati. I religiosi francescani che si sono succeduti si sono adoperati con entusiasmo e dedizione per fare di questo luogo un centro di devozione, non risparmiandosi per la costruzione e l\u2019abbellimento del nuovo santuario. Certamente ha avuto una importanza notevole la parte muraria, per\u00f2 molto di pi\u00f9 la disponibilit\u00e0, l\u2019attenzione, l\u2019accompagnamento delle persone venute in questo luogo privilegiato per trovare conforto, sostegno e incoraggiamento. Il bene seminato ha trovato terreno fertile e accogliente e di questo ringraziamo il Signore e la Vergine Maria delle Grazie. Le parole che tutti, comprese le persone che sono al \u2018vertice\u2019 quali il superiore dei frati, il vescovo e via via tutti gli altri, compresi i sindaci, hanno pronunciato sono: mi dispiace!\u201d. Padre Pietro ha concluso, anche a nome di padre Fortunato, con il saluto-augurio francescano: Pace e Bene! Nel bollettino che ho definito reperto si evidenzia la pubblicazione dei due primi numeri risalenti al 1946 e l\u2019omelia di Viscolani in occasione del suo cinquantesimo di sacerdozio nella quale ricorda \u201cci\u00f2 che \u00e8 avvenuto 50 anni or sono e precisamente il 27 giugno del 1971 quando per le mani del vescovo sono stato consacrato sacerdote. Ripercorreva quindi le tappe della sua vita sacerdotale: \u201cla domenica del 27 giugno 1971 nella parrocchia dove sono nato il 6 giugno 1944, di S. Maria e Vitale di Montecchio Maggiore (Vicenza) il vescovo ausiliare di Verona, che era mons. Maffeo Ducoli (che in seguito avrebbe guidato la Diocesi di Belluno-Feltre per lustri \u2013 ndr.) ma ha consacrato sacerdote. Dal 1971 al 1972 cappellano al Lido di Venezia, parrocchia San Nicol\u00f2, dal 1972 al 1983 cappellano a Taglio di Po (Rovigo), dal 1983 al 1995 prima cappellano e poi parroco al Sacro Cuore di Feltre, dal 1995 al presente qui a Santa Maria delle Grazie come rettore del Santuario e poi come parroco e dal 1966 anche parroco a Caprile\u201d. E concludeva: \u201cVoi siete e sarete sempre la mia famiglia\u2026 non ho divorziato e non divorzier\u00f2 da voi! Desidero solo una cosa: che del lungo periodo che sono stato con voi ricordiate solo il bene ricevuto e donato che assieme abbiano vissuto\u2026 Il resto dimentichiamolo. Certo saremo lontani fisicamente ma non con il cuore\u201d. Nell\u2019ultima di copertina, compare quindi l\u2019annuncio della \u201cfesta votiva del Santuario\u201d presieduta dal vescovo emerito di Belluno-Feltre l\u2019agordino mons. Giuseppe Andrich, la celebrazione annuale che tradizionalmente si tiene nella seconda domenica di settembre in ricordo della prima messa celebrata nell\u2019antico santuario nel 1724; E poi tre \u201cstoriche\u201d immagini: l\u2019antico e nuovo Santuario; mons. Girolamo Bortignon che benedice la prima pietra del nuovo edificio sacro nel 1946; le due targhe presenti nella cappella dell\u2019eucarestia, con le scritte. \u201cQuesto santuario dedicato alla Beata Maria delle Grazie iniziato il 28 aprile 1947, benedetto il 20 giugno 1954, consacrato il 22 agosto 1965 corona le fatiche dei frati minori che lo edificarono con il concorso della popolazione dei benefattori in Italia e all\u2019estero\u201d e: \u201cDichiarato chiesa giubilare e ristrutturato nell\u2019a.d. 2000\u201d. Il sito diocesano chiesabellunofeltre ha giustamente messo in evidenza con un servizio di Celestino Vallazza la cerimonia che si \u00e8 svolta nel Santuario per esprimere gratitudine per i Frati minori delle Grazie e l\u2019appello del vescovo monsignor Renato Marangoni \u201cperch\u00e9 non venga meno la speranza che dalle difficolt\u00e0 possano nascere nuove opportunit\u00e0 in ambito ecclesiale e in quello civile\u201d. Erano presenti fra le autorit\u00e0 padre Federico Righetti, definitore provinciale con alcuni confratelli provenienti da Mantova e Vittorio Veneto, i sindaci di Rocca Pietore e di Alleghe: Andrea De Bernardin e Danilo De Toni i quali hanno espresso al festeggiato il ringraziamento di tutta la comunit\u00e0 civile e come segno tangibile, gli hanno offerto un artistico Crocifisso. Infine padre Righetti a nome della comunit\u00e0 dei frati minori ha consegnato a Francesca Dalla Rocca un attestato di gratitudine perch\u00e9 durante la pandemia si \u00e8 presa cura dei padri, li ha seguiti nella malattia con un impegno che \u00e8 andato oltre il solito sia in chiesa che in canonica; a lei il coro San Biagio di Alleghe, che ha reso pi\u00f9 solenne la messa, ha dedicato il canto mariano \u201cAve o Vergine\u201d in lingua friulana.<\/p>\n\n\t\t\t<style type='text\/css'>\n\t\t\t\t#gallery-6 {\n\t\t\t\t\tmargin: auto;\n\t\t\t\t}\n\t\t\t\t#gallery-6 .gallery-item {\n\t\t\t\t\tfloat: left;\n\t\t\t\t\tmargin-top: 10px;\n\t\t\t\t\ttext-align: center;\n\t\t\t\t\twidth: 16%;\n\t\t\t\t}\n\t\t\t\t#gallery-6 img {\n\t\t\t\t\tborder: 2px solid #cfcfcf;\n\t\t\t\t}\n\t\t\t\t#gallery-6 .gallery-caption {\n\t\t\t\t\tmargin-left: 0;\n\t\t\t\t}\n\t\t\t\t\/* see gallery_shortcode() in wp-includes\/media.php *\/\n\t\t\t<\/style>\n\t\t<div id='gallery-6' class='dt-gallery-container gallery galleryid-239081 gallery-columns-6 gallery-size-thumbnail'><dl class='gallery-item'>\n\t\t\t\t<dt class='gallery-icon portrait'>\n\t\t\t\t\t<a class=\"rollover rollover-zoom dt-pswp-item\" title=\"249152106_934524793812064_4914531341413170572_n\" data-dt-img-description=\"\" data-large_image_width=\"160\" data-large_image_height=\"224\"href='https:\/\/www.radiopiu.net\/wordpress\/wp-content\/uploads\/2021\/10\/249152106_934524793812064_4914531341413170572_n.jpg'><img loading=\"lazy\" decoding=\"async\" width=\"150\" height=\"150\" src=\"https:\/\/www.radiopiu.net\/wordpress\/wp-content\/uploads\/2021\/10\/249152106_934524793812064_4914531341413170572_n-150x150.jpg\" class=\"attachment-thumbnail size-thumbnail\" alt=\"\" \/><\/a>\n\t\t\t\t<\/dt><\/dl><dl class='gallery-item'>\n\t\t\t\t<dt class='gallery-icon portrait'>\n\t\t\t\t\t<a class=\"rollover rollover-zoom dt-pswp-item\" title=\"248945578_2929102617354893_3642154181049353091_n\" data-dt-img-description=\"\" data-large_image_width=\"202\" data-large_image_height=\"206\"href='https:\/\/www.radiopiu.net\/wordpress\/wp-content\/uploads\/2021\/10\/248945578_2929102617354893_3642154181049353091_n.jpg'><img loading=\"lazy\" decoding=\"async\" width=\"150\" height=\"150\" src=\"https:\/\/www.radiopiu.net\/wordpress\/wp-content\/uploads\/2021\/10\/248945578_2929102617354893_3642154181049353091_n-150x150.jpg\" class=\"attachment-thumbnail size-thumbnail\" alt=\"\" \/><\/a>\n\t\t\t\t<\/dt><\/dl><dl class='gallery-item'>\n\t\t\t\t<dt class='gallery-icon portrait'>\n\t\t\t\t\t<a class=\"rollover rollover-zoom dt-pswp-item\" title=\"247486329_915794176032685_8881157714133254951_n\" data-dt-img-description=\"\" data-large_image_width=\"153\" data-large_image_height=\"240\"href='https:\/\/www.radiopiu.net\/wordpress\/wp-content\/uploads\/2021\/10\/247486329_915794176032685_8881157714133254951_n.jpg'><img loading=\"lazy\" decoding=\"async\" width=\"150\" height=\"150\" src=\"https:\/\/www.radiopiu.net\/wordpress\/wp-content\/uploads\/2021\/10\/247486329_915794176032685_8881157714133254951_n-150x150.jpg\" class=\"attachment-thumbnail size-thumbnail\" alt=\"\" \/><\/a>\n\t\t\t\t<\/dt><\/dl><dl class='gallery-item'>\n\t\t\t\t<dt class='gallery-icon portrait'>\n\t\t\t\t\t<a class=\"rollover rollover-zoom dt-pswp-item\" title=\"249929239_201638598725047_8877243220918486118_n\" data-dt-img-description=\"\" data-large_image_width=\"150\" data-large_image_height=\"225\"href='https:\/\/www.radiopiu.net\/wordpress\/wp-content\/uploads\/2021\/10\/249929239_201638598725047_8877243220918486118_n.jpg'><img loading=\"lazy\" decoding=\"async\" width=\"150\" height=\"150\" src=\"https:\/\/www.radiopiu.net\/wordpress\/wp-content\/uploads\/2021\/10\/249929239_201638598725047_8877243220918486118_n-150x150.jpg\" class=\"attachment-thumbnail size-thumbnail\" alt=\"\" \/><\/a>\n\t\t\t\t<\/dt><\/dl><dl class='gallery-item'>\n\t\t\t\t<dt class='gallery-icon portrait'>\n\t\t\t\t\t<a class=\"rollover rollover-zoom dt-pswp-item\" title=\"248920908_329255152294320_5557637078713314493_n\" data-dt-img-description=\"\" data-large_image_width=\"155\" data-large_image_height=\"240\"href='https:\/\/www.radiopiu.net\/wordpress\/wp-content\/uploads\/2021\/10\/248920908_329255152294320_5557637078713314493_n.jpg'><img loading=\"lazy\" decoding=\"async\" width=\"150\" height=\"150\" src=\"https:\/\/www.radiopiu.net\/wordpress\/wp-content\/uploads\/2021\/10\/248920908_329255152294320_5557637078713314493_n-150x150.jpg\" class=\"attachment-thumbnail size-thumbnail\" alt=\"\" \/><\/a>\n\t\t\t\t<\/dt><\/dl><dl class='gallery-item'>\n\t\t\t\t<dt class='gallery-icon portrait'>\n\t\t\t\t\t<a class=\"rollover rollover-zoom dt-pswp-item\" title=\"249242667_436601157799676_6619867653288451415_n\" data-dt-img-description=\"\" data-large_image_width=\"160\" data-large_image_height=\"207\"href='https:\/\/www.radiopiu.net\/wordpress\/wp-content\/uploads\/2021\/10\/249242667_436601157799676_6619867653288451415_n.jpg'><img loading=\"lazy\" decoding=\"async\" width=\"150\" height=\"150\" src=\"https:\/\/www.radiopiu.net\/wordpress\/wp-content\/uploads\/2021\/10\/249242667_436601157799676_6619867653288451415_n-150x150.jpg\" class=\"attachment-thumbnail size-thumbnail\" alt=\"\" \/><\/a>\n\t\t\t\t<\/dt><\/dl><br style=\"clear: both\" \/><dl class='gallery-item'>\n\t\t\t\t<dt class='gallery-icon landscape'>\n\t\t\t\t\t<a class=\"rollover rollover-zoom dt-pswp-item\" title=\"248809836_4500203080025415_113331738346535721_n\" data-dt-img-description=\"\" data-large_image_width=\"296\" data-large_image_height=\"206\"href='https:\/\/www.radiopiu.net\/wordpress\/wp-content\/uploads\/2021\/10\/248809836_4500203080025415_113331738346535721_n.jpg'><img loading=\"lazy\" decoding=\"async\" width=\"150\" height=\"150\" src=\"https:\/\/www.radiopiu.net\/wordpress\/wp-content\/uploads\/2021\/10\/248809836_4500203080025415_113331738346535721_n-150x150.jpg\" class=\"attachment-thumbnail size-thumbnail\" alt=\"\" \/><\/a>\n\t\t\t\t<\/dt><\/dl><dl class='gallery-item'>\n\t\t\t\t<dt class='gallery-icon landscape'>\n\t\t\t\t\t<a class=\"rollover rollover-zoom dt-pswp-item\" title=\"248969869_430629538477299_4067657585034132788_n\" data-dt-img-description=\"\" data-large_image_width=\"296\" data-large_image_height=\"199\"href='https:\/\/www.radiopiu.net\/wordpress\/wp-content\/uploads\/2021\/10\/248969869_430629538477299_4067657585034132788_n.jpg'><img loading=\"lazy\" decoding=\"async\" width=\"150\" height=\"150\" src=\"https:\/\/www.radiopiu.net\/wordpress\/wp-content\/uploads\/2021\/10\/248969869_430629538477299_4067657585034132788_n-150x150.jpg\" class=\"attachment-thumbnail size-thumbnail\" alt=\"\" \/><\/a>\n\t\t\t\t<\/dt><\/dl><dl class='gallery-item'>\n\t\t\t\t<dt class='gallery-icon portrait'>\n\t\t\t\t\t<a class=\"rollover rollover-zoom dt-pswp-item\" title=\"248984636_174495404879534_9111132641074881571_n\" data-dt-img-description=\"\" data-large_image_width=\"168\" data-large_image_height=\"206\"href='https:\/\/www.radiopiu.net\/wordpress\/wp-content\/uploads\/2021\/10\/248984636_174495404879534_9111132641074881571_n.jpg'><img loading=\"lazy\" decoding=\"async\" width=\"150\" height=\"150\" src=\"https:\/\/www.radiopiu.net\/wordpress\/wp-content\/uploads\/2021\/10\/248984636_174495404879534_9111132641074881571_n-150x150.jpg\" class=\"attachment-thumbnail size-thumbnail\" alt=\"\" \/><\/a>\n\t\t\t\t<\/dt><\/dl><dl class='gallery-item'>\n\t\t\t\t<dt class='gallery-icon landscape'>\n\t\t\t\t\t<a class=\"rollover rollover-zoom dt-pswp-item\" title=\"249356712_422667769245937_2281409179070767201_n\" data-dt-img-description=\"\" data-large_image_width=\"320\" data-large_image_height=\"206\"href='https:\/\/www.radiopiu.net\/wordpress\/wp-content\/uploads\/2021\/10\/249356712_422667769245937_2281409179070767201_n.png'><img loading=\"lazy\" decoding=\"async\" width=\"150\" height=\"150\" src=\"https:\/\/www.radiopiu.net\/wordpress\/wp-content\/uploads\/2021\/10\/249356712_422667769245937_2281409179070767201_n-150x150.png\" class=\"attachment-thumbnail size-thumbnail\" alt=\"\" \/><\/a>\n\t\t\t\t<\/dt><\/dl><dl class='gallery-item'>\n\t\t\t\t<dt class='gallery-icon landscape'>\n\t\t\t\t\t<a class=\"rollover rollover-zoom dt-pswp-item\" title=\"248823074_438196567703877_3389557542048036487_n\" data-dt-img-description=\"\" data-large_image_width=\"146\" data-large_image_height=\"144\"href='https:\/\/www.radiopiu.net\/wordpress\/wp-content\/uploads\/2021\/10\/248823074_438196567703877_3389557542048036487_n.png'><img loading=\"lazy\" decoding=\"async\" width=\"146\" height=\"144\" src=\"https:\/\/www.radiopiu.net\/wordpress\/wp-content\/uploads\/2021\/10\/248823074_438196567703877_3389557542048036487_n.png\" class=\"attachment-thumbnail size-thumbnail\" alt=\"\" \/><\/a>\n\t\t\t\t<\/dt><\/dl><dl class='gallery-item'>\n\t\t\t\t<dt class='gallery-icon portrait'>\n\t\t\t\t\t<a class=\"rollover rollover-zoom dt-pswp-item\" title=\"248969026_334056048488248_2893092970870184789_n\" data-dt-img-description=\"\" data-large_image_width=\"132\" data-large_image_height=\"143\"href='https:\/\/www.radiopiu.net\/wordpress\/wp-content\/uploads\/2021\/10\/248969026_334056048488248_2893092970870184789_n.png'><img loading=\"lazy\" decoding=\"async\" width=\"132\" height=\"143\" src=\"https:\/\/www.radiopiu.net\/wordpress\/wp-content\/uploads\/2021\/10\/248969026_334056048488248_2893092970870184789_n.png\" class=\"attachment-thumbnail size-thumbnail\" alt=\"\" \/><\/a>\n\t\t\t\t<\/dt><\/dl><br style=\"clear: both\" \/>\n\t\t\t<\/div>\n\n<p>&nbsp;<\/p>\n<p>NELLE FOTO (sito chiesabellunofeltre e riproduzioni dal Bollettino parrocchiale \u201cS. Maria delle Grazie\u201d): la copertina del Bollettino; padre Pietro e padre Fortunato; la prima pagina del primo Bollettino \u201cSanta Maria delle Grazie\u201d del luglio 1946; la prima pagina del secondo bollettino col nuovo titolo: \u201cS. Maria delle Grazie dell\u2019Agordino\u201d; l\u2019altare della Beata Vergine delle Grazie; immagine della festa votiva del Santuario; l\u2019antico ed il nuovo edificio sacro: il vescovo Bordignon benedice nel 1946 la prima pietra del nuovo Santuario; le targhe collocate nella cappella dell\u2019eucarestia; messa e cerimonia per il ringraziamento pubblico ai frati; l\u2019indirizzo di saluto dei sindaci; consegna dell\u2019attestato a Francesca Dalla Rocca.<\/p>\n<p>&nbsp;<\/p>\n<hr \/>\n<blockquote>\n<h3><\/h3>\n<h3>IL RITORNO DI IN VIVO VERSO, SETTIMA STAGIONE CON BRUNELLA MORO, DAL LUNEDI AL VENERDI ALLE 7.10, 10.10 E 18.50<\/h3>\n<\/blockquote>\n<p><span style=\"font-size: large;\">audio\u00a0\u00a0<\/span><\/p>\n<audio class=\"wp-audio-shortcode\" id=\"audio-239081-15\" preload=\"none\" style=\"width: 100%;\" controls=\"controls\"><source type=\"audio\/mpeg\" src=\"https:\/\/www.radiopiu.net\/wordpress\/wp-content\/uploads\/2020\/10\/VIVO-VERSO-MAR.mp3?_=15\" \/><a href=\"https:\/\/www.radiopiu.net\/wordpress\/wp-content\/uploads\/2020\/10\/VIVO-VERSO-MAR.mp3\">https:\/\/www.radiopiu.net\/wordpress\/wp-content\/uploads\/2020\/10\/VIVO-VERSO-MAR.mp3<\/a><\/audio>\n<p><span style=\"font-family: Verdana, sans-serif;\"><span style=\"font-size: large;\"><a href=\"https:\/\/www.radiopiu.net\/wordpress\/giornale-radiopiu-27-ottobre-2021-direttore-mirko-mezzacasa\/2-jessica-cremonesi-foto-1\/\" rel=\"attachment wp-att-239172\"><img loading=\"lazy\" decoding=\"async\" class=\" wp-image-239172 alignleft\" src=\"https:\/\/www.radiopiu.net\/wordpress\/wp-content\/uploads\/2021\/10\/2-jessica-cremonesi-foto-1-238x300.jpg\" alt=\"\" width=\"166\" height=\"209\" srcset=\"https:\/\/www.radiopiu.net\/wordpress\/wp-content\/uploads\/2021\/10\/2-jessica-cremonesi-foto-1-238x300.jpg 238w, https:\/\/www.radiopiu.net\/wordpress\/wp-content\/uploads\/2021\/10\/2-jessica-cremonesi-foto-1-768x966.jpg 768w, https:\/\/www.radiopiu.net\/wordpress\/wp-content\/uploads\/2021\/10\/2-jessica-cremonesi-foto-1.jpg 814w\" sizes=\"auto, (max-width: 166px) 100vw, 166px\" \/><\/a>Jessica Cremonesi<\/span><\/span><\/p>\n<p><span style=\"font-family: Verdana, sans-serif;\"><span style=\"font-size: large;\">VOI<\/span><\/span><\/p>\n<p><span style=\"font-family: Verdana, sans-serif;\"><span style=\"font-size: large;\">Voi, voi siete<\/span><\/span><\/p>\n<p><span style=\"font-family: Verdana, sans-serif;\"><span style=\"font-size: large;\">la gioia di una vita intera che <\/span><\/span><\/p>\n<p><span style=\"font-family: Verdana, sans-serif;\"><span style=\"font-size: large;\">genera una vita. <\/span><\/span><\/p>\n<p><span style=\"font-family: Verdana, sans-serif;\"><span style=\"font-size: large;\">Voi, voi siete l\u2019essenza di un <\/span><\/span><\/p>\n<p><span style=\"font-family: Verdana, sans-serif;\"><span style=\"font-size: large;\">sacrificio che cammina cieco <\/span><\/span><\/p>\n<p><span style=\"font-family: Verdana, sans-serif;\"><span style=\"font-size: large;\">nella stanchezza <\/span><\/span><\/p>\n<p><span style=\"font-family: Verdana, sans-serif;\"><span style=\"font-size: large;\">tenendo per mano una lanterna, <\/span><\/span><\/p>\n<p><span style=\"font-family: Verdana, sans-serif;\"><span style=\"font-size: large;\">la nascita di un sorriso dietro ad una stella. <\/span><\/span><\/p>\n<p><span style=\"font-family: Verdana, sans-serif;\"><span style=\"font-size: large;\">Voi, voi siete il rifugio di una lacrima, <\/span><\/span><\/p>\n<p><span style=\"font-family: Verdana, sans-serif;\"><span style=\"font-size: large;\">l\u2019intemperia che cade da una nuvola e<\/span><\/span><\/p>\n<p><span style=\"font-family: Verdana, sans-serif;\"><span style=\"font-size: large;\">lampeggia in un temporale sopra al mondo,<\/span><\/span><\/p>\n<p><span style=\"font-family: Verdana, sans-serif;\"><span style=\"font-size: large;\">braccia che riparano dal freddo. <\/span><\/span><\/p>\n<p><span style=\"font-family: Verdana, sans-serif;\"><span style=\"font-size: large;\">Voi, voi siete la cosa pi\u00f9 bella che possiedo,<\/span><\/span><\/p>\n<p><span style=\"font-family: Verdana, sans-serif;\"><span style=\"font-size: large;\">i miei genitori, <\/span><\/span><\/p>\n<p><span style=\"font-family: Verdana, sans-serif;\"><span style=\"font-size: large;\">nel mio nome \u00e8 ritagliato un pezzo di paradiso,<\/span><\/span><\/p>\n<p><span style=\"font-family: Verdana, sans-serif;\"><span style=\"font-size: large;\">nel mio cuore il bene immenso che vi voglio <\/span><\/span><\/p>\n<p>&nbsp;<\/p>\n<p><strong>LA RACCOLTA COMPLETA\u00a0\u00a0<\/strong><\/p>\n<blockquote class=\"wp-embedded-content\" data-secret=\"rfEmMVnV5j\"><p><a href=\"https:\/\/www.radiopiu.net\/wordpress\/in-vivo-verso\/\">In Vivo Verso<\/a><\/p><\/blockquote>\n<p><iframe loading=\"lazy\" class=\"wp-embedded-content\" sandbox=\"allow-scripts\" security=\"restricted\" style=\"position: absolute; clip: rect(1px, 1px, 1px, 1px);\" title=\"&#8220;In Vivo Verso&#8221; &#8212; Radio Pi\u00f9\" src=\"https:\/\/www.radiopiu.net\/wordpress\/in-vivo-verso\/embed\/#?secret=rfEmMVnV5j\" data-secret=\"rfEmMVnV5j\" width=\"600\" height=\"338\" frameborder=\"0\" marginwidth=\"0\" marginheight=\"0\" scrolling=\"no\"><\/iframe><\/p>\n<p>&nbsp;<\/p>\n<p>&nbsp;<\/p>\n<hr \/>\n<blockquote>\n<h3><\/h3>\n<h3>I COLORI DELL&#8217;AUTUNNO, IL CONCORSO FOTOGRAFICO<\/h3>\n<\/blockquote>\n<p><strong><a href=\"https:\/\/www.radiopiu.net\/wordpress\/giornale-radiopiu-05-ottobre-2021-direttore-mirko-mezzacasa\/11872114_851463808295033_304473982179215535_o\/\" rel=\"attachment wp-att-235245\"><img loading=\"lazy\" decoding=\"async\" class=\"wp-image-235245 alignleft\" src=\"https:\/\/www.radiopiu.net\/wordpress\/wp-content\/uploads\/2021\/10\/11872114_851463808295033_304473982179215535_o-300x225.jpg\" alt=\"\" width=\"156\" height=\"117\" srcset=\"https:\/\/www.radiopiu.net\/wordpress\/wp-content\/uploads\/2021\/10\/11872114_851463808295033_304473982179215535_o-300x225.jpg 300w, https:\/\/www.radiopiu.net\/wordpress\/wp-content\/uploads\/2021\/10\/11872114_851463808295033_304473982179215535_o-1024x768.jpg 1024w, https:\/\/www.radiopiu.net\/wordpress\/wp-content\/uploads\/2021\/10\/11872114_851463808295033_304473982179215535_o-768x576.jpg 768w, https:\/\/www.radiopiu.net\/wordpress\/wp-content\/uploads\/2021\/10\/11872114_851463808295033_304473982179215535_o-1536x1152.jpg 1536w, https:\/\/www.radiopiu.net\/wordpress\/wp-content\/uploads\/2021\/10\/11872114_851463808295033_304473982179215535_o.jpg 2048w\" sizes=\"auto, (max-width: 156px) 100vw, 156px\" \/><\/a> <\/strong><\/p>\n<p><strong>CENCENIGHE<\/strong> La proloco ha indetto un concorso fotografico sui colori della stagione appena iniziata. Le fotografie dovranno pervenire entro il 31 ottobre all&#8217;indirizzo: concorsocoloriautunno@gmail.com. Sabato 13 novembre alle 15 la premiazione con l&#8217;esposizione delle foto al Nof Filo&#8217;. Il regolamento sul sito www.prolococencenighe.it<\/p>\n<p>&nbsp;<\/p>\n<p>&nbsp;<\/p>\n<p>&nbsp;<\/p>\n<hr \/>\n<p>&nbsp;<\/p>\n<blockquote>\n<h3>SABATO E DOMENICA LA FIERA DI SAN MATTEO A FELTRE<\/h3>\n<\/blockquote>\n<p><strong>FELTRE<\/strong> Nel fine settimana \u00e8 in programma l&#8217;Antica Fiera di San Matteo a Feltre. Nell&#8217;ambito delle iniziative correlate all&#8217;Antica Fiera di San Matteo 2021 \u00e8 prevista per sabato 30 ottobre alle ore 17 presso l&#8217;Auditorium dell&#8217; Istituto Canossiano di Feltre l&#8217;Assemblea Pubblica di presentazione della Carta dei Principi per la formalizzazione e costituzione del Comitato Promotore del Biodistretto provinciale &#8220;Terre Bellunesi&#8221;. La vice presidente della Commissione Agricoltura alla Camera dei Deputati, co-firmataria della legge sul biologico e sui biodistretti On.Susanna Cenni, illustrer\u00e0 l&#8217;evoluzione della normativa di settore, a seguire\u00a0 testimonianze ed interventi territoriali di motivazione alla sottoscrizione della Carta dei Principi.<\/p>\n<a href=\"https:\/\/www.radiopiu.net\/wordpress\/wp-content\/uploads\/2021\/10\/COMUNE-DI-FELTRE-pieghevole-288x1425-1.pdf\" class=\"pdfemb-viewer\" style=\"\" data-width=\"max\" data-height=\"max\" data-toolbar=\"top\" data-toolbar-fixed=\"on\">COMUNE DI FELTRE \u2013 pieghevole 28,8\u00d714,25<\/a>\n<p>&nbsp;<\/p>\n<hr \/>\n<p>&nbsp;<\/p>\n<blockquote>\n<h3>RITORNA IL MERCATINO DI SAN MARTINO<\/h3>\n<\/blockquote>\n<p><strong><a href=\"https:\/\/www.radiopiu.net\/wordpress\/giornale-radiopiu-20-ottobre-2021-direttore-mirko-mezzacasa\/b36cfb00-fd3d-49a9-8539-460df52a21aa\/\" rel=\"attachment wp-att-237824\"><img loading=\"lazy\" decoding=\"async\" class=\"wp-image-237824 alignleft\" src=\"https:\/\/www.radiopiu.net\/wordpress\/wp-content\/uploads\/2021\/10\/b36cfb00-fd3d-49a9-8539-460df52a21aa-215x300.jpg\" alt=\"\" width=\"131\" height=\"183\" srcset=\"https:\/\/www.radiopiu.net\/wordpress\/wp-content\/uploads\/2021\/10\/b36cfb00-fd3d-49a9-8539-460df52a21aa-215x300.jpg 215w, https:\/\/www.radiopiu.net\/wordpress\/wp-content\/uploads\/2021\/10\/b36cfb00-fd3d-49a9-8539-460df52a21aa.jpg 574w\" sizes=\"auto, (max-width: 131px) 100vw, 131px\" \/><\/a>BELLUNO<\/strong> Ritorna a Salce dopo un anno di arresto forzato dovuto alla pandemia Covid il \u201cMercatino di San Martino\u201d, che rappresenta non solo un&#8217;opportunit\u00e0 di solidariet\u00e0, ma anche una delle pi\u00f9 belle feste paesane del periodo autunnale. In oltre 30 anni di storia il mercatino continua ancor oggi ad unire occasioni di intrattenimento e fratellanza. L\u2019appuntamento, nel rispetto delle normative anti contagio, in questo 2021 \u00e8 per domenica 7 novembre presso il campo sportivo di Salce \u2013 \u201ccasetta degli Alpini\u201d con inizio alle ore 9.00. Saranno a disposizione dei visitatori non solo prodotti ortofrutticoli locali, ma anche prodotti dolciari come i tipici crostoli, le torte, i biscotti e gli oggetti frutto dell\u2019artigianato locale. Una delle chicche pi\u00f9 apprezzate dai visitatori sono i prodotti \u201ctake-away\u201d come i pasticci pronti da infornare, le trippe, i canederli e molto altro ancora. Per facilitare la vendita ed evitare assembramenti alcuni prodotti sono pre ordinabili al telefono o online: tutte le informazioni utili nel sito www.parrocchiadisalce.it.<\/p>\n<p>&nbsp;<\/p>\n<p>&nbsp;<\/p>\n<hr \/>\n<p>&nbsp;<\/p>\n<h2><span style=\"color: #ff0000;\">ALLA RADIO&#8230;\u00a0\u00a0<\/span><\/h2>\n<h2><a href=\"https:\/\/www.radiopiu.net\/wordpress\/astrid-miola-e-la-splendida-stagione-sulle-due-ruote\/astrid-miola\/\" rel=\"attachment wp-att-239122\"><img loading=\"lazy\" decoding=\"async\" class=\"size-medium wp-image-239122 alignleft\" src=\"https:\/\/www.radiopiu.net\/wordpress\/wp-content\/uploads\/2021\/10\/ASTRID-MIOLA-300x300.jpg\" alt=\"\" width=\"300\" height=\"300\" srcset=\"https:\/\/www.radiopiu.net\/wordpress\/wp-content\/uploads\/2021\/10\/ASTRID-MIOLA-300x300.jpg 300w, https:\/\/www.radiopiu.net\/wordpress\/wp-content\/uploads\/2021\/10\/ASTRID-MIOLA-150x150.jpg 150w, https:\/\/www.radiopiu.net\/wordpress\/wp-content\/uploads\/2021\/10\/ASTRID-MIOLA-768x768.jpg 768w, https:\/\/www.radiopiu.net\/wordpress\/wp-content\/uploads\/2021\/10\/ASTRID-MIOLA.jpg 900w\" sizes=\"auto, (max-width: 300px) 100vw, 300px\" \/><\/a><span style=\"color: #008080;\">ASTRID MIOLA E LA SPLENDIDA STAGIONE SULLE DUE RUOTE<\/span><\/h2>\n<p><strong>di Claudio Fontanive<\/strong><\/p>\n<p>Ospite: Astrid Miola<\/p>\n<audio class=\"wp-audio-shortcode\" id=\"audio-239081-16\" preload=\"none\" style=\"width: 100%;\" controls=\"controls\"><source type=\"audio\/mpeg\" src=\"https:\/\/www.radiopiu.net\/wordpress\/wp-content\/uploads\/2021\/10\/astrif-miola-26-ottobre.mp3?_=16\" \/><a href=\"https:\/\/www.radiopiu.net\/wordpress\/wp-content\/uploads\/2021\/10\/astrif-miola-26-ottobre.mp3\">https:\/\/www.radiopiu.net\/wordpress\/wp-content\/uploads\/2021\/10\/astrif-miola-26-ottobre.mp3<\/a><\/audio>\n<p>&nbsp;<\/p>\n<hr \/>\n<p>&nbsp;<\/p>\n<h2><span style=\"color: #ff6600;\">CONNESSI di Luisa Manfroi<\/span><\/h2>\n<p><strong>PUNTATA DEL 26 OTTOBRE 2021<\/strong><\/p>\n<audio class=\"wp-audio-shortcode\" id=\"audio-239081-17\" preload=\"none\" style=\"width: 100%;\" controls=\"controls\"><source type=\"audio\/mpeg\" src=\"https:\/\/www.radiopiu.net\/wordpress\/wp-content\/uploads\/2021\/10\/CONNESSI-1.mp3?_=17\" \/><a href=\"https:\/\/www.radiopiu.net\/wordpress\/wp-content\/uploads\/2021\/10\/CONNESSI-1.mp3\">https:\/\/www.radiopiu.net\/wordpress\/wp-content\/uploads\/2021\/10\/CONNESSI-1.mp3<\/a><\/audio>\n<p>&nbsp;<\/p>\n<blockquote class=\"wp-embedded-content\" data-secret=\"yK3w39EJSH\"><p><a href=\"https:\/\/www.radiopiu.net\/wordpress\/connessi-2\/\">Connessi<\/a><\/p><\/blockquote>\n<p><iframe loading=\"lazy\" class=\"wp-embedded-content\" sandbox=\"allow-scripts\" security=\"restricted\" style=\"position: absolute; clip: rect(1px, 1px, 1px, 1px);\" title=\"&#8220;Connessi&#8221; &#8212; Radio Pi\u00f9\" src=\"https:\/\/www.radiopiu.net\/wordpress\/connessi-2\/embed\/#?secret=yK3w39EJSH\" data-secret=\"yK3w39EJSH\" width=\"600\" height=\"338\" frameborder=\"0\" marginwidth=\"0\" marginheight=\"0\" scrolling=\"no\"><\/iframe><\/p>\n<p>&nbsp;<\/p>\n<hr \/>\n<p>&nbsp;<\/p>\n<blockquote class=\"wp-embedded-content\" data-secret=\"O0Hkaqlchf\"><p><a href=\"https:\/\/www.radiopiu.net\/wordpress\/freemix-la-liberta-musicale-mixata-da-dj-athos-e-raccontata-da-dj-jack\/\">FREEMIX, LA LIBERTA&#8217; MUSICALE MIXATA DA DJ ATHOS E RACCONTATA DA DJ JACK<\/a><\/p><\/blockquote>\n<p><iframe loading=\"lazy\" class=\"wp-embedded-content\" sandbox=\"allow-scripts\" security=\"restricted\" style=\"position: absolute; clip: rect(1px, 1px, 1px, 1px);\" title=\"&#8220;FREEMIX, LA LIBERTA&#8217; MUSICALE MIXATA DA DJ ATHOS E RACCONTATA DA DJ JACK&#8221; &#8212; Radio Pi\u00f9\" src=\"https:\/\/www.radiopiu.net\/wordpress\/freemix-la-liberta-musicale-mixata-da-dj-athos-e-raccontata-da-dj-jack\/embed\/#?secret=O0Hkaqlchf\" data-secret=\"O0Hkaqlchf\" width=\"600\" height=\"338\" frameborder=\"0\" marginwidth=\"0\" marginheight=\"0\" scrolling=\"no\"><\/iframe><\/p>\n<p>&nbsp;<\/p>\n<hr \/>\n<p>&nbsp;<\/p>\n<div class=\"ecm0bbzt e5nlhep0 a8c37x1j\">\n<div class=\"kvgmc6g5 cxmmr5t8 oygrvhab hcukyx3x c1et5uql\">\n<div class=\"gmail-kvgmc6g5 gmail-cxmmr5t8 gmail-oygrvhab gmail-hcukyx3x gmail-c1et5uql gmail-ii04i59q\">\n<div>\n<div class=\"b654a4as d2edcug0\">\n<div class=\"rq0escxv hkbzh7o3 jwdofwj8 n8tt0mok r8blr3vg hyh9befq\">\n<p><a class=\"dt-pswp-item\" href=\"https:\/\/www.radiopiu.net\/wordpress\/wp-content\/uploads\/2020\/10\/pp.jpg\" data-dt-img-description=\"\" data-large_image_width=\"640\" data-large_image_height=\"640\"><img loading=\"lazy\" decoding=\"async\" class=\"wp-image-163678 alignleft\" src=\"https:\/\/www.radiopiu.net\/wordpress\/wp-content\/uploads\/2020\/10\/pp-300x300.jpg\" alt=\"\" width=\"106\" height=\"106\" srcset=\"https:\/\/www.radiopiu.net\/wordpress\/wp-content\/uploads\/2020\/10\/pp-300x300.jpg 300w, https:\/\/www.radiopiu.net\/wordpress\/wp-content\/uploads\/2020\/10\/pp-150x150.jpg 150w, https:\/\/www.radiopiu.net\/wordpress\/wp-content\/uploads\/2020\/10\/pp-125x125.jpg 125w, https:\/\/www.radiopiu.net\/wordpress\/wp-content\/uploads\/2020\/10\/pp-200x200.jpg 200w, https:\/\/www.radiopiu.net\/wordpress\/wp-content\/uploads\/2020\/10\/pp-80x80.jpg 80w, https:\/\/www.radiopiu.net\/wordpress\/wp-content\/uploads\/2020\/10\/pp-480x480.jpg 480w, https:\/\/www.radiopiu.net\/wordpress\/wp-content\/uploads\/2020\/10\/pp.jpg 640w\" sizes=\"auto, (max-width: 106px) 100vw, 106px\" \/><\/a><\/p>\n<\/div>\n<\/div>\n<\/div>\n<div>\n<div class=\"page-title-head hgroup\">\n<div class=\"page-title-head hgroup\">\n<div class=\"b654a4as d2edcug0\">\n<div class=\"j83agx80 btwxx1t3 lhclo0ds hop8lmos nkwizq5d scwd0bx6 roh60bw9\">\n<div class=\"rq0escxv hkbzh7o3 jwdofwj8 n8tt0mok r8blr3vg hyh9befq\">\n<div class=\"do00u71z l9j0dhe7 k4urcfbm\">\n<h2><span style=\"color: #000080;\">DON CESARE, IL PENSIERO DEL GIORNO. ALLA RADIO ALLE 7 DEL MATTINO E ALLE 19.30 DELLA SERA.\u00a0\u00a0<\/span><\/h2>\n<p>&nbsp;<\/p>\n<p>&nbsp;<\/p>\n<audio class=\"wp-audio-shortcode\" id=\"audio-239081-18\" preload=\"none\" style=\"width: 100%;\" controls=\"controls\"><source type=\"audio\/mpeg\" src=\"https:\/\/www.radiopiu.net\/wordpress\/wp-content\/uploads\/2021\/10\/cesare-10.mp3?_=18\" \/><a href=\"https:\/\/www.radiopiu.net\/wordpress\/wp-content\/uploads\/2021\/10\/cesare-10.mp3\">https:\/\/www.radiopiu.net\/wordpress\/wp-content\/uploads\/2021\/10\/cesare-10.mp3<\/a><\/audio>\n<hr \/>\n<p>&nbsp;<\/p>\n<p>&nbsp;<\/p>\n<div>\n<div>\n<h3 class=\"kvgmc6g5 cxmmr5t8 oygrvhab hcukyx3x c1et5uql\"><span style=\"color: #0000ff;\">INFORMAZIONE il canale su TELEGRAM informazione di prima mano e in tempo reale. iscriviti ed aiutaci a farlo conoscere\u00a0\u00a0<\/span><\/h3>\n<\/div>\n<div>\n<div class=\"page-title-head hgroup\">\n<div class=\"page-title-head hgroup\">\n<div class=\"page-title-head hgroup\">\n<div class=\"page-title-head hgroup\">\n<div class=\"b654a4as d2edcug0\">\n<div class=\"page-title-head hgroup\">\n<div class=\"page-title-head hgroup\">\n<div class=\"page-title-head hgroup\">\n<div class=\"page-title-head hgroup\">\n<div class=\"b654a4as d2edcug0\">\n<div>\n<p>&nbsp;<\/p>\n<\/div>\n<div>\n<div class=\"page-title-head hgroup\">\n<div class=\"page-title-head hgroup\">\n<div class=\"page-title-head hgroup\">\n<div class=\"page-title-head hgroup\">\n<div class=\"page-title-head hgroup\">\n<div class=\"b654a4as d2edcug0\">\n<div>\n<hr \/>\n<\/div>\n<\/div>\n<div>\n<div>\n<p><strong>\u00a0<\/strong><\/p>\n<\/div>\n<div>\n<div>\n<p><strong>DUE MINUTI UN LIBRO, TUTTI I GIORNI ALLA RADIO ALLE 9.40 E ALLE 17.50<\/strong><\/p>\n<div>\n<div>\n<p><strong>LA RACCOLTA COMPLETA\u00a0\u00a0<\/strong><\/p>\n<\/div>\n<div>\n<blockquote class=\"wp-embedded-content\" data-secret=\"887BHMPDe8\"><p><a href=\"https:\/\/www.radiopiu.net\/wordpress\/due-minuti-un-libro\/\">Due minuti un libro<\/a><\/p><\/blockquote>\n<p><iframe loading=\"lazy\" class=\"wp-embedded-content\" sandbox=\"allow-scripts\" security=\"restricted\" style=\"position: absolute; clip: rect(1px, 1px, 1px, 1px);\" title=\"&#8220;Due minuti un libro&#8221; &#8212; Radio Pi\u00f9\" src=\"https:\/\/www.radiopiu.net\/wordpress\/due-minuti-un-libro\/embed\/#?secret=887BHMPDe8\" data-secret=\"887BHMPDe8\" width=\"600\" height=\"338\" frameborder=\"0\" marginwidth=\"0\" marginheight=\"0\" scrolling=\"no\"><\/iframe><\/p>\n<p>&nbsp;<\/p>\n<\/div>\n<\/div>\n<\/div>\n<div class=\"mkdf-post-text\">\n<div class=\"mkdf-post-text-inner\">\n<div class=\"mkdf-post-text-main\">\n<div class=\"mkdf-post-text\">\n<div class=\"mkdf-post-text-inner\">\n<div class=\"mkdf-post-text-main\">\n<div class=\"mkdf-post-text\">\n<div class=\"mkdf-post-text-inner\">\n<div class=\"mkdf-post-text-main\">\n<div class=\"page-title-head hgroup\">\n<div class=\"page-title-head hgroup\">\n<div class=\"mkdf-post-text\">\n<div class=\"mkdf-post-text-inner\">\n<div class=\"mkdf-post-text-main\">\n<div class=\"mkdf-post-text\">\n<div class=\"mkdf-post-text-inner\">\n<div class=\"mkdf-post-text-main\">\n<div class=\"page-title-head hgroup\">\n<div class=\"page-title-head hgroup\">\n<div class=\"page-title-head hgroup\">\n<div class=\"page-title-head hgroup\">\n<div class=\"b654a4as d2edcug0\">\n<div class=\"page-title-head hgroup\">\n<div class=\"page-title-head hgroup\">\n<div class=\"page-title-head hgroup\">\n<div class=\"page-title-head hgroup\">\n<div class=\"b654a4as d2edcug0\">\n<div class=\"page-title-head hgroup\">\n<div class=\"page-title-head hgroup\">\n<div class=\"page-title-head hgroup\">\n<div class=\"page-title-head hgroup\">\n<div class=\"b654a4as d2edcug0\">\n<div>\n<p>&nbsp;<\/p>\n<p>&nbsp;<\/p>\n<\/div>\n<div>\n<hr \/>\n<p>&nbsp;<\/p>\n<\/div>\n<div>\n<h2><span style=\"color: #808000;\">L&#8217;ALMANACCO LADINO\u00a0\u00a0<\/span><\/h2>\n<p><strong>LA PUNTATA DELLA SETTIMANA\u00a0 NUMERO 69<\/strong><\/p>\n<audio class=\"wp-audio-shortcode\" id=\"audio-239081-19\" preload=\"none\" style=\"width: 100%;\" controls=\"controls\"><source type=\"audio\/mpeg\" src=\"https:\/\/www.radiopiu.net\/wordpress\/wp-content\/uploads\/2021\/10\/69\u00b0Almanacco-Ladino_Col.mp3?_=19\" \/><a href=\"https:\/\/www.radiopiu.net\/wordpress\/wp-content\/uploads\/2021\/10\/69\u00b0Almanacco-Ladino_Col.mp3\">https:\/\/www.radiopiu.net\/wordpress\/wp-content\/uploads\/2021\/10\/69\u00b0Almanacco-Ladino_Col.mp3<\/a><\/audio>\n<p>&nbsp;<\/p>\n<p><strong>LA RACCOLTA<\/strong><\/p>\n<blockquote class=\"wp-embedded-content\" data-secret=\"pQ7PMLhJOR\"><p><a href=\"https:\/\/www.radiopiu.net\/wordpress\/almanacco-ladino\/\">Almanacco Ladino<\/a><\/p><\/blockquote>\n<p><iframe loading=\"lazy\" class=\"wp-embedded-content\" sandbox=\"allow-scripts\" security=\"restricted\" style=\"position: absolute; clip: rect(1px, 1px, 1px, 1px);\" title=\"&#8220;Almanacco Ladino&#8221; &#8212; Radio Pi\u00f9\" src=\"https:\/\/www.radiopiu.net\/wordpress\/almanacco-ladino\/embed\/#?secret=pQ7PMLhJOR\" data-secret=\"pQ7PMLhJOR\" width=\"600\" height=\"338\" frameborder=\"0\" marginwidth=\"0\" marginheight=\"0\" scrolling=\"no\"><\/iframe><\/p>\n<hr \/>\n<p>&nbsp;<\/p>\n<blockquote>\n<blockquote>\n<h3><\/h3>\n<\/blockquote>\n<\/blockquote>\n<p>&nbsp;<\/p>\n<blockquote class=\"wp-embedded-content\" data-secret=\"9MJ8qGGR5S\"><p><a href=\"https:\/\/www.radiopiu.net\/wordpress\/rassegna-stampa-di-gianni-santomaso\/\">Rassegna stampa da l&#8217;amico del popolo &#8211; di Gianni Santomaso<\/a><\/p><\/blockquote>\n<p><iframe loading=\"lazy\" class=\"wp-embedded-content\" sandbox=\"allow-scripts\" security=\"restricted\" style=\"position: absolute; clip: rect(1px, 1px, 1px, 1px);\" title=\"&#8220;Rassegna stampa da l&#8217;amico del popolo &#8211; di Gianni Santomaso&#8221; &#8212; Radio Pi\u00f9\" src=\"https:\/\/www.radiopiu.net\/wordpress\/rassegna-stampa-di-gianni-santomaso\/embed\/#?secret=9MJ8qGGR5S\" data-secret=\"9MJ8qGGR5S\" width=\"600\" height=\"338\" frameborder=\"0\" marginwidth=\"0\" marginheight=\"0\" scrolling=\"no\"><\/iframe><\/p>\n<p>&nbsp;<\/p>\n<\/div>\n<\/div>\n<\/div>\n<\/div>\n<\/div>\n<\/div>\n<\/div>\n<\/div>\n<\/div>\n<\/div>\n<\/div>\n<\/div>\n<\/div>\n<\/div>\n<\/div>\n<\/div>\n<\/div>\n<\/div>\n<\/div>\n<\/div>\n<\/div>\n<\/div>\n<\/div>\n<\/div>\n<\/div>\n<\/div>\n<\/div>\n<\/div>\n<\/div>\n<\/div>\n<\/div>\n<\/div>\n<\/div>\n<\/div>\n<\/div>\n<div class=\"mkdf-post-text\">\n<div class=\"mkdf-post-text-inner\">\n<div class=\"mkdf-post-text-main\">\n<div class=\"mkdf-post-text\">\n<div class=\"mkdf-post-text-inner\">\n<div class=\"mkdf-post-text-main\">\n<div class=\"mkdf-post-text\">\n<div class=\"mkdf-post-text-inner\">\n<div class=\"mkdf-post-text-main\">\n<div class=\"page-title-head hgroup\">\n<div class=\"page-title-head hgroup\">\n<div class=\"mkdf-post-text\">\n<div class=\"mkdf-post-text-inner\">\n<div class=\"mkdf-post-text-main\">\n<div class=\"mkdf-post-text\">\n<div class=\"mkdf-post-text-inner\">\n<div class=\"mkdf-post-text-main\">\n<div class=\"page-title-head hgroup\">\n<div class=\"page-title-head hgroup\">\n<div class=\"page-title-head hgroup\">\n<div class=\"page-title-head hgroup\">\n<div class=\"b654a4as d2edcug0\">\n<div class=\"page-title-head hgroup\">\n<div class=\"page-title-head hgroup\">\n<div class=\"page-title-head hgroup\">\n<div class=\"page-title-head hgroup\">\n<div class=\"b654a4as d2edcug0\">\n<div class=\"page-title-head hgroup\">\n<div class=\"page-title-head hgroup\">\n<div class=\"page-title-head hgroup\">\n<div class=\"page-title-head hgroup\">\n<div class=\"b654a4as d2edcug0\">\n<div>\n<blockquote>\n<blockquote>\n<h3><\/h3>\n<\/blockquote>\n<\/blockquote>\n<hr \/>\n<p>&nbsp;<\/p>\n<\/div>\n<h4><span style=\"color: #ff0000;\">MUSICA ALLA RADIO<\/span><\/h4>\n<div><a href=\"https:\/\/www.radiopiu.net\/wordpress\/giornale-radiopiu-20-settembre-2021-direttore-mirko-mezzacasa\/pp-79\/\" rel=\"attachment wp-att-232921\"><img loading=\"lazy\" decoding=\"async\" class=\"wp-image-232921 alignleft\" src=\"https:\/\/www.radiopiu.net\/wordpress\/wp-content\/uploads\/2021\/09\/pp-1-300x300.jpg\" alt=\"\" width=\"135\" height=\"135\" srcset=\"https:\/\/www.radiopiu.net\/wordpress\/wp-content\/uploads\/2021\/09\/pp-1-300x300.jpg 300w, https:\/\/www.radiopiu.net\/wordpress\/wp-content\/uploads\/2021\/09\/pp-1-150x150.jpg 150w, https:\/\/www.radiopiu.net\/wordpress\/wp-content\/uploads\/2021\/09\/pp-1.jpg 640w\" sizes=\"auto, (max-width: 135px) 100vw, 135px\" \/><\/a><\/div>\n<div><\/div>\n<div><\/div>\n<div>\n<p><strong>MUSICA ALLA RADIO, IL PROGRAMMA DI LORIS SCUSSEL &#8220;COLLAGE OPERAZIONE NOSTALGIA&#8221; DAL LUNEDI AL VENERDI ALLE 16.00\u00a0 E ALLE 23\u00a0<\/strong><\/p>\n<\/div>\n<p>&nbsp;<\/p>\n<p>&nbsp;<\/p>\n<p><strong>puntata del 26 ottobre 462<\/strong><\/p>\n<audio class=\"wp-audio-shortcode\" id=\"audio-239081-20\" preload=\"none\" style=\"width: 100%;\" controls=\"controls\"><source type=\"audio\/mpeg\" src=\"https:\/\/www.radiopiu.net\/wordpress\/wp-content\/uploads\/2021\/10\/Collage-462.mp3?_=20\" \/><a href=\"https:\/\/www.radiopiu.net\/wordpress\/wp-content\/uploads\/2021\/10\/Collage-462.mp3\">https:\/\/www.radiopiu.net\/wordpress\/wp-content\/uploads\/2021\/10\/Collage-462.mp3<\/a><\/audio>\n<p>&nbsp;<\/p>\n<p>&nbsp;<\/p>\n<hr \/>\n<p>&nbsp;<\/p>\n<p>&nbsp;<\/p>\n<p>&nbsp;<\/p>\n<p>&nbsp;<\/p>\n<p>&nbsp;<\/p>\n<div>\n<hr \/>\n<p>&nbsp;<\/p>\n<p><a href=\"https:\/\/www.radiopiu.net\/wordpress\/giornale-radiopiu-26-settembre-2018-direttore-mirko-mezzacasa\/viabilita-2\/\" rel=\"attachment wp-att-61954\"><img loading=\"lazy\" decoding=\"async\" class=\"wp-image-61954 size-full aligncenter\" src=\"https:\/\/www.radiopiu.net\/wordpress\/wp-content\/uploads\/2018\/09\/viabilita.jpeg\" alt=\"\" width=\"800\" height=\"100\" srcset=\"https:\/\/www.radiopiu.net\/wordpress\/wp-content\/uploads\/2018\/09\/viabilita.jpeg 800w, https:\/\/www.radiopiu.net\/wordpress\/wp-content\/uploads\/2018\/09\/viabilita-300x38.jpeg 300w, https:\/\/www.radiopiu.net\/wordpress\/wp-content\/uploads\/2018\/09\/viabilita-768x96.jpeg 768w\" sizes=\"auto, (max-width: 800px) 100vw, 800px\" \/><\/a><\/p>\n<p>&nbsp;<\/p>\n<p>&nbsp;<\/p>\n<p><strong><a href=\"https:\/\/www.radiopiu.net\/wordpress\/veneto-strade-interdizione-al-traffico\/veneto-strade-2\/\" rel=\"attachment wp-att-135574\"><img loading=\"lazy\" decoding=\"async\" class=\"wp-image-135574 alignleft\" src=\"https:\/\/www.radiopiu.net\/wordpress\/wp-content\/uploads\/2020\/05\/VENETO-STRADE-300x300.png\" alt=\"\" width=\"100\" height=\"100\" srcset=\"https:\/\/www.radiopiu.net\/wordpress\/wp-content\/uploads\/2020\/05\/VENETO-STRADE-300x300.png 300w, https:\/\/www.radiopiu.net\/wordpress\/wp-content\/uploads\/2020\/05\/VENETO-STRADE-150x150.png 150w, https:\/\/www.radiopiu.net\/wordpress\/wp-content\/uploads\/2020\/05\/VENETO-STRADE.png 400w\" sizes=\"auto, (max-width: 100px) 100vw, 100px\" \/><\/a><\/strong><\/p>\n<p><strong>REGIONALE 48 DELLE DOLOMITI PASSO FALZAREGO<\/strong>\u00a0 fino\u00a0 al 26 novembre interruzioni della durata massima di 15 minuti in localit\u00e0 Pian di Falzarego <strong>REGIONALE 48 DOLOMITI<\/strong> dall&#8217;11 ottobre al 3 dicembre senso unico localit\u00e0 Andraz.<\/p>\n<p>&nbsp;<\/p>\n<p>&nbsp;<\/p>\n<p>&nbsp;<\/p>\n<hr \/>\n<p>&nbsp;<\/p>\n<div class=\"ecm0bbzt e5nlhep0 a8c37x1j\">\n<div class=\"kvgmc6g5 cxmmr5t8 oygrvhab hcukyx3x c1et5uql\">\n<div class=\"gmail-kvgmc6g5 gmail-cxmmr5t8 gmail-oygrvhab gmail-hcukyx3x gmail-c1et5uql gmail-ii04i59q\">\n<div>\n<div class=\"page-title-head hgroup\">\n<div class=\"page-title-head hgroup\">\n<div class=\"b654a4as d2edcug0\">\n<div class=\"j83agx80 btwxx1t3 lhclo0ds hop8lmos nkwizq5d scwd0bx6 roh60bw9\">\n<div class=\"rq0escxv hkbzh7o3 jwdofwj8 n8tt0mok r8blr3vg hyh9befq\">\n<div class=\"do00u71z l9j0dhe7 k4urcfbm\">\n<div>\n<div>\n<div class=\"page-title-head hgroup\">\n<div class=\"page-title-head hgroup\">\n<div class=\"page-title-head hgroup\">\n<div class=\"page-title-head hgroup\">\n<div class=\"b654a4as d2edcug0\">\n<div class=\"page-title-head hgroup\">\n<div class=\"page-title-head hgroup\">\n<div class=\"page-title-head hgroup\">\n<div class=\"page-title-head hgroup\">\n<div class=\"b654a4as d2edcug0\">\n<div>\n<div class=\"page-title-head hgroup\">\n<div class=\"page-title-head hgroup\">\n<div class=\"page-title-head hgroup\">\n<div class=\"page-title-head hgroup\">\n<div class=\"page-title-head hgroup\">\n<div class=\"mkdf-post-text\">\n<div class=\"mkdf-post-text-inner\">\n<div class=\"mkdf-post-text-main\">\n<div class=\"mkdf-post-text\">\n<div class=\"mkdf-post-text-inner\">\n<div class=\"mkdf-post-text-main\">\n<div class=\"mkdf-post-text\">\n<div class=\"mkdf-post-text-inner\">\n<div class=\"mkdf-post-text-main\">\n<div class=\"page-title-head hgroup\">\n<div class=\"page-title-head hgroup\">\n<div class=\"mkdf-post-text\">\n<div class=\"mkdf-post-text-inner\">\n<div class=\"mkdf-post-text-main\">\n<div class=\"mkdf-post-text\">\n<div class=\"mkdf-post-text-inner\">\n<div class=\"mkdf-post-text-main\">\n<div class=\"page-title-head hgroup\">\n<div class=\"page-title-head hgroup\">\n<div class=\"page-title-head hgroup\">\n<div class=\"page-title-head hgroup\">\n<div class=\"b654a4as d2edcug0\">\n<div class=\"page-title-head hgroup\">\n<div class=\"page-title-head hgroup\">\n<div class=\"page-title-head hgroup\">\n<div class=\"page-title-head hgroup\">\n<div class=\"b654a4as d2edcug0\">\n<div class=\"page-title-head hgroup\">\n<div class=\"page-title-head hgroup\">\n<div class=\"page-title-head hgroup\">\n<div class=\"page-title-head hgroup\">\n<div class=\"b654a4as d2edcug0\">\n<div>\n<p>&nbsp;<\/p>\n<\/div>\n<\/div>\n<\/div>\n<\/div>\n<\/div>\n<\/div>\n<\/div>\n<\/div>\n<\/div>\n<\/div>\n<\/div>\n<\/div>\n<\/div>\n<\/div>\n<\/div>\n<\/div>\n<\/div>\n<\/div>\n<\/div>\n<\/div>\n<\/div>\n<\/div>\n<\/div>\n<\/div>\n<\/div>\n<\/div>\n<\/div>\n<\/div>\n<\/div>\n<\/div>\n<\/div>\n<\/div>\n<\/div>\n<\/div>\n<\/div>\n<\/div>\n<\/div>\n<\/div>\n<\/div>\n<\/div>\n<\/div>\n<\/div>\n<\/div>\n<\/div>\n<\/div>\n<\/div>\n<\/div>\n<\/div>\n<\/div>\n<\/div>\n<\/div>\n<div>\n<div class=\"page-title-head hgroup\">\n<div class=\"page-title-head hgroup\">\n<div class=\"page-title-head hgroup\">\n<div class=\"page-title-head hgroup\">\n<div class=\"b654a4as d2edcug0\">\n<div class=\"page-title-head hgroup\">\n<div class=\"page-title-head hgroup\">\n<div class=\"page-title-head hgroup\">\n<div class=\"page-title-head hgroup\">\n<div class=\"b654a4as d2edcug0\">\n<div class=\"page-title-head hgroup\">\n<div class=\"page-title-head hgroup\">\n<div class=\"page-title-head hgroup\">\n<div class=\"page-title-head hgroup\">\n<div class=\"page-title-head hgroup\">\n<div class=\"mkdf-post-text\">\n<div class=\"mkdf-post-text-inner\">\n<div class=\"mkdf-post-text-main\">\n<div class=\"mkdf-post-text\">\n<div class=\"mkdf-post-text-inner\">\n<div class=\"mkdf-post-text-main\">\n<div class=\"mkdf-post-text\">\n<div class=\"mkdf-post-text-inner\">\n<div class=\"mkdf-post-text-main\">\n<div class=\"page-title-head hgroup\">\n<div class=\"page-title-head hgroup\">\n<div class=\"mkdf-post-text\">\n<div class=\"mkdf-post-text-inner\">\n<div class=\"mkdf-post-text-main\">\n<div class=\"mkdf-post-text\">\n<div class=\"mkdf-post-text-inner\">\n<div class=\"mkdf-post-text-main\">\n<div>\n<div class=\"page-title-head hgroup\">\n<div class=\"page-title-head hgroup\">\n<div>\n<div class=\"page-title-head hgroup\">\n<div class=\"page-title-head hgroup\">\n<div class=\"b654a4as d2edcug0\">\n<div>\n<div class=\"page-title-head hgroup\" style=\"text-align: left;\">\n<div class=\"page-title-head hgroup\">\n<div dir=\"auto\">\n<p><a class=\"dt-pswp-item pspw-wrap-ready\" href=\"https:\/\/i0.wp.com\/www.radiopiu.net\/wordpress\/wp-content\/uploads\/2018\/09\/WhatsApp-Image-2018-09-20-at-16.04.06.jpeg?ssl=1\" data-dt-img-description=\"\" data-large_image_width=\"800\" data-large_image_height=\"100\"><img loading=\"lazy\" decoding=\"async\" class=\"aligncenter wp-image-61378 size-full jetpack-lazy-image jetpack-lazy-image--handled\" src=\"https:\/\/i0.wp.com\/www.radiopiu.net\/wordpress\/wp-content\/uploads\/2018\/09\/WhatsApp-Image-2018-09-20-at-16.04.06.jpeg?resize=800%2C100&amp;ssl=1\" sizes=\"auto, (max-width: 800px) 100vw, 800px\" srcset=\"https:\/\/i0.wp.com\/www.radiopiu.net\/wordpress\/wp-content\/uploads\/2018\/09\/WhatsApp-Image-2018-09-20-at-16.04.06.jpeg?w=800&amp;ssl=1 800w, https:\/\/i0.wp.com\/www.radiopiu.net\/wordpress\/wp-content\/uploads\/2018\/09\/WhatsApp-Image-2018-09-20-at-16.04.06.jpeg?resize=300%2C38&amp;ssl=1 300w, https:\/\/i0.wp.com\/www.radiopiu.net\/wordpress\/wp-content\/uploads\/2018\/09\/WhatsApp-Image-2018-09-20-at-16.04.06.jpeg?resize=768%2C96&amp;ssl=1 768w\" alt=\"\" width=\"800\" height=\"100\" data-lazy-loaded=\"1\" \/><\/a><\/p>\n<\/div>\n<\/div>\n<\/div>\n<\/div>\n<\/div>\n<\/div>\n<\/div>\n<\/div>\n<\/div>\n<\/div>\n<\/div>\n<\/div>\n<\/div>\n<\/div>\n<\/div>\n<\/div>\n<\/div>\n<\/div>\n<\/div>\n<\/div>\n<\/div>\n<\/div>\n<\/div>\n<\/div>\n<\/div>\n<\/div>\n<\/div>\n<\/div>\n<\/div>\n<\/div>\n<\/div>\n<\/div>\n<\/div>\n<\/div>\n<\/div>\n<\/div>\n<\/div>\n<\/div>\n<\/div>\n<\/div>\n<\/div>\n<\/div>\n<\/div>\n<\/div>\n<p>&nbsp;<\/p>\n<\/div>\n<\/div>\n<\/div>\n<\/div>\n<\/div>\n<\/div>\n<\/div>\n<\/div>\n<\/div>\n<\/div>\n<p><center><b>Mercoledi 27<\/b><\/center><b>Tempo atteso: <\/b>Bel tempo autunnale con sole, cielo sereno, aria nitida e ottima visibilit\u00e0, per\u00f2 senza escludere del tutto qualche nebbia limitate alle ore pi\u00f9 fredde in alcune conche prealpine. Alla sera arrivo di sottili nubi alte da nord-est. Accentuazione dell&#8217;escursione termica giornaliera nelle valli, localmente fino a 14\/15\u00b0C di scarto tra minime e massime.<br \/>\n<b>Precipitazioni: <\/b>Assenti (0%).<br \/>\n<b>Temperature: <\/b>Minime in calo, eccetto sulle vette dolomitiche pi\u00f9 alte, con ritorno delle gelate e brinate in montagna, localmente anche in alcuni fondovalle; massime in leggera ripresa in alta quota e senza notevoli variazioni nelle valli. Su Prealpi a 1500 m min 2\u00b0C max 8\u00b0C, a 2000 m min 1\u00b0C max 5\u00b0C. Su Dolomiti a 2000 m min 0\u00b0C max 6\u00b0C, a 3000 m min -5\u00b0C max 1\u00b0C.<br \/>\n<b>Venti: <\/b>Nelle valli perlopi\u00f9 deboli per brezze, localmente e a tratti moderati nei settori solitamente pi\u00f9 ventilati; in quota deboli\/moderati da nord-est, a 5-10 km\/h a 2000 m e 10-15 km\/h a 3000 m.<\/p>\n<hr \/>\n<p><center><b>Giovedi 28<\/b><\/center><b>Tempo atteso: <\/b>Bella giornata autunnale con sole, cielo sereno, aria tersa e ottima visibilit\u00e0, per\u00f2 senza escludere qualche nebbia notturna in alcune conche prealpine, in rapido dissolvimento dopo il sorgere del sole. Inversione termica notturna nelle valli e ritorno di una certa mitezza diurna a tutte le quote, specie nei settori pi\u00f9 assolati.<br \/>\n<b>Precipitazioni: <\/b>Assenti (0%)<br \/>\n<b>Temperature: <\/b>In generale lieve aumento, eccetto stazionariet\u00e0 o lieve calo delle minime nelle valli. Sono previste punte di 14\/16\u00b0C nei fondovalle prealpini e di 11\/14\u00b0C a 1000\/1200 m, magari un po&#8217; pi\u00f9 basse nelle valli pi\u00f9 in ombra. Su Prealpi a 1500 m min 6\u00b0C max 10\u00b0C, a 2000 m min 4\u00b0C max 7\u00b0C. Su Dolomiti a 2000 m min 3\u00b0C max 8\u00b0C, a 3000 m min 1\u00b0C max 2\u00b0C.<br \/>\n<b>Venti: <\/b>Nelle valli perlopi\u00f9 deboli per brezze, localmente e a tratti moderati nei settori solitamente pi\u00f9 ventilati; in quota perlopi\u00f9 moderati da sud-est, a 5-150 km\/h, a 2000 m e 15-20 km\/h a 3000 m.<\/p>\n<hr \/>\n<p><center><b>Venerdi 29<\/b><\/center>Persistenza del bel tempo autunnale con sole, cielo sereno o poco nuvoloso per sottili nubi alte, aria nitida e ottima visibilit\u00e0, senza escludere qualche nebbia notturna in alcune conche prealpine, in rapido dissolvimento dopo il sorgere del sole. Temperature senza notevoli variazioni rispetto a gioved\u00ec. Venti deboli per brezze nelle valli, localmente e a tratti moderati nei settori solitamente pi\u00f9 ventilati; in quota moderati\/tesi meridionali.<\/p>\n<hr \/>\n<p><center><b>Sabato 30<\/b><\/center>Tempo ancora buono e stabile con sole e cielo in prevalenza sereno o poco nuvoloso, nonostante la temporanea presenza di nubi alte nel corso del pomeriggio e soprattutto alla sera. Nelle conche prealpine minore insidia nebbie nelle ore pi\u00f9 fredde. Temperature in generale diminuzione a tutte le quote, specie le massime. Venti moderati\/tesi da sud-ovest in quota; perlopi\u00f9 deboli per brezze nelle valli, localmente e a tratti moderati nei settori solitamente pi\u00f9 ventilati. Previsore: R.L.Th.<\/p>\n<p>&nbsp;<\/p>\n<hr \/>\n<p>&nbsp;<\/p>\n<div class=\"mkdf-post-text\">\n<div class=\"mkdf-post-text-inner\">\n<p><a href=\"https:\/\/www.radiopiu.net\/wordpress\/giornale-radiopiu-15-settembre-2018-direttore-mirko-mezzacasa\/sport-7\/\" rel=\"attachment wp-att-60761\"><img loading=\"lazy\" decoding=\"async\" class=\"wp-image-60761 size-full aligncenter\" src=\"https:\/\/www.radiopiu.net\/wordpress\/wp-content\/uploads\/2018\/09\/sport.jpg\" alt=\"\" width=\"800\" height=\"100\" srcset=\"https:\/\/www.radiopiu.net\/wordpress\/wp-content\/uploads\/2018\/09\/sport.jpg 800w, https:\/\/www.radiopiu.net\/wordpress\/wp-content\/uploads\/2018\/09\/sport-300x38.jpg 300w, https:\/\/www.radiopiu.net\/wordpress\/wp-content\/uploads\/2018\/09\/sport-768x96.jpg 768w\" sizes=\"auto, (max-width: 800px) 100vw, 800px\" \/><\/a><\/p>\n<\/div>\n<\/div>\n<p>&nbsp;<\/p>\n<blockquote>\n<h3>INIZIATA LA STAGIONE DEL LA VALLE VETERANI NEL CAMPIONATO OVER CSI<\/h3>\n<\/blockquote>\n<p><strong><a href=\"https:\/\/www.radiopiu.net\/wordpress\/giornale-radiopiu-22-settembre-2021-direttore-mirko-mezzacasa\/pallone-calcio-csi\/\" rel=\"attachment wp-att-233126\"><img loading=\"lazy\" decoding=\"async\" class=\" wp-image-233126 alignleft\" src=\"https:\/\/www.radiopiu.net\/wordpress\/wp-content\/uploads\/2021\/09\/PALLONE-CALCIO-CSI-300x200.jpg\" alt=\"\" width=\"224\" height=\"149\" srcset=\"https:\/\/www.radiopiu.net\/wordpress\/wp-content\/uploads\/2021\/09\/PALLONE-CALCIO-CSI-300x200.jpg 300w, https:\/\/www.radiopiu.net\/wordpress\/wp-content\/uploads\/2021\/09\/PALLONE-CALCIO-CSI-768x512.jpg 768w, https:\/\/www.radiopiu.net\/wordpress\/wp-content\/uploads\/2021\/09\/PALLONE-CALCIO-CSI.jpg 956w\" sizes=\"auto, (max-width: 224px) 100vw, 224px\" \/><\/a>LA VALLE<\/strong> \u00c8 iniziato ormai da due settimane il Campionato Over CSI dedicato ai veterani del calcio. Tra le squadre iscritte al torneo c&#8217;\u00e8 anche il La Valle. Dopo la sconfitta di misura nella partita inaugurale, la scorsa settimana gli agordini non hanno giocato. Contro la Plavis la partita \u00e8 stata rinviata su richiesta della stessa squadra feltrina. Alla guida dei lavallesi c&#8217;\u00e8 Dario Mezzacasa che, dopo la prima uscita stagionale, deve fare la conta dei giocatori a causa degli infortuni.<\/p>\n<p><strong>DARIO MEZZACASA, ALLENATORE DEL LA VALLE VETERANI<\/strong><\/p>\n<audio class=\"wp-audio-shortcode\" id=\"audio-239081-21\" preload=\"none\" style=\"width: 100%;\" controls=\"controls\"><source type=\"audio\/mpeg\" src=\"https:\/\/www.radiopiu.net\/wordpress\/wp-content\/uploads\/2021\/10\/DARIO-MEZZACASA.mp3?_=21\" \/><a href=\"https:\/\/www.radiopiu.net\/wordpress\/wp-content\/uploads\/2021\/10\/DARIO-MEZZACASA.mp3\">https:\/\/www.radiopiu.net\/wordpress\/wp-content\/uploads\/2021\/10\/DARIO-MEZZACASA.mp3<\/a><\/audio>\n<p>&nbsp;<\/p>\n<hr \/>\n<p>&nbsp;<\/p>\n<blockquote>\n<h3>I GIOVANISSIMI DELL&#8217;AGORDINA VINCONO IL RECUPERO CON IL VALBELLUNA<\/h3>\n<\/blockquote>\n<p><strong><a href=\"https:\/\/www.radiopiu.net\/wordpress\/calcio-hockey-il-fine-settimana-sportivo-seguito-da-radio-piu\/calcio-fallo\/\" rel=\"attachment wp-att-71538\"><img loading=\"lazy\" decoding=\"async\" class=\" wp-image-71538 alignleft\" src=\"https:\/\/www.radiopiu.net\/wordpress\/wp-content\/uploads\/2019\/01\/CALCIO-FALLO-300x159.jpeg\" alt=\"\" width=\"285\" height=\"151\" srcset=\"https:\/\/www.radiopiu.net\/wordpress\/wp-content\/uploads\/2019\/01\/CALCIO-FALLO-300x159.jpeg 300w, https:\/\/www.radiopiu.net\/wordpress\/wp-content\/uploads\/2019\/01\/CALCIO-FALLO-768x407.jpeg 768w, https:\/\/www.radiopiu.net\/wordpress\/wp-content\/uploads\/2019\/01\/CALCIO-FALLO-1024x543.jpeg 1024w, https:\/\/www.radiopiu.net\/wordpress\/wp-content\/uploads\/2019\/01\/CALCIO-FALLO.jpeg 1600w\" sizes=\"auto, (max-width: 285px) 100vw, 285px\" \/><\/a>AGORDO<\/strong> Si \u00e8 giocata luned\u00ec sera la partita tra Agordina e Valbelluna valida per il recupero della sesta giornata del Campionato Giovanissimi. La squadra allenata da De Bastiani incamera 3 punti importanti dopo lo scivolone della scorsa settimana contro il Piave. 5 a 3 il risultato finale della gara giocata ad Agordo con le marcature di Thomas Zasso e le doppiette di Martino Ganz e di Manuel Soccol. Una partita a tratti ben giocata con alcuni spunti di gioco interessanti e qualche incertezza da sistemare. Una vittoria importante che riporta in alto morale e classifica.<\/p>\n<p>&nbsp;<\/p>\n<p>&nbsp;<\/p>\n<hr \/>\n<p>&nbsp;<\/p>\n<blockquote>\n<h3>\u00a0BELLUNO E I 6 MURI DI MACCABRUNI<\/h3>\n<\/blockquote>\n<p><strong><a href=\"https:\/\/www.radiopiu.net\/wordpress\/giornale-radiopiu-27-ottobre-2021-direttore-mirko-mezzacasa\/filippo_maccabruni_sorriso_geetit\/\" rel=\"attachment wp-att-239137\"><img loading=\"lazy\" decoding=\"async\" class=\"wp-image-239137 alignleft\" src=\"https:\/\/www.radiopiu.net\/wordpress\/wp-content\/uploads\/2021\/10\/Filippo_Maccabruni_sorriso_Geetit-300x285.jpg\" alt=\"\" width=\"156\" height=\"148\" srcset=\"https:\/\/www.radiopiu.net\/wordpress\/wp-content\/uploads\/2021\/10\/Filippo_Maccabruni_sorriso_Geetit-300x285.jpg 300w, https:\/\/www.radiopiu.net\/wordpress\/wp-content\/uploads\/2021\/10\/Filippo_Maccabruni_sorriso_Geetit-1024x973.jpg 1024w, https:\/\/www.radiopiu.net\/wordpress\/wp-content\/uploads\/2021\/10\/Filippo_Maccabruni_sorriso_Geetit-768x730.jpg 768w, https:\/\/www.radiopiu.net\/wordpress\/wp-content\/uploads\/2021\/10\/Filippo_Maccabruni_sorriso_Geetit-1536x1459.jpg 1536w, https:\/\/www.radiopiu.net\/wordpress\/wp-content\/uploads\/2021\/10\/Filippo_Maccabruni_sorriso_Geetit-2048x1946.jpg 2048w\" sizes=\"auto, (max-width: 156px) 100vw, 156px\" \/><\/a>BELLUNO<\/strong> \u00ab<em>S\u00ec, i 6 muri stampati nell\u2019ultima sfida sono il mio record personale. Non mi era mai successo prima<\/em>\u00bb. Filippo Maccabruni non \u00e8 solo il regista chiamato a dettare ritmi e tempi di gioco. \u00c8 pure un sopraffino muratore: pi\u00f9 di un terzo dei palloni inchiodati nella met\u00e0 campo della Geetit Bologna, domenica scorsa, portano la sua firma (6 sui 17 totali). E questa voce statistica &#8211; davvero roboante, soprattutto per un palleggiatore &#8211; rende un po\u2019 meno amara la sconfitta al tie-break, e in rimonta, patita a San Lazzaro di Savena. In ogni caso, il 3-2 al passivo ha permesso alla\u00a0 Pallavolo Belluno di muovere per la prima volta la classifica nel campionato di Serie A3.<span class=\"gmail-Apple-converted-space\"> \u00a0<\/span><\/p>\n<p>&nbsp;<\/p>\n<\/div>\n<\/div>\n<\/div>\n<\/div>\n<\/div>\n<\/div>\n<\/div>\n<\/div>\n<\/div>\n<\/div>\n<\/div>\n<\/div>\n<\/div>\n<\/div>\n<\/div>\n<\/div>\n<\/div>\n<\/div>\n<\/div>\n<\/div>\n<\/div>\n<\/div>\n<\/div>\n<\/div>\n<\/div>\n<\/div>\n<\/div>\n<\/div>\n<\/div>\n<\/div>\n<\/div>\n<\/div>\n<\/div>\n<\/div>\n<\/div>\n<\/div>\n<\/div>\n<\/div>\n<\/div>\n<\/div>\n<\/div>\n<\/div>\n<\/div>\n<\/div>\n<\/div>\n<\/div>\n<\/div>\n<\/div>\n<\/div>\n<\/div>\n<\/div>\n<\/div>\n<\/div>\n<\/div>\n<\/div>\n<\/div>\n<\/div>\n<\/div>\n<\/div>\n<\/div>\n<\/div>\n<\/div>\n<\/div>\n<\/div>\n<\/div>\n","protected":false},"excerpt":{"rendered":"<p>INFORMAZIONE il canale su TELEGRAM informazione di prima mano e in tempo reale. iscriviti ed aiutaci a farlo conoscere\u00a0 \u00a0 &nbsp; &nbsp; STRADA DEL DURAN, OLTRE UN MESE DI DISAGI PROVINCIALE 347 PASSO DURAN interdizione totale dalle 8 alle 12 e dalle 13.30 alle 17.30 esclusi sabati e domeniche, fino ale 04 dicembre, nelle altre&hellip;<\/p>\n","protected":false},"author":4,"featured_media":239244,"comment_status":"closed","ping_status":"open","sticky":false,"template":"","format":"standard","meta":{"_monsterinsights_skip_tracking":false,"_monsterinsights_sitenote_active":false,"_monsterinsights_sitenote_note":"","_monsterinsights_sitenote_category":0,"footnotes":""},"categories":[104,86,49],"tags":[],"class_list":["post-239081","post","type-post","status-publish","format-standard","has-post-thumbnail","hentry","category-evidenza_3","category-gr","category-news-18","category-104","category-86","category-49","description-off"],"img_url":"https:\/\/www.radiopiu.net\/wordpress\/wp-content\/uploads\/2021\/10\/62802888-08ae-4aae-8ef5-7fd03a5cd63e.jpg","_links":{"self":[{"href":"https:\/\/www.radiopiu.net\/wordpress\/wp-json\/wp\/v2\/posts\/239081","targetHints":{"allow":["GET"]}}],"collection":[{"href":"https:\/\/www.radiopiu.net\/wordpress\/wp-json\/wp\/v2\/posts"}],"about":[{"href":"https:\/\/www.radiopiu.net\/wordpress\/wp-json\/wp\/v2\/types\/post"}],"author":[{"embeddable":true,"href":"https:\/\/www.radiopiu.net\/wordpress\/wp-json\/wp\/v2\/users\/4"}],"replies":[{"embeddable":true,"href":"https:\/\/www.radiopiu.net\/wordpress\/wp-json\/wp\/v2\/comments?post=239081"}],"version-history":[{"count":0,"href":"https:\/\/www.radiopiu.net\/wordpress\/wp-json\/wp\/v2\/posts\/239081\/revisions"}],"wp:featuredmedia":[{"embeddable":true,"href":"https:\/\/www.radiopiu.net\/wordpress\/wp-json\/wp\/v2\/media\/239244"}],"wp:attachment":[{"href":"https:\/\/www.radiopiu.net\/wordpress\/wp-json\/wp\/v2\/media?parent=239081"}],"wp:term":[{"taxonomy":"category","embeddable":true,"href":"https:\/\/www.radiopiu.net\/wordpress\/wp-json\/wp\/v2\/categories?post=239081"},{"taxonomy":"post_tag","embeddable":true,"href":"https:\/\/www.radiopiu.net\/wordpress\/wp-json\/wp\/v2\/tags?post=239081"}],"curies":[{"name":"wp","href":"https:\/\/api.w.org\/{rel}","templated":true}]}}