{"id":239199,"date":"2021-10-26T16:56:19","date_gmt":"2021-10-26T14:56:19","guid":{"rendered":"https:\/\/www.radiopiu.net\/wordpress\/?p=239199"},"modified":"2021-10-26T16:56:19","modified_gmt":"2021-10-26T14:56:19","slug":"produttori-di-compost-rischiano-la-chiusura","status":"publish","type":"post","link":"https:\/\/www.radiopiu.net\/wordpress\/produttori-di-compost-rischiano-la-chiusura\/","title":{"rendered":"PRODUTTORI DI COMPOST RISCHIANO LA CHIUSURA."},"content":{"rendered":"<blockquote>\n<h3><b>DANNI ANCHE PER MOLTE AZIENDE AGRICOLE e PER L\u2019ECONOMIA CIRCOLARE\u00a0<\/b><\/h3>\n<\/blockquote>\n<p><strong>VENEZIA<\/strong> Con l\u2019introduzione, da parte della Regione Veneto, del IV Programma d\u2019Azione Nitrati[1], dall\u20191 gennaio 2022 gli Ammendanti Compostati con Fanghi (ACF) e i fanghi derivanti da processi di depurazione delle acque reflue non potranno pi\u00f9 essere utilizzati come fertilizzanti in agricoltura, di fatto interrompendo una parte di quel percorso di economia circolare in cui il Veneto \u00e8 leader.\u00a0 Questo comporter\u00e0 un grave danno economico sia per le aziende pubbliche che si occupano della depurazione delle acque (le societ\u00e0 multiservizi) sia per quelle private che lavorano i fanghi, producendo ammendanti compostati che poi cedono agli agricoltori; ma anche per questi ultimi gli effetti economici rischiano di essere pesanti; dall\u2019anno prossimo, infatti, vi sar\u00e0 meno disponibilit\u00e0 di compost e di conseguenza un maggior ricorso ai fertilizzanti chimici e ci\u00f2 provocher\u00e0 un forte aumento dei costi aziendali. Insomma, in Veneto la filiera del compost \u00e8 a rischio, con il pericolo di far saltare uno straordinario esempio di economia circolare e di valorizzazione e trasformazione dei rifiuti. \u00a0Ci sono delle ragioni ecologico-ambientali che hanno spinto la Regione Veneto a prendere questa decisione? Sebbene vi sia un regolamento europeo in tema di fertilizzanti che entrer\u00e0 in vigore a luglio 2022, la nostra Regione ha interpretato questo regolamento in maniera molto restrittiva. Decisione che \u00e8 stata fortemente criticata anche dall\u2019ARPAV che, prima dell\u2019approvazione del programma d\u2019azione, in fase di consultazione pubblica, nelle osservazioni aveva invitato il legislatore regionale a non escludere gli ammendanti compostati con fanghi (ACF) dall\u2019utilizzo in agricoltura. In Veneto le aziende private che producono ammendanti compostati, generano un fatturato annuo di oltre 40 milioni di euro, effettuano investimenti tecnologici innovativi e danno lavoro complessivamente a 100 addetti; lavoratori, molti dei quali, dal prossimo 1\u00b0\u00a0 gennaio rischiano il posto di lavoro. L\u2019impossibilit\u00e0 di utilizzare questi ammendanti compostati in agricoltura, comunque, potrebbe \u201cspingere\u201d questi produttori di compost a cederlo agli imprenditori agricoli di altre regioni. Un\u2019ipotesi che economicamente appare per\u00f2 non praticabile, visto che l\u2019Ufficio studi della CGIA ha stimato un aumento medio di extra costi di trasporto all\u2019anno di 3,8 milioni di euro e un incremento delle emissioni di gas ad effetto serra (responsabili del cambiamento climatico) derivanti dalla movimentazione di almeno 5 mila camion aggiuntivi per un totale di 10 mila viaggi in pi\u00f9 l\u2019anno. Per queste ragioni alcune imprese produttrici di ammendanti compostati con fanghi (ACF) hanno fatto ricorso al TAR del Veneto contro questo provvedimento regionale, fiduciosi che le loro ragioni saranno riconosciute dalla magistratura amministrativa.<\/p>\n<blockquote><p><em>\u201cLa complessit\u00e0 tecnica e la novit\u00e0 della materia \u2013 puntualizza Marco Marcello di Biocalos Srl che insieme ad altri produttori di compost hanno presentato ricorso al Tribunale Amministrativo Regionale del Veneto \u2013 \u00e8 stata prontamente riconosciuta dai giudici amministrativi che hanno fissato per il 24 febbraio 2022 la trattazione di merito del ricorso, aprendo quindi di fatto ad un confronto tecnico che getta anche le basi per un dialogo costruttivo tra produttori e Regione del Veneto\u201d.\u00a0 \u00a0<\/em><\/p><\/blockquote>\n<p>FOTO pezzolato.it<\/p>\n","protected":false},"excerpt":{"rendered":"<p>DANNI ANCHE PER MOLTE AZIENDE AGRICOLE e PER L\u2019ECONOMIA CIRCOLARE\u00a0 VENEZIA Con l\u2019introduzione, da parte della Regione Veneto, del IV Programma d\u2019Azione Nitrati[1], dall\u20191 gennaio 2022 gli Ammendanti Compostati con Fanghi (ACF) e i fanghi derivanti da processi di depurazione delle acque reflue non potranno pi\u00f9 essere utilizzati come fertilizzanti in agricoltura, di fatto interrompendo&hellip;<\/p>\n","protected":false},"author":4,"featured_media":239200,"comment_status":"closed","ping_status":"open","sticky":false,"template":"","format":"standard","meta":{"_monsterinsights_skip_tracking":false,"_monsterinsights_sitenote_active":false,"_monsterinsights_sitenote_note":"","_monsterinsights_sitenote_category":0,"footnotes":""},"categories":[49],"tags":[],"class_list":["post-239199","post","type-post","status-publish","format-standard","has-post-thumbnail","hentry","category-news-18","category-49","description-off"],"img_url":"https:\/\/www.radiopiu.net\/wordpress\/wp-content\/uploads\/2021\/10\/GAL_PRS_2500_01.jpg","_links":{"self":[{"href":"https:\/\/www.radiopiu.net\/wordpress\/wp-json\/wp\/v2\/posts\/239199","targetHints":{"allow":["GET"]}}],"collection":[{"href":"https:\/\/www.radiopiu.net\/wordpress\/wp-json\/wp\/v2\/posts"}],"about":[{"href":"https:\/\/www.radiopiu.net\/wordpress\/wp-json\/wp\/v2\/types\/post"}],"author":[{"embeddable":true,"href":"https:\/\/www.radiopiu.net\/wordpress\/wp-json\/wp\/v2\/users\/4"}],"replies":[{"embeddable":true,"href":"https:\/\/www.radiopiu.net\/wordpress\/wp-json\/wp\/v2\/comments?post=239199"}],"version-history":[{"count":0,"href":"https:\/\/www.radiopiu.net\/wordpress\/wp-json\/wp\/v2\/posts\/239199\/revisions"}],"wp:featuredmedia":[{"embeddable":true,"href":"https:\/\/www.radiopiu.net\/wordpress\/wp-json\/wp\/v2\/media\/239200"}],"wp:attachment":[{"href":"https:\/\/www.radiopiu.net\/wordpress\/wp-json\/wp\/v2\/media?parent=239199"}],"wp:term":[{"taxonomy":"category","embeddable":true,"href":"https:\/\/www.radiopiu.net\/wordpress\/wp-json\/wp\/v2\/categories?post=239199"},{"taxonomy":"post_tag","embeddable":true,"href":"https:\/\/www.radiopiu.net\/wordpress\/wp-json\/wp\/v2\/tags?post=239199"}],"curies":[{"name":"wp","href":"https:\/\/api.w.org\/{rel}","templated":true}]}}