{"id":239210,"date":"2021-10-27T05:20:02","date_gmt":"2021-10-27T03:20:02","guid":{"rendered":"https:\/\/www.radiopiu.net\/wordpress\/?p=239210"},"modified":"2021-10-27T06:29:46","modified_gmt":"2021-10-27T04:29:46","slug":"gratitudine-dei-fedeli-ai-frati-minori-che-hanno-operato-dal-lontano-1945-nel-santuario-di-s-maria-delle-grazie","status":"publish","type":"post","link":"https:\/\/www.radiopiu.net\/wordpress\/gratitudine-dei-fedeli-ai-frati-minori-che-hanno-operato-dal-lontano-1945-nel-santuario-di-s-maria-delle-grazie\/","title":{"rendered":"GRATITUDINE DEI FEDELI AI FRATI MINORI CHE HANNO OPERATO DAL LONTANO 1945 NEL SANTUARIO DI S. MARIA DELLE GRAZIE"},"content":{"rendered":"<p><strong>\u00a0di RENATO BONA<\/strong><\/p>\n<p>Il portalettere mi ha recapitato oggi, marted\u00ec 26 ottobre, il bollettino \u201cS. Maria delle Grazie\u201d eco trimestrale dell\u2019omonimo Santuario di Rocca Pietore. Ho molto gradito anche perch\u00e9 la pubblicazione \u00e8 un autentico prezioso reperto in quanto conferma la cessazione dell\u2019attivit\u00e0 a Santa Maria delle Grazie dei frati minori che, come scrive nella tradizionale \u201cLettera\u201d di ogni numero con la quale proponeva riflessioni di carattere spirituale, il Padre Rettore, Pietro Viscolani, scrive che: \u201cOra contiene un annuncio poco simpatico per il sottoscritto e sono convinto anche per voi che lo leggete: i frati presenti in questo santuario dal lontano 1945 lasciano, se ne andranno altrove. Questo \u00e8 quindi l\u2019ultimo numero del \u2018trimestrale gestito dai frati\u201d, ed aggiunge: \u201cNon avrei mai pensato di arrivare a questo punto\u2026 L\u2019avvicendamento dei frati lungo questo periodo c\u2019\u00e8 stato, ma arrivare alla chiusura definitiva \u00e8 una sofferenza che fa male al cuore! Questa sofferenza \u00e8 un po\u2019 mitigata dal fatto che non verr\u00e0 \u2018chiuso\u2019 perch\u00e9 il vescovo diocesano ha gi\u00e0 provveduto con la presenza di un sacerdote che lo \u2018gestir\u00e0\u2019 in sostituzione dei frati. I religiosi francescani che si sono succeduti si sono adoperati con entusiasmo e dedizione per fare di questo luogo un centro di devozione, non risparmiandosi per la costruzione e l\u2019abbellimento del nuovo santuario. Certamente ha avuto una importanza notevole la parte muraria, per\u00f2 molto di pi\u00f9 la disponibilit\u00e0, l\u2019attenzione, l\u2019accompagnamento delle persone venute in questo luogo privilegiato per trovare conforto, sostegno e incoraggiamento. Il bene seminato ha trovato terreno fertile e accogliente e di questo ringraziamo il Signore e la Vergine Maria delle Grazie. Le parole che tutti, comprese le persone che sono al \u2018vertice\u2019 quali il superiore dei frati, il vescovo e via via tutti gli altri, compresi i sindaci, hanno pronunciato sono: mi dispiace!\u201d. Padre Pietro ha concluso, anche a nome di padre Fortunato, con il saluto-augurio francescano: Pace e Bene! Nel bollettino che ho definito reperto si evidenzia la pubblicazione dei due primi numeri risalenti al 1946 e l\u2019omelia di Viscolani in occasione del suo cinquantesimo di sacerdozio nella quale ricorda \u201cci\u00f2 che \u00e8 avvenuto 50 anni or sono e precisamente il 27 giugno del 1971 quando per le mani del vescovo sono stato consacrato sacerdote. Ripercorreva quindi le tappe della sua vita sacerdotale: \u201cla domenica del 27 giugno 1971 nella parrocchia dove sono nato il 6 giugno 1944, di S. Maria e Vitale di Montecchio Maggiore (Vicenza) il vescovo ausiliare di Verona, che era mons. Maffeo Ducoli (che in seguito avrebbe guidato la Diocesi di Belluno-Feltre per lustri \u2013 ndr.) ma ha consacrato sacerdote. Dal 1971 al 1972 cappellano al Lido di Venezia, parrocchia San Nicol\u00f2, dal 1972 al 1983 cappellano a Taglio di Po (Rovigo), dal 1983 al 1995 prima cappellano e poi parroco al Sacro Cuore di Feltre, dal 1995 al presente qui a Santa Maria delle Grazie come rettore del Santuario e poi come parroco e dal 1966 anche parroco a Caprile\u201d. E concludeva: \u201cVoi siete e sarete sempre la mia famiglia\u2026 non ho divorziato e non divorzier\u00f2 da voi! Desidero solo una cosa: che del lungo periodo che sono stato con voi ricordiate solo il bene ricevuto e donato che assieme abbiano vissuto\u2026 Il resto dimentichiamolo. Certo saremo lontani fisicamente ma non con il cuore\u201d. Nell\u2019ultima di copertina, compare quindi l\u2019annuncio della \u201cfesta votiva del Santuario\u201d presieduta dal vescovo emerito di Belluno-Feltre l\u2019agordino mons. Giuseppe Andrich, la celebrazione annuale che tradizionalmente si tiene nella seconda domenica di settembre in ricordo della prima messa celebrata nell\u2019antico santuario nel 1724; E poi tre \u201cstoriche\u201d immagini: l\u2019antico e nuovo Santuario; mons. Girolamo Bortignon che benedice la prima pietra del nuovo edificio sacro nel 1946; le due targhe presenti nella cappella dell\u2019eucarestia, con le scritte. \u201cQuesto santuario dedicato alla Beata Maria delle Grazie iniziato il 28 aprile 1947, benedetto il 20 giugno 1954, consacrato il 22 agosto 1965 corona le fatiche dei frati minori che lo edificarono con il concorso della popolazione dei benefattori in Italia e all\u2019estero\u201d e: \u201cDichiarato chiesa giubilare e ristrutturato nell\u2019a.d. 2000\u201d. Il sito diocesano chiesabellunofeltre ha giustamente messo in evidenza con un servizio di Celestino Vallazza la cerimonia che si \u00e8 svolta nel Santuario per esprimere gratitudine per i Frati minori delle Grazie e l\u2019appello del vescovo monsignor Renato Marangoni \u201cperch\u00e9 non venga meno la speranza che dalle difficolt\u00e0 possano nascere nuove opportunit\u00e0 in ambito ecclesiale e in quello civile\u201d. Erano presenti fra le autorit\u00e0 padre Federico Righetti, definitore provinciale con alcuni confratelli provenienti da Mantova e Vittorio Veneto, i sindaci di Rocca Pietore e di Alleghe: Andrea De Bernardin e Danilo De Toni i quali hanno espresso al festeggiato il ringraziamento di tutta la comunit\u00e0 civile e come segno tangibile, gli hanno offerto un artistico Crocifisso. Infine padre Righetti a nome della comunit\u00e0 dei frati minori ha consegnato a Francesca Dalla Rocca un attestato di gratitudine perch\u00e9 durante la pandemia si \u00e8 presa cura dei padri, li ha seguiti nella malattia con un impegno che \u00e8 andato oltre il solito sia in chiesa che in canonica; a lei il coro San Biagio di Alleghe, che ha reso pi\u00f9 solenne la messa, ha dedicato il canto mariano \u201cAve o Vergine\u201d in lingua friulana.<\/p>\n\n\t\t\t<style type='text\/css'>\n\t\t\t\t#gallery-1 {\n\t\t\t\t\tmargin: auto;\n\t\t\t\t}\n\t\t\t\t#gallery-1 .gallery-item {\n\t\t\t\t\tfloat: left;\n\t\t\t\t\tmargin-top: 10px;\n\t\t\t\t\ttext-align: center;\n\t\t\t\t\twidth: 16%;\n\t\t\t\t}\n\t\t\t\t#gallery-1 img {\n\t\t\t\t\tborder: 2px solid #cfcfcf;\n\t\t\t\t}\n\t\t\t\t#gallery-1 .gallery-caption {\n\t\t\t\t\tmargin-left: 0;\n\t\t\t\t}\n\t\t\t\t\/* see gallery_shortcode() in wp-includes\/media.php *\/\n\t\t\t<\/style>\n\t\t<div id='gallery-1' class='dt-gallery-container gallery galleryid-239210 gallery-columns-6 gallery-size-thumbnail'><dl class='gallery-item'>\n\t\t\t\t<dt class='gallery-icon portrait'>\n\t\t\t\t\t<a class=\"rollover rollover-zoom dt-pswp-item\" title=\"249152106_934524793812064_4914531341413170572_n\" data-dt-img-description=\"\" data-large_image_width=\"160\" data-large_image_height=\"224\"href='https:\/\/www.radiopiu.net\/wordpress\/wp-content\/uploads\/2021\/10\/249152106_934524793812064_4914531341413170572_n.jpg'><img loading=\"lazy\" decoding=\"async\" width=\"150\" height=\"150\" src=\"https:\/\/www.radiopiu.net\/wordpress\/wp-content\/uploads\/2021\/10\/249152106_934524793812064_4914531341413170572_n-150x150.jpg\" class=\"attachment-thumbnail size-thumbnail\" alt=\"\" \/><\/a>\n\t\t\t\t<\/dt><\/dl><dl class='gallery-item'>\n\t\t\t\t<dt class='gallery-icon portrait'>\n\t\t\t\t\t<a class=\"rollover rollover-zoom dt-pswp-item\" title=\"248945578_2929102617354893_3642154181049353091_n\" data-dt-img-description=\"\" data-large_image_width=\"202\" data-large_image_height=\"206\"href='https:\/\/www.radiopiu.net\/wordpress\/wp-content\/uploads\/2021\/10\/248945578_2929102617354893_3642154181049353091_n.jpg'><img loading=\"lazy\" decoding=\"async\" width=\"150\" height=\"150\" src=\"https:\/\/www.radiopiu.net\/wordpress\/wp-content\/uploads\/2021\/10\/248945578_2929102617354893_3642154181049353091_n-150x150.jpg\" class=\"attachment-thumbnail size-thumbnail\" alt=\"\" \/><\/a>\n\t\t\t\t<\/dt><\/dl><dl class='gallery-item'>\n\t\t\t\t<dt class='gallery-icon portrait'>\n\t\t\t\t\t<a class=\"rollover rollover-zoom dt-pswp-item\" title=\"247486329_915794176032685_8881157714133254951_n\" data-dt-img-description=\"\" data-large_image_width=\"153\" data-large_image_height=\"240\"href='https:\/\/www.radiopiu.net\/wordpress\/wp-content\/uploads\/2021\/10\/247486329_915794176032685_8881157714133254951_n.jpg'><img loading=\"lazy\" decoding=\"async\" width=\"150\" height=\"150\" src=\"https:\/\/www.radiopiu.net\/wordpress\/wp-content\/uploads\/2021\/10\/247486329_915794176032685_8881157714133254951_n-150x150.jpg\" class=\"attachment-thumbnail size-thumbnail\" alt=\"\" \/><\/a>\n\t\t\t\t<\/dt><\/dl><dl class='gallery-item'>\n\t\t\t\t<dt class='gallery-icon portrait'>\n\t\t\t\t\t<a class=\"rollover rollover-zoom dt-pswp-item\" title=\"249929239_201638598725047_8877243220918486118_n\" data-dt-img-description=\"\" data-large_image_width=\"150\" data-large_image_height=\"225\"href='https:\/\/www.radiopiu.net\/wordpress\/wp-content\/uploads\/2021\/10\/249929239_201638598725047_8877243220918486118_n.jpg'><img loading=\"lazy\" decoding=\"async\" width=\"150\" height=\"150\" src=\"https:\/\/www.radiopiu.net\/wordpress\/wp-content\/uploads\/2021\/10\/249929239_201638598725047_8877243220918486118_n-150x150.jpg\" class=\"attachment-thumbnail size-thumbnail\" alt=\"\" \/><\/a>\n\t\t\t\t<\/dt><\/dl><dl class='gallery-item'>\n\t\t\t\t<dt class='gallery-icon portrait'>\n\t\t\t\t\t<a class=\"rollover rollover-zoom dt-pswp-item\" title=\"248920908_329255152294320_5557637078713314493_n\" data-dt-img-description=\"\" data-large_image_width=\"155\" data-large_image_height=\"240\"href='https:\/\/www.radiopiu.net\/wordpress\/wp-content\/uploads\/2021\/10\/248920908_329255152294320_5557637078713314493_n.jpg'><img loading=\"lazy\" decoding=\"async\" width=\"150\" height=\"150\" src=\"https:\/\/www.radiopiu.net\/wordpress\/wp-content\/uploads\/2021\/10\/248920908_329255152294320_5557637078713314493_n-150x150.jpg\" class=\"attachment-thumbnail size-thumbnail\" alt=\"\" \/><\/a>\n\t\t\t\t<\/dt><\/dl><dl class='gallery-item'>\n\t\t\t\t<dt class='gallery-icon portrait'>\n\t\t\t\t\t<a class=\"rollover rollover-zoom dt-pswp-item\" title=\"249242667_436601157799676_6619867653288451415_n\" data-dt-img-description=\"\" data-large_image_width=\"160\" data-large_image_height=\"207\"href='https:\/\/www.radiopiu.net\/wordpress\/wp-content\/uploads\/2021\/10\/249242667_436601157799676_6619867653288451415_n.jpg'><img loading=\"lazy\" decoding=\"async\" width=\"150\" height=\"150\" src=\"https:\/\/www.radiopiu.net\/wordpress\/wp-content\/uploads\/2021\/10\/249242667_436601157799676_6619867653288451415_n-150x150.jpg\" class=\"attachment-thumbnail size-thumbnail\" alt=\"\" \/><\/a>\n\t\t\t\t<\/dt><\/dl><br style=\"clear: both\" \/><dl class='gallery-item'>\n\t\t\t\t<dt class='gallery-icon landscape'>\n\t\t\t\t\t<a class=\"rollover rollover-zoom dt-pswp-item\" title=\"248809836_4500203080025415_113331738346535721_n\" data-dt-img-description=\"\" data-large_image_width=\"296\" data-large_image_height=\"206\"href='https:\/\/www.radiopiu.net\/wordpress\/wp-content\/uploads\/2021\/10\/248809836_4500203080025415_113331738346535721_n.jpg'><img loading=\"lazy\" decoding=\"async\" width=\"150\" height=\"150\" src=\"https:\/\/www.radiopiu.net\/wordpress\/wp-content\/uploads\/2021\/10\/248809836_4500203080025415_113331738346535721_n-150x150.jpg\" class=\"attachment-thumbnail size-thumbnail\" alt=\"\" \/><\/a>\n\t\t\t\t<\/dt><\/dl><dl class='gallery-item'>\n\t\t\t\t<dt class='gallery-icon landscape'>\n\t\t\t\t\t<a class=\"rollover rollover-zoom dt-pswp-item\" title=\"248969869_430629538477299_4067657585034132788_n\" data-dt-img-description=\"\" data-large_image_width=\"296\" data-large_image_height=\"199\"href='https:\/\/www.radiopiu.net\/wordpress\/wp-content\/uploads\/2021\/10\/248969869_430629538477299_4067657585034132788_n.jpg'><img loading=\"lazy\" decoding=\"async\" width=\"150\" height=\"150\" src=\"https:\/\/www.radiopiu.net\/wordpress\/wp-content\/uploads\/2021\/10\/248969869_430629538477299_4067657585034132788_n-150x150.jpg\" class=\"attachment-thumbnail size-thumbnail\" alt=\"\" \/><\/a>\n\t\t\t\t<\/dt><\/dl><dl class='gallery-item'>\n\t\t\t\t<dt class='gallery-icon portrait'>\n\t\t\t\t\t<a class=\"rollover rollover-zoom dt-pswp-item\" title=\"248984636_174495404879534_9111132641074881571_n\" data-dt-img-description=\"\" data-large_image_width=\"168\" data-large_image_height=\"206\"href='https:\/\/www.radiopiu.net\/wordpress\/wp-content\/uploads\/2021\/10\/248984636_174495404879534_9111132641074881571_n.jpg'><img loading=\"lazy\" decoding=\"async\" width=\"150\" height=\"150\" src=\"https:\/\/www.radiopiu.net\/wordpress\/wp-content\/uploads\/2021\/10\/248984636_174495404879534_9111132641074881571_n-150x150.jpg\" class=\"attachment-thumbnail size-thumbnail\" alt=\"\" \/><\/a>\n\t\t\t\t<\/dt><\/dl><dl class='gallery-item'>\n\t\t\t\t<dt class='gallery-icon landscape'>\n\t\t\t\t\t<a class=\"rollover rollover-zoom dt-pswp-item\" title=\"249356712_422667769245937_2281409179070767201_n\" data-dt-img-description=\"\" data-large_image_width=\"320\" data-large_image_height=\"206\"href='https:\/\/www.radiopiu.net\/wordpress\/wp-content\/uploads\/2021\/10\/249356712_422667769245937_2281409179070767201_n.png'><img loading=\"lazy\" decoding=\"async\" width=\"150\" height=\"150\" src=\"https:\/\/www.radiopiu.net\/wordpress\/wp-content\/uploads\/2021\/10\/249356712_422667769245937_2281409179070767201_n-150x150.png\" class=\"attachment-thumbnail size-thumbnail\" alt=\"\" \/><\/a>\n\t\t\t\t<\/dt><\/dl><dl class='gallery-item'>\n\t\t\t\t<dt class='gallery-icon landscape'>\n\t\t\t\t\t<a class=\"rollover rollover-zoom dt-pswp-item\" title=\"248823074_438196567703877_3389557542048036487_n\" data-dt-img-description=\"\" data-large_image_width=\"146\" data-large_image_height=\"144\"href='https:\/\/www.radiopiu.net\/wordpress\/wp-content\/uploads\/2021\/10\/248823074_438196567703877_3389557542048036487_n.png'><img loading=\"lazy\" decoding=\"async\" width=\"146\" height=\"144\" src=\"https:\/\/www.radiopiu.net\/wordpress\/wp-content\/uploads\/2021\/10\/248823074_438196567703877_3389557542048036487_n.png\" class=\"attachment-thumbnail size-thumbnail\" alt=\"\" \/><\/a>\n\t\t\t\t<\/dt><\/dl><dl class='gallery-item'>\n\t\t\t\t<dt class='gallery-icon portrait'>\n\t\t\t\t\t<a class=\"rollover rollover-zoom dt-pswp-item\" title=\"248969026_334056048488248_2893092970870184789_n\" data-dt-img-description=\"\" data-large_image_width=\"132\" data-large_image_height=\"143\"href='https:\/\/www.radiopiu.net\/wordpress\/wp-content\/uploads\/2021\/10\/248969026_334056048488248_2893092970870184789_n.png'><img loading=\"lazy\" decoding=\"async\" width=\"132\" height=\"143\" src=\"https:\/\/www.radiopiu.net\/wordpress\/wp-content\/uploads\/2021\/10\/248969026_334056048488248_2893092970870184789_n.png\" class=\"attachment-thumbnail size-thumbnail\" alt=\"\" \/><\/a>\n\t\t\t\t<\/dt><\/dl><br style=\"clear: both\" \/>\n\t\t\t<\/div>\n\n<p>&nbsp;<\/p>\n<p>NELLE FOTO (sito chiesabellunofeltre e riproduzioni dal Bollettino parrocchiale \u201cS. Maria delle Grazie\u201d): la copertina del Bollettino; padre Pietro e padre Fortunato; la prima pagina del primo Bollettino \u201cSanta Maria delle Grazie\u201d del luglio 1946; la prima pagina del secondo bollettino col nuovo titolo: \u201cS. Maria delle Grazie dell\u2019Agordino\u201d; l\u2019altare della Beata Vergine delle Grazie; immagine della festa votiva del Santuario; l\u2019antico ed il nuovo edificio sacro: il vescovo Bordignon benedice nel 1946 la prima pietra del nuovo Santuario; le targhe collocate nella cappella dell\u2019eucarestia; messa e cerimonia per il ringraziamento pubblico ai frati; l\u2019indirizzo di saluto dei sindaci; consegna dell\u2019attestato a Francesca Dalla Rocca.<\/p>\n","protected":false},"excerpt":{"rendered":"<p>\u00a0di RENATO BONA Il portalettere mi ha recapitato oggi, marted\u00ec 26 ottobre, il bollettino \u201cS. Maria delle Grazie\u201d eco trimestrale dell\u2019omonimo Santuario di Rocca Pietore. Ho molto gradito anche perch\u00e9 la pubblicazione \u00e8 un autentico prezioso reperto in quanto conferma la cessazione dell\u2019attivit\u00e0 a Santa Maria delle Grazie dei frati minori che, come scrive nella&hellip;<\/p>\n","protected":false},"author":4,"featured_media":239220,"comment_status":"closed","ping_status":"open","sticky":false,"template":"","format":"standard","meta":{"_monsterinsights_skip_tracking":false,"_monsterinsights_sitenote_active":false,"_monsterinsights_sitenote_note":"","_monsterinsights_sitenote_category":0,"footnotes":""},"categories":[104,49],"tags":[],"class_list":["post-239210","post","type-post","status-publish","format-standard","has-post-thumbnail","hentry","category-evidenza_3","category-news-18","category-104","category-49","description-off"],"img_url":"https:\/\/www.radiopiu.net\/wordpress\/wp-content\/uploads\/2021\/10\/249356712_422667769245937_2281409179070767201_n.png","_links":{"self":[{"href":"https:\/\/www.radiopiu.net\/wordpress\/wp-json\/wp\/v2\/posts\/239210","targetHints":{"allow":["GET"]}}],"collection":[{"href":"https:\/\/www.radiopiu.net\/wordpress\/wp-json\/wp\/v2\/posts"}],"about":[{"href":"https:\/\/www.radiopiu.net\/wordpress\/wp-json\/wp\/v2\/types\/post"}],"author":[{"embeddable":true,"href":"https:\/\/www.radiopiu.net\/wordpress\/wp-json\/wp\/v2\/users\/4"}],"replies":[{"embeddable":true,"href":"https:\/\/www.radiopiu.net\/wordpress\/wp-json\/wp\/v2\/comments?post=239210"}],"version-history":[{"count":0,"href":"https:\/\/www.radiopiu.net\/wordpress\/wp-json\/wp\/v2\/posts\/239210\/revisions"}],"wp:featuredmedia":[{"embeddable":true,"href":"https:\/\/www.radiopiu.net\/wordpress\/wp-json\/wp\/v2\/media\/239220"}],"wp:attachment":[{"href":"https:\/\/www.radiopiu.net\/wordpress\/wp-json\/wp\/v2\/media?parent=239210"}],"wp:term":[{"taxonomy":"category","embeddable":true,"href":"https:\/\/www.radiopiu.net\/wordpress\/wp-json\/wp\/v2\/categories?post=239210"},{"taxonomy":"post_tag","embeddable":true,"href":"https:\/\/www.radiopiu.net\/wordpress\/wp-json\/wp\/v2\/tags?post=239210"}],"curies":[{"name":"wp","href":"https:\/\/api.w.org\/{rel}","templated":true}]}}