{"id":239236,"date":"2021-10-27T05:26:49","date_gmt":"2021-10-27T03:26:49","guid":{"rendered":"https:\/\/www.radiopiu.net\/wordpress\/?p=239236"},"modified":"2021-10-27T08:36:27","modified_gmt":"2021-10-27T06:36:27","slug":"la-procura-di-belluno-favorevole-per-il-fine-vita-di-samantha","status":"publish","type":"post","link":"https:\/\/www.radiopiu.net\/wordpress\/la-procura-di-belluno-favorevole-per-il-fine-vita-di-samantha\/","title":{"rendered":"LA PROCURA DI BELLUNO FAVOREVOLE PER IL FINE VITA DI SAMANTHA"},"content":{"rendered":"<div role=\"none\"><strong><a href=\"https:\/\/www.radiopiu.net\/wordpress\/il-presidente-della-provincia-a-falcade-per-parlare-di-turismo\/3-samantha_d_inca_eutanasia_eluana_englaro_cosa_succede_ultima_ora_26_maggio_2021-750x375\/\" rel=\"attachment wp-att-239284\"><img loading=\"lazy\" decoding=\"async\" class=\"size-medium wp-image-239284 alignleft\" src=\"https:\/\/www.radiopiu.net\/wordpress\/wp-content\/uploads\/2021\/10\/3-samantha_d_inca_eutanasia_eluana_englaro_cosa_succede_ultima_ora_26_maggio_2021-750x375-1-300x150.jpg\" alt=\"\" width=\"300\" height=\"150\" srcset=\"https:\/\/www.radiopiu.net\/wordpress\/wp-content\/uploads\/2021\/10\/3-samantha_d_inca_eutanasia_eluana_englaro_cosa_succede_ultima_ora_26_maggio_2021-750x375-1-300x150.jpg 300w, https:\/\/www.radiopiu.net\/wordpress\/wp-content\/uploads\/2021\/10\/3-samantha_d_inca_eutanasia_eluana_englaro_cosa_succede_ultima_ora_26_maggio_2021-750x375-1.jpg 750w\" sizes=\"auto, (max-width: 300px) 100vw, 300px\" \/><\/a>BELLUNO<\/strong> In Tribunale a Belluno\u00e8 stato espresso un parere, favorevole a porre fine alle sofferenze della giovane feltrina, Samantha D&#8217;Inc\u00e0 costretta allo stato vegetativo. L&#8217;indicazione \u00e8 arrivata dal procuratore Paolo Luca,\u00a0 cos\u00ec&#8217; come gi\u00e0 si era espresso in proposito il Comitato Etico del&#8217;Ulss1 Dolomiti. No dunque all&#8217;accanimento terapeutico come chiesto pi\u00f9 volte a gran voce e tante lacrime dalla famiglia della trentenne. Ora toccher\u00e0 al Giudice del Tribunale, Umberto Giacomelli prendere l&#8217;impegnativa decisione.<\/div>\n<div role=\"none\"><\/div>\n<div role=\"none\"><em>Una dolorosa vicenda quella di Samantha D\u2019Inc\u00e0, la giovane donna di trent\u2019anni che dopo un banale incidente si trova da 11 mesi in uno stato vegetativo che mai e poi mai avrebbe accettato di subire. La famiglia \u00e8 ricorsa al giudice tutelare per ottenere ci\u00f2 che Samantha avrebbe voluto: il distacco da quell\u2019alimentazione artificiale che i la tiene in vita contro la sua volont\u00e0.\u00a0\u00a0Alla famiglia non \u00e8 rimasto che ricorrere per le vie legali, impugnare il decreto del giudice tutelare, appellarsi per avere Giustizia.<\/em><\/div>\n","protected":false},"excerpt":{"rendered":"<p>BELLUNO In Tribunale a Belluno\u00e8 stato espresso un parere, favorevole a porre fine alle sofferenze della giovane feltrina, Samantha D&#8217;Inc\u00e0 costretta allo stato vegetativo. L&#8217;indicazione \u00e8 arrivata dal procuratore Paolo Luca,\u00a0 cos\u00ec&#8217; come gi\u00e0 si era espresso in proposito il Comitato Etico del&#8217;Ulss1 Dolomiti. No dunque all&#8217;accanimento terapeutico come chiesto pi\u00f9 volte a gran voce&hellip;<\/p>\n","protected":false},"author":4,"featured_media":75491,"comment_status":"closed","ping_status":"open","sticky":false,"template":"","format":"standard","meta":{"_monsterinsights_skip_tracking":false,"_monsterinsights_sitenote_active":false,"_monsterinsights_sitenote_note":"","_monsterinsights_sitenote_category":0,"footnotes":""},"categories":[51,49],"tags":[],"class_list":["post-239236","post","type-post","status-publish","format-standard","has-post-thumbnail","hentry","category-evidenza-top","category-news-18","category-51","category-49","description-off"],"img_url":"https:\/\/www.radiopiu.net\/wordpress\/wp-content\/uploads\/2019\/02\/lutto-fiore.jpg","_links":{"self":[{"href":"https:\/\/www.radiopiu.net\/wordpress\/wp-json\/wp\/v2\/posts\/239236","targetHints":{"allow":["GET"]}}],"collection":[{"href":"https:\/\/www.radiopiu.net\/wordpress\/wp-json\/wp\/v2\/posts"}],"about":[{"href":"https:\/\/www.radiopiu.net\/wordpress\/wp-json\/wp\/v2\/types\/post"}],"author":[{"embeddable":true,"href":"https:\/\/www.radiopiu.net\/wordpress\/wp-json\/wp\/v2\/users\/4"}],"replies":[{"embeddable":true,"href":"https:\/\/www.radiopiu.net\/wordpress\/wp-json\/wp\/v2\/comments?post=239236"}],"version-history":[{"count":0,"href":"https:\/\/www.radiopiu.net\/wordpress\/wp-json\/wp\/v2\/posts\/239236\/revisions"}],"wp:featuredmedia":[{"embeddable":true,"href":"https:\/\/www.radiopiu.net\/wordpress\/wp-json\/wp\/v2\/media\/75491"}],"wp:attachment":[{"href":"https:\/\/www.radiopiu.net\/wordpress\/wp-json\/wp\/v2\/media?parent=239236"}],"wp:term":[{"taxonomy":"category","embeddable":true,"href":"https:\/\/www.radiopiu.net\/wordpress\/wp-json\/wp\/v2\/categories?post=239236"},{"taxonomy":"post_tag","embeddable":true,"href":"https:\/\/www.radiopiu.net\/wordpress\/wp-json\/wp\/v2\/tags?post=239236"}],"curies":[{"name":"wp","href":"https:\/\/api.w.org\/{rel}","templated":true}]}}