{"id":239494,"date":"2021-10-29T06:00:37","date_gmt":"2021-10-29T04:00:37","guid":{"rendered":"https:\/\/www.radiopiu.net\/wordpress\/?p=239494"},"modified":"2021-10-29T15:35:31","modified_gmt":"2021-10-29T13:35:31","slug":"giornale-radiopiu-29-ottobre-2021-direttore-mirko-mezzacasa","status":"publish","type":"post","link":"https:\/\/www.radiopiu.net\/wordpress\/giornale-radiopiu-29-ottobre-2021-direttore-mirko-mezzacasa\/","title":{"rendered":"GIORNALE RADIOPIU 29 OTTOBRE 2021 DIRETTORE MIRKO MEZZACASA"},"content":{"rendered":"<h3 class=\"kvgmc6g5 cxmmr5t8 oygrvhab hcukyx3x c1et5uql\"><span style=\"color: #0000ff;\">INFORMAZIONE il canale su TELEGRAM informazione di prima mano e in tempo reale. iscriviti ed aiutaci a farlo conoscere\u00a0 \u00a0<\/span><\/h3>\n<p>&nbsp;<\/p>\n<p><strong>LE FOTO DEL GIORNO&#8230; DI ANDREA AMICO &#8220;GIALLO GIAU, STUPENDO ANCHE IN QUESTO PERIODO&#8221;\u00a0<\/strong><\/p>\n<p><strong><br \/>\nCOLLE SANTA LUCIA\u00a0<\/strong><\/p>\n\n\t\t\t<style type='text\/css'>\n\t\t\t\t#gallery-1 {\n\t\t\t\t\tmargin: auto;\n\t\t\t\t}\n\t\t\t\t#gallery-1 .gallery-item {\n\t\t\t\t\tfloat: left;\n\t\t\t\t\tmargin-top: 10px;\n\t\t\t\t\ttext-align: center;\n\t\t\t\t\twidth: 33%;\n\t\t\t\t}\n\t\t\t\t#gallery-1 img {\n\t\t\t\t\tborder: 2px solid #cfcfcf;\n\t\t\t\t}\n\t\t\t\t#gallery-1 .gallery-caption {\n\t\t\t\t\tmargin-left: 0;\n\t\t\t\t}\n\t\t\t\t\/* see gallery_shortcode() in wp-includes\/media.php *\/\n\t\t\t<\/style>\n\t\t<div id='gallery-1' class='dt-gallery-container gallery galleryid-239494 gallery-columns-3 gallery-size-thumbnail'><dl class='gallery-item'>\n\t\t\t\t<dt class='gallery-icon landscape'>\n\t\t\t\t\t<a class=\"rollover rollover-zoom dt-pswp-item\" title=\"249760413_536179694332539_1143188119913696254_n\" data-dt-img-description=\"\" data-large_image_width=\"622\" data-large_image_height=\"403\"href='https:\/\/www.radiopiu.net\/wordpress\/wp-content\/uploads\/2021\/10\/249760413_536179694332539_1143188119913696254_n.jpg'><img loading=\"lazy\" decoding=\"async\" width=\"150\" height=\"150\" src=\"https:\/\/www.radiopiu.net\/wordpress\/wp-content\/uploads\/2021\/10\/249760413_536179694332539_1143188119913696254_n-150x150.jpg\" class=\"attachment-thumbnail size-thumbnail\" alt=\"\" \/><\/a>\n\t\t\t\t<\/dt><\/dl><dl class='gallery-item'>\n\t\t\t\t<dt class='gallery-icon portrait'>\n\t\t\t\t\t<a class=\"rollover rollover-zoom dt-pswp-item\" title=\"248920519_614526756561482_8411293674656965237_n\" data-dt-img-description=\"\" data-large_image_width=\"331\" data-large_image_height=\"403\"href='https:\/\/www.radiopiu.net\/wordpress\/wp-content\/uploads\/2021\/10\/248920519_614526756561482_8411293674656965237_n.jpg'><img loading=\"lazy\" decoding=\"async\" width=\"150\" height=\"150\" src=\"https:\/\/www.radiopiu.net\/wordpress\/wp-content\/uploads\/2021\/10\/248920519_614526756561482_8411293674656965237_n-150x150.jpg\" class=\"attachment-thumbnail size-thumbnail\" alt=\"\" \/><\/a>\n\t\t\t\t<\/dt><\/dl>\n\t\t\t\t<br style='clear: both' \/>\n\t\t\t<\/div>\n\n<p>&nbsp;<\/p>\n<p>&nbsp;<\/p>\n<p><strong>IL LIBRO,<\/strong> con un caro saluto a Michelangelo Corazza, negli anni Ottanta \u00e8 stato un valido collaboratore della redazione giornalistica di Radio Pi\u00f9, cronista nelle trasmissione dedicate all&#8217;hockey su ghiaccio, potente voce dalla Val di Zoldo. Oggi la presentazione del suo nuovo libro &#8220;Aneddoti, curiosit\u00e0 e fatti accaduti in Val di Zoldo, alle 17 in sala Rizzardini a Fusine con l&#8217;introduzione del sindaco Camillo De Pellegrin.<\/p>\n<p>mm<\/p>\n<p><a href=\"https:\/\/www.radiopiu.net\/wordpress\/giornale-radiopiu-29-ottobre-2021-direttore-mirko-mezzacasa\/248344239_10208994185850006_2669007513208116302_n\/\" rel=\"attachment wp-att-239700\"><img loading=\"lazy\" decoding=\"async\" class=\"alignnone size-medium wp-image-239700\" src=\"https:\/\/www.radiopiu.net\/wordpress\/wp-content\/uploads\/2021\/10\/248344239_10208994185850006_2669007513208116302_n-212x300.jpg\" alt=\"\" width=\"212\" height=\"300\" srcset=\"https:\/\/www.radiopiu.net\/wordpress\/wp-content\/uploads\/2021\/10\/248344239_10208994185850006_2669007513208116302_n-212x300.jpg 212w, https:\/\/www.radiopiu.net\/wordpress\/wp-content\/uploads\/2021\/10\/248344239_10208994185850006_2669007513208116302_n.jpg 417w\" sizes=\"auto, (max-width: 212px) 100vw, 212px\" \/><\/a> <a href=\"https:\/\/www.radiopiu.net\/wordpress\/giornale-radiopiu-29-ottobre-2021-direttore-mirko-mezzacasa\/67120457_114155676570646_5281048974927593472_n\/\" rel=\"attachment wp-att-239701\"><img loading=\"lazy\" decoding=\"async\" class=\"alignnone size-medium wp-image-239701\" src=\"https:\/\/www.radiopiu.net\/wordpress\/wp-content\/uploads\/2021\/10\/67120457_114155676570646_5281048974927593472_n-300x300.jpg\" alt=\"\" width=\"300\" height=\"300\" srcset=\"https:\/\/www.radiopiu.net\/wordpress\/wp-content\/uploads\/2021\/10\/67120457_114155676570646_5281048974927593472_n-300x300.jpg 300w, https:\/\/www.radiopiu.net\/wordpress\/wp-content\/uploads\/2021\/10\/67120457_114155676570646_5281048974927593472_n-150x150.jpg 150w, https:\/\/www.radiopiu.net\/wordpress\/wp-content\/uploads\/2021\/10\/67120457_114155676570646_5281048974927593472_n-768x768.jpg 768w, https:\/\/www.radiopiu.net\/wordpress\/wp-content\/uploads\/2021\/10\/67120457_114155676570646_5281048974927593472_n.jpg 800w\" sizes=\"auto, (max-width: 300px) 100vw, 300px\" \/><\/a><\/p>\n<p>&nbsp;<\/p>\n<p>&nbsp;<\/p>\n<p>&nbsp;<\/p>\n<hr \/>\n<blockquote>\n<h3><\/h3>\n<h3>STRADA DEL DURAN, OLTRE UN MESE DI DISAGI<\/h3>\n<\/blockquote>\n<div class=\"bubble is-read hide-name is-out can-have-tail is-group-first\" data-mid=\"5233770495\" data-peer-id=\"-1478820725\" data-timestamp=\"1634889909\">\n<div class=\"bubble-content-wrapper\">\n<div class=\"bubble-content\">\n<p class=\"message\" dir=\"auto\"><span style=\"color: #ff0000;\">PROVINCIALE 347 PASSO DURAN<\/span> interdizione totale dalle 8 alle 12 e dalle 13.30 alle 17.30 esclusi sabati e domeniche, fino al 04 dicembre, nelle altre fasce orarie senso unico alternato, in localit\u00e0 Dont SP 347 DURAN E CEREDA Fino al 12 novembre chiusura totale in localit\u00e0 Caleda &#8211; comune di La Valle Agordina &#8211; dalle 8 alle 12 e dalle 13.30 alle 17.30 esclusi festivi e prefestivi, in tutti gli altri orari senso unico alternato<\/p>\n<\/div>\n<\/div>\n<\/div>\n<div class=\"bubble is-read hide-name is-out can-have-tail is-group-last\" data-mid=\"5233836031\" data-peer-id=\"-1478820725\" data-timestamp=\"1634889998\">\n<div class=\"bubble-content-wrapper\">\n<div class=\"bubble-content\">\n<p class=\"message\" dir=\"auto\"><span style=\"color: #ff0000;\">PROVINCIALE 635 SAN BOLDO<\/span> interdizione totale in localit\u00e0 Ponte Tuora (Trichiana) dal 26 al 29 ottobre, dalle 845 alle 11.30 e dalle 14.45 alle 17.30<\/p>\n<hr \/>\n<div class=\"kvgmc6g5 cxmmr5t8 oygrvhab hcukyx3x c1et5uql\">\n<blockquote>\n<h3><a href=\"https:\/\/www.radiopiu.net\/wordpress\/giornale-radiopiu-16-giugno-2021-direttore-mirko-mezzacasa\/th-140\/\" rel=\"attachment wp-att-216173\"><img loading=\"lazy\" decoding=\"async\" class=\"wp-image-216173 alignleft\" src=\"https:\/\/www.radiopiu.net\/wordpress\/wp-content\/uploads\/2021\/06\/th-13.jpg\" alt=\"\" width=\"126\" height=\"84\" \/><\/a><\/h3>\n<h3><\/h3>\n<h3>INTERRUZIONI ENEL PROGRAMMATE, PER LAVORI<\/h3>\n<\/blockquote>\n<\/div>\n<p><span style=\"color: #ff0000;\">OGGI<\/span>\u00a0 dalle 12 alle 14.30 a Gosaldo vie Pette, Masoch e Nagarei<\/p>\n<p><span style=\"color: #ff0000;\">DOMANI<\/span> dalle 9 alle 13 a Selva di Cadore nelle localit\u00e0 Palui di Pescul (civici 2-1 e sinistra) Peronaz (sinistra) e Pescul (sinistra)<\/p>\n<p>&nbsp;<\/p>\n<p>&nbsp;<\/p>\n<\/div>\n<div class=\"bubble-content\"><\/div>\n<div class=\"bubble-content\">\n<hr \/>\n<p>&nbsp;<\/p>\n<p><strong>\u00a0 <\/strong><\/p>\n<p><strong>ATTENZIONE AI FURTI NELLE AUTO<\/strong><\/p>\n<p><a href=\"https:\/\/www.radiopiu.net\/wordpress\/giornale-radiopiu-29-ottobre-2021-direttore-mirko-mezzacasa\/249222626_4295576623903829_3225828785735328475_n\/\" rel=\"attachment wp-att-239676\"><img loading=\"lazy\" decoding=\"async\" class=\" wp-image-239676 alignleft\" src=\"https:\/\/www.radiopiu.net\/wordpress\/wp-content\/uploads\/2021\/10\/249222626_4295576623903829_3225828785735328475_n-169x300.jpg\" alt=\"\" width=\"74\" height=\"131\" srcset=\"https:\/\/www.radiopiu.net\/wordpress\/wp-content\/uploads\/2021\/10\/249222626_4295576623903829_3225828785735328475_n-169x300.jpg 169w, https:\/\/www.radiopiu.net\/wordpress\/wp-content\/uploads\/2021\/10\/249222626_4295576623903829_3225828785735328475_n.jpg 526w\" sizes=\"auto, (max-width: 74px) 100vw, 74px\" \/><\/a>Sulla pagina facebook SEI DI BELLUNO SE&#8230; <a class=\"oajrlxb2 g5ia77u1 qu0x051f esr5mh6w e9989ue4 r7d6kgcz rq0escxv nhd2j8a9 nc684nl6 p7hjln8o kvgmc6g5 cxmmr5t8 oygrvhab hcukyx3x jb3vyjys rz4wbd8a qt6c0cv9 a8nywdso i1ao9s8h esuyzwwr f1sip0of lzcic4wl oo9gr5id gpro0wi8 lrazzd5p\" tabindex=\"0\" role=\"link\" href=\"https:\/\/www.facebook.com\/groups\/543792999131023\/user\/100003546025920\/?__cft__[0]=AZUP6Ddoi5y6hXNxlKgrEa_2RLvwdFbCUyoSPbXtBvLyzov2Gvh8JDKy5U12zMizFqoBO0aDrKG5snZn2tijAtz42Tv8g9txP0NMWq9XfCfY8G--a65dNV2467MYy66sngQLN5EXTs42qtiwewxx2rGxpP4RaUsJfKs5gk6aTmBJlevlAL8VlTQXmj7rML0Veic2j_jD5u8lyC0PES9WlasJ&amp;__tn__=-UC%2CP-R\"><strong>Greta Greitz\u00a0<\/strong><\/a>: evitate il pi\u00f9 possibile di parcheggiare\u00a0 nei pressi di Tarantola e palestra Miros nel tardo pomeriggio e di sera perch\u00e9 potreste trovarvi delle brutte sorprese sulle vostre auto. Lo dico perch\u00e9 hanno provato ad aprire forzatamente la mia due giorni fa. Gi\u00e0 fatta la denuncia purtroppo solo a ignoti.<\/p>\n<p>&nbsp;<\/p>\n<p>&nbsp;<\/p>\n<p>&nbsp;<\/p>\n<p>&nbsp;<\/p>\n<p>&nbsp;<\/p>\n<hr \/>\n<p>&nbsp;<\/p>\n<blockquote>\n<h2>IDEAL STANDARD: LE VOCI DAL FRONTE &#8220;SCORAMENTO, RABBIA E PAURA PER IL FUTURO&#8221;<\/h2>\n<\/blockquote>\n\n\t\t\t<style type='text\/css'>\n\t\t\t\t#gallery-2 {\n\t\t\t\t\tmargin: auto;\n\t\t\t\t}\n\t\t\t\t#gallery-2 .gallery-item {\n\t\t\t\t\tfloat: left;\n\t\t\t\t\tmargin-top: 10px;\n\t\t\t\t\ttext-align: center;\n\t\t\t\t\twidth: 33%;\n\t\t\t\t}\n\t\t\t\t#gallery-2 img {\n\t\t\t\t\tborder: 2px solid #cfcfcf;\n\t\t\t\t}\n\t\t\t\t#gallery-2 .gallery-caption {\n\t\t\t\t\tmargin-left: 0;\n\t\t\t\t}\n\t\t\t\t\/* see gallery_shortcode() in wp-includes\/media.php *\/\n\t\t\t<\/style>\n\t\t<div id='gallery-2' class='dt-gallery-container gallery galleryid-239494 gallery-columns-3 gallery-size-thumbnail'><dl class='gallery-item'>\n\t\t\t\t<dt class='gallery-icon landscape'>\n\t\t\t\t\t<a class=\"rollover rollover-zoom dt-pswp-item\" title=\"4930181d-1947-4305-9165-0b12dcb83af3\" data-dt-img-description=\"\" data-large_image_width=\"1600\" data-large_image_height=\"1200\"href='https:\/\/www.radiopiu.net\/wordpress\/wp-content\/uploads\/2021\/10\/4930181d-1947-4305-9165-0b12dcb83af3.jpg'><img loading=\"lazy\" decoding=\"async\" width=\"150\" height=\"150\" src=\"https:\/\/www.radiopiu.net\/wordpress\/wp-content\/uploads\/2021\/10\/4930181d-1947-4305-9165-0b12dcb83af3-150x150.jpg\" class=\"attachment-thumbnail size-thumbnail\" alt=\"\" \/><\/a>\n\t\t\t\t<\/dt><\/dl><dl class='gallery-item'>\n\t\t\t\t<dt class='gallery-icon landscape'>\n\t\t\t\t\t<a class=\"rollover rollover-zoom dt-pswp-item\" title=\"2393db3a-e3c6-44f7-b3ec-ef7b6b837015\" data-dt-img-description=\"\" data-large_image_width=\"1600\" data-large_image_height=\"1200\"href='https:\/\/www.radiopiu.net\/wordpress\/wp-content\/uploads\/2021\/10\/2393db3a-e3c6-44f7-b3ec-ef7b6b837015.jpg'><img loading=\"lazy\" decoding=\"async\" width=\"150\" height=\"150\" src=\"https:\/\/www.radiopiu.net\/wordpress\/wp-content\/uploads\/2021\/10\/2393db3a-e3c6-44f7-b3ec-ef7b6b837015-150x150.jpg\" class=\"attachment-thumbnail size-thumbnail\" alt=\"\" \/><\/a>\n\t\t\t\t<\/dt><\/dl><dl class='gallery-item'>\n\t\t\t\t<dt class='gallery-icon landscape'>\n\t\t\t\t\t<a class=\"rollover rollover-zoom dt-pswp-item\" title=\"228e0555-6142-477d-b42c-884864369664\" data-dt-img-description=\"\" data-large_image_width=\"1600\" data-large_image_height=\"1200\"href='https:\/\/www.radiopiu.net\/wordpress\/wp-content\/uploads\/2021\/10\/228e0555-6142-477d-b42c-884864369664.jpg'><img loading=\"lazy\" decoding=\"async\" width=\"150\" height=\"150\" src=\"https:\/\/www.radiopiu.net\/wordpress\/wp-content\/uploads\/2021\/10\/228e0555-6142-477d-b42c-884864369664-150x150.jpg\" class=\"attachment-thumbnail size-thumbnail\" alt=\"\" \/><\/a>\n\t\t\t\t<\/dt><\/dl><br style=\"clear: both\" \/>\n\t\t\t<\/div>\n\n<p><strong>di Moreno Gioli\u00a0<\/strong><\/p>\n<audio class=\"wp-audio-shortcode\" id=\"audio-239494-1\" preload=\"none\" style=\"width: 100%;\" controls=\"controls\"><source type=\"audio\/mpeg\" src=\"https:\/\/www.radiopiu.net\/wordpress\/wp-content\/uploads\/2021\/10\/mpreno-ideal.mp3?_=1\" \/><a href=\"https:\/\/www.radiopiu.net\/wordpress\/wp-content\/uploads\/2021\/10\/mpreno-ideal.mp3\">https:\/\/www.radiopiu.net\/wordpress\/wp-content\/uploads\/2021\/10\/mpreno-ideal.mp3<\/a><\/audio>\n<p>&nbsp;<\/p>\n<p>&nbsp;<\/p>\n<p><strong><span style=\"color: #ff0000;\">DENISE CASANOVA, FIOM CGIL\u00a0\u00a0<\/span><\/strong><\/p>\n<audio class=\"wp-audio-shortcode\" id=\"audio-239494-2\" preload=\"none\" style=\"width: 100%;\" controls=\"controls\"><source type=\"audio\/mpeg\" src=\"https:\/\/www.radiopiu.net\/wordpress\/wp-content\/uploads\/2021\/10\/DENISE-CASANOVA.mp3?_=2\" \/><a href=\"https:\/\/www.radiopiu.net\/wordpress\/wp-content\/uploads\/2021\/10\/DENISE-CASANOVA.mp3\">https:\/\/www.radiopiu.net\/wordpress\/wp-content\/uploads\/2021\/10\/DENISE-CASANOVA.mp3<\/a><\/audio>\n<p>&nbsp;<\/p>\n<p>&nbsp;<\/p>\n<p><strong><span style=\"color: #ff0000;\">ROBERTO PIANI, LAVORATORE IDEAL STANDARD\u00a0<\/span><\/strong><\/p>\n<audio class=\"wp-audio-shortcode\" id=\"audio-239494-3\" preload=\"none\" style=\"width: 100%;\" controls=\"controls\"><source type=\"audio\/mpeg\" src=\"https:\/\/www.radiopiu.net\/wordpress\/wp-content\/uploads\/2021\/10\/ROBERTO-PIANI.mp3?_=3\" \/><a href=\"https:\/\/www.radiopiu.net\/wordpress\/wp-content\/uploads\/2021\/10\/ROBERTO-PIANI.mp3\">https:\/\/www.radiopiu.net\/wordpress\/wp-content\/uploads\/2021\/10\/ROBERTO-PIANI.mp3<\/a><\/audio>\n<p>&nbsp;<\/p>\n<p>&nbsp;<\/p>\n<p><strong><span style=\"color: #ff0000;\">GIORGIO AGNOLETTO UILTEC UIL\u00a0<\/span><\/strong><\/p>\n<audio class=\"wp-audio-shortcode\" id=\"audio-239494-4\" preload=\"none\" style=\"width: 100%;\" controls=\"controls\"><source type=\"audio\/mpeg\" src=\"https:\/\/www.radiopiu.net\/wordpress\/wp-content\/uploads\/2021\/10\/GIORGIO-AGNOLETTO.mp3?_=4\" \/><a href=\"https:\/\/www.radiopiu.net\/wordpress\/wp-content\/uploads\/2021\/10\/GIORGIO-AGNOLETTO.mp3\">https:\/\/www.radiopiu.net\/wordpress\/wp-content\/uploads\/2021\/10\/GIORGIO-AGNOLETTO.mp3<\/a><\/audio>\n<p>&nbsp;<\/p>\n<p>&nbsp;<\/p>\n<p><strong><span style=\"color: #ff0000;\">BRUNO DEOLA FIM CISL<\/span><\/strong><\/p>\n<audio class=\"wp-audio-shortcode\" id=\"audio-239494-5\" preload=\"none\" style=\"width: 100%;\" controls=\"controls\"><source type=\"audio\/mpeg\" src=\"https:\/\/www.radiopiu.net\/wordpress\/wp-content\/uploads\/2021\/10\/BRUNO-DEOLA.mp3?_=5\" \/><a href=\"https:\/\/www.radiopiu.net\/wordpress\/wp-content\/uploads\/2021\/10\/BRUNO-DEOLA.mp3\">https:\/\/www.radiopiu.net\/wordpress\/wp-content\/uploads\/2021\/10\/BRUNO-DEOLA.mp3<\/a><\/audio>\n<p>&nbsp;<\/p>\n<p>&nbsp;<\/p>\n<hr \/>\n<p>&nbsp;<\/p>\n<p>&nbsp;<\/p>\n<blockquote>\n<h3 style=\"text-align: left;\">29 OTTOBRE 2018\u00a0 L&#8217;INIZIO DI UN DRAMMA, DALLA DIRETTA DI <span style=\"color: #0000ff;\">ANTENNA 3<\/span> TIZIANA BOLOGNANI<\/h3>\n<p>Qui inizio&#8217; il dramma che porto&#8217; alla chiusura della regionale 203 agordina, problema risolto recentemente con la realizzazione di un ponte, di un canale di scarico verso il Cordevole grazie al deciso intervento del sindaco di La Valle Agordina, Ezio Zuanel.<\/p><\/blockquote>\n<p><iframe loading=\"lazy\" title=\"FRANA, PAURA NELL&#039;AGORDINO\" width=\"1200\" height=\"675\" src=\"https:\/\/www.youtube.com\/embed\/a6C7AplWrro?feature=oembed\" frameborder=\"0\" allow=\"accelerometer; autoplay; clipboard-write; encrypted-media; gyroscope; picture-in-picture\" allowfullscreen><\/iframe><\/p>\n<p>&nbsp;<\/p>\n<p>&nbsp;<\/p>\n<hr \/>\n<blockquote>\n<h3><\/h3>\n<h3>VAIA: TERZO ANNIVERSARIO 2018-2021<\/h3>\n<\/blockquote>\n<p><em> Un evento devastante che ha pesantemente segnato la storia del Veneto con 208 comuni colpiti. Precipitazioni piovose superiori a quelle registrate nel tragico evento del 1966 e vento con raffiche superiori ai 200 km\/h. Tre vittime, chilometri di strade impraticabili, acquedotti devastati, decine di migliaia di persone senza energia elettrica e riscaldamento, interi paesi isolati, opere di difesa del suolo pesantemente danneggiate, alberi a terra e case scoperchiate o distrutte, allagamenti e frane ovunque.<\/em><\/p>\n<p><strong><a href=\"https:\/\/www.radiopiu.net\/wordpress\/giornale-radiopiu-27-ottobre-2018-direttore-mirko-mezzacasa\/bottacin-gava-per-sopralluogo-in-agordino\/\" rel=\"attachment wp-att-65263\"><img loading=\"lazy\" decoding=\"async\" class=\"wp-image-65263 alignleft\" src=\"https:\/\/www.radiopiu.net\/wordpress\/wp-content\/uploads\/2018\/10\/Bottacin-Gava-per-sopralluogo-in-Agordino-300x225.jpg\" alt=\"\" width=\"177\" height=\"133\" srcset=\"https:\/\/www.radiopiu.net\/wordpress\/wp-content\/uploads\/2018\/10\/Bottacin-Gava-per-sopralluogo-in-Agordino-300x225.jpg 300w, https:\/\/www.radiopiu.net\/wordpress\/wp-content\/uploads\/2018\/10\/Bottacin-Gava-per-sopralluogo-in-Agordino-768x577.jpg 768w, https:\/\/www.radiopiu.net\/wordpress\/wp-content\/uploads\/2018\/10\/Bottacin-Gava-per-sopralluogo-in-Agordino-1024x770.jpg 1024w, https:\/\/www.radiopiu.net\/wordpress\/wp-content\/uploads\/2018\/10\/Bottacin-Gava-per-sopralluogo-in-Agordino.jpg 1336w\" sizes=\"auto, (max-width: 177px) 100vw, 177px\" \/><\/a>L&#8217;INTERVISTA ALL&#8217;ASSESSORE\u00a0 REGIONALE ALLA PROTEZIONE CIVILE GIANPAOLO BOTTACINI\u00a0<\/strong><\/p>\n<p><strong>di Mirko Mezzacasa\u00a0<\/strong><\/p>\n<audio class=\"wp-audio-shortcode\" id=\"audio-239494-6\" preload=\"none\" style=\"width: 100%;\" controls=\"controls\"><source type=\"audio\/mpeg\" src=\"https:\/\/www.radiopiu.net\/wordpress\/wp-content\/uploads\/2021\/10\/GIANPAOLO.mp3?_=6\" \/><a href=\"https:\/\/www.radiopiu.net\/wordpress\/wp-content\/uploads\/2021\/10\/GIANPAOLO.mp3\">https:\/\/www.radiopiu.net\/wordpress\/wp-content\/uploads\/2021\/10\/GIANPAOLO.mp3<\/a><\/audio>\n<p>&nbsp;<\/p>\n<p>&nbsp;<\/p>\n<hr \/>\n<p><strong>VAIA<\/strong><\/p>\n<p><span style=\"color: #0000ff;\"><strong>IL POSSIBILE DOVE PER TUTTI GLI ALTRI ERA IMPOSSIBILE<\/strong><\/span><\/p>\n<blockquote>\n<h3>RADIO CLUB CIME BIANCHE E WIFI 4ALL QUANDO: LA SQUADRA ANTI VAIA<\/h3>\n<\/blockquote>\n<p><strong><a href=\"https:\/\/www.radiopiu.net\/wordpress\/vaia-2-anni-ricordi-a-fior-di-pelle\/img_20211026_125353\/\" rel=\"attachment wp-att-239582\"><img loading=\"lazy\" decoding=\"async\" class=\"wp-image-239582 alignleft\" src=\"https:\/\/www.radiopiu.net\/wordpress\/wp-content\/uploads\/2020\/10\/IMG_20211026_125353-300x224.jpg\" alt=\"\" width=\"224\" height=\"167\" srcset=\"https:\/\/www.radiopiu.net\/wordpress\/wp-content\/uploads\/2020\/10\/IMG_20211026_125353-300x224.jpg 300w, https:\/\/www.radiopiu.net\/wordpress\/wp-content\/uploads\/2020\/10\/IMG_20211026_125353-1024x766.jpg 1024w, https:\/\/www.radiopiu.net\/wordpress\/wp-content\/uploads\/2020\/10\/IMG_20211026_125353-768x574.jpg 768w, https:\/\/www.radiopiu.net\/wordpress\/wp-content\/uploads\/2020\/10\/IMG_20211026_125353-1536x1149.jpg 1536w, https:\/\/www.radiopiu.net\/wordpress\/wp-content\/uploads\/2020\/10\/IMG_20211026_125353-2048x1532.jpg 2048w\" sizes=\"auto, (max-width: 224px) 100vw, 224px\" \/><\/a>TAIBON<\/strong> Se non ci fosse stato il Radio Club Cime Bianche in quei giorni di Vaia non ci sarebbero state le comunicazioni non solo intervallive, ma anche all&#8217;interno dello stesso Comune. Un gran lavoro quello proposto da Cb, Radio Amatori, uomini e donne della Protezione Civile. La radio ha informato, unito, aiutato e risolto situazioni impossibile. Le comunicazioni hanno lasciato tutti a piedi, eccetto la WIFI 4 ALL che ha saputo garantire i segnali cambiando di continuo le batterie tampone. E&#8217; una bella storia che abbiamo deciso di raccontare da uno dei luoghi del disastro, in fondo alla Valle di San Lucano dove il torrente Bordina ha creato disastri e la popolazione \u00e8\u00a0 gli abitanti di Col di Pra allontatI da casa per settimane.<\/p>\n<p>&nbsp;<\/p>\n\n\t\t\t<style type='text\/css'>\n\t\t\t\t#gallery-3 {\n\t\t\t\t\tmargin: auto;\n\t\t\t\t}\n\t\t\t\t#gallery-3 .gallery-item {\n\t\t\t\t\tfloat: left;\n\t\t\t\t\tmargin-top: 10px;\n\t\t\t\t\ttext-align: center;\n\t\t\t\t\twidth: 33%;\n\t\t\t\t}\n\t\t\t\t#gallery-3 img {\n\t\t\t\t\tborder: 2px solid #cfcfcf;\n\t\t\t\t}\n\t\t\t\t#gallery-3 .gallery-caption {\n\t\t\t\t\tmargin-left: 0;\n\t\t\t\t}\n\t\t\t\t\/* see gallery_shortcode() in wp-includes\/media.php *\/\n\t\t\t<\/style>\n\t\t<div id='gallery-3' class='dt-gallery-container gallery galleryid-239494 gallery-columns-3 gallery-size-thumbnail'><dl class='gallery-item'>\n\t\t\t\t<dt class='gallery-icon landscape'>\n\t\t\t\t\t<a class=\"rollover rollover-zoom dt-pswp-item\" title=\"IMG_20211026_125442\" data-dt-img-description=\"\" data-large_image_width=\"2560\" data-large_image_height=\"1915\"href='https:\/\/www.radiopiu.net\/wordpress\/wp-content\/uploads\/2020\/10\/IMG_20211026_125442-scaled.jpg'><img loading=\"lazy\" decoding=\"async\" width=\"150\" height=\"150\" src=\"https:\/\/www.radiopiu.net\/wordpress\/wp-content\/uploads\/2020\/10\/IMG_20211026_125442-150x150.jpg\" class=\"attachment-thumbnail size-thumbnail\" alt=\"\" \/><\/a>\n\t\t\t\t<\/dt><\/dl><dl class='gallery-item'>\n\t\t\t\t<dt class='gallery-icon portrait'>\n\t\t\t\t\t<a class=\"rollover rollover-zoom dt-pswp-item\" title=\"IMG_20211026_125425\" data-dt-img-description=\"\" data-large_image_width=\"1915\" data-large_image_height=\"2560\"href='https:\/\/www.radiopiu.net\/wordpress\/wp-content\/uploads\/2020\/10\/IMG_20211026_125425-scaled.jpg'><img loading=\"lazy\" decoding=\"async\" width=\"150\" height=\"150\" src=\"https:\/\/www.radiopiu.net\/wordpress\/wp-content\/uploads\/2020\/10\/IMG_20211026_125425-150x150.jpg\" class=\"attachment-thumbnail size-thumbnail\" alt=\"\" \/><\/a>\n\t\t\t\t<\/dt><\/dl><dl class='gallery-item'>\n\t\t\t\t<dt class='gallery-icon landscape'>\n\t\t\t\t\t<a class=\"rollover rollover-zoom dt-pswp-item\" title=\"IMG_20211026_125412\" data-dt-img-description=\"\" data-large_image_width=\"2560\" data-large_image_height=\"1915\"href='https:\/\/www.radiopiu.net\/wordpress\/wp-content\/uploads\/2020\/10\/IMG_20211026_125412-scaled.jpg'><img loading=\"lazy\" decoding=\"async\" width=\"150\" height=\"150\" src=\"https:\/\/www.radiopiu.net\/wordpress\/wp-content\/uploads\/2020\/10\/IMG_20211026_125412-150x150.jpg\" class=\"attachment-thumbnail size-thumbnail\" alt=\"\" \/><\/a>\n\t\t\t\t<\/dt><\/dl><br style=\"clear: both\" \/>\n\t\t\t<\/div>\n\n<p><strong>VIDEO<\/strong><br \/>\n<strong>di Mirko Mezzacasa\u00a0<\/strong><\/p>\n<p><iframe loading=\"lazy\" title=\"WIFI FOR ALL A TRE ANNI DA VAIA.. I RICORDI\" width=\"1200\" height=\"675\" src=\"https:\/\/www.youtube.com\/embed\/YWiFSu9_poc?feature=oembed\" frameborder=\"0\" allow=\"accelerometer; autoplay; clipboard-write; encrypted-media; gyroscope; picture-in-picture\" allowfullscreen><\/iframe><\/p>\n<p>&nbsp;<\/p>\n<blockquote>\n<h3>RADIO CLUB CIME BIANCHE SPLENDIDA REALTA&#8217; AGORDINA<\/h3>\n<\/blockquote>\n<h3>QUANDO I TELEFONI SMETTONO DI SUONARE, QUANDO L&#8217;ENERGIA ELETTRICA DIVENTA UN RICORDO LORO SCENDONO IN CAMPO CON TANTA PROFESSIONALITA&#8217; ED ESPERIENZA. SABATO LA PROVA GENERALE CHE AVREBBE DOVUTO COINVOLGERE I 16 COMUNI. HANNO RISPOSTO E COLLABORATO 14 AMMINISTRAZIONI CHE HANNO CAPITO LA LORO IMPORTANZA.<\/h3>\n<p><a class=\"dt-pswp-item\" href=\"http:\/\/www.radiopiu.net\/wordpress\/wp-content\/uploads\/2019\/10\/2a273d20-fac0-4a6f-918b-b6acbad030c3.jpg\" data-dt-img-description=\"\" data-large_image_width=\"1599\" data-large_image_height=\"1200\"><img loading=\"lazy\" decoding=\"async\" class=\"size-medium wp-image-104508 alignleft\" src=\"http:\/\/www.radiopiu.net\/wordpress\/wp-content\/uploads\/2019\/10\/2a273d20-fac0-4a6f-918b-b6acbad030c3-300x225.jpg\" alt=\"\" width=\"300\" height=\"225\" srcset=\"https:\/\/www.radiopiu.net\/wordpress\/wp-content\/uploads\/2019\/10\/2a273d20-fac0-4a6f-918b-b6acbad030c3-300x225.jpg 300w, https:\/\/www.radiopiu.net\/wordpress\/wp-content\/uploads\/2019\/10\/2a273d20-fac0-4a6f-918b-b6acbad030c3-768x576.jpg 768w, https:\/\/www.radiopiu.net\/wordpress\/wp-content\/uploads\/2019\/10\/2a273d20-fac0-4a6f-918b-b6acbad030c3-1024x768.jpg 1024w, https:\/\/www.radiopiu.net\/wordpress\/wp-content\/uploads\/2019\/10\/2a273d20-fac0-4a6f-918b-b6acbad030c3.jpg 1599w\" sizes=\"auto, (max-width: 300px) 100vw, 300px\" \/><\/a>Radio Club CIme Bianche, una splendida realt\u00e0 agordina dal 1976. Radioamatori, Cb, soprattutto volontari, i principali protagonisti dell&#8217;emergenza Vaia di un anno fa, ma comunque sempre pronti e in prima linea quando la copertura radiofonica \u00e8 necessaria. Nello scorso fine settimana la prova generale annuale che ha coinvolto 14 dei 16 Comuni agordini, non hanno partecipato le amministrazioni di Colle Santa Lucia e Canale d&#8217;Agordo, ma tutti gli altri Comuni hanno dato dimostrazione di impegno e seriet\u00e0 perch\u00e9 hanno capito l&#8217;importanza del farsi trovare pronti. In vallata la &#8220;maglia&#8221; radiofonica funziona eccome. Ne abbiamo parlato con Francesco Dell&#8217;Osbel presidente del radio club<\/p>\n<p><strong>di Mirko Mezzacasa<\/strong><\/p>\n<audio class=\"wp-audio-shortcode\" id=\"audio-239494-7\" preload=\"none\" style=\"width: 100%;\" controls=\"controls\"><source type=\"audio\/mpeg\" src=\"http:\/\/www.radiopiu.net\/wordpress\/wp-content\/uploads\/2019\/10\/FRANCESCO-DELLOSBEL.mp3?_=7\" \/><a href=\"http:\/\/www.radiopiu.net\/wordpress\/wp-content\/uploads\/2019\/10\/FRANCESCO-DELLOSBEL.mp3\">http:\/\/www.radiopiu.net\/wordpress\/wp-content\/uploads\/2019\/10\/FRANCESCO-DELLOSBEL.mp3<\/a><\/audio>\n<p>&nbsp;<\/p>\n<p>&nbsp;<\/p>\n<hr \/>\n<p>&nbsp;<\/p>\n<p>&nbsp;<\/p>\n<blockquote>\n<h3>DENTRO LA NOTIZIA: RACCONTO DAI LUOGHI DEL DISASTRO &#8211; La tempesta Vaia e la voce di Radio Pi\u00f9<\/h3>\n<\/blockquote>\n<p><a class=\"dt-pswp-item\" href=\"http:\/\/www.radiopiu.net\/wordpress\/wp-content\/uploads\/2019\/10\/foresta-dida.jpg\" data-dt-img-description=\"\" data-large_image_width=\"1210\" data-large_image_height=\"790\"><img loading=\"lazy\" decoding=\"async\" class=\"alignleft size-medium wp-image-104254\" src=\"http:\/\/www.radiopiu.net\/wordpress\/wp-content\/uploads\/2019\/10\/foresta-dida-300x196.jpg\" alt=\"\" width=\"300\" height=\"196\" srcset=\"https:\/\/www.radiopiu.net\/wordpress\/wp-content\/uploads\/2019\/10\/foresta-dida-300x196.jpg 300w, https:\/\/www.radiopiu.net\/wordpress\/wp-content\/uploads\/2019\/10\/foresta-dida-768x501.jpg 768w, https:\/\/www.radiopiu.net\/wordpress\/wp-content\/uploads\/2019\/10\/foresta-dida-1024x669.jpg 1024w, https:\/\/www.radiopiu.net\/wordpress\/wp-content\/uploads\/2019\/10\/foresta-dida.jpg 1210w\" sizes=\"auto, (max-width: 300px) 100vw, 300px\" \/><\/a><\/p>\n<p class=\"p1\"><strong>di Damiano Tormen<\/strong><\/p>\n<p class=\"p1\"><em>Prova di idoneit\u00e0 professionale, 129\u00b0 sessione presentato all\u2019ordine dei giornalisti consiglio nazionale, per l\u2019ammissione a giornalista professionista.<\/em><\/p>\n<p>La radio da\u0300 la notizia, la televisione la mostra, il giornale la spiega. La vecchia regola sembrerebbe superata con l\u2019avvento di internet, in grado di fare tutte e tre le operazioni contemporaneamente, per di piu\u0300 con lo stesso media. Invece, basta (si fa per dire) un evento meteo eccezionale per stravolgere la situazione.<\/p>\n<p>E\u0300 successo a fine ottobre, tra domenica 28 e martedi\u0300 30, in provincia di Belluno. Un\u2019autentica bufera d\u2019acqua e di vento si e\u0300 abbattuta sulle Dolomiti. Ha colpito tutta la zona montana e in maniera particolare l\u2019Agordino, un territorio di 21mila abitanti, 16 Comuni, attraversato dal torrente Cordevole e noto soprattutto per gli stabilimenti Luxottica, e per localita\u0300 sciistiche come Alleghe, Arabba e Falcade (segnate da montagne come il Civetta e le Pale di San Lucano).<\/p>\n<p>La tempesta che i meteorologi hanno chiamato \u201cVaia\u201d ha provocato anche cinque vittime nel Bellunese. E ha fatto il giro del mondo con le immagini della \u201cstrage di alberi\u201d. Foreste abbattute come fossero stuzzicadenti. La catastrofe del vento ha sradicato e spezzato quasi il 40 per cento del patrimonio boschivo dell\u2019intera provincia di Belluno, tra i 10 e i 14 milioni di metri cubi di piante nel Nordest, secondo le stime di Coldiretti (\u00abvale a dire la quantita\u0300 di legname che tutte le segherie italiane insieme sono in grado di lavorare in sette anni\u00bb, fa sapere Confartigianato Belluno).<\/p>\n<p>Non solo disastro dei boschi: strade squarciate, case scoperchiate, tralicci abbattuti; molti paesi sono rimasti isolati e muti, niente linee telefoniche, ne\u0301 internet per quasi una settimana. L\u2019unica voce e\u0300 stata quella di una radio locale: Radiopiu ha tenuto collegati tra loro i piccoli centri montani. Non solo ha fatto \u201cparlare\u201d tra di loro gli abitanti della zona, che si sono potuti scambiare informazioni, ma ha anche raccontato la devastazione al resto della provincia di Belluno.<\/p>\n<p><strong>DIRETTA A TUTTI I COSTI<\/strong><\/p>\n<p><a class=\"dt-pswp-item\" href=\"http:\/\/www.radiopiu.net\/wordpress\/wp-content\/uploads\/2019\/10\/mezza-dida.jpg\" data-dt-img-description=\"\" data-large_image_width=\"1000\" data-large_image_height=\"780\"><img loading=\"lazy\" decoding=\"async\" class=\"size-medium wp-image-104255 alignright\" src=\"http:\/\/www.radiopiu.net\/wordpress\/wp-content\/uploads\/2019\/10\/mezza-dida-300x234.jpg\" alt=\"\" width=\"300\" height=\"234\" srcset=\"https:\/\/www.radiopiu.net\/wordpress\/wp-content\/uploads\/2019\/10\/mezza-dida-300x234.jpg 300w, https:\/\/www.radiopiu.net\/wordpress\/wp-content\/uploads\/2019\/10\/mezza-dida-768x599.jpg 768w, https:\/\/www.radiopiu.net\/wordpress\/wp-content\/uploads\/2019\/10\/mezza-dida.jpg 1000w\" sizes=\"auto, (max-width: 300px) 100vw, 300px\" \/><\/a>Tra le zone piu\u0300 flagellate, proprio l\u2019Agordino, il bacino d\u2019utenza principale di Radiopiu. Alle prime avvisaglie della tempesta, molti paesi sono rimasti isolati, in completo black-out elettrico.<\/p>\n<p>\u00abTutti a comprare radioline a pile\u00bb racconta Mirko Mezzacasa, giornalista e direttore di Radiopiu.\u2028Tra mille difficolta\u0300 l\u2019emittente radiofonica ha continuato a trasmettere. Da sola, quasi eroicamente. \u00abCi siamo trovati a essere parte della notizia, visto che anche a noi il maltempo ha provocato danni ingenti &#8211; continua Mezzacasa -. Frane e vento ci hanno abbattuto tutti i ripetitori e siamo rimasti in black-out. Con mezzi di fortuna e con l\u2019aiuto dei gruppi elettrogeni, siamo riusciti a continuare a trasmettere. E a descrivere la situazione sia a quelli che restavano isolati nei loro paesi, sia ai bellunesi del resto della provincia. Siamo sempre stati una radio di servizio, nata proprio per collegare le frazioni dell\u2019Agordino; e in quei giorni ancora di piu\u0300. Abbiamo fatto girare le notizie per agevolare le operazioni dei soccorritori. Abbiamo dato una mano alla Protezione Civile. Abbiamo raccolto le voci degli sfollati e dato informazioni sulle chiusure delle strade. Siamo stati l\u2019unica voce che entrava nelle case degli agordini\u00bb.<\/p>\n<p>Tutto grazie a un paio di postazioni radio, ripristinate in maniera artigianale dai tecnici. E anche grazie alle dirette Facebook, l\u2019unico mezzo utile per trasmettere audio e video fuori dall\u2019Agordino.<\/p>\n<p>\u00abDa fuori vallata non sopraggiungevano segnali per televisioni e radio, cosi\u0300 abbiamo avuto l\u2019etere libero e potevamo trasmettere in tutto l\u2019Agordino, con due soli ripetitori attivi. Per raccontare il disastro al resto della provincia, abbiamo usato il canale social. C\u2019era un problema, pero\u0300: i telefonini non avevano campo. Abbiamo dovuto fare ogni giorno diversi chilometri in macchina, spostarci fuori vallata, per poter agganciare la linea 4G e descrivere la situazione al \u201cresto del mondo\u201d\u00bb. In pratica, per alcuni giorni, Radiopiu e\u0300 stata l\u2019unico collegamento tra le frazioni dell\u2019Agordino e il resto della provincia di Belluno. \u00abPer tre giorni di fila non ho dormito\u00bb continua Mezzacasa. \u00abDovevamo continuare a dare informazioni, per far capire alle persone isolate che non erano sole, anche se si trovavano in mezzo al disastro\u00bb.<\/p>\n<p><strong>LA TEMPESTA<\/strong><\/p>\n<p>D<a class=\"dt-pswp-item\" href=\"http:\/\/www.radiopiu.net\/wordpress\/wp-content\/uploads\/2019\/10\/casarocca-dida.jpg\" data-dt-img-description=\"\" data-large_image_width=\"1128\" data-large_image_height=\"730\"><img loading=\"lazy\" decoding=\"async\" class=\"size-medium wp-image-104251 alignleft\" src=\"http:\/\/www.radiopiu.net\/wordpress\/wp-content\/uploads\/2019\/10\/casarocca-dida-300x194.jpg\" alt=\"\" width=\"300\" height=\"194\" srcset=\"https:\/\/www.radiopiu.net\/wordpress\/wp-content\/uploads\/2019\/10\/casarocca-dida-300x194.jpg 300w, https:\/\/www.radiopiu.net\/wordpress\/wp-content\/uploads\/2019\/10\/casarocca-dida-768x497.jpg 768w, https:\/\/www.radiopiu.net\/wordpress\/wp-content\/uploads\/2019\/10\/casarocca-dida-1024x663.jpg 1024w, https:\/\/www.radiopiu.net\/wordpress\/wp-content\/uploads\/2019\/10\/casarocca-dida.jpg 1128w\" sizes=\"auto, (max-width: 300px) 100vw, 300px\" \/><\/a>i autentico disastro si e\u0300 trattato. Gli esperti del Centro Arpav (Agenzia regionale protezione ambiente del Veneto) di Arabba spiegano quello che e\u0300 accaduto: un piccolo uragano, somigliante a quelli delle zone tropicali. Solo che sulle Dolomiti non si erano mai verificati eventi simili, almeno a memoria d\u2019uomo.<\/p>\n<p>Tra il 28 e il 30 ottobre 2018, si sono sommate le condizioni necessarie a creare la tempesta del secolo. Precipitazioni eccezionali e raffiche di vento a 140-150 km\/h (con punte di 192 km\/h), frutto di una profonda depressione transitata sulle Alpi, fino a raggiungere un minimo barico eccezionale il giorno 29. Questo ha generato quella che i meteorologi descrivono come \u201cforza traente\u201d, capace di richiamare sull\u2019alto Veneto un fortissimo vento di scirocco.<\/p>\n<p>Le precipitazioni, abbondanti fin dal 28 ottobre, sono diventate da record tra il pomeriggio e la sera del 29. Alcune stazioni meteo hanno registrato punte orarie di 30-50 millimetri di pioggia. A Soffranco (Longarone) il pluviometro ha segnato 715,8 millimetri di pioggia in poco piu\u0300 di 48 ore (da notare che le medie degli ultimi anni fissano a poco piu\u0300 di 300 millimetri le precipitazioni totali dell\u2019intero mese di ottobre); \u00abvale a dire poco meno del quantitativo di acqua di un anno intero a Roma\u00bb sottolinea Robert Thierry Luciani, meteorologo Arpav. A Sant\u2019Andrea di Gosaldo (nell\u2019Agordino) le precipitazioni hanno raggiunto i 658 millimetri nell\u2019arco dei tre giorni, mentre nel capoluogo Agordo la pioggia ha toccato quota 564 millimetri.<\/p>\n\n\t\t\t<style type='text\/css'>\n\t\t\t\t#gallery-4 {\n\t\t\t\t\tmargin: auto;\n\t\t\t\t}\n\t\t\t\t#gallery-4 .gallery-item {\n\t\t\t\t\tfloat: left;\n\t\t\t\t\tmargin-top: 10px;\n\t\t\t\t\ttext-align: center;\n\t\t\t\t\twidth: 50%;\n\t\t\t\t}\n\t\t\t\t#gallery-4 img {\n\t\t\t\t\tborder: 2px solid #cfcfcf;\n\t\t\t\t}\n\t\t\t\t#gallery-4 .gallery-caption {\n\t\t\t\t\tmargin-left: 0;\n\t\t\t\t}\n\t\t\t\t\/* see gallery_shortcode() in wp-includes\/media.php *\/\n\t\t\t<\/style>\n\t\t<div id='gallery-4' class='dt-gallery-container gallery galleryid-239494 gallery-columns-2 gallery-size-medium'><dl class='gallery-item'>\n\t\t\t\t<dt class='gallery-icon portrait'>\n\t\t\t\t\t<a class=\"rollover rollover-zoom dt-pswp-item\" title=\"pontemas-dida\" data-dt-img-description=\"\" data-large_image_width=\"1020\" data-large_image_height=\"1179\"href='https:\/\/www.radiopiu.net\/wordpress\/wp-content\/uploads\/2019\/10\/pontemas-dida.jpg'><img loading=\"lazy\" decoding=\"async\" width=\"260\" height=\"300\" src=\"https:\/\/www.radiopiu.net\/wordpress\/wp-content\/uploads\/2019\/10\/pontemas-dida-260x300.jpg\" class=\"attachment-medium size-medium\" alt=\"\" srcset=\"https:\/\/www.radiopiu.net\/wordpress\/wp-content\/uploads\/2019\/10\/pontemas-dida-260x300.jpg 260w, https:\/\/www.radiopiu.net\/wordpress\/wp-content\/uploads\/2019\/10\/pontemas-dida-768x888.jpg 768w, https:\/\/www.radiopiu.net\/wordpress\/wp-content\/uploads\/2019\/10\/pontemas-dida-886x1024.jpg 886w, https:\/\/www.radiopiu.net\/wordpress\/wp-content\/uploads\/2019\/10\/pontemas-dida.jpg 1020w\" sizes=\"auto, (max-width: 260px) 100vw, 260px\" \/><\/a>\n\t\t\t\t<\/dt><\/dl><dl class='gallery-item'>\n\t\t\t\t<dt class='gallery-icon landscape'>\n\t\t\t\t\t<a class=\"rollover rollover-zoom dt-pswp-item\" title=\"esondazione-dida\" data-dt-img-description=\"\" data-large_image_width=\"1070\" data-large_image_height=\"790\"href='https:\/\/www.radiopiu.net\/wordpress\/wp-content\/uploads\/2019\/10\/esondazione-dida.jpg'><img loading=\"lazy\" decoding=\"async\" width=\"300\" height=\"221\" src=\"https:\/\/www.radiopiu.net\/wordpress\/wp-content\/uploads\/2019\/10\/esondazione-dida-300x221.jpg\" class=\"attachment-medium size-medium\" alt=\"\" srcset=\"https:\/\/www.radiopiu.net\/wordpress\/wp-content\/uploads\/2019\/10\/esondazione-dida-300x221.jpg 300w, https:\/\/www.radiopiu.net\/wordpress\/wp-content\/uploads\/2019\/10\/esondazione-dida-768x567.jpg 768w, https:\/\/www.radiopiu.net\/wordpress\/wp-content\/uploads\/2019\/10\/esondazione-dida-1024x756.jpg 1024w, https:\/\/www.radiopiu.net\/wordpress\/wp-content\/uploads\/2019\/10\/esondazione-dida.jpg 1070w\" sizes=\"auto, (max-width: 300px) 100vw, 300px\" \/><\/a>\n\t\t\t\t<\/dt><\/dl><br style=\"clear: both\" \/><dl class='gallery-item'>\n\t\t\t\t<dt class='gallery-icon landscape'>\n\t\t\t\t\t<a class=\"rollover rollover-zoom dt-pswp-item\" title=\"ciclabile-dida\" data-dt-img-description=\"\" data-large_image_width=\"970\" data-large_image_height=\"850\"href='https:\/\/www.radiopiu.net\/wordpress\/wp-content\/uploads\/2019\/10\/ciclabile-dida.jpg'><img loading=\"lazy\" decoding=\"async\" width=\"300\" height=\"263\" src=\"https:\/\/www.radiopiu.net\/wordpress\/wp-content\/uploads\/2019\/10\/ciclabile-dida-300x263.jpg\" class=\"attachment-medium size-medium\" alt=\"\" srcset=\"https:\/\/www.radiopiu.net\/wordpress\/wp-content\/uploads\/2019\/10\/ciclabile-dida-300x263.jpg 300w, https:\/\/www.radiopiu.net\/wordpress\/wp-content\/uploads\/2019\/10\/ciclabile-dida-768x673.jpg 768w, https:\/\/www.radiopiu.net\/wordpress\/wp-content\/uploads\/2019\/10\/ciclabile-dida.jpg 970w\" sizes=\"auto, (max-width: 300px) 100vw, 300px\" \/><\/a>\n\t\t\t\t<\/dt><\/dl><dl class='gallery-item'>\n\t\t\t\t<dt class='gallery-icon portrait'>\n\t\t\t\t\t<a class=\"rollover rollover-zoom dt-pswp-item\" title=\"diga-ok\" data-dt-img-description=\"\" data-large_image_width=\"752\" data-large_image_height=\"820\"href='https:\/\/www.radiopiu.net\/wordpress\/wp-content\/uploads\/2019\/10\/diga-ok.jpg'><img loading=\"lazy\" decoding=\"async\" width=\"275\" height=\"300\" src=\"https:\/\/www.radiopiu.net\/wordpress\/wp-content\/uploads\/2019\/10\/diga-ok-275x300.jpg\" class=\"attachment-medium size-medium\" alt=\"\" srcset=\"https:\/\/www.radiopiu.net\/wordpress\/wp-content\/uploads\/2019\/10\/diga-ok-275x300.jpg 275w, https:\/\/www.radiopiu.net\/wordpress\/wp-content\/uploads\/2019\/10\/diga-ok.jpg 752w\" sizes=\"auto, (max-width: 275px) 100vw, 275px\" \/><\/a>\n\t\t\t\t<\/dt><\/dl><br style=\"clear: both\" \/>\n\t\t\t<\/div>\n\n<p>&nbsp;<\/p>\n<p>&nbsp;<\/p>\n<hr \/>\n<blockquote>\n<h3 class=\"p1\"><span class=\"s1\">\u00a0<\/span><\/h3>\n<h3 class=\"p1\"><span class=\"s1\">VAIA, D\u2019INC\u00c0: \u201cA TRE ANNI DAL TRAGICO EVENTO ABBIAMO IMPARATO A FARE SQUADRA E A INVESTIRE PER LA DIFESA DELL\u2019AMBIENTE\u201d\u00a0 \u00a0\u00a0<\/span><\/h3>\n<p class=\"p1\"><strong><span class=\"s1\">di Federico d&#8217;Inca, Ministro.<\/span><\/strong><\/p>\n<\/blockquote>\n<p class=\"p1\"><strong><span class=\"s1\">ROMA <\/span><\/strong><span class=\"s1\">\u00a0<\/span><span class=\"s1\">\u201c<em>A tre anni da quel terribile evento rimangono due insegnamenti importanti. Il primo \u00e8 stato la capacit\u00e0 di fare squadra. Il secondo \u00e8 il continuo impegno nella protezione ambientale. Anche in questi giorni il nostro Paese \u00e8 vittima di gravi eventi meteorologici, frutto di una mutazione del clima che va contrastata con un deciso cambiamento di passo.\u00a0 Le prossime generazioni attendono un ambiente sano, noi abbiamo il dovere di proteggerlo<\/em>\u201d. <\/span><span class=\"s1\">Infine il Ministro per i Rapporti con il Parlamento ringrazia \u201c<em>tutti gli operatori che si sono impegnati negli interventi di soccorso. \u00c8 stato un altro esempio di coesione e di responsabilit\u00e0 nei confronti del prossimo, valori che devono sempre accompagnarci<\/em>\u201d.<\/span><\/p>\n<p>&nbsp;<\/p>\n<blockquote>\n<h3>. IL RICORDO DI ZAIA, \u201cMAI VISTO PRIMA NIENTE DI SIMILE. FIERI DI QUANTO FATTO E FAREMO\u201d<\/h3>\n<\/blockquote>\n<p><strong>di Luca Zaia Presidente della Regione\u00a0\u00a0<\/strong><\/p>\n<p><em>\u00a0\u201cIl Veneto non si \u00e8 pianto addosso ed ha ricostruito in fretta \u2013 dice Zaia &#8211;\u00a0 intraprendendo un piano da oltre duemila cantieri (2.221 ad oggi) per oltre 700 milioni di euro, tra cui le opere simbolo della ricostruzione dei Serrai e della sistemazione del lago di Alleghe. Ne partiranno presto altri 360, pari a circa 270 milioni di euro\u201d<\/em><\/p>\n<p>&nbsp;<\/p>\n<blockquote>\n<h3>VAIA: IL PRESIDENTE DELLA PROVINCIA ROBERTO PADRIN NELL&#8217;ANNIVERSARIO DELLA TEMPESTA VAIA<\/h3>\n<p><strong>di Roberto Padrin Presidente della Provincia<\/strong><\/p><\/blockquote>\n<p><strong>BELLUNO\u00a0 &#8220;<\/strong>L<em><span class=\"s1\">e ferite sono ancora aperte e tutt\u2019altro che finite: ancora oggi, ogni minimo evento meteo crea criticit\u00e0, perch\u00e9 Vaia ha squassato gli equilibri della montagna. <\/span><span class=\"s1\">Ma se allarghiamo lo sguardo, la tempesta di fine ottobre 2018 ha anche smosso l\u2019immenso mondo della solidariet\u00e0, in campo fin dai primi giorni insieme agli uomini e alle donne della Protezione civile. <\/span><span class=\"s1\">Vaia ha aperto squarci che possiamo riempire di rinnovamento, per il ripristino dei pascoli e dell\u2019alpeggio, o per nuove attivit\u00e0 sostenibili e compatibili con l\u2019ambiente. <\/span><span class=\"s1\">Non dimenticheremo quello che \u00e8 stato. Ma abbiamo l\u2019obbligo di fare in modo che la montagna e le comunit\u00e0 che la abitano possano trarre da Vaia uno stimolo in pi\u00f9 per continuare ad abitare, coltivare e amare la nostra terra.&#8221;<\/span><\/em><\/p>\n<p><strong>L&#8217;INTERVENTO ALLA RADIO\u00a0 \u00a0<\/strong><\/p>\n<audio class=\"wp-audio-shortcode\" id=\"audio-239494-8\" preload=\"none\" style=\"width: 100%;\" controls=\"controls\"><source type=\"audio\/mpeg\" src=\"https:\/\/www.radiopiu.net\/wordpress\/wp-content\/uploads\/2021\/10\/pafrin.mp3?_=8\" \/><a href=\"https:\/\/www.radiopiu.net\/wordpress\/wp-content\/uploads\/2021\/10\/pafrin.mp3\">https:\/\/www.radiopiu.net\/wordpress\/wp-content\/uploads\/2021\/10\/pafrin.mp3<\/a><\/audio>\n<h3><\/h3>\n<h3><\/h3>\n<hr \/>\n<h3><\/h3>\n<p><a href=\"https:\/\/www.radiopiu.net\/wordpress\/giornale-radiopiu-29-ottobre-2021-direttore-mirko-mezzacasa\/9-13\/\" rel=\"attachment wp-att-239708\"><img loading=\"lazy\" decoding=\"async\" class=\"size-medium wp-image-239708 aligncenter\" src=\"https:\/\/www.radiopiu.net\/wordpress\/wp-content\/uploads\/2021\/10\/9-300x200.jpeg\" alt=\"\" width=\"300\" height=\"200\" srcset=\"https:\/\/www.radiopiu.net\/wordpress\/wp-content\/uploads\/2021\/10\/9-300x200.jpeg 300w, https:\/\/www.radiopiu.net\/wordpress\/wp-content\/uploads\/2021\/10\/9-1024x682.jpeg 1024w, https:\/\/www.radiopiu.net\/wordpress\/wp-content\/uploads\/2021\/10\/9-768x512.jpeg 768w, https:\/\/www.radiopiu.net\/wordpress\/wp-content\/uploads\/2021\/10\/9-1536x1023.jpeg 1536w, https:\/\/www.radiopiu.net\/wordpress\/wp-content\/uploads\/2021\/10\/9.jpeg 1600w\" sizes=\"auto, (max-width: 300px) 100vw, 300px\" \/><\/a><\/p>\n<p>&nbsp;<\/p>\n<hr \/>\n<h3>ROCCA PIETORE, EPICENTRO DELLA SCIAGURA<\/h3>\n<p><strong>di Andrea De Bernardin sindaco di Rocca Pietore\u00a0 \u00a0<\/strong><\/p>\n<audio class=\"wp-audio-shortcode\" id=\"audio-239494-9\" preload=\"none\" style=\"width: 100%;\" controls=\"controls\"><source type=\"audio\/mpeg\" src=\"https:\/\/www.radiopiu.net\/wordpress\/wp-content\/uploads\/2021\/10\/andrea-cb.mp3?_=9\" \/><a href=\"https:\/\/www.radiopiu.net\/wordpress\/wp-content\/uploads\/2021\/10\/andrea-cb.mp3\">https:\/\/www.radiopiu.net\/wordpress\/wp-content\/uploads\/2021\/10\/andrea-cb.mp3<\/a><\/audio>\n<p>&nbsp;<\/p>\n<p>&nbsp;<\/p>\n<p><strong>\u00a0di Claudia Scarzanella Presidente Confartigianato<\/strong><\/p>\n<p><em>\u00abQuello che Vaia ci ha lasciato di positivo \u00e8 una maggiore consapevolezza di cosa significa montagna: verticalit\u00e0 e quindi difficolt\u00e0, ma anche ambiente di pregio e risorsa ambienta. In questo senso leggiamo con particolare interesse l\u2019accelerazione sulla legge quadro sulla montagna. Gi\u00e0 nella bozza preliminare vediamo accolta gran parte delle nostre richieste, in particolare l\u2019attenzione sulla fiscalit\u00e0 montana, con l\u2019istituzione di zone di fiscalit\u00e0 di vantaggio e zone franche montane. L\u2019auspicio adesso \u00e8 ci sia una copertura economica adeguata, con un rilievo particolare per le imprese artigiane, fondamentali nell\u2019economia delle terre alte.<\/em><\/p>\n<p>&nbsp;<\/p>\n<p>&nbsp;<\/p>\n<hr \/>\n<p>&nbsp;<\/p>\n<blockquote>\n<h3>L&#8217;INSEGNAMENTO DI VAIA: FARE COMUNITA&#8217;<\/h3>\n<\/blockquote>\n<p><strong>di Don Fabiano Del Favero, Vicario Foraneo dell&#8217;Agordino, dalle parrocchie del Poi<\/strong><\/p>\n<p>AUDIO<\/p>\n<audio class=\"wp-audio-shortcode\" id=\"audio-239494-10\" preload=\"none\" style=\"width: 100%;\" controls=\"controls\"><source type=\"audio\/mpeg\" src=\"https:\/\/www.radiopiu.net\/wordpress\/wp-content\/uploads\/2021\/10\/don-fabiano-1.mp3?_=10\" \/><a href=\"https:\/\/www.radiopiu.net\/wordpress\/wp-content\/uploads\/2021\/10\/don-fabiano-1.mp3\">https:\/\/www.radiopiu.net\/wordpress\/wp-content\/uploads\/2021\/10\/don-fabiano-1.mp3<\/a><\/audio>\n<blockquote><p>Quante cesure accompagnano questa nostra umanit\u00e0 negli ultimi anni&#8230;quanti &#8220;prima&#8221; e &#8220;dopo&#8221;. Corriamo veramente il rischio di perderne il conto, in questo nostro lento camminare carichi di speranza per poter uscire dal gravame della situazione sanitaria ben nota a tutti. 28 e 29 ottobre 2018: due date che appartengono alla memoria delle nostre comunit\u00e0. Ci hanno impauriti e fatti sentire piccoli, caricandoci sulle spalle pesi nuovi. Eppure in quei giorni di cui ritorna l&#8217;anniversario, ci siamo scoperti comunit\u00e0, fatte di gesti semplici di grande reciprocit\u00e0. Non credo che la pandemia ci far\u00e0 uscire migliori&#8230;credo invece che &#8220;Vaia&#8221; ci abbia insegnato a &#8220;fare comunit\u00e0&#8221;: sul serio, senza clamori n\u00e9 brontolamenti. Con la tenacia di noi gente di montagna. Personalmente, sento l&#8217;anniversario non guardando alle &#8220;rogne&#8221; che si sono abbattute in modo notevole, ma alla scuola di umanit\u00e0 che \u00e8 stata unica e straordinaria!<\/p><\/blockquote>\n<p>&nbsp;<\/p>\n<p>&nbsp;<\/p>\n<p>&nbsp;<\/p>\n<blockquote class=\"wp-embedded-content\" data-secret=\"iPwLzAHA9M\"><p><a href=\"https:\/\/www.radiopiu.net\/wordpress\/vaia-2-anni-ricordi-a-fior-di-pelle\/\">VAIA 3 ANNI DOPO: RICORDI A FIOR DI PELLE &#8211; testi, foto, video di Mirko Mezzacasa<\/a><\/p><\/blockquote>\n<p><iframe loading=\"lazy\" class=\"wp-embedded-content\" sandbox=\"allow-scripts\" security=\"restricted\" style=\"position: absolute; clip: rect(1px, 1px, 1px, 1px);\" title=\"&#8220;VAIA 3 ANNI DOPO: RICORDI A FIOR DI PELLE &#8211; testi, foto, video di Mirko Mezzacasa&#8221; &#8212; Radio Pi\u00f9\" src=\"https:\/\/www.radiopiu.net\/wordpress\/vaia-2-anni-ricordi-a-fior-di-pelle\/embed\/#?secret=iPwLzAHA9M\" data-secret=\"iPwLzAHA9M\" width=\"600\" height=\"338\" frameborder=\"0\" marginwidth=\"0\" marginheight=\"0\" scrolling=\"no\"><\/iframe><\/p>\n<p>&nbsp;<\/p>\n<p>&nbsp;<\/p>\n<p>&nbsp;<\/p>\n<hr \/>\n<p>&nbsp;<\/p>\n<p>&nbsp;<\/p>\n<blockquote>\n<h2>LA NUOVA BASE DI PIEVE DI CADORE NEL RICORDO DEL DOTTOR ANGELO COSTOLA<\/h2>\n<p>&nbsp;<\/p>\n<p><a href=\"https:\/\/www.radiopiu.net\/wordpress\/giornale-radiopiu-29-ottobre-2021-direttore-mirko-mezzacasa\/pp-89\/\" rel=\"attachment wp-att-239692\"><img loading=\"lazy\" decoding=\"async\" class=\"wp-image-239692 alignleft\" src=\"https:\/\/www.radiopiu.net\/wordpress\/wp-content\/uploads\/2021\/10\/pp-9.jpg\" alt=\"\" width=\"127\" height=\"127\" srcset=\"https:\/\/www.radiopiu.net\/wordpress\/wp-content\/uploads\/2021\/10\/pp-9.jpg 286w, https:\/\/www.radiopiu.net\/wordpress\/wp-content\/uploads\/2021\/10\/pp-9-150x150.jpg 150w\" sizes=\"auto, (max-width: 127px) 100vw, 127px\" \/><\/a><\/p>\n<p>&nbsp;<\/p>\n<p>&nbsp;<\/p>\n<p><strong>Dalla redazione di Radio Club 103, Barbara Paolazzi\u00a0<\/strong><\/p>\n<audio class=\"wp-audio-shortcode\" id=\"audio-239494-11\" preload=\"none\" style=\"width: 100%;\" controls=\"controls\"><source type=\"audio\/mpeg\" src=\"https:\/\/www.radiopiu.net\/wordpress\/wp-content\/uploads\/2021\/10\/elisuperficie.mp3?_=11\" \/><a href=\"https:\/\/www.radiopiu.net\/wordpress\/wp-content\/uploads\/2021\/10\/elisuperficie.mp3\">https:\/\/www.radiopiu.net\/wordpress\/wp-content\/uploads\/2021\/10\/elisuperficie.mp3<\/a><\/audio>\n<p>&nbsp;<\/p>\n<p>&nbsp;<\/p><\/blockquote>\n<p><a href=\"https:\/\/www.radiopiu.net\/wordpress\/la-nuova-base-di-pieve-di-cadore-nel-ricordo-del-dottor-angelo-costola\/image-211\/\" rel=\"attachment wp-att-239673\"><img loading=\"lazy\" decoding=\"async\" class=\"size-medium wp-image-239673 alignleft\" src=\"https:\/\/www.radiopiu.net\/wordpress\/wp-content\/uploads\/2021\/10\/image-300x169.webp\" alt=\"\" width=\"300\" height=\"169\" srcset=\"https:\/\/www.radiopiu.net\/wordpress\/wp-content\/uploads\/2021\/10\/image-300x169.webp 300w, https:\/\/www.radiopiu.net\/wordpress\/wp-content\/uploads\/2021\/10\/image-768x432.webp 768w, https:\/\/www.radiopiu.net\/wordpress\/wp-content\/uploads\/2021\/10\/image.webp 960w\" sizes=\"auto, (max-width: 300px) 100vw, 300px\" \/><\/a><strong>PIEVE DI CADORE<\/strong> Questa mattina, a Pieve di Cadore, il Direttore Generale ha annunciato che, con il parere favorevole del Presidente della Regione Veneto Luca Zaia e dell\u2019assessore alla sanit\u00e0 Manuela Lanzarin, \u00e8 stata accolta la proposta di intitolare la nuova base HEMS di Pieve di Cadore al dr Angelo Costola, tenace promotore e sostenitore dell\u2019elisoccorso, che molto si \u00e8 adoperato proprio per attivare la prima base veneta proprio a Pieve, integrando le competenze sanitarie con quelle di soccorso alpino. La nuova base prevede un investimento di oltre 3 milioni di euro. Il cantiere \u00e8 partito nell\u2019agosto 2020. Tra gennaio e marzo 2021 c\u2019\u00e8 stata una sospensione dei lavori legata alle abbondanti nevicate che hanno interessato il Cadore e all\u2019epidemia Covid. Questa mattina la direzione lavori e la ditta appaltatrice hanno comunicato la nuova data di consegna dell\u2019opera fissata per marzo 2022, a causa della difficolt\u00e0, che sta riguardando tutte il settore edile, nel reperire alcuni materiali, per il momento di forte ripresa dei cantieri. Il progetto prevede la realizzazione di una superficie sopraelevata che accoglier\u00e0 la nuova FATO (FinalApproch and Take Off area) cio\u00e8 la piazzola da cui l\u2019elicottero decolla ed atterra e, in affiancamento, una piazzola di sosta, che consentir\u00e0 l\u2019eventuale arrivo di un altro elicottero anche se Falco dovesse essere in sede. Sar\u00e0 costruito un nuovo hangar per la manutenzione e ricovero degli elicotteri, con una serie di locali da destinare alla sosta dell\u2019equipaggio e sar\u00e0 definito un nuovo sistema di parcheggi e viabilit\u00e0 interna dell\u2019ospedale. In questa fase, i lavori per la costruzione della futura rampa, stanno interessando una parte del parcheggio antistante l\u2019entrata dell\u2019ospedale di Pieve: gli stalli, ridotti, sono stati riservati prioritariamente all\u2019utenza.Grazie alla generosit\u00e0 e al senso di comunit\u00e0 della famiglia Olivotto, che fa capire quanto questa opera sia sentita dal territorio, i dipendenti ulss potranno usufruire gratuitamente del parcheggio di propriet\u00e0 di Cadore Asfalti antistante la RSA Marmarole per il periodo dei lavori.<\/p>\n<blockquote>\n<h3><\/h3>\n<p>&nbsp;<\/p>\n\n\t\t\t<style type='text\/css'>\n\t\t\t\t#gallery-5 {\n\t\t\t\t\tmargin: auto;\n\t\t\t\t}\n\t\t\t\t#gallery-5 .gallery-item {\n\t\t\t\t\tfloat: left;\n\t\t\t\t\tmargin-top: 10px;\n\t\t\t\t\ttext-align: center;\n\t\t\t\t\twidth: 33%;\n\t\t\t\t}\n\t\t\t\t#gallery-5 img {\n\t\t\t\t\tborder: 2px solid #cfcfcf;\n\t\t\t\t}\n\t\t\t\t#gallery-5 .gallery-caption {\n\t\t\t\t\tmargin-left: 0;\n\t\t\t\t}\n\t\t\t\t\/* see gallery_shortcode() in wp-includes\/media.php *\/\n\t\t\t<\/style>\n\t\t<div id='gallery-5' class='dt-gallery-container gallery galleryid-239494 gallery-columns-3 gallery-size-thumbnail'><dl class='gallery-item'>\n\t\t\t\t<dt class='gallery-icon landscape'>\n\t\t\t\t\t<a class=\"rollover rollover-zoom dt-pswp-item\" title=\"2\" data-dt-img-description=\"\" data-large_image_width=\"2000\" data-large_image_height=\"1500\"href='https:\/\/www.radiopiu.net\/wordpress\/wp-content\/uploads\/2021\/10\/2-2.jpg'><img loading=\"lazy\" decoding=\"async\" width=\"150\" height=\"150\" src=\"https:\/\/www.radiopiu.net\/wordpress\/wp-content\/uploads\/2021\/10\/2-2-150x150.jpg\" class=\"attachment-thumbnail size-thumbnail\" alt=\"\" \/><\/a>\n\t\t\t\t<\/dt><\/dl><dl class='gallery-item'>\n\t\t\t\t<dt class='gallery-icon landscape'>\n\t\t\t\t\t<a class=\"rollover rollover-zoom dt-pswp-item\" title=\"5\" data-dt-img-description=\"\" data-large_image_width=\"1600\" data-large_image_height=\"1200\"href='https:\/\/www.radiopiu.net\/wordpress\/wp-content\/uploads\/2021\/10\/5.jpg'><img loading=\"lazy\" decoding=\"async\" width=\"150\" height=\"150\" src=\"https:\/\/www.radiopiu.net\/wordpress\/wp-content\/uploads\/2021\/10\/5-150x150.jpg\" class=\"attachment-thumbnail size-thumbnail\" alt=\"\" \/><\/a>\n\t\t\t\t<\/dt><\/dl><dl class='gallery-item'>\n\t\t\t\t<dt class='gallery-icon landscape'>\n\t\t\t\t\t<a class=\"rollover rollover-zoom dt-pswp-item\" title=\"1\" data-dt-img-description=\"\" data-large_image_width=\"1600\" data-large_image_height=\"1200\"href='https:\/\/www.radiopiu.net\/wordpress\/wp-content\/uploads\/2021\/10\/1-2.jpg'><img loading=\"lazy\" decoding=\"async\" width=\"150\" height=\"150\" src=\"https:\/\/www.radiopiu.net\/wordpress\/wp-content\/uploads\/2021\/10\/1-2-150x150.jpg\" class=\"attachment-thumbnail size-thumbnail\" alt=\"\" \/><\/a>\n\t\t\t\t<\/dt><\/dl><br style=\"clear: both\" \/><dl class='gallery-item'>\n\t\t\t\t<dt class='gallery-icon landscape'>\n\t\t\t\t\t<a class=\"rollover rollover-zoom dt-pswp-item\" title=\"3\" data-dt-img-description=\"\" data-large_image_width=\"1600\" data-large_image_height=\"1200\"href='https:\/\/www.radiopiu.net\/wordpress\/wp-content\/uploads\/2021\/10\/3.jpg'><img loading=\"lazy\" decoding=\"async\" width=\"150\" height=\"150\" src=\"https:\/\/www.radiopiu.net\/wordpress\/wp-content\/uploads\/2021\/10\/3-150x150.jpg\" class=\"attachment-thumbnail size-thumbnail\" alt=\"\" \/><\/a>\n\t\t\t\t<\/dt><\/dl><dl class='gallery-item'>\n\t\t\t\t<dt class='gallery-icon landscape'>\n\t\t\t\t\t<a class=\"rollover rollover-zoom dt-pswp-item\" title=\"4\" data-dt-img-description=\"\" data-large_image_width=\"1600\" data-large_image_height=\"1200\"href='https:\/\/www.radiopiu.net\/wordpress\/wp-content\/uploads\/2021\/10\/4.jpg'><img loading=\"lazy\" decoding=\"async\" width=\"150\" height=\"150\" src=\"https:\/\/www.radiopiu.net\/wordpress\/wp-content\/uploads\/2021\/10\/4-150x150.jpg\" class=\"attachment-thumbnail size-thumbnail\" alt=\"\" \/><\/a>\n\t\t\t\t<\/dt><\/dl>\n\t\t\t\t<br style='clear: both' \/>\n\t\t\t<\/div>\n\n<p>&nbsp;<\/p>\n<p>&nbsp;<\/p>\n<p>&nbsp;<\/p>\n<hr \/>\n<\/blockquote>\n<p><strong>\u00a0<\/strong><\/p>\n<p><strong>VOLO NOTTURNO\u00a0 ATTIVATI 2 NUOVI APPRODI\u00a0<\/strong><\/p>\n<p><strong>Dal 29 settembre ad oggi i voli &#8220;notturni&#8221; sul nostro territorio sono stati 6. Da oggi sono attivi due nuovi approdi per il volo notturno a Vallesella (Domegge) e Lamon.Ulteriori siti sono in fase di valutazione<\/strong><\/p>\n<p><a href=\"https:\/\/www.radiopiu.net\/wordpress\/la-nuova-base-di-pieve-di-cadore-nel-ricordo-del-dottor-angelo-costola\/approdi-volo-notturno_28-ottobre-2\/\" rel=\"attachment wp-att-239666\"><img loading=\"lazy\" decoding=\"async\" class=\"alignnone wp-image-239666\" src=\"https:\/\/www.radiopiu.net\/wordpress\/wp-content\/uploads\/2021\/10\/approdi-volo-notturno_28-ottobre-2-300x251.png\" alt=\"\" width=\"332\" height=\"278\" srcset=\"https:\/\/www.radiopiu.net\/wordpress\/wp-content\/uploads\/2021\/10\/approdi-volo-notturno_28-ottobre-2-300x251.png 300w, https:\/\/www.radiopiu.net\/wordpress\/wp-content\/uploads\/2021\/10\/approdi-volo-notturno_28-ottobre-2-768x644.png 768w, https:\/\/www.radiopiu.net\/wordpress\/wp-content\/uploads\/2021\/10\/approdi-volo-notturno_28-ottobre-2.png 940w\" sizes=\"auto, (max-width: 332px) 100vw, 332px\" \/><\/a><\/p>\n<p>&nbsp;<\/p>\n<p>&nbsp;<\/p>\n<p>&nbsp;<\/p>\n<hr \/>\n<p>&nbsp;<\/p>\n<blockquote>\n<h3>GLI STRANI INCENDI DI CARACOI, INDAGINI DEI CARABINIERI PER FARE CHIAREZZA<\/h3>\n<p>&nbsp;<\/p><\/blockquote>\n<p><strong>ROCCA PIETORE<\/strong> Dell&#8217;auto e delle biciclette rimane davvero poco a Caracoi Agoin. Il proprietario si \u00e8 rivolto ai Carabinieri di Agordo, ha sporto denuncia e si aspetta una risposta puntuale. Della Volkswagen Golf bianca \u00e8 rimasta soltanto la carrozzeria. Distrutte\u00a0 due mountain bike\u00a0 che erano nel portabagagli agganciato al tettuccio. L&#8217;incendio \u00e8 successivo al danneggiamento del vetro, che era stato sfondato sul lato passeggero con una grossa pietra, che poi \u00e8 stata lasciata nelle vicinanze della vettura. Il proprietario \u00e8 sicuro che si tratti di un gesto volontario di\u00a0 persone del luogo. I militari sono al lavoro anche con la collaborazione\u00a0 \u00a0dei vigili del fuoco che hanno effettuato i rilievi.<\/p>\n<p>foto CorriereAlpi_Gigi Sosso<\/p>\n\n\t\t\t<style type='text\/css'>\n\t\t\t\t#gallery-6 {\n\t\t\t\t\tmargin: auto;\n\t\t\t\t}\n\t\t\t\t#gallery-6 .gallery-item {\n\t\t\t\t\tfloat: left;\n\t\t\t\t\tmargin-top: 10px;\n\t\t\t\t\ttext-align: center;\n\t\t\t\t\twidth: 50%;\n\t\t\t\t}\n\t\t\t\t#gallery-6 img {\n\t\t\t\t\tborder: 2px solid #cfcfcf;\n\t\t\t\t}\n\t\t\t\t#gallery-6 .gallery-caption {\n\t\t\t\t\tmargin-left: 0;\n\t\t\t\t}\n\t\t\t\t\/* see gallery_shortcode() in wp-includes\/media.php *\/\n\t\t\t<\/style>\n\t\t<div id='gallery-6' class='dt-gallery-container gallery galleryid-239494 gallery-columns-2 gallery-size-medium'><dl class='gallery-item'>\n\t\t\t\t<dt class='gallery-icon landscape'>\n\t\t\t\t\t<a class=\"rollover rollover-zoom dt-pswp-item\" title=\"WhatsApp Image 2021-10-29 at 08.52.45\" data-dt-img-description=\"\" data-large_image_width=\"1600\" data-large_image_height=\"1200\"href='https:\/\/www.radiopiu.net\/wordpress\/wp-content\/uploads\/2021\/10\/WhatsApp-Image-2021-10-29-at-08.52.45.jpeg'><img loading=\"lazy\" decoding=\"async\" width=\"300\" height=\"225\" src=\"https:\/\/www.radiopiu.net\/wordpress\/wp-content\/uploads\/2021\/10\/WhatsApp-Image-2021-10-29-at-08.52.45-300x225.jpeg\" class=\"attachment-medium size-medium\" alt=\"\" srcset=\"https:\/\/www.radiopiu.net\/wordpress\/wp-content\/uploads\/2021\/10\/WhatsApp-Image-2021-10-29-at-08.52.45-300x225.jpeg 300w, https:\/\/www.radiopiu.net\/wordpress\/wp-content\/uploads\/2021\/10\/WhatsApp-Image-2021-10-29-at-08.52.45-1024x768.jpeg 1024w, https:\/\/www.radiopiu.net\/wordpress\/wp-content\/uploads\/2021\/10\/WhatsApp-Image-2021-10-29-at-08.52.45-768x576.jpeg 768w, https:\/\/www.radiopiu.net\/wordpress\/wp-content\/uploads\/2021\/10\/WhatsApp-Image-2021-10-29-at-08.52.45-1536x1152.jpeg 1536w, https:\/\/www.radiopiu.net\/wordpress\/wp-content\/uploads\/2021\/10\/WhatsApp-Image-2021-10-29-at-08.52.45.jpeg 1600w\" sizes=\"auto, (max-width: 300px) 100vw, 300px\" \/><\/a>\n\t\t\t\t<\/dt><\/dl><dl class='gallery-item'>\n\t\t\t\t<dt class='gallery-icon landscape'>\n\t\t\t\t\t<a class=\"rollover rollover-zoom dt-pswp-item\" title=\"WhatsApp Image 2021-10-29 at 08.53.43\" data-dt-img-description=\"\" data-large_image_width=\"1600\" data-large_image_height=\"1200\"href='https:\/\/www.radiopiu.net\/wordpress\/wp-content\/uploads\/2021\/10\/WhatsApp-Image-2021-10-29-at-08.53.43.jpeg'><img loading=\"lazy\" decoding=\"async\" width=\"300\" height=\"225\" src=\"https:\/\/www.radiopiu.net\/wordpress\/wp-content\/uploads\/2021\/10\/WhatsApp-Image-2021-10-29-at-08.53.43-300x225.jpeg\" class=\"attachment-medium size-medium\" alt=\"\" srcset=\"https:\/\/www.radiopiu.net\/wordpress\/wp-content\/uploads\/2021\/10\/WhatsApp-Image-2021-10-29-at-08.53.43-300x225.jpeg 300w, https:\/\/www.radiopiu.net\/wordpress\/wp-content\/uploads\/2021\/10\/WhatsApp-Image-2021-10-29-at-08.53.43-1024x768.jpeg 1024w, https:\/\/www.radiopiu.net\/wordpress\/wp-content\/uploads\/2021\/10\/WhatsApp-Image-2021-10-29-at-08.53.43-768x576.jpeg 768w, https:\/\/www.radiopiu.net\/wordpress\/wp-content\/uploads\/2021\/10\/WhatsApp-Image-2021-10-29-at-08.53.43-1536x1152.jpeg 1536w, https:\/\/www.radiopiu.net\/wordpress\/wp-content\/uploads\/2021\/10\/WhatsApp-Image-2021-10-29-at-08.53.43.jpeg 1600w\" sizes=\"auto, (max-width: 300px) 100vw, 300px\" \/><\/a>\n\t\t\t\t<\/dt><\/dl><br style=\"clear: both\" \/>\n\t\t\t<\/div>\n\n<p>&nbsp;<\/p>\n<p>&nbsp;<\/p>\n<hr \/>\n<p>&nbsp;<\/p>\n<blockquote>\n<h3>LA MONTAGNA E&#8217; DI TUTTI&#8230; EVIDENTEMENTE NON PER TUTTI<\/h3>\n<\/blockquote>\n<div class=\"kvgmc6g5 cxmmr5t8 oygrvhab hcukyx3x c1et5uql ii04i59q\">\n<div dir=\"auto\"><a href=\"https:\/\/www.radiopiu.net\/wordpress\/la-montagna-e-di-tutti-evidentemente-non-per-tutti\/244786724_10220163138053145_1261503392562846736_n\/\" rel=\"attachment wp-att-239590\"><img loading=\"lazy\" decoding=\"async\" class=\"wp-image-239590 alignleft\" src=\"https:\/\/www.radiopiu.net\/wordpress\/wp-content\/uploads\/2021\/10\/244786724_10220163138053145_1261503392562846736_n-300x300.jpg\" alt=\"\" width=\"141\" height=\"141\" srcset=\"https:\/\/www.radiopiu.net\/wordpress\/wp-content\/uploads\/2021\/10\/244786724_10220163138053145_1261503392562846736_n-300x300.jpg 300w, https:\/\/www.radiopiu.net\/wordpress\/wp-content\/uploads\/2021\/10\/244786724_10220163138053145_1261503392562846736_n-150x150.jpg 150w, https:\/\/www.radiopiu.net\/wordpress\/wp-content\/uploads\/2021\/10\/244786724_10220163138053145_1261503392562846736_n.jpg 720w\" sizes=\"auto, (max-width: 141px) 100vw, 141px\" \/><\/a><strong>di Giulia De Biasio\u00a0<\/strong><\/div>\n<div dir=\"auto\"><\/div>\n<div dir=\"auto\">Vista la splendida giornata autunnale ho approfittato per una scampagnata sulle montagne di casa ma arrivata ad Ambrusogn \u00e8 stata tanta l&#8217;amarezza nel vedere come stanno riducendo la malga.\u00a0 Luoghi incantati deturpati dall&#8217;incivilt\u00e0 della gente che sale fin quass\u00f9 solo x fare baldoria. Sono stati rovinati gli infissi e lo storico portone della stalla.. porte spalancate, disordine e immondizia ovunque. Speriamo di sistemare presto ma nel frattempo si chiede un p\u00f3 di rispetto.La montagna \u00e8 di tutti ma evidentemente non per tutti.<\/div>\n<\/div>\n<div class=\"o9v6fnle cxmmr5t8 oygrvhab hcukyx3x c1et5uql ii04i59q\">\n<div dir=\"auto\">\n<p><span style=\"color: #0000ff;\"><a style=\"color: #0000ff;\" href=\"https:\/\/www.facebook.com\/pages\/Malga%20Ambrusogn\/102993982186744\/\">PAGINA FACEBOOK<\/a><\/span><\/p>\n<\/div>\n<div dir=\"auto\"><\/div>\n<\/div>\n<div dir=\"auto\">\n\n\t\t\t<style type='text\/css'>\n\t\t\t\t#gallery-7 {\n\t\t\t\t\tmargin: auto;\n\t\t\t\t}\n\t\t\t\t#gallery-7 .gallery-item {\n\t\t\t\t\tfloat: left;\n\t\t\t\t\tmargin-top: 10px;\n\t\t\t\t\ttext-align: center;\n\t\t\t\t\twidth: 50%;\n\t\t\t\t}\n\t\t\t\t#gallery-7 img {\n\t\t\t\t\tborder: 2px solid #cfcfcf;\n\t\t\t\t}\n\t\t\t\t#gallery-7 .gallery-caption {\n\t\t\t\t\tmargin-left: 0;\n\t\t\t\t}\n\t\t\t\t\/* see gallery_shortcode() in wp-includes\/media.php *\/\n\t\t\t<\/style>\n\t\t<div id='gallery-7' class='dt-gallery-container gallery galleryid-239494 gallery-columns-2 gallery-size-medium'><dl class='gallery-item'>\n\t\t\t\t<dt class='gallery-icon portrait'>\n\t\t\t\t\t<a class=\"rollover rollover-zoom dt-pswp-item\" title=\"248591331_10220232694992025_4328753144107319949_n\" data-dt-img-description=\"\" data-large_image_width=\"440\" data-large_image_height=\"600\"href='https:\/\/www.radiopiu.net\/wordpress\/wp-content\/uploads\/2021\/10\/248591331_10220232694992025_4328753144107319949_n.jpg'><img loading=\"lazy\" decoding=\"async\" width=\"220\" height=\"300\" src=\"https:\/\/www.radiopiu.net\/wordpress\/wp-content\/uploads\/2021\/10\/248591331_10220232694992025_4328753144107319949_n-220x300.jpg\" class=\"attachment-medium size-medium\" alt=\"\" srcset=\"https:\/\/www.radiopiu.net\/wordpress\/wp-content\/uploads\/2021\/10\/248591331_10220232694992025_4328753144107319949_n-220x300.jpg 220w, https:\/\/www.radiopiu.net\/wordpress\/wp-content\/uploads\/2021\/10\/248591331_10220232694992025_4328753144107319949_n.jpg 440w\" sizes=\"auto, (max-width: 220px) 100vw, 220px\" \/><\/a>\n\t\t\t\t<\/dt><\/dl><dl class='gallery-item'>\n\t\t\t\t<dt class='gallery-icon portrait'>\n\t\t\t\t\t<a class=\"rollover rollover-zoom dt-pswp-item\" title=\"247952946_10220232694352009_4953584931915323150_n\" data-dt-img-description=\"\" data-large_image_width=\"440\" data-large_image_height=\"600\"href='https:\/\/www.radiopiu.net\/wordpress\/wp-content\/uploads\/2021\/10\/247952946_10220232694352009_4953584931915323150_n.jpg'><img loading=\"lazy\" decoding=\"async\" width=\"220\" height=\"300\" src=\"https:\/\/www.radiopiu.net\/wordpress\/wp-content\/uploads\/2021\/10\/247952946_10220232694352009_4953584931915323150_n-220x300.jpg\" class=\"attachment-medium size-medium\" alt=\"\" srcset=\"https:\/\/www.radiopiu.net\/wordpress\/wp-content\/uploads\/2021\/10\/247952946_10220232694352009_4953584931915323150_n-220x300.jpg 220w, https:\/\/www.radiopiu.net\/wordpress\/wp-content\/uploads\/2021\/10\/247952946_10220232694352009_4953584931915323150_n.jpg 440w\" sizes=\"auto, (max-width: 220px) 100vw, 220px\" \/><\/a>\n\t\t\t\t<\/dt><\/dl><br style=\"clear: both\" \/>\n\t\t\t<\/div>\n\n<p>&nbsp;<\/p>\n<hr \/>\n<p>&nbsp;<\/p>\n<p>&nbsp;<\/p>\n<blockquote>\n<h3><a href=\"https:\/\/www.radiopiu.net\/wordpress\/giornale-radiopiu-13-ottobre-2021-direttore-mirko-mezzacasa\/205385777_1973519972808191_8169266752908450417_n-2\/\" rel=\"attachment wp-att-236775\"><img loading=\"lazy\" decoding=\"async\" class=\"wp-image-236775 alignright\" src=\"https:\/\/www.radiopiu.net\/wordpress\/wp-content\/uploads\/2021\/10\/205385777_1973519972808191_8169266752908450417_n-300x300.jpg\" alt=\"\" width=\"145\" height=\"145\" srcset=\"https:\/\/www.radiopiu.net\/wordpress\/wp-content\/uploads\/2021\/10\/205385777_1973519972808191_8169266752908450417_n-300x300.jpg 300w, https:\/\/www.radiopiu.net\/wordpress\/wp-content\/uploads\/2021\/10\/205385777_1973519972808191_8169266752908450417_n-1024x1024.jpg 1024w, https:\/\/www.radiopiu.net\/wordpress\/wp-content\/uploads\/2021\/10\/205385777_1973519972808191_8169266752908450417_n-150x150.jpg 150w, https:\/\/www.radiopiu.net\/wordpress\/wp-content\/uploads\/2021\/10\/205385777_1973519972808191_8169266752908450417_n-768x768.jpg 768w, https:\/\/www.radiopiu.net\/wordpress\/wp-content\/uploads\/2021\/10\/205385777_1973519972808191_8169266752908450417_n.jpg 1279w\" sizes=\"auto, (max-width: 145px) 100vw, 145px\" \/><\/a>UN FONDO PER LA VALORIZZAZIONE DEI TERRITORI, PER LE OLIMPIADI ALTRI 324 MILIONI<\/h3>\n<\/blockquote>\n<p><strong>ROMA<\/strong> <em>\u201cNella prossima manovra di Bilancio sar\u00e0 data attenzione alla Montagna tramite un fondo che prevede una dotazione di 100 milioni di euro per l\u2019anno 2022 e 200 milioni di euro a decorrere dall\u2019anno 2023. Un importante risultato per lo sviluppo dei territori montani e per la loro salvaguardia: il fondo servir\u00e0 anche a sostenere i Comuni totalmente e parzialmente montani delle Regioni e delle Province autonome\u201d.\u00a0 \u00a0\u00a0<\/em>Lo dichiara Federico D\u2019Inc\u00e0, Ministro per i Rapporti con il Parlamento, in seguito ai fondi destinati alla Montagna nella prossima Manovra di Bilancio.\u00a0 Non solo: D\u2019Inc\u00e0, come annunciato nelle scorse settimane, comunica gli ulteriori stanziamenti per le prossime Olimpiadi di Milano-Cortina, per i Giochi invernali del 2026 sono previsti fondi aggiuntivi che si aggiungono alle risorse gi\u00e0 stanziate: si tratta di ulteriori 324 milioni di euro, ripartiti in 81 milioni annui fino al 2025 . &#8220;<em>Sono particolarmente soddisfatto per questo ulteriore stanziamento &#8211; dice d&#8217;Inc\u00e0 &#8211;\u00a0 su cui mi sono interessato per dare maggiore sostegno all&#8217;evento: questi fondi rappresentano un nuovo e poderoso impulso per le opere strutturali previste che ci consentiranno di preparare al meglio l&#8217;appuntamento lasciando ai territori un&#8217;importante eredit\u00e0 anche per il futuro\u201d.<\/em><\/p>\n<p>&nbsp;<\/p>\n<p>&nbsp;<\/p>\n<\/div>\n<p>&nbsp;<\/p>\n<hr \/>\n<p>&nbsp;<\/p>\n<blockquote>\n<h3>MODENA FIERE, TUTTA UN&#8217;ALTRA COSA RISPETTO AD UN ANNO FA, IL PUNTO DI RIFERIMENTO PER IL MONDO DELLA NEVE E DEGLI SPORT INVERNALI<\/h3>\n<\/blockquote>\n<p><a href=\"https:\/\/www.radiopiu.net\/wordpress\/giornale-radiopiu-29-ottobre-2021-direttore-mirko-mezzacasa\/fiere-modena-modenafiere-momoli-panzani\/\" rel=\"attachment wp-att-239693\"><img loading=\"lazy\" decoding=\"async\" class=\"size-medium wp-image-239693 alignleft\" src=\"https:\/\/www.radiopiu.net\/wordpress\/wp-content\/uploads\/2021\/10\/fiere-modena-modenafiere-momoli-panzani-300x211.jpg\" alt=\"\" width=\"300\" height=\"211\" srcset=\"https:\/\/www.radiopiu.net\/wordpress\/wp-content\/uploads\/2021\/10\/fiere-modena-modenafiere-momoli-panzani-300x211.jpg 300w, https:\/\/www.radiopiu.net\/wordpress\/wp-content\/uploads\/2021\/10\/fiere-modena-modenafiere-momoli-panzani.jpg 700w\" sizes=\"auto, (max-width: 300px) 100vw, 300px\" \/><\/a><strong>MODENA\u00a0<\/strong> Ai microfoni di Barbara Paolazzi (Radio Club 103) il direttore generale di Modena Fiere Marco Momoli, 57 anni, originario di Verona, \u00a0 laureato in Scienze politiche all&#8217;Universita&#8217; di Firenze nel 1986.\u00a0 Nel 1991 entra nel gruppo BolognaFiere con l&#8217;incarico di project manager e da allora ha svolto tutta la sua carriera all&#8217;interno dell&#8217;area commerciale della societa&#8217; ricoprendo ruoli di sempre maggiore responsabilita&#8217;. Direttore di Business unit cultura di BolognaFiere all&#8217;interno della quale sono comprese Arte Fiera e Fiera del Libro per ragazzi, due degli eventi di maggiore prestigio e tradizione della societa&#8217; bolognese.<br \/>\n<span style=\"color: #ff0000;\">SKIPASS 29 OTTOBRE \/ 1 NOVEMBRE Turismo e sport invernali Snow must go on Website:\u00a0http:\/\/www.skipass.it<\/span><br \/>\n<span style=\"color: #ff0000;\">Email:\u00a0info@skipass.it<\/span><\/p>\n<audio class=\"wp-audio-shortcode\" id=\"audio-239494-12\" preload=\"none\" style=\"width: 100%;\" controls=\"controls\"><source type=\"audio\/mpeg\" src=\"https:\/\/www.radiopiu.net\/wordpress\/wp-content\/uploads\/2021\/10\/momoli.mp3?_=12\" \/><a href=\"https:\/\/www.radiopiu.net\/wordpress\/wp-content\/uploads\/2021\/10\/momoli.mp3\">https:\/\/www.radiopiu.net\/wordpress\/wp-content\/uploads\/2021\/10\/momoli.mp3<\/a><\/audio>\n<p>&nbsp;<\/p>\n<p>&nbsp;<\/p>\n<hr \/>\n<blockquote>\n<h3><\/h3>\n<h3>DOLOMITIBUS ILLUMINAZIONE AD AGORDO &#8220;PICCOLO PROBLEMA GIA&#8217; IN FASE DI SOLUZIONE&#8221;<\/h3>\n<\/blockquote>\n<p><strong>AGORDO<\/strong> Sar\u00e0 stato anche un piccolo problema, ma che siano passate pi\u00f9 di due settimane dalla prima segnalazione fa comunque pensare. Bene che il problema sia in fase di soluzione visto che per rialzare l&#8217;interruttore non ci vuole poi molto, con la speranza che la prossima volta ad accorgersi del problema siano le maestranze di Dolomitibus piuttosto che come in questo caso gli ascoltatori di Radio Pi\u00f9 che hanno avuto modo di sottolineare anche la poca luce della pensiline insufficiente per garantire la sicurezza. La giustificazione &#8220;la luce della pensiline era accesa&#8221;&#8230; fa sorridere, proprio questo hanno segnalato gli ascoltatori di Radio Pi\u00f9 &#8216; la scarsa illuminazione delle pensiline, non da qualche giorno, da qualche settimana.<br \/>\n<strong>mirko mezzacasa\u00a0<\/strong><\/p>\n<p><strong>\u00a0\u00a0<\/strong><\/p>\n<p><strong>BELLUNO<\/strong> Provincia e Dolomitibus hanno individuato la natura del disservizio elettrico, segnalato da alcuni utenti all\u2019autostazione di Agordo. Nei giorni scorsi infatti risultavano spenti i lampioni dell\u2019area pedonale, mentre gli autisti non avevano segnalato alcunch\u00e9 visto che le luci delle pensiline di attesa e dell\u2019area di manovra erano regolarmente accese. Dolomitibus ha trovato un quadro elettrico interno al locale segreteria con gli interruttori abbassati. <em>\u00abOra il problema \u00e8 stato risolto, riaccendendo le luci che erano state abbassate. Ma per sicurezza in serata verr\u00e0 fatto un controllo ulteriore per capire se i timer e le fotocellule sono regolarmente in funzione &#8211; spiega il consigliere provinciale delegato alla mobilit\u00e0 e ai trasporti, Dario Scopel -. Stiamo verificando come \u00e8 avvenuto lo spegnimento, ma pare di poter individuare la causa nell\u2019effrazione avvenuta qualche tempo fa proprio nella sede di Dolomitibus, prontamente denunciata. In quell\u2019occasione alcuni teppisti avevano spaccato una finestra ed erano entrati negli uffici, portandosi via qualche oggetto di scarso valore. Il disservizio elettrico non era stato notato perch\u00e9 con le ore di luce ancora lunghe e l\u2019illuminazione delle pensiline difficilmente gli autisti si sarebbero accorti. Adesso per\u00f2 \u00e8 rientrato\u00bb.<\/em><\/p>\n<p>&nbsp;<\/p>\n<p><strong><span style=\"color: #0000ff;\">DAL NOTIZIARIO DI IERI<\/span><\/strong><\/p>\n<blockquote>\n<h3>IL BUIO IMPERA NELL&#8217;AREA DOLOMITIBUS E NESSUNO INTERVIENE A CAMBIARE&#8230; LE LAMPADINE<\/h3>\n<\/blockquote>\n<p><strong><a class=\"dt-pswp-item\" href=\"https:\/\/www.radiopiu.net\/wordpress\/wp-content\/uploads\/2021\/10\/9396bbfc-2818-4225-b55d-9a56c39206f1.jpg\" data-dt-img-description=\"\" data-large_image_width=\"1599\" data-large_image_height=\"899\"><img loading=\"lazy\" decoding=\"async\" class=\"size-thumbnail wp-image-237486 alignleft\" src=\"https:\/\/www.radiopiu.net\/wordpress\/wp-content\/uploads\/2021\/10\/9396bbfc-2818-4225-b55d-9a56c39206f1-150x150.jpg\" alt=\"\" width=\"150\" height=\"150\" \/><\/a>AGORDO<\/strong> Area Dolomitibus. Oltre ai due lampioni sulla torretta all&#8217;ingresso che sono ancora spenti e dovrebbero illuminare i passaggi pedonali, sono spenti anche tutti i lampioni stradali interni all&#8217;area pubblica. Sono accese solo le luci al neon sotto alle pensiline ben poca cosa. Sicuramente un risparmio energetico per l&#8217;azienda di Trasporto Pubblico Locale ma sarebbe il caso che il Comune, la Provincia, cio\u00e8 chi ha competenza e voce in capitolo faccia pressione perch\u00e9 si intervenga in fretta prima di piangere lacrime per possibili incidenti: se il problema ora si presenta per una o due ore al mattino e con i negozi chiusi,\u00a0 \u00a0da domenica\u00a0 con il cambio di orario i problemi saranno evidenti\u00a0 nel tardo pomeriggio con negozi aperti, tra l&#8217;altro nella zona scolastica. I lampioni sono spenti da almeno 20 giorni. Che la Dolomitibus risparmi altrove non sulla pelle degli utenti! In caso contrario che fornisca i contribuenti di torce.<\/p>\n<p>mm<\/p>\n<p>&nbsp;<\/p>\n<p>&nbsp;<\/p>\n<hr \/>\n<blockquote>\n<h3><\/h3>\n<h3>DILLO A RADIO PIU&#8217;&#8230; &#8220;CI SI ABITUA AI LAMPIONI SPENTI DIMENTICANDO QUANDO ERANO ACCESI&#8221;<\/h3>\n<\/blockquote>\n<p><em><a href=\"https:\/\/www.radiopiu.net\/wordpress\/dillo-a-radio-piu-ci-si-abitua-ai-lampioni-spenti-dimenticando-quando-erano-accesi\/lampioni-spenti-491853-large\/\" rel=\"attachment wp-att-239659\"><img loading=\"lazy\" decoding=\"async\" class=\" wp-image-239659 alignleft\" src=\"https:\/\/www.radiopiu.net\/wordpress\/wp-content\/uploads\/2021\/10\/lampioni-spenti-491853.large_-300x225.jpg\" alt=\"\" width=\"187\" height=\"140\" srcset=\"https:\/\/www.radiopiu.net\/wordpress\/wp-content\/uploads\/2021\/10\/lampioni-spenti-491853.large_-300x225.jpg 300w, https:\/\/www.radiopiu.net\/wordpress\/wp-content\/uploads\/2021\/10\/lampioni-spenti-491853.large_-768x576.jpg 768w, https:\/\/www.radiopiu.net\/wordpress\/wp-content\/uploads\/2021\/10\/lampioni-spenti-491853.large_.jpg 1024w\" sizes=\"auto, (max-width: 187px) 100vw, 187px\" \/><\/a>Riceviamo e volentieri pubblichiamo la lettera firmata.<\/em><\/p>\n<p>Cara Radio Pi\u00f9 da diversi giorni\u00a0 vi seguo sulla vicenda dell&#8217;area Dolomitibus, dal primo annuncio di parecchi giorni fa a quello di questa mattina. Mi sono proprio chiesto se ci voleva tanto ad intervenire e come avessero fatto, gli autisti in primis a non rendersi conto del buio. Per questo alcune considerazioni. Vien da ridere se non fosse che realmente c&#8217;\u00e8 da piangere. Se questi sono i risultati delle gestioni &#8220;in loco&#8221; e dell&#8217;autonomia, meglio che ci sia Venezia o Roma a dare una occhiata ogni tanto, perch\u00e8 l&#8217;Agordino e aree limitrofe, non possono sempre sperare che ci sia Radio Pi\u00f9 che fa da megafono alle segnalazioni degli ascoltatori. Se poi gli stessi responsabili banalizzano dicendo che bastava semplicemente sollevare un interruttore,\u00a0 allora anche per le istituzioni predisposte ai controlli ci sarebbe da pensarci sopra, perch\u00e9 non \u00e8 l&#8217;albero di Natale, ma ne va della sicurezza degli utenti. Fosse stato l&#8217;albero di Natale spento, forse si sarebbero levate pi\u00f9 voci scandalizzate. Poi, ci si abitua ai lampioni spenti e pian piano non ci si ricorda nemmeno pi\u00f9 che un tempo erano accesi.<\/p>\n<p>&nbsp;<\/p>\n<p>&nbsp;<\/p>\n<h3>DILLO A RADIO PIU&#8217; 2&#8230;.<\/h3>\n<p>&nbsp;<\/p>\n<blockquote><p><em>ore 7,55 lampioni area Dolomitibus e atraversamenti pedonali perfettamente funzionanti. Impressionante la differenza, ma ancora pi\u00f9 impressionante \u00e8 che gli utenti avessero accettato di buon grado il sopravvenire dell&#8217; oscurit\u00e0 quasi totale in certe aree. Il tutto pian piano, qualche decina di secondi al giorno\u00a0 e alla fine non si rendevano conto che li c&#8217;erano anche i lampioni\u00a0 e accettavano tranquillamente il buio. Al di l\u00e0 della questione, questo dimostra come sia facilmente condizionabile la popolazione e le condizioni di vita della stessa, modificando pian piano le abitudini di vita che saranno poi, alla fine, considerate come sempre state ed ovvie, dalla totalit\u00e0 o quasi della popolazione, a meno che, qualcuno, non faccia &#8220;riaccendere i lampioni&#8221;.\u00a0<\/em><\/p><\/blockquote>\n<p>&nbsp;<\/p>\n<p>&nbsp;<\/p>\n<hr \/>\n<p>&nbsp;<\/p>\n<p>&nbsp;<\/p>\n<blockquote>\n<h3>SCHOLA DELLA CONFRATERNITA DEI BATTUTI, DAL DEGRADO AL RESTAURO<\/h3>\n<\/blockquote>\n<p><strong><a href=\"https:\/\/www.radiopiu.net\/wordpress\/schola-della-confraternita-dei-battuti-dal-degrado-al-restauro\/confraternita-dei-battuti-2\/\" rel=\"attachment wp-att-239656\"><img loading=\"lazy\" decoding=\"async\" class=\"wp-image-239656 alignleft\" src=\"https:\/\/www.radiopiu.net\/wordpress\/wp-content\/uploads\/2021\/10\/Confraternita-dei-Battuti-2-225x300.jpg\" alt=\"\" width=\"159\" height=\"212\" srcset=\"https:\/\/www.radiopiu.net\/wordpress\/wp-content\/uploads\/2021\/10\/Confraternita-dei-Battuti-2-225x300.jpg 225w, https:\/\/www.radiopiu.net\/wordpress\/wp-content\/uploads\/2021\/10\/Confraternita-dei-Battuti-2.jpg 600w\" sizes=\"auto, (max-width: 159px) 100vw, 159px\" \/><\/a><\/strong><\/p>\n<p>&nbsp;<\/p>\n<p>&nbsp;<\/p>\n<p><strong>VALLADA<\/strong><\/p>\n<p><strong>GIANNI SANTOMASO\u00a0<\/strong><\/p>\n<audio class=\"wp-audio-shortcode\" id=\"audio-239494-13\" preload=\"none\" style=\"width: 100%;\" controls=\"controls\"><source type=\"audio\/mpeg\" src=\"https:\/\/www.radiopiu.net\/wordpress\/wp-content\/uploads\/2021\/10\/gianni-san-simon.mp3?_=13\" \/><a href=\"https:\/\/www.radiopiu.net\/wordpress\/wp-content\/uploads\/2021\/10\/gianni-san-simon.mp3\">https:\/\/www.radiopiu.net\/wordpress\/wp-content\/uploads\/2021\/10\/gianni-san-simon.mp3<\/a><\/audio>\n<p>&nbsp;<\/p>\n\n\t\t\t<style type='text\/css'>\n\t\t\t\t#gallery-8 {\n\t\t\t\t\tmargin: auto;\n\t\t\t\t}\n\t\t\t\t#gallery-8 .gallery-item {\n\t\t\t\t\tfloat: left;\n\t\t\t\t\tmargin-top: 10px;\n\t\t\t\t\ttext-align: center;\n\t\t\t\t\twidth: 33%;\n\t\t\t\t}\n\t\t\t\t#gallery-8 img {\n\t\t\t\t\tborder: 2px solid #cfcfcf;\n\t\t\t\t}\n\t\t\t\t#gallery-8 .gallery-caption {\n\t\t\t\t\tmargin-left: 0;\n\t\t\t\t}\n\t\t\t\t\/* see gallery_shortcode() in wp-includes\/media.php *\/\n\t\t\t<\/style>\n\t\t<div id='gallery-8' class='dt-gallery-container gallery galleryid-239494 gallery-columns-3 gallery-size-thumbnail'><dl class='gallery-item'>\n\t\t\t\t<dt class='gallery-icon landscape'>\n\t\t\t\t\t<a class=\"rollover\" href='https:\/\/www.radiopiu.net\/wordpress\/schola-della-confraternita-dei-battuti-dal-degrado-al-restauro\/b56acd88-fdeb-4aa7-9c54-15d0a72f99a7\/'><img loading=\"lazy\" decoding=\"async\" width=\"150\" height=\"150\" src=\"https:\/\/www.radiopiu.net\/wordpress\/wp-content\/uploads\/2021\/10\/b56acd88-fdeb-4aa7-9c54-15d0a72f99a7-150x150.jpg\" class=\"attachment-thumbnail size-thumbnail\" alt=\"\" \/><\/a>\n\t\t\t\t<\/dt><\/dl><dl class='gallery-item'>\n\t\t\t\t<dt class='gallery-icon portrait'>\n\t\t\t\t\t<a class=\"rollover\" href='https:\/\/www.radiopiu.net\/wordpress\/schola-della-confraternita-dei-battuti-dal-degrado-al-restauro\/58c125e0-01b3-4c8c-908a-4fb852be34d4\/'><img loading=\"lazy\" decoding=\"async\" width=\"150\" height=\"150\" src=\"https:\/\/www.radiopiu.net\/wordpress\/wp-content\/uploads\/2021\/10\/58c125e0-01b3-4c8c-908a-4fb852be34d4-150x150.jpg\" class=\"attachment-thumbnail size-thumbnail\" alt=\"\" \/><\/a>\n\t\t\t\t<\/dt><\/dl><dl class='gallery-item'>\n\t\t\t\t<dt class='gallery-icon landscape'>\n\t\t\t\t\t<a class=\"rollover\" href='https:\/\/www.radiopiu.net\/wordpress\/schola-della-confraternita-dei-battuti-dal-degrado-al-restauro\/6493402a-66bd-4da1-847a-a9954d348491\/'><img loading=\"lazy\" decoding=\"async\" width=\"150\" height=\"150\" src=\"https:\/\/www.radiopiu.net\/wordpress\/wp-content\/uploads\/2021\/10\/6493402a-66bd-4da1-847a-a9954d348491-150x150.jpg\" class=\"attachment-thumbnail size-thumbnail\" alt=\"\" \/><\/a>\n\t\t\t\t<\/dt><\/dl><br style=\"clear: both\" \/><dl class='gallery-item'>\n\t\t\t\t<dt class='gallery-icon portrait'>\n\t\t\t\t\t<a class=\"rollover\" href='https:\/\/www.radiopiu.net\/wordpress\/schola-della-confraternita-dei-battuti-dal-degrado-al-restauro\/967abc02-4ddf-42f8-be40-178c86db2fb8\/'><img loading=\"lazy\" decoding=\"async\" width=\"150\" height=\"150\" src=\"https:\/\/www.radiopiu.net\/wordpress\/wp-content\/uploads\/2021\/10\/967abc02-4ddf-42f8-be40-178c86db2fb8-150x150.jpg\" class=\"attachment-thumbnail size-thumbnail\" alt=\"\" \/><\/a>\n\t\t\t\t<\/dt><\/dl><dl class='gallery-item'>\n\t\t\t\t<dt class='gallery-icon landscape'>\n\t\t\t\t\t<a class=\"rollover\" href='https:\/\/www.radiopiu.net\/wordpress\/schola-della-confraternita-dei-battuti-dal-degrado-al-restauro\/ea98ba44-a925-4ba8-80f4-e1055972da19\/'><img loading=\"lazy\" decoding=\"async\" width=\"150\" height=\"150\" src=\"https:\/\/www.radiopiu.net\/wordpress\/wp-content\/uploads\/2021\/10\/ea98ba44-a925-4ba8-80f4-e1055972da19-150x150.jpg\" class=\"attachment-thumbnail size-thumbnail\" alt=\"\" \/><\/a>\n\t\t\t\t<\/dt><\/dl><dl class='gallery-item'>\n\t\t\t\t<dt class='gallery-icon landscape'>\n\t\t\t\t\t<a class=\"rollover\" href='https:\/\/www.radiopiu.net\/wordpress\/schola-della-confraternita-dei-battuti-dal-degrado-al-restauro\/85d64a2a-5ded-4c29-a067-f1dc6fe34de6\/'><img loading=\"lazy\" decoding=\"async\" width=\"150\" height=\"150\" src=\"https:\/\/www.radiopiu.net\/wordpress\/wp-content\/uploads\/2021\/10\/85d64a2a-5ded-4c29-a067-f1dc6fe34de6-150x150.jpg\" class=\"attachment-thumbnail size-thumbnail\" alt=\"\" \/><\/a>\n\t\t\t\t<\/dt><\/dl><br style=\"clear: both\" \/>\n\t\t\t<\/div>\n\n<p>La sede pi\u00f9 antica della Schola dei Battuti in Val del Biois era di fronte alla Chiesa di San Simon di Vallada; e non a caso, perch\u00e9 le strade antiche dell\u2019intera Valle si congiungevano proprio a San Simon. Qui si incontravano quindi non solo i fedeli ed i pellegrini ma anche i viaggiatori di ogni tipo e per ogni motivo: questo era quindi il luogo migliore per far nascere una confraternita destinata all\u2019assistenza di tutti e che divent\u00f2 importantissima come testimonianza di fede, di carit\u00e0 concreta, di mentalit\u00e0 aperta e di attenzione alle novit\u00e0 in campo sociale ed artistico.<\/p>\n<blockquote>\n<div dir=\"auto\"><em>la bellissima <a href=\"https:\/\/www.falcadedolomiti.it\/esperienze-o-idee-vacanza\/cultura-e-attrazioni\/chiese\/\">chiesa di San Simon a Vallada Agordina<\/a>. Gioiello di storia ed arte, adagiata sui pendii del Celentone, il colle che sovrasta Vallada e\u00a0 ha preso il nome dal centurione romano la cui leggenda narra la fuga in queste valli nel 720 dc e a cui \u00e8 attribuita l\u2019edificazione della prima cappella cristiana. Per scoprire la magia di questo luogo, con le pitture cinqucentesche di Paris Bordone, non perdete la visita guidata a cura della\u00a0<a class=\"oajrlxb2 g5ia77u1 qu0x051f esr5mh6w e9989ue4 r7d6kgcz rq0escxv nhd2j8a9 nc684nl6 p7hjln8o kvgmc6g5 cxmmr5t8 oygrvhab hcukyx3x jb3vyjys rz4wbd8a qt6c0cv9 a8nywdso i1ao9s8h esuyzwwr f1sip0of lzcic4wl q66pz984 gpro0wi8 b1v8xokw\" tabindex=\"0\" role=\"link\" href=\"https:\/\/www.facebook.com\/groups\/691284660898726\/?__cft__[0]=AZWZB3Z-n1YuTV-NB3oWZAJl4_8g4DlyTMc0UVy0ngR-hfOVxUdLCUz75TXiwL0XahfB-rOD-1tmQt1KcgIB3VRc5W06Nt7NLlO9A3NVn6TAG_TgXyt7AGAYqfUOLr-Sw5c3lFIpd06G8Xkd2ZYmmpphk7odVasq2R8RphAwjaM36fd2B2D6RwfaRSGoULKBf2c&amp;__tn__=-UK-R\"><span class=\"nc684nl6\">Pro Loco\u00a0<\/span><\/a><a href=\"https:\/\/www.falcadedolomiti.it\/place\/vallada-agordina\/\"><span class=\"nc684nl6\">Vallada Agordina<\/span><\/a>. La chiesa \u00e8 monumento nazionale italiano dal 1877 per la sua grande rilevanza artistica.<\/em><\/div>\n<\/blockquote>\n<div dir=\"auto\">FOTO COPERTINA E FOTO APERTURA TESTO DAL SITO <span style=\"color: #ff0000;\">sansimon.eu<\/span><\/div>\n<p>&nbsp;<\/p>\n<p>&nbsp;<\/p>\n<p>&nbsp;<\/p>\n<hr \/>\n<blockquote>\n<h3><\/h3>\n<h3>IL RIFORNIMENTO DI CARBURANTE IN VOLO NELLA FOTO DI CLAUDIO PRA<\/h3>\n<\/blockquote>\n<p><strong>di Claudio Pra<\/strong><\/p>\n<p>Se ne \u00e8 gi\u00e0 parlato in questi giorni, ma mi \u00e8 capitato di assistere e fotografare le manovre, presumo di addestramento, di un aereocisterna mentre si approssimava a rifornire un velivolo da combattimento sui nostri cieli. Nell&#8217;immagine l&#8217;aereocisterna ha gi\u00e0 fuori la sonda rigida per l&#8217;operazione (direzionata verso il basso) mentre l&#8217;aereo che ricever\u00e0 il carburante si trova nei pressi. Il tutto ad una quota inferiore ai 7.000 metri.<\/p>\n<p><a href=\"https:\/\/www.radiopiu.net\/wordpress\/il-rinornimento-di-carburante-in-volo-nella-foto-di-claudio-pra\/4bb512ee-c2eb-4302-9dcc-fc04f87b4093\/\" rel=\"attachment wp-att-239540\"><img loading=\"lazy\" decoding=\"async\" class=\"alignnone wp-image-239540 size-large\" src=\"https:\/\/www.radiopiu.net\/wordpress\/wp-content\/uploads\/2021\/10\/4bb512ee-c2eb-4302-9dcc-fc04f87b4093-1024x637.jpg\" alt=\"\" width=\"1024\" height=\"637\" srcset=\"https:\/\/www.radiopiu.net\/wordpress\/wp-content\/uploads\/2021\/10\/4bb512ee-c2eb-4302-9dcc-fc04f87b4093-1024x637.jpg 1024w, https:\/\/www.radiopiu.net\/wordpress\/wp-content\/uploads\/2021\/10\/4bb512ee-c2eb-4302-9dcc-fc04f87b4093-300x187.jpg 300w, https:\/\/www.radiopiu.net\/wordpress\/wp-content\/uploads\/2021\/10\/4bb512ee-c2eb-4302-9dcc-fc04f87b4093-768x478.jpg 768w, https:\/\/www.radiopiu.net\/wordpress\/wp-content\/uploads\/2021\/10\/4bb512ee-c2eb-4302-9dcc-fc04f87b4093-1536x956.jpg 1536w, https:\/\/www.radiopiu.net\/wordpress\/wp-content\/uploads\/2021\/10\/4bb512ee-c2eb-4302-9dcc-fc04f87b4093.jpg 1600w\" sizes=\"auto, (max-width: 1024px) 100vw, 1024px\" \/><\/a><\/p>\n<p>&nbsp;<\/p>\n<hr \/>\n<p>&nbsp;<\/p>\n<blockquote>\n<h3>\u00a0CONTRIBUTO DI 30 MILA EURO PER LO IAT DI PIAZZA DUOMO, DA GENNAIO\u00a0 VIA AI LAVORI<\/h3>\n<\/blockquote>\n<p><strong><a href=\"https:\/\/www.radiopiu.net\/wordpress\/giornale-radiopiu-29-ottobre-2021-direttore-mirko-mezzacasa\/piazza-duomo_edited\/\" rel=\"attachment wp-att-239635\"><img loading=\"lazy\" decoding=\"async\" class=\"wp-image-239635 alignleft\" src=\"https:\/\/www.radiopiu.net\/wordpress\/wp-content\/uploads\/2021\/10\/piazza-duomo_edited-300x216.jpg\" alt=\"\" width=\"225\" height=\"162\" srcset=\"https:\/\/www.radiopiu.net\/wordpress\/wp-content\/uploads\/2021\/10\/piazza-duomo_edited-300x216.jpg 300w, https:\/\/www.radiopiu.net\/wordpress\/wp-content\/uploads\/2021\/10\/piazza-duomo_edited-768x553.jpg 768w, https:\/\/www.radiopiu.net\/wordpress\/wp-content\/uploads\/2021\/10\/piazza-duomo_edited.jpg 800w\" sizes=\"auto, (max-width: 225px) 100vw, 225px\" \/><\/a>BELLUNO<\/strong>\u00a0 \u00a0La Giunta comunale ha deliberato oggi l&#8217;accettazione del contributo di 30mila euro da parte della Regione Veneto per il restyling dell&#8217;ufficio IAT di Piazza Duomo. Inizialmente, Belluno, Rovigo e Vicenza erano escluse da questo progetto. Il progetto regionale ha previsto la realizzazione di un layout grafico unitario e di linee guida per l&#8217;allestimento degli uffici, cos\u00ec da dotare tutti gli uffici turistici veneti di una chiara identit\u00e0 comune che li leghi. I lavori dovrebbero gi\u00e0 iniziare a inizio 2022.<\/p>\n<p><strong>AI MICROFONI DI RADIO PIU&#8217;, L&#8217;ASSESSORE YUKI D&#8217;EMILIA<\/strong><\/p>\n<audio class=\"wp-audio-shortcode\" id=\"audio-239494-14\" preload=\"none\" style=\"width: 100%;\" controls=\"controls\"><source type=\"audio\/mpeg\" src=\"https:\/\/www.radiopiu.net\/wordpress\/wp-content\/uploads\/2021\/10\/yuki.mp3?_=14\" \/><a href=\"https:\/\/www.radiopiu.net\/wordpress\/wp-content\/uploads\/2021\/10\/yuki.mp3\">https:\/\/www.radiopiu.net\/wordpress\/wp-content\/uploads\/2021\/10\/yuki.mp3<\/a><\/audio>\n<p>&nbsp;<\/p>\n<p>&nbsp;<\/p>\n<p>&nbsp;<\/p>\n<hr \/>\n<p>&nbsp;<\/p>\n<p>&nbsp;<\/p>\n<blockquote>\n<h3>OGGI SUL CORRIERE DELLE ALPI<\/h3>\n<\/blockquote>\n<p><span style=\"color: #ff0000;\">di Cristina Contento<\/span><\/p>\n<blockquote>\n<h3>OPERATORE NON PROTETTO DURANTE I TAMPONI, MULTATA LA &#8220;VENEGGIA&#8221;<\/h3>\n<\/blockquote>\n<p><em>I Carabinieri di Treviso sono tornati anche ieri in provincia, verifiche in un punto vendita nell&#8217;Agordino\u00a0<\/em><\/p>\n<p><strong>BELLUNO<\/strong>\u00a0 Duemila euro di multa per qualche tampone fatto senza indossare le protezioni: \u00e8 la suonata del verbale alla farmacia Veneggia dopo la visita dei Nas. Verbale che va al direttore della farmacia (non ai titolari), per le carenti attenzioni dei dipendenti durante le sedute dedicate ai tamponi della clientela.E ieri i carabinieri del nucleo antisofisticazioni sono stati anche in Agordino dove hanno effettuato verifiche anche in una attivit\u00e0 di una farmacia in un paese in quota. Anche in questo caso ci si aspetta un verbale per qualche violazione: non immunizzata sarebbe anche la professionista che lavora in Agordino ma in questo caso non mancherebbero le certificazioni che ne prevedono l&#8217;esenzione, secondo le disposizioni normative. . .<\/p>\n<p>&nbsp;<\/p>\n<blockquote><p><em>\u00abNon ho parole: ci sono farmacie nei paesi pi\u00f9 dispersi di questa provincia dove esistono piccole farmacie che hanno anche un ruolo sociale\u00bb. Roberto Grubissa, presidente provinciale di Federfarma dice di provare &#8220;estremo disagio&#8221; davanti a questi episodi che vedono al centro le farmacie, spesso punti di riferimento nei paesi pi\u00f9 piccoli e lontani, per una comunit\u00e0 dove c&#8217;\u00e8 ben poco.\u00abCi sono situazioni difficili nei paesi ed \u00e8 anche questo un momento difficile per le farmacie che si sono sobbarcate un carico fuori norma, specie con i tamponi. Gi\u00e0 si fa fatica a seguire il lavoro normale\u00bb.<\/em><\/p><\/blockquote>\n<p>&nbsp;<\/p>\n<hr \/>\n<p>&nbsp;<\/p>\n<blockquote>\n<h3>BRACCONAGGIO PIAGA VENETA, ABBATTUTO SUL GRAPPA GIOVANE ESEMPLARE DI AQUILA REALE<\/h3>\n<\/blockquote>\n<p>&nbsp;<\/p>\n<p>VIDEO, IMMAGINI DURE<\/p>\n<div style=\"width: 848px;\" class=\"wp-video\"><video class=\"wp-video-shortcode\" id=\"video-239494-1\" width=\"848\" height=\"480\" preload=\"metadata\" controls=\"controls\"><source type=\"video\/mp4\" src=\"https:\/\/www.radiopiu.net\/wordpress\/wp-content\/uploads\/2021\/10\/WhatsApp-Video-2021-10-28-at-16.30.24-1.mp4?_=1\" \/><a href=\"https:\/\/www.radiopiu.net\/wordpress\/wp-content\/uploads\/2021\/10\/WhatsApp-Video-2021-10-28-at-16.30.24-1.mp4\">https:\/\/www.radiopiu.net\/wordpress\/wp-content\/uploads\/2021\/10\/WhatsApp-Video-2021-10-28-at-16.30.24-1.mp4<\/a><\/video><\/div>\n<p>&nbsp;<\/p>\n<p>&nbsp;<\/p>\n<p>&nbsp;<\/p>\n<p>&nbsp;<\/p>\n<p>&nbsp;<\/p>\n<hr \/>\n<p>&nbsp;<\/p>\n<p>&nbsp;<\/p>\n<blockquote class=\"wp-embedded-content\" data-secret=\"TAmGvlDWRE\"><p><a href=\"https:\/\/www.radiopiu.net\/wordpress\/aggiornamentoott28\/\">CORONAVIRUS: AGGIORNAMENTO NAZIONALE 28 OTTOBRE  2021<\/a><\/p><\/blockquote>\n<p><iframe loading=\"lazy\" class=\"wp-embedded-content\" sandbox=\"allow-scripts\" security=\"restricted\" style=\"position: absolute; clip: rect(1px, 1px, 1px, 1px);\" title=\"&#8220;CORONAVIRUS: AGGIORNAMENTO NAZIONALE 28 OTTOBRE  2021&#8221; &#8212; Radio Pi\u00f9\" src=\"https:\/\/www.radiopiu.net\/wordpress\/aggiornamentoott28\/embed\/#?secret=TAmGvlDWRE\" data-secret=\"TAmGvlDWRE\" width=\"600\" height=\"338\" frameborder=\"0\" marginwidth=\"0\" marginheight=\"0\" scrolling=\"no\"><\/iframe><\/p>\n<p>&nbsp;<\/p>\n<blockquote class=\"wp-embedded-content\" data-secret=\"RmrmaIqsao\"><p><a href=\"https:\/\/www.radiopiu.net\/wordpress\/positivita-in-aumento-508-quelle-registrate-nelle-ultime-24-ore-in-veneto-un-decesso\/\">POSITIVITA&#8217; IN AUMENTO, 508 QUELLE REGISTRATE NELLE ULTIME 24 ORE IN VENETO. UN DECESSO<\/a><\/p><\/blockquote>\n<p><iframe loading=\"lazy\" class=\"wp-embedded-content\" sandbox=\"allow-scripts\" security=\"restricted\" style=\"position: absolute; clip: rect(1px, 1px, 1px, 1px);\" title=\"&#8220;POSITIVITA&#8217; IN AUMENTO, 508 QUELLE REGISTRATE NELLE ULTIME 24 ORE IN VENETO. UN DECESSO&#8221; &#8212; Radio Pi\u00f9\" src=\"https:\/\/www.radiopiu.net\/wordpress\/positivita-in-aumento-508-quelle-registrate-nelle-ultime-24-ore-in-veneto-un-decesso\/embed\/#?secret=RmrmaIqsao\" data-secret=\"RmrmaIqsao\" width=\"600\" height=\"338\" frameborder=\"0\" marginwidth=\"0\" marginheight=\"0\" scrolling=\"no\"><\/iframe><\/p>\n<p>&nbsp;<\/p>\n<h2>I GRAFICI DI TIZIANO DE COL<\/h2>\n\n\t\t\t<style type='text\/css'>\n\t\t\t\t#gallery-9 {\n\t\t\t\t\tmargin: auto;\n\t\t\t\t}\n\t\t\t\t#gallery-9 .gallery-item {\n\t\t\t\t\tfloat: left;\n\t\t\t\t\tmargin-top: 10px;\n\t\t\t\t\ttext-align: center;\n\t\t\t\t\twidth: 33%;\n\t\t\t\t}\n\t\t\t\t#gallery-9 img {\n\t\t\t\t\tborder: 2px solid #cfcfcf;\n\t\t\t\t}\n\t\t\t\t#gallery-9 .gallery-caption {\n\t\t\t\t\tmargin-left: 0;\n\t\t\t\t}\n\t\t\t\t\/* see gallery_shortcode() in wp-includes\/media.php *\/\n\t\t\t<\/style>\n\t\t<div id='gallery-9' class='dt-gallery-container gallery galleryid-239494 gallery-columns-3 gallery-size-thumbnail'><dl class='gallery-item'>\n\t\t\t\t<dt class='gallery-icon landscape'>\n\t\t\t\t\t<img loading=\"lazy\" decoding=\"async\" width=\"150\" height=\"150\" src=\"https:\/\/www.radiopiu.net\/wordpress\/wp-content\/uploads\/2021\/10\/5c464653-3a4e-4142-8da4-bcc04b84676f-150x150.jpg\" class=\"attachment-thumbnail size-thumbnail\" alt=\"\" \/>\n\t\t\t\t<\/dt><\/dl><dl class='gallery-item'>\n\t\t\t\t<dt class='gallery-icon landscape'>\n\t\t\t\t\t<img loading=\"lazy\" decoding=\"async\" width=\"150\" height=\"150\" src=\"https:\/\/www.radiopiu.net\/wordpress\/wp-content\/uploads\/2021\/10\/4fc7c66d-ea4b-4dc7-8acb-544d718706cc-150x150.jpg\" class=\"attachment-thumbnail size-thumbnail\" alt=\"\" \/>\n\t\t\t\t<\/dt><\/dl><dl class='gallery-item'>\n\t\t\t\t<dt class='gallery-icon landscape'>\n\t\t\t\t\t<img loading=\"lazy\" decoding=\"async\" width=\"150\" height=\"150\" src=\"https:\/\/www.radiopiu.net\/wordpress\/wp-content\/uploads\/2021\/10\/19e2ae46-5df4-4467-b268-d16344904bef-150x150.jpg\" class=\"attachment-thumbnail size-thumbnail\" alt=\"\" \/>\n\t\t\t\t<\/dt><\/dl><br style=\"clear: both\" \/><dl class='gallery-item'>\n\t\t\t\t<dt class='gallery-icon landscape'>\n\t\t\t\t\t<img loading=\"lazy\" decoding=\"async\" width=\"150\" height=\"150\" src=\"https:\/\/www.radiopiu.net\/wordpress\/wp-content\/uploads\/2021\/10\/8b3e295e-4105-465b-80dd-fd00700c088a-150x150.jpg\" class=\"attachment-thumbnail size-thumbnail\" alt=\"\" \/>\n\t\t\t\t<\/dt><\/dl><dl class='gallery-item'>\n\t\t\t\t<dt class='gallery-icon landscape'>\n\t\t\t\t\t<img loading=\"lazy\" decoding=\"async\" width=\"150\" height=\"150\" src=\"https:\/\/www.radiopiu.net\/wordpress\/wp-content\/uploads\/2021\/10\/7058744e-024d-4fa3-bfba-d25bb4089a05-150x150.jpg\" class=\"attachment-thumbnail size-thumbnail\" alt=\"\" \/>\n\t\t\t\t<\/dt><\/dl>\n\t\t\t\t<br style='clear: both' \/>\n\t\t\t<\/div>\n\n<p>&nbsp;<\/p>\n<hr \/>\n<p>&nbsp;<\/p>\n<p>&nbsp;<\/p>\n<blockquote>\n<h3>CAMBIO MEDICO A PEDAVENA<\/h3>\n<\/blockquote>\n<p><strong>PEDAVENA\u00a0<\/strong><span style=\"font-family: Calibri, serif;\"><span style=\"font-size: small;\">Dal <\/span><\/span><span style=\"font-family: Calibri, serif;\"><span style=\"font-size: small;\">1\u00b0 Novembre 2021<\/span><\/span><span style=\"font-family: Calibri, serif;\"><span style=\"font-size: small;\"> il <\/span><\/span><span style=\"font-family: Calibri, serif;\"><span style=\"font-size: small;\">dr. Agostini Nicola<\/span><\/span><span style=\"font-family: Calibri, serif;\"><span style=\"font-size: small;\"> cesser\u00e0 l\u2019attivit\u00e0 di medico di assistenza primaria nell\u2019ambito territoriale dei Comuni di Feltre, Pedavena, Seren del Grappa, Alano di Piave e Quero Vas.<\/span><\/span><span style=\"color: #222222;\"><span style=\"font-family: Calibri, serif;\"><span style=\"font-size: small;\">Gli assistiti del dr. Agostini <\/span><\/span><\/span><span style=\"color: #222222;\"><span style=\"font-family: Calibri, serif;\"><span style=\"font-size: small;\">saranno ripartiti<\/span><\/span><\/span><span style=\"color: #222222;\"><span style=\"font-family: Calibri, serif;\"><span style=\"font-size: small;\"> tra<\/span><\/span><\/span><span style=\"color: #222222;\"><span style=\"font-family: Calibri, serif;\"><span style=\"font-size: small;\">le dr.sse Barbara Mussoi Barbara, Alessandra Rulli Alessandra e<\/span><\/span><\/span><span style=\"color: #222222;\"><span style=\"font-family: Calibri, serif;\"><span style=\"font-size: small;\"> Tiziana Boz\u00a0<\/span><\/span><\/span><span style=\"color: #222222;\"><span style=\"font-family: Calibri, serif;\"><span style=\"font-size: small;\">in base alle iniziali del cognome, come esposto nel prospetto, e verranno <\/span><\/span><\/span><span style=\"color: #222222;\"><span style=\"font-family: Calibri, serif;\"><span style=\"font-size: small;\">e verranno assegnati loro d\u2019ufficio:<\/span><\/span><\/span><span style=\"color: #222222;\"><span style=\"font-family: Calibri, serif;\"><span style=\"font-size: small;\">non sar\u00e0 pertanto necessario che gli stessi si rechino presso gli sportelli anagrafe<\/span><\/span><\/span><span style=\"color: #222222;\"><span style=\"font-family: Calibri, serif;\"><span style=\"font-size: small;\"> della ULSS per effettuare la scelta del nuovo medico. <\/span><\/span><\/span><span style=\"color: #222222;\"><span style=\"font-family: Calibri, serif;\"><span style=\"font-size: small;\">Le dr.sse Mussoi, Rulli e\u00a0<\/span><\/span><\/span><span style=\"color: #222222;\"><span style=\"font-family: Calibri, serif;\"><span style=\"font-size: small;\">Boz<\/span><\/span><\/span><span style=\"color: #222222;\"><span style=\"font-family: Calibri, serif;\"><span style=\"font-size: small;\">\u00a0svolgeranno, a far data dall\u20191.11.2021, l\u2019attivit\u00e0 di medico di assistenza primaria &#8211; con incarico provvisorio \u2013\u00a0presso gli ambulatori<\/span><\/span><\/span><\/p>\n<p>&nbsp;<\/p>\n<p>&nbsp;<\/p>\n<hr \/>\n<p>&nbsp;<\/p>\n<p>&nbsp;<\/p>\n<blockquote>\n<h3>COME PREVENIRE L&#8217;CTUS? COME RICONOSCERLO PRECOCEMENTE?<\/h3>\n<\/blockquote>\n<p><strong>BELLUNO<\/strong> In occasione della giornata mondiale contro l\u2019ictus in programma\u00a0 oggi, le Neurologie dell\u2019Ulss Dolomiti hanno organizzato un incontro online per sensibilizzare sul tema. In Italia si registrano circa. 660 casi al giorno. Il tema Questi temi sar\u00e0 approfondito in un incontro online in Gmeet che si terr\u00e0\u00a0 oggi\u00a0 dalle 18.00 alle 19.00. Interverranno Gessica Canal, medico neurologo di Feltre e Franco Ferracci, direttore della Neurologia di Belluno.<\/p>\n<p>&nbsp;<\/p>\n<p>&nbsp;<\/p>\n<hr \/>\n<p>&nbsp;<\/p>\n<blockquote>\n<h3><a href=\"https:\/\/www.radiopiu.net\/wordpress\/giornale-radiopiu-29-ottobre-2021-direttore-mirko-mezzacasa\/ad03b9d9c3779d394f57f9bfda877328c843bcafa99c99d95624cd5b97dfc0ea-2\/\" rel=\"attachment wp-att-239688\"><img loading=\"lazy\" decoding=\"async\" class=\"wp-image-239688 alignleft\" src=\"https:\/\/www.radiopiu.net\/wordpress\/wp-content\/uploads\/2021\/10\/ad03b9d9c3779d394f57f9bfda877328c843bcafa99c99d95624cd5b97dfc0ea-1-193x300.jpg\" alt=\"\" width=\"146\" height=\"227\" srcset=\"https:\/\/www.radiopiu.net\/wordpress\/wp-content\/uploads\/2021\/10\/ad03b9d9c3779d394f57f9bfda877328c843bcafa99c99d95624cd5b97dfc0ea-1-193x300.jpg 193w, https:\/\/www.radiopiu.net\/wordpress\/wp-content\/uploads\/2021\/10\/ad03b9d9c3779d394f57f9bfda877328c843bcafa99c99d95624cd5b97dfc0ea-1.jpg 380w\" sizes=\"auto, (max-width: 146px) 100vw, 146px\" \/><\/a>ALLA CERCA DI PAROLE SMARRITE<\/h3>\n<\/blockquote>\n<p><em>Scavo lento e contromano nella terra di tutti<\/em><\/p>\n<p>FELTRE\u00a0 &#8220;Siamo grati a tutte le persone che fino ad oggi hanno cotribuito segnalando le parole per loro smarrite. Chi desider\u00e0 pu\u00f2 trasmettere ancora il proprio contributo&#8221;. Questa sera alle\u00a0 20:10, presso la casa Emmaus a Facen di Pedavena, s&#8217;apre l\u2019anno educativo 2021\/2022, la presentazione del tema sar\u00e0 a numero chiuso e sar\u00e0 possibile seguire la diretta sul canale youtube e facebook dedicati. Durante l&#8217;incontro\u00a0 saranno ricordati\u00a0 i volontari, gli amici, i collaboratori e operatori defunti della Comunit\u00e0 &#8220;Villa San Francesco&#8221; e Cooperativa Sociale Arcobaleno &#8217;86 Onlus.<\/p>\n<table width=\"100%\">\n<tbody>\n<tr>\n<th width=\"174\">\n<table width=\"174\">\n<tbody>\n<tr>\n<td width=\"100%\"><a href=\"https:\/\/www.radiopiu.net\/wordpress\/giornale-radiopiu-29-ottobre-2021-direttore-mirko-mezzacasa\/50916d0a90c763b3b6c0c54ddf2f84eb84615b9aaebc4631f730df38a277bd8b\/\" rel=\"attachment wp-att-239689\"><img loading=\"lazy\" decoding=\"async\" class=\"alignnone size-medium wp-image-239689\" src=\"https:\/\/www.radiopiu.net\/wordpress\/wp-content\/uploads\/2021\/10\/50916d0a90c763b3b6c0c54ddf2f84eb84615b9aaebc4631f730df38a277bd8b-270x300.jpg\" alt=\"\" width=\"270\" height=\"300\" srcset=\"https:\/\/www.radiopiu.net\/wordpress\/wp-content\/uploads\/2021\/10\/50916d0a90c763b3b6c0c54ddf2f84eb84615b9aaebc4631f730df38a277bd8b-270x300.jpg 270w, https:\/\/www.radiopiu.net\/wordpress\/wp-content\/uploads\/2021\/10\/50916d0a90c763b3b6c0c54ddf2f84eb84615b9aaebc4631f730df38a277bd8b.jpg 599w\" sizes=\"auto, (max-width: 270px) 100vw, 270px\" \/><\/a><\/td>\n<\/tr>\n<\/tbody>\n<\/table>\n<\/th>\n<th>\n<table width=\"350\">\n<tbody>\n<tr>\n<td><strong>Crisantemi Coop. Soc. Arcobaleno &#8217;86.<\/strong><\/td>\n<\/tr>\n<tr>\n<td><\/td>\n<\/tr>\n<tr>\n<td>Ringraziamo quanti hanno acquistato\u00a0 i crisantemi della Cooperativa Sociale Acobaleno &#8217;86 Onlus<\/td>\n<\/tr>\n<\/tbody>\n<\/table>\n<p>&nbsp;<\/p>\n<p>&nbsp;<\/th>\n<\/tr>\n<\/tbody>\n<\/table>\n<\/div>\n<div class=\"bubble-content\"><\/div>\n<div class=\"bubble-content\"><\/div>\n<div class=\"bubble-content\">\n<hr \/>\n<blockquote>\n<h3 class=\"p1\"><span class=\"s1\">\u00a0<\/span><\/h3>\n<h3 class=\"p1\"><span class=\"s1\">PROMOZIONE, PREVENZIONE E PROTEZIONE DEI MINORI: INCONTRO D\u2019APPROFONDIMENTO A PONTE NELLE ALPI<\/span><\/h3>\n<\/blockquote>\n<p class=\"p1\"><span class=\"s1\"><strong><a href=\"https:\/\/www.radiopiu.net\/wordpress\/giornale-radiopiu-29-ottobre-2021-direttore-mirko-mezzacasa\/schermata-2021-10-28-alle-10-07-15\/\" rel=\"attachment wp-att-239546\"><img loading=\"lazy\" decoding=\"async\" class=\"size-medium wp-image-239546 alignleft\" src=\"https:\/\/www.radiopiu.net\/wordpress\/wp-content\/uploads\/2021\/10\/Schermata-2021-10-28-alle-10.07.15-300x207.png\" alt=\"\" width=\"300\" height=\"207\" srcset=\"https:\/\/www.radiopiu.net\/wordpress\/wp-content\/uploads\/2021\/10\/Schermata-2021-10-28-alle-10.07.15-300x207.png 300w, https:\/\/www.radiopiu.net\/wordpress\/wp-content\/uploads\/2021\/10\/Schermata-2021-10-28-alle-10.07.15-1024x705.png 1024w, https:\/\/www.radiopiu.net\/wordpress\/wp-content\/uploads\/2021\/10\/Schermata-2021-10-28-alle-10.07.15-768x529.png 768w, https:\/\/www.radiopiu.net\/wordpress\/wp-content\/uploads\/2021\/10\/Schermata-2021-10-28-alle-10.07.15-1536x1058.png 1536w, https:\/\/www.radiopiu.net\/wordpress\/wp-content\/uploads\/2021\/10\/Schermata-2021-10-28-alle-10.07.15.png 1708w\" sizes=\"auto, (max-width: 300px) 100vw, 300px\" \/><\/a>PONTE NELLE ALPI <\/strong>Serata di approfondimento, a Ponte nelle Alpi, con l\u2019Associazione Dafne. <\/span><span class=\"s1\">Nell\u2019ambito del ciclo \u201cMinori: maneggiare con cura\u201d &#8211; inserito nella programmazione delle attivit\u00e0 legate alla Commissione Pari opportunit\u00e0 e diritti civili &#8211; \u00e8 in calendario l\u2019incontro dal titolo \u201cCamminare al loro fianco: promozione, prevenzione, protezione dei minori\u201d.\u00a0<\/span><span class=\"s1\">L\u2019appuntamento \u00e8 per oggi, alle 20.30, al Parco Ex Casa Rossa. <\/span><span class=\"s1\">In questo contesto, si provveder\u00e0 ad aggiornare la collettivit\u00e0 sulle linee guida regionali per la cura, la protezione e la tutela dei bambini e dei ragazzi minori d\u2019et\u00e0. Le precedenti direttive, infatti, risalgono al 2008 e, a distanza di dieci anni, era sorta la necessit\u00e0 di un aggiornamento. Un altro aspetto centrale, inoltre, riguarda il modo in cui la tutela dei minori viene gestita a livello locale.\u00a0<\/span><span class=\"s1\">Interverranno George Louis Del Re, gi\u00e0 coordinatore del tavolo di lavoro che si \u00e8 occupato dell\u2019aggiornamento, ex direttore dei Servizi sociali dell\u2019Ulss di Treviso, psicologo esperto di politiche per l\u2019infanzia e la famiglia. E Cristina Micheluzzi, psicologa che ha sempre operato nell\u2019ambito della famiglia e minori, da oltre un anno direttrice dell\u2019Unit\u00e0 operativa infanzia, adolescenza e famiglia dell\u2019Ulss 1 Dolomiti.\u00a0<\/span><span class=\"s1\">A moderare l\u2019incontro sar\u00e0 Walter Marcer, psicologo volontario dell\u2019Associazione Dafne, mentre l\u2019introduzione \u00e8 a cura di Sabrina Dassi\u00e8, consigliera alle Pari opportunit\u00e0 del Comune di Ponte nelle Alpi.\u00a0<\/span><span class=\"s1\">\u00c8 necessaria la prenotazione: in questo senso, \u00e8 attivo il numero telefonico 0437.99214, oltre all\u2019indirizzo mail <a href=\"mailto:biblioteca@pna.bl.it\"><span class=\"s2\">biblioteca@pna.bl.it<\/span><\/a>.\u00a0<\/span><\/p>\n<p>&nbsp;<\/p>\n<p>&nbsp;<\/p>\n<hr \/>\n<p>&nbsp;<\/p>\n<p>&nbsp;<\/p>\n<blockquote>\n<h3>IL 4 NOVEMBRE LA FESTA DELL&#8217;UNITA&#8217; NAZIONALE E DELLE FORZE ARMATE A FALCADE, RICORDANDO L&#8217;ALLUVIONE DEL 1966<\/h3>\n<\/blockquote>\n<p><strong>FALCADE<\/strong> Il 4 novembre 2021 si celebrera\u0300 la festa dell\u2019Unita\u0300 Nazionale e delle Forze Armate con la S. Messa alle 10.30 presso la Chiesa di Falcade. Al termine della funzione religiosa, verra\u0300 effettuata la deposizione di una corona di alloro presso il monumento ai caduti e, successivamente, presso le altre lapidi a ricordo. Nel pomeriggio, alle\u00a0 14, si commemorera\u0300 l\u2019anniversario dell\u2019alluvione del 1966, con la S. Messa presso la Piazza di Somor a ricordo dei nostri concittadini scomparsi a causa di quell\u2019evento. In caso di maltempo la S. Messa sara\u0300 celebrata presso la Chiesa di Falcade Alto. Si ringraziano per la collaborazione i Gruppi A.N.A. Falcade, A.N.A. Caviola\/Cime d\u2019Auta ed A.N.A. Canale d\u2019Agordo \u2013 Caviola.<\/p>\n<p>&nbsp;<\/p>\n<p>&nbsp;<\/p>\n<hr \/>\n<p>&nbsp;<\/p>\n<blockquote>\n<h3>ULSS 1 ALLA RICERCA DI UN AMMINISTRATIVO A TEMPO DETERMINATO PER IL DISTRETTO DI FELTRE<\/h3>\n<\/blockquote>\n<p><strong>BELLUNO<\/strong>\u00a0 L\u2019Ulss 1 \u201cDolomiti\u201d ha indetto un concorso per una figura amministrativa a tempo determinato per 1 anno, prorogabile per altri 2 anni, da destinare all\u2019Ambito territoriale Feltrino per garantire l\u2019attivit\u00e0 rendicontativa, amministrativa, gestionale delle varie attivit\u00e0 progettuali. Il bando per la ricerca della figura amministrativa \u00e8 pubblicato nel sito www.aulss1.veneto.it nella sezione \u201cConcorsi e avvisi\u201d . \u00a0Il termine di presentazione delle domande \u00e8 il 30 ottobre.<\/p>\n<p>&nbsp;<\/p>\n<p>&nbsp;<\/p>\n<hr \/>\n<p>&nbsp;<\/p>\n<blockquote>\n<h3><a href=\"https:\/\/www.radiopiu.net\/wordpress\/giornale-radiopiu-26-ottobre-2021-direttore-mirko-mezzacasa\/locandina-1-3\/\" rel=\"attachment wp-att-238980\"><img loading=\"lazy\" decoding=\"async\" class=\"wp-image-238980 alignleft\" src=\"https:\/\/www.radiopiu.net\/wordpress\/wp-content\/uploads\/2021\/10\/locandina-1-212x300.png\" alt=\"\" width=\"153\" height=\"217\" srcset=\"https:\/\/www.radiopiu.net\/wordpress\/wp-content\/uploads\/2021\/10\/locandina-1-212x300.png 212w, https:\/\/www.radiopiu.net\/wordpress\/wp-content\/uploads\/2021\/10\/locandina-1-724x1024.png 724w, https:\/\/www.radiopiu.net\/wordpress\/wp-content\/uploads\/2021\/10\/locandina-1-768x1086.png 768w, https:\/\/www.radiopiu.net\/wordpress\/wp-content\/uploads\/2021\/10\/locandina-1-1086x1536.png 1086w, https:\/\/www.radiopiu.net\/wordpress\/wp-content\/uploads\/2021\/10\/locandina-1.png 1414w\" sizes=\"auto, (max-width: 153px) 100vw, 153px\" \/><\/a>OGGI AD AGORDO IL CONVEGNO SULLA MALATTIA MENTALE<\/h3>\n<p><em>Il convegno vuole essere un momento di condivisione e di riflessione sul tema del recovery dalla malattia mentale con l&#8217;esplorazione di nuove possibilit\u00e0 e strumenti.<\/em><\/p><\/blockquote>\n<p><strong>AGORDO<\/strong> Oggi presso il centro parrocchiale di Agordo, Societ\u00e0 Nuova assieme a Ulss 1 Dolomiti e SIRP organizzano un convegno dedicato a famigliari, educatori, medici e operatori del settore dal titolo &#8220;Il recovery della malattia mentale: una vita degna di essere vissuta. L&#8217;incontro si svolger\u00e0 dalle 9 alle 16 e per partecipare sar\u00e0 obbligatorio il Green Pass e la prenotazione tramite telefono al numero 0437646319 o mail a cd.psichiatrici@societanuova.eu<\/p>\n<p>Interverranno\u00a0 il dottor Lamonaca e la dottoressa Merlin del Centro SIRP, coadiuvati da una signora &#8220;esperta per esperienza&#8221;, che porter\u00e0 la sua testimonianza. Saranno presenti in rappresentanza del Comune di Agordo il sidnaco Roberto Chissal\u00e8,\u00a0 dell&#8217;ULSS 1-Dolomiti dottor Matarrese di PSichiatria, la Presidente dell&#8217;AiTSaM Paola Agostini e i rappresentanti della Cooperativa con il Presidente Bristot e Coordinatrice del Centro dottoressa Zardin.<\/p>\n<p>&nbsp;<\/p>\n<p>&nbsp;<\/p>\n<hr \/>\n<p>&nbsp;<\/p>\n<blockquote>\n<h3>IL 5 NOVEMBRE LA PRESENTAZIONE DELL&#8217;ERBARIO SANDI AL MUSEO DI SERRAVELLA<\/h3>\n<\/blockquote>\n<p><strong>BELLUNO <\/strong>L\u2019erbario di Alessandro Francesco Sandi (1794-1849), come quello di Francesco Caldart, sono di propriet\u00e0 del Comune di Belluno che li ha affidati in custodia dal 2017 all\u2019Ente Parco delle Dolomiti per garantirne un\u2019adeguata conservazione presso il Museo Naturalistico Dolomiti Bellunesi, in Piazza Piloni a Belluno. Ecco un secondo volume della collana \u201cQuaderni del Museo Naturalistico Dolomiti Bellunesi\u201d dedicato appunto all\u2019Erbario Sandi,\u00a0 sar\u00e0 presentato al Museo Etnografico della Provincia di Belluno e del Parco Nazionale Dolomiti Bellunesi, a Seravella di Cesiomaggiore, venerd\u00ec 5 novembre alle\u00a0 18.<\/p>\n<p>&nbsp;<\/p>\n<p>&nbsp;<\/p>\n<hr \/>\n<p>&nbsp;<\/p>\n<blockquote>\n<h3>VISITE GUIDATE ALLA\u00a0 MOSTRA A MEL<\/h3>\n<\/blockquote>\n<p><strong>BORGO VALBELLUNA<\/strong>\u00a0 Prosegue fino al 9 gennaio 2022 la mostra \u201cTra Preistoria e Medioevo. Ritrovamenti archeologici dal territorio di Mel, Trichiana e Lentiai\u201din occasione dei 25 anni del Museo civico archeologico di Mel e vede esposti importanti reperti provenienti dai tre estinti comuni come la famosa chiave rituale del monte Nenz di Trichiana, risalente all\u2019et\u00e0 del Ferro, e i reperti provenienti dai recenti scavi di Cesana (Lentiai). L\u2019Associazione \u201cFenice Feltre arte, cultura, turismo\u201d propone visite accompagnate. Primo appuntamento questo fine settimana, sabato 30 e domenica 31 ottobre dalle 15.00 alle 17.30. Le visite sono gratuite, per l\u2019accesso al Museo \u00e8 necessario essere muniti di green pass. Per informazioni: info@museomel.it, oppure Ufficio Turistico Valbelluna 0437 544294. Per essere aggiornati sugli eventi del Museo: www.museomel.it.\u00a0 Foto di Dario Tonet<\/p>\n\n\t\t\t<style type='text\/css'>\n\t\t\t\t#gallery-10 {\n\t\t\t\t\tmargin: auto;\n\t\t\t\t}\n\t\t\t\t#gallery-10 .gallery-item {\n\t\t\t\t\tfloat: left;\n\t\t\t\t\tmargin-top: 10px;\n\t\t\t\t\ttext-align: center;\n\t\t\t\t\twidth: 50%;\n\t\t\t\t}\n\t\t\t\t#gallery-10 img {\n\t\t\t\t\tborder: 2px solid #cfcfcf;\n\t\t\t\t}\n\t\t\t\t#gallery-10 .gallery-caption {\n\t\t\t\t\tmargin-left: 0;\n\t\t\t\t}\n\t\t\t\t\/* see gallery_shortcode() in wp-includes\/media.php *\/\n\t\t\t<\/style>\n\t\t<div id='gallery-10' class='dt-gallery-container gallery galleryid-239494 gallery-columns-2 gallery-size-thumbnail'><dl class='gallery-item'>\n\t\t\t\t<dt class='gallery-icon landscape'>\n\t\t\t\t\t<a class=\"rollover rollover-zoom dt-pswp-item\" title=\"\" data-dt-img-description=\"\" data-large_image_width=\"2560\" data-large_image_height=\"2536\"href='https:\/\/www.radiopiu.net\/wordpress\/wp-content\/uploads\/2021\/10\/fili-doro-scaled.jpg'><img loading=\"lazy\" decoding=\"async\" width=\"150\" height=\"150\" src=\"https:\/\/www.radiopiu.net\/wordpress\/wp-content\/uploads\/2021\/10\/fili-doro-150x150.jpg\" class=\"attachment-thumbnail size-thumbnail\" alt=\"\" aria-describedby=\"gallery-10-239681\" srcset=\"https:\/\/www.radiopiu.net\/wordpress\/wp-content\/uploads\/2021\/10\/fili-doro-150x150.jpg 150w, https:\/\/www.radiopiu.net\/wordpress\/wp-content\/uploads\/2021\/10\/fili-doro-300x297.jpg 300w, https:\/\/www.radiopiu.net\/wordpress\/wp-content\/uploads\/2021\/10\/fili-doro-1024x1014.jpg 1024w, https:\/\/www.radiopiu.net\/wordpress\/wp-content\/uploads\/2021\/10\/fili-doro-768x761.jpg 768w, https:\/\/www.radiopiu.net\/wordpress\/wp-content\/uploads\/2021\/10\/fili-doro-1536x1522.jpg 1536w, https:\/\/www.radiopiu.net\/wordpress\/wp-content\/uploads\/2021\/10\/fili-doro-2048x2029.jpg 2048w\" sizes=\"auto, (max-width: 150px) 100vw, 150px\" \/><\/a>\n\t\t\t\t<\/dt>\n\t\t\t\t\t<dd class='wp-caption-text gallery-caption' id='gallery-10-239681'>\n\t\t\t\t\tfili d&#8217;oro\n\t\t\t\t\t<\/dd><\/dl><dl class='gallery-item'>\n\t\t\t\t<dt class='gallery-icon landscape'>\n\t\t\t\t\t<a class=\"rollover rollover-zoom dt-pswp-item\" title=\"\" data-dt-img-description=\"\" data-large_image_width=\"2560\" data-large_image_height=\"1492\"href='https:\/\/www.radiopiu.net\/wordpress\/wp-content\/uploads\/2021\/10\/ribattini-doro-scaled.jpg'><img loading=\"lazy\" decoding=\"async\" width=\"150\" height=\"150\" src=\"https:\/\/www.radiopiu.net\/wordpress\/wp-content\/uploads\/2021\/10\/ribattini-doro-150x150.jpg\" class=\"attachment-thumbnail size-thumbnail\" alt=\"\" aria-describedby=\"gallery-10-239682\" \/><\/a>\n\t\t\t\t<\/dt>\n\t\t\t\t\t<dd class='wp-caption-text gallery-caption' id='gallery-10-239682'>\n\t\t\t\t\tribattini d&#8217;oro\n\t\t\t\t\t<\/dd><\/dl><br style=\"clear: both\" \/>\n\t\t\t<\/div>\n\n<p>&nbsp;<\/p>\n<p>&nbsp;<\/p>\n<hr \/>\n<p>&nbsp;<\/p>\n<blockquote><p>&nbsp;<\/p>\n<blockquote>\n<h3>DAL 1976 LA MESSA PER I CADUTI DELLA MONTAGNA, DOMENICA 31 OTTOBRE AD AGORDO<\/h3>\n<\/blockquote>\n<p><strong><a href=\"https:\/\/www.radiopiu.net\/wordpress\/giornale-radiopiu-27-ottobre-2021-direttore-mirko-mezzacasa\/c7861961-b74d-4fcd-978b-de53f76cad66\/\" rel=\"attachment wp-att-239280\"><img loading=\"lazy\" decoding=\"async\" class=\"size-medium wp-image-239280 alignleft\" src=\"https:\/\/www.radiopiu.net\/wordpress\/wp-content\/uploads\/2021\/10\/c7861961-b74d-4fcd-978b-de53f76cad66-210x300.jpg\" alt=\"\" width=\"210\" height=\"300\" srcset=\"https:\/\/www.radiopiu.net\/wordpress\/wp-content\/uploads\/2021\/10\/c7861961-b74d-4fcd-978b-de53f76cad66-210x300.jpg 210w, https:\/\/www.radiopiu.net\/wordpress\/wp-content\/uploads\/2021\/10\/c7861961-b74d-4fcd-978b-de53f76cad66.jpg 718w\" sizes=\"auto, (max-width: 210px) 100vw, 210px\" \/><\/a>AGORDO<\/strong>\u00a0 Anche quest&#8217;anno per iniziativa del Coro Agordo i Caduti in montagna saranno ricordati con una celebrazione religiosa accompagnata dai canti del Coro Agordo (che organizza il ricordo) nell&#8217;Arcidiaconale della citt\u00e0. Anche quest&#8217;anno la celebrazione sar\u00e0 trasmessa in tutto il mondo sulle frequenze FM e sullo streaming di Radio Pi\u00f9, in video sui canali facebook e telegram (RADIO PIU INFORMAZIONE). I posti a sedere in chiesa saranno distanziati come da norme anti covid, ridotti nel numero disponibile. E&#8217; dunque importante la comunicazione anticipata di quanti vorranno partecipare (347 8883140, mail coroagordo@libero.it). A causa della pandemia il consueto ritrovato al termine della messa nella sede del Coro non si terr\u00e0.<\/p>\n<blockquote>\n<h3><\/h3>\n<h3>IL PRESIDENTE DEL CORO AGORDO, GABRIELE RIVA<\/h3>\n<\/blockquote>\n<\/blockquote>\n<audio class=\"wp-audio-shortcode\" id=\"audio-239494-15\" preload=\"none\" style=\"width: 100%;\" controls=\"controls\"><source type=\"audio\/mpeg\" src=\"https:\/\/www.radiopiu.net\/wordpress\/wp-content\/uploads\/2021\/10\/gabry.mp3?_=15\" \/><a href=\"https:\/\/www.radiopiu.net\/wordpress\/wp-content\/uploads\/2021\/10\/gabry.mp3\">https:\/\/www.radiopiu.net\/wordpress\/wp-content\/uploads\/2021\/10\/gabry.mp3<\/a><\/audio>\n<p>&nbsp;<\/p>\n<hr \/>\n<p>&nbsp;<\/p>\n<blockquote>\n<blockquote>\n<h3><a href=\"https:\/\/www.radiopiu.net\/wordpress\/giornale-radiopiu-08-ottobre-2021-direttore-mirko-mezzacasa\/museo-etnografico-attivita-gioco-1\/\" rel=\"attachment wp-att-235875\"><img loading=\"lazy\" decoding=\"async\" class=\"wp-image-235875 alignleft\" src=\"https:\/\/www.radiopiu.net\/wordpress\/wp-content\/uploads\/2021\/10\/museo-etnografico-attivita-gioco-1-300x225.jpg\" alt=\"\" width=\"177\" height=\"133\" srcset=\"https:\/\/www.radiopiu.net\/wordpress\/wp-content\/uploads\/2021\/10\/museo-etnografico-attivita-gioco-1-300x225.jpg 300w, https:\/\/www.radiopiu.net\/wordpress\/wp-content\/uploads\/2021\/10\/museo-etnografico-attivita-gioco-1-768x576.jpg 768w, https:\/\/www.radiopiu.net\/wordpress\/wp-content\/uploads\/2021\/10\/museo-etnografico-attivita-gioco-1.jpg 960w\" sizes=\"auto, (max-width: 177px) 100vw, 177px\" \/><\/a>INIZIATIVE, LE MUSE E LE DOLOMITI<\/h3>\n<p><strong>CORSO COLLETTIVO PER BAMBINI E RAGAZZI&#8230; CANTARE INSIEME E&#8217; DIVERTENTE E SALUTARE<\/strong><\/p>\n<p><span style=\"color: #ff0000;\">tel. 342 914 7711<\/span><\/p><\/blockquote>\n<audio class=\"wp-audio-shortcode\" id=\"audio-239494-16\" preload=\"none\" style=\"width: 100%;\" controls=\"controls\"><source type=\"audio\/mpeg\" src=\"https:\/\/www.radiopiu.net\/wordpress\/wp-content\/uploads\/2021\/10\/MUSE-OTTOBRE-2021.mp3?_=16\" \/><a href=\"https:\/\/www.radiopiu.net\/wordpress\/wp-content\/uploads\/2021\/10\/MUSE-OTTOBRE-2021.mp3\">https:\/\/www.radiopiu.net\/wordpress\/wp-content\/uploads\/2021\/10\/MUSE-OTTOBRE-2021.mp3<\/a><\/audio><\/blockquote>\n<p>&nbsp;<\/p>\n<p>&nbsp;<\/p>\n<hr \/>\n<h3><\/h3>\n<p><strong>TORNANO GLI SPETTACOLI DI MISTERO<\/strong><\/p>\n<p><strong><a href=\"https:\/\/www.radiopiu.net\/wordpress\/giornale-radiopiu-21-ottobre-2021-direttore-mirko-mezzacasa\/sedico-8\/\" rel=\"attachment wp-att-238042\"><img loading=\"lazy\" decoding=\"async\" class=\"wp-image-238042 alignleft\" src=\"https:\/\/www.radiopiu.net\/wordpress\/wp-content\/uploads\/2021\/10\/SEDICO-225x300.jpg\" alt=\"\" width=\"119\" height=\"159\" srcset=\"https:\/\/www.radiopiu.net\/wordpress\/wp-content\/uploads\/2021\/10\/SEDICO-225x300.jpg 225w, https:\/\/www.radiopiu.net\/wordpress\/wp-content\/uploads\/2021\/10\/SEDICO.jpg 510w\" sizes=\"auto, (max-width: 119px) 100vw, 119px\" \/><\/a> <\/strong><\/p>\n<p><strong>\u00a0<\/strong><\/p>\n<p><strong>BELLUNO<\/strong> Gli eventi: domani a <strong>Soranzen<\/strong>\u00a0 spettacolo teatrale all\u2019aperto, a <strong>Melere di Borgo Valbelluna<\/strong> tradizionale passeggiata animata. Domenica 31\u00a0 a <strong>Sedico\u00a0<\/strong> alla scoperta del misterioso sito archeologico del Castelliere di Noal con rappresentazione teatrale a cura dell&#8217;attivissima proloco presieduta da Claudio Mezzavilla. Venerd\u00ec 5 a <strong>Mel<\/strong> \u201cQuattro ciacole al fil\u00f2\u201d presso l\u2019ex chiesa di San Pietro, sabato 6<strong> a Gron di Sospirolo\u00a0 ed Alano di Piave<\/strong> passeggiata guidata e animata,\u00a0 domenica 7 transumanza delle capre\u00a0 da <strong>Caralte<\/strong> a Valle di Cadore.<\/p>\n<p>&nbsp;<\/p>\n<p>&nbsp;<\/p>\n<hr \/>\n<p>&nbsp;<\/p>\n<blockquote>\n<h3>DOMENICA DI COCCOLE AL COMUNALE DI BELLUNO CON GIORGIA POLLONI<\/h3>\n<\/blockquote>\n<p><strong>25 OTTOBRE 2021<\/strong><\/p>\n<blockquote>\n<h3><a href=\"https:\/\/www.radiopiu.net\/wordpress\/giornale-radiopiu-06-ottobre-2021-direttore-mirko-mezzacasa\/th-208\/\" rel=\"attachment wp-att-235503\"><img loading=\"lazy\" decoding=\"async\" class=\"size-full wp-image-235503 alignleft\" src=\"https:\/\/www.radiopiu.net\/wordpress\/wp-content\/uploads\/2021\/10\/th-5.jpg\" alt=\"\" width=\"203\" height=\"163\" \/><\/a>INTERVISTA A DANIELA NICOSIA, DIRETTRICE ARTISTICA &#8220;COMINCIO DAI 3&#8221;<\/h3>\n<p>&nbsp;<\/p>\n<p>di Mirko Mezzacasa<\/p><\/blockquote>\n<audio class=\"wp-audio-shortcode\" id=\"audio-239494-17\" preload=\"none\" style=\"width: 100%;\" controls=\"controls\"><source type=\"audio\/mpeg\" src=\"https:\/\/www.radiopiu.net\/wordpress\/wp-content\/uploads\/2021\/10\/DANIELA-NICOSIA.mp3?_=17\" \/><a href=\"https:\/\/www.radiopiu.net\/wordpress\/wp-content\/uploads\/2021\/10\/DANIELA-NICOSIA.mp3\">https:\/\/www.radiopiu.net\/wordpress\/wp-content\/uploads\/2021\/10\/DANIELA-NICOSIA.mp3<\/a><\/audio>\n<p>&nbsp;<\/p>\n<hr \/>\n<p>&nbsp;<\/p>\n<blockquote>\n<h3>UNA CACCIA AL TESORO PER LE VIE DI AGORDO IN TEMA HALLOWEEN<\/h3>\n<\/blockquote>\n<p>&nbsp;<\/p>\n<p><a href=\"https:\/\/www.radiopiu.net\/wordpress\/prosecchizzazione\/b7b5141e-70e7-4330-936c-04a399543206\/\" rel=\"attachment wp-att-238007\"><img loading=\"lazy\" decoding=\"async\" class=\"size-medium wp-image-238007 alignleft\" src=\"https:\/\/www.radiopiu.net\/wordpress\/wp-content\/uploads\/2021\/10\/b7b5141e-70e7-4330-936c-04a399543206-300x135.jpg\" alt=\"\" width=\"300\" height=\"135\" srcset=\"https:\/\/www.radiopiu.net\/wordpress\/wp-content\/uploads\/2021\/10\/b7b5141e-70e7-4330-936c-04a399543206-300x135.jpg 300w, https:\/\/www.radiopiu.net\/wordpress\/wp-content\/uploads\/2021\/10\/b7b5141e-70e7-4330-936c-04a399543206-1024x461.jpg 1024w, https:\/\/www.radiopiu.net\/wordpress\/wp-content\/uploads\/2021\/10\/b7b5141e-70e7-4330-936c-04a399543206-768x345.jpg 768w, https:\/\/www.radiopiu.net\/wordpress\/wp-content\/uploads\/2021\/10\/b7b5141e-70e7-4330-936c-04a399543206-1536x691.jpg 1536w, https:\/\/www.radiopiu.net\/wordpress\/wp-content\/uploads\/2021\/10\/b7b5141e-70e7-4330-936c-04a399543206.jpg 2048w\" sizes=\"auto, (max-width: 300px) 100vw, 300px\" \/><\/a><strong>OSPITI FRANCESCO CORAZZA, GLORIA CASOT, GIADA RAGAZZO<\/strong><\/p>\n<p><strong>di Mirko Mezzacasa\u00a0<\/strong><\/p>\n<audio class=\"wp-audio-shortcode\" id=\"audio-239494-18\" preload=\"none\" style=\"width: 100%;\" controls=\"controls\"><source type=\"audio\/mpeg\" src=\"https:\/\/www.radiopiu.net\/wordpress\/wp-content\/uploads\/2021\/10\/francesco_gloria_giada.mp3?_=18\" \/><a href=\"https:\/\/www.radiopiu.net\/wordpress\/wp-content\/uploads\/2021\/10\/francesco_gloria_giada.mp3\">https:\/\/www.radiopiu.net\/wordpress\/wp-content\/uploads\/2021\/10\/francesco_gloria_giada.mp3<\/a><\/audio>\n<p>&nbsp;<\/p>\n<hr \/>\n<p>&nbsp;<\/p>\n<div dir=\"auto\">\n<blockquote>\n<h3>INCONTRO A CORTINA CON LA LILT BELLUNO<\/h3>\n<\/blockquote>\n<p><strong>BELLUNO <\/strong>Nell\u2019ambito delle iniziative <em>L.I.L.T. for Women \u2013 Prevenire \u00e8 vivere \u2013 Campagnanastrorosa<\/em>, la Lega Italiana per la Lotta contro i tumori di Belluno segnala la conferenza su \u201cTumore al seno, parliamo insieme di prevenzione\u201d, a cura della dott.ssa Elisa Bordin, Radiologa e Senologa presso l\u2019U.L.S.S. 1 Belluno-Dolomiti, che si terr\u00e0 <strong>a Cortina d\u2019Ampezzo, Sala Cultura \u201cDon Pietro Alver\u00e0\u201d &#8211; Largo Poste, oggi<\/strong><strong>, alle 17.30.<\/strong>\u00a0Ingresso libero, consentito con l\u2019esibizione del Green Pass a norma di legge.<\/p>\n<p>&nbsp;<\/p>\n<p>&nbsp;<\/p>\n<hr \/>\n<p>&nbsp;<\/p>\n<blockquote>\n<h3>OGGI L&#8217;ASSEMBLEA DELLO SCI CLUB MONTE CIVETTA<\/h3>\n<\/blockquote>\n<p><strong>CENCENIGHE<\/strong> Oggi alle 19.30 al Nof Filo&#8217; di Cencenighe presso la sala consiliare del Municipio, assemblea generale per il rinnovo del consiglio direttivo dello Sci Club Monte Civetta. L&#8217;assemblea \u00e8 aperta a tutti, convocata dalla Presidente Patrizia De Don\u00e0.<\/p>\n<p>&nbsp;<\/p>\n<p>&nbsp;<\/p>\n<hr \/>\n<p>&nbsp;<\/p>\n<blockquote>\n<h3>I COLORI DELL&#8217;AUTUNNO, IL CONCORSO FOTOGRAFICO<\/h3>\n<\/blockquote>\n<p><strong><a href=\"https:\/\/www.radiopiu.net\/wordpress\/giornale-radiopiu-05-ottobre-2021-direttore-mirko-mezzacasa\/11872114_851463808295033_304473982179215535_o\/\" rel=\"attachment wp-att-235245\"><img loading=\"lazy\" decoding=\"async\" class=\"wp-image-235245 alignleft\" src=\"https:\/\/www.radiopiu.net\/wordpress\/wp-content\/uploads\/2021\/10\/11872114_851463808295033_304473982179215535_o-300x225.jpg\" alt=\"\" width=\"156\" height=\"117\" srcset=\"https:\/\/www.radiopiu.net\/wordpress\/wp-content\/uploads\/2021\/10\/11872114_851463808295033_304473982179215535_o-300x225.jpg 300w, https:\/\/www.radiopiu.net\/wordpress\/wp-content\/uploads\/2021\/10\/11872114_851463808295033_304473982179215535_o-1024x768.jpg 1024w, https:\/\/www.radiopiu.net\/wordpress\/wp-content\/uploads\/2021\/10\/11872114_851463808295033_304473982179215535_o-768x576.jpg 768w, https:\/\/www.radiopiu.net\/wordpress\/wp-content\/uploads\/2021\/10\/11872114_851463808295033_304473982179215535_o-1536x1152.jpg 1536w, https:\/\/www.radiopiu.net\/wordpress\/wp-content\/uploads\/2021\/10\/11872114_851463808295033_304473982179215535_o.jpg 2048w\" sizes=\"auto, (max-width: 156px) 100vw, 156px\" \/><\/a> <\/strong><\/p>\n<p><strong>CENCENIGHE<\/strong> La proloco ha indetto un concorso fotografico sui colori della stagione appena iniziata. Le fotografie dovranno pervenire entro il 31 ottobre all&#8217;indirizzo: concorsocoloriautunno@gmail.com. Sabato 13 novembre alle 15 la premiazione con l&#8217;esposizione delle foto al Nof Filo&#8217;. Il regolamento sul sito www.prolococencenighe.it<\/p>\n<p>&nbsp;<\/p>\n<p>&nbsp;<\/p>\n<p>&nbsp;<\/p>\n<hr \/>\n<p>&nbsp;<\/p>\n<blockquote>\n<h3>DOMANI E DOMENICA LA FIERA DI SAN MATTEO A FELTRE<\/h3>\n<\/blockquote>\n<p><strong><a href=\"https:\/\/www.radiopiu.net\/wordpress\/giornale-radiopiu-28-ottobre-2021-direttore-mirko-mezzacasa\/schermata-2021-10-27-alle-10-31-16\/\" rel=\"attachment wp-att-239351\"><img loading=\"lazy\" decoding=\"async\" class=\" wp-image-239351 alignleft\" src=\"https:\/\/www.radiopiu.net\/wordpress\/wp-content\/uploads\/2021\/10\/Schermata-2021-10-27-alle-10.31.16-300x280.png\" alt=\"\" width=\"151\" height=\"141\" srcset=\"https:\/\/www.radiopiu.net\/wordpress\/wp-content\/uploads\/2021\/10\/Schermata-2021-10-27-alle-10.31.16-300x280.png 300w, https:\/\/www.radiopiu.net\/wordpress\/wp-content\/uploads\/2021\/10\/Schermata-2021-10-27-alle-10.31.16-768x717.png 768w, https:\/\/www.radiopiu.net\/wordpress\/wp-content\/uploads\/2021\/10\/Schermata-2021-10-27-alle-10.31.16.png 960w\" sizes=\"auto, (max-width: 151px) 100vw, 151px\" \/><\/a>FELTRE<\/strong> Nel fine settimana \u00e8 in programma l&#8217;Antica Fiera di San Matteo a Feltre. Nell&#8217;ambito delle iniziative correlate all&#8217;Antica Fiera di San Matteo 2021 \u00e8 prevista per domani alle ore 17 presso l&#8217;Auditorium dell&#8217; Istituto Canossiano di Feltre l&#8217;Assemblea Pubblica di presentazione della Carta dei Principi per la formalizzazione e costituzione del Comitato Promotore del Biodistretto provinciale &#8220;Terre Bellunesi&#8221;. La vice presidente della Commissione Agricoltura alla Camera dei Deputati, co-firmataria della legge sul biologico e sui biodistretti On.Susanna Cenni, illustrer\u00e0 l&#8217;evoluzione della normativa di settore, a seguire\u00a0 testimonianze ed interventi territoriali di motivazione alla sottoscrizione della Carta dei Principi.<\/p>\n<p>&nbsp;<\/p>\n<hr \/>\n<p>&nbsp;<\/p>\n<blockquote>\n<h3>RITORNA IL MERCATINO DI SAN MARTINO<\/h3>\n<\/blockquote>\n<p><strong><a href=\"https:\/\/www.radiopiu.net\/wordpress\/giornale-radiopiu-20-ottobre-2021-direttore-mirko-mezzacasa\/b36cfb00-fd3d-49a9-8539-460df52a21aa\/\" rel=\"attachment wp-att-237824\"><img loading=\"lazy\" decoding=\"async\" class=\"wp-image-237824 alignleft\" src=\"https:\/\/www.radiopiu.net\/wordpress\/wp-content\/uploads\/2021\/10\/b36cfb00-fd3d-49a9-8539-460df52a21aa-215x300.jpg\" alt=\"\" width=\"131\" height=\"183\" srcset=\"https:\/\/www.radiopiu.net\/wordpress\/wp-content\/uploads\/2021\/10\/b36cfb00-fd3d-49a9-8539-460df52a21aa-215x300.jpg 215w, https:\/\/www.radiopiu.net\/wordpress\/wp-content\/uploads\/2021\/10\/b36cfb00-fd3d-49a9-8539-460df52a21aa.jpg 574w\" sizes=\"auto, (max-width: 131px) 100vw, 131px\" \/><\/a>BELLUNO<\/strong> Ritorna a Salce dopo un anno di arresto forzato dovuto alla pandemia Covid il \u201cMercatino di San Martino\u201d, che rappresenta non solo un&#8217;opportunit\u00e0 di solidariet\u00e0, ma anche una delle pi\u00f9 belle feste paesane del periodo autunnale. In oltre 30 anni di storia il mercatino continua ancor oggi ad unire occasioni di intrattenimento e fratellanza. L\u2019appuntamento, nel rispetto delle normative anti contagio, in questo 2021 \u00e8 per domenica 7 novembre presso il campo sportivo di Salce \u2013 \u201ccasetta degli Alpini\u201d con inizio alle ore 9.00. Saranno a disposizione dei visitatori non solo prodotti ortofrutticoli locali, ma anche prodotti dolciari come i tipici crostoli, le torte, i biscotti e gli oggetti frutto dell\u2019artigianato locale. Una delle chicche pi\u00f9 apprezzate dai visitatori sono i prodotti \u201ctake-away\u201d come i pasticci pronti da infornare, le trippe, i canederli e molto altro ancora. Per facilitare la vendita ed evitare assembramenti alcuni prodotti sono pre ordinabili al telefono o online: tutte le informazioni utili nel sito www.parrocchiadisalce.it.<\/p>\n<\/div>\n<div dir=\"auto\">\n<p>&nbsp;<\/p>\n<p>&nbsp;<\/p>\n<hr \/>\n<p>&nbsp;<\/p>\n<blockquote>\n<h3>I\u2019M THE REVOLUTION: UNITE PER RAWA, A SOSTEGNO DELLE DONNE DELL\u2019AFGHANISTAN E DELLE LORO LOTTE<\/h3>\n<\/blockquote>\n<p><strong>BELLUNO<\/strong> \u00c8 in programma per domani al Cinema Italia di Belluno la proiezione del film &#8220;I&#8217;M The Revolution&#8221; un documentario del 2019. L&#8217;invito a partecipare alla proiezione della pellicola arriva da l&#8217;Associazione Non Una Di Meno. Questo film \u00e8 molto di pi\u00f9 di un grido di orrore, di dolore, di rabbia; \u00e8 un canto di speranza nel futuro, un futuro costruito sulla forza e il coraggio delle donne. Il documentario fotografa la situazione di un tempo recente, eppure gi\u00e0 radicalmente diverso in Afganistan. \u00c9 preferibile prenotarsi sul sito <a href=\"http:\/\/www.eventbrite.it\/\">www.eventbrite.it<\/a> o con messaggio al 348 7793 483. Per partecipare alla proiezione \u00e8 necessario il green pass e la mascherina chirurgica o ffp2\/ffp3<\/p>\n<p>&nbsp;<\/p>\n<p>&nbsp;<\/p>\n<hr \/>\n<p>&nbsp;<\/p>\n<blockquote>\n<h3>DOMENICA CINEMA PER BAMBINI A FONZASO<\/h3>\n<\/blockquote>\n<p><strong>FONZASO <\/strong>Continuano con successo le attivit\u00e0 domenicali di Dolomiti Hub rivolte ai pi\u00f9 giovani e realizzate grazie al finanziamento del Dipartimento per le Politiche della Famiglia della Presidenza del Consiglio dei Ministri (avviso pubblico \u201cEduCare\u201d), all\u2019interno del progetto\u00a0 progetto \u201cCOndiVIDiamo: le relazioni che fanno comunit\u00e0\u201d di cui \u00e8 ente capofila il Consorzio dei Comuni BIM Piave di Belluno. Domenica alle 17.00 all\u2019ex-scuola elementare di Arten a Fonzaso verr\u00e0 proiettato il film di animazione \u201cLa famosa invasione degli orsi in Sicilia\u201d. Secondo quanto previsto dalle normative nazionali, a partire dai 12 anni di et\u00e0 per partecipare alla proiezione \u00e8 obbligatorio esibire il green pass.\u00a0 L\u2019iniziativa \u00e8 gratuita, su prenotazione:\u00a0 <a title=\"https:\/\/dolomitihub.it\/la-famosa-invasione-degli-orsi-in-sicilia-2\/\" href=\"https:\/\/dolomitihub.it\/la-famosa-invasione-degli-orsi-in-sicilia-2\/\">https:\/\/dolomitihub.it\/la-famosa-invasione-degli-orsi-in-sicilia-2\/<\/a><\/p>\n<p>&nbsp;<\/p>\n<p>&nbsp;<\/p>\n<hr \/>\n<p>&nbsp;<\/p>\n<p>&nbsp;<\/p>\n<blockquote>\n<h3>GLI ANNI 70 IMPORTANTI CON LA STORICA ELEZIONE DI ALBINO LUCIANI \u201cPAPA BELLUNESE DEL SORRISO\u201d<\/h3>\n<\/blockquote>\n<p><strong>DI RENATO BONA<\/strong><\/p>\n<p>Decisamente importanti gli anni Settanta nella storia bellunese dato che registrano l\u2019elezione del secondo pontefice bellunese della storia: Albino Luciani, di Canale d\u2019Agordo, il \u201cPapa bellunese del sorriso\u201d (modestamente: la definizione, ripresa poi da tutti gli organi di informazione \u00e8 di chi stende queste note, cio\u00e8 mia &#8211; ndr.) asceso al soglio di Pietro il 26 agosto 1978 col nome di Giovanni Paolo I. Ne da conto Franco Sirena nel suo libro \u201cCento anni a Belluno. Notizie e curiosit\u00e0 dal XX secolo\u201d edito nel gennaio 2001 dall\u2019Istituto bellunese di ricerche sociali e culturali guidato dal prof. don Sergio Sacco, stampa tipografia Piave. Il 1971 ha come titolo: \u201cPalasport Annibale De Mas\u201d e ricorda che il 20 marzo ci fu la \u201cFesta dello sport\u201d per l\u2019inaugurazione del palazzetto intitolato ad Annibale De Mas, gi\u00e0 sindaco di Belluno. Agosto: muore a Verona il maestro Guatti Zuliani direttore della Banda cittadina per oltre 40 anni. Il 23 e 24 ottobre al Palasport Campionati triveneti di artistica con 200 ginnaste. Nella chiesa di Santa Maria delle Grazie collocate due teste scolpite da Massimo Facchin: san Tommaso e san Giacomo, in sostituzione di quelle rubate. Il Belluno calcio \u00e8 in serie C! Anno 1972, titolo: \u201cLo chalet Francesco Caldart\u201d. 18 febbraio: alla Camera di commercio Edoardo Luciani, fratello del futuro pontefice, subentra a Mario Botter. Aperta una galleria tra via Mezzaterra e via San Pietro. Giuseppe \u201cBepi\u201d Caldart nominato presidente dell\u2019Azienda turismo. 23 aprile: grande successo della \u201cFesta dei Marangoni\u201d a Borgo Pra. Il 29 posa della prima pietra dell\u2019Istituto magistrale \u201cRenier\u201d. A luglio: una rapina alla banca Popolare di Novara e l\u2019evasione di tre detenuti da Baldenich. Nel corso del secondo convegno nazionale sulla protezione della flora alpina, in Nevegal viene inaugurato lo chalet intitolato a Francesco Caldart emerito studioso bellunese. Il 26 novembre inaugurazione della scuola materna di Castion, l\u20198 dicembre di quella di San Giovanni Bosco a Baldenich. Per il 1973 il titolo \u00e8: \u201cIl furto al Museo\u201d per ricordare che il 24 agosto i ladri avevano trafugato dal Museo opere d\u2019arte per un valore di 500 milioni! Sparito anche l\u2019antico sigillo della Citt\u00e0 mai pi\u00f9 rintracciato a differenza della \u201cMadonna con Bambino seduto\u201d di Bartolomeo Montagna, trovato a Vienna. Il 5 marzo eletto cardinale Albino Luciani; l\u20198 la Camera boccia il progetto dell\u2019autostrada. Il 29 giugno inaugurato il rifugio Bianchet. A luglio scoperti affreschi del XVI secolo nella parrocchiale di Bolzano Bellunese. Il 1. dicembre istituito l\u2019Archivio di Stato. Il 2 prendono il via le domeniche con il blocco totale della circolazione per lo scoppio della crisi petrolifera. 1974, titolo: \u201cPrima maratona di San Martino\u201d. La Provincia appalta i lavori per l\u2019Istituto commerciale \u201cCalvi\u201d; il pane bianco costa 350 lire al chilo. 22 febbraio: gravissimo incidente al bivio di San Gervasio: muoiono nonna e due nipotine travolta da un\u2019auto. Dal 10 marzo, dopo cento giorni, le auto potranno circolare a targhe alterne. 22 marzo: rivolta nel carcere di Baldenich con due feriti. Il 19 giugno solenne cerimonia per il 25. di ordinazione del vescovo Muccin. Il 10 novembre prima edizione della Maratona di San Martino ideata da Renzo Stefano Mattei. Titolo per il 1975: \u201cRitorno dei giochi della giovent\u00f9\u201d. In febbraio grave furto alla Biblioteca Lolliniana dove spariscono 11 libri antichi. Il 16 marzo celebrazione solenne per il 30. anniversario della Liberazione: alla messa, in Piazza dei Martiri, partecipa monsignor Girolamo Bortignon gi\u00e0 vescovo di Belluno. 22 ottobre: campane a festa per la designazione del nuovo vescovo Maffeo Ducoli che subentra a Muccin. Il 22 dicembre muore a Milano il maestro Nino Prosdocimi direttore della Corale Bellunese e animatore dell\u2019Orchestra stabile di Belluno. \u201cLa seggiovia di Col Canil\u201d \u00e8 il titolo per l\u2019anno 1976 quando, il 31 gennaio, si inaugura il nuovo impianto che si collega con la sciovia di Col Toront. Alle 21,02 del 6 maggio si avverte anche a Belluno la scossa del disastroso terremoto del Friuli. Teledolomiti prende possesso di Palazzo Minerva. A settembre gli alpinisti Franco Miotto, Amerigo Azzalin, Riccardo Bee tracciano due nuove vie sul Nason della Schiara con difficolt\u00e0 di 5. e 6. grado. In ottobre fondazione dell\u2019Istituto bellunese di ricerche sociali e culturali, prima pubblicazione: \u201cPittura bellunese contemporanea\u201d. E siamo al 1997 anno per il quale Franco Sirena ha scelto il titolo: \u201cComitato d\u2019Intesa\u201d. Il biglietto dell\u2019autobus costa 150 lire. Nelle banche e nelle poste i cittadini della provincia hanno depositato 440 miliardi di lire. L\u201911 febbraio fondazione del Comitato d\u2019intesa fra le associazioni volontaristiche della provincia, nove i sodalizi aderenti; presidente \u00e8 il dott. Valentino Del Fabbro. Su input del benemerito sodalizio la Provincia realizza un Centro di accoglienza per handicappati gravi e gravissimi. A settembre inaugurata all\u2019ospedale la sede di cobaltoterapia. E siamo all\u2019anno 1978 che ha per titolo \u201cPapa Giovanni Paolo I\u201d con riferimento all\u2019elezione il 26 agosto di Albino Luciani quale secondo pontefice della storia bellunese dopo Gregorio XVI. Le campane suonano a festa lungamente. Fra le notizie si segnala la chiusura del macello comunale non pi\u00f9 in regola con le norme sanitarie: non verr\u00e0 pi\u00f9 riaperto. Il 9 febbraio il festoso Carnevale di Castion \u201cil pi\u00f9 importante e meglio organizzato della provincia\u201d. La Latteria dell\u2019Oltrardo compie 50 anni. Viene fondato il Gruppo Natura Bellunese. Un altro pontefice Papa Giovanni Paolo II da il titolo al 1979, Quell\u2019anno infatti, il 26 agosto, arriva in provincia Giovanni Paolo II: visiter\u00e0 la casa natale del predecessore \u201cIl papa bellunese del sorriso\u201d quindi salita in Marmolada per la recita dell\u2019Angelus e nel pomeriggio a Belluno dove celebra la messa al Polisportivo gremito di migliaia di fedeli. Il era composto da 900 cantori. E\u2019 nata l\u2019Unione generale dei Ladini bellunesi. L\u201911 settembre inaugurazione di una mostra sui lavori di Dino Buzzati e l\u2019indomani gli viene intitolata la \u201cpanoramica\u201d. Concludiamo la carrellata con \u201cLe nuove porte della cattedrale\u201d. Il relativo concorso nazionale, con 97 partecipanti, \u00e8 stato vinto da Angelo Canevari. Nuovi problemi di carattere statico per il palazzo della Prefettura. Il 14 maggio prima assemblea dei 1200 soci della LatteriaValbelluna. Il 26 a Borgo Pra inaugurazione della Sala di cultura E. De Luca. Il 20 giugno il sarcofago di Flavio Ostilio \u00e8 trasferito a palazzo Crepadona. Il 21 settembre si inaugura il campo sportivo di Cavarzano.<\/p>\n\n\t\t\t<style type='text\/css'>\n\t\t\t\t#gallery-11 {\n\t\t\t\t\tmargin: auto;\n\t\t\t\t}\n\t\t\t\t#gallery-11 .gallery-item {\n\t\t\t\t\tfloat: left;\n\t\t\t\t\tmargin-top: 10px;\n\t\t\t\t\ttext-align: center;\n\t\t\t\t\twidth: 20%;\n\t\t\t\t}\n\t\t\t\t#gallery-11 img {\n\t\t\t\t\tborder: 2px solid #cfcfcf;\n\t\t\t\t}\n\t\t\t\t#gallery-11 .gallery-caption {\n\t\t\t\t\tmargin-left: 0;\n\t\t\t\t}\n\t\t\t\t\/* see gallery_shortcode() in wp-includes\/media.php *\/\n\t\t\t<\/style>\n\t\t<div id='gallery-11' class='dt-gallery-container gallery galleryid-239494 gallery-columns-5 gallery-size-thumbnail'><dl class='gallery-item'>\n\t\t\t\t<dt class='gallery-icon landscape'>\n\t\t\t\t\t<a class=\"rollover rollover-zoom dt-pswp-item\" title=\"249604635_135686362097590_1078115333949413252_n\" data-dt-img-description=\"\" data-large_image_width=\"312\" data-large_image_height=\"206\"href='https:\/\/www.radiopiu.net\/wordpress\/wp-content\/uploads\/2021\/10\/249604635_135686362097590_1078115333949413252_n.jpg'><img loading=\"lazy\" decoding=\"async\" width=\"150\" height=\"150\" src=\"https:\/\/www.radiopiu.net\/wordpress\/wp-content\/uploads\/2021\/10\/249604635_135686362097590_1078115333949413252_n-150x150.jpg\" class=\"attachment-thumbnail size-thumbnail\" alt=\"\" \/><\/a>\n\t\t\t\t<\/dt><\/dl><dl class='gallery-item'>\n\t\t\t\t<dt class='gallery-icon portrait'>\n\t\t\t\t\t<a class=\"rollover rollover-zoom dt-pswp-item\" title=\"250143425_1148900265960842_6894109750736984670_n\" data-dt-img-description=\"\" data-large_image_width=\"160\" data-large_image_height=\"344\"href='https:\/\/www.radiopiu.net\/wordpress\/wp-content\/uploads\/2021\/10\/250143425_1148900265960842_6894109750736984670_n.jpg'><img loading=\"lazy\" decoding=\"async\" width=\"150\" height=\"150\" src=\"https:\/\/www.radiopiu.net\/wordpress\/wp-content\/uploads\/2021\/10\/250143425_1148900265960842_6894109750736984670_n-150x150.jpg\" class=\"attachment-thumbnail size-thumbnail\" alt=\"\" \/><\/a>\n\t\t\t\t<\/dt><\/dl><dl class='gallery-item'>\n\t\t\t\t<dt class='gallery-icon landscape'>\n\t\t\t\t\t<a class=\"rollover rollover-zoom dt-pswp-item\" title=\"249973872_939961269923874_3958582664006354679_n\" data-dt-img-description=\"\" data-large_image_width=\"296\" data-large_image_height=\"200\"href='https:\/\/www.radiopiu.net\/wordpress\/wp-content\/uploads\/2021\/10\/249973872_939961269923874_3958582664006354679_n.jpg'><img loading=\"lazy\" decoding=\"async\" width=\"150\" height=\"150\" src=\"https:\/\/www.radiopiu.net\/wordpress\/wp-content\/uploads\/2021\/10\/249973872_939961269923874_3958582664006354679_n-150x150.jpg\" class=\"attachment-thumbnail size-thumbnail\" alt=\"\" \/><\/a>\n\t\t\t\t<\/dt><\/dl><dl class='gallery-item'>\n\t\t\t\t<dt class='gallery-icon landscape'>\n\t\t\t\t\t<a class=\"rollover rollover-zoom dt-pswp-item\" title=\"250000162_579531776650819_2397508764250503310_n\" data-dt-img-description=\"\" data-large_image_width=\"294\" data-large_image_height=\"206\"href='https:\/\/www.radiopiu.net\/wordpress\/wp-content\/uploads\/2021\/10\/250000162_579531776650819_2397508764250503310_n.jpg'><img loading=\"lazy\" decoding=\"async\" width=\"150\" height=\"150\" src=\"https:\/\/www.radiopiu.net\/wordpress\/wp-content\/uploads\/2021\/10\/250000162_579531776650819_2397508764250503310_n-150x150.jpg\" class=\"attachment-thumbnail size-thumbnail\" alt=\"\" \/><\/a>\n\t\t\t\t<\/dt><\/dl><dl class='gallery-item'>\n\t\t\t\t<dt class='gallery-icon landscape'>\n\t\t\t\t\t<a class=\"rollover rollover-zoom dt-pswp-item\" title=\"249937094_2959035451077994_8544399339253906736_n\" data-dt-img-description=\"\" data-large_image_width=\"291\" data-large_image_height=\"206\"href='https:\/\/www.radiopiu.net\/wordpress\/wp-content\/uploads\/2021\/10\/249937094_2959035451077994_8544399339253906736_n.jpg'><img loading=\"lazy\" decoding=\"async\" width=\"150\" height=\"150\" src=\"https:\/\/www.radiopiu.net\/wordpress\/wp-content\/uploads\/2021\/10\/249937094_2959035451077994_8544399339253906736_n-150x150.jpg\" class=\"attachment-thumbnail size-thumbnail\" alt=\"\" \/><\/a>\n\t\t\t\t<\/dt><\/dl><br style=\"clear: both\" \/><dl class='gallery-item'>\n\t\t\t\t<dt class='gallery-icon landscape'>\n\t\t\t\t\t<a class=\"rollover rollover-zoom dt-pswp-item\" title=\"249911751_599825481449880_4114197762318126267_n\" data-dt-img-description=\"\" data-large_image_width=\"591\" data-large_image_height=\"206\"href='https:\/\/www.radiopiu.net\/wordpress\/wp-content\/uploads\/2021\/10\/249911751_599825481449880_4114197762318126267_n.jpg'><img loading=\"lazy\" decoding=\"async\" width=\"150\" height=\"150\" src=\"https:\/\/www.radiopiu.net\/wordpress\/wp-content\/uploads\/2021\/10\/249911751_599825481449880_4114197762318126267_n-150x150.jpg\" class=\"attachment-thumbnail size-thumbnail\" alt=\"\" \/><\/a>\n\t\t\t\t<\/dt><\/dl><dl class='gallery-item'>\n\t\t\t\t<dt class='gallery-icon landscape'>\n\t\t\t\t\t<a class=\"rollover rollover-zoom dt-pswp-item\" title=\"250046165_412218760522085_2559832492946188161_n\" data-dt-img-description=\"\" data-large_image_width=\"311\" data-large_image_height=\"206\"href='https:\/\/www.radiopiu.net\/wordpress\/wp-content\/uploads\/2021\/10\/250046165_412218760522085_2559832492946188161_n.jpg'><img loading=\"lazy\" decoding=\"async\" width=\"150\" height=\"150\" src=\"https:\/\/www.radiopiu.net\/wordpress\/wp-content\/uploads\/2021\/10\/250046165_412218760522085_2559832492946188161_n-150x150.jpg\" class=\"attachment-thumbnail size-thumbnail\" alt=\"\" \/><\/a>\n\t\t\t\t<\/dt><\/dl><dl class='gallery-item'>\n\t\t\t\t<dt class='gallery-icon landscape'>\n\t\t\t\t\t<a class=\"rollover rollover-zoom dt-pswp-item\" title=\"250487692_1822910314563331_1231559962869364735_n\" data-dt-img-description=\"\" data-large_image_width=\"350\" data-large_image_height=\"201\"href='https:\/\/www.radiopiu.net\/wordpress\/wp-content\/uploads\/2021\/10\/250487692_1822910314563331_1231559962869364735_n.jpg'><img loading=\"lazy\" decoding=\"async\" width=\"150\" height=\"150\" src=\"https:\/\/www.radiopiu.net\/wordpress\/wp-content\/uploads\/2021\/10\/250487692_1822910314563331_1231559962869364735_n-150x150.jpg\" class=\"attachment-thumbnail size-thumbnail\" alt=\"\" \/><\/a>\n\t\t\t\t<\/dt><\/dl><dl class='gallery-item'>\n\t\t\t\t<dt class='gallery-icon landscape'>\n\t\t\t\t\t<a class=\"rollover rollover-zoom dt-pswp-item\" title=\"250320016_1199829953872256_163015555263247187_n\" data-dt-img-description=\"\" data-large_image_width=\"295\" data-large_image_height=\"206\"href='https:\/\/www.radiopiu.net\/wordpress\/wp-content\/uploads\/2021\/10\/250320016_1199829953872256_163015555263247187_n.jpg'><img loading=\"lazy\" decoding=\"async\" width=\"150\" height=\"150\" src=\"https:\/\/www.radiopiu.net\/wordpress\/wp-content\/uploads\/2021\/10\/250320016_1199829953872256_163015555263247187_n-150x150.jpg\" class=\"attachment-thumbnail size-thumbnail\" alt=\"\" \/><\/a>\n\t\t\t\t<\/dt><\/dl><dl class='gallery-item'>\n\t\t\t\t<dt class='gallery-icon landscape'>\n\t\t\t\t\t<a class=\"rollover rollover-zoom dt-pswp-item\" title=\"249687805_424067282562244_5600288335707942006_n\" data-dt-img-description=\"\" data-large_image_width=\"228\" data-large_image_height=\"206\"href='https:\/\/www.radiopiu.net\/wordpress\/wp-content\/uploads\/2021\/10\/249687805_424067282562244_5600288335707942006_n.jpg'><img loading=\"lazy\" decoding=\"async\" width=\"150\" height=\"150\" src=\"https:\/\/www.radiopiu.net\/wordpress\/wp-content\/uploads\/2021\/10\/249687805_424067282562244_5600288335707942006_n-150x150.jpg\" class=\"attachment-thumbnail size-thumbnail\" alt=\"\" \/><\/a>\n\t\t\t\t<\/dt><\/dl><br style=\"clear: both\" \/>\n\t\t\t<\/div>\n\n<p>NELLE FOTO (riproduzioni dal libro di Franco Sirena \u201cCento anni a Belluno. Notizie e curiosit\u00e0 dal XX secolo\u201d): manifestazione di ginnastica al Palasport; cartolina celebrativa del convengo sulla protezione della flora alpina; il Coro Minimo in concerto; venticinquesimo di ordinazione episcopale per mons. Muccin; il giornalista Sigi Leghner scrive all\u2019Aast per la promozione turistica; la seggiovia di Col Canil in Nevegal nella pubblicit\u00e0 della Sis, Societ\u00e0 impianti sportivi; autorit\u00e0 alla premiazione della Festa dei Marangoni di Borgo Pra; il patriarca Albino Luciani, al centro, con il vescovo Maffeo Ducoli ed il presidente dell\u2019Azione cattolica Valentino Costantini; la visita di Giovanni Paolo II a Belluno; cerimonia inaugurale delle nuove porte del Duomo.<\/p>\n<p>&nbsp;<\/p>\n<hr \/>\n<p>&nbsp;<\/p>\n<p>&nbsp;<\/p>\n<h2><span style=\"color: #ff0000;\">L&#8217;OPINIONE\u00a0\u00a0<\/span><\/h2>\n<p><strong>di Franco Piacentini &#8211; Iscritto SPI CGIL\u00a0\u00a0<\/strong><\/p>\n<p>In questo periodo, ancora immersi nella pandemia <span aria-haspopup=\"true\">Covid<\/span> 19, riemerge l&#8217;annosa e complessa questione della previdenza in Italia. Ciclicamente la vicenda PENSIONI scalda gli animi della politica e di Cgil Cisl Uil. Le attuali divergenze sugli immediati provvedimenti previdenziali e sull&#8217;attivazione della concertazione per la riforma delle pensioni, erano prevedibili anche con il Governo Draghi, come si era verificato, sostanzialmente, nel passato con i precedenti Governi. Da sempre, chi ha buona memoria storica, sulle pensioni c&#8217;\u00e8 sempre stato e continuer\u00e0 ad esserci la contrapposizione, tra l&#8217;equilibrio finanziario del sistema previdenza e i diritti pensionistici dei lavoratori e dei pensionati. Nell&#8217; auspicare, comunque, l\u2019avvio nei prossimi giorni della concertazione per la riforma intergenerazionale della previdenza e per l&#8217;aumento del potere d&#8217;acquisto delle pensioni, \u00e8 bene ricordare per titoli, soprattutto al Governo, le principali richieste sindacali: ridurre le trattenute fiscali sulle pensioni; garantire un adeguato valore economico alle pensioni contributive; estendere la quattordicesima pensione; concordare una opportuna flessibilit\u00e0 in uscita dei lavoratori per il pensionamento degli stessi; superare la (contro)riforma Fornero; garantire alle giovani generazioni la certezza previdenziale; contrastare le evasioni fiscali e contributive. Sul presente, analizzando gli ultimi dati dell&#8217;Osservatorio Statistico dell\u2019INPS nazionale (aggiornati al 2021) sull&#8217;andamento pensionistico italiano, dei settori privati, si rileva che il 70% delle pensioni non supera il valore di mille euro mensili lordi. Non \u00e8 una novit\u00e0, bens\u00ec l&#8217;ennesima periodica conferma che il valore delle pensioni non \u00e8 mai stato completamente adeguato al reale costo della vita. Negli ultimi quindici anni le pensioni hanno perso circa un 30% del loro potere d&#8217;acquisto. Quindi, in Italia, il 70% degli attuali assegni pensionistici degli ex lavoratori dei settori privati, continua ad essere bloccato su un valore medio di circa ottocento euro lordi mensili. Se questo valore viene scorporato si pu\u00f2 riscontrare che le pensionate, percepiscono mediamente circa 700 \u20acuro (lordi) al mese; invece il valore economico della pensione dei pensionati, si attesta sui circa 1.150 \u20acuro (lordi) mensili. Con meno di mille euro mensili, le persone pensionate non arrivano serenamente a fine mese, anzi molte di loro (circa 900 mila in Veneto) si trovano in povert\u00e0 assoluta o sono a rischio povert\u00e0. Un po&#8217; migliore la situazione pensionistica\u00a0 degli ex dipendenti pubblici. Gli esigui aumenti (nel 2021 un incremento di + 0,1% per effetto del conguaglio con il 2020) provenienti dalla &#8220;scala mobile pensionati&#8221; (adeguamento automatico delle pensioni sulla base di una opinabile rilevazione ISTAT e di un paniere di prodotti e di servizi non molto corrispondente con la realt\u00e0 dei costi della vita, dei consumi e delle necessit\u00e0 degli anziani) non fanno cambiare le condizioni di vita nemmeno ai pensionati veneti.\u00a0 Queste considerazioni portano inevitabilmente alla riproposizione\u00a0 di una necessaria nuova riforma previdenziale, per dare dignit\u00e0 ai pensionati di oggi e certezze per i giovani: gli anziani di domani. Su questa emergenza pensionistica, dovranno prevalere: buon senso, seriet\u00e0, disponibilit\u00e0 politica, concertazione sociale tra CGIL CISL UIL, Associazioni Imprenditoriali e Governo, altrimenti il sistema pubblico previdenziale potrebbe subire serie ripercussioni finanziarie negative. Sulle pensioni e sulle condizioni dei pensionati, non dovranno esserci slogan elettorali,\u00a0 bens\u00ec tantissima seriet\u00e0 per una concreta e condivisa riforma previdenziale intergenerazionale.<\/p>\n<p>&nbsp;<\/p>\n<p>&nbsp;<\/p>\n<p>&nbsp;<\/p>\n<hr \/>\n<p>&nbsp;<\/p>\n<h1><span style=\"color: #ff0000;\">ALLA RADIO&#8230;<\/span><\/h1>\n<h2><span style=\"color: #33cccc;\">AL VIA LA STAGIONE IN VAL SENALES<\/span><\/h2>\n<p><strong>di Claudio Fontanive<\/strong><\/p>\n<p>Ospiti: Gianluca Ben, Maurizio Paolin e Riccardo Fontanive<\/p>\n<audio class=\"wp-audio-shortcode\" id=\"audio-239494-19\" preload=\"none\" style=\"width: 100%;\" controls=\"controls\"><source type=\"audio\/mpeg\" src=\"https:\/\/www.radiopiu.net\/wordpress\/wp-content\/uploads\/2021\/10\/senales-28-ottobre.mp3?_=19\" \/><a href=\"https:\/\/www.radiopiu.net\/wordpress\/wp-content\/uploads\/2021\/10\/senales-28-ottobre.mp3\">https:\/\/www.radiopiu.net\/wordpress\/wp-content\/uploads\/2021\/10\/senales-28-ottobre.mp3<\/a><\/audio>\n<p>&nbsp;<\/p>\n\n\t\t\t<style type='text\/css'>\n\t\t\t\t#gallery-12 {\n\t\t\t\t\tmargin: auto;\n\t\t\t\t}\n\t\t\t\t#gallery-12 .gallery-item {\n\t\t\t\t\tfloat: left;\n\t\t\t\t\tmargin-top: 10px;\n\t\t\t\t\ttext-align: center;\n\t\t\t\t\twidth: 20%;\n\t\t\t\t}\n\t\t\t\t#gallery-12 img {\n\t\t\t\t\tborder: 2px solid #cfcfcf;\n\t\t\t\t}\n\t\t\t\t#gallery-12 .gallery-caption {\n\t\t\t\t\tmargin-left: 0;\n\t\t\t\t}\n\t\t\t\t\/* see gallery_shortcode() in wp-includes\/media.php *\/\n\t\t\t<\/style>\n\t\t<div id='gallery-12' class='dt-gallery-container gallery galleryid-239494 gallery-columns-5 gallery-size-thumbnail'><dl class='gallery-item'>\n\t\t\t\t<dt class='gallery-icon landscape'>\n\t\t\t\t\t<a class=\"rollover rollover-zoom dt-pswp-item\" title=\"e9341383-9a88-42d0-9b12-902d20b0db7e\" data-dt-img-description=\"\" data-large_image_width=\"2048\" data-large_image_height=\"1536\"href='https:\/\/www.radiopiu.net\/wordpress\/wp-content\/uploads\/2021\/10\/e9341383-9a88-42d0-9b12-902d20b0db7e.jpg'><img loading=\"lazy\" decoding=\"async\" width=\"150\" height=\"150\" src=\"https:\/\/www.radiopiu.net\/wordpress\/wp-content\/uploads\/2021\/10\/e9341383-9a88-42d0-9b12-902d20b0db7e-150x150.jpg\" class=\"attachment-thumbnail size-thumbnail\" alt=\"\" \/><\/a>\n\t\t\t\t<\/dt><\/dl><dl class='gallery-item'>\n\t\t\t\t<dt class='gallery-icon portrait'>\n\t\t\t\t\t<a class=\"rollover rollover-zoom dt-pswp-item\" title=\"930cdf5f-7de1-4448-b7d1-a888a0fcf195\" data-dt-img-description=\"\" data-large_image_width=\"1536\" data-large_image_height=\"2048\"href='https:\/\/www.radiopiu.net\/wordpress\/wp-content\/uploads\/2021\/10\/930cdf5f-7de1-4448-b7d1-a888a0fcf195.jpg'><img loading=\"lazy\" decoding=\"async\" width=\"150\" height=\"150\" src=\"https:\/\/www.radiopiu.net\/wordpress\/wp-content\/uploads\/2021\/10\/930cdf5f-7de1-4448-b7d1-a888a0fcf195-150x150.jpg\" class=\"attachment-thumbnail size-thumbnail\" alt=\"\" \/><\/a>\n\t\t\t\t<\/dt><\/dl><dl class='gallery-item'>\n\t\t\t\t<dt class='gallery-icon landscape'>\n\t\t\t\t\t<a class=\"rollover rollover-zoom dt-pswp-item\" title=\"5b32c515-808c-46b5-9e41-353e276dccc6\" data-dt-img-description=\"\" data-large_image_width=\"2048\" data-large_image_height=\"1536\"href='https:\/\/www.radiopiu.net\/wordpress\/wp-content\/uploads\/2021\/10\/5b32c515-808c-46b5-9e41-353e276dccc6.jpg'><img loading=\"lazy\" decoding=\"async\" width=\"150\" height=\"150\" src=\"https:\/\/www.radiopiu.net\/wordpress\/wp-content\/uploads\/2021\/10\/5b32c515-808c-46b5-9e41-353e276dccc6-150x150.jpg\" class=\"attachment-thumbnail size-thumbnail\" alt=\"\" \/><\/a>\n\t\t\t\t<\/dt><\/dl><dl class='gallery-item'>\n\t\t\t\t<dt class='gallery-icon landscape'>\n\t\t\t\t\t<a class=\"rollover rollover-zoom dt-pswp-item\" title=\"f5b55a5d-5fba-41d5-8346-274df271288b\" data-dt-img-description=\"\" data-large_image_width=\"2048\" data-large_image_height=\"1536\"href='https:\/\/www.radiopiu.net\/wordpress\/wp-content\/uploads\/2021\/10\/f5b55a5d-5fba-41d5-8346-274df271288b.jpg'><img loading=\"lazy\" decoding=\"async\" width=\"150\" height=\"150\" src=\"https:\/\/www.radiopiu.net\/wordpress\/wp-content\/uploads\/2021\/10\/f5b55a5d-5fba-41d5-8346-274df271288b-150x150.jpg\" class=\"attachment-thumbnail size-thumbnail\" alt=\"\" \/><\/a>\n\t\t\t\t<\/dt><\/dl><dl class='gallery-item'>\n\t\t\t\t<dt class='gallery-icon portrait'>\n\t\t\t\t\t<a class=\"rollover rollover-zoom dt-pswp-item\" title=\"b49adae8-f0fc-4507-8850-eb3e7a274122\" data-dt-img-description=\"\" data-large_image_width=\"1536\" data-large_image_height=\"2048\"href='https:\/\/www.radiopiu.net\/wordpress\/wp-content\/uploads\/2021\/10\/b49adae8-f0fc-4507-8850-eb3e7a274122.jpg'><img loading=\"lazy\" decoding=\"async\" width=\"150\" height=\"150\" src=\"https:\/\/www.radiopiu.net\/wordpress\/wp-content\/uploads\/2021\/10\/b49adae8-f0fc-4507-8850-eb3e7a274122-150x150.jpg\" class=\"attachment-thumbnail size-thumbnail\" alt=\"\" \/><\/a>\n\t\t\t\t<\/dt><\/dl><br style=\"clear: both\" \/>\n\t\t\t<\/div>\n\n<p>&nbsp;<\/p>\n<hr \/>\n<p>&nbsp;<\/p>\n<h2><strong><a href=\"https:\/\/www.radiopiu.net\/wordpress\/ok-giornale-radiopiu-01-settembre-2020-direttore-mirko-mezzacasa\/spi-cgil-feltre\/\" rel=\"attachment wp-att-158695\"><img loading=\"lazy\" decoding=\"async\" class=\"size-medium wp-image-158695 alignleft\" src=\"https:\/\/www.radiopiu.net\/wordpress\/wp-content\/uploads\/2020\/08\/spi-cgil-feltre-300x225.jpeg\" alt=\"\" width=\"300\" height=\"225\" srcset=\"https:\/\/www.radiopiu.net\/wordpress\/wp-content\/uploads\/2020\/08\/spi-cgil-feltre-300x225.jpeg 300w, https:\/\/www.radiopiu.net\/wordpress\/wp-content\/uploads\/2020\/08\/spi-cgil-feltre-1024x768.jpeg 1024w, https:\/\/www.radiopiu.net\/wordpress\/wp-content\/uploads\/2020\/08\/spi-cgil-feltre-768x576.jpeg 768w, https:\/\/www.radiopiu.net\/wordpress\/wp-content\/uploads\/2020\/08\/spi-cgil-feltre-1536x1152.jpeg 1536w, https:\/\/www.radiopiu.net\/wordpress\/wp-content\/uploads\/2020\/08\/spi-cgil-feltre-640x480.jpeg 640w, https:\/\/www.radiopiu.net\/wordpress\/wp-content\/uploads\/2020\/08\/spi-cgil-feltre.jpeg 1600w\" sizes=\"auto, (max-width: 300px) 100vw, 300px\" \/><\/a><\/strong><span style=\"color: #ff9900;\">SPECIALE SPI CGIL &#8211; 28 OTTOBRE 2021<\/span><\/h2>\n<p><strong>di Claudio Fontanive<\/strong><\/p>\n<p>Ospite: Maria Rita Gentilin<\/p>\n<audio class=\"wp-audio-shortcode\" id=\"audio-239494-20\" preload=\"none\" style=\"width: 100%;\" controls=\"controls\"><source type=\"audio\/mpeg\" src=\"https:\/\/www.radiopiu.net\/wordpress\/wp-content\/uploads\/2021\/10\/spi-cgil-28-ottobre.mp3?_=20\" \/><a href=\"https:\/\/www.radiopiu.net\/wordpress\/wp-content\/uploads\/2021\/10\/spi-cgil-28-ottobre.mp3\">https:\/\/www.radiopiu.net\/wordpress\/wp-content\/uploads\/2021\/10\/spi-cgil-28-ottobre.mp3<\/a><\/audio>\n<p>&nbsp;<\/p>\n<p>&nbsp;<\/p>\n<hr \/>\n<p>&nbsp;<\/p>\n<blockquote>\n<h3>IL RITORNO DI IN VIVO VERSO, SETTIMA STAGIONE CON BRUNELLA MORO, DAL LUNEDI AL VENERDI ALLE 7.10, 10.10 E 18.50<\/h3>\n<\/blockquote>\n<p><span style=\"color: #ff0000;\">\u00a0<\/span><\/p>\n<p><strong>AUDIO\u00a0\u00a0<\/strong><\/p>\n<audio class=\"wp-audio-shortcode\" id=\"audio-239494-21\" preload=\"none\" style=\"width: 100%;\" controls=\"controls\"><source type=\"audio\/mpeg\" src=\"https:\/\/www.radiopiu.net\/wordpress\/wp-content\/uploads\/2020\/10\/VIVO-VERSO-GIO.mp3?_=21\" \/><a href=\"https:\/\/www.radiopiu.net\/wordpress\/wp-content\/uploads\/2020\/10\/VIVO-VERSO-GIO.mp3\">https:\/\/www.radiopiu.net\/wordpress\/wp-content\/uploads\/2020\/10\/VIVO-VERSO-GIO.mp3<\/a><\/audio>\n<p>&nbsp;<\/p>\n<p><span style=\"font-size: large;\"><a href=\"https:\/\/www.radiopiu.net\/wordpress\/giornale-radiopiu-29-ottobre-2021-direttore-mirko-mezzacasa\/4-marco-dal-farra-foto\/\" rel=\"attachment wp-att-239608\"><img loading=\"lazy\" decoding=\"async\" class=\"wp-image-239608 alignleft\" src=\"https:\/\/www.radiopiu.net\/wordpress\/wp-content\/uploads\/2021\/10\/4-marco-dal-farra-foto-300x300.jpg\" alt=\"\" width=\"142\" height=\"142\" srcset=\"https:\/\/www.radiopiu.net\/wordpress\/wp-content\/uploads\/2021\/10\/4-marco-dal-farra-foto-300x300.jpg 300w, https:\/\/www.radiopiu.net\/wordpress\/wp-content\/uploads\/2021\/10\/4-marco-dal-farra-foto-1024x1024.jpg 1024w, https:\/\/www.radiopiu.net\/wordpress\/wp-content\/uploads\/2021\/10\/4-marco-dal-farra-foto-150x150.jpg 150w, https:\/\/www.radiopiu.net\/wordpress\/wp-content\/uploads\/2021\/10\/4-marco-dal-farra-foto-768x769.jpg 768w, https:\/\/www.radiopiu.net\/wordpress\/wp-content\/uploads\/2021\/10\/4-marco-dal-farra-foto-1534x1536.jpg 1534w, https:\/\/www.radiopiu.net\/wordpress\/wp-content\/uploads\/2021\/10\/4-marco-dal-farra-foto.jpg 2013w\" sizes=\"auto, (max-width: 142px) 100vw, 142px\" \/><\/a>Marco Dal Farra<\/span><\/p>\n<p><span style=\"font-size: large;\">COMMEDIA<\/span><\/p>\n<p><span style=\"font-size: large;\">Come in una soave atmosfera teatrale<\/span><\/p>\n<p><span style=\"font-size: large;\">tu,<\/span><\/p>\n<p><span style=\"font-size: large;\">regista della mia vita, dirigesti il mio cuore <\/span><\/p>\n<p><span style=\"font-size: large;\">come uno squallido copione<\/span><\/p>\n<p><span style=\"font-size: large;\">che giostravi a tuo piacimento<\/span><\/p>\n<p><span style=\"font-size: large;\">per la buona riuscita del tuo spettacolo.<\/span><\/p>\n<p><span style=\"font-size: large;\">Uno spettacolo dove mostravi amore, tanto amore;<\/span><\/p>\n<p><span style=\"font-size: large;\">ma si sa,<\/span><\/p>\n<p><span style=\"font-size: large;\">nel teatro \u00e8 tutto finto.<\/span><\/p>\n<p>&nbsp;<\/p>\n<p>&nbsp;<\/p>\n<p><strong>LA RACCOLTA COMPLETA\u00a0 \u00a0<\/strong><\/p>\n<blockquote class=\"wp-embedded-content\" data-secret=\"MrbxT3kY8I\"><p><a href=\"https:\/\/www.radiopiu.net\/wordpress\/in-vivo-verso\/\">In Vivo Verso<\/a><\/p><\/blockquote>\n<p><iframe loading=\"lazy\" class=\"wp-embedded-content\" sandbox=\"allow-scripts\" security=\"restricted\" style=\"position: absolute; clip: rect(1px, 1px, 1px, 1px);\" title=\"&#8220;In Vivo Verso&#8221; &#8212; Radio Pi\u00f9\" src=\"https:\/\/www.radiopiu.net\/wordpress\/in-vivo-verso\/embed\/#?secret=MrbxT3kY8I\" data-secret=\"MrbxT3kY8I\" width=\"600\" height=\"338\" frameborder=\"0\" marginwidth=\"0\" marginheight=\"0\" scrolling=\"no\"><\/iframe><\/p>\n<p>&nbsp;<\/p>\n<p>&nbsp;<\/p>\n<div class=\"ecm0bbzt e5nlhep0 a8c37x1j\">\n<div class=\"kvgmc6g5 cxmmr5t8 oygrvhab hcukyx3x c1et5uql\">\n<div class=\"gmail-kvgmc6g5 gmail-cxmmr5t8 gmail-oygrvhab gmail-hcukyx3x gmail-c1et5uql gmail-ii04i59q\">\n<div class=\"page-title-head hgroup\">\n<div class=\"page-title-head hgroup\">\n<div class=\"b654a4as d2edcug0\">\n<div class=\"j83agx80 btwxx1t3 lhclo0ds hop8lmos nkwizq5d scwd0bx6 roh60bw9\">\n<div class=\"rq0escxv hkbzh7o3 jwdofwj8 n8tt0mok r8blr3vg hyh9befq\">\n<div class=\"do00u71z l9j0dhe7 k4urcfbm\">\n<hr \/>\n<p>&nbsp;<\/p>\n<p>&nbsp;<\/p>\n<p>&nbsp;<\/p>\n<h2><span style=\"color: #ff6600;\">CONNESSI di Luisa Manfroi<\/span><\/h2>\n<p>&nbsp;<\/p>\n<blockquote class=\"wp-embedded-content\" data-secret=\"BBoXU8gAi2\"><p><a href=\"https:\/\/www.radiopiu.net\/wordpress\/connessi-2\/\">Connessi<\/a><\/p><\/blockquote>\n<p><iframe loading=\"lazy\" class=\"wp-embedded-content\" sandbox=\"allow-scripts\" security=\"restricted\" style=\"position: absolute; clip: rect(1px, 1px, 1px, 1px);\" title=\"&#8220;Connessi&#8221; &#8212; Radio Pi\u00f9\" src=\"https:\/\/www.radiopiu.net\/wordpress\/connessi-2\/embed\/#?secret=BBoXU8gAi2\" data-secret=\"BBoXU8gAi2\" width=\"600\" height=\"338\" frameborder=\"0\" marginwidth=\"0\" marginheight=\"0\" scrolling=\"no\"><\/iframe><\/p>\n<p>&nbsp;<\/p>\n<hr \/>\n<p>&nbsp;<\/p>\n<p><span style=\"color: #0000ff;\">MUSICA PIU&#8217;<\/span><\/p>\n<p>&nbsp;<\/p>\n<blockquote class=\"wp-embedded-content\" data-secret=\"XgCTuEm3ca\"><p><a href=\"https:\/\/www.radiopiu.net\/wordpress\/freemix-la-liberta-musicale-mixata-da-dj-athos-e-raccontata-da-dj-jack\/\">FREEMIX, LA LIBERTA&#8217; MUSICALE MIXATA DA DJ ATHOS E RACCONTATA DA DJ JACK<\/a><\/p><\/blockquote>\n<p><iframe loading=\"lazy\" class=\"wp-embedded-content\" sandbox=\"allow-scripts\" security=\"restricted\" style=\"position: absolute; clip: rect(1px, 1px, 1px, 1px);\" title=\"&#8220;FREEMIX, LA LIBERTA&#8217; MUSICALE MIXATA DA DJ ATHOS E RACCONTATA DA DJ JACK&#8221; &#8212; Radio Pi\u00f9\" src=\"https:\/\/www.radiopiu.net\/wordpress\/freemix-la-liberta-musicale-mixata-da-dj-athos-e-raccontata-da-dj-jack\/embed\/#?secret=XgCTuEm3ca\" data-secret=\"XgCTuEm3ca\" width=\"600\" height=\"338\" frameborder=\"0\" marginwidth=\"0\" marginheight=\"0\" scrolling=\"no\"><\/iframe><\/p>\n<p>&nbsp;<\/p>\n<p>&nbsp;<\/p>\n<blockquote class=\"wp-embedded-content\" data-secret=\"i7nPqvv2HJ\"><p><a href=\"https:\/\/www.radiopiu.net\/wordpress\/da-ieri-alla-radio-in-palinsesto-loris-e-maurizio-con-la-grande-musica\/\">IL BLUES ALLA RADIO &#8230; COME NON L&#8217;AVETE MAI SENTITO PRIMA<\/a><\/p><\/blockquote>\n<p><iframe loading=\"lazy\" class=\"wp-embedded-content\" sandbox=\"allow-scripts\" security=\"restricted\" style=\"position: absolute; clip: rect(1px, 1px, 1px, 1px);\" title=\"&#8220;IL BLUES ALLA RADIO &#8230; COME NON L&#8217;AVETE MAI SENTITO PRIMA&#8221; &#8212; Radio Pi\u00f9\" src=\"https:\/\/www.radiopiu.net\/wordpress\/da-ieri-alla-radio-in-palinsesto-loris-e-maurizio-con-la-grande-musica\/embed\/#?secret=i7nPqvv2HJ\" data-secret=\"i7nPqvv2HJ\" width=\"600\" height=\"338\" frameborder=\"0\" marginwidth=\"0\" marginheight=\"0\" scrolling=\"no\"><\/iframe><\/p>\n<p>&nbsp;<\/p>\n<p>&nbsp;<\/p>\n<hr \/>\n<p>&nbsp;<\/p>\n<div class=\"ecm0bbzt e5nlhep0 a8c37x1j\">\n<div class=\"kvgmc6g5 cxmmr5t8 oygrvhab hcukyx3x c1et5uql\">\n<div class=\"gmail-kvgmc6g5 gmail-cxmmr5t8 gmail-oygrvhab gmail-hcukyx3x gmail-c1et5uql gmail-ii04i59q\">\n<div>\n<div class=\"b654a4as d2edcug0\">\n<div class=\"rq0escxv hkbzh7o3 jwdofwj8 n8tt0mok r8blr3vg hyh9befq\">\n<p><a class=\"dt-pswp-item\" href=\"https:\/\/www.radiopiu.net\/wordpress\/wp-content\/uploads\/2020\/10\/pp.jpg\" data-dt-img-description=\"\" data-large_image_width=\"640\" data-large_image_height=\"640\"><img loading=\"lazy\" decoding=\"async\" class=\"wp-image-163678 alignleft\" src=\"https:\/\/www.radiopiu.net\/wordpress\/wp-content\/uploads\/2020\/10\/pp-300x300.jpg\" alt=\"\" width=\"106\" height=\"106\" srcset=\"https:\/\/www.radiopiu.net\/wordpress\/wp-content\/uploads\/2020\/10\/pp-300x300.jpg 300w, https:\/\/www.radiopiu.net\/wordpress\/wp-content\/uploads\/2020\/10\/pp-150x150.jpg 150w, https:\/\/www.radiopiu.net\/wordpress\/wp-content\/uploads\/2020\/10\/pp-125x125.jpg 125w, https:\/\/www.radiopiu.net\/wordpress\/wp-content\/uploads\/2020\/10\/pp-200x200.jpg 200w, https:\/\/www.radiopiu.net\/wordpress\/wp-content\/uploads\/2020\/10\/pp-80x80.jpg 80w, https:\/\/www.radiopiu.net\/wordpress\/wp-content\/uploads\/2020\/10\/pp-480x480.jpg 480w, https:\/\/www.radiopiu.net\/wordpress\/wp-content\/uploads\/2020\/10\/pp.jpg 640w\" sizes=\"auto, (max-width: 106px) 100vw, 106px\" \/><\/a><\/p>\n<\/div>\n<\/div>\n<\/div>\n<div>\n<div class=\"page-title-head hgroup\">\n<div class=\"page-title-head hgroup\">\n<div class=\"b654a4as d2edcug0\">\n<div class=\"j83agx80 btwxx1t3 lhclo0ds hop8lmos nkwizq5d scwd0bx6 roh60bw9\">\n<div class=\"rq0escxv hkbzh7o3 jwdofwj8 n8tt0mok r8blr3vg hyh9befq\">\n<div class=\"do00u71z l9j0dhe7 k4urcfbm\">\n<h2><span style=\"color: #000080;\">DON CESARE, IL PENSIERO DEL GIORNO. ALLA RADIO ALLE 7 DEL MATTINO E ALLE 19.30 DELLA SERA.\u00a0\u00a0<\/span><\/h2>\n<p>&nbsp;<\/p>\n<p>&nbsp;<\/p>\n<p>&nbsp;<\/p>\n<\/div>\n<\/div>\n<\/div>\n<\/div>\n<\/div>\n<\/div>\n<\/div>\n<\/div>\n<\/div>\n<\/div>\n<audio class=\"wp-audio-shortcode\" id=\"audio-239494-22\" preload=\"none\" style=\"width: 100%;\" controls=\"controls\"><source type=\"audio\/mpeg\" src=\"https:\/\/www.radiopiu.net\/wordpress\/wp-content\/uploads\/2021\/10\/cesare-12.mp3?_=22\" \/><a href=\"https:\/\/www.radiopiu.net\/wordpress\/wp-content\/uploads\/2021\/10\/cesare-12.mp3\">https:\/\/www.radiopiu.net\/wordpress\/wp-content\/uploads\/2021\/10\/cesare-12.mp3<\/a><\/audio>\n<p>&nbsp;<\/p>\n<p>&nbsp;<\/p>\n<hr \/>\n<p>&nbsp;<\/p>\n<p>&nbsp;<\/p>\n<div>\n<div>\n<h3 class=\"kvgmc6g5 cxmmr5t8 oygrvhab hcukyx3x c1et5uql\"><span style=\"color: #0000ff;\">INFORMAZIONE il canale su TELEGRAM informazione di prima mano e in tempo reale. iscriviti ed aiutaci a farlo conoscere\u00a0\u00a0<\/span><\/h3>\n<\/div>\n<div>\n<div class=\"page-title-head hgroup\">\n<div class=\"page-title-head hgroup\">\n<div class=\"page-title-head hgroup\">\n<div class=\"page-title-head hgroup\">\n<div class=\"b654a4as d2edcug0\">\n<div class=\"page-title-head hgroup\">\n<div class=\"page-title-head hgroup\">\n<div class=\"page-title-head hgroup\">\n<div class=\"page-title-head hgroup\">\n<div class=\"b654a4as d2edcug0\">\n<div>\n<p>&nbsp;<\/p>\n<\/div>\n<div>\n<div class=\"page-title-head hgroup\">\n<div class=\"page-title-head hgroup\">\n<div class=\"page-title-head hgroup\">\n<div class=\"page-title-head hgroup\">\n<div class=\"page-title-head hgroup\">\n<div class=\"b654a4as d2edcug0\">\n<div>\n<hr \/>\n<\/div>\n<\/div>\n<div>\n<div>\n<div>\n<div>\n<p>&nbsp;<\/p>\n<\/div>\n<div>\n<div>\n<div>\n<p>&nbsp;<\/p>\n<\/div>\n<div>\n<div>\n<p><strong>DUE MINUTI UN LIBRO, TUTTI I GIORNI ALLA RADIO ALLE 9.40 E ALLE 17.50<\/strong><\/p>\n<div>\n<div>\n<p><strong>LA RACCOLTA COMPLETA\u00a0\u00a0<\/strong><\/p>\n<\/div>\n<div>\n<blockquote class=\"wp-embedded-content\" data-secret=\"QYfssa9JyL\"><p><a href=\"https:\/\/www.radiopiu.net\/wordpress\/due-minuti-un-libro\/\">Due minuti un libro<\/a><\/p><\/blockquote>\n<p><iframe loading=\"lazy\" class=\"wp-embedded-content\" sandbox=\"allow-scripts\" security=\"restricted\" style=\"position: absolute; clip: rect(1px, 1px, 1px, 1px);\" title=\"&#8220;Due minuti un libro&#8221; &#8212; Radio Pi\u00f9\" src=\"https:\/\/www.radiopiu.net\/wordpress\/due-minuti-un-libro\/embed\/#?secret=QYfssa9JyL\" data-secret=\"QYfssa9JyL\" width=\"600\" height=\"338\" frameborder=\"0\" marginwidth=\"0\" marginheight=\"0\" scrolling=\"no\"><\/iframe><\/p>\n<p>&nbsp;<\/p>\n<\/div>\n<\/div>\n<\/div>\n<div class=\"mkdf-post-text\">\n<div class=\"mkdf-post-text-inner\">\n<div class=\"mkdf-post-text-main\">\n<div class=\"mkdf-post-text\">\n<div class=\"mkdf-post-text-inner\">\n<div class=\"mkdf-post-text-main\">\n<div class=\"mkdf-post-text\">\n<div class=\"mkdf-post-text-inner\">\n<div class=\"mkdf-post-text-main\">\n<div class=\"page-title-head hgroup\">\n<div class=\"page-title-head hgroup\">\n<div class=\"mkdf-post-text\">\n<div class=\"mkdf-post-text-inner\">\n<div class=\"mkdf-post-text-main\">\n<div class=\"mkdf-post-text\">\n<div class=\"mkdf-post-text-inner\">\n<div class=\"mkdf-post-text-main\">\n<div class=\"page-title-head hgroup\">\n<div class=\"page-title-head hgroup\">\n<div class=\"page-title-head hgroup\">\n<div class=\"page-title-head hgroup\">\n<div class=\"b654a4as d2edcug0\">\n<div class=\"page-title-head hgroup\">\n<div class=\"page-title-head hgroup\">\n<div class=\"page-title-head hgroup\">\n<div class=\"page-title-head hgroup\">\n<div class=\"b654a4as d2edcug0\">\n<div class=\"page-title-head hgroup\">\n<div class=\"page-title-head hgroup\">\n<div class=\"page-title-head hgroup\">\n<div class=\"page-title-head hgroup\">\n<div class=\"b654a4as d2edcug0\">\n<div>\n<p>&nbsp;<\/p>\n<p>&nbsp;<\/p>\n<\/div>\n<div>\n<hr \/>\n<p>&nbsp;<\/p>\n<\/div>\n<div>\n<h2><span style=\"color: #808000;\">L&#8217;ALMANACCO LADINO\u00a0\u00a0<\/span><\/h2>\n<p><strong>LA PUNTATA DELLA SETTIMANA\u00a0 NUMERO 69<\/strong><\/p>\n<audio class=\"wp-audio-shortcode\" id=\"audio-239494-23\" preload=\"none\" style=\"width: 100%;\" controls=\"controls\"><source type=\"audio\/mpeg\" src=\"https:\/\/www.radiopiu.net\/wordpress\/wp-content\/uploads\/2021\/10\/69\u00b0Almanacco-Ladino_Col.mp3?_=23\" \/><a href=\"https:\/\/www.radiopiu.net\/wordpress\/wp-content\/uploads\/2021\/10\/69\u00b0Almanacco-Ladino_Col.mp3\">https:\/\/www.radiopiu.net\/wordpress\/wp-content\/uploads\/2021\/10\/69\u00b0Almanacco-Ladino_Col.mp3<\/a><\/audio>\n<p>&nbsp;<\/p>\n<p><strong>LA RACCOLTA<\/strong><\/p>\n<blockquote class=\"wp-embedded-content\" data-secret=\"qv0uf7dLxZ\"><p><a href=\"https:\/\/www.radiopiu.net\/wordpress\/almanacco-ladino\/\">Almanacco Ladino<\/a><\/p><\/blockquote>\n<p><iframe loading=\"lazy\" class=\"wp-embedded-content\" sandbox=\"allow-scripts\" security=\"restricted\" style=\"position: absolute; clip: rect(1px, 1px, 1px, 1px);\" title=\"&#8220;Almanacco Ladino&#8221; &#8212; Radio Pi\u00f9\" src=\"https:\/\/www.radiopiu.net\/wordpress\/almanacco-ladino\/embed\/#?secret=qv0uf7dLxZ\" data-secret=\"qv0uf7dLxZ\" width=\"600\" height=\"338\" frameborder=\"0\" marginwidth=\"0\" marginheight=\"0\" scrolling=\"no\"><\/iframe><\/p>\n<hr \/>\n<p>&nbsp;<\/p>\n<blockquote>\n<blockquote>\n<h3><\/h3>\n<\/blockquote>\n<\/blockquote>\n<p>&nbsp;<\/p>\n<blockquote class=\"wp-embedded-content\" data-secret=\"pZ4DLBguXO\"><p><a href=\"https:\/\/www.radiopiu.net\/wordpress\/rassegna-stampa-di-gianni-santomaso\/\">Rassegna stampa da l&#8217;amico del popolo &#8211; di Gianni Santomaso<\/a><\/p><\/blockquote>\n<p><iframe loading=\"lazy\" class=\"wp-embedded-content\" sandbox=\"allow-scripts\" security=\"restricted\" style=\"position: absolute; clip: rect(1px, 1px, 1px, 1px);\" title=\"&#8220;Rassegna stampa da l&#8217;amico del popolo &#8211; di Gianni Santomaso&#8221; &#8212; Radio Pi\u00f9\" src=\"https:\/\/www.radiopiu.net\/wordpress\/rassegna-stampa-di-gianni-santomaso\/embed\/#?secret=pZ4DLBguXO\" data-secret=\"pZ4DLBguXO\" width=\"600\" height=\"338\" frameborder=\"0\" marginwidth=\"0\" marginheight=\"0\" scrolling=\"no\"><\/iframe><\/p>\n<p>&nbsp;<\/p>\n<\/div>\n<\/div>\n<\/div>\n<\/div>\n<\/div>\n<\/div>\n<\/div>\n<\/div>\n<\/div>\n<\/div>\n<\/div>\n<\/div>\n<\/div>\n<\/div>\n<\/div>\n<\/div>\n<\/div>\n<\/div>\n<\/div>\n<\/div>\n<\/div>\n<\/div>\n<\/div>\n<\/div>\n<\/div>\n<\/div>\n<\/div>\n<\/div>\n<\/div>\n<\/div>\n<\/div>\n<\/div>\n<\/div>\n<\/div>\n<\/div>\n<div class=\"mkdf-post-text\">\n<div class=\"mkdf-post-text-inner\">\n<div class=\"mkdf-post-text-main\">\n<div class=\"mkdf-post-text\">\n<div class=\"mkdf-post-text-inner\">\n<div class=\"mkdf-post-text-main\">\n<div class=\"mkdf-post-text\">\n<div class=\"mkdf-post-text-inner\">\n<div class=\"mkdf-post-text-main\">\n<div class=\"page-title-head hgroup\">\n<div class=\"page-title-head hgroup\">\n<div class=\"mkdf-post-text\">\n<div class=\"mkdf-post-text-inner\">\n<div class=\"mkdf-post-text-main\">\n<div class=\"mkdf-post-text\">\n<div class=\"mkdf-post-text-inner\">\n<div class=\"mkdf-post-text-main\">\n<div class=\"page-title-head hgroup\">\n<div class=\"page-title-head hgroup\">\n<div class=\"page-title-head hgroup\">\n<div class=\"page-title-head hgroup\">\n<div class=\"b654a4as d2edcug0\">\n<div class=\"page-title-head hgroup\">\n<div class=\"page-title-head hgroup\">\n<div class=\"page-title-head hgroup\">\n<div class=\"page-title-head hgroup\">\n<div class=\"b654a4as d2edcug0\">\n<div class=\"page-title-head hgroup\">\n<div class=\"page-title-head hgroup\">\n<div class=\"page-title-head hgroup\">\n<div class=\"page-title-head hgroup\">\n<div class=\"b654a4as d2edcug0\">\n<div>\n<blockquote>\n<blockquote>\n<h3><\/h3>\n<\/blockquote>\n<\/blockquote>\n<hr \/>\n<p>&nbsp;<\/p>\n<\/div>\n<h4><span style=\"color: #ff0000;\">MUSICA ALLA RADIO<\/span><\/h4>\n<div><a href=\"https:\/\/www.radiopiu.net\/wordpress\/giornale-radiopiu-20-settembre-2021-direttore-mirko-mezzacasa\/pp-79\/\" rel=\"attachment wp-att-232921\"><img loading=\"lazy\" decoding=\"async\" class=\"wp-image-232921 alignleft\" src=\"https:\/\/www.radiopiu.net\/wordpress\/wp-content\/uploads\/2021\/09\/pp-1-300x300.jpg\" alt=\"\" width=\"135\" height=\"135\" srcset=\"https:\/\/www.radiopiu.net\/wordpress\/wp-content\/uploads\/2021\/09\/pp-1-300x300.jpg 300w, https:\/\/www.radiopiu.net\/wordpress\/wp-content\/uploads\/2021\/09\/pp-1-150x150.jpg 150w, https:\/\/www.radiopiu.net\/wordpress\/wp-content\/uploads\/2021\/09\/pp-1.jpg 640w\" sizes=\"auto, (max-width: 135px) 100vw, 135px\" \/><\/a><\/div>\n<div><\/div>\n<div><\/div>\n<div>\n<p><strong>MUSICA ALLA RADIO, IL PROGRAMMA DI LORIS SCUSSEL &#8220;COLLAGE OPERAZIONE NOSTALGIA&#8221; DAL LUNEDI AL VENERDI ALLE 16.00\u00a0 E ALLE 23\u00a0<\/strong><\/p>\n<\/div>\n<p>&nbsp;<\/p>\n<p>&nbsp;<\/p>\n<p><strong>puntata del 28 ottobre 464<\/strong><\/p>\n<audio class=\"wp-audio-shortcode\" id=\"audio-239494-24\" preload=\"none\" style=\"width: 100%;\" controls=\"controls\"><source type=\"audio\/mpeg\" src=\"https:\/\/www.radiopiu.net\/wordpress\/wp-content\/uploads\/2021\/10\/Collage-464.mp3?_=24\" \/><a href=\"https:\/\/www.radiopiu.net\/wordpress\/wp-content\/uploads\/2021\/10\/Collage-464.mp3\">https:\/\/www.radiopiu.net\/wordpress\/wp-content\/uploads\/2021\/10\/Collage-464.mp3<\/a><\/audio>\n<\/div>\n<\/div>\n<\/div>\n<\/div>\n<\/div>\n<\/div>\n<\/div>\n<\/div>\n<\/div>\n<\/div>\n<\/div>\n<\/div>\n<\/div>\n<\/div>\n<\/div>\n<\/div>\n<\/div>\n<\/div>\n<\/div>\n<\/div>\n<\/div>\n<\/div>\n<\/div>\n<\/div>\n<\/div>\n<\/div>\n<\/div>\n<\/div>\n<\/div>\n<\/div>\n<\/div>\n<\/div>\n<\/div>\n<\/div>\n<\/div>\n<div class=\"mkdf-post-text\">\n<div class=\"mkdf-post-text-inner\">\n<div class=\"mkdf-post-text-main\">\n<div class=\"mkdf-post-text\">\n<div class=\"mkdf-post-text-inner\">\n<div class=\"mkdf-post-text-main\">\n<div class=\"mkdf-post-text\">\n<div class=\"mkdf-post-text-inner\">\n<div class=\"mkdf-post-text-main\">\n<div class=\"page-title-head hgroup\">\n<div class=\"page-title-head hgroup\">\n<div class=\"mkdf-post-text\">\n<div class=\"mkdf-post-text-inner\">\n<div class=\"mkdf-post-text-main\">\n<div class=\"mkdf-post-text\">\n<div class=\"mkdf-post-text-inner\">\n<div class=\"mkdf-post-text-main\">\n<div class=\"page-title-head hgroup\">\n<div class=\"page-title-head hgroup\">\n<div class=\"page-title-head hgroup\">\n<div class=\"page-title-head hgroup\">\n<div class=\"b654a4as d2edcug0\">\n<div class=\"page-title-head hgroup\">\n<div class=\"page-title-head hgroup\">\n<div class=\"page-title-head hgroup\">\n<div class=\"page-title-head hgroup\">\n<div class=\"b654a4as d2edcug0\">\n<div class=\"page-title-head hgroup\">\n<div class=\"page-title-head hgroup\">\n<div class=\"page-title-head hgroup\">\n<div class=\"page-title-head hgroup\">\n<div class=\"b654a4as d2edcug0\"><\/div>\n<\/div>\n<\/div>\n<\/div>\n<\/div>\n<\/div>\n<\/div>\n<\/div>\n<\/div>\n<\/div>\n<\/div>\n<\/div>\n<\/div>\n<\/div>\n<\/div>\n<\/div>\n<\/div>\n<\/div>\n<\/div>\n<\/div>\n<\/div>\n<\/div>\n<\/div>\n<\/div>\n<\/div>\n<\/div>\n<\/div>\n<\/div>\n<\/div>\n<\/div>\n<\/div>\n<\/div>\n<\/div>\n<div class=\"mkdf-post-text\">\n<div class=\"mkdf-post-text-inner\">\n<div class=\"mkdf-post-text-main\">\n<div class=\"mkdf-post-text\">\n<div class=\"mkdf-post-text-inner\">\n<div class=\"mkdf-post-text-main\">\n<div class=\"mkdf-post-text\">\n<div class=\"mkdf-post-text-inner\">\n<div class=\"mkdf-post-text-main\">\n<div class=\"page-title-head hgroup\">\n<div class=\"page-title-head hgroup\">\n<div class=\"mkdf-post-text\">\n<div class=\"mkdf-post-text-inner\">\n<div class=\"mkdf-post-text-main\">\n<div class=\"mkdf-post-text\">\n<div class=\"mkdf-post-text-inner\">\n<div class=\"mkdf-post-text-main\">\n<div class=\"page-title-head hgroup\">\n<div class=\"page-title-head hgroup\">\n<div class=\"page-title-head hgroup\">\n<div class=\"page-title-head hgroup\">\n<div class=\"b654a4as d2edcug0\">\n<div class=\"page-title-head hgroup\">\n<div class=\"page-title-head hgroup\">\n<div class=\"page-title-head hgroup\">\n<div class=\"page-title-head hgroup\">\n<div class=\"b654a4as d2edcug0\">\n<div class=\"page-title-head hgroup\">\n<div class=\"page-title-head hgroup\">\n<div class=\"page-title-head hgroup\">\n<div class=\"page-title-head hgroup\">\n<div class=\"b654a4as d2edcug0\">\n<hr \/>\n<p>&nbsp;<\/p>\n<div class=\"ecm0bbzt e5nlhep0 a8c37x1j\">\n<div class=\"kvgmc6g5 cxmmr5t8 oygrvhab hcukyx3x c1et5uql\">\n<div class=\"gmail-kvgmc6g5 gmail-cxmmr5t8 gmail-oygrvhab gmail-hcukyx3x gmail-c1et5uql gmail-ii04i59q\">\n<div>\n<div class=\"page-title-head hgroup\">\n<div class=\"page-title-head hgroup\">\n<div class=\"b654a4as d2edcug0\">\n<div class=\"j83agx80 btwxx1t3 lhclo0ds hop8lmos nkwizq5d scwd0bx6 roh60bw9\">\n<div class=\"rq0escxv hkbzh7o3 jwdofwj8 n8tt0mok r8blr3vg hyh9befq\">\n<div class=\"do00u71z l9j0dhe7 k4urcfbm\">\n<div>\n<div>\n<div class=\"page-title-head hgroup\">\n<div class=\"page-title-head hgroup\">\n<div class=\"page-title-head hgroup\">\n<div class=\"page-title-head hgroup\">\n<div class=\"b654a4as d2edcug0\">\n<div class=\"page-title-head hgroup\">\n<div class=\"page-title-head hgroup\">\n<div class=\"page-title-head hgroup\">\n<div class=\"page-title-head hgroup\">\n<div class=\"b654a4as d2edcug0\">\n<div>\n<div class=\"page-title-head hgroup\">\n<div class=\"page-title-head hgroup\">\n<div class=\"page-title-head hgroup\">\n<div class=\"page-title-head hgroup\">\n<div class=\"page-title-head hgroup\">\n<div class=\"mkdf-post-text\">\n<div class=\"mkdf-post-text-inner\">\n<div class=\"mkdf-post-text-main\">\n<div class=\"mkdf-post-text\">\n<div class=\"mkdf-post-text-inner\">\n<div class=\"mkdf-post-text-main\">\n<div class=\"mkdf-post-text\">\n<div class=\"mkdf-post-text-inner\">\n<div class=\"mkdf-post-text-main\">\n<div class=\"page-title-head hgroup\">\n<div class=\"page-title-head hgroup\">\n<div class=\"mkdf-post-text\">\n<div class=\"mkdf-post-text-inner\">\n<div class=\"mkdf-post-text-main\">\n<div class=\"mkdf-post-text\">\n<div class=\"mkdf-post-text-inner\">\n<div class=\"mkdf-post-text-main\">\n<div class=\"page-title-head hgroup\">\n<div class=\"page-title-head hgroup\">\n<div class=\"page-title-head hgroup\">\n<div class=\"page-title-head hgroup\">\n<div class=\"b654a4as d2edcug0\">\n<div class=\"page-title-head hgroup\">\n<div class=\"page-title-head hgroup\">\n<div class=\"page-title-head hgroup\">\n<div class=\"page-title-head hgroup\">\n<div class=\"b654a4as d2edcug0\">\n<div class=\"page-title-head hgroup\">\n<div class=\"page-title-head hgroup\">\n<div class=\"page-title-head hgroup\">\n<div class=\"page-title-head hgroup\">\n<div class=\"b654a4as d2edcug0\">\n<div>\n<p>&nbsp;<\/p>\n<\/div>\n<\/div>\n<\/div>\n<\/div>\n<\/div>\n<\/div>\n<\/div>\n<\/div>\n<\/div>\n<\/div>\n<\/div>\n<\/div>\n<\/div>\n<\/div>\n<\/div>\n<\/div>\n<\/div>\n<\/div>\n<\/div>\n<\/div>\n<\/div>\n<\/div>\n<\/div>\n<\/div>\n<\/div>\n<\/div>\n<\/div>\n<\/div>\n<\/div>\n<\/div>\n<\/div>\n<\/div>\n<\/div>\n<\/div>\n<\/div>\n<\/div>\n<\/div>\n<\/div>\n<\/div>\n<\/div>\n<\/div>\n<\/div>\n<\/div>\n<\/div>\n<\/div>\n<\/div>\n<\/div>\n<\/div>\n<\/div>\n<\/div>\n<\/div>\n<div>\n<div class=\"page-title-head hgroup\">\n<div class=\"page-title-head hgroup\">\n<div class=\"page-title-head hgroup\">\n<div class=\"page-title-head hgroup\">\n<div class=\"b654a4as d2edcug0\">\n<div class=\"page-title-head hgroup\">\n<div class=\"page-title-head hgroup\">\n<div class=\"page-title-head hgroup\">\n<div class=\"page-title-head hgroup\">\n<div class=\"b654a4as d2edcug0\">\n<div class=\"page-title-head hgroup\">\n<div class=\"page-title-head hgroup\">\n<div class=\"page-title-head hgroup\">\n<div class=\"page-title-head hgroup\">\n<div class=\"page-title-head hgroup\">\n<div class=\"mkdf-post-text\">\n<div class=\"mkdf-post-text-inner\">\n<div class=\"mkdf-post-text-main\">\n<div class=\"mkdf-post-text\">\n<div class=\"mkdf-post-text-inner\">\n<div class=\"mkdf-post-text-main\">\n<div class=\"mkdf-post-text\">\n<div class=\"mkdf-post-text-inner\">\n<div class=\"mkdf-post-text-main\">\n<div class=\"page-title-head hgroup\">\n<div class=\"page-title-head hgroup\">\n<div class=\"mkdf-post-text\">\n<div class=\"mkdf-post-text-inner\">\n<div class=\"mkdf-post-text-main\">\n<div class=\"mkdf-post-text\">\n<div class=\"mkdf-post-text-inner\">\n<div class=\"mkdf-post-text-main\">\n<div>\n<div class=\"page-title-head hgroup\">\n<div class=\"page-title-head hgroup\">\n<div>\n<div class=\"page-title-head hgroup\">\n<div class=\"page-title-head hgroup\">\n<div class=\"b654a4as d2edcug0\">\n<div>\n<div class=\"page-title-head hgroup\" style=\"text-align: left;\">\n<div class=\"page-title-head hgroup\">\n<div dir=\"auto\">\n<p><a class=\"dt-pswp-item pspw-wrap-ready\" href=\"https:\/\/i0.wp.com\/www.radiopiu.net\/wordpress\/wp-content\/uploads\/2018\/09\/WhatsApp-Image-2018-09-20-at-16.04.06.jpeg?ssl=1\" data-dt-img-description=\"\" data-large_image_width=\"800\" data-large_image_height=\"100\"><img loading=\"lazy\" decoding=\"async\" class=\"aligncenter wp-image-61378 size-full jetpack-lazy-image jetpack-lazy-image--handled\" src=\"https:\/\/i0.wp.com\/www.radiopiu.net\/wordpress\/wp-content\/uploads\/2018\/09\/WhatsApp-Image-2018-09-20-at-16.04.06.jpeg?resize=800%2C100&amp;ssl=1\" sizes=\"auto, (max-width: 800px) 100vw, 800px\" srcset=\"https:\/\/i0.wp.com\/www.radiopiu.net\/wordpress\/wp-content\/uploads\/2018\/09\/WhatsApp-Image-2018-09-20-at-16.04.06.jpeg?w=800&amp;ssl=1 800w, https:\/\/i0.wp.com\/www.radiopiu.net\/wordpress\/wp-content\/uploads\/2018\/09\/WhatsApp-Image-2018-09-20-at-16.04.06.jpeg?resize=300%2C38&amp;ssl=1 300w, https:\/\/i0.wp.com\/www.radiopiu.net\/wordpress\/wp-content\/uploads\/2018\/09\/WhatsApp-Image-2018-09-20-at-16.04.06.jpeg?resize=768%2C96&amp;ssl=1 768w\" alt=\"\" width=\"800\" height=\"100\" data-lazy-loaded=\"1\" \/><\/a><\/p>\n<\/div>\n<\/div>\n<\/div>\n<\/div>\n<\/div>\n<\/div>\n<\/div>\n<\/div>\n<\/div>\n<\/div>\n<\/div>\n<\/div>\n<\/div>\n<\/div>\n<\/div>\n<\/div>\n<\/div>\n<\/div>\n<\/div>\n<\/div>\n<\/div>\n<\/div>\n<\/div>\n<\/div>\n<\/div>\n<\/div>\n<\/div>\n<\/div>\n<\/div>\n<\/div>\n<\/div>\n<\/div>\n<\/div>\n<\/div>\n<\/div>\n<\/div>\n<\/div>\n<\/div>\n<\/div>\n<\/div>\n<\/div>\n<\/div>\n<\/div>\n<\/div>\n<p>&nbsp;<\/p>\n<\/div>\n<\/div>\n<\/div>\n<\/div>\n<\/div>\n<\/div>\n<\/div>\n<\/div>\n<\/div>\n<\/div>\n<p><center><b>Venerdi 29<\/b><\/center><b>Tempo atteso: <\/b>Bel tempo autunnale con sole, cielo sereno e ottima visibilit\u00e0 ovunque, dopo dissolvimento di qualche locale ed effimero banco di nebbia mattutina sulla fascia prealpina (bassa Valbelluna e altopiano del Cansiglio). Nel corso del pomeriggio arrivo di sottili nubi alte (cirri e cirrostrati) in grado di velare il cielo, senza togliere l&#8217;impressione di bel tempo. Lieve riduzione del escursione termica diurna nelle valli.<br \/>\n<b>Precipitazioni: <\/b>Assenti (0%).<br \/>\n<b>Temperature: <\/b>Minime pressoch\u00e9 stazionarie, salvo eventuale lieve calo sulle cime pi\u00f9 alte; massime in leggera flessione per minore soleggiamento al pomeriggio. Sono previste punte di 14\/15\u00b0C nei fondovalle prealpini e di 10\/12\u00b0C a 1000\/1200 m, un po&#8217; meno alle stesse quote nelle valli a lungo in ombra. Su Prealpi a 1500 m min 6\u00b0C max 9\u00b0C, a 2000 m min 4\u00b0C max 6\u00b0C. Su Dolomiti a 2000 m min 3\u00b0C max 7\u00b0C, a 3000 m min -1\u00b0C max 1\u00b0C.<br \/>\n<b>Venti: <\/b>Nelle valli perlopi\u00f9 deboli per brezze, localmente e a tratti moderati nei settori solitamente pi\u00f9 ventilati; in quota perlopi\u00f9 moderati da sud, in prevalenza tesi sulle cime pi\u00f9 alte, a 5-15 km\/h a 2000 m e 30-40 km\/h a 3000 m.<\/p>\n<hr \/>\n<p><center><b>Sabato 30<\/b><\/center><b>Tempo atteso: <\/b>Tempo ancora buono con sole, aria tersa, ottima visibilit\u00e0 e cielo in prevalenza sereno o poco nuvoloso per la temporanea presenza di nubi alte al primo mattino e soprattutto da met\u00e0 pomeriggio in poi quando le stesse saranno pi\u00f9 estese. Intensificazione della copertura nuvolosa alla sera. Nelle conche prealpine minore insidia nebbie nelle ore pi\u00f9 fredde. Contesto pi\u00f9 fresco in giornata, specie in quota per maggiore ventilazione.<br \/>\n<b>Precipitazioni: <\/b>Assenti (0%).<br \/>\n<b>Temperature: <\/b>Minime pressoch\u00e9 stazionarie e massime in leggera flessione rispetto a venerd\u00ec. Su Prealpi a 1500 m min 6\u00b0C max 7\u00b0C, a 2000 m min 3\u00b0C max 4\u00b0C. Su Dolomiti a 2000 m min 3\u00b0C max 5\u00b0C, a 3000 m min -2\u00b0C max -1\u00b0C.<br \/>\n<b>Venti: <\/b>Nelle valli perlopi\u00f9 deboli per brezze, localmente e a tratti moderati nei settori solitamente pi\u00f9 ventilati al mattino; in quota moderati\/tesi da sud-ovest, a tratti forti sulle cime pi\u00f9 alte, a 5-20 km\/h a 2000 m e 35-45 km\/h a 3000 m.<\/p>\n<hr \/>\n<p><center><b>Domenica 31<\/b><\/center>Ad eccezione di qualche squarcio di sereno al primo mattino sulle Dolomiti. Per il resto del giorno il cielo risulter\u00e0 molto nuvoloso per estese nubi stratiformi, spesso dense, con poche chance di altre schiarite. In un ambiente cos\u00ec uggioso non si potr\u00e0 escludere pioviggine intermittenti, assieme a qualche fiocco di neve sopra i 2300\/2400 m. Il contesto termico sar\u00e0 meno fresco di notte, mentre le massime subiranno una certa flessione per forte deficit di sole. Venti tesi\/forti da sud-ovest in alta quota, a tratti tesi sulle dorsali prealpine; perlopi\u00f9 deboli di direzione variabile nelle valli.<\/p>\n<hr \/>\n<p><center><b>Lunedi 1<\/b><\/center>Tempo perlopi\u00f9 perturbato con cielo coperto, associato a diffuse piogge di debole intensit\u00e0 al mattino e moderate\/forti al pomeriggio\/sera. Il limite neve sar\u00e0 sui 2400\/2600 m fino in prima serata, poi si abbasser\u00e0 sensibilmente fino sui 1500-1600 m sulle Dolomiti e oltre i 2200 m sulle Prealpi a fine episodio. Temperature massime in lieve ripresa e minime in netto calo e ovunque osservate alla sera. Venti deboli\/moderati da sud-ovest in quota, perlopi\u00f9 deboli di direzione variabile nelle valli. Previsore: R.L.Th.<\/p>\n<p>&nbsp;<\/p>\n<hr \/>\n<p>&nbsp;<\/p>\n<div class=\"mkdf-post-text\">\n<div class=\"mkdf-post-text-inner\">\n<p><a href=\"https:\/\/www.radiopiu.net\/wordpress\/giornale-radiopiu-15-settembre-2018-direttore-mirko-mezzacasa\/sport-7\/\" rel=\"attachment wp-att-60761\"><img loading=\"lazy\" decoding=\"async\" class=\"wp-image-60761 size-full aligncenter\" src=\"https:\/\/www.radiopiu.net\/wordpress\/wp-content\/uploads\/2018\/09\/sport.jpg\" alt=\"\" width=\"800\" height=\"100\" srcset=\"https:\/\/www.radiopiu.net\/wordpress\/wp-content\/uploads\/2018\/09\/sport.jpg 800w, https:\/\/www.radiopiu.net\/wordpress\/wp-content\/uploads\/2018\/09\/sport-300x38.jpg 300w, https:\/\/www.radiopiu.net\/wordpress\/wp-content\/uploads\/2018\/09\/sport-768x96.jpg 768w\" sizes=\"auto, (max-width: 800px) 100vw, 800px\" \/><\/a><\/p>\n<\/div>\n<\/div>\n<p>&nbsp;<\/p>\n<blockquote>\n<h3>IL LE VILLE COMINCIA AD INGRANARE NEL CAMPIONATO OPEN CSI<\/h3>\n<\/blockquote>\n<p><strong><a href=\"https:\/\/www.radiopiu.net\/wordpress\/estratti-i-biglietti-vincenti-della-lotteria-di-san-vincenzo\/us-le-ville\/\" rel=\"attachment wp-att-163077\"><img loading=\"lazy\" decoding=\"async\" class=\" wp-image-163077 alignleft\" src=\"https:\/\/www.radiopiu.net\/wordpress\/wp-content\/uploads\/2020\/09\/US-LE-VILLE-300x295.jpg\" alt=\"\" width=\"111\" height=\"109\" srcset=\"https:\/\/www.radiopiu.net\/wordpress\/wp-content\/uploads\/2020\/09\/US-LE-VILLE-300x295.jpg 300w, https:\/\/www.radiopiu.net\/wordpress\/wp-content\/uploads\/2020\/09\/US-LE-VILLE-80x80.jpg 80w, https:\/\/www.radiopiu.net\/wordpress\/wp-content\/uploads\/2020\/09\/US-LE-VILLE-488x480.jpg 488w, https:\/\/www.radiopiu.net\/wordpress\/wp-content\/uploads\/2020\/09\/US-LE-VILLE.jpg 585w\" sizes=\"auto, (max-width: 111px) 100vw, 111px\" \/><\/a>AGORDO<\/strong> Dopo un inizio di stagione con alti e bassi, il Le Ville comincia a racimolare punti nel campionato provinciale CSi Open. Nello scorso fine settimana la squadra di Romano Costantini ha vinto contro la Plavis Red Pub con il punteggio finale di 3 a 0. Una bella prestazione della compagine agordina che con i 3 punti messi in saccoccia fa un balzo in avanti in classifica. Sono 7 i punti e in questo momento il Le Ville si trova al terzo posto.<\/p>\n<p><strong>ROMANO COSTANTINI, ALLENATORE DEL LE VILLE<\/strong><\/p>\n<audio class=\"wp-audio-shortcode\" id=\"audio-239494-25\" preload=\"none\" style=\"width: 100%;\" controls=\"controls\"><source type=\"audio\/mpeg\" src=\"https:\/\/www.radiopiu.net\/wordpress\/wp-content\/uploads\/2021\/10\/ROMANO-COSTANTINI.mp3?_=25\" \/><a href=\"https:\/\/www.radiopiu.net\/wordpress\/wp-content\/uploads\/2021\/10\/ROMANO-COSTANTINI.mp3\">https:\/\/www.radiopiu.net\/wordpress\/wp-content\/uploads\/2021\/10\/ROMANO-COSTANTINI.mp3<\/a><\/audio>\n<p>&nbsp;<\/p>\n<p>&nbsp;<\/p>\n<blockquote class=\"wp-embedded-content\" data-secret=\"lg8GgCzoIT\"><p><a href=\"https:\/\/www.radiopiu.net\/wordpress\/andreatesla\/\">ANDREA FONTANA AL VIA LA STAGIONE CON LA TESLA<\/a><\/p><\/blockquote>\n<p><iframe loading=\"lazy\" class=\"wp-embedded-content\" sandbox=\"allow-scripts\" security=\"restricted\" style=\"position: absolute; clip: rect(1px, 1px, 1px, 1px);\" title=\"&#8220;ANDREA FONTANA AL VIA LA STAGIONE CON LA TESLA&#8221; &#8212; Radio Pi\u00f9\" src=\"https:\/\/www.radiopiu.net\/wordpress\/andreatesla\/embed\/#?secret=lg8GgCzoIT\" data-secret=\"lg8GgCzoIT\" width=\"600\" height=\"338\" frameborder=\"0\" marginwidth=\"0\" marginheight=\"0\" scrolling=\"no\"><\/iframe><\/p>\n<p>&nbsp;<\/p>\n<p>&nbsp;<\/p>\n<blockquote class=\"wp-embedded-content\" data-secret=\"ODu3Zxxu0b\"><p><a href=\"https:\/\/www.radiopiu.net\/wordpress\/domenica-e-lunedi-spazio-ai-giovani-hockeisti-con-lalleghe-tournament\/\">DOMENICA E LUNEDI&#8217; SPAZIO AI GIOVANI HOCKEISTI CON L&#8217;ALLEGHE TOURNAMENT<\/a><\/p><\/blockquote>\n<p><iframe loading=\"lazy\" class=\"wp-embedded-content\" sandbox=\"allow-scripts\" security=\"restricted\" style=\"position: absolute; clip: rect(1px, 1px, 1px, 1px);\" title=\"&#8220;DOMENICA E LUNEDI&#8217; SPAZIO AI GIOVANI HOCKEISTI CON L&#8217;ALLEGHE TOURNAMENT&#8221; &#8212; Radio Pi\u00f9\" src=\"https:\/\/www.radiopiu.net\/wordpress\/domenica-e-lunedi-spazio-ai-giovani-hockeisti-con-lalleghe-tournament\/embed\/#?secret=ODu3Zxxu0b\" data-secret=\"ODu3Zxxu0b\" width=\"600\" height=\"338\" frameborder=\"0\" marginwidth=\"0\" marginheight=\"0\" scrolling=\"no\"><\/iframe><\/p>\n<\/div>\n<\/div>\n<\/div>\n<\/div>\n<\/div>\n<\/div>\n<\/div>\n<\/div>\n<\/div>\n<\/div>\n<\/div>\n<\/div>\n<\/div>\n<\/div>\n<\/div>\n<\/div>\n<\/div>\n<\/div>\n<\/div>\n<\/div>\n<\/div>\n<\/div>\n<\/div>\n<\/div>\n<\/div>\n<\/div>\n<\/div>\n<\/div>\n<\/div>\n<\/div>\n<\/div>\n<\/div>\n<\/div>\n<\/div>\n<\/div>\n<\/div>\n<\/div>\n<\/div>\n<\/div>\n<\/div>\n<\/div>\n<\/div>\n<\/div>\n<\/div>\n<\/div>\n<\/div>\n<\/div>\n<\/div>\n<\/div>\n<\/div>\n<\/div>\n<\/div>\n<\/div>\n<\/div>\n<\/div>\n<\/div>\n<\/div>\n<\/div>\n<\/div>\n<\/div>\n<\/div>\n<\/div>\n<\/div>\n","protected":false},"excerpt":{"rendered":"<p>INFORMAZIONE il canale su TELEGRAM informazione di prima mano e in tempo reale. iscriviti ed aiutaci a farlo conoscere\u00a0 \u00a0 &nbsp; LE FOTO DEL GIORNO&#8230; DI ANDREA AMICO &#8220;GIALLO GIAU, STUPENDO ANCHE IN QUESTO PERIODO&#8221;\u00a0 COLLE SANTA LUCIA\u00a0 &nbsp; &nbsp; IL LIBRO, con un caro saluto a Michelangelo Corazza, negli anni Ottanta \u00e8 stato un&hellip;<\/p>\n","protected":false},"author":4,"featured_media":239703,"comment_status":"closed","ping_status":"open","sticky":false,"template":"","format":"standard","meta":{"_monsterinsights_skip_tracking":false,"_monsterinsights_sitenote_active":false,"_monsterinsights_sitenote_note":"","_monsterinsights_sitenote_category":0,"footnotes":""},"categories":[104,86,49],"tags":[],"class_list":["post-239494","post","type-post","status-publish","format-standard","has-post-thumbnail","hentry","category-evidenza_3","category-gr","category-news-18","category-104","category-86","category-49","description-off"],"img_url":"https:\/\/www.radiopiu.net\/wordpress\/wp-content\/uploads\/2021\/10\/45224981_10210861804296102_2600781449971892224_n.jpg","_links":{"self":[{"href":"https:\/\/www.radiopiu.net\/wordpress\/wp-json\/wp\/v2\/posts\/239494","targetHints":{"allow":["GET"]}}],"collection":[{"href":"https:\/\/www.radiopiu.net\/wordpress\/wp-json\/wp\/v2\/posts"}],"about":[{"href":"https:\/\/www.radiopiu.net\/wordpress\/wp-json\/wp\/v2\/types\/post"}],"author":[{"embeddable":true,"href":"https:\/\/www.radiopiu.net\/wordpress\/wp-json\/wp\/v2\/users\/4"}],"replies":[{"embeddable":true,"href":"https:\/\/www.radiopiu.net\/wordpress\/wp-json\/wp\/v2\/comments?post=239494"}],"version-history":[{"count":0,"href":"https:\/\/www.radiopiu.net\/wordpress\/wp-json\/wp\/v2\/posts\/239494\/revisions"}],"wp:featuredmedia":[{"embeddable":true,"href":"https:\/\/www.radiopiu.net\/wordpress\/wp-json\/wp\/v2\/media\/239703"}],"wp:attachment":[{"href":"https:\/\/www.radiopiu.net\/wordpress\/wp-json\/wp\/v2\/media?parent=239494"}],"wp:term":[{"taxonomy":"category","embeddable":true,"href":"https:\/\/www.radiopiu.net\/wordpress\/wp-json\/wp\/v2\/categories?post=239494"},{"taxonomy":"post_tag","embeddable":true,"href":"https:\/\/www.radiopiu.net\/wordpress\/wp-json\/wp\/v2\/tags?post=239494"}],"curies":[{"name":"wp","href":"https:\/\/api.w.org\/{rel}","templated":true}]}}