{"id":239512,"date":"2021-10-28T05:40:59","date_gmt":"2021-10-28T03:40:59","guid":{"rendered":"https:\/\/www.radiopiu.net\/wordpress\/?p=239512"},"modified":"2021-10-28T05:41:00","modified_gmt":"2021-10-28T03:41:00","slug":"sassi-sulla-provinciale-251-preoccupazione-a-soffranco","status":"publish","type":"post","link":"https:\/\/www.radiopiu.net\/wordpress\/sassi-sulla-provinciale-251-preoccupazione-a-soffranco\/","title":{"rendered":"SASSI SULLA PROVINCIALE 251, PREOCCUPAZIONE A SOFFRANCO\u00a0\u00a0"},"content":{"rendered":"<p>&nbsp;<\/p>\n<blockquote>\n<h3><\/h3>\n<\/blockquote>\n<p><em>Sentiamo di notte i\u00a0 rumori dei sassi che cadono, chiediamo maggiore attenzione<\/em><\/p>\n<p><a href=\"https:\/\/www.radiopiu.net\/wordpress\/?attachment_id=239511\" rel=\"attachment wp-att-239511\"><img loading=\"lazy\" decoding=\"async\" class=\"size-full wp-image-239511 alignleft\" src=\"https:\/\/www.radiopiu.net\/wordpress\/wp-content\/uploads\/2021\/10\/th-26.jpg\" alt=\"\" width=\"280\" height=\"174\" \/><\/a><strong>SOFFRANCO<\/strong> I sassi sono rotondi quindi rotolano e sempre verso il basso per la forza di gravit\u00e0, succede anche a Soffranco dove i macigni finisco sulla 251 dalla parete di roccia che sovrasta non solo la strada ma anche l&#8217;abitato. Per questo i residenti\u00a0 chiedono controlli urgenti ed immediati se possibile verificando la situazione con l&#8217;ausilio dei droni. In una lettera i 50 abitanti mettono in luce Il pericolo che incombe sopra gli automobilisti che percorrono la Sp 251 nel tratto Igne-Soffranco. <em>&#8220;Da alcune settimane la strada \u00e8 interessata infatti dalla caduta quotidiana di sassi, anche di dimensioni tali da compromettere l&#8217;incolumit\u00e0 di una persona, per quanto al riparo della sua automobile: in un caso ci sono volute persino due persone per spostare il masso dalla strada- si legge nelle lettera &#8211;\u00a0 Come abitanti di Soffranco attraversiamo ogni giorno questa tratta. E abbiamo paura, perch\u00e9 con l&#8217;arrivo dell&#8217;inverno la caduta dei sassi sar\u00e0 sempre pi\u00f9 frequente, e cos\u00ec il rischio che le auto di passaggio siano colpite, e che avvengano gravi incidenti. Interventi sono gi\u00e0 stati fatto in passato ma non bastano: nel 2019, dopo una nostra segnalazione, sono state montate delle reti di protezione in alcuni punti. Il pericolo per\u00f2 \u00e8 pi\u00f9 in alto&#8221;. Comprendiamo che non sia possibile procedere subito con la pure urgente posatura di ulteriori reti contenitive, ma sarebbe sufficiente, per il momento, organizzare un&#8217;ispezione tecnica, magari con l&#8217;aiuto di uno o due droni, in modo da vedere com&#8217;\u00e8 la situazione &#8220;dove l&#8217;uomo non arriva&#8221;, e scongiurare l&#8217;eventualit\u00e0 di grandi frane, almeno tanto da passare l&#8217;inverno. Vorremmo insomma essere rassicurati&#8221;\u00a0<\/em><\/p>\n","protected":false},"excerpt":{"rendered":"<p>&nbsp; Sentiamo di notte i\u00a0 rumori dei sassi che cadono, chiediamo maggiore attenzione SOFFRANCO I sassi sono rotondi quindi rotolano e sempre verso il basso per la forza di gravit\u00e0, succede anche a Soffranco dove i macigni finisco sulla 251 dalla parete di roccia che sovrasta non solo la strada ma anche l&#8217;abitato. Per questo&hellip;<\/p>\n","protected":false},"author":4,"featured_media":239511,"comment_status":"closed","ping_status":"open","sticky":false,"template":"","format":"standard","meta":{"_monsterinsights_skip_tracking":false,"_monsterinsights_sitenote_active":false,"_monsterinsights_sitenote_note":"","_monsterinsights_sitenote_category":0,"footnotes":""},"categories":[51,49],"tags":[],"class_list":["post-239512","post","type-post","status-publish","format-standard","has-post-thumbnail","hentry","category-evidenza-top","category-news-18","category-51","category-49","description-off"],"img_url":"https:\/\/www.radiopiu.net\/wordpress\/wp-content\/uploads\/2021\/10\/th-26.jpg","_links":{"self":[{"href":"https:\/\/www.radiopiu.net\/wordpress\/wp-json\/wp\/v2\/posts\/239512","targetHints":{"allow":["GET"]}}],"collection":[{"href":"https:\/\/www.radiopiu.net\/wordpress\/wp-json\/wp\/v2\/posts"}],"about":[{"href":"https:\/\/www.radiopiu.net\/wordpress\/wp-json\/wp\/v2\/types\/post"}],"author":[{"embeddable":true,"href":"https:\/\/www.radiopiu.net\/wordpress\/wp-json\/wp\/v2\/users\/4"}],"replies":[{"embeddable":true,"href":"https:\/\/www.radiopiu.net\/wordpress\/wp-json\/wp\/v2\/comments?post=239512"}],"version-history":[{"count":0,"href":"https:\/\/www.radiopiu.net\/wordpress\/wp-json\/wp\/v2\/posts\/239512\/revisions"}],"wp:featuredmedia":[{"embeddable":true,"href":"https:\/\/www.radiopiu.net\/wordpress\/wp-json\/wp\/v2\/media\/239511"}],"wp:attachment":[{"href":"https:\/\/www.radiopiu.net\/wordpress\/wp-json\/wp\/v2\/media?parent=239512"}],"wp:term":[{"taxonomy":"category","embeddable":true,"href":"https:\/\/www.radiopiu.net\/wordpress\/wp-json\/wp\/v2\/categories?post=239512"},{"taxonomy":"post_tag","embeddable":true,"href":"https:\/\/www.radiopiu.net\/wordpress\/wp-json\/wp\/v2\/tags?post=239512"}],"curies":[{"name":"wp","href":"https:\/\/api.w.org\/{rel}","templated":true}]}}