{"id":239539,"date":"2021-10-28T09:15:12","date_gmt":"2021-10-28T07:15:12","guid":{"rendered":"https:\/\/www.radiopiu.net\/wordpress\/?p=239539"},"modified":"2021-10-29T06:07:18","modified_gmt":"2021-10-29T04:07:18","slug":"il-rinornimento-di-carburante-in-volo-nella-foto","status":"publish","type":"post","link":"https:\/\/www.radiopiu.net\/wordpress\/il-rinornimento-di-carburante-in-volo-nella-foto\/","title":{"rendered":"IL RIFORNIMENTO  DI CARBURANTE IN VOLO NELLA FOTO DI CLAUDIO PRA"},"content":{"rendered":"<p><strong>di Claudio Pra<\/strong><\/p>\n<p>Se ne \u00e8 gi\u00e0 parlato in questi giorni, ma ieri mi \u00e8 capitato di assistere e fotografare le manovre, presumo di addestramento, di un aereocisterna mentre si approssimava a rifornire un velivolo da combattimento sui nostri cieli. Nell&#8217;immagine l&#8217;aereocisterna ha gi\u00e0 fuori la sonda rigida per l&#8217;operazione (direzionata verso il basso) mentre l&#8217;aereo che ricever\u00e0 il carburante si trova nei pressi. Il tutto ad una quota inferiore ai 7.000 metri.<\/p>\n<p><a href=\"https:\/\/www.radiopiu.net\/wordpress\/il-rinornimento-di-carburante-in-volo-nella-foto-di-claudio-pra\/4bb512ee-c2eb-4302-9dcc-fc04f87b4093\/\" rel=\"attachment wp-att-239540\"><img loading=\"lazy\" decoding=\"async\" class=\"alignnone wp-image-239540 size-large\" src=\"https:\/\/www.radiopiu.net\/wordpress\/wp-content\/uploads\/2021\/10\/4bb512ee-c2eb-4302-9dcc-fc04f87b4093-1024x637.jpg\" alt=\"\" width=\"1024\" height=\"637\" srcset=\"https:\/\/www.radiopiu.net\/wordpress\/wp-content\/uploads\/2021\/10\/4bb512ee-c2eb-4302-9dcc-fc04f87b4093-1024x637.jpg 1024w, https:\/\/www.radiopiu.net\/wordpress\/wp-content\/uploads\/2021\/10\/4bb512ee-c2eb-4302-9dcc-fc04f87b4093-300x187.jpg 300w, https:\/\/www.radiopiu.net\/wordpress\/wp-content\/uploads\/2021\/10\/4bb512ee-c2eb-4302-9dcc-fc04f87b4093-768x478.jpg 768w, https:\/\/www.radiopiu.net\/wordpress\/wp-content\/uploads\/2021\/10\/4bb512ee-c2eb-4302-9dcc-fc04f87b4093-1536x956.jpg 1536w, https:\/\/www.radiopiu.net\/wordpress\/wp-content\/uploads\/2021\/10\/4bb512ee-c2eb-4302-9dcc-fc04f87b4093.jpg 1600w\" sizes=\"auto, (max-width: 1024px) 100vw, 1024px\" \/><\/a><\/p>\n","protected":false},"excerpt":{"rendered":"<p>di Claudio Pra Se ne \u00e8 gi\u00e0 parlato in questi giorni, ma ieri mi \u00e8 capitato di assistere e fotografare le manovre, presumo di addestramento, di un aereocisterna mentre si approssimava a rifornire un velivolo da combattimento sui nostri cieli. Nell&#8217;immagine l&#8217;aereocisterna ha gi\u00e0 fuori la sonda rigida per l&#8217;operazione (direzionata verso il basso) mentre&hellip;<\/p>\n","protected":false},"author":4,"featured_media":239540,"comment_status":"closed","ping_status":"open","sticky":false,"template":"","format":"standard","meta":{"_monsterinsights_skip_tracking":false,"_monsterinsights_sitenote_active":false,"_monsterinsights_sitenote_note":"","_monsterinsights_sitenote_category":0,"footnotes":""},"categories":[104,49],"tags":[],"class_list":["post-239539","post","type-post","status-publish","format-standard","has-post-thumbnail","hentry","category-evidenza_3","category-news-18","category-104","category-49","description-off"],"img_url":"https:\/\/www.radiopiu.net\/wordpress\/wp-content\/uploads\/2021\/10\/4bb512ee-c2eb-4302-9dcc-fc04f87b4093.jpg","_links":{"self":[{"href":"https:\/\/www.radiopiu.net\/wordpress\/wp-json\/wp\/v2\/posts\/239539","targetHints":{"allow":["GET"]}}],"collection":[{"href":"https:\/\/www.radiopiu.net\/wordpress\/wp-json\/wp\/v2\/posts"}],"about":[{"href":"https:\/\/www.radiopiu.net\/wordpress\/wp-json\/wp\/v2\/types\/post"}],"author":[{"embeddable":true,"href":"https:\/\/www.radiopiu.net\/wordpress\/wp-json\/wp\/v2\/users\/4"}],"replies":[{"embeddable":true,"href":"https:\/\/www.radiopiu.net\/wordpress\/wp-json\/wp\/v2\/comments?post=239539"}],"version-history":[{"count":0,"href":"https:\/\/www.radiopiu.net\/wordpress\/wp-json\/wp\/v2\/posts\/239539\/revisions"}],"wp:featuredmedia":[{"embeddable":true,"href":"https:\/\/www.radiopiu.net\/wordpress\/wp-json\/wp\/v2\/media\/239540"}],"wp:attachment":[{"href":"https:\/\/www.radiopiu.net\/wordpress\/wp-json\/wp\/v2\/media?parent=239539"}],"wp:term":[{"taxonomy":"category","embeddable":true,"href":"https:\/\/www.radiopiu.net\/wordpress\/wp-json\/wp\/v2\/categories?post=239539"},{"taxonomy":"post_tag","embeddable":true,"href":"https:\/\/www.radiopiu.net\/wordpress\/wp-json\/wp\/v2\/tags?post=239539"}],"curies":[{"name":"wp","href":"https:\/\/api.w.org\/{rel}","templated":true}]}}