{"id":239622,"date":"2021-10-29T06:00:20","date_gmt":"2021-10-29T04:00:20","guid":{"rendered":"https:\/\/www.radiopiu.net\/wordpress\/?p=239622"},"modified":"2021-10-29T06:26:06","modified_gmt":"2021-10-29T04:26:06","slug":"gli-anni-70-importanti","status":"publish","type":"post","link":"https:\/\/www.radiopiu.net\/wordpress\/gli-anni-70-importanti\/","title":{"rendered":"GLI ANNI 70 IMPORTANTI CON LA STORICA ELEZIONE DI ALBINO LUCIANI \u201cPAPA BELLUNESE DEL SORRISO\u201d"},"content":{"rendered":"<p>&nbsp;<\/p>\n<p><strong>DI RENATO BONA<\/strong><\/p>\n<p>Decisamente importanti gli anni Settanta nella storia bellunese dato che registrano l\u2019elezione del secondo pontefice bellunese della storia: Albino Luciani, di Canale d\u2019Agordo, il \u201cPapa bellunese del sorriso\u201d (modestamente: la definizione, ripresa poi da tutti gli organi di informazione \u00e8 di chi stende queste note, cio\u00e8 mia &#8211; ndr.) asceso al soglio di Pietro il 26 agosto 1978 col nome di Giovanni Paolo I. Ne da conto Franco Sirena nel suo libro \u201cCento anni a Belluno. Notizie e curiosit\u00e0 dal XX secolo\u201d edito nel gennaio 2001 dall\u2019Istituto bellunese di ricerche sociali e culturali guidato dal prof. don Sergio Sacco, stampa tipografia Piave. Il 1971 ha come titolo: \u201cPalasport Annibale De Mas\u201d e ricorda che il 20 marzo ci fu la \u201cFesta dello sport\u201d per l\u2019inaugurazione del palazzetto intitolato ad Annibale De Mas, gi\u00e0 sindaco di Belluno. Agosto: muore a Verona il maestro Guatti Zuliani direttore della Banda cittadina per oltre 40 anni. Il 23 e 24 ottobre al Palasport Campionati triveneti di artistica con 200 ginnaste. Nella chiesa di Santa Maria delle Grazie collocate due teste scolpite da Massimo Facchin: san Tommaso e san Giacomo, in sostituzione di quelle rubate. Il Belluno calcio \u00e8 in serie C! Anno 1972, titolo: \u201cLo chalet Francesco Caldart\u201d. 18 febbraio: alla Camera di commercio Edoardo Luciani, fratello del futuro pontefice, subentra a Mario Botter. Aperta una galleria tra via Mezzaterra e via San Pietro. Giuseppe \u201cBepi\u201d Caldart nominato presidente dell\u2019Azienda turismo. 23 aprile: grande successo della \u201cFesta dei Marangoni\u201d a Borgo Pra. Il 29 posa della prima pietra dell\u2019Istituto magistrale \u201cRenier\u201d. A luglio: una rapina alla banca Popolare di Novara e l\u2019evasione di tre detenuti da Baldenich. Nel corso del secondo convegno nazionale sulla protezione della flora alpina, in Nevegal viene inaugurato lo chalet intitolato a Francesco Caldart emerito studioso bellunese. Il 26 novembre inaugurazione della scuola materna di Castion, l\u20198 dicembre di quella di San Giovanni Bosco a Baldenich. Per il 1973 il titolo \u00e8: \u201cIl furto al Museo\u201d per ricordare che il 24 agosto i ladri avevano trafugato dal Museo opere d\u2019arte per un valore di 500 milioni! Sparito anche l\u2019antico sigillo della Citt\u00e0 mai pi\u00f9 rintracciato a differenza della \u201cMadonna con Bambino seduto\u201d di Bartolomeo Montagna, trovato a Vienna. Il 5 marzo eletto cardinale Albino Luciani; l\u20198 la Camera boccia il progetto dell\u2019autostrada. Il 29 giugno inaugurato il rifugio Bianchet. A luglio scoperti affreschi del XVI secolo nella parrocchiale di Bolzano Bellunese. Il 1. dicembre istituito l\u2019Archivio di Stato. Il 2 prendono il via le domeniche con il blocco totale della circolazione per lo scoppio della crisi petrolifera. 1974, titolo: \u201cPrima maratona di San Martino\u201d. La Provincia appalta i lavori per l\u2019Istituto commerciale \u201cCalvi\u201d; il pane bianco costa 350 lire al chilo. 22 febbraio: gravissimo incidente al bivio di San Gervasio: muoiono nonna e due nipotine travolta da un\u2019auto. Dal 10 marzo, dopo cento giorni, le auto potranno circolare a targhe alterne. 22 marzo: rivolta nel carcere di Baldenich con due feriti. Il 19 giugno solenne cerimonia per il 25. di ordinazione del vescovo Muccin. Il 10 novembre prima edizione della Maratona di San Martino ideata da Renzo Stefano Mattei. Titolo per il 1975: \u201cRitorno dei giochi della giovent\u00f9\u201d. In febbraio grave furto alla Biblioteca Lolliniana dove spariscono 11 libri antichi. Il 16 marzo celebrazione solenne per il 30. anniversario della Liberazione: alla messa, in Piazza dei Martiri, partecipa monsignor Girolamo Bortignon gi\u00e0 vescovo di Belluno. 22 ottobre: campane a festa per la designazione del nuovo vescovo Maffeo Ducoli che subentra a Muccin. Il 22 dicembre muore a Milano il maestro Nino Prosdocimi direttore della Corale Bellunese e animatore dell\u2019Orchestra stabile di Belluno. \u201cLa seggiovia di Col Canil\u201d \u00e8 il titolo per l\u2019anno 1976 quando, il 31 gennaio, si inaugura il nuovo impianto che si collega con la sciovia di Col Toront. Alle 21,02 del 6 maggio si avverte anche a Belluno la scossa del disastroso terremoto del Friuli. Teledolomiti prende possesso di Palazzo Minerva. A settembre gli alpinisti Franco Miotto, Amerigo Azzalin, Riccardo Bee tracciano due nuove vie sul Nason della Schiara con difficolt\u00e0 di 5. e 6. grado. In ottobre fondazione dell\u2019Istituto bellunese di ricerche sociali e culturali, prima pubblicazione: \u201cPittura bellunese contemporanea\u201d. E siamo al 1997 anno per il quale Franco Sirena ha scelto il titolo: \u201cComitato d\u2019Intesa\u201d. Il biglietto dell\u2019autobus costa 150 lire. Nelle banche e nelle poste i cittadini della provincia hanno depositato 440 miliardi di lire. L\u201911 febbraio fondazione del Comitato d\u2019intesa fra le associazioni volontaristiche della provincia, nove i sodalizi aderenti; presidente \u00e8 il dott. Valentino Del Fabbro. Su input del benemerito sodalizio la Provincia realizza un Centro di accoglienza per handicappati gravi e gravissimi. A settembre inaugurata all\u2019ospedale la sede di cobaltoterapia. E siamo all\u2019anno 1978 che ha per titolo \u201cPapa Giovanni Paolo I\u201d con riferimento all\u2019elezione il 26 agosto di Albino Luciani quale secondo pontefice della storia bellunese dopo Gregorio XVI. Le campane suonano a festa lungamente. Fra le notizie si segnala la chiusura del macello comunale non pi\u00f9 in regola con le norme sanitarie: non verr\u00e0 pi\u00f9 riaperto. Il 9 febbraio il festoso Carnevale di Castion \u201cil pi\u00f9 importante e meglio organizzato della provincia\u201d. La Latteria dell\u2019Oltrardo compie 50 anni. Viene fondato il Gruppo Natura Bellunese. Un altro pontefice Papa Giovanni Paolo II da il titolo al 1979, Quell\u2019anno infatti, il 26 agosto, arriva in provincia Giovanni Paolo II: visiter\u00e0 la casa natale del predecessore \u201cIl papa bellunese del sorriso\u201d quindi salita in Marmolada per la recita dell\u2019Angelus e nel pomeriggio a Belluno dove celebra la messa al Polisportivo gremito di migliaia di fedeli. Il era composto da 900 cantori. E\u2019 nata l\u2019Unione generale dei Ladini bellunesi. L\u201911 settembre inaugurazione di una mostra sui lavori di Dino Buzzati e l\u2019indomani gli viene intitolata la \u201cpanoramica\u201d. Concludiamo la carrellata con \u201cLe nuove porte della cattedrale\u201d. Il relativo concorso nazionale, con 97 partecipanti, \u00e8 stato vinto da Angelo Canevari. Nuovi problemi di carattere statico per il palazzo della Prefettura. Il 14 maggio prima assemblea dei 1200 soci della LatteriaValbelluna. Il 26 a Borgo Pra inaugurazione della Sala di cultura E. De Luca. Il 20 giugno il sarcofago di Flavio Ostilio \u00e8 trasferito a palazzo Crepadona. Il 21 settembre si inaugura il campo sportivo di Cavarzano.<\/p>\n\n\t\t\t<style type='text\/css'>\n\t\t\t\t#gallery-1 {\n\t\t\t\t\tmargin: auto;\n\t\t\t\t}\n\t\t\t\t#gallery-1 .gallery-item {\n\t\t\t\t\tfloat: left;\n\t\t\t\t\tmargin-top: 10px;\n\t\t\t\t\ttext-align: center;\n\t\t\t\t\twidth: 20%;\n\t\t\t\t}\n\t\t\t\t#gallery-1 img {\n\t\t\t\t\tborder: 2px solid #cfcfcf;\n\t\t\t\t}\n\t\t\t\t#gallery-1 .gallery-caption {\n\t\t\t\t\tmargin-left: 0;\n\t\t\t\t}\n\t\t\t\t\/* see gallery_shortcode() in wp-includes\/media.php *\/\n\t\t\t<\/style>\n\t\t<div id='gallery-1' class='dt-gallery-container gallery galleryid-239622 gallery-columns-5 gallery-size-thumbnail'><dl class='gallery-item'>\n\t\t\t\t<dt class='gallery-icon landscape'>\n\t\t\t\t\t<a class=\"rollover rollover-zoom dt-pswp-item\" title=\"249604635_135686362097590_1078115333949413252_n\" data-dt-img-description=\"\" data-large_image_width=\"312\" data-large_image_height=\"206\"href='https:\/\/www.radiopiu.net\/wordpress\/wp-content\/uploads\/2021\/10\/249604635_135686362097590_1078115333949413252_n.jpg'><img loading=\"lazy\" decoding=\"async\" width=\"150\" height=\"150\" src=\"https:\/\/www.radiopiu.net\/wordpress\/wp-content\/uploads\/2021\/10\/249604635_135686362097590_1078115333949413252_n-150x150.jpg\" class=\"attachment-thumbnail size-thumbnail\" alt=\"\" \/><\/a>\n\t\t\t\t<\/dt><\/dl><dl class='gallery-item'>\n\t\t\t\t<dt class='gallery-icon portrait'>\n\t\t\t\t\t<a class=\"rollover rollover-zoom dt-pswp-item\" title=\"250143425_1148900265960842_6894109750736984670_n\" data-dt-img-description=\"\" data-large_image_width=\"160\" data-large_image_height=\"344\"href='https:\/\/www.radiopiu.net\/wordpress\/wp-content\/uploads\/2021\/10\/250143425_1148900265960842_6894109750736984670_n.jpg'><img loading=\"lazy\" decoding=\"async\" width=\"150\" height=\"150\" src=\"https:\/\/www.radiopiu.net\/wordpress\/wp-content\/uploads\/2021\/10\/250143425_1148900265960842_6894109750736984670_n-150x150.jpg\" class=\"attachment-thumbnail size-thumbnail\" alt=\"\" \/><\/a>\n\t\t\t\t<\/dt><\/dl><dl class='gallery-item'>\n\t\t\t\t<dt class='gallery-icon landscape'>\n\t\t\t\t\t<a class=\"rollover rollover-zoom dt-pswp-item\" title=\"249973872_939961269923874_3958582664006354679_n\" data-dt-img-description=\"\" data-large_image_width=\"296\" data-large_image_height=\"200\"href='https:\/\/www.radiopiu.net\/wordpress\/wp-content\/uploads\/2021\/10\/249973872_939961269923874_3958582664006354679_n.jpg'><img loading=\"lazy\" decoding=\"async\" width=\"150\" height=\"150\" src=\"https:\/\/www.radiopiu.net\/wordpress\/wp-content\/uploads\/2021\/10\/249973872_939961269923874_3958582664006354679_n-150x150.jpg\" class=\"attachment-thumbnail size-thumbnail\" alt=\"\" \/><\/a>\n\t\t\t\t<\/dt><\/dl><dl class='gallery-item'>\n\t\t\t\t<dt class='gallery-icon landscape'>\n\t\t\t\t\t<a class=\"rollover rollover-zoom dt-pswp-item\" title=\"250000162_579531776650819_2397508764250503310_n\" data-dt-img-description=\"\" data-large_image_width=\"294\" data-large_image_height=\"206\"href='https:\/\/www.radiopiu.net\/wordpress\/wp-content\/uploads\/2021\/10\/250000162_579531776650819_2397508764250503310_n.jpg'><img loading=\"lazy\" decoding=\"async\" width=\"150\" height=\"150\" src=\"https:\/\/www.radiopiu.net\/wordpress\/wp-content\/uploads\/2021\/10\/250000162_579531776650819_2397508764250503310_n-150x150.jpg\" class=\"attachment-thumbnail size-thumbnail\" alt=\"\" \/><\/a>\n\t\t\t\t<\/dt><\/dl><dl class='gallery-item'>\n\t\t\t\t<dt class='gallery-icon landscape'>\n\t\t\t\t\t<a class=\"rollover rollover-zoom dt-pswp-item\" title=\"249937094_2959035451077994_8544399339253906736_n\" data-dt-img-description=\"\" data-large_image_width=\"291\" data-large_image_height=\"206\"href='https:\/\/www.radiopiu.net\/wordpress\/wp-content\/uploads\/2021\/10\/249937094_2959035451077994_8544399339253906736_n.jpg'><img loading=\"lazy\" decoding=\"async\" width=\"150\" height=\"150\" src=\"https:\/\/www.radiopiu.net\/wordpress\/wp-content\/uploads\/2021\/10\/249937094_2959035451077994_8544399339253906736_n-150x150.jpg\" class=\"attachment-thumbnail size-thumbnail\" alt=\"\" \/><\/a>\n\t\t\t\t<\/dt><\/dl><br style=\"clear: both\" \/><dl class='gallery-item'>\n\t\t\t\t<dt class='gallery-icon landscape'>\n\t\t\t\t\t<a class=\"rollover rollover-zoom dt-pswp-item\" title=\"249911751_599825481449880_4114197762318126267_n\" data-dt-img-description=\"\" data-large_image_width=\"591\" data-large_image_height=\"206\"href='https:\/\/www.radiopiu.net\/wordpress\/wp-content\/uploads\/2021\/10\/249911751_599825481449880_4114197762318126267_n.jpg'><img loading=\"lazy\" decoding=\"async\" width=\"150\" height=\"150\" src=\"https:\/\/www.radiopiu.net\/wordpress\/wp-content\/uploads\/2021\/10\/249911751_599825481449880_4114197762318126267_n-150x150.jpg\" class=\"attachment-thumbnail size-thumbnail\" alt=\"\" \/><\/a>\n\t\t\t\t<\/dt><\/dl><dl class='gallery-item'>\n\t\t\t\t<dt class='gallery-icon landscape'>\n\t\t\t\t\t<a class=\"rollover rollover-zoom dt-pswp-item\" title=\"250046165_412218760522085_2559832492946188161_n\" data-dt-img-description=\"\" data-large_image_width=\"311\" data-large_image_height=\"206\"href='https:\/\/www.radiopiu.net\/wordpress\/wp-content\/uploads\/2021\/10\/250046165_412218760522085_2559832492946188161_n.jpg'><img loading=\"lazy\" decoding=\"async\" width=\"150\" height=\"150\" src=\"https:\/\/www.radiopiu.net\/wordpress\/wp-content\/uploads\/2021\/10\/250046165_412218760522085_2559832492946188161_n-150x150.jpg\" class=\"attachment-thumbnail size-thumbnail\" alt=\"\" \/><\/a>\n\t\t\t\t<\/dt><\/dl><dl class='gallery-item'>\n\t\t\t\t<dt class='gallery-icon landscape'>\n\t\t\t\t\t<a class=\"rollover rollover-zoom dt-pswp-item\" title=\"250487692_1822910314563331_1231559962869364735_n\" data-dt-img-description=\"\" data-large_image_width=\"350\" data-large_image_height=\"201\"href='https:\/\/www.radiopiu.net\/wordpress\/wp-content\/uploads\/2021\/10\/250487692_1822910314563331_1231559962869364735_n.jpg'><img loading=\"lazy\" decoding=\"async\" width=\"150\" height=\"150\" src=\"https:\/\/www.radiopiu.net\/wordpress\/wp-content\/uploads\/2021\/10\/250487692_1822910314563331_1231559962869364735_n-150x150.jpg\" class=\"attachment-thumbnail size-thumbnail\" alt=\"\" \/><\/a>\n\t\t\t\t<\/dt><\/dl><dl class='gallery-item'>\n\t\t\t\t<dt class='gallery-icon landscape'>\n\t\t\t\t\t<a class=\"rollover rollover-zoom dt-pswp-item\" title=\"250320016_1199829953872256_163015555263247187_n\" data-dt-img-description=\"\" data-large_image_width=\"295\" data-large_image_height=\"206\"href='https:\/\/www.radiopiu.net\/wordpress\/wp-content\/uploads\/2021\/10\/250320016_1199829953872256_163015555263247187_n.jpg'><img loading=\"lazy\" decoding=\"async\" width=\"150\" height=\"150\" src=\"https:\/\/www.radiopiu.net\/wordpress\/wp-content\/uploads\/2021\/10\/250320016_1199829953872256_163015555263247187_n-150x150.jpg\" class=\"attachment-thumbnail size-thumbnail\" alt=\"\" \/><\/a>\n\t\t\t\t<\/dt><\/dl><dl class='gallery-item'>\n\t\t\t\t<dt class='gallery-icon landscape'>\n\t\t\t\t\t<a class=\"rollover rollover-zoom dt-pswp-item\" title=\"249687805_424067282562244_5600288335707942006_n\" data-dt-img-description=\"\" data-large_image_width=\"228\" data-large_image_height=\"206\"href='https:\/\/www.radiopiu.net\/wordpress\/wp-content\/uploads\/2021\/10\/249687805_424067282562244_5600288335707942006_n.jpg'><img loading=\"lazy\" decoding=\"async\" width=\"150\" height=\"150\" src=\"https:\/\/www.radiopiu.net\/wordpress\/wp-content\/uploads\/2021\/10\/249687805_424067282562244_5600288335707942006_n-150x150.jpg\" class=\"attachment-thumbnail size-thumbnail\" alt=\"\" \/><\/a>\n\t\t\t\t<\/dt><\/dl><br style=\"clear: both\" \/>\n\t\t\t<\/div>\n\n<p>NELLE FOTO (riproduzioni dal libro di Franco Sirena \u201cCento anni a Belluno. Notizie e curiosit\u00e0 dal XX secolo\u201d): manifestazione di ginnastica al Palasport; cartolina celebrativa del convengo sulla protezione della flora alpina; il Coro Minimo in concerto; venticinquesimo di ordinazione episcopale per mons. Muccin; il giornalista Sigi Leghner scrive all\u2019Aast per la promozione turistica; la seggiovia di Col Canil in Nevegal nella pubblicit\u00e0 della Sis, Societ\u00e0 impianti sportivi; autorit\u00e0 alla premiazione della Festa dei Marangoni di Borgo Pra; il patriarca Albino Luciani, al centro, con il vescovo Maffeo Ducoli ed il presidente dell\u2019Azione cattolica Valentino Costantini; la visita di Giovanni Paolo II a Belluno; cerimonia inaugurale delle nuove porte del Duomo.<\/p>\n","protected":false},"excerpt":{"rendered":"<p>&nbsp; DI RENATO BONA Decisamente importanti gli anni Settanta nella storia bellunese dato che registrano l\u2019elezione del secondo pontefice bellunese della storia: Albino Luciani, di Canale d\u2019Agordo, il \u201cPapa bellunese del sorriso\u201d (modestamente: la definizione, ripresa poi da tutti gli organi di informazione \u00e8 di chi stende queste note, cio\u00e8 mia &#8211; ndr.) asceso al&hellip;<\/p>\n","protected":false},"author":4,"featured_media":239630,"comment_status":"closed","ping_status":"open","sticky":false,"template":"","format":"standard","meta":{"_monsterinsights_skip_tracking":false,"_monsterinsights_sitenote_active":false,"_monsterinsights_sitenote_note":"","_monsterinsights_sitenote_category":0,"footnotes":""},"categories":[49],"tags":[],"class_list":["post-239622","post","type-post","status-publish","format-standard","has-post-thumbnail","hentry","category-news-18","category-49","description-off"],"img_url":"https:\/\/www.radiopiu.net\/wordpress\/wp-content\/uploads\/2021\/10\/250487692_1822910314563331_1231559962869364735_n.jpg","_links":{"self":[{"href":"https:\/\/www.radiopiu.net\/wordpress\/wp-json\/wp\/v2\/posts\/239622","targetHints":{"allow":["GET"]}}],"collection":[{"href":"https:\/\/www.radiopiu.net\/wordpress\/wp-json\/wp\/v2\/posts"}],"about":[{"href":"https:\/\/www.radiopiu.net\/wordpress\/wp-json\/wp\/v2\/types\/post"}],"author":[{"embeddable":true,"href":"https:\/\/www.radiopiu.net\/wordpress\/wp-json\/wp\/v2\/users\/4"}],"replies":[{"embeddable":true,"href":"https:\/\/www.radiopiu.net\/wordpress\/wp-json\/wp\/v2\/comments?post=239622"}],"version-history":[{"count":0,"href":"https:\/\/www.radiopiu.net\/wordpress\/wp-json\/wp\/v2\/posts\/239622\/revisions"}],"wp:featuredmedia":[{"embeddable":true,"href":"https:\/\/www.radiopiu.net\/wordpress\/wp-json\/wp\/v2\/media\/239630"}],"wp:attachment":[{"href":"https:\/\/www.radiopiu.net\/wordpress\/wp-json\/wp\/v2\/media?parent=239622"}],"wp:term":[{"taxonomy":"category","embeddable":true,"href":"https:\/\/www.radiopiu.net\/wordpress\/wp-json\/wp\/v2\/categories?post=239622"},{"taxonomy":"post_tag","embeddable":true,"href":"https:\/\/www.radiopiu.net\/wordpress\/wp-json\/wp\/v2\/tags?post=239622"}],"curies":[{"name":"wp","href":"https:\/\/api.w.org\/{rel}","templated":true}]}}