{"id":239636,"date":"2021-10-29T05:51:01","date_gmt":"2021-10-29T03:51:01","guid":{"rendered":"https:\/\/www.radiopiu.net\/wordpress\/?p=239636"},"modified":"2021-10-29T06:08:06","modified_gmt":"2021-10-29T04:08:06","slug":"bracconaggio-piaga-veneta-abbattuto-sul-grappa-giovane-esemplare-di-aquila-reale","status":"publish","type":"post","link":"https:\/\/www.radiopiu.net\/wordpress\/bracconaggio-piaga-veneta-abbattuto-sul-grappa-giovane-esemplare-di-aquila-reale\/","title":{"rendered":"BRACCONAGGIO PIAGA VENETA, ABBATTUTO SUL GRAPPA GIOVANE ESEMPLARE DI AQUILA REALE"},"content":{"rendered":"<p>&nbsp;<\/p>\n<p><span style=\"color: #ff0000;\">VIDEO, IMMAGINI DURE\u00a0 \u00a0<\/span><\/p>\n<div style=\"width: 848px;\" class=\"wp-video\"><video class=\"wp-video-shortcode\" id=\"video-239636-1\" width=\"848\" height=\"480\" preload=\"metadata\" controls=\"controls\"><source type=\"video\/mp4\" src=\"https:\/\/www.radiopiu.net\/wordpress\/wp-content\/uploads\/2021\/10\/WhatsApp-Video-2021-10-28-at-16.30.24-1.mp4?_=1\" \/><a href=\"https:\/\/www.radiopiu.net\/wordpress\/wp-content\/uploads\/2021\/10\/WhatsApp-Video-2021-10-28-at-16.30.24-1.mp4\">https:\/\/www.radiopiu.net\/wordpress\/wp-content\/uploads\/2021\/10\/WhatsApp-Video-2021-10-28-at-16.30.24-1.mp4<\/a><\/video><\/div>\n<p>&nbsp;<\/p>\n<p><i><span style=\"font-size: large;\"><a href=\"https:\/\/www.radiopiu.net\/wordpress\/bracconaggio-piaga-veneta-abbattuto-sul-grappa-giovane-esemplare-di-aquila-reale\/aquilareale\/\" rel=\"attachment wp-att-239638\"><img loading=\"lazy\" decoding=\"async\" class=\"size-medium wp-image-239638 alignleft\" src=\"https:\/\/www.radiopiu.net\/wordpress\/wp-content\/uploads\/2021\/10\/aquilareale-169x300.jpeg\" alt=\"\" width=\"169\" height=\"300\" srcset=\"https:\/\/www.radiopiu.net\/wordpress\/wp-content\/uploads\/2021\/10\/aquilareale-169x300.jpeg 169w, https:\/\/www.radiopiu.net\/wordpress\/wp-content\/uploads\/2021\/10\/aquilareale-576x1024.jpeg 576w, https:\/\/www.radiopiu.net\/wordpress\/wp-content\/uploads\/2021\/10\/aquilareale-768x1365.jpeg 768w, https:\/\/www.radiopiu.net\/wordpress\/wp-content\/uploads\/2021\/10\/aquilareale-864x1536.jpeg 864w, https:\/\/www.radiopiu.net\/wordpress\/wp-content\/uploads\/2021\/10\/aquilareale.jpeg 900w\" sizes=\"auto, (max-width: 169px) 100vw, 169px\" \/><\/a>VENEZIA\u00a0 <\/span><\/i><span style=\"font-size: large;\">Un esemplare di\u00a0 aquila reale, specie di rapace in declino tra le pi\u00f9 rare che abbiamo in Italia, \u00e8 stato abbattuto sul comprensorio del Grappa. \u00c8 un atto criminale, un episodio di una gravit\u00e0 inaudita: il bracconaggio si conferma una piaga in Veneto.<span class=\"gmail-Apple-converted-space\">\u00a0<\/span>A darne notizia \u00e8 il consigliere regionale del Partito Democratico Andrea Zanoni (foto a destra). L\u2019animale \u00e8 stato rinvenuto dai volontari della Lipu (Lega Italiana Protezione Uccelli) ed \u00e8 stato consegnato ai carabinieri forestali di Valdobbiadene, quindi all\u2019Istituto Zooprofilattico. Era l\u2019unico giovane esemplare presente nel massiccio del Grappa <em>&#8220;E&#8217; una cosa tristissima. Abbiamo davvero toccato il fondo &#8211; commenta\u00a0 Zanoni &#8211; <a href=\"https:\/\/www.radiopiu.net\/wordpress\/giornale-radiopiu-31-gennaio-2019-direttore-mirko-mezzacasa\/zanoni-3\/\" rel=\"attachment wp-att-74906\"><img loading=\"lazy\" decoding=\"async\" class=\" wp-image-74906 alignright\" src=\"https:\/\/www.radiopiu.net\/wordpress\/wp-content\/uploads\/2019\/01\/zanoni-1-300x162.jpg\" alt=\"\" width=\"243\" height=\"131\" srcset=\"https:\/\/www.radiopiu.net\/wordpress\/wp-content\/uploads\/2019\/01\/zanoni-1-300x162.jpg 300w, https:\/\/www.radiopiu.net\/wordpress\/wp-content\/uploads\/2019\/01\/zanoni-1.jpg 306w\" sizes=\"auto, (max-width: 243px) 100vw, 243px\" \/><\/a>stiamo parlando di una specie superprotetta e per chi la caccia \u00e8 previsto anche l\u2019arresto da due a otto mesi in base all\u2019articolo 30 della legge 157\/1992. Faccio un appello agli inquirenti per rintracciare chi ha sparato: spero vengano incrociati i dati dei soggetti che erano in zona, tramite le celle telefoniche e il controllo dei tesserini di caccia, visto che c\u2019\u00e8 l\u2019obbligo di segnalare l\u2019uscita. Non dovrebbe essere impossibile, si tratta di soci delle Riserve alpine, quindi un numero limitato di soggetti su cui indirizzare le indagini. In uno Stato civile dovrebbero essere applicate pene accessorie come la moratoria di 5 anni della caccia nei comuni dove accadono gravissimi atti di bracconaggio come questo\u201d.\u00a0 <\/em>I<\/span><span style=\"font-size: large;\">n Veneto ancora troppe persone circolano armate con regolare licenza di caccia e tra queste ci sono anche dei delinquenti. Il bracconaggio \u00e8 un crimine che andrebbe contrastato con maggior convinzione, invece c\u2019\u00e8 sempre meno vigilanza. <em>&#8220;La Regione\u00a0 &#8211; conclude Zanoni &#8211; ha praticamente smantellato i volontari delle associazioni ambientaliste, preferendo assegnare soldi alle associazioni venatorie per cene mascherate da convegni&#8221;.<\/em><\/span><\/p>\n","protected":false},"excerpt":{"rendered":"<p>&nbsp; VIDEO, IMMAGINI DURE\u00a0 \u00a0 &nbsp; VENEZIA\u00a0 Un esemplare di\u00a0 aquila reale, specie di rapace in declino tra le pi\u00f9 rare che abbiamo in Italia, \u00e8 stato abbattuto sul comprensorio del Grappa. \u00c8 un atto criminale, un episodio di una gravit\u00e0 inaudita: il bracconaggio si conferma una piaga in Veneto.\u00a0A darne notizia \u00e8 il consigliere&hellip;<\/p>\n","protected":false},"author":4,"featured_media":239638,"comment_status":"closed","ping_status":"open","sticky":false,"template":"","format":"standard","meta":{"_monsterinsights_skip_tracking":false,"_monsterinsights_sitenote_active":false,"_monsterinsights_sitenote_note":"","_monsterinsights_sitenote_category":0,"footnotes":""},"categories":[51,49],"tags":[],"class_list":["post-239636","post","type-post","status-publish","format-standard","has-post-thumbnail","hentry","category-evidenza-top","category-news-18","category-51","category-49","description-off"],"img_url":"https:\/\/www.radiopiu.net\/wordpress\/wp-content\/uploads\/2021\/10\/aquilareale.jpeg","_links":{"self":[{"href":"https:\/\/www.radiopiu.net\/wordpress\/wp-json\/wp\/v2\/posts\/239636","targetHints":{"allow":["GET"]}}],"collection":[{"href":"https:\/\/www.radiopiu.net\/wordpress\/wp-json\/wp\/v2\/posts"}],"about":[{"href":"https:\/\/www.radiopiu.net\/wordpress\/wp-json\/wp\/v2\/types\/post"}],"author":[{"embeddable":true,"href":"https:\/\/www.radiopiu.net\/wordpress\/wp-json\/wp\/v2\/users\/4"}],"replies":[{"embeddable":true,"href":"https:\/\/www.radiopiu.net\/wordpress\/wp-json\/wp\/v2\/comments?post=239636"}],"version-history":[{"count":0,"href":"https:\/\/www.radiopiu.net\/wordpress\/wp-json\/wp\/v2\/posts\/239636\/revisions"}],"wp:featuredmedia":[{"embeddable":true,"href":"https:\/\/www.radiopiu.net\/wordpress\/wp-json\/wp\/v2\/media\/239638"}],"wp:attachment":[{"href":"https:\/\/www.radiopiu.net\/wordpress\/wp-json\/wp\/v2\/media?parent=239636"}],"wp:term":[{"taxonomy":"category","embeddable":true,"href":"https:\/\/www.radiopiu.net\/wordpress\/wp-json\/wp\/v2\/categories?post=239636"},{"taxonomy":"post_tag","embeddable":true,"href":"https:\/\/www.radiopiu.net\/wordpress\/wp-json\/wp\/v2\/tags?post=239636"}],"curies":[{"name":"wp","href":"https:\/\/api.w.org\/{rel}","templated":true}]}}