{"id":239684,"date":"2021-10-30T05:54:22","date_gmt":"2021-10-30T03:54:22","guid":{"rendered":"https:\/\/www.radiopiu.net\/wordpress\/?p=239684"},"modified":"2021-10-31T06:16:13","modified_gmt":"2021-10-31T05:16:13","slug":"giornale-radiopiu-30-ottobre-2021-direttore-mirko-mezzacasa","status":"publish","type":"post","link":"https:\/\/www.radiopiu.net\/wordpress\/giornale-radiopiu-30-ottobre-2021-direttore-mirko-mezzacasa\/","title":{"rendered":"GIORNALE RADIOPIU 30 OTTOBRE 2021 DIRETTORE MIRKO MEZZACASA"},"content":{"rendered":"<h3 class=\"kvgmc6g5 cxmmr5t8 oygrvhab hcukyx3x c1et5uql\"><span style=\"color: #0000ff;\">INFORMAZIONE il canale su TELEGRAM informazione di prima mano e in tempo reale. iscriviti ed aiutaci a farlo conoscere\u00a0 \u00a0<\/span><\/h3>\n<p>&nbsp;<\/p>\n<hr \/>\n<p>&nbsp;<\/p>\n<blockquote>\n<h3>ANCHE IERI SERA LUNGO LA 203 AGORDINA AUTO DISTRUTTA E POSSENTE CERVO MORTO, L&#8217;INCIDENTE POCO OLTRE LA LOCALITA&#8217; LE CAMPE DIFRONTE ALL&#8217;EX VILLAGGIO DI VALLE IMPERINA, POCO DOPO LA GALLERIA ARTIFICIALE DI PONTE DEL CRISTO PER CHI SALE DA BELLUNO<\/h3>\n<\/blockquote>\n<p><em><strong>DILLO A RADIO PIU<\/strong> &#8220;Eccoci,il mese scorso con 15000 mila euro di danni all&#8217;auto di 2 anni,a una velocit\u00e0 di 60km\/h appena passato Candaten,ingresso abitato Peron. Oltretutto con l&#8217;auto da sistemare e il dubbio che la Regione Veneto non rimborsi neanche parte del danno. Capisco e accetto ogni parere,ma sinceramente con cifre simili il benessere del cervo passa in secondo piano se ogni giorno per lavoro bisogna sfidare la vita lungo la 203 Agordina fra cervi e auto che sfrecciano con sorpassi ovunque&#8221;.\u00a0<\/em><\/p>\n<p><a class=\"dt-pswp-item\" href=\"https:\/\/www.radiopiu.net\/wordpress\/wp-content\/uploads\/2021\/10\/250627589_4622191721134309_4060175209929866183_n-1.jpg\" data-dt-img-description=\"\" data-large_image_width=\"1040\" data-large_image_height=\"784\"><img loading=\"lazy\" decoding=\"async\" class=\"alignnone wp-image-239957 size-full\" src=\"https:\/\/www.radiopiu.net\/wordpress\/wp-content\/uploads\/2021\/10\/250627589_4622191721134309_4060175209929866183_n-1.jpg\" alt=\"\" width=\"1040\" height=\"784\" srcset=\"https:\/\/www.radiopiu.net\/wordpress\/wp-content\/uploads\/2021\/10\/250627589_4622191721134309_4060175209929866183_n-1.jpg 1040w, https:\/\/www.radiopiu.net\/wordpress\/wp-content\/uploads\/2021\/10\/250627589_4622191721134309_4060175209929866183_n-1-300x226.jpg 300w, https:\/\/www.radiopiu.net\/wordpress\/wp-content\/uploads\/2021\/10\/250627589_4622191721134309_4060175209929866183_n-1-1024x772.jpg 1024w, https:\/\/www.radiopiu.net\/wordpress\/wp-content\/uploads\/2021\/10\/250627589_4622191721134309_4060175209929866183_n-1-768x579.jpg 768w\" sizes=\"auto, (max-width: 1040px) 100vw, 1040px\" \/><\/a><\/p>\n<p>&nbsp;<\/p>\n<p>&nbsp;<\/p>\n<hr \/>\n<p>&nbsp;<\/p>\n<p><strong><span style=\"color: #ff0000;\">EVENTO 1\u00a0<\/span><\/strong><\/p>\n<blockquote>\n<div class=\"page-title-head hgroup\">\n<h3 class=\"entry-title\">CORSA IN MONTAGNA, L\u2019AZZURRO LORENZO CAGNATI DI NUOVO IN GARA A CHIAVENNA<\/h3>\n<\/div>\n<\/blockquote>\n<p><span style=\"color: #ff0000;\"><strong><a href=\"https:\/\/www.radiopiu.net\/wordpress\/corsa-in-montagna-lazzurro-lorenzo-cagnati-domenica-di-nuovo-in-gara-a-chiavenna\/lorenzo-cagnati-2019-2-300x300\/\" rel=\"attachment wp-att-239822\"><img loading=\"lazy\" decoding=\"async\" class=\"wp-image-239822 alignleft\" src=\"https:\/\/www.radiopiu.net\/wordpress\/wp-content\/uploads\/2021\/10\/LORENZO-CAGNATI-2019-2-300x300-1.jpg\" alt=\"\" width=\"120\" height=\"120\" srcset=\"https:\/\/www.radiopiu.net\/wordpress\/wp-content\/uploads\/2021\/10\/LORENZO-CAGNATI-2019-2-300x300-1.jpg 300w, https:\/\/www.radiopiu.net\/wordpress\/wp-content\/uploads\/2021\/10\/LORENZO-CAGNATI-2019-2-300x300-1-150x150.jpg 150w\" sizes=\"auto, (max-width: 120px) 100vw, 120px\" \/><\/a><\/strong><\/span><strong>REDAZIONE<\/strong> In bocca al lupo all&#8217;Agordino Lorenzo Cagnati,\u00a0 torna l\u2019azzurro della corsa in montagna con un evento in Italia. Domani a Chiavenna (Sondrio) \u00e8 il giorno della WMRA Nations Cup, la prima manifestazione dedicata alle squadre nazionali a due anni di distanza dall\u2019ultima occasione ufficiale, dopo l\u2019annullamento delle edizioni 2020 e 2021 di Mondiali ed Europei. \u00a0Attesi in gara 15 team e circa 100 atleti. Spazio quindi per il 24enne bellunese Lorenzo\u00a0<strong>Cagnati<\/strong> (La Recastello Radici Group), laureato in scienze faunistiche ed ex giocatore di hockey su ghiaccio, autore di brillanti prestazioni in World Cup alla Grossglockner Berglauf e a Casto.<\/p>\n<p>&nbsp;<\/p>\n<p><span style=\"color: #ff0000;\"><strong>EVENTO 2<\/strong><\/span><\/p>\n<blockquote>\n<h3>&#8230; FELICINO IN PENSIONE CON L&#8217;ABBRACCIO DEI COLLEGHI<\/h3>\n<\/blockquote>\n<p><strong>AGORDO<\/strong>\u00a0 Festa e lacrime di emozione per Felicino Decima portacolori della frazione Listolade a Taibon Agordino, da ieri ha infatti raggiunto la meritata pensione, Felicino \u00e8 entrato in Luxottica nel giugno del 1982 e ieri&#8230; \u00e8 scattato l&#8217;abbraccio dei colleghi.<\/p>\n\n\t\t\t<style type='text\/css'>\n\t\t\t\t#gallery-1 {\n\t\t\t\t\tmargin: auto;\n\t\t\t\t}\n\t\t\t\t#gallery-1 .gallery-item {\n\t\t\t\t\tfloat: left;\n\t\t\t\t\tmargin-top: 10px;\n\t\t\t\t\ttext-align: center;\n\t\t\t\t\twidth: 33%;\n\t\t\t\t}\n\t\t\t\t#gallery-1 img {\n\t\t\t\t\tborder: 2px solid #cfcfcf;\n\t\t\t\t}\n\t\t\t\t#gallery-1 .gallery-caption {\n\t\t\t\t\tmargin-left: 0;\n\t\t\t\t}\n\t\t\t\t\/* see gallery_shortcode() in wp-includes\/media.php *\/\n\t\t\t<\/style>\n\t\t<div id='gallery-1' class='dt-gallery-container gallery galleryid-239684 gallery-columns-3 gallery-size-thumbnail'><dl class='gallery-item'>\n\t\t\t\t<dt class='gallery-icon portrait'>\n\t\t\t\t\t<a class=\"rollover rollover-zoom dt-pswp-item\" title=\"3a3f40a1-1aa6-4b2e-9a36-0c40113728b5\" data-dt-img-description=\"\" data-large_image_width=\"1125\" data-large_image_height=\"1233\"href='https:\/\/www.radiopiu.net\/wordpress\/wp-content\/uploads\/2021\/10\/3a3f40a1-1aa6-4b2e-9a36-0c40113728b5.jpg'><img loading=\"lazy\" decoding=\"async\" width=\"150\" height=\"150\" src=\"https:\/\/www.radiopiu.net\/wordpress\/wp-content\/uploads\/2021\/10\/3a3f40a1-1aa6-4b2e-9a36-0c40113728b5-150x150.jpg\" class=\"attachment-thumbnail size-thumbnail\" alt=\"\" \/><\/a>\n\t\t\t\t<\/dt><\/dl><dl class='gallery-item'>\n\t\t\t\t<dt class='gallery-icon portrait'>\n\t\t\t\t\t<a class=\"rollover rollover-zoom dt-pswp-item\" title=\"a0ed823f-4fac-4498-bfad-1bebe9070425\" data-dt-img-description=\"\" data-large_image_width=\"1125\" data-large_image_height=\"1305\"href='https:\/\/www.radiopiu.net\/wordpress\/wp-content\/uploads\/2021\/10\/a0ed823f-4fac-4498-bfad-1bebe9070425.jpg'><img loading=\"lazy\" decoding=\"async\" width=\"150\" height=\"150\" src=\"https:\/\/www.radiopiu.net\/wordpress\/wp-content\/uploads\/2021\/10\/a0ed823f-4fac-4498-bfad-1bebe9070425-150x150.jpg\" class=\"attachment-thumbnail size-thumbnail\" alt=\"\" \/><\/a>\n\t\t\t\t<\/dt><\/dl><dl class='gallery-item'>\n\t\t\t\t<dt class='gallery-icon portrait'>\n\t\t\t\t\t<a class=\"rollover rollover-zoom dt-pswp-item\" title=\"5ae4693b-e913-41e0-aff6-dafbe6723045\" data-dt-img-description=\"\" data-large_image_width=\"1125\" data-large_image_height=\"1384\"href='https:\/\/www.radiopiu.net\/wordpress\/wp-content\/uploads\/2021\/10\/5ae4693b-e913-41e0-aff6-dafbe6723045.jpg'><img loading=\"lazy\" decoding=\"async\" width=\"150\" height=\"150\" src=\"https:\/\/www.radiopiu.net\/wordpress\/wp-content\/uploads\/2021\/10\/5ae4693b-e913-41e0-aff6-dafbe6723045-150x150.jpg\" class=\"attachment-thumbnail size-thumbnail\" alt=\"\" \/><\/a>\n\t\t\t\t<\/dt><\/dl><br style=\"clear: both\" \/>\n\t\t\t<\/div>\n\n<p>&nbsp;<\/p>\n<p>&nbsp;<\/p>\n<hr \/>\n<p>&nbsp;<\/p>\n<blockquote>\n<h3>BENTORNATA ARREDAMONT, IL VIA ALLE 11 CON 141 SPAZI E CONVEGNI<\/h3>\n<\/blockquote>\n<p><strong><a href=\"https:\/\/www.radiopiu.net\/wordpress\/giornale-radiopiu-23-ottobre-2021-direttore-mirko-mezzacasa\/arredamont\/\" rel=\"attachment wp-att-238540\"><img loading=\"lazy\" decoding=\"async\" class=\" wp-image-238540 alignleft\" src=\"https:\/\/www.radiopiu.net\/wordpress\/wp-content\/uploads\/2021\/10\/arredamont-300x99.png\" alt=\"\" width=\"215\" height=\"71\" srcset=\"https:\/\/www.radiopiu.net\/wordpress\/wp-content\/uploads\/2021\/10\/arredamont-300x99.png 300w, https:\/\/www.radiopiu.net\/wordpress\/wp-content\/uploads\/2021\/10\/arredamont-1024x337.png 1024w, https:\/\/www.radiopiu.net\/wordpress\/wp-content\/uploads\/2021\/10\/arredamont-768x253.png 768w, https:\/\/www.radiopiu.net\/wordpress\/wp-content\/uploads\/2021\/10\/arredamont.png 1028w\" sizes=\"auto, (max-width: 215px) 100vw, 215px\" \/><\/a>LONGARONE<\/strong>\u00a0 \u00a0Da oggi, e fino al 7 novembre \u00e8 di nuovo\u00a0 Arredamont. La 43\u00aa edizione del salone dell&#8217;arredo di montagna segna la ripartenza dell&#8217;attivit\u00e0 fieristica.\u00a0 Ci saranno 141 espositori diretti e 172 marchi aziendali provenienti da 12 regioni italiane e 6 Paesi esteri.<\/p>\n<p>&nbsp;<\/p>\n<p>&nbsp;<\/p>\n<p>&nbsp;<\/p>\n<hr \/>\n<div class=\"bubble is-read hide-name is-out can-have-tail is-group-last\" data-mid=\"5233836031\" data-peer-id=\"-1478820725\" data-timestamp=\"1634889998\">\n<div class=\"bubble-content-wrapper\">\n<div class=\"bubble-content\">\n<h3 dir=\"auto\"><\/h3>\n<h3 dir=\"auto\"><\/h3>\n<h3 dir=\"auto\">VIABILITA&#8217; NUOVI CANTIERI IN PROVINCIA<\/h3>\n<p><img loading=\"lazy\" decoding=\"async\" class=\"alignleft\" src=\"https:\/\/www.radiopiu.net\/wordpress\/wp-content\/uploads\/2020\/05\/VENETO-STRADE-300x300.png\" width=\"143\" height=\"143\" \/>Veneto Strade informa, via a nuovi cantieri lungo la viabilit\u00e0 provinciale, lavori in corso anticipando l&#8217;inverno. <strong>COMELICO<\/strong>\u00a0 Per il ripristino urgente di una linea elettrica sulla Strada provinciale 30 Panoramica del Comelico tra Costa e Costalissoio in Comune di San Nicol\u00f2 Comelico interdizione totale al traffico dalle 8 alle 17 da martedi e per tutta la settimana fino a venrdi. <strong>VAL DI ZOLDO\u00a0 <\/strong>a Mezzocanale e Solagnot lungo la provinciale 251 da martedi al 19 novembre senso unico alternato regolato da semaforo, esclusi sabati domeniche e festivi infrasettimanali. ALPAGO Lungo la provinciale 28 delle Coste tra Tambre e Alpago da martedi al 26 novembre senso unico alternato con semaforo o movieri dalle 8 alle 17.<\/p>\n<p>&nbsp;<\/p>\n<p>&nbsp;<\/p>\n<hr \/>\n<div class=\"kvgmc6g5 cxmmr5t8 oygrvhab hcukyx3x c1et5uql\">\n<blockquote>\n<h3><a href=\"https:\/\/www.radiopiu.net\/wordpress\/giornale-radiopiu-16-giugno-2021-direttore-mirko-mezzacasa\/th-140\/\" rel=\"attachment wp-att-216173\"><img loading=\"lazy\" decoding=\"async\" class=\"wp-image-216173 alignleft\" src=\"https:\/\/www.radiopiu.net\/wordpress\/wp-content\/uploads\/2021\/06\/th-13.jpg\" alt=\"\" width=\"126\" height=\"84\" \/><\/a><\/h3>\n<h3><\/h3>\n<h3>INTERRUZIONI ENEL PROGRAMMATE, PER LAVORI<\/h3>\n<\/blockquote>\n<\/div>\n<p><span style=\"color: #ff0000;\">OGGI<\/span> dalle 9 alle 13 a Selva di Cadore nelle localit\u00e0 Palui di Pescul (civici 2-1 e sinistra) Peronaz (sinistra) e Pescul (sinistra)<\/p>\n<p><span style=\"color: #ff0000;\">VENERDI&#8217; 05 NOVEMBRE<\/span> dalle 9 alle 12 a Voltago nelle vie Vich e Della Vittoria<\/p>\n<p>&nbsp;<\/p>\n<p>&nbsp;<\/p>\n<hr \/>\n<p>&nbsp;<\/p>\n<blockquote>\n<h3>AUTO IN FIAMME, NESSUNA PERSONA E&#8217; RIMASTA COINVOLTA<\/h3>\n<\/blockquote>\n<p><strong>CORTINA<\/strong> Ieri mattina\u00a0 i vigili del fuoco sono intervenuti in Via dei Campi a Cortina d&#8217;Ampezzo per l\u2019incendio di un\u2019autovettura. Nessuna persona \u00e8 rimasta ferita o coinvolta. I pompieri arrivati dal locale distaccamento\u00a0 hanno spento con la schiuma, le fiamme della Mini Cooper, che era ferma parcheggiata. Le cause probabilmente elettriche sono al vaglio del personale dei vigili del fuoco. Le operazioni di soccorso sono terminate dopo circa un\u2019ora e mezza.<\/p>\n\n\t\t\t<style type='text\/css'>\n\t\t\t\t#gallery-2 {\n\t\t\t\t\tmargin: auto;\n\t\t\t\t}\n\t\t\t\t#gallery-2 .gallery-item {\n\t\t\t\t\tfloat: left;\n\t\t\t\t\tmargin-top: 10px;\n\t\t\t\t\ttext-align: center;\n\t\t\t\t\twidth: 33%;\n\t\t\t\t}\n\t\t\t\t#gallery-2 img {\n\t\t\t\t\tborder: 2px solid #cfcfcf;\n\t\t\t\t}\n\t\t\t\t#gallery-2 .gallery-caption {\n\t\t\t\t\tmargin-left: 0;\n\t\t\t\t}\n\t\t\t\t\/* see gallery_shortcode() in wp-includes\/media.php *\/\n\t\t\t<\/style>\n\t\t<div id='gallery-2' class='dt-gallery-container gallery galleryid-239684 gallery-columns-3 gallery-size-thumbnail'><dl class='gallery-item'>\n\t\t\t\t<dt class='gallery-icon landscape'>\n\t\t\t\t\t<a class=\"rollover rollover-zoom dt-pswp-item\" title=\"2902b441-db47-4439-861d-66ffe113c7a3\" data-dt-img-description=\"\" data-large_image_width=\"960\" data-large_image_height=\"593\"href='https:\/\/www.radiopiu.net\/wordpress\/wp-content\/uploads\/2021\/10\/2902b441-db47-4439-861d-66ffe113c7a3.jpg'><img loading=\"lazy\" decoding=\"async\" width=\"150\" height=\"150\" src=\"https:\/\/www.radiopiu.net\/wordpress\/wp-content\/uploads\/2021\/10\/2902b441-db47-4439-861d-66ffe113c7a3-150x150.jpg\" class=\"attachment-thumbnail size-thumbnail\" alt=\"\" \/><\/a>\n\t\t\t\t<\/dt><\/dl><dl class='gallery-item'>\n\t\t\t\t<dt class='gallery-icon landscape'>\n\t\t\t\t\t<a class=\"rollover rollover-zoom dt-pswp-item\" title=\"ec18d027-f14c-4f7d-9cab-cad49d85c241\" data-dt-img-description=\"\" data-large_image_width=\"960\" data-large_image_height=\"719\"href='https:\/\/www.radiopiu.net\/wordpress\/wp-content\/uploads\/2021\/10\/ec18d027-f14c-4f7d-9cab-cad49d85c241.jpg'><img loading=\"lazy\" decoding=\"async\" width=\"150\" height=\"150\" src=\"https:\/\/www.radiopiu.net\/wordpress\/wp-content\/uploads\/2021\/10\/ec18d027-f14c-4f7d-9cab-cad49d85c241-150x150.jpg\" class=\"attachment-thumbnail size-thumbnail\" alt=\"\" \/><\/a>\n\t\t\t\t<\/dt><\/dl><dl class='gallery-item'>\n\t\t\t\t<dt class='gallery-icon landscape'>\n\t\t\t\t\t<a class=\"rollover rollover-zoom dt-pswp-item\" title=\"ab2887c2-03ca-4b8a-ba92-4497ad791bf3\" data-dt-img-description=\"\" data-large_image_width=\"960\" data-large_image_height=\"701\"href='https:\/\/www.radiopiu.net\/wordpress\/wp-content\/uploads\/2021\/10\/ab2887c2-03ca-4b8a-ba92-4497ad791bf3.jpg'><img loading=\"lazy\" decoding=\"async\" width=\"150\" height=\"150\" src=\"https:\/\/www.radiopiu.net\/wordpress\/wp-content\/uploads\/2021\/10\/ab2887c2-03ca-4b8a-ba92-4497ad791bf3-150x150.jpg\" class=\"attachment-thumbnail size-thumbnail\" alt=\"\" \/><\/a>\n\t\t\t\t<\/dt><\/dl><br style=\"clear: both\" \/>\n\t\t\t<\/div>\n\n<p>&nbsp;<\/p>\n<hr \/>\n<p>&nbsp;<\/p>\n<blockquote>\n<h3>UN FORTE BOATO TRA VENETO E FRIULI VENEZIA GIULIA, MA NON ERA IL TERREMOTO<\/h3>\n<\/blockquote>\n<p><strong>Ieri pomeriggio alle 15.30 un forte boato \u00e8 stato avvertito tra la nostra regione e la confinante Friuli Venezia Giulia con epicentro tra Conegliano e Lignano. Si \u00e8 subito pensato ad una violenta scossa di terremoto ma \u00e8 arrivata immediata la smentita dalla rete nazionale dell&#8217;Ingv che non ha rilevato alcun sisma, nemmeno di piccola entit\u00e0. Si \u00e8 trattato pertanto di un boom sonico proveniente da un aereo militare che ha solcato i cieli della zona a grande velocit\u00e0.<\/strong><\/p>\n<p>&nbsp;<\/p>\n<p>&nbsp;<\/p>\n<hr \/>\n<p>&nbsp;<\/p>\n<p><strong>ANZIANO CADE IN CASA, RICOVERATO AL SANTA MARIA DEL PRATO\u00a0<\/strong><\/p>\n<p><strong>LAMON <\/strong>I Carabinieri di Lamon, allertati dalla nipote che vive altrove hanno soccorso un anziano a domicilio.\u00a0 Dopo avere suonato inutilmente il campanello, i carabinieri hanno chiesto supporto ai vigili del fuoco e l&#8217;ambulanza.\u00a0 All&#8217;interno\u00a0 dell&#8217;abitazione\u00a0 l&#8217;anziano era a terra. Cosciente ma provato dallo stare per ore sul pavimento, l&#8217;anziano \u00e8 stato caricato sull&#8217;ambulanza e portato all&#8217;ospedale di Feltre<\/p>\n<p>&nbsp;<\/p>\n<p>&nbsp;<\/p>\n<hr \/>\n<p>&nbsp;<\/p>\n<p>&nbsp;<\/p>\n<blockquote>\n<h3>SPARO IN CASERMA, MAGGIORE FERITO ALLA GAMBA E TRASPORTATO AL CA&#8217; FONCELLO DI TREVISO<\/h3>\n<\/blockquote>\n<p><strong><a href=\"https:\/\/www.radiopiu.net\/wordpress\/giornale-radiopiu-30-ottobre-2021-direttore-mirko-mezzacasa\/police-3394767__480\/\" rel=\"attachment wp-att-239926\"><img loading=\"lazy\" decoding=\"async\" class=\"wp-image-239926 alignleft\" src=\"https:\/\/www.radiopiu.net\/wordpress\/wp-content\/uploads\/2021\/10\/police-3394767__480-300x200.jpg\" alt=\"\" width=\"227\" height=\"151\" srcset=\"https:\/\/www.radiopiu.net\/wordpress\/wp-content\/uploads\/2021\/10\/police-3394767__480-300x200.jpg 300w, https:\/\/www.radiopiu.net\/wordpress\/wp-content\/uploads\/2021\/10\/police-3394767__480.jpg 719w\" sizes=\"auto, (max-width: 227px) 100vw, 227px\" \/><\/a>AURONZO\u00a0<\/strong> Il maggiore dei Carabinieri \u00e8 ricoverato all&#8217;ospedale di Treviso per la ferita ad una gamba a seguito di un \u00a0colpo\u00a0 di pistola che aveva in tasca. Il graduato \u00e8 stato soccorso dai sanitari e dall&#8217;elicottero del Suem che si \u00e8 alzato in volo di notte.\u00a0 La vicenda al comando del Centro addestramento alpino del Comelico (comando forestale, direttamente dipendente dal Centro dei carabinieri di Selva di Val Gardena, Bolzano). L&#8217;incidente fortunatamente\u00a0 non ha\u00a0 comportato\u00a0 gravissime\u00a0 consegeunze, ovvero non ha reciso l&#8217;arteria femorale.\u00a0 Secondo una prima ricostruzione effettuata dai colleghi che sono intervenuti: l&#8217;arma\u00a0 \u00a0aveva\u00a0 un solo colpo in canna e la sicurezza non inserita. Sar\u00e0 comunque l&#8217;infortunato a spiegare l&#8217;accaduto una volta superata la situazione clinica<\/p>\n<p>&nbsp;<\/p>\n<p>&nbsp;<\/p>\n<hr \/>\n<p>&nbsp;<\/p>\n<blockquote>\n<h2>ROCCA PIETORE: DUE SPARI NELLA NOTTE, DUE NUOVI BUCHI NEL CARTELLO STRADALE<\/h2>\n<\/blockquote>\n<p><strong>ROCCA PIETORE<\/strong> Potrebbe essere gi\u00e0 stato risolto il &#8220;giallo&#8221; degli spari nella notte a Rocca Pietore &#8211; come abbiamo riferito nella rassegna stampa delle otto, vedi articolo precedente &#8211; infatti ecco la segnalazione dell&#8217;ultim&#8217;ora con tanto di testimonianza fotografica: il cartello stradale, bene comune, al bivio Pezz\u00e8-Sorar\u00f9 presenta due fori di proiettile che ieri mattina non c&#8217;erano. Nessun animale morto&#8230;nessun bracconiere, ma come ipotizzato una bravata che potrebbe costare cara, intanto i costi del cartello ricadono sulla comunit\u00e0<\/p>\n\n\t\t\t<style type='text\/css'>\n\t\t\t\t#gallery-3 {\n\t\t\t\t\tmargin: auto;\n\t\t\t\t}\n\t\t\t\t#gallery-3 .gallery-item {\n\t\t\t\t\tfloat: left;\n\t\t\t\t\tmargin-top: 10px;\n\t\t\t\t\ttext-align: center;\n\t\t\t\t\twidth: 50%;\n\t\t\t\t}\n\t\t\t\t#gallery-3 img {\n\t\t\t\t\tborder: 2px solid #cfcfcf;\n\t\t\t\t}\n\t\t\t\t#gallery-3 .gallery-caption {\n\t\t\t\t\tmargin-left: 0;\n\t\t\t\t}\n\t\t\t\t\/* see gallery_shortcode() in wp-includes\/media.php *\/\n\t\t\t<\/style>\n\t\t<div id='gallery-3' class='dt-gallery-container gallery galleryid-239684 gallery-columns-2 gallery-size-medium'><dl class='gallery-item'>\n\t\t\t\t<dt class='gallery-icon landscape'>\n\t\t\t\t\t<a class=\"rollover rollover-zoom dt-pswp-item\" title=\"002aaad0-c736-4915-856c-e6d4b454e9ee\" data-dt-img-description=\"\" data-large_image_width=\"1600\" data-large_image_height=\"1200\"href='https:\/\/www.radiopiu.net\/wordpress\/wp-content\/uploads\/2021\/10\/002aaad0-c736-4915-856c-e6d4b454e9ee.jpg'><img loading=\"lazy\" decoding=\"async\" width=\"300\" height=\"225\" src=\"https:\/\/www.radiopiu.net\/wordpress\/wp-content\/uploads\/2021\/10\/002aaad0-c736-4915-856c-e6d4b454e9ee-300x225.jpg\" class=\"attachment-medium size-medium\" alt=\"\" srcset=\"https:\/\/www.radiopiu.net\/wordpress\/wp-content\/uploads\/2021\/10\/002aaad0-c736-4915-856c-e6d4b454e9ee-300x225.jpg 300w, https:\/\/www.radiopiu.net\/wordpress\/wp-content\/uploads\/2021\/10\/002aaad0-c736-4915-856c-e6d4b454e9ee-1024x768.jpg 1024w, https:\/\/www.radiopiu.net\/wordpress\/wp-content\/uploads\/2021\/10\/002aaad0-c736-4915-856c-e6d4b454e9ee-768x576.jpg 768w, https:\/\/www.radiopiu.net\/wordpress\/wp-content\/uploads\/2021\/10\/002aaad0-c736-4915-856c-e6d4b454e9ee-1536x1152.jpg 1536w, https:\/\/www.radiopiu.net\/wordpress\/wp-content\/uploads\/2021\/10\/002aaad0-c736-4915-856c-e6d4b454e9ee.jpg 1600w\" sizes=\"auto, (max-width: 300px) 100vw, 300px\" \/><\/a>\n\t\t\t\t<\/dt><\/dl><dl class='gallery-item'>\n\t\t\t\t<dt class='gallery-icon portrait'>\n\t\t\t\t\t<a class=\"rollover rollover-zoom dt-pswp-item\" title=\"9dc0fda4-762c-4ae6-91c0-97b208fd8e4e\" data-dt-img-description=\"\" data-large_image_width=\"1200\" data-large_image_height=\"1600\"href='https:\/\/www.radiopiu.net\/wordpress\/wp-content\/uploads\/2021\/10\/9dc0fda4-762c-4ae6-91c0-97b208fd8e4e.jpg'><img loading=\"lazy\" decoding=\"async\" width=\"225\" height=\"300\" src=\"https:\/\/www.radiopiu.net\/wordpress\/wp-content\/uploads\/2021\/10\/9dc0fda4-762c-4ae6-91c0-97b208fd8e4e-225x300.jpg\" class=\"attachment-medium size-medium\" alt=\"\" srcset=\"https:\/\/www.radiopiu.net\/wordpress\/wp-content\/uploads\/2021\/10\/9dc0fda4-762c-4ae6-91c0-97b208fd8e4e-225x300.jpg 225w, https:\/\/www.radiopiu.net\/wordpress\/wp-content\/uploads\/2021\/10\/9dc0fda4-762c-4ae6-91c0-97b208fd8e4e-768x1024.jpg 768w, https:\/\/www.radiopiu.net\/wordpress\/wp-content\/uploads\/2021\/10\/9dc0fda4-762c-4ae6-91c0-97b208fd8e4e-1152x1536.jpg 1152w, https:\/\/www.radiopiu.net\/wordpress\/wp-content\/uploads\/2021\/10\/9dc0fda4-762c-4ae6-91c0-97b208fd8e4e.jpg 1200w\" sizes=\"auto, (max-width: 225px) 100vw, 225px\" \/><\/a>\n\t\t\t\t<\/dt><\/dl><br style=\"clear: both\" \/>\n\t\t\t<\/div>\n\n<p>&nbsp;<\/p>\n<hr \/>\n<p><span style=\"color: #ff0000;\"><strong>NOTIZIA PRECEDENTE, EDIZIONE DELLE 6.00<\/strong><\/span><\/p>\n<blockquote>\n<h3><strong>SPARI NELLA NOTTE A ROCCA PIETORE, CRESCE LA PREOCCUPAZIONE<\/strong><\/h3>\n<\/blockquote>\n<p>&nbsp;<\/p>\n<p><strong><img loading=\"lazy\" decoding=\"async\" class=\"alignleft\" src=\"https:\/\/www.radiopiu.net\/wordpress\/wp-content\/uploads\/2021\/10\/download-1.png\" width=\"228\" height=\"142\" \/>ROCCA PIETORE<\/strong> Non una ma alcune persone hanno denunciato alla nostra redazione i botti del venerdi e giovedi sera. Molto probabilmente di arma da fuoco. I \u201ccolpi&#8221; sospetti ieri sera\u00a0 alle 20.18 il primo, alle 20.20 il secondo <em>&#8220;Come fossero degli spari&#8221;<\/em> sottolinea la nostra ascoltatrice che aggiunge <em>&#8220;Non li ho sentiti solo io, anche una mia amica, sobbalzata mentre passeggiava&#8221;<\/em> Giovedi alle\u00a0 20.40 stessa storia.\u00a0<em> &#8220;Inquietanti &#8211; di dice &#8211; perch\u00e9 sembravano davvero molto vicini&#8221;<\/em>. Gente senza scrupoli, bracconieri? Se cos\u00ec fosse ci si aspetta una presa di posizione dei cacciatori, quelli che le regole le osservano. Se invece si tratta di balorde ragazzate che si ripeteranno\u00a0 in futuro siamo certi ci penseranno le Forze dell&#8217;Ordine.<\/p>\n<p>&nbsp;<\/p>\n<p>&nbsp;<\/p>\n<hr \/>\n<p>&nbsp;<\/p>\n<blockquote>\n<h2>IL BENVENUTO A BELLUNO AL NUOVO QUESTORE<\/h2>\n<\/blockquote>\n<div dir=\"auto\" style=\"text-align: left;\">\n<div dir=\"auto\" style=\"text-align: left;\"><strong><a href=\"https:\/\/www.radiopiu.net\/wordpress\/il-benvenuto-a-belluno-al-nuovo-questore\/249581889_2690047164622648_735291068242086782_n\/\" rel=\"attachment wp-att-239770\"><img loading=\"lazy\" decoding=\"async\" class=\"size-medium wp-image-239770 alignleft\" src=\"https:\/\/www.radiopiu.net\/wordpress\/wp-content\/uploads\/2021\/10\/249581889_2690047164622648_735291068242086782_n-300x200.jpg\" alt=\"\" width=\"300\" height=\"200\" srcset=\"https:\/\/www.radiopiu.net\/wordpress\/wp-content\/uploads\/2021\/10\/249581889_2690047164622648_735291068242086782_n-300x200.jpg 300w, https:\/\/www.radiopiu.net\/wordpress\/wp-content\/uploads\/2021\/10\/249581889_2690047164622648_735291068242086782_n-1024x683.jpg 1024w, https:\/\/www.radiopiu.net\/wordpress\/wp-content\/uploads\/2021\/10\/249581889_2690047164622648_735291068242086782_n-768x512.jpg 768w, https:\/\/www.radiopiu.net\/wordpress\/wp-content\/uploads\/2021\/10\/249581889_2690047164622648_735291068242086782_n-1536x1024.jpg 1536w, https:\/\/www.radiopiu.net\/wordpress\/wp-content\/uploads\/2021\/10\/249581889_2690047164622648_735291068242086782_n.jpg 2048w\" sizes=\"auto, (max-width: 300px) 100vw, 300px\" \/><\/a>BELLUNO <\/strong>Si \u00e8 insediato il\u00a0 nuovo Questore,\u00a0 Dirigente Superiore della Polizia di Stato\u00a0 Dottor Giuseppe Maggese. Originario di Bologna, laureato in Giurisprudenza,\u00a0 Maggese \u00e8 alla sua prima nomina a questore, dopo aver ricoperto, pi\u00f9 recentemente, l\u2019incarico di Vicario di Verona, e dal luglio 2020 ad oggi Dirigente del Compartimento di Polizia Stradale del Friuli Venezia Giulia. Nella mattinata il Questore ha incontrato i funzionari, recandosi successivamente presso la Caserma \u201cRaniero\u201d di via Col di Lana, dove, alla presenza anche dei rappresentanti della locale sezione Anps, ha sostato davanti alla lapide commemorativa posta all\u2019ingresso degli uffici. Alle 13 in questura\u00a0 il primo incontro con gli organi di informazione\u00a0 <strong>Al Questore Giuseppe\u00a0 Maggese giungano da parte di tutti noi\u00a0 di Radio Pi\u00f9 gli auguri di buon lavoro.\u00a0\u00a0<\/strong><\/div>\n<div dir=\"auto\"><\/div>\n<div dir=\"auto\"><\/div>\n<div dir=\"auto\">\n<div dir=\"auto\"><strong>DI MORENO GIOLI\u00a0<\/strong><\/div>\n<div dir=\"auto\"><\/div>\n<div dir=\"auto\">\n<audio class=\"wp-audio-shortcode\" id=\"audio-239684-1\" preload=\"none\" style=\"width: 100%;\" controls=\"controls\"><source type=\"audio\/mpeg\" src=\"https:\/\/www.radiopiu.net\/wordpress\/wp-content\/uploads\/2021\/10\/MORENO-QUESTORE.mp3?_=1\" \/><a href=\"https:\/\/www.radiopiu.net\/wordpress\/wp-content\/uploads\/2021\/10\/MORENO-QUESTORE.mp3\">https:\/\/www.radiopiu.net\/wordpress\/wp-content\/uploads\/2021\/10\/MORENO-QUESTORE.mp3<\/a><\/audio>\n<p>&nbsp;<\/p>\n<\/div>\n<\/div>\n<div dir=\"auto\"><\/div>\n<div dir=\"auto\"><a href=\"https:\/\/www.radiopiu.net\/wordpress\/il-benvenuto-a-belluno-al-nuovo-questore\/63aa1bd9-e4a6-4560-9fde-081ed1176e8a\/\" rel=\"attachment wp-att-239789\"><img loading=\"lazy\" decoding=\"async\" class=\"alignnone size-medium wp-image-239789 alignleft\" src=\"https:\/\/www.radiopiu.net\/wordpress\/wp-content\/uploads\/2021\/10\/63aa1bd9-e4a6-4560-9fde-081ed1176e8a-225x300.jpg\" alt=\"\" width=\"225\" height=\"300\" srcset=\"https:\/\/www.radiopiu.net\/wordpress\/wp-content\/uploads\/2021\/10\/63aa1bd9-e4a6-4560-9fde-081ed1176e8a-225x300.jpg 225w, https:\/\/www.radiopiu.net\/wordpress\/wp-content\/uploads\/2021\/10\/63aa1bd9-e4a6-4560-9fde-081ed1176e8a-768x1024.jpg 768w, https:\/\/www.radiopiu.net\/wordpress\/wp-content\/uploads\/2021\/10\/63aa1bd9-e4a6-4560-9fde-081ed1176e8a-1152x1536.jpg 1152w, https:\/\/www.radiopiu.net\/wordpress\/wp-content\/uploads\/2021\/10\/63aa1bd9-e4a6-4560-9fde-081ed1176e8a.jpg 1200w\" sizes=\"auto, (max-width: 225px) 100vw, 225px\" \/><\/a><\/div>\n<div dir=\"auto\"><\/div>\n<div dir=\"auto\"><\/div>\n<div dir=\"auto\"><\/div>\n<div dir=\"auto\"><\/div>\n<div dir=\"auto\"><strong>LE DICHIARAZIONI DEL QUESTORE<\/strong><\/div>\n<div dir=\"auto\"><\/div>\n<div dir=\"auto\"><\/div>\n<div dir=\"auto\">con il contributo di Moreno Gioli<\/div>\n<div dir=\"auto\">\n<audio class=\"wp-audio-shortcode\" id=\"audio-239684-2\" preload=\"none\" style=\"width: 100%;\" controls=\"controls\"><source type=\"audio\/mpeg\" src=\"https:\/\/www.radiopiu.net\/wordpress\/wp-content\/uploads\/2021\/10\/QUESTORE.mp3?_=2\" \/><a href=\"https:\/\/www.radiopiu.net\/wordpress\/wp-content\/uploads\/2021\/10\/QUESTORE.mp3\">https:\/\/www.radiopiu.net\/wordpress\/wp-content\/uploads\/2021\/10\/QUESTORE.mp3<\/a><\/audio>\n<\/div>\n<div dir=\"auto\"><\/div>\n<div dir=\"auto\">\n<p><span style=\"color: #0000ff;\">foto Questura di Belluno, pagina facebook<\/span><\/p>\n<\/div>\n<\/div>\n<p>&nbsp;<\/p>\n<p>&nbsp;<\/p>\n<p>&nbsp;<\/p>\n<hr \/>\n<p>&nbsp;<\/p>\n<p>&nbsp;<\/p>\n<blockquote>\n<h3><a class=\"dt-pswp-item\" href=\"https:\/\/www.radiopiu.net\/wordpress\/wp-content\/uploads\/2021\/10\/download-2.jpg\" data-dt-img-description=\"\" data-large_image_width=\"293\" data-large_image_height=\"172\"><img loading=\"lazy\" decoding=\"async\" class=\"size-thumbnail wp-image-239953 alignleft\" src=\"https:\/\/www.radiopiu.net\/wordpress\/wp-content\/uploads\/2021\/10\/download-2-150x150.jpg\" alt=\"\" width=\"150\" height=\"150\" \/><\/a>IL NUOVO PARROCO DON ROBERTO DE NARDIN, AL PRIMO INCARICO IN VAL DI ZOLDO. L&#8217;OMAGGIO LAVALLESE E AGORDINO<\/h3>\n<p>&nbsp;<\/p>\n<p>&nbsp;<\/p><\/blockquote>\n<p>&nbsp;<\/p>\n<div class=\"ecm0bbzt e5nlhep0 a8c37x1j\">\n<div class=\"kvgmc6g5 cxmmr5t8 oygrvhab hcukyx3x c1et5uql\">\n<div class=\"gmail-kvgmc6g5 gmail-cxmmr5t8 gmail-oygrvhab gmail-hcukyx3x gmail-c1et5uql gmail-ii04i59q\">\n<div>\n<div class=\"b654a4as d2edcug0\">\n<div class=\"rq0escxv hkbzh7o3 jwdofwj8 n8tt0mok r8blr3vg hyh9befq\">\n<p><a class=\"dt-pswp-item\" href=\"https:\/\/www.radiopiu.net\/wordpress\/wp-content\/uploads\/2020\/10\/pp.jpg\" data-dt-img-description=\"\" data-large_image_width=\"640\" data-large_image_height=\"640\"><img loading=\"lazy\" decoding=\"async\" class=\"wp-image-163678 alignleft\" src=\"https:\/\/www.radiopiu.net\/wordpress\/wp-content\/uploads\/2020\/10\/pp-300x300.jpg\" alt=\"\" width=\"106\" height=\"106\" srcset=\"https:\/\/www.radiopiu.net\/wordpress\/wp-content\/uploads\/2020\/10\/pp-300x300.jpg 300w, https:\/\/www.radiopiu.net\/wordpress\/wp-content\/uploads\/2020\/10\/pp-150x150.jpg 150w, https:\/\/www.radiopiu.net\/wordpress\/wp-content\/uploads\/2020\/10\/pp-125x125.jpg 125w, https:\/\/www.radiopiu.net\/wordpress\/wp-content\/uploads\/2020\/10\/pp-200x200.jpg 200w, https:\/\/www.radiopiu.net\/wordpress\/wp-content\/uploads\/2020\/10\/pp-80x80.jpg 80w, https:\/\/www.radiopiu.net\/wordpress\/wp-content\/uploads\/2020\/10\/pp-480x480.jpg 480w, https:\/\/www.radiopiu.net\/wordpress\/wp-content\/uploads\/2020\/10\/pp.jpg 640w\" sizes=\"auto, (max-width: 106px) 100vw, 106px\" \/><\/a><\/p>\n<\/div>\n<\/div>\n<\/div>\n<div>\n<div class=\"page-title-head hgroup\">\n<div class=\"page-title-head hgroup\">\n<div class=\"b654a4as d2edcug0\">\n<div class=\"j83agx80 btwxx1t3 lhclo0ds hop8lmos nkwizq5d scwd0bx6 roh60bw9\">\n<div class=\"rq0escxv hkbzh7o3 jwdofwj8 n8tt0mok r8blr3vg hyh9befq\">\n<div class=\"do00u71z l9j0dhe7 k4urcfbm\">\n<h2><span style=\"color: #000080;\">DON CESARE, IL PENSIERO DEL GIORNO. ALLA RADIO ALLE 7 DEL MATTINO E ALLE 19.30 DELLA SERA.\u00a0\u00a0<\/span><\/h2>\n<p>&nbsp;<\/p>\n<p>&nbsp;<\/p>\n<audio class=\"wp-audio-shortcode\" id=\"audio-239684-3\" preload=\"none\" style=\"width: 100%;\" controls=\"controls\"><source type=\"audio\/mpeg\" src=\"https:\/\/www.radiopiu.net\/wordpress\/wp-content\/uploads\/2021\/10\/cesare-13.mp3?_=3\" \/><a href=\"https:\/\/www.radiopiu.net\/wordpress\/wp-content\/uploads\/2021\/10\/cesare-13.mp3\">https:\/\/www.radiopiu.net\/wordpress\/wp-content\/uploads\/2021\/10\/cesare-13.mp3<\/a><\/audio>\n<p>&nbsp;<\/p>\n<p>&nbsp;<\/p>\n<\/div>\n<\/div>\n<\/div>\n<\/div>\n<\/div>\n<\/div>\n<\/div>\n<\/div>\n<\/div>\n<\/div>\n<p>&nbsp;<\/p>\n<p>&nbsp;<\/p>\n<hr \/>\n<blockquote>\n<h3>SE NON VI PIACE IL PACCO&#8230; NON APRITE QUEL MESSAGGIO<\/h3>\n<\/blockquote>\n<p>&nbsp;<\/p>\n<blockquote>\n<h3 style=\"text-align: left;\">TRUFFA SMS &#8220;IL TUO PACCO STA ARRIVANDO&#8221;<\/h3>\n<\/blockquote>\n<p><a href=\"https:\/\/www.radiopiu.net\/wordpress\/se-non-vi-piace-il-pacco-non-aprite-quel-messaggio\/foto_pacchi\/\" rel=\"attachment wp-att-239893\"><img loading=\"lazy\" decoding=\"async\" class=\"size-medium wp-image-239893 alignleft\" src=\"https:\/\/www.radiopiu.net\/wordpress\/wp-content\/uploads\/2021\/10\/Foto_Pacchi-300x177.png\" alt=\"\" width=\"300\" height=\"177\" srcset=\"https:\/\/www.radiopiu.net\/wordpress\/wp-content\/uploads\/2021\/10\/Foto_Pacchi-300x177.png 300w, https:\/\/www.radiopiu.net\/wordpress\/wp-content\/uploads\/2021\/10\/Foto_Pacchi.png 597w\" sizes=\"auto, (max-width: 300px) 100vw, 300px\" \/><\/a>Un&#8217; altra truffa, l&#8217;ennesima. A lanciare l&#8217;allarme la Polizia postale, che in rete spiega la frontiera dell&#8217;ultima presa in giro che puo&#8217; risultare molto dannosa: un \u00a0messaggio\u00a0 che contiene un link che \u00e8 la chiave d\u2019accesso ai dati sensibili presenti nello smartphone: 1. il testo \u00e8 pi\u00f9 o meno sempre lo stesso e si riferisce a un pacco in arrivo o in giacenza; 2. pu\u00f2 capitare che il testo inviti l\u2019utente a tracciarne la spedizione; 3. altre volte il testo invita \u201cad agire entro 48 ore\u201d altrimenti il pacco in questione verr\u00e0 restituito al mittente; 4. c\u2019\u00e8 uno strano link a corredo, con parole strane e numeri casuali a comporlo; 5. il collegamento non ha la certificazione SSL (non inizia con \u201chttps\u201d, ma con \u201chttp\u201d).<\/p>\n<p>Unico modo per proteggersi \u00e8 quello di non cliccare assolutamente sul collegamento ipertestuale contenuto nell\u2019sms \u201cIl tuo pacco sta arrivando\u201d. Il link infatti riporta ad una pagina che invita ad effettuare un pagamento per sbloccare il pacco in arrivo: \u00e8 cos\u00ec che poi gli hacker accedono alle informazioni personali degli utenti. Per voler essere ancora pi\u00f9 tranquilli, si pu\u00f2 bloccare il mittente: il messaggio sembrerebbe arrivare da una numerazione italiana che pu\u00f2 variare; non \u00e8 detto per\u00f2 che respinto e bloccato il mittente, non possa arrivarne un altro da un numero di telefono differente.<\/p>\n<p>Pu\u00f2 accadere per\u00f2 che l\u2019aver cliccato nel link in parola porti all\u2019instaurazione delle c.d. \u201ccatene di Sant\u2019Antonio\u201d per mezzo delle quali l\u2019utente infettato, a sua volta ed in maniera automatica, invia quello stesso SMS ad altre numerazioni presenti in rubrica (e non). Si consiglia, se \u00e8 stato effettuato il click sul link ricevuto nell\u2019SMS di:\u00a0 formattare il device (ripristino impostazioni di fabbrica);\u00a0 informare i propri contatti in rubrica di cestinare eventuali messaggi provenienti da quell\u2019utenza telefonica;\u00a0 modificare tutte le password utilizzate nello smartphone (social network, mail, applicazioni varie ma soprattutto quelle di home banking).<\/p>\n<p style=\"text-align: left;\"><img decoding=\"async\" class=\"float-left mr-3 pb-4 alignleft\" src=\"https:\/\/www.commissariatodips.it\/fonts\/Logo_polizia_postale.svg\" alt=\"Polizia Postale\" \/>fonte<\/p>\n<p><strong>Polizia Postale e delle Comunicazioni<\/strong><br \/>\n<em>Polo Anticrimine della Polizia di Stato<\/em><br \/>\nVia Tuscolana 1558 00173 Roma<\/p>\n<p>&nbsp;<\/p>\n<p>&nbsp;<\/p>\n<hr \/>\n<p>&nbsp;<\/p>\n<p>&nbsp;<\/p>\n<blockquote>\n<h2>A VOI&#8230; MISERABILI<\/h2>\n<\/blockquote>\n<p><strong><img loading=\"lazy\" decoding=\"async\" class=\"alignleft\" src=\"https:\/\/www.radiopiu.net\/wordpress\/wp-content\/uploads\/2021\/10\/2283144_pckg_100148806952695702-20170226.jpg\" width=\"297\" height=\"162\" \/>SOSPIROLO<\/strong> <em>&#8220;Dopo l&#8217;ennesimo furto dei fiori sulla tomba di mia nonna. Mia sorella ha voluto scrivere ancora una lettera indirizzata a quei miserabili&#8221;.<\/em> Questo abbiamo letto sulla pagina facebook Sei di Sospirolo Se&#8230; Con grande malessere lo riportiamo perch\u00e8 sia da monito a tutti coloro che nei prossimi giorni, di grande dolore per chi piange i suo cari, varcher\u00e0 la porta del campo santo per &#8220;rubare&#8221;. Che questa lettera che trovo molto ficcante sia da monito.<\/p>\n<p><a href=\"https:\/\/www.radiopiu.net\/wordpress\/a-voi-miserabili\/249643262_5195978740431990_3093180392570203780_n\/\" rel=\"attachment wp-att-239865\"><img loading=\"lazy\" decoding=\"async\" class=\"wp-image-239865 aligncenter\" src=\"https:\/\/www.radiopiu.net\/wordpress\/wp-content\/uploads\/2021\/10\/249643262_5195978740431990_3093180392570203780_n.jpg\" alt=\"\" width=\"335\" height=\"446\" srcset=\"https:\/\/www.radiopiu.net\/wordpress\/wp-content\/uploads\/2021\/10\/249643262_5195978740431990_3093180392570203780_n.jpg 526w, https:\/\/www.radiopiu.net\/wordpress\/wp-content\/uploads\/2021\/10\/249643262_5195978740431990_3093180392570203780_n-225x300.jpg 225w\" sizes=\"auto, (max-width: 335px) 100vw, 335px\" \/><\/a><\/p>\n<p>&nbsp;<\/p>\n<p>&nbsp;<\/p>\n<hr \/>\n<p>&nbsp;<\/p>\n<blockquote>\n<h3>OLIMPIADI INVERNALI 2026. LA\u00a0 PISTA DA BOB A CORTINA COSTERA&#8217; 61 MILIONI DI EURO,<\/h3>\n<\/blockquote>\n<blockquote>\n<h3><em>SCARTATA L&#8217;IPOTESI INNSBRUK DA 21 MILIONI DI EURO<\/em><\/h3>\n<\/blockquote>\n<p><strong><a href=\"https:\/\/www.radiopiu.net\/wordpress\/zaia-e-la-pista-da-bob-a-cortina-lintervento-in-conferenza-stampa\/cortina_guide_bob-3\/\" rel=\"attachment wp-att-204667\"><img loading=\"lazy\" decoding=\"async\" class=\"size-medium wp-image-204667 alignleft\" src=\"https:\/\/www.radiopiu.net\/wordpress\/wp-content\/uploads\/2021\/04\/cortina_guide_bob-1-300x150.jpg\" alt=\"\" width=\"300\" height=\"150\" srcset=\"https:\/\/www.radiopiu.net\/wordpress\/wp-content\/uploads\/2021\/04\/cortina_guide_bob-1-300x150.jpg 300w, https:\/\/www.radiopiu.net\/wordpress\/wp-content\/uploads\/2021\/04\/cortina_guide_bob-1.jpg 600w\" sizes=\"auto, (max-width: 300px) 100vw, 300px\" \/><\/a>VENEZIA<\/strong> La Giunta della Regione del Veneto ha visionato le risultanze dello studio di fattibilit\u00e0 condotto per scegliere come e dove svolgere le gare di bob, parabob, slittino e skeleton dei Giochi Olimpici 2026 ed\u00a0 ha preso atto che la soluzione migliore sotto vari profili \u00e8 quella di svolgere tali gare a Cortina d\u2019Ampezzo e riqualificare la pista attuale \u201cEugenio Monti\u201d. Le tre soluzioni prese in considerazione sono state: \u00a01-Spostare le gare di bob, parabob, slittino e skeleton ad Innsbruk; \u00a02-Riqualificare la pista esistente a Cortina d\u2019Ampezzo; 3-Riqualificare la pista esistente a Cortina d\u2019Ampezzo e realizzare un parco ludico sportivo per migliorare la sostenibilit\u00e0 finanziaria nella gestione. Gli approfondimenti hanno nettamente fatto prevalere la convenienza sulla seconda ipotesi. <em>\u201cLa Regione dopo la candidatura alle Olimpiadi invernali 2026 \u2013 sottolinea il Presidente Luca Zaia &#8211;\u00a0 doveva sciogliere questo nodo fondamentale per poter organizzare conseguentemente i giochi. Ho ritenuto doveroso ricorrere ad una valutazione tecnica indipendente per analizzare le soluzioni nel dettaglio e scegliere consapevolmente. La nostra attenzione nella scelta \u00e8 stata e sar\u00e0 sempre all\u2019indotto sul territorio, sia in termini economici che ambientali\u201d. <\/em>Un\u2019ulteriore valutazione a favore \u00e8 che il rifacimento della pista avverr\u00e0 su area gi\u00e0 dedicata a funzione sportiva, senza aumento del consumo di suolo, e permetter\u00e0 di recuperare un\u2019area centrale in comune di Cortina, oggi dismessa e abbandonata, ripulendola dei vecchi impianti, che saranno correttamente smaltiti. La riqualificazione si stima coster\u00e0 61 milioni di euro, cifra che comprende anche la demolizione e smaltimento dell\u2019attuale e le opere di mitigazione. La somma sar\u00e0 finanziata da fondi della Regione, con un contributo del Comune e della Provincia, in attesa che vengano assegnate risorse statali dedicate rispetto ai contributi gi\u00e0 stanziati. La riqualificazione della pista \u201cEugenio Monti\u201d porterebbe ad avere a Cortina d\u2019Ampezzo l\u2019unica pista a norma in Italia per gare nazionali ed internazionali. La soluzione di portare le gare a Innsbruk non \u00e8 apparsa favorevole principalmente per il fatto che anche quella pista ha necessit\u00e0 di sistemazioni e lavori per la messa a norma, con un costo preventivato di circa 27 milioni di euro, con tempi risicatissimi, e senza alcun indotto per l&#8217;area montana.<\/p>\n<p>&nbsp;<\/p>\n<\/div>\n<blockquote>\n<h3>IL SI DELLA CAMERA ALLO STANZIAMENTO DI 24,5 MILIONI DI EURO<\/h3>\n<p><em>Il fondo assicurato dal Ministero andr\u00e0 ad aggiungersi ai soldi che verranno investiti dalla Regione e compenser\u00e0 il no del Cio ai finanziamenti per la pista.<\/em><\/p><\/blockquote>\n<p><strong><a href=\"https:\/\/www.radiopiu.net\/wordpress\/olimpiadi-invernali-2026-la-pista-da-bob-a-cortina-costera-61-milioni-di-euro\/932f64ad7c3c87ac26f89ebe250463d7\/\" rel=\"attachment wp-att-239806\"><img loading=\"lazy\" decoding=\"async\" class=\"wp-image-239806 alignleft\" src=\"https:\/\/www.radiopiu.net\/wordpress\/wp-content\/uploads\/2021\/10\/932f64ad7c3c87ac26f89ebe250463d7-300x300.jpg\" alt=\"\" width=\"147\" height=\"147\" srcset=\"https:\/\/www.radiopiu.net\/wordpress\/wp-content\/uploads\/2021\/10\/932f64ad7c3c87ac26f89ebe250463d7-300x300.jpg 300w, https:\/\/www.radiopiu.net\/wordpress\/wp-content\/uploads\/2021\/10\/932f64ad7c3c87ac26f89ebe250463d7-1024x1024.jpg 1024w, https:\/\/www.radiopiu.net\/wordpress\/wp-content\/uploads\/2021\/10\/932f64ad7c3c87ac26f89ebe250463d7-150x150.jpg 150w, https:\/\/www.radiopiu.net\/wordpress\/wp-content\/uploads\/2021\/10\/932f64ad7c3c87ac26f89ebe250463d7-768x768.jpg 768w, https:\/\/www.radiopiu.net\/wordpress\/wp-content\/uploads\/2021\/10\/932f64ad7c3c87ac26f89ebe250463d7.jpg 1400w\" sizes=\"auto, (max-width: 147px) 100vw, 147px\" \/><\/a>ROMA<\/strong> I soldi per gli interventi di adeguamento della pista olimpica di bob e slittino \u201cEugenio Monti\u201d di Cortina ci sono: grazie ad un emendamento promosso e portato avanti dal deputato bellunese della Lega Mirco Badole al Decreto legge 121. Dei 24,5 milioni di euro,\u00a0 500 mila arriveranno entro la fine dell\u2019anno, 12 milioni verranno erogati nel 2022 e altri 12 nel 2023. L\u2019altra novit\u00e0\u00a0 \u00e8 la nomina a commissario straordinario dell\u2019opera al fine di assicurare la tempestiva realizzazione degli interventi di adeguamento della pista entro la data fissata del 31 dicembre 2024, il commissario straordinario potr\u00e0 anche nominare un sub commissario.<\/p>\n<p><strong>AI MICROFONI DI RADIO PIU, MIRCO BADOLE\u00a0<\/strong><\/p>\n<audio class=\"wp-audio-shortcode\" id=\"audio-239684-4\" preload=\"none\" style=\"width: 100%;\" controls=\"controls\"><source type=\"audio\/mpeg\" src=\"https:\/\/www.radiopiu.net\/wordpress\/wp-content\/uploads\/2021\/10\/BADOLE.mp3?_=4\" \/><a href=\"https:\/\/www.radiopiu.net\/wordpress\/wp-content\/uploads\/2021\/10\/BADOLE.mp3\">https:\/\/www.radiopiu.net\/wordpress\/wp-content\/uploads\/2021\/10\/BADOLE.mp3<\/a><\/audio>\n<p>&nbsp;<\/p>\n<p>&nbsp;<\/p>\n<hr \/>\n<p>&nbsp;<\/p>\n<blockquote>\n<h3>NEL GIORNO DELL&#8217;ANNIVERSARIO DI VAIA&#8230; PASSEGGIATA TRA I CANTIERI<\/h3>\n<\/blockquote>\n<p><strong>ROCCA PIETORE<\/strong> Nelle foto e nel video i lavori in Comune di Rocca Pietore sul lago di Alleghe, alla foce con il torrente Cordevole.<br \/>\nFOTO<\/p>\n\n\t\t\t<style type='text\/css'>\n\t\t\t\t#gallery-4 {\n\t\t\t\t\tmargin: auto;\n\t\t\t\t}\n\t\t\t\t#gallery-4 .gallery-item {\n\t\t\t\t\tfloat: left;\n\t\t\t\t\tmargin-top: 10px;\n\t\t\t\t\ttext-align: center;\n\t\t\t\t\twidth: 20%;\n\t\t\t\t}\n\t\t\t\t#gallery-4 img {\n\t\t\t\t\tborder: 2px solid #cfcfcf;\n\t\t\t\t}\n\t\t\t\t#gallery-4 .gallery-caption {\n\t\t\t\t\tmargin-left: 0;\n\t\t\t\t}\n\t\t\t\t\/* see gallery_shortcode() in wp-includes\/media.php *\/\n\t\t\t<\/style>\n\t\t<div id='gallery-4' class='dt-gallery-container gallery galleryid-239684 gallery-columns-5 gallery-size-thumbnail'><dl class='gallery-item'>\n\t\t\t\t<dt class='gallery-icon landscape'>\n\t\t\t\t\t<a class=\"rollover rollover-zoom dt-pswp-item\" title=\"9c1d01c9-47dc-4ac6-a397-616b536af3cb\" data-dt-img-description=\"\" data-large_image_width=\"2000\" data-large_image_height=\"1500\"href='https:\/\/www.radiopiu.net\/wordpress\/wp-content\/uploads\/2021\/10\/9c1d01c9-47dc-4ac6-a397-616b536af3cb.jpg'><img loading=\"lazy\" decoding=\"async\" width=\"150\" height=\"150\" src=\"https:\/\/www.radiopiu.net\/wordpress\/wp-content\/uploads\/2021\/10\/9c1d01c9-47dc-4ac6-a397-616b536af3cb-150x150.jpg\" class=\"attachment-thumbnail size-thumbnail\" alt=\"\" \/><\/a>\n\t\t\t\t<\/dt><\/dl><dl class='gallery-item'>\n\t\t\t\t<dt class='gallery-icon landscape'>\n\t\t\t\t\t<a class=\"rollover rollover-zoom dt-pswp-item\" title=\"0b10418b-f660-4632-9e35-7ee1a9135628\" data-dt-img-description=\"\" data-large_image_width=\"2000\" data-large_image_height=\"1500\"href='https:\/\/www.radiopiu.net\/wordpress\/wp-content\/uploads\/2021\/10\/0b10418b-f660-4632-9e35-7ee1a9135628.jpg'><img loading=\"lazy\" decoding=\"async\" width=\"150\" height=\"150\" src=\"https:\/\/www.radiopiu.net\/wordpress\/wp-content\/uploads\/2021\/10\/0b10418b-f660-4632-9e35-7ee1a9135628-150x150.jpg\" class=\"attachment-thumbnail size-thumbnail\" alt=\"\" \/><\/a>\n\t\t\t\t<\/dt><\/dl><dl class='gallery-item'>\n\t\t\t\t<dt class='gallery-icon landscape'>\n\t\t\t\t\t<a class=\"rollover rollover-zoom dt-pswp-item\" title=\"2d67a626-461c-4316-9601-42e4ebed6ba8\" data-dt-img-description=\"\" data-large_image_width=\"2000\" data-large_image_height=\"1500\"href='https:\/\/www.radiopiu.net\/wordpress\/wp-content\/uploads\/2021\/10\/2d67a626-461c-4316-9601-42e4ebed6ba8.jpg'><img loading=\"lazy\" decoding=\"async\" width=\"150\" height=\"150\" src=\"https:\/\/www.radiopiu.net\/wordpress\/wp-content\/uploads\/2021\/10\/2d67a626-461c-4316-9601-42e4ebed6ba8-150x150.jpg\" class=\"attachment-thumbnail size-thumbnail\" alt=\"\" \/><\/a>\n\t\t\t\t<\/dt><\/dl><dl class='gallery-item'>\n\t\t\t\t<dt class='gallery-icon landscape'>\n\t\t\t\t\t<a class=\"rollover rollover-zoom dt-pswp-item\" title=\"123cd60e-034a-4234-9bba-07eb7073efe2\" data-dt-img-description=\"\" data-large_image_width=\"2000\" data-large_image_height=\"1500\"href='https:\/\/www.radiopiu.net\/wordpress\/wp-content\/uploads\/2021\/10\/123cd60e-034a-4234-9bba-07eb7073efe2.jpg'><img loading=\"lazy\" decoding=\"async\" width=\"150\" height=\"150\" src=\"https:\/\/www.radiopiu.net\/wordpress\/wp-content\/uploads\/2021\/10\/123cd60e-034a-4234-9bba-07eb7073efe2-150x150.jpg\" class=\"attachment-thumbnail size-thumbnail\" alt=\"\" \/><\/a>\n\t\t\t\t<\/dt><\/dl><dl class='gallery-item'>\n\t\t\t\t<dt class='gallery-icon landscape'>\n\t\t\t\t\t<a class=\"rollover rollover-zoom dt-pswp-item\" title=\"debee2ce-49d7-4540-a684-ecae3100efe0\" data-dt-img-description=\"\" data-large_image_width=\"2000\" data-large_image_height=\"1500\"href='https:\/\/www.radiopiu.net\/wordpress\/wp-content\/uploads\/2021\/10\/debee2ce-49d7-4540-a684-ecae3100efe0.jpg'><img loading=\"lazy\" decoding=\"async\" width=\"150\" height=\"150\" src=\"https:\/\/www.radiopiu.net\/wordpress\/wp-content\/uploads\/2021\/10\/debee2ce-49d7-4540-a684-ecae3100efe0-150x150.jpg\" class=\"attachment-thumbnail size-thumbnail\" alt=\"\" \/><\/a>\n\t\t\t\t<\/dt><\/dl><br style=\"clear: both\" \/>\n\t\t\t<\/div>\n\n<p>VIDEO<\/p>\n<div style=\"width: 640px;\" class=\"wp-video\"><video class=\"wp-video-shortcode\" id=\"video-239684-1\" width=\"640\" height=\"352\" preload=\"metadata\" controls=\"controls\"><source type=\"video\/mp4\" src=\"https:\/\/www.radiopiu.net\/wordpress\/wp-content\/uploads\/2021\/10\/WhatsApp-Video-2021-10-29-at-14.41.52.mp4?_=1\" \/><a href=\"https:\/\/www.radiopiu.net\/wordpress\/wp-content\/uploads\/2021\/10\/WhatsApp-Video-2021-10-29-at-14.41.52.mp4\">https:\/\/www.radiopiu.net\/wordpress\/wp-content\/uploads\/2021\/10\/WhatsApp-Video-2021-10-29-at-14.41.52.mp4<\/a><\/video><\/div>\n<p>&nbsp;<\/p>\n<p>&nbsp;<\/p>\n<hr \/>\n<p>&nbsp;<\/p>\n<blockquote>\n<h3>CORRONO I RICAVI DI ESSILUX, TRIMESTRE DA 5,5 MILIARDI (+33%)<\/h3>\n<\/blockquote>\n<p><strong><a href=\"https:\/\/www.radiopiu.net\/wordpress\/essilor-luxottica-continua-la-via-legale-sul-caso-grandvision\/essilor-grandvision\/\" rel=\"attachment wp-att-159137\"><img loading=\"lazy\" decoding=\"async\" class=\"wp-image-159137 alignleft\" src=\"https:\/\/www.radiopiu.net\/wordpress\/wp-content\/uploads\/2020\/09\/ESSILOR-GRANDVISION-300x300.jpg\" alt=\"\" width=\"148\" height=\"148\" srcset=\"https:\/\/www.radiopiu.net\/wordpress\/wp-content\/uploads\/2020\/09\/ESSILOR-GRANDVISION-300x300.jpg 300w, https:\/\/www.radiopiu.net\/wordpress\/wp-content\/uploads\/2020\/09\/ESSILOR-GRANDVISION.jpg 1024w, https:\/\/www.radiopiu.net\/wordpress\/wp-content\/uploads\/2020\/09\/ESSILOR-GRANDVISION-150x150.jpg 150w, https:\/\/www.radiopiu.net\/wordpress\/wp-content\/uploads\/2020\/09\/ESSILOR-GRANDVISION-768x768.jpg 768w, https:\/\/www.radiopiu.net\/wordpress\/wp-content\/uploads\/2020\/09\/ESSILOR-GRANDVISION-125x125.jpg 125w, https:\/\/www.radiopiu.net\/wordpress\/wp-content\/uploads\/2020\/09\/ESSILOR-GRANDVISION-200x200.jpg 200w, https:\/\/www.radiopiu.net\/wordpress\/wp-content\/uploads\/2020\/09\/ESSILOR-GRANDVISION-80x80.jpg 80w, https:\/\/www.radiopiu.net\/wordpress\/wp-content\/uploads\/2020\/09\/ESSILOR-GRANDVISION-480x480.jpg 480w\" sizes=\"auto, (max-width: 148px) 100vw, 148px\" \/><\/a>FRANCIA_MILANO\u00a0<\/strong> \u00a0Essilorluxottica chiude il terzo trimestre 2021 con un fatturato attorno a 5,5 miliardi di euro\u00a0 soprattutto in virt\u00f9\u00a0 dei numeri di GrandVision, in aumento del 33% rispetto al 2019 a cambi costanti. E rivede al rialzo tutte le stime. Tenendo conto del solo perimetro di EssilorLuxottica i ricavi sono stati pari a 4,46 miliardi nel terzo trimestre dell&#8217;anno, in crescita del 9% a cambi costanti rispetto allo stesso periodo del 2019. Il gruppo dell&#8217;occhialeria franco-bellunese mette in archivio i primi nove mesi dell&#8217;anno con ricavi a 14,2 miliardi, in crescita del 6,8% a cambi costanti rispetto al 2019 (+1,1% a cambi correnti).<\/p>\n<p>&nbsp;<\/p>\n<p>&nbsp;<\/p>\n<hr \/>\n<blockquote>\n<h3><\/h3>\n<h3>STUDIANDO IL CERVELLO DAI BANCHI DEL FOLLADOR<\/h3>\n<p><em>L&#8217;attenzione e l&#8217;interesse degli studenti \u00e8 stato notevole, testimoniato dalle tante domande proposte ai relatori.<\/em><\/p><\/blockquote>\n<div dir=\"auto\">\n<p><strong><a href=\"https:\/\/www.radiopiu.net\/wordpress\/giornale-radiopiu-30-ottobre-2021-direttore-mirko-mezzacasa\/162214367_188541503073304_6868198788808431599_n\/\" rel=\"attachment wp-att-239899\"><img loading=\"lazy\" decoding=\"async\" class=\"size-medium wp-image-239899 alignleft\" src=\"https:\/\/www.radiopiu.net\/wordpress\/wp-content\/uploads\/2021\/10\/162214367_188541503073304_6868198788808431599_n-300x140.jpg\" alt=\"\" width=\"300\" height=\"140\" srcset=\"https:\/\/www.radiopiu.net\/wordpress\/wp-content\/uploads\/2021\/10\/162214367_188541503073304_6868198788808431599_n-300x140.jpg 300w, https:\/\/www.radiopiu.net\/wordpress\/wp-content\/uploads\/2021\/10\/162214367_188541503073304_6868198788808431599_n-768x358.jpg 768w, https:\/\/www.radiopiu.net\/wordpress\/wp-content\/uploads\/2021\/10\/162214367_188541503073304_6868198788808431599_n.jpg 960w\" sizes=\"auto, (max-width: 300px) 100vw, 300px\" \/><\/a>AGORDO<\/strong>\u00a0 Ieri all&#8217;Istituto Umberto Follador di Agordo gli alunni delle classi dell&#8217;indirizzo chimico e del Liceo sportivo sono stati a scuola di Fisiologia del cervello, neurotrasmettitori e nanotecnologie con il professor Claudio Boninsegna, neurologo dell&#8217;universit\u00e0 di Trento e con il professor Fabrizio Estini\u00a0 chimico del Follador e nanotecgnologo, esperto in biosensori nanostrutturati ad altissima efficienza per la diagnostica medica di laboratorio. La conferenza \u00e8 stata presentata dal dirigente scolastico\u00a0 dell&#8217;Istituto Prof. Claudio Magalini che ha evidenziato l&#8217;alto profilo dei relatori e la forte volont\u00e0 del dipartimento di chimica del Follador di fornire agli studenti una panoramica sulle nano-tecnologie e ricerca di frontiera nelle neuroscienze. Il professor Boninsegna\u00a0 ha illustrato la struttura e il funzionamento del cervello dal punto di vista anatomico e funzionale.\u00a0 Il professor Estinti ha introdotto la tematica delle nanotecnologie e le applicazioni sulle neuroscienze focalizzando successivamente l&#8217;esposizione sulle nuove tecnologie per lo studio della biochimica del cervello, la simulazione delle reazioni biochimiche applicate ai neuroni virtuali e gli approcci di frontiera in via di sviluppo sull&#8217;applicazione della logica computazionale nelle reazioni chimiche in generale soffermandosi su\u00a0 alcuni esempi di reazioni che avvengono nel cervello. Di particolare interesse\u00a0 le nuove tecnologie per lo studio del funzionamento dei neuroni vivi.<\/p>\n<\/div>\n<div dir=\"auto\"><\/div>\n<div dir=\"auto\">\n<p><strong><strong>LE IMPRESSIONI DEL PROFESSOR ESTINI <\/strong><\/strong><em>&#8220;Ci sono scuole superiori \u00a0che sentono il bisogno di svecchiare i programmi,\u00a0 spinte anche dal post pandemia, che sentono e recepiscono la necessit\u00e0 di rinnovamento dei programmi curricolari da offrire agli studenti delle\u00a0 nuove generazioni\u00a0 perch\u00e9\u00a0 le richieste di mercato attuali e future\u00a0 dell&#8217;era digitale impongoon\u00a0 di stare al passo con i tempi&#8221;<\/em><\/p>\n<div dir=\"auto\"><\/div>\n<\/div>\n<div dir=\"auto\"><\/div>\n<div dir=\"auto\"><strong>\u00a0<\/strong><\/div>\n<div dir=\"auto\"><strong>LE IMPRESSIONI DEL PROFESSOR BONINSEGNA\u00a0<\/strong> <em>&#8220;Le neuroscienze rivolte allo studio e alla comprensione dei meccanismi di funzionamento anatomia funzionale del cervello raggruppano molte discipline non solo di carattere bio medico ma anche la chimica la fisica e l&#8217;informatica . I ragazzi che hanno frequentato il corso hanno dimostrato interesse per la materia che offre prospettive future molto interessanti e opportunit\u00e0 professionali nel campo biomedicale. La scuola che frequentano ha fornito loro oltre che solide basi scientifiche una particolare predisposizione alla multi disciplinarit\u00e0 di interessi culturali. Il professore Fabrizio Estini con cui mi onoro di collaborare da qualche anno \u00e8 l&#8217;espressione di grado pi\u00f9 alto nell&#8217;ambito di conoscenza multidisciplinare nel campo delle nanotecnologie applicate allo studio delle neuroscienze&#8221;<\/em><\/div>\n<div dir=\"auto\"><\/div>\n<div dir=\"auto\"><\/div>\n<div dir=\"auto\">\n\n\t\t\t<style type='text\/css'>\n\t\t\t\t#gallery-5 {\n\t\t\t\t\tmargin: auto;\n\t\t\t\t}\n\t\t\t\t#gallery-5 .gallery-item {\n\t\t\t\t\tfloat: left;\n\t\t\t\t\tmargin-top: 10px;\n\t\t\t\t\ttext-align: center;\n\t\t\t\t\twidth: 33%;\n\t\t\t\t}\n\t\t\t\t#gallery-5 img {\n\t\t\t\t\tborder: 2px solid #cfcfcf;\n\t\t\t\t}\n\t\t\t\t#gallery-5 .gallery-caption {\n\t\t\t\t\tmargin-left: 0;\n\t\t\t\t}\n\t\t\t\t\/* see gallery_shortcode() in wp-includes\/media.php *\/\n\t\t\t<\/style>\n\t\t<div id='gallery-5' class='dt-gallery-container gallery galleryid-239684 gallery-columns-3 gallery-size-medium'><dl class='gallery-item'>\n\t\t\t\t<dt class='gallery-icon landscape'>\n\t\t\t\t\t<a class=\"rollover rollover-zoom dt-pswp-item\" title=\"250023704_333328528594600_4517531759213646604_n\" data-dt-img-description=\"\" data-large_image_width=\"600\" data-large_image_height=\"450\"href='https:\/\/www.radiopiu.net\/wordpress\/wp-content\/uploads\/2021\/10\/250023704_333328528594600_4517531759213646604_n-1.jpg'><img loading=\"lazy\" decoding=\"async\" width=\"300\" height=\"225\" src=\"https:\/\/www.radiopiu.net\/wordpress\/wp-content\/uploads\/2021\/10\/250023704_333328528594600_4517531759213646604_n-1-300x225.jpg\" class=\"attachment-medium size-medium\" alt=\"\" srcset=\"https:\/\/www.radiopiu.net\/wordpress\/wp-content\/uploads\/2021\/10\/250023704_333328528594600_4517531759213646604_n-1-300x225.jpg 300w, https:\/\/www.radiopiu.net\/wordpress\/wp-content\/uploads\/2021\/10\/250023704_333328528594600_4517531759213646604_n-1.jpg 600w\" sizes=\"auto, (max-width: 300px) 100vw, 300px\" \/><\/a>\n\t\t\t\t<\/dt><\/dl><dl class='gallery-item'>\n\t\t\t\t<dt class='gallery-icon landscape'>\n\t\t\t\t\t<a class=\"rollover rollover-zoom dt-pswp-item\" title=\"250701207_333328481927938_4174863137315306079_n\" data-dt-img-description=\"\" data-large_image_width=\"600\" data-large_image_height=\"450\"href='https:\/\/www.radiopiu.net\/wordpress\/wp-content\/uploads\/2021\/10\/250701207_333328481927938_4174863137315306079_n-1.jpg'><img loading=\"lazy\" decoding=\"async\" width=\"300\" height=\"225\" src=\"https:\/\/www.radiopiu.net\/wordpress\/wp-content\/uploads\/2021\/10\/250701207_333328481927938_4174863137315306079_n-1-300x225.jpg\" class=\"attachment-medium size-medium\" alt=\"\" srcset=\"https:\/\/www.radiopiu.net\/wordpress\/wp-content\/uploads\/2021\/10\/250701207_333328481927938_4174863137315306079_n-1-300x225.jpg 300w, https:\/\/www.radiopiu.net\/wordpress\/wp-content\/uploads\/2021\/10\/250701207_333328481927938_4174863137315306079_n-1.jpg 600w\" sizes=\"auto, (max-width: 300px) 100vw, 300px\" \/><\/a>\n\t\t\t\t<\/dt><\/dl><dl class='gallery-item'>\n\t\t\t\t<dt class='gallery-icon landscape'>\n\t\t\t\t\t<a class=\"rollover rollover-zoom dt-pswp-item\" title=\"249296478_333328451927941_234429677951912184_n\" data-dt-img-description=\"\" data-large_image_width=\"600\" data-large_image_height=\"450\"href='https:\/\/www.radiopiu.net\/wordpress\/wp-content\/uploads\/2021\/10\/249296478_333328451927941_234429677951912184_n-1.jpg'><img loading=\"lazy\" decoding=\"async\" width=\"300\" height=\"225\" src=\"https:\/\/www.radiopiu.net\/wordpress\/wp-content\/uploads\/2021\/10\/249296478_333328451927941_234429677951912184_n-1-300x225.jpg\" class=\"attachment-medium size-medium\" alt=\"\" srcset=\"https:\/\/www.radiopiu.net\/wordpress\/wp-content\/uploads\/2021\/10\/249296478_333328451927941_234429677951912184_n-1-300x225.jpg 300w, https:\/\/www.radiopiu.net\/wordpress\/wp-content\/uploads\/2021\/10\/249296478_333328451927941_234429677951912184_n-1.jpg 600w\" sizes=\"auto, (max-width: 300px) 100vw, 300px\" \/><\/a>\n\t\t\t\t<\/dt><\/dl><br style=\"clear: both\" \/>\n\t\t\t<\/div>\n\n<\/div>\n<div dir=\"auto\"><strong>FOTO PAGINA FACEBOOK ISTITUTO FOLLADOR_DE ROSSI<\/strong><\/div>\n<p>&nbsp;<\/p>\n<div class=\"bubble-content\">\n<hr \/>\n<p>&nbsp;<\/p>\n<p>&nbsp;<\/p>\n<blockquote>\n<h3>HYDRO-COMUNE DI FELTRE, C&#8217;E&#8217; L&#8217;ACCORDO SULLE EMISSIONI DELLO STABILIMENTO FELTRINO<\/h3>\n<h3>Via al monitoraggio continuo come da richieste dei cittadini<\/h3>\n<\/blockquote>\n<p><strong>FELTRE<\/strong><\/p>\n<p><strong>DI MORENO GIOLI\u00a0\u00a0<\/strong><\/p>\n<audio class=\"wp-audio-shortcode\" id=\"audio-239684-5\" preload=\"none\" style=\"width: 100%;\" controls=\"controls\"><source type=\"audio\/mpeg\" src=\"https:\/\/www.radiopiu.net\/wordpress\/wp-content\/uploads\/2021\/10\/moreno-gioi.mp3?_=5\" \/><a href=\"https:\/\/www.radiopiu.net\/wordpress\/wp-content\/uploads\/2021\/10\/moreno-gioi.mp3\">https:\/\/www.radiopiu.net\/wordpress\/wp-content\/uploads\/2021\/10\/moreno-gioi.mp3<\/a><\/audio>\n<p>&nbsp;<\/p>\n<p>&nbsp;<\/p>\n<p>&nbsp;<\/p>\n<p>&nbsp;<\/p>\n<p><strong><img loading=\"lazy\" decoding=\"async\" class=\"aligncenter\" src=\"https:\/\/www.radiopiu.net\/wordpress\/wp-content\/uploads\/2021\/10\/3abc5070-e3e6-4508-a5c0-5cdaee8da9c2.jpg\" width=\"344\" height=\"258\" \/> <\/strong><\/p>\n<p><strong>\u00a0<\/strong><\/p>\n<p><strong>\u00a0<\/strong><\/p>\n<p><strong>IL SINDACO DI FELTRE PAOLO PERENZIN<\/strong><\/p>\n<audio class=\"wp-audio-shortcode\" id=\"audio-239684-6\" preload=\"none\" style=\"width: 100%;\" controls=\"controls\"><source type=\"audio\/mpeg\" src=\"https:\/\/www.radiopiu.net\/wordpress\/wp-content\/uploads\/2021\/10\/perenzin.mp3?_=6\" \/><a href=\"https:\/\/www.radiopiu.net\/wordpress\/wp-content\/uploads\/2021\/10\/perenzin.mp3\">https:\/\/www.radiopiu.net\/wordpress\/wp-content\/uploads\/2021\/10\/perenzin.mp3<\/a><\/audio>\n<p><strong>\u00a0<\/strong><\/p>\n<p><strong>L&#8217;AMMINISTRATORE DELEGATO DI HYDRO LUCA BERTOLA<\/strong><\/p>\n<audio class=\"wp-audio-shortcode\" id=\"audio-239684-7\" preload=\"none\" style=\"width: 100%;\" controls=\"controls\"><source type=\"audio\/mpeg\" src=\"https:\/\/www.radiopiu.net\/wordpress\/wp-content\/uploads\/2021\/10\/berola.mp3?_=7\" \/><a href=\"https:\/\/www.radiopiu.net\/wordpress\/wp-content\/uploads\/2021\/10\/berola.mp3\">https:\/\/www.radiopiu.net\/wordpress\/wp-content\/uploads\/2021\/10\/berola.mp3<\/a><\/audio>\n<p>&nbsp;<\/p>\n<p>&nbsp;<\/p>\n<p>&nbsp;<\/p>\n<hr \/>\n<blockquote>\n<h2><a href=\"https:\/\/www.radiopiu.net\/wordpress\/?attachment_id=239871\" rel=\"attachment wp-att-239871\"><img loading=\"lazy\" decoding=\"async\" class=\" wp-image-239871 alignleft\" src=\"https:\/\/www.radiopiu.net\/wordpress\/wp-content\/uploads\/2021\/10\/Concorsi-Mig-300x212.jpg\" alt=\"\" width=\"245\" height=\"173\" srcset=\"https:\/\/www.radiopiu.net\/wordpress\/wp-content\/uploads\/2021\/10\/Concorsi-Mig-300x212.jpg 300w, https:\/\/www.radiopiu.net\/wordpress\/wp-content\/uploads\/2021\/10\/Concorsi-Mig-1024x724.jpg 1024w, https:\/\/www.radiopiu.net\/wordpress\/wp-content\/uploads\/2021\/10\/Concorsi-Mig-768x543.jpg 768w, https:\/\/www.radiopiu.net\/wordpress\/wp-content\/uploads\/2021\/10\/Concorsi-Mig-1536x1086.jpg 1536w, https:\/\/www.radiopiu.net\/wordpress\/wp-content\/uploads\/2021\/10\/Concorsi-Mig.jpg 2000w\" sizes=\"auto, (max-width: 245px) 100vw, 245px\" \/><\/a>MIG, MOSTRA INTERNAZIONE DEL GELATO NELL&#8217;ANNO DEI GRANDI RITORNI<\/h2>\n<\/blockquote>\n<p><strong>LONGARONE<\/strong>\u00a0 <em>\u201c\u00c8 un grande ritorno quello della Mostra Internazionale del Gelato Artigianale che avr\u00e0 luogo qui a Longarone dal 28 novembre prossimo fino al 1\u00b0 dicembre. Quindi saranno giorni intensissimi con la partecipazione di aziende molto importanti\u201d.<\/em> Esordisce cos\u00ec Gian Angelo Bellati, Presidente di Longarone Fiere Dolomiti, e continuando <em>\u201ctorna finalmente anche un nostro grande amico, il Sig. Emendatori\u201d &#8211; per decenni protagonista mondiale nel settore dei semilavorati &#8211; \u201cma anche tantissime altre aziende che si occupano del gelato artigianale, del buon gelato di casa nostra, quello che \u00e8 conosciuto in tutto il mondo\u201d. <\/em>Inoltre \u00e8 confermata la partecipazione delle principali Associazioni di gelatieri a livello europeo e delle rispettive assemblee annuali, da Uniteis e.V., l\u2019Unione dei gelatieri artigiani operanti in Germania che gestiranno in fiera un programma di eventi in lingua tedesca, al <span style=\"font-family: Calibri, serif;\">G.A.<\/span><span style=\"font-family: Calibri, serif;\">, Comitato Nazionale per la Difesa e la Diffusione del Gelato Artigianale e di Produzione Propria, dall\u2019<\/span><span style=\"font-family: Calibri, serif;\">ITAL<\/span><span style=\"font-family: Calibri, serif;\">, Associazione dei gelatieri italiani in<\/span> <span style=\"font-family: Calibri, serif;\">Olanda<\/span> <span style=\"font-family: Calibri, serif;\">all\u2019<\/span><span style=\"font-family: Calibri, serif;\">AGIA <\/span><span style=\"font-family: Calibri, serif;\">per l\u2019Austria. Presente anche <\/span>la confederazione di Artglace, promotrice del concorso \u201cDolceSinfonia\u201d, una novit\u00e0 creata per decidere il gusto ufficiale della 10. edizione della Giornata Europea del Gelato Artigianale \u2013 24 marzo 2022.<\/p>\n<p>&nbsp;<\/p>\n<p>&nbsp;<\/p>\n<p>&nbsp;<\/p>\n<hr \/>\n<p>&nbsp;<\/p>\n<p>&nbsp;<\/p>\n<blockquote class=\"wp-embedded-content\" data-secret=\"kzM0fv9wAb\"><p><a href=\"https:\/\/www.radiopiu.net\/wordpress\/aggiornamentoott29\/\">CORONAVIRUS: AGGIORNAMENTO NAZIONALE 29 OTTOBRE  2021<\/a><\/p><\/blockquote>\n<p><iframe loading=\"lazy\" class=\"wp-embedded-content\" sandbox=\"allow-scripts\" security=\"restricted\" style=\"position: absolute; clip: rect(1px, 1px, 1px, 1px);\" title=\"&#8220;CORONAVIRUS: AGGIORNAMENTO NAZIONALE 29 OTTOBRE  2021&#8221; &#8212; Radio Pi\u00f9\" src=\"https:\/\/www.radiopiu.net\/wordpress\/aggiornamentoott29\/embed\/#?secret=kzM0fv9wAb\" data-secret=\"kzM0fv9wAb\" width=\"600\" height=\"338\" frameborder=\"0\" marginwidth=\"0\" marginheight=\"0\" scrolling=\"no\"><\/iframe><\/p>\n<p>&nbsp;<\/p>\n<blockquote class=\"wp-embedded-content\" data-secret=\"awrc5AwnPv\"><p><a href=\"https:\/\/www.radiopiu.net\/wordpress\/sono-523-i-positivi-delle-ultime-24-ore-in-veneto-due-decessi-in-regione\/\">SONO 523 I POSITIVI DELLE ULTIME 24 ORE IN VENETO. DUE DECESSI IN REGIONE<\/a><\/p><\/blockquote>\n<p><iframe loading=\"lazy\" class=\"wp-embedded-content\" sandbox=\"allow-scripts\" security=\"restricted\" style=\"position: absolute; clip: rect(1px, 1px, 1px, 1px);\" title=\"&#8220;SONO 523 I POSITIVI DELLE ULTIME 24 ORE IN VENETO. DUE DECESSI IN REGIONE&#8221; &#8212; Radio Pi\u00f9\" src=\"https:\/\/www.radiopiu.net\/wordpress\/sono-523-i-positivi-delle-ultime-24-ore-in-veneto-due-decessi-in-regione\/embed\/#?secret=awrc5AwnPv\" data-secret=\"awrc5AwnPv\" width=\"600\" height=\"338\" frameborder=\"0\" marginwidth=\"0\" marginheight=\"0\" scrolling=\"no\"><\/iframe><\/p>\n<h2>I GRAFICI DI TIZIANO DE COL<\/h2>\n\n\t\t\t<style type='text\/css'>\n\t\t\t\t#gallery-6 {\n\t\t\t\t\tmargin: auto;\n\t\t\t\t}\n\t\t\t\t#gallery-6 .gallery-item {\n\t\t\t\t\tfloat: left;\n\t\t\t\t\tmargin-top: 10px;\n\t\t\t\t\ttext-align: center;\n\t\t\t\t\twidth: 33%;\n\t\t\t\t}\n\t\t\t\t#gallery-6 img {\n\t\t\t\t\tborder: 2px solid #cfcfcf;\n\t\t\t\t}\n\t\t\t\t#gallery-6 .gallery-caption {\n\t\t\t\t\tmargin-left: 0;\n\t\t\t\t}\n\t\t\t\t\/* see gallery_shortcode() in wp-includes\/media.php *\/\n\t\t\t<\/style>\n\t\t<div id='gallery-6' class='dt-gallery-container gallery galleryid-239684 gallery-columns-3 gallery-size-thumbnail'><dl class='gallery-item'>\n\t\t\t\t<dt class='gallery-icon landscape'>\n\t\t\t\t\t<a class=\"rollover rollover-zoom dt-pswp-item\" title=\"6f3eed80-8985-40fb-b7ee-776237eeb225\" data-dt-img-description=\"\" data-large_image_width=\"604\" data-large_image_height=\"359\"href='https:\/\/www.radiopiu.net\/wordpress\/wp-content\/uploads\/2021\/10\/6f3eed80-8985-40fb-b7ee-776237eeb225.jpg'><img loading=\"lazy\" decoding=\"async\" width=\"150\" height=\"150\" src=\"https:\/\/www.radiopiu.net\/wordpress\/wp-content\/uploads\/2021\/10\/6f3eed80-8985-40fb-b7ee-776237eeb225-150x150.jpg\" class=\"attachment-thumbnail size-thumbnail\" alt=\"\" \/><\/a>\n\t\t\t\t<\/dt><\/dl><dl class='gallery-item'>\n\t\t\t\t<dt class='gallery-icon landscape'>\n\t\t\t\t\t<a class=\"rollover rollover-zoom dt-pswp-item\" title=\"b29a7716-cd8c-4ae2-b7ac-8395cdea300a\" data-dt-img-description=\"\" data-large_image_width=\"596\" data-large_image_height=\"365\"href='https:\/\/www.radiopiu.net\/wordpress\/wp-content\/uploads\/2021\/10\/b29a7716-cd8c-4ae2-b7ac-8395cdea300a.jpg'><img loading=\"lazy\" decoding=\"async\" width=\"150\" height=\"150\" src=\"https:\/\/www.radiopiu.net\/wordpress\/wp-content\/uploads\/2021\/10\/b29a7716-cd8c-4ae2-b7ac-8395cdea300a-150x150.jpg\" class=\"attachment-thumbnail size-thumbnail\" alt=\"\" \/><\/a>\n\t\t\t\t<\/dt><\/dl><dl class='gallery-item'>\n\t\t\t\t<dt class='gallery-icon landscape'>\n\t\t\t\t\t<a class=\"rollover rollover-zoom dt-pswp-item\" title=\"1bb97b2f-eb14-459d-8c9b-5953626df136\" data-dt-img-description=\"\" data-large_image_width=\"604\" data-large_image_height=\"363\"href='https:\/\/www.radiopiu.net\/wordpress\/wp-content\/uploads\/2021\/10\/1bb97b2f-eb14-459d-8c9b-5953626df136.jpg'><img loading=\"lazy\" decoding=\"async\" width=\"150\" height=\"150\" src=\"https:\/\/www.radiopiu.net\/wordpress\/wp-content\/uploads\/2021\/10\/1bb97b2f-eb14-459d-8c9b-5953626df136-150x150.jpg\" class=\"attachment-thumbnail size-thumbnail\" alt=\"\" \/><\/a>\n\t\t\t\t<\/dt><\/dl><br style=\"clear: both\" \/><dl class='gallery-item'>\n\t\t\t\t<dt class='gallery-icon landscape'>\n\t\t\t\t\t<a class=\"rollover rollover-zoom dt-pswp-item\" title=\"a2e0a408-8789-4f1a-a2fd-4a208cdd8ee3\" data-dt-img-description=\"\" data-large_image_width=\"620\" data-large_image_height=\"358\"href='https:\/\/www.radiopiu.net\/wordpress\/wp-content\/uploads\/2021\/10\/a2e0a408-8789-4f1a-a2fd-4a208cdd8ee3.jpg'><img loading=\"lazy\" decoding=\"async\" width=\"150\" height=\"150\" src=\"https:\/\/www.radiopiu.net\/wordpress\/wp-content\/uploads\/2021\/10\/a2e0a408-8789-4f1a-a2fd-4a208cdd8ee3-150x150.jpg\" class=\"attachment-thumbnail size-thumbnail\" alt=\"\" \/><\/a>\n\t\t\t\t<\/dt><\/dl><dl class='gallery-item'>\n\t\t\t\t<dt class='gallery-icon landscape'>\n\t\t\t\t\t<a class=\"rollover rollover-zoom dt-pswp-item\" title=\"9563f46a-5874-4d5f-87eb-1ffd274bbcba\" data-dt-img-description=\"\" data-large_image_width=\"606\" data-large_image_height=\"352\"href='https:\/\/www.radiopiu.net\/wordpress\/wp-content\/uploads\/2021\/10\/9563f46a-5874-4d5f-87eb-1ffd274bbcba.jpg'><img loading=\"lazy\" decoding=\"async\" width=\"150\" height=\"150\" src=\"https:\/\/www.radiopiu.net\/wordpress\/wp-content\/uploads\/2021\/10\/9563f46a-5874-4d5f-87eb-1ffd274bbcba-150x150.jpg\" class=\"attachment-thumbnail size-thumbnail\" alt=\"\" \/><\/a>\n\t\t\t\t<\/dt><\/dl>\n\t\t\t\t<br style='clear: both' \/>\n\t\t\t<\/div>\n\n<p>&nbsp;<\/p>\n<p>&nbsp;<\/p>\n<p>&nbsp;<\/p>\n<hr \/>\n<p>&nbsp;<\/p>\n<p>&nbsp;<\/p>\n<blockquote>\n<h3>ADRIANO FIOCCO RICONFERMATO ALLA GUIDA DELL&#8217;ASSOCIAZIONE DONATORI DEL SANGUE DI CANALE D&#8217;AGORDO E VALLADA<\/h3>\n<\/blockquote>\n<p>&nbsp;<\/p>\n<p><strong><a href=\"https:\/\/www.radiopiu.net\/wordpress\/i-70-anni-dellassociazione-bellunese-volontari-del-sangue\/abvs-2\/\" rel=\"attachment wp-att-227476\"><img loading=\"lazy\" decoding=\"async\" class=\"wp-image-227476 alignleft\" src=\"https:\/\/www.radiopiu.net\/wordpress\/wp-content\/uploads\/2021\/08\/ABVS-300x300.jpg\" alt=\"\" width=\"159\" height=\"159\" srcset=\"https:\/\/www.radiopiu.net\/wordpress\/wp-content\/uploads\/2021\/08\/ABVS-300x300.jpg 300w, https:\/\/www.radiopiu.net\/wordpress\/wp-content\/uploads\/2021\/08\/ABVS-1024x1024.jpg 1024w, https:\/\/www.radiopiu.net\/wordpress\/wp-content\/uploads\/2021\/08\/ABVS-150x150.jpg 150w, https:\/\/www.radiopiu.net\/wordpress\/wp-content\/uploads\/2021\/08\/ABVS-768x768.jpg 768w, https:\/\/www.radiopiu.net\/wordpress\/wp-content\/uploads\/2021\/08\/ABVS-1536x1536.jpg 1536w, https:\/\/www.radiopiu.net\/wordpress\/wp-content\/uploads\/2021\/08\/ABVS.jpg 2000w\" sizes=\"auto, (max-width: 159px) 100vw, 159px\" \/><\/a>CANALE D&#8217;AGORDO\u00a0<\/strong><\/p>\n<p><strong>DI GIANNI SANTOMASO\u00a0<\/strong><\/p>\n<audio class=\"wp-audio-shortcode\" id=\"audio-239684-8\" preload=\"none\" style=\"width: 100%;\" controls=\"controls\"><source type=\"audio\/mpeg\" src=\"https:\/\/www.radiopiu.net\/wordpress\/wp-content\/uploads\/2021\/10\/gianni-fiocco.mp3?_=8\" \/><a href=\"https:\/\/www.radiopiu.net\/wordpress\/wp-content\/uploads\/2021\/10\/gianni-fiocco.mp3\">https:\/\/www.radiopiu.net\/wordpress\/wp-content\/uploads\/2021\/10\/gianni-fiocco.mp3<\/a><\/audio>\n<p>&nbsp;<\/p>\n<p>&nbsp;<\/p>\n<hr \/>\n<blockquote>\n<h3><\/h3>\n<h3>AL VIA LA CAMPAGNA VACCINALE ANTINFLUENZALE<\/h3>\n<\/blockquote>\n<p><strong><a href=\"https:\/\/www.radiopiu.net\/wordpress\/vaccinazioni-per-ragazzi\/vacc-2\/\" rel=\"attachment wp-att-211579\"><img loading=\"lazy\" decoding=\"async\" class=\"wp-image-211579 alignleft\" src=\"https:\/\/www.radiopiu.net\/wordpress\/wp-content\/uploads\/2021\/05\/vacc-300x200.jpeg\" alt=\"\" width=\"203\" height=\"135\" srcset=\"https:\/\/www.radiopiu.net\/wordpress\/wp-content\/uploads\/2021\/05\/vacc-300x200.jpeg 300w, https:\/\/www.radiopiu.net\/wordpress\/wp-content\/uploads\/2021\/05\/vacc.jpeg 626w\" sizes=\"auto, (max-width: 203px) 100vw, 203px\" \/><\/a>BELLUNO<\/strong> L\u2019Ulss Dolomiti sta perfezionando i dettagli organizzativi della campagna di vaccinazione antinfluenzale 2021-2022.\u00a0 Stanno infatti per iniziare\u00a0le attivit\u00e0 di distribuzione dei vaccini impiegati per la campagna ai Medici di Medicina Generale, principali protagonisti dell\u2019attivit\u00e0 vaccinale. Il vaccino \u00e8 raccomandato alle persone di 60 e pi\u00f9 anni, alle persone con meno di 60 anni affette da patologie croniche, agli addetti ai servizi di pubblica necessit\u00e0, ai soggetti addetti all\u2019assistenza di persone fragili e ad altre categorie per le quali l\u2019influenza possa rappresentare un rischio significativo personale o comunitario. Nel territorio dell\u2019Ulss Dolomiti gli over 60 sono circa 68 mila, sotto i 60 anni si stima un accesso alla vaccinazione di circa 20-25 mila persone. La campagna vaccinale sar\u00e0 inaugurata marted\u00ec con l\u2019avvio delle somministrazioni al personale sanitario delle strutture ospedaliere e territoriali.\u00a0 Pur in una fase di incertezza epidemiologica legata alla coda epidemica Covid, la circolazione significativa del virus influenzale \u00e8 infatti attesa nelle settimane successive le feste di Natale.<\/p>\n<p>&nbsp;<\/p>\n<p>&nbsp;<\/p>\n<hr \/>\n<p>&nbsp;<\/p>\n<p>&nbsp;<\/p>\n<blockquote>\n<h3>CAMBIO MEDICO A PEDAVENA<\/h3>\n<\/blockquote>\n<p><strong>PEDAVENA <\/strong>\u00a0Dal lunedi il dr. Agostini Nicola cesser\u00e0 l\u2019attivit\u00e0 di medico di assistenza primaria nell\u2019ambito territoriale dei Comuni di Feltre, Pedavena, Seren del Grappa, Alano di Piave e Quero Vas.Gli assistiti del dr. Agostini saranno ripartiti trale dr.sse Barbara Mussoi Barbara, Alessandra Rulli Alessandra e Tiziana Boz in base alle iniziali del cognome, come esposto nel prospetto, e verranno e verranno assegnati loro d\u2019ufficio:non sar\u00e0 pertanto necessario che gli stessi si rechino presso gli sportelli anagrafe della ULSS per effettuare la scelta del nuovo medico. Le dr.sse Mussoi, Rulli e Boz svolgeranno, a far data dall\u20191.11.2021, l\u2019attivit\u00e0 di medico di assistenza primaria &#8211; con incarico provvisorio \u2013 presso gli ambulatori<\/p>\n<p>&nbsp;<\/p>\n<p>&nbsp;<\/p>\n<hr \/>\n<p>&nbsp;<\/p>\n<p><span style=\"color: #ff0000;\">&#8230; Lo spopolamento della montagna\u00a0<\/span><\/p>\n<p>&nbsp;<\/p>\n<blockquote>\n<h3>LE FERITE DELLA MONTAGNA, SANTO STEFANO E LAMON SENZA GUARDIA MEDICA A TEMPO INDETERMINATO<\/h3>\n<\/blockquote>\n<p><strong><a href=\"https:\/\/www.radiopiu.net\/wordpress\/giornale-radiopiu-19-giugno-2021-direttore-mirko-mezzacasa\/medico\/\" rel=\"attachment wp-att-216887\"><img loading=\"lazy\" decoding=\"async\" class=\" wp-image-216887 alignleft\" src=\"https:\/\/www.radiopiu.net\/wordpress\/wp-content\/uploads\/2021\/06\/MEDICO-300x225.jpg\" alt=\"\" width=\"152\" height=\"114\" srcset=\"https:\/\/www.radiopiu.net\/wordpress\/wp-content\/uploads\/2021\/06\/MEDICO-300x225.jpg 300w, https:\/\/www.radiopiu.net\/wordpress\/wp-content\/uploads\/2021\/06\/MEDICO-1024x768.jpg 1024w, https:\/\/www.radiopiu.net\/wordpress\/wp-content\/uploads\/2021\/06\/MEDICO-768x576.jpg 768w, https:\/\/www.radiopiu.net\/wordpress\/wp-content\/uploads\/2021\/06\/MEDICO-1536x1152.jpg 1536w, https:\/\/www.radiopiu.net\/wordpress\/wp-content\/uploads\/2021\/06\/MEDICO.jpg 1920w\" sizes=\"auto, (max-width: 152px) 100vw, 152px\" \/><\/a>BELLUNO<\/strong> In Ulss1 mentre si continua a sospendere figure mediche perch\u00e9 non vaccinate si fa la conta dei danni, tra questi anche quelli causati dalla carenza di medici che danneggia le aree pi\u00f9 spopolate della provincia, quelle che pagano il prezzo pi\u00f9 alto dove lo spopolamento \u00e8 all&#8217;ordine del giorno, proprio quella materia tanto cara ai politici tante chiacchiere pochi fatti. L&#8217;Ulss 1 Dolomiti\u00a0 dal 1 novembre chiude la sede della guardia medica di Santo Stefano e\u00a0 dimezza\u00a0 l&#8217;attivit\u00e0 a Lamon. A Santo Stefano la sede della guardia medica \u00e8 stata inaugurata in pompa magna soltanto qualche mese fa ma da lunedi rester\u00e0 completamente chiusa, in attesa di un&#8217;altra soluzione o di un nuovo medico che voglia prestare la propria attivit\u00e0 in Comelico. A Lamon la sede della guardia medica non chiuder\u00e0 completamente: l&#8217;attivit\u00e0 sar\u00e0 garantita solo nei giorni prefestivi e festivi, mentre nei giorni feriali le chiamate dei pazienti verranno evase dai medici in servizio a Feltre.<\/p>\n<p>&nbsp;<\/p>\n<p>&nbsp;<\/p>\n<hr \/>\n<p>&nbsp;<\/p>\n<blockquote>\n<h3>&#8220;TRE ANNI DA VAIA, I BOSCHI TRAVOLTI DA UN&#8217;EMERGENZA 2 VOLTE PIU&#8217; GRANDE&#8221;<\/h3>\n<\/blockquote>\n<p><strong><a href=\"https:\/\/www.radiopiu.net\/wordpress\/giornale-radiopiu-30-ottobre-2021-direttore-mirko-mezzacasa\/bostrico\/\" rel=\"attachment wp-att-239763\"><img loading=\"lazy\" decoding=\"async\" class=\" wp-image-239763 alignleft\" src=\"https:\/\/www.radiopiu.net\/wordpress\/wp-content\/uploads\/2021\/10\/BOSTRICO-300x225.jpg\" alt=\"\" width=\"143\" height=\"107\" srcset=\"https:\/\/www.radiopiu.net\/wordpress\/wp-content\/uploads\/2021\/10\/BOSTRICO-300x225.jpg 300w, https:\/\/www.radiopiu.net\/wordpress\/wp-content\/uploads\/2021\/10\/BOSTRICO-1024x768.jpg 1024w, https:\/\/www.radiopiu.net\/wordpress\/wp-content\/uploads\/2021\/10\/BOSTRICO-768x576.jpg 768w, https:\/\/www.radiopiu.net\/wordpress\/wp-content\/uploads\/2021\/10\/BOSTRICO-1536x1152.jpg 1536w, https:\/\/www.radiopiu.net\/wordpress\/wp-content\/uploads\/2021\/10\/BOSTRICO.jpg 2048w\" sizes=\"auto, (max-width: 143px) 100vw, 143px\" \/><\/a>VENEZIA <\/strong><span style=\"font-family: HelveticaNeue;\">\u201c<em>A 3 anni da Vaia si presenta ora una nuova emergenza, quella del bostrico, la cui proliferazione \u00e8 stata favorita dai danni provocati dalla tempesta, oltre che dalle misure che la Regione non ha saputo tempestivamente adottare per evitare l&#8217;abbandono degli alberi abbattuti<\/em>\u201d. <\/span><span style=\"font-family: HelveticaNeue;\">La Consigliera regionale Cristina Guarda, di Europa Verde, accende i riflettori su una nuova, gravissima emergenza che sta minacciando la sopravvivenza dei boschi colpiti dalla tempesta del 201<\/span><\/p>\n<p>&nbsp;<\/p>\n<p>&nbsp;<\/p>\n<hr \/>\n<p>&nbsp;<\/p>\n<p>&nbsp;<\/p>\n<blockquote>\n<h3>BOSTRICO, ZOTTIS &#8220;SE SI E&#8217; DIFFUSO COSI&#8217; VELOCEMENTE E&#8217; PERCHE&#8217; NON SI E&#8217; AGITO CON TEMPESTIVITA'&#8221;<\/h3>\n<\/blockquote>\n<p><strong><a href=\"https:\/\/www.radiopiu.net\/wordpress\/giornale-radiopiu-23-settembre-2021-direttore-mirko-mezzacasa\/zottis-3\/\" rel=\"attachment wp-att-233262\"><img loading=\"lazy\" decoding=\"async\" class=\" wp-image-233262 alignleft\" src=\"https:\/\/www.radiopiu.net\/wordpress\/wp-content\/uploads\/2021\/09\/ZOTTIS-3-200x300.jpg\" alt=\"\" width=\"165\" height=\"248\" srcset=\"https:\/\/www.radiopiu.net\/wordpress\/wp-content\/uploads\/2021\/09\/ZOTTIS-3-200x300.jpg 200w, https:\/\/www.radiopiu.net\/wordpress\/wp-content\/uploads\/2021\/09\/ZOTTIS-3-683x1024.jpg 683w, https:\/\/www.radiopiu.net\/wordpress\/wp-content\/uploads\/2021\/09\/ZOTTIS-3-768x1152.jpg 768w, https:\/\/www.radiopiu.net\/wordpress\/wp-content\/uploads\/2021\/09\/ZOTTIS-3-1024x1536.jpg 1024w, https:\/\/www.radiopiu.net\/wordpress\/wp-content\/uploads\/2021\/09\/ZOTTIS-3-1365x2048.jpg 1365w, https:\/\/www.radiopiu.net\/wordpress\/wp-content\/uploads\/2021\/09\/ZOTTIS-3-scaled.jpg 1706w\" sizes=\"auto, (max-width: 165px) 100vw, 165px\" \/><\/a>VENEZIA<\/strong> Nel giorno in cui si ricordano i danni di Vaia dal consiglio regionale s&#8217;alza un&#8217;altra voce, quella riferita al bostrico che sta distruggendo i boschi, che sta creando danni ancora maggiore di Vaia in tutte le foreste in una situazione che non si pu\u00f2 certo definire normale.<em> &#8220;Per questo &#8211; dichiara Francesca Zottis consigliere regionale del Pd &#8211;\u00a0 devono essere accelerate le operazioni di taglio degli alberi malati, da rimuovere insieme a quelli gi\u00e0 schiantati che a distanza di tre anni sono sempre l\u00ec. Quattro mesi fa abbiamo depositato una mozione con una serie di impegni precisi per la Giunta, ma non \u00e8 mai arrivata in aula per l\u2019approvazione\u201d.<\/em> Se \u00a0il bostrico si \u00e8 diffuso cos\u00ec velocemente, raddoppiando la sua presenza nel giro di un anno secondo l&#8217;esponente piddina\u00a0 \u00e8 anche perch\u00e9 non si \u00e8 agito in maniera tempestiva sulla rimozione dei tronchi. E adesso interi boschi di abete sono a rischio, sia nella provincia di Belluno che nel Vicentino. <em>&#8220;Nella mozione &#8211; aggiunte &#8211;\u00a0 che resta purtroppo di grande attualit\u00e0, sollecitavamo la Giunta a disporre l\u2019obbligo di abbattimento degli alberi malati e di quelli immediatamente vicini con conseguente esbosco, seguito da bonifica e reimpianto. Il tutto\u00a0 con un preciso cronoprogramma, individuando un soggetto che facesse da \u2018regista\u2019 e garantendo un sostegno economico adeguato ai responsabili delle operazioni, enti locali o soggetti privati. Ad oggi, al di l\u00e0 del monitoraggio, non sappiamo quali sono, se ci sono, le azioni concrete messe in campo dalla Giunta\u201d.<\/em><\/p>\n<p>&nbsp;<\/p>\n<hr \/>\n<p>&nbsp;<\/p>\n<blockquote>\n<h3>A PROPOSITO DEL BOSCO, LA PAROLA A CHI ABITA IL TERRITORIO<\/h3>\n<h3><em>Il montanaro faccia il montanaro, il politico si limiti ai suoi ambiti politici se non ha un&#8217;adeguata preparazione in materia\u00a0<\/em><\/h3>\n<blockquote><p><strong>di Tiziano De Col<\/strong><\/p><\/blockquote>\n<p><strong><a href=\"https:\/\/www.radiopiu.net\/wordpress\/a-proposito-del-bosco-la-parola-a-chi-abita-il-territorio\/cbd1b65f-f7b5-4c71-bceb-5b877070adc7\/\" rel=\"attachment wp-att-239854\"><img loading=\"lazy\" decoding=\"async\" class=\" wp-image-239854 alignleft\" src=\"https:\/\/www.radiopiu.net\/wordpress\/wp-content\/uploads\/2021\/10\/cbd1b65f-f7b5-4c71-bceb-5b877070adc7-300x225.jpg\" alt=\"\" width=\"207\" height=\"155\" srcset=\"https:\/\/www.radiopiu.net\/wordpress\/wp-content\/uploads\/2021\/10\/cbd1b65f-f7b5-4c71-bceb-5b877070adc7-300x225.jpg 300w, https:\/\/www.radiopiu.net\/wordpress\/wp-content\/uploads\/2021\/10\/cbd1b65f-f7b5-4c71-bceb-5b877070adc7-1024x768.jpg 1024w, https:\/\/www.radiopiu.net\/wordpress\/wp-content\/uploads\/2021\/10\/cbd1b65f-f7b5-4c71-bceb-5b877070adc7-768x576.jpg 768w, https:\/\/www.radiopiu.net\/wordpress\/wp-content\/uploads\/2021\/10\/cbd1b65f-f7b5-4c71-bceb-5b877070adc7-1536x1152.jpg 1536w, https:\/\/www.radiopiu.net\/wordpress\/wp-content\/uploads\/2021\/10\/cbd1b65f-f7b5-4c71-bceb-5b877070adc7.jpg 2048w\" sizes=\"auto, (max-width: 207px) 100vw, 207px\" \/><\/a>LA VALLE<\/strong>\u00a0 Mio padre aveva una segheria (costruita dagli avi nel 1830 circa e chiusa nel 1984 dopo la sua morte) e una squadra stagionale di boscaioli. Io, fino a 20 anni sono cresciuto in mezzo a tronchi e tavole di abete e larice e ho visto costruire le ultime &#8220;risine&#8221; nel 1966, prima della grande alluvione e il bostrico l&#8217;ho sempre visto in azione. Terrore dei boschi comunali e privati e dico con assoluta semplicit\u00e0 che quando si vede l&#8217;abete soffrire, impiagarsi di resina per combattere il parassita e poi seccarsi, non c&#8217;\u00e8 pi\u00f9 niente da fare, il parassita ha gi\u00e0 fatto il suo lavoro e si \u00e8 gi\u00e0 trasferito. Il togliere o meno l&#8217;albero secco in fretta era purtroppo solo per recuperare quel po&#8217; di valore economico che la pianta ancora aveva. Il bostrico seleziona il bosco avendo ragione delle piante pi\u00f9 deboli per fare luce alla rinnovazione. Tagliare tutto per fermare il bostrico \u00e8 come uccidere tutta una popolazione per fermare l&#8217;epidemia.<\/p>\n<p><strong>foto Strada passo Duran localit\u00e0 Baudon a 1190 mslm<\/strong><\/p>\n<p>&nbsp;<\/p><\/blockquote>\n<p>AUDIO ALLA RADIO<\/p>\n<audio class=\"wp-audio-shortcode\" id=\"audio-239684-9\" preload=\"none\" style=\"width: 100%;\" controls=\"controls\"><source type=\"audio\/mpeg\" src=\"https:\/\/www.radiopiu.net\/wordpress\/wp-content\/uploads\/2021\/10\/AUDIO-ALLA-RADIO.mp3?_=9\" \/><a href=\"https:\/\/www.radiopiu.net\/wordpress\/wp-content\/uploads\/2021\/10\/AUDIO-ALLA-RADIO.mp3\">https:\/\/www.radiopiu.net\/wordpress\/wp-content\/uploads\/2021\/10\/AUDIO-ALLA-RADIO.mp3<\/a><\/audio>\n<p>&nbsp;<\/p>\n<hr \/>\n<p><img loading=\"lazy\" decoding=\"async\" class=\" wp-image-112912 alignleft\" src=\"https:\/\/www.radiopiu.net\/wordpress\/wp-content\/uploads\/2020\/01\/Lorraine_Berton-300x300.jpg\" alt=\"\" width=\"178\" height=\"178\" srcset=\"https:\/\/www.radiopiu.net\/wordpress\/wp-content\/uploads\/2020\/01\/Lorraine_Berton-300x300.jpg 300w, https:\/\/www.radiopiu.net\/wordpress\/wp-content\/uploads\/2020\/01\/Lorraine_Berton-150x150.jpg 150w, https:\/\/www.radiopiu.net\/wordpress\/wp-content\/uploads\/2020\/01\/Lorraine_Berton.jpg 767w\" sizes=\"auto, (max-width: 178px) 100vw, 178px\" \/><\/p>\n<blockquote>\n<h3>FONDI PER LA MONTAGNA NELLA\u00a0 LEGGE DI BILANCIO<\/h3>\n<\/blockquote>\n<p><strong>BELLUNO <\/strong>\u201c<em>\u00c8 stata imboccata la strada giusta: dopo il testo del disegno di legge che si spera venga approvato a inizio del prossimo anno, finalmente nella legge di bilancio si parla espressamente di montagna destinando risorse certe per azioni chiare e misurabili. L\u2019Esecutivo ha capito che la ripresa non pu\u00f2 prescindere dalle terre alte e dal contrasto allo spopolamento. Ora occorre procedere con i decreti attuativi all\u2019insegna della massima semplificazione e arrivare all\u2019approvazione finale della legge per la montagna, come preannunciato dallo stesso ministro Gelmini che ringrazio per il ruolo che ha riservato alla nostra Associazione<\/em>\u201d. Cos\u00ec Lorraine Berton, presidente degli industriali bellunesi, commenta il via libera del Consiglio dei Ministri al \u201cFondo per lo sviluppo delle montagne italiane.<\/p>\n<p>&nbsp;<\/p>\n<p>&nbsp;<\/p>\n<hr \/>\n<p>&nbsp;<\/p>\n<blockquote>\n<h3>IL MINISTRO D&#8217;INCA&#8217; TORNA A BELLUNO<\/h3>\n<\/blockquote>\n<p><a href=\"https:\/\/www.radiopiu.net\/wordpress\/giornale-radiopiu-13-febbraio-2021-direttore-mirko-mezzacasa\/dinca-5\/\" rel=\"attachment wp-att-190918\"><img loading=\"lazy\" decoding=\"async\" class=\" wp-image-190918 alignleft\" src=\"https:\/\/www.radiopiu.net\/wordpress\/wp-content\/uploads\/2021\/02\/dinca-300x300.jpg\" alt=\"\" width=\"173\" height=\"173\" srcset=\"https:\/\/www.radiopiu.net\/wordpress\/wp-content\/uploads\/2021\/02\/dinca-300x300.jpg 300w, https:\/\/www.radiopiu.net\/wordpress\/wp-content\/uploads\/2021\/02\/dinca-1024x1024.jpg 1024w, https:\/\/www.radiopiu.net\/wordpress\/wp-content\/uploads\/2021\/02\/dinca-150x150.jpg 150w, https:\/\/www.radiopiu.net\/wordpress\/wp-content\/uploads\/2021\/02\/dinca-768x767.jpg 768w, https:\/\/www.radiopiu.net\/wordpress\/wp-content\/uploads\/2021\/02\/dinca.jpg 1080w\" sizes=\"auto, (max-width: 173px) 100vw, 173px\" \/><\/a><\/p>\n<p>&nbsp;<\/p>\n<p><strong>ROMA<\/strong> Ad una settimana dall&#8217;ultima trasferta nell&#8217;Agordino, sabato il Ministro bellunese era a Rivamonte all&#8217;inaugurazione dei nuovi magazzini della Cooperativa Agordino Latteria di Vallata, D&#8217;Inc\u00e0 torna a &#8220;casa&#8221;, oggi alle 9,30 sar\u00e0 in visita alla Deca Design di Belluno, alle 11 all&#8217;inaugurazione della 43^ mostra dell&#8217;arredare in montagna (Arredamont) e domani alle 11 all&#8217;inaugurazione dell&#8217;area verde a San Felice.<\/p>\n<p>&nbsp;<\/p>\n<p>&nbsp;<\/p>\n<p>&nbsp;<\/p>\n<p>&nbsp;<\/p>\n<hr \/>\n<p>&nbsp;<\/p>\n<blockquote>\n<h3 class=\"p1\"><span class=\"s1\">INCONTRO CON ITALIA NOSTRA, LA PROVINCIA SPIEGA LA GESTIONE FAUNISTICA E I CRITERI DI ELABORAZIONE DEL PIANO DI PRELIEVO<\/span><\/h3>\n<\/blockquote>\n<p class=\"p1\"><span class=\"s1\"><strong><a href=\"https:\/\/www.radiopiu.net\/wordpress\/giornale-radiopiu-30-ottobre-2021-direttore-mirko-mezzacasa\/img_1770\/\" rel=\"attachment wp-att-239766\"><img loading=\"lazy\" decoding=\"async\" class=\"size-medium wp-image-239766 alignleft\" src=\"https:\/\/www.radiopiu.net\/wordpress\/wp-content\/uploads\/2021\/10\/IMG_1770-300x225.jpg\" alt=\"\" width=\"300\" height=\"225\" srcset=\"https:\/\/www.radiopiu.net\/wordpress\/wp-content\/uploads\/2021\/10\/IMG_1770-300x225.jpg 300w, https:\/\/www.radiopiu.net\/wordpress\/wp-content\/uploads\/2021\/10\/IMG_1770-1024x768.jpg 1024w, https:\/\/www.radiopiu.net\/wordpress\/wp-content\/uploads\/2021\/10\/IMG_1770-768x576.jpg 768w, https:\/\/www.radiopiu.net\/wordpress\/wp-content\/uploads\/2021\/10\/IMG_1770-1536x1152.jpg 1536w, https:\/\/www.radiopiu.net\/wordpress\/wp-content\/uploads\/2021\/10\/IMG_1770.jpg 2016w\" sizes=\"auto, (max-width: 300px) 100vw, 300px\" \/><\/a>BELLUNO<\/strong> La Provincia di Belluno ha ricevuto nei giorni scorsi la visita dei rappresentanti e di alcuni membri del Consiglio direttivo di Italia Nostra-Belluno, per un incontro sui temi ambientali e della gestione faunistica.\u00a0\u00a0<\/span><span class=\"s1\">Il consigliere provinciale delegato, Franco De Bon, ha illustrato l\u2019obiettivo principale delle politiche dell\u2019ente in materia, in particolare della conservazione delle popolazioni di ungulati presenti sul territorio, seguendo un approccio scientifico e le linee guida approvate da Ispra (l\u2019istituto di riferimento del Ministero dell\u2019Ambiente).\u00a0 <\/span><span class=\"s1\">I tecnici dell\u2019ufficio faunistico hanno potuto spiegare l\u2019inquadramento giuridico delle norme sulla tutela della fauna selvatica, partendo dalla legge quadro 157 del 1992, fino ai regolamenti dell\u2019attivit\u00e0 venatoria. Inoltre, sono stati illustrati prima i criteri delle stime di popolazione degli ungulati, e poi gli ultimi dati raccolti, che parlano di oltre 30mila esemplari sul territorio provinciale. A conclusione, sono stati forniti ai rappresentanti di Italia Nostra anche i dati relativi ai danni da fauna selvatica all\u2019agricoltura (che annualmente si aggirano sui 250-300mila euro) e gli incidenti stradali causati dall\u2019attraversamento di animali (in particolare cervi e caprioli, per una media di 370 all\u2019anno).<\/span><\/p>\n<p><strong>GIOVANNA CEINER, ITALIA NOSTRA\u00a0<\/strong><\/p>\n<audio class=\"wp-audio-shortcode\" id=\"audio-239684-10\" preload=\"none\" style=\"width: 100%;\" controls=\"controls\"><source type=\"audio\/mpeg\" src=\"https:\/\/www.radiopiu.net\/wordpress\/wp-content\/uploads\/2021\/10\/Giovanna-Ceiner-Italia-Nostra-Belluno.mp3?_=10\" \/><a href=\"https:\/\/www.radiopiu.net\/wordpress\/wp-content\/uploads\/2021\/10\/Giovanna-Ceiner-Italia-Nostra-Belluno.mp3\">https:\/\/www.radiopiu.net\/wordpress\/wp-content\/uploads\/2021\/10\/Giovanna-Ceiner-Italia-Nostra-Belluno.mp3<\/a><\/audio>\n<p>&nbsp;<\/p>\n<p>&nbsp;<\/p>\n<hr \/>\n<p>&nbsp;<\/p>\n<blockquote>\n<h3>IDEAL STANDARD, PAGLINI &#8220;E&#8217; TEMPO DI SCELTE CORAGGIOSE, PER LA TUTELA DELLO STABILIMENTO E DEI LAVORATORI&#8221;<\/h3>\n<\/blockquote>\n<p><strong>BELLUNO TREVISO<\/strong> Riceviamo e volentieri pubblichiamo l&#8217;intervento di Massimiliano Paglini <span style=\"font-family: Calibri, serif;\"><span style=\"font-size: medium;\">segretario generale della Cisl Belluno Treviso.\u00a0\u00a0<\/span><\/span><\/p>\n<p>&nbsp;<\/p>\n<p><span style=\"color: #0000ff;\">AUDIO ALLA RADIO<\/span><\/p>\n<audio class=\"wp-audio-shortcode\" id=\"audio-239684-11\" preload=\"none\" style=\"width: 100%;\" controls=\"controls\"><source type=\"audio\/mpeg\" src=\"https:\/\/www.radiopiu.net\/wordpress\/wp-content\/uploads\/2021\/10\/paglini.mp3?_=11\" \/><a href=\"https:\/\/www.radiopiu.net\/wordpress\/wp-content\/uploads\/2021\/10\/paglini.mp3\">https:\/\/www.radiopiu.net\/wordpress\/wp-content\/uploads\/2021\/10\/paglini.mp3<\/a><\/audio>\n<p><strong>\u00a0<\/strong><\/p>\n<p><strong>di Massimiliano Paglini<\/strong><\/p>\n<blockquote><p><a href=\"https:\/\/www.radiopiu.net\/wordpress\/precarie-sottopagate-ma-piu-istruite-studio-della-cisl-belluno-treviso-sul-lavoro-femminile-e-il-gap-salariale-nelle-due-province\/massimiliano-paglini2-min\/\" rel=\"attachment wp-att-174548\"><img loading=\"lazy\" decoding=\"async\" class=\"size-medium wp-image-174548 alignleft\" src=\"https:\/\/www.radiopiu.net\/wordpress\/wp-content\/uploads\/2020\/11\/Massimiliano-Paglini2-min-300x225.jpg\" alt=\"\" width=\"300\" height=\"225\" srcset=\"https:\/\/www.radiopiu.net\/wordpress\/wp-content\/uploads\/2020\/11\/Massimiliano-Paglini2-min-300x225.jpg 300w, https:\/\/www.radiopiu.net\/wordpress\/wp-content\/uploads\/2020\/11\/Massimiliano-Paglini2-min-1024x768.jpg 1024w, https:\/\/www.radiopiu.net\/wordpress\/wp-content\/uploads\/2020\/11\/Massimiliano-Paglini2-min-768x576.jpg 768w, https:\/\/www.radiopiu.net\/wordpress\/wp-content\/uploads\/2020\/11\/Massimiliano-Paglini2-min-1536x1152.jpg 1536w, https:\/\/www.radiopiu.net\/wordpress\/wp-content\/uploads\/2020\/11\/Massimiliano-Paglini2-min-2048x1536.jpg 2048w\" sizes=\"auto, (max-width: 300px) 100vw, 300px\" \/><\/a><em>\u201cLa decisione di procedere alla chiusura dell\u2019ultimo sito produttivo presente in Italia \u00e8 inaccettabile: i dati forniti dalla propriet\u00e0 che tendono a giustificare le scelte di abbandono non sono veritieri, perch\u00e9 la fabbrica, grazie al lavoro e ai sacrifici dei suoi operai, sta continuando a portare a casa risultati importanti, nonostante l\u2019atteggiamento dei fondi d\u2019investimento Anchorage Capital e CVC, proprietari del marchio che da pi\u00f9 di un anno lavorano per chiudere il sito di Trichiana, l\u2019azione speculativa della propriet\u00e0 di Ideal Standard, che negli ultimi 15 anni ha portato in Italia alla chiusura delle fabbriche di Gozzano, Brescia, Orcenico e Roccasecca e che oggi vuole cancellare il sito di Trichiana, una storia industriale lunga un secolo, che s\u2019intreccia con la crescita di una comunit\u00e0 e lo sviluppo di un territorio: ricordiamo che il marchio Ceramica Dolomite \u00e8 stato creato a met\u00e0 degli anni Sessanta grazie ai fondi statali stanziati dopo la tragedia del Vajont per sostenere l\u2019economia del bellunese. I 500 lavoratori di Ideal Standard\u00a0 in questi anni hanno stretto i denti e compiuto degli sforzi per tenere aperta l\u2019azienda, anche rinunciando a una parte dello stipendio per finanziare il rinnovamento delle linee di produzione. Grazie ai loro sacrifici la fabbrica si \u00e8 dotata di impianti con tecnologie di avanguardia a partire dal forno di ultima generazione e la robotica, che ne fa un sito produttivo ad alto potenziale. Non \u00e8 accettabile che oggi subiscano le conseguenze di scelte di fondi internazionali spregiudicati mossi sulla base di mere logiche speculative e di profitto senza alcuna responsabilit\u00e0 sociale e legame con il territorio. Lo stabilimento di Trichiana, nonostante la crisi che ha attraversato il mercato ceramico negli anni passati e la conseguente perdita di importanti quote di mercato, oggi ha potenzialit\u00e0 enormi, legate all&#8217;ammodernamento degli impianti sostenuto dagli stessi lavoratori, dalle competenze che ancora insistono all&#8217;interno della fabbrica, dalla possibilit\u00e0 del sito di produrre l&#8217;intera gamma per il bagno oltre ad un contesto geopolitico che tende a rivedere l&#8217;equilibrio delle catene del valore da una piena globalizzazione a un dislocamento su aree pi\u00f9 contenute, causato dal costo dei noli e dalle incertezze causate dalla pandemia. \u00c8 tempo\u00a0 \u00a0che tutti gli attori in gioco trovino il coraggio per percorrere sentieri innovativi che tutelino l\u2019occupazione e la difesa dei siti produttivi del Paese, a maggior ragione in una provincia che rischia di infilarsi in un oblio economico e sociale. Esistono gi\u00e0 esperienze di partecipazione dei lavoratori al capitale delle imprese, che da aziende decotte sono diventate gioielli imprenditoriali. Vanno valutate tutte le ipotesi, nessuna esclusa e, soprattutto, bisogna agire in fretta. Ideal rappresenta un\u2019eccellenza italiana, un\u2019opportunit\u00e0 e un baluardo per la tenuta del sistema industriale del Bellunese, territorio segnato da un\u2019altra grande crisi, quella dell\u2019Acc. Se la decisione della propriet\u00e0 \u00e8 la cessione del sito produttivo e del marchio sono necessari interventi legislativi e azioni politico-strategico a tutti i livelli che favoriscano la difesa e il rilancio dello stabilimento Ideal Standard, come Acc, con conseguente garanzia della continuit\u00e0 produttiva e dei livelli occupazionali\u201d.<\/em><\/p><\/blockquote>\n<p>&nbsp;<\/p>\n<p>&nbsp;<\/p>\n<hr \/>\n<p>&nbsp;<\/p>\n<p>&nbsp;<\/p>\n<blockquote>\n<h3>LA PRIORITA&#8217;: RIVEDERE LE REGOLE DEI BONUS<\/h3>\n<\/blockquote>\n<p><strong><a href=\"https:\/\/www.radiopiu.net\/wordpress\/il-ruolo-delle-imprese-edili-nellemergenza-del-bellunese\/edile\/\" rel=\"attachment wp-att-67422\"><img loading=\"lazy\" decoding=\"async\" class=\" wp-image-67422 alignleft\" src=\"https:\/\/www.radiopiu.net\/wordpress\/wp-content\/uploads\/2018\/11\/edile-300x200.jpg\" alt=\"\" width=\"251\" height=\"167\" srcset=\"https:\/\/www.radiopiu.net\/wordpress\/wp-content\/uploads\/2018\/11\/edile-300x200.jpg 300w, https:\/\/www.radiopiu.net\/wordpress\/wp-content\/uploads\/2018\/11\/edile-768x512.jpg 768w, https:\/\/www.radiopiu.net\/wordpress\/wp-content\/uploads\/2018\/11\/edile-1024x682.jpg 1024w, https:\/\/www.radiopiu.net\/wordpress\/wp-content\/uploads\/2018\/11\/edile.jpg 1280w\" sizes=\"auto, (max-width: 251px) 100vw, 251px\" \/><\/a>ROMA<\/strong>\u00a0 Il sistema dei bonus costituisce forse l\u2019unico problema della manovra che approder\u00e0 al Senato la settimana prossima. L&#8217;auspicio del Deputato Roger De Menech:\u00a0 che il Senato trovi i punti di convergenza per modificare le bozze giunte dal governo\u00a0<em> &#8220;L\u2019Italia &#8211; specifica il Deputato PD &#8211;\u00a0 \u00e8 un paese fragile ed esposto a continui terremoti. Finanziare lavori di ammodernamento e di adeguamento per far resistere gli edifici a eventi catastrofici \u00e8 un investimento, non un costo&#8221; <\/em>La previsione dell\u2019esecutivo \u00e8 di prorogare il 110 per cento al 2023 solo per i lavori in ambito condominiale mentre per le abitazioni monofamiliari l&#8217;estensione si riduce a 6 mesi e condizionata dell\u2019Isee, i cui parametri di fatto escludono la stragrande maggioranza dei potenziali utilizzatori. Il bonus facciate \u00e8 di gran lunga ridotto con l\u2019inevitabile conseguenza di interrompere la riqualificazione urbana appena avviata. Anche il bonus sport al momento non verrebbe rifinanziato. Infine sarebbero eliminati lo sconto in fattura e la cessione del credito &#8211; restano solo per il superbonus 110 per cento &#8211; due misure di agevolazione dei nuclei familiari pi\u00f9 deboli economicamente. &#8220;<em>Un grosso equivoco\u00a0 &#8211; spiega De Menech &#8211;\u00a0 Il 110 non nasce come misura di perequazione sociale ma come operazione di rigenerazione del patrimonio edilizio e per questo non credo abbia senso l\u2019Isee per le unifamiliari. In questo modo si esclude dal beneficio la gran parte delle abitazioni dei nostri paesi &#8211; case unifamiliari ma certamente non di valore &#8211; mentre un condominio ai Parioli con attico e superattico non ha certo bisogno dell\u2019Isee&#8221;.<\/em><\/p>\n<p>&nbsp;<\/p>\n<hr \/>\n<p>&nbsp;<\/p>\n<p>&nbsp;<\/p>\n<blockquote>\n<h3>LA CERTEZZA DELLE COMUNICAZIONI NEI GIORNI DI VAIA, IL GRAZIE AL RADIO CLUB CIME BIANCHE E WIFI 4 ALL<\/h3>\n<\/blockquote>\n<p><a href=\"https:\/\/www.radiopiu.net\/wordpress\/vaia-2-anni-ricordi-a-fior-di-pelle\/img_20211026_125442\/\" rel=\"attachment wp-att-239584\"><img loading=\"lazy\" decoding=\"async\" class=\"wp-image-239584 alignleft\" src=\"https:\/\/www.radiopiu.net\/wordpress\/wp-content\/uploads\/2020\/10\/IMG_20211026_125442-300x224.jpg\" alt=\"\" width=\"188\" height=\"140\" srcset=\"https:\/\/www.radiopiu.net\/wordpress\/wp-content\/uploads\/2020\/10\/IMG_20211026_125442-300x224.jpg 300w, https:\/\/www.radiopiu.net\/wordpress\/wp-content\/uploads\/2020\/10\/IMG_20211026_125442-1024x766.jpg 1024w, https:\/\/www.radiopiu.net\/wordpress\/wp-content\/uploads\/2020\/10\/IMG_20211026_125442-768x574.jpg 768w, https:\/\/www.radiopiu.net\/wordpress\/wp-content\/uploads\/2020\/10\/IMG_20211026_125442-1536x1149.jpg 1536w, https:\/\/www.radiopiu.net\/wordpress\/wp-content\/uploads\/2020\/10\/IMG_20211026_125442-2048x1532.jpg 2048w\" sizes=\"auto, (max-width: 188px) 100vw, 188px\" \/><\/a><strong>DI GIANNI SANTOMASO, DAL CORRIERE DELLE ALPI<\/strong><\/p>\n<audio class=\"wp-audio-shortcode\" id=\"audio-239684-12\" preload=\"none\" style=\"width: 100%;\" controls=\"controls\"><source type=\"audio\/mpeg\" src=\"https:\/\/www.radiopiu.net\/wordpress\/wp-content\/uploads\/2021\/10\/gianni-francesco.mp3?_=12\" \/><a href=\"https:\/\/www.radiopiu.net\/wordpress\/wp-content\/uploads\/2021\/10\/gianni-francesco.mp3\">https:\/\/www.radiopiu.net\/wordpress\/wp-content\/uploads\/2021\/10\/gianni-francesco.mp3<\/a><\/audio>\n<p>&nbsp;<\/p>\n<p>&nbsp;<\/p>\n<blockquote><p>&nbsp;<\/p><\/blockquote>\n<hr \/>\n<h1><span style=\"color: #ff0000;\">\u00a0<\/span><\/h1>\n<h1><span style=\"color: #ff0000;\">ALLA RADIO&#8230;<\/span><\/h1>\n<h2><strong><a href=\"https:\/\/www.radiopiu.net\/wordpress\/giornale-radiopiu-28-ottobre-2021-direttore-mirko-mezzacasa\/schermata-2021-10-27-alle-10-31-16\/\" rel=\"attachment wp-att-239351\"><img loading=\"lazy\" decoding=\"async\" class=\"size-medium wp-image-239351 alignleft\" src=\"https:\/\/www.radiopiu.net\/wordpress\/wp-content\/uploads\/2021\/10\/Schermata-2021-10-27-alle-10.31.16-300x280.png\" alt=\"\" width=\"300\" height=\"280\" srcset=\"https:\/\/www.radiopiu.net\/wordpress\/wp-content\/uploads\/2021\/10\/Schermata-2021-10-27-alle-10.31.16-300x280.png 300w, https:\/\/www.radiopiu.net\/wordpress\/wp-content\/uploads\/2021\/10\/Schermata-2021-10-27-alle-10.31.16-768x717.png 768w, https:\/\/www.radiopiu.net\/wordpress\/wp-content\/uploads\/2021\/10\/Schermata-2021-10-27-alle-10.31.16.png 960w\" sizes=\"auto, (max-width: 300px) 100vw, 300px\" \/><\/a><\/strong><span style=\"color: #993300;\">NEL FINE SETTIMANA RITORNA L&#8217;ANTICA FIERA DI SAN MATTEO A FELTRE<\/span><\/h2>\n<p><strong>\u00a0<\/strong><\/p>\n<p><strong>\u00a0<\/strong><\/p>\n<p><strong>\u00a0<\/strong><\/p>\n<p><strong>\u00a0<\/strong><\/p>\n<p><strong>di Claudio Fontanive<\/strong><\/p>\n<p>Ospite: Valter Bonan assessore del comune di Feltre<\/p>\n<audio class=\"wp-audio-shortcode\" id=\"audio-239684-13\" preload=\"none\" style=\"width: 100%;\" controls=\"controls\"><source type=\"audio\/mpeg\" src=\"https:\/\/www.radiopiu.net\/wordpress\/wp-content\/uploads\/2021\/10\/walter-bonan.mp3?_=13\" \/><a href=\"https:\/\/www.radiopiu.net\/wordpress\/wp-content\/uploads\/2021\/10\/walter-bonan.mp3\">https:\/\/www.radiopiu.net\/wordpress\/wp-content\/uploads\/2021\/10\/walter-bonan.mp3<\/a><\/audio>\n<p>&nbsp;<\/p>\n<hr \/>\n<p>&nbsp;<\/p>\n<blockquote>\n<h3>UN PUNTO DI RIFERIMENTO PER LE ATTIVITA&#8217; SPORTIVE E DI INTRATTENIMENTO<\/h3>\n<\/blockquote>\n<p><strong>PONTE NELLE ALPI<\/strong> L\u2019amministrazione comunale di Ponte nelle Alpi, infatti, investe ancora una volta nel sociale, nello sport e nella cultura.\u00a0 Dopo la riqualificazione della biblioteca civica e del teatro di Paiane, \u00e8 stato approvato il progetto esecutivo per 110mila euro: lo scopo? Dare alla struttura, che gi\u00e0 oggi \u00e8 una realt\u00e0 di rilievo per la comunit\u00e0 pontalpina, una valenza sovracomunale, adeguando a tal fine gli spazi sotto il profilo della sicurezza, dell\u2019impiantistica e della fruibilit\u00e0 dell\u2019area.\u00a0 All\u2019interno verranno realizzati gli impianti manuali antincendi, oltre alla nuova illuminazione a led e al posizionamento sui varchi delle porte di sicurezza di nuova generazione. Non mancheranno, inoltre, le opere di regimazione delle acque e si provveder\u00e0 a sostituire i teli di copertura.\u00a0 L\u2019accesso all\u2019area avr\u00e0 i requisiti per consentire l\u2019intervento dei mezzi di soccorso. Il PalaQuantin &#8211; questa la probabile denominazione &#8211; avr\u00e0 una capienza di 671 persone e rappresenta un\u2019opportunit\u00e0 anche per le iniziative e le manifestazioni del Nevegal.<\/p>\n\n\t\t\t<style type='text\/css'>\n\t\t\t\t#gallery-7 {\n\t\t\t\t\tmargin: auto;\n\t\t\t\t}\n\t\t\t\t#gallery-7 .gallery-item {\n\t\t\t\t\tfloat: left;\n\t\t\t\t\tmargin-top: 10px;\n\t\t\t\t\ttext-align: center;\n\t\t\t\t\twidth: 50%;\n\t\t\t\t}\n\t\t\t\t#gallery-7 img {\n\t\t\t\t\tborder: 2px solid #cfcfcf;\n\t\t\t\t}\n\t\t\t\t#gallery-7 .gallery-caption {\n\t\t\t\t\tmargin-left: 0;\n\t\t\t\t}\n\t\t\t\t\/* see gallery_shortcode() in wp-includes\/media.php *\/\n\t\t\t<\/style>\n\t\t<div id='gallery-7' class='dt-gallery-container gallery galleryid-239684 gallery-columns-2 gallery-size-medium'><dl class='gallery-item'>\n\t\t\t\t<dt class='gallery-icon landscape'>\n\t\t\t\t\t<a class=\"rollover rollover-zoom dt-pswp-item\" title=\"Pala_Quantin_1\" data-dt-img-description=\"\" data-large_image_width=\"1024\" data-large_image_height=\"473\"href='https:\/\/www.radiopiu.net\/wordpress\/wp-content\/uploads\/2021\/10\/Pala_Quantin_1.jpg'><img loading=\"lazy\" decoding=\"async\" width=\"300\" height=\"139\" src=\"https:\/\/www.radiopiu.net\/wordpress\/wp-content\/uploads\/2021\/10\/Pala_Quantin_1-300x139.jpg\" class=\"attachment-medium size-medium\" alt=\"\" srcset=\"https:\/\/www.radiopiu.net\/wordpress\/wp-content\/uploads\/2021\/10\/Pala_Quantin_1-300x139.jpg 300w, https:\/\/www.radiopiu.net\/wordpress\/wp-content\/uploads\/2021\/10\/Pala_Quantin_1-768x355.jpg 768w, https:\/\/www.radiopiu.net\/wordpress\/wp-content\/uploads\/2021\/10\/Pala_Quantin_1.jpg 1024w\" sizes=\"auto, (max-width: 300px) 100vw, 300px\" \/><\/a>\n\t\t\t\t<\/dt><\/dl><dl class='gallery-item'>\n\t\t\t\t<dt class='gallery-icon landscape'>\n\t\t\t\t\t<a class=\"rollover rollover-zoom dt-pswp-item\" title=\"Pala_Quantin_2\" data-dt-img-description=\"\" data-large_image_width=\"1024\" data-large_image_height=\"576\"href='https:\/\/www.radiopiu.net\/wordpress\/wp-content\/uploads\/2021\/10\/Pala_Quantin_2.jpg'><img loading=\"lazy\" decoding=\"async\" width=\"300\" height=\"169\" src=\"https:\/\/www.radiopiu.net\/wordpress\/wp-content\/uploads\/2021\/10\/Pala_Quantin_2-300x169.jpg\" class=\"attachment-medium size-medium\" alt=\"\" srcset=\"https:\/\/www.radiopiu.net\/wordpress\/wp-content\/uploads\/2021\/10\/Pala_Quantin_2-300x169.jpg 300w, https:\/\/www.radiopiu.net\/wordpress\/wp-content\/uploads\/2021\/10\/Pala_Quantin_2-768x432.jpg 768w, https:\/\/www.radiopiu.net\/wordpress\/wp-content\/uploads\/2021\/10\/Pala_Quantin_2.jpg 1024w\" sizes=\"auto, (max-width: 300px) 100vw, 300px\" \/><\/a>\n\t\t\t\t<\/dt><\/dl><br style=\"clear: both\" \/>\n\t\t\t<\/div>\n\n<p>&nbsp;<\/p>\n<p>&nbsp;<\/p>\n<hr \/>\n<blockquote>\n<h3><\/h3>\n<h3>IL 4 NOVEMBRE LA FESTA DELL&#8217;UNITA&#8217; NAZIONALE E DELLE FORZE ARMATE A FALCADE, RICORDANDO L&#8217;ALLUVIONE DEL 1966<\/h3>\n<\/blockquote>\n<p><strong>FALCADE<\/strong> Il 4 novembre 2021 si celebrera\u0300 la festa dell\u2019Unita\u0300 Nazionale e delle Forze Armate con la S. Messa alle 10.30 presso la Chiesa di Falcade. Al termine della funzione religiosa, verra\u0300 effettuata la deposizione di una corona di alloro presso il monumento ai caduti e, successivamente, presso le altre lapidi a ricordo. Nel pomeriggio, alle\u00a0 14, si commemorera\u0300 l\u2019anniversario dell\u2019alluvione del 1966, con la S. Messa presso la Piazza di Somor a ricordo dei nostri concittadini scomparsi a causa di quell\u2019evento. In caso di maltempo la S. Messa sara\u0300 celebrata presso la Chiesa di Falcade Alto. Si ringraziano per la collaborazione i Gruppi A.N.A. Falcade, A.N.A. Caviola\/Cime d\u2019Auta ed A.N.A. Canale d\u2019Agordo \u2013 Caviola.<\/p>\n<p>&nbsp;<\/p>\n<p>&nbsp;<\/p>\n<hr \/>\n<p>&nbsp;<\/p>\n<blockquote>\n<h3>ULSS 1 ALLA RICERCA DI UN AMMINISTRATIVO A TEMPO DETERMINATO PER IL DISTRETTO DI FELTRE<\/h3>\n<\/blockquote>\n<p><strong>BELLUNO<\/strong>\u00a0 L\u2019Ulss 1 \u201cDolomiti\u201d ha indetto un concorso per una figura amministrativa a tempo determinato per 1 anno, prorogabile per altri 2 anni, da destinare all\u2019Ambito territoriale Feltrino per garantire l\u2019attivit\u00e0 rendicontativa, amministrativa, gestionale delle varie attivit\u00e0 progettuali. Il bando per la ricerca della figura amministrativa \u00e8 pubblicato nel sito www.aulss1.veneto.it nella sezione \u201cConcorsi e avvisi\u201d . \u00a0Il termine di presentazione delle domande \u00e8 il 30 ottobre.<\/p>\n<p>&nbsp;<\/p>\n<p>&nbsp;<\/p>\n<hr \/>\n<p>&nbsp;<\/p>\n<blockquote>\n<h3>IL 5 NOVEMBRE LA PRESENTAZIONE DELL&#8217;ERBARIO SANDI AL MUSEO DI SERRAVELLA<\/h3>\n<\/blockquote>\n<p><strong>BELLUNO <\/strong>L\u2019erbario di Alessandro Francesco Sandi (1794-1849), come quello di Francesco Caldart, sono di propriet\u00e0 del Comune di Belluno che li ha affidati in custodia dal 2017 all\u2019Ente Parco delle Dolomiti per garantirne un\u2019adeguata conservazione presso il Museo Naturalistico Dolomiti Bellunesi, in Piazza Piloni a Belluno. Ecco un secondo volume della collana \u201cQuaderni del Museo Naturalistico Dolomiti Bellunesi\u201d dedicato appunto all\u2019Erbario Sandi,\u00a0 sar\u00e0 presentato al Museo Etnografico della Provincia di Belluno e del Parco Nazionale Dolomiti Bellunesi, a Seravella di Cesiomaggiore, venerd\u00ec 5 novembre alle\u00a0 18.<\/p>\n<p>&nbsp;<\/p>\n<p>&nbsp;<\/p>\n<hr \/>\n<p>&nbsp;<\/p>\n<blockquote>\n<h3>VISITE GUIDATE ALLA MOSTRA A MEL<\/h3>\n<\/blockquote>\n<p><strong>BORGO VALBELLUNA<\/strong>\u00a0 Prosegue fino al 9 gennaio 2022 la mostra \u201cTra Preistoria e Medioevo. Ritrovamenti archeologici dal territorio di Mel, Trichiana e Lentiai\u201din occasione dei 25 anni del Museo civico archeologico di Mel e vede esposti importanti reperti provenienti dai tre estinti comuni come la famosa chiave rituale del monte Nenz di Trichiana, risalente all\u2019et\u00e0 del Ferro, e i reperti provenienti dai recenti scavi di Cesana (Lentiai). L\u2019Associazione \u201cFenice Feltre arte, cultura, turismo\u201d propone visite accompagnate. Primo appuntamento questo fine settimana, sabato 30 e domenica 31 ottobre dalle 15.00 alle 17.30. Le visite sono gratuite, per l\u2019accesso al Museo \u00e8 necessario essere muniti di green pass. Per informazioni: info@museomel.it, oppure Ufficio Turistico Valbelluna 0437 544294. Per essere aggiornati sugli eventi del Museo: www.museomel.it.\u00a0 Foto di Dario Tonet<\/p>\n\n\t\t\t<style type='text\/css'>\n\t\t\t\t#gallery-8 {\n\t\t\t\t\tmargin: auto;\n\t\t\t\t}\n\t\t\t\t#gallery-8 .gallery-item {\n\t\t\t\t\tfloat: left;\n\t\t\t\t\tmargin-top: 10px;\n\t\t\t\t\ttext-align: center;\n\t\t\t\t\twidth: 50%;\n\t\t\t\t}\n\t\t\t\t#gallery-8 img {\n\t\t\t\t\tborder: 2px solid #cfcfcf;\n\t\t\t\t}\n\t\t\t\t#gallery-8 .gallery-caption {\n\t\t\t\t\tmargin-left: 0;\n\t\t\t\t}\n\t\t\t\t\/* see gallery_shortcode() in wp-includes\/media.php *\/\n\t\t\t<\/style>\n\t\t<div id='gallery-8' class='dt-gallery-container gallery galleryid-239684 gallery-columns-2 gallery-size-thumbnail'><dl class='gallery-item'>\n\t\t\t\t<dt class='gallery-icon landscape'>\n\t\t\t\t\t<a class=\"rollover rollover-zoom dt-pswp-item\" title=\"\" data-dt-img-description=\"\" data-large_image_width=\"2560\" data-large_image_height=\"2536\"href='https:\/\/www.radiopiu.net\/wordpress\/wp-content\/uploads\/2021\/10\/fili-doro-scaled.jpg'><img loading=\"lazy\" decoding=\"async\" width=\"150\" height=\"150\" src=\"https:\/\/www.radiopiu.net\/wordpress\/wp-content\/uploads\/2021\/10\/fili-doro-150x150.jpg\" class=\"attachment-thumbnail size-thumbnail\" alt=\"\" aria-describedby=\"gallery-8-239681\" srcset=\"https:\/\/www.radiopiu.net\/wordpress\/wp-content\/uploads\/2021\/10\/fili-doro-150x150.jpg 150w, https:\/\/www.radiopiu.net\/wordpress\/wp-content\/uploads\/2021\/10\/fili-doro-300x297.jpg 300w, https:\/\/www.radiopiu.net\/wordpress\/wp-content\/uploads\/2021\/10\/fili-doro-1024x1014.jpg 1024w, https:\/\/www.radiopiu.net\/wordpress\/wp-content\/uploads\/2021\/10\/fili-doro-768x761.jpg 768w, https:\/\/www.radiopiu.net\/wordpress\/wp-content\/uploads\/2021\/10\/fili-doro-1536x1522.jpg 1536w, https:\/\/www.radiopiu.net\/wordpress\/wp-content\/uploads\/2021\/10\/fili-doro-2048x2029.jpg 2048w\" sizes=\"auto, (max-width: 150px) 100vw, 150px\" \/><\/a>\n\t\t\t\t<\/dt>\n\t\t\t\t\t<dd class='wp-caption-text gallery-caption' id='gallery-8-239681'>\n\t\t\t\t\tfili d&#8217;oro\n\t\t\t\t\t<\/dd><\/dl><dl class='gallery-item'>\n\t\t\t\t<dt class='gallery-icon landscape'>\n\t\t\t\t\t<a class=\"rollover rollover-zoom dt-pswp-item\" title=\"\" data-dt-img-description=\"\" data-large_image_width=\"2560\" data-large_image_height=\"1492\"href='https:\/\/www.radiopiu.net\/wordpress\/wp-content\/uploads\/2021\/10\/ribattini-doro-scaled.jpg'><img loading=\"lazy\" decoding=\"async\" width=\"150\" height=\"150\" src=\"https:\/\/www.radiopiu.net\/wordpress\/wp-content\/uploads\/2021\/10\/ribattini-doro-150x150.jpg\" class=\"attachment-thumbnail size-thumbnail\" alt=\"\" aria-describedby=\"gallery-8-239682\" \/><\/a>\n\t\t\t\t<\/dt>\n\t\t\t\t\t<dd class='wp-caption-text gallery-caption' id='gallery-8-239682'>\n\t\t\t\t\tribattini d&#8217;oro\n\t\t\t\t\t<\/dd><\/dl><br style=\"clear: both\" \/>\n\t\t\t<\/div>\n\n<p>&nbsp;<\/p>\n<p>&nbsp;<\/p>\n<hr \/>\n<p>&nbsp;<\/p>\n<blockquote><p>&nbsp;<\/p><\/blockquote>\n<h3>DAL 1976 LA MESSA PER I CADUTI DELLA MONTAGNA,\u00a0 DOMANI AD AGORDO ALLE 18.30<\/h3>\n<p><strong><a href=\"https:\/\/www.radiopiu.net\/wordpress\/giornale-radiopiu-27-ottobre-2021-direttore-mirko-mezzacasa\/c7861961-b74d-4fcd-978b-de53f76cad66\/\" rel=\"attachment wp-att-239280\"><img loading=\"lazy\" decoding=\"async\" class=\" wp-image-239280 alignleft\" src=\"https:\/\/www.radiopiu.net\/wordpress\/wp-content\/uploads\/2021\/10\/c7861961-b74d-4fcd-978b-de53f76cad66-210x300.jpg\" alt=\"\" width=\"128\" height=\"183\" srcset=\"https:\/\/www.radiopiu.net\/wordpress\/wp-content\/uploads\/2021\/10\/c7861961-b74d-4fcd-978b-de53f76cad66-210x300.jpg 210w, https:\/\/www.radiopiu.net\/wordpress\/wp-content\/uploads\/2021\/10\/c7861961-b74d-4fcd-978b-de53f76cad66.jpg 718w\" sizes=\"auto, (max-width: 128px) 100vw, 128px\" \/><\/a>AGORDO<\/strong>\u00a0 Anche quest&#8217;anno per iniziativa del Coro Agordo i Caduti in montagna saranno ricordati con una celebrazione religiosa accompagnata dai canti del Coro Agordo (che organizza il ricordo) nell&#8217;Arcidiaconale della citt\u00e0. Anche quest&#8217;anno la celebrazione sar\u00e0 trasmessa in tutto il mondo sulle frequenze FM e sullo streaming di Radio Pi\u00f9, in video sui canali facebook e telegram (RADIO PIU INFORMAZIONE). I posti a sedere in chiesa saranno distanziati come da norme anti covid, ridotti nel numero disponibile. E&#8217; dunque importante la comunicazione anticipata di quanti vorranno partecipare (347 8883140, mail coroagordo@libero.it). A causa della pandemia il consueto ritrovato al termine della messa nella sede del Coro non si terr\u00e0.<\/p>\n<h3><\/h3>\n<h3>IL PRESIDENTE DEL CORO AGORDO, GABRIELE RIVA<\/h3>\n<audio class=\"wp-audio-shortcode\" id=\"audio-239684-14\" preload=\"none\" style=\"width: 100%;\" controls=\"controls\"><source type=\"audio\/mpeg\" src=\"https:\/\/www.radiopiu.net\/wordpress\/wp-content\/uploads\/2021\/10\/gabry.mp3?_=14\" \/><a href=\"https:\/\/www.radiopiu.net\/wordpress\/wp-content\/uploads\/2021\/10\/gabry.mp3\">https:\/\/www.radiopiu.net\/wordpress\/wp-content\/uploads\/2021\/10\/gabry.mp3<\/a><\/audio>\n<h3><\/h3>\n<p>&nbsp;<\/p>\n<hr \/>\n<p>&nbsp;<\/p>\n<blockquote>\n<blockquote><p>&nbsp;<\/p><\/blockquote>\n<\/blockquote>\n<blockquote>\n<blockquote>\n<h3><a href=\"https:\/\/www.radiopiu.net\/wordpress\/giornale-radiopiu-08-ottobre-2021-direttore-mirko-mezzacasa\/museo-etnografico-attivita-gioco-1\/\" rel=\"attachment wp-att-235875\"><img loading=\"lazy\" decoding=\"async\" class=\"wp-image-235875 alignleft\" src=\"https:\/\/www.radiopiu.net\/wordpress\/wp-content\/uploads\/2021\/10\/museo-etnografico-attivita-gioco-1-300x225.jpg\" alt=\"\" width=\"177\" height=\"133\" srcset=\"https:\/\/www.radiopiu.net\/wordpress\/wp-content\/uploads\/2021\/10\/museo-etnografico-attivita-gioco-1-300x225.jpg 300w, https:\/\/www.radiopiu.net\/wordpress\/wp-content\/uploads\/2021\/10\/museo-etnografico-attivita-gioco-1-768x576.jpg 768w, https:\/\/www.radiopiu.net\/wordpress\/wp-content\/uploads\/2021\/10\/museo-etnografico-attivita-gioco-1.jpg 960w\" sizes=\"auto, (max-width: 177px) 100vw, 177px\" \/><\/a>INIZIATIVE, LE MUSE E LE DOLOMITI<\/h3>\n<p><strong>CORSO COLLETTIVO PER BAMBINI E RAGAZZI&#8230; CANTARE INSIEME E&#8217; DIVERTENTE E SALUTARE<\/strong><\/p>\n<p><span style=\"color: #ff0000;\">tel. 342 914 7711<\/span><\/p><\/blockquote>\n<audio class=\"wp-audio-shortcode\" id=\"audio-239684-15\" preload=\"none\" style=\"width: 100%;\" controls=\"controls\"><source type=\"audio\/mpeg\" src=\"https:\/\/www.radiopiu.net\/wordpress\/wp-content\/uploads\/2021\/10\/MUSE-OTTOBRE-2021.mp3?_=15\" \/><a href=\"https:\/\/www.radiopiu.net\/wordpress\/wp-content\/uploads\/2021\/10\/MUSE-OTTOBRE-2021.mp3\">https:\/\/www.radiopiu.net\/wordpress\/wp-content\/uploads\/2021\/10\/MUSE-OTTOBRE-2021.mp3<\/a><\/audio><\/blockquote>\n<p>&nbsp;<\/p>\n<p>&nbsp;<\/p>\n<p>&nbsp;<\/p>\n<hr \/>\n<h3><\/h3>\n<p><strong>TORNANO GLI SPETTACOLI DI MISTERO<\/strong><\/p>\n<p><strong><a href=\"https:\/\/www.radiopiu.net\/wordpress\/giornale-radiopiu-21-ottobre-2021-direttore-mirko-mezzacasa\/sedico-8\/\" rel=\"attachment wp-att-238042\"><img loading=\"lazy\" decoding=\"async\" class=\"wp-image-238042 alignleft\" src=\"https:\/\/www.radiopiu.net\/wordpress\/wp-content\/uploads\/2021\/10\/SEDICO-225x300.jpg\" alt=\"\" width=\"119\" height=\"159\" srcset=\"https:\/\/www.radiopiu.net\/wordpress\/wp-content\/uploads\/2021\/10\/SEDICO-225x300.jpg 225w, https:\/\/www.radiopiu.net\/wordpress\/wp-content\/uploads\/2021\/10\/SEDICO.jpg 510w\" sizes=\"auto, (max-width: 119px) 100vw, 119px\" \/><\/a><\/strong><\/p>\n<p><strong>BELLUNO<\/strong> Gli eventi: oggi a <strong>Soranzen<\/strong>\u00a0 spettacolo teatrale all\u2019aperto, a <strong>Melere di Borgo Valbelluna<\/strong> tradizionale passeggiata animata. Domenica 31\u00a0 a <strong>Sedico\u00a0<\/strong> alla scoperta del misterioso sito archeologico del Castelliere di Noal con rappresentazione teatrale a cura dell&#8217;attivissima proloco presieduta da Claudio Mezzavilla. Venerd\u00ec 5 a <strong>Mel<\/strong> \u201cQuattro ciacole al fil\u00f2\u201d presso l\u2019ex chiesa di San Pietro, sabato 6<strong> a Gron di Sospirolo\u00a0 ed Alano di Piave<\/strong> passeggiata guidata e animata,\u00a0 domenica 7 transumanza delle capre\u00a0 da <strong>Caralte<\/strong> a Valle di Cadore.<\/p>\n<p>&nbsp;<\/p>\n<p>&nbsp;<\/p>\n<p>&nbsp;<\/p>\n<hr \/>\n<p>&nbsp;<\/p>\n<blockquote><p>&nbsp;<\/p>\n<blockquote>\n<h3>DOMENICA DI COCCOLE AL COMUNALE DI BELLUNO CON GIORGIA POLLONI<\/h3>\n<\/blockquote>\n<p><strong>25 OTTOBRE 2021<\/strong><\/p>\n<blockquote>\n<h3><a href=\"https:\/\/www.radiopiu.net\/wordpress\/giornale-radiopiu-06-ottobre-2021-direttore-mirko-mezzacasa\/th-208\/\" rel=\"attachment wp-att-235503\"><img loading=\"lazy\" decoding=\"async\" class=\"size-full wp-image-235503 alignleft\" src=\"https:\/\/www.radiopiu.net\/wordpress\/wp-content\/uploads\/2021\/10\/th-5.jpg\" alt=\"\" width=\"203\" height=\"163\" \/><\/a>INTERVISTA A DANIELA NICOSIA, DIRETTRICE ARTISTICA &#8220;COMINCIO DAI 3&#8221;<\/h3>\n<p>&nbsp;<\/p>\n<p>di Mirko Mezzacasa<\/p><\/blockquote>\n<audio class=\"wp-audio-shortcode\" id=\"audio-239684-16\" preload=\"none\" style=\"width: 100%;\" controls=\"controls\"><source type=\"audio\/mpeg\" src=\"https:\/\/www.radiopiu.net\/wordpress\/wp-content\/uploads\/2021\/10\/DANIELA-NICOSIA.mp3?_=16\" \/><a href=\"https:\/\/www.radiopiu.net\/wordpress\/wp-content\/uploads\/2021\/10\/DANIELA-NICOSIA.mp3\">https:\/\/www.radiopiu.net\/wordpress\/wp-content\/uploads\/2021\/10\/DANIELA-NICOSIA.mp3<\/a><\/audio>\n<p>&nbsp;<\/p><\/blockquote>\n<p>&nbsp;<\/p>\n<p>&nbsp;<\/p>\n<hr \/>\n<p>&nbsp;<\/p>\n<blockquote>\n<h3>UNA CACCIA AL TESORO PER LE VIE DI AGORDO IN TEMA HALLOWEEN<\/h3>\n<\/blockquote>\n<p>&nbsp;<\/p>\n<p><a href=\"https:\/\/www.radiopiu.net\/wordpress\/prosecchizzazione\/b7b5141e-70e7-4330-936c-04a399543206\/\" rel=\"attachment wp-att-238007\"><img loading=\"lazy\" decoding=\"async\" class=\"size-medium wp-image-238007 alignleft\" src=\"https:\/\/www.radiopiu.net\/wordpress\/wp-content\/uploads\/2021\/10\/b7b5141e-70e7-4330-936c-04a399543206-300x135.jpg\" alt=\"\" width=\"300\" height=\"135\" srcset=\"https:\/\/www.radiopiu.net\/wordpress\/wp-content\/uploads\/2021\/10\/b7b5141e-70e7-4330-936c-04a399543206-300x135.jpg 300w, https:\/\/www.radiopiu.net\/wordpress\/wp-content\/uploads\/2021\/10\/b7b5141e-70e7-4330-936c-04a399543206-1024x461.jpg 1024w, https:\/\/www.radiopiu.net\/wordpress\/wp-content\/uploads\/2021\/10\/b7b5141e-70e7-4330-936c-04a399543206-768x345.jpg 768w, https:\/\/www.radiopiu.net\/wordpress\/wp-content\/uploads\/2021\/10\/b7b5141e-70e7-4330-936c-04a399543206-1536x691.jpg 1536w, https:\/\/www.radiopiu.net\/wordpress\/wp-content\/uploads\/2021\/10\/b7b5141e-70e7-4330-936c-04a399543206.jpg 2048w\" sizes=\"auto, (max-width: 300px) 100vw, 300px\" \/><\/a><strong>OSPITI FRANCESCO CORAZZA, GLORIA CASOT, GIADA RAGAZZO<\/strong><\/p>\n<p><strong>di Mirko Mezzacasa\u00a0<\/strong><\/p>\n<audio class=\"wp-audio-shortcode\" id=\"audio-239684-17\" preload=\"none\" style=\"width: 100%;\" controls=\"controls\"><source type=\"audio\/mpeg\" src=\"https:\/\/www.radiopiu.net\/wordpress\/wp-content\/uploads\/2021\/10\/francesco_gloria_giada.mp3?_=17\" \/><a href=\"https:\/\/www.radiopiu.net\/wordpress\/wp-content\/uploads\/2021\/10\/francesco_gloria_giada.mp3\">https:\/\/www.radiopiu.net\/wordpress\/wp-content\/uploads\/2021\/10\/francesco_gloria_giada.mp3<\/a><\/audio>\n<div dir=\"auto\">\n<p>&nbsp;<\/p>\n<\/div>\n<div dir=\"auto\">\n<p>&nbsp;<\/p>\n<p>&nbsp;<\/p>\n<hr \/>\n<p>&nbsp;<\/p>\n<blockquote>\n<h3>I COLORI DELL&#8217;AUTUNNO, IL CONCORSO FOTOGRAFICO<\/h3>\n<\/blockquote>\n<p><strong><a href=\"https:\/\/www.radiopiu.net\/wordpress\/giornale-radiopiu-05-ottobre-2021-direttore-mirko-mezzacasa\/11872114_851463808295033_304473982179215535_o\/\" rel=\"attachment wp-att-235245\"><img loading=\"lazy\" decoding=\"async\" class=\"wp-image-235245 alignleft\" src=\"https:\/\/www.radiopiu.net\/wordpress\/wp-content\/uploads\/2021\/10\/11872114_851463808295033_304473982179215535_o-300x225.jpg\" alt=\"\" width=\"156\" height=\"117\" srcset=\"https:\/\/www.radiopiu.net\/wordpress\/wp-content\/uploads\/2021\/10\/11872114_851463808295033_304473982179215535_o-300x225.jpg 300w, https:\/\/www.radiopiu.net\/wordpress\/wp-content\/uploads\/2021\/10\/11872114_851463808295033_304473982179215535_o-1024x768.jpg 1024w, https:\/\/www.radiopiu.net\/wordpress\/wp-content\/uploads\/2021\/10\/11872114_851463808295033_304473982179215535_o-768x576.jpg 768w, https:\/\/www.radiopiu.net\/wordpress\/wp-content\/uploads\/2021\/10\/11872114_851463808295033_304473982179215535_o-1536x1152.jpg 1536w, https:\/\/www.radiopiu.net\/wordpress\/wp-content\/uploads\/2021\/10\/11872114_851463808295033_304473982179215535_o.jpg 2048w\" sizes=\"auto, (max-width: 156px) 100vw, 156px\" \/><\/a><\/strong><\/p>\n<p><strong>CENCENIGHE<\/strong> La proloco ha indetto un concorso fotografico sui colori della stagione appena iniziata. Le fotografie dovranno pervenire entro il 31 ottobre all&#8217;indirizzo: concorsocoloriautunno@gmail.com. Sabato 13 novembre alle 15 la premiazione con l&#8217;esposizione delle foto al Nof Filo&#8217;. Il regolamento sul sito www.prolococencenighe.it<\/p>\n<p>&nbsp;<\/p>\n<p>&nbsp;<\/p>\n<p>&nbsp;<\/p>\n<p>&nbsp;<\/p>\n<hr \/>\n<p>&nbsp;<\/p>\n<blockquote>\n<h3>RITORNA IL MERCATINO DI SAN MARTINO<\/h3>\n<\/blockquote>\n<p><strong><a href=\"https:\/\/www.radiopiu.net\/wordpress\/giornale-radiopiu-20-ottobre-2021-direttore-mirko-mezzacasa\/b36cfb00-fd3d-49a9-8539-460df52a21aa\/\" rel=\"attachment wp-att-237824\"><img loading=\"lazy\" decoding=\"async\" class=\"wp-image-237824 alignleft\" src=\"https:\/\/www.radiopiu.net\/wordpress\/wp-content\/uploads\/2021\/10\/b36cfb00-fd3d-49a9-8539-460df52a21aa-215x300.jpg\" alt=\"\" width=\"131\" height=\"183\" srcset=\"https:\/\/www.radiopiu.net\/wordpress\/wp-content\/uploads\/2021\/10\/b36cfb00-fd3d-49a9-8539-460df52a21aa-215x300.jpg 215w, https:\/\/www.radiopiu.net\/wordpress\/wp-content\/uploads\/2021\/10\/b36cfb00-fd3d-49a9-8539-460df52a21aa.jpg 574w\" sizes=\"auto, (max-width: 131px) 100vw, 131px\" \/><\/a>BELLUNO<\/strong> Ritorna a Salce dopo un anno di arresto forzato dovuto alla pandemia Covid il \u201cMercatino di San Martino\u201d, che rappresenta non solo un&#8217;opportunit\u00e0 di solidariet\u00e0, ma anche una delle pi\u00f9 belle feste paesane del periodo autunnale. In oltre 30 anni di storia il mercatino continua ancor oggi ad unire occasioni di intrattenimento e fratellanza. L\u2019appuntamento, nel rispetto delle normative anti contagio, in questo 2021 \u00e8 per domenica 7 novembre presso il campo sportivo di Salce \u2013 \u201ccasetta degli Alpini\u201d con inizio alle ore 9.00. Saranno a disposizione dei visitatori non solo prodotti ortofrutticoli locali, ma anche prodotti dolciari come i tipici crostoli, le torte, i biscotti e gli oggetti frutto dell\u2019artigianato locale. Una delle chicche pi\u00f9 apprezzate dai visitatori sono i prodotti \u201ctake-away\u201d come i pasticci pronti da infornare, le trippe, i canederli e molto altro ancora. Per facilitare la vendita ed evitare assembramenti alcuni prodotti sono pre ordinabili al telefono o online: tutte le informazioni utili nel sito www.parrocchiadisalce.it.<\/p>\n<\/div>\n<div dir=\"auto\">\n<p>&nbsp;<\/p>\n<p>&nbsp;<\/p>\n<hr \/>\n<p>&nbsp;<\/p>\n<blockquote>\n<h3>I\u2019M THE REVOLUTION: UNITE PER RAWA, A SOSTEGNO DELLE DONNE DELL\u2019AFGHANISTAN E DELLE LORO LOTTE<\/h3>\n<\/blockquote>\n<p><strong>BELLUNO<\/strong> \u00c8 in programma per oggi al Cinema Italia di Belluno la proiezione del film &#8220;I&#8217;M The Revolution&#8221; un documentario del 2019. L&#8217;invito a partecipare alla proiezione della pellicola arriva da l&#8217;Associazione Non Una Di Meno.\u00a0 \u00c9 preferibile prenotarsi sul sito <a href=\"http:\/\/www.eventbrite.it\/\">www.eventbrite.it<\/a> o con messaggio al 348 7793 483. Per partecipare alla proiezione \u00e8 necessario il green pass e la mascherina<\/p>\n<p>&nbsp;<\/p>\n<p>&nbsp;<\/p>\n<hr \/>\n<p>&nbsp;<\/p>\n<blockquote>\n<h3>DOMANI CINEMA PER BAMBINI A FONZASO<\/h3>\n<\/blockquote>\n<p><strong>FONZASO <\/strong>\u00a0Domani alle 17.00 all\u2019ex-scuola elementare di Arten a Fonzaso verr\u00e0 proiettato il film di animazione \u201cLa famosa invasione degli orsi in Sicilia\u201d. Secondo quanto previsto dalle normative nazionali, a partire dai 12 anni di et\u00e0 per partecipare alla proiezione \u00e8 obbligatorio esibire il green pass.\u00a0 L\u2019iniziativa \u00e8 gratuita, su prenotazione:\u00a0 <a title=\"https:\/\/dolomitihub.it\/la-famosa-invasione-degli-orsi-in-sicilia-2\/\" href=\"https:\/\/dolomitihub.it\/la-famosa-invasione-degli-orsi-in-sicilia-2\/\">https:\/\/dolomitihub.it\/la-famosa-invasione-degli-orsi-in-sicilia-2\/<\/a><\/p>\n<p>&nbsp;<\/p>\n<p>&nbsp;<\/p>\n<hr \/>\n<p>&nbsp;<\/p>\n<blockquote>\n<h3>\u00a0IN VIVO VERSO, SETTIMA STAGIONE CON BRUNELLA MORO, DAL LUNEDI AL VENERDI ALLE 7.10, 10.10 E 18.50<\/h3>\n<\/blockquote>\n<p lang=\"es-ES\">AUDIO<\/p>\n<audio class=\"wp-audio-shortcode\" id=\"audio-239684-18\" preload=\"none\" style=\"width: 100%;\" controls=\"controls\"><source type=\"audio\/mpeg\" src=\"https:\/\/www.radiopiu.net\/wordpress\/wp-content\/uploads\/2020\/10\/VIVO-VERSO-VEN.mp3?_=18\" \/><a href=\"https:\/\/www.radiopiu.net\/wordpress\/wp-content\/uploads\/2020\/10\/VIVO-VERSO-VEN.mp3\">https:\/\/www.radiopiu.net\/wordpress\/wp-content\/uploads\/2020\/10\/VIVO-VERSO-VEN.mp3<\/a><\/audio>\n<p>&nbsp;<\/p>\n<p>&nbsp;<\/p>\n<p lang=\"es-ES\"><span style=\"font-family: Verdana, sans-serif;\"><span style=\"font-size: small;\"><a href=\"https:\/\/www.radiopiu.net\/wordpress\/tempo-di-sara-casal\/5-sara-casal-foto\/\" rel=\"attachment wp-att-239743\"><img loading=\"lazy\" decoding=\"async\" class=\"size-medium wp-image-239743 alignleft\" src=\"https:\/\/www.radiopiu.net\/wordpress\/wp-content\/uploads\/2021\/10\/5-sara-casal-foto-296x300.jpg\" alt=\"\" width=\"296\" height=\"300\" srcset=\"https:\/\/www.radiopiu.net\/wordpress\/wp-content\/uploads\/2021\/10\/5-sara-casal-foto-296x300.jpg 296w, https:\/\/www.radiopiu.net\/wordpress\/wp-content\/uploads\/2021\/10\/5-sara-casal-foto-768x780.jpg 768w, https:\/\/www.radiopiu.net\/wordpress\/wp-content\/uploads\/2021\/10\/5-sara-casal-foto.jpg 933w\" sizes=\"auto, (max-width: 296px) 100vw, 296px\" \/><\/a>Piove <\/span><\/span><\/p>\n<p lang=\"es-ES\"><span style=\"font-family: Verdana, sans-serif;\"><span style=\"font-size: small;\">un settembre<\/span><\/span><\/p>\n<p lang=\"es-ES\"><span style=\"font-family: Verdana, sans-serif;\"><span style=\"font-size: small;\">magico finito,<\/span><\/span><\/p>\n<p lang=\"es-ES\"><span style=\"font-family: Verdana, sans-serif;\"><span style=\"font-size: small;\">passeggio sotto la pioggia<\/span><\/span><\/p>\n<p lang=\"es-ES\"><span style=\"font-family: Verdana, sans-serif;\"><span style=\"font-size: small;\">come pioppo in paradiso<\/span><\/span><\/p>\n<p lang=\"es-ES\"><span style=\"font-family: Verdana, sans-serif;\"><span style=\"font-size: small;\">pronuncio piccole parole<\/span><\/span><\/p>\n<p lang=\"es-ES\"><span style=\"font-family: Verdana, sans-serif;\"><span style=\"font-size: small;\">pronunciate piano per non impedire <\/span><\/span><\/p>\n<p lang=\"es-ES\"><span style=\"font-family: Verdana, sans-serif;\"><span style=\"font-size: small;\">al silenzio di parlare.<\/span><\/span><\/p>\n<p lang=\"es-ES\"><span style=\"font-family: Verdana, sans-serif;\"><span style=\"font-size: small;\">Nel passato tremano <\/span><\/span><\/p>\n<p lang=\"es-ES\"><span style=\"font-family: Verdana, sans-serif;\"><span style=\"font-size: small;\">i giorni dell&#8217;avvenire ignoto, <\/span><\/span><\/p>\n<p lang=\"es-ES\"><span style=\"font-family: Verdana, sans-serif;\"><span style=\"font-size: small;\">mentr&#8217;oggi piango pur sapendo <\/span><\/span><\/p>\n<p lang=\"es-ES\"><span style=\"font-family: Verdana, sans-serif;\"><span style=\"font-size: small;\">lo ieri.<\/span><\/span><\/p>\n<p lang=\"es-ES\"><span style=\"font-family: Verdana, sans-serif;\"><span style=\"font-size: small;\">Cerco la Luna <\/span><\/span><\/p>\n<p lang=\"es-ES\"><span style=\"font-family: Verdana, sans-serif;\"><span style=\"font-size: small;\">che finisce il suo ciclo <\/span><\/span><\/p>\n<p lang=\"es-ES\"><span style=\"font-family: Verdana, sans-serif;\"><span style=\"font-size: small;\">e la sento punzecchiare e<\/span><\/span><\/p>\n<p lang=\"es-ES\"><span style=\"font-family: Verdana, sans-serif;\"><span style=\"font-size: small;\">passare anch&#8217;essa, compagna<\/span><\/span><\/p>\n<p lang=\"es-ES\"><span style=\"font-family: Verdana, sans-serif;\"><span style=\"font-size: small;\">in possesso di pena,<\/span><\/span><\/p>\n<p lang=\"es-ES\"><span style=\"font-family: Verdana, sans-serif;\"><span style=\"font-size: small;\">nel pavone il rosso tocca<\/span><\/span><\/p>\n<p lang=\"es-ES\"><span style=\"font-family: Verdana, sans-serif;\"><span style=\"font-size: small;\">il mio timbro di voce.<\/span><\/span><\/p>\n<p lang=\"es-ES\"><span style=\"font-family: Verdana, sans-serif;\"><span style=\"font-size: small;\">Respiro musica e ticchettio di pioggia<\/span><\/span><\/p>\n<p lang=\"es-ES\"><span style=\"font-family: Verdana, sans-serif;\"><span style=\"font-size: small;\">(sul mondo), l&#8217;accolgo come faggio<\/span><\/span><\/p>\n<p lang=\"es-ES\"><span style=\"font-family: Verdana, sans-serif;\"><span style=\"font-size: small;\">che la ferma mentre guardo il paese risorgere<\/span><\/span><\/p>\n<p lang=\"es-ES\"><span style=\"font-family: Verdana, sans-serif;\"><span style=\"font-size: small;\">e gli odori rinascere.<\/span><\/span><\/p>\n<p lang=\"es-ES\"><span style=\"font-family: Verdana, sans-serif;\"><span style=\"font-size: small;\">Rumoreggiano i fili della tensione,<\/span><\/span><\/p>\n<p lang=\"es-ES\"><span style=\"font-family: Verdana, sans-serif;\"><span style=\"font-size: small;\">la luce del campo sportivo,<\/span><\/span><\/p>\n<p lang=\"es-ES\"><span style=\"font-family: Verdana, sans-serif;\"><span style=\"font-size: small;\">i riflessi nel lago\u2026<\/span><\/span><\/p>\n<p lang=\"es-ES\"><span style=\"font-family: Verdana, sans-serif;\"><span style=\"font-size: small;\">Io vi passo attraverso.<\/span><\/span><\/p>\n<p lang=\"es-ES\"><span style=\"font-family: Verdana, sans-serif;\"><span style=\"font-size: small;\">Penso a questa vita e al tempo che risucchia,<\/span><\/span><\/p>\n<p lang=\"es-ES\"><span style=\"font-family: Verdana, sans-serif;\"><span style=\"font-size: small;\">alle cose per piacere non fatte,<\/span><\/span><\/p>\n<p lang=\"es-ES\"><span style=\"font-family: Verdana, sans-serif;\"><span style=\"font-size: small;\">alle ore per dovere spese,<\/span><\/span><\/p>\n<p lang=\"es-ES\"><span style=\"font-family: Verdana, sans-serif;\"><span style=\"font-size: small;\">al desiderio scemato perch\u00e9 scordato.<\/span><\/span><\/p>\n<p lang=\"es-ES\"><span style=\"font-family: Verdana, sans-serif;\"><span style=\"font-size: small;\">Dalla cima della montagna un varco suona<\/span><\/span><\/p>\n<p lang=\"es-ES\"><span style=\"font-family: Verdana, sans-serif;\"><span style=\"font-size: small;\">e troneggia appena, \u00e9 apocalisse lontana.<\/span><\/span><\/p>\n<p lang=\"es-ES\"><span style=\"font-family: Verdana, sans-serif;\"><span style=\"font-size: small;\">Il tempo e la voglia se ne vanno,<\/span><\/span><\/p>\n<p lang=\"es-ES\"><span style=\"font-family: Verdana, sans-serif;\"><span style=\"font-size: small;\">si chiudono in un barattolo in cantina,<\/span><\/span><\/p>\n<p lang=\"es-ES\"><span style=\"font-family: Verdana, sans-serif;\"><span style=\"font-size: small;\">chiusura ermetica, lucchetto,<\/span><\/span><\/p>\n<p lang=\"es-ES\"><span style=\"font-family: Verdana, sans-serif;\"><span style=\"font-size: small;\">numero d&#8217;inventario, data di composizione,<\/span><\/span><\/p>\n<p lang=\"es-ES\"><span style=\"font-family: Verdana, sans-serif;\"><span style=\"font-size: small;\">quasi ad illuderne<\/span><\/span><\/p>\n<p lang=\"es-ES\"><span style=\"font-family: Verdana, sans-serif;\"><span style=\"font-size: small;\">il passaggio.<\/span><\/span><\/p>\n<p>&nbsp;<\/p>\n<p>&nbsp;<\/p>\n<p><strong>LA RACCOLTA COMPLETA\u00a0 \u00a0<\/strong><\/p>\n<blockquote class=\"wp-embedded-content\" data-secret=\"XCDH4gyyFK\"><p><a href=\"https:\/\/www.radiopiu.net\/wordpress\/in-vivo-verso\/\">In Vivo Verso<\/a><\/p><\/blockquote>\n<p><iframe loading=\"lazy\" class=\"wp-embedded-content\" sandbox=\"allow-scripts\" security=\"restricted\" style=\"position: absolute; clip: rect(1px, 1px, 1px, 1px);\" title=\"&#8220;In Vivo Verso&#8221; &#8212; Radio Pi\u00f9\" src=\"https:\/\/www.radiopiu.net\/wordpress\/in-vivo-verso\/embed\/#?secret=XCDH4gyyFK\" data-secret=\"XCDH4gyyFK\" width=\"600\" height=\"338\" frameborder=\"0\" marginwidth=\"0\" marginheight=\"0\" scrolling=\"no\"><\/iframe><\/p>\n<p>&nbsp;<\/p>\n<p>&nbsp;<\/p>\n<p>&nbsp;<\/p>\n<div class=\"ecm0bbzt e5nlhep0 a8c37x1j\">\n<div class=\"kvgmc6g5 cxmmr5t8 oygrvhab hcukyx3x c1et5uql\">\n<div class=\"gmail-kvgmc6g5 gmail-cxmmr5t8 gmail-oygrvhab gmail-hcukyx3x gmail-c1et5uql gmail-ii04i59q\">\n<div class=\"page-title-head hgroup\">\n<div class=\"page-title-head hgroup\">\n<div class=\"b654a4as d2edcug0\">\n<div class=\"j83agx80 btwxx1t3 lhclo0ds hop8lmos nkwizq5d scwd0bx6 roh60bw9\">\n<div class=\"rq0escxv hkbzh7o3 jwdofwj8 n8tt0mok r8blr3vg hyh9befq\">\n<div class=\"do00u71z l9j0dhe7 k4urcfbm\">\n<hr \/>\n<p>&nbsp;<\/p>\n<p>&nbsp;<\/p>\n<p>&nbsp;<\/p>\n<h2><span style=\"color: #ff6600;\">CONNESSI di Luisa Manfroi<\/span><\/h2>\n<p>&nbsp;<\/p>\n<blockquote class=\"wp-embedded-content\" data-secret=\"NbsZqunJnr\"><p><a href=\"https:\/\/www.radiopiu.net\/wordpress\/connessi-2\/\">Connessi<\/a><\/p><\/blockquote>\n<p><iframe loading=\"lazy\" class=\"wp-embedded-content\" sandbox=\"allow-scripts\" security=\"restricted\" style=\"position: absolute; clip: rect(1px, 1px, 1px, 1px);\" title=\"&#8220;Connessi&#8221; &#8212; Radio Pi\u00f9\" src=\"https:\/\/www.radiopiu.net\/wordpress\/connessi-2\/embed\/#?secret=NbsZqunJnr\" data-secret=\"NbsZqunJnr\" width=\"600\" height=\"338\" frameborder=\"0\" marginwidth=\"0\" marginheight=\"0\" scrolling=\"no\"><\/iframe><\/p>\n<p>&nbsp;<\/p>\n<p>&nbsp;<\/p>\n<p>&nbsp;<\/p>\n<hr \/>\n<p>&nbsp;<\/p>\n<p><span style=\"color: #0000ff;\">MUSICA PIU&#8217;<\/span><\/p>\n<p>&nbsp;<\/p>\n<div class=\"mkdf-post-text\">\n<div class=\"mkdf-post-text-inner\">\n<div class=\"mkdf-post-text-main\">\n<div class=\"mkdf-post-text\">\n<div class=\"mkdf-post-text-inner\">\n<div class=\"mkdf-post-text-main\">\n<div class=\"mkdf-post-text\">\n<div class=\"mkdf-post-text-inner\">\n<div class=\"mkdf-post-text-main\">\n<div class=\"page-title-head hgroup\">\n<div class=\"page-title-head hgroup\">\n<div class=\"mkdf-post-text\">\n<div class=\"mkdf-post-text-inner\">\n<div class=\"mkdf-post-text-main\">\n<div class=\"mkdf-post-text\">\n<div class=\"mkdf-post-text-inner\">\n<div class=\"mkdf-post-text-main\">\n<div class=\"page-title-head hgroup\">\n<div class=\"page-title-head hgroup\">\n<div class=\"page-title-head hgroup\">\n<div class=\"page-title-head hgroup\">\n<div class=\"b654a4as d2edcug0\">\n<div class=\"page-title-head hgroup\">\n<div class=\"page-title-head hgroup\">\n<div class=\"page-title-head hgroup\">\n<div class=\"page-title-head hgroup\">\n<div class=\"b654a4as d2edcug0\">\n<div class=\"page-title-head hgroup\">\n<div class=\"page-title-head hgroup\">\n<div class=\"page-title-head hgroup\">\n<div class=\"page-title-head hgroup\">\n<div class=\"b654a4as d2edcug0\">\n<div>\n<div>\n<div class=\"mkdf-post-text\">\n<div class=\"mkdf-post-text-inner\">\n<div class=\"mkdf-post-text-main\">\n<div class=\"mkdf-post-text\">\n<div class=\"mkdf-post-text-inner\">\n<div class=\"mkdf-post-text-main\">\n<div class=\"mkdf-post-text\">\n<div class=\"mkdf-post-text-inner\">\n<div class=\"mkdf-post-text-main\">\n<div class=\"page-title-head hgroup\">\n<div class=\"page-title-head hgroup\">\n<div class=\"mkdf-post-text\">\n<div class=\"mkdf-post-text-inner\">\n<div class=\"mkdf-post-text-main\">\n<div class=\"mkdf-post-text\">\n<div class=\"mkdf-post-text-inner\">\n<div class=\"mkdf-post-text-main\">\n<div class=\"page-title-head hgroup\">\n<div class=\"page-title-head hgroup\">\n<div class=\"page-title-head hgroup\">\n<div class=\"page-title-head hgroup\">\n<div class=\"b654a4as d2edcug0\">\n<div class=\"page-title-head hgroup\">\n<div class=\"page-title-head hgroup\">\n<div class=\"page-title-head hgroup\">\n<div class=\"page-title-head hgroup\">\n<div class=\"b654a4as d2edcug0\">\n<div class=\"page-title-head hgroup\">\n<div class=\"page-title-head hgroup\">\n<div class=\"page-title-head hgroup\">\n<div class=\"page-title-head hgroup\">\n<div class=\"b654a4as d2edcug0\">\n<div><a href=\"https:\/\/www.radiopiu.net\/wordpress\/giornale-radiopiu-20-settembre-2021-direttore-mirko-mezzacasa\/pp-79\/\" rel=\"attachment wp-att-232921\"><img loading=\"lazy\" decoding=\"async\" class=\"wp-image-232921 alignleft\" src=\"https:\/\/www.radiopiu.net\/wordpress\/wp-content\/uploads\/2021\/09\/pp-1-300x300.jpg\" alt=\"\" width=\"135\" height=\"135\" srcset=\"https:\/\/www.radiopiu.net\/wordpress\/wp-content\/uploads\/2021\/09\/pp-1-300x300.jpg 300w, https:\/\/www.radiopiu.net\/wordpress\/wp-content\/uploads\/2021\/09\/pp-1-150x150.jpg 150w, https:\/\/www.radiopiu.net\/wordpress\/wp-content\/uploads\/2021\/09\/pp-1.jpg 640w\" sizes=\"auto, (max-width: 135px) 100vw, 135px\" \/><\/a><\/div>\n<div><\/div>\n<div><\/div>\n<div>\n<p><strong>MUSICA ALLA RADIO, IL PROGRAMMA DI LORIS SCUSSEL &#8220;COLLAGE OPERAZIONE NOSTALGIA&#8221; DAL LUNEDI AL VENERDI ALLE 16.00\u00a0 E ALLE 23\u00a0<\/strong><\/p>\n<\/div>\n<p>&nbsp;<\/p>\n<p>&nbsp;<\/p>\n<p><strong>puntata del 29 ottobre 465<\/strong><\/p>\n<\/div>\n<\/div>\n<\/div>\n<\/div>\n<\/div>\n<\/div>\n<\/div>\n<\/div>\n<\/div>\n<\/div>\n<\/div>\n<\/div>\n<\/div>\n<\/div>\n<\/div>\n<\/div>\n<\/div>\n<\/div>\n<\/div>\n<\/div>\n<\/div>\n<\/div>\n<\/div>\n<\/div>\n<\/div>\n<\/div>\n<\/div>\n<\/div>\n<\/div>\n<\/div>\n<\/div>\n<\/div>\n<\/div>\n<div class=\"mkdf-post-text\">\n<div class=\"mkdf-post-text-inner\">\n<div class=\"mkdf-post-text-main\">\n<div class=\"mkdf-post-text\">\n<div class=\"mkdf-post-text-inner\">\n<div class=\"mkdf-post-text-main\">\n<div class=\"mkdf-post-text\">\n<div class=\"mkdf-post-text-inner\">\n<div class=\"mkdf-post-text-main\">\n<div class=\"page-title-head hgroup\">\n<div class=\"page-title-head hgroup\">\n<div class=\"mkdf-post-text\">\n<div class=\"mkdf-post-text-inner\">\n<div class=\"mkdf-post-text-main\">\n<div class=\"mkdf-post-text\">\n<div class=\"mkdf-post-text-inner\">\n<div class=\"mkdf-post-text-main\">\n<div class=\"page-title-head hgroup\">\n<div class=\"page-title-head hgroup\">\n<div class=\"page-title-head hgroup\">\n<div class=\"page-title-head hgroup\">\n<div class=\"b654a4as d2edcug0\">\n<div class=\"page-title-head hgroup\">\n<div class=\"page-title-head hgroup\">\n<div class=\"page-title-head hgroup\">\n<div class=\"page-title-head hgroup\">\n<div class=\"b654a4as d2edcug0\">\n<div class=\"page-title-head hgroup\">\n<div class=\"page-title-head hgroup\">\n<div class=\"page-title-head hgroup\">\n<div class=\"page-title-head hgroup\">\n<div class=\"b654a4as d2edcug0\">\n<audio class=\"wp-audio-shortcode\" id=\"audio-239684-19\" preload=\"none\" style=\"width: 100%;\" controls=\"controls\"><source type=\"audio\/mpeg\" src=\"https:\/\/www.radiopiu.net\/wordpress\/wp-content\/uploads\/2021\/10\/Collage-465.mp3?_=19\" \/><a href=\"https:\/\/www.radiopiu.net\/wordpress\/wp-content\/uploads\/2021\/10\/Collage-465.mp3\">https:\/\/www.radiopiu.net\/wordpress\/wp-content\/uploads\/2021\/10\/Collage-465.mp3<\/a><\/audio>\n<p>&nbsp;<\/p>\n<\/div>\n<\/div>\n<\/div>\n<\/div>\n<\/div>\n<\/div>\n<\/div>\n<\/div>\n<\/div>\n<\/div>\n<\/div>\n<\/div>\n<\/div>\n<\/div>\n<\/div>\n<\/div>\n<\/div>\n<\/div>\n<\/div>\n<\/div>\n<\/div>\n<\/div>\n<\/div>\n<\/div>\n<\/div>\n<\/div>\n<\/div>\n<\/div>\n<\/div>\n<\/div>\n<\/div>\n<\/div>\n<\/div>\n<\/div>\n<\/div>\n<\/div>\n<\/div>\n<\/div>\n<\/div>\n<\/div>\n<\/div>\n<\/div>\n<\/div>\n<\/div>\n<\/div>\n<\/div>\n<\/div>\n<\/div>\n<\/div>\n<\/div>\n<\/div>\n<\/div>\n<\/div>\n<\/div>\n<\/div>\n<\/div>\n<\/div>\n<\/div>\n<\/div>\n<\/div>\n<\/div>\n<\/div>\n<\/div>\n<\/div>\n<\/div>\n<blockquote class=\"wp-embedded-content\" data-secret=\"PLQIkl0WMq\"><p><a href=\"https:\/\/www.radiopiu.net\/wordpress\/freemix-la-liberta-musicale-mixata-da-dj-athos-e-raccontata-da-dj-jack\/\">FREEMIX, LA LIBERTA&#8217; MUSICALE MIXATA DA DJ ATHOS E RACCONTATA DA DJ JACK<\/a><\/p><\/blockquote>\n<p><iframe loading=\"lazy\" class=\"wp-embedded-content\" sandbox=\"allow-scripts\" security=\"restricted\" style=\"position: absolute; clip: rect(1px, 1px, 1px, 1px);\" title=\"&#8220;FREEMIX, LA LIBERTA&#8217; MUSICALE MIXATA DA DJ ATHOS E RACCONTATA DA DJ JACK&#8221; &#8212; Radio Pi\u00f9\" src=\"https:\/\/www.radiopiu.net\/wordpress\/freemix-la-liberta-musicale-mixata-da-dj-athos-e-raccontata-da-dj-jack\/embed\/#?secret=PLQIkl0WMq\" data-secret=\"PLQIkl0WMq\" width=\"600\" height=\"338\" frameborder=\"0\" marginwidth=\"0\" marginheight=\"0\" scrolling=\"no\"><\/iframe><\/p>\n<p>&nbsp;<\/p>\n<p>&nbsp;<\/p>\n<blockquote class=\"wp-embedded-content\" data-secret=\"HxsA5LsU1h\"><p><a href=\"https:\/\/www.radiopiu.net\/wordpress\/da-ieri-alla-radio-in-palinsesto-loris-e-maurizio-con-la-grande-musica\/\">IL BLUES ALLA RADIO &#8230; COME NON L&#8217;AVETE MAI SENTITO PRIMA<\/a><\/p><\/blockquote>\n<p><iframe loading=\"lazy\" class=\"wp-embedded-content\" sandbox=\"allow-scripts\" security=\"restricted\" style=\"position: absolute; clip: rect(1px, 1px, 1px, 1px);\" title=\"&#8220;IL BLUES ALLA RADIO &#8230; COME NON L&#8217;AVETE MAI SENTITO PRIMA&#8221; &#8212; Radio Pi\u00f9\" src=\"https:\/\/www.radiopiu.net\/wordpress\/da-ieri-alla-radio-in-palinsesto-loris-e-maurizio-con-la-grande-musica\/embed\/#?secret=HxsA5LsU1h\" data-secret=\"HxsA5LsU1h\" width=\"600\" height=\"338\" frameborder=\"0\" marginwidth=\"0\" marginheight=\"0\" scrolling=\"no\"><\/iframe><\/p>\n<p>&nbsp;<\/p>\n<p>&nbsp;<\/p>\n<p>&nbsp;<\/p>\n<p>&nbsp;<\/p>\n<hr \/>\n<p>&nbsp;<\/p>\n<blockquote>\n<h3><span style=\"color: #0000ff;\">INFORMAZIONE il canale su TELEGRAM informazione di prima mano e in tempo reale. iscriviti ed aiutaci a farlo conoscere\u00a0\u00a0<\/span><\/h3>\n<\/blockquote>\n<div>\n<div class=\"page-title-head hgroup\">\n<div class=\"page-title-head hgroup\">\n<div class=\"page-title-head hgroup\">\n<div class=\"page-title-head hgroup\">\n<div class=\"b654a4as d2edcug0\">\n<div class=\"page-title-head hgroup\">\n<div class=\"page-title-head hgroup\">\n<div class=\"page-title-head hgroup\">\n<div class=\"page-title-head hgroup\">\n<div class=\"b654a4as d2edcug0\">\n<div class=\"page-title-head hgroup\">\n<div class=\"page-title-head hgroup\">\n<div class=\"page-title-head hgroup\">\n<div class=\"page-title-head hgroup\">\n<div class=\"page-title-head hgroup\">\n<div>\n<div>\n<div>\n<div>\n<div>\n<div class=\"page-title-head hgroup\">\n<div class=\"page-title-head hgroup\">\n<div class=\"page-title-head hgroup\">\n<div class=\"page-title-head hgroup\">\n<div class=\"b654a4as d2edcug0\">\n<div class=\"page-title-head hgroup\">\n<div class=\"page-title-head hgroup\">\n<div class=\"page-title-head hgroup\">\n<div class=\"page-title-head hgroup\">\n<div class=\"b654a4as d2edcug0\">\n<div>\n<p>&nbsp;<\/p>\n<\/div>\n<div>\n<div class=\"page-title-head hgroup\">\n<div class=\"page-title-head hgroup\">\n<div class=\"page-title-head hgroup\">\n<div class=\"page-title-head hgroup\">\n<div class=\"page-title-head hgroup\">\n<div class=\"b654a4as d2edcug0\">\n<div>\n<hr \/>\n<\/div>\n<\/div>\n<div>\n<div>\n<div>\n<div>\n<p>&nbsp;<\/p>\n<\/div>\n<div>\n<div>\n<div>\n<p>&nbsp;<\/p>\n<\/div>\n<div>\n<div>\n<p><strong>DUE MINUTI UN LIBRO, TUTTI I GIORNI ALLA RADIO ALLE 9.40 E ALLE 17.50<\/strong><\/p>\n<div>\n<div>\n<p><strong>LA RACCOLTA COMPLETA\u00a0\u00a0<\/strong><\/p>\n<\/div>\n<div>\n<blockquote class=\"wp-embedded-content\" data-secret=\"HcZnc9Sunq\"><p><a href=\"https:\/\/www.radiopiu.net\/wordpress\/due-minuti-un-libro\/\">Due minuti un libro<\/a><\/p><\/blockquote>\n<p><iframe loading=\"lazy\" class=\"wp-embedded-content\" sandbox=\"allow-scripts\" security=\"restricted\" style=\"position: absolute; clip: rect(1px, 1px, 1px, 1px);\" title=\"&#8220;Due minuti un libro&#8221; &#8212; Radio Pi\u00f9\" src=\"https:\/\/www.radiopiu.net\/wordpress\/due-minuti-un-libro\/embed\/#?secret=HcZnc9Sunq\" data-secret=\"HcZnc9Sunq\" width=\"600\" height=\"338\" frameborder=\"0\" marginwidth=\"0\" marginheight=\"0\" scrolling=\"no\"><\/iframe><\/p>\n<p>&nbsp;<\/p>\n<\/div>\n<\/div>\n<\/div>\n<div class=\"mkdf-post-text\">\n<div class=\"mkdf-post-text-inner\">\n<div class=\"mkdf-post-text-main\">\n<div class=\"mkdf-post-text\">\n<div class=\"mkdf-post-text-inner\">\n<div class=\"mkdf-post-text-main\">\n<div class=\"mkdf-post-text\">\n<div class=\"mkdf-post-text-inner\">\n<div class=\"mkdf-post-text-main\">\n<div class=\"page-title-head hgroup\">\n<div class=\"page-title-head hgroup\">\n<div class=\"mkdf-post-text\">\n<div class=\"mkdf-post-text-inner\">\n<div class=\"mkdf-post-text-main\">\n<div class=\"mkdf-post-text\">\n<div class=\"mkdf-post-text-inner\">\n<div class=\"mkdf-post-text-main\">\n<div class=\"page-title-head hgroup\">\n<div class=\"page-title-head hgroup\">\n<div class=\"page-title-head hgroup\">\n<div class=\"page-title-head hgroup\">\n<div class=\"b654a4as d2edcug0\">\n<div class=\"page-title-head hgroup\">\n<div class=\"page-title-head hgroup\">\n<div class=\"page-title-head hgroup\">\n<div class=\"page-title-head hgroup\">\n<div class=\"b654a4as d2edcug0\">\n<div class=\"page-title-head hgroup\">\n<div class=\"page-title-head hgroup\">\n<div class=\"page-title-head hgroup\">\n<div class=\"page-title-head hgroup\">\n<div class=\"b654a4as d2edcug0\">\n<div>\n<p>&nbsp;<\/p>\n<p>&nbsp;<\/p>\n<\/div>\n<div>\n<hr \/>\n<p>&nbsp;<\/p>\n<\/div>\n<div>\n<h2><span style=\"color: #808000;\">L&#8217;ALMANACCO LADINO\u00a0\u00a0<\/span><\/h2>\n<p><strong>LA PUNTATA DELLA SETTIMANA\u00a0 NUMERO 69<\/strong><\/p>\n<audio class=\"wp-audio-shortcode\" id=\"audio-239684-20\" preload=\"none\" style=\"width: 100%;\" controls=\"controls\"><source type=\"audio\/mpeg\" src=\"https:\/\/www.radiopiu.net\/wordpress\/wp-content\/uploads\/2021\/10\/69\u00b0Almanacco-Ladino_Col.mp3?_=20\" \/><a href=\"https:\/\/www.radiopiu.net\/wordpress\/wp-content\/uploads\/2021\/10\/69\u00b0Almanacco-Ladino_Col.mp3\">https:\/\/www.radiopiu.net\/wordpress\/wp-content\/uploads\/2021\/10\/69\u00b0Almanacco-Ladino_Col.mp3<\/a><\/audio>\n<p>&nbsp;<\/p>\n<p><strong>LA RACCOLTA<\/strong><\/p>\n<blockquote class=\"wp-embedded-content\" data-secret=\"joanbNBgXf\"><p><a href=\"https:\/\/www.radiopiu.net\/wordpress\/almanacco-ladino\/\">Almanacco Ladino<\/a><\/p><\/blockquote>\n<p><iframe loading=\"lazy\" class=\"wp-embedded-content\" sandbox=\"allow-scripts\" security=\"restricted\" style=\"position: absolute; clip: rect(1px, 1px, 1px, 1px);\" title=\"&#8220;Almanacco Ladino&#8221; &#8212; Radio Pi\u00f9\" src=\"https:\/\/www.radiopiu.net\/wordpress\/almanacco-ladino\/embed\/#?secret=joanbNBgXf\" data-secret=\"joanbNBgXf\" width=\"600\" height=\"338\" frameborder=\"0\" marginwidth=\"0\" marginheight=\"0\" scrolling=\"no\"><\/iframe><\/p>\n<hr \/>\n<p>&nbsp;<\/p>\n<blockquote>\n<blockquote>\n<h3><\/h3>\n<\/blockquote>\n<\/blockquote>\n<p>&nbsp;<\/p>\n<blockquote class=\"wp-embedded-content\" data-secret=\"3q9cUV9N80\"><p><a href=\"https:\/\/www.radiopiu.net\/wordpress\/rassegna-stampa-di-gianni-santomaso\/\">Rassegna stampa da l&#8217;amico del popolo &#8211; di Gianni Santomaso<\/a><\/p><\/blockquote>\n<p><iframe loading=\"lazy\" class=\"wp-embedded-content\" sandbox=\"allow-scripts\" security=\"restricted\" style=\"position: absolute; clip: rect(1px, 1px, 1px, 1px);\" title=\"&#8220;Rassegna stampa da l&#8217;amico del popolo &#8211; di Gianni Santomaso&#8221; &#8212; Radio Pi\u00f9\" src=\"https:\/\/www.radiopiu.net\/wordpress\/rassegna-stampa-di-gianni-santomaso\/embed\/#?secret=3q9cUV9N80\" data-secret=\"3q9cUV9N80\" width=\"600\" height=\"338\" frameborder=\"0\" marginwidth=\"0\" marginheight=\"0\" scrolling=\"no\"><\/iframe><\/p>\n<p>&nbsp;<\/p>\n<\/div>\n<\/div>\n<\/div>\n<\/div>\n<\/div>\n<\/div>\n<\/div>\n<\/div>\n<\/div>\n<\/div>\n<\/div>\n<\/div>\n<\/div>\n<\/div>\n<\/div>\n<\/div>\n<\/div>\n<\/div>\n<\/div>\n<\/div>\n<\/div>\n<\/div>\n<\/div>\n<\/div>\n<\/div>\n<\/div>\n<\/div>\n<\/div>\n<\/div>\n<\/div>\n<\/div>\n<\/div>\n<\/div>\n<\/div>\n<\/div>\n<div class=\"mkdf-post-text\">\n<div class=\"mkdf-post-text-inner\">\n<div class=\"mkdf-post-text-main\">\n<div class=\"mkdf-post-text\">\n<div class=\"mkdf-post-text-inner\">\n<div class=\"mkdf-post-text-main\">\n<div class=\"mkdf-post-text\">\n<div class=\"mkdf-post-text-inner\">\n<div class=\"mkdf-post-text-main\">\n<div class=\"page-title-head hgroup\">\n<div class=\"page-title-head hgroup\">\n<div class=\"mkdf-post-text\">\n<div class=\"mkdf-post-text-inner\">\n<div class=\"mkdf-post-text-main\">\n<div class=\"mkdf-post-text\">\n<div class=\"mkdf-post-text-inner\">\n<div class=\"mkdf-post-text-main\">\n<div class=\"page-title-head hgroup\">\n<div class=\"page-title-head hgroup\">\n<div class=\"page-title-head hgroup\">\n<div class=\"page-title-head hgroup\">\n<div class=\"b654a4as d2edcug0\">\n<div class=\"page-title-head hgroup\">\n<div class=\"page-title-head hgroup\">\n<div class=\"page-title-head hgroup\">\n<div class=\"page-title-head hgroup\">\n<div class=\"b654a4as d2edcug0\">\n<div class=\"page-title-head hgroup\">\n<div class=\"page-title-head hgroup\">\n<div class=\"page-title-head hgroup\">\n<div class=\"page-title-head hgroup\">\n<div class=\"b654a4as d2edcug0\">\n<div>\n<blockquote>\n<blockquote>\n<h3><\/h3>\n<\/blockquote>\n<\/blockquote>\n<\/div>\n<\/div>\n<\/div>\n<\/div>\n<\/div>\n<\/div>\n<\/div>\n<\/div>\n<\/div>\n<\/div>\n<\/div>\n<\/div>\n<\/div>\n<\/div>\n<\/div>\n<\/div>\n<\/div>\n<\/div>\n<\/div>\n<\/div>\n<\/div>\n<\/div>\n<\/div>\n<\/div>\n<\/div>\n<\/div>\n<\/div>\n<\/div>\n<\/div>\n<\/div>\n<\/div>\n<\/div>\n<\/div>\n<\/div>\n<\/div>\n<\/div>\n<\/div>\n<\/div>\n<\/div>\n<\/div>\n<\/div>\n<\/div>\n<\/div>\n<\/div>\n<\/div>\n<\/div>\n<\/div>\n<\/div>\n<\/div>\n<\/div>\n<\/div>\n<\/div>\n<\/div>\n<\/div>\n<\/div>\n<\/div>\n<\/div>\n<div class=\"mkdf-post-text\">\n<div class=\"mkdf-post-text-inner\">\n<div class=\"mkdf-post-text-main\">\n<div class=\"mkdf-post-text\">\n<div class=\"mkdf-post-text-inner\">\n<div class=\"mkdf-post-text-main\">\n<div class=\"mkdf-post-text\">\n<div class=\"mkdf-post-text-inner\">\n<div class=\"mkdf-post-text-main\">\n<div class=\"page-title-head hgroup\">\n<div class=\"page-title-head hgroup\">\n<div class=\"mkdf-post-text\">\n<div class=\"mkdf-post-text-inner\">\n<div class=\"mkdf-post-text-main\">\n<div class=\"mkdf-post-text\">\n<div class=\"mkdf-post-text-inner\">\n<div class=\"mkdf-post-text-main\">\n<div class=\"page-title-head hgroup\">\n<div class=\"page-title-head hgroup\">\n<div class=\"page-title-head hgroup\">\n<div class=\"page-title-head hgroup\">\n<div class=\"b654a4as d2edcug0\">\n<div class=\"page-title-head hgroup\">\n<div class=\"page-title-head hgroup\">\n<div class=\"page-title-head hgroup\">\n<div class=\"page-title-head hgroup\">\n<div class=\"b654a4as d2edcug0\">\n<div class=\"page-title-head hgroup\">\n<div class=\"page-title-head hgroup\">\n<div class=\"page-title-head hgroup\">\n<div class=\"page-title-head hgroup\">\n<div class=\"b654a4as d2edcug0\">\n<p>&nbsp;<\/p>\n<\/div>\n<\/div>\n<\/div>\n<\/div>\n<\/div>\n<\/div>\n<\/div>\n<\/div>\n<\/div>\n<\/div>\n<\/div>\n<\/div>\n<\/div>\n<\/div>\n<\/div>\n<\/div>\n<\/div>\n<\/div>\n<\/div>\n<\/div>\n<\/div>\n<\/div>\n<\/div>\n<\/div>\n<\/div>\n<\/div>\n<\/div>\n<\/div>\n<\/div>\n<\/div>\n<\/div>\n<\/div>\n<\/div>\n<div class=\"mkdf-post-text\">\n<div class=\"mkdf-post-text-inner\">\n<div class=\"mkdf-post-text-main\">\n<div class=\"mkdf-post-text\">\n<div class=\"mkdf-post-text-inner\">\n<div class=\"mkdf-post-text-main\">\n<div class=\"mkdf-post-text\">\n<div class=\"mkdf-post-text-inner\">\n<div class=\"mkdf-post-text-main\">\n<div class=\"page-title-head hgroup\">\n<div class=\"page-title-head hgroup\">\n<div class=\"mkdf-post-text\">\n<div class=\"mkdf-post-text-inner\">\n<div class=\"mkdf-post-text-main\">\n<div class=\"mkdf-post-text\">\n<div class=\"mkdf-post-text-inner\">\n<div class=\"mkdf-post-text-main\">\n<div class=\"page-title-head hgroup\">\n<div class=\"page-title-head hgroup\">\n<div class=\"page-title-head hgroup\">\n<div class=\"page-title-head hgroup\">\n<div class=\"b654a4as d2edcug0\">\n<div class=\"page-title-head hgroup\">\n<div class=\"page-title-head hgroup\">\n<div class=\"page-title-head hgroup\">\n<div class=\"page-title-head hgroup\">\n<div class=\"b654a4as d2edcug0\">\n<div class=\"page-title-head hgroup\">\n<div class=\"page-title-head hgroup\">\n<div class=\"page-title-head hgroup\">\n<div class=\"page-title-head hgroup\">\n<div class=\"b654a4as d2edcug0\">\n<hr \/>\n<p>&nbsp;<\/p>\n<div class=\"ecm0bbzt e5nlhep0 a8c37x1j\">\n<div class=\"kvgmc6g5 cxmmr5t8 oygrvhab hcukyx3x c1et5uql\">\n<div class=\"gmail-kvgmc6g5 gmail-cxmmr5t8 gmail-oygrvhab gmail-hcukyx3x gmail-c1et5uql gmail-ii04i59q\">\n<div>\n<div class=\"page-title-head hgroup\">\n<div class=\"page-title-head hgroup\">\n<div class=\"b654a4as d2edcug0\">\n<div class=\"j83agx80 btwxx1t3 lhclo0ds hop8lmos nkwizq5d scwd0bx6 roh60bw9\">\n<div class=\"rq0escxv hkbzh7o3 jwdofwj8 n8tt0mok r8blr3vg hyh9befq\">\n<div class=\"do00u71z l9j0dhe7 k4urcfbm\">\n<div>\n<div>\n<div class=\"page-title-head hgroup\">\n<div class=\"page-title-head hgroup\">\n<div class=\"page-title-head hgroup\">\n<div class=\"page-title-head hgroup\">\n<div class=\"b654a4as d2edcug0\">\n<div class=\"page-title-head hgroup\">\n<div class=\"page-title-head hgroup\">\n<div class=\"page-title-head hgroup\">\n<div class=\"page-title-head hgroup\">\n<div class=\"b654a4as d2edcug0\">\n<div>\n<div class=\"page-title-head hgroup\">\n<div class=\"page-title-head hgroup\">\n<div class=\"page-title-head hgroup\">\n<div class=\"page-title-head hgroup\">\n<div class=\"page-title-head hgroup\">\n<div class=\"mkdf-post-text\">\n<div class=\"mkdf-post-text-inner\">\n<div class=\"mkdf-post-text-main\">\n<div class=\"mkdf-post-text\">\n<div class=\"mkdf-post-text-inner\">\n<div class=\"mkdf-post-text-main\">\n<div class=\"mkdf-post-text\">\n<div class=\"mkdf-post-text-inner\">\n<div class=\"mkdf-post-text-main\">\n<div class=\"page-title-head hgroup\">\n<div class=\"page-title-head hgroup\">\n<div class=\"mkdf-post-text\">\n<div class=\"mkdf-post-text-inner\">\n<div class=\"mkdf-post-text-main\">\n<div class=\"mkdf-post-text\">\n<div class=\"mkdf-post-text-inner\">\n<div class=\"mkdf-post-text-main\">\n<div class=\"page-title-head hgroup\">\n<div class=\"page-title-head hgroup\">\n<div class=\"page-title-head hgroup\">\n<div class=\"page-title-head hgroup\">\n<div class=\"b654a4as d2edcug0\">\n<div class=\"page-title-head hgroup\">\n<div class=\"page-title-head hgroup\">\n<div class=\"page-title-head hgroup\">\n<div class=\"page-title-head hgroup\">\n<div class=\"b654a4as d2edcug0\">\n<div class=\"page-title-head hgroup\">\n<div class=\"page-title-head hgroup\">\n<div class=\"page-title-head hgroup\">\n<div class=\"page-title-head hgroup\">\n<div class=\"b654a4as d2edcug0\">\n<div>\n<p>&nbsp;<\/p>\n<\/div>\n<\/div>\n<\/div>\n<\/div>\n<\/div>\n<\/div>\n<\/div>\n<\/div>\n<\/div>\n<\/div>\n<\/div>\n<\/div>\n<\/div>\n<\/div>\n<\/div>\n<\/div>\n<\/div>\n<\/div>\n<\/div>\n<\/div>\n<\/div>\n<\/div>\n<\/div>\n<\/div>\n<\/div>\n<\/div>\n<\/div>\n<\/div>\n<\/div>\n<\/div>\n<\/div>\n<\/div>\n<\/div>\n<\/div>\n<\/div>\n<\/div>\n<\/div>\n<\/div>\n<\/div>\n<\/div>\n<\/div>\n<\/div>\n<\/div>\n<\/div>\n<\/div>\n<\/div>\n<\/div>\n<\/div>\n<\/div>\n<\/div>\n<\/div>\n<div>\n<div class=\"page-title-head hgroup\">\n<div class=\"page-title-head hgroup\">\n<div class=\"page-title-head hgroup\">\n<div class=\"page-title-head hgroup\">\n<div class=\"b654a4as d2edcug0\">\n<div class=\"page-title-head hgroup\">\n<div class=\"page-title-head hgroup\">\n<div class=\"page-title-head hgroup\">\n<div class=\"page-title-head hgroup\">\n<div class=\"b654a4as d2edcug0\">\n<div class=\"page-title-head hgroup\">\n<div class=\"page-title-head hgroup\">\n<div class=\"page-title-head hgroup\">\n<div class=\"page-title-head hgroup\">\n<div class=\"page-title-head hgroup\">\n<div class=\"mkdf-post-text\">\n<div class=\"mkdf-post-text-inner\">\n<div class=\"mkdf-post-text-main\">\n<div class=\"mkdf-post-text\">\n<div class=\"mkdf-post-text-inner\">\n<div class=\"mkdf-post-text-main\">\n<div class=\"mkdf-post-text\">\n<div class=\"mkdf-post-text-inner\">\n<div class=\"mkdf-post-text-main\">\n<div class=\"page-title-head hgroup\">\n<div class=\"page-title-head hgroup\">\n<div class=\"mkdf-post-text\">\n<div class=\"mkdf-post-text-inner\">\n<div class=\"mkdf-post-text-main\">\n<div class=\"mkdf-post-text\">\n<div class=\"mkdf-post-text-inner\">\n<div class=\"mkdf-post-text-main\">\n<div>\n<div class=\"page-title-head hgroup\">\n<div class=\"page-title-head hgroup\">\n<div>\n<div class=\"page-title-head hgroup\">\n<div class=\"page-title-head hgroup\">\n<div class=\"b654a4as d2edcug0\">\n<div>\n<div class=\"page-title-head hgroup\" style=\"text-align: left;\">\n<div class=\"page-title-head hgroup\">\n<div dir=\"auto\">\n<p><a class=\"dt-pswp-item pspw-wrap-ready\" href=\"https:\/\/i0.wp.com\/www.radiopiu.net\/wordpress\/wp-content\/uploads\/2018\/09\/WhatsApp-Image-2018-09-20-at-16.04.06.jpeg?ssl=1\" data-dt-img-description=\"\" data-large_image_width=\"800\" data-large_image_height=\"100\"><img loading=\"lazy\" decoding=\"async\" class=\"aligncenter wp-image-61378 size-full jetpack-lazy-image jetpack-lazy-image--handled\" src=\"https:\/\/i0.wp.com\/www.radiopiu.net\/wordpress\/wp-content\/uploads\/2018\/09\/WhatsApp-Image-2018-09-20-at-16.04.06.jpeg?resize=800%2C100&amp;ssl=1\" sizes=\"auto, (max-width: 800px) 100vw, 800px\" srcset=\"https:\/\/i0.wp.com\/www.radiopiu.net\/wordpress\/wp-content\/uploads\/2018\/09\/WhatsApp-Image-2018-09-20-at-16.04.06.jpeg?w=800&amp;ssl=1 800w, https:\/\/i0.wp.com\/www.radiopiu.net\/wordpress\/wp-content\/uploads\/2018\/09\/WhatsApp-Image-2018-09-20-at-16.04.06.jpeg?resize=300%2C38&amp;ssl=1 300w, https:\/\/i0.wp.com\/www.radiopiu.net\/wordpress\/wp-content\/uploads\/2018\/09\/WhatsApp-Image-2018-09-20-at-16.04.06.jpeg?resize=768%2C96&amp;ssl=1 768w\" alt=\"\" width=\"800\" height=\"100\" data-lazy-loaded=\"1\" \/><\/a><\/p>\n<\/div>\n<\/div>\n<\/div>\n<\/div>\n<\/div>\n<\/div>\n<\/div>\n<\/div>\n<\/div>\n<\/div>\n<\/div>\n<\/div>\n<\/div>\n<\/div>\n<\/div>\n<\/div>\n<\/div>\n<\/div>\n<\/div>\n<\/div>\n<\/div>\n<\/div>\n<\/div>\n<\/div>\n<\/div>\n<\/div>\n<\/div>\n<\/div>\n<\/div>\n<\/div>\n<\/div>\n<\/div>\n<\/div>\n<\/div>\n<\/div>\n<\/div>\n<\/div>\n<\/div>\n<\/div>\n<\/div>\n<\/div>\n<\/div>\n<\/div>\n<\/div>\n<p>&nbsp;<\/p>\n<\/div>\n<\/div>\n<\/div>\n<\/div>\n<\/div>\n<\/div>\n<\/div>\n<\/div>\n<\/div>\n<\/div>\n<p><center><b>Sabato 30<\/b><\/center><b>Tempo atteso: <\/b>Tempo ancora buono con sole, aria tersa, ottima visibilit\u00e0 e cielo in prevalenza sereno o poco nuvoloso per la temporanea presenza di nubi alte al primo mattino e soprattutto da met\u00e0 pomeriggio in poi quando le stesse saranno pi\u00f9 estese. Intensificazione della copertura nuvolosa alla sera. Nelle conche prealpine minore insidia nebbie nelle ore pi\u00f9 fredde. Contesto pi\u00f9 fresco in giornata, specie in quota per maggiore ventilazione.<br \/>\n<b>Precipitazioni: <\/b>Assenti (0%), salvo due gocce in tarda serata (10%).<br \/>\n<b>Temperature: <\/b>In generale leggera flessione rispetto a venerd\u00ec. Sono previste punte di 12\/13\u00b0C nei fondovalle prealpini e di 9\/11\u00b0C a 1000\/1200 m, un po&#8217; meno alle stesse quote nelle valli maggiormente in ombra. Su Prealpi a 1500 m min 4\u00b0C max 7\u00b0C, a 2000 m min 2\u00b0C max 5\u00b0C. Su Dolomiti a 2000 m min 1\u00b0C max 6\u00b0C, a 3000 m min -2\u00b0C max -1\u00b0C.<br \/>\n<b>Venti: <\/b>Nelle valli perlopi\u00f9 deboli per brezze, localmente e a tratti moderati nei settori solitamente pi\u00f9 ventilati; in quota moderati\/tesi da sud-ovest, a tratti forti sulle cime pi\u00f9 alte, a 5-20 km\/h a 2000 m e 35-45 km\/h a 3000 m.<\/p>\n<hr \/>\n<p><center><b>Domenica 31<\/b><\/center><b>Tempo atteso: <\/b>Nottetempo cielo coperto con qualche pioviggina. Al mattino nubi alte e tratti soleggiati, pi\u00f9 duraturi sulle Dolomiti. Nel corso del pomeriggio aumento della nuvolosit\u00e0 stratiforme alta, ma il sole filtrer\u00e0 in parte, prima di un&#8217;ulteriore intensificazione della copertura nuvolosa in serata. Riduzione dell&#8217;escursione termica giornaliera con notte meno fresca e contesto termico diurna meno mite.<br \/>\n<b>Precipitazioni: <\/b>Durante la notte qualche goccia (20\/30%) sar\u00e0 possibile, con qualche fiocco di neve sopra i 2600\/2700 m. In giornata assenti (0%).<br \/>\n<b>Temperature: <\/b>Minime in aumento e massime in lieve calo. Sono previste punte di 11\/12\u00b0C nei fondovalle prealpini e di 8\/10\u00b0C a 1000\/1200 m. Su Prealpi a 1500 m min 4\u00b0C max 6\u00b0C, a 2000 m min 3\u00b0C max 4\u00b0C. Su Dolomiti a 2000 m min 2\u00b0C max 4\u00b0C, a 3000 m min -1\u00b0C max 0\u00b0C.<br \/>\n<b>Venti: <\/b>Nelle valli perlopi\u00f9 deboli di direzione variabile; in quota moderati\/tesi da sud-ovest, come lo saranno anche sulle dorsali prealpine, a 15-25 km\/h a 2000 m e 25-35 km\/h a 3000 m.<\/p>\n<hr \/>\n<p><center><b>Lunedi 1<\/b><\/center>Peggioramento al mattino con cielo coperto, associato a piogge in estensione e perlopi\u00f9 deboli; al pomeriggio\/sera maltempo con diffuse e moderate precipitazioni, a tratti forti. Il limite neve sar\u00e0 sui 2400\/2500 m fino a inizio serata, poi si abbasser\u00e0 fino a toccare i 1400-1500 m sulle Dolomiti, anche pi\u00f9 in basso nelle valli pi\u00f9 chiuse, e sui 2000 m sulle Prealpi a fine episodio. Temperature in calo, pi\u00f9 netto per le minime che saranno osservate alla sera (a 3000 m -1\u00b0C al primo mattino e -7\u00b0C in tarda serata). Venti moderati\/tesi dai quadranti meridionali, anche forti oltre i 2500 m e sulle dorsali prealpine; perlopi\u00f9 deboli di direzione variabile nelle valli.<\/p>\n<hr \/>\n<p><center><b>Martedi 2<\/b><\/center>Al mattino sole, cielo terso ed ottima visibilit\u00e0 su gran parte della montagna veneta, eccetto eventuali nubi basse mattutine in alcune conche prealpine. Al pomeriggio sopraggiungeranno sottili nubi alte in graduale estensione entro la sera. Temperature minime in calo, massime in ripresa nelle valli e in diminuzione sulle cime pi\u00f9 alte. Nelle valli venti deboli di direzione variabile; in quota moderati da ovest-nord ovest al mattino, poi sud-ovest. Previsore: R.L.Th.<\/p>\n<p>&nbsp;<\/p>\n<hr \/>\n<p>&nbsp;<\/p>\n<div class=\"mkdf-post-text\">\n<div class=\"mkdf-post-text-inner\">\n<p><a href=\"https:\/\/www.radiopiu.net\/wordpress\/giornale-radiopiu-15-settembre-2018-direttore-mirko-mezzacasa\/sport-7\/\" rel=\"attachment wp-att-60761\"><img loading=\"lazy\" decoding=\"async\" class=\"wp-image-60761 size-full aligncenter\" src=\"https:\/\/www.radiopiu.net\/wordpress\/wp-content\/uploads\/2018\/09\/sport.jpg\" alt=\"\" width=\"800\" height=\"100\" srcset=\"https:\/\/www.radiopiu.net\/wordpress\/wp-content\/uploads\/2018\/09\/sport.jpg 800w, https:\/\/www.radiopiu.net\/wordpress\/wp-content\/uploads\/2018\/09\/sport-300x38.jpg 300w, https:\/\/www.radiopiu.net\/wordpress\/wp-content\/uploads\/2018\/09\/sport-768x96.jpg 768w\" sizes=\"auto, (max-width: 800px) 100vw, 800px\" \/><\/a><\/p>\n<\/div>\n<\/div>\n<p>&nbsp;<\/p>\n<p>&nbsp;<\/p>\n<blockquote>\n<h3>RADIO PIU&#8217; ALLO STADIO<br \/>\n<a href=\"https:\/\/www.radiopiu.net\/wordpress\/giornale-radiopiu-30-ottobre-2021-direttore-mirko-mezzacasa\/f49eae98-4c37-489e-95a7-a7b406b995c4\/\" rel=\"attachment wp-att-239931\"><img loading=\"lazy\" decoding=\"async\" class=\"alignnone size-medium wp-image-239931\" src=\"https:\/\/www.radiopiu.net\/wordpress\/wp-content\/uploads\/2021\/10\/f49eae98-4c37-489e-95a7-a7b406b995c4-300x225.jpg\" alt=\"\" width=\"300\" height=\"225\" srcset=\"https:\/\/www.radiopiu.net\/wordpress\/wp-content\/uploads\/2021\/10\/f49eae98-4c37-489e-95a7-a7b406b995c4-300x225.jpg 300w, https:\/\/www.radiopiu.net\/wordpress\/wp-content\/uploads\/2021\/10\/f49eae98-4c37-489e-95a7-a7b406b995c4-768x576.jpg 768w, https:\/\/www.radiopiu.net\/wordpress\/wp-content\/uploads\/2021\/10\/f49eae98-4c37-489e-95a7-a7b406b995c4.jpg 1024w\" sizes=\"auto, (max-width: 300px) 100vw, 300px\" \/><\/a><\/h3>\n<\/blockquote>\n<p>&nbsp;<\/p>\n<p>&nbsp;<\/p>\n<blockquote>\n<h3>DOMENICA DI RIPOSO PER AGORDINA E KERALPEN<\/h3>\n<\/blockquote>\n<p><strong><a href=\"https:\/\/www.radiopiu.net\/wordpress\/campionato-agordino-di-calcio-annullata-ledizione-2020\/calcio-2020\/\" rel=\"attachment wp-att-135669\"><img loading=\"lazy\" decoding=\"async\" class=\"size-medium wp-image-135669 alignleft\" src=\"https:\/\/www.radiopiu.net\/wordpress\/wp-content\/uploads\/2020\/05\/CALCIO-2020-300x165.jpg\" alt=\"\" width=\"300\" height=\"165\" srcset=\"https:\/\/www.radiopiu.net\/wordpress\/wp-content\/uploads\/2020\/05\/CALCIO-2020-300x165.jpg 300w, https:\/\/www.radiopiu.net\/wordpress\/wp-content\/uploads\/2020\/05\/CALCIO-2020-1024x565.jpg 1024w, https:\/\/www.radiopiu.net\/wordpress\/wp-content\/uploads\/2020\/05\/CALCIO-2020-768x424.jpg 768w, https:\/\/www.radiopiu.net\/wordpress\/wp-content\/uploads\/2020\/05\/CALCIO-2020-1536x847.jpg 1536w, https:\/\/www.radiopiu.net\/wordpress\/wp-content\/uploads\/2020\/05\/CALCIO-2020.jpg 1920w\" sizes=\"auto, (max-width: 300px) 100vw, 300px\" \/><\/a><\/strong><strong>AGORDO<\/strong> In occasione della festivit\u00e0 del 1 novembre, i campionati FIGC regionali si fermano per una domenica. Niente calcio questo fine settimana, se ne riparler\u00e0 tra una settimana. In campo ci saranno solo gli allievi provinciali di De Bastiani che oggi alle 15:30 scenderanno in terra feltrina per giocare contro la Juventina Mugnai. Non scenderanno in campo le prime squadre di Agordina e Keralpen. La squadra bellunese femminile ha incamerato i primi 3 punti nell&#8217;ultima partita contro il Vittorio Veneto. Intanto la prima squadra dell&#8217;Agordina allenata da Lorenzi sta macinando punti importanti e dopo 6 giornate si trova al quarto posto con 11 punti. Si pu\u00f2 dire che un terzo dell&#8217;obbiettivo stagionale \u00e8 stato raggiunto visto che la formazione di Agordo si \u00e8 posta la salvezza come prerogativa. Una salvezza che con una trentina di punti dovrebbe essere sicura.<\/p>\n<p><strong>STEFANO FAVERO, GIOCATORE DELL&#8217;AGORDINA<\/strong><\/p>\n<p>&nbsp;<\/p>\n<hr \/>\n<p>&nbsp;<\/p>\n<blockquote>\n<h3>TRASFERTA A COMO PER L&#8217;ALLEGHE HOCKEY<\/h3>\n<\/blockquote>\n<p><strong><a href=\"https:\/\/www.radiopiu.net\/wordpress\/il-calendario-ufficiale-dellitalian-hockey-league\/logo-alleghe-hockey\/\" rel=\"attachment wp-att-95699\"><img loading=\"lazy\" decoding=\"async\" class=\"size-medium wp-image-95699 alignleft\" src=\"https:\/\/www.radiopiu.net\/wordpress\/wp-content\/uploads\/2019\/08\/logo-alleghe-hockey-300x281.png\" alt=\"\" width=\"300\" height=\"281\" srcset=\"https:\/\/www.radiopiu.net\/wordpress\/wp-content\/uploads\/2019\/08\/logo-alleghe-hockey-300x281.png 300w, https:\/\/www.radiopiu.net\/wordpress\/wp-content\/uploads\/2019\/08\/logo-alleghe-hockey.png 547w\" sizes=\"auto, (max-width: 300px) 100vw, 300px\" \/><\/a>ALLEGHE <\/strong>Settima giornata del campionato di Italian Hockey League. Domenica 31 ottobre alle ore 18:45 l&#8217;Alleghe gioca in trasferta contro il Como. <strong>ALLEGHE<\/strong>: ancora una trasferta lombarda per l\u2019Alleghe, che dopo quella vittoriosa con il Varese fa visita al Como. Nell\u2019ultimo incontro di sabato al \u201cDe Toni\u201d i Biancorossi hanno battuto 3-2 all\u2019over-time i campioni in carica del Caldaro, inanellando cos\u00ec la terza vittoria consecutiva dopo quelle con Valdifiemme e Varese. Contro i Lucci di Caldaro, i ragazzi di coach Fontana, hanno sfoderato ancora una bella prova di carattere riuscendo a ribaltare l\u2019immeritato svantaggio iniziale, con le reti di Mirko Giolai e dello svedese Joshua Berger, prima di subire il pareggio ospite nel terzo periodo che ha portato la contesa al supplementare, poi vinto grazie al golden gol di Edgar De Toni. Contro i lariani servir\u00e0 ancora una prestazione di squadra, come i nostri ragazzi hanno dimostrato di saper fare, per giocarsela al meglio contro un Como con il morale a mille dopo i 6 punti conquistati nelle ultime due gare, avendo espresso un buon gioco, registrato la difesa e non sottovalutando che tra le mura amiche i biancobl\u00f9 sono un difficile cliente da affrontare. Per la trasferta lombarda in dubbio le presenze di Marco Lorenzini, Thomas De Silvestro ed Erwin Martini, dubbi che verranno sciolti da mister Fontana solo dopo l&#8217;ultimo allenamento. <strong>COMO<\/strong>: la squadra lariana arriva allo scontro con le Civette dopo due vittorie, in casa con il Bressanone ed in trasferta ad Appiano. Nell\u2019ultima gara vinta 2-1 contro i Pirati il Como ha capitalizzato al meglio le due reti segnate, costruendo la propria vittoria sulla grande serata di grazia del proprio portiere Federico Tesini, che ha fatto registrare oltre il 96% di parate. Da tenere d\u2019occhio nell\u2019attacco biancobl\u00f9 il giovane Lorenzo Vola, classe 2001, in grande forma e autore di quattro reti ed un assist nelle prime sei gare disputate, senza dimenticare anche il temibile messicano Hector Majul, tornato da poco in riva al Lario. Da questa stagione, sul pancone comasco, siede l\u2019ampezzano Massimo Da Rin, navigato ex coach tra le altre di Valpellice, Milano e Varese. <strong>STATISTICHE<\/strong>: dalla stagione 2013\/2014, da quando Alleghe e Como si affrontano nel campionato di serie B di hockey su ghiaccio (IHL), le Civette hanno incrociato le stecche con i Lariani 22 volte. Il bilancio generale conta 16 successi alleghesi e 6 comaschi. Considerando solo le gare disputate in Lombardia, il bilancio \u00e8 di 7 vittorie biancorosse e 4 biancobl\u00f9. Nell\u2019ultimo incrocio in riva al Lario, datato 1\u00b0 febbraio 2020, si sono imposte le Civette 4-1. L&#8217;ultima vittoria dei padroni di casa invece \u00e8 il 7-3 del 30 novembre 2019. Conteggiando le reti totali tra le due squadre l\u2019Alleghe ha segnato 92 marcature contro le 62 del Como.<\/p>\n<p><strong>Hockey COMO &#8211; ALLEGHE Hockey<\/strong><br \/>\nDomenica 31 ottobre ore 18:45 \u2013 Centro sportivo Casate di Como Arbitri: Massimo De Col e Jeremy Bassani con giudici di linea Andrea Rivis e Federico Rivis<br \/>\nCollegamenti in DIRETTA RADIOFONICA su Radio Pi\u00f9 (www.radiopiu.net) con \u201cHockey al punto giusto\u201d in studio Marco Gaz e da Como radiocronaca di Roberto Miana (Per la concomitanza di eventi verr\u00e0 trasmessa la diretta del secondo e terzo tempo della partita)<\/p>\n<p>&nbsp;<\/p>\n<hr \/>\n<p>&nbsp;<\/p>\n<blockquote>\n<h2>DOMANI\u00a0 E LUNEDI&#8217; SPAZIO AI GIOVANI HOCKEISTI CON L&#8217;ALLEGHE TOURNAMENT<\/h2>\n<\/blockquote>\n<p><strong><a href=\"https:\/\/www.radiopiu.net\/wordpress\/giornale-radiopiu-22-marzo-2021-direttore-mirko-mezzacasa\/hockey-giovanile\/\" rel=\"attachment wp-att-198307\"><img loading=\"lazy\" decoding=\"async\" class=\"size-medium wp-image-198307 alignleft\" src=\"https:\/\/www.radiopiu.net\/wordpress\/wp-content\/uploads\/2021\/03\/hockey-giovanile-300x227.jpg\" alt=\"\" width=\"300\" height=\"227\" srcset=\"https:\/\/www.radiopiu.net\/wordpress\/wp-content\/uploads\/2021\/03\/hockey-giovanile-300x227.jpg 300w, https:\/\/www.radiopiu.net\/wordpress\/wp-content\/uploads\/2021\/03\/hockey-giovanile-1024x774.jpg 1024w, https:\/\/www.radiopiu.net\/wordpress\/wp-content\/uploads\/2021\/03\/hockey-giovanile-768x581.jpg 768w, https:\/\/www.radiopiu.net\/wordpress\/wp-content\/uploads\/2021\/03\/hockey-giovanile.jpg 1280w\" sizes=\"auto, (max-width: 300px) 100vw, 300px\" \/><\/a>di Marco Gaz<\/strong><\/p>\n<p>Ospiti: Alberto Fontanive e Matthias Levis<\/p>\n<audio class=\"wp-audio-shortcode\" id=\"audio-239684-21\" preload=\"none\" style=\"width: 100%;\" controls=\"controls\"><source type=\"audio\/mpeg\" src=\"https:\/\/www.radiopiu.net\/wordpress\/wp-content\/uploads\/2021\/10\/INTERVISTA-ALLEGHE-TOURNAMENT.mp3?_=21\" \/><a href=\"https:\/\/www.radiopiu.net\/wordpress\/wp-content\/uploads\/2021\/10\/INTERVISTA-ALLEGHE-TOURNAMENT.mp3\">https:\/\/www.radiopiu.net\/wordpress\/wp-content\/uploads\/2021\/10\/INTERVISTA-ALLEGHE-TOURNAMENT.mp3<\/a><\/audio>\n<p>&nbsp;<\/p>\n<p>&nbsp;<\/p>\n<hr \/>\n<p>&nbsp;<\/p>\n<blockquote>\n<h3>PER IL VOLLEY IN CAMPO NEL FINE SETTIMANA LA DA ROLD LOGISTIC E LE LUPE<\/h3>\n<\/blockquote>\n<p><strong><a href=\"https:\/\/www.radiopiu.net\/wordpress\/giornale-radiopiu-30-ottobre-2021-direttore-mirko-mezzacasa\/da_rold_logistics_vs_geetit\/\" rel=\"attachment wp-att-239748\"><img loading=\"lazy\" decoding=\"async\" class=\"size-medium wp-image-239748 alignleft\" src=\"https:\/\/www.radiopiu.net\/wordpress\/wp-content\/uploads\/2021\/10\/Da_Rold_Logistics_vs_Geetit-300x200.jpg\" alt=\"\" width=\"300\" height=\"200\" srcset=\"https:\/\/www.radiopiu.net\/wordpress\/wp-content\/uploads\/2021\/10\/Da_Rold_Logistics_vs_Geetit-300x200.jpg 300w, https:\/\/www.radiopiu.net\/wordpress\/wp-content\/uploads\/2021\/10\/Da_Rold_Logistics_vs_Geetit-1024x683.jpg 1024w, https:\/\/www.radiopiu.net\/wordpress\/wp-content\/uploads\/2021\/10\/Da_Rold_Logistics_vs_Geetit-768x512.jpg 768w, https:\/\/www.radiopiu.net\/wordpress\/wp-content\/uploads\/2021\/10\/Da_Rold_Logistics_vs_Geetit-1536x1024.jpg 1536w, https:\/\/www.radiopiu.net\/wordpress\/wp-content\/uploads\/2021\/10\/Da_Rold_Logistics_vs_Geetit-2048x1366.jpg 2048w\" sizes=\"auto, (max-width: 300px) 100vw, 300px\" \/><\/a>BELLUNO<\/strong> Dopo due trasferte consecutive, a Macerata e a San Lazzaro di Savena, la Da Rold Logistics Belluno torna a casa: alla Spes Arena, dove stasera, in anticipo, affronter\u00e0 la Vigilar Fano. Prima battuta alle ore 20.30. Siamo solo alla terza giornata del campionato di Serie A3 Credem Banca e parlare di sfida salvezza \u00e8 di certo prematuro e forse eccessivo. Ma la posta in palio ha gi\u00e0 un peso considerevole. Perch\u00e9, in questo momento, i rinoceronti e i marchigiani condividono l\u2019ultima piazza in graduatoria a quota 1. E non hanno ancora ottenuto una vittoria. Per entrambe, quindi, la priorit\u00e0 \u00e8 semplice: sbloccarsi. Dopo un turno di riposo, la Pallavolo Belluno si rimette in marcia nel campionato femminile di serie B2. E viaggia ancora una volta in direzione Friuli Venezia Giulia: da San Giovanni al Natisone, dove le atlete di Dario Pavei hanno ceduto solo al tie-break con l\u2019Estvolley, si passa a Chions.L\u2019appuntamento \u00e8 per stasera, alle 20.30.<\/p>\n<p>&nbsp;<\/p>\n<p>&nbsp;<\/p>\n<hr \/>\n<p>&nbsp;<\/p>\n<\/div>\n<\/div>\n<\/div>\n<\/div>\n<\/div>\n<\/div>\n<\/div>\n<\/div>\n<\/div>\n<\/div>\n<\/div>\n<\/div>\n<\/div>\n<\/div>\n<\/div>\n<\/div>\n<\/div>\n<\/div>\n<\/div>\n<\/div>\n<\/div>\n<\/div>\n<\/div>\n<\/div>\n<\/div>\n<\/div>\n<\/div>\n<\/div>\n<\/div>\n<\/div>\n<\/div>\n<\/div>\n<\/div>\n<\/div>\n<\/div>\n<\/div>\n<\/div>\n<\/div>\n<\/div>\n<\/div>\n<\/div>\n<\/div>\n<\/div>\n<\/div>\n<\/div>\n<\/div>\n<\/div>\n<\/div>\n<\/div>\n<\/div>\n<\/div>\n<\/div>\n<\/div>\n<\/div>\n<\/div>\n<\/div>\n<\/div>\n<\/div>\n<\/div>\n<\/div>\n<\/div>\n","protected":false},"excerpt":{"rendered":"<p>INFORMAZIONE il canale su TELEGRAM informazione di prima mano e in tempo reale. iscriviti ed aiutaci a farlo conoscere\u00a0 \u00a0 &nbsp; &nbsp; ANCHE IERI SERA LUNGO LA 203 AGORDINA AUTO DISTRUTTA E POSSENTE CERVO MORTO, L&#8217;INCIDENTE POCO OLTRE LA LOCALITA&#8217; LE CAMPE DIFRONTE ALL&#8217;EX VILLAGGIO DI VALLE IMPERINA, POCO DOPO LA GALLERIA ARTIFICIALE DI PONTE&hellip;<\/p>\n","protected":false},"author":4,"featured_media":239781,"comment_status":"closed","ping_status":"open","sticky":false,"template":"","format":"standard","meta":{"_monsterinsights_skip_tracking":false,"_monsterinsights_sitenote_active":false,"_monsterinsights_sitenote_note":"","_monsterinsights_sitenote_category":0,"footnotes":""},"categories":[86,49],"tags":[],"class_list":["post-239684","post","type-post","status-publish","format-standard","has-post-thumbnail","hentry","category-gr","category-news-18","category-86","category-49","description-off"],"img_url":"https:\/\/www.radiopiu.net\/wordpress\/wp-content\/uploads\/2021\/10\/2902b441-db47-4439-861d-66ffe113c7a3.jpg","_links":{"self":[{"href":"https:\/\/www.radiopiu.net\/wordpress\/wp-json\/wp\/v2\/posts\/239684","targetHints":{"allow":["GET"]}}],"collection":[{"href":"https:\/\/www.radiopiu.net\/wordpress\/wp-json\/wp\/v2\/posts"}],"about":[{"href":"https:\/\/www.radiopiu.net\/wordpress\/wp-json\/wp\/v2\/types\/post"}],"author":[{"embeddable":true,"href":"https:\/\/www.radiopiu.net\/wordpress\/wp-json\/wp\/v2\/users\/4"}],"replies":[{"embeddable":true,"href":"https:\/\/www.radiopiu.net\/wordpress\/wp-json\/wp\/v2\/comments?post=239684"}],"version-history":[{"count":0,"href":"https:\/\/www.radiopiu.net\/wordpress\/wp-json\/wp\/v2\/posts\/239684\/revisions"}],"wp:featuredmedia":[{"embeddable":true,"href":"https:\/\/www.radiopiu.net\/wordpress\/wp-json\/wp\/v2\/media\/239781"}],"wp:attachment":[{"href":"https:\/\/www.radiopiu.net\/wordpress\/wp-json\/wp\/v2\/media?parent=239684"}],"wp:term":[{"taxonomy":"category","embeddable":true,"href":"https:\/\/www.radiopiu.net\/wordpress\/wp-json\/wp\/v2\/categories?post=239684"},{"taxonomy":"post_tag","embeddable":true,"href":"https:\/\/www.radiopiu.net\/wordpress\/wp-json\/wp\/v2\/tags?post=239684"}],"curies":[{"name":"wp","href":"https:\/\/api.w.org\/{rel}","templated":true}]}}